{"id":27277,"date":"2023-01-11T16:25:57","date_gmt":"2023-01-11T15:25:57","guid":{"rendered":"https:\/\/marekkuchcinski.pl\/?p=27277"},"modified":"2023-01-11T16:34:23","modified_gmt":"2023-01-11T15:34:23","slug":"ponad-pol-miliarda-zlotych-dla-podkarpacia-w-ramach-rzadowego-funduszu-inwestycji-lokalnych","status":"publish","type":"post","link":"https:\/\/marekkuchcinski.pl\/cs\/wydarzenia\/ponad-pol-miliarda-zlotych-dla-podkarpacia-w-ramach-rzadowego-funduszu-inwestycji-lokalnych\/","title":{"rendered":"V\u00edce ne\u017e p\u016fl miliardy zlot\u00fdch pro Podkarpacie v r\u00e1mci vl\u00e1dn\u00edho m\u00edstn\u00edho investi\u010dn\u00edho fondu"},"content":{"rendered":"<p>Vl\u00e1dn\u00ed m\u00edstn\u00ed investi\u010dn\u00ed fond znamen\u00e1 investice bl\u00edzk\u00e9 lidem. Jedn\u00e1 se o rekonstrukci komunikace, opravu chodn\u00edku, dovybaven\u00ed, modernizaci nemocnice, v\u00fdstavbu jesl\u00ed, spole\u010densk\u00e9 m\u00edstnosti, rekonstrukci knihovny, tepelnou modernizaci, parkovi\u0161t\u011b, pam\u00e1tkov\u00e9 \u00fastavy a t\u011blocvi\u010dny.<\/p>\n\n\n\n<p>M\u00edstn\u00ed investice jsou impulsem pro rozvoj cel\u00e9 zem\u011b. Pou\u017eijte vyhled\u00e1va\u010d a pod\u00edvejte se, jak se va\u0161e \u010dtvr\u0165 m\u011bn\u00ed d\u00edky st\u00e1tn\u00edm dotac\u00edm.<\/p>\n\n\n\n<p>M\u00edstn\u00ed vl\u00e1dn\u00ed investi\u010dn\u00ed fond (RFIL) je program, v jeho\u017e r\u00e1mci vl\u00e1dn\u00ed prost\u0159edky jdou do obc\u00ed, obc\u00ed a m\u011bst v cel\u00e9m Polsku. Podpora je nevratn\u00e1 a poch\u00e1z\u00ed z Fondu prevence COVID-19.<br>V Podkarpat\u00ed vyplatila m\u00edstn\u00edm vl\u00e1dn\u00edm jednotk\u00e1m 530 440 909 PLN a celkem p\u0159es 13 miliard PLN.<\/p>","protected":false},"excerpt":{"rendered":"<p>Rz\u0105dowy Fundusz Inwestycji Lokalnych to inwestycje bliskie ludziom. To przebudowa drogi, naprawa chodnika, doposa\u017cenie, modernizacja szpitala, budowa \u017c\u0142obka, \u015bwietlicy, remont biblioteki, termomodernizacje, parkingi, centra dziedzictwa, sal gimnastycznych. Lokalne inwestycje s\u0105 impulsem do rozwoju ca\u0142ego kraju. Skorzystaj z wyszukiwarki i zobacz, jak zmienia si\u0119 Twoja najbli\u017csza okolica dzi\u0119ki rz\u0105dowym dotacjom. Rz\u0105dowy Fundusz Inwestycji Lokalnych (RFIL) to [&hellip;]<\/p>","protected":false},"author":21,"featured_media":27280,"comment_status":"open","ping_status":"open","sticky":false,"template":"","format":"standard","meta":{"ngg_post_thumbnail":0,"footnotes":""},"categories":[3],"tags":[],"class_list":["post-27277","post","type-post","status-publish","format-standard","has-post-thumbnail","hentry","category-wydarzenia"],"yoast_head":"<!-- This site is optimized with the Yoast SEO plugin v24.7 - https:\/\/yoast.com\/wordpress\/plugins\/seo\/ -->\n<title>Ponad p\u00f3\u0142 miliarda z\u0142otych dla Podkarpacia w ramach Rz\u0105dowego Funduszu Inwestycji Lokalnych &#8211; Marek Kuchci\u0144ski<\/title>\n<meta name=\"robots\" content=\"index, follow, max-snippet:-1, max-image-preview:large, max-video-preview:-1\" \/>\n<link rel=\"canonical\" href=\"https:\/\/marekkuchcinski.pl\/cs\/wydarzenia\/ponad-pol-miliarda-zlotych-dla-podkarpacia-w-ramach-rzadowego-funduszu-inwestycji-lokalnych\/\" \/>\n<meta property=\"og:locale\" content=\"cs_CZ\" \/>\n<meta property=\"og:type\" content=\"article\" \/>\n<meta property=\"og:title\" content=\"Ponad p\u00f3\u0142 miliarda z\u0142otych dla Podkarpacia w ramach Rz\u0105dowego Funduszu Inwestycji Lokalnych &#8211; Marek Kuchci\u0144ski\" \/>\n<meta property=\"og:description\" content=\"Rz\u0105dowy Fundusz Inwestycji Lokalnych to inwestycje bliskie ludziom. To przebudowa drogi, naprawa chodnika, doposa\u017cenie, modernizacja szpitala, budowa \u017c\u0142obka, \u015bwietlicy, remont biblioteki, termomodernizacje, parkingi, centra dziedzictwa, sal gimnastycznych. Lokalne inwestycje s\u0105 impulsem do rozwoju ca\u0142ego kraju. Skorzystaj z wyszukiwarki i zobacz, jak zmienia si\u0119 Twoja najbli\u017csza okolica dzi\u0119ki rz\u0105dowym dotacjom. Rz\u0105dowy Fundusz Inwestycji Lokalnych (RFIL) to [&hellip;]\" \/>\n<meta property=\"og:url\" content=\"https:\/\/marekkuchcinski.pl\/cs\/wydarzenia\/ponad-pol-miliarda-zlotych-dla-podkarpacia-w-ramach-rzadowego-funduszu-inwestycji-lokalnych\/\" \/>\n<meta property=\"og:site_name\" content=\"Marek Kuchci\u0144ski\" \/>\n<meta property=\"article:published_time\" content=\"2023-01-11T15:25:57+00:00\" \/>\n<meta property=\"article:modified_time\" content=\"2023-01-11T15:34:23+00:00\" \/>\n<meta property=\"og:image\" content=\"https:\/\/marekkuchcinski.pl\/wp-content\/uploads\/2023\/01\/fil.jpg\" \/>\n\t<meta property=\"og:image:width\" content=\"1600\" \/>\n\t<meta property=\"og:image:height\" content=\"1106\" \/>\n\t<meta property=\"og:image:type\" content=\"image\/jpeg\" \/>\n<meta name=\"author\" content=\"Marta Olejnik\" \/>\n<meta name=\"twitter:card\" content=\"summary_large_image\" \/>\n<meta name=\"twitter:label1\" content=\"Napsal(a)\" \/>\n\t<meta name=\"twitter:data1\" content=\"Marta Olejnik\" \/>\n\t<meta name=\"twitter:label2\" content=\"Odhadovan\u00e1 doba \u010dten\u00ed\" \/>\n\t<meta name=\"twitter:data2\" content=\"1 minuta\" \/>\n<script type=\"application\/ld+json\" class=\"yoast-schema-graph\">{\"@context\":\"https:\/\/schema.org\",\"@graph\":[{\"@type\":\"Article\",\"@id\":\"https:\/\/marekkuchcinski.pl\/wydarzenia\/ponad-pol-miliarda-zlotych-dla-podkarpacia-w-ramach-rzadowego-funduszu-inwestycji-lokalnych\/#article\",\"isPartOf\":{\"@id\":\"https:\/\/marekkuchcinski.pl\/wydarzenia\/ponad-pol-miliarda-zlotych-dla-podkarpacia-w-ramach-rzadowego-funduszu-inwestycji-lokalnych\/\"},\"author\":{\"name\":\"Marta Olejnik\",\"@id\":\"https:\/\/marekkuchcinski.pl\/#\/schema\/person\/51d5d4ee3b5317b8e4dd2b48af359229\"},\"headline\":\"Ponad p\u00f3\u0142 miliarda z\u0142otych dla Podkarpacia w ramach Rz\u0105dowego Funduszu Inwestycji Lokalnych\",\"datePublished\":\"2023-01-11T15:25:57+00:00\",\"dateModified\":\"2023-01-11T15:34:23+00:00\",\"mainEntityOfPage\":{\"@id\":\"https:\/\/marekkuchcinski.pl\/wydarzenia\/ponad-pol-miliarda-zlotych-dla-podkarpacia-w-ramach-rzadowego-funduszu-inwestycji-lokalnych\/\"},\"wordCount\":122,\"commentCount\":0,\"publisher\":{\"@id\":\"https:\/\/marekkuchcinski.pl\/#organization\"},\"image\":{\"@id\":\"https:\/\/marekkuchcinski.pl\/wydarzenia\/ponad-pol-miliarda-zlotych-dla-podkarpacia-w-ramach-rzadowego-funduszu-inwestycji-lokalnych\/#primaryimage\"},\"thumbnailUrl\":\"https:\/\/marekkuchcinski.pl\/wp-content\/uploads\/2023\/01\/fil.jpg\",\"articleSection\":[\"Wydarzenia\"],\"inLanguage\":\"cs\",\"potentialAction\":[{\"@type\":\"CommentAction\",\"name\":\"Comment\",\"target\":[\"https:\/\/marekkuchcinski.pl\/wydarzenia\/ponad-pol-miliarda-zlotych-dla-podkarpacia-w-ramach-rzadowego-funduszu-inwestycji-lokalnych\/#respond\"]}]},{\"@type\":\"WebPage\",\"@id\":\"https:\/\/marekkuchcinski.pl\/wydarzenia\/ponad-pol-miliarda-zlotych-dla-podkarpacia-w-ramach-rzadowego-funduszu-inwestycji-lokalnych\/\",\"url\":\"https:\/\/marekkuchcinski.pl\/wydarzenia\/ponad-pol-miliarda-zlotych-dla-podkarpacia-w-ramach-rzadowego-funduszu-inwestycji-lokalnych\/\",\"name\":\"Ponad p\u00f3\u0142 miliarda z\u0142otych dla Podkarpacia w ramach Rz\u0105dowego Funduszu Inwestycji Lokalnych &#8211; Marek Kuchci\u0144ski\",\"isPartOf\":{\"@id\":\"https:\/\/marekkuchcinski.pl\/#website\"},\"primaryImageOfPage\":{\"@id\":\"https:\/\/marekkuchcinski.pl\/wydarzenia\/ponad-pol-miliarda-zlotych-dla-podkarpacia-w-ramach-rzadowego-funduszu-inwestycji-lokalnych\/#primaryimage\"},\"image\":{\"@id\":\"https:\/\/marekkuchcinski.pl\/wydarzenia\/ponad-pol-miliarda-zlotych-dla-podkarpacia-w-ramach-rzadowego-funduszu-inwestycji-lokalnych\/#primaryimage\"},\"thumbnailUrl\":\"https:\/\/marekkuchcinski.pl\/wp-content\/uploads\/2023\/01\/fil.jpg\",\"datePublished\":\"2023-01-11T15:25:57+00:00\",\"dateModified\":\"2023-01-11T15:34:23+00:00\",\"breadcrumb\":{\"@id\":\"https:\/\/marekkuchcinski.pl\/wydarzenia\/ponad-pol-miliarda-zlotych-dla-podkarpacia-w-ramach-rzadowego-funduszu-inwestycji-lokalnych\/#breadcrumb\"},\"inLanguage\":\"cs\",\"potentialAction\":[{\"@type\":\"ReadAction\",\"target\":[\"https:\/\/marekkuchcinski.pl\/wydarzenia\/ponad-pol-miliarda-zlotych-dla-podkarpacia-w-ramach-rzadowego-funduszu-inwestycji-lokalnych\/\"]}]},{\"@type\":\"ImageObject\",\"inLanguage\":\"cs\",\"@id\":\"https:\/\/marekkuchcinski.pl\/wydarzenia\/ponad-pol-miliarda-zlotych-dla-podkarpacia-w-ramach-rzadowego-funduszu-inwestycji-lokalnych\/#primaryimage\",\"url\":\"https:\/\/marekkuchcinski.pl\/wp-content\/uploads\/2023\/01\/fil.jpg\",\"contentUrl\":\"https:\/\/marekkuchcinski.pl\/wp-content\/uploads\/2023\/01\/fil.jpg\",\"width\":1600,\"height\":1106},{\"@type\":\"BreadcrumbList\",\"@id\":\"https:\/\/marekkuchcinski.pl\/wydarzenia\/ponad-pol-miliarda-zlotych-dla-podkarpacia-w-ramach-rzadowego-funduszu-inwestycji-lokalnych\/#breadcrumb\",\"itemListElement\":[{\"@type\":\"ListItem\",\"position\":1,\"name\":\"Strona g\u0142\u00f3wna\",\"item\":\"https:\/\/marekkuchcinski.pl\/\"},{\"@type\":\"ListItem\",\"position\":2,\"name\":\"Ponad p\u00f3\u0142 miliarda z\u0142otych dla Podkarpacia w ramach Rz\u0105dowego Funduszu Inwestycji Lokalnych\"}]},{\"@type\":\"WebSite\",\"@id\":\"https:\/\/marekkuchcinski.pl\/#website\",\"url\":\"https:\/\/marekkuchcinski.pl\/\",\"name\":\"Marek Kuchci\u0144ski\",\"description\":\"Pose\u0142 na sejm RP &ndash; okr\u0119g nr 22\",\"publisher\":{\"@id\":\"https:\/\/marekkuchcinski.pl\/#organization\"},\"potentialAction\":[{\"@type\":\"SearchAction\",\"target\":{\"@type\":\"EntryPoint\",\"urlTemplate\":\"https:\/\/marekkuchcinski.pl\/?s={search_term_string}\"},\"query-input\":{\"@type\":\"PropertyValueSpecification\",\"valueRequired\":true,\"valueName\":\"search_term_string\"}}],\"inLanguage\":\"cs\"},{\"@type\":\"Organization\",\"@id\":\"https:\/\/marekkuchcinski.pl\/#organization\",\"name\":\"Marek Kuchci\u0144ski\",\"url\":\"https:\/\/marekkuchcinski.pl\/\",\"logo\":{\"@type\":\"ImageObject\",\"inLanguage\":\"cs\",\"@id\":\"https:\/\/marekkuchcinski.pl\/#\/schema\/logo\/image\/\",\"url\":\"https:\/\/marekkuchcinski.pl\/wp-content\/uploads\/2022\/09\/Marek.jpg\",\"contentUrl\":\"https:\/\/marekkuchcinski.pl\/wp-content\/uploads\/2022\/09\/Marek.jpg\",\"width\":1600,\"height\":971,\"caption\":\"Marek Kuchci\u0144ski\"},\"image\":{\"@id\":\"https:\/\/marekkuchcinski.pl\/#\/schema\/logo\/image\/\"}},{\"@type\":\"Person\",\"@id\":\"https:\/\/marekkuchcinski.pl\/#\/schema\/person\/51d5d4ee3b5317b8e4dd2b48af359229\",\"name\":\"Marta Olejnik\",\"image\":{\"@type\":\"ImageObject\",\"inLanguage\":\"cs\",\"@id\":\"https:\/\/marekkuchcinski.pl\/#\/schema\/person\/image\/\",\"url\":\"https:\/\/secure.gravatar.com\/avatar\/e39914b2aa6a48959e24d475b5dc9793?s=96&d=mm&r=g\",\"contentUrl\":\"https:\/\/secure.gravatar.com\/avatar\/e39914b2aa6a48959e24d475b5dc9793?s=96&d=mm&r=g\",\"caption\":\"Marta Olejnik\"},\"url\":\"https:\/\/marekkuchcinski.pl\/cs\/author\/marta\/\"}]}<\/script>\n<!-- \/ Yoast SEO plugin. -->","yoast_head_json":{"title":"Ponad p\u00f3\u0142 miliarda z\u0142otych dla Podkarpacia w ramach Rz\u0105dowego Funduszu Inwestycji Lokalnych &#8211; Marek Kuchci\u0144ski","robots":{"index":"index","follow":"follow","max-snippet":"max-snippet:-1","max-image-preview":"max-image-preview:large","max-video-preview":"max-video-preview:-1"},"canonical":"https:\/\/marekkuchcinski.pl\/cs\/wydarzenia\/ponad-pol-miliarda-zlotych-dla-podkarpacia-w-ramach-rzadowego-funduszu-inwestycji-lokalnych\/","og_locale":"cs_CZ","og_type":"article","og_title":"Ponad p\u00f3\u0142 miliarda z\u0142otych dla Podkarpacia w ramach Rz\u0105dowego Funduszu Inwestycji Lokalnych &#8211; Marek Kuchci\u0144ski","og_description":"Rz\u0105dowy Fundusz Inwestycji Lokalnych to inwestycje bliskie ludziom. To przebudowa drogi, naprawa chodnika, doposa\u017cenie, modernizacja szpitala, budowa \u017c\u0142obka, \u015bwietlicy, remont biblioteki, termomodernizacje, parkingi, centra dziedzictwa, sal gimnastycznych. Lokalne inwestycje s\u0105 impulsem do rozwoju ca\u0142ego kraju. Skorzystaj z wyszukiwarki i zobacz, jak zmienia si\u0119 Twoja najbli\u017csza okolica dzi\u0119ki rz\u0105dowym dotacjom. Rz\u0105dowy Fundusz Inwestycji Lokalnych (RFIL) to [&hellip;]","og_url":"https:\/\/marekkuchcinski.pl\/cs\/wydarzenia\/ponad-pol-miliarda-zlotych-dla-podkarpacia-w-ramach-rzadowego-funduszu-inwestycji-lokalnych\/","og_site_name":"Marek Kuchci\u0144ski","article_published_time":"2023-01-11T15:25:57+00:00","article_modified_time":"2023-01-11T15:34:23+00:00","og_image":[{"width":1600,"height":1106,"url":"https:\/\/marekkuchcinski.pl\/wp-content\/uploads\/2023\/01\/fil.jpg","type":"image\/jpeg"}],"author":"Marta Olejnik","twitter_card":"summary_large_image","twitter_misc":{"Napsal(a)":"Marta Olejnik","Odhadovan\u00e1 doba \u010dten\u00ed":"1 minuta"},"schema":{"@context":"https:\/\/schema.org","@graph":[{"@type":"Article","@id":"https:\/\/marekkuchcinski.pl\/wydarzenia\/ponad-pol-miliarda-zlotych-dla-podkarpacia-w-ramach-rzadowego-funduszu-inwestycji-lokalnych\/#article","isPartOf":{"@id":"https:\/\/marekkuchcinski.pl\/wydarzenia\/ponad-pol-miliarda-zlotych-dla-podkarpacia-w-ramach-rzadowego-funduszu-inwestycji-lokalnych\/"},"author":{"name":"Marta Olejnik","@id":"https:\/\/marekkuchcinski.pl\/#\/schema\/person\/51d5d4ee3b5317b8e4dd2b48af359229"},"headline":"Ponad p\u00f3\u0142 miliarda z\u0142otych dla Podkarpacia w ramach Rz\u0105dowego Funduszu Inwestycji Lokalnych","datePublished":"2023-01-11T15:25:57+00:00","dateModified":"2023-01-11T15:34:23+00:00","mainEntityOfPage":{"@id":"https:\/\/marekkuchcinski.pl\/wydarzenia\/ponad-pol-miliarda-zlotych-dla-podkarpacia-w-ramach-rzadowego-funduszu-inwestycji-lokalnych\/"},"wordCount":122,"commentCount":0,"publisher":{"@id":"https:\/\/marekkuchcinski.pl\/#organization"},"image":{"@id":"https:\/\/marekkuchcinski.pl\/wydarzenia\/ponad-pol-miliarda-zlotych-dla-podkarpacia-w-ramach-rzadowego-funduszu-inwestycji-lokalnych\/#primaryimage"},"thumbnailUrl":"https:\/\/marekkuchcinski.pl\/wp-content\/uploads\/2023\/01\/fil.jpg","articleSection":["Wydarzenia"],"inLanguage":"cs","potentialAction":[{"@type":"CommentAction","name":"Comment","target":["https:\/\/marekkuchcinski.pl\/wydarzenia\/ponad-pol-miliarda-zlotych-dla-podkarpacia-w-ramach-rzadowego-funduszu-inwestycji-lokalnych\/#respond"]}]},{"@type":"WebPage","@id":"https:\/\/marekkuchcinski.pl\/wydarzenia\/ponad-pol-miliarda-zlotych-dla-podkarpacia-w-ramach-rzadowego-funduszu-inwestycji-lokalnych\/","url":"https:\/\/marekkuchcinski.pl\/wydarzenia\/ponad-pol-miliarda-zlotych-dla-podkarpacia-w-ramach-rzadowego-funduszu-inwestycji-lokalnych\/","name":"Ponad p\u00f3\u0142 miliarda z\u0142otych dla Podkarpacia w ramach Rz\u0105dowego Funduszu Inwestycji Lokalnych &#8211; Marek Kuchci\u0144ski","isPartOf":{"@id":"https:\/\/marekkuchcinski.pl\/#website"},"primaryImageOfPage":{"@id":"https:\/\/marekkuchcinski.pl\/wydarzenia\/ponad-pol-miliarda-zlotych-dla-podkarpacia-w-ramach-rzadowego-funduszu-inwestycji-lokalnych\/#primaryimage"},"image":{"@id":"https:\/\/marekkuchcinski.pl\/wydarzenia\/ponad-pol-miliarda-zlotych-dla-podkarpacia-w-ramach-rzadowego-funduszu-inwestycji-lokalnych\/#primaryimage"},"thumbnailUrl":"https:\/\/marekkuchcinski.pl\/wp-content\/uploads\/2023\/01\/fil.jpg","datePublished":"2023-01-11T15:25:57+00:00","dateModified":"2023-01-11T15:34:23+00:00","breadcrumb":{"@id":"https:\/\/marekkuchcinski.pl\/wydarzenia\/ponad-pol-miliarda-zlotych-dla-podkarpacia-w-ramach-rzadowego-funduszu-inwestycji-lokalnych\/#breadcrumb"},"inLanguage":"cs","potentialAction":[{"@type":"ReadAction","target":["https:\/\/marekkuchcinski.pl\/wydarzenia\/ponad-pol-miliarda-zlotych-dla-podkarpacia-w-ramach-rzadowego-funduszu-inwestycji-lokalnych\/"]}]},{"@type":"ImageObject","inLanguage":"cs","@id":"https:\/\/marekkuchcinski.pl\/wydarzenia\/ponad-pol-miliarda-zlotych-dla-podkarpacia-w-ramach-rzadowego-funduszu-inwestycji-lokalnych\/#primaryimage","url":"https:\/\/marekkuchcinski.pl\/wp-content\/uploads\/2023\/01\/fil.jpg","contentUrl":"https:\/\/marekkuchcinski.pl\/wp-content\/uploads\/2023\/01\/fil.jpg","width":1600,"height":1106},{"@type":"BreadcrumbList","@id":"https:\/\/marekkuchcinski.pl\/wydarzenia\/ponad-pol-miliarda-zlotych-dla-podkarpacia-w-ramach-rzadowego-funduszu-inwestycji-lokalnych\/#breadcrumb","itemListElement":[{"@type":"ListItem","position":1,"name":"Strona g\u0142\u00f3wna","item":"https:\/\/marekkuchcinski.pl\/"},{"@type":"ListItem","position":2,"name":"Ponad p\u00f3\u0142 miliarda z\u0142otych dla Podkarpacia w ramach Rz\u0105dowego Funduszu Inwestycji Lokalnych"}]},{"@type":"WebSite","@id":"https:\/\/marekkuchcinski.pl\/#website","url":"https:\/\/marekkuchcinski.pl\/","name":"Marek Kuchci\u0144ski","description":"Pose\u0142 na sejm RP &ndash; okr\u0119g nr 22","publisher":{"@id":"https:\/\/marekkuchcinski.pl\/#organization"},"potentialAction":[{"@type":"SearchAction","target":{"@type":"EntryPoint","urlTemplate":"https:\/\/marekkuchcinski.pl\/?s={search_term_string}"},"query-input":{"@type":"PropertyValueSpecification","valueRequired":true,"valueName":"search_term_string"}}],"inLanguage":"cs"},{"@type":"Organization","@id":"https:\/\/marekkuchcinski.pl\/#organization","name":"Marek Kuchci\u0144ski","url":"https:\/\/marekkuchcinski.pl\/","logo":{"@type":"ImageObject","inLanguage":"cs","@id":"https:\/\/marekkuchcinski.pl\/#\/schema\/logo\/image\/","url":"https:\/\/marekkuchcinski.pl\/wp-content\/uploads\/2022\/09\/Marek.jpg","contentUrl":"https:\/\/marekkuchcinski.pl\/wp-content\/uploads\/2022\/09\/Marek.jpg","width":1600,"height":971,"caption":"Marek Kuchci\u0144ski"},"image":{"@id":"https:\/\/marekkuchcinski.pl\/#\/schema\/logo\/image\/"}},{"@type":"Person","@id":"https:\/\/marekkuchcinski.pl\/#\/schema\/person\/51d5d4ee3b5317b8e4dd2b48af359229","name":"Marta Olejnik","image":{"@type":"ImageObject","inLanguage":"cs","@id":"https:\/\/marekkuchcinski.pl\/#\/schema\/person\/image\/","url":"https:\/\/secure.gravatar.com\/avatar\/e39914b2aa6a48959e24d475b5dc9793?s=96&d=mm&r=g","contentUrl":"https:\/\/secure.gravatar.com\/avatar\/e39914b2aa6a48959e24d475b5dc9793?s=96&d=mm&r=g","caption":"Marta Olejnik"},"url":"https:\/\/marekkuchcinski.pl\/cs\/author\/marta\/"}]}},"_links":{"self":[{"href":"https:\/\/marekkuchcinski.pl\/cs\/wp-json\/wp\/v2\/posts\/27277","targetHints":{"allow":["GET"]}}],"collection":[{"href":"https:\/\/marekkuchcinski.pl\/cs\/wp-json\/wp\/v2\/posts"}],"about":[{"href":"https:\/\/marekkuchcinski.pl\/cs\/wp-json\/wp\/v2\/types\/post"}],"author":[{"embeddable":true,"href":"https:\/\/marekkuchcinski.pl\/cs\/wp-json\/wp\/v2\/users\/21"}],"replies":[{"embeddable":true,"href":"https:\/\/marekkuchcinski.pl\/cs\/wp-json\/wp\/v2\/comments?post=27277"}],"version-history":[{"count":1,"href":"https:\/\/marekkuchcinski.pl\/cs\/wp-json\/wp\/v2\/posts\/27277\/revisions"}],"predecessor-version":[{"id":27279,"href":"https:\/\/marekkuchcinski.pl\/cs\/wp-json\/wp\/v2\/posts\/27277\/revisions\/27279"}],"wp:featuredmedia":[{"embeddable":true,"href":"https:\/\/marekkuchcinski.pl\/cs\/wp-json\/wp\/v2\/media\/27280"}],"wp:attachment":[{"href":"https:\/\/marekkuchcinski.pl\/cs\/wp-json\/wp\/v2\/media?parent=27277"}],"wp:term":[{"taxonomy":"category","embeddable":true,"href":"https:\/\/marekkuchcinski.pl\/cs\/wp-json\/wp\/v2\/categories?post=27277"},{"taxonomy":"post_tag","embeddable":true,"href":"https:\/\/marekkuchcinski.pl\/cs\/wp-json\/wp\/v2\/tags?post=27277"}],"curies":[{"name":"wp","href":"https:\/\/api.w.org\/{rel}","templated":true}]}}