{"id":27125,"date":"2022-12-21T17:57:20","date_gmt":"2022-12-21T16:57:20","guid":{"rendered":"https:\/\/marekkuchcinski.pl\/?p=27125"},"modified":"2022-12-21T22:03:25","modified_gmt":"2022-12-21T21:03:25","slug":"czyja-bedzie-polska-pod-kancelaria-premiera-odslonieto-pomnik-jana-olszewskiego","status":"publish","type":"post","link":"https:\/\/marekkuchcinski.pl\/cs\/wydarzenia\/czyja-bedzie-polska-pod-kancelaria-premiera-odslonieto-pomnik-jana-olszewskiego\/","title":{"rendered":"\u010c\u00ed bude Polsko... Pomn\u00edk Jana Olszewsk\u00e9ho byl postaven p\u0159ed kancel\u00e1\u0159\u00ed p\u0159edsedy vl\u00e1dy"},"content":{"rendered":"<p><\/p>\n\n\n\n<p>P\u0159ed <a href=\"https:\/\/www.facebook.com\/hashtag\/kprm?__eep__=6&amp;__cft__%5b0%5d=AZUZalz8j_lB1NM5STIJa_aF3pxIDT8240Cl3VFA0kbFKaGdAebahnYifya4_A_u9AJHKx39INZM6m3GsijRMGFDC4KlcNVYu2wGEtMtilwEdMz9dDF1mA8mSw9J2xkBo70TuhvlC7HdKZIReWO6a13r_dhMk6sKX0HCFoPX8cvBwyAtLT0-V3GdusEiMLK0h6M&amp;__tn__=*NK-R\">#KPRM<\/a> premi\u00e9rovi Janu Olszewsk\u00e9mu odhalen pomn\u00edk. V\u011b\u0159\u00edm, \u017ee hodnoty, kter\u00e9 p\u011bstoval: vlastenectv\u00ed, suverenita, d\u016fstojnost, demokracie, budou silou na\u0161\u00ed pr\u00e1ce, napsal na soci\u00e1ln\u00edch s\u00edt\u00edch vedouc\u00ed kancel\u00e1\u0159e p\u0159edsedy vl\u00e1dy Marek Kuchci\u0144ski.<\/p>\n\n\n\n<p>Jak zd\u016fraznil premi\u00e9r Mateusz Morawiecki, tento pomn\u00edk nen\u00ed pot\u0159eba pro Olszewsk\u00e9ho, tento pomn\u00edk pot\u0159ebuje, abychom si p\u0159ipom\u00ednali my\u0161lenky, kter\u00fdmi \u017eil, jak je d\u016fle\u017eit\u00e9, abychom v\u017edy st\u00e1li na stran\u011b dobra, na stran\u011b pravda, na stran\u011b suver\u00e9nn\u00ed republiky.<\/p>\n\n\n\n<p>Morawiecki przypomnia\u0142, \u017ce na par\u0119 dni przed \u015bwi\u0119tami Bo\u017cego Narodzenia w 1991 r. zaprzysi\u0119\u017cony zosta\u0142 rz\u0105d \u00f3wczesnego premiera Jana Olszewskiego. &#8222;To, mo\u017cna rzec r\u00f3wno przed 31 laty rozpocz\u0119\u0142a si\u0119 misja pierwszego rz\u0105du wybranego w demokratycznych wyborach 1991 roku&#8221; &#8211; powiedzia\u0142 Morawiecki.<\/p>\n\n\n\n<p>Podkre\u015bli\u0142, \u017ce premier Olszewski &#8222;zawsze d\u0105\u017cy\u0142 do tego, aby Polska by\u0142a prawdziwie silna, prawdziwie niepodleg\u0142a&#8221;. Morawiecki doda\u0142, \u017ce Olszewski by\u0142 przekonany, i\u017c tylko pe\u0142na niepodleg\u0142o\u015b\u0107 da Polsce w\u0142a\u015bciwy fundament do rozwoju spo\u0142ecznego, gospodarczego i narodowego. &#8222;To w\u0142a\u015bnie jemu zawdzi\u0119czamy, \u017ce kilka lat p\u00f3\u017aniej, po wytyczeniu w\u0142a\u015bciwego szlaku Polska wst\u0105pi\u0142a do NATO, wst\u0105pi\u0142a tak\u017ce kilka kolejnych lat p\u00f3\u017aniej do Unii Europejskiej&#8221; &#8211; podkre\u015bli\u0142 szef rz\u0105du.<\/p>\n\n\n\n<p>Premier m\u00f3wi\u0142, \u017ce Olszewski zawsze sta\u0142 po stronie niepodleg\u0142ej Rzeczpospolitej, czy jako m\u0142ody harcerz Szarych Szereg\u00f3w, czy p\u00f3\u017aniej jako dzia\u0142acz podziemia antykomunistycznego, nast\u0119pnie adwokat, premier, dzia\u0142acz polityczny, spo\u0142eczny. &#8222;To nie dla niego potrzeby jest ten pomnik, ten pomnik jest potrzebny dla nas, aby\u015bmy pami\u0119tali o ideach, kt\u00f3rymi \u017cy\u0142 Jan Olszewski, o tym jak wa\u017cne jest, aby\u015bmy zawsze stali po stronie dobra, po stronie prawdy, po stronie suwerennej Rzeczypospolitej&#8221; &#8211; przekonywa\u0142 Morawiecki.<\/p>\n\n\n\n<p>Natomiast Antoni Macierewicz, w rz\u0105dzie Jana Olszewskiego szef MSW, nawi\u0105za\u0142 do napisu umieszczonego na cokole pomnika: &#8222;Czyja b\u0119dzie Polska&#8230;&#8221;. &#8222;Ta podstawowa idea, kt\u00f3ra jest przywo\u0142ana sam\u0105 postaci\u0105 Jana Olszewskiego, ale te\u017c napisem, kt\u00f3ry na tym pomniku widnieje (&#8230;) to pytanie, ten obowi\u0105zek ma towarzyszy\u0107 ka\u017cdemu premierowi i rz\u0105dowi RP. Czyja b\u0119dzie Polska &#8211; jest najwa\u017cniejszym pytaniem tak\u017ce dzisiaj, kt\u00f3re przed nami stoi&#8221; &#8211; podkre\u015bla\u0142.<\/p>\n\n\n\n<p>Jak m\u00f3wi\u0142 Macierewicz, dzia\u0142ania rz\u0105du Olszewskiego &#8222;zwi\u0105zane z lustracj\u0105 i eliminowaniem agentury rosyjskiej (&#8230;) by\u0142y podstawow\u0105 ide\u0105, kt\u00f3r\u0105 rozumia\u0142 jako konieczn\u0105 do zrealizowania has\u0142a: \u017beby Polska by\u0142a Polsk\u0105&#8221;. &#8222;Dzi\u015b odwaga i determinacja Jana Olszewskiego, po\u015bwi\u0119cenie dla odbudowy niepodleg\u0142ej Polski jest niezb\u0119dne jeszcze bardziej, ni\u017c by\u0142o w ci\u0105gu ostatnich 30 lat, bo Polska znajduje si\u0119 w momencie rozstrzygaj\u0105cym o tym, czy b\u0119dzie niepodleg\u0142a, czy te\u017c zostanie w\u0142\u0105czona do niemieckiej formacji tworzonej przez aparat maj\u0105cy si\u0119 nazywa\u0107 Uni\u0105 Europejsk\u0105&#8221; &#8211; m\u00f3wi\u0142.<\/p>\n\n\n\n<p>Jan Olszewski - var\u0161avsk\u00fd povstalec, obh\u00e1jce opozi\u010dn\u00edch v politick\u00fdch procesech za komunistick\u00e9ho obdob\u00ed, p\u0159edseda vl\u00e1dy v letech 1991-1992, poradce prezidenta Lecha Kaczy\u0144sk\u00e9ho - se narodil ve Var\u0161av\u011b 20. srpna 1930. V roce 2009 mu byl ud\u011blen \u0158\u00e1d B\u00edl\u00fd orel. Ve volb\u00e1ch v roce 1991 se poprv\u00e9 stal poslancem ze seznamu Center Agreement. V prosinci t\u00e9ho\u017e roku se stal premi\u00e9rem prvn\u00ed nekomunistick\u00e9 vl\u00e1dy, obda\u0159en\u00e9 vysloven\u00edm d\u016fv\u011bry pln\u011b demokraticky zvolen\u00e9mu Sejmu Polsk\u00e9 republiky.<\/p>\n\n\n\n<p>Olszewsk\u00e9ho vl\u00e1da se zhroutila po odvol\u00e1n\u00ed Sejmem v noci ze 4. na 5. \u010dervna 1992 v r\u00e1mci tzv. no\u010dn\u00ed sm\u011bna nebo noc spis\u016f, po proveden\u00ed usnesen\u00ed o prov\u011brce ze dne 28. kv\u011btna. Zav\u00e1zala \u0161\u00e9fa ministerstva vnitra Antonia Macierewicze zve\u0159ejnit seznam politik\u016f figuruj\u00edc\u00edch v archivu ministerstva vnitra jako inform\u00e1to\u0159i komunistick\u00fdch tajn\u00fdch slu\u017eeb. Tento seznam zahrnoval, tehdej\u0161\u00ed prezident Lech Wa\u0142\u0119sa, kter\u00fd 4. \u010dervna po\u017e\u00e1dal o odvol\u00e1n\u00ed premi\u00e9ra.<\/p>\n\n\n\n<p>V letech 1989-1991 a 2005-2006 byl Olszewski \u010dlenem St\u00e1tn\u00edho tribun\u00e1lu. Dne 9. listopadu 2007 nastoupil do funkce vedouc\u00edho ov\u011b\u0159ovac\u00ed komise Vojensk\u00fdch informa\u010dn\u00edch slu\u017eeb a nahradil v t\u00e9to funkci Macierewicze. Ve ve\u0159ejn\u00fdch prohl\u00e1\u0161en\u00edch podpo\u0159il zve\u0159ejn\u011bn\u00ed \u00fapln\u00e9 zpr\u00e1vy o likvidaci WSI. Od dubna 2006 byl poradcem prezidenta Lecha Kaczy\u0144sk\u00e9ho.<\/p>\n\n\n\n<p>Olszewski zem\u0159el 7. \u00fanora 2019 ve Var\u0161av\u011b.<\/p>\n\n\n\n<figure class=\"wp-block-image size-large\"><a href=\"https:\/\/marekkuchcinski.pl\/wp-content\/uploads\/2022\/12\/321434055_624290666163356_2153795195282482671_n.jpg\"><img fetchpriority=\"high\" decoding=\"async\" width=\"1024\" height=\"654\" src=\"https:\/\/marekkuchcinski.pl\/wp-content\/uploads\/2022\/12\/321434055_624290666163356_2153795195282482671_n-1024x654.jpg\" alt=\"\" class=\"wp-image-27128\" srcset=\"https:\/\/marekkuchcinski.pl\/wp-content\/uploads\/2022\/12\/321434055_624290666163356_2153795195282482671_n-1024x654.jpg 1024w, https:\/\/marekkuchcinski.pl\/wp-content\/uploads\/2022\/12\/321434055_624290666163356_2153795195282482671_n-300x192.jpg 300w, https:\/\/marekkuchcinski.pl\/wp-content\/uploads\/2022\/12\/321434055_624290666163356_2153795195282482671_n-768x491.jpg 768w, https:\/\/marekkuchcinski.pl\/wp-content\/uploads\/2022\/12\/321434055_624290666163356_2153795195282482671_n-1536x981.jpg 1536w, https:\/\/marekkuchcinski.pl\/wp-content\/uploads\/2022\/12\/321434055_624290666163356_2153795195282482671_n-18x12.jpg 18w, https:\/\/marekkuchcinski.pl\/wp-content\/uploads\/2022\/12\/321434055_624290666163356_2153795195282482671_n.jpg 1600w\" sizes=\"(max-width: 1024px) 100vw, 1024px\" \/><\/a><\/figure>\n\n\n\n<figure class=\"wp-block-image size-large\"><a href=\"https:\/\/marekkuchcinski.pl\/wp-content\/uploads\/2022\/12\/321217401_696417815160013_5418506837555857485_n.jpg\"><img decoding=\"async\" width=\"1024\" height=\"703\" src=\"https:\/\/marekkuchcinski.pl\/wp-content\/uploads\/2022\/12\/321217401_696417815160013_5418506837555857485_n-1024x703.jpg\" alt=\"\" class=\"wp-image-27129\" srcset=\"https:\/\/marekkuchcinski.pl\/wp-content\/uploads\/2022\/12\/321217401_696417815160013_5418506837555857485_n-1024x703.jpg 1024w, https:\/\/marekkuchcinski.pl\/wp-content\/uploads\/2022\/12\/321217401_696417815160013_5418506837555857485_n-300x206.jpg 300w, https:\/\/marekkuchcinski.pl\/wp-content\/uploads\/2022\/12\/321217401_696417815160013_5418506837555857485_n-768x528.jpg 768w, https:\/\/marekkuchcinski.pl\/wp-content\/uploads\/2022\/12\/321217401_696417815160013_5418506837555857485_n-1536x1055.jpg 1536w, https:\/\/marekkuchcinski.pl\/wp-content\/uploads\/2022\/12\/321217401_696417815160013_5418506837555857485_n-18x12.jpg 18w, https:\/\/marekkuchcinski.pl\/wp-content\/uploads\/2022\/12\/321217401_696417815160013_5418506837555857485_n.jpg 1600w\" sizes=\"(max-width: 1024px) 100vw, 1024px\" \/><\/a><\/figure>\n\n\n\n<figure class=\"wp-block-image size-large\"><a href=\"https:\/\/marekkuchcinski.pl\/wp-content\/uploads\/2022\/12\/321058018_660863552350651_3869381660498736953_n.jpg\"><img decoding=\"async\" width=\"1024\" height=\"679\" src=\"https:\/\/marekkuchcinski.pl\/wp-content\/uploads\/2022\/12\/321058018_660863552350651_3869381660498736953_n-1024x679.jpg\" alt=\"\" class=\"wp-image-27130\" srcset=\"https:\/\/marekkuchcinski.pl\/wp-content\/uploads\/2022\/12\/321058018_660863552350651_3869381660498736953_n-1024x679.jpg 1024w, https:\/\/marekkuchcinski.pl\/wp-content\/uploads\/2022\/12\/321058018_660863552350651_3869381660498736953_n-300x199.jpg 300w, https:\/\/marekkuchcinski.pl\/wp-content\/uploads\/2022\/12\/321058018_660863552350651_3869381660498736953_n-768x509.jpg 768w, https:\/\/marekkuchcinski.pl\/wp-content\/uploads\/2022\/12\/321058018_660863552350651_3869381660498736953_n-1536x1019.jpg 1536w, https:\/\/marekkuchcinski.pl\/wp-content\/uploads\/2022\/12\/321058018_660863552350651_3869381660498736953_n-18x12.jpg 18w, https:\/\/marekkuchcinski.pl\/wp-content\/uploads\/2022\/12\/321058018_660863552350651_3869381660498736953_n.jpg 1600w\" sizes=\"(max-width: 1024px) 100vw, 1024px\" \/><\/a><\/figure>\n\n\n\n<figure class=\"wp-block-image size-large\"><a href=\"https:\/\/marekkuchcinski.pl\/wp-content\/uploads\/2022\/12\/321104928_1253356425242970_3988531161245374662_n.jpg\"><img loading=\"lazy\" decoding=\"async\" width=\"1024\" height=\"678\" src=\"https:\/\/marekkuchcinski.pl\/wp-content\/uploads\/2022\/12\/321104928_1253356425242970_3988531161245374662_n-1024x678.jpg\" alt=\"\" class=\"wp-image-27131\" srcset=\"https:\/\/marekkuchcinski.pl\/wp-content\/uploads\/2022\/12\/321104928_1253356425242970_3988531161245374662_n-1024x678.jpg 1024w, https:\/\/marekkuchcinski.pl\/wp-content\/uploads\/2022\/12\/321104928_1253356425242970_3988531161245374662_n-300x199.jpg 300w, https:\/\/marekkuchcinski.pl\/wp-content\/uploads\/2022\/12\/321104928_1253356425242970_3988531161245374662_n-768x508.jpg 768w, https:\/\/marekkuchcinski.pl\/wp-content\/uploads\/2022\/12\/321104928_1253356425242970_3988531161245374662_n-1536x1017.jpg 1536w, https:\/\/marekkuchcinski.pl\/wp-content\/uploads\/2022\/12\/321104928_1253356425242970_3988531161245374662_n-18x12.jpg 18w, https:\/\/marekkuchcinski.pl\/wp-content\/uploads\/2022\/12\/321104928_1253356425242970_3988531161245374662_n.jpg 1600w\" sizes=\"(max-width: 1024px) 100vw, 1024px\" \/><\/a><\/figure>","protected":false},"excerpt":{"rendered":"<p>Przed #KPRM ods\u0142oni\u0119to pomnik premiera Jana Olszewskiego. Ufam, \u017ce warto\u015bci, jakie kultywowa\u0142: patriotyzm, suwerenno\u015b\u0107, godno\u015b\u0107, demokracja, b\u0119d\u0105 si\u0142\u0105 naszej pracy \u2013 napisa\u0142 w mediach spo\u0142eczno\u015bciowych szef Kancelarii Premiera Marek Kuchci\u0144ski. Jak podkre\u015bli\u0142 premier Mateusz Morawiecki, to nie dla Olszewskiego potrzeby jest ten pomnik, ten pomnik jest potrzebny dla nas, aby\u015bmy pami\u0119tali o ideach, kt\u00f3rymi \u017cy\u0142, [&hellip;]<\/p>","protected":false},"author":21,"featured_media":27128,"comment_status":"open","ping_status":"open","sticky":false,"template":"","format":"standard","meta":{"ngg_post_thumbnail":0,"footnotes":""},"categories":[3],"tags":[],"class_list":["post-27125","post","type-post","status-publish","format-standard","has-post-thumbnail","hentry","category-wydarzenia"],"yoast_head":"<!-- This site is optimized with the Yoast SEO plugin v24.7 - https:\/\/yoast.com\/wordpress\/plugins\/seo\/ -->\n<title>Czyja b\u0119dzie Polska\u2026 Pomnik Jana Olszewskiego stan\u0105\u0142 przed Kancelari\u0105 Premiera &#8211; Marek Kuchci\u0144ski<\/title>\n<meta name=\"robots\" content=\"index, follow, max-snippet:-1, max-image-preview:large, max-video-preview:-1\" \/>\n<link rel=\"canonical\" href=\"https:\/\/marekkuchcinski.pl\/cs\/wydarzenia\/czyja-bedzie-polska-pod-kancelaria-premiera-odslonieto-pomnik-jana-olszewskiego\/\" \/>\n<meta property=\"og:locale\" content=\"cs_CZ\" \/>\n<meta property=\"og:type\" content=\"article\" \/>\n<meta property=\"og:title\" content=\"Czyja b\u0119dzie Polska\u2026 Pomnik Jana Olszewskiego stan\u0105\u0142 przed Kancelari\u0105 Premiera &#8211; Marek Kuchci\u0144ski\" \/>\n<meta property=\"og:description\" content=\"Przed #KPRM ods\u0142oni\u0119to pomnik premiera Jana Olszewskiego. Ufam, \u017ce warto\u015bci, jakie kultywowa\u0142: patriotyzm, suwerenno\u015b\u0107, godno\u015b\u0107, demokracja, b\u0119d\u0105 si\u0142\u0105 naszej pracy \u2013 napisa\u0142 w mediach spo\u0142eczno\u015bciowych szef Kancelarii Premiera Marek Kuchci\u0144ski. Jak podkre\u015bli\u0142 premier Mateusz Morawiecki, to nie dla Olszewskiego potrzeby jest ten pomnik, ten pomnik jest potrzebny dla nas, aby\u015bmy pami\u0119tali o ideach, kt\u00f3rymi \u017cy\u0142, [&hellip;]\" \/>\n<meta property=\"og:url\" content=\"https:\/\/marekkuchcinski.pl\/cs\/wydarzenia\/czyja-bedzie-polska-pod-kancelaria-premiera-odslonieto-pomnik-jana-olszewskiego\/\" \/>\n<meta property=\"og:site_name\" content=\"Marek Kuchci\u0144ski\" \/>\n<meta property=\"article:published_time\" content=\"2022-12-21T16:57:20+00:00\" \/>\n<meta property=\"article:modified_time\" content=\"2022-12-21T21:03:25+00:00\" \/>\n<meta property=\"og:image\" content=\"https:\/\/marekkuchcinski.pl\/wp-content\/uploads\/2022\/12\/321434055_624290666163356_2153795195282482671_n.jpg\" \/>\n\t<meta property=\"og:image:width\" content=\"1600\" \/>\n\t<meta property=\"og:image:height\" content=\"1022\" \/>\n\t<meta property=\"og:image:type\" content=\"image\/jpeg\" \/>\n<meta name=\"author\" content=\"Marta Olejnik\" \/>\n<meta name=\"twitter:card\" content=\"summary_large_image\" \/>\n<meta name=\"twitter:label1\" content=\"Napsal(a)\" \/>\n\t<meta name=\"twitter:data1\" content=\"Marta Olejnik\" \/>\n\t<meta name=\"twitter:label2\" content=\"Odhadovan\u00e1 doba \u010dten\u00ed\" \/>\n\t<meta name=\"twitter:data2\" content=\"3 minuty\" \/>\n<script type=\"application\/ld+json\" class=\"yoast-schema-graph\">{\"@context\":\"https:\/\/schema.org\",\"@graph\":[{\"@type\":\"Article\",\"@id\":\"https:\/\/marekkuchcinski.pl\/wydarzenia\/czyja-bedzie-polska-pod-kancelaria-premiera-odslonieto-pomnik-jana-olszewskiego\/#article\",\"isPartOf\":{\"@id\":\"https:\/\/marekkuchcinski.pl\/wydarzenia\/czyja-bedzie-polska-pod-kancelaria-premiera-odslonieto-pomnik-jana-olszewskiego\/\"},\"author\":{\"name\":\"Marta Olejnik\",\"@id\":\"https:\/\/marekkuchcinski.pl\/#\/schema\/person\/51d5d4ee3b5317b8e4dd2b48af359229\"},\"headline\":\"Czyja b\u0119dzie Polska\u2026 Pomnik Jana Olszewskiego stan\u0105\u0142 przed Kancelari\u0105 Premiera\",\"datePublished\":\"2022-12-21T16:57:20+00:00\",\"dateModified\":\"2022-12-21T21:03:25+00:00\",\"mainEntityOfPage\":{\"@id\":\"https:\/\/marekkuchcinski.pl\/wydarzenia\/czyja-bedzie-polska-pod-kancelaria-premiera-odslonieto-pomnik-jana-olszewskiego\/\"},\"wordCount\":693,\"commentCount\":0,\"publisher\":{\"@id\":\"https:\/\/marekkuchcinski.pl\/#organization\"},\"image\":{\"@id\":\"https:\/\/marekkuchcinski.pl\/wydarzenia\/czyja-bedzie-polska-pod-kancelaria-premiera-odslonieto-pomnik-jana-olszewskiego\/#primaryimage\"},\"thumbnailUrl\":\"https:\/\/marekkuchcinski.pl\/wp-content\/uploads\/2022\/12\/321434055_624290666163356_2153795195282482671_n.jpg\",\"articleSection\":[\"Wydarzenia\"],\"inLanguage\":\"cs\",\"potentialAction\":[{\"@type\":\"CommentAction\",\"name\":\"Comment\",\"target\":[\"https:\/\/marekkuchcinski.pl\/wydarzenia\/czyja-bedzie-polska-pod-kancelaria-premiera-odslonieto-pomnik-jana-olszewskiego\/#respond\"]}]},{\"@type\":\"WebPage\",\"@id\":\"https:\/\/marekkuchcinski.pl\/wydarzenia\/czyja-bedzie-polska-pod-kancelaria-premiera-odslonieto-pomnik-jana-olszewskiego\/\",\"url\":\"https:\/\/marekkuchcinski.pl\/wydarzenia\/czyja-bedzie-polska-pod-kancelaria-premiera-odslonieto-pomnik-jana-olszewskiego\/\",\"name\":\"Czyja b\u0119dzie Polska\u2026 Pomnik Jana Olszewskiego stan\u0105\u0142 przed Kancelari\u0105 Premiera &#8211; Marek Kuchci\u0144ski\",\"isPartOf\":{\"@id\":\"https:\/\/marekkuchcinski.pl\/#website\"},\"primaryImageOfPage\":{\"@id\":\"https:\/\/marekkuchcinski.pl\/wydarzenia\/czyja-bedzie-polska-pod-kancelaria-premiera-odslonieto-pomnik-jana-olszewskiego\/#primaryimage\"},\"image\":{\"@id\":\"https:\/\/marekkuchcinski.pl\/wydarzenia\/czyja-bedzie-polska-pod-kancelaria-premiera-odslonieto-pomnik-jana-olszewskiego\/#primaryimage\"},\"thumbnailUrl\":\"https:\/\/marekkuchcinski.pl\/wp-content\/uploads\/2022\/12\/321434055_624290666163356_2153795195282482671_n.jpg\",\"datePublished\":\"2022-12-21T16:57:20+00:00\",\"dateModified\":\"2022-12-21T21:03:25+00:00\",\"breadcrumb\":{\"@id\":\"https:\/\/marekkuchcinski.pl\/wydarzenia\/czyja-bedzie-polska-pod-kancelaria-premiera-odslonieto-pomnik-jana-olszewskiego\/#breadcrumb\"},\"inLanguage\":\"cs\",\"potentialAction\":[{\"@type\":\"ReadAction\",\"target\":[\"https:\/\/marekkuchcinski.pl\/wydarzenia\/czyja-bedzie-polska-pod-kancelaria-premiera-odslonieto-pomnik-jana-olszewskiego\/\"]}]},{\"@type\":\"ImageObject\",\"inLanguage\":\"cs\",\"@id\":\"https:\/\/marekkuchcinski.pl\/wydarzenia\/czyja-bedzie-polska-pod-kancelaria-premiera-odslonieto-pomnik-jana-olszewskiego\/#primaryimage\",\"url\":\"https:\/\/marekkuchcinski.pl\/wp-content\/uploads\/2022\/12\/321434055_624290666163356_2153795195282482671_n.jpg\",\"contentUrl\":\"https:\/\/marekkuchcinski.pl\/wp-content\/uploads\/2022\/12\/321434055_624290666163356_2153795195282482671_n.jpg\",\"width\":1600,\"height\":1022},{\"@type\":\"BreadcrumbList\",\"@id\":\"https:\/\/marekkuchcinski.pl\/wydarzenia\/czyja-bedzie-polska-pod-kancelaria-premiera-odslonieto-pomnik-jana-olszewskiego\/#breadcrumb\",\"itemListElement\":[{\"@type\":\"ListItem\",\"position\":1,\"name\":\"Strona g\u0142\u00f3wna\",\"item\":\"https:\/\/marekkuchcinski.pl\/\"},{\"@type\":\"ListItem\",\"position\":2,\"name\":\"Czyja b\u0119dzie Polska\u2026 Pomnik Jana Olszewskiego stan\u0105\u0142 przed Kancelari\u0105 Premiera\"}]},{\"@type\":\"WebSite\",\"@id\":\"https:\/\/marekkuchcinski.pl\/#website\",\"url\":\"https:\/\/marekkuchcinski.pl\/\",\"name\":\"Marek Kuchci\u0144ski\",\"description\":\"Pose\u0142 na sejm RP &ndash; okr\u0119g nr 22\",\"publisher\":{\"@id\":\"https:\/\/marekkuchcinski.pl\/#organization\"},\"potentialAction\":[{\"@type\":\"SearchAction\",\"target\":{\"@type\":\"EntryPoint\",\"urlTemplate\":\"https:\/\/marekkuchcinski.pl\/?s={search_term_string}\"},\"query-input\":{\"@type\":\"PropertyValueSpecification\",\"valueRequired\":true,\"valueName\":\"search_term_string\"}}],\"inLanguage\":\"cs\"},{\"@type\":\"Organization\",\"@id\":\"https:\/\/marekkuchcinski.pl\/#organization\",\"name\":\"Marek Kuchci\u0144ski\",\"url\":\"https:\/\/marekkuchcinski.pl\/\",\"logo\":{\"@type\":\"ImageObject\",\"inLanguage\":\"cs\",\"@id\":\"https:\/\/marekkuchcinski.pl\/#\/schema\/logo\/image\/\",\"url\":\"https:\/\/marekkuchcinski.pl\/wp-content\/uploads\/2022\/09\/Marek.jpg\",\"contentUrl\":\"https:\/\/marekkuchcinski.pl\/wp-content\/uploads\/2022\/09\/Marek.jpg\",\"width\":1600,\"height\":971,\"caption\":\"Marek Kuchci\u0144ski\"},\"image\":{\"@id\":\"https:\/\/marekkuchcinski.pl\/#\/schema\/logo\/image\/\"}},{\"@type\":\"Person\",\"@id\":\"https:\/\/marekkuchcinski.pl\/#\/schema\/person\/51d5d4ee3b5317b8e4dd2b48af359229\",\"name\":\"Marta Olejnik\",\"image\":{\"@type\":\"ImageObject\",\"inLanguage\":\"cs\",\"@id\":\"https:\/\/marekkuchcinski.pl\/#\/schema\/person\/image\/\",\"url\":\"https:\/\/secure.gravatar.com\/avatar\/e39914b2aa6a48959e24d475b5dc9793?s=96&d=mm&r=g\",\"contentUrl\":\"https:\/\/secure.gravatar.com\/avatar\/e39914b2aa6a48959e24d475b5dc9793?s=96&d=mm&r=g\",\"caption\":\"Marta Olejnik\"},\"url\":\"https:\/\/marekkuchcinski.pl\/cs\/author\/marta\/\"}]}<\/script>\n<!-- \/ Yoast SEO plugin. -->","yoast_head_json":{"title":"Czyja b\u0119dzie Polska\u2026 Pomnik Jana Olszewskiego stan\u0105\u0142 przed Kancelari\u0105 Premiera &#8211; Marek Kuchci\u0144ski","robots":{"index":"index","follow":"follow","max-snippet":"max-snippet:-1","max-image-preview":"max-image-preview:large","max-video-preview":"max-video-preview:-1"},"canonical":"https:\/\/marekkuchcinski.pl\/cs\/wydarzenia\/czyja-bedzie-polska-pod-kancelaria-premiera-odslonieto-pomnik-jana-olszewskiego\/","og_locale":"cs_CZ","og_type":"article","og_title":"Czyja b\u0119dzie Polska\u2026 Pomnik Jana Olszewskiego stan\u0105\u0142 przed Kancelari\u0105 Premiera &#8211; Marek Kuchci\u0144ski","og_description":"Przed #KPRM ods\u0142oni\u0119to pomnik premiera Jana Olszewskiego. Ufam, \u017ce warto\u015bci, jakie kultywowa\u0142: patriotyzm, suwerenno\u015b\u0107, godno\u015b\u0107, demokracja, b\u0119d\u0105 si\u0142\u0105 naszej pracy \u2013 napisa\u0142 w mediach spo\u0142eczno\u015bciowych szef Kancelarii Premiera Marek Kuchci\u0144ski. Jak podkre\u015bli\u0142 premier Mateusz Morawiecki, to nie dla Olszewskiego potrzeby jest ten pomnik, ten pomnik jest potrzebny dla nas, aby\u015bmy pami\u0119tali o ideach, kt\u00f3rymi \u017cy\u0142, [&hellip;]","og_url":"https:\/\/marekkuchcinski.pl\/cs\/wydarzenia\/czyja-bedzie-polska-pod-kancelaria-premiera-odslonieto-pomnik-jana-olszewskiego\/","og_site_name":"Marek Kuchci\u0144ski","article_published_time":"2022-12-21T16:57:20+00:00","article_modified_time":"2022-12-21T21:03:25+00:00","og_image":[{"width":1600,"height":1022,"url":"https:\/\/marekkuchcinski.pl\/wp-content\/uploads\/2022\/12\/321434055_624290666163356_2153795195282482671_n.jpg","type":"image\/jpeg"}],"author":"Marta Olejnik","twitter_card":"summary_large_image","twitter_misc":{"Napsal(a)":"Marta Olejnik","Odhadovan\u00e1 doba \u010dten\u00ed":"3 minuty"},"schema":{"@context":"https:\/\/schema.org","@graph":[{"@type":"Article","@id":"https:\/\/marekkuchcinski.pl\/wydarzenia\/czyja-bedzie-polska-pod-kancelaria-premiera-odslonieto-pomnik-jana-olszewskiego\/#article","isPartOf":{"@id":"https:\/\/marekkuchcinski.pl\/wydarzenia\/czyja-bedzie-polska-pod-kancelaria-premiera-odslonieto-pomnik-jana-olszewskiego\/"},"author":{"name":"Marta Olejnik","@id":"https:\/\/marekkuchcinski.pl\/#\/schema\/person\/51d5d4ee3b5317b8e4dd2b48af359229"},"headline":"Czyja b\u0119dzie Polska\u2026 Pomnik Jana Olszewskiego stan\u0105\u0142 przed Kancelari\u0105 Premiera","datePublished":"2022-12-21T16:57:20+00:00","dateModified":"2022-12-21T21:03:25+00:00","mainEntityOfPage":{"@id":"https:\/\/marekkuchcinski.pl\/wydarzenia\/czyja-bedzie-polska-pod-kancelaria-premiera-odslonieto-pomnik-jana-olszewskiego\/"},"wordCount":693,"commentCount":0,"publisher":{"@id":"https:\/\/marekkuchcinski.pl\/#organization"},"image":{"@id":"https:\/\/marekkuchcinski.pl\/wydarzenia\/czyja-bedzie-polska-pod-kancelaria-premiera-odslonieto-pomnik-jana-olszewskiego\/#primaryimage"},"thumbnailUrl":"https:\/\/marekkuchcinski.pl\/wp-content\/uploads\/2022\/12\/321434055_624290666163356_2153795195282482671_n.jpg","articleSection":["Wydarzenia"],"inLanguage":"cs","potentialAction":[{"@type":"CommentAction","name":"Comment","target":["https:\/\/marekkuchcinski.pl\/wydarzenia\/czyja-bedzie-polska-pod-kancelaria-premiera-odslonieto-pomnik-jana-olszewskiego\/#respond"]}]},{"@type":"WebPage","@id":"https:\/\/marekkuchcinski.pl\/wydarzenia\/czyja-bedzie-polska-pod-kancelaria-premiera-odslonieto-pomnik-jana-olszewskiego\/","url":"https:\/\/marekkuchcinski.pl\/wydarzenia\/czyja-bedzie-polska-pod-kancelaria-premiera-odslonieto-pomnik-jana-olszewskiego\/","name":"Czyja b\u0119dzie Polska\u2026 Pomnik Jana Olszewskiego stan\u0105\u0142 przed Kancelari\u0105 Premiera &#8211; Marek Kuchci\u0144ski","isPartOf":{"@id":"https:\/\/marekkuchcinski.pl\/#website"},"primaryImageOfPage":{"@id":"https:\/\/marekkuchcinski.pl\/wydarzenia\/czyja-bedzie-polska-pod-kancelaria-premiera-odslonieto-pomnik-jana-olszewskiego\/#primaryimage"},"image":{"@id":"https:\/\/marekkuchcinski.pl\/wydarzenia\/czyja-bedzie-polska-pod-kancelaria-premiera-odslonieto-pomnik-jana-olszewskiego\/#primaryimage"},"thumbnailUrl":"https:\/\/marekkuchcinski.pl\/wp-content\/uploads\/2022\/12\/321434055_624290666163356_2153795195282482671_n.jpg","datePublished":"2022-12-21T16:57:20+00:00","dateModified":"2022-12-21T21:03:25+00:00","breadcrumb":{"@id":"https:\/\/marekkuchcinski.pl\/wydarzenia\/czyja-bedzie-polska-pod-kancelaria-premiera-odslonieto-pomnik-jana-olszewskiego\/#breadcrumb"},"inLanguage":"cs","potentialAction":[{"@type":"ReadAction","target":["https:\/\/marekkuchcinski.pl\/wydarzenia\/czyja-bedzie-polska-pod-kancelaria-premiera-odslonieto-pomnik-jana-olszewskiego\/"]}]},{"@type":"ImageObject","inLanguage":"cs","@id":"https:\/\/marekkuchcinski.pl\/wydarzenia\/czyja-bedzie-polska-pod-kancelaria-premiera-odslonieto-pomnik-jana-olszewskiego\/#primaryimage","url":"https:\/\/marekkuchcinski.pl\/wp-content\/uploads\/2022\/12\/321434055_624290666163356_2153795195282482671_n.jpg","contentUrl":"https:\/\/marekkuchcinski.pl\/wp-content\/uploads\/2022\/12\/321434055_624290666163356_2153795195282482671_n.jpg","width":1600,"height":1022},{"@type":"BreadcrumbList","@id":"https:\/\/marekkuchcinski.pl\/wydarzenia\/czyja-bedzie-polska-pod-kancelaria-premiera-odslonieto-pomnik-jana-olszewskiego\/#breadcrumb","itemListElement":[{"@type":"ListItem","position":1,"name":"Strona g\u0142\u00f3wna","item":"https:\/\/marekkuchcinski.pl\/"},{"@type":"ListItem","position":2,"name":"Czyja b\u0119dzie Polska\u2026 Pomnik Jana Olszewskiego stan\u0105\u0142 przed Kancelari\u0105 Premiera"}]},{"@type":"WebSite","@id":"https:\/\/marekkuchcinski.pl\/#website","url":"https:\/\/marekkuchcinski.pl\/","name":"Marek Kuchci\u0144ski","description":"Pose\u0142 na sejm RP &ndash; okr\u0119g nr 22","publisher":{"@id":"https:\/\/marekkuchcinski.pl\/#organization"},"potentialAction":[{"@type":"SearchAction","target":{"@type":"EntryPoint","urlTemplate":"https:\/\/marekkuchcinski.pl\/?s={search_term_string}"},"query-input":{"@type":"PropertyValueSpecification","valueRequired":true,"valueName":"search_term_string"}}],"inLanguage":"cs"},{"@type":"Organization","@id":"https:\/\/marekkuchcinski.pl\/#organization","name":"Marek Kuchci\u0144ski","url":"https:\/\/marekkuchcinski.pl\/","logo":{"@type":"ImageObject","inLanguage":"cs","@id":"https:\/\/marekkuchcinski.pl\/#\/schema\/logo\/image\/","url":"https:\/\/marekkuchcinski.pl\/wp-content\/uploads\/2022\/09\/Marek.jpg","contentUrl":"https:\/\/marekkuchcinski.pl\/wp-content\/uploads\/2022\/09\/Marek.jpg","width":1600,"height":971,"caption":"Marek Kuchci\u0144ski"},"image":{"@id":"https:\/\/marekkuchcinski.pl\/#\/schema\/logo\/image\/"}},{"@type":"Person","@id":"https:\/\/marekkuchcinski.pl\/#\/schema\/person\/51d5d4ee3b5317b8e4dd2b48af359229","name":"Marta Olejnik","image":{"@type":"ImageObject","inLanguage":"cs","@id":"https:\/\/marekkuchcinski.pl\/#\/schema\/person\/image\/","url":"https:\/\/secure.gravatar.com\/avatar\/e39914b2aa6a48959e24d475b5dc9793?s=96&d=mm&r=g","contentUrl":"https:\/\/secure.gravatar.com\/avatar\/e39914b2aa6a48959e24d475b5dc9793?s=96&d=mm&r=g","caption":"Marta Olejnik"},"url":"https:\/\/marekkuchcinski.pl\/cs\/author\/marta\/"}]}},"_links":{"self":[{"href":"https:\/\/marekkuchcinski.pl\/cs\/wp-json\/wp\/v2\/posts\/27125","targetHints":{"allow":["GET"]}}],"collection":[{"href":"https:\/\/marekkuchcinski.pl\/cs\/wp-json\/wp\/v2\/posts"}],"about":[{"href":"https:\/\/marekkuchcinski.pl\/cs\/wp-json\/wp\/v2\/types\/post"}],"author":[{"embeddable":true,"href":"https:\/\/marekkuchcinski.pl\/cs\/wp-json\/wp\/v2\/users\/21"}],"replies":[{"embeddable":true,"href":"https:\/\/marekkuchcinski.pl\/cs\/wp-json\/wp\/v2\/comments?post=27125"}],"version-history":[{"count":5,"href":"https:\/\/marekkuchcinski.pl\/cs\/wp-json\/wp\/v2\/posts\/27125\/revisions"}],"predecessor-version":[{"id":27143,"href":"https:\/\/marekkuchcinski.pl\/cs\/wp-json\/wp\/v2\/posts\/27125\/revisions\/27143"}],"wp:featuredmedia":[{"embeddable":true,"href":"https:\/\/marekkuchcinski.pl\/cs\/wp-json\/wp\/v2\/media\/27128"}],"wp:attachment":[{"href":"https:\/\/marekkuchcinski.pl\/cs\/wp-json\/wp\/v2\/media?parent=27125"}],"wp:term":[{"taxonomy":"category","embeddable":true,"href":"https:\/\/marekkuchcinski.pl\/cs\/wp-json\/wp\/v2\/categories?post=27125"},{"taxonomy":"post_tag","embeddable":true,"href":"https:\/\/marekkuchcinski.pl\/cs\/wp-json\/wp\/v2\/tags?post=27125"}],"curies":[{"name":"wp","href":"https:\/\/api.w.org\/{rel}","templated":true}]}}