{"id":26820,"date":"2022-10-31T12:52:47","date_gmt":"2022-10-31T11:52:47","guid":{"rendered":"https:\/\/marekkuchcinski.pl\/?p=26820"},"modified":"2022-10-31T13:23:34","modified_gmt":"2022-10-31T12:23:34","slug":"przemyskie-towarzystwo-kulturalne-dzialania-na-rzecz-rozwoju-kultury-i-ochrony-przyrody","status":"publish","type":"post","link":"https:\/\/marekkuchcinski.pl\/cs\/wydarzenia\/przemyskie-towarzystwo-kulturalne-dzialania-na-rzecz-rozwoju-kultury-i-ochrony-przyrody\/","title":{"rendered":"Przemyskie Towarzystwo Kulturalne \u2013 dzia\u0142ania na rzecz rozwoju, kultury i ochrony przyrody"},"content":{"rendered":"<p class=\"wp-block-paragraph\"><strong>W niedziel\u0119 30 pa\u017adziernika w nowym lokalu \u00a0\u2013 przy Wybrze\u017cu Marsza\u0142ka J\u00f3zefa Pi\u0142sudskiego w Przemy\u015blu \u2013 spotkali si\u0119 cz\u0142onkowie Przemyskiego Towarzystwa Kulturalnego, by podsumowa\u0107 dotychczasow\u0105 dzia\u0142alno\u015b\u0107, nakre\u015bli\u0107 plany na przysz\u0142o\u015b\u0107 i wybra\u0107 nowego prezesa, kt\u00f3rym zosta\u0142 dr Jan Musia\u0142.<\/strong><\/p>\n\n\n\n<p class=\"wp-block-paragraph\">Pocz\u0105tki PTK si\u0119gaj\u0105 lat 80. i dzia\u0142alno\u015bci niezale\u017cnego \u015brodowiska utworzonego podczas Dni Kultury Chrze\u015bcija\u0144skiej, skupiaj\u0105cego ludzi kultury, nauki i polityki. Tematyka \u00f3wczesnych dyskusji wykracza\u0142a daleko poza sprawy przyziemne, zahaczaj\u0105c o filozofi\u0119, sztuk\u0119, religi\u0119 czy wielk\u0105 polityk\u0119. W ci\u0105gu blisko 20 lat Towarzystwo rozwija\u0142o dzia\u0142alno\u015b\u0107 g\u0142\u00f3wnie poprzez organizacj\u0119 wystaw, koncert\u00f3w, konferencji krajowych i mi\u0119dzynarodowych, wyk\u0142ad\u00f3w, spotka\u0144 autorskich i dyskusji z wybitnymi osobowo\u015bciami z Polski i zagranicy. Zar\u00f3wno wtedy, jak i teraz wspieramy kultur\u0119, nauk\u0119, mi\u0119dzynarodow\u0105 wsp\u00f3\u0142prac\u0119, rozw\u00f3j regionu, turystyk\u0119, promujemy lokalne specja\u0142y, promujemy bogactwo przyrody i jej ochron\u0119.<\/p>\n\n\n\n<p class=\"wp-block-paragraph\">Za nami pi\u0119\u0107 wspania\u0142ych konferencji m.in. o r\u00f3\u017cnorodno\u015bci biologicznej i kulturowej Karpat, zio\u0142olecznictwie, wybitnych ludziach Ko\u015bcio\u0142a, \u00a0geologicznych skarbach, a przed nami dzia\u0142ania z Euroregionem Karpackim, kt\u00f3ry od nowego roku planuje dzia\u0142alno\u015b\u0107 zwi\u0105zan\u0105 z uruchomieniem funduszy unijnych i rozwijaniem wsp\u00f3\u0142pracy pomi\u0119dzy samorz\u0105dami w pasie przygranicznym. Transgraniczne Obszary Funkcjonalne, Brama Przemyska, umo\u017cliwi wsp\u00f3\u0142prac\u0119 po stronie polskiej i ukrai\u0144skiej, a co za tym idzie \u2013 realizowanie inwestycji, kt\u00f3re dadz\u0105 miejsca pracy, jak np. budowy dr\u00f3g.\u00a0<\/p>\n\n\n\n<p class=\"wp-block-paragraph\">Towarzystwo wsp\u00f3\u0142pracuje tak\u017ce z powo\u0142anymi z pocz\u0105tkiem tego roku mi\u0119dzynarodowymi Klubami Europy Karpat, skupiaj\u0105cymi polityk\u00f3w, uczonych, przedstawicieli organizacji pozarz\u0105dowych z obszaru Europy \u015arodkowej i Wschodniej. Zakres tematyczny jest r\u00f3\u017cnorodny, dotyczy nie tylko kwestii politycznych, spo\u0142ecznych, twardych obszar\u00f3w, jak bezpiecze\u0144stwo, inwestycje, gospodarka, ale i szeroko rozumianej kultury po ochron\u0119 \u015brodowiska.<\/p>\n\n\n\n<p class=\"wp-block-paragraph\">W przygotowaniu jest r\u00f3wnie\u017c portal internetowy, b\u0119d\u0105cy swego rodzaju pami\u0119tnikiem ludzi walcz\u0105cych o wolno\u015b\u0107 z komunistycznym re\u017cimem. pt. \u201eZiemia Przemyska i region 1967-1997 \u2013 dzia\u0142alno\u015b\u0107 opozycyjna i inicjatywy obywatelskie\u201d (upami\u0119tniaj\u0105cego dzia\u0142alno\u015b\u0107 lokalnego \u015brodowiska niezale\u017cnego w Polsce po\u0142udniowo-wschodniej do ko\u0144ca XX wieku). Poza wspomnieniami b\u0119dzie zawiera\u0142 dotycz\u0105ce tamtych lat materia\u0142y i dokumenty archiwalne oraz fotografie.<\/p>\n\n\n\n<p class=\"wp-block-paragraph\"><strong>W okresie od maja do listopada PTK organizuje cykl 7 sesji popularnonaukowych<\/strong> <strong>pt. \u201eWydarzenia i ludzie XIX i XX wieku \u2013 Przemy\u015bl, Ziemia Przemyska i Podkarpacie w<\/strong> <strong>Europie Karpat\u201d.<\/strong><\/p>\n\n\n\n<p class=\"wp-block-paragraph\">Do udzia\u0142u w sesjach zostali zaproszeni profesorowie, historycy oraz osobisto\u015bci \u2013 znawcy tematyki zar\u00f3wno z Polski, jak i zagranicy. Konferencje odbywaj\u0105 si\u0119 w ramach projektu \u201eMecenat Kulturalny\u201d i zosta\u0142y dofinansowane przez wojew\u00f3dztwo podkarpackie \u2013 Urz\u0105d Marsza\u0142kowski w Rzeszowie.<\/p>\n\n\n\n<p class=\"wp-block-paragraph\"><strong>Do 30 pa\u017adziernika br. odby\u0142o si\u0119 pi\u0119\u0107 spotka\u0144:<\/strong><\/p>\n\n\n\n<p class=\"wp-block-paragraph\">&#8211; 13 maja 2022, Krasiczyn \u2013 konferencja Europa Karpat \u2013 dwa panele, podczas kt\u00f3rych dyskutowano o r\u00f3\u017cnorodno\u015bci Karpat i cywilizacyjnych w\u0119dr\u00f3wkach poprzez karpackie kraje<\/p>\n\n\n\n<p class=\"wp-block-paragraph\">&#8211; 3 lipca 2022, Cisowa \u2013 dwie sesje po\u015bwi\u0119cone dziedzictwu kulturowo-przyrodniczemu i obrazom Karpat w tw\u00f3rczo\u015bci wybitnych postaci (wsp\u00f3\u0142organizator \u2013 Zak\u0142ad Fizjografii i Arboretum Bolestraszyce, dyr. Narcyz Pi\u00f3recki).<\/p>\n\n\n\n<p class=\"wp-block-paragraph\">&#8211; 30 lipca 2022, Kalwaria Pac\u0142awska \u2013 spotkanie po\u015bwi\u0119cone wybitnym postaciom Ko\u015bcio\u0142a.<\/p>\n\n\n\n<p class=\"wp-block-paragraph\">&#8211; 17 wrze\u015bnia 2022 , Myczkowce \u2013 sesja dotycz\u0105ca bogactwa geologicznego Karpat, przyrodolecznictwa i zielarstwa.<\/p>\n\n\n\n<p class=\"wp-block-paragraph\">&#8211; 23 pa\u017adziernika 2022, Muczne \u2013 spotkanie dotycz\u0105ce Konwencji Karpackiej, turystyki g\u00f3rskiej, uruchomienia przej\u015bcia granicznego w Wo\u0142osatem (wsp\u00f3\u0142organizator \u2013 starosta bieszczadzki Marek Andruch).<\/p>\n\n\n\n<p class=\"wp-block-paragraph\">Realizacja projektu odbywa si\u0119 w ramach konkursu \u201ePatriotyzm Jutra\u201d finansowanego przez Muzeum Historii Polski w Warszawie.<\/p>\n\n\n\n<figure class=\"wp-block-image size-large\"><a href=\"https:\/\/marekkuchcinski.pl\/wp-content\/uploads\/2022\/10\/312394067_527703249175570_6497157673933504624_n.jpg\"><img fetchpriority=\"high\" decoding=\"async\" width=\"1024\" height=\"645\" src=\"https:\/\/marekkuchcinski.pl\/wp-content\/uploads\/2022\/10\/312394067_527703249175570_6497157673933504624_n-1024x645.jpg\" alt=\"\" class=\"wp-image-26823\" srcset=\"https:\/\/marekkuchcinski.pl\/wp-content\/uploads\/2022\/10\/312394067_527703249175570_6497157673933504624_n-1024x645.jpg 1024w, https:\/\/marekkuchcinski.pl\/wp-content\/uploads\/2022\/10\/312394067_527703249175570_6497157673933504624_n-300x189.jpg 300w, https:\/\/marekkuchcinski.pl\/wp-content\/uploads\/2022\/10\/312394067_527703249175570_6497157673933504624_n-768x484.jpg 768w, https:\/\/marekkuchcinski.pl\/wp-content\/uploads\/2022\/10\/312394067_527703249175570_6497157673933504624_n-1536x967.jpg 1536w, https:\/\/marekkuchcinski.pl\/wp-content\/uploads\/2022\/10\/312394067_527703249175570_6497157673933504624_n-18x12.jpg 18w, https:\/\/marekkuchcinski.pl\/wp-content\/uploads\/2022\/10\/312394067_527703249175570_6497157673933504624_n.jpg 1726w\" sizes=\"(max-width: 1024px) 100vw, 1024px\" \/><\/a><\/figure>\n\n\n\n<figure class=\"wp-block-image size-large\"><a href=\"https:\/\/marekkuchcinski.pl\/wp-content\/uploads\/2022\/10\/312603602_527703325842229_3213401330243488550_n.jpg\"><img decoding=\"async\" width=\"1024\" height=\"581\" src=\"https:\/\/marekkuchcinski.pl\/wp-content\/uploads\/2022\/10\/312603602_527703325842229_3213401330243488550_n-1024x581.jpg\" alt=\"\" class=\"wp-image-26824\" srcset=\"https:\/\/marekkuchcinski.pl\/wp-content\/uploads\/2022\/10\/312603602_527703325842229_3213401330243488550_n-1024x581.jpg 1024w, https:\/\/marekkuchcinski.pl\/wp-content\/uploads\/2022\/10\/312603602_527703325842229_3213401330243488550_n-300x170.jpg 300w, https:\/\/marekkuchcinski.pl\/wp-content\/uploads\/2022\/10\/312603602_527703325842229_3213401330243488550_n-768x436.jpg 768w, https:\/\/marekkuchcinski.pl\/wp-content\/uploads\/2022\/10\/312603602_527703325842229_3213401330243488550_n-1536x872.jpg 1536w, https:\/\/marekkuchcinski.pl\/wp-content\/uploads\/2022\/10\/312603602_527703325842229_3213401330243488550_n-18x10.jpg 18w, https:\/\/marekkuchcinski.pl\/wp-content\/uploads\/2022\/10\/312603602_527703325842229_3213401330243488550_n.jpg 1600w\" sizes=\"(max-width: 1024px) 100vw, 1024px\" \/><\/a><\/figure>\n\n\n\n<figure class=\"wp-block-image size-large\"><a href=\"https:\/\/marekkuchcinski.pl\/wp-content\/uploads\/2022\/10\/312896556_527703345842227_1088714149107092004_n.jpg\"><img decoding=\"async\" width=\"1024\" height=\"576\" src=\"https:\/\/marekkuchcinski.pl\/wp-content\/uploads\/2022\/10\/312896556_527703345842227_1088714149107092004_n-1024x576.jpg\" alt=\"\" class=\"wp-image-26825\" srcset=\"https:\/\/marekkuchcinski.pl\/wp-content\/uploads\/2022\/10\/312896556_527703345842227_1088714149107092004_n-1024x576.jpg 1024w, https:\/\/marekkuchcinski.pl\/wp-content\/uploads\/2022\/10\/312896556_527703345842227_1088714149107092004_n-300x169.jpg 300w, https:\/\/marekkuchcinski.pl\/wp-content\/uploads\/2022\/10\/312896556_527703345842227_1088714149107092004_n-768x432.jpg 768w, https:\/\/marekkuchcinski.pl\/wp-content\/uploads\/2022\/10\/312896556_527703345842227_1088714149107092004_n-1536x864.jpg 1536w, https:\/\/marekkuchcinski.pl\/wp-content\/uploads\/2022\/10\/312896556_527703345842227_1088714149107092004_n-18x10.jpg 18w, https:\/\/marekkuchcinski.pl\/wp-content\/uploads\/2022\/10\/312896556_527703345842227_1088714149107092004_n.jpg 1600w\" sizes=\"(max-width: 1024px) 100vw, 1024px\" \/><\/a><\/figure>\n\n\n\n<figure class=\"wp-block-image size-full\"><a href=\"https:\/\/marekkuchcinski.pl\/wp-content\/uploads\/2022\/10\/313175104_527703042508924_5127385393334048956_n.jpg\"><img loading=\"lazy\" decoding=\"async\" width=\"960\" height=\"623\" src=\"https:\/\/marekkuchcinski.pl\/wp-content\/uploads\/2022\/10\/313175104_527703042508924_5127385393334048956_n.jpg\" alt=\"\" class=\"wp-image-26826\" srcset=\"https:\/\/marekkuchcinski.pl\/wp-content\/uploads\/2022\/10\/313175104_527703042508924_5127385393334048956_n.jpg 960w, https:\/\/marekkuchcinski.pl\/wp-content\/uploads\/2022\/10\/313175104_527703042508924_5127385393334048956_n-300x195.jpg 300w, https:\/\/marekkuchcinski.pl\/wp-content\/uploads\/2022\/10\/313175104_527703042508924_5127385393334048956_n-768x498.jpg 768w, https:\/\/marekkuchcinski.pl\/wp-content\/uploads\/2022\/10\/313175104_527703042508924_5127385393334048956_n-18x12.jpg 18w\" sizes=\"(max-width: 960px) 100vw, 960px\" \/><\/a><\/figure>","protected":false},"excerpt":{"rendered":"<p>W niedziel\u0119 30 pa\u017adziernika w nowym lokalu \u00a0\u2013 przy Wybrze\u017cu Marsza\u0142ka J\u00f3zefa Pi\u0142sudskiego w Przemy\u015blu \u2013 spotkali si\u0119 cz\u0142onkowie Przemyskiego Towarzystwa Kulturalnego, by podsumowa\u0107 dotychczasow\u0105 dzia\u0142alno\u015b\u0107, nakre\u015bli\u0107 plany na przysz\u0142o\u015b\u0107 i wybra\u0107 nowego prezesa, kt\u00f3rym zosta\u0142 dr Jan Musia\u0142. Pocz\u0105tki PTK si\u0119gaj\u0105 lat 80. i dzia\u0142alno\u015bci niezale\u017cnego \u015brodowiska utworzonego podczas Dni Kultury Chrze\u015bcija\u0144skiej, skupiaj\u0105cego ludzi [&hellip;]<\/p>\n","protected":false},"author":3,"featured_media":26823,"comment_status":"open","ping_status":"open","sticky":false,"template":"","format":"standard","meta":{"ngg_post_thumbnail":0,"footnotes":""},"categories":[49,3],"tags":[],"class_list":["post-26820","post","type-post","status-publish","format-standard","has-post-thumbnail","hentry","category-podkarpacie","category-wydarzenia"],"yoast_head":"<!-- This site is optimized with the Yoast SEO plugin v28.4 - https:\/\/yoast.com\/product\/yoast-seo-wordpress\/ -->\n<title>Przemyskie Towarzystwo Kulturalne \u2013 dzia\u0142ania na rzecz rozwoju, kultury i ochrony przyrody &#8211; Marek Kuchci\u0144ski<\/title>\n<meta name=\"robots\" content=\"index, follow, max-snippet:-1, max-image-preview:large, max-video-preview:-1\" \/>\n<link rel=\"canonical\" href=\"https:\/\/marekkuchcinski.pl\/cs\/wydarzenia\/przemyskie-towarzystwo-kulturalne-dzialania-na-rzecz-rozwoju-kultury-i-ochrony-przyrody\/\" \/>\n<meta property=\"og:locale\" content=\"cs_CZ\" \/>\n<meta property=\"og:type\" content=\"article\" \/>\n<meta property=\"og:title\" content=\"Przemyskie Towarzystwo Kulturalne \u2013 dzia\u0142ania na rzecz rozwoju, kultury i ochrony przyrody &#8211; Marek Kuchci\u0144ski\" \/>\n<meta property=\"og:description\" content=\"W niedziel\u0119 30 pa\u017adziernika w nowym lokalu \u00a0\u2013 przy Wybrze\u017cu Marsza\u0142ka J\u00f3zefa Pi\u0142sudskiego w Przemy\u015blu \u2013 spotkali si\u0119 cz\u0142onkowie Przemyskiego Towarzystwa Kulturalnego, by podsumowa\u0107 dotychczasow\u0105 dzia\u0142alno\u015b\u0107, nakre\u015bli\u0107 plany na przysz\u0142o\u015b\u0107 i wybra\u0107 nowego prezesa, kt\u00f3rym zosta\u0142 dr Jan Musia\u0142. Pocz\u0105tki PTK si\u0119gaj\u0105 lat 80. i dzia\u0142alno\u015bci niezale\u017cnego \u015brodowiska utworzonego podczas Dni Kultury Chrze\u015bcija\u0144skiej, skupiaj\u0105cego ludzi [&hellip;]\" \/>\n<meta property=\"og:url\" content=\"https:\/\/marekkuchcinski.pl\/cs\/wydarzenia\/przemyskie-towarzystwo-kulturalne-dzialania-na-rzecz-rozwoju-kultury-i-ochrony-przyrody\/\" \/>\n<meta property=\"og:site_name\" content=\"Marek Kuchci\u0144ski\" \/>\n<meta property=\"article:published_time\" content=\"2022-10-31T11:52:47+00:00\" \/>\n<meta property=\"article:modified_time\" content=\"2022-10-31T12:23:34+00:00\" \/>\n<meta property=\"og:image\" content=\"https:\/\/marekkuchcinski.pl\/wp-content\/uploads\/2022\/10\/312394067_527703249175570_6497157673933504624_n.jpg\" \/>\n\t<meta property=\"og:image:width\" content=\"1726\" \/>\n\t<meta property=\"og:image:height\" content=\"1087\" \/>\n\t<meta property=\"og:image:type\" content=\"image\/jpeg\" \/>\n<meta name=\"author\" content=\"Marta Olejnik\" \/>\n<meta name=\"twitter:card\" content=\"summary_large_image\" \/>\n<meta name=\"twitter:label1\" content=\"Written by\" \/>\n\t<meta name=\"twitter:data1\" content=\"Marta Olejnik\" \/>\n\t<meta name=\"twitter:label2\" content=\"Est. reading time\" \/>\n\t<meta name=\"twitter:data2\" content=\"3 minutes\" \/>\n<script type=\"application\/ld+json\" class=\"yoast-schema-graph\">{\"@context\":\"https:\\\/\\\/schema.org\",\"@graph\":[{\"@type\":\"Article\",\"@id\":\"https:\\\/\\\/marekkuchcinski.pl\\\/wydarzenia\\\/przemyskie-towarzystwo-kulturalne-dzialania-na-rzecz-rozwoju-kultury-i-ochrony-przyrody\\\/#article\",\"isPartOf\":{\"@id\":\"https:\\\/\\\/marekkuchcinski.pl\\\/wydarzenia\\\/przemyskie-towarzystwo-kulturalne-dzialania-na-rzecz-rozwoju-kultury-i-ochrony-przyrody\\\/\"},\"author\":{\"name\":\"Marta Olejnik\",\"@id\":\"https:\\\/\\\/marekkuchcinski.pl\\\/#\\\/schema\\\/person\\\/bd3f15dee67fee76e83c8350d0154101\"},\"headline\":\"Przemyskie Towarzystwo Kulturalne \u2013 dzia\u0142ania na rzecz rozwoju, kultury i ochrony przyrody\",\"datePublished\":\"2022-10-31T11:52:47+00:00\",\"dateModified\":\"2022-10-31T12:23:34+00:00\",\"mainEntityOfPage\":{\"@id\":\"https:\\\/\\\/marekkuchcinski.pl\\\/wydarzenia\\\/przemyskie-towarzystwo-kulturalne-dzialania-na-rzecz-rozwoju-kultury-i-ochrony-przyrody\\\/\"},\"wordCount\":592,\"commentCount\":0,\"publisher\":{\"@id\":\"https:\\\/\\\/marekkuchcinski.pl\\\/#organization\"},\"image\":{\"@id\":\"https:\\\/\\\/marekkuchcinski.pl\\\/wydarzenia\\\/przemyskie-towarzystwo-kulturalne-dzialania-na-rzecz-rozwoju-kultury-i-ochrony-przyrody\\\/#primaryimage\"},\"thumbnailUrl\":\"https:\\\/\\\/marekkuchcinski.pl\\\/wp-content\\\/uploads\\\/2022\\\/10\\\/312394067_527703249175570_6497157673933504624_n.jpg\",\"articleSection\":[\"Podkarpacie\",\"Wydarzenia\"],\"inLanguage\":\"cs-CZ\",\"potentialAction\":[{\"@type\":\"CommentAction\",\"name\":\"Comment\",\"target\":[\"https:\\\/\\\/marekkuchcinski.pl\\\/wydarzenia\\\/przemyskie-towarzystwo-kulturalne-dzialania-na-rzecz-rozwoju-kultury-i-ochrony-przyrody\\\/#respond\"]}]},{\"@type\":\"WebPage\",\"@id\":\"https:\\\/\\\/marekkuchcinski.pl\\\/wydarzenia\\\/przemyskie-towarzystwo-kulturalne-dzialania-na-rzecz-rozwoju-kultury-i-ochrony-przyrody\\\/\",\"url\":\"https:\\\/\\\/marekkuchcinski.pl\\\/wydarzenia\\\/przemyskie-towarzystwo-kulturalne-dzialania-na-rzecz-rozwoju-kultury-i-ochrony-przyrody\\\/\",\"name\":\"Przemyskie Towarzystwo Kulturalne \u2013 dzia\u0142ania na rzecz rozwoju, kultury i ochrony przyrody &#8211; Marek Kuchci\u0144ski\",\"isPartOf\":{\"@id\":\"https:\\\/\\\/marekkuchcinski.pl\\\/#website\"},\"primaryImageOfPage\":{\"@id\":\"https:\\\/\\\/marekkuchcinski.pl\\\/wydarzenia\\\/przemyskie-towarzystwo-kulturalne-dzialania-na-rzecz-rozwoju-kultury-i-ochrony-przyrody\\\/#primaryimage\"},\"image\":{\"@id\":\"https:\\\/\\\/marekkuchcinski.pl\\\/wydarzenia\\\/przemyskie-towarzystwo-kulturalne-dzialania-na-rzecz-rozwoju-kultury-i-ochrony-przyrody\\\/#primaryimage\"},\"thumbnailUrl\":\"https:\\\/\\\/marekkuchcinski.pl\\\/wp-content\\\/uploads\\\/2022\\\/10\\\/312394067_527703249175570_6497157673933504624_n.jpg\",\"datePublished\":\"2022-10-31T11:52:47+00:00\",\"dateModified\":\"2022-10-31T12:23:34+00:00\",\"breadcrumb\":{\"@id\":\"https:\\\/\\\/marekkuchcinski.pl\\\/wydarzenia\\\/przemyskie-towarzystwo-kulturalne-dzialania-na-rzecz-rozwoju-kultury-i-ochrony-przyrody\\\/#breadcrumb\"},\"inLanguage\":\"cs-CZ\",\"potentialAction\":[{\"@type\":\"ReadAction\",\"target\":[\"https:\\\/\\\/marekkuchcinski.pl\\\/wydarzenia\\\/przemyskie-towarzystwo-kulturalne-dzialania-na-rzecz-rozwoju-kultury-i-ochrony-przyrody\\\/\"]}]},{\"@type\":\"ImageObject\",\"inLanguage\":\"cs-CZ\",\"@id\":\"https:\\\/\\\/marekkuchcinski.pl\\\/wydarzenia\\\/przemyskie-towarzystwo-kulturalne-dzialania-na-rzecz-rozwoju-kultury-i-ochrony-przyrody\\\/#primaryimage\",\"url\":\"https:\\\/\\\/marekkuchcinski.pl\\\/wp-content\\\/uploads\\\/2022\\\/10\\\/312394067_527703249175570_6497157673933504624_n.jpg\",\"contentUrl\":\"https:\\\/\\\/marekkuchcinski.pl\\\/wp-content\\\/uploads\\\/2022\\\/10\\\/312394067_527703249175570_6497157673933504624_n.jpg\",\"width\":1726,\"height\":1087},{\"@type\":\"BreadcrumbList\",\"@id\":\"https:\\\/\\\/marekkuchcinski.pl\\\/wydarzenia\\\/przemyskie-towarzystwo-kulturalne-dzialania-na-rzecz-rozwoju-kultury-i-ochrony-przyrody\\\/#breadcrumb\",\"itemListElement\":[{\"@type\":\"ListItem\",\"position\":1,\"name\":\"Strona g\u0142\u00f3wna\",\"item\":\"https:\\\/\\\/marekkuchcinski.pl\\\/\"},{\"@type\":\"ListItem\",\"position\":2,\"name\":\"Przemyskie Towarzystwo Kulturalne \u2013 dzia\u0142ania na rzecz rozwoju, kultury i ochrony przyrody\"}]},{\"@type\":\"WebSite\",\"@id\":\"https:\\\/\\\/marekkuchcinski.pl\\\/#website\",\"url\":\"https:\\\/\\\/marekkuchcinski.pl\\\/\",\"name\":\"Marek Kuchci\u0144ski\",\"description\":\"Marek Kuchci\u0144ski \",\"publisher\":{\"@id\":\"https:\\\/\\\/marekkuchcinski.pl\\\/#organization\"},\"potentialAction\":[{\"@type\":\"SearchAction\",\"target\":{\"@type\":\"EntryPoint\",\"urlTemplate\":\"https:\\\/\\\/marekkuchcinski.pl\\\/?s={search_term_string}\"},\"query-input\":{\"@type\":\"PropertyValueSpecification\",\"valueRequired\":true,\"valueName\":\"search_term_string\"}}],\"inLanguage\":\"cs-CZ\"},{\"@type\":\"Organization\",\"@id\":\"https:\\\/\\\/marekkuchcinski.pl\\\/#organization\",\"name\":\"Marek Kuchci\u0144ski\",\"url\":\"https:\\\/\\\/marekkuchcinski.pl\\\/\",\"logo\":{\"@type\":\"ImageObject\",\"inLanguage\":\"cs-CZ\",\"@id\":\"https:\\\/\\\/marekkuchcinski.pl\\\/#\\\/schema\\\/logo\\\/image\\\/\",\"url\":\"https:\\\/\\\/marekkuchcinski.pl\\\/wp-content\\\/uploads\\\/2022\\\/09\\\/Marek.jpg\",\"contentUrl\":\"https:\\\/\\\/marekkuchcinski.pl\\\/wp-content\\\/uploads\\\/2022\\\/09\\\/Marek.jpg\",\"width\":1600,\"height\":971,\"caption\":\"Marek Kuchci\u0144ski\"},\"image\":{\"@id\":\"https:\\\/\\\/marekkuchcinski.pl\\\/#\\\/schema\\\/logo\\\/image\\\/\"}},{\"@type\":\"Person\",\"@id\":\"https:\\\/\\\/marekkuchcinski.pl\\\/#\\\/schema\\\/person\\\/bd3f15dee67fee76e83c8350d0154101\",\"name\":\"Marta Olejnik\",\"image\":{\"@type\":\"ImageObject\",\"inLanguage\":\"cs-CZ\",\"@id\":\"https:\\\/\\\/secure.gravatar.com\\\/avatar\\\/24754edd6080383402e292374b406b553027d572e97d60e7aa89a6940e88659a?s=96&d=mm&r=g\",\"url\":\"https:\\\/\\\/secure.gravatar.com\\\/avatar\\\/24754edd6080383402e292374b406b553027d572e97d60e7aa89a6940e88659a?s=96&d=mm&r=g\",\"contentUrl\":\"https:\\\/\\\/secure.gravatar.com\\\/avatar\\\/24754edd6080383402e292374b406b553027d572e97d60e7aa89a6940e88659a?s=96&d=mm&r=g\",\"caption\":\"Marta Olejnik\"},\"url\":\"https:\\\/\\\/marekkuchcinski.pl\\\/cs\\\/author\\\/marta\\\/\"}]}<\/script>\n<!-- \/ Yoast SEO plugin. -->","yoast_head_json":{"title":"Przemyskie Towarzystwo Kulturalne \u2013 dzia\u0142ania na rzecz rozwoju, kultury i ochrony przyrody &#8211; Marek Kuchci\u0144ski","robots":{"index":"index","follow":"follow","max-snippet":"max-snippet:-1","max-image-preview":"max-image-preview:large","max-video-preview":"max-video-preview:-1"},"canonical":"https:\/\/marekkuchcinski.pl\/cs\/wydarzenia\/przemyskie-towarzystwo-kulturalne-dzialania-na-rzecz-rozwoju-kultury-i-ochrony-przyrody\/","og_locale":"cs_CZ","og_type":"article","og_title":"Przemyskie Towarzystwo Kulturalne \u2013 dzia\u0142ania na rzecz rozwoju, kultury i ochrony przyrody &#8211; Marek Kuchci\u0144ski","og_description":"W niedziel\u0119 30 pa\u017adziernika w nowym lokalu \u00a0\u2013 przy Wybrze\u017cu Marsza\u0142ka J\u00f3zefa Pi\u0142sudskiego w Przemy\u015blu \u2013 spotkali si\u0119 cz\u0142onkowie Przemyskiego Towarzystwa Kulturalnego, by podsumowa\u0107 dotychczasow\u0105 dzia\u0142alno\u015b\u0107, nakre\u015bli\u0107 plany na przysz\u0142o\u015b\u0107 i wybra\u0107 nowego prezesa, kt\u00f3rym zosta\u0142 dr Jan Musia\u0142. Pocz\u0105tki PTK si\u0119gaj\u0105 lat 80. i dzia\u0142alno\u015bci niezale\u017cnego \u015brodowiska utworzonego podczas Dni Kultury Chrze\u015bcija\u0144skiej, skupiaj\u0105cego ludzi [&hellip;]","og_url":"https:\/\/marekkuchcinski.pl\/cs\/wydarzenia\/przemyskie-towarzystwo-kulturalne-dzialania-na-rzecz-rozwoju-kultury-i-ochrony-przyrody\/","og_site_name":"Marek Kuchci\u0144ski","article_published_time":"2022-10-31T11:52:47+00:00","article_modified_time":"2022-10-31T12:23:34+00:00","og_image":[{"width":1726,"height":1087,"url":"https:\/\/marekkuchcinski.pl\/wp-content\/uploads\/2022\/10\/312394067_527703249175570_6497157673933504624_n.jpg","type":"image\/jpeg"}],"author":"Marta Olejnik","twitter_card":"summary_large_image","twitter_misc":{"Written by":"Marta Olejnik","Est. reading time":"3 minutes"},"schema":{"@context":"https:\/\/schema.org","@graph":[{"@type":"Article","@id":"https:\/\/marekkuchcinski.pl\/wydarzenia\/przemyskie-towarzystwo-kulturalne-dzialania-na-rzecz-rozwoju-kultury-i-ochrony-przyrody\/#article","isPartOf":{"@id":"https:\/\/marekkuchcinski.pl\/wydarzenia\/przemyskie-towarzystwo-kulturalne-dzialania-na-rzecz-rozwoju-kultury-i-ochrony-przyrody\/"},"author":{"name":"Marta Olejnik","@id":"https:\/\/marekkuchcinski.pl\/#\/schema\/person\/bd3f15dee67fee76e83c8350d0154101"},"headline":"Przemyskie Towarzystwo Kulturalne \u2013 dzia\u0142ania na rzecz rozwoju, kultury i ochrony przyrody","datePublished":"2022-10-31T11:52:47+00:00","dateModified":"2022-10-31T12:23:34+00:00","mainEntityOfPage":{"@id":"https:\/\/marekkuchcinski.pl\/wydarzenia\/przemyskie-towarzystwo-kulturalne-dzialania-na-rzecz-rozwoju-kultury-i-ochrony-przyrody\/"},"wordCount":592,"commentCount":0,"publisher":{"@id":"https:\/\/marekkuchcinski.pl\/#organization"},"image":{"@id":"https:\/\/marekkuchcinski.pl\/wydarzenia\/przemyskie-towarzystwo-kulturalne-dzialania-na-rzecz-rozwoju-kultury-i-ochrony-przyrody\/#primaryimage"},"thumbnailUrl":"https:\/\/marekkuchcinski.pl\/wp-content\/uploads\/2022\/10\/312394067_527703249175570_6497157673933504624_n.jpg","articleSection":["Podkarpacie","Wydarzenia"],"inLanguage":"cs-CZ","potentialAction":[{"@type":"CommentAction","name":"Comment","target":["https:\/\/marekkuchcinski.pl\/wydarzenia\/przemyskie-towarzystwo-kulturalne-dzialania-na-rzecz-rozwoju-kultury-i-ochrony-przyrody\/#respond"]}]},{"@type":"WebPage","@id":"https:\/\/marekkuchcinski.pl\/wydarzenia\/przemyskie-towarzystwo-kulturalne-dzialania-na-rzecz-rozwoju-kultury-i-ochrony-przyrody\/","url":"https:\/\/marekkuchcinski.pl\/wydarzenia\/przemyskie-towarzystwo-kulturalne-dzialania-na-rzecz-rozwoju-kultury-i-ochrony-przyrody\/","name":"Przemyskie Towarzystwo Kulturalne \u2013 dzia\u0142ania na rzecz rozwoju, kultury i ochrony przyrody &#8211; Marek Kuchci\u0144ski","isPartOf":{"@id":"https:\/\/marekkuchcinski.pl\/#website"},"primaryImageOfPage":{"@id":"https:\/\/marekkuchcinski.pl\/wydarzenia\/przemyskie-towarzystwo-kulturalne-dzialania-na-rzecz-rozwoju-kultury-i-ochrony-przyrody\/#primaryimage"},"image":{"@id":"https:\/\/marekkuchcinski.pl\/wydarzenia\/przemyskie-towarzystwo-kulturalne-dzialania-na-rzecz-rozwoju-kultury-i-ochrony-przyrody\/#primaryimage"},"thumbnailUrl":"https:\/\/marekkuchcinski.pl\/wp-content\/uploads\/2022\/10\/312394067_527703249175570_6497157673933504624_n.jpg","datePublished":"2022-10-31T11:52:47+00:00","dateModified":"2022-10-31T12:23:34+00:00","breadcrumb":{"@id":"https:\/\/marekkuchcinski.pl\/wydarzenia\/przemyskie-towarzystwo-kulturalne-dzialania-na-rzecz-rozwoju-kultury-i-ochrony-przyrody\/#breadcrumb"},"inLanguage":"cs-CZ","potentialAction":[{"@type":"ReadAction","target":["https:\/\/marekkuchcinski.pl\/wydarzenia\/przemyskie-towarzystwo-kulturalne-dzialania-na-rzecz-rozwoju-kultury-i-ochrony-przyrody\/"]}]},{"@type":"ImageObject","inLanguage":"cs-CZ","@id":"https:\/\/marekkuchcinski.pl\/wydarzenia\/przemyskie-towarzystwo-kulturalne-dzialania-na-rzecz-rozwoju-kultury-i-ochrony-przyrody\/#primaryimage","url":"https:\/\/marekkuchcinski.pl\/wp-content\/uploads\/2022\/10\/312394067_527703249175570_6497157673933504624_n.jpg","contentUrl":"https:\/\/marekkuchcinski.pl\/wp-content\/uploads\/2022\/10\/312394067_527703249175570_6497157673933504624_n.jpg","width":1726,"height":1087},{"@type":"BreadcrumbList","@id":"https:\/\/marekkuchcinski.pl\/wydarzenia\/przemyskie-towarzystwo-kulturalne-dzialania-na-rzecz-rozwoju-kultury-i-ochrony-przyrody\/#breadcrumb","itemListElement":[{"@type":"ListItem","position":1,"name":"Strona g\u0142\u00f3wna","item":"https:\/\/marekkuchcinski.pl\/"},{"@type":"ListItem","position":2,"name":"Przemyskie Towarzystwo Kulturalne \u2013 dzia\u0142ania na rzecz rozwoju, kultury i ochrony przyrody"}]},{"@type":"WebSite","@id":"https:\/\/marekkuchcinski.pl\/#website","url":"https:\/\/marekkuchcinski.pl\/","name":"Marek Kuchci\u0144ski","description":"Marek Kuchci\u0144ski","publisher":{"@id":"https:\/\/marekkuchcinski.pl\/#organization"},"potentialAction":[{"@type":"SearchAction","target":{"@type":"EntryPoint","urlTemplate":"https:\/\/marekkuchcinski.pl\/?s={search_term_string}"},"query-input":{"@type":"PropertyValueSpecification","valueRequired":true,"valueName":"search_term_string"}}],"inLanguage":"cs-CZ"},{"@type":"Organization","@id":"https:\/\/marekkuchcinski.pl\/#organization","name":"Marek Kuchci\u0144ski","url":"https:\/\/marekkuchcinski.pl\/","logo":{"@type":"ImageObject","inLanguage":"cs-CZ","@id":"https:\/\/marekkuchcinski.pl\/#\/schema\/logo\/image\/","url":"https:\/\/marekkuchcinski.pl\/wp-content\/uploads\/2022\/09\/Marek.jpg","contentUrl":"https:\/\/marekkuchcinski.pl\/wp-content\/uploads\/2022\/09\/Marek.jpg","width":1600,"height":971,"caption":"Marek Kuchci\u0144ski"},"image":{"@id":"https:\/\/marekkuchcinski.pl\/#\/schema\/logo\/image\/"}},{"@type":"Person","@id":"https:\/\/marekkuchcinski.pl\/#\/schema\/person\/bd3f15dee67fee76e83c8350d0154101","name":"Marta Olejnik","image":{"@type":"ImageObject","inLanguage":"cs-CZ","@id":"https:\/\/secure.gravatar.com\/avatar\/24754edd6080383402e292374b406b553027d572e97d60e7aa89a6940e88659a?s=96&d=mm&r=g","url":"https:\/\/secure.gravatar.com\/avatar\/24754edd6080383402e292374b406b553027d572e97d60e7aa89a6940e88659a?s=96&d=mm&r=g","contentUrl":"https:\/\/secure.gravatar.com\/avatar\/24754edd6080383402e292374b406b553027d572e97d60e7aa89a6940e88659a?s=96&d=mm&r=g","caption":"Marta Olejnik"},"url":"https:\/\/marekkuchcinski.pl\/cs\/author\/marta\/"}]}},"_links":{"self":[{"href":"https:\/\/marekkuchcinski.pl\/cs\/wp-json\/wp\/v2\/posts\/26820","targetHints":{"allow":["GET"]}}],"collection":[{"href":"https:\/\/marekkuchcinski.pl\/cs\/wp-json\/wp\/v2\/posts"}],"about":[{"href":"https:\/\/marekkuchcinski.pl\/cs\/wp-json\/wp\/v2\/types\/post"}],"author":[{"embeddable":true,"href":"https:\/\/marekkuchcinski.pl\/cs\/wp-json\/wp\/v2\/users\/3"}],"replies":[{"embeddable":true,"href":"https:\/\/marekkuchcinski.pl\/cs\/wp-json\/wp\/v2\/comments?post=26820"}],"version-history":[{"count":8,"href":"https:\/\/marekkuchcinski.pl\/cs\/wp-json\/wp\/v2\/posts\/26820\/revisions"}],"predecessor-version":[{"id":26836,"href":"https:\/\/marekkuchcinski.pl\/cs\/wp-json\/wp\/v2\/posts\/26820\/revisions\/26836"}],"wp:featuredmedia":[{"embeddable":true,"href":"https:\/\/marekkuchcinski.pl\/cs\/wp-json\/wp\/v2\/media\/26823"}],"wp:attachment":[{"href":"https:\/\/marekkuchcinski.pl\/cs\/wp-json\/wp\/v2\/media?parent=26820"}],"wp:term":[{"taxonomy":"category","embeddable":true,"href":"https:\/\/marekkuchcinski.pl\/cs\/wp-json\/wp\/v2\/categories?post=26820"},{"taxonomy":"post_tag","embeddable":true,"href":"https:\/\/marekkuchcinski.pl\/cs\/wp-json\/wp\/v2\/tags?post=26820"}],"curies":[{"name":"wp","href":"https:\/\/api.w.org\/{rel}","templated":true}]}}