{"id":26595,"date":"2022-10-01T13:18:36","date_gmt":"2022-10-01T11:18:36","guid":{"rendered":"https:\/\/marekkuchcinski.pl\/?p=26595"},"modified":"2022-10-02T00:43:02","modified_gmt":"2022-10-01T22:43:02","slug":"nowa-tarcza-solidarnosciowa-ochroni-przed-wzrostem-cen-energii","status":"publish","type":"post","link":"https:\/\/marekkuchcinski.pl\/cs\/wydarzenia\/nowa-tarcza-solidarnosciowa-ochroni-przed-wzrostem-cen-energii\/","title":{"rendered":"Nov\u00fd solid\u00e1rn\u00ed \u0161t\u00edt ochr\u00e1n\u00ed p\u0159ed zv\u00fd\u0161en\u00edm cen energi\u00ed"},"content":{"rendered":"<p>Sejm p\u0159ijal \u0160t\u00edt solidarity, kter\u00fd stanov\u00ed zmrazen\u00ed cen energi\u00ed:<\/p>\n\n\n\n<p>a\u017e 2 000 kWh ro\u010dn\u011b pro v\u0161echny dom\u00e1cnosti,<\/p>\n\n\n\n<p>a\u017e 2 600 kWh ro\u010dn\u011b pro dom\u00e1cnosti osob se zdravotn\u00edm posti\u017een\u00edm,<\/p>\n\n\n\n<p>a\u017e 3 000 kWh ro\u010dn\u011b pro v\u00edce ne\u017e t\u0159i rodiny - tj. rodiny s velkou rodinnou kartou a zem\u011bd\u011blce.<\/p>\n\n\n\n<p>Dom\u00e1cnosti vyu\u017e\u00edvaj\u00edc\u00ed pelety nebo jin\u00e9 druhy biomasy dostanou 3 000 PLN.<\/p>\n\n\n\n<p>1000 PLN - topen\u00ed kusov\u00fdm d\u0159evem.<\/p>\n\n\n\n<p>500 PLN - zkapaln\u011bn\u00fdm ropn\u00fdm plynem (LPG).<\/p>\n\n\n\n<p>2 000 PLN - s topn\u00fdm olejem.\u00a0<\/p>\n\n\n\n<p>P\u0159\u00edsp\u011bvek bude poskytov\u00e1n dom\u00e1cnostem, jejich\u017e hlavn\u00edm zdrojem vyt\u00e1p\u011bn\u00ed je kotel na pevn\u00e1 paliva, krb, \"kozel\", oh\u0159\u00edva\u010d vzduchu, spor\u00e1k, va\u0159i\u010d nebo kachlov\u00fd spor\u00e1k na pevn\u00e1 paliva nebo kotel na zkapaln\u011bn\u00fd ropn\u00fd plyn (LPG) nebo kotel na olej.<\/p>\n\n\n\n<p>P\u0159\u00edsp\u011bvek se vypl\u00e1c\u00ed podle z\u00e1sady, \u017ee na jednu adresu bydli\u0161t\u011b p\u0159ipad\u00e1 jeden p\u0159\u00edsp\u011bvek.<\/p>\n\n\n\n<p>Podpora bude poskytnuta tak\u00e9 podnik\u016fm, jejich\u017e podnikatelsk\u00e9 aktivity jsou ohro\u017eeny dynamick\u00fdm r\u016fstem n\u00e1klad\u016f na energii a plyn. \u0158e\u0161en\u00ed navr\u017een\u00e1 ve \u0160t\u00edtu po\u010d\u00edtaj\u00ed mimo jin\u00e9 s urychlen\u00edm v\u00fdstavby tzv. p\u0159\u00edm\u00fdch elektrick\u00fdch veden\u00ed. Ty mohou p\u0159ipojit v\u00fdrobn\u00ed jednotky energie, zejm\u00e9na z obnoviteln\u00fdch zdroj\u016f (nap\u0159. v\u011btrn\u00e9 elektr\u00e1rny, vodn\u00ed p\u0159ehrady, sol\u00e1rn\u00ed elektr\u00e1rny), p\u0159\u00edmo ke spot\u0159ebiteli.<\/p>\n\n\n\n<p>Ze zmrazen\u00ed cen budou vylou\u010deni z\u00e1kazn\u00edci, kte\u0159\u00ed ji\u017e d\u0159\u00edve uzav\u0159eli tr\u017en\u00ed smlouvy, je\u017e jim zaru\u010duj\u00ed pevnou cenu elekt\u0159iny v roce 2023.<\/p>\n\n\n\n<p><\/p>\n\n\n\n<figure class=\"wp-block-image size-large\"><a href=\"https:\/\/marekkuchcinski.pl\/wp-content\/uploads\/2022\/10\/IMG_3821-1.jpg\"><img fetchpriority=\"high\" decoding=\"async\" width=\"1024\" height=\"682\" src=\"https:\/\/marekkuchcinski.pl\/wp-content\/uploads\/2022\/10\/IMG_3821-1-1024x682.jpg\" alt=\"\" class=\"wp-image-26597\" srcset=\"https:\/\/marekkuchcinski.pl\/wp-content\/uploads\/2022\/10\/IMG_3821-1-1024x682.jpg 1024w, https:\/\/marekkuchcinski.pl\/wp-content\/uploads\/2022\/10\/IMG_3821-1-300x200.jpg 300w, https:\/\/marekkuchcinski.pl\/wp-content\/uploads\/2022\/10\/IMG_3821-1-768x512.jpg 768w, https:\/\/marekkuchcinski.pl\/wp-content\/uploads\/2022\/10\/IMG_3821-1-1536x1023.jpg 1536w, https:\/\/marekkuchcinski.pl\/wp-content\/uploads\/2022\/10\/IMG_3821-1-18x12.jpg 18w, https:\/\/marekkuchcinski.pl\/wp-content\/uploads\/2022\/10\/IMG_3821-1.jpg 1600w\" sizes=\"(max-width: 1024px) 100vw, 1024px\" \/><\/a><figcaption><em>Foto: Marta Olejnik<\/em><\/figcaption><\/figure>","protected":false},"excerpt":{"rendered":"<p>Sejm p\u0159ijal \u0160t\u00edt solidarity, kter\u00fd stanov\u00ed zmrazen\u00ed cen energi\u00ed: a\u017e 2 000 kWh ro\u010dn\u011b pro v\u0161echny dom\u00e1cnosti, a\u017e 2 600 kWh ro\u010dn\u011b pro dom\u00e1cnosti se zdravotn\u011b posti\u017een\u00fdmi osobami, a\u017e 3 000 kWh ro\u010dn\u011b pro rodiny s t\u0159emi a v\u00edce \u010dleny rodiny, tj. rodiny s pr\u016fkazem velk\u00e9 rodiny a zem\u011bd\u011blce. Dom\u00e1cnostem vyu\u017e\u00edvaj\u00edc\u00edm pelety nebo jin\u00e9 druhy biomasy bude poskytnuto 3 000 PLN. 1 000 PLN - ti, kte\u0159\u00ed top\u00ed d\u0159evem [...].<\/p>","protected":false},"author":21,"featured_media":26597,"comment_status":"open","ping_status":"open","sticky":false,"template":"","format":"standard","meta":{"ngg_post_thumbnail":0,"footnotes":""},"categories":[3],"tags":[],"class_list":["post-26595","post","type-post","status-publish","format-standard","has-post-thumbnail","hentry","category-wydarzenia"],"yoast_head":"<!-- This site is optimized with the Yoast SEO plugin v24.7 - https:\/\/yoast.com\/wordpress\/plugins\/seo\/ -->\n<title>Nowa Tarcza Solidarno\u015bciowa ochroni przed wzrostem cen energii &#8211; Marek Kuchci\u0144ski<\/title>\n<meta name=\"robots\" content=\"index, follow, max-snippet:-1, max-image-preview:large, max-video-preview:-1\" \/>\n<link rel=\"canonical\" href=\"https:\/\/marekkuchcinski.pl\/cs\/wydarzenia\/nowa-tarcza-solidarnosciowa-ochroni-przed-wzrostem-cen-energii\/\" \/>\n<meta property=\"og:locale\" content=\"cs_CZ\" \/>\n<meta property=\"og:type\" content=\"article\" \/>\n<meta property=\"og:title\" content=\"Nowa Tarcza Solidarno\u015bciowa ochroni przed wzrostem cen energii &#8211; Marek Kuchci\u0144ski\" \/>\n<meta property=\"og:description\" content=\"Sejm przyj\u0105\u0142 Tarcz\u0119 Solidarno\u015bciow\u0105, zak\u0142adaj\u0105c\u0105 zamro\u017cenie cen energii: do 2 tys. kWh rocznie dla&nbsp;wszystkich gospodarstw domowych, do 2,6 tys. kWh rocznie dla&nbsp;gospodarstw domowych z&nbsp;osobami z&nbsp;niepe\u0142nosprawno\u015bciami, do 3 tys. kWh rocznie dla&nbsp;rodzin trzy plus \u2013 czyli rodzin z&nbsp;Kart\u0105 Du\u017cej Rodziny oraz&nbsp;rolnik\u00f3w. 3000 z\u0142otych otrzymaj\u0105&nbsp;gospodarstwa domowe korzystaj\u0105ce z pelletu lub innych rodzaj\u00f3w biomasy. 1000 z\u0142otych \u2013ogrzewaj\u0105ce drewnem [&hellip;]\" \/>\n<meta property=\"og:url\" content=\"https:\/\/marekkuchcinski.pl\/cs\/wydarzenia\/nowa-tarcza-solidarnosciowa-ochroni-przed-wzrostem-cen-energii\/\" \/>\n<meta property=\"og:site_name\" content=\"Marek Kuchci\u0144ski\" \/>\n<meta property=\"article:published_time\" content=\"2022-10-01T11:18:36+00:00\" \/>\n<meta property=\"article:modified_time\" content=\"2022-10-01T22:43:02+00:00\" \/>\n<meta property=\"og:image\" content=\"https:\/\/marekkuchcinski.pl\/wp-content\/uploads\/2022\/10\/IMG_3821-1.jpg\" \/>\n\t<meta property=\"og:image:width\" content=\"1600\" \/>\n\t<meta property=\"og:image:height\" content=\"1066\" \/>\n\t<meta property=\"og:image:type\" content=\"image\/jpeg\" \/>\n<meta name=\"author\" content=\"Marta Olejnik\" \/>\n<meta name=\"twitter:card\" content=\"summary_large_image\" \/>\n<meta name=\"twitter:label1\" content=\"Napsal(a)\" \/>\n\t<meta name=\"twitter:data1\" content=\"Marta Olejnik\" \/>\n\t<meta name=\"twitter:label2\" content=\"Odhadovan\u00e1 doba \u010dten\u00ed\" \/>\n\t<meta name=\"twitter:data2\" content=\"2 minuty\" \/>\n<script type=\"application\/ld+json\" class=\"yoast-schema-graph\">{\"@context\":\"https:\/\/schema.org\",\"@graph\":[{\"@type\":\"Article\",\"@id\":\"https:\/\/marekkuchcinski.pl\/uk\/wydarzenia\/nowa-tarcza-solidarnosciowa-ochroni-przed-wzrostem-cen-energii\/#article\",\"isPartOf\":{\"@id\":\"https:\/\/marekkuchcinski.pl\/uk\/wydarzenia\/nowa-tarcza-solidarnosciowa-ochroni-przed-wzrostem-cen-energii\/\"},\"author\":{\"name\":\"Marta Olejnik\",\"@id\":\"https:\/\/marekkuchcinski.pl\/#\/schema\/person\/51d5d4ee3b5317b8e4dd2b48af359229\"},\"headline\":\"Nowa Tarcza Solidarno\u015bciowa ochroni przed wzrostem cen energii\",\"datePublished\":\"2022-10-01T11:18:36+00:00\",\"dateModified\":\"2022-10-01T22:43:02+00:00\",\"mainEntityOfPage\":{\"@id\":\"https:\/\/marekkuchcinski.pl\/uk\/wydarzenia\/nowa-tarcza-solidarnosciowa-ochroni-przed-wzrostem-cen-energii\/\"},\"wordCount\":265,\"commentCount\":0,\"publisher\":{\"@id\":\"https:\/\/marekkuchcinski.pl\/#organization\"},\"image\":{\"@id\":\"https:\/\/marekkuchcinski.pl\/uk\/wydarzenia\/nowa-tarcza-solidarnosciowa-ochroni-przed-wzrostem-cen-energii\/#primaryimage\"},\"thumbnailUrl\":\"https:\/\/marekkuchcinski.pl\/wp-content\/uploads\/2022\/10\/IMG_3821-1.jpg\",\"articleSection\":[\"Wydarzenia\"],\"inLanguage\":\"cs\",\"potentialAction\":[{\"@type\":\"CommentAction\",\"name\":\"Comment\",\"target\":[\"https:\/\/marekkuchcinski.pl\/uk\/wydarzenia\/nowa-tarcza-solidarnosciowa-ochroni-przed-wzrostem-cen-energii\/#respond\"]}]},{\"@type\":\"WebPage\",\"@id\":\"https:\/\/marekkuchcinski.pl\/uk\/wydarzenia\/nowa-tarcza-solidarnosciowa-ochroni-przed-wzrostem-cen-energii\/\",\"url\":\"https:\/\/marekkuchcinski.pl\/uk\/wydarzenia\/nowa-tarcza-solidarnosciowa-ochroni-przed-wzrostem-cen-energii\/\",\"name\":\"Nowa Tarcza Solidarno\u015bciowa ochroni przed wzrostem cen energii &#8211; Marek Kuchci\u0144ski\",\"isPartOf\":{\"@id\":\"https:\/\/marekkuchcinski.pl\/#website\"},\"primaryImageOfPage\":{\"@id\":\"https:\/\/marekkuchcinski.pl\/uk\/wydarzenia\/nowa-tarcza-solidarnosciowa-ochroni-przed-wzrostem-cen-energii\/#primaryimage\"},\"image\":{\"@id\":\"https:\/\/marekkuchcinski.pl\/uk\/wydarzenia\/nowa-tarcza-solidarnosciowa-ochroni-przed-wzrostem-cen-energii\/#primaryimage\"},\"thumbnailUrl\":\"https:\/\/marekkuchcinski.pl\/wp-content\/uploads\/2022\/10\/IMG_3821-1.jpg\",\"datePublished\":\"2022-10-01T11:18:36+00:00\",\"dateModified\":\"2022-10-01T22:43:02+00:00\",\"breadcrumb\":{\"@id\":\"https:\/\/marekkuchcinski.pl\/uk\/wydarzenia\/nowa-tarcza-solidarnosciowa-ochroni-przed-wzrostem-cen-energii\/#breadcrumb\"},\"inLanguage\":\"cs\",\"potentialAction\":[{\"@type\":\"ReadAction\",\"target\":[\"https:\/\/marekkuchcinski.pl\/uk\/wydarzenia\/nowa-tarcza-solidarnosciowa-ochroni-przed-wzrostem-cen-energii\/\"]}]},{\"@type\":\"ImageObject\",\"inLanguage\":\"cs\",\"@id\":\"https:\/\/marekkuchcinski.pl\/uk\/wydarzenia\/nowa-tarcza-solidarnosciowa-ochroni-przed-wzrostem-cen-energii\/#primaryimage\",\"url\":\"https:\/\/marekkuchcinski.pl\/wp-content\/uploads\/2022\/10\/IMG_3821-1.jpg\",\"contentUrl\":\"https:\/\/marekkuchcinski.pl\/wp-content\/uploads\/2022\/10\/IMG_3821-1.jpg\",\"width\":1600,\"height\":1066},{\"@type\":\"BreadcrumbList\",\"@id\":\"https:\/\/marekkuchcinski.pl\/uk\/wydarzenia\/nowa-tarcza-solidarnosciowa-ochroni-przed-wzrostem-cen-energii\/#breadcrumb\",\"itemListElement\":[{\"@type\":\"ListItem\",\"position\":1,\"name\":\"Strona g\u0142\u00f3wna\",\"item\":\"https:\/\/marekkuchcinski.pl\/\"},{\"@type\":\"ListItem\",\"position\":2,\"name\":\"Nowa Tarcza Solidarno\u015bciowa ochroni przed wzrostem cen energii\"}]},{\"@type\":\"WebSite\",\"@id\":\"https:\/\/marekkuchcinski.pl\/#website\",\"url\":\"https:\/\/marekkuchcinski.pl\/\",\"name\":\"Marek Kuchci\u0144ski\",\"description\":\"Pose\u0142 na sejm RP &ndash; okr\u0119g nr 22\",\"publisher\":{\"@id\":\"https:\/\/marekkuchcinski.pl\/#organization\"},\"potentialAction\":[{\"@type\":\"SearchAction\",\"target\":{\"@type\":\"EntryPoint\",\"urlTemplate\":\"https:\/\/marekkuchcinski.pl\/?s={search_term_string}\"},\"query-input\":{\"@type\":\"PropertyValueSpecification\",\"valueRequired\":true,\"valueName\":\"search_term_string\"}}],\"inLanguage\":\"cs\"},{\"@type\":\"Organization\",\"@id\":\"https:\/\/marekkuchcinski.pl\/#organization\",\"name\":\"Marek Kuchci\u0144ski\",\"url\":\"https:\/\/marekkuchcinski.pl\/\",\"logo\":{\"@type\":\"ImageObject\",\"inLanguage\":\"cs\",\"@id\":\"https:\/\/marekkuchcinski.pl\/#\/schema\/logo\/image\/\",\"url\":\"https:\/\/marekkuchcinski.pl\/wp-content\/uploads\/2022\/09\/Marek.jpg\",\"contentUrl\":\"https:\/\/marekkuchcinski.pl\/wp-content\/uploads\/2022\/09\/Marek.jpg\",\"width\":1600,\"height\":971,\"caption\":\"Marek Kuchci\u0144ski\"},\"image\":{\"@id\":\"https:\/\/marekkuchcinski.pl\/#\/schema\/logo\/image\/\"}},{\"@type\":\"Person\",\"@id\":\"https:\/\/marekkuchcinski.pl\/#\/schema\/person\/51d5d4ee3b5317b8e4dd2b48af359229\",\"name\":\"Marta Olejnik\",\"image\":{\"@type\":\"ImageObject\",\"inLanguage\":\"cs\",\"@id\":\"https:\/\/marekkuchcinski.pl\/#\/schema\/person\/image\/\",\"url\":\"https:\/\/secure.gravatar.com\/avatar\/e39914b2aa6a48959e24d475b5dc9793?s=96&d=mm&r=g\",\"contentUrl\":\"https:\/\/secure.gravatar.com\/avatar\/e39914b2aa6a48959e24d475b5dc9793?s=96&d=mm&r=g\",\"caption\":\"Marta Olejnik\"},\"url\":\"https:\/\/marekkuchcinski.pl\/cs\/author\/marta\/\"}]}<\/script>\n<!-- \/ Yoast SEO plugin. -->","yoast_head_json":{"title":"Nowa Tarcza Solidarno\u015bciowa ochroni przed wzrostem cen energii &#8211; Marek Kuchci\u0144ski","robots":{"index":"index","follow":"follow","max-snippet":"max-snippet:-1","max-image-preview":"max-image-preview:large","max-video-preview":"max-video-preview:-1"},"canonical":"https:\/\/marekkuchcinski.pl\/cs\/wydarzenia\/nowa-tarcza-solidarnosciowa-ochroni-przed-wzrostem-cen-energii\/","og_locale":"cs_CZ","og_type":"article","og_title":"Nowa Tarcza Solidarno\u015bciowa ochroni przed wzrostem cen energii &#8211; Marek Kuchci\u0144ski","og_description":"Sejm przyj\u0105\u0142 Tarcz\u0119 Solidarno\u015bciow\u0105, zak\u0142adaj\u0105c\u0105 zamro\u017cenie cen energii: do 2 tys. kWh rocznie dla&nbsp;wszystkich gospodarstw domowych, do 2,6 tys. kWh rocznie dla&nbsp;gospodarstw domowych z&nbsp;osobami z&nbsp;niepe\u0142nosprawno\u015bciami, do 3 tys. kWh rocznie dla&nbsp;rodzin trzy plus \u2013 czyli rodzin z&nbsp;Kart\u0105 Du\u017cej Rodziny oraz&nbsp;rolnik\u00f3w. 3000 z\u0142otych otrzymaj\u0105&nbsp;gospodarstwa domowe korzystaj\u0105ce z pelletu lub innych rodzaj\u00f3w biomasy. 1000 z\u0142otych \u2013ogrzewaj\u0105ce drewnem [&hellip;]","og_url":"https:\/\/marekkuchcinski.pl\/cs\/wydarzenia\/nowa-tarcza-solidarnosciowa-ochroni-przed-wzrostem-cen-energii\/","og_site_name":"Marek Kuchci\u0144ski","article_published_time":"2022-10-01T11:18:36+00:00","article_modified_time":"2022-10-01T22:43:02+00:00","og_image":[{"width":1600,"height":1066,"url":"https:\/\/marekkuchcinski.pl\/wp-content\/uploads\/2022\/10\/IMG_3821-1.jpg","type":"image\/jpeg"}],"author":"Marta Olejnik","twitter_card":"summary_large_image","twitter_misc":{"Napsal(a)":"Marta Olejnik","Odhadovan\u00e1 doba \u010dten\u00ed":"2 minuty"},"schema":{"@context":"https:\/\/schema.org","@graph":[{"@type":"Article","@id":"https:\/\/marekkuchcinski.pl\/uk\/wydarzenia\/nowa-tarcza-solidarnosciowa-ochroni-przed-wzrostem-cen-energii\/#article","isPartOf":{"@id":"https:\/\/marekkuchcinski.pl\/uk\/wydarzenia\/nowa-tarcza-solidarnosciowa-ochroni-przed-wzrostem-cen-energii\/"},"author":{"name":"Marta Olejnik","@id":"https:\/\/marekkuchcinski.pl\/#\/schema\/person\/51d5d4ee3b5317b8e4dd2b48af359229"},"headline":"Nowa Tarcza Solidarno\u015bciowa ochroni przed wzrostem cen energii","datePublished":"2022-10-01T11:18:36+00:00","dateModified":"2022-10-01T22:43:02+00:00","mainEntityOfPage":{"@id":"https:\/\/marekkuchcinski.pl\/uk\/wydarzenia\/nowa-tarcza-solidarnosciowa-ochroni-przed-wzrostem-cen-energii\/"},"wordCount":265,"commentCount":0,"publisher":{"@id":"https:\/\/marekkuchcinski.pl\/#organization"},"image":{"@id":"https:\/\/marekkuchcinski.pl\/uk\/wydarzenia\/nowa-tarcza-solidarnosciowa-ochroni-przed-wzrostem-cen-energii\/#primaryimage"},"thumbnailUrl":"https:\/\/marekkuchcinski.pl\/wp-content\/uploads\/2022\/10\/IMG_3821-1.jpg","articleSection":["Wydarzenia"],"inLanguage":"cs","potentialAction":[{"@type":"CommentAction","name":"Comment","target":["https:\/\/marekkuchcinski.pl\/uk\/wydarzenia\/nowa-tarcza-solidarnosciowa-ochroni-przed-wzrostem-cen-energii\/#respond"]}]},{"@type":"WebPage","@id":"https:\/\/marekkuchcinski.pl\/uk\/wydarzenia\/nowa-tarcza-solidarnosciowa-ochroni-przed-wzrostem-cen-energii\/","url":"https:\/\/marekkuchcinski.pl\/uk\/wydarzenia\/nowa-tarcza-solidarnosciowa-ochroni-przed-wzrostem-cen-energii\/","name":"Nowa Tarcza Solidarno\u015bciowa ochroni przed wzrostem cen energii &#8211; Marek Kuchci\u0144ski","isPartOf":{"@id":"https:\/\/marekkuchcinski.pl\/#website"},"primaryImageOfPage":{"@id":"https:\/\/marekkuchcinski.pl\/uk\/wydarzenia\/nowa-tarcza-solidarnosciowa-ochroni-przed-wzrostem-cen-energii\/#primaryimage"},"image":{"@id":"https:\/\/marekkuchcinski.pl\/uk\/wydarzenia\/nowa-tarcza-solidarnosciowa-ochroni-przed-wzrostem-cen-energii\/#primaryimage"},"thumbnailUrl":"https:\/\/marekkuchcinski.pl\/wp-content\/uploads\/2022\/10\/IMG_3821-1.jpg","datePublished":"2022-10-01T11:18:36+00:00","dateModified":"2022-10-01T22:43:02+00:00","breadcrumb":{"@id":"https:\/\/marekkuchcinski.pl\/uk\/wydarzenia\/nowa-tarcza-solidarnosciowa-ochroni-przed-wzrostem-cen-energii\/#breadcrumb"},"inLanguage":"cs","potentialAction":[{"@type":"ReadAction","target":["https:\/\/marekkuchcinski.pl\/uk\/wydarzenia\/nowa-tarcza-solidarnosciowa-ochroni-przed-wzrostem-cen-energii\/"]}]},{"@type":"ImageObject","inLanguage":"cs","@id":"https:\/\/marekkuchcinski.pl\/uk\/wydarzenia\/nowa-tarcza-solidarnosciowa-ochroni-przed-wzrostem-cen-energii\/#primaryimage","url":"https:\/\/marekkuchcinski.pl\/wp-content\/uploads\/2022\/10\/IMG_3821-1.jpg","contentUrl":"https:\/\/marekkuchcinski.pl\/wp-content\/uploads\/2022\/10\/IMG_3821-1.jpg","width":1600,"height":1066},{"@type":"BreadcrumbList","@id":"https:\/\/marekkuchcinski.pl\/uk\/wydarzenia\/nowa-tarcza-solidarnosciowa-ochroni-przed-wzrostem-cen-energii\/#breadcrumb","itemListElement":[{"@type":"ListItem","position":1,"name":"Strona g\u0142\u00f3wna","item":"https:\/\/marekkuchcinski.pl\/"},{"@type":"ListItem","position":2,"name":"Nowa Tarcza Solidarno\u015bciowa ochroni przed wzrostem cen energii"}]},{"@type":"WebSite","@id":"https:\/\/marekkuchcinski.pl\/#website","url":"https:\/\/marekkuchcinski.pl\/","name":"Marek Kuchci\u0144ski","description":"Pose\u0142 na sejm RP &ndash; okr\u0119g nr 22","publisher":{"@id":"https:\/\/marekkuchcinski.pl\/#organization"},"potentialAction":[{"@type":"SearchAction","target":{"@type":"EntryPoint","urlTemplate":"https:\/\/marekkuchcinski.pl\/?s={search_term_string}"},"query-input":{"@type":"PropertyValueSpecification","valueRequired":true,"valueName":"search_term_string"}}],"inLanguage":"cs"},{"@type":"Organization","@id":"https:\/\/marekkuchcinski.pl\/#organization","name":"Marek Kuchci\u0144ski","url":"https:\/\/marekkuchcinski.pl\/","logo":{"@type":"ImageObject","inLanguage":"cs","@id":"https:\/\/marekkuchcinski.pl\/#\/schema\/logo\/image\/","url":"https:\/\/marekkuchcinski.pl\/wp-content\/uploads\/2022\/09\/Marek.jpg","contentUrl":"https:\/\/marekkuchcinski.pl\/wp-content\/uploads\/2022\/09\/Marek.jpg","width":1600,"height":971,"caption":"Marek Kuchci\u0144ski"},"image":{"@id":"https:\/\/marekkuchcinski.pl\/#\/schema\/logo\/image\/"}},{"@type":"Person","@id":"https:\/\/marekkuchcinski.pl\/#\/schema\/person\/51d5d4ee3b5317b8e4dd2b48af359229","name":"Marta Olejnik","image":{"@type":"ImageObject","inLanguage":"cs","@id":"https:\/\/marekkuchcinski.pl\/#\/schema\/person\/image\/","url":"https:\/\/secure.gravatar.com\/avatar\/e39914b2aa6a48959e24d475b5dc9793?s=96&d=mm&r=g","contentUrl":"https:\/\/secure.gravatar.com\/avatar\/e39914b2aa6a48959e24d475b5dc9793?s=96&d=mm&r=g","caption":"Marta Olejnik"},"url":"https:\/\/marekkuchcinski.pl\/cs\/author\/marta\/"}]}},"_links":{"self":[{"href":"https:\/\/marekkuchcinski.pl\/cs\/wp-json\/wp\/v2\/posts\/26595","targetHints":{"allow":["GET"]}}],"collection":[{"href":"https:\/\/marekkuchcinski.pl\/cs\/wp-json\/wp\/v2\/posts"}],"about":[{"href":"https:\/\/marekkuchcinski.pl\/cs\/wp-json\/wp\/v2\/types\/post"}],"author":[{"embeddable":true,"href":"https:\/\/marekkuchcinski.pl\/cs\/wp-json\/wp\/v2\/users\/21"}],"replies":[{"embeddable":true,"href":"https:\/\/marekkuchcinski.pl\/cs\/wp-json\/wp\/v2\/comments?post=26595"}],"version-history":[{"count":3,"href":"https:\/\/marekkuchcinski.pl\/cs\/wp-json\/wp\/v2\/posts\/26595\/revisions"}],"predecessor-version":[{"id":26601,"href":"https:\/\/marekkuchcinski.pl\/cs\/wp-json\/wp\/v2\/posts\/26595\/revisions\/26601"}],"wp:featuredmedia":[{"embeddable":true,"href":"https:\/\/marekkuchcinski.pl\/cs\/wp-json\/wp\/v2\/media\/26597"}],"wp:attachment":[{"href":"https:\/\/marekkuchcinski.pl\/cs\/wp-json\/wp\/v2\/media?parent=26595"}],"wp:term":[{"taxonomy":"category","embeddable":true,"href":"https:\/\/marekkuchcinski.pl\/cs\/wp-json\/wp\/v2\/categories?post=26595"},{"taxonomy":"post_tag","embeddable":true,"href":"https:\/\/marekkuchcinski.pl\/cs\/wp-json\/wp\/v2\/tags?post=26595"}],"curies":[{"name":"wp","href":"https:\/\/api.w.org\/{rel}","templated":true}]}}