{"id":26519,"date":"2022-09-24T12:41:37","date_gmt":"2022-09-24T10:41:37","guid":{"rendered":"https:\/\/marekkuchcinski.pl\/?p=26519"},"modified":"2022-09-29T22:40:03","modified_gmt":"2022-09-29T20:40:03","slug":"bieszczady-maja-nowa-chatke-puchatka","status":"publish","type":"post","link":"https:\/\/marekkuchcinski.pl\/cs\/wydarzenia\/bieszczady-maja-nowa-chatke-puchatka\/","title":{"rendered":"Bieszczady maj\u00ed novou P\u00faovu ch\u00fd\u0161i"},"content":{"rendered":"<p>Ode dne\u0161ka je na Po\u0142onin\u011b Wetli\u0144sk\u00e9 otev\u0159en nov\u00fd, nejv\u00fd\u0161e polo\u017een\u00fd \u00fakryt v Bieszczadech (1 228 m n. m.), kter\u00fd bude z\u00e1rove\u0148 s\u00eddlem z\u00e1chran\u00e1\u0159\u016f GOPR, N\u00e1rodn\u00ed zdravotnick\u00e9 z\u00e1chrann\u00e9 slu\u017eby a vedle \u00fakrytu bude fungovat meteorologick\u00e9 stanovi\u0161t\u011b IMiGW.<\/p>\n\n\n\n<p>- Jedn\u00e1 se pravd\u011bpodobn\u011b o jedin\u00fd hostel sv\u00e9ho druhu v Polsku. Je to trochu \u0161koda, pokud jde o tyto atmosf\u00e9ry. Modern\u00ed hostel bude jin\u00e1 doba... v tomto ohledu jsem pro \"zachov\u00e1n\u00ed\" toho, co tam je. Tradice. legenda m\u00edsta, lid\u00e9, horsk\u00e9 \"trapersk\u00e9\" podm\u00ednky... - \u0159ekl Marek Kuchci\u0144ski, b\u00fdval\u00fd mar\u0161\u00e1lek Sejmu, p\u0159edseda zahrani\u010dn\u00edho v\u00fdboru, ale tak\u00e9 vedouc\u00ed parlamentn\u00edho t\u00fdmu horsk\u00e9 slu\u017eby, kdy\u017e za\u010daly renova\u010dn\u00ed pr\u00e1ce.<\/p>\n\n\n\n<p>Marek Kuchci\u0144ski dnes tak\u00e9 zd\u016fraz\u0148uje jedine\u010dnost tohoto m\u00edsta:  - Je ikonou pro mnoho generac\u00ed turist\u016f a bieszczadsk\u00fdch v\u00fdletn\u00edk\u016f. Tak\u00e9 kv\u016fli p\u0159edchoz\u00edmu hostiteli chaty Lutkovi Pinczukovi. Chata je tak\u00e9 sou\u010d\u00e1st\u00ed rozs\u00e1hl\u00e9ho a prob\u00edhaj\u00edc\u00edho projektu na rozvoj spolupr\u00e1ce v oblasti cestovn\u00edho ruchu v cel\u00fdch Karpatech, od \u017dywieckich Beskyd a\u017e po rumunsk\u00e9 Karpaty. A st\u00e1v\u00e1 se v\u00fdznamn\u00fdm m\u00edstem pro turisty, stejn\u011b jako B\u00edl\u00fd slon, hv\u011bzd\u00e1rna Jozefa Pilsudsk\u00e9ho na Popa Ivana v \u010cern\u00e9 Ho\u0159e,\" uzav\u0159el mar\u0161\u00e1lek.<\/p>\n\n\n\n<p>Zm\u011bny si vynutila nutnost, po\u017eadavky turist\u016f a bezpe\u010dnost. Atmosf\u00e9ra star\u00e9 P\u00faovy ch\u00fd\u0161e v\u0161ak st\u00e1le p\u0159etrv\u00e1v\u00e1. Koneckonc\u016f ho postavili lid\u00e9. Lutek\u016fv n\u00e1stupce Julian \u010del\u00ed nemal\u00e9 v\u00fdzv\u011b. P\u0159ejeme mu hodn\u011b \u0161t\u011bst\u00ed!<\/p>\n\n\n\n<figure class=\"wp-block-image size-large\"><a href=\"https:\/\/marekkuchcinski.pl\/wp-content\/uploads\/2022\/09\/IMG_1797.jpg\"><img fetchpriority=\"high\" decoding=\"async\" width=\"1024\" height=\"768\" src=\"https:\/\/marekkuchcinski.pl\/wp-content\/uploads\/2022\/09\/IMG_1797-1024x768.jpg\" alt=\"\" class=\"wp-image-26529\" srcset=\"https:\/\/marekkuchcinski.pl\/wp-content\/uploads\/2022\/09\/IMG_1797-1024x768.jpg 1024w, https:\/\/marekkuchcinski.pl\/wp-content\/uploads\/2022\/09\/IMG_1797-300x225.jpg 300w, https:\/\/marekkuchcinski.pl\/wp-content\/uploads\/2022\/09\/IMG_1797-768x576.jpg 768w, https:\/\/marekkuchcinski.pl\/wp-content\/uploads\/2022\/09\/IMG_1797-1536x1152.jpg 1536w, https:\/\/marekkuchcinski.pl\/wp-content\/uploads\/2022\/09\/IMG_1797-16x12.jpg 16w, https:\/\/marekkuchcinski.pl\/wp-content\/uploads\/2022\/09\/IMG_1797.jpg 1600w\" sizes=\"(max-width: 1024px) 100vw, 1024px\" \/><\/a><\/figure>\n\n\n\n<figure class=\"wp-block-image size-full\"><a href=\"https:\/\/marekkuchcinski.pl\/wp-content\/uploads\/2022\/09\/308137364_1244714713030758_5573972521425639831_n-1.jpg\"><img decoding=\"async\" width=\"960\" height=\"582\" src=\"https:\/\/marekkuchcinski.pl\/wp-content\/uploads\/2022\/09\/308137364_1244714713030758_5573972521425639831_n-1.jpg\" alt=\"\" class=\"wp-image-26589\" srcset=\"https:\/\/marekkuchcinski.pl\/wp-content\/uploads\/2022\/09\/308137364_1244714713030758_5573972521425639831_n-1.jpg 960w, https:\/\/marekkuchcinski.pl\/wp-content\/uploads\/2022\/09\/308137364_1244714713030758_5573972521425639831_n-1-300x182.jpg 300w, https:\/\/marekkuchcinski.pl\/wp-content\/uploads\/2022\/09\/308137364_1244714713030758_5573972521425639831_n-1-768x466.jpg 768w, https:\/\/marekkuchcinski.pl\/wp-content\/uploads\/2022\/09\/308137364_1244714713030758_5573972521425639831_n-1-18x12.jpg 18w\" sizes=\"(max-width: 960px) 100vw, 960px\" \/><\/a><\/figure>\n\n\n\n<figure class=\"wp-block-image size-large\"><a href=\"https:\/\/marekkuchcinski.pl\/wp-content\/uploads\/2022\/09\/307883597_1244737909695105_2426419886636149967_n.jpg\"><img decoding=\"async\" width=\"1024\" height=\"576\" src=\"https:\/\/marekkuchcinski.pl\/wp-content\/uploads\/2022\/09\/307883597_1244737909695105_2426419886636149967_n-1024x576.jpg\" alt=\"\" class=\"wp-image-26590\" srcset=\"https:\/\/marekkuchcinski.pl\/wp-content\/uploads\/2022\/09\/307883597_1244737909695105_2426419886636149967_n-1024x576.jpg 1024w, https:\/\/marekkuchcinski.pl\/wp-content\/uploads\/2022\/09\/307883597_1244737909695105_2426419886636149967_n-300x169.jpg 300w, https:\/\/marekkuchcinski.pl\/wp-content\/uploads\/2022\/09\/307883597_1244737909695105_2426419886636149967_n-768x432.jpg 768w, https:\/\/marekkuchcinski.pl\/wp-content\/uploads\/2022\/09\/307883597_1244737909695105_2426419886636149967_n-1536x864.jpg 1536w, https:\/\/marekkuchcinski.pl\/wp-content\/uploads\/2022\/09\/307883597_1244737909695105_2426419886636149967_n-18x10.jpg 18w, https:\/\/marekkuchcinski.pl\/wp-content\/uploads\/2022\/09\/307883597_1244737909695105_2426419886636149967_n.jpg 1600w\" sizes=\"(max-width: 1024px) 100vw, 1024px\" \/><\/a><\/figure>\n\n\n\n<figure class=\"wp-block-image size-full\"><a href=\"https:\/\/marekkuchcinski.pl\/wp-content\/uploads\/2022\/09\/308420603_1244714983030731_1716992879395661138_n.jpg\"><img loading=\"lazy\" decoding=\"async\" width=\"960\" height=\"720\" src=\"https:\/\/marekkuchcinski.pl\/wp-content\/uploads\/2022\/09\/308420603_1244714983030731_1716992879395661138_n.jpg\" alt=\"\" class=\"wp-image-26591\" srcset=\"https:\/\/marekkuchcinski.pl\/wp-content\/uploads\/2022\/09\/308420603_1244714983030731_1716992879395661138_n.jpg 960w, https:\/\/marekkuchcinski.pl\/wp-content\/uploads\/2022\/09\/308420603_1244714983030731_1716992879395661138_n-300x225.jpg 300w, https:\/\/marekkuchcinski.pl\/wp-content\/uploads\/2022\/09\/308420603_1244714983030731_1716992879395661138_n-768x576.jpg 768w, https:\/\/marekkuchcinski.pl\/wp-content\/uploads\/2022\/09\/308420603_1244714983030731_1716992879395661138_n-16x12.jpg 16w\" sizes=\"(max-width: 960px) 100vw, 960px\" \/><\/a><\/figure>\n\n\n\n<figure class=\"wp-block-image size-large is-resized\"><a href=\"https:\/\/marekkuchcinski.pl\/wp-content\/uploads\/2022\/09\/IMG_1799.jpg\"><img loading=\"lazy\" decoding=\"async\" src=\"https:\/\/marekkuchcinski.pl\/wp-content\/uploads\/2022\/09\/IMG_1799-768x1024.jpg\" alt=\"\" class=\"wp-image-26522\" width=\"840\" height=\"1119\" srcset=\"https:\/\/marekkuchcinski.pl\/wp-content\/uploads\/2022\/09\/IMG_1799-768x1024.jpg 768w, https:\/\/marekkuchcinski.pl\/wp-content\/uploads\/2022\/09\/IMG_1799-225x300.jpg 225w, https:\/\/marekkuchcinski.pl\/wp-content\/uploads\/2022\/09\/IMG_1799-1152x1536.jpg 1152w, https:\/\/marekkuchcinski.pl\/wp-content\/uploads\/2022\/09\/IMG_1799-9x12.jpg 9w, https:\/\/marekkuchcinski.pl\/wp-content\/uploads\/2022\/09\/IMG_1799.jpg 1200w\" sizes=\"(max-width: 840px) 100vw, 840px\" \/><\/a><\/figure>\n\n\n\n<figure class=\"wp-block-image size-large\"><a href=\"https:\/\/marekkuchcinski.pl\/wp-content\/uploads\/2022\/09\/IMG_1808.jpg\"><img loading=\"lazy\" decoding=\"async\" width=\"1024\" height=\"768\" src=\"https:\/\/marekkuchcinski.pl\/wp-content\/uploads\/2022\/09\/IMG_1808-1024x768.jpg\" alt=\"\" class=\"wp-image-26523\" srcset=\"https:\/\/marekkuchcinski.pl\/wp-content\/uploads\/2022\/09\/IMG_1808-1024x768.jpg 1024w, https:\/\/marekkuchcinski.pl\/wp-content\/uploads\/2022\/09\/IMG_1808-300x225.jpg 300w, https:\/\/marekkuchcinski.pl\/wp-content\/uploads\/2022\/09\/IMG_1808-768x576.jpg 768w, https:\/\/marekkuchcinski.pl\/wp-content\/uploads\/2022\/09\/IMG_1808-1536x1152.jpg 1536w, https:\/\/marekkuchcinski.pl\/wp-content\/uploads\/2022\/09\/IMG_1808-16x12.jpg 16w, https:\/\/marekkuchcinski.pl\/wp-content\/uploads\/2022\/09\/IMG_1808.jpg 1600w\" sizes=\"(max-width: 1024px) 100vw, 1024px\" \/><\/a><\/figure>\n\n\n\n<figure class=\"wp-block-image size-large\"><a href=\"https:\/\/marekkuchcinski.pl\/wp-content\/uploads\/2022\/09\/IMG_1789.jpg\"><img loading=\"lazy\" decoding=\"async\" width=\"1024\" height=\"768\" src=\"https:\/\/marekkuchcinski.pl\/wp-content\/uploads\/2022\/09\/IMG_1789-1024x768.jpg\" alt=\"\" class=\"wp-image-26524\" srcset=\"https:\/\/marekkuchcinski.pl\/wp-content\/uploads\/2022\/09\/IMG_1789-1024x768.jpg 1024w, https:\/\/marekkuchcinski.pl\/wp-content\/uploads\/2022\/09\/IMG_1789-300x225.jpg 300w, https:\/\/marekkuchcinski.pl\/wp-content\/uploads\/2022\/09\/IMG_1789-768x576.jpg 768w, https:\/\/marekkuchcinski.pl\/wp-content\/uploads\/2022\/09\/IMG_1789-1536x1152.jpg 1536w, https:\/\/marekkuchcinski.pl\/wp-content\/uploads\/2022\/09\/IMG_1789-16x12.jpg 16w, https:\/\/marekkuchcinski.pl\/wp-content\/uploads\/2022\/09\/IMG_1789.jpg 1600w\" sizes=\"(max-width: 1024px) 100vw, 1024px\" \/><\/a><\/figure>\n\n\n\n<figure class=\"wp-block-image size-large\"><a href=\"https:\/\/marekkuchcinski.pl\/wp-content\/uploads\/2022\/09\/IMG_1795.jpg\"><img loading=\"lazy\" decoding=\"async\" width=\"1024\" height=\"768\" src=\"https:\/\/marekkuchcinski.pl\/wp-content\/uploads\/2022\/09\/IMG_1795-1024x768.jpg\" alt=\"\" class=\"wp-image-26525\" srcset=\"https:\/\/marekkuchcinski.pl\/wp-content\/uploads\/2022\/09\/IMG_1795-1024x768.jpg 1024w, https:\/\/marekkuchcinski.pl\/wp-content\/uploads\/2022\/09\/IMG_1795-300x225.jpg 300w, https:\/\/marekkuchcinski.pl\/wp-content\/uploads\/2022\/09\/IMG_1795-768x576.jpg 768w, https:\/\/marekkuchcinski.pl\/wp-content\/uploads\/2022\/09\/IMG_1795-1536x1152.jpg 1536w, https:\/\/marekkuchcinski.pl\/wp-content\/uploads\/2022\/09\/IMG_1795-16x12.jpg 16w, https:\/\/marekkuchcinski.pl\/wp-content\/uploads\/2022\/09\/IMG_1795.jpg 1600w\" sizes=\"(max-width: 1024px) 100vw, 1024px\" \/><\/a><\/figure>\n\n\n\n<figure class=\"wp-block-image size-large\"><a href=\"https:\/\/marekkuchcinski.pl\/wp-content\/uploads\/2022\/09\/IMG_1788.jpg\"><img loading=\"lazy\" decoding=\"async\" width=\"1024\" height=\"768\" src=\"https:\/\/marekkuchcinski.pl\/wp-content\/uploads\/2022\/09\/IMG_1788-1024x768.jpg\" alt=\"\" class=\"wp-image-26526\" srcset=\"https:\/\/marekkuchcinski.pl\/wp-content\/uploads\/2022\/09\/IMG_1788-1024x768.jpg 1024w, https:\/\/marekkuchcinski.pl\/wp-content\/uploads\/2022\/09\/IMG_1788-300x225.jpg 300w, https:\/\/marekkuchcinski.pl\/wp-content\/uploads\/2022\/09\/IMG_1788-768x576.jpg 768w, https:\/\/marekkuchcinski.pl\/wp-content\/uploads\/2022\/09\/IMG_1788-1536x1152.jpg 1536w, https:\/\/marekkuchcinski.pl\/wp-content\/uploads\/2022\/09\/IMG_1788-16x12.jpg 16w, https:\/\/marekkuchcinski.pl\/wp-content\/uploads\/2022\/09\/IMG_1788.jpg 1600w\" sizes=\"(max-width: 1024px) 100vw, 1024px\" \/><\/a><\/figure>","protected":false},"excerpt":{"rendered":"<p>Na Po\u0142onin\u011b Wetli\u0144sk\u00e9 je ode dne\u0161ka otev\u0159ena nov\u00e1 horsk\u00e1 ubytovna, nejv\u00fd\u0161e polo\u017een\u00e1 v Bieszczadech (1228 m n. m.), kter\u00e1 bude z\u00e1rove\u0148 s\u00eddlem z\u00e1chran\u00e1\u0159\u016f GOPR, N\u00e1rodn\u00ed zdravotnick\u00e9 z\u00e1chrann\u00e9 slu\u017eby a vedle n\u00ed bude fungovat meteorologick\u00e1 stanice IMiGW. - Jedn\u00e1 se pravd\u011bpodobn\u011b o jedin\u00fd hostel sv\u00e9ho druhu v Polsku. Je to trochu \u0161koda, pokud jde o tyto klimatick\u00e9 podm\u00ednky. Modern\u00ed ubytovna bude jin\u00e1 \u00e9ra ... pod t\u00edmto [...]<\/p>","protected":false},"author":21,"featured_media":26593,"comment_status":"open","ping_status":"open","sticky":false,"template":"","format":"standard","meta":{"ngg_post_thumbnail":0,"footnotes":""},"categories":[3],"tags":[],"class_list":["post-26519","post","type-post","status-publish","format-standard","has-post-thumbnail","hentry","category-wydarzenia"],"yoast_head":"<!-- This site is optimized with the Yoast SEO plugin v24.7 - https:\/\/yoast.com\/wordpress\/plugins\/seo\/ -->\n<title>Bieszczady maj\u0105 now\u0105 Chatk\u0119 Puchatka &#8211; Marek Kuchci\u0144ski<\/title>\n<meta name=\"robots\" content=\"index, follow, max-snippet:-1, max-image-preview:large, max-video-preview:-1\" \/>\n<link rel=\"canonical\" href=\"https:\/\/marekkuchcinski.pl\/cs\/wydarzenia\/bieszczady-maja-nowa-chatke-puchatka\/\" \/>\n<meta property=\"og:locale\" content=\"cs_CZ\" \/>\n<meta property=\"og:type\" content=\"article\" \/>\n<meta property=\"og:title\" content=\"Bieszczady maj\u0105 now\u0105 Chatk\u0119 Puchatka &#8211; Marek Kuchci\u0144ski\" \/>\n<meta property=\"og:description\" content=\"Od dzi\u015b na Po\u0142oninie Wetli\u0144skiej otwarte jest nowe, najwy\u017cej po\u0142o\u017cone w Bieszczadach (1228 m. n.p.m.), schronisko, kt\u00f3re b\u0119dzie r\u00f3wnie\u017c siedzib\u0105 ratownik\u00f3w GOPR, Pa\u0144stwowego Ratownictwa Medycznego, a przy schronisku b\u0119dzie dzia\u0142a\u0142 Posterunek Meteorologiczny IMiGW. \u2013 To chyba jedyne tego rodzaju schronisko w Polsce. Troch\u0119 szkoda tych klimat\u00f3w. Nowoczesne schronisko to ju\u017c b\u0119dzie inna epoka&#8230; pod tym [&hellip;]\" \/>\n<meta property=\"og:url\" content=\"https:\/\/marekkuchcinski.pl\/cs\/wydarzenia\/bieszczady-maja-nowa-chatke-puchatka\/\" \/>\n<meta property=\"og:site_name\" content=\"Marek Kuchci\u0144ski\" \/>\n<meta property=\"article:published_time\" content=\"2022-09-24T10:41:37+00:00\" \/>\n<meta property=\"article:modified_time\" content=\"2022-09-29T20:40:03+00:00\" \/>\n<meta property=\"og:image\" content=\"https:\/\/marekkuchcinski.pl\/wp-content\/uploads\/2022\/09\/p.jpg\" \/>\n\t<meta property=\"og:image:width\" content=\"744\" \/>\n\t<meta property=\"og:image:height\" content=\"498\" \/>\n\t<meta property=\"og:image:type\" content=\"image\/jpeg\" \/>\n<meta name=\"author\" content=\"Marta Olejnik\" \/>\n<meta name=\"twitter:card\" content=\"summary_large_image\" \/>\n<meta name=\"twitter:label1\" content=\"Napsal(a)\" \/>\n\t<meta name=\"twitter:data1\" content=\"Marta Olejnik\" \/>\n\t<meta name=\"twitter:label2\" content=\"Odhadovan\u00e1 doba \u010dten\u00ed\" \/>\n\t<meta name=\"twitter:data2\" content=\"3 minuty\" \/>\n<script type=\"application\/ld+json\" class=\"yoast-schema-graph\">{\"@context\":\"https:\/\/schema.org\",\"@graph\":[{\"@type\":\"Article\",\"@id\":\"https:\/\/marekkuchcinski.pl\/wydarzenia\/bieszczady-maja-nowa-chatke-puchatka\/#article\",\"isPartOf\":{\"@id\":\"https:\/\/marekkuchcinski.pl\/wydarzenia\/bieszczady-maja-nowa-chatke-puchatka\/\"},\"author\":{\"name\":\"Marta Olejnik\",\"@id\":\"https:\/\/marekkuchcinski.pl\/#\/schema\/person\/51d5d4ee3b5317b8e4dd2b48af359229\"},\"headline\":\"Bieszczady maj\u0105 now\u0105 Chatk\u0119 Puchatka\",\"datePublished\":\"2022-09-24T10:41:37+00:00\",\"dateModified\":\"2022-09-29T20:40:03+00:00\",\"mainEntityOfPage\":{\"@id\":\"https:\/\/marekkuchcinski.pl\/wydarzenia\/bieszczady-maja-nowa-chatke-puchatka\/\"},\"wordCount\":248,\"commentCount\":0,\"publisher\":{\"@id\":\"https:\/\/marekkuchcinski.pl\/#organization\"},\"image\":{\"@id\":\"https:\/\/marekkuchcinski.pl\/wydarzenia\/bieszczady-maja-nowa-chatke-puchatka\/#primaryimage\"},\"thumbnailUrl\":\"https:\/\/marekkuchcinski.pl\/wp-content\/uploads\/2022\/09\/p.jpg\",\"articleSection\":[\"Wydarzenia\"],\"inLanguage\":\"cs\",\"potentialAction\":[{\"@type\":\"CommentAction\",\"name\":\"Comment\",\"target\":[\"https:\/\/marekkuchcinski.pl\/wydarzenia\/bieszczady-maja-nowa-chatke-puchatka\/#respond\"]}]},{\"@type\":\"WebPage\",\"@id\":\"https:\/\/marekkuchcinski.pl\/wydarzenia\/bieszczady-maja-nowa-chatke-puchatka\/\",\"url\":\"https:\/\/marekkuchcinski.pl\/wydarzenia\/bieszczady-maja-nowa-chatke-puchatka\/\",\"name\":\"Bieszczady maj\u0105 now\u0105 Chatk\u0119 Puchatka &#8211; Marek Kuchci\u0144ski\",\"isPartOf\":{\"@id\":\"https:\/\/marekkuchcinski.pl\/#website\"},\"primaryImageOfPage\":{\"@id\":\"https:\/\/marekkuchcinski.pl\/wydarzenia\/bieszczady-maja-nowa-chatke-puchatka\/#primaryimage\"},\"image\":{\"@id\":\"https:\/\/marekkuchcinski.pl\/wydarzenia\/bieszczady-maja-nowa-chatke-puchatka\/#primaryimage\"},\"thumbnailUrl\":\"https:\/\/marekkuchcinski.pl\/wp-content\/uploads\/2022\/09\/p.jpg\",\"datePublished\":\"2022-09-24T10:41:37+00:00\",\"dateModified\":\"2022-09-29T20:40:03+00:00\",\"breadcrumb\":{\"@id\":\"https:\/\/marekkuchcinski.pl\/wydarzenia\/bieszczady-maja-nowa-chatke-puchatka\/#breadcrumb\"},\"inLanguage\":\"cs\",\"potentialAction\":[{\"@type\":\"ReadAction\",\"target\":[\"https:\/\/marekkuchcinski.pl\/wydarzenia\/bieszczady-maja-nowa-chatke-puchatka\/\"]}]},{\"@type\":\"ImageObject\",\"inLanguage\":\"cs\",\"@id\":\"https:\/\/marekkuchcinski.pl\/wydarzenia\/bieszczady-maja-nowa-chatke-puchatka\/#primaryimage\",\"url\":\"https:\/\/marekkuchcinski.pl\/wp-content\/uploads\/2022\/09\/p.jpg\",\"contentUrl\":\"https:\/\/marekkuchcinski.pl\/wp-content\/uploads\/2022\/09\/p.jpg\",\"width\":744,\"height\":498},{\"@type\":\"BreadcrumbList\",\"@id\":\"https:\/\/marekkuchcinski.pl\/wydarzenia\/bieszczady-maja-nowa-chatke-puchatka\/#breadcrumb\",\"itemListElement\":[{\"@type\":\"ListItem\",\"position\":1,\"name\":\"Strona g\u0142\u00f3wna\",\"item\":\"https:\/\/marekkuchcinski.pl\/\"},{\"@type\":\"ListItem\",\"position\":2,\"name\":\"Bieszczady maj\u0105 now\u0105 Chatk\u0119 Puchatka\"}]},{\"@type\":\"WebSite\",\"@id\":\"https:\/\/marekkuchcinski.pl\/#website\",\"url\":\"https:\/\/marekkuchcinski.pl\/\",\"name\":\"Marek Kuchci\u0144ski\",\"description\":\"Pose\u0142 na sejm RP &ndash; okr\u0119g nr 22\",\"publisher\":{\"@id\":\"https:\/\/marekkuchcinski.pl\/#organization\"},\"potentialAction\":[{\"@type\":\"SearchAction\",\"target\":{\"@type\":\"EntryPoint\",\"urlTemplate\":\"https:\/\/marekkuchcinski.pl\/?s={search_term_string}\"},\"query-input\":{\"@type\":\"PropertyValueSpecification\",\"valueRequired\":true,\"valueName\":\"search_term_string\"}}],\"inLanguage\":\"cs\"},{\"@type\":\"Organization\",\"@id\":\"https:\/\/marekkuchcinski.pl\/#organization\",\"name\":\"Marek Kuchci\u0144ski\",\"url\":\"https:\/\/marekkuchcinski.pl\/\",\"logo\":{\"@type\":\"ImageObject\",\"inLanguage\":\"cs\",\"@id\":\"https:\/\/marekkuchcinski.pl\/#\/schema\/logo\/image\/\",\"url\":\"https:\/\/marekkuchcinski.pl\/wp-content\/uploads\/2022\/09\/Marek.jpg\",\"contentUrl\":\"https:\/\/marekkuchcinski.pl\/wp-content\/uploads\/2022\/09\/Marek.jpg\",\"width\":1600,\"height\":971,\"caption\":\"Marek Kuchci\u0144ski\"},\"image\":{\"@id\":\"https:\/\/marekkuchcinski.pl\/#\/schema\/logo\/image\/\"}},{\"@type\":\"Person\",\"@id\":\"https:\/\/marekkuchcinski.pl\/#\/schema\/person\/51d5d4ee3b5317b8e4dd2b48af359229\",\"name\":\"Marta Olejnik\",\"image\":{\"@type\":\"ImageObject\",\"inLanguage\":\"cs\",\"@id\":\"https:\/\/marekkuchcinski.pl\/#\/schema\/person\/image\/\",\"url\":\"https:\/\/secure.gravatar.com\/avatar\/e39914b2aa6a48959e24d475b5dc9793?s=96&d=mm&r=g\",\"contentUrl\":\"https:\/\/secure.gravatar.com\/avatar\/e39914b2aa6a48959e24d475b5dc9793?s=96&d=mm&r=g\",\"caption\":\"Marta Olejnik\"},\"url\":\"https:\/\/marekkuchcinski.pl\/cs\/author\/marta\/\"}]}<\/script>\n<!-- \/ Yoast SEO plugin. -->","yoast_head_json":{"title":"Bieszczady maj\u0105 now\u0105 Chatk\u0119 Puchatka &#8211; Marek Kuchci\u0144ski","robots":{"index":"index","follow":"follow","max-snippet":"max-snippet:-1","max-image-preview":"max-image-preview:large","max-video-preview":"max-video-preview:-1"},"canonical":"https:\/\/marekkuchcinski.pl\/cs\/wydarzenia\/bieszczady-maja-nowa-chatke-puchatka\/","og_locale":"cs_CZ","og_type":"article","og_title":"Bieszczady maj\u0105 now\u0105 Chatk\u0119 Puchatka &#8211; Marek Kuchci\u0144ski","og_description":"Od dzi\u015b na Po\u0142oninie Wetli\u0144skiej otwarte jest nowe, najwy\u017cej po\u0142o\u017cone w Bieszczadach (1228 m. n.p.m.), schronisko, kt\u00f3re b\u0119dzie r\u00f3wnie\u017c siedzib\u0105 ratownik\u00f3w GOPR, Pa\u0144stwowego Ratownictwa Medycznego, a przy schronisku b\u0119dzie dzia\u0142a\u0142 Posterunek Meteorologiczny IMiGW. \u2013 To chyba jedyne tego rodzaju schronisko w Polsce. Troch\u0119 szkoda tych klimat\u00f3w. Nowoczesne schronisko to ju\u017c b\u0119dzie inna epoka&#8230; pod tym [&hellip;]","og_url":"https:\/\/marekkuchcinski.pl\/cs\/wydarzenia\/bieszczady-maja-nowa-chatke-puchatka\/","og_site_name":"Marek Kuchci\u0144ski","article_published_time":"2022-09-24T10:41:37+00:00","article_modified_time":"2022-09-29T20:40:03+00:00","og_image":[{"width":744,"height":498,"url":"https:\/\/marekkuchcinski.pl\/wp-content\/uploads\/2022\/09\/p.jpg","type":"image\/jpeg"}],"author":"Marta Olejnik","twitter_card":"summary_large_image","twitter_misc":{"Napsal(a)":"Marta Olejnik","Odhadovan\u00e1 doba \u010dten\u00ed":"3 minuty"},"schema":{"@context":"https:\/\/schema.org","@graph":[{"@type":"Article","@id":"https:\/\/marekkuchcinski.pl\/wydarzenia\/bieszczady-maja-nowa-chatke-puchatka\/#article","isPartOf":{"@id":"https:\/\/marekkuchcinski.pl\/wydarzenia\/bieszczady-maja-nowa-chatke-puchatka\/"},"author":{"name":"Marta Olejnik","@id":"https:\/\/marekkuchcinski.pl\/#\/schema\/person\/51d5d4ee3b5317b8e4dd2b48af359229"},"headline":"Bieszczady maj\u0105 now\u0105 Chatk\u0119 Puchatka","datePublished":"2022-09-24T10:41:37+00:00","dateModified":"2022-09-29T20:40:03+00:00","mainEntityOfPage":{"@id":"https:\/\/marekkuchcinski.pl\/wydarzenia\/bieszczady-maja-nowa-chatke-puchatka\/"},"wordCount":248,"commentCount":0,"publisher":{"@id":"https:\/\/marekkuchcinski.pl\/#organization"},"image":{"@id":"https:\/\/marekkuchcinski.pl\/wydarzenia\/bieszczady-maja-nowa-chatke-puchatka\/#primaryimage"},"thumbnailUrl":"https:\/\/marekkuchcinski.pl\/wp-content\/uploads\/2022\/09\/p.jpg","articleSection":["Wydarzenia"],"inLanguage":"cs","potentialAction":[{"@type":"CommentAction","name":"Comment","target":["https:\/\/marekkuchcinski.pl\/wydarzenia\/bieszczady-maja-nowa-chatke-puchatka\/#respond"]}]},{"@type":"WebPage","@id":"https:\/\/marekkuchcinski.pl\/wydarzenia\/bieszczady-maja-nowa-chatke-puchatka\/","url":"https:\/\/marekkuchcinski.pl\/wydarzenia\/bieszczady-maja-nowa-chatke-puchatka\/","name":"Bieszczady maj\u0105 now\u0105 Chatk\u0119 Puchatka &#8211; Marek Kuchci\u0144ski","isPartOf":{"@id":"https:\/\/marekkuchcinski.pl\/#website"},"primaryImageOfPage":{"@id":"https:\/\/marekkuchcinski.pl\/wydarzenia\/bieszczady-maja-nowa-chatke-puchatka\/#primaryimage"},"image":{"@id":"https:\/\/marekkuchcinski.pl\/wydarzenia\/bieszczady-maja-nowa-chatke-puchatka\/#primaryimage"},"thumbnailUrl":"https:\/\/marekkuchcinski.pl\/wp-content\/uploads\/2022\/09\/p.jpg","datePublished":"2022-09-24T10:41:37+00:00","dateModified":"2022-09-29T20:40:03+00:00","breadcrumb":{"@id":"https:\/\/marekkuchcinski.pl\/wydarzenia\/bieszczady-maja-nowa-chatke-puchatka\/#breadcrumb"},"inLanguage":"cs","potentialAction":[{"@type":"ReadAction","target":["https:\/\/marekkuchcinski.pl\/wydarzenia\/bieszczady-maja-nowa-chatke-puchatka\/"]}]},{"@type":"ImageObject","inLanguage":"cs","@id":"https:\/\/marekkuchcinski.pl\/wydarzenia\/bieszczady-maja-nowa-chatke-puchatka\/#primaryimage","url":"https:\/\/marekkuchcinski.pl\/wp-content\/uploads\/2022\/09\/p.jpg","contentUrl":"https:\/\/marekkuchcinski.pl\/wp-content\/uploads\/2022\/09\/p.jpg","width":744,"height":498},{"@type":"BreadcrumbList","@id":"https:\/\/marekkuchcinski.pl\/wydarzenia\/bieszczady-maja-nowa-chatke-puchatka\/#breadcrumb","itemListElement":[{"@type":"ListItem","position":1,"name":"Strona g\u0142\u00f3wna","item":"https:\/\/marekkuchcinski.pl\/"},{"@type":"ListItem","position":2,"name":"Bieszczady maj\u0105 now\u0105 Chatk\u0119 Puchatka"}]},{"@type":"WebSite","@id":"https:\/\/marekkuchcinski.pl\/#website","url":"https:\/\/marekkuchcinski.pl\/","name":"Marek Kuchci\u0144ski","description":"Pose\u0142 na sejm RP &ndash; okr\u0119g nr 22","publisher":{"@id":"https:\/\/marekkuchcinski.pl\/#organization"},"potentialAction":[{"@type":"SearchAction","target":{"@type":"EntryPoint","urlTemplate":"https:\/\/marekkuchcinski.pl\/?s={search_term_string}"},"query-input":{"@type":"PropertyValueSpecification","valueRequired":true,"valueName":"search_term_string"}}],"inLanguage":"cs"},{"@type":"Organization","@id":"https:\/\/marekkuchcinski.pl\/#organization","name":"Marek Kuchci\u0144ski","url":"https:\/\/marekkuchcinski.pl\/","logo":{"@type":"ImageObject","inLanguage":"cs","@id":"https:\/\/marekkuchcinski.pl\/#\/schema\/logo\/image\/","url":"https:\/\/marekkuchcinski.pl\/wp-content\/uploads\/2022\/09\/Marek.jpg","contentUrl":"https:\/\/marekkuchcinski.pl\/wp-content\/uploads\/2022\/09\/Marek.jpg","width":1600,"height":971,"caption":"Marek Kuchci\u0144ski"},"image":{"@id":"https:\/\/marekkuchcinski.pl\/#\/schema\/logo\/image\/"}},{"@type":"Person","@id":"https:\/\/marekkuchcinski.pl\/#\/schema\/person\/51d5d4ee3b5317b8e4dd2b48af359229","name":"Marta Olejnik","image":{"@type":"ImageObject","inLanguage":"cs","@id":"https:\/\/marekkuchcinski.pl\/#\/schema\/person\/image\/","url":"https:\/\/secure.gravatar.com\/avatar\/e39914b2aa6a48959e24d475b5dc9793?s=96&d=mm&r=g","contentUrl":"https:\/\/secure.gravatar.com\/avatar\/e39914b2aa6a48959e24d475b5dc9793?s=96&d=mm&r=g","caption":"Marta Olejnik"},"url":"https:\/\/marekkuchcinski.pl\/cs\/author\/marta\/"}]}},"_links":{"self":[{"href":"https:\/\/marekkuchcinski.pl\/cs\/wp-json\/wp\/v2\/posts\/26519","targetHints":{"allow":["GET"]}}],"collection":[{"href":"https:\/\/marekkuchcinski.pl\/cs\/wp-json\/wp\/v2\/posts"}],"about":[{"href":"https:\/\/marekkuchcinski.pl\/cs\/wp-json\/wp\/v2\/types\/post"}],"author":[{"embeddable":true,"href":"https:\/\/marekkuchcinski.pl\/cs\/wp-json\/wp\/v2\/users\/21"}],"replies":[{"embeddable":true,"href":"https:\/\/marekkuchcinski.pl\/cs\/wp-json\/wp\/v2\/comments?post=26519"}],"version-history":[{"count":12,"href":"https:\/\/marekkuchcinski.pl\/cs\/wp-json\/wp\/v2\/posts\/26519\/revisions"}],"predecessor-version":[{"id":26592,"href":"https:\/\/marekkuchcinski.pl\/cs\/wp-json\/wp\/v2\/posts\/26519\/revisions\/26592"}],"wp:featuredmedia":[{"embeddable":true,"href":"https:\/\/marekkuchcinski.pl\/cs\/wp-json\/wp\/v2\/media\/26593"}],"wp:attachment":[{"href":"https:\/\/marekkuchcinski.pl\/cs\/wp-json\/wp\/v2\/media?parent=26519"}],"wp:term":[{"taxonomy":"category","embeddable":true,"href":"https:\/\/marekkuchcinski.pl\/cs\/wp-json\/wp\/v2\/categories?post=26519"},{"taxonomy":"post_tag","embeddable":true,"href":"https:\/\/marekkuchcinski.pl\/cs\/wp-json\/wp\/v2\/tags?post=26519"}],"curies":[{"name":"wp","href":"https:\/\/api.w.org\/{rel}","templated":true}]}}