{"id":25830,"date":"2022-08-02T21:38:04","date_gmt":"2022-08-02T19:38:04","guid":{"rendered":"https:\/\/marekkuchcinski.pl\/?p=25830"},"modified":"2022-08-03T13:59:20","modified_gmt":"2022-08-03T11:59:20","slug":"wielcy-ludzie-kosciola-w-europie-karpat-podsumowanie-konferencji-przemyskiego-towarzystwa-kulturalnego","status":"publish","type":"post","link":"https:\/\/marekkuchcinski.pl\/cs\/wydarzenia\/wielcy-ludzie-kosciola-w-europie-karpat-podsumowanie-konferencji-przemyskiego-towarzystwa-kulturalnego\/","title":{"rendered":"Velc\u00ed mu\u017ei c\u00edrkve v Karpatsk\u00e9 Evrop\u011b - shrnut\u00ed konference Przemy\u0161lsk\u00e9ho kulturn\u00edho sdru\u017een\u00ed"},"content":{"rendered":"<p>Dne 30. \u010dervence se v Kalwarii Paclawsk\u00e9 v Podkarpatsk\u00e9 Rusi konala t\u0159et\u00ed konference z cyklu \"Ud\u00e1losti a lid\u00e9 19. a 20. stolet\u00ed - P\u0159emy\u0161l, P\u0159emy\u0161lsko a Podkarpatsko v Karpatsk\u00e9 Evrop\u011b\", po\u0159\u00e1dan\u00e1 P\u0159emy\u0161lskou kulturn\u00ed spole\u010dnost\u00ed, kter\u00e1 byla obnovena po 30 letech a vznikla ze samostatn\u00e9ho kulturn\u00edho prost\u0159ed\u00ed.<\/p>\n\n\n\n<p>Akci vedl p\u0159edseda PTK, p\u0159edseda zahrani\u010dn\u00edho v\u00fdboru Marek Kuchci\u0144ski, a p\u0159edn\u00e1\u0161ku o v\u00fdznamn\u00fdch osobnostech c\u00edrkve a jejich vlivu na vn\u00edm\u00e1n\u00ed hodnot ve st\u0159edn\u00ed Evrop\u011b p\u0159ednesli Prof. W\u0142odzimierz Bernacki, Dr. Imre Moln\u00e1r z Ma\u010farska, Dr. Jan Musia\u0142 a gardista P. Krzysztof Hura.<\/p>\n\n\n\n<p>&nbsp;- Cel\u00e9 toto prost\u0159ed\u00ed, cel\u00e1 ta \u0161k\u00e1la r\u016fzn\u00fdch iniciativ, my\u0161lenek a prost\u0159ed\u00ed, kter\u00e9 se odehr\u00e1valy v r\u00e1mci velk\u00e9ho hnut\u00ed Solidarita, se zde, v Przemy\u0161lsk\u00e9m regionu, trochu rozmaz\u00e1v\u00e1. Mysl\u00edm, \u017ee bychom v t\u00e9to pr\u00e1ci m\u011bli pokra\u010dovat. To je prvn\u00ed v\u011bc. A za druh\u00e9 je tak\u00e9 d\u016fle\u017eit\u00e9 myslet na budoucnost, a proto p\u0159ibli\u017eovat \u017eivoty lid\u00ed, osobnost\u00ed, v\u00fdjime\u010dn\u00fdch lid\u00ed, lid\u00ed, na kter\u00e9 se zapomn\u011blo nebo kte\u0159\u00ed byli podce\u0148ov\u00e1ni,\" \u0159ekl Marek Kuchci\u0144ski. - Osobnosti jako arcibiskup Ignacy Tokarczuk, otec Wenanty Katarzyniec a J\u00e1nos Esterh\u00e1zy formovaly mor\u00e1ln\u00ed postoje ve st\u0159edn\u00ed Evrop\u011b. Na\u0161e \u010d\u00e1st Evropy je velk\u00fdm intelektu\u00e1ln\u00edm bohatstv\u00edm a silou na\u0161\u00ed v\u00edry. Je to tradice, kterou mus\u00edme hrd\u011b zachov\u00e1vat. Pot\u0159ebujeme autoritu, l\u00e1sku, \u00factu, pokoru, spravedlnost, budov\u00e1n\u00ed vztah\u016f. Pot\u0159ebujeme nad\u011bji. Proto se vrac\u00edme k p\u0159\u00edb\u011bh\u016fm lid\u00ed, kte\u0159\u00ed jsou mor\u00e1ln\u00edm vod\u00edtkem,\" dodal p\u0159edseda parlamentu.<\/p>\n\n\n\n<p>- Mluvit dnes o v\u00fdznamn\u00fdch osobnostech c\u00edrkve v 19. stolet\u00ed znamen\u00e1 mluvit o dob\u011b, kdy v\u011bt\u0161ina n\u00e1rod\u016f t\u00e9to \u010d\u00e1sti sv\u011bta nem\u011bla st\u00e1tn\u00ed existenci, mluvit o osobnostech, kter\u00e9 se t\u011b\u0161ily autorit\u011b. Dnes bychom v z\u00e1padn\u00ed Evrop\u011b t\u011b\u017eko pochopili, pro\u010d jsou pro n\u00e1s tyto osobnosti st\u00e1le tak d\u016fle\u017eit\u00e9. Byli to oni, kdo budovali pocit identity a to, \u010demu \u0159\u00edk\u00e1me tradice,\" tvrd\u00ed profesor W\u0142odzimierz Bernacki. P\u0159ipomn\u011bl tak\u00e9, \u017ee na\u0161e intelektu\u00e1ln\u00ed elita byla brut\u00e1ln\u011b zni\u010dena nejen b\u011bhem rozd\u011blen\u00ed, ale i po v\u00e1lce, za komunismu. Po roce 89 se v zem\u00edch na\u0161\u00ed \u010d\u00e1sti Evropy objevily skupiny, kter\u00e9 se sna\u017eily vr\u00e1tit k autorit\u00e1m, k syst\u00e9mu hodnot z\u00e1sadn\u00edho v\u00fdznamu. Z\u00e1rove\u0148 nast\u00ednil nebezpe\u010d\u00ed z\u00e1padoevropsk\u00e9ho my\u0161len\u00ed o autorit\u011b jako cesty k autorit\u00e1\u0159stv\u00ed.<\/p>\n\n\n\n<p>- Polsko-ma\u010farsk\u00e9 p\u0159\u00e1telstv\u00ed je darem od Boha a je posv\u00e1tn\u00e9, stejn\u011b jako je posv\u00e1tn\u00e1 hali\u010dsk\u00e1 zem\u011b, kde je poh\u0159beno 70 000 ma\u010farsk\u00fdch voj\u00e1k\u016f,\" zah\u00e1jil p\u0159edn\u00e1\u0161ku Dr. Imre Moln\u00e1r. Pr\u00e1v\u011b z Hali\u010de poch\u00e1zel J\u00e1nos Esterh\u00e1zy, syn ma\u010farsk\u00e9ho \u0161lechtice a polsk\u00e9 hrab\u011bnky, jeho\u017e postoje vyjad\u0159uj\u00ed jeho k\u0159es\u0165anskou a n\u00e1rodn\u00ed identitu - kter\u00fd v roce 1939 na v\u00fdzvu, aby se jeho strana zm\u011bnila v nacistickou, odpov\u011bd\u011bl: Na\u0161\u00edm znamen\u00edm je k\u0159\u00ed\u017e, nikoli h\u00e1kov\u00fd k\u0159\u00ed\u017e. Esterh\u00e1zy varoval, \u017ee n\u00e1rod, kter\u00fd zbav\u00ed svou tradici Boha, je odsouzen k \u00fapadku. Po z\u00e1\u0159ijov\u00e9 por\u00e1\u017ece Polska zorganizoval p\u0159esun polsk\u00fdch voj\u00e1k\u016f do Ma\u010farska. Po v\u00e1lce byl posl\u00e1n do sov\u011btsk\u00fdch gulag\u016f, pot\u00e9 byl do\u017eivotn\u011b v\u011bzn\u011bn v \u010deskoslovensk\u00e9m v\u011bzen\u00ed a v roce 1957 zem\u0159el vy\u010derp\u00e1n\u00edm.<\/p>\n\n\n\n<figure class=\"wp-block-gallery columns-2 is-cropped wp-block-gallery-1 is-layout-flex wp-block-gallery-is-layout-flex\"><ul class=\"blocks-gallery-grid\"><li class=\"blocks-gallery-item\"><figure><a href=\"https:\/\/marekkuchcinski.pl\/wp-content\/uploads\/2022\/08\/07.jpg\"><img fetchpriority=\"high\" decoding=\"async\" width=\"1024\" height=\"733\" src=\"https:\/\/marekkuchcinski.pl\/wp-content\/uploads\/2022\/08\/07-1024x733.jpg\" alt=\"\" data-id=\"25872\" data-full-url=\"https:\/\/marekkuchcinski.pl\/wp-content\/uploads\/2022\/08\/07.jpg\" data-link=\"https:\/\/marekkuchcinski.pl\/wydarzenia\/wielcy-ludzie-kosciola-w-europie-karpat-podsumowanie-konferencji-przemyskiego-towarzystwa-kulturalnego\/attachment\/07-2\/\" class=\"wp-image-25872\" srcset=\"https:\/\/marekkuchcinski.pl\/wp-content\/uploads\/2022\/08\/07-1024x733.jpg 1024w, https:\/\/marekkuchcinski.pl\/wp-content\/uploads\/2022\/08\/07-300x215.jpg 300w, https:\/\/marekkuchcinski.pl\/wp-content\/uploads\/2022\/08\/07-768x550.jpg 768w, https:\/\/marekkuchcinski.pl\/wp-content\/uploads\/2022\/08\/07-18x12.jpg 18w, https:\/\/marekkuchcinski.pl\/wp-content\/uploads\/2022\/08\/07.jpg 1206w\" sizes=\"(max-width: 1024px) 100vw, 1024px\" \/><\/a><\/figure><\/li><li class=\"blocks-gallery-item\"><figure><a href=\"https:\/\/marekkuchcinski.pl\/wp-content\/uploads\/2022\/08\/13-1.jpg\"><img decoding=\"async\" width=\"576\" height=\"356\" src=\"https:\/\/marekkuchcinski.pl\/wp-content\/uploads\/2022\/08\/13-1.jpg\" alt=\"\" data-id=\"25873\" data-full-url=\"https:\/\/marekkuchcinski.pl\/wp-content\/uploads\/2022\/08\/13-1.jpg\" data-link=\"https:\/\/marekkuchcinski.pl\/wydarzenia\/wielcy-ludzie-kosciola-w-europie-karpat-podsumowanie-konferencji-przemyskiego-towarzystwa-kulturalnego\/attachment\/13-1\/\" class=\"wp-image-25873\" srcset=\"https:\/\/marekkuchcinski.pl\/wp-content\/uploads\/2022\/08\/13-1.jpg 576w, https:\/\/marekkuchcinski.pl\/wp-content\/uploads\/2022\/08\/13-1-300x185.jpg 300w, https:\/\/marekkuchcinski.pl\/wp-content\/uploads\/2022\/08\/13-1-18x12.jpg 18w\" sizes=\"(max-width: 576px) 100vw, 576px\" \/><\/a><\/figure><\/li><\/ul><\/figure>\n\n\n\n<p>Dal\u0161\u00ed postava, kterou p\u0159edstavil Dr. Jan Musial, je pozoruhodn\u00e1 nejen svou kr\u00e1snou cestou k Bohu \u010di neochv\u011bjn\u00fdm postojem v\u016f\u010di komunistick\u00e9mu re\u017eimu, ale tak\u00e9 bl\u00edzkost\u00ed ke sv\u00fdm farn\u00edk\u016fm - mnoz\u00ed z lid\u00ed, kte\u0159\u00ed p\u0159i\u0161li na konferenci na Kalv\u00e1rii, znali arcibiskupa Ign\u00e1ce Tokarczuka osobn\u011b a znali ho jako \"past\u00fd\u0159e diec\u00e9ze, kter\u00fd se zav\u00e1zal, \u017ee z n\u00ed bude st\u00e1le v\u00edce \u010dinit d\u016fm Bo\u017e\u00ed, aby ve v\u0161ech rozhodnut\u00edch a v srdc\u00edch diec\u00e9zn\u00edho lidu bylo co nejv\u00edce Boha\". \"M\u00e1m b\u00fdt prorokem pravdy, zv\u011bstovatelem Krista, past\u00fd\u0159em jeho lidu ne p\u00edsemn\u011b, ale skutkem,\" \u0159ekl. - Arcibiskup Tokarczuk prohl\u00e1sil a uvedl v \u017eivot. Pravda m\u011bla v biskupov\u011b slu\u017eb\u011b v\u00fdznamn\u00e9 m\u00edsto. Zneu\u017e\u00edval ho, zejm\u00e9na ve sv\u00fdch k\u00e1z\u00e1n\u00edch, do t\u00e9 m\u00edry, \u017ee seminarist\u00e9 v Przemy\u0161lsk\u00e9m semin\u00e1\u0159i po\u0159\u00e1dali sout\u011b\u017ee, kdo zachyt\u00ed v\u00edce p\u0159\u00edklad\u016f tohoto slova. Dobro je n\u00e1m d\u00e1no bez z\u00e1sluh,\" \u0159ekl, \"proto\u017ee my sami jsme dob\u0159\u00ed v Bo\u017e\u00edch o\u010d\u00edch, kr\u00e1sa je n\u00e1m d\u00e1na bez povinnosti, ale pravda je n\u00e1m d\u00e1na. Kdo p\u0159ijme pravdu, m\u011bl by podle n\u00ed \u017e\u00edt. Pak bude dobr\u00fd i kr\u00e1sn\u00fd.<\/p>\n\n\n\n<p>Na z\u00e1v\u011br p\u0159edstavil profil P. Wenanty Katharine - rovn\u011b\u017e franti\u0161k\u00e1na - gvardi\u00e1n Kalv\u00e1rie P. Krzysztof Hura. Sv\u011btec byl pro m\u00edstn\u00ed obyvatele tak neobvyklou postavou, \u017ee si po odpustkov\u00e9 slavnosti odnesli hroudu hl\u00edny, pod kterou le\u017eel. O velk\u00e9m z\u00e1jmu o otce Wenantyho sv\u011bd\u010d\u00ed i to, \u017ee o n\u011bm vy\u0161lo 85 knih, co\u017e se u \u017e\u00e1dn\u00e9ho jin\u00e9ho sv\u011btce nepoda\u0159ilo. P. Maxmili\u00e1n Kolbe, kter\u00fd se sna\u017eil zah\u00e1jit proces blaho\u0159e\u010den\u00ed, byl j\u00edm tak\u00e9 ohromen a p\u0159ipomn\u011bl, \u017ee jeho p\u0159\u00edtel se nesna\u017eil d\u011blat mimo\u0159\u00e1dn\u00e9 v\u011bci, ale mimo\u0159\u00e1dn\u011b konal oby\u010dejn\u00e9 skutky. Jeden kaj\u00edcn\u00edk, kter\u00fd p\u0159i\u0161el o ob\u011b nohy a kter\u00e9ho zpov\u00eddal, vzpom\u00ednal: \"Ho\u0159kost, pochybnosti: um\u011bl v\u0161e uti\u0161it dobrotou! V\u017edy po zpov\u011bdi p\u0159ed n\u00edm se m\u00e9 du\u0161e zmocnil bla\u017een\u00fd pokoj: c\u00edtil jsem, \u017ee jsem se vyzpov\u00eddal sv\u011btci.\"<\/p>\n\n\n\n<p><em>mo, foto<\/em><\/p>\n\n\n\n<p><\/p>\n\n\n\n<figure class=\"wp-block-image size-large\"><a href=\"https:\/\/marekkuchcinski.pl\/wp-content\/uploads\/2022\/08\/www.jpg\"><img decoding=\"async\" width=\"1024\" height=\"654\" src=\"https:\/\/marekkuchcinski.pl\/wp-content\/uploads\/2022\/08\/www-1024x654.jpg\" alt=\"\" class=\"wp-image-25845\" srcset=\"https:\/\/marekkuchcinski.pl\/wp-content\/uploads\/2022\/08\/www-1024x654.jpg 1024w, https:\/\/marekkuchcinski.pl\/wp-content\/uploads\/2022\/08\/www-300x192.jpg 300w, https:\/\/marekkuchcinski.pl\/wp-content\/uploads\/2022\/08\/www-768x491.jpg 768w, https:\/\/marekkuchcinski.pl\/wp-content\/uploads\/2022\/08\/www-1536x981.jpg 1536w, https:\/\/marekkuchcinski.pl\/wp-content\/uploads\/2022\/08\/www-18x12.jpg 18w, https:\/\/marekkuchcinski.pl\/wp-content\/uploads\/2022\/08\/www.jpg 1600w\" sizes=\"(max-width: 1024px) 100vw, 1024px\" \/><\/a><\/figure>\n\n\n\n<figure class=\"wp-block-gallery columns-3 is-cropped wp-block-gallery-2 is-layout-flex wp-block-gallery-is-layout-flex\"><ul class=\"blocks-gallery-grid\"><li class=\"blocks-gallery-item\"><figure><a href=\"https:\/\/marekkuchcinski.pl\/wp-content\/uploads\/2022\/08\/fb3.jpg\"><img loading=\"lazy\" decoding=\"async\" width=\"1024\" height=\"683\" src=\"https:\/\/marekkuchcinski.pl\/wp-content\/uploads\/2022\/08\/fb3-1024x683.jpg\" alt=\"\" data-id=\"25837\" data-full-url=\"https:\/\/marekkuchcinski.pl\/wp-content\/uploads\/2022\/08\/fb3.jpg\" data-link=\"https:\/\/marekkuchcinski.pl\/?attachment_id=25837\" class=\"wp-image-25837\" srcset=\"https:\/\/marekkuchcinski.pl\/wp-content\/uploads\/2022\/08\/fb3-1024x683.jpg 1024w, https:\/\/marekkuchcinski.pl\/wp-content\/uploads\/2022\/08\/fb3-300x200.jpg 300w, https:\/\/marekkuchcinski.pl\/wp-content\/uploads\/2022\/08\/fb3-768x512.jpg 768w, https:\/\/marekkuchcinski.pl\/wp-content\/uploads\/2022\/08\/fb3-1536x1024.jpg 1536w, https:\/\/marekkuchcinski.pl\/wp-content\/uploads\/2022\/08\/fb3-18x12.jpg 18w, https:\/\/marekkuchcinski.pl\/wp-content\/uploads\/2022\/08\/fb3.jpg 1600w\" sizes=\"(max-width: 1024px) 100vw, 1024px\" \/><\/a><\/figure><\/li><li class=\"blocks-gallery-item\"><figure><a href=\"https:\/\/marekkuchcinski.pl\/wp-content\/uploads\/2022\/08\/fb5.jpg\"><img loading=\"lazy\" decoding=\"async\" width=\"1024\" height=\"683\" src=\"https:\/\/marekkuchcinski.pl\/wp-content\/uploads\/2022\/08\/fb5-1024x683.jpg\" alt=\"\" data-id=\"25839\" data-full-url=\"https:\/\/marekkuchcinski.pl\/wp-content\/uploads\/2022\/08\/fb5.jpg\" data-link=\"https:\/\/marekkuchcinski.pl\/?attachment_id=25839\" class=\"wp-image-25839\" srcset=\"https:\/\/marekkuchcinski.pl\/wp-content\/uploads\/2022\/08\/fb5-1024x683.jpg 1024w, https:\/\/marekkuchcinski.pl\/wp-content\/uploads\/2022\/08\/fb5-300x200.jpg 300w, https:\/\/marekkuchcinski.pl\/wp-content\/uploads\/2022\/08\/fb5-768x512.jpg 768w, https:\/\/marekkuchcinski.pl\/wp-content\/uploads\/2022\/08\/fb5-1536x1024.jpg 1536w, https:\/\/marekkuchcinski.pl\/wp-content\/uploads\/2022\/08\/fb5-18x12.jpg 18w, https:\/\/marekkuchcinski.pl\/wp-content\/uploads\/2022\/08\/fb5.jpg 1600w\" sizes=\"(max-width: 1024px) 100vw, 1024px\" \/><\/a><\/figure><\/li><li class=\"blocks-gallery-item\"><figure><a href=\"https:\/\/marekkuchcinski.pl\/wp-content\/uploads\/2022\/08\/fb4.jpg\"><img loading=\"lazy\" decoding=\"async\" width=\"1024\" height=\"683\" src=\"https:\/\/marekkuchcinski.pl\/wp-content\/uploads\/2022\/08\/fb4-1024x683.jpg\" alt=\"\" data-id=\"25838\" data-full-url=\"https:\/\/marekkuchcinski.pl\/wp-content\/uploads\/2022\/08\/fb4.jpg\" data-link=\"https:\/\/marekkuchcinski.pl\/?attachment_id=25838\" class=\"wp-image-25838\" srcset=\"https:\/\/marekkuchcinski.pl\/wp-content\/uploads\/2022\/08\/fb4-1024x683.jpg 1024w, https:\/\/marekkuchcinski.pl\/wp-content\/uploads\/2022\/08\/fb4-300x200.jpg 300w, https:\/\/marekkuchcinski.pl\/wp-content\/uploads\/2022\/08\/fb4-768x512.jpg 768w, https:\/\/marekkuchcinski.pl\/wp-content\/uploads\/2022\/08\/fb4-1536x1024.jpg 1536w, https:\/\/marekkuchcinski.pl\/wp-content\/uploads\/2022\/08\/fb4-18x12.jpg 18w, https:\/\/marekkuchcinski.pl\/wp-content\/uploads\/2022\/08\/fb4.jpg 1600w\" sizes=\"(max-width: 1024px) 100vw, 1024px\" \/><\/a><\/figure><\/li><li class=\"blocks-gallery-item\"><figure><a href=\"https:\/\/marekkuchcinski.pl\/wp-content\/uploads\/2022\/08\/fb1-1.jpg\"><img loading=\"lazy\" decoding=\"async\" width=\"1024\" height=\"683\" src=\"https:\/\/marekkuchcinski.pl\/wp-content\/uploads\/2022\/08\/fb1-1-1024x683.jpg\" alt=\"\" data-id=\"25835\" data-full-url=\"https:\/\/marekkuchcinski.pl\/wp-content\/uploads\/2022\/08\/fb1-1.jpg\" data-link=\"https:\/\/marekkuchcinski.pl\/?attachment_id=25835\" class=\"wp-image-25835\" srcset=\"https:\/\/marekkuchcinski.pl\/wp-content\/uploads\/2022\/08\/fb1-1-1024x683.jpg 1024w, https:\/\/marekkuchcinski.pl\/wp-content\/uploads\/2022\/08\/fb1-1-300x200.jpg 300w, https:\/\/marekkuchcinski.pl\/wp-content\/uploads\/2022\/08\/fb1-1-768x512.jpg 768w, https:\/\/marekkuchcinski.pl\/wp-content\/uploads\/2022\/08\/fb1-1-1536x1024.jpg 1536w, https:\/\/marekkuchcinski.pl\/wp-content\/uploads\/2022\/08\/fb1-1-18x12.jpg 18w, https:\/\/marekkuchcinski.pl\/wp-content\/uploads\/2022\/08\/fb1-1.jpg 1600w\" sizes=\"(max-width: 1024px) 100vw, 1024px\" \/><\/a><\/figure><\/li><li class=\"blocks-gallery-item\"><figure><a href=\"https:\/\/marekkuchcinski.pl\/wp-content\/uploads\/2022\/08\/fb2.jpg\"><img loading=\"lazy\" decoding=\"async\" width=\"1024\" height=\"684\" src=\"https:\/\/marekkuchcinski.pl\/wp-content\/uploads\/2022\/08\/fb2-1024x684.jpg\" alt=\"\" data-id=\"25836\" data-full-url=\"https:\/\/marekkuchcinski.pl\/wp-content\/uploads\/2022\/08\/fb2.jpg\" data-link=\"https:\/\/marekkuchcinski.pl\/?attachment_id=25836\" class=\"wp-image-25836\" srcset=\"https:\/\/marekkuchcinski.pl\/wp-content\/uploads\/2022\/08\/fb2-1024x684.jpg 1024w, https:\/\/marekkuchcinski.pl\/wp-content\/uploads\/2022\/08\/fb2-300x200.jpg 300w, https:\/\/marekkuchcinski.pl\/wp-content\/uploads\/2022\/08\/fb2-768x513.jpg 768w, https:\/\/marekkuchcinski.pl\/wp-content\/uploads\/2022\/08\/fb2-1536x1026.jpg 1536w, https:\/\/marekkuchcinski.pl\/wp-content\/uploads\/2022\/08\/fb2-18x12.jpg 18w, https:\/\/marekkuchcinski.pl\/wp-content\/uploads\/2022\/08\/fb2.jpg 1600w\" sizes=\"(max-width: 1024px) 100vw, 1024px\" \/><\/a><\/figure><\/li><li class=\"blocks-gallery-item\"><figure><a href=\"https:\/\/marekkuchcinski.pl\/wp-content\/uploads\/2022\/08\/fb7.jpg\"><img loading=\"lazy\" decoding=\"async\" width=\"1024\" height=\"682\" src=\"https:\/\/marekkuchcinski.pl\/wp-content\/uploads\/2022\/08\/fb7-1024x682.jpg\" alt=\"\" data-id=\"25841\" data-full-url=\"https:\/\/marekkuchcinski.pl\/wp-content\/uploads\/2022\/08\/fb7.jpg\" data-link=\"https:\/\/marekkuchcinski.pl\/?attachment_id=25841\" class=\"wp-image-25841\" srcset=\"https:\/\/marekkuchcinski.pl\/wp-content\/uploads\/2022\/08\/fb7-1024x682.jpg 1024w, https:\/\/marekkuchcinski.pl\/wp-content\/uploads\/2022\/08\/fb7-300x200.jpg 300w, https:\/\/marekkuchcinski.pl\/wp-content\/uploads\/2022\/08\/fb7-768x512.jpg 768w, https:\/\/marekkuchcinski.pl\/wp-content\/uploads\/2022\/08\/fb7-1536x1023.jpg 1536w, https:\/\/marekkuchcinski.pl\/wp-content\/uploads\/2022\/08\/fb7-18x12.jpg 18w, https:\/\/marekkuchcinski.pl\/wp-content\/uploads\/2022\/08\/fb7.jpg 1600w\" sizes=\"(max-width: 1024px) 100vw, 1024px\" \/><\/a><\/figure><\/li><li class=\"blocks-gallery-item\"><figure><a href=\"https:\/\/marekkuchcinski.pl\/wp-content\/uploads\/2022\/08\/fb8.jpg\"><img loading=\"lazy\" decoding=\"async\" width=\"1024\" height=\"683\" src=\"https:\/\/marekkuchcinski.pl\/wp-content\/uploads\/2022\/08\/fb8-1024x683.jpg\" alt=\"\" data-id=\"25842\" data-full-url=\"https:\/\/marekkuchcinski.pl\/wp-content\/uploads\/2022\/08\/fb8.jpg\" data-link=\"https:\/\/marekkuchcinski.pl\/?attachment_id=25842\" class=\"wp-image-25842\" srcset=\"https:\/\/marekkuchcinski.pl\/wp-content\/uploads\/2022\/08\/fb8-1024x683.jpg 1024w, https:\/\/marekkuchcinski.pl\/wp-content\/uploads\/2022\/08\/fb8-300x200.jpg 300w, https:\/\/marekkuchcinski.pl\/wp-content\/uploads\/2022\/08\/fb8-768x512.jpg 768w, https:\/\/marekkuchcinski.pl\/wp-content\/uploads\/2022\/08\/fb8-1536x1024.jpg 1536w, https:\/\/marekkuchcinski.pl\/wp-content\/uploads\/2022\/08\/fb8-18x12.jpg 18w, https:\/\/marekkuchcinski.pl\/wp-content\/uploads\/2022\/08\/fb8.jpg 1600w\" sizes=\"(max-width: 1024px) 100vw, 1024px\" \/><\/a><\/figure><\/li><li class=\"blocks-gallery-item\"><figure><a href=\"https:\/\/marekkuchcinski.pl\/wp-content\/uploads\/2022\/08\/fb6.jpg\"><img loading=\"lazy\" decoding=\"async\" width=\"1024\" height=\"618\" src=\"https:\/\/marekkuchcinski.pl\/wp-content\/uploads\/2022\/08\/fb6-1024x618.jpg\" alt=\"\" data-id=\"25840\" data-full-url=\"https:\/\/marekkuchcinski.pl\/wp-content\/uploads\/2022\/08\/fb6.jpg\" data-link=\"https:\/\/marekkuchcinski.pl\/?attachment_id=25840\" class=\"wp-image-25840\" srcset=\"https:\/\/marekkuchcinski.pl\/wp-content\/uploads\/2022\/08\/fb6-1024x618.jpg 1024w, https:\/\/marekkuchcinski.pl\/wp-content\/uploads\/2022\/08\/fb6-300x181.jpg 300w, https:\/\/marekkuchcinski.pl\/wp-content\/uploads\/2022\/08\/fb6-768x463.jpg 768w, https:\/\/marekkuchcinski.pl\/wp-content\/uploads\/2022\/08\/fb6-1536x926.jpg 1536w, https:\/\/marekkuchcinski.pl\/wp-content\/uploads\/2022\/08\/fb6-18x12.jpg 18w, https:\/\/marekkuchcinski.pl\/wp-content\/uploads\/2022\/08\/fb6.jpg 1600w\" sizes=\"(max-width: 1024px) 100vw, 1024px\" \/><\/a><\/figure><\/li><li class=\"blocks-gallery-item\"><figure><a href=\"https:\/\/marekkuchcinski.pl\/wp-content\/uploads\/2022\/08\/fb9.jpg\"><img loading=\"lazy\" decoding=\"async\" width=\"1024\" height=\"683\" src=\"https:\/\/marekkuchcinski.pl\/wp-content\/uploads\/2022\/08\/fb9-1024x683.jpg\" alt=\"\" data-id=\"25843\" data-full-url=\"https:\/\/marekkuchcinski.pl\/wp-content\/uploads\/2022\/08\/fb9.jpg\" data-link=\"https:\/\/marekkuchcinski.pl\/?attachment_id=25843\" class=\"wp-image-25843\" srcset=\"https:\/\/marekkuchcinski.pl\/wp-content\/uploads\/2022\/08\/fb9-1024x683.jpg 1024w, https:\/\/marekkuchcinski.pl\/wp-content\/uploads\/2022\/08\/fb9-300x200.jpg 300w, https:\/\/marekkuchcinski.pl\/wp-content\/uploads\/2022\/08\/fb9-768x512.jpg 768w, https:\/\/marekkuchcinski.pl\/wp-content\/uploads\/2022\/08\/fb9-1536x1024.jpg 1536w, https:\/\/marekkuchcinski.pl\/wp-content\/uploads\/2022\/08\/fb9-18x12.jpg 18w, https:\/\/marekkuchcinski.pl\/wp-content\/uploads\/2022\/08\/fb9.jpg 1600w\" sizes=\"(max-width: 1024px) 100vw, 1024px\" \/><\/a><\/figure><\/li><\/ul><\/figure>\n\n\n\n<figure class=\"wp-block-gallery columns-3 is-cropped wp-block-gallery-3 is-layout-flex wp-block-gallery-is-layout-flex\"><ul class=\"blocks-gallery-grid\"><li class=\"blocks-gallery-item\"><figure><a href=\"https:\/\/marekkuchcinski.pl\/wp-content\/uploads\/2022\/08\/fb12.jpg\"><img loading=\"lazy\" decoding=\"async\" width=\"1024\" height=\"682\" src=\"https:\/\/marekkuchcinski.pl\/wp-content\/uploads\/2022\/08\/fb12-1024x682.jpg\" alt=\"\" data-id=\"25846\" data-full-url=\"https:\/\/marekkuchcinski.pl\/wp-content\/uploads\/2022\/08\/fb12.jpg\" data-link=\"https:\/\/marekkuchcinski.pl\/?attachment_id=25846\" class=\"wp-image-25846\" srcset=\"https:\/\/marekkuchcinski.pl\/wp-content\/uploads\/2022\/08\/fb12-1024x682.jpg 1024w, https:\/\/marekkuchcinski.pl\/wp-content\/uploads\/2022\/08\/fb12-300x200.jpg 300w, https:\/\/marekkuchcinski.pl\/wp-content\/uploads\/2022\/08\/fb12-768x512.jpg 768w, https:\/\/marekkuchcinski.pl\/wp-content\/uploads\/2022\/08\/fb12-1536x1023.jpg 1536w, https:\/\/marekkuchcinski.pl\/wp-content\/uploads\/2022\/08\/fb12-18x12.jpg 18w, https:\/\/marekkuchcinski.pl\/wp-content\/uploads\/2022\/08\/fb12.jpg 1600w\" sizes=\"(max-width: 1024px) 100vw, 1024px\" \/><\/a><\/figure><\/li><li class=\"blocks-gallery-item\"><figure><a href=\"https:\/\/marekkuchcinski.pl\/wp-content\/uploads\/2022\/08\/fb13.jpg\"><img loading=\"lazy\" decoding=\"async\" width=\"1024\" height=\"683\" src=\"https:\/\/marekkuchcinski.pl\/wp-content\/uploads\/2022\/08\/fb13-1024x683.jpg\" alt=\"\" data-id=\"25847\" data-full-url=\"https:\/\/marekkuchcinski.pl\/wp-content\/uploads\/2022\/08\/fb13.jpg\" data-link=\"https:\/\/marekkuchcinski.pl\/?attachment_id=25847\" class=\"wp-image-25847\" srcset=\"https:\/\/marekkuchcinski.pl\/wp-content\/uploads\/2022\/08\/fb13-1024x683.jpg 1024w, https:\/\/marekkuchcinski.pl\/wp-content\/uploads\/2022\/08\/fb13-300x200.jpg 300w, https:\/\/marekkuchcinski.pl\/wp-content\/uploads\/2022\/08\/fb13-768x512.jpg 768w, https:\/\/marekkuchcinski.pl\/wp-content\/uploads\/2022\/08\/fb13-1536x1024.jpg 1536w, https:\/\/marekkuchcinski.pl\/wp-content\/uploads\/2022\/08\/fb13-18x12.jpg 18w, https:\/\/marekkuchcinski.pl\/wp-content\/uploads\/2022\/08\/fb13.jpg 1600w\" sizes=\"(max-width: 1024px) 100vw, 1024px\" \/><\/a><\/figure><\/li><li class=\"blocks-gallery-item\"><figure><a href=\"https:\/\/marekkuchcinski.pl\/wp-content\/uploads\/2022\/08\/fb14.jpg\"><img loading=\"lazy\" decoding=\"async\" width=\"1024\" height=\"683\" src=\"https:\/\/marekkuchcinski.pl\/wp-content\/uploads\/2022\/08\/fb14-1024x683.jpg\" alt=\"\" data-id=\"25848\" data-full-url=\"https:\/\/marekkuchcinski.pl\/wp-content\/uploads\/2022\/08\/fb14.jpg\" data-link=\"https:\/\/marekkuchcinski.pl\/?attachment_id=25848\" class=\"wp-image-25848\" srcset=\"https:\/\/marekkuchcinski.pl\/wp-content\/uploads\/2022\/08\/fb14-1024x683.jpg 1024w, https:\/\/marekkuchcinski.pl\/wp-content\/uploads\/2022\/08\/fb14-300x200.jpg 300w, https:\/\/marekkuchcinski.pl\/wp-content\/uploads\/2022\/08\/fb14-768x512.jpg 768w, https:\/\/marekkuchcinski.pl\/wp-content\/uploads\/2022\/08\/fb14-1536x1024.jpg 1536w, https:\/\/marekkuchcinski.pl\/wp-content\/uploads\/2022\/08\/fb14-18x12.jpg 18w, https:\/\/marekkuchcinski.pl\/wp-content\/uploads\/2022\/08\/fb14.jpg 1600w\" sizes=\"(max-width: 1024px) 100vw, 1024px\" \/><\/a><\/figure><\/li><li class=\"blocks-gallery-item\"><figure><a href=\"https:\/\/marekkuchcinski.pl\/wp-content\/uploads\/2022\/08\/fb16.jpg\"><img loading=\"lazy\" decoding=\"async\" width=\"1024\" height=\"683\" src=\"https:\/\/marekkuchcinski.pl\/wp-content\/uploads\/2022\/08\/fb16-1024x683.jpg\" alt=\"\" data-id=\"25849\" data-full-url=\"https:\/\/marekkuchcinski.pl\/wp-content\/uploads\/2022\/08\/fb16.jpg\" data-link=\"https:\/\/marekkuchcinski.pl\/?attachment_id=25849\" class=\"wp-image-25849\" srcset=\"https:\/\/marekkuchcinski.pl\/wp-content\/uploads\/2022\/08\/fb16-1024x683.jpg 1024w, https:\/\/marekkuchcinski.pl\/wp-content\/uploads\/2022\/08\/fb16-300x200.jpg 300w, https:\/\/marekkuchcinski.pl\/wp-content\/uploads\/2022\/08\/fb16-768x512.jpg 768w, https:\/\/marekkuchcinski.pl\/wp-content\/uploads\/2022\/08\/fb16-1536x1024.jpg 1536w, https:\/\/marekkuchcinski.pl\/wp-content\/uploads\/2022\/08\/fb16-18x12.jpg 18w, https:\/\/marekkuchcinski.pl\/wp-content\/uploads\/2022\/08\/fb16.jpg 1600w\" sizes=\"(max-width: 1024px) 100vw, 1024px\" \/><\/a><\/figure><\/li><li class=\"blocks-gallery-item\"><figure><a href=\"https:\/\/marekkuchcinski.pl\/wp-content\/uploads\/2022\/08\/fb21.jpg\"><img loading=\"lazy\" decoding=\"async\" width=\"1024\" height=\"683\" src=\"https:\/\/marekkuchcinski.pl\/wp-content\/uploads\/2022\/08\/fb21-1024x683.jpg\" alt=\"\" data-id=\"25850\" data-full-url=\"https:\/\/marekkuchcinski.pl\/wp-content\/uploads\/2022\/08\/fb21.jpg\" data-link=\"https:\/\/marekkuchcinski.pl\/?attachment_id=25850\" class=\"wp-image-25850\" srcset=\"https:\/\/marekkuchcinski.pl\/wp-content\/uploads\/2022\/08\/fb21-1024x683.jpg 1024w, https:\/\/marekkuchcinski.pl\/wp-content\/uploads\/2022\/08\/fb21-300x200.jpg 300w, https:\/\/marekkuchcinski.pl\/wp-content\/uploads\/2022\/08\/fb21-768x512.jpg 768w, https:\/\/marekkuchcinski.pl\/wp-content\/uploads\/2022\/08\/fb21-1536x1024.jpg 1536w, https:\/\/marekkuchcinski.pl\/wp-content\/uploads\/2022\/08\/fb21-18x12.jpg 18w, https:\/\/marekkuchcinski.pl\/wp-content\/uploads\/2022\/08\/fb21.jpg 1600w\" sizes=\"(max-width: 1024px) 100vw, 1024px\" \/><\/a><\/figure><\/li><li class=\"blocks-gallery-item\"><figure><a href=\"https:\/\/marekkuchcinski.pl\/wp-content\/uploads\/2022\/08\/fb22.jpg\"><img loading=\"lazy\" decoding=\"async\" width=\"1024\" height=\"683\" src=\"https:\/\/marekkuchcinski.pl\/wp-content\/uploads\/2022\/08\/fb22-1024x683.jpg\" alt=\"\" data-id=\"25851\" data-full-url=\"https:\/\/marekkuchcinski.pl\/wp-content\/uploads\/2022\/08\/fb22.jpg\" data-link=\"https:\/\/marekkuchcinski.pl\/?attachment_id=25851\" class=\"wp-image-25851\" srcset=\"https:\/\/marekkuchcinski.pl\/wp-content\/uploads\/2022\/08\/fb22-1024x683.jpg 1024w, https:\/\/marekkuchcinski.pl\/wp-content\/uploads\/2022\/08\/fb22-300x200.jpg 300w, https:\/\/marekkuchcinski.pl\/wp-content\/uploads\/2022\/08\/fb22-768x512.jpg 768w, https:\/\/marekkuchcinski.pl\/wp-content\/uploads\/2022\/08\/fb22-1536x1024.jpg 1536w, https:\/\/marekkuchcinski.pl\/wp-content\/uploads\/2022\/08\/fb22-18x12.jpg 18w, https:\/\/marekkuchcinski.pl\/wp-content\/uploads\/2022\/08\/fb22.jpg 1600w\" sizes=\"(max-width: 1024px) 100vw, 1024px\" \/><\/a><\/figure><\/li><\/ul><\/figure>\n\n\n\n<figure class=\"wp-block-gallery columns-3 is-cropped wp-block-gallery-4 is-layout-flex wp-block-gallery-is-layout-flex\"><ul class=\"blocks-gallery-grid\"><li class=\"blocks-gallery-item\"><figure><a href=\"https:\/\/marekkuchcinski.pl\/wp-content\/uploads\/2022\/08\/fb10-1-1024x682.jpg\"><img loading=\"lazy\" decoding=\"async\" width=\"1024\" height=\"682\" src=\"https:\/\/marekkuchcinski.pl\/wp-content\/uploads\/2022\/08\/fb10-1-1024x682.jpg\" alt=\"\" data-id=\"25852\" data-link=\"https:\/\/marekkuchcinski.pl\/?attachment_id=25852\" class=\"wp-image-25852\" srcset=\"https:\/\/marekkuchcinski.pl\/wp-content\/uploads\/2022\/08\/fb10-1-1024x682.jpg 1024w, https:\/\/marekkuchcinski.pl\/wp-content\/uploads\/2022\/08\/fb10-1-300x200.jpg 300w, https:\/\/marekkuchcinski.pl\/wp-content\/uploads\/2022\/08\/fb10-1-768x512.jpg 768w, https:\/\/marekkuchcinski.pl\/wp-content\/uploads\/2022\/08\/fb10-1-1536x1023.jpg 1536w, https:\/\/marekkuchcinski.pl\/wp-content\/uploads\/2022\/08\/fb10-1-18x12.jpg 18w, https:\/\/marekkuchcinski.pl\/wp-content\/uploads\/2022\/08\/fb10-1.jpg 1600w\" sizes=\"(max-width: 1024px) 100vw, 1024px\" \/><\/a><\/figure><\/li><li class=\"blocks-gallery-item\"><figure><a href=\"https:\/\/marekkuchcinski.pl\/wp-content\/uploads\/2022\/08\/IMG_0170-1024x683.jpg\"><img loading=\"lazy\" decoding=\"async\" width=\"1024\" height=\"683\" src=\"https:\/\/marekkuchcinski.pl\/wp-content\/uploads\/2022\/08\/IMG_0170-1024x683.jpg\" alt=\"\" data-id=\"25853\" data-link=\"https:\/\/marekkuchcinski.pl\/?attachment_id=25853\" class=\"wp-image-25853\" srcset=\"https:\/\/marekkuchcinski.pl\/wp-content\/uploads\/2022\/08\/IMG_0170-1024x683.jpg 1024w, https:\/\/marekkuchcinski.pl\/wp-content\/uploads\/2022\/08\/IMG_0170-300x200.jpg 300w, https:\/\/marekkuchcinski.pl\/wp-content\/uploads\/2022\/08\/IMG_0170-768x512.jpg 768w, https:\/\/marekkuchcinski.pl\/wp-content\/uploads\/2022\/08\/IMG_0170-1536x1024.jpg 1536w, https:\/\/marekkuchcinski.pl\/wp-content\/uploads\/2022\/08\/IMG_0170-18x12.jpg 18w, https:\/\/marekkuchcinski.pl\/wp-content\/uploads\/2022\/08\/IMG_0170.jpg 1600w\" sizes=\"(max-width: 1024px) 100vw, 1024px\" \/><\/a><\/figure><\/li><li class=\"blocks-gallery-item\"><figure><a href=\"https:\/\/marekkuchcinski.pl\/wp-content\/uploads\/2022\/08\/IMG_0233.jpg\"><img loading=\"lazy\" decoding=\"async\" width=\"1024\" height=\"683\" src=\"https:\/\/marekkuchcinski.pl\/wp-content\/uploads\/2022\/08\/IMG_0233-1024x683.jpg\" alt=\"\" data-id=\"25854\" data-full-url=\"https:\/\/marekkuchcinski.pl\/wp-content\/uploads\/2022\/08\/IMG_0233.jpg\" data-link=\"https:\/\/marekkuchcinski.pl\/?attachment_id=25854\" class=\"wp-image-25854\" srcset=\"https:\/\/marekkuchcinski.pl\/wp-content\/uploads\/2022\/08\/IMG_0233-1024x683.jpg 1024w, https:\/\/marekkuchcinski.pl\/wp-content\/uploads\/2022\/08\/IMG_0233-300x200.jpg 300w, https:\/\/marekkuchcinski.pl\/wp-content\/uploads\/2022\/08\/IMG_0233-768x512.jpg 768w, https:\/\/marekkuchcinski.pl\/wp-content\/uploads\/2022\/08\/IMG_0233-1536x1024.jpg 1536w, https:\/\/marekkuchcinski.pl\/wp-content\/uploads\/2022\/08\/IMG_0233-18x12.jpg 18w, https:\/\/marekkuchcinski.pl\/wp-content\/uploads\/2022\/08\/IMG_0233.jpg 1600w\" sizes=\"(max-width: 1024px) 100vw, 1024px\" \/><\/a><\/figure><\/li><\/ul><\/figure>\n\n\n\n<figure class=\"wp-block-gallery columns-3 is-cropped wp-block-gallery-5 is-layout-flex wp-block-gallery-is-layout-flex\"><ul class=\"blocks-gallery-grid\"><li class=\"blocks-gallery-item\"><figure><a href=\"https:\/\/marekkuchcinski.pl\/wp-content\/uploads\/2022\/08\/IMG_0188_edited.jpg\"><img loading=\"lazy\" decoding=\"async\" width=\"1024\" height=\"662\" src=\"https:\/\/marekkuchcinski.pl\/wp-content\/uploads\/2022\/08\/IMG_0188_edited-1024x662.jpg\" alt=\"\" data-id=\"25879\" data-full-url=\"https:\/\/marekkuchcinski.pl\/wp-content\/uploads\/2022\/08\/IMG_0188_edited.jpg\" data-link=\"https:\/\/marekkuchcinski.pl\/wydarzenia\/wielcy-ludzie-kosciola-w-europie-karpat-podsumowanie-konferencji-przemyskiego-towarzystwa-kulturalnego\/attachment\/img_0188_edited\/\" class=\"wp-image-25879\" srcset=\"https:\/\/marekkuchcinski.pl\/wp-content\/uploads\/2022\/08\/IMG_0188_edited-1024x662.jpg 1024w, https:\/\/marekkuchcinski.pl\/wp-content\/uploads\/2022\/08\/IMG_0188_edited-300x194.jpg 300w, https:\/\/marekkuchcinski.pl\/wp-content\/uploads\/2022\/08\/IMG_0188_edited-768x497.jpg 768w, https:\/\/marekkuchcinski.pl\/wp-content\/uploads\/2022\/08\/IMG_0188_edited-1536x994.jpg 1536w, https:\/\/marekkuchcinski.pl\/wp-content\/uploads\/2022\/08\/IMG_0188_edited-18x12.jpg 18w, https:\/\/marekkuchcinski.pl\/wp-content\/uploads\/2022\/08\/IMG_0188_edited.jpg 1600w\" sizes=\"(max-width: 1024px) 100vw, 1024px\" \/><\/a><\/figure><\/li><li class=\"blocks-gallery-item\"><figure><a href=\"https:\/\/marekkuchcinski.pl\/wp-content\/uploads\/2022\/08\/IMG_0197_edited.jpg\"><img loading=\"lazy\" decoding=\"async\" width=\"1024\" height=\"682\" src=\"https:\/\/marekkuchcinski.pl\/wp-content\/uploads\/2022\/08\/IMG_0197_edited-1024x682.jpg\" alt=\"\" data-id=\"25880\" data-full-url=\"https:\/\/marekkuchcinski.pl\/wp-content\/uploads\/2022\/08\/IMG_0197_edited.jpg\" data-link=\"https:\/\/marekkuchcinski.pl\/wydarzenia\/wielcy-ludzie-kosciola-w-europie-karpat-podsumowanie-konferencji-przemyskiego-towarzystwa-kulturalnego\/attachment\/img_0197_edited\/\" class=\"wp-image-25880\" srcset=\"https:\/\/marekkuchcinski.pl\/wp-content\/uploads\/2022\/08\/IMG_0197_edited-1024x682.jpg 1024w, https:\/\/marekkuchcinski.pl\/wp-content\/uploads\/2022\/08\/IMG_0197_edited-300x200.jpg 300w, https:\/\/marekkuchcinski.pl\/wp-content\/uploads\/2022\/08\/IMG_0197_edited-768x512.jpg 768w, https:\/\/marekkuchcinski.pl\/wp-content\/uploads\/2022\/08\/IMG_0197_edited-1536x1023.jpg 1536w, https:\/\/marekkuchcinski.pl\/wp-content\/uploads\/2022\/08\/IMG_0197_edited-18x12.jpg 18w, https:\/\/marekkuchcinski.pl\/wp-content\/uploads\/2022\/08\/IMG_0197_edited.jpg 1600w\" sizes=\"(max-width: 1024px) 100vw, 1024px\" \/><\/a><\/figure><\/li><li class=\"blocks-gallery-item\"><figure><a href=\"https:\/\/marekkuchcinski.pl\/wp-content\/uploads\/2022\/08\/IMG_0297_edited.jpg\"><img loading=\"lazy\" decoding=\"async\" width=\"1024\" height=\"683\" src=\"https:\/\/marekkuchcinski.pl\/wp-content\/uploads\/2022\/08\/IMG_0297_edited-1024x683.jpg\" alt=\"\" data-id=\"25881\" data-full-url=\"https:\/\/marekkuchcinski.pl\/wp-content\/uploads\/2022\/08\/IMG_0297_edited.jpg\" data-link=\"https:\/\/marekkuchcinski.pl\/wydarzenia\/wielcy-ludzie-kosciola-w-europie-karpat-podsumowanie-konferencji-przemyskiego-towarzystwa-kulturalnego\/attachment\/img_0297_edited\/\" class=\"wp-image-25881\" srcset=\"https:\/\/marekkuchcinski.pl\/wp-content\/uploads\/2022\/08\/IMG_0297_edited-1024x683.jpg 1024w, https:\/\/marekkuchcinski.pl\/wp-content\/uploads\/2022\/08\/IMG_0297_edited-300x200.jpg 300w, https:\/\/marekkuchcinski.pl\/wp-content\/uploads\/2022\/08\/IMG_0297_edited-768x512.jpg 768w, https:\/\/marekkuchcinski.pl\/wp-content\/uploads\/2022\/08\/IMG_0297_edited-1536x1024.jpg 1536w, https:\/\/marekkuchcinski.pl\/wp-content\/uploads\/2022\/08\/IMG_0297_edited-18x12.jpg 18w, https:\/\/marekkuchcinski.pl\/wp-content\/uploads\/2022\/08\/IMG_0297_edited.jpg 1600w\" sizes=\"(max-width: 1024px) 100vw, 1024px\" \/><\/a><\/figure><\/li><li class=\"blocks-gallery-item\"><figure><a href=\"https:\/\/marekkuchcinski.pl\/wp-content\/uploads\/2022\/08\/IMG_0309_edited.jpg\"><img loading=\"lazy\" decoding=\"async\" width=\"1024\" height=\"683\" src=\"https:\/\/marekkuchcinski.pl\/wp-content\/uploads\/2022\/08\/IMG_0309_edited-1024x683.jpg\" alt=\"\" data-id=\"25882\" data-full-url=\"https:\/\/marekkuchcinski.pl\/wp-content\/uploads\/2022\/08\/IMG_0309_edited.jpg\" data-link=\"https:\/\/marekkuchcinski.pl\/wydarzenia\/wielcy-ludzie-kosciola-w-europie-karpat-podsumowanie-konferencji-przemyskiego-towarzystwa-kulturalnego\/attachment\/img_0309_edited\/\" class=\"wp-image-25882\" srcset=\"https:\/\/marekkuchcinski.pl\/wp-content\/uploads\/2022\/08\/IMG_0309_edited-1024x683.jpg 1024w, https:\/\/marekkuchcinski.pl\/wp-content\/uploads\/2022\/08\/IMG_0309_edited-300x200.jpg 300w, https:\/\/marekkuchcinski.pl\/wp-content\/uploads\/2022\/08\/IMG_0309_edited-768x512.jpg 768w, https:\/\/marekkuchcinski.pl\/wp-content\/uploads\/2022\/08\/IMG_0309_edited-1536x1024.jpg 1536w, https:\/\/marekkuchcinski.pl\/wp-content\/uploads\/2022\/08\/IMG_0309_edited-18x12.jpg 18w, https:\/\/marekkuchcinski.pl\/wp-content\/uploads\/2022\/08\/IMG_0309_edited.jpg 1600w\" sizes=\"(max-width: 1024px) 100vw, 1024px\" \/><\/a><\/figure><\/li><li class=\"blocks-gallery-item\"><figure><a href=\"https:\/\/marekkuchcinski.pl\/wp-content\/uploads\/2022\/08\/IMG_9847_edited.jpg\"><img loading=\"lazy\" decoding=\"async\" width=\"1024\" height=\"683\" src=\"https:\/\/marekkuchcinski.pl\/wp-content\/uploads\/2022\/08\/IMG_9847_edited-1024x683.jpg\" alt=\"\" data-id=\"25883\" data-full-url=\"https:\/\/marekkuchcinski.pl\/wp-content\/uploads\/2022\/08\/IMG_9847_edited.jpg\" data-link=\"https:\/\/marekkuchcinski.pl\/wydarzenia\/wielcy-ludzie-kosciola-w-europie-karpat-podsumowanie-konferencji-przemyskiego-towarzystwa-kulturalnego\/attachment\/img_9847_edited\/\" class=\"wp-image-25883\" srcset=\"https:\/\/marekkuchcinski.pl\/wp-content\/uploads\/2022\/08\/IMG_9847_edited-1024x683.jpg 1024w, https:\/\/marekkuchcinski.pl\/wp-content\/uploads\/2022\/08\/IMG_9847_edited-300x200.jpg 300w, https:\/\/marekkuchcinski.pl\/wp-content\/uploads\/2022\/08\/IMG_9847_edited-768x512.jpg 768w, https:\/\/marekkuchcinski.pl\/wp-content\/uploads\/2022\/08\/IMG_9847_edited-1536x1024.jpg 1536w, https:\/\/marekkuchcinski.pl\/wp-content\/uploads\/2022\/08\/IMG_9847_edited-18x12.jpg 18w, https:\/\/marekkuchcinski.pl\/wp-content\/uploads\/2022\/08\/IMG_9847_edited.jpg 1600w\" sizes=\"(max-width: 1024px) 100vw, 1024px\" \/><\/a><\/figure><\/li><li class=\"blocks-gallery-item\"><figure><a href=\"https:\/\/marekkuchcinski.pl\/wp-content\/uploads\/2022\/08\/IMG_9869_edited.jpg\"><img loading=\"lazy\" decoding=\"async\" width=\"1024\" height=\"684\" src=\"https:\/\/marekkuchcinski.pl\/wp-content\/uploads\/2022\/08\/IMG_9869_edited-1024x684.jpg\" alt=\"\" data-id=\"25884\" data-full-url=\"https:\/\/marekkuchcinski.pl\/wp-content\/uploads\/2022\/08\/IMG_9869_edited.jpg\" data-link=\"https:\/\/marekkuchcinski.pl\/wydarzenia\/wielcy-ludzie-kosciola-w-europie-karpat-podsumowanie-konferencji-przemyskiego-towarzystwa-kulturalnego\/attachment\/img_9869_edited\/\" class=\"wp-image-25884\" srcset=\"https:\/\/marekkuchcinski.pl\/wp-content\/uploads\/2022\/08\/IMG_9869_edited-1024x684.jpg 1024w, https:\/\/marekkuchcinski.pl\/wp-content\/uploads\/2022\/08\/IMG_9869_edited-300x200.jpg 300w, https:\/\/marekkuchcinski.pl\/wp-content\/uploads\/2022\/08\/IMG_9869_edited-768x513.jpg 768w, https:\/\/marekkuchcinski.pl\/wp-content\/uploads\/2022\/08\/IMG_9869_edited-1536x1025.jpg 1536w, https:\/\/marekkuchcinski.pl\/wp-content\/uploads\/2022\/08\/IMG_9869_edited-18x12.jpg 18w, https:\/\/marekkuchcinski.pl\/wp-content\/uploads\/2022\/08\/IMG_9869_edited.jpg 1600w\" sizes=\"(max-width: 1024px) 100vw, 1024px\" \/><\/a><\/figure><\/li><li class=\"blocks-gallery-item\"><figure><a href=\"https:\/\/marekkuchcinski.pl\/wp-content\/uploads\/2022\/08\/IMG_9875_edited.jpg\"><img loading=\"lazy\" decoding=\"async\" width=\"1024\" height=\"701\" src=\"https:\/\/marekkuchcinski.pl\/wp-content\/uploads\/2022\/08\/IMG_9875_edited-1024x701.jpg\" alt=\"\" data-id=\"25885\" data-full-url=\"https:\/\/marekkuchcinski.pl\/wp-content\/uploads\/2022\/08\/IMG_9875_edited.jpg\" data-link=\"https:\/\/marekkuchcinski.pl\/wydarzenia\/wielcy-ludzie-kosciola-w-europie-karpat-podsumowanie-konferencji-przemyskiego-towarzystwa-kulturalnego\/attachment\/img_9875_edited\/\" class=\"wp-image-25885\" srcset=\"https:\/\/marekkuchcinski.pl\/wp-content\/uploads\/2022\/08\/IMG_9875_edited-1024x701.jpg 1024w, https:\/\/marekkuchcinski.pl\/wp-content\/uploads\/2022\/08\/IMG_9875_edited-300x205.jpg 300w, https:\/\/marekkuchcinski.pl\/wp-content\/uploads\/2022\/08\/IMG_9875_edited-768x526.jpg 768w, https:\/\/marekkuchcinski.pl\/wp-content\/uploads\/2022\/08\/IMG_9875_edited-1536x1051.jpg 1536w, https:\/\/marekkuchcinski.pl\/wp-content\/uploads\/2022\/08\/IMG_9875_edited-18x12.jpg 18w, https:\/\/marekkuchcinski.pl\/wp-content\/uploads\/2022\/08\/IMG_9875_edited.jpg 1600w\" sizes=\"(max-width: 1024px) 100vw, 1024px\" \/><\/a><\/figure><\/li><li class=\"blocks-gallery-item\"><figure><a href=\"https:\/\/marekkuchcinski.pl\/wp-content\/uploads\/2022\/08\/IMG_9884_edited.jpg\"><img loading=\"lazy\" decoding=\"async\" width=\"1024\" height=\"683\" src=\"https:\/\/marekkuchcinski.pl\/wp-content\/uploads\/2022\/08\/IMG_9884_edited-1024x683.jpg\" alt=\"\" data-id=\"25886\" data-full-url=\"https:\/\/marekkuchcinski.pl\/wp-content\/uploads\/2022\/08\/IMG_9884_edited.jpg\" data-link=\"https:\/\/marekkuchcinski.pl\/wydarzenia\/wielcy-ludzie-kosciola-w-europie-karpat-podsumowanie-konferencji-przemyskiego-towarzystwa-kulturalnego\/attachment\/img_9884_edited\/\" class=\"wp-image-25886\" srcset=\"https:\/\/marekkuchcinski.pl\/wp-content\/uploads\/2022\/08\/IMG_9884_edited-1024x683.jpg 1024w, https:\/\/marekkuchcinski.pl\/wp-content\/uploads\/2022\/08\/IMG_9884_edited-300x200.jpg 300w, https:\/\/marekkuchcinski.pl\/wp-content\/uploads\/2022\/08\/IMG_9884_edited-768x512.jpg 768w, https:\/\/marekkuchcinski.pl\/wp-content\/uploads\/2022\/08\/IMG_9884_edited-1536x1024.jpg 1536w, https:\/\/marekkuchcinski.pl\/wp-content\/uploads\/2022\/08\/IMG_9884_edited-18x12.jpg 18w, https:\/\/marekkuchcinski.pl\/wp-content\/uploads\/2022\/08\/IMG_9884_edited.jpg 1600w\" sizes=\"(max-width: 1024px) 100vw, 1024px\" \/><\/a><\/figure><\/li><li class=\"blocks-gallery-item\"><figure><a href=\"https:\/\/marekkuchcinski.pl\/wp-content\/uploads\/2022\/08\/IMG_9888_edited.jpg\"><img loading=\"lazy\" decoding=\"async\" width=\"1024\" height=\"683\" src=\"https:\/\/marekkuchcinski.pl\/wp-content\/uploads\/2022\/08\/IMG_9888_edited-1024x683.jpg\" alt=\"\" data-id=\"25887\" data-full-url=\"https:\/\/marekkuchcinski.pl\/wp-content\/uploads\/2022\/08\/IMG_9888_edited.jpg\" data-link=\"https:\/\/marekkuchcinski.pl\/wydarzenia\/wielcy-ludzie-kosciola-w-europie-karpat-podsumowanie-konferencji-przemyskiego-towarzystwa-kulturalnego\/attachment\/img_9888_edited\/\" class=\"wp-image-25887\" srcset=\"https:\/\/marekkuchcinski.pl\/wp-content\/uploads\/2022\/08\/IMG_9888_edited-1024x683.jpg 1024w, https:\/\/marekkuchcinski.pl\/wp-content\/uploads\/2022\/08\/IMG_9888_edited-300x200.jpg 300w, https:\/\/marekkuchcinski.pl\/wp-content\/uploads\/2022\/08\/IMG_9888_edited-768x512.jpg 768w, https:\/\/marekkuchcinski.pl\/wp-content\/uploads\/2022\/08\/IMG_9888_edited-1536x1024.jpg 1536w, https:\/\/marekkuchcinski.pl\/wp-content\/uploads\/2022\/08\/IMG_9888_edited-18x12.jpg 18w, https:\/\/marekkuchcinski.pl\/wp-content\/uploads\/2022\/08\/IMG_9888_edited.jpg 1600w\" sizes=\"(max-width: 1024px) 100vw, 1024px\" \/><\/a><\/figure><\/li><li class=\"blocks-gallery-item\"><figure><a href=\"https:\/\/marekkuchcinski.pl\/wp-content\/uploads\/2022\/08\/IMG_9889_edited.jpg\"><img loading=\"lazy\" decoding=\"async\" width=\"1024\" height=\"683\" src=\"https:\/\/marekkuchcinski.pl\/wp-content\/uploads\/2022\/08\/IMG_9889_edited-1024x683.jpg\" alt=\"\" data-id=\"25888\" data-full-url=\"https:\/\/marekkuchcinski.pl\/wp-content\/uploads\/2022\/08\/IMG_9889_edited.jpg\" data-link=\"https:\/\/marekkuchcinski.pl\/wydarzenia\/wielcy-ludzie-kosciola-w-europie-karpat-podsumowanie-konferencji-przemyskiego-towarzystwa-kulturalnego\/attachment\/img_9889_edited\/\" class=\"wp-image-25888\" srcset=\"https:\/\/marekkuchcinski.pl\/wp-content\/uploads\/2022\/08\/IMG_9889_edited-1024x683.jpg 1024w, https:\/\/marekkuchcinski.pl\/wp-content\/uploads\/2022\/08\/IMG_9889_edited-300x200.jpg 300w, https:\/\/marekkuchcinski.pl\/wp-content\/uploads\/2022\/08\/IMG_9889_edited-768x512.jpg 768w, https:\/\/marekkuchcinski.pl\/wp-content\/uploads\/2022\/08\/IMG_9889_edited-1536x1024.jpg 1536w, https:\/\/marekkuchcinski.pl\/wp-content\/uploads\/2022\/08\/IMG_9889_edited-18x12.jpg 18w, https:\/\/marekkuchcinski.pl\/wp-content\/uploads\/2022\/08\/IMG_9889_edited.jpg 1600w\" sizes=\"(max-width: 1024px) 100vw, 1024px\" \/><\/a><\/figure><\/li><li class=\"blocks-gallery-item\"><figure><a href=\"https:\/\/marekkuchcinski.pl\/wp-content\/uploads\/2022\/08\/IMG_9901_edited.jpg\"><img loading=\"lazy\" decoding=\"async\" width=\"1024\" height=\"683\" src=\"https:\/\/marekkuchcinski.pl\/wp-content\/uploads\/2022\/08\/IMG_9901_edited-1024x683.jpg\" alt=\"\" data-id=\"25889\" data-full-url=\"https:\/\/marekkuchcinski.pl\/wp-content\/uploads\/2022\/08\/IMG_9901_edited.jpg\" data-link=\"https:\/\/marekkuchcinski.pl\/wydarzenia\/wielcy-ludzie-kosciola-w-europie-karpat-podsumowanie-konferencji-przemyskiego-towarzystwa-kulturalnego\/attachment\/img_9901_edited\/\" class=\"wp-image-25889\" srcset=\"https:\/\/marekkuchcinski.pl\/wp-content\/uploads\/2022\/08\/IMG_9901_edited-1024x683.jpg 1024w, https:\/\/marekkuchcinski.pl\/wp-content\/uploads\/2022\/08\/IMG_9901_edited-300x200.jpg 300w, https:\/\/marekkuchcinski.pl\/wp-content\/uploads\/2022\/08\/IMG_9901_edited-768x512.jpg 768w, https:\/\/marekkuchcinski.pl\/wp-content\/uploads\/2022\/08\/IMG_9901_edited-1536x1024.jpg 1536w, https:\/\/marekkuchcinski.pl\/wp-content\/uploads\/2022\/08\/IMG_9901_edited-18x12.jpg 18w, https:\/\/marekkuchcinski.pl\/wp-content\/uploads\/2022\/08\/IMG_9901_edited.jpg 1600w\" sizes=\"(max-width: 1024px) 100vw, 1024px\" \/><\/a><\/figure><\/li><li class=\"blocks-gallery-item\"><figure><a href=\"https:\/\/marekkuchcinski.pl\/wp-content\/uploads\/2022\/08\/IMG_9925_edited.jpg\"><img loading=\"lazy\" decoding=\"async\" width=\"1024\" height=\"683\" src=\"https:\/\/marekkuchcinski.pl\/wp-content\/uploads\/2022\/08\/IMG_9925_edited-1024x683.jpg\" alt=\"\" data-id=\"25890\" data-full-url=\"https:\/\/marekkuchcinski.pl\/wp-content\/uploads\/2022\/08\/IMG_9925_edited.jpg\" data-link=\"https:\/\/marekkuchcinski.pl\/wydarzenia\/wielcy-ludzie-kosciola-w-europie-karpat-podsumowanie-konferencji-przemyskiego-towarzystwa-kulturalnego\/attachment\/img_9925_edited\/\" class=\"wp-image-25890\" srcset=\"https:\/\/marekkuchcinski.pl\/wp-content\/uploads\/2022\/08\/IMG_9925_edited-1024x683.jpg 1024w, https:\/\/marekkuchcinski.pl\/wp-content\/uploads\/2022\/08\/IMG_9925_edited-300x200.jpg 300w, https:\/\/marekkuchcinski.pl\/wp-content\/uploads\/2022\/08\/IMG_9925_edited-768x512.jpg 768w, https:\/\/marekkuchcinski.pl\/wp-content\/uploads\/2022\/08\/IMG_9925_edited-1536x1024.jpg 1536w, https:\/\/marekkuchcinski.pl\/wp-content\/uploads\/2022\/08\/IMG_9925_edited-18x12.jpg 18w, https:\/\/marekkuchcinski.pl\/wp-content\/uploads\/2022\/08\/IMG_9925_edited.jpg 1600w\" sizes=\"(max-width: 1024px) 100vw, 1024px\" \/><\/a><\/figure><\/li><li class=\"blocks-gallery-item\"><figure><a href=\"https:\/\/marekkuchcinski.pl\/wp-content\/uploads\/2022\/08\/IMG_9947_edited.jpg\"><img loading=\"lazy\" decoding=\"async\" width=\"1024\" height=\"682\" src=\"https:\/\/marekkuchcinski.pl\/wp-content\/uploads\/2022\/08\/IMG_9947_edited-1024x682.jpg\" alt=\"\" data-id=\"25892\" data-full-url=\"https:\/\/marekkuchcinski.pl\/wp-content\/uploads\/2022\/08\/IMG_9947_edited.jpg\" data-link=\"https:\/\/marekkuchcinski.pl\/wydarzenia\/wielcy-ludzie-kosciola-w-europie-karpat-podsumowanie-konferencji-przemyskiego-towarzystwa-kulturalnego\/attachment\/img_9947_edited\/\" class=\"wp-image-25892\" srcset=\"https:\/\/marekkuchcinski.pl\/wp-content\/uploads\/2022\/08\/IMG_9947_edited-1024x682.jpg 1024w, https:\/\/marekkuchcinski.pl\/wp-content\/uploads\/2022\/08\/IMG_9947_edited-300x200.jpg 300w, https:\/\/marekkuchcinski.pl\/wp-content\/uploads\/2022\/08\/IMG_9947_edited-768x512.jpg 768w, https:\/\/marekkuchcinski.pl\/wp-content\/uploads\/2022\/08\/IMG_9947_edited-1536x1023.jpg 1536w, https:\/\/marekkuchcinski.pl\/wp-content\/uploads\/2022\/08\/IMG_9947_edited-18x12.jpg 18w, https:\/\/marekkuchcinski.pl\/wp-content\/uploads\/2022\/08\/IMG_9947_edited.jpg 1600w\" sizes=\"(max-width: 1024px) 100vw, 1024px\" \/><\/a><\/figure><\/li><li class=\"blocks-gallery-item\"><figure><a href=\"https:\/\/marekkuchcinski.pl\/wp-content\/uploads\/2022\/08\/IMG_9948_edited.jpg\"><img loading=\"lazy\" decoding=\"async\" width=\"1024\" height=\"683\" src=\"https:\/\/marekkuchcinski.pl\/wp-content\/uploads\/2022\/08\/IMG_9948_edited-1024x683.jpg\" alt=\"\" data-id=\"25893\" data-full-url=\"https:\/\/marekkuchcinski.pl\/wp-content\/uploads\/2022\/08\/IMG_9948_edited.jpg\" data-link=\"https:\/\/marekkuchcinski.pl\/wydarzenia\/wielcy-ludzie-kosciola-w-europie-karpat-podsumowanie-konferencji-przemyskiego-towarzystwa-kulturalnego\/attachment\/img_9948_edited\/\" class=\"wp-image-25893\" srcset=\"https:\/\/marekkuchcinski.pl\/wp-content\/uploads\/2022\/08\/IMG_9948_edited-1024x683.jpg 1024w, https:\/\/marekkuchcinski.pl\/wp-content\/uploads\/2022\/08\/IMG_9948_edited-300x200.jpg 300w, https:\/\/marekkuchcinski.pl\/wp-content\/uploads\/2022\/08\/IMG_9948_edited-768x512.jpg 768w, https:\/\/marekkuchcinski.pl\/wp-content\/uploads\/2022\/08\/IMG_9948_edited-1536x1024.jpg 1536w, https:\/\/marekkuchcinski.pl\/wp-content\/uploads\/2022\/08\/IMG_9948_edited-18x12.jpg 18w, https:\/\/marekkuchcinski.pl\/wp-content\/uploads\/2022\/08\/IMG_9948_edited.jpg 1600w\" sizes=\"(max-width: 1024px) 100vw, 1024px\" \/><\/a><\/figure><\/li><\/ul><\/figure>","protected":false},"excerpt":{"rendered":"<p>Dne 30. \u010dervence se v Kalwarii Pac\u0142awsk\u00e9 v Podkarpatsk\u00e9 Rusi uskute\u010dnila t\u0159et\u00ed konference z cyklu \"Ud\u00e1losti a lid\u00e9 19. a 20. stolet\u00ed - Przemy\u015bl, zem\u011b Przemy\u015blsk\u00e1 a Podkarpatsko v Karpatsk\u00e9 Evrop\u011b\", po\u0159\u00e1dan\u00e1 Przemy\u0161lsk\u00fdm kulturn\u00edm spolkem, kter\u00fd byl obnoven po 30 letech a vze\u0161el z prost\u0159ed\u00ed nez\u00e1visl\u00e9 kultury. Akce se z\u00fa\u010dastnil p\u0159edseda PTK, p\u0159edseda zahrani\u010dn\u00edho v\u00fdboru Marek Kuchcinski, p\u0159edseda [...]<\/p>","protected":false},"author":21,"featured_media":25845,"comment_status":"open","ping_status":"open","sticky":false,"template":"","format":"standard","meta":{"ngg_post_thumbnail":0,"footnotes":""},"categories":[50,3],"tags":[],"class_list":["post-25830","post","type-post","status-publish","format-standard","has-post-thumbnail","hentry","category-wspolpraca-miedzynarodowa","category-wydarzenia"],"yoast_head":"<!-- This site is optimized with the Yoast SEO plugin v24.7 - https:\/\/yoast.com\/wordpress\/plugins\/seo\/ -->\n<title>Wielcy ludzie Ko\u015bcio\u0142a w Europie Karpat \u2013 podsumowanie konferencji Przemyskiego Towarzystwa Kulturalnego &#8211; Marek Kuchci\u0144ski<\/title>\n<meta name=\"robots\" content=\"index, follow, max-snippet:-1, max-image-preview:large, max-video-preview:-1\" \/>\n<link rel=\"canonical\" href=\"https:\/\/marekkuchcinski.pl\/cs\/wydarzenia\/wielcy-ludzie-kosciola-w-europie-karpat-podsumowanie-konferencji-przemyskiego-towarzystwa-kulturalnego\/\" \/>\n<meta property=\"og:locale\" content=\"cs_CZ\" \/>\n<meta property=\"og:type\" content=\"article\" \/>\n<meta property=\"og:title\" content=\"Wielcy ludzie Ko\u015bcio\u0142a w Europie Karpat \u2013 podsumowanie konferencji Przemyskiego Towarzystwa Kulturalnego &#8211; Marek Kuchci\u0144ski\" \/>\n<meta property=\"og:description\" content=\"30 lipca w Kalwarii Pac\u0142awskiej na Podkarpaciu odby\u0142a si\u0119 zorganizowana przez zreaktywowane po 30 latach, wywodz\u0105ce si\u0119 ze \u015brodowiska kultury niezale\u017cnej, Przemyskie Towarzystwo Kulturalne III konferencja z cyklu \u201eWydarzenia i ludzie XIX i XX wieku \u2013 Przemy\u015bl, Ziemia Przemyska i Podkarpacie w Europie Karpat&#8221;. Gospodarzem imprezy by\u0142 prezes PTK, przewodnicz\u0105cy Komisji Spraw Zagranicznych Marek Kuchci\u0144ski, [&hellip;]\" \/>\n<meta property=\"og:url\" content=\"https:\/\/marekkuchcinski.pl\/cs\/wydarzenia\/wielcy-ludzie-kosciola-w-europie-karpat-podsumowanie-konferencji-przemyskiego-towarzystwa-kulturalnego\/\" \/>\n<meta property=\"og:site_name\" content=\"Marek Kuchci\u0144ski\" \/>\n<meta property=\"article:published_time\" content=\"2022-08-02T19:38:04+00:00\" \/>\n<meta property=\"article:modified_time\" content=\"2022-08-03T11:59:20+00:00\" \/>\n<meta property=\"og:image\" content=\"https:\/\/marekkuchcinski.pl\/wp-content\/uploads\/2022\/08\/www.jpg\" \/>\n\t<meta property=\"og:image:width\" content=\"1600\" \/>\n\t<meta property=\"og:image:height\" content=\"1022\" \/>\n\t<meta property=\"og:image:type\" content=\"image\/jpeg\" \/>\n<meta name=\"author\" content=\"Marta Olejnik\" \/>\n<meta name=\"twitter:card\" content=\"summary_large_image\" \/>\n<meta name=\"twitter:label1\" content=\"Napsal(a)\" \/>\n\t<meta name=\"twitter:data1\" content=\"Marta Olejnik\" \/>\n\t<meta name=\"twitter:label2\" content=\"Odhadovan\u00e1 doba \u010dten\u00ed\" \/>\n\t<meta name=\"twitter:data2\" content=\"11 minut\" \/>\n<script type=\"application\/ld+json\" class=\"yoast-schema-graph\">{\"@context\":\"https:\/\/schema.org\",\"@graph\":[{\"@type\":\"Article\",\"@id\":\"https:\/\/marekkuchcinski.pl\/cs\/wydarzenia\/wielcy-ludzie-kosciola-w-europie-karpat-podsumowanie-konferencji-przemyskiego-towarzystwa-kulturalnego\/#article\",\"isPartOf\":{\"@id\":\"https:\/\/marekkuchcinski.pl\/cs\/wydarzenia\/wielcy-ludzie-kosciola-w-europie-karpat-podsumowanie-konferencji-przemyskiego-towarzystwa-kulturalnego\/\"},\"author\":{\"name\":\"Marta Olejnik\",\"@id\":\"https:\/\/marekkuchcinski.pl\/#\/schema\/person\/51d5d4ee3b5317b8e4dd2b48af359229\"},\"headline\":\"Wielcy ludzie Ko\u015bcio\u0142a w Europie Karpat \u2013 podsumowanie konferencji Przemyskiego Towarzystwa Kulturalnego\",\"datePublished\":\"2022-08-02T19:38:04+00:00\",\"dateModified\":\"2022-08-03T11:59:20+00:00\",\"mainEntityOfPage\":{\"@id\":\"https:\/\/marekkuchcinski.pl\/cs\/wydarzenia\/wielcy-ludzie-kosciola-w-europie-karpat-podsumowanie-konferencji-przemyskiego-towarzystwa-kulturalnego\/\"},\"wordCount\":907,\"commentCount\":0,\"publisher\":{\"@id\":\"https:\/\/marekkuchcinski.pl\/#organization\"},\"image\":{\"@id\":\"https:\/\/marekkuchcinski.pl\/cs\/wydarzenia\/wielcy-ludzie-kosciola-w-europie-karpat-podsumowanie-konferencji-przemyskiego-towarzystwa-kulturalnego\/#primaryimage\"},\"thumbnailUrl\":\"https:\/\/marekkuchcinski.pl\/wp-content\/uploads\/2022\/08\/www.jpg\",\"articleSection\":[\"Wsp\u00f3\u0142praca mi\u0119dzynarodowa\",\"Wydarzenia\"],\"inLanguage\":\"cs\",\"potentialAction\":[{\"@type\":\"CommentAction\",\"name\":\"Comment\",\"target\":[\"https:\/\/marekkuchcinski.pl\/cs\/wydarzenia\/wielcy-ludzie-kosciola-w-europie-karpat-podsumowanie-konferencji-przemyskiego-towarzystwa-kulturalnego\/#respond\"]}]},{\"@type\":\"WebPage\",\"@id\":\"https:\/\/marekkuchcinski.pl\/cs\/wydarzenia\/wielcy-ludzie-kosciola-w-europie-karpat-podsumowanie-konferencji-przemyskiego-towarzystwa-kulturalnego\/\",\"url\":\"https:\/\/marekkuchcinski.pl\/cs\/wydarzenia\/wielcy-ludzie-kosciola-w-europie-karpat-podsumowanie-konferencji-przemyskiego-towarzystwa-kulturalnego\/\",\"name\":\"Wielcy ludzie Ko\u015bcio\u0142a w Europie Karpat \u2013 podsumowanie konferencji Przemyskiego Towarzystwa Kulturalnego &#8211; Marek Kuchci\u0144ski\",\"isPartOf\":{\"@id\":\"https:\/\/marekkuchcinski.pl\/#website\"},\"primaryImageOfPage\":{\"@id\":\"https:\/\/marekkuchcinski.pl\/cs\/wydarzenia\/wielcy-ludzie-kosciola-w-europie-karpat-podsumowanie-konferencji-przemyskiego-towarzystwa-kulturalnego\/#primaryimage\"},\"image\":{\"@id\":\"https:\/\/marekkuchcinski.pl\/cs\/wydarzenia\/wielcy-ludzie-kosciola-w-europie-karpat-podsumowanie-konferencji-przemyskiego-towarzystwa-kulturalnego\/#primaryimage\"},\"thumbnailUrl\":\"https:\/\/marekkuchcinski.pl\/wp-content\/uploads\/2022\/08\/www.jpg\",\"datePublished\":\"2022-08-02T19:38:04+00:00\",\"dateModified\":\"2022-08-03T11:59:20+00:00\",\"breadcrumb\":{\"@id\":\"https:\/\/marekkuchcinski.pl\/cs\/wydarzenia\/wielcy-ludzie-kosciola-w-europie-karpat-podsumowanie-konferencji-przemyskiego-towarzystwa-kulturalnego\/#breadcrumb\"},\"inLanguage\":\"cs\",\"potentialAction\":[{\"@type\":\"ReadAction\",\"target\":[\"https:\/\/marekkuchcinski.pl\/cs\/wydarzenia\/wielcy-ludzie-kosciola-w-europie-karpat-podsumowanie-konferencji-przemyskiego-towarzystwa-kulturalnego\/\"]}]},{\"@type\":\"ImageObject\",\"inLanguage\":\"cs\",\"@id\":\"https:\/\/marekkuchcinski.pl\/cs\/wydarzenia\/wielcy-ludzie-kosciola-w-europie-karpat-podsumowanie-konferencji-przemyskiego-towarzystwa-kulturalnego\/#primaryimage\",\"url\":\"https:\/\/marekkuchcinski.pl\/wp-content\/uploads\/2022\/08\/www.jpg\",\"contentUrl\":\"https:\/\/marekkuchcinski.pl\/wp-content\/uploads\/2022\/08\/www.jpg\",\"width\":1600,\"height\":1022},{\"@type\":\"BreadcrumbList\",\"@id\":\"https:\/\/marekkuchcinski.pl\/cs\/wydarzenia\/wielcy-ludzie-kosciola-w-europie-karpat-podsumowanie-konferencji-przemyskiego-towarzystwa-kulturalnego\/#breadcrumb\",\"itemListElement\":[{\"@type\":\"ListItem\",\"position\":1,\"name\":\"Strona g\u0142\u00f3wna\",\"item\":\"https:\/\/marekkuchcinski.pl\/\"},{\"@type\":\"ListItem\",\"position\":2,\"name\":\"Wielcy ludzie Ko\u015bcio\u0142a w Europie Karpat \u2013 podsumowanie konferencji Przemyskiego Towarzystwa Kulturalnego\"}]},{\"@type\":\"WebSite\",\"@id\":\"https:\/\/marekkuchcinski.pl\/#website\",\"url\":\"https:\/\/marekkuchcinski.pl\/\",\"name\":\"Marek Kuchci\u0144ski\",\"description\":\"Pose\u0142 na sejm RP &ndash; okr\u0119g nr 22\",\"publisher\":{\"@id\":\"https:\/\/marekkuchcinski.pl\/#organization\"},\"potentialAction\":[{\"@type\":\"SearchAction\",\"target\":{\"@type\":\"EntryPoint\",\"urlTemplate\":\"https:\/\/marekkuchcinski.pl\/?s={search_term_string}\"},\"query-input\":{\"@type\":\"PropertyValueSpecification\",\"valueRequired\":true,\"valueName\":\"search_term_string\"}}],\"inLanguage\":\"cs\"},{\"@type\":\"Organization\",\"@id\":\"https:\/\/marekkuchcinski.pl\/#organization\",\"name\":\"Marek Kuchci\u0144ski\",\"url\":\"https:\/\/marekkuchcinski.pl\/\",\"logo\":{\"@type\":\"ImageObject\",\"inLanguage\":\"cs\",\"@id\":\"https:\/\/marekkuchcinski.pl\/#\/schema\/logo\/image\/\",\"url\":\"https:\/\/marekkuchcinski.pl\/wp-content\/uploads\/2022\/09\/Marek.jpg\",\"contentUrl\":\"https:\/\/marekkuchcinski.pl\/wp-content\/uploads\/2022\/09\/Marek.jpg\",\"width\":1600,\"height\":971,\"caption\":\"Marek Kuchci\u0144ski\"},\"image\":{\"@id\":\"https:\/\/marekkuchcinski.pl\/#\/schema\/logo\/image\/\"}},{\"@type\":\"Person\",\"@id\":\"https:\/\/marekkuchcinski.pl\/#\/schema\/person\/51d5d4ee3b5317b8e4dd2b48af359229\",\"name\":\"Marta Olejnik\",\"image\":{\"@type\":\"ImageObject\",\"inLanguage\":\"cs\",\"@id\":\"https:\/\/marekkuchcinski.pl\/#\/schema\/person\/image\/\",\"url\":\"https:\/\/secure.gravatar.com\/avatar\/e39914b2aa6a48959e24d475b5dc9793?s=96&d=mm&r=g\",\"contentUrl\":\"https:\/\/secure.gravatar.com\/avatar\/e39914b2aa6a48959e24d475b5dc9793?s=96&d=mm&r=g\",\"caption\":\"Marta Olejnik\"},\"url\":\"https:\/\/marekkuchcinski.pl\/cs\/author\/marta\/\"}]}<\/script>\n<!-- \/ Yoast SEO plugin. -->","yoast_head_json":{"title":"Wielcy ludzie Ko\u015bcio\u0142a w Europie Karpat \u2013 podsumowanie konferencji Przemyskiego Towarzystwa Kulturalnego &#8211; Marek Kuchci\u0144ski","robots":{"index":"index","follow":"follow","max-snippet":"max-snippet:-1","max-image-preview":"max-image-preview:large","max-video-preview":"max-video-preview:-1"},"canonical":"https:\/\/marekkuchcinski.pl\/cs\/wydarzenia\/wielcy-ludzie-kosciola-w-europie-karpat-podsumowanie-konferencji-przemyskiego-towarzystwa-kulturalnego\/","og_locale":"cs_CZ","og_type":"article","og_title":"Wielcy ludzie Ko\u015bcio\u0142a w Europie Karpat \u2013 podsumowanie konferencji Przemyskiego Towarzystwa Kulturalnego &#8211; Marek Kuchci\u0144ski","og_description":"30 lipca w Kalwarii Pac\u0142awskiej na Podkarpaciu odby\u0142a si\u0119 zorganizowana przez zreaktywowane po 30 latach, wywodz\u0105ce si\u0119 ze \u015brodowiska kultury niezale\u017cnej, Przemyskie Towarzystwo Kulturalne III konferencja z cyklu \u201eWydarzenia i ludzie XIX i XX wieku \u2013 Przemy\u015bl, Ziemia Przemyska i Podkarpacie w Europie Karpat&#8221;. Gospodarzem imprezy by\u0142 prezes PTK, przewodnicz\u0105cy Komisji Spraw Zagranicznych Marek Kuchci\u0144ski, [&hellip;]","og_url":"https:\/\/marekkuchcinski.pl\/cs\/wydarzenia\/wielcy-ludzie-kosciola-w-europie-karpat-podsumowanie-konferencji-przemyskiego-towarzystwa-kulturalnego\/","og_site_name":"Marek Kuchci\u0144ski","article_published_time":"2022-08-02T19:38:04+00:00","article_modified_time":"2022-08-03T11:59:20+00:00","og_image":[{"width":1600,"height":1022,"url":"https:\/\/marekkuchcinski.pl\/wp-content\/uploads\/2022\/08\/www.jpg","type":"image\/jpeg"}],"author":"Marta Olejnik","twitter_card":"summary_large_image","twitter_misc":{"Napsal(a)":"Marta Olejnik","Odhadovan\u00e1 doba \u010dten\u00ed":"11 minut"},"schema":{"@context":"https:\/\/schema.org","@graph":[{"@type":"Article","@id":"https:\/\/marekkuchcinski.pl\/cs\/wydarzenia\/wielcy-ludzie-kosciola-w-europie-karpat-podsumowanie-konferencji-przemyskiego-towarzystwa-kulturalnego\/#article","isPartOf":{"@id":"https:\/\/marekkuchcinski.pl\/cs\/wydarzenia\/wielcy-ludzie-kosciola-w-europie-karpat-podsumowanie-konferencji-przemyskiego-towarzystwa-kulturalnego\/"},"author":{"name":"Marta Olejnik","@id":"https:\/\/marekkuchcinski.pl\/#\/schema\/person\/51d5d4ee3b5317b8e4dd2b48af359229"},"headline":"Wielcy ludzie Ko\u015bcio\u0142a w Europie Karpat \u2013 podsumowanie konferencji Przemyskiego Towarzystwa Kulturalnego","datePublished":"2022-08-02T19:38:04+00:00","dateModified":"2022-08-03T11:59:20+00:00","mainEntityOfPage":{"@id":"https:\/\/marekkuchcinski.pl\/cs\/wydarzenia\/wielcy-ludzie-kosciola-w-europie-karpat-podsumowanie-konferencji-przemyskiego-towarzystwa-kulturalnego\/"},"wordCount":907,"commentCount":0,"publisher":{"@id":"https:\/\/marekkuchcinski.pl\/#organization"},"image":{"@id":"https:\/\/marekkuchcinski.pl\/cs\/wydarzenia\/wielcy-ludzie-kosciola-w-europie-karpat-podsumowanie-konferencji-przemyskiego-towarzystwa-kulturalnego\/#primaryimage"},"thumbnailUrl":"https:\/\/marekkuchcinski.pl\/wp-content\/uploads\/2022\/08\/www.jpg","articleSection":["Wsp\u00f3\u0142praca mi\u0119dzynarodowa","Wydarzenia"],"inLanguage":"cs","potentialAction":[{"@type":"CommentAction","name":"Comment","target":["https:\/\/marekkuchcinski.pl\/cs\/wydarzenia\/wielcy-ludzie-kosciola-w-europie-karpat-podsumowanie-konferencji-przemyskiego-towarzystwa-kulturalnego\/#respond"]}]},{"@type":"WebPage","@id":"https:\/\/marekkuchcinski.pl\/cs\/wydarzenia\/wielcy-ludzie-kosciola-w-europie-karpat-podsumowanie-konferencji-przemyskiego-towarzystwa-kulturalnego\/","url":"https:\/\/marekkuchcinski.pl\/cs\/wydarzenia\/wielcy-ludzie-kosciola-w-europie-karpat-podsumowanie-konferencji-przemyskiego-towarzystwa-kulturalnego\/","name":"Wielcy ludzie Ko\u015bcio\u0142a w Europie Karpat \u2013 podsumowanie konferencji Przemyskiego Towarzystwa Kulturalnego &#8211; Marek Kuchci\u0144ski","isPartOf":{"@id":"https:\/\/marekkuchcinski.pl\/#website"},"primaryImageOfPage":{"@id":"https:\/\/marekkuchcinski.pl\/cs\/wydarzenia\/wielcy-ludzie-kosciola-w-europie-karpat-podsumowanie-konferencji-przemyskiego-towarzystwa-kulturalnego\/#primaryimage"},"image":{"@id":"https:\/\/marekkuchcinski.pl\/cs\/wydarzenia\/wielcy-ludzie-kosciola-w-europie-karpat-podsumowanie-konferencji-przemyskiego-towarzystwa-kulturalnego\/#primaryimage"},"thumbnailUrl":"https:\/\/marekkuchcinski.pl\/wp-content\/uploads\/2022\/08\/www.jpg","datePublished":"2022-08-02T19:38:04+00:00","dateModified":"2022-08-03T11:59:20+00:00","breadcrumb":{"@id":"https:\/\/marekkuchcinski.pl\/cs\/wydarzenia\/wielcy-ludzie-kosciola-w-europie-karpat-podsumowanie-konferencji-przemyskiego-towarzystwa-kulturalnego\/#breadcrumb"},"inLanguage":"cs","potentialAction":[{"@type":"ReadAction","target":["https:\/\/marekkuchcinski.pl\/cs\/wydarzenia\/wielcy-ludzie-kosciola-w-europie-karpat-podsumowanie-konferencji-przemyskiego-towarzystwa-kulturalnego\/"]}]},{"@type":"ImageObject","inLanguage":"cs","@id":"https:\/\/marekkuchcinski.pl\/cs\/wydarzenia\/wielcy-ludzie-kosciola-w-europie-karpat-podsumowanie-konferencji-przemyskiego-towarzystwa-kulturalnego\/#primaryimage","url":"https:\/\/marekkuchcinski.pl\/wp-content\/uploads\/2022\/08\/www.jpg","contentUrl":"https:\/\/marekkuchcinski.pl\/wp-content\/uploads\/2022\/08\/www.jpg","width":1600,"height":1022},{"@type":"BreadcrumbList","@id":"https:\/\/marekkuchcinski.pl\/cs\/wydarzenia\/wielcy-ludzie-kosciola-w-europie-karpat-podsumowanie-konferencji-przemyskiego-towarzystwa-kulturalnego\/#breadcrumb","itemListElement":[{"@type":"ListItem","position":1,"name":"Strona g\u0142\u00f3wna","item":"https:\/\/marekkuchcinski.pl\/"},{"@type":"ListItem","position":2,"name":"Wielcy ludzie Ko\u015bcio\u0142a w Europie Karpat \u2013 podsumowanie konferencji Przemyskiego Towarzystwa Kulturalnego"}]},{"@type":"WebSite","@id":"https:\/\/marekkuchcinski.pl\/#website","url":"https:\/\/marekkuchcinski.pl\/","name":"Marek Kuchci\u0144ski","description":"Pose\u0142 na sejm RP &ndash; okr\u0119g nr 22","publisher":{"@id":"https:\/\/marekkuchcinski.pl\/#organization"},"potentialAction":[{"@type":"SearchAction","target":{"@type":"EntryPoint","urlTemplate":"https:\/\/marekkuchcinski.pl\/?s={search_term_string}"},"query-input":{"@type":"PropertyValueSpecification","valueRequired":true,"valueName":"search_term_string"}}],"inLanguage":"cs"},{"@type":"Organization","@id":"https:\/\/marekkuchcinski.pl\/#organization","name":"Marek Kuchci\u0144ski","url":"https:\/\/marekkuchcinski.pl\/","logo":{"@type":"ImageObject","inLanguage":"cs","@id":"https:\/\/marekkuchcinski.pl\/#\/schema\/logo\/image\/","url":"https:\/\/marekkuchcinski.pl\/wp-content\/uploads\/2022\/09\/Marek.jpg","contentUrl":"https:\/\/marekkuchcinski.pl\/wp-content\/uploads\/2022\/09\/Marek.jpg","width":1600,"height":971,"caption":"Marek Kuchci\u0144ski"},"image":{"@id":"https:\/\/marekkuchcinski.pl\/#\/schema\/logo\/image\/"}},{"@type":"Person","@id":"https:\/\/marekkuchcinski.pl\/#\/schema\/person\/51d5d4ee3b5317b8e4dd2b48af359229","name":"Marta Olejnik","image":{"@type":"ImageObject","inLanguage":"cs","@id":"https:\/\/marekkuchcinski.pl\/#\/schema\/person\/image\/","url":"https:\/\/secure.gravatar.com\/avatar\/e39914b2aa6a48959e24d475b5dc9793?s=96&d=mm&r=g","contentUrl":"https:\/\/secure.gravatar.com\/avatar\/e39914b2aa6a48959e24d475b5dc9793?s=96&d=mm&r=g","caption":"Marta Olejnik"},"url":"https:\/\/marekkuchcinski.pl\/cs\/author\/marta\/"}]}},"_links":{"self":[{"href":"https:\/\/marekkuchcinski.pl\/cs\/wp-json\/wp\/v2\/posts\/25830","targetHints":{"allow":["GET"]}}],"collection":[{"href":"https:\/\/marekkuchcinski.pl\/cs\/wp-json\/wp\/v2\/posts"}],"about":[{"href":"https:\/\/marekkuchcinski.pl\/cs\/wp-json\/wp\/v2\/types\/post"}],"author":[{"embeddable":true,"href":"https:\/\/marekkuchcinski.pl\/cs\/wp-json\/wp\/v2\/users\/21"}],"replies":[{"embeddable":true,"href":"https:\/\/marekkuchcinski.pl\/cs\/wp-json\/wp\/v2\/comments?post=25830"}],"version-history":[{"count":23,"href":"https:\/\/marekkuchcinski.pl\/cs\/wp-json\/wp\/v2\/posts\/25830\/revisions"}],"predecessor-version":[{"id":25896,"href":"https:\/\/marekkuchcinski.pl\/cs\/wp-json\/wp\/v2\/posts\/25830\/revisions\/25896"}],"wp:featuredmedia":[{"embeddable":true,"href":"https:\/\/marekkuchcinski.pl\/cs\/wp-json\/wp\/v2\/media\/25845"}],"wp:attachment":[{"href":"https:\/\/marekkuchcinski.pl\/cs\/wp-json\/wp\/v2\/media?parent=25830"}],"wp:term":[{"taxonomy":"category","embeddable":true,"href":"https:\/\/marekkuchcinski.pl\/cs\/wp-json\/wp\/v2\/categories?post=25830"},{"taxonomy":"post_tag","embeddable":true,"href":"https:\/\/marekkuchcinski.pl\/cs\/wp-json\/wp\/v2\/tags?post=25830"}],"curies":[{"name":"wp","href":"https:\/\/api.w.org\/{rel}","templated":true}]}}