{"id":25500,"date":"2022-06-15T22:44:00","date_gmt":"2022-06-15T20:44:00","guid":{"rendered":"https:\/\/marekkuchcinski.pl\/?p=25500"},"modified":"2022-06-21T21:05:59","modified_gmt":"2022-06-21T19:05:59","slug":"marek-kuchcinski-podczas-forum-slowacja-polska-wzmacnianie-wspolpracy-miedzy-naszymi-panstwami-w-kontekscie-calej-europy-srodkowej-ma-szczegolne-znaczenie-w-dzisiejszym-swiecie-i-w-aktualnej-sytuacji","status":"publish","type":"post","link":"https:\/\/marekkuchcinski.pl\/cs\/wydarzenia\/marek-kuchcinski-podczas-forum-slowacja-polska-wzmacnianie-wspolpracy-miedzy-naszymi-panstwami-w-kontekscie-calej-europy-srodkowej-ma-szczegolne-znaczenie-w-dzisiejszym-swiecie-i-w-aktualnej-sytuacji\/","title":{"rendered":"Marek Kuchci\u0144ski b\u011bhem slovensko-polsk\u00e9ho f\u00f3ra: Pos\u00edlen\u00ed spolupr\u00e1ce mezi na\u0161imi zem\u011bmi v kontextu cel\u00e9 st\u0159edn\u00ed Evropy je v dne\u0161n\u00edm sv\u011bt\u011b a v sou\u010dasn\u00e9 politick\u00e9 situaci obzvl\u00e1\u0161t\u011b d\u016fle\u017eit\u00e9."},"content":{"rendered":"<p>C\u00edlem 3. slovensko-polsk\u00e9ho f\u00f3ra v Bardejovsk\u00fdch K\u00fapelech na Slovensku je budov\u00e1n\u00ed dobr\u00fdch vztah\u016f a vytv\u00e1\u0159en\u00ed p\u0159\u00edle\u017eitost\u00ed pro spolupr\u00e1ci mezi partnery ze Slovenska a Polska. Panely byly v\u011bnov\u00e1ny v\u00fdsledk\u016fm a priorit\u00e1m slovensko-polsk\u00e9 p\u0159eshrani\u010dn\u00ed spolupr\u00e1ce, na\u0161\u00ed solidarit\u011b tv\u00e1\u0159\u00ed v tv\u00e1\u0159 nov\u00fdm v\u00fdzv\u00e1m, posilov\u00e1n\u00ed dopravn\u00ed infrastruktury v polsko-slovensk\u00e9m pohrani\u010d\u00ed a perspektiv\u00e1m rozvoje polsko-slovensk\u00fdch hospod\u00e1\u0159sk\u00fdch vztah\u016f.<\/p>\n\n\n\n<p><strong>Pos\u00edlen\u00ed spolupr\u00e1ce mezi na\u0161imi st\u00e1ty v r\u00e1mci cel\u00e9 st\u0159edn\u00ed Evropy je v dne\u0161n\u00edm sv\u011bt\u011b a v sou\u010dasn\u00e9 politick\u00e9 situaci v Evrop\u011b obzvl\u00e1\u0161t\u011b d\u016fle\u017eit\u00e9. Velmi z\u0159eteln\u011b vid\u00edme, \u017ee p\u0159ekr\u00fdvaj\u00edc\u00ed se obrovsk\u00e9 krize, kter\u00e9 se t\u00fdkaj\u00ed cel\u00e9ho sv\u011bta, n\u00e1s vyb\u00edzej\u00ed k tomu, abychom mysleli v\u00edce lok\u00e1ln\u011b a udr\u017eovali vazby a kontakty, kter\u00e9 jsou p\u0159eru\u0161ov\u00e1ny hospod\u00e1\u0159sk\u00fdmi krizemi, inflac\u00ed, pandemiemi nebo v\u00e1lkami. S ve\u0161kerou silou ve\u0159ejn\u00fdch org\u00e1n\u016f - parlament\u016f, vl\u00e1d, m\u00edstn\u00edch samospr\u00e1v, ale i dal\u0161\u00edch instituc\u00ed - bychom m\u011bli zajistit, aby se tato spolupr\u00e1ce rozv\u00edjela. Vyhl\u00eddky jsou skv\u011bl\u00e9, ale v\u00fdzvy velk\u00e9,\" \u0159ekl p\u0159edseda zahrani\u010dn\u00edho v\u00fdboru Marek Kuchci\u0144ski.<\/strong><\/p>\n\n\n\n<p>Podle mluv\u010d\u00edho Kuchci\u0144sk\u00e9ho <strong>Polsko-slovensk\u00e1 spolupr\u00e1ce se rozv\u00edj\u00ed st\u00e1le l\u00e9pe, co\u017e mimo jin\u00e9 urychlila v\u00e1lka, kter\u00e1 v\u0161ak zp\u016fsobila hospod\u00e1\u0159skou krizi. Kdy\u017e se ohl\u00e9dneme zp\u011bt do roku 2004, EU pro n\u00e1s vytvo\u0159ila obrovsk\u00e9 p\u0159\u00edle\u017eitosti: \u017e\u00e1dn\u00e9 hranice, voln\u00e9 cestov\u00e1n\u00ed, hospod\u00e1\u0159sk\u00fd a soci\u00e1ln\u00ed rozvoj atd. Z politick\u00e9ho hlediska se n\u00e1s v\u0161ak n\u011bkter\u00e9 krize nedot\u00fdkaj\u00ed tolik jako z\u00e1padn\u00edch spole\u010dnost\u00ed EU. Nap\u0159\u00edklad krize hodnot. Mus\u00edme si uv\u011bdomit, co to pro n\u00e1s znamen\u00e1. Krom\u011b ekonomick\u00e9 spolupr\u00e1ce je d\u016fle\u017eit\u00fd \u010dlov\u011bk, kter\u00fd je hodnotou. Mus\u00edme se zamyslet nad t\u00edm, jak tyto hodnoty chr\u00e1nit, aby posilovaly na\u0161e vztahy a spolupr\u00e1ci mezi Polskem a Slovenskem a celou st\u0159edn\u00ed Evropou.<\/strong><\/p>\n\n\n\n<p>P\u0159edseda V\u00fdboru pro zahrani\u010dn\u00ed v\u011bci rovn\u011b\u017e zd\u016fraznil, \u017ee <strong>Pokud jde o m\u00edstn\u00ed samospr\u00e1vy, stoj\u00ed za to zv\u00e1\u017eit, jak p\u0159ipravit budouc\u00ed projekty (a na ty budou obrovsk\u00e9 pen\u00edze - miliardy zlot\u00fdch z N\u00e1rodn\u00edho pl\u00e1nu obnovy, polsk\u00e9ho na\u0159\u00edzen\u00ed a zejm\u00e9na z Programu strategick\u00fdch investic). Jak je napl\u00e1novat, aby spolupracovaly se slovensk\u00fdmi projekty. T\u00edm dos\u00e1hneme dvoj\u00edho \u00fa\u010dinku. Budeme rozv\u00edjet nejen na\u0161e p\u0159\u00edhrani\u010dn\u00ed kraje, ale tak\u00e9 na\u0161i spolupr\u00e1ci. D\u016fle\u017eit\u00e9 je dopravn\u00ed spojen\u00ed, nejen Via Carpatia, dokon\u010den\u00ed silnice S1 nebo m\u00edstn\u00ed silnice a \u017eeleznice, nap\u0159. v okol\u00ed Muszyny. Mus\u00edme myslet na osu sever-jih a Polsko a Slovensko jsou jej\u00ed d\u016fle\u017eitou sou\u010d\u00e1st\u00ed. D\u00e1 se p\u0159edpokl\u00e1dat, \u017ee na to budou obrovsk\u00e9 pen\u00edze. Ukrajinu opustilo 7 milion\u016f lid\u00ed, 90% z nich uprchlo do Polska, na Slovensko a na Ukrajinu. To n\u00e1s nut\u00ed p\u0159em\u00fd\u0161let o tom, co s t\u00edm d\u011blat. Mo\u017en\u00e1 by st\u00e1lo za to, aby se na\u0161e parlamenty (PL, SK + p\u0159\u00edpadn\u011b dal\u0161\u00ed, zejm\u00e9na z karpatsk\u00e9 oblasti Evropy) zamyslely nad t\u00edm, jak zapojit na\u0161e samospr\u00e1vy do spolupr\u00e1ce s ukrajinsk\u00fdmi samospr\u00e1vami. U\u017e te\u010f mus\u00edme pracovat na tom, jak ji obnovit, budou na to obrovsk\u00e9 prost\u0159edky, mnohem v\u011bt\u0161\u00ed ne\u017e na Marshall\u016fv pl\u00e1n. Ukrajina je bude pot\u0159ebovat. Pokud uva\u017eujeme o zachov\u00e1n\u00ed spole\u010denstv\u00ed EU bez rozpadu, kter\u00fd n\u00e1m hroz\u00ed, mus\u00edme p\u0159em\u00fd\u0161let o vytvo\u0159en\u00ed modelu na\u0161ich hodnot. V tom spo\u010d\u00edv\u00e1 na\u0161e s\u00edla, proto\u017ee jsme si podobn\u00ed, mluv\u00edme podobn\u00fdm jazykem, m\u00e1me podobnou historii a zku\u0161enosti, kulturn\u00ed \u00fasp\u011bchy, vynikaj\u00edc\u00ed osobnosti atd. Lid\u00e9 jsou na\u0161\u00ed hodnotou, Ukrajin\u011b pom\u00e1haj\u00ed lid\u00e9, nejen st\u00e1ty. Vyzna\u010dujeme se velkou toleranc\u00ed, a to i nebo zejm\u00e9na na m\u00edstn\u00ed \u00farovni.<\/strong><\/p>\n\n\n\n<figure class=\"wp-block-image size-large\"><a href=\"https:\/\/marekkuchcinski.pl\/wp-content\/uploads\/2022\/06\/1-2.jpg\"><img fetchpriority=\"high\" decoding=\"async\" width=\"1024\" height=\"651\" src=\"https:\/\/marekkuchcinski.pl\/wp-content\/uploads\/2022\/06\/1-2-1024x651.jpg\" alt=\"\" class=\"wp-image-25504\" srcset=\"https:\/\/marekkuchcinski.pl\/wp-content\/uploads\/2022\/06\/1-2-1024x651.jpg 1024w, https:\/\/marekkuchcinski.pl\/wp-content\/uploads\/2022\/06\/1-2-300x191.jpg 300w, https:\/\/marekkuchcinski.pl\/wp-content\/uploads\/2022\/06\/1-2-768x488.jpg 768w, https:\/\/marekkuchcinski.pl\/wp-content\/uploads\/2022\/06\/1-2-1536x976.jpg 1536w, https:\/\/marekkuchcinski.pl\/wp-content\/uploads\/2022\/06\/1-2-18x12.jpg 18w, https:\/\/marekkuchcinski.pl\/wp-content\/uploads\/2022\/06\/1-2.jpg 1600w\" sizes=\"(max-width: 1024px) 100vw, 1024px\" \/><\/a><\/figure>\n\n\n\n<figure class=\"wp-block-gallery columns-3 is-cropped wp-block-gallery-1 is-layout-flex wp-block-gallery-is-layout-flex\"><ul class=\"blocks-gallery-grid\"><li class=\"blocks-gallery-item\"><figure><a href=\"https:\/\/marekkuchcinski.pl\/wp-content\/uploads\/2022\/06\/2-1.jpg\"><img decoding=\"async\" width=\"1024\" height=\"670\" src=\"https:\/\/marekkuchcinski.pl\/wp-content\/uploads\/2022\/06\/2-1-1024x670.jpg\" alt=\"\" data-id=\"25506\" data-full-url=\"https:\/\/marekkuchcinski.pl\/wp-content\/uploads\/2022\/06\/2-1.jpg\" data-link=\"https:\/\/marekkuchcinski.pl\/?attachment_id=25506\" class=\"wp-image-25506\" srcset=\"https:\/\/marekkuchcinski.pl\/wp-content\/uploads\/2022\/06\/2-1-1024x670.jpg 1024w, https:\/\/marekkuchcinski.pl\/wp-content\/uploads\/2022\/06\/2-1-300x196.jpg 300w, https:\/\/marekkuchcinski.pl\/wp-content\/uploads\/2022\/06\/2-1-768x503.jpg 768w, https:\/\/marekkuchcinski.pl\/wp-content\/uploads\/2022\/06\/2-1-1536x1005.jpg 1536w, https:\/\/marekkuchcinski.pl\/wp-content\/uploads\/2022\/06\/2-1-18x12.jpg 18w, https:\/\/marekkuchcinski.pl\/wp-content\/uploads\/2022\/06\/2-1.jpg 1600w\" sizes=\"(max-width: 1024px) 100vw, 1024px\" \/><\/a><\/figure><\/li><li class=\"blocks-gallery-item\"><figure><a href=\"https:\/\/marekkuchcinski.pl\/wp-content\/uploads\/2022\/06\/03.jpg\"><img decoding=\"async\" width=\"1024\" height=\"576\" src=\"https:\/\/marekkuchcinski.pl\/wp-content\/uploads\/2022\/06\/03-1024x576.jpg\" alt=\"\" data-id=\"25507\" data-full-url=\"https:\/\/marekkuchcinski.pl\/wp-content\/uploads\/2022\/06\/03.jpg\" data-link=\"https:\/\/marekkuchcinski.pl\/?attachment_id=25507\" class=\"wp-image-25507\" srcset=\"https:\/\/marekkuchcinski.pl\/wp-content\/uploads\/2022\/06\/03-1024x576.jpg 1024w, https:\/\/marekkuchcinski.pl\/wp-content\/uploads\/2022\/06\/03-300x169.jpg 300w, https:\/\/marekkuchcinski.pl\/wp-content\/uploads\/2022\/06\/03-768x432.jpg 768w, https:\/\/marekkuchcinski.pl\/wp-content\/uploads\/2022\/06\/03-1536x864.jpg 1536w, https:\/\/marekkuchcinski.pl\/wp-content\/uploads\/2022\/06\/03-18x10.jpg 18w, https:\/\/marekkuchcinski.pl\/wp-content\/uploads\/2022\/06\/03.jpg 1600w\" sizes=\"(max-width: 1024px) 100vw, 1024px\" \/><\/a><\/figure><\/li><li class=\"blocks-gallery-item\"><figure><a href=\"https:\/\/marekkuchcinski.pl\/wp-content\/uploads\/2022\/06\/3-1.jpg\"><img loading=\"lazy\" decoding=\"async\" width=\"1024\" height=\"809\" src=\"https:\/\/marekkuchcinski.pl\/wp-content\/uploads\/2022\/06\/3-1-1024x809.jpg\" alt=\"\" data-id=\"25508\" data-full-url=\"https:\/\/marekkuchcinski.pl\/wp-content\/uploads\/2022\/06\/3-1.jpg\" data-link=\"https:\/\/marekkuchcinski.pl\/?attachment_id=25508\" class=\"wp-image-25508\" srcset=\"https:\/\/marekkuchcinski.pl\/wp-content\/uploads\/2022\/06\/3-1-1024x809.jpg 1024w, https:\/\/marekkuchcinski.pl\/wp-content\/uploads\/2022\/06\/3-1-300x237.jpg 300w, https:\/\/marekkuchcinski.pl\/wp-content\/uploads\/2022\/06\/3-1-768x607.jpg 768w, https:\/\/marekkuchcinski.pl\/wp-content\/uploads\/2022\/06\/3-1-1536x1213.jpg 1536w, https:\/\/marekkuchcinski.pl\/wp-content\/uploads\/2022\/06\/3-1-15x12.jpg 15w, https:\/\/marekkuchcinski.pl\/wp-content\/uploads\/2022\/06\/3-1.jpg 1600w\" sizes=\"(max-width: 1024px) 100vw, 1024px\" \/><\/a><\/figure><\/li><li class=\"blocks-gallery-item\"><figure><a href=\"https:\/\/marekkuchcinski.pl\/wp-content\/uploads\/2022\/06\/4.jpg\"><img loading=\"lazy\" decoding=\"async\" width=\"1321\" height=\"1600\" src=\"https:\/\/marekkuchcinski.pl\/wp-content\/uploads\/2022\/06\/4-845x1024.jpg\" alt=\"\" data-id=\"25509\" data-full-url=\"https:\/\/marekkuchcinski.pl\/wp-content\/uploads\/2022\/06\/4.jpg\" data-link=\"https:\/\/marekkuchcinski.pl\/?attachment_id=25509\" class=\"wp-image-25509\" srcset=\"https:\/\/marekkuchcinski.pl\/wp-content\/uploads\/2022\/06\/4-845x1024.jpg 845w, https:\/\/marekkuchcinski.pl\/wp-content\/uploads\/2022\/06\/4-248x300.jpg 248w, https:\/\/marekkuchcinski.pl\/wp-content\/uploads\/2022\/06\/4-768x930.jpg 768w, https:\/\/marekkuchcinski.pl\/wp-content\/uploads\/2022\/06\/4-1268x1536.jpg 1268w, https:\/\/marekkuchcinski.pl\/wp-content\/uploads\/2022\/06\/4-10x12.jpg 10w, https:\/\/marekkuchcinski.pl\/wp-content\/uploads\/2022\/06\/4.jpg 1321w\" sizes=\"(max-width: 1321px) 100vw, 1321px\" \/><\/a><\/figure><\/li><li class=\"blocks-gallery-item\"><figure><a href=\"https:\/\/marekkuchcinski.pl\/wp-content\/uploads\/2022\/06\/5.jpg\"><img loading=\"lazy\" decoding=\"async\" width=\"768\" height=\"1024\" src=\"https:\/\/marekkuchcinski.pl\/wp-content\/uploads\/2022\/06\/5-768x1024.jpg\" alt=\"\" data-id=\"25510\" data-full-url=\"https:\/\/marekkuchcinski.pl\/wp-content\/uploads\/2022\/06\/5.jpg\" data-link=\"https:\/\/marekkuchcinski.pl\/?attachment_id=25510\" class=\"wp-image-25510\" srcset=\"https:\/\/marekkuchcinski.pl\/wp-content\/uploads\/2022\/06\/5-768x1024.jpg 768w, https:\/\/marekkuchcinski.pl\/wp-content\/uploads\/2022\/06\/5-225x300.jpg 225w, https:\/\/marekkuchcinski.pl\/wp-content\/uploads\/2022\/06\/5-1152x1536.jpg 1152w, https:\/\/marekkuchcinski.pl\/wp-content\/uploads\/2022\/06\/5-9x12.jpg 9w, https:\/\/marekkuchcinski.pl\/wp-content\/uploads\/2022\/06\/5.jpg 1200w\" sizes=\"(max-width: 768px) 100vw, 768px\" \/><\/a><\/figure><\/li><li class=\"blocks-gallery-item\"><figure><a href=\"https:\/\/marekkuchcinski.pl\/wp-content\/uploads\/2022\/06\/7-1.jpg\"><img loading=\"lazy\" decoding=\"async\" width=\"1024\" height=\"618\" src=\"https:\/\/marekkuchcinski.pl\/wp-content\/uploads\/2022\/06\/7-1-1024x618.jpg\" alt=\"\" data-id=\"25511\" data-full-url=\"https:\/\/marekkuchcinski.pl\/wp-content\/uploads\/2022\/06\/7-1.jpg\" data-link=\"https:\/\/marekkuchcinski.pl\/?attachment_id=25511\" class=\"wp-image-25511\" srcset=\"https:\/\/marekkuchcinski.pl\/wp-content\/uploads\/2022\/06\/7-1-1024x618.jpg 1024w, https:\/\/marekkuchcinski.pl\/wp-content\/uploads\/2022\/06\/7-1-300x181.jpg 300w, https:\/\/marekkuchcinski.pl\/wp-content\/uploads\/2022\/06\/7-1-768x464.jpg 768w, https:\/\/marekkuchcinski.pl\/wp-content\/uploads\/2022\/06\/7-1-1536x927.jpg 1536w, https:\/\/marekkuchcinski.pl\/wp-content\/uploads\/2022\/06\/7-1-18x12.jpg 18w, https:\/\/marekkuchcinski.pl\/wp-content\/uploads\/2022\/06\/7-1.jpg 1600w\" sizes=\"(max-width: 1024px) 100vw, 1024px\" \/><\/a><\/figure><\/li><\/ul><\/figure>","protected":false},"excerpt":{"rendered":"<p>C\u00edlem 3. slovensko-polsk\u00e9ho f\u00f3ra v Bardejovsk\u00fdch K\u00fapelech na Slovensku je budovat dobr\u00e9 vztahy a vytv\u00e1\u0159et p\u0159\u00edle\u017eitosti pro spolupr\u00e1ci mezi partnery ze Slovenska a Polska. Panely byly v\u011bnov\u00e1ny v\u00fdsledk\u016fm a priorit\u00e1m slovensko-polsk\u00e9 p\u0159eshrani\u010dn\u00ed spolupr\u00e1ce, na\u0161\u00ed solidarit\u011b tv\u00e1\u0159\u00ed v tv\u00e1\u0159 nov\u00fdm v\u00fdzv\u00e1m, pos\u00edlen\u00ed dopravn\u00ed infrastruktury v polsko-slovensk\u00e9m pohrani\u010d\u00ed a perspektiv\u00e1m rozvoje polsko-slovensk\u00fdch hospod\u00e1\u0159sk\u00fdch vztah\u016f. Pos\u00edlen\u00ed spolupr\u00e1ce [...]<\/p>","protected":false},"author":21,"featured_media":25503,"comment_status":"open","ping_status":"open","sticky":false,"template":"","format":"standard","meta":{"ngg_post_thumbnail":0,"footnotes":""},"categories":[78,50,3],"tags":[],"class_list":["post-25500","post","type-post","status-publish","format-standard","has-post-thumbnail","hentry","category-europa-karpat","category-wspolpraca-miedzynarodowa","category-wydarzenia"],"yoast_head":"<!-- This site is optimized with the Yoast SEO plugin v24.7 - https:\/\/yoast.com\/wordpress\/plugins\/seo\/ -->\n<title>Marek Kuchci\u0144ski podczas Forum S\u0142owacja-Polska: Wzmacnianie wsp\u00f3\u0142pracy mi\u0119dzy naszymi pa\u0144stwami w kontek\u015bcie ca\u0142ej Europy \u015arodkowej ma szczeg\u00f3lne znaczenie w dzisiejszym \u015bwiecie i w aktualnej sytuacji politycznej &#8211; Marek Kuchci\u0144ski<\/title>\n<meta name=\"robots\" content=\"index, follow, max-snippet:-1, max-image-preview:large, max-video-preview:-1\" \/>\n<link rel=\"canonical\" href=\"https:\/\/marekkuchcinski.pl\/cs\/wydarzenia\/marek-kuchcinski-podczas-forum-slowacja-polska-wzmacnianie-wspolpracy-miedzy-naszymi-panstwami-w-kontekscie-calej-europy-srodkowej-ma-szczegolne-znaczenie-w-dzisiejszym-swiecie-i-w-aktualnej-sytuacji\/\" \/>\n<meta property=\"og:locale\" content=\"cs_CZ\" \/>\n<meta property=\"og:type\" content=\"article\" \/>\n<meta property=\"og:title\" content=\"Marek Kuchci\u0144ski podczas Forum S\u0142owacja-Polska: Wzmacnianie wsp\u00f3\u0142pracy mi\u0119dzy naszymi pa\u0144stwami w kontek\u015bcie ca\u0142ej Europy \u015arodkowej ma szczeg\u00f3lne znaczenie w dzisiejszym \u015bwiecie i w aktualnej sytuacji politycznej &#8211; Marek Kuchci\u0144ski\" \/>\n<meta property=\"og:description\" content=\"III Forum S\u0142owacja-Polska w miejscowo\u015bci Bardejovsk\u00e9 k\u00fapele na S\u0142owacji ma na celu budowanie dobrych relacji oraz stwarzanie mo\u017cliwo\u015bci dla wsp\u00f3\u0142pracy pomi\u0119dzy partnerami ze S\u0142owacji i z Polski. Panele po\u015bwi\u0119cone by\u0142y rezultatom i priorytetom s\u0142owacko-polskiej wsp\u00f3\u0142pracy transgranicznej, naszej solidarno\u015bci wobec nowych wyzwa\u0144, wzmacnianiu infrastruktury transportowej na pograniczu polsko-s\u0142owackim oraz perspektywom rozwoju polsko-s\u0142owackich stosunk\u00f3w gospodarczych. Wzmacnianie wsp\u00f3\u0142pracy [&hellip;]\" \/>\n<meta property=\"og:url\" content=\"https:\/\/marekkuchcinski.pl\/cs\/wydarzenia\/marek-kuchcinski-podczas-forum-slowacja-polska-wzmacnianie-wspolpracy-miedzy-naszymi-panstwami-w-kontekscie-calej-europy-srodkowej-ma-szczegolne-znaczenie-w-dzisiejszym-swiecie-i-w-aktualnej-sytuacji\/\" \/>\n<meta property=\"og:site_name\" content=\"Marek Kuchci\u0144ski\" \/>\n<meta property=\"article:published_time\" content=\"2022-06-15T20:44:00+00:00\" \/>\n<meta property=\"article:modified_time\" content=\"2022-06-21T19:05:59+00:00\" \/>\n<meta property=\"og:image\" content=\"https:\/\/marekkuchcinski.pl\/wp-content\/uploads\/2022\/06\/1-1.jpg\" \/>\n\t<meta property=\"og:image:width\" content=\"1600\" \/>\n\t<meta property=\"og:image:height\" content=\"1017\" \/>\n\t<meta property=\"og:image:type\" content=\"image\/jpeg\" \/>\n<meta name=\"author\" content=\"Marta Olejnik\" \/>\n<meta name=\"twitter:card\" content=\"summary_large_image\" \/>\n<meta name=\"twitter:label1\" content=\"Napsal(a)\" \/>\n\t<meta name=\"twitter:data1\" content=\"Marta Olejnik\" \/>\n\t<meta name=\"twitter:label2\" content=\"Odhadovan\u00e1 doba \u010dten\u00ed\" \/>\n\t<meta name=\"twitter:data2\" content=\"4 minuty\" \/>\n<script type=\"application\/ld+json\" class=\"yoast-schema-graph\">{\"@context\":\"https:\/\/schema.org\",\"@graph\":[{\"@type\":\"Article\",\"@id\":\"https:\/\/marekkuchcinski.pl\/wydarzenia\/marek-kuchcinski-podczas-forum-slowacja-polska-wzmacnianie-wspolpracy-miedzy-naszymi-panstwami-w-kontekscie-calej-europy-srodkowej-ma-szczegolne-znaczenie-w-dzisiejszym-swiecie-i-w-aktualnej-sytuacji\/#article\",\"isPartOf\":{\"@id\":\"https:\/\/marekkuchcinski.pl\/wydarzenia\/marek-kuchcinski-podczas-forum-slowacja-polska-wzmacnianie-wspolpracy-miedzy-naszymi-panstwami-w-kontekscie-calej-europy-srodkowej-ma-szczegolne-znaczenie-w-dzisiejszym-swiecie-i-w-aktualnej-sytuacji\/\"},\"author\":{\"name\":\"Marta Olejnik\",\"@id\":\"https:\/\/marekkuchcinski.pl\/#\/schema\/person\/51d5d4ee3b5317b8e4dd2b48af359229\"},\"headline\":\"Marek Kuchci\u0144ski podczas Forum S\u0142owacja-Polska: Wzmacnianie wsp\u00f3\u0142pracy mi\u0119dzy naszymi pa\u0144stwami w kontek\u015bcie ca\u0142ej Europy \u015arodkowej ma szczeg\u00f3lne znaczenie w dzisiejszym \u015bwiecie i w aktualnej sytuacji politycznej\",\"datePublished\":\"2022-06-15T20:44:00+00:00\",\"dateModified\":\"2022-06-21T19:05:59+00:00\",\"mainEntityOfPage\":{\"@id\":\"https:\/\/marekkuchcinski.pl\/wydarzenia\/marek-kuchcinski-podczas-forum-slowacja-polska-wzmacnianie-wspolpracy-miedzy-naszymi-panstwami-w-kontekscie-calej-europy-srodkowej-ma-szczegolne-znaczenie-w-dzisiejszym-swiecie-i-w-aktualnej-sytuacji\/\"},\"wordCount\":643,\"commentCount\":0,\"publisher\":{\"@id\":\"https:\/\/marekkuchcinski.pl\/#organization\"},\"image\":{\"@id\":\"https:\/\/marekkuchcinski.pl\/wydarzenia\/marek-kuchcinski-podczas-forum-slowacja-polska-wzmacnianie-wspolpracy-miedzy-naszymi-panstwami-w-kontekscie-calej-europy-srodkowej-ma-szczegolne-znaczenie-w-dzisiejszym-swiecie-i-w-aktualnej-sytuacji\/#primaryimage\"},\"thumbnailUrl\":\"https:\/\/marekkuchcinski.pl\/wp-content\/uploads\/2022\/06\/1-1.jpg\",\"articleSection\":[\"Europa Karpat\",\"Wsp\u00f3\u0142praca mi\u0119dzynarodowa\",\"Wydarzenia\"],\"inLanguage\":\"cs\",\"potentialAction\":[{\"@type\":\"CommentAction\",\"name\":\"Comment\",\"target\":[\"https:\/\/marekkuchcinski.pl\/wydarzenia\/marek-kuchcinski-podczas-forum-slowacja-polska-wzmacnianie-wspolpracy-miedzy-naszymi-panstwami-w-kontekscie-calej-europy-srodkowej-ma-szczegolne-znaczenie-w-dzisiejszym-swiecie-i-w-aktualnej-sytuacji\/#respond\"]}]},{\"@type\":\"WebPage\",\"@id\":\"https:\/\/marekkuchcinski.pl\/wydarzenia\/marek-kuchcinski-podczas-forum-slowacja-polska-wzmacnianie-wspolpracy-miedzy-naszymi-panstwami-w-kontekscie-calej-europy-srodkowej-ma-szczegolne-znaczenie-w-dzisiejszym-swiecie-i-w-aktualnej-sytuacji\/\",\"url\":\"https:\/\/marekkuchcinski.pl\/wydarzenia\/marek-kuchcinski-podczas-forum-slowacja-polska-wzmacnianie-wspolpracy-miedzy-naszymi-panstwami-w-kontekscie-calej-europy-srodkowej-ma-szczegolne-znaczenie-w-dzisiejszym-swiecie-i-w-aktualnej-sytuacji\/\",\"name\":\"Marek Kuchci\u0144ski podczas Forum S\u0142owacja-Polska: Wzmacnianie wsp\u00f3\u0142pracy mi\u0119dzy naszymi pa\u0144stwami w kontek\u015bcie ca\u0142ej Europy \u015arodkowej ma szczeg\u00f3lne znaczenie w dzisiejszym \u015bwiecie i w aktualnej sytuacji politycznej &#8211; Marek Kuchci\u0144ski\",\"isPartOf\":{\"@id\":\"https:\/\/marekkuchcinski.pl\/#website\"},\"primaryImageOfPage\":{\"@id\":\"https:\/\/marekkuchcinski.pl\/wydarzenia\/marek-kuchcinski-podczas-forum-slowacja-polska-wzmacnianie-wspolpracy-miedzy-naszymi-panstwami-w-kontekscie-calej-europy-srodkowej-ma-szczegolne-znaczenie-w-dzisiejszym-swiecie-i-w-aktualnej-sytuacji\/#primaryimage\"},\"image\":{\"@id\":\"https:\/\/marekkuchcinski.pl\/wydarzenia\/marek-kuchcinski-podczas-forum-slowacja-polska-wzmacnianie-wspolpracy-miedzy-naszymi-panstwami-w-kontekscie-calej-europy-srodkowej-ma-szczegolne-znaczenie-w-dzisiejszym-swiecie-i-w-aktualnej-sytuacji\/#primaryimage\"},\"thumbnailUrl\":\"https:\/\/marekkuchcinski.pl\/wp-content\/uploads\/2022\/06\/1-1.jpg\",\"datePublished\":\"2022-06-15T20:44:00+00:00\",\"dateModified\":\"2022-06-21T19:05:59+00:00\",\"breadcrumb\":{\"@id\":\"https:\/\/marekkuchcinski.pl\/wydarzenia\/marek-kuchcinski-podczas-forum-slowacja-polska-wzmacnianie-wspolpracy-miedzy-naszymi-panstwami-w-kontekscie-calej-europy-srodkowej-ma-szczegolne-znaczenie-w-dzisiejszym-swiecie-i-w-aktualnej-sytuacji\/#breadcrumb\"},\"inLanguage\":\"cs\",\"potentialAction\":[{\"@type\":\"ReadAction\",\"target\":[\"https:\/\/marekkuchcinski.pl\/wydarzenia\/marek-kuchcinski-podczas-forum-slowacja-polska-wzmacnianie-wspolpracy-miedzy-naszymi-panstwami-w-kontekscie-calej-europy-srodkowej-ma-szczegolne-znaczenie-w-dzisiejszym-swiecie-i-w-aktualnej-sytuacji\/\"]}]},{\"@type\":\"ImageObject\",\"inLanguage\":\"cs\",\"@id\":\"https:\/\/marekkuchcinski.pl\/wydarzenia\/marek-kuchcinski-podczas-forum-slowacja-polska-wzmacnianie-wspolpracy-miedzy-naszymi-panstwami-w-kontekscie-calej-europy-srodkowej-ma-szczegolne-znaczenie-w-dzisiejszym-swiecie-i-w-aktualnej-sytuacji\/#primaryimage\",\"url\":\"https:\/\/marekkuchcinski.pl\/wp-content\/uploads\/2022\/06\/1-1.jpg\",\"contentUrl\":\"https:\/\/marekkuchcinski.pl\/wp-content\/uploads\/2022\/06\/1-1.jpg\",\"width\":1600,\"height\":1017},{\"@type\":\"BreadcrumbList\",\"@id\":\"https:\/\/marekkuchcinski.pl\/wydarzenia\/marek-kuchcinski-podczas-forum-slowacja-polska-wzmacnianie-wspolpracy-miedzy-naszymi-panstwami-w-kontekscie-calej-europy-srodkowej-ma-szczegolne-znaczenie-w-dzisiejszym-swiecie-i-w-aktualnej-sytuacji\/#breadcrumb\",\"itemListElement\":[{\"@type\":\"ListItem\",\"position\":1,\"name\":\"Strona g\u0142\u00f3wna\",\"item\":\"https:\/\/marekkuchcinski.pl\/\"},{\"@type\":\"ListItem\",\"position\":2,\"name\":\"Marek Kuchci\u0144ski podczas Forum S\u0142owacja-Polska: Wzmacnianie wsp\u00f3\u0142pracy mi\u0119dzy naszymi pa\u0144stwami w kontek\u015bcie ca\u0142ej Europy \u015arodkowej ma szczeg\u00f3lne znaczenie w dzisiejszym \u015bwiecie i w aktualnej sytuacji politycznej\"}]},{\"@type\":\"WebSite\",\"@id\":\"https:\/\/marekkuchcinski.pl\/#website\",\"url\":\"https:\/\/marekkuchcinski.pl\/\",\"name\":\"Marek Kuchci\u0144ski\",\"description\":\"Pose\u0142 na sejm RP &ndash; okr\u0119g nr 22\",\"publisher\":{\"@id\":\"https:\/\/marekkuchcinski.pl\/#organization\"},\"potentialAction\":[{\"@type\":\"SearchAction\",\"target\":{\"@type\":\"EntryPoint\",\"urlTemplate\":\"https:\/\/marekkuchcinski.pl\/?s={search_term_string}\"},\"query-input\":{\"@type\":\"PropertyValueSpecification\",\"valueRequired\":true,\"valueName\":\"search_term_string\"}}],\"inLanguage\":\"cs\"},{\"@type\":\"Organization\",\"@id\":\"https:\/\/marekkuchcinski.pl\/#organization\",\"name\":\"Marek Kuchci\u0144ski\",\"url\":\"https:\/\/marekkuchcinski.pl\/\",\"logo\":{\"@type\":\"ImageObject\",\"inLanguage\":\"cs\",\"@id\":\"https:\/\/marekkuchcinski.pl\/#\/schema\/logo\/image\/\",\"url\":\"https:\/\/marekkuchcinski.pl\/wp-content\/uploads\/2022\/09\/Marek.jpg\",\"contentUrl\":\"https:\/\/marekkuchcinski.pl\/wp-content\/uploads\/2022\/09\/Marek.jpg\",\"width\":1600,\"height\":971,\"caption\":\"Marek Kuchci\u0144ski\"},\"image\":{\"@id\":\"https:\/\/marekkuchcinski.pl\/#\/schema\/logo\/image\/\"}},{\"@type\":\"Person\",\"@id\":\"https:\/\/marekkuchcinski.pl\/#\/schema\/person\/51d5d4ee3b5317b8e4dd2b48af359229\",\"name\":\"Marta Olejnik\",\"image\":{\"@type\":\"ImageObject\",\"inLanguage\":\"cs\",\"@id\":\"https:\/\/marekkuchcinski.pl\/#\/schema\/person\/image\/\",\"url\":\"https:\/\/secure.gravatar.com\/avatar\/e39914b2aa6a48959e24d475b5dc9793?s=96&d=mm&r=g\",\"contentUrl\":\"https:\/\/secure.gravatar.com\/avatar\/e39914b2aa6a48959e24d475b5dc9793?s=96&d=mm&r=g\",\"caption\":\"Marta Olejnik\"},\"url\":\"https:\/\/marekkuchcinski.pl\/cs\/author\/marta\/\"}]}<\/script>\n<!-- \/ Yoast SEO plugin. -->","yoast_head_json":{"title":"Marek Kuchci\u0144ski podczas Forum S\u0142owacja-Polska: Wzmacnianie wsp\u00f3\u0142pracy mi\u0119dzy naszymi pa\u0144stwami w kontek\u015bcie ca\u0142ej Europy \u015arodkowej ma szczeg\u00f3lne znaczenie w dzisiejszym \u015bwiecie i w aktualnej sytuacji politycznej &#8211; Marek Kuchci\u0144ski","robots":{"index":"index","follow":"follow","max-snippet":"max-snippet:-1","max-image-preview":"max-image-preview:large","max-video-preview":"max-video-preview:-1"},"canonical":"https:\/\/marekkuchcinski.pl\/cs\/wydarzenia\/marek-kuchcinski-podczas-forum-slowacja-polska-wzmacnianie-wspolpracy-miedzy-naszymi-panstwami-w-kontekscie-calej-europy-srodkowej-ma-szczegolne-znaczenie-w-dzisiejszym-swiecie-i-w-aktualnej-sytuacji\/","og_locale":"cs_CZ","og_type":"article","og_title":"Marek Kuchci\u0144ski podczas Forum S\u0142owacja-Polska: Wzmacnianie wsp\u00f3\u0142pracy mi\u0119dzy naszymi pa\u0144stwami w kontek\u015bcie ca\u0142ej Europy \u015arodkowej ma szczeg\u00f3lne znaczenie w dzisiejszym \u015bwiecie i w aktualnej sytuacji politycznej &#8211; Marek Kuchci\u0144ski","og_description":"III Forum S\u0142owacja-Polska w miejscowo\u015bci Bardejovsk\u00e9 k\u00fapele na S\u0142owacji ma na celu budowanie dobrych relacji oraz stwarzanie mo\u017cliwo\u015bci dla wsp\u00f3\u0142pracy pomi\u0119dzy partnerami ze S\u0142owacji i z Polski. Panele po\u015bwi\u0119cone by\u0142y rezultatom i priorytetom s\u0142owacko-polskiej wsp\u00f3\u0142pracy transgranicznej, naszej solidarno\u015bci wobec nowych wyzwa\u0144, wzmacnianiu infrastruktury transportowej na pograniczu polsko-s\u0142owackim oraz perspektywom rozwoju polsko-s\u0142owackich stosunk\u00f3w gospodarczych. Wzmacnianie wsp\u00f3\u0142pracy [&hellip;]","og_url":"https:\/\/marekkuchcinski.pl\/cs\/wydarzenia\/marek-kuchcinski-podczas-forum-slowacja-polska-wzmacnianie-wspolpracy-miedzy-naszymi-panstwami-w-kontekscie-calej-europy-srodkowej-ma-szczegolne-znaczenie-w-dzisiejszym-swiecie-i-w-aktualnej-sytuacji\/","og_site_name":"Marek Kuchci\u0144ski","article_published_time":"2022-06-15T20:44:00+00:00","article_modified_time":"2022-06-21T19:05:59+00:00","og_image":[{"width":1600,"height":1017,"url":"https:\/\/marekkuchcinski.pl\/wp-content\/uploads\/2022\/06\/1-1.jpg","type":"image\/jpeg"}],"author":"Marta Olejnik","twitter_card":"summary_large_image","twitter_misc":{"Napsal(a)":"Marta Olejnik","Odhadovan\u00e1 doba \u010dten\u00ed":"4 minuty"},"schema":{"@context":"https:\/\/schema.org","@graph":[{"@type":"Article","@id":"https:\/\/marekkuchcinski.pl\/wydarzenia\/marek-kuchcinski-podczas-forum-slowacja-polska-wzmacnianie-wspolpracy-miedzy-naszymi-panstwami-w-kontekscie-calej-europy-srodkowej-ma-szczegolne-znaczenie-w-dzisiejszym-swiecie-i-w-aktualnej-sytuacji\/#article","isPartOf":{"@id":"https:\/\/marekkuchcinski.pl\/wydarzenia\/marek-kuchcinski-podczas-forum-slowacja-polska-wzmacnianie-wspolpracy-miedzy-naszymi-panstwami-w-kontekscie-calej-europy-srodkowej-ma-szczegolne-znaczenie-w-dzisiejszym-swiecie-i-w-aktualnej-sytuacji\/"},"author":{"name":"Marta Olejnik","@id":"https:\/\/marekkuchcinski.pl\/#\/schema\/person\/51d5d4ee3b5317b8e4dd2b48af359229"},"headline":"Marek Kuchci\u0144ski podczas Forum S\u0142owacja-Polska: Wzmacnianie wsp\u00f3\u0142pracy mi\u0119dzy naszymi pa\u0144stwami w kontek\u015bcie ca\u0142ej Europy \u015arodkowej ma szczeg\u00f3lne znaczenie w dzisiejszym \u015bwiecie i w aktualnej sytuacji politycznej","datePublished":"2022-06-15T20:44:00+00:00","dateModified":"2022-06-21T19:05:59+00:00","mainEntityOfPage":{"@id":"https:\/\/marekkuchcinski.pl\/wydarzenia\/marek-kuchcinski-podczas-forum-slowacja-polska-wzmacnianie-wspolpracy-miedzy-naszymi-panstwami-w-kontekscie-calej-europy-srodkowej-ma-szczegolne-znaczenie-w-dzisiejszym-swiecie-i-w-aktualnej-sytuacji\/"},"wordCount":643,"commentCount":0,"publisher":{"@id":"https:\/\/marekkuchcinski.pl\/#organization"},"image":{"@id":"https:\/\/marekkuchcinski.pl\/wydarzenia\/marek-kuchcinski-podczas-forum-slowacja-polska-wzmacnianie-wspolpracy-miedzy-naszymi-panstwami-w-kontekscie-calej-europy-srodkowej-ma-szczegolne-znaczenie-w-dzisiejszym-swiecie-i-w-aktualnej-sytuacji\/#primaryimage"},"thumbnailUrl":"https:\/\/marekkuchcinski.pl\/wp-content\/uploads\/2022\/06\/1-1.jpg","articleSection":["Europa Karpat","Wsp\u00f3\u0142praca mi\u0119dzynarodowa","Wydarzenia"],"inLanguage":"cs","potentialAction":[{"@type":"CommentAction","name":"Comment","target":["https:\/\/marekkuchcinski.pl\/wydarzenia\/marek-kuchcinski-podczas-forum-slowacja-polska-wzmacnianie-wspolpracy-miedzy-naszymi-panstwami-w-kontekscie-calej-europy-srodkowej-ma-szczegolne-znaczenie-w-dzisiejszym-swiecie-i-w-aktualnej-sytuacji\/#respond"]}]},{"@type":"WebPage","@id":"https:\/\/marekkuchcinski.pl\/wydarzenia\/marek-kuchcinski-podczas-forum-slowacja-polska-wzmacnianie-wspolpracy-miedzy-naszymi-panstwami-w-kontekscie-calej-europy-srodkowej-ma-szczegolne-znaczenie-w-dzisiejszym-swiecie-i-w-aktualnej-sytuacji\/","url":"https:\/\/marekkuchcinski.pl\/wydarzenia\/marek-kuchcinski-podczas-forum-slowacja-polska-wzmacnianie-wspolpracy-miedzy-naszymi-panstwami-w-kontekscie-calej-europy-srodkowej-ma-szczegolne-znaczenie-w-dzisiejszym-swiecie-i-w-aktualnej-sytuacji\/","name":"Marek Kuchci\u0144ski podczas Forum S\u0142owacja-Polska: Wzmacnianie wsp\u00f3\u0142pracy mi\u0119dzy naszymi pa\u0144stwami w kontek\u015bcie ca\u0142ej Europy \u015arodkowej ma szczeg\u00f3lne znaczenie w dzisiejszym \u015bwiecie i w aktualnej sytuacji politycznej &#8211; Marek Kuchci\u0144ski","isPartOf":{"@id":"https:\/\/marekkuchcinski.pl\/#website"},"primaryImageOfPage":{"@id":"https:\/\/marekkuchcinski.pl\/wydarzenia\/marek-kuchcinski-podczas-forum-slowacja-polska-wzmacnianie-wspolpracy-miedzy-naszymi-panstwami-w-kontekscie-calej-europy-srodkowej-ma-szczegolne-znaczenie-w-dzisiejszym-swiecie-i-w-aktualnej-sytuacji\/#primaryimage"},"image":{"@id":"https:\/\/marekkuchcinski.pl\/wydarzenia\/marek-kuchcinski-podczas-forum-slowacja-polska-wzmacnianie-wspolpracy-miedzy-naszymi-panstwami-w-kontekscie-calej-europy-srodkowej-ma-szczegolne-znaczenie-w-dzisiejszym-swiecie-i-w-aktualnej-sytuacji\/#primaryimage"},"thumbnailUrl":"https:\/\/marekkuchcinski.pl\/wp-content\/uploads\/2022\/06\/1-1.jpg","datePublished":"2022-06-15T20:44:00+00:00","dateModified":"2022-06-21T19:05:59+00:00","breadcrumb":{"@id":"https:\/\/marekkuchcinski.pl\/wydarzenia\/marek-kuchcinski-podczas-forum-slowacja-polska-wzmacnianie-wspolpracy-miedzy-naszymi-panstwami-w-kontekscie-calej-europy-srodkowej-ma-szczegolne-znaczenie-w-dzisiejszym-swiecie-i-w-aktualnej-sytuacji\/#breadcrumb"},"inLanguage":"cs","potentialAction":[{"@type":"ReadAction","target":["https:\/\/marekkuchcinski.pl\/wydarzenia\/marek-kuchcinski-podczas-forum-slowacja-polska-wzmacnianie-wspolpracy-miedzy-naszymi-panstwami-w-kontekscie-calej-europy-srodkowej-ma-szczegolne-znaczenie-w-dzisiejszym-swiecie-i-w-aktualnej-sytuacji\/"]}]},{"@type":"ImageObject","inLanguage":"cs","@id":"https:\/\/marekkuchcinski.pl\/wydarzenia\/marek-kuchcinski-podczas-forum-slowacja-polska-wzmacnianie-wspolpracy-miedzy-naszymi-panstwami-w-kontekscie-calej-europy-srodkowej-ma-szczegolne-znaczenie-w-dzisiejszym-swiecie-i-w-aktualnej-sytuacji\/#primaryimage","url":"https:\/\/marekkuchcinski.pl\/wp-content\/uploads\/2022\/06\/1-1.jpg","contentUrl":"https:\/\/marekkuchcinski.pl\/wp-content\/uploads\/2022\/06\/1-1.jpg","width":1600,"height":1017},{"@type":"BreadcrumbList","@id":"https:\/\/marekkuchcinski.pl\/wydarzenia\/marek-kuchcinski-podczas-forum-slowacja-polska-wzmacnianie-wspolpracy-miedzy-naszymi-panstwami-w-kontekscie-calej-europy-srodkowej-ma-szczegolne-znaczenie-w-dzisiejszym-swiecie-i-w-aktualnej-sytuacji\/#breadcrumb","itemListElement":[{"@type":"ListItem","position":1,"name":"Strona g\u0142\u00f3wna","item":"https:\/\/marekkuchcinski.pl\/"},{"@type":"ListItem","position":2,"name":"Marek Kuchci\u0144ski podczas Forum S\u0142owacja-Polska: Wzmacnianie wsp\u00f3\u0142pracy mi\u0119dzy naszymi pa\u0144stwami w kontek\u015bcie ca\u0142ej Europy \u015arodkowej ma szczeg\u00f3lne znaczenie w dzisiejszym \u015bwiecie i w aktualnej sytuacji politycznej"}]},{"@type":"WebSite","@id":"https:\/\/marekkuchcinski.pl\/#website","url":"https:\/\/marekkuchcinski.pl\/","name":"Marek Kuchci\u0144ski","description":"Pose\u0142 na sejm RP &ndash; okr\u0119g nr 22","publisher":{"@id":"https:\/\/marekkuchcinski.pl\/#organization"},"potentialAction":[{"@type":"SearchAction","target":{"@type":"EntryPoint","urlTemplate":"https:\/\/marekkuchcinski.pl\/?s={search_term_string}"},"query-input":{"@type":"PropertyValueSpecification","valueRequired":true,"valueName":"search_term_string"}}],"inLanguage":"cs"},{"@type":"Organization","@id":"https:\/\/marekkuchcinski.pl\/#organization","name":"Marek Kuchci\u0144ski","url":"https:\/\/marekkuchcinski.pl\/","logo":{"@type":"ImageObject","inLanguage":"cs","@id":"https:\/\/marekkuchcinski.pl\/#\/schema\/logo\/image\/","url":"https:\/\/marekkuchcinski.pl\/wp-content\/uploads\/2022\/09\/Marek.jpg","contentUrl":"https:\/\/marekkuchcinski.pl\/wp-content\/uploads\/2022\/09\/Marek.jpg","width":1600,"height":971,"caption":"Marek Kuchci\u0144ski"},"image":{"@id":"https:\/\/marekkuchcinski.pl\/#\/schema\/logo\/image\/"}},{"@type":"Person","@id":"https:\/\/marekkuchcinski.pl\/#\/schema\/person\/51d5d4ee3b5317b8e4dd2b48af359229","name":"Marta Olejnik","image":{"@type":"ImageObject","inLanguage":"cs","@id":"https:\/\/marekkuchcinski.pl\/#\/schema\/person\/image\/","url":"https:\/\/secure.gravatar.com\/avatar\/e39914b2aa6a48959e24d475b5dc9793?s=96&d=mm&r=g","contentUrl":"https:\/\/secure.gravatar.com\/avatar\/e39914b2aa6a48959e24d475b5dc9793?s=96&d=mm&r=g","caption":"Marta Olejnik"},"url":"https:\/\/marekkuchcinski.pl\/cs\/author\/marta\/"}]}},"_links":{"self":[{"href":"https:\/\/marekkuchcinski.pl\/cs\/wp-json\/wp\/v2\/posts\/25500","targetHints":{"allow":["GET"]}}],"collection":[{"href":"https:\/\/marekkuchcinski.pl\/cs\/wp-json\/wp\/v2\/posts"}],"about":[{"href":"https:\/\/marekkuchcinski.pl\/cs\/wp-json\/wp\/v2\/types\/post"}],"author":[{"embeddable":true,"href":"https:\/\/marekkuchcinski.pl\/cs\/wp-json\/wp\/v2\/users\/21"}],"replies":[{"embeddable":true,"href":"https:\/\/marekkuchcinski.pl\/cs\/wp-json\/wp\/v2\/comments?post=25500"}],"version-history":[{"count":6,"href":"https:\/\/marekkuchcinski.pl\/cs\/wp-json\/wp\/v2\/posts\/25500\/revisions"}],"predecessor-version":[{"id":25576,"href":"https:\/\/marekkuchcinski.pl\/cs\/wp-json\/wp\/v2\/posts\/25500\/revisions\/25576"}],"wp:featuredmedia":[{"embeddable":true,"href":"https:\/\/marekkuchcinski.pl\/cs\/wp-json\/wp\/v2\/media\/25503"}],"wp:attachment":[{"href":"https:\/\/marekkuchcinski.pl\/cs\/wp-json\/wp\/v2\/media?parent=25500"}],"wp:term":[{"taxonomy":"category","embeddable":true,"href":"https:\/\/marekkuchcinski.pl\/cs\/wp-json\/wp\/v2\/categories?post=25500"},{"taxonomy":"post_tag","embeddable":true,"href":"https:\/\/marekkuchcinski.pl\/cs\/wp-json\/wp\/v2\/tags?post=25500"}],"curies":[{"name":"wp","href":"https:\/\/api.w.org\/{rel}","templated":true}]}}