{"id":25497,"date":"2022-06-15T15:02:52","date_gmt":"2022-06-15T13:02:52","guid":{"rendered":"https:\/\/marekkuchcinski.pl\/?p=25497"},"modified":"2022-06-15T15:02:54","modified_gmt":"2022-06-15T13:02:54","slug":"co-pozostalo-z-przyjazni-wegiersko-polskiej","status":"publish","type":"post","link":"https:\/\/marekkuchcinski.pl\/cs\/wydarzenia\/co-pozostalo-z-przyjazni-wegiersko-polskiej\/","title":{"rendered":"Co z\u016fstalo z ma\u010farsko-polsk\u00e9ho p\u0159\u00e1telstv\u00ed?"},"content":{"rendered":"<p>Text: Mandiner, <a href=\"https:\/\/mandiner.hu\/szerzo\/veczan_zoltan\">Zolt\u00e1n Vecz\u00e1n<\/a><\/p>\n\n\n\n<p>Uplynul\u00fdch 100 dn\u00ed se do d\u011bjin ma\u010farsko-polsk\u00fdch vztah\u016f nezap\u00ed\u0161e beze stopy. P\u0159edn\u00ed pol\u0161t\u00ed politici hovo\u0159ili v Budape\u0161ti s Balazsem Orb\u00e1nem a Zsoltem N\u00e9methem: kl\u00ed\u010dov\u00fdm slovem bylo porozum\u011bn\u00ed, ale nechyb\u011bly ani kontrasty.<\/p>\n\n\n\n<p>M\u00edstop\u0159edseda Sejmu Ryszard Terlecki, p\u0159edseda zahrani\u010dn\u00edho v\u00fdboru Marek Kuchci\u0144ski a poslanec Evropsk\u00e9ho parlamentu Bogus\u0142aw Sonik jednali v kav\u00e1rn\u011b pojmenovan\u00e9 po Rogeru Scrutonovi na ulici Veres P\u00e1ln\u00e9 s \u0159editelem \u00fa\u0159adu p\u0159edsedy ma\u010farsk\u00e9 vl\u00e1dy Balazsem Orb\u00e1nem a p\u0159edsedou zahrani\u010dn\u00edho v\u00fdboru Zsoltem N\u00e9methem.<\/p>\n\n\n\n<p>V\u00fdm\u011bna n\u00e1zor\u016f, kterou moderoval Maciej Szymanowski, \u0159editel Institutu pro polsko-ma\u010farskou spolupr\u00e1ci Wac\u0142awa Felczaka ve Var\u0161av\u011b, byla tak\u00e9 pln\u00e1 kr\u00e1sn\u00fdch slov a jemn\u00e9 kritiky.<\/p>\n\n\n\n<p>\u00da\u010dastn\u00edci tak\u00e9 vzdali hold Rogeru Scrutonovi<\/p>\n\n\n\n<p>Jak \u0159ekl Bal\u00e1zs Orb\u00e1n, vdova po Scrutonovi mu osobn\u011b \u0159ekla, \u017ee filozofovo srdce tlouklo ve st\u0159edn\u00ed Evrop\u011b, a dokonce: rozum\u011bl specifi\u010dnosti zdej\u0161\u00ed lidov\u00e9 du\u0161e, historie, kultury a ducha.<\/p>\n\n\n\n<p>\"P\u0159e\u017eit\u00ed z\u00e1vis\u00ed na nacionalismu v dobr\u00e9m slova smyslu, a ti, kdo pova\u017euj\u00ed n\u00e1rodn\u00ed z\u00e1jmy za prioritu, jsou \u00fasp\u011b\u0161n\u00ed,\" \u0159ekl Orb\u00e1n, \"My jsme \u00fasp\u011b\u0161n\u00ed. Ne ve v\u0161em se shodneme, ale pokud se vz\u00e1jemn\u011b respektujeme a ch\u00e1peme, nen\u00ed nic ztraceno a polsko-ma\u010farsk\u00e9 p\u0159\u00e1telstv\u00ed m\u00e1 velk\u00fd v\u00fdznam.\"<\/p>\n\n\n\n<p>Zsolt N\u00e9meth ocenil Scrutonovu podzemn\u00ed soci\u00e1ln\u00ed pr\u00e1ci ve st\u0159edn\u00ed Evrop\u011b p\u0159ed zm\u011bnou re\u017eimu a zm\u00ednil, \u017ee Pol\u00e1ci do roku 1980, co\u017e pro n\u00e1s znamen\u00e1 nap\u0159\u00edklad rok 1956, mnoho v\u011bc\u00ed zhutnili.<\/p>\n\n\n\n<p><em>Posledn\u00edch 100 dn\u00ed se do d\u011bjin ma\u010farsko-polsk\u00fdch vztah\u016f nezap\u00ed\u0161e beze stopy<\/em><\/p>\n\n\n\n<p>Toto t\u011b\u017ek\u00e9 obdob\u00ed je zkou\u0161kou ma\u010farsko-polsk\u00e9ho p\u0159\u00e1telstv\u00ed, ale \"mo\u017en\u00e1 jsme ji\u017e dos\u00e1hli dna a za\u010d\u00edn\u00e1me se z n\u011bj dost\u00e1vat\". P\u0159ipomn\u011bl prvn\u00ed cestu prezidentky Katalin Nov\u00e1kov\u00e9 do Var\u0161avy a pod\u011bkoval mar\u0161\u00e1l\u016fm Sejmu za n\u00e1v\u0161t\u011bvu, kter\u00e1 \"n\u00e1m pom\u00e1h\u00e1 l\u00e9pe si porozum\u011bt\".<\/p>\n\n\n\n<p>P\u0159edseda ma\u010farsk\u00e9ho zahrani\u010dn\u00edho v\u00fdboru \u0159ekl, \u017ee se to m\u016f\u017ee zd\u00e1t p\u0159ekvapiv\u00e9, ale ma\u010farsk\u00e9 a polsk\u00e9 c\u00edle jsou ve vztahu k Ukrajin\u011b stejn\u00e9: otev\u0159\u00edt t\u00e9to zemi dve\u0159e do EU a ud\u011blit j\u00ed status kandid\u00e1tsk\u00e9 zem\u011b, proto\u017ee krev a desetitis\u00edce ob\u011bt\u00ed k tomu Ukrajinu oprav\u0148uj\u00ed. Konzervativn\u00ed Evropa pat\u0159\u00ed k suver\u00e9nn\u00edm n\u00e1rod\u016fm a nep\u0159ij\u00edm\u00e1 zaj\u00edmav\u00e9 teorie, Bre\u017en\u011bvovu doktr\u00ednu ani p\u0159estavbu Sov\u011btsk\u00e9ho svazu, odm\u00edt\u00e1 jaltskou \"dohodu\" a podporuje helsinsk\u00fd proces a s Pol\u00e1ky nem\u00e1 jinou alternativu ne\u017e \u00fazk\u00e9, p\u0159\u00e1telsk\u00e9 spojenectv\u00ed.<\/p>\n\n\n\n<p>Neubli\u017eujme si v\u00edce ne\u017e Rusov\u00e9.<\/p>\n\n\n\n<p>Marek Kuchcinski, p\u0159edseda parlamentn\u00edho zahrani\u010dn\u00edho v\u00fdboru, ocenil Scrutona za p\u0159\u00edle\u017eitost k debat\u011b a v\u00fdm\u011bn\u011b n\u00e1zor\u016f a uvedl, \u017ee spole\u010dn\u00fdm c\u00edlem je pos\u00edlit tis\u00edciletou polsko-ma\u010farskou spolupr\u00e1ci, a t\u00edm pos\u00edlit st\u0159edn\u00ed Evropu. \"S t\u00edm se mohou ztoto\u017enit v\u0161ichni rozumn\u00ed politici,\" \u0159ekl.<\/p>\n\n\n\n<p>\u0158editel Maciej Szymanowski hovo\u0159il o informa\u010dn\u00ed v\u00e1lce a manipulaci s c\u00edlem po\u0161tvat Pol\u00e1ky a Ma\u010fary proti nim a p\u0159edseda Terlecki \u0159ekl, \u017ee byli p\u0159ekvapeni jak pln\u00fdm rusk\u00fdm \u00fatokem, tak \u00fasp\u011b\u0161n\u00fdm odporem Ukrajinc\u016f. Dodal, \u017ee panuj\u00ed siln\u00e9 obavy z glob\u00e1ln\u00edho konfliktu a z toho, zda by m\u011bly b\u00fdt vysl\u00e1ny zbran\u011b a tanky.&nbsp;<em>\"Dramatick\u00e9 po\u017eadavky a n\u00e1roky\"<\/em>&nbsp;byly vyd\u00e1ny z Kyjeva na z\u00e1klad\u011b toho, \u017ee Rusov\u00e9 se nezastav\u00ed, p\u016fjdou d\u00e1l do Polska, tak\u017ee se nakonec definitivn\u011b rozhodli Ukrajin\u011b pomoci,<\/p>\n\n\n\n<p>Je to skv\u011bl\u00e1 p\u0159\u00edle\u017eitost, jak co nejv\u00edce oslabit Rusko.<\/p>\n\n\n\n<p>Ryszard Terlecki dodal, \u017ee Rusov\u00e9 nyn\u00ed d\u011blaj\u00ed to, co d\u011blaj\u00ed, povzbuzeni t\u00edm, \u017ee Evropa nepodnikla rozhodn\u00e9 kroky na Krymu a v Donbasu.<\/p>\n\n\n\n<p>M\u00edr neohro\u017euje v\u00e1lka, ale Rusko.<\/p>\n\n\n\n<p>\u0159ekl m\u00edstop\u0159edseda Sejmu. Zm\u00ednil, \u017ee PiS za\u017e\u00edv\u00e1 v\u00e1\u017en\u00fd propagandistick\u00fd \u00fatok ze strany opozice, \u017ee jsou Putinov\u00fdmi spojenci, \"proto\u017ee jsme nep\u0159eru\u0161ili vazby s na\u0161imi ma\u010farsk\u00fdmi p\u0159\u00e1teli. Z\u00edtra ve Var\u0161av\u011b budou noviny ps\u00e1t, \u017ee jsme se vlastn\u011b radili s Putinem, jen s ma\u010farsk\u00fdm zprost\u0159edkov\u00e1n\u00edm. Pro n\u00e1zornost dodal: \"Z tohoto hlediska je va\u0161e opozice mnohem kultivovan\u011bj\u0161\u00ed ne\u017e na\u0161e.\" Zm\u00ednil, \u017ee v Polsku \"je to bohu\u017eel norm\u00e1ln\u00ed\" a \u017ee ma\u010farsko-polsk\u00e9 p\u0159\u00e1telstv\u00ed tuto zkou\u0161ku p\u0159e\u017eije, ale ur\u010dit\u011b bude pou\u017eito proti PiS.<\/p>\n\n\n\n<p>Ma\u010farsk\u00e9 podnik\u00e1n\u00ed<\/p>\n\n\n\n<p>Europoslanec za opozi\u010dn\u00ed Ob\u010danskou platformu Boguslaw Sonik ve sv\u00e9m proevropsk\u00e9m projevu uvedl, \u017ee na\u0161e zem\u011b si splnily sen n\u011bkolika generac\u00ed, kdy\u017e poc\u00edtily tlak Bruselu nebo NATO, proto\u017ee to m\u016f\u017eeme \u0159\u00edci, proto\u017ee jsme sou\u010d\u00e1st\u00ed spole\u010denstv\u00ed. Z\u00e1rove\u0148 podle n\u011bj zhor\u0161uj\u00edc\u00ed se vztahy nejsou zp\u016fsobeny dezinformacemi opozice, ale t\u00edm, \u017ee \"Ma\u010fa\u0159i nevysv\u011btlili jasn\u011b sv\u016fj vlastn\u00ed postoj\" a nesta\u010d\u00ed, \u017ee \"ma\u010farsk\u00fd z\u00e1jem je na prvn\u00edm m\u00edst\u011b\", aby si z\u00edskali polsk\u00e9 \u010di evropsk\u00e9 ve\u0159ejn\u00e9 m\u00edn\u011bn\u00ed, a v budape\u0161\u0165sk\u00fdch prohl\u00e1\u0161en\u00edch to poc\u00edtili jako nedostatek empatie v\u016f\u010di Ukrajinc\u016fm, stejn\u011b jako \"bi\u010duj\u00edc\u00ed\" koment\u00e1\u0159e na adresu ukrajinsk\u00e9ho prezidenta.<\/p>\n\n\n\n<p>Szymanowski doporu\u010dil ve\u0159ejnosti k pochopen\u00ed ma\u010farsk\u00fdch z\u00e1jm\u016f knihu Bal\u00e1zse Orb\u00e1na Kdysi d\u00e1vno ma\u010farsk\u00e9 strategick\u00e9 my\u0161len\u00ed a s\u00e1m autor vysv\u011btlil, \u017ee uv\u011bdom\u011bn\u00ed si n\u00e1rodn\u00edch z\u00e1jm\u016f je soustavn\u00e1 intelektu\u00e1ln\u00ed pr\u00e1ce, \u017ee je snaz\u0161\u00ed z\u00edskat suverenitu proti p\u0159\u00edmo viditeln\u00e9mu utla\u010dovateli ne\u017e pro Ma\u010farsko a Polsko proti nacist\u016fm a Sov\u011bt\u016fm - jako kdy\u017e jde o udr\u017een\u00ed suverenity (co\u017e nen\u00ed tak jednoduch\u00e9). Ozna\u010dil za trag\u00e9dii, \u017ee v\u00e1lka ukon\u010dila m\u00edrov\u00e9 euroasijsk\u00e9 sou\u017eit\u00ed:<\/p>\n\n\n\n<p>Existuje agresor jm\u00e9nem Rusko a ob\u011b\u0165 jm\u00e9nem Ukrajina.<\/p>\n\n\n\n<p>Ale \"na\u0161t\u011bst\u00ed se to agresorovi nepoda\u0159ilo\". Na druhou stranu je st\u0159edoevropsk\u00e1 spolupr\u00e1ce nezbytn\u00e1, jinak ji zni\u010d\u00ed velk\u00e9 geopolitick\u00e9 bou\u0159e. Ma\u010farsko-polsk\u00e9 p\u0159\u00e1telstv\u00ed m\u00e1 tedy krom\u011b citov\u00e9ho z\u00e1kladu i strategick\u00fd z\u00e1klad. Ma\u010farsk\u00e9 strategick\u00e9 my\u0161len\u00ed \u0159\u00edk\u00e1, \u017ee je t\u0159eba odsoudit v\u00e1lku, poskytnout pomoc uprchl\u00edk\u016fm na Ukrajin\u011b a zajistit evropskou jednotu.<\/p>\n\n\n\n<p>Zsolt N\u00e9meth ve sv\u00e9 odpov\u011bdi p\u0159ipomn\u011bl, \u017ee Ma\u010farsko hlasovalo pro v\u0161echny sankce, co\u017e je v\u00e1\u017en\u00e1 zbra\u0148, ale je t\u0159eba ud\u011blat tlustou \u010d\u00e1ru, a tou je energetick\u00e9 embargo: p\u0159ijde na \u0159adu ropn\u00e9 embargo a ot\u00e1zka plynu, p\u0159i\u010dem\u017e&nbsp;<em>\"Rusov\u00e9 samoz\u0159ejm\u011b mohou prodat, ale n\u011bkomu jin\u00e9mu.<\/em>&nbsp;P\u0159edseda ma\u010farsk\u00e9 Komise dodal, \u017ee takov\u00e1 z\u00e1va\u017en\u00e1 mezin\u00e1rodn\u00ed blok\u00e1da by mohla zas\u00e1hnout pouze \u00cdr\u00e1n. D\u00e1le uvedl, \u017ee je d\u016fle\u017eit\u00e9 se vz\u00e1jemn\u011b p\u0159\u00edmo poznat, proto\u017ee protipolsk\u00e9 a protima\u010farsk\u00e9 postoje se objevuj\u00ed v ma\u010farsk\u00e9m a polsk\u00e9m tisku jako sou\u010d\u00e1st \"propagandistick\u00e9 v\u00e1lky\".<\/p>\n\n\n\n<p>V ka\u017ed\u00e9m p\u0159\u00edpad\u011b to nyn\u00ed polsk\u00e1 vl\u00e1da nebude m\u00edt snadn\u00e9, ale vz\u00e1jemn\u00e9 pochopen\u00ed postoj\u016f je kl\u00ed\u010dov\u00e9, proto je vd\u011b\u010dn\u00e1 Marku Kuchci\u0144sk\u00e9mu za dopisy&nbsp;<a href=\"https:\/\/mandiner.hu\/cikk\/20220525_lengyelorszag_v4_ukrajna_marek_kuchcinski_nemeth_zsolt\">zve\u0159ejn\u011bno<\/a>&nbsp;o Mandinerovi. Zsolt N\u00e9meth dodal, \u017ee z\u00e1padn\u00ed sv\u011bt mus\u00ed uk\u00e1zat s\u00edlu a jednotu, <em>proto\u017ee ji\u017e nem\u016f\u017ee p\u0159edstavovat hrozbu.<\/em><\/p>\n\n\n\n<p><em>Marek Kuchci\u0144ski uvedl, \u017ee z\u00e1sadn\u00ed jsou setk\u00e1n\u00ed, jako bylo to dne\u0161n\u00ed, kde se lze vyhnout v\u011bt\u00e1m vytr\u017een\u00fdm z kontextu a pokryteck\u00e9 realit\u011b. Zd\u016fraznil pot\u0159ebu siln\u00e9 polsko-ma\u010farsk\u00e9 spolupr\u00e1ce, kter\u00e1 buduje i st\u0159edn\u00ed Evropu, \"ale pouze na principu: svobodn\u00fd je rovn\u00fd svobodn\u00e9mu, rovn\u00fd rovn\u00e9mu\", p\u0159i\u010dem\u017e se odvolal na polskou \u0161lechtickou republiku a obdob\u00ed ma\u010farsk\u00fdch n\u00e1rodn\u00edch shrom\u00e1\u017ed\u011bn\u00ed.<\/em><\/p>\n\n\n\n<p><em>\"Kdy\u017e na\u0161e st\u00e1ty existovaly t\u00edmto zp\u016fsobem, byly tak siln\u00e9, \u017ee n\u00e1s nemohly beztrestn\u011b napadnout ani z v\u00fdchodu, ani ze z\u00e1padu.<\/em><\/p>\n\n\n\n<p>P\u0159edseda polsk\u00e9ho zahrani\u010dn\u00edho v\u00fdboru zd\u016fraznil, \u017ee mus\u00edme tak\u00e9 vid\u011bt, co je ma\u010farsk\u00e1 a polsk\u00e1 politika v\u016f\u010di EU: spolupr\u00e1ce mezi suver\u00e9nn\u00edmi n\u00e1rodn\u00edmi st\u00e1ty.<em>a\u010dkoli \"ti, kdo dnes vedou EU, cht\u011bj\u00ed, aby se na\u0161e cesty rozch\u00e1zely\", aby se \"rozch\u00e1zely\".<\/em>&nbsp;by mohla snadn\u011bji uskute\u010dnit vizi feder\u00e1ln\u00edho superst\u00e1tu.<\/p>\n\n\n\n<p>Terlecki dodal, \u017ee oni sami nev\u011b\u0159\u00ed, \u017ee EU zm\u011bn\u00ed sv\u016fj negativn\u00ed postoj v\u016f\u010di Ukrajin\u011b, co\u017e se m\u016f\u017ee zm\u011bnit i v p\u0159\u00edpad\u011b Moldavska a Gruzie. Nejd\u016fle\u017eit\u011bj\u0161\u00ed je, \u017ee v\u00fdchodn\u00ed a st\u0159edn\u00ed Evropa souhlas\u00ed, zat\u00edmco EU chce.<em>&nbsp;\"sp\u00e1chat sebevra\u017edu\"<\/em>&nbsp;ekologizac\u00ed energie nebo fantaz\u00edrov\u00e1n\u00edm o Ma\u010farsku a vylou\u010den\u00edm Polska.<\/p>\n\n\n\n<p>Na z\u00e1v\u011br Szymanowski \u0159ekl: St\u0159edoevropan\u00e9 se bu\u010f nau\u010d\u00ed spolupracovat, nebo se op\u011bt stanou cestuj\u00edc\u00edmi ve vlaku bez mo\u017enosti ovlivnit, kde bude zastavovat.<\/p>\n\n\n\n<figure class=\"wp-block-image size-large\"><a href=\"https:\/\/marekkuchcinski.pl\/wp-content\/uploads\/2022\/06\/kuchcinski.jpg\"><img fetchpriority=\"high\" decoding=\"async\" width=\"1024\" height=\"682\" src=\"https:\/\/marekkuchcinski.pl\/wp-content\/uploads\/2022\/06\/kuchcinski-1024x682.jpg\" alt=\"\" class=\"wp-image-25498\" srcset=\"https:\/\/marekkuchcinski.pl\/wp-content\/uploads\/2022\/06\/kuchcinski-1024x682.jpg 1024w, https:\/\/marekkuchcinski.pl\/wp-content\/uploads\/2022\/06\/kuchcinski-300x200.jpg 300w, https:\/\/marekkuchcinski.pl\/wp-content\/uploads\/2022\/06\/kuchcinski-768x512.jpg 768w, https:\/\/marekkuchcinski.pl\/wp-content\/uploads\/2022\/06\/kuchcinski-18x12.jpg 18w, https:\/\/marekkuchcinski.pl\/wp-content\/uploads\/2022\/06\/kuchcinski.jpg 1280w\" sizes=\"(max-width: 1024px) 100vw, 1024px\" \/><\/a><figcaption>P\u0159edseda V\u00fdboru pro zahrani\u010dn\u00ed v\u011bci Marek Kuchci\u0144ski<\/figcaption><\/figure>\n\n\n\n<p><em>Portr\u00e9tn\u00ed fotografie: M\u00e1rton Ficsor, D\u00e1vid M\u00e1trai, \u00c1rp\u00e1d F\u00f6ldh\u00e1zi<\/em><\/p>","protected":false},"excerpt":{"rendered":"<p>Text: Mandiner, Zolt\u00e1n Vecz\u00e1n Posledn\u00edch 100 dn\u00ed se nezap\u00ed\u0161e do d\u011bjin ma\u010farsko-polsk\u00fdch vztah\u016f. P\u0159edn\u00ed pol\u0161t\u00ed politici jednali v Budape\u0161ti s Balazsem Orb\u00e1nem a Zsoltem N\u00e9methem: kl\u00ed\u010dov\u00fdm slovem bylo porozum\u011bn\u00ed, ale nechyb\u011bly ani kontrasty. M\u00edstop\u0159edseda Sejmu Ryszard Terlecki, p\u0159edseda zahrani\u010dn\u00edho v\u00fdboru Marek Kuchcinski a europoslanec Boguslaw Sonik hovo\u0159ili s Balazsem Orb\u00e1nem, \u0159editelem [...]<\/p>","protected":false},"author":21,"featured_media":25498,"comment_status":"open","ping_status":"open","sticky":false,"template":"","format":"standard","meta":{"ngg_post_thumbnail":0,"footnotes":""},"categories":[50,3],"tags":[],"class_list":["post-25497","post","type-post","status-publish","format-standard","has-post-thumbnail","hentry","category-wspolpraca-miedzynarodowa","category-wydarzenia"],"yoast_head":"<!-- This site is optimized with the Yoast SEO plugin v24.7 - https:\/\/yoast.com\/wordpress\/plugins\/seo\/ -->\n<title>Co pozosta\u0142o z przyja\u017ani w\u0119giersko-polskiej? &#8211; Marek Kuchci\u0144ski<\/title>\n<meta name=\"robots\" content=\"index, follow, max-snippet:-1, max-image-preview:large, max-video-preview:-1\" \/>\n<link rel=\"canonical\" href=\"https:\/\/marekkuchcinski.pl\/cs\/wydarzenia\/co-pozostalo-z-przyjazni-wegiersko-polskiej\/\" \/>\n<meta property=\"og:locale\" content=\"cs_CZ\" \/>\n<meta property=\"og:type\" content=\"article\" \/>\n<meta property=\"og:title\" content=\"Co pozosta\u0142o z przyja\u017ani w\u0119giersko-polskiej? &#8211; Marek Kuchci\u0144ski\" \/>\n<meta property=\"og:description\" content=\"Tekst: Mandiner, Zolt\u00e1n Vecz\u00e1n Ostatnie 100 dni nie minie bez \u015bladu w historii stosunk\u00f3w w\u0119giersko-polskich. Czo\u0142owi polscy politycy rozmawiali w Budapeszcie z Balazsem Orb\u00e1nem i Zsoltem N\u00e9methem: kluczowym s\u0142owem by\u0142o zrozumienie, ale kontrast\u00f3w te\u017c by\u0142o mn\u00f3stwo. Wicemarsza\u0142ek Sejmu Ryszard Terlecki, przewodnicz\u0105cy Komisji Spraw Zagranicznych Marek Kuchci\u0144ski oraz europose\u0142 Bogus\u0142aw Sonik rozmawiali z Balazsem Orb\u00e1nem, dyrektorem [&hellip;]\" \/>\n<meta property=\"og:url\" content=\"https:\/\/marekkuchcinski.pl\/cs\/wydarzenia\/co-pozostalo-z-przyjazni-wegiersko-polskiej\/\" \/>\n<meta property=\"og:site_name\" content=\"Marek Kuchci\u0144ski\" \/>\n<meta property=\"article:published_time\" content=\"2022-06-15T13:02:52+00:00\" \/>\n<meta property=\"article:modified_time\" content=\"2022-06-15T13:02:54+00:00\" \/>\n<meta property=\"og:image\" content=\"https:\/\/marekkuchcinski.pl\/wp-content\/uploads\/2022\/06\/kuchcinski.jpg\" \/>\n\t<meta property=\"og:image:width\" content=\"1280\" \/>\n\t<meta property=\"og:image:height\" content=\"853\" \/>\n\t<meta property=\"og:image:type\" content=\"image\/jpeg\" \/>\n<meta name=\"author\" content=\"Marta Olejnik\" \/>\n<meta name=\"twitter:card\" content=\"summary_large_image\" \/>\n<meta name=\"twitter:label1\" content=\"Napsal(a)\" \/>\n\t<meta name=\"twitter:data1\" content=\"Marta Olejnik\" \/>\n\t<meta name=\"twitter:label2\" content=\"Odhadovan\u00e1 doba \u010dten\u00ed\" \/>\n\t<meta name=\"twitter:data2\" content=\"6 minut\" \/>\n<script type=\"application\/ld+json\" class=\"yoast-schema-graph\">{\"@context\":\"https:\/\/schema.org\",\"@graph\":[{\"@type\":\"Article\",\"@id\":\"https:\/\/marekkuchcinski.pl\/ro\/wydarzenia\/co-pozostalo-z-przyjazni-wegiersko-polskiej\/#article\",\"isPartOf\":{\"@id\":\"https:\/\/marekkuchcinski.pl\/ro\/wydarzenia\/co-pozostalo-z-przyjazni-wegiersko-polskiej\/\"},\"author\":{\"name\":\"Marta Olejnik\",\"@id\":\"https:\/\/marekkuchcinski.pl\/#\/schema\/person\/51d5d4ee3b5317b8e4dd2b48af359229\"},\"headline\":\"Co pozosta\u0142o z przyja\u017ani w\u0119giersko-polskiej?\",\"datePublished\":\"2022-06-15T13:02:52+00:00\",\"dateModified\":\"2022-06-15T13:02:54+00:00\",\"mainEntityOfPage\":{\"@id\":\"https:\/\/marekkuchcinski.pl\/ro\/wydarzenia\/co-pozostalo-z-przyjazni-wegiersko-polskiej\/\"},\"wordCount\":1398,\"commentCount\":0,\"publisher\":{\"@id\":\"https:\/\/marekkuchcinski.pl\/#organization\"},\"image\":{\"@id\":\"https:\/\/marekkuchcinski.pl\/ro\/wydarzenia\/co-pozostalo-z-przyjazni-wegiersko-polskiej\/#primaryimage\"},\"thumbnailUrl\":\"https:\/\/marekkuchcinski.pl\/wp-content\/uploads\/2022\/06\/kuchcinski.jpg\",\"articleSection\":[\"Wsp\u00f3\u0142praca mi\u0119dzynarodowa\",\"Wydarzenia\"],\"inLanguage\":\"cs\",\"potentialAction\":[{\"@type\":\"CommentAction\",\"name\":\"Comment\",\"target\":[\"https:\/\/marekkuchcinski.pl\/ro\/wydarzenia\/co-pozostalo-z-przyjazni-wegiersko-polskiej\/#respond\"]}]},{\"@type\":\"WebPage\",\"@id\":\"https:\/\/marekkuchcinski.pl\/ro\/wydarzenia\/co-pozostalo-z-przyjazni-wegiersko-polskiej\/\",\"url\":\"https:\/\/marekkuchcinski.pl\/ro\/wydarzenia\/co-pozostalo-z-przyjazni-wegiersko-polskiej\/\",\"name\":\"Co pozosta\u0142o z przyja\u017ani w\u0119giersko-polskiej? &#8211; Marek Kuchci\u0144ski\",\"isPartOf\":{\"@id\":\"https:\/\/marekkuchcinski.pl\/#website\"},\"primaryImageOfPage\":{\"@id\":\"https:\/\/marekkuchcinski.pl\/ro\/wydarzenia\/co-pozostalo-z-przyjazni-wegiersko-polskiej\/#primaryimage\"},\"image\":{\"@id\":\"https:\/\/marekkuchcinski.pl\/ro\/wydarzenia\/co-pozostalo-z-przyjazni-wegiersko-polskiej\/#primaryimage\"},\"thumbnailUrl\":\"https:\/\/marekkuchcinski.pl\/wp-content\/uploads\/2022\/06\/kuchcinski.jpg\",\"datePublished\":\"2022-06-15T13:02:52+00:00\",\"dateModified\":\"2022-06-15T13:02:54+00:00\",\"breadcrumb\":{\"@id\":\"https:\/\/marekkuchcinski.pl\/ro\/wydarzenia\/co-pozostalo-z-przyjazni-wegiersko-polskiej\/#breadcrumb\"},\"inLanguage\":\"cs\",\"potentialAction\":[{\"@type\":\"ReadAction\",\"target\":[\"https:\/\/marekkuchcinski.pl\/ro\/wydarzenia\/co-pozostalo-z-przyjazni-wegiersko-polskiej\/\"]}]},{\"@type\":\"ImageObject\",\"inLanguage\":\"cs\",\"@id\":\"https:\/\/marekkuchcinski.pl\/ro\/wydarzenia\/co-pozostalo-z-przyjazni-wegiersko-polskiej\/#primaryimage\",\"url\":\"https:\/\/marekkuchcinski.pl\/wp-content\/uploads\/2022\/06\/kuchcinski.jpg\",\"contentUrl\":\"https:\/\/marekkuchcinski.pl\/wp-content\/uploads\/2022\/06\/kuchcinski.jpg\",\"width\":1280,\"height\":853},{\"@type\":\"BreadcrumbList\",\"@id\":\"https:\/\/marekkuchcinski.pl\/ro\/wydarzenia\/co-pozostalo-z-przyjazni-wegiersko-polskiej\/#breadcrumb\",\"itemListElement\":[{\"@type\":\"ListItem\",\"position\":1,\"name\":\"Strona g\u0142\u00f3wna\",\"item\":\"https:\/\/marekkuchcinski.pl\/\"},{\"@type\":\"ListItem\",\"position\":2,\"name\":\"Co pozosta\u0142o z przyja\u017ani w\u0119giersko-polskiej?\"}]},{\"@type\":\"WebSite\",\"@id\":\"https:\/\/marekkuchcinski.pl\/#website\",\"url\":\"https:\/\/marekkuchcinski.pl\/\",\"name\":\"Marek Kuchci\u0144ski\",\"description\":\"Pose\u0142 na sejm RP &ndash; okr\u0119g nr 22\",\"publisher\":{\"@id\":\"https:\/\/marekkuchcinski.pl\/#organization\"},\"potentialAction\":[{\"@type\":\"SearchAction\",\"target\":{\"@type\":\"EntryPoint\",\"urlTemplate\":\"https:\/\/marekkuchcinski.pl\/?s={search_term_string}\"},\"query-input\":{\"@type\":\"PropertyValueSpecification\",\"valueRequired\":true,\"valueName\":\"search_term_string\"}}],\"inLanguage\":\"cs\"},{\"@type\":\"Organization\",\"@id\":\"https:\/\/marekkuchcinski.pl\/#organization\",\"name\":\"Marek Kuchci\u0144ski\",\"url\":\"https:\/\/marekkuchcinski.pl\/\",\"logo\":{\"@type\":\"ImageObject\",\"inLanguage\":\"cs\",\"@id\":\"https:\/\/marekkuchcinski.pl\/#\/schema\/logo\/image\/\",\"url\":\"https:\/\/marekkuchcinski.pl\/wp-content\/uploads\/2022\/09\/Marek.jpg\",\"contentUrl\":\"https:\/\/marekkuchcinski.pl\/wp-content\/uploads\/2022\/09\/Marek.jpg\",\"width\":1600,\"height\":971,\"caption\":\"Marek Kuchci\u0144ski\"},\"image\":{\"@id\":\"https:\/\/marekkuchcinski.pl\/#\/schema\/logo\/image\/\"}},{\"@type\":\"Person\",\"@id\":\"https:\/\/marekkuchcinski.pl\/#\/schema\/person\/51d5d4ee3b5317b8e4dd2b48af359229\",\"name\":\"Marta Olejnik\",\"image\":{\"@type\":\"ImageObject\",\"inLanguage\":\"cs\",\"@id\":\"https:\/\/marekkuchcinski.pl\/#\/schema\/person\/image\/\",\"url\":\"https:\/\/secure.gravatar.com\/avatar\/e39914b2aa6a48959e24d475b5dc9793?s=96&d=mm&r=g\",\"contentUrl\":\"https:\/\/secure.gravatar.com\/avatar\/e39914b2aa6a48959e24d475b5dc9793?s=96&d=mm&r=g\",\"caption\":\"Marta Olejnik\"},\"url\":\"https:\/\/marekkuchcinski.pl\/cs\/author\/marta\/\"}]}<\/script>\n<!-- \/ Yoast SEO plugin. -->","yoast_head_json":{"title":"Co pozosta\u0142o z przyja\u017ani w\u0119giersko-polskiej? &#8211; Marek Kuchci\u0144ski","robots":{"index":"index","follow":"follow","max-snippet":"max-snippet:-1","max-image-preview":"max-image-preview:large","max-video-preview":"max-video-preview:-1"},"canonical":"https:\/\/marekkuchcinski.pl\/cs\/wydarzenia\/co-pozostalo-z-przyjazni-wegiersko-polskiej\/","og_locale":"cs_CZ","og_type":"article","og_title":"Co pozosta\u0142o z przyja\u017ani w\u0119giersko-polskiej? &#8211; Marek Kuchci\u0144ski","og_description":"Tekst: Mandiner, Zolt\u00e1n Vecz\u00e1n Ostatnie 100 dni nie minie bez \u015bladu w historii stosunk\u00f3w w\u0119giersko-polskich. Czo\u0142owi polscy politycy rozmawiali w Budapeszcie z Balazsem Orb\u00e1nem i Zsoltem N\u00e9methem: kluczowym s\u0142owem by\u0142o zrozumienie, ale kontrast\u00f3w te\u017c by\u0142o mn\u00f3stwo. Wicemarsza\u0142ek Sejmu Ryszard Terlecki, przewodnicz\u0105cy Komisji Spraw Zagranicznych Marek Kuchci\u0144ski oraz europose\u0142 Bogus\u0142aw Sonik rozmawiali z Balazsem Orb\u00e1nem, dyrektorem [&hellip;]","og_url":"https:\/\/marekkuchcinski.pl\/cs\/wydarzenia\/co-pozostalo-z-przyjazni-wegiersko-polskiej\/","og_site_name":"Marek Kuchci\u0144ski","article_published_time":"2022-06-15T13:02:52+00:00","article_modified_time":"2022-06-15T13:02:54+00:00","og_image":[{"width":1280,"height":853,"url":"https:\/\/marekkuchcinski.pl\/wp-content\/uploads\/2022\/06\/kuchcinski.jpg","type":"image\/jpeg"}],"author":"Marta Olejnik","twitter_card":"summary_large_image","twitter_misc":{"Napsal(a)":"Marta Olejnik","Odhadovan\u00e1 doba \u010dten\u00ed":"6 minut"},"schema":{"@context":"https:\/\/schema.org","@graph":[{"@type":"Article","@id":"https:\/\/marekkuchcinski.pl\/ro\/wydarzenia\/co-pozostalo-z-przyjazni-wegiersko-polskiej\/#article","isPartOf":{"@id":"https:\/\/marekkuchcinski.pl\/ro\/wydarzenia\/co-pozostalo-z-przyjazni-wegiersko-polskiej\/"},"author":{"name":"Marta Olejnik","@id":"https:\/\/marekkuchcinski.pl\/#\/schema\/person\/51d5d4ee3b5317b8e4dd2b48af359229"},"headline":"Co pozosta\u0142o z przyja\u017ani w\u0119giersko-polskiej?","datePublished":"2022-06-15T13:02:52+00:00","dateModified":"2022-06-15T13:02:54+00:00","mainEntityOfPage":{"@id":"https:\/\/marekkuchcinski.pl\/ro\/wydarzenia\/co-pozostalo-z-przyjazni-wegiersko-polskiej\/"},"wordCount":1398,"commentCount":0,"publisher":{"@id":"https:\/\/marekkuchcinski.pl\/#organization"},"image":{"@id":"https:\/\/marekkuchcinski.pl\/ro\/wydarzenia\/co-pozostalo-z-przyjazni-wegiersko-polskiej\/#primaryimage"},"thumbnailUrl":"https:\/\/marekkuchcinski.pl\/wp-content\/uploads\/2022\/06\/kuchcinski.jpg","articleSection":["Wsp\u00f3\u0142praca mi\u0119dzynarodowa","Wydarzenia"],"inLanguage":"cs","potentialAction":[{"@type":"CommentAction","name":"Comment","target":["https:\/\/marekkuchcinski.pl\/ro\/wydarzenia\/co-pozostalo-z-przyjazni-wegiersko-polskiej\/#respond"]}]},{"@type":"WebPage","@id":"https:\/\/marekkuchcinski.pl\/ro\/wydarzenia\/co-pozostalo-z-przyjazni-wegiersko-polskiej\/","url":"https:\/\/marekkuchcinski.pl\/ro\/wydarzenia\/co-pozostalo-z-przyjazni-wegiersko-polskiej\/","name":"Co pozosta\u0142o z przyja\u017ani w\u0119giersko-polskiej? &#8211; Marek Kuchci\u0144ski","isPartOf":{"@id":"https:\/\/marekkuchcinski.pl\/#website"},"primaryImageOfPage":{"@id":"https:\/\/marekkuchcinski.pl\/ro\/wydarzenia\/co-pozostalo-z-przyjazni-wegiersko-polskiej\/#primaryimage"},"image":{"@id":"https:\/\/marekkuchcinski.pl\/ro\/wydarzenia\/co-pozostalo-z-przyjazni-wegiersko-polskiej\/#primaryimage"},"thumbnailUrl":"https:\/\/marekkuchcinski.pl\/wp-content\/uploads\/2022\/06\/kuchcinski.jpg","datePublished":"2022-06-15T13:02:52+00:00","dateModified":"2022-06-15T13:02:54+00:00","breadcrumb":{"@id":"https:\/\/marekkuchcinski.pl\/ro\/wydarzenia\/co-pozostalo-z-przyjazni-wegiersko-polskiej\/#breadcrumb"},"inLanguage":"cs","potentialAction":[{"@type":"ReadAction","target":["https:\/\/marekkuchcinski.pl\/ro\/wydarzenia\/co-pozostalo-z-przyjazni-wegiersko-polskiej\/"]}]},{"@type":"ImageObject","inLanguage":"cs","@id":"https:\/\/marekkuchcinski.pl\/ro\/wydarzenia\/co-pozostalo-z-przyjazni-wegiersko-polskiej\/#primaryimage","url":"https:\/\/marekkuchcinski.pl\/wp-content\/uploads\/2022\/06\/kuchcinski.jpg","contentUrl":"https:\/\/marekkuchcinski.pl\/wp-content\/uploads\/2022\/06\/kuchcinski.jpg","width":1280,"height":853},{"@type":"BreadcrumbList","@id":"https:\/\/marekkuchcinski.pl\/ro\/wydarzenia\/co-pozostalo-z-przyjazni-wegiersko-polskiej\/#breadcrumb","itemListElement":[{"@type":"ListItem","position":1,"name":"Strona g\u0142\u00f3wna","item":"https:\/\/marekkuchcinski.pl\/"},{"@type":"ListItem","position":2,"name":"Co pozosta\u0142o z przyja\u017ani w\u0119giersko-polskiej?"}]},{"@type":"WebSite","@id":"https:\/\/marekkuchcinski.pl\/#website","url":"https:\/\/marekkuchcinski.pl\/","name":"Marek Kuchci\u0144ski","description":"Pose\u0142 na sejm RP &ndash; okr\u0119g nr 22","publisher":{"@id":"https:\/\/marekkuchcinski.pl\/#organization"},"potentialAction":[{"@type":"SearchAction","target":{"@type":"EntryPoint","urlTemplate":"https:\/\/marekkuchcinski.pl\/?s={search_term_string}"},"query-input":{"@type":"PropertyValueSpecification","valueRequired":true,"valueName":"search_term_string"}}],"inLanguage":"cs"},{"@type":"Organization","@id":"https:\/\/marekkuchcinski.pl\/#organization","name":"Marek Kuchci\u0144ski","url":"https:\/\/marekkuchcinski.pl\/","logo":{"@type":"ImageObject","inLanguage":"cs","@id":"https:\/\/marekkuchcinski.pl\/#\/schema\/logo\/image\/","url":"https:\/\/marekkuchcinski.pl\/wp-content\/uploads\/2022\/09\/Marek.jpg","contentUrl":"https:\/\/marekkuchcinski.pl\/wp-content\/uploads\/2022\/09\/Marek.jpg","width":1600,"height":971,"caption":"Marek Kuchci\u0144ski"},"image":{"@id":"https:\/\/marekkuchcinski.pl\/#\/schema\/logo\/image\/"}},{"@type":"Person","@id":"https:\/\/marekkuchcinski.pl\/#\/schema\/person\/51d5d4ee3b5317b8e4dd2b48af359229","name":"Marta Olejnik","image":{"@type":"ImageObject","inLanguage":"cs","@id":"https:\/\/marekkuchcinski.pl\/#\/schema\/person\/image\/","url":"https:\/\/secure.gravatar.com\/avatar\/e39914b2aa6a48959e24d475b5dc9793?s=96&d=mm&r=g","contentUrl":"https:\/\/secure.gravatar.com\/avatar\/e39914b2aa6a48959e24d475b5dc9793?s=96&d=mm&r=g","caption":"Marta Olejnik"},"url":"https:\/\/marekkuchcinski.pl\/cs\/author\/marta\/"}]}},"_links":{"self":[{"href":"https:\/\/marekkuchcinski.pl\/cs\/wp-json\/wp\/v2\/posts\/25497","targetHints":{"allow":["GET"]}}],"collection":[{"href":"https:\/\/marekkuchcinski.pl\/cs\/wp-json\/wp\/v2\/posts"}],"about":[{"href":"https:\/\/marekkuchcinski.pl\/cs\/wp-json\/wp\/v2\/types\/post"}],"author":[{"embeddable":true,"href":"https:\/\/marekkuchcinski.pl\/cs\/wp-json\/wp\/v2\/users\/21"}],"replies":[{"embeddable":true,"href":"https:\/\/marekkuchcinski.pl\/cs\/wp-json\/wp\/v2\/comments?post=25497"}],"version-history":[{"count":1,"href":"https:\/\/marekkuchcinski.pl\/cs\/wp-json\/wp\/v2\/posts\/25497\/revisions"}],"predecessor-version":[{"id":25499,"href":"https:\/\/marekkuchcinski.pl\/cs\/wp-json\/wp\/v2\/posts\/25497\/revisions\/25499"}],"wp:featuredmedia":[{"embeddable":true,"href":"https:\/\/marekkuchcinski.pl\/cs\/wp-json\/wp\/v2\/media\/25498"}],"wp:attachment":[{"href":"https:\/\/marekkuchcinski.pl\/cs\/wp-json\/wp\/v2\/media?parent=25497"}],"wp:term":[{"taxonomy":"category","embeddable":true,"href":"https:\/\/marekkuchcinski.pl\/cs\/wp-json\/wp\/v2\/categories?post=25497"},{"taxonomy":"post_tag","embeddable":true,"href":"https:\/\/marekkuchcinski.pl\/cs\/wp-json\/wp\/v2\/tags?post=25497"}],"curies":[{"name":"wp","href":"https:\/\/api.w.org\/{rel}","templated":true}]}}