{"id":25481,"date":"2022-06-12T21:58:41","date_gmt":"2022-06-12T19:58:41","guid":{"rendered":"https:\/\/marekkuchcinski.pl\/?p=25481"},"modified":"2022-06-16T15:59:43","modified_gmt":"2022-06-16T13:59:43","slug":"kuchcinski-szukajac-wspoldzialania-patrzymy-na-kraje-trojmorza-ale-tez-jeszcze-szerzej","status":"publish","type":"post","link":"https:\/\/marekkuchcinski.pl\/cs\/bez-kategorii\/kuchcinski-szukajac-wspoldzialania-patrzymy-na-kraje-trojmorza-ale-tez-jeszcze-szerzej\/","title":{"rendered":"Kuchci\u0144ski: P\u0159i hled\u00e1n\u00ed spolupr\u00e1ce se zam\u011b\u0159ujeme nejen na zem\u011b Trojmo\u0159\u00ed, ale i \u0161\u00ed\u0159eji."},"content":{"rendered":"<figure class=\"wp-block-embed is-type-video is-provider-youtube wp-block-embed-youtube wp-embed-aspect-16-9 wp-has-aspect-ratio\"><div class=\"wp-block-embed__wrapper\">\n<iframe title=\"Marek Kuchci\u0144ski: hled\u00e1me spolupr\u00e1ci, zam\u011b\u0159ujeme se na zem\u011b Trojmo\u0159\u00ed, ale i \u0161\u00ed\u0159eji.\" width=\"800\" height=\"450\" src=\"https:\/\/www.youtube.com\/embed\/WzjCktYo_8c?feature=oembed\" frameborder=\"0\" allow=\"accelerometer; autoplay; clipboard-write; encrypted-media; gyroscope; picture-in-picture\" allowfullscreen><\/iframe>\n<\/div><\/figure>\n\n\n\n<p>Dne\u0161n\u00ed v\u00fdzvou je spolupr\u00e1ce a komunikace zem\u00ed na ose sever-jih, a ne jako doposud spolupr\u00e1ce zalo\u017een\u00e1 pouze na budov\u00e1n\u00ed osy v\u00fdchod-z\u00e1pad - \u0159ekl Marek Kuchci\u0144ski, b\u00fdval\u00fd p\u0159edseda Sejmu, poslanec polsk\u00e9ho Radia 24.&nbsp;<\/p>\n\n\n\n<p><a href=\"https:\/\/polskieradio24.pl\/42\/259\/artykul\/2977401,trojmorze-to-pas-najszybszego-wzrostu-gospodarczego-w-ue-prezes-gpw-na-kongresie-polska-wielki-projekt\">A\u017e do 12. \u010dervna se v Ark\u00e1d\u00e1ch Kubicki ve Var\u0161av\u011b konaj\u00ed diskuse o d\u016fle\u017eit\u00fdch ot\u00e1zk\u00e1ch pro Polsko a Evropu. \"Nov\u00e1 Evropa\" je slogan leto\u0161n\u00edho 12. kongresu Polsko - velk\u00fd projekt.<\/a>&nbsp;<\/p>\n\n\n\n<p>Hlavn\u00edm t\u00e9matem bude v\u00e1lka na Ukrajin\u011b. \u00da\u010dastn\u00edci akce budou mimo jin\u00e9 diskutovat o nov\u00fdch v\u00fdzv\u00e1ch souvisej\u00edc\u00edch se zm\u011bnou bezpe\u010dnostn\u00ed architektury na na\u0161em kontinentu. Bude se hovo\u0159it o Trojspolku a na\u0161em m\u00edst\u011b v Evrop\u011b.<\/p>\n\n\n\n<p>- Neust\u00e1le hled\u00e1me p\u0159\u00edle\u017eitosti a spolupr\u00e1ci mezi zem\u011bmi st\u0159edn\u00ed Evropy. Trojm\u011bst\u00ed je ekonomick\u00fd podnik a Karpatskou Evropu (st\u0159edn\u00ed Evropu) tvo\u0159\u00ed zem\u011b na v\u00fdchod od Evropsk\u00e9 unie - Moldavsko, Gruzie, Ukrajina, kavkazsk\u00e9 st\u00e1ty a B\u011blorusko. Tak\u017ee se d\u00edv\u00e1me nejen na Trojm\u011bst\u00ed, ale i na \u0161ir\u0161\u00ed oblast. D\u016fle\u017eit\u00e1 z\u00e1sada zn\u00ed: rovn\u00fd s rovn\u00fdm a svobodn\u00fd se svobodn\u00fdm, N\u011bmecko to nechce, Rusko tak\u00e9 ne - \u0159ekl Marek Kuchci\u0144ski.<\/p>\n\n\n\n<p>Dodal, \u017ee i pro Francouze bylo obt\u00ed\u017en\u00e9 se s novou situac\u00ed vyrovnat. V mezin\u00e1rodn\u00edch vztaz\u00edch podle n\u011bj mus\u00ed platit z\u00e1sada nedotknutelnosti hranic, ale dnes je jasn\u00e9, \u017ee tomu tak ji\u017e nen\u00ed. Je proto nutn\u00e9 vyu\u017e\u00edt diplomacii a m\u00e9dia. Jako p\u0159\u00edklad uvedl americk\u00fd Kongres, kter\u00fd se dostal pod tlak ve\u0159ejn\u00e9ho m\u00edn\u011bn\u00ed a zm\u011bnil postoj prezidenta USA Joea Bidena k v\u00e1lce na Ukrajin\u011b.<\/p>\n\n\n\n<p>- Z na\u0161eho pohledu je v\u0161ak z\u0159ejm\u00e9, \u017ee pot\u0159eba komunika\u010dn\u00edch spojen\u00ed mezi severem a jihem nezmiz\u00ed. Rusko-n\u011bmeck\u00fd z\u00e1jem byl dlouho zalo\u017een na ose v\u00fdchod-z\u00e1pad, ale i to se m\u011bn\u00ed, proto\u017ee bez komunikace nen\u00ed mo\u017en\u00e1 spolupr\u00e1ce. Silnice a \u017eeleznice jsou nejd\u016fle\u017eit\u011bj\u0161\u00ed, vl\u00e1dy a prezidenti je roz\u0161i\u0159uj\u00ed, ale pod tlakem ve\u0159ejn\u00e9ho m\u00edn\u011bn\u00ed, kter\u00e9 na tom m\u00e1 z\u00e1jem,\" \u0159ekl Marek Kuchci\u0144ski.<\/p>\n\n\n\n<figure class=\"wp-block-image size-large\"><a href=\"https:\/\/marekkuchcinski.pl\/wp-content\/uploads\/2022\/06\/www.jpg\"><img fetchpriority=\"high\" decoding=\"async\" width=\"1024\" height=\"683\" src=\"https:\/\/marekkuchcinski.pl\/wp-content\/uploads\/2022\/06\/www-1024x683.jpg\" alt=\"\" class=\"wp-image-25482\" srcset=\"https:\/\/marekkuchcinski.pl\/wp-content\/uploads\/2022\/06\/www-1024x683.jpg 1024w, https:\/\/marekkuchcinski.pl\/wp-content\/uploads\/2022\/06\/www-300x200.jpg 300w, https:\/\/marekkuchcinski.pl\/wp-content\/uploads\/2022\/06\/www-768x512.jpg 768w, https:\/\/marekkuchcinski.pl\/wp-content\/uploads\/2022\/06\/www-1536x1024.jpg 1536w, https:\/\/marekkuchcinski.pl\/wp-content\/uploads\/2022\/06\/www-18x12.jpg 18w, https:\/\/marekkuchcinski.pl\/wp-content\/uploads\/2022\/06\/www.jpg 1600w\" sizes=\"(max-width: 1024px) 100vw, 1024px\" \/><\/a><\/figure>\n\n\n\n<figure class=\"wp-block-image size-large\"><a href=\"https:\/\/marekkuchcinski.pl\/wp-content\/uploads\/2022\/06\/radio24.jpg\"><img decoding=\"async\" width=\"1024\" height=\"669\" src=\"https:\/\/marekkuchcinski.pl\/wp-content\/uploads\/2022\/06\/radio24-1024x669.jpg\" alt=\"\" class=\"wp-image-25484\" srcset=\"https:\/\/marekkuchcinski.pl\/wp-content\/uploads\/2022\/06\/radio24-1024x669.jpg 1024w, https:\/\/marekkuchcinski.pl\/wp-content\/uploads\/2022\/06\/radio24-300x196.jpg 300w, https:\/\/marekkuchcinski.pl\/wp-content\/uploads\/2022\/06\/radio24-768x502.jpg 768w, https:\/\/marekkuchcinski.pl\/wp-content\/uploads\/2022\/06\/radio24-1536x1004.jpg 1536w, https:\/\/marekkuchcinski.pl\/wp-content\/uploads\/2022\/06\/radio24-18x12.jpg 18w, https:\/\/marekkuchcinski.pl\/wp-content\/uploads\/2022\/06\/radio24.jpg 1600w\" sizes=\"(max-width: 1024px) 100vw, 1024px\" \/><\/a><\/figure>\n\n\n\n<figure class=\"wp-block-image size-large\"><a href=\"https:\/\/marekkuchcinski.pl\/wp-content\/uploads\/2022\/06\/wr2-1.jpg\"><img decoding=\"async\" width=\"1024\" height=\"640\" src=\"https:\/\/marekkuchcinski.pl\/wp-content\/uploads\/2022\/06\/wr2-1-1024x640.jpg\" alt=\"\" class=\"wp-image-25494\" srcset=\"https:\/\/marekkuchcinski.pl\/wp-content\/uploads\/2022\/06\/wr2-1-1024x640.jpg 1024w, https:\/\/marekkuchcinski.pl\/wp-content\/uploads\/2022\/06\/wr2-1-300x188.jpg 300w, https:\/\/marekkuchcinski.pl\/wp-content\/uploads\/2022\/06\/wr2-1-768x480.jpg 768w, https:\/\/marekkuchcinski.pl\/wp-content\/uploads\/2022\/06\/wr2-1-1536x960.jpg 1536w, https:\/\/marekkuchcinski.pl\/wp-content\/uploads\/2022\/06\/wr2-1-18x12.jpg 18w, https:\/\/marekkuchcinski.pl\/wp-content\/uploads\/2022\/06\/wr2-1.jpg 1600w\" sizes=\"(max-width: 1024px) 100vw, 1024px\" \/><\/a><\/figure>","protected":false},"excerpt":{"rendered":"<p>Dne\u0161n\u00ed v\u00fdzvou je spolupr\u00e1ce a komunikace zem\u00ed na ose sever-jih, a ne jako d\u0159\u00edve spolupr\u00e1ce zalo\u017een\u00e1 pouze na budov\u00e1n\u00ed osy v\u00fdchod-z\u00e1pad,\" uvedl v rozhovoru pro polsk\u00fd rozhlas 24 Marek Kuchci\u0144ski, b\u00fdval\u00fd mar\u0161\u00e1lek Sejmu, poslanec Polsk\u00e9 republiky.  A\u017e do 12. \u010dervna se v Ark\u00e1d\u00e1ch Kubicki ve Var\u0161av\u011b konaj\u00ed diskuse o d\u016fle\u017eit\u00fdch ot\u00e1zk\u00e1ch pro Polsko a [...]<\/p>","protected":false},"author":21,"featured_media":25482,"comment_status":"open","ping_status":"open","sticky":false,"template":"","format":"standard","meta":{"ngg_post_thumbnail":0,"footnotes":""},"categories":[1,50,3],"tags":[],"class_list":["post-25481","post","type-post","status-publish","format-standard","has-post-thumbnail","hentry","category-bez-kategorii","category-wspolpraca-miedzynarodowa","category-wydarzenia"],"yoast_head":"<!-- This site is optimized with the Yoast SEO plugin v24.7 - https:\/\/yoast.com\/wordpress\/plugins\/seo\/ -->\n<title>Kuchci\u0144ski: Szukaj\u0105c wsp\u00f3\u0142dzia\u0142ania, patrzymy nie tylko na kraje Tr\u00f3jmorza, ale i szerzej &#8211; Marek Kuchci\u0144ski<\/title>\n<meta name=\"robots\" content=\"index, follow, max-snippet:-1, max-image-preview:large, max-video-preview:-1\" \/>\n<link rel=\"canonical\" href=\"https:\/\/marekkuchcinski.pl\/cs\/bez-kategorii\/kuchcinski-szukajac-wspoldzialania-patrzymy-na-kraje-trojmorza-ale-tez-jeszcze-szerzej\/\" \/>\n<meta property=\"og:locale\" content=\"cs_CZ\" \/>\n<meta property=\"og:type\" content=\"article\" \/>\n<meta property=\"og:title\" content=\"Kuchci\u0144ski: Szukaj\u0105c wsp\u00f3\u0142dzia\u0142ania, patrzymy nie tylko na kraje Tr\u00f3jmorza, ale i szerzej &#8211; Marek Kuchci\u0144ski\" \/>\n<meta property=\"og:description\" content=\"Wyzwaniem jest dzi\u015b wsp\u00f3\u0142praca i komunikacja pa\u0144stw na osi p\u00f3\u0142noc-po\u0142udnie, a nie, jak do tej pory, ta oparta tylko na budowaniu osi wsch\u00f3d-zach\u00f3d &#8211; m\u00f3wi\u0142 w Polskim Radiu 24 Marek Kuchci\u0144ski, by\u0142y marsza\u0142ek Sejmu, pose\u0142 RP.&nbsp; Do 12 czerwca w Arkadach Kubickiego w Warszawie toczy\u0107 si\u0119 b\u0119d\u0105 dyskusje na temat wa\u017cnych zagadnie\u0144 dla Polski i [&hellip;]\" \/>\n<meta property=\"og:url\" content=\"https:\/\/marekkuchcinski.pl\/cs\/bez-kategorii\/kuchcinski-szukajac-wspoldzialania-patrzymy-na-kraje-trojmorza-ale-tez-jeszcze-szerzej\/\" \/>\n<meta property=\"og:site_name\" content=\"Marek Kuchci\u0144ski\" \/>\n<meta property=\"article:published_time\" content=\"2022-06-12T19:58:41+00:00\" \/>\n<meta property=\"article:modified_time\" content=\"2022-06-16T13:59:43+00:00\" \/>\n<meta property=\"og:image\" content=\"https:\/\/marekkuchcinski.pl\/wp-content\/uploads\/2022\/06\/www.jpg\" \/>\n\t<meta property=\"og:image:width\" content=\"1600\" \/>\n\t<meta property=\"og:image:height\" content=\"1067\" \/>\n\t<meta property=\"og:image:type\" content=\"image\/jpeg\" \/>\n<meta name=\"author\" content=\"Marta Olejnik\" \/>\n<meta name=\"twitter:card\" content=\"summary_large_image\" \/>\n<meta name=\"twitter:label1\" content=\"Napsal(a)\" \/>\n\t<meta name=\"twitter:data1\" content=\"Marta Olejnik\" \/>\n\t<meta name=\"twitter:label2\" content=\"Odhadovan\u00e1 doba \u010dten\u00ed\" \/>\n\t<meta name=\"twitter:data2\" content=\"2 minuty\" \/>\n<script type=\"application\/ld+json\" class=\"yoast-schema-graph\">{\"@context\":\"https:\/\/schema.org\",\"@graph\":[{\"@type\":\"Article\",\"@id\":\"https:\/\/marekkuchcinski.pl\/bez-kategorii\/kuchcinski-szukajac-wspoldzialania-patrzymy-na-kraje-trojmorza-ale-tez-jeszcze-szerzej\/#article\",\"isPartOf\":{\"@id\":\"https:\/\/marekkuchcinski.pl\/bez-kategorii\/kuchcinski-szukajac-wspoldzialania-patrzymy-na-kraje-trojmorza-ale-tez-jeszcze-szerzej\/\"},\"author\":{\"name\":\"Marta Olejnik\",\"@id\":\"https:\/\/marekkuchcinski.pl\/#\/schema\/person\/51d5d4ee3b5317b8e4dd2b48af359229\"},\"headline\":\"Kuchci\u0144ski: Szukaj\u0105c wsp\u00f3\u0142dzia\u0142ania, patrzymy nie tylko na kraje Tr\u00f3jmorza, ale i szerzej\",\"datePublished\":\"2022-06-12T19:58:41+00:00\",\"dateModified\":\"2022-06-16T13:59:43+00:00\",\"mainEntityOfPage\":{\"@id\":\"https:\/\/marekkuchcinski.pl\/bez-kategorii\/kuchcinski-szukajac-wspoldzialania-patrzymy-na-kraje-trojmorza-ale-tez-jeszcze-szerzej\/\"},\"wordCount\":376,\"commentCount\":0,\"publisher\":{\"@id\":\"https:\/\/marekkuchcinski.pl\/#organization\"},\"image\":{\"@id\":\"https:\/\/marekkuchcinski.pl\/bez-kategorii\/kuchcinski-szukajac-wspoldzialania-patrzymy-na-kraje-trojmorza-ale-tez-jeszcze-szerzej\/#primaryimage\"},\"thumbnailUrl\":\"https:\/\/marekkuchcinski.pl\/wp-content\/uploads\/2022\/06\/www.jpg\",\"articleSection\":[\"Bez kategorii\",\"Wsp\u00f3\u0142praca mi\u0119dzynarodowa\",\"Wydarzenia\"],\"inLanguage\":\"cs\",\"potentialAction\":[{\"@type\":\"CommentAction\",\"name\":\"Comment\",\"target\":[\"https:\/\/marekkuchcinski.pl\/bez-kategorii\/kuchcinski-szukajac-wspoldzialania-patrzymy-na-kraje-trojmorza-ale-tez-jeszcze-szerzej\/#respond\"]}]},{\"@type\":\"WebPage\",\"@id\":\"https:\/\/marekkuchcinski.pl\/bez-kategorii\/kuchcinski-szukajac-wspoldzialania-patrzymy-na-kraje-trojmorza-ale-tez-jeszcze-szerzej\/\",\"url\":\"https:\/\/marekkuchcinski.pl\/bez-kategorii\/kuchcinski-szukajac-wspoldzialania-patrzymy-na-kraje-trojmorza-ale-tez-jeszcze-szerzej\/\",\"name\":\"Kuchci\u0144ski: Szukaj\u0105c wsp\u00f3\u0142dzia\u0142ania, patrzymy nie tylko na kraje Tr\u00f3jmorza, ale i szerzej &#8211; Marek Kuchci\u0144ski\",\"isPartOf\":{\"@id\":\"https:\/\/marekkuchcinski.pl\/#website\"},\"primaryImageOfPage\":{\"@id\":\"https:\/\/marekkuchcinski.pl\/bez-kategorii\/kuchcinski-szukajac-wspoldzialania-patrzymy-na-kraje-trojmorza-ale-tez-jeszcze-szerzej\/#primaryimage\"},\"image\":{\"@id\":\"https:\/\/marekkuchcinski.pl\/bez-kategorii\/kuchcinski-szukajac-wspoldzialania-patrzymy-na-kraje-trojmorza-ale-tez-jeszcze-szerzej\/#primaryimage\"},\"thumbnailUrl\":\"https:\/\/marekkuchcinski.pl\/wp-content\/uploads\/2022\/06\/www.jpg\",\"datePublished\":\"2022-06-12T19:58:41+00:00\",\"dateModified\":\"2022-06-16T13:59:43+00:00\",\"breadcrumb\":{\"@id\":\"https:\/\/marekkuchcinski.pl\/bez-kategorii\/kuchcinski-szukajac-wspoldzialania-patrzymy-na-kraje-trojmorza-ale-tez-jeszcze-szerzej\/#breadcrumb\"},\"inLanguage\":\"cs\",\"potentialAction\":[{\"@type\":\"ReadAction\",\"target\":[\"https:\/\/marekkuchcinski.pl\/bez-kategorii\/kuchcinski-szukajac-wspoldzialania-patrzymy-na-kraje-trojmorza-ale-tez-jeszcze-szerzej\/\"]}]},{\"@type\":\"ImageObject\",\"inLanguage\":\"cs\",\"@id\":\"https:\/\/marekkuchcinski.pl\/bez-kategorii\/kuchcinski-szukajac-wspoldzialania-patrzymy-na-kraje-trojmorza-ale-tez-jeszcze-szerzej\/#primaryimage\",\"url\":\"https:\/\/marekkuchcinski.pl\/wp-content\/uploads\/2022\/06\/www.jpg\",\"contentUrl\":\"https:\/\/marekkuchcinski.pl\/wp-content\/uploads\/2022\/06\/www.jpg\",\"width\":1600,\"height\":1067},{\"@type\":\"BreadcrumbList\",\"@id\":\"https:\/\/marekkuchcinski.pl\/bez-kategorii\/kuchcinski-szukajac-wspoldzialania-patrzymy-na-kraje-trojmorza-ale-tez-jeszcze-szerzej\/#breadcrumb\",\"itemListElement\":[{\"@type\":\"ListItem\",\"position\":1,\"name\":\"Strona g\u0142\u00f3wna\",\"item\":\"https:\/\/marekkuchcinski.pl\/\"},{\"@type\":\"ListItem\",\"position\":2,\"name\":\"Kuchci\u0144ski: Szukaj\u0105c wsp\u00f3\u0142dzia\u0142ania, patrzymy nie tylko na kraje Tr\u00f3jmorza, ale i szerzej\"}]},{\"@type\":\"WebSite\",\"@id\":\"https:\/\/marekkuchcinski.pl\/#website\",\"url\":\"https:\/\/marekkuchcinski.pl\/\",\"name\":\"Marek Kuchci\u0144ski\",\"description\":\"Pose\u0142 na sejm RP &ndash; okr\u0119g nr 22\",\"publisher\":{\"@id\":\"https:\/\/marekkuchcinski.pl\/#organization\"},\"potentialAction\":[{\"@type\":\"SearchAction\",\"target\":{\"@type\":\"EntryPoint\",\"urlTemplate\":\"https:\/\/marekkuchcinski.pl\/?s={search_term_string}\"},\"query-input\":{\"@type\":\"PropertyValueSpecification\",\"valueRequired\":true,\"valueName\":\"search_term_string\"}}],\"inLanguage\":\"cs\"},{\"@type\":\"Organization\",\"@id\":\"https:\/\/marekkuchcinski.pl\/#organization\",\"name\":\"Marek Kuchci\u0144ski\",\"url\":\"https:\/\/marekkuchcinski.pl\/\",\"logo\":{\"@type\":\"ImageObject\",\"inLanguage\":\"cs\",\"@id\":\"https:\/\/marekkuchcinski.pl\/#\/schema\/logo\/image\/\",\"url\":\"https:\/\/marekkuchcinski.pl\/wp-content\/uploads\/2022\/09\/Marek.jpg\",\"contentUrl\":\"https:\/\/marekkuchcinski.pl\/wp-content\/uploads\/2022\/09\/Marek.jpg\",\"width\":1600,\"height\":971,\"caption\":\"Marek Kuchci\u0144ski\"},\"image\":{\"@id\":\"https:\/\/marekkuchcinski.pl\/#\/schema\/logo\/image\/\"}},{\"@type\":\"Person\",\"@id\":\"https:\/\/marekkuchcinski.pl\/#\/schema\/person\/51d5d4ee3b5317b8e4dd2b48af359229\",\"name\":\"Marta Olejnik\",\"image\":{\"@type\":\"ImageObject\",\"inLanguage\":\"cs\",\"@id\":\"https:\/\/marekkuchcinski.pl\/#\/schema\/person\/image\/\",\"url\":\"https:\/\/secure.gravatar.com\/avatar\/e39914b2aa6a48959e24d475b5dc9793?s=96&d=mm&r=g\",\"contentUrl\":\"https:\/\/secure.gravatar.com\/avatar\/e39914b2aa6a48959e24d475b5dc9793?s=96&d=mm&r=g\",\"caption\":\"Marta Olejnik\"},\"url\":\"https:\/\/marekkuchcinski.pl\/cs\/author\/marta\/\"}]}<\/script>\n<!-- \/ Yoast SEO plugin. -->","yoast_head_json":{"title":"Kuchci\u0144ski: Szukaj\u0105c wsp\u00f3\u0142dzia\u0142ania, patrzymy nie tylko na kraje Tr\u00f3jmorza, ale i szerzej &#8211; Marek Kuchci\u0144ski","robots":{"index":"index","follow":"follow","max-snippet":"max-snippet:-1","max-image-preview":"max-image-preview:large","max-video-preview":"max-video-preview:-1"},"canonical":"https:\/\/marekkuchcinski.pl\/cs\/bez-kategorii\/kuchcinski-szukajac-wspoldzialania-patrzymy-na-kraje-trojmorza-ale-tez-jeszcze-szerzej\/","og_locale":"cs_CZ","og_type":"article","og_title":"Kuchci\u0144ski: Szukaj\u0105c wsp\u00f3\u0142dzia\u0142ania, patrzymy nie tylko na kraje Tr\u00f3jmorza, ale i szerzej &#8211; Marek Kuchci\u0144ski","og_description":"Wyzwaniem jest dzi\u015b wsp\u00f3\u0142praca i komunikacja pa\u0144stw na osi p\u00f3\u0142noc-po\u0142udnie, a nie, jak do tej pory, ta oparta tylko na budowaniu osi wsch\u00f3d-zach\u00f3d &#8211; m\u00f3wi\u0142 w Polskim Radiu 24 Marek Kuchci\u0144ski, by\u0142y marsza\u0142ek Sejmu, pose\u0142 RP.&nbsp; Do 12 czerwca w Arkadach Kubickiego w Warszawie toczy\u0107 si\u0119 b\u0119d\u0105 dyskusje na temat wa\u017cnych zagadnie\u0144 dla Polski i [&hellip;]","og_url":"https:\/\/marekkuchcinski.pl\/cs\/bez-kategorii\/kuchcinski-szukajac-wspoldzialania-patrzymy-na-kraje-trojmorza-ale-tez-jeszcze-szerzej\/","og_site_name":"Marek Kuchci\u0144ski","article_published_time":"2022-06-12T19:58:41+00:00","article_modified_time":"2022-06-16T13:59:43+00:00","og_image":[{"width":1600,"height":1067,"url":"https:\/\/marekkuchcinski.pl\/wp-content\/uploads\/2022\/06\/www.jpg","type":"image\/jpeg"}],"author":"Marta Olejnik","twitter_card":"summary_large_image","twitter_misc":{"Napsal(a)":"Marta Olejnik","Odhadovan\u00e1 doba \u010dten\u00ed":"2 minuty"},"schema":{"@context":"https:\/\/schema.org","@graph":[{"@type":"Article","@id":"https:\/\/marekkuchcinski.pl\/bez-kategorii\/kuchcinski-szukajac-wspoldzialania-patrzymy-na-kraje-trojmorza-ale-tez-jeszcze-szerzej\/#article","isPartOf":{"@id":"https:\/\/marekkuchcinski.pl\/bez-kategorii\/kuchcinski-szukajac-wspoldzialania-patrzymy-na-kraje-trojmorza-ale-tez-jeszcze-szerzej\/"},"author":{"name":"Marta Olejnik","@id":"https:\/\/marekkuchcinski.pl\/#\/schema\/person\/51d5d4ee3b5317b8e4dd2b48af359229"},"headline":"Kuchci\u0144ski: Szukaj\u0105c wsp\u00f3\u0142dzia\u0142ania, patrzymy nie tylko na kraje Tr\u00f3jmorza, ale i szerzej","datePublished":"2022-06-12T19:58:41+00:00","dateModified":"2022-06-16T13:59:43+00:00","mainEntityOfPage":{"@id":"https:\/\/marekkuchcinski.pl\/bez-kategorii\/kuchcinski-szukajac-wspoldzialania-patrzymy-na-kraje-trojmorza-ale-tez-jeszcze-szerzej\/"},"wordCount":376,"commentCount":0,"publisher":{"@id":"https:\/\/marekkuchcinski.pl\/#organization"},"image":{"@id":"https:\/\/marekkuchcinski.pl\/bez-kategorii\/kuchcinski-szukajac-wspoldzialania-patrzymy-na-kraje-trojmorza-ale-tez-jeszcze-szerzej\/#primaryimage"},"thumbnailUrl":"https:\/\/marekkuchcinski.pl\/wp-content\/uploads\/2022\/06\/www.jpg","articleSection":["Bez kategorii","Wsp\u00f3\u0142praca mi\u0119dzynarodowa","Wydarzenia"],"inLanguage":"cs","potentialAction":[{"@type":"CommentAction","name":"Comment","target":["https:\/\/marekkuchcinski.pl\/bez-kategorii\/kuchcinski-szukajac-wspoldzialania-patrzymy-na-kraje-trojmorza-ale-tez-jeszcze-szerzej\/#respond"]}]},{"@type":"WebPage","@id":"https:\/\/marekkuchcinski.pl\/bez-kategorii\/kuchcinski-szukajac-wspoldzialania-patrzymy-na-kraje-trojmorza-ale-tez-jeszcze-szerzej\/","url":"https:\/\/marekkuchcinski.pl\/bez-kategorii\/kuchcinski-szukajac-wspoldzialania-patrzymy-na-kraje-trojmorza-ale-tez-jeszcze-szerzej\/","name":"Kuchci\u0144ski: Szukaj\u0105c wsp\u00f3\u0142dzia\u0142ania, patrzymy nie tylko na kraje Tr\u00f3jmorza, ale i szerzej &#8211; Marek Kuchci\u0144ski","isPartOf":{"@id":"https:\/\/marekkuchcinski.pl\/#website"},"primaryImageOfPage":{"@id":"https:\/\/marekkuchcinski.pl\/bez-kategorii\/kuchcinski-szukajac-wspoldzialania-patrzymy-na-kraje-trojmorza-ale-tez-jeszcze-szerzej\/#primaryimage"},"image":{"@id":"https:\/\/marekkuchcinski.pl\/bez-kategorii\/kuchcinski-szukajac-wspoldzialania-patrzymy-na-kraje-trojmorza-ale-tez-jeszcze-szerzej\/#primaryimage"},"thumbnailUrl":"https:\/\/marekkuchcinski.pl\/wp-content\/uploads\/2022\/06\/www.jpg","datePublished":"2022-06-12T19:58:41+00:00","dateModified":"2022-06-16T13:59:43+00:00","breadcrumb":{"@id":"https:\/\/marekkuchcinski.pl\/bez-kategorii\/kuchcinski-szukajac-wspoldzialania-patrzymy-na-kraje-trojmorza-ale-tez-jeszcze-szerzej\/#breadcrumb"},"inLanguage":"cs","potentialAction":[{"@type":"ReadAction","target":["https:\/\/marekkuchcinski.pl\/bez-kategorii\/kuchcinski-szukajac-wspoldzialania-patrzymy-na-kraje-trojmorza-ale-tez-jeszcze-szerzej\/"]}]},{"@type":"ImageObject","inLanguage":"cs","@id":"https:\/\/marekkuchcinski.pl\/bez-kategorii\/kuchcinski-szukajac-wspoldzialania-patrzymy-na-kraje-trojmorza-ale-tez-jeszcze-szerzej\/#primaryimage","url":"https:\/\/marekkuchcinski.pl\/wp-content\/uploads\/2022\/06\/www.jpg","contentUrl":"https:\/\/marekkuchcinski.pl\/wp-content\/uploads\/2022\/06\/www.jpg","width":1600,"height":1067},{"@type":"BreadcrumbList","@id":"https:\/\/marekkuchcinski.pl\/bez-kategorii\/kuchcinski-szukajac-wspoldzialania-patrzymy-na-kraje-trojmorza-ale-tez-jeszcze-szerzej\/#breadcrumb","itemListElement":[{"@type":"ListItem","position":1,"name":"Strona g\u0142\u00f3wna","item":"https:\/\/marekkuchcinski.pl\/"},{"@type":"ListItem","position":2,"name":"Kuchci\u0144ski: Szukaj\u0105c wsp\u00f3\u0142dzia\u0142ania, patrzymy nie tylko na kraje Tr\u00f3jmorza, ale i szerzej"}]},{"@type":"WebSite","@id":"https:\/\/marekkuchcinski.pl\/#website","url":"https:\/\/marekkuchcinski.pl\/","name":"Marek Kuchci\u0144ski","description":"Pose\u0142 na sejm RP &ndash; okr\u0119g nr 22","publisher":{"@id":"https:\/\/marekkuchcinski.pl\/#organization"},"potentialAction":[{"@type":"SearchAction","target":{"@type":"EntryPoint","urlTemplate":"https:\/\/marekkuchcinski.pl\/?s={search_term_string}"},"query-input":{"@type":"PropertyValueSpecification","valueRequired":true,"valueName":"search_term_string"}}],"inLanguage":"cs"},{"@type":"Organization","@id":"https:\/\/marekkuchcinski.pl\/#organization","name":"Marek Kuchci\u0144ski","url":"https:\/\/marekkuchcinski.pl\/","logo":{"@type":"ImageObject","inLanguage":"cs","@id":"https:\/\/marekkuchcinski.pl\/#\/schema\/logo\/image\/","url":"https:\/\/marekkuchcinski.pl\/wp-content\/uploads\/2022\/09\/Marek.jpg","contentUrl":"https:\/\/marekkuchcinski.pl\/wp-content\/uploads\/2022\/09\/Marek.jpg","width":1600,"height":971,"caption":"Marek Kuchci\u0144ski"},"image":{"@id":"https:\/\/marekkuchcinski.pl\/#\/schema\/logo\/image\/"}},{"@type":"Person","@id":"https:\/\/marekkuchcinski.pl\/#\/schema\/person\/51d5d4ee3b5317b8e4dd2b48af359229","name":"Marta Olejnik","image":{"@type":"ImageObject","inLanguage":"cs","@id":"https:\/\/marekkuchcinski.pl\/#\/schema\/person\/image\/","url":"https:\/\/secure.gravatar.com\/avatar\/e39914b2aa6a48959e24d475b5dc9793?s=96&d=mm&r=g","contentUrl":"https:\/\/secure.gravatar.com\/avatar\/e39914b2aa6a48959e24d475b5dc9793?s=96&d=mm&r=g","caption":"Marta Olejnik"},"url":"https:\/\/marekkuchcinski.pl\/cs\/author\/marta\/"}]}},"_links":{"self":[{"href":"https:\/\/marekkuchcinski.pl\/cs\/wp-json\/wp\/v2\/posts\/25481","targetHints":{"allow":["GET"]}}],"collection":[{"href":"https:\/\/marekkuchcinski.pl\/cs\/wp-json\/wp\/v2\/posts"}],"about":[{"href":"https:\/\/marekkuchcinski.pl\/cs\/wp-json\/wp\/v2\/types\/post"}],"author":[{"embeddable":true,"href":"https:\/\/marekkuchcinski.pl\/cs\/wp-json\/wp\/v2\/users\/21"}],"replies":[{"embeddable":true,"href":"https:\/\/marekkuchcinski.pl\/cs\/wp-json\/wp\/v2\/comments?post=25481"}],"version-history":[{"count":9,"href":"https:\/\/marekkuchcinski.pl\/cs\/wp-json\/wp\/v2\/posts\/25481\/revisions"}],"predecessor-version":[{"id":25534,"href":"https:\/\/marekkuchcinski.pl\/cs\/wp-json\/wp\/v2\/posts\/25481\/revisions\/25534"}],"wp:featuredmedia":[{"embeddable":true,"href":"https:\/\/marekkuchcinski.pl\/cs\/wp-json\/wp\/v2\/media\/25482"}],"wp:attachment":[{"href":"https:\/\/marekkuchcinski.pl\/cs\/wp-json\/wp\/v2\/media?parent=25481"}],"wp:term":[{"taxonomy":"category","embeddable":true,"href":"https:\/\/marekkuchcinski.pl\/cs\/wp-json\/wp\/v2\/categories?post=25481"},{"taxonomy":"post_tag","embeddable":true,"href":"https:\/\/marekkuchcinski.pl\/cs\/wp-json\/wp\/v2\/tags?post=25481"}],"curies":[{"name":"wp","href":"https:\/\/api.w.org\/{rel}","templated":true}]}}