{"id":25452,"date":"2022-06-05T19:40:48","date_gmt":"2022-06-05T17:40:48","guid":{"rendered":"https:\/\/marekkuchcinski.pl\/?p=25452"},"modified":"2022-06-05T19:43:21","modified_gmt":"2022-06-05T17:43:21","slug":"konwencja-prawa-i-sprawiedliwosci","status":"publish","type":"post","link":"https:\/\/marekkuchcinski.pl\/cs\/wydarzenia\/konwencja-prawa-i-sprawiedliwosci\/","title":{"rendered":"Konwencja Prawa i Sprawiedliwo\u015bci"},"content":{"rendered":"<p class=\"wp-block-paragraph\">4 czerwca w podwarszawskich Markach odby\u0142a si\u0119 konwencja Prawa i Sprawiedliwo\u015bci, na kt\u00f3rej politycy i sympatycy partii mieli okazj\u0119 wys\u0142ucha\u0107 przem\u00f3wienia prezesa Jaros\u0142awa Kaczy\u0144skiego. <\/p>\n\n\n\n<p class=\"wp-block-paragraph\">M\u00f3j \u015ap. Brat Lech Kaczy\u0144ski 11 listopada 2009r. m\u00f3wi\u0142 o nowoczesnym patriotyzmie. My powinni\u015bmy pami\u0119ta\u0107 o tym, \u017ce jego wskazania s\u0105 w\u0142a\u015bciwe dla Polski. Musimy by\u0107 kontynuatorami dzie\u0142a i my\u015bli \u015ap. Prezydenta Lecha Kaczy\u0144skiego. Musimy i\u015b\u0107 t\u0105 drog\u0105, kt\u00f3r\u0105 wskaza\u0142, ku Polsce &#8211; powiedzia\u0142 Jaros\u0142aw Kaczy\u0144ski podczas konwencji w podwarszawskich Markach.<\/p>\n\n\n\n<p class=\"wp-block-paragraph\">Wspomnia\u0142, i\u017c spotykamy si\u0119 w dniu, kt\u00f3ry jest 101 dniem bohaterskiej walki narodu Ukrai\u0144skiego.<br><br>&#8211; Walki o prawo do istnienia, bo tego prawa naje\u017ad\u017acy Ukrai\u0144com odmawiaj\u0105. Te 101. dni chwa\u0142y budz\u0105 nadziej\u0119, ale r\u00f3wnie\u017c refleksj\u0119 nad naszym patriotyzmem. Ukraina przypomina nam, \u017ce patriotyzm to nie tylko emocja, ale zobowi\u0105zania do dzia\u0142ania &#8211; do wsp\u00f3lnoty zorganizowanej w pa\u0144stwo. Najwa\u017cniejsz\u0105 ze wsp\u00f3lnot jest rodzina, ona tworzy Nar\u00f3d &#8211; o\u015bwiadczy\u0142.<\/p>\n\n\n\n<p class=\"wp-block-paragraph\">Doda\u0142, i\u017c gdy w 2015 r. zdobywali\u015bmy w\u0142adze to mieli\u015bmy przygotowany wielki program.<\/p>\n\n\n\n<p class=\"wp-block-paragraph\">&#8211; Program, kt\u00f3ry wywodzi\u0142 si\u0119 z patriotyzmu, a tak\u017ce z przekonania, ze Nar\u00f3d jest po\u0142\u0105czony solidarno\u015bci\u0105, kt\u00f3ra wi\u0105\u017c\u0119 si\u0119 ze sprawiedliwo\u015bci\u0105. Nast\u0105pi\u0142a ogromna zmiana w polityce spo\u0142ecznej. Wydatki na rodzin\u0119, g\u0142\u00f3wnie na dzieci, wzros\u0142y o 200 mld z\u0142. To s\u0105 programy 500 Plus, Maluch Plus, Dobry Start, czy Mama 4 Plus. Nie zapomnieli\u015bmy o seniorach. Mamy niebywa\u0142y wzrost \u015brodk\u00f3w na emerytury do 44 mld z\u0142 w 2022r. Patrz\u0105c na 13 emerytur\u0119 to przekazali\u015bmy na ten cel 43 mld z\u0142. Dostarczyli\u015bmy darmowe lekarstwa dla 3,5 mln senior\u00f3w. Podj\u0119li\u015bmy odpowiednie decyzje i to przynios\u0142o skutek. Dzi\u015b dochody pa\u0144stwa s\u0105 wi\u0119ksze o 205,7 mld z\u0142 ni\u017c w 2015 roku, a dochody ca\u0142ej sfery publicznej o 406 mld z\u0142 &#8211; zaznaczy\u0142.<br><br>&nbsp;Jak wspomnia\u0142, Prawo i Sprawiedliwo\u015b\u0107 wyci\u0105ga wnioski z tego, co si\u0119 dzieje.<br><br>&nbsp;&#8211; Kiedy m\u00f3wimy o sprawach pa\u0144stwa, zaczynamy od spraw bezpiecze\u0144stwa. Wydatki na obron\u0119 wzros\u0142y z 33 mld z\u0142 do 57 mld z\u0142. W przysz\u0142ym roku b\u0119dzie to przesz\u0142o 96 mld z\u0142. Jest dwukrotny wzrost wydatk\u00f3w na kultur\u0119. Idziemy dobr\u0105 drog\u0105, tak\u017ce w tej dziedzinie. Mamy 90% szk\u00f3\u0142, gdzie jest szybki internet &#8211; w 2015 roku by\u0142o 10% takich szk\u00f3\u0142. \u0141\u0105czymy gospodark\u0119 z innymi przedsi\u0119wzi\u0119ciami. Mamy do czynienia z pewnego rodzaju po\u0142\u0105czeniem. To bezpiecze\u0144stwo w szerszym sensie, bezpiecze\u0144stwo gospodarcze, bezpiecze\u0144stwo energetyczne &#8211; poinformowa\u0142.<\/p>\n\n\n\n<p class=\"wp-block-paragraph\">Podkre\u015bli\u0142, \u017ce zosta\u0142y obronione miejsca pracy i przedsi\u0119biorstwa.<\/p>\n\n\n\n<p class=\"wp-block-paragraph\">&#8211; Nasza gospodarka wzrasta, chocia\u017c b\u0119d\u0105 trudno\u015bci, ale wzrost jest powa\u017cny, znaczny. Tarcze, przedsi\u0119wzi\u0119cia wcze\u015bniej wymy\u015blone &#8211; to si\u0119 znakomicie sprawdzi\u0142o. Bior\u0105c pod uwag\u0119 r\u00f3\u017cne przedsi\u0119wzi\u0119cia, akcj\u0119 humanitarn\u0105, wsp\u00f3\u0142prace rz\u0105du i samorz\u0105du &#8211; to my wszyscy, ale przede wszystkim spo\u0142ecze\u0144stwo, dokona\u0142o rzeczy niebywa\u0142ej. Przyj\u0119li\u015bmy 3 mln uchod\u017ac\u00f3w bez oboz\u00f3w. Przeszli\u015bmy poprzez r\u00f3\u017cne pr\u00f3by &#8211; to oznacza, \u017ce mieli\u015bmy i mamy dobry rz\u0105d. Polacy powinni uczyni\u0107 wszystko, jako obywatele, by ten rz\u0105d m\u00f3g\u0142 kontynuowa\u0107 swoj\u0105 misj\u0119. Ale to zale\u017cy tak\u017ce od nas. Je\u015bli ta podr\u00f3\u017c, inne przedsi\u0119wzi\u0119cia, nasze dotarcie do spo\u0142ecze\u0144stwa z prawd\u0105 zostan\u0105 przeprowadzone, to nie mam w\u0105tpliwo\u015bci, \u017ce \u017caden rz\u0105d, nie uczyni\u0142 tyle dla Polski, co my! Dlatego ko\u0144cz\u0119 jednym wezwaniem: Do zwyci\u0119stwa! &#8211; powiedzia\u0142. <\/p>\n\n\n\n<p class=\"wp-block-paragraph\"><em>fot. Marta Olejnik<\/em><\/p>\n\n\n\n<figure class=\"wp-block-image size-large\"><a href=\"https:\/\/marekkuchcinski.pl\/wp-content\/uploads\/2022\/06\/2.jpg\"><img fetchpriority=\"high\" decoding=\"async\" width=\"1024\" height=\"678\" src=\"https:\/\/marekkuchcinski.pl\/wp-content\/uploads\/2022\/06\/2-1024x678.jpg\" alt=\"\" class=\"wp-image-25454\" srcset=\"https:\/\/marekkuchcinski.pl\/wp-content\/uploads\/2022\/06\/2-1024x678.jpg 1024w, https:\/\/marekkuchcinski.pl\/wp-content\/uploads\/2022\/06\/2-300x199.jpg 300w, https:\/\/marekkuchcinski.pl\/wp-content\/uploads\/2022\/06\/2-768x509.jpg 768w, https:\/\/marekkuchcinski.pl\/wp-content\/uploads\/2022\/06\/2-1536x1018.jpg 1536w, https:\/\/marekkuchcinski.pl\/wp-content\/uploads\/2022\/06\/2-18x12.jpg 18w, https:\/\/marekkuchcinski.pl\/wp-content\/uploads\/2022\/06\/2.jpg 1600w\" sizes=\"(max-width: 1024px) 100vw, 1024px\" \/><\/a><\/figure>\n\n\n\n<figure class=\"wp-block-image size-large\"><a href=\"https:\/\/marekkuchcinski.pl\/wp-content\/uploads\/2022\/06\/15.jpg\"><img decoding=\"async\" width=\"1024\" height=\"683\" src=\"https:\/\/marekkuchcinski.pl\/wp-content\/uploads\/2022\/06\/15-1024x683.jpg\" alt=\"\" class=\"wp-image-25455\" srcset=\"https:\/\/marekkuchcinski.pl\/wp-content\/uploads\/2022\/06\/15-1024x683.jpg 1024w, https:\/\/marekkuchcinski.pl\/wp-content\/uploads\/2022\/06\/15-300x200.jpg 300w, https:\/\/marekkuchcinski.pl\/wp-content\/uploads\/2022\/06\/15-768x512.jpg 768w, https:\/\/marekkuchcinski.pl\/wp-content\/uploads\/2022\/06\/15-1536x1024.jpg 1536w, https:\/\/marekkuchcinski.pl\/wp-content\/uploads\/2022\/06\/15-18x12.jpg 18w, https:\/\/marekkuchcinski.pl\/wp-content\/uploads\/2022\/06\/15.jpg 1600w\" sizes=\"(max-width: 1024px) 100vw, 1024px\" \/><\/a><\/figure>\n\n\n\n<figure class=\"wp-block-gallery columns-3 is-cropped wp-block-gallery-1 is-layout-flex wp-block-gallery-is-layout-flex\"><ul class=\"blocks-gallery-grid\"><li class=\"blocks-gallery-item\"><figure><a href=\"https:\/\/marekkuchcinski.pl\/wp-content\/uploads\/2022\/06\/1.jpg\"><img decoding=\"async\" width=\"1024\" height=\"683\" src=\"https:\/\/marekkuchcinski.pl\/wp-content\/uploads\/2022\/06\/1-1024x683.jpg\" alt=\"\" data-id=\"25456\" data-full-url=\"https:\/\/marekkuchcinski.pl\/wp-content\/uploads\/2022\/06\/1.jpg\" data-link=\"https:\/\/marekkuchcinski.pl\/?attachment_id=25456\" class=\"wp-image-25456\" srcset=\"https:\/\/marekkuchcinski.pl\/wp-content\/uploads\/2022\/06\/1-1024x683.jpg 1024w, https:\/\/marekkuchcinski.pl\/wp-content\/uploads\/2022\/06\/1-300x200.jpg 300w, https:\/\/marekkuchcinski.pl\/wp-content\/uploads\/2022\/06\/1-768x512.jpg 768w, https:\/\/marekkuchcinski.pl\/wp-content\/uploads\/2022\/06\/1-1536x1024.jpg 1536w, https:\/\/marekkuchcinski.pl\/wp-content\/uploads\/2022\/06\/1-18x12.jpg 18w, https:\/\/marekkuchcinski.pl\/wp-content\/uploads\/2022\/06\/1.jpg 1600w\" sizes=\"(max-width: 1024px) 100vw, 1024px\" \/><\/a><\/figure><\/li><li class=\"blocks-gallery-item\"><figure><a href=\"https:\/\/marekkuchcinski.pl\/wp-content\/uploads\/2022\/06\/3.jpg\"><img loading=\"lazy\" decoding=\"async\" width=\"1600\" height=\"1067\" src=\"https:\/\/marekkuchcinski.pl\/wp-content\/uploads\/2022\/06\/3-1024x683.jpg\" alt=\"\" data-id=\"25457\" data-full-url=\"https:\/\/marekkuchcinski.pl\/wp-content\/uploads\/2022\/06\/3.jpg\" data-link=\"https:\/\/marekkuchcinski.pl\/?attachment_id=25457\" class=\"wp-image-25457\" srcset=\"https:\/\/marekkuchcinski.pl\/wp-content\/uploads\/2022\/06\/3-1024x683.jpg 1024w, https:\/\/marekkuchcinski.pl\/wp-content\/uploads\/2022\/06\/3-300x200.jpg 300w, https:\/\/marekkuchcinski.pl\/wp-content\/uploads\/2022\/06\/3-768x512.jpg 768w, https:\/\/marekkuchcinski.pl\/wp-content\/uploads\/2022\/06\/3-1536x1024.jpg 1536w, https:\/\/marekkuchcinski.pl\/wp-content\/uploads\/2022\/06\/3-18x12.jpg 18w, https:\/\/marekkuchcinski.pl\/wp-content\/uploads\/2022\/06\/3.jpg 1600w\" sizes=\"(max-width: 1600px) 100vw, 1600px\" \/><\/a><\/figure><\/li><li class=\"blocks-gallery-item\"><figure><a href=\"https:\/\/marekkuchcinski.pl\/wp-content\/uploads\/2022\/06\/5a.jpg\"><img loading=\"lazy\" decoding=\"async\" width=\"1024\" height=\"683\" src=\"https:\/\/marekkuchcinski.pl\/wp-content\/uploads\/2022\/06\/5a-1024x683.jpg\" alt=\"\" data-id=\"25458\" data-full-url=\"https:\/\/marekkuchcinski.pl\/wp-content\/uploads\/2022\/06\/5a.jpg\" data-link=\"https:\/\/marekkuchcinski.pl\/?attachment_id=25458\" class=\"wp-image-25458\" srcset=\"https:\/\/marekkuchcinski.pl\/wp-content\/uploads\/2022\/06\/5a-1024x683.jpg 1024w, https:\/\/marekkuchcinski.pl\/wp-content\/uploads\/2022\/06\/5a-300x200.jpg 300w, https:\/\/marekkuchcinski.pl\/wp-content\/uploads\/2022\/06\/5a-768x512.jpg 768w, https:\/\/marekkuchcinski.pl\/wp-content\/uploads\/2022\/06\/5a-1536x1024.jpg 1536w, https:\/\/marekkuchcinski.pl\/wp-content\/uploads\/2022\/06\/5a-18x12.jpg 18w, https:\/\/marekkuchcinski.pl\/wp-content\/uploads\/2022\/06\/5a.jpg 1600w\" sizes=\"(max-width: 1024px) 100vw, 1024px\" \/><\/a><\/figure><\/li><li class=\"blocks-gallery-item\"><figure><a href=\"https:\/\/marekkuchcinski.pl\/wp-content\/uploads\/2022\/06\/7.jpg\"><img loading=\"lazy\" decoding=\"async\" width=\"1024\" height=\"684\" src=\"https:\/\/marekkuchcinski.pl\/wp-content\/uploads\/2022\/06\/7-1024x684.jpg\" alt=\"\" data-id=\"25459\" data-full-url=\"https:\/\/marekkuchcinski.pl\/wp-content\/uploads\/2022\/06\/7.jpg\" data-link=\"https:\/\/marekkuchcinski.pl\/?attachment_id=25459\" class=\"wp-image-25459\" srcset=\"https:\/\/marekkuchcinski.pl\/wp-content\/uploads\/2022\/06\/7-1024x684.jpg 1024w, https:\/\/marekkuchcinski.pl\/wp-content\/uploads\/2022\/06\/7-300x200.jpg 300w, https:\/\/marekkuchcinski.pl\/wp-content\/uploads\/2022\/06\/7-768x513.jpg 768w, https:\/\/marekkuchcinski.pl\/wp-content\/uploads\/2022\/06\/7-1536x1025.jpg 1536w, https:\/\/marekkuchcinski.pl\/wp-content\/uploads\/2022\/06\/7-18x12.jpg 18w, https:\/\/marekkuchcinski.pl\/wp-content\/uploads\/2022\/06\/7.jpg 1600w\" sizes=\"(max-width: 1024px) 100vw, 1024px\" \/><\/a><\/figure><\/li><li class=\"blocks-gallery-item\"><figure><a href=\"https:\/\/marekkuchcinski.pl\/wp-content\/uploads\/2022\/06\/8.jpg\"><img loading=\"lazy\" decoding=\"async\" width=\"1024\" height=\"696\" src=\"https:\/\/marekkuchcinski.pl\/wp-content\/uploads\/2022\/06\/8-1024x696.jpg\" alt=\"\" data-id=\"25460\" data-full-url=\"https:\/\/marekkuchcinski.pl\/wp-content\/uploads\/2022\/06\/8.jpg\" data-link=\"https:\/\/marekkuchcinski.pl\/?attachment_id=25460\" class=\"wp-image-25460\" srcset=\"https:\/\/marekkuchcinski.pl\/wp-content\/uploads\/2022\/06\/8-1024x696.jpg 1024w, https:\/\/marekkuchcinski.pl\/wp-content\/uploads\/2022\/06\/8-300x204.jpg 300w, https:\/\/marekkuchcinski.pl\/wp-content\/uploads\/2022\/06\/8-768x522.jpg 768w, https:\/\/marekkuchcinski.pl\/wp-content\/uploads\/2022\/06\/8-1536x1044.jpg 1536w, https:\/\/marekkuchcinski.pl\/wp-content\/uploads\/2022\/06\/8-18x12.jpg 18w, https:\/\/marekkuchcinski.pl\/wp-content\/uploads\/2022\/06\/8.jpg 1600w\" sizes=\"(max-width: 1024px) 100vw, 1024px\" \/><\/a><\/figure><\/li><li class=\"blocks-gallery-item\"><figure><a href=\"https:\/\/marekkuchcinski.pl\/wp-content\/uploads\/2022\/06\/9.jpg\"><img loading=\"lazy\" decoding=\"async\" width=\"1024\" height=\"683\" src=\"https:\/\/marekkuchcinski.pl\/wp-content\/uploads\/2022\/06\/9-1024x683.jpg\" alt=\"\" data-id=\"25461\" data-full-url=\"https:\/\/marekkuchcinski.pl\/wp-content\/uploads\/2022\/06\/9.jpg\" data-link=\"https:\/\/marekkuchcinski.pl\/?attachment_id=25461\" class=\"wp-image-25461\" srcset=\"https:\/\/marekkuchcinski.pl\/wp-content\/uploads\/2022\/06\/9-1024x683.jpg 1024w, https:\/\/marekkuchcinski.pl\/wp-content\/uploads\/2022\/06\/9-300x200.jpg 300w, https:\/\/marekkuchcinski.pl\/wp-content\/uploads\/2022\/06\/9-768x512.jpg 768w, https:\/\/marekkuchcinski.pl\/wp-content\/uploads\/2022\/06\/9-1536x1024.jpg 1536w, https:\/\/marekkuchcinski.pl\/wp-content\/uploads\/2022\/06\/9-18x12.jpg 18w, https:\/\/marekkuchcinski.pl\/wp-content\/uploads\/2022\/06\/9.jpg 1600w\" sizes=\"(max-width: 1024px) 100vw, 1024px\" \/><\/a><\/figure><\/li><li class=\"blocks-gallery-item\"><figure><a href=\"https:\/\/marekkuchcinski.pl\/wp-content\/uploads\/2022\/06\/12.jpg\"><img loading=\"lazy\" decoding=\"async\" width=\"1024\" height=\"695\" src=\"https:\/\/marekkuchcinski.pl\/wp-content\/uploads\/2022\/06\/12-1024x695.jpg\" alt=\"\" data-id=\"25462\" data-full-url=\"https:\/\/marekkuchcinski.pl\/wp-content\/uploads\/2022\/06\/12.jpg\" data-link=\"https:\/\/marekkuchcinski.pl\/?attachment_id=25462\" class=\"wp-image-25462\" srcset=\"https:\/\/marekkuchcinski.pl\/wp-content\/uploads\/2022\/06\/12-1024x695.jpg 1024w, https:\/\/marekkuchcinski.pl\/wp-content\/uploads\/2022\/06\/12-300x204.jpg 300w, https:\/\/marekkuchcinski.pl\/wp-content\/uploads\/2022\/06\/12-768x521.jpg 768w, https:\/\/marekkuchcinski.pl\/wp-content\/uploads\/2022\/06\/12-1536x1043.jpg 1536w, https:\/\/marekkuchcinski.pl\/wp-content\/uploads\/2022\/06\/12-18x12.jpg 18w, https:\/\/marekkuchcinski.pl\/wp-content\/uploads\/2022\/06\/12.jpg 1600w\" sizes=\"(max-width: 1024px) 100vw, 1024px\" \/><\/a><\/figure><\/li><li class=\"blocks-gallery-item\"><figure><a href=\"https:\/\/marekkuchcinski.pl\/wp-content\/uploads\/2022\/06\/14.jpg\"><img loading=\"lazy\" decoding=\"async\" width=\"1024\" height=\"683\" src=\"https:\/\/marekkuchcinski.pl\/wp-content\/uploads\/2022\/06\/14-1024x683.jpg\" alt=\"\" data-id=\"25463\" data-full-url=\"https:\/\/marekkuchcinski.pl\/wp-content\/uploads\/2022\/06\/14.jpg\" data-link=\"https:\/\/marekkuchcinski.pl\/?attachment_id=25463\" class=\"wp-image-25463\" srcset=\"https:\/\/marekkuchcinski.pl\/wp-content\/uploads\/2022\/06\/14-1024x683.jpg 1024w, https:\/\/marekkuchcinski.pl\/wp-content\/uploads\/2022\/06\/14-300x200.jpg 300w, https:\/\/marekkuchcinski.pl\/wp-content\/uploads\/2022\/06\/14-768x512.jpg 768w, https:\/\/marekkuchcinski.pl\/wp-content\/uploads\/2022\/06\/14-1536x1024.jpg 1536w, https:\/\/marekkuchcinski.pl\/wp-content\/uploads\/2022\/06\/14-18x12.jpg 18w, https:\/\/marekkuchcinski.pl\/wp-content\/uploads\/2022\/06\/14.jpg 1600w\" sizes=\"(max-width: 1024px) 100vw, 1024px\" \/><\/a><\/figure><\/li><li class=\"blocks-gallery-item\"><figure><a href=\"https:\/\/marekkuchcinski.pl\/wp-content\/uploads\/2022\/06\/26.jpg\"><img loading=\"lazy\" decoding=\"async\" width=\"1024\" height=\"685\" src=\"https:\/\/marekkuchcinski.pl\/wp-content\/uploads\/2022\/06\/26-1024x685.jpg\" alt=\"\" data-id=\"25464\" data-full-url=\"https:\/\/marekkuchcinski.pl\/wp-content\/uploads\/2022\/06\/26.jpg\" data-link=\"https:\/\/marekkuchcinski.pl\/?attachment_id=25464\" class=\"wp-image-25464\" srcset=\"https:\/\/marekkuchcinski.pl\/wp-content\/uploads\/2022\/06\/26-1024x685.jpg 1024w, https:\/\/marekkuchcinski.pl\/wp-content\/uploads\/2022\/06\/26-300x201.jpg 300w, https:\/\/marekkuchcinski.pl\/wp-content\/uploads\/2022\/06\/26-768x514.jpg 768w, https:\/\/marekkuchcinski.pl\/wp-content\/uploads\/2022\/06\/26-1536x1028.jpg 1536w, https:\/\/marekkuchcinski.pl\/wp-content\/uploads\/2022\/06\/26-18x12.jpg 18w, https:\/\/marekkuchcinski.pl\/wp-content\/uploads\/2022\/06\/26.jpg 1600w\" sizes=\"(max-width: 1024px) 100vw, 1024px\" \/><\/a><\/figure><\/li><li class=\"blocks-gallery-item\"><figure><a href=\"https:\/\/marekkuchcinski.pl\/wp-content\/uploads\/2022\/06\/285528990_415737237080816_5175944618476780693_n.jpg\"><img loading=\"lazy\" decoding=\"async\" width=\"1024\" height=\"796\" src=\"https:\/\/marekkuchcinski.pl\/wp-content\/uploads\/2022\/06\/285528990_415737237080816_5175944618476780693_n-1024x796.jpg\" alt=\"\" data-id=\"25466\" data-full-url=\"https:\/\/marekkuchcinski.pl\/wp-content\/uploads\/2022\/06\/285528990_415737237080816_5175944618476780693_n.jpg\" data-link=\"https:\/\/marekkuchcinski.pl\/?attachment_id=25466\" class=\"wp-image-25466\" srcset=\"https:\/\/marekkuchcinski.pl\/wp-content\/uploads\/2022\/06\/285528990_415737237080816_5175944618476780693_n-1024x796.jpg 1024w, https:\/\/marekkuchcinski.pl\/wp-content\/uploads\/2022\/06\/285528990_415737237080816_5175944618476780693_n-300x233.jpg 300w, https:\/\/marekkuchcinski.pl\/wp-content\/uploads\/2022\/06\/285528990_415737237080816_5175944618476780693_n-768x597.jpg 768w, https:\/\/marekkuchcinski.pl\/wp-content\/uploads\/2022\/06\/285528990_415737237080816_5175944618476780693_n-1536x1193.jpg 1536w, https:\/\/marekkuchcinski.pl\/wp-content\/uploads\/2022\/06\/285528990_415737237080816_5175944618476780693_n-15x12.jpg 15w, https:\/\/marekkuchcinski.pl\/wp-content\/uploads\/2022\/06\/285528990_415737237080816_5175944618476780693_n.jpg 1600w\" sizes=\"(max-width: 1024px) 100vw, 1024px\" \/><\/a><\/figure><\/li><li class=\"blocks-gallery-item\"><figure><a href=\"https:\/\/marekkuchcinski.pl\/wp-content\/uploads\/2022\/06\/IMG_0003.jpg\"><img loading=\"lazy\" decoding=\"async\" width=\"1024\" height=\"683\" src=\"https:\/\/marekkuchcinski.pl\/wp-content\/uploads\/2022\/06\/IMG_0003-1024x683.jpg\" alt=\"\" data-id=\"25467\" data-full-url=\"https:\/\/marekkuchcinski.pl\/wp-content\/uploads\/2022\/06\/IMG_0003.jpg\" data-link=\"https:\/\/marekkuchcinski.pl\/?attachment_id=25467\" class=\"wp-image-25467\" srcset=\"https:\/\/marekkuchcinski.pl\/wp-content\/uploads\/2022\/06\/IMG_0003-1024x683.jpg 1024w, https:\/\/marekkuchcinski.pl\/wp-content\/uploads\/2022\/06\/IMG_0003-300x200.jpg 300w, https:\/\/marekkuchcinski.pl\/wp-content\/uploads\/2022\/06\/IMG_0003-768x512.jpg 768w, https:\/\/marekkuchcinski.pl\/wp-content\/uploads\/2022\/06\/IMG_0003-1536x1024.jpg 1536w, https:\/\/marekkuchcinski.pl\/wp-content\/uploads\/2022\/06\/IMG_0003-18x12.jpg 18w, https:\/\/marekkuchcinski.pl\/wp-content\/uploads\/2022\/06\/IMG_0003.jpg 1600w\" sizes=\"(max-width: 1024px) 100vw, 1024px\" \/><\/a><\/figure><\/li><li class=\"blocks-gallery-item\"><figure><a href=\"https:\/\/marekkuchcinski.pl\/wp-content\/uploads\/2022\/06\/IMG_0146.jpg\"><img loading=\"lazy\" decoding=\"async\" width=\"1024\" height=\"683\" src=\"https:\/\/marekkuchcinski.pl\/wp-content\/uploads\/2022\/06\/IMG_0146-1024x683.jpg\" alt=\"\" data-id=\"25468\" data-full-url=\"https:\/\/marekkuchcinski.pl\/wp-content\/uploads\/2022\/06\/IMG_0146.jpg\" data-link=\"https:\/\/marekkuchcinski.pl\/?attachment_id=25468\" class=\"wp-image-25468\" srcset=\"https:\/\/marekkuchcinski.pl\/wp-content\/uploads\/2022\/06\/IMG_0146-1024x683.jpg 1024w, https:\/\/marekkuchcinski.pl\/wp-content\/uploads\/2022\/06\/IMG_0146-300x200.jpg 300w, https:\/\/marekkuchcinski.pl\/wp-content\/uploads\/2022\/06\/IMG_0146-768x512.jpg 768w, https:\/\/marekkuchcinski.pl\/wp-content\/uploads\/2022\/06\/IMG_0146-1536x1024.jpg 1536w, https:\/\/marekkuchcinski.pl\/wp-content\/uploads\/2022\/06\/IMG_0146-18x12.jpg 18w, https:\/\/marekkuchcinski.pl\/wp-content\/uploads\/2022\/06\/IMG_0146.jpg 1600w\" sizes=\"(max-width: 1024px) 100vw, 1024px\" \/><\/a><\/figure><\/li><li class=\"blocks-gallery-item\"><figure><a href=\"https:\/\/marekkuchcinski.pl\/wp-content\/uploads\/2022\/06\/IMG_0169.jpg\"><img loading=\"lazy\" decoding=\"async\" width=\"1024\" height=\"683\" src=\"https:\/\/marekkuchcinski.pl\/wp-content\/uploads\/2022\/06\/IMG_0169-1024x683.jpg\" alt=\"\" data-id=\"25469\" data-full-url=\"https:\/\/marekkuchcinski.pl\/wp-content\/uploads\/2022\/06\/IMG_0169.jpg\" data-link=\"https:\/\/marekkuchcinski.pl\/?attachment_id=25469\" class=\"wp-image-25469\" srcset=\"https:\/\/marekkuchcinski.pl\/wp-content\/uploads\/2022\/06\/IMG_0169-1024x683.jpg 1024w, https:\/\/marekkuchcinski.pl\/wp-content\/uploads\/2022\/06\/IMG_0169-300x200.jpg 300w, https:\/\/marekkuchcinski.pl\/wp-content\/uploads\/2022\/06\/IMG_0169-768x512.jpg 768w, https:\/\/marekkuchcinski.pl\/wp-content\/uploads\/2022\/06\/IMG_0169-1536x1024.jpg 1536w, https:\/\/marekkuchcinski.pl\/wp-content\/uploads\/2022\/06\/IMG_0169-18x12.jpg 18w, https:\/\/marekkuchcinski.pl\/wp-content\/uploads\/2022\/06\/IMG_0169.jpg 1600w\" sizes=\"(max-width: 1024px) 100vw, 1024px\" \/><\/a><\/figure><\/li><li class=\"blocks-gallery-item\"><figure><a href=\"https:\/\/marekkuchcinski.pl\/wp-content\/uploads\/2022\/06\/IMG_9760.jpg\"><img loading=\"lazy\" decoding=\"async\" width=\"1024\" height=\"683\" src=\"https:\/\/marekkuchcinski.pl\/wp-content\/uploads\/2022\/06\/IMG_9760-1024x683.jpg\" alt=\"\" data-id=\"25472\" data-full-url=\"https:\/\/marekkuchcinski.pl\/wp-content\/uploads\/2022\/06\/IMG_9760.jpg\" data-link=\"https:\/\/marekkuchcinski.pl\/?attachment_id=25472\" class=\"wp-image-25472\" srcset=\"https:\/\/marekkuchcinski.pl\/wp-content\/uploads\/2022\/06\/IMG_9760-1024x683.jpg 1024w, https:\/\/marekkuchcinski.pl\/wp-content\/uploads\/2022\/06\/IMG_9760-300x200.jpg 300w, https:\/\/marekkuchcinski.pl\/wp-content\/uploads\/2022\/06\/IMG_9760-768x512.jpg 768w, https:\/\/marekkuchcinski.pl\/wp-content\/uploads\/2022\/06\/IMG_9760-1536x1024.jpg 1536w, https:\/\/marekkuchcinski.pl\/wp-content\/uploads\/2022\/06\/IMG_9760-18x12.jpg 18w, https:\/\/marekkuchcinski.pl\/wp-content\/uploads\/2022\/06\/IMG_9760.jpg 1600w\" sizes=\"(max-width: 1024px) 100vw, 1024px\" \/><\/a><\/figure><\/li><\/ul><\/figure>\n\n\n\n<figure class=\"wp-block-image size-large\"><a href=\"https:\/\/marekkuchcinski.pl\/wp-content\/uploads\/2022\/06\/IMG_0043.jpg\"><img loading=\"lazy\" decoding=\"async\" width=\"1024\" height=\"712\" src=\"https:\/\/marekkuchcinski.pl\/wp-content\/uploads\/2022\/06\/IMG_0043-1024x712.jpg\" alt=\"\" class=\"wp-image-25475\" srcset=\"https:\/\/marekkuchcinski.pl\/wp-content\/uploads\/2022\/06\/IMG_0043-1024x712.jpg 1024w, https:\/\/marekkuchcinski.pl\/wp-content\/uploads\/2022\/06\/IMG_0043-300x209.jpg 300w, https:\/\/marekkuchcinski.pl\/wp-content\/uploads\/2022\/06\/IMG_0043-768x534.jpg 768w, https:\/\/marekkuchcinski.pl\/wp-content\/uploads\/2022\/06\/IMG_0043-1536x1068.jpg 1536w, https:\/\/marekkuchcinski.pl\/wp-content\/uploads\/2022\/06\/IMG_0043-18x12.jpg 18w, https:\/\/marekkuchcinski.pl\/wp-content\/uploads\/2022\/06\/IMG_0043.jpg 1600w\" sizes=\"(max-width: 1024px) 100vw, 1024px\" \/><\/a><\/figure>","protected":false},"excerpt":{"rendered":"<p>4 czerwca w podwarszawskich Markach odby\u0142a si\u0119 konwencja Prawa i Sprawiedliwo\u015bci, na kt\u00f3rej politycy i sympatycy partii mieli okazj\u0119 wys\u0142ucha\u0107 przem\u00f3wienia prezesa Jaros\u0142awa Kaczy\u0144skiego. M\u00f3j \u015ap. Brat Lech Kaczy\u0144ski 11 listopada 2009r. m\u00f3wi\u0142 o nowoczesnym patriotyzmie. My powinni\u015bmy pami\u0119ta\u0107 o tym, \u017ce jego wskazania s\u0105 w\u0142a\u015bciwe dla Polski. Musimy by\u0107 kontynuatorami dzie\u0142a i my\u015bli \u015ap. [&hellip;]<\/p>\n","protected":false},"author":3,"featured_media":25454,"comment_status":"open","ping_status":"open","sticky":false,"template":"","format":"standard","meta":{"ngg_post_thumbnail":0,"footnotes":""},"categories":[82,3],"tags":[],"class_list":["post-25452","post","type-post","status-publish","format-standard","has-post-thumbnail","hentry","category-prawo-i-sprawiedliwosc","category-wydarzenia"],"yoast_head":"<!-- This site is optimized with the Yoast SEO plugin v28.4 - https:\/\/yoast.com\/product\/yoast-seo-wordpress\/ -->\n<title>Konwencja Prawa i Sprawiedliwo\u015bci &#8211; Marek Kuchci\u0144ski<\/title>\n<meta name=\"robots\" content=\"index, follow, max-snippet:-1, max-image-preview:large, max-video-preview:-1\" \/>\n<link rel=\"canonical\" href=\"https:\/\/marekkuchcinski.pl\/cs\/wydarzenia\/konwencja-prawa-i-sprawiedliwosci\/\" \/>\n<meta property=\"og:locale\" content=\"cs_CZ\" \/>\n<meta property=\"og:type\" content=\"article\" \/>\n<meta property=\"og:title\" content=\"Konwencja Prawa i Sprawiedliwo\u015bci &#8211; Marek Kuchci\u0144ski\" \/>\n<meta property=\"og:description\" content=\"4 czerwca w podwarszawskich Markach odby\u0142a si\u0119 konwencja Prawa i Sprawiedliwo\u015bci, na kt\u00f3rej politycy i sympatycy partii mieli okazj\u0119 wys\u0142ucha\u0107 przem\u00f3wienia prezesa Jaros\u0142awa Kaczy\u0144skiego. M\u00f3j \u015ap. Brat Lech Kaczy\u0144ski 11 listopada 2009r. m\u00f3wi\u0142 o nowoczesnym patriotyzmie. My powinni\u015bmy pami\u0119ta\u0107 o tym, \u017ce jego wskazania s\u0105 w\u0142a\u015bciwe dla Polski. Musimy by\u0107 kontynuatorami dzie\u0142a i my\u015bli \u015ap. [&hellip;]\" \/>\n<meta property=\"og:url\" content=\"https:\/\/marekkuchcinski.pl\/cs\/wydarzenia\/konwencja-prawa-i-sprawiedliwosci\/\" \/>\n<meta property=\"og:site_name\" content=\"Marek Kuchci\u0144ski\" \/>\n<meta property=\"article:published_time\" content=\"2022-06-05T17:40:48+00:00\" \/>\n<meta property=\"article:modified_time\" content=\"2022-06-05T17:43:21+00:00\" \/>\n<meta property=\"og:image\" content=\"https:\/\/marekkuchcinski.pl\/wp-content\/uploads\/2022\/06\/2.jpg\" \/>\n\t<meta property=\"og:image:width\" content=\"1600\" \/>\n\t<meta property=\"og:image:height\" content=\"1060\" \/>\n\t<meta property=\"og:image:type\" content=\"image\/jpeg\" \/>\n<meta name=\"author\" content=\"Marta Olejnik\" \/>\n<meta name=\"twitter:card\" content=\"summary_large_image\" \/>\n<meta name=\"twitter:label1\" content=\"Written by\" \/>\n\t<meta name=\"twitter:data1\" content=\"Marta Olejnik\" \/>\n\t<meta name=\"twitter:label2\" content=\"Est. reading time\" \/>\n\t<meta name=\"twitter:data2\" content=\"6 minutes\" \/>\n<script type=\"application\/ld+json\" class=\"yoast-schema-graph\">{\"@context\":\"https:\\\/\\\/schema.org\",\"@graph\":[{\"@type\":\"Article\",\"@id\":\"https:\\\/\\\/marekkuchcinski.pl\\\/wydarzenia\\\/konwencja-prawa-i-sprawiedliwosci\\\/#article\",\"isPartOf\":{\"@id\":\"https:\\\/\\\/marekkuchcinski.pl\\\/wydarzenia\\\/konwencja-prawa-i-sprawiedliwosci\\\/\"},\"author\":{\"name\":\"Marta Olejnik\",\"@id\":\"https:\\\/\\\/marekkuchcinski.pl\\\/#\\\/schema\\\/person\\\/bd3f15dee67fee76e83c8350d0154101\"},\"headline\":\"Konwencja Prawa i Sprawiedliwo\u015bci\",\"datePublished\":\"2022-06-05T17:40:48+00:00\",\"dateModified\":\"2022-06-05T17:43:21+00:00\",\"mainEntityOfPage\":{\"@id\":\"https:\\\/\\\/marekkuchcinski.pl\\\/wydarzenia\\\/konwencja-prawa-i-sprawiedliwosci\\\/\"},\"wordCount\":604,\"commentCount\":0,\"publisher\":{\"@id\":\"https:\\\/\\\/marekkuchcinski.pl\\\/#organization\"},\"image\":{\"@id\":\"https:\\\/\\\/marekkuchcinski.pl\\\/wydarzenia\\\/konwencja-prawa-i-sprawiedliwosci\\\/#primaryimage\"},\"thumbnailUrl\":\"https:\\\/\\\/marekkuchcinski.pl\\\/wp-content\\\/uploads\\\/2022\\\/06\\\/2.jpg\",\"articleSection\":[\"Prawo i Sprawiedliwo\u015b\u0107\",\"Wydarzenia\"],\"inLanguage\":\"cs-CZ\",\"potentialAction\":[{\"@type\":\"CommentAction\",\"name\":\"Comment\",\"target\":[\"https:\\\/\\\/marekkuchcinski.pl\\\/wydarzenia\\\/konwencja-prawa-i-sprawiedliwosci\\\/#respond\"]}]},{\"@type\":\"WebPage\",\"@id\":\"https:\\\/\\\/marekkuchcinski.pl\\\/wydarzenia\\\/konwencja-prawa-i-sprawiedliwosci\\\/\",\"url\":\"https:\\\/\\\/marekkuchcinski.pl\\\/wydarzenia\\\/konwencja-prawa-i-sprawiedliwosci\\\/\",\"name\":\"Konwencja Prawa i Sprawiedliwo\u015bci &#8211; Marek Kuchci\u0144ski\",\"isPartOf\":{\"@id\":\"https:\\\/\\\/marekkuchcinski.pl\\\/#website\"},\"primaryImageOfPage\":{\"@id\":\"https:\\\/\\\/marekkuchcinski.pl\\\/wydarzenia\\\/konwencja-prawa-i-sprawiedliwosci\\\/#primaryimage\"},\"image\":{\"@id\":\"https:\\\/\\\/marekkuchcinski.pl\\\/wydarzenia\\\/konwencja-prawa-i-sprawiedliwosci\\\/#primaryimage\"},\"thumbnailUrl\":\"https:\\\/\\\/marekkuchcinski.pl\\\/wp-content\\\/uploads\\\/2022\\\/06\\\/2.jpg\",\"datePublished\":\"2022-06-05T17:40:48+00:00\",\"dateModified\":\"2022-06-05T17:43:21+00:00\",\"breadcrumb\":{\"@id\":\"https:\\\/\\\/marekkuchcinski.pl\\\/wydarzenia\\\/konwencja-prawa-i-sprawiedliwosci\\\/#breadcrumb\"},\"inLanguage\":\"cs-CZ\",\"potentialAction\":[{\"@type\":\"ReadAction\",\"target\":[\"https:\\\/\\\/marekkuchcinski.pl\\\/wydarzenia\\\/konwencja-prawa-i-sprawiedliwosci\\\/\"]}]},{\"@type\":\"ImageObject\",\"inLanguage\":\"cs-CZ\",\"@id\":\"https:\\\/\\\/marekkuchcinski.pl\\\/wydarzenia\\\/konwencja-prawa-i-sprawiedliwosci\\\/#primaryimage\",\"url\":\"https:\\\/\\\/marekkuchcinski.pl\\\/wp-content\\\/uploads\\\/2022\\\/06\\\/2.jpg\",\"contentUrl\":\"https:\\\/\\\/marekkuchcinski.pl\\\/wp-content\\\/uploads\\\/2022\\\/06\\\/2.jpg\",\"width\":1600,\"height\":1060},{\"@type\":\"BreadcrumbList\",\"@id\":\"https:\\\/\\\/marekkuchcinski.pl\\\/wydarzenia\\\/konwencja-prawa-i-sprawiedliwosci\\\/#breadcrumb\",\"itemListElement\":[{\"@type\":\"ListItem\",\"position\":1,\"name\":\"Strona g\u0142\u00f3wna\",\"item\":\"https:\\\/\\\/marekkuchcinski.pl\\\/\"},{\"@type\":\"ListItem\",\"position\":2,\"name\":\"Konwencja Prawa i Sprawiedliwo\u015bci\"}]},{\"@type\":\"WebSite\",\"@id\":\"https:\\\/\\\/marekkuchcinski.pl\\\/#website\",\"url\":\"https:\\\/\\\/marekkuchcinski.pl\\\/\",\"name\":\"Marek Kuchci\u0144ski\",\"description\":\"Marek Kuchci\u0144ski \",\"publisher\":{\"@id\":\"https:\\\/\\\/marekkuchcinski.pl\\\/#organization\"},\"potentialAction\":[{\"@type\":\"SearchAction\",\"target\":{\"@type\":\"EntryPoint\",\"urlTemplate\":\"https:\\\/\\\/marekkuchcinski.pl\\\/?s={search_term_string}\"},\"query-input\":{\"@type\":\"PropertyValueSpecification\",\"valueRequired\":true,\"valueName\":\"search_term_string\"}}],\"inLanguage\":\"cs-CZ\"},{\"@type\":\"Organization\",\"@id\":\"https:\\\/\\\/marekkuchcinski.pl\\\/#organization\",\"name\":\"Marek Kuchci\u0144ski\",\"url\":\"https:\\\/\\\/marekkuchcinski.pl\\\/\",\"logo\":{\"@type\":\"ImageObject\",\"inLanguage\":\"cs-CZ\",\"@id\":\"https:\\\/\\\/marekkuchcinski.pl\\\/#\\\/schema\\\/logo\\\/image\\\/\",\"url\":\"https:\\\/\\\/marekkuchcinski.pl\\\/wp-content\\\/uploads\\\/2022\\\/09\\\/Marek.jpg\",\"contentUrl\":\"https:\\\/\\\/marekkuchcinski.pl\\\/wp-content\\\/uploads\\\/2022\\\/09\\\/Marek.jpg\",\"width\":1600,\"height\":971,\"caption\":\"Marek Kuchci\u0144ski\"},\"image\":{\"@id\":\"https:\\\/\\\/marekkuchcinski.pl\\\/#\\\/schema\\\/logo\\\/image\\\/\"}},{\"@type\":\"Person\",\"@id\":\"https:\\\/\\\/marekkuchcinski.pl\\\/#\\\/schema\\\/person\\\/bd3f15dee67fee76e83c8350d0154101\",\"name\":\"Marta Olejnik\",\"image\":{\"@type\":\"ImageObject\",\"inLanguage\":\"cs-CZ\",\"@id\":\"https:\\\/\\\/secure.gravatar.com\\\/avatar\\\/24754edd6080383402e292374b406b553027d572e97d60e7aa89a6940e88659a?s=96&d=mm&r=g\",\"url\":\"https:\\\/\\\/secure.gravatar.com\\\/avatar\\\/24754edd6080383402e292374b406b553027d572e97d60e7aa89a6940e88659a?s=96&d=mm&r=g\",\"contentUrl\":\"https:\\\/\\\/secure.gravatar.com\\\/avatar\\\/24754edd6080383402e292374b406b553027d572e97d60e7aa89a6940e88659a?s=96&d=mm&r=g\",\"caption\":\"Marta Olejnik\"},\"url\":\"https:\\\/\\\/marekkuchcinski.pl\\\/cs\\\/author\\\/marta\\\/\"}]}<\/script>\n<!-- \/ Yoast SEO plugin. -->","yoast_head_json":{"title":"Konwencja Prawa i Sprawiedliwo\u015bci &#8211; Marek Kuchci\u0144ski","robots":{"index":"index","follow":"follow","max-snippet":"max-snippet:-1","max-image-preview":"max-image-preview:large","max-video-preview":"max-video-preview:-1"},"canonical":"https:\/\/marekkuchcinski.pl\/cs\/wydarzenia\/konwencja-prawa-i-sprawiedliwosci\/","og_locale":"cs_CZ","og_type":"article","og_title":"Konwencja Prawa i Sprawiedliwo\u015bci &#8211; Marek Kuchci\u0144ski","og_description":"4 czerwca w podwarszawskich Markach odby\u0142a si\u0119 konwencja Prawa i Sprawiedliwo\u015bci, na kt\u00f3rej politycy i sympatycy partii mieli okazj\u0119 wys\u0142ucha\u0107 przem\u00f3wienia prezesa Jaros\u0142awa Kaczy\u0144skiego. M\u00f3j \u015ap. Brat Lech Kaczy\u0144ski 11 listopada 2009r. m\u00f3wi\u0142 o nowoczesnym patriotyzmie. My powinni\u015bmy pami\u0119ta\u0107 o tym, \u017ce jego wskazania s\u0105 w\u0142a\u015bciwe dla Polski. Musimy by\u0107 kontynuatorami dzie\u0142a i my\u015bli \u015ap. [&hellip;]","og_url":"https:\/\/marekkuchcinski.pl\/cs\/wydarzenia\/konwencja-prawa-i-sprawiedliwosci\/","og_site_name":"Marek Kuchci\u0144ski","article_published_time":"2022-06-05T17:40:48+00:00","article_modified_time":"2022-06-05T17:43:21+00:00","og_image":[{"width":1600,"height":1060,"url":"https:\/\/marekkuchcinski.pl\/wp-content\/uploads\/2022\/06\/2.jpg","type":"image\/jpeg"}],"author":"Marta Olejnik","twitter_card":"summary_large_image","twitter_misc":{"Written by":"Marta Olejnik","Est. reading time":"6 minutes"},"schema":{"@context":"https:\/\/schema.org","@graph":[{"@type":"Article","@id":"https:\/\/marekkuchcinski.pl\/wydarzenia\/konwencja-prawa-i-sprawiedliwosci\/#article","isPartOf":{"@id":"https:\/\/marekkuchcinski.pl\/wydarzenia\/konwencja-prawa-i-sprawiedliwosci\/"},"author":{"name":"Marta Olejnik","@id":"https:\/\/marekkuchcinski.pl\/#\/schema\/person\/bd3f15dee67fee76e83c8350d0154101"},"headline":"Konwencja Prawa i Sprawiedliwo\u015bci","datePublished":"2022-06-05T17:40:48+00:00","dateModified":"2022-06-05T17:43:21+00:00","mainEntityOfPage":{"@id":"https:\/\/marekkuchcinski.pl\/wydarzenia\/konwencja-prawa-i-sprawiedliwosci\/"},"wordCount":604,"commentCount":0,"publisher":{"@id":"https:\/\/marekkuchcinski.pl\/#organization"},"image":{"@id":"https:\/\/marekkuchcinski.pl\/wydarzenia\/konwencja-prawa-i-sprawiedliwosci\/#primaryimage"},"thumbnailUrl":"https:\/\/marekkuchcinski.pl\/wp-content\/uploads\/2022\/06\/2.jpg","articleSection":["Prawo i Sprawiedliwo\u015b\u0107","Wydarzenia"],"inLanguage":"cs-CZ","potentialAction":[{"@type":"CommentAction","name":"Comment","target":["https:\/\/marekkuchcinski.pl\/wydarzenia\/konwencja-prawa-i-sprawiedliwosci\/#respond"]}]},{"@type":"WebPage","@id":"https:\/\/marekkuchcinski.pl\/wydarzenia\/konwencja-prawa-i-sprawiedliwosci\/","url":"https:\/\/marekkuchcinski.pl\/wydarzenia\/konwencja-prawa-i-sprawiedliwosci\/","name":"Konwencja Prawa i Sprawiedliwo\u015bci &#8211; Marek Kuchci\u0144ski","isPartOf":{"@id":"https:\/\/marekkuchcinski.pl\/#website"},"primaryImageOfPage":{"@id":"https:\/\/marekkuchcinski.pl\/wydarzenia\/konwencja-prawa-i-sprawiedliwosci\/#primaryimage"},"image":{"@id":"https:\/\/marekkuchcinski.pl\/wydarzenia\/konwencja-prawa-i-sprawiedliwosci\/#primaryimage"},"thumbnailUrl":"https:\/\/marekkuchcinski.pl\/wp-content\/uploads\/2022\/06\/2.jpg","datePublished":"2022-06-05T17:40:48+00:00","dateModified":"2022-06-05T17:43:21+00:00","breadcrumb":{"@id":"https:\/\/marekkuchcinski.pl\/wydarzenia\/konwencja-prawa-i-sprawiedliwosci\/#breadcrumb"},"inLanguage":"cs-CZ","potentialAction":[{"@type":"ReadAction","target":["https:\/\/marekkuchcinski.pl\/wydarzenia\/konwencja-prawa-i-sprawiedliwosci\/"]}]},{"@type":"ImageObject","inLanguage":"cs-CZ","@id":"https:\/\/marekkuchcinski.pl\/wydarzenia\/konwencja-prawa-i-sprawiedliwosci\/#primaryimage","url":"https:\/\/marekkuchcinski.pl\/wp-content\/uploads\/2022\/06\/2.jpg","contentUrl":"https:\/\/marekkuchcinski.pl\/wp-content\/uploads\/2022\/06\/2.jpg","width":1600,"height":1060},{"@type":"BreadcrumbList","@id":"https:\/\/marekkuchcinski.pl\/wydarzenia\/konwencja-prawa-i-sprawiedliwosci\/#breadcrumb","itemListElement":[{"@type":"ListItem","position":1,"name":"Strona g\u0142\u00f3wna","item":"https:\/\/marekkuchcinski.pl\/"},{"@type":"ListItem","position":2,"name":"Konwencja Prawa i Sprawiedliwo\u015bci"}]},{"@type":"WebSite","@id":"https:\/\/marekkuchcinski.pl\/#website","url":"https:\/\/marekkuchcinski.pl\/","name":"Marek Kuchci\u0144ski","description":"Marek Kuchci\u0144ski","publisher":{"@id":"https:\/\/marekkuchcinski.pl\/#organization"},"potentialAction":[{"@type":"SearchAction","target":{"@type":"EntryPoint","urlTemplate":"https:\/\/marekkuchcinski.pl\/?s={search_term_string}"},"query-input":{"@type":"PropertyValueSpecification","valueRequired":true,"valueName":"search_term_string"}}],"inLanguage":"cs-CZ"},{"@type":"Organization","@id":"https:\/\/marekkuchcinski.pl\/#organization","name":"Marek Kuchci\u0144ski","url":"https:\/\/marekkuchcinski.pl\/","logo":{"@type":"ImageObject","inLanguage":"cs-CZ","@id":"https:\/\/marekkuchcinski.pl\/#\/schema\/logo\/image\/","url":"https:\/\/marekkuchcinski.pl\/wp-content\/uploads\/2022\/09\/Marek.jpg","contentUrl":"https:\/\/marekkuchcinski.pl\/wp-content\/uploads\/2022\/09\/Marek.jpg","width":1600,"height":971,"caption":"Marek Kuchci\u0144ski"},"image":{"@id":"https:\/\/marekkuchcinski.pl\/#\/schema\/logo\/image\/"}},{"@type":"Person","@id":"https:\/\/marekkuchcinski.pl\/#\/schema\/person\/bd3f15dee67fee76e83c8350d0154101","name":"Marta Olejnik","image":{"@type":"ImageObject","inLanguage":"cs-CZ","@id":"https:\/\/secure.gravatar.com\/avatar\/24754edd6080383402e292374b406b553027d572e97d60e7aa89a6940e88659a?s=96&d=mm&r=g","url":"https:\/\/secure.gravatar.com\/avatar\/24754edd6080383402e292374b406b553027d572e97d60e7aa89a6940e88659a?s=96&d=mm&r=g","contentUrl":"https:\/\/secure.gravatar.com\/avatar\/24754edd6080383402e292374b406b553027d572e97d60e7aa89a6940e88659a?s=96&d=mm&r=g","caption":"Marta Olejnik"},"url":"https:\/\/marekkuchcinski.pl\/cs\/author\/marta\/"}]}},"_links":{"self":[{"href":"https:\/\/marekkuchcinski.pl\/cs\/wp-json\/wp\/v2\/posts\/25452","targetHints":{"allow":["GET"]}}],"collection":[{"href":"https:\/\/marekkuchcinski.pl\/cs\/wp-json\/wp\/v2\/posts"}],"about":[{"href":"https:\/\/marekkuchcinski.pl\/cs\/wp-json\/wp\/v2\/types\/post"}],"author":[{"embeddable":true,"href":"https:\/\/marekkuchcinski.pl\/cs\/wp-json\/wp\/v2\/users\/3"}],"replies":[{"embeddable":true,"href":"https:\/\/marekkuchcinski.pl\/cs\/wp-json\/wp\/v2\/comments?post=25452"}],"version-history":[{"count":5,"href":"https:\/\/marekkuchcinski.pl\/cs\/wp-json\/wp\/v2\/posts\/25452\/revisions"}],"predecessor-version":[{"id":25479,"href":"https:\/\/marekkuchcinski.pl\/cs\/wp-json\/wp\/v2\/posts\/25452\/revisions\/25479"}],"wp:featuredmedia":[{"embeddable":true,"href":"https:\/\/marekkuchcinski.pl\/cs\/wp-json\/wp\/v2\/media\/25454"}],"wp:attachment":[{"href":"https:\/\/marekkuchcinski.pl\/cs\/wp-json\/wp\/v2\/media?parent=25452"}],"wp:term":[{"taxonomy":"category","embeddable":true,"href":"https:\/\/marekkuchcinski.pl\/cs\/wp-json\/wp\/v2\/categories?post=25452"},{"taxonomy":"post_tag","embeddable":true,"href":"https:\/\/marekkuchcinski.pl\/cs\/wp-json\/wp\/v2\/tags?post=25452"}],"curies":[{"name":"wp","href":"https:\/\/api.w.org\/{rel}","templated":true}]}}