{"id":25438,"date":"2022-06-03T23:55:00","date_gmt":"2022-06-03T21:55:00","guid":{"rendered":"https:\/\/marekkuchcinski.pl\/?p=25438"},"modified":"2022-06-05T20:15:20","modified_gmt":"2022-06-05T18:15:20","slug":"spotkanie-z-parlamentarzystami-z-ukrainy","status":"publish","type":"post","link":"https:\/\/marekkuchcinski.pl\/cs\/wydarzenia\/spotkanie-z-parlamentarzystami-z-ukrainy\/","title":{"rendered":"Setk\u00e1n\u00ed s ukrajinsk\u00fdmi poslanci"},"content":{"rendered":"<p>V den 100. v\u00fdro\u010d\u00ed hrdinn\u00e9ho boje Ukrajiny se pol\u0161t\u00ed poslanci setkali s ukrajinsk\u00fdmi poslanci. Politici p\u0159edstavili ot\u00e1zky, my\u0161lenky a o\u010dek\u00e1v\u00e1n\u00ed. Diskuse prob\u00edh\u00e1 na mnoha \u00farovn\u00edch - od syst\u00e9mu integrace a vzd\u011bl\u00e1v\u00e1n\u00ed ukrajinsk\u00fdch d\u011bt\u00ed a\u017e po dod\u00e1vky \u00fato\u010dn\u00fdch zbran\u00ed na Ukrajinu. Z\u00e1sadn\u00ed ot\u00e1zkou je, jak p\u0159esv\u011bd\u010dit ve\u0159ejn\u00e9 m\u00edn\u011bn\u00ed a n\u011bkter\u00e9 vl\u00e1dy, aby konflikt internacionalizovaly. Jak zabr\u00e1nit lhostejnosti k v\u00e1lce? P\u0159esv\u011bd\u010d\u00ed vidina sv\u011btov\u00e9ho hladu zp\u016fsoben\u00e9ho ukrajinskou obilnou blok\u00e1dou Putinovy sponzory, aby p\u0159ehodnotili sv\u00e9 priority a p\u0159eorientovali se ze zisku na lidsk\u00e9 \u017eivoty? Od za\u010d\u00e1tku v\u00e1lky zaplatily nejv\u011bt\u0161\u00ed evropsk\u00e9 zem\u011b Rusku za suroviny v\u00edce ne\u017e 43 miliard eur. N\u011bmecko (9,1), It\u00e1lie (6,9), Nizozemsko (5,9), Francie 3,8), Belgie (1,89).<\/p>\n\n\n\n<p>Za polskou stranu se jedn\u00e1n\u00ed z\u00fa\u010dastnili p\u0159edseda zahrani\u010dn\u00edho v\u00fdboru Marek Kuchci\u0144ski, m\u00edstop\u0159edseda Sejmu Ryszard Terlecki, m\u00edstop\u0159edseda Sen\u00e1tu Marek P\u0119k, poslanec Krzysztof Sobolewski, poslanec Arkadiusz Mularczyk a poslanec Rados\u0142aw Fogiel.<\/p>\n\n\n\n<figure class=\"wp-block-image size-large\"><a href=\"https:\/\/marekkuchcinski.pl\/wp-content\/uploads\/2022\/06\/u13.jpg\"><img fetchpriority=\"high\" decoding=\"async\" width=\"1024\" height=\"767\" src=\"https:\/\/marekkuchcinski.pl\/wp-content\/uploads\/2022\/06\/u13-1024x767.jpg\" alt=\"\" class=\"wp-image-25439\" srcset=\"https:\/\/marekkuchcinski.pl\/wp-content\/uploads\/2022\/06\/u13-1024x767.jpg 1024w, https:\/\/marekkuchcinski.pl\/wp-content\/uploads\/2022\/06\/u13-300x225.jpg 300w, https:\/\/marekkuchcinski.pl\/wp-content\/uploads\/2022\/06\/u13-768x576.jpg 768w, https:\/\/marekkuchcinski.pl\/wp-content\/uploads\/2022\/06\/u13-1536x1151.jpg 1536w, https:\/\/marekkuchcinski.pl\/wp-content\/uploads\/2022\/06\/u13-16x12.jpg 16w, https:\/\/marekkuchcinski.pl\/wp-content\/uploads\/2022\/06\/u13.jpg 1600w\" sizes=\"(max-width: 1024px) 100vw, 1024px\" \/><\/a><\/figure>\n\n\n\n<figure class=\"wp-block-gallery columns-3 is-cropped wp-block-gallery-1 is-layout-flex wp-block-gallery-is-layout-flex\"><ul class=\"blocks-gallery-grid\"><li class=\"blocks-gallery-item\"><figure><a href=\"https:\/\/marekkuchcinski.pl\/wp-content\/uploads\/2022\/06\/u2.jpg\"><img decoding=\"async\" width=\"1024\" height=\"684\" src=\"https:\/\/marekkuchcinski.pl\/wp-content\/uploads\/2022\/06\/u2-1024x684.jpg\" alt=\"\" data-id=\"25440\" data-full-url=\"https:\/\/marekkuchcinski.pl\/wp-content\/uploads\/2022\/06\/u2.jpg\" data-link=\"https:\/\/marekkuchcinski.pl\/?attachment_id=25440\" class=\"wp-image-25440\" srcset=\"https:\/\/marekkuchcinski.pl\/wp-content\/uploads\/2022\/06\/u2-1024x684.jpg 1024w, https:\/\/marekkuchcinski.pl\/wp-content\/uploads\/2022\/06\/u2-300x200.jpg 300w, https:\/\/marekkuchcinski.pl\/wp-content\/uploads\/2022\/06\/u2-768x513.jpg 768w, https:\/\/marekkuchcinski.pl\/wp-content\/uploads\/2022\/06\/u2-1536x1025.jpg 1536w, https:\/\/marekkuchcinski.pl\/wp-content\/uploads\/2022\/06\/u2-18x12.jpg 18w, https:\/\/marekkuchcinski.pl\/wp-content\/uploads\/2022\/06\/u2.jpg 1600w\" sizes=\"(max-width: 1024px) 100vw, 1024px\" \/><\/a><\/figure><\/li><li class=\"blocks-gallery-item\"><figure><a href=\"https:\/\/marekkuchcinski.pl\/wp-content\/uploads\/2022\/06\/u3.jpg\"><img decoding=\"async\" width=\"1024\" height=\"683\" src=\"https:\/\/marekkuchcinski.pl\/wp-content\/uploads\/2022\/06\/u3-1024x683.jpg\" alt=\"\" data-id=\"25441\" data-full-url=\"https:\/\/marekkuchcinski.pl\/wp-content\/uploads\/2022\/06\/u3.jpg\" data-link=\"https:\/\/marekkuchcinski.pl\/?attachment_id=25441\" class=\"wp-image-25441\" srcset=\"https:\/\/marekkuchcinski.pl\/wp-content\/uploads\/2022\/06\/u3-1024x683.jpg 1024w, https:\/\/marekkuchcinski.pl\/wp-content\/uploads\/2022\/06\/u3-300x200.jpg 300w, https:\/\/marekkuchcinski.pl\/wp-content\/uploads\/2022\/06\/u3-768x512.jpg 768w, https:\/\/marekkuchcinski.pl\/wp-content\/uploads\/2022\/06\/u3-1536x1024.jpg 1536w, https:\/\/marekkuchcinski.pl\/wp-content\/uploads\/2022\/06\/u3-18x12.jpg 18w, https:\/\/marekkuchcinski.pl\/wp-content\/uploads\/2022\/06\/u3.jpg 1600w\" sizes=\"(max-width: 1024px) 100vw, 1024px\" \/><\/a><\/figure><\/li><li class=\"blocks-gallery-item\"><figure><a href=\"https:\/\/marekkuchcinski.pl\/wp-content\/uploads\/2022\/06\/u10.jpg\"><img loading=\"lazy\" decoding=\"async\" width=\"1024\" height=\"684\" src=\"https:\/\/marekkuchcinski.pl\/wp-content\/uploads\/2022\/06\/u10-1024x684.jpg\" alt=\"\" data-id=\"25442\" data-full-url=\"https:\/\/marekkuchcinski.pl\/wp-content\/uploads\/2022\/06\/u10.jpg\" data-link=\"https:\/\/marekkuchcinski.pl\/?attachment_id=25442\" class=\"wp-image-25442\" srcset=\"https:\/\/marekkuchcinski.pl\/wp-content\/uploads\/2022\/06\/u10-1024x684.jpg 1024w, https:\/\/marekkuchcinski.pl\/wp-content\/uploads\/2022\/06\/u10-300x200.jpg 300w, https:\/\/marekkuchcinski.pl\/wp-content\/uploads\/2022\/06\/u10-768x513.jpg 768w, https:\/\/marekkuchcinski.pl\/wp-content\/uploads\/2022\/06\/u10-1536x1025.jpg 1536w, https:\/\/marekkuchcinski.pl\/wp-content\/uploads\/2022\/06\/u10-18x12.jpg 18w, https:\/\/marekkuchcinski.pl\/wp-content\/uploads\/2022\/06\/u10.jpg 1600w\" sizes=\"(max-width: 1024px) 100vw, 1024px\" \/><\/a><figcaption class=\"blocks-gallery-item__caption\">rptnb<\/figcaption><\/figure><\/li><li class=\"blocks-gallery-item\"><figure><a href=\"https:\/\/marekkuchcinski.pl\/wp-content\/uploads\/2022\/06\/u11.jpg\"><img loading=\"lazy\" decoding=\"async\" width=\"1024\" height=\"683\" src=\"https:\/\/marekkuchcinski.pl\/wp-content\/uploads\/2022\/06\/u11-1024x683.jpg\" alt=\"\" data-id=\"25443\" data-full-url=\"https:\/\/marekkuchcinski.pl\/wp-content\/uploads\/2022\/06\/u11.jpg\" data-link=\"https:\/\/marekkuchcinski.pl\/?attachment_id=25443\" class=\"wp-image-25443\" srcset=\"https:\/\/marekkuchcinski.pl\/wp-content\/uploads\/2022\/06\/u11-1024x683.jpg 1024w, https:\/\/marekkuchcinski.pl\/wp-content\/uploads\/2022\/06\/u11-300x200.jpg 300w, https:\/\/marekkuchcinski.pl\/wp-content\/uploads\/2022\/06\/u11-768x512.jpg 768w, https:\/\/marekkuchcinski.pl\/wp-content\/uploads\/2022\/06\/u11-1536x1024.jpg 1536w, https:\/\/marekkuchcinski.pl\/wp-content\/uploads\/2022\/06\/u11-18x12.jpg 18w, https:\/\/marekkuchcinski.pl\/wp-content\/uploads\/2022\/06\/u11.jpg 1600w\" sizes=\"(max-width: 1024px) 100vw, 1024px\" \/><\/a><figcaption class=\"blocks-gallery-item__caption\">rptnb<\/figcaption><\/figure><\/li><li class=\"blocks-gallery-item\"><figure><a href=\"https:\/\/marekkuchcinski.pl\/wp-content\/uploads\/2022\/06\/u14.jpg\"><img loading=\"lazy\" decoding=\"async\" width=\"1024\" height=\"683\" src=\"https:\/\/marekkuchcinski.pl\/wp-content\/uploads\/2022\/06\/u14-1024x683.jpg\" alt=\"\" data-id=\"25445\" data-full-url=\"https:\/\/marekkuchcinski.pl\/wp-content\/uploads\/2022\/06\/u14.jpg\" data-link=\"https:\/\/marekkuchcinski.pl\/?attachment_id=25445\" class=\"wp-image-25445\" srcset=\"https:\/\/marekkuchcinski.pl\/wp-content\/uploads\/2022\/06\/u14-1024x683.jpg 1024w, https:\/\/marekkuchcinski.pl\/wp-content\/uploads\/2022\/06\/u14-300x200.jpg 300w, https:\/\/marekkuchcinski.pl\/wp-content\/uploads\/2022\/06\/u14-768x512.jpg 768w, https:\/\/marekkuchcinski.pl\/wp-content\/uploads\/2022\/06\/u14-1536x1024.jpg 1536w, https:\/\/marekkuchcinski.pl\/wp-content\/uploads\/2022\/06\/u14-18x12.jpg 18w, https:\/\/marekkuchcinski.pl\/wp-content\/uploads\/2022\/06\/u14.jpg 1600w\" sizes=\"(max-width: 1024px) 100vw, 1024px\" \/><\/a><\/figure><\/li><\/ul><\/figure>\n\n\n\n<figure class=\"wp-block-gallery columns-3 is-cropped wp-block-gallery-2 is-layout-flex wp-block-gallery-is-layout-flex\"><ul class=\"blocks-gallery-grid\"><li class=\"blocks-gallery-item\"><figure><a href=\"https:\/\/marekkuchcinski.pl\/wp-content\/uploads\/2022\/06\/u4.jpg\"><img loading=\"lazy\" decoding=\"async\" width=\"1024\" height=\"682\" src=\"https:\/\/marekkuchcinski.pl\/wp-content\/uploads\/2022\/06\/u4-1024x682.jpg\" alt=\"\" data-id=\"25444\" data-full-url=\"https:\/\/marekkuchcinski.pl\/wp-content\/uploads\/2022\/06\/u4.jpg\" data-link=\"https:\/\/marekkuchcinski.pl\/?attachment_id=25444\" class=\"wp-image-25444\" srcset=\"https:\/\/marekkuchcinski.pl\/wp-content\/uploads\/2022\/06\/u4-1024x682.jpg 1024w, https:\/\/marekkuchcinski.pl\/wp-content\/uploads\/2022\/06\/u4-300x200.jpg 300w, https:\/\/marekkuchcinski.pl\/wp-content\/uploads\/2022\/06\/u4-768x512.jpg 768w, https:\/\/marekkuchcinski.pl\/wp-content\/uploads\/2022\/06\/u4-1536x1023.jpg 1536w, https:\/\/marekkuchcinski.pl\/wp-content\/uploads\/2022\/06\/u4-18x12.jpg 18w, https:\/\/marekkuchcinski.pl\/wp-content\/uploads\/2022\/06\/u4.jpg 1600w\" sizes=\"(max-width: 1024px) 100vw, 1024px\" \/><\/a><\/figure><\/li><li class=\"blocks-gallery-item\"><figure><a href=\"https:\/\/marekkuchcinski.pl\/wp-content\/uploads\/2022\/06\/u5.jpg\"><img loading=\"lazy\" decoding=\"async\" width=\"1024\" height=\"684\" src=\"https:\/\/marekkuchcinski.pl\/wp-content\/uploads\/2022\/06\/u5-1024x684.jpg\" alt=\"\" data-id=\"25446\" data-full-url=\"https:\/\/marekkuchcinski.pl\/wp-content\/uploads\/2022\/06\/u5.jpg\" data-link=\"https:\/\/marekkuchcinski.pl\/?attachment_id=25446\" class=\"wp-image-25446\" srcset=\"https:\/\/marekkuchcinski.pl\/wp-content\/uploads\/2022\/06\/u5-1024x684.jpg 1024w, https:\/\/marekkuchcinski.pl\/wp-content\/uploads\/2022\/06\/u5-300x200.jpg 300w, https:\/\/marekkuchcinski.pl\/wp-content\/uploads\/2022\/06\/u5-768x513.jpg 768w, https:\/\/marekkuchcinski.pl\/wp-content\/uploads\/2022\/06\/u5-1536x1025.jpg 1536w, https:\/\/marekkuchcinski.pl\/wp-content\/uploads\/2022\/06\/u5-18x12.jpg 18w, https:\/\/marekkuchcinski.pl\/wp-content\/uploads\/2022\/06\/u5.jpg 1600w\" sizes=\"(max-width: 1024px) 100vw, 1024px\" \/><\/a><\/figure><\/li><li class=\"blocks-gallery-item\"><figure><a href=\"https:\/\/marekkuchcinski.pl\/wp-content\/uploads\/2022\/06\/u7.jpg\"><img loading=\"lazy\" decoding=\"async\" width=\"1024\" height=\"683\" src=\"https:\/\/marekkuchcinski.pl\/wp-content\/uploads\/2022\/06\/u7-1024x683.jpg\" alt=\"\" data-id=\"25447\" data-full-url=\"https:\/\/marekkuchcinski.pl\/wp-content\/uploads\/2022\/06\/u7.jpg\" data-link=\"https:\/\/marekkuchcinski.pl\/?attachment_id=25447\" class=\"wp-image-25447\" srcset=\"https:\/\/marekkuchcinski.pl\/wp-content\/uploads\/2022\/06\/u7-1024x683.jpg 1024w, https:\/\/marekkuchcinski.pl\/wp-content\/uploads\/2022\/06\/u7-300x200.jpg 300w, https:\/\/marekkuchcinski.pl\/wp-content\/uploads\/2022\/06\/u7-768x512.jpg 768w, https:\/\/marekkuchcinski.pl\/wp-content\/uploads\/2022\/06\/u7-1536x1024.jpg 1536w, https:\/\/marekkuchcinski.pl\/wp-content\/uploads\/2022\/06\/u7-18x12.jpg 18w, https:\/\/marekkuchcinski.pl\/wp-content\/uploads\/2022\/06\/u7.jpg 1600w\" sizes=\"(max-width: 1024px) 100vw, 1024px\" \/><\/a><\/figure><\/li><li class=\"blocks-gallery-item\"><figure><a href=\"https:\/\/marekkuchcinski.pl\/wp-content\/uploads\/2022\/06\/u8.jpg\"><img loading=\"lazy\" decoding=\"async\" width=\"1024\" height=\"682\" src=\"https:\/\/marekkuchcinski.pl\/wp-content\/uploads\/2022\/06\/u8-1024x682.jpg\" alt=\"\" data-id=\"25448\" data-full-url=\"https:\/\/marekkuchcinski.pl\/wp-content\/uploads\/2022\/06\/u8.jpg\" data-link=\"https:\/\/marekkuchcinski.pl\/?attachment_id=25448\" class=\"wp-image-25448\" srcset=\"https:\/\/marekkuchcinski.pl\/wp-content\/uploads\/2022\/06\/u8-1024x682.jpg 1024w, https:\/\/marekkuchcinski.pl\/wp-content\/uploads\/2022\/06\/u8-300x200.jpg 300w, https:\/\/marekkuchcinski.pl\/wp-content\/uploads\/2022\/06\/u8-768x512.jpg 768w, https:\/\/marekkuchcinski.pl\/wp-content\/uploads\/2022\/06\/u8-1536x1023.jpg 1536w, https:\/\/marekkuchcinski.pl\/wp-content\/uploads\/2022\/06\/u8-18x12.jpg 18w, https:\/\/marekkuchcinski.pl\/wp-content\/uploads\/2022\/06\/u8.jpg 1600w\" sizes=\"(max-width: 1024px) 100vw, 1024px\" \/><\/a><\/figure><\/li><\/ul><\/figure>","protected":false},"excerpt":{"rendered":"<p>V den 100. v\u00fdro\u010d\u00ed hrdinn\u00e9ho boje Ukrajiny se pol\u0161t\u00ed poslanci setkali s ukrajinsk\u00fdmi poslanci. Politici p\u0159edstavili ot\u00e1zky, my\u0161lenky a o\u010dek\u00e1v\u00e1n\u00ed. Rozhovor\u016f je mnoho - od syst\u00e9mu integrace a vzd\u011bl\u00e1v\u00e1n\u00ed ukrajinsk\u00fdch d\u011bt\u00ed a\u017e po dod\u00e1vky \u00fato\u010dn\u00fdch zbran\u00ed na Ukrajinu. Z\u00e1sadn\u00ed ot\u00e1zky, jak p\u0159esv\u011bd\u010dit ve\u0159ejn\u00e9 m\u00edn\u011bn\u00ed a n\u011bkter\u00e9 vl\u00e1dy, aby konflikt internacionalizovaly. Jak zabr\u00e1nit lhostejnosti v\u016f\u010di v\u00e1lce? Je vize [...]<\/p>","protected":false},"author":21,"featured_media":25443,"comment_status":"open","ping_status":"open","sticky":false,"template":"","format":"standard","meta":{"ngg_post_thumbnail":0,"footnotes":""},"categories":[50,3],"tags":[],"class_list":["post-25438","post","type-post","status-publish","format-standard","has-post-thumbnail","hentry","category-wspolpraca-miedzynarodowa","category-wydarzenia"],"yoast_head":"<!-- This site is optimized with the Yoast SEO plugin v24.7 - https:\/\/yoast.com\/wordpress\/plugins\/seo\/ -->\n<title>Spotkanie z parlamentarzystami z Ukrainy &#8211; Marek Kuchci\u0144ski<\/title>\n<meta name=\"robots\" content=\"index, follow, max-snippet:-1, max-image-preview:large, max-video-preview:-1\" \/>\n<link rel=\"canonical\" href=\"https:\/\/marekkuchcinski.pl\/cs\/wydarzenia\/spotkanie-z-parlamentarzystami-z-ukrainy\/\" \/>\n<meta property=\"og:locale\" content=\"cs_CZ\" \/>\n<meta property=\"og:type\" content=\"article\" \/>\n<meta property=\"og:title\" content=\"Spotkanie z parlamentarzystami z Ukrainy &#8211; Marek Kuchci\u0144ski\" \/>\n<meta property=\"og:description\" content=\"Setnego dnia heroicznej walki Ukrainy polscy pos\u0142owie spotkali si\u0119 z ukrai\u0144skimi parlamentarzystami. Politycy przedstawili pytania, pomys\u0142y, oczekiwania. P\u0142aszczyzn rozmowy jest wiele \u2013 od systemu integracji i nauki dla ukrai\u0144skich dzieci po dostawy broni ofensywnej na Ukrain\u0119. Zasadnicze pytania, jak przekona\u0107 opini\u0119 publiczn\u0105 i niekt\u00f3re rz\u0105dy do umi\u0119dzynarodowienia konfliktu. Jak zapobiec zoboj\u0119tnieniu wobec wojny? Czy wizja [&hellip;]\" \/>\n<meta property=\"og:url\" content=\"https:\/\/marekkuchcinski.pl\/cs\/wydarzenia\/spotkanie-z-parlamentarzystami-z-ukrainy\/\" \/>\n<meta property=\"og:site_name\" content=\"Marek Kuchci\u0144ski\" \/>\n<meta property=\"article:published_time\" content=\"2022-06-03T21:55:00+00:00\" \/>\n<meta property=\"article:modified_time\" content=\"2022-06-05T18:15:20+00:00\" \/>\n<meta property=\"og:image\" content=\"https:\/\/marekkuchcinski.pl\/wp-content\/uploads\/2022\/06\/u11.jpg\" \/>\n\t<meta property=\"og:image:width\" content=\"1600\" \/>\n\t<meta property=\"og:image:height\" content=\"1067\" \/>\n\t<meta property=\"og:image:type\" content=\"image\/jpeg\" \/>\n<meta name=\"author\" content=\"Marta Olejnik\" \/>\n<meta name=\"twitter:card\" content=\"summary_large_image\" \/>\n<meta name=\"twitter:label1\" content=\"Napsal(a)\" \/>\n\t<meta name=\"twitter:data1\" content=\"Marta Olejnik\" \/>\n\t<meta name=\"twitter:label2\" content=\"Odhadovan\u00e1 doba \u010dten\u00ed\" \/>\n\t<meta name=\"twitter:data2\" content=\"3 minuty\" \/>\n<script type=\"application\/ld+json\" class=\"yoast-schema-graph\">{\"@context\":\"https:\/\/schema.org\",\"@graph\":[{\"@type\":\"Article\",\"@id\":\"https:\/\/marekkuchcinski.pl\/hu\/wydarzenia\/spotkanie-z-parlamentarzystami-z-ukrainy\/#article\",\"isPartOf\":{\"@id\":\"https:\/\/marekkuchcinski.pl\/hu\/wydarzenia\/spotkanie-z-parlamentarzystami-z-ukrainy\/\"},\"author\":{\"name\":\"Marta Olejnik\",\"@id\":\"https:\/\/marekkuchcinski.pl\/#\/schema\/person\/51d5d4ee3b5317b8e4dd2b48af359229\"},\"headline\":\"Spotkanie z parlamentarzystami z Ukrainy\",\"datePublished\":\"2022-06-03T21:55:00+00:00\",\"dateModified\":\"2022-06-05T18:15:20+00:00\",\"mainEntityOfPage\":{\"@id\":\"https:\/\/marekkuchcinski.pl\/hu\/wydarzenia\/spotkanie-z-parlamentarzystami-z-ukrainy\/\"},\"wordCount\":154,\"commentCount\":0,\"publisher\":{\"@id\":\"https:\/\/marekkuchcinski.pl\/#organization\"},\"image\":{\"@id\":\"https:\/\/marekkuchcinski.pl\/hu\/wydarzenia\/spotkanie-z-parlamentarzystami-z-ukrainy\/#primaryimage\"},\"thumbnailUrl\":\"https:\/\/marekkuchcinski.pl\/wp-content\/uploads\/2022\/06\/u11.jpg\",\"articleSection\":[\"Wsp\u00f3\u0142praca mi\u0119dzynarodowa\",\"Wydarzenia\"],\"inLanguage\":\"cs\",\"potentialAction\":[{\"@type\":\"CommentAction\",\"name\":\"Comment\",\"target\":[\"https:\/\/marekkuchcinski.pl\/hu\/wydarzenia\/spotkanie-z-parlamentarzystami-z-ukrainy\/#respond\"]}]},{\"@type\":\"WebPage\",\"@id\":\"https:\/\/marekkuchcinski.pl\/hu\/wydarzenia\/spotkanie-z-parlamentarzystami-z-ukrainy\/\",\"url\":\"https:\/\/marekkuchcinski.pl\/hu\/wydarzenia\/spotkanie-z-parlamentarzystami-z-ukrainy\/\",\"name\":\"Spotkanie z parlamentarzystami z Ukrainy &#8211; Marek Kuchci\u0144ski\",\"isPartOf\":{\"@id\":\"https:\/\/marekkuchcinski.pl\/#website\"},\"primaryImageOfPage\":{\"@id\":\"https:\/\/marekkuchcinski.pl\/hu\/wydarzenia\/spotkanie-z-parlamentarzystami-z-ukrainy\/#primaryimage\"},\"image\":{\"@id\":\"https:\/\/marekkuchcinski.pl\/hu\/wydarzenia\/spotkanie-z-parlamentarzystami-z-ukrainy\/#primaryimage\"},\"thumbnailUrl\":\"https:\/\/marekkuchcinski.pl\/wp-content\/uploads\/2022\/06\/u11.jpg\",\"datePublished\":\"2022-06-03T21:55:00+00:00\",\"dateModified\":\"2022-06-05T18:15:20+00:00\",\"breadcrumb\":{\"@id\":\"https:\/\/marekkuchcinski.pl\/hu\/wydarzenia\/spotkanie-z-parlamentarzystami-z-ukrainy\/#breadcrumb\"},\"inLanguage\":\"cs\",\"potentialAction\":[{\"@type\":\"ReadAction\",\"target\":[\"https:\/\/marekkuchcinski.pl\/hu\/wydarzenia\/spotkanie-z-parlamentarzystami-z-ukrainy\/\"]}]},{\"@type\":\"ImageObject\",\"inLanguage\":\"cs\",\"@id\":\"https:\/\/marekkuchcinski.pl\/hu\/wydarzenia\/spotkanie-z-parlamentarzystami-z-ukrainy\/#primaryimage\",\"url\":\"https:\/\/marekkuchcinski.pl\/wp-content\/uploads\/2022\/06\/u11.jpg\",\"contentUrl\":\"https:\/\/marekkuchcinski.pl\/wp-content\/uploads\/2022\/06\/u11.jpg\",\"width\":1600,\"height\":1067,\"caption\":\"rptnb\"},{\"@type\":\"BreadcrumbList\",\"@id\":\"https:\/\/marekkuchcinski.pl\/hu\/wydarzenia\/spotkanie-z-parlamentarzystami-z-ukrainy\/#breadcrumb\",\"itemListElement\":[{\"@type\":\"ListItem\",\"position\":1,\"name\":\"Strona g\u0142\u00f3wna\",\"item\":\"https:\/\/marekkuchcinski.pl\/\"},{\"@type\":\"ListItem\",\"position\":2,\"name\":\"Spotkanie z parlamentarzystami z Ukrainy\"}]},{\"@type\":\"WebSite\",\"@id\":\"https:\/\/marekkuchcinski.pl\/#website\",\"url\":\"https:\/\/marekkuchcinski.pl\/\",\"name\":\"Marek Kuchci\u0144ski\",\"description\":\"Pose\u0142 na sejm RP &ndash; okr\u0119g nr 22\",\"publisher\":{\"@id\":\"https:\/\/marekkuchcinski.pl\/#organization\"},\"potentialAction\":[{\"@type\":\"SearchAction\",\"target\":{\"@type\":\"EntryPoint\",\"urlTemplate\":\"https:\/\/marekkuchcinski.pl\/?s={search_term_string}\"},\"query-input\":{\"@type\":\"PropertyValueSpecification\",\"valueRequired\":true,\"valueName\":\"search_term_string\"}}],\"inLanguage\":\"cs\"},{\"@type\":\"Organization\",\"@id\":\"https:\/\/marekkuchcinski.pl\/#organization\",\"name\":\"Marek Kuchci\u0144ski\",\"url\":\"https:\/\/marekkuchcinski.pl\/\",\"logo\":{\"@type\":\"ImageObject\",\"inLanguage\":\"cs\",\"@id\":\"https:\/\/marekkuchcinski.pl\/#\/schema\/logo\/image\/\",\"url\":\"https:\/\/marekkuchcinski.pl\/wp-content\/uploads\/2022\/09\/Marek.jpg\",\"contentUrl\":\"https:\/\/marekkuchcinski.pl\/wp-content\/uploads\/2022\/09\/Marek.jpg\",\"width\":1600,\"height\":971,\"caption\":\"Marek Kuchci\u0144ski\"},\"image\":{\"@id\":\"https:\/\/marekkuchcinski.pl\/#\/schema\/logo\/image\/\"}},{\"@type\":\"Person\",\"@id\":\"https:\/\/marekkuchcinski.pl\/#\/schema\/person\/51d5d4ee3b5317b8e4dd2b48af359229\",\"name\":\"Marta Olejnik\",\"image\":{\"@type\":\"ImageObject\",\"inLanguage\":\"cs\",\"@id\":\"https:\/\/marekkuchcinski.pl\/#\/schema\/person\/image\/\",\"url\":\"https:\/\/secure.gravatar.com\/avatar\/e39914b2aa6a48959e24d475b5dc9793?s=96&d=mm&r=g\",\"contentUrl\":\"https:\/\/secure.gravatar.com\/avatar\/e39914b2aa6a48959e24d475b5dc9793?s=96&d=mm&r=g\",\"caption\":\"Marta Olejnik\"},\"url\":\"https:\/\/marekkuchcinski.pl\/cs\/author\/marta\/\"}]}<\/script>\n<!-- \/ Yoast SEO plugin. -->","yoast_head_json":{"title":"Spotkanie z parlamentarzystami z Ukrainy &#8211; Marek Kuchci\u0144ski","robots":{"index":"index","follow":"follow","max-snippet":"max-snippet:-1","max-image-preview":"max-image-preview:large","max-video-preview":"max-video-preview:-1"},"canonical":"https:\/\/marekkuchcinski.pl\/cs\/wydarzenia\/spotkanie-z-parlamentarzystami-z-ukrainy\/","og_locale":"cs_CZ","og_type":"article","og_title":"Spotkanie z parlamentarzystami z Ukrainy &#8211; Marek Kuchci\u0144ski","og_description":"Setnego dnia heroicznej walki Ukrainy polscy pos\u0142owie spotkali si\u0119 z ukrai\u0144skimi parlamentarzystami. Politycy przedstawili pytania, pomys\u0142y, oczekiwania. P\u0142aszczyzn rozmowy jest wiele \u2013 od systemu integracji i nauki dla ukrai\u0144skich dzieci po dostawy broni ofensywnej na Ukrain\u0119. Zasadnicze pytania, jak przekona\u0107 opini\u0119 publiczn\u0105 i niekt\u00f3re rz\u0105dy do umi\u0119dzynarodowienia konfliktu. Jak zapobiec zoboj\u0119tnieniu wobec wojny? Czy wizja [&hellip;]","og_url":"https:\/\/marekkuchcinski.pl\/cs\/wydarzenia\/spotkanie-z-parlamentarzystami-z-ukrainy\/","og_site_name":"Marek Kuchci\u0144ski","article_published_time":"2022-06-03T21:55:00+00:00","article_modified_time":"2022-06-05T18:15:20+00:00","og_image":[{"width":1600,"height":1067,"url":"https:\/\/marekkuchcinski.pl\/wp-content\/uploads\/2022\/06\/u11.jpg","type":"image\/jpeg"}],"author":"Marta Olejnik","twitter_card":"summary_large_image","twitter_misc":{"Napsal(a)":"Marta Olejnik","Odhadovan\u00e1 doba \u010dten\u00ed":"3 minuty"},"schema":{"@context":"https:\/\/schema.org","@graph":[{"@type":"Article","@id":"https:\/\/marekkuchcinski.pl\/hu\/wydarzenia\/spotkanie-z-parlamentarzystami-z-ukrainy\/#article","isPartOf":{"@id":"https:\/\/marekkuchcinski.pl\/hu\/wydarzenia\/spotkanie-z-parlamentarzystami-z-ukrainy\/"},"author":{"name":"Marta Olejnik","@id":"https:\/\/marekkuchcinski.pl\/#\/schema\/person\/51d5d4ee3b5317b8e4dd2b48af359229"},"headline":"Spotkanie z parlamentarzystami z Ukrainy","datePublished":"2022-06-03T21:55:00+00:00","dateModified":"2022-06-05T18:15:20+00:00","mainEntityOfPage":{"@id":"https:\/\/marekkuchcinski.pl\/hu\/wydarzenia\/spotkanie-z-parlamentarzystami-z-ukrainy\/"},"wordCount":154,"commentCount":0,"publisher":{"@id":"https:\/\/marekkuchcinski.pl\/#organization"},"image":{"@id":"https:\/\/marekkuchcinski.pl\/hu\/wydarzenia\/spotkanie-z-parlamentarzystami-z-ukrainy\/#primaryimage"},"thumbnailUrl":"https:\/\/marekkuchcinski.pl\/wp-content\/uploads\/2022\/06\/u11.jpg","articleSection":["Wsp\u00f3\u0142praca mi\u0119dzynarodowa","Wydarzenia"],"inLanguage":"cs","potentialAction":[{"@type":"CommentAction","name":"Comment","target":["https:\/\/marekkuchcinski.pl\/hu\/wydarzenia\/spotkanie-z-parlamentarzystami-z-ukrainy\/#respond"]}]},{"@type":"WebPage","@id":"https:\/\/marekkuchcinski.pl\/hu\/wydarzenia\/spotkanie-z-parlamentarzystami-z-ukrainy\/","url":"https:\/\/marekkuchcinski.pl\/hu\/wydarzenia\/spotkanie-z-parlamentarzystami-z-ukrainy\/","name":"Spotkanie z parlamentarzystami z Ukrainy &#8211; Marek Kuchci\u0144ski","isPartOf":{"@id":"https:\/\/marekkuchcinski.pl\/#website"},"primaryImageOfPage":{"@id":"https:\/\/marekkuchcinski.pl\/hu\/wydarzenia\/spotkanie-z-parlamentarzystami-z-ukrainy\/#primaryimage"},"image":{"@id":"https:\/\/marekkuchcinski.pl\/hu\/wydarzenia\/spotkanie-z-parlamentarzystami-z-ukrainy\/#primaryimage"},"thumbnailUrl":"https:\/\/marekkuchcinski.pl\/wp-content\/uploads\/2022\/06\/u11.jpg","datePublished":"2022-06-03T21:55:00+00:00","dateModified":"2022-06-05T18:15:20+00:00","breadcrumb":{"@id":"https:\/\/marekkuchcinski.pl\/hu\/wydarzenia\/spotkanie-z-parlamentarzystami-z-ukrainy\/#breadcrumb"},"inLanguage":"cs","potentialAction":[{"@type":"ReadAction","target":["https:\/\/marekkuchcinski.pl\/hu\/wydarzenia\/spotkanie-z-parlamentarzystami-z-ukrainy\/"]}]},{"@type":"ImageObject","inLanguage":"cs","@id":"https:\/\/marekkuchcinski.pl\/hu\/wydarzenia\/spotkanie-z-parlamentarzystami-z-ukrainy\/#primaryimage","url":"https:\/\/marekkuchcinski.pl\/wp-content\/uploads\/2022\/06\/u11.jpg","contentUrl":"https:\/\/marekkuchcinski.pl\/wp-content\/uploads\/2022\/06\/u11.jpg","width":1600,"height":1067,"caption":"rptnb"},{"@type":"BreadcrumbList","@id":"https:\/\/marekkuchcinski.pl\/hu\/wydarzenia\/spotkanie-z-parlamentarzystami-z-ukrainy\/#breadcrumb","itemListElement":[{"@type":"ListItem","position":1,"name":"Strona g\u0142\u00f3wna","item":"https:\/\/marekkuchcinski.pl\/"},{"@type":"ListItem","position":2,"name":"Spotkanie z parlamentarzystami z Ukrainy"}]},{"@type":"WebSite","@id":"https:\/\/marekkuchcinski.pl\/#website","url":"https:\/\/marekkuchcinski.pl\/","name":"Marek Kuchci\u0144ski","description":"Pose\u0142 na sejm RP &ndash; okr\u0119g nr 22","publisher":{"@id":"https:\/\/marekkuchcinski.pl\/#organization"},"potentialAction":[{"@type":"SearchAction","target":{"@type":"EntryPoint","urlTemplate":"https:\/\/marekkuchcinski.pl\/?s={search_term_string}"},"query-input":{"@type":"PropertyValueSpecification","valueRequired":true,"valueName":"search_term_string"}}],"inLanguage":"cs"},{"@type":"Organization","@id":"https:\/\/marekkuchcinski.pl\/#organization","name":"Marek Kuchci\u0144ski","url":"https:\/\/marekkuchcinski.pl\/","logo":{"@type":"ImageObject","inLanguage":"cs","@id":"https:\/\/marekkuchcinski.pl\/#\/schema\/logo\/image\/","url":"https:\/\/marekkuchcinski.pl\/wp-content\/uploads\/2022\/09\/Marek.jpg","contentUrl":"https:\/\/marekkuchcinski.pl\/wp-content\/uploads\/2022\/09\/Marek.jpg","width":1600,"height":971,"caption":"Marek Kuchci\u0144ski"},"image":{"@id":"https:\/\/marekkuchcinski.pl\/#\/schema\/logo\/image\/"}},{"@type":"Person","@id":"https:\/\/marekkuchcinski.pl\/#\/schema\/person\/51d5d4ee3b5317b8e4dd2b48af359229","name":"Marta Olejnik","image":{"@type":"ImageObject","inLanguage":"cs","@id":"https:\/\/marekkuchcinski.pl\/#\/schema\/person\/image\/","url":"https:\/\/secure.gravatar.com\/avatar\/e39914b2aa6a48959e24d475b5dc9793?s=96&d=mm&r=g","contentUrl":"https:\/\/secure.gravatar.com\/avatar\/e39914b2aa6a48959e24d475b5dc9793?s=96&d=mm&r=g","caption":"Marta Olejnik"},"url":"https:\/\/marekkuchcinski.pl\/cs\/author\/marta\/"}]}},"_links":{"self":[{"href":"https:\/\/marekkuchcinski.pl\/cs\/wp-json\/wp\/v2\/posts\/25438","targetHints":{"allow":["GET"]}}],"collection":[{"href":"https:\/\/marekkuchcinski.pl\/cs\/wp-json\/wp\/v2\/posts"}],"about":[{"href":"https:\/\/marekkuchcinski.pl\/cs\/wp-json\/wp\/v2\/types\/post"}],"author":[{"embeddable":true,"href":"https:\/\/marekkuchcinski.pl\/cs\/wp-json\/wp\/v2\/users\/21"}],"replies":[{"embeddable":true,"href":"https:\/\/marekkuchcinski.pl\/cs\/wp-json\/wp\/v2\/comments?post=25438"}],"version-history":[{"count":2,"href":"https:\/\/marekkuchcinski.pl\/cs\/wp-json\/wp\/v2\/posts\/25438\/revisions"}],"predecessor-version":[{"id":25451,"href":"https:\/\/marekkuchcinski.pl\/cs\/wp-json\/wp\/v2\/posts\/25438\/revisions\/25451"}],"wp:featuredmedia":[{"embeddable":true,"href":"https:\/\/marekkuchcinski.pl\/cs\/wp-json\/wp\/v2\/media\/25443"}],"wp:attachment":[{"href":"https:\/\/marekkuchcinski.pl\/cs\/wp-json\/wp\/v2\/media?parent=25438"}],"wp:term":[{"taxonomy":"category","embeddable":true,"href":"https:\/\/marekkuchcinski.pl\/cs\/wp-json\/wp\/v2\/categories?post=25438"},{"taxonomy":"post_tag","embeddable":true,"href":"https:\/\/marekkuchcinski.pl\/cs\/wp-json\/wp\/v2\/tags?post=25438"}],"curies":[{"name":"wp","href":"https:\/\/api.w.org\/{rel}","templated":true}]}}