{"id":25429,"date":"2022-06-02T16:34:33","date_gmt":"2022-06-02T14:34:33","guid":{"rendered":"https:\/\/marekkuchcinski.pl\/?p=25429"},"modified":"2022-06-02T16:34:35","modified_gmt":"2022-06-02T14:34:35","slug":"spotkanie-z-prezydium-komisji-kultury-litwy","status":"publish","type":"post","link":"https:\/\/marekkuchcinski.pl\/cs\/wydarzenia\/spotkanie-z-prezydium-komisji-kultury-litwy\/","title":{"rendered":"Spotkanie z prezydium Komisji Kultury Litwy"},"content":{"rendered":"<p class=\"wp-block-paragraph\">450 lat temu stanowili\u015bmy z Litw\u0105 jedno\u015b\u0107, kt\u00f3ra dawa\u0142a nam wielk\u0105 si\u0142\u0119. Dzi\u015b musimy si\u0119 zjednoczy\u0107 jak dawniej, bo si\u0142a jest nam potrzebna, by uchroni\u0107 nasze kraje przed agresorem. Mamy podobne cele, podobne warto\u015bci, korzenie, historyczne wi\u0119zi, kt\u00f3re daj\u0105 nam mo\u017cliwo\u015bci do zbudowania niezachwianego w posadach sojuszu. Dlatego tak wa\u017cne jest umacnianie inicjatyw takich jak Tr\u00f3jmorze czy lubelska czw\u00f3rka.<\/p>\n\n\n\n<p class=\"wp-block-paragraph\">1 czerwca przewodnicz\u0105cy Komisji Spraw Zagranicznych Marek Kuchci\u0144ski z marsza\u0142kiem Ryszardem Terleckim i przewodnicz\u0105cym Komisji Kultury pos\u0142em Piotrem Babinetzem go\u015bcili prezydium Komisji Kultury Litwy. W czasach wojen \u015bmier\u0107 nierozerwalnie wi\u0105\u017c\u0119 si\u0119 z nadziej\u0105, a w\u015br\u00f3d huk\u00f3w, krzyk\u00f3w i zniszcze\u0144 musi istnie\u0107 tak\u017ce cho\u0107 cz\u0105stka pi\u0119kna, muzyka, poezja, kt\u00f3re dadz\u0105 w\u0142a\u015bnie nadziej\u0119 i tchn\u0105 ducha walki.<\/p>\n\n\n\n<p class=\"wp-block-paragraph\">Marsza\u0142ek Kuchci\u0144ski podkre\u015bli\u0142, \u017ce wojna toczy si\u0119 ponadto nie tylko na froncie. Zr\u0119cznie konstruowana propaganda zatruwa my\u015bli. Dobra kultura jest niezwyci\u0119\u017calna. Ona stoi po stronie \u017cycia i prawdy.<\/p>\n\n\n\n<figure class=\"wp-block-image size-large\"><a href=\"https:\/\/marekkuchcinski.pl\/wp-content\/uploads\/2022\/06\/lw-1.jpg\"><img fetchpriority=\"high\" decoding=\"async\" width=\"1024\" height=\"868\" src=\"https:\/\/marekkuchcinski.pl\/wp-content\/uploads\/2022\/06\/lw-1-1024x868.jpg\" alt=\"\" class=\"wp-image-25431\" srcset=\"https:\/\/marekkuchcinski.pl\/wp-content\/uploads\/2022\/06\/lw-1-1024x868.jpg 1024w, https:\/\/marekkuchcinski.pl\/wp-content\/uploads\/2022\/06\/lw-1-300x254.jpg 300w, https:\/\/marekkuchcinski.pl\/wp-content\/uploads\/2022\/06\/lw-1-768x651.jpg 768w, https:\/\/marekkuchcinski.pl\/wp-content\/uploads\/2022\/06\/lw-1-14x12.jpg 14w, https:\/\/marekkuchcinski.pl\/wp-content\/uploads\/2022\/06\/lw-1.jpg 1440w\" sizes=\"(max-width: 1024px) 100vw, 1024px\" \/><\/a><\/figure>\n\n\n\n<figure class=\"wp-block-image size-large\"><a href=\"https:\/\/marekkuchcinski.pl\/wp-content\/uploads\/2022\/06\/lw1.jpg\"><img decoding=\"async\" width=\"1024\" height=\"696\" src=\"https:\/\/marekkuchcinski.pl\/wp-content\/uploads\/2022\/06\/lw1-1024x696.jpg\" alt=\"\" class=\"wp-image-25432\" srcset=\"https:\/\/marekkuchcinski.pl\/wp-content\/uploads\/2022\/06\/lw1-1024x696.jpg 1024w, https:\/\/marekkuchcinski.pl\/wp-content\/uploads\/2022\/06\/lw1-300x204.jpg 300w, https:\/\/marekkuchcinski.pl\/wp-content\/uploads\/2022\/06\/lw1-768x522.jpg 768w, https:\/\/marekkuchcinski.pl\/wp-content\/uploads\/2022\/06\/lw1-1536x1044.jpg 1536w, https:\/\/marekkuchcinski.pl\/wp-content\/uploads\/2022\/06\/lw1-18x12.jpg 18w, https:\/\/marekkuchcinski.pl\/wp-content\/uploads\/2022\/06\/lw1.jpg 1600w\" sizes=\"(max-width: 1024px) 100vw, 1024px\" \/><\/a><\/figure>\n\n\n\n<figure class=\"wp-block-image size-large\"><a href=\"https:\/\/marekkuchcinski.pl\/wp-content\/uploads\/2022\/06\/lw2.jpg\"><img decoding=\"async\" width=\"1024\" height=\"694\" src=\"https:\/\/marekkuchcinski.pl\/wp-content\/uploads\/2022\/06\/lw2-1024x694.jpg\" alt=\"\" class=\"wp-image-25433\" srcset=\"https:\/\/marekkuchcinski.pl\/wp-content\/uploads\/2022\/06\/lw2-1024x694.jpg 1024w, https:\/\/marekkuchcinski.pl\/wp-content\/uploads\/2022\/06\/lw2-300x203.jpg 300w, https:\/\/marekkuchcinski.pl\/wp-content\/uploads\/2022\/06\/lw2-768x520.jpg 768w, https:\/\/marekkuchcinski.pl\/wp-content\/uploads\/2022\/06\/lw2-1536x1041.jpg 1536w, https:\/\/marekkuchcinski.pl\/wp-content\/uploads\/2022\/06\/lw2-18x12.jpg 18w, https:\/\/marekkuchcinski.pl\/wp-content\/uploads\/2022\/06\/lw2.jpg 1600w\" sizes=\"(max-width: 1024px) 100vw, 1024px\" \/><\/a><\/figure>\n\n\n\n<figure class=\"wp-block-image size-large\"><a href=\"https:\/\/marekkuchcinski.pl\/wp-content\/uploads\/2022\/06\/lw3.jpeg\"><img loading=\"lazy\" decoding=\"async\" width=\"1024\" height=\"683\" src=\"https:\/\/marekkuchcinski.pl\/wp-content\/uploads\/2022\/06\/lw3-1024x683.jpeg\" alt=\"\" class=\"wp-image-25434\" srcset=\"https:\/\/marekkuchcinski.pl\/wp-content\/uploads\/2022\/06\/lw3-1024x683.jpeg 1024w, https:\/\/marekkuchcinski.pl\/wp-content\/uploads\/2022\/06\/lw3-300x200.jpeg 300w, https:\/\/marekkuchcinski.pl\/wp-content\/uploads\/2022\/06\/lw3-768x512.jpeg 768w, https:\/\/marekkuchcinski.pl\/wp-content\/uploads\/2022\/06\/lw3-1536x1024.jpeg 1536w, https:\/\/marekkuchcinski.pl\/wp-content\/uploads\/2022\/06\/lw3-18x12.jpeg 18w, https:\/\/marekkuchcinski.pl\/wp-content\/uploads\/2022\/06\/lw3.jpeg 1600w\" sizes=\"(max-width: 1024px) 100vw, 1024px\" \/><\/a><\/figure>","protected":false},"excerpt":{"rendered":"<p>450 lat temu stanowili\u015bmy z Litw\u0105 jedno\u015b\u0107, kt\u00f3ra dawa\u0142a nam wielk\u0105 si\u0142\u0119. Dzi\u015b musimy si\u0119 zjednoczy\u0107 jak dawniej, bo si\u0142a jest nam potrzebna, by uchroni\u0107 nasze kraje przed agresorem. Mamy podobne cele, podobne warto\u015bci, korzenie, historyczne wi\u0119zi, kt\u00f3re daj\u0105 nam mo\u017cliwo\u015bci do zbudowania niezachwianego w posadach sojuszu. Dlatego tak wa\u017cne jest umacnianie inicjatyw takich jak [&hellip;]<\/p>\n","protected":false},"author":3,"featured_media":25430,"comment_status":"open","ping_status":"open","sticky":false,"template":"","format":"standard","meta":{"ngg_post_thumbnail":0,"footnotes":""},"categories":[50,3],"tags":[],"class_list":["post-25429","post","type-post","status-publish","format-standard","has-post-thumbnail","hentry","category-wspolpraca-miedzynarodowa","category-wydarzenia"],"yoast_head":"<!-- This site is optimized with the Yoast SEO plugin v28.4 - https:\/\/yoast.com\/product\/yoast-seo-wordpress\/ -->\n<title>Spotkanie z prezydium Komisji Kultury Litwy &#8211; Marek Kuchci\u0144ski<\/title>\n<meta name=\"robots\" content=\"index, follow, max-snippet:-1, max-image-preview:large, max-video-preview:-1\" \/>\n<link rel=\"canonical\" href=\"https:\/\/marekkuchcinski.pl\/cs\/wydarzenia\/spotkanie-z-prezydium-komisji-kultury-litwy\/\" \/>\n<meta property=\"og:locale\" content=\"cs_CZ\" \/>\n<meta property=\"og:type\" content=\"article\" \/>\n<meta property=\"og:title\" content=\"Spotkanie z prezydium Komisji Kultury Litwy &#8211; Marek Kuchci\u0144ski\" \/>\n<meta property=\"og:description\" content=\"450 lat temu stanowili\u015bmy z Litw\u0105 jedno\u015b\u0107, kt\u00f3ra dawa\u0142a nam wielk\u0105 si\u0142\u0119. Dzi\u015b musimy si\u0119 zjednoczy\u0107 jak dawniej, bo si\u0142a jest nam potrzebna, by uchroni\u0107 nasze kraje przed agresorem. Mamy podobne cele, podobne warto\u015bci, korzenie, historyczne wi\u0119zi, kt\u00f3re daj\u0105 nam mo\u017cliwo\u015bci do zbudowania niezachwianego w posadach sojuszu. Dlatego tak wa\u017cne jest umacnianie inicjatyw takich jak [&hellip;]\" \/>\n<meta property=\"og:url\" content=\"https:\/\/marekkuchcinski.pl\/cs\/wydarzenia\/spotkanie-z-prezydium-komisji-kultury-litwy\/\" \/>\n<meta property=\"og:site_name\" content=\"Marek Kuchci\u0144ski\" \/>\n<meta property=\"article:published_time\" content=\"2022-06-02T14:34:33+00:00\" \/>\n<meta property=\"article:modified_time\" content=\"2022-06-02T14:34:35+00:00\" \/>\n<meta property=\"og:image\" content=\"https:\/\/marekkuchcinski.pl\/wp-content\/uploads\/2022\/06\/lw.jpg\" \/>\n\t<meta property=\"og:image:width\" content=\"1440\" \/>\n\t<meta property=\"og:image:height\" content=\"1221\" \/>\n\t<meta property=\"og:image:type\" content=\"image\/jpeg\" \/>\n<meta name=\"author\" content=\"Marta Olejnik\" \/>\n<meta name=\"twitter:card\" content=\"summary_large_image\" \/>\n<meta name=\"twitter:label1\" content=\"Written by\" \/>\n\t<meta name=\"twitter:data1\" content=\"Marta Olejnik\" \/>\n\t<meta name=\"twitter:label2\" content=\"Est. reading time\" \/>\n\t<meta name=\"twitter:data2\" content=\"2 minutes\" \/>\n<script type=\"application\/ld+json\" class=\"yoast-schema-graph\">{\"@context\":\"https:\\\/\\\/schema.org\",\"@graph\":[{\"@type\":\"Article\",\"@id\":\"https:\\\/\\\/marekkuchcinski.pl\\\/wydarzenia\\\/spotkanie-z-prezydium-komisji-kultury-litwy\\\/#article\",\"isPartOf\":{\"@id\":\"https:\\\/\\\/marekkuchcinski.pl\\\/wydarzenia\\\/spotkanie-z-prezydium-komisji-kultury-litwy\\\/\"},\"author\":{\"name\":\"Marta Olejnik\",\"@id\":\"https:\\\/\\\/marekkuchcinski.pl\\\/#\\\/schema\\\/person\\\/bd3f15dee67fee76e83c8350d0154101\"},\"headline\":\"Spotkanie z prezydium Komisji Kultury Litwy\",\"datePublished\":\"2022-06-02T14:34:33+00:00\",\"dateModified\":\"2022-06-02T14:34:35+00:00\",\"mainEntityOfPage\":{\"@id\":\"https:\\\/\\\/marekkuchcinski.pl\\\/wydarzenia\\\/spotkanie-z-prezydium-komisji-kultury-litwy\\\/\"},\"wordCount\":180,\"commentCount\":0,\"publisher\":{\"@id\":\"https:\\\/\\\/marekkuchcinski.pl\\\/#organization\"},\"image\":{\"@id\":\"https:\\\/\\\/marekkuchcinski.pl\\\/wydarzenia\\\/spotkanie-z-prezydium-komisji-kultury-litwy\\\/#primaryimage\"},\"thumbnailUrl\":\"https:\\\/\\\/marekkuchcinski.pl\\\/wp-content\\\/uploads\\\/2022\\\/06\\\/lw.jpg\",\"articleSection\":[\"Wsp\u00f3\u0142praca mi\u0119dzynarodowa\",\"Wydarzenia\"],\"inLanguage\":\"cs-CZ\",\"potentialAction\":[{\"@type\":\"CommentAction\",\"name\":\"Comment\",\"target\":[\"https:\\\/\\\/marekkuchcinski.pl\\\/wydarzenia\\\/spotkanie-z-prezydium-komisji-kultury-litwy\\\/#respond\"]}]},{\"@type\":\"WebPage\",\"@id\":\"https:\\\/\\\/marekkuchcinski.pl\\\/wydarzenia\\\/spotkanie-z-prezydium-komisji-kultury-litwy\\\/\",\"url\":\"https:\\\/\\\/marekkuchcinski.pl\\\/wydarzenia\\\/spotkanie-z-prezydium-komisji-kultury-litwy\\\/\",\"name\":\"Spotkanie z prezydium Komisji Kultury Litwy &#8211; Marek Kuchci\u0144ski\",\"isPartOf\":{\"@id\":\"https:\\\/\\\/marekkuchcinski.pl\\\/#website\"},\"primaryImageOfPage\":{\"@id\":\"https:\\\/\\\/marekkuchcinski.pl\\\/wydarzenia\\\/spotkanie-z-prezydium-komisji-kultury-litwy\\\/#primaryimage\"},\"image\":{\"@id\":\"https:\\\/\\\/marekkuchcinski.pl\\\/wydarzenia\\\/spotkanie-z-prezydium-komisji-kultury-litwy\\\/#primaryimage\"},\"thumbnailUrl\":\"https:\\\/\\\/marekkuchcinski.pl\\\/wp-content\\\/uploads\\\/2022\\\/06\\\/lw.jpg\",\"datePublished\":\"2022-06-02T14:34:33+00:00\",\"dateModified\":\"2022-06-02T14:34:35+00:00\",\"breadcrumb\":{\"@id\":\"https:\\\/\\\/marekkuchcinski.pl\\\/wydarzenia\\\/spotkanie-z-prezydium-komisji-kultury-litwy\\\/#breadcrumb\"},\"inLanguage\":\"cs-CZ\",\"potentialAction\":[{\"@type\":\"ReadAction\",\"target\":[\"https:\\\/\\\/marekkuchcinski.pl\\\/wydarzenia\\\/spotkanie-z-prezydium-komisji-kultury-litwy\\\/\"]}]},{\"@type\":\"ImageObject\",\"inLanguage\":\"cs-CZ\",\"@id\":\"https:\\\/\\\/marekkuchcinski.pl\\\/wydarzenia\\\/spotkanie-z-prezydium-komisji-kultury-litwy\\\/#primaryimage\",\"url\":\"https:\\\/\\\/marekkuchcinski.pl\\\/wp-content\\\/uploads\\\/2022\\\/06\\\/lw.jpg\",\"contentUrl\":\"https:\\\/\\\/marekkuchcinski.pl\\\/wp-content\\\/uploads\\\/2022\\\/06\\\/lw.jpg\",\"width\":1440,\"height\":1221},{\"@type\":\"BreadcrumbList\",\"@id\":\"https:\\\/\\\/marekkuchcinski.pl\\\/wydarzenia\\\/spotkanie-z-prezydium-komisji-kultury-litwy\\\/#breadcrumb\",\"itemListElement\":[{\"@type\":\"ListItem\",\"position\":1,\"name\":\"Strona g\u0142\u00f3wna\",\"item\":\"https:\\\/\\\/marekkuchcinski.pl\\\/\"},{\"@type\":\"ListItem\",\"position\":2,\"name\":\"Spotkanie z prezydium Komisji Kultury Litwy\"}]},{\"@type\":\"WebSite\",\"@id\":\"https:\\\/\\\/marekkuchcinski.pl\\\/#website\",\"url\":\"https:\\\/\\\/marekkuchcinski.pl\\\/\",\"name\":\"Marek Kuchci\u0144ski\",\"description\":\"Marek Kuchci\u0144ski \",\"publisher\":{\"@id\":\"https:\\\/\\\/marekkuchcinski.pl\\\/#organization\"},\"potentialAction\":[{\"@type\":\"SearchAction\",\"target\":{\"@type\":\"EntryPoint\",\"urlTemplate\":\"https:\\\/\\\/marekkuchcinski.pl\\\/?s={search_term_string}\"},\"query-input\":{\"@type\":\"PropertyValueSpecification\",\"valueRequired\":true,\"valueName\":\"search_term_string\"}}],\"inLanguage\":\"cs-CZ\"},{\"@type\":\"Organization\",\"@id\":\"https:\\\/\\\/marekkuchcinski.pl\\\/#organization\",\"name\":\"Marek Kuchci\u0144ski\",\"url\":\"https:\\\/\\\/marekkuchcinski.pl\\\/\",\"logo\":{\"@type\":\"ImageObject\",\"inLanguage\":\"cs-CZ\",\"@id\":\"https:\\\/\\\/marekkuchcinski.pl\\\/#\\\/schema\\\/logo\\\/image\\\/\",\"url\":\"https:\\\/\\\/marekkuchcinski.pl\\\/wp-content\\\/uploads\\\/2022\\\/09\\\/Marek.jpg\",\"contentUrl\":\"https:\\\/\\\/marekkuchcinski.pl\\\/wp-content\\\/uploads\\\/2022\\\/09\\\/Marek.jpg\",\"width\":1600,\"height\":971,\"caption\":\"Marek Kuchci\u0144ski\"},\"image\":{\"@id\":\"https:\\\/\\\/marekkuchcinski.pl\\\/#\\\/schema\\\/logo\\\/image\\\/\"}},{\"@type\":\"Person\",\"@id\":\"https:\\\/\\\/marekkuchcinski.pl\\\/#\\\/schema\\\/person\\\/bd3f15dee67fee76e83c8350d0154101\",\"name\":\"Marta Olejnik\",\"image\":{\"@type\":\"ImageObject\",\"inLanguage\":\"cs-CZ\",\"@id\":\"https:\\\/\\\/secure.gravatar.com\\\/avatar\\\/24754edd6080383402e292374b406b553027d572e97d60e7aa89a6940e88659a?s=96&d=mm&r=g\",\"url\":\"https:\\\/\\\/secure.gravatar.com\\\/avatar\\\/24754edd6080383402e292374b406b553027d572e97d60e7aa89a6940e88659a?s=96&d=mm&r=g\",\"contentUrl\":\"https:\\\/\\\/secure.gravatar.com\\\/avatar\\\/24754edd6080383402e292374b406b553027d572e97d60e7aa89a6940e88659a?s=96&d=mm&r=g\",\"caption\":\"Marta Olejnik\"},\"url\":\"https:\\\/\\\/marekkuchcinski.pl\\\/cs\\\/author\\\/marta\\\/\"}]}<\/script>\n<!-- \/ Yoast SEO plugin. -->","yoast_head_json":{"title":"Spotkanie z prezydium Komisji Kultury Litwy &#8211; Marek Kuchci\u0144ski","robots":{"index":"index","follow":"follow","max-snippet":"max-snippet:-1","max-image-preview":"max-image-preview:large","max-video-preview":"max-video-preview:-1"},"canonical":"https:\/\/marekkuchcinski.pl\/cs\/wydarzenia\/spotkanie-z-prezydium-komisji-kultury-litwy\/","og_locale":"cs_CZ","og_type":"article","og_title":"Spotkanie z prezydium Komisji Kultury Litwy &#8211; Marek Kuchci\u0144ski","og_description":"450 lat temu stanowili\u015bmy z Litw\u0105 jedno\u015b\u0107, kt\u00f3ra dawa\u0142a nam wielk\u0105 si\u0142\u0119. Dzi\u015b musimy si\u0119 zjednoczy\u0107 jak dawniej, bo si\u0142a jest nam potrzebna, by uchroni\u0107 nasze kraje przed agresorem. Mamy podobne cele, podobne warto\u015bci, korzenie, historyczne wi\u0119zi, kt\u00f3re daj\u0105 nam mo\u017cliwo\u015bci do zbudowania niezachwianego w posadach sojuszu. Dlatego tak wa\u017cne jest umacnianie inicjatyw takich jak [&hellip;]","og_url":"https:\/\/marekkuchcinski.pl\/cs\/wydarzenia\/spotkanie-z-prezydium-komisji-kultury-litwy\/","og_site_name":"Marek Kuchci\u0144ski","article_published_time":"2022-06-02T14:34:33+00:00","article_modified_time":"2022-06-02T14:34:35+00:00","og_image":[{"width":1440,"height":1221,"url":"https:\/\/marekkuchcinski.pl\/wp-content\/uploads\/2022\/06\/lw.jpg","type":"image\/jpeg"}],"author":"Marta Olejnik","twitter_card":"summary_large_image","twitter_misc":{"Written by":"Marta Olejnik","Est. reading time":"2 minutes"},"schema":{"@context":"https:\/\/schema.org","@graph":[{"@type":"Article","@id":"https:\/\/marekkuchcinski.pl\/wydarzenia\/spotkanie-z-prezydium-komisji-kultury-litwy\/#article","isPartOf":{"@id":"https:\/\/marekkuchcinski.pl\/wydarzenia\/spotkanie-z-prezydium-komisji-kultury-litwy\/"},"author":{"name":"Marta Olejnik","@id":"https:\/\/marekkuchcinski.pl\/#\/schema\/person\/bd3f15dee67fee76e83c8350d0154101"},"headline":"Spotkanie z prezydium Komisji Kultury Litwy","datePublished":"2022-06-02T14:34:33+00:00","dateModified":"2022-06-02T14:34:35+00:00","mainEntityOfPage":{"@id":"https:\/\/marekkuchcinski.pl\/wydarzenia\/spotkanie-z-prezydium-komisji-kultury-litwy\/"},"wordCount":180,"commentCount":0,"publisher":{"@id":"https:\/\/marekkuchcinski.pl\/#organization"},"image":{"@id":"https:\/\/marekkuchcinski.pl\/wydarzenia\/spotkanie-z-prezydium-komisji-kultury-litwy\/#primaryimage"},"thumbnailUrl":"https:\/\/marekkuchcinski.pl\/wp-content\/uploads\/2022\/06\/lw.jpg","articleSection":["Wsp\u00f3\u0142praca mi\u0119dzynarodowa","Wydarzenia"],"inLanguage":"cs-CZ","potentialAction":[{"@type":"CommentAction","name":"Comment","target":["https:\/\/marekkuchcinski.pl\/wydarzenia\/spotkanie-z-prezydium-komisji-kultury-litwy\/#respond"]}]},{"@type":"WebPage","@id":"https:\/\/marekkuchcinski.pl\/wydarzenia\/spotkanie-z-prezydium-komisji-kultury-litwy\/","url":"https:\/\/marekkuchcinski.pl\/wydarzenia\/spotkanie-z-prezydium-komisji-kultury-litwy\/","name":"Spotkanie z prezydium Komisji Kultury Litwy &#8211; Marek Kuchci\u0144ski","isPartOf":{"@id":"https:\/\/marekkuchcinski.pl\/#website"},"primaryImageOfPage":{"@id":"https:\/\/marekkuchcinski.pl\/wydarzenia\/spotkanie-z-prezydium-komisji-kultury-litwy\/#primaryimage"},"image":{"@id":"https:\/\/marekkuchcinski.pl\/wydarzenia\/spotkanie-z-prezydium-komisji-kultury-litwy\/#primaryimage"},"thumbnailUrl":"https:\/\/marekkuchcinski.pl\/wp-content\/uploads\/2022\/06\/lw.jpg","datePublished":"2022-06-02T14:34:33+00:00","dateModified":"2022-06-02T14:34:35+00:00","breadcrumb":{"@id":"https:\/\/marekkuchcinski.pl\/wydarzenia\/spotkanie-z-prezydium-komisji-kultury-litwy\/#breadcrumb"},"inLanguage":"cs-CZ","potentialAction":[{"@type":"ReadAction","target":["https:\/\/marekkuchcinski.pl\/wydarzenia\/spotkanie-z-prezydium-komisji-kultury-litwy\/"]}]},{"@type":"ImageObject","inLanguage":"cs-CZ","@id":"https:\/\/marekkuchcinski.pl\/wydarzenia\/spotkanie-z-prezydium-komisji-kultury-litwy\/#primaryimage","url":"https:\/\/marekkuchcinski.pl\/wp-content\/uploads\/2022\/06\/lw.jpg","contentUrl":"https:\/\/marekkuchcinski.pl\/wp-content\/uploads\/2022\/06\/lw.jpg","width":1440,"height":1221},{"@type":"BreadcrumbList","@id":"https:\/\/marekkuchcinski.pl\/wydarzenia\/spotkanie-z-prezydium-komisji-kultury-litwy\/#breadcrumb","itemListElement":[{"@type":"ListItem","position":1,"name":"Strona g\u0142\u00f3wna","item":"https:\/\/marekkuchcinski.pl\/"},{"@type":"ListItem","position":2,"name":"Spotkanie z prezydium Komisji Kultury Litwy"}]},{"@type":"WebSite","@id":"https:\/\/marekkuchcinski.pl\/#website","url":"https:\/\/marekkuchcinski.pl\/","name":"Marek Kuchci\u0144ski","description":"Marek Kuchci\u0144ski","publisher":{"@id":"https:\/\/marekkuchcinski.pl\/#organization"},"potentialAction":[{"@type":"SearchAction","target":{"@type":"EntryPoint","urlTemplate":"https:\/\/marekkuchcinski.pl\/?s={search_term_string}"},"query-input":{"@type":"PropertyValueSpecification","valueRequired":true,"valueName":"search_term_string"}}],"inLanguage":"cs-CZ"},{"@type":"Organization","@id":"https:\/\/marekkuchcinski.pl\/#organization","name":"Marek Kuchci\u0144ski","url":"https:\/\/marekkuchcinski.pl\/","logo":{"@type":"ImageObject","inLanguage":"cs-CZ","@id":"https:\/\/marekkuchcinski.pl\/#\/schema\/logo\/image\/","url":"https:\/\/marekkuchcinski.pl\/wp-content\/uploads\/2022\/09\/Marek.jpg","contentUrl":"https:\/\/marekkuchcinski.pl\/wp-content\/uploads\/2022\/09\/Marek.jpg","width":1600,"height":971,"caption":"Marek Kuchci\u0144ski"},"image":{"@id":"https:\/\/marekkuchcinski.pl\/#\/schema\/logo\/image\/"}},{"@type":"Person","@id":"https:\/\/marekkuchcinski.pl\/#\/schema\/person\/bd3f15dee67fee76e83c8350d0154101","name":"Marta Olejnik","image":{"@type":"ImageObject","inLanguage":"cs-CZ","@id":"https:\/\/secure.gravatar.com\/avatar\/24754edd6080383402e292374b406b553027d572e97d60e7aa89a6940e88659a?s=96&d=mm&r=g","url":"https:\/\/secure.gravatar.com\/avatar\/24754edd6080383402e292374b406b553027d572e97d60e7aa89a6940e88659a?s=96&d=mm&r=g","contentUrl":"https:\/\/secure.gravatar.com\/avatar\/24754edd6080383402e292374b406b553027d572e97d60e7aa89a6940e88659a?s=96&d=mm&r=g","caption":"Marta Olejnik"},"url":"https:\/\/marekkuchcinski.pl\/cs\/author\/marta\/"}]}},"_links":{"self":[{"href":"https:\/\/marekkuchcinski.pl\/cs\/wp-json\/wp\/v2\/posts\/25429","targetHints":{"allow":["GET"]}}],"collection":[{"href":"https:\/\/marekkuchcinski.pl\/cs\/wp-json\/wp\/v2\/posts"}],"about":[{"href":"https:\/\/marekkuchcinski.pl\/cs\/wp-json\/wp\/v2\/types\/post"}],"author":[{"embeddable":true,"href":"https:\/\/marekkuchcinski.pl\/cs\/wp-json\/wp\/v2\/users\/3"}],"replies":[{"embeddable":true,"href":"https:\/\/marekkuchcinski.pl\/cs\/wp-json\/wp\/v2\/comments?post=25429"}],"version-history":[{"count":1,"href":"https:\/\/marekkuchcinski.pl\/cs\/wp-json\/wp\/v2\/posts\/25429\/revisions"}],"predecessor-version":[{"id":25435,"href":"https:\/\/marekkuchcinski.pl\/cs\/wp-json\/wp\/v2\/posts\/25429\/revisions\/25435"}],"wp:featuredmedia":[{"embeddable":true,"href":"https:\/\/marekkuchcinski.pl\/cs\/wp-json\/wp\/v2\/media\/25430"}],"wp:attachment":[{"href":"https:\/\/marekkuchcinski.pl\/cs\/wp-json\/wp\/v2\/media?parent=25429"}],"wp:term":[{"taxonomy":"category","embeddable":true,"href":"https:\/\/marekkuchcinski.pl\/cs\/wp-json\/wp\/v2\/categories?post=25429"},{"taxonomy":"post_tag","embeddable":true,"href":"https:\/\/marekkuchcinski.pl\/cs\/wp-json\/wp\/v2\/tags?post=25429"}],"curies":[{"name":"wp","href":"https:\/\/api.w.org\/{rel}","templated":true}]}}