{"id":24740,"date":"2022-04-25T22:22:37","date_gmt":"2022-04-25T20:22:37","guid":{"rendered":"https:\/\/marekkuchcinski.pl\/?p=24740"},"modified":"2022-04-25T22:22:38","modified_gmt":"2022-04-25T20:22:38","slug":"oswiadczenie-przewodniczacych-komisji-spraw-zagranicznych-w-sprawie-dostaw-broni-na-ukraine","status":"publish","type":"post","link":"https:\/\/marekkuchcinski.pl\/cs\/wydarzenia\/oswiadczenie-przewodniczacych-komisji-spraw-zagranicznych-w-sprawie-dostaw-broni-na-ukraine\/","title":{"rendered":"Prohl\u00e1\u0161en\u00ed p\u0159edsed\u016f zahrani\u010dn\u00edho v\u00fdboru k dod\u00e1vk\u00e1m zbran\u00ed Ukrajin\u011b"},"content":{"rendered":"<p>My, p\u0159edsedov\u00e9 zahrani\u010dn\u00edch v\u00fdbor\u016f na\u0161ich zem\u00ed (Polska, Ukrajiny, Litvy, Loty\u0161ska a Estonska):<\/p>\n\n\n\n<p>- Znovu opakujeme n\u00e1\u0161 naprost\u00fd nesouhlas a d\u016frazn\u00e9 odsouzen\u00ed nevyprovokovan\u00e9ho \u00fatoku.<br>a neopr\u00e1vn\u011bnou vojenskou agresi Rusk\u00e9 federace proti Ukrajin\u011b.<br>24. \u00fanora 2022;<\/p>\n\n\n\n<p>- P\u0159ipom\u00edn\u00e1me, \u017ee od 20. \u00fanora 2014. Rusko poru\u0161uje svrchovanost, nez\u00e1vislost a svobodu.<br>a \u00fazemn\u00ed celistvosti Ukrajiny t\u00edm, \u017ee napadli a nez\u00e1konn\u011b obsadili Ukrajinskou autonomn\u00ed republiku Krym, m\u011bsto Sevastopol a \u010d\u00e1sti Don\u011bck\u00e9 a Luhansk\u00e9 oblasti;<\/p>\n\n\n\n<p>- Zd\u016fraz\u0148uje neot\u0159esiteln\u00e9 pr\u00e1vo Ukrajiny na sebeobranu podle \u010dl\u00e1nku 51 Charty OSN, kter\u00e9 Ukrajina uplatnila;<\/p>\n\n\n\n<p>- P\u0159esv\u011bd\u010den\u00ed, \u017ee svobodn\u00e1 a demokratick\u00e1 Ukrajina je z\u00e1sadn\u00ed pro m\u00edr, bezpe\u010dnost a stabilitu v cel\u00e9 Evrop\u011b;<\/p>\n\n\n\n<p>- S ohledem na nepopiratelnou vojenskou p\u0159evahu Ruska nad Ukrajinou, pokud jde o mno\u017estv\u00ed t\u011b\u017ek\u00fdch zbran\u00ed, kter\u00e9 z\u016fst\u00e1vaj\u00ed v provozu i po vojensk\u00fdch por\u00e1\u017ek\u00e1ch Ruska na Ukrajin\u011b,<\/p>\n\n\n\n<p>doch\u00e1z\u00edme k n\u00e1sleduj\u00edc\u00edm z\u00e1v\u011br\u016fm:<\/p>\n\n\n\n<p>1. oce\u0148ujeme odvahu ukrajinsk\u00fdch ozbrojen\u00fdch sil a v\u0161ech ukrajinsk\u00fdch ob\u010dan\u016f, kte\u0159\u00ed br\u00e1n\u00ed svou zemi p\u0159ed p\u0159esilou rusk\u00fdch vojsk;<\/p>\n\n\n\n<p>2. zd\u016fraz\u0148ujeme, \u017ee Ukrajina mus\u00ed v t\u00e9to v\u00e1lce zv\u00edt\u011bzit a obnovit svou svrchovanost a \u00fazemn\u00ed celistvost v r\u00e1mci mezin\u00e1rodn\u011b uznan\u00fdch hranic, mimo jin\u00e9 t\u00edm, \u017ee v\u0161em totalitn\u00edm re\u017eim\u016fm p\u0159ipomeneme, \u017ee jak\u00e9koli pou\u017eit\u00ed s\u00edly nebo hrozba silou jsou v 21. stolet\u00ed nep\u0159ijateln\u00e9;<\/p>\n\n\n\n<p>3. zd\u016fraz\u0148ujeme, \u017ee ukrajinsk\u00e1 arm\u00e1da pot\u0159ebuje nal\u00e9hav\u011b a z\u00e1sadn\u011b dodat t\u011b\u017ek\u00e9 zbran\u011b,<br>v\u010detn\u011b d\u011blost\u0159electva, tank\u016f, obrn\u011bn\u00fdch vozidel, MLRS a vhodn\u00e9 munice, aby bylo mo\u017en\u00e9 porazit rusk\u00e9 jednotky, kter\u00e9 se st\u00e1le nach\u00e1zej\u00ed na ukrajinsk\u00e9m \u00fazem\u00ed;<\/p>\n\n\n\n<p>4. Vyz\u00fdv\u00e1me na\u0161e spojence a partnery, aby zv\u00fd\u0161ili vojenskou podporu.<br>a technickou pomoc Ukrajin\u011b a urychlit adekv\u00e1tn\u00ed dod\u00e1vky v souvislosti s roz\u0161i\u0159uj\u00edc\u00ed se a s\u00edl\u00edc\u00ed agres\u00ed Ruska v\u016f\u010di Ukrajin\u011b;<\/p>\n\n\n\n<p>5. vyz\u00fdv\u00e1me Ruskou federaci, aby zastavila agresi proti Ukrajin\u011b a st\u00e1hla sv\u00e1 vojska.<br>ze svrchovan\u00e9ho \u00fazem\u00ed Ukrajiny, n\u00e1vrat k z\u00e1sad\u00e1m mezin\u00e1rodn\u00edho pr\u00e1va.<br>a od\u0161kodnit Ukrajinu za ve\u0161ker\u00e9 ztr\u00e1ty zp\u016fsoben\u00e9 v\u00e1lkou ze strany Ruska.<br><\/p>\n\n\n\n<figure class=\"wp-block-image size-large\"><a href=\"https:\/\/marekkuchcinski.pl\/wp-content\/uploads\/2022\/04\/a349161b728aa97de3c75f9bb67d55cf-0-scaled.jpg\"><img fetchpriority=\"high\" decoding=\"async\" width=\"724\" height=\"1024\" src=\"https:\/\/marekkuchcinski.pl\/wp-content\/uploads\/2022\/04\/a349161b728aa97de3c75f9bb67d55cf-0-724x1024.jpg\" alt=\"\" class=\"wp-image-24780\" srcset=\"https:\/\/marekkuchcinski.pl\/wp-content\/uploads\/2022\/04\/a349161b728aa97de3c75f9bb67d55cf-0-724x1024.jpg 724w, https:\/\/marekkuchcinski.pl\/wp-content\/uploads\/2022\/04\/a349161b728aa97de3c75f9bb67d55cf-0-212x300.jpg 212w, https:\/\/marekkuchcinski.pl\/wp-content\/uploads\/2022\/04\/a349161b728aa97de3c75f9bb67d55cf-0-768x1086.jpg 768w, https:\/\/marekkuchcinski.pl\/wp-content\/uploads\/2022\/04\/a349161b728aa97de3c75f9bb67d55cf-0-1086x1536.jpg 1086w, https:\/\/marekkuchcinski.pl\/wp-content\/uploads\/2022\/04\/a349161b728aa97de3c75f9bb67d55cf-0-scaled.jpg 1448w, https:\/\/marekkuchcinski.pl\/wp-content\/uploads\/2022\/04\/a349161b728aa97de3c75f9bb67d55cf-0-8x12.jpg 8w\" sizes=\"(max-width: 724px) 100vw, 724px\" \/><\/a><\/figure>","protected":false},"excerpt":{"rendered":"<p>My, p\u0159edsedov\u00e9 zahrani\u010dn\u00edch v\u00fdbor\u016f na\u0161ich zem\u00ed (Polska, Ukrajiny, Litvy, Loty\u0161ska a Estonska): - opakujeme, \u017ee jsme zcela proti nevyprovokovan\u00e9 a neopr\u00e1vn\u011bn\u00e9 vojensk\u00e9 agresi, kterou Rusk\u00e1 federace rozpoutala 24. \u00fanora 2022 proti Ukrajin\u011b, a d\u016frazn\u011b ji odsuzujeme; - p\u0159ipom\u00edn\u00e1me, \u017ee od 20. \u00fanora 2014. Rusko poru\u0161uje svrchovanost, nez\u00e1vislost a \u00fazemn\u00ed celistvost Ukrajiny t\u00edm, \u017ee napad\u00e1 a nez\u00e1konn\u011b okupuje [...]<\/p>","protected":false},"author":21,"featured_media":24782,"comment_status":"open","ping_status":"open","sticky":false,"template":"","format":"standard","meta":{"ngg_post_thumbnail":0,"footnotes":""},"categories":[50,3],"tags":[],"class_list":["post-24740","post","type-post","status-publish","format-standard","has-post-thumbnail","hentry","category-wspolpraca-miedzynarodowa","category-wydarzenia"],"yoast_head":"<!-- This site is optimized with the Yoast SEO plugin v24.7 - https:\/\/yoast.com\/wordpress\/plugins\/seo\/ -->\n<title>O\u015bwiadczenie przewodnicz\u0105cych Komisji Spraw Zagranicznych w sprawie dostaw broni na Ukrain\u0119 &#8211; Marek Kuchci\u0144ski<\/title>\n<meta name=\"robots\" content=\"index, follow, max-snippet:-1, max-image-preview:large, max-video-preview:-1\" \/>\n<link rel=\"canonical\" href=\"https:\/\/marekkuchcinski.pl\/cs\/wydarzenia\/oswiadczenie-przewodniczacych-komisji-spraw-zagranicznych-w-sprawie-dostaw-broni-na-ukraine\/\" \/>\n<meta property=\"og:locale\" content=\"cs_CZ\" \/>\n<meta property=\"og:type\" content=\"article\" \/>\n<meta property=\"og:title\" content=\"O\u015bwiadczenie przewodnicz\u0105cych Komisji Spraw Zagranicznych w sprawie dostaw broni na Ukrain\u0119 &#8211; Marek Kuchci\u0144ski\" \/>\n<meta property=\"og:description\" content=\"My, przewodnicz\u0105cy Komisji Spraw Zagranicznych naszych kraj\u00f3w (Polski, Ukrainy, Litwy, \u0141otwy i Estonii): \u2022 Ponawiaj\u0105c nasz ca\u0142kowity sprzeciw i zdecydowane pot\u0119pienie niesprowokowaneji nieuzasadnionej agresji wojennej, wywo\u0142anej przez Federacj\u0119 Rosyjsk\u0105 przeciwko Ukrainiew dniu 24 lutego 2022 r.; \u2022 Przypominaj\u0105c, \u017ce od 20 lutego 2014 r. Rosja narusza suwerenno\u015b\u0107, niepodleg\u0142o\u015b\u0107i integralno\u015b\u0107 terytorialn\u0105 Ukrainy, atakuj\u0105c i bezprawnie okupuj\u0105c [&hellip;]\" \/>\n<meta property=\"og:url\" content=\"https:\/\/marekkuchcinski.pl\/cs\/wydarzenia\/oswiadczenie-przewodniczacych-komisji-spraw-zagranicznych-w-sprawie-dostaw-broni-na-ukraine\/\" \/>\n<meta property=\"og:site_name\" content=\"Marek Kuchci\u0144ski\" \/>\n<meta property=\"article:published_time\" content=\"2022-04-25T20:22:37+00:00\" \/>\n<meta property=\"article:modified_time\" content=\"2022-04-25T20:22:38+00:00\" \/>\n<meta property=\"og:image\" content=\"https:\/\/marekkuchcinski.pl\/wp-content\/uploads\/2022\/04\/wl.jpeg\" \/>\n\t<meta property=\"og:image:width\" content=\"959\" \/>\n\t<meta property=\"og:image:height\" content=\"640\" \/>\n\t<meta property=\"og:image:type\" content=\"image\/jpeg\" \/>\n<meta name=\"author\" content=\"Marta Olejnik\" \/>\n<meta name=\"twitter:card\" content=\"summary_large_image\" \/>\n<meta name=\"twitter:label1\" content=\"Napsal(a)\" \/>\n\t<meta name=\"twitter:data1\" content=\"Marta Olejnik\" \/>\n\t<meta name=\"twitter:label2\" content=\"Odhadovan\u00e1 doba \u010dten\u00ed\" \/>\n\t<meta name=\"twitter:data2\" content=\"2 minuty\" \/>\n<script type=\"application\/ld+json\" class=\"yoast-schema-graph\">{\"@context\":\"https:\/\/schema.org\",\"@graph\":[{\"@type\":\"Article\",\"@id\":\"https:\/\/marekkuchcinski.pl\/ro\/wydarzenia\/oswiadczenie-przewodniczacych-komisji-spraw-zagranicznych-w-sprawie-dostaw-broni-na-ukraine\/#article\",\"isPartOf\":{\"@id\":\"https:\/\/marekkuchcinski.pl\/ro\/wydarzenia\/oswiadczenie-przewodniczacych-komisji-spraw-zagranicznych-w-sprawie-dostaw-broni-na-ukraine\/\"},\"author\":{\"name\":\"Marta Olejnik\",\"@id\":\"https:\/\/marekkuchcinski.pl\/#\/schema\/person\/51d5d4ee3b5317b8e4dd2b48af359229\"},\"headline\":\"O\u015bwiadczenie przewodnicz\u0105cych Komisji Spraw Zagranicznych w sprawie dostaw broni na Ukrain\u0119\",\"datePublished\":\"2022-04-25T20:22:37+00:00\",\"dateModified\":\"2022-04-25T20:22:38+00:00\",\"mainEntityOfPage\":{\"@id\":\"https:\/\/marekkuchcinski.pl\/ro\/wydarzenia\/oswiadczenie-przewodniczacych-komisji-spraw-zagranicznych-w-sprawie-dostaw-broni-na-ukraine\/\"},\"wordCount\":337,\"commentCount\":0,\"publisher\":{\"@id\":\"https:\/\/marekkuchcinski.pl\/#organization\"},\"image\":{\"@id\":\"https:\/\/marekkuchcinski.pl\/ro\/wydarzenia\/oswiadczenie-przewodniczacych-komisji-spraw-zagranicznych-w-sprawie-dostaw-broni-na-ukraine\/#primaryimage\"},\"thumbnailUrl\":\"https:\/\/marekkuchcinski.pl\/wp-content\/uploads\/2022\/04\/wl.jpeg\",\"articleSection\":[\"Wsp\u00f3\u0142praca mi\u0119dzynarodowa\",\"Wydarzenia\"],\"inLanguage\":\"cs\",\"potentialAction\":[{\"@type\":\"CommentAction\",\"name\":\"Comment\",\"target\":[\"https:\/\/marekkuchcinski.pl\/ro\/wydarzenia\/oswiadczenie-przewodniczacych-komisji-spraw-zagranicznych-w-sprawie-dostaw-broni-na-ukraine\/#respond\"]}]},{\"@type\":\"WebPage\",\"@id\":\"https:\/\/marekkuchcinski.pl\/ro\/wydarzenia\/oswiadczenie-przewodniczacych-komisji-spraw-zagranicznych-w-sprawie-dostaw-broni-na-ukraine\/\",\"url\":\"https:\/\/marekkuchcinski.pl\/ro\/wydarzenia\/oswiadczenie-przewodniczacych-komisji-spraw-zagranicznych-w-sprawie-dostaw-broni-na-ukraine\/\",\"name\":\"O\u015bwiadczenie przewodnicz\u0105cych Komisji Spraw Zagranicznych w sprawie dostaw broni na Ukrain\u0119 &#8211; Marek Kuchci\u0144ski\",\"isPartOf\":{\"@id\":\"https:\/\/marekkuchcinski.pl\/#website\"},\"primaryImageOfPage\":{\"@id\":\"https:\/\/marekkuchcinski.pl\/ro\/wydarzenia\/oswiadczenie-przewodniczacych-komisji-spraw-zagranicznych-w-sprawie-dostaw-broni-na-ukraine\/#primaryimage\"},\"image\":{\"@id\":\"https:\/\/marekkuchcinski.pl\/ro\/wydarzenia\/oswiadczenie-przewodniczacych-komisji-spraw-zagranicznych-w-sprawie-dostaw-broni-na-ukraine\/#primaryimage\"},\"thumbnailUrl\":\"https:\/\/marekkuchcinski.pl\/wp-content\/uploads\/2022\/04\/wl.jpeg\",\"datePublished\":\"2022-04-25T20:22:37+00:00\",\"dateModified\":\"2022-04-25T20:22:38+00:00\",\"breadcrumb\":{\"@id\":\"https:\/\/marekkuchcinski.pl\/ro\/wydarzenia\/oswiadczenie-przewodniczacych-komisji-spraw-zagranicznych-w-sprawie-dostaw-broni-na-ukraine\/#breadcrumb\"},\"inLanguage\":\"cs\",\"potentialAction\":[{\"@type\":\"ReadAction\",\"target\":[\"https:\/\/marekkuchcinski.pl\/ro\/wydarzenia\/oswiadczenie-przewodniczacych-komisji-spraw-zagranicznych-w-sprawie-dostaw-broni-na-ukraine\/\"]}]},{\"@type\":\"ImageObject\",\"inLanguage\":\"cs\",\"@id\":\"https:\/\/marekkuchcinski.pl\/ro\/wydarzenia\/oswiadczenie-przewodniczacych-komisji-spraw-zagranicznych-w-sprawie-dostaw-broni-na-ukraine\/#primaryimage\",\"url\":\"https:\/\/marekkuchcinski.pl\/wp-content\/uploads\/2022\/04\/wl.jpeg\",\"contentUrl\":\"https:\/\/marekkuchcinski.pl\/wp-content\/uploads\/2022\/04\/wl.jpeg\",\"width\":959,\"height\":640},{\"@type\":\"BreadcrumbList\",\"@id\":\"https:\/\/marekkuchcinski.pl\/ro\/wydarzenia\/oswiadczenie-przewodniczacych-komisji-spraw-zagranicznych-w-sprawie-dostaw-broni-na-ukraine\/#breadcrumb\",\"itemListElement\":[{\"@type\":\"ListItem\",\"position\":1,\"name\":\"Strona g\u0142\u00f3wna\",\"item\":\"https:\/\/marekkuchcinski.pl\/\"},{\"@type\":\"ListItem\",\"position\":2,\"name\":\"O\u015bwiadczenie przewodnicz\u0105cych Komisji Spraw Zagranicznych w sprawie dostaw broni na Ukrain\u0119\"}]},{\"@type\":\"WebSite\",\"@id\":\"https:\/\/marekkuchcinski.pl\/#website\",\"url\":\"https:\/\/marekkuchcinski.pl\/\",\"name\":\"Marek Kuchci\u0144ski\",\"description\":\"Pose\u0142 na sejm RP &ndash; okr\u0119g nr 22\",\"publisher\":{\"@id\":\"https:\/\/marekkuchcinski.pl\/#organization\"},\"potentialAction\":[{\"@type\":\"SearchAction\",\"target\":{\"@type\":\"EntryPoint\",\"urlTemplate\":\"https:\/\/marekkuchcinski.pl\/?s={search_term_string}\"},\"query-input\":{\"@type\":\"PropertyValueSpecification\",\"valueRequired\":true,\"valueName\":\"search_term_string\"}}],\"inLanguage\":\"cs\"},{\"@type\":\"Organization\",\"@id\":\"https:\/\/marekkuchcinski.pl\/#organization\",\"name\":\"Marek Kuchci\u0144ski\",\"url\":\"https:\/\/marekkuchcinski.pl\/\",\"logo\":{\"@type\":\"ImageObject\",\"inLanguage\":\"cs\",\"@id\":\"https:\/\/marekkuchcinski.pl\/#\/schema\/logo\/image\/\",\"url\":\"https:\/\/marekkuchcinski.pl\/wp-content\/uploads\/2022\/09\/Marek.jpg\",\"contentUrl\":\"https:\/\/marekkuchcinski.pl\/wp-content\/uploads\/2022\/09\/Marek.jpg\",\"width\":1600,\"height\":971,\"caption\":\"Marek Kuchci\u0144ski\"},\"image\":{\"@id\":\"https:\/\/marekkuchcinski.pl\/#\/schema\/logo\/image\/\"}},{\"@type\":\"Person\",\"@id\":\"https:\/\/marekkuchcinski.pl\/#\/schema\/person\/51d5d4ee3b5317b8e4dd2b48af359229\",\"name\":\"Marta Olejnik\",\"image\":{\"@type\":\"ImageObject\",\"inLanguage\":\"cs\",\"@id\":\"https:\/\/marekkuchcinski.pl\/#\/schema\/person\/image\/\",\"url\":\"https:\/\/secure.gravatar.com\/avatar\/e39914b2aa6a48959e24d475b5dc9793?s=96&d=mm&r=g\",\"contentUrl\":\"https:\/\/secure.gravatar.com\/avatar\/e39914b2aa6a48959e24d475b5dc9793?s=96&d=mm&r=g\",\"caption\":\"Marta Olejnik\"},\"url\":\"https:\/\/marekkuchcinski.pl\/cs\/author\/marta\/\"}]}<\/script>\n<!-- \/ Yoast SEO plugin. -->","yoast_head_json":{"title":"O\u015bwiadczenie przewodnicz\u0105cych Komisji Spraw Zagranicznych w sprawie dostaw broni na Ukrain\u0119 &#8211; Marek Kuchci\u0144ski","robots":{"index":"index","follow":"follow","max-snippet":"max-snippet:-1","max-image-preview":"max-image-preview:large","max-video-preview":"max-video-preview:-1"},"canonical":"https:\/\/marekkuchcinski.pl\/cs\/wydarzenia\/oswiadczenie-przewodniczacych-komisji-spraw-zagranicznych-w-sprawie-dostaw-broni-na-ukraine\/","og_locale":"cs_CZ","og_type":"article","og_title":"O\u015bwiadczenie przewodnicz\u0105cych Komisji Spraw Zagranicznych w sprawie dostaw broni na Ukrain\u0119 &#8211; Marek Kuchci\u0144ski","og_description":"My, przewodnicz\u0105cy Komisji Spraw Zagranicznych naszych kraj\u00f3w (Polski, Ukrainy, Litwy, \u0141otwy i Estonii): \u2022 Ponawiaj\u0105c nasz ca\u0142kowity sprzeciw i zdecydowane pot\u0119pienie niesprowokowaneji nieuzasadnionej agresji wojennej, wywo\u0142anej przez Federacj\u0119 Rosyjsk\u0105 przeciwko Ukrainiew dniu 24 lutego 2022 r.; \u2022 Przypominaj\u0105c, \u017ce od 20 lutego 2014 r. Rosja narusza suwerenno\u015b\u0107, niepodleg\u0142o\u015b\u0107i integralno\u015b\u0107 terytorialn\u0105 Ukrainy, atakuj\u0105c i bezprawnie okupuj\u0105c [&hellip;]","og_url":"https:\/\/marekkuchcinski.pl\/cs\/wydarzenia\/oswiadczenie-przewodniczacych-komisji-spraw-zagranicznych-w-sprawie-dostaw-broni-na-ukraine\/","og_site_name":"Marek Kuchci\u0144ski","article_published_time":"2022-04-25T20:22:37+00:00","article_modified_time":"2022-04-25T20:22:38+00:00","og_image":[{"width":959,"height":640,"url":"https:\/\/marekkuchcinski.pl\/wp-content\/uploads\/2022\/04\/wl.jpeg","type":"image\/jpeg"}],"author":"Marta Olejnik","twitter_card":"summary_large_image","twitter_misc":{"Napsal(a)":"Marta Olejnik","Odhadovan\u00e1 doba \u010dten\u00ed":"2 minuty"},"schema":{"@context":"https:\/\/schema.org","@graph":[{"@type":"Article","@id":"https:\/\/marekkuchcinski.pl\/ro\/wydarzenia\/oswiadczenie-przewodniczacych-komisji-spraw-zagranicznych-w-sprawie-dostaw-broni-na-ukraine\/#article","isPartOf":{"@id":"https:\/\/marekkuchcinski.pl\/ro\/wydarzenia\/oswiadczenie-przewodniczacych-komisji-spraw-zagranicznych-w-sprawie-dostaw-broni-na-ukraine\/"},"author":{"name":"Marta Olejnik","@id":"https:\/\/marekkuchcinski.pl\/#\/schema\/person\/51d5d4ee3b5317b8e4dd2b48af359229"},"headline":"O\u015bwiadczenie przewodnicz\u0105cych Komisji Spraw Zagranicznych w sprawie dostaw broni na Ukrain\u0119","datePublished":"2022-04-25T20:22:37+00:00","dateModified":"2022-04-25T20:22:38+00:00","mainEntityOfPage":{"@id":"https:\/\/marekkuchcinski.pl\/ro\/wydarzenia\/oswiadczenie-przewodniczacych-komisji-spraw-zagranicznych-w-sprawie-dostaw-broni-na-ukraine\/"},"wordCount":337,"commentCount":0,"publisher":{"@id":"https:\/\/marekkuchcinski.pl\/#organization"},"image":{"@id":"https:\/\/marekkuchcinski.pl\/ro\/wydarzenia\/oswiadczenie-przewodniczacych-komisji-spraw-zagranicznych-w-sprawie-dostaw-broni-na-ukraine\/#primaryimage"},"thumbnailUrl":"https:\/\/marekkuchcinski.pl\/wp-content\/uploads\/2022\/04\/wl.jpeg","articleSection":["Wsp\u00f3\u0142praca mi\u0119dzynarodowa","Wydarzenia"],"inLanguage":"cs","potentialAction":[{"@type":"CommentAction","name":"Comment","target":["https:\/\/marekkuchcinski.pl\/ro\/wydarzenia\/oswiadczenie-przewodniczacych-komisji-spraw-zagranicznych-w-sprawie-dostaw-broni-na-ukraine\/#respond"]}]},{"@type":"WebPage","@id":"https:\/\/marekkuchcinski.pl\/ro\/wydarzenia\/oswiadczenie-przewodniczacych-komisji-spraw-zagranicznych-w-sprawie-dostaw-broni-na-ukraine\/","url":"https:\/\/marekkuchcinski.pl\/ro\/wydarzenia\/oswiadczenie-przewodniczacych-komisji-spraw-zagranicznych-w-sprawie-dostaw-broni-na-ukraine\/","name":"O\u015bwiadczenie przewodnicz\u0105cych Komisji Spraw Zagranicznych w sprawie dostaw broni na Ukrain\u0119 &#8211; Marek Kuchci\u0144ski","isPartOf":{"@id":"https:\/\/marekkuchcinski.pl\/#website"},"primaryImageOfPage":{"@id":"https:\/\/marekkuchcinski.pl\/ro\/wydarzenia\/oswiadczenie-przewodniczacych-komisji-spraw-zagranicznych-w-sprawie-dostaw-broni-na-ukraine\/#primaryimage"},"image":{"@id":"https:\/\/marekkuchcinski.pl\/ro\/wydarzenia\/oswiadczenie-przewodniczacych-komisji-spraw-zagranicznych-w-sprawie-dostaw-broni-na-ukraine\/#primaryimage"},"thumbnailUrl":"https:\/\/marekkuchcinski.pl\/wp-content\/uploads\/2022\/04\/wl.jpeg","datePublished":"2022-04-25T20:22:37+00:00","dateModified":"2022-04-25T20:22:38+00:00","breadcrumb":{"@id":"https:\/\/marekkuchcinski.pl\/ro\/wydarzenia\/oswiadczenie-przewodniczacych-komisji-spraw-zagranicznych-w-sprawie-dostaw-broni-na-ukraine\/#breadcrumb"},"inLanguage":"cs","potentialAction":[{"@type":"ReadAction","target":["https:\/\/marekkuchcinski.pl\/ro\/wydarzenia\/oswiadczenie-przewodniczacych-komisji-spraw-zagranicznych-w-sprawie-dostaw-broni-na-ukraine\/"]}]},{"@type":"ImageObject","inLanguage":"cs","@id":"https:\/\/marekkuchcinski.pl\/ro\/wydarzenia\/oswiadczenie-przewodniczacych-komisji-spraw-zagranicznych-w-sprawie-dostaw-broni-na-ukraine\/#primaryimage","url":"https:\/\/marekkuchcinski.pl\/wp-content\/uploads\/2022\/04\/wl.jpeg","contentUrl":"https:\/\/marekkuchcinski.pl\/wp-content\/uploads\/2022\/04\/wl.jpeg","width":959,"height":640},{"@type":"BreadcrumbList","@id":"https:\/\/marekkuchcinski.pl\/ro\/wydarzenia\/oswiadczenie-przewodniczacych-komisji-spraw-zagranicznych-w-sprawie-dostaw-broni-na-ukraine\/#breadcrumb","itemListElement":[{"@type":"ListItem","position":1,"name":"Strona g\u0142\u00f3wna","item":"https:\/\/marekkuchcinski.pl\/"},{"@type":"ListItem","position":2,"name":"O\u015bwiadczenie przewodnicz\u0105cych Komisji Spraw Zagranicznych w sprawie dostaw broni na Ukrain\u0119"}]},{"@type":"WebSite","@id":"https:\/\/marekkuchcinski.pl\/#website","url":"https:\/\/marekkuchcinski.pl\/","name":"Marek Kuchci\u0144ski","description":"Pose\u0142 na sejm RP &ndash; okr\u0119g nr 22","publisher":{"@id":"https:\/\/marekkuchcinski.pl\/#organization"},"potentialAction":[{"@type":"SearchAction","target":{"@type":"EntryPoint","urlTemplate":"https:\/\/marekkuchcinski.pl\/?s={search_term_string}"},"query-input":{"@type":"PropertyValueSpecification","valueRequired":true,"valueName":"search_term_string"}}],"inLanguage":"cs"},{"@type":"Organization","@id":"https:\/\/marekkuchcinski.pl\/#organization","name":"Marek Kuchci\u0144ski","url":"https:\/\/marekkuchcinski.pl\/","logo":{"@type":"ImageObject","inLanguage":"cs","@id":"https:\/\/marekkuchcinski.pl\/#\/schema\/logo\/image\/","url":"https:\/\/marekkuchcinski.pl\/wp-content\/uploads\/2022\/09\/Marek.jpg","contentUrl":"https:\/\/marekkuchcinski.pl\/wp-content\/uploads\/2022\/09\/Marek.jpg","width":1600,"height":971,"caption":"Marek Kuchci\u0144ski"},"image":{"@id":"https:\/\/marekkuchcinski.pl\/#\/schema\/logo\/image\/"}},{"@type":"Person","@id":"https:\/\/marekkuchcinski.pl\/#\/schema\/person\/51d5d4ee3b5317b8e4dd2b48af359229","name":"Marta Olejnik","image":{"@type":"ImageObject","inLanguage":"cs","@id":"https:\/\/marekkuchcinski.pl\/#\/schema\/person\/image\/","url":"https:\/\/secure.gravatar.com\/avatar\/e39914b2aa6a48959e24d475b5dc9793?s=96&d=mm&r=g","contentUrl":"https:\/\/secure.gravatar.com\/avatar\/e39914b2aa6a48959e24d475b5dc9793?s=96&d=mm&r=g","caption":"Marta Olejnik"},"url":"https:\/\/marekkuchcinski.pl\/cs\/author\/marta\/"}]}},"_links":{"self":[{"href":"https:\/\/marekkuchcinski.pl\/cs\/wp-json\/wp\/v2\/posts\/24740","targetHints":{"allow":["GET"]}}],"collection":[{"href":"https:\/\/marekkuchcinski.pl\/cs\/wp-json\/wp\/v2\/posts"}],"about":[{"href":"https:\/\/marekkuchcinski.pl\/cs\/wp-json\/wp\/v2\/types\/post"}],"author":[{"embeddable":true,"href":"https:\/\/marekkuchcinski.pl\/cs\/wp-json\/wp\/v2\/users\/21"}],"replies":[{"embeddable":true,"href":"https:\/\/marekkuchcinski.pl\/cs\/wp-json\/wp\/v2\/comments?post=24740"}],"version-history":[{"count":2,"href":"https:\/\/marekkuchcinski.pl\/cs\/wp-json\/wp\/v2\/posts\/24740\/revisions"}],"predecessor-version":[{"id":24781,"href":"https:\/\/marekkuchcinski.pl\/cs\/wp-json\/wp\/v2\/posts\/24740\/revisions\/24781"}],"wp:featuredmedia":[{"embeddable":true,"href":"https:\/\/marekkuchcinski.pl\/cs\/wp-json\/wp\/v2\/media\/24782"}],"wp:attachment":[{"href":"https:\/\/marekkuchcinski.pl\/cs\/wp-json\/wp\/v2\/media?parent=24740"}],"wp:term":[{"taxonomy":"category","embeddable":true,"href":"https:\/\/marekkuchcinski.pl\/cs\/wp-json\/wp\/v2\/categories?post=24740"},{"taxonomy":"post_tag","embeddable":true,"href":"https:\/\/marekkuchcinski.pl\/cs\/wp-json\/wp\/v2\/tags?post=24740"}],"curies":[{"name":"wp","href":"https:\/\/api.w.org\/{rel}","templated":true}]}}