{"id":24714,"date":"2022-04-14T01:46:52","date_gmt":"2022-04-13T23:46:52","guid":{"rendered":"https:\/\/marekkuchcinski.pl\/?p=24714"},"modified":"2022-04-15T21:45:30","modified_gmt":"2022-04-15T19:45:30","slug":"oswiadczenie-przewodniczacych-komisji-obrony-spraw-zagranicznych-i-ds-ue-sejmu-i-bundestagu-ws-wojny-na-ukrainie","status":"publish","type":"post","link":"https:\/\/marekkuchcinski.pl\/cs\/wydarzenia\/oswiadczenie-przewodniczacych-komisji-obrony-spraw-zagranicznych-i-ds-ue-sejmu-i-bundestagu-ws-wojny-na-ukrainie\/","title":{"rendered":"Prohl\u00e1\u0161en\u00ed p\u0159edsed\u016f V\u00fdboru pro zahrani\u010dn\u00ed v\u011bci, obranu a z\u00e1le\u017eitosti EU Sejmu a Bundestagu k v\u00e1lce na Ukrajin\u011b"},"content":{"rendered":"<p class=\"has-text-align-center\"><strong>Spole\u010dn\u00e9 prohl\u00e1\u0161en\u00ed po setk\u00e1n\u00ed polsk\u00fdch p\u0159edsed\u016f V\u00fdboru pro obranu, V\u00fdboru pro zahrani\u010dn\u00ed v\u011bci a V\u00fdboru pro z\u00e1le\u017eitosti EU polsk\u00e9ho Sejmu s p\u0159edsedy V\u00fdboru pro zahrani\u010dn\u00ed v\u011bci, V\u00fdboru pro evropsk\u00e9 z\u00e1le\u017eitosti a V\u00fdboru pro obranu n\u011bmeck\u00e9ho Spolkov\u00e9ho sn\u011bmu dne 12. dubna 2022.<\/strong><\/p>\n\n\n\n<p>Rusk\u00e1 agrese proti Ukrajin\u011b je nejv\u00e1\u017en\u011bj\u0161\u00ed hrozbou pro euroatlantickou bezpe\u010dnost za posledn\u00ed desetilet\u00ed. \u0160okov\u00e1ni, plni rozho\u0159\u010den\u00ed a vzdoru sledujeme zab\u00edjen\u00ed, zn\u00e1sil\u0148ov\u00e1n\u00ed, obrovsk\u00e9 lidsk\u00e9 utrpen\u00ed a ni\u010den\u00ed zp\u016fsoben\u00e9 rusk\u00fdmi akcemi. Na\u0161e rozho\u0159\u010den\u00ed je o to v\u011bt\u0161\u00ed, \u017ee tyto zlo\u010diny byly sp\u00e1ch\u00e1ny i na nevinn\u00fdch d\u011btech.<\/p>\n\n\n\n<p>M\u00e1me v\u00e1\u017en\u00e9 d\u016fvody se domn\u00edvat, \u017ee s ka\u017ed\u00fdm dal\u0161\u00edm dnem budeme sv\u011bdky dal\u0161\u00edch a dal\u0161\u00edch p\u0159\u00edklad\u016f n\u00e1sil\u00ed ze strany okupant\u016f v\u016f\u010di ukrajinsk\u00fdm ob\u010dan\u016fm, jako nap\u0159\u00edklad v Bu\u010di, Irpinu a Mariupolu, kter\u00e9 nesou znaky genocidy.<\/p>\n\n\n\n<p>Vzhledem k v\u00e1le\u010dn\u00fdm zlo\u010din\u016fm sp\u00e1chan\u00fdm Ruskou federac\u00ed bychom m\u011bli okam\u017eit\u011b p\u0159ijmout ve\u0161ker\u00e1 opat\u0159en\u00ed a ud\u011blat v\u0161e, co je v na\u0161ich sil\u00e1ch, abychom zastavili besti\u00e1ln\u00ed \u010diny agresora na ukrajinsk\u00e9m \u00fazem\u00ed. Je to na\u0161e spole\u010dn\u00e1 odpov\u011bdnost a povinnost.<\/p>\n\n\n\n<p>Domn\u00edv\u00e1me se, \u017ee tvrd\u00e9 sankce jsou d\u016fle\u017eit\u00fdm n\u00e1strojem, kter\u00fd m\u016f\u017ee pomoci dos\u00e1hnout tohoto c\u00edle, ale aby byly \u00fa\u010dinn\u00e9, mus\u00ed b\u00fdt podstatn\u011b \u0161ir\u0161\u00ed a zahrnovat tak\u00e9 energetick\u00fd sektor. Pot\u0159ebujeme rychlou, jednotnou a rozhodn\u011bj\u0161\u00ed reakci Evropsk\u00e9 unie a v\u0161ech jej\u00edch \u010dlensk\u00fdch st\u00e1t\u016f. Jednou z nejd\u016fle\u017eit\u011bj\u0161\u00edch sankc\u00ed by m\u011blo b\u00fdt co nejd\u0159\u00edve p\u0159ijat\u00e9 embargo na ruskou ropu.&nbsp;<\/p>\n\n\n\n<p>Ve sv\u011btle rusk\u00e9 agrese proti Ukrajin\u011b bychom m\u011bli tak\u00e9 urychlit \u00fasil\u00ed o roz\u0161\u00ed\u0159en\u00ed EU. Uzn\u00e1v\u00e1me evropsk\u00e9 aspirace Ukrajiny a jej\u00ed evropskou volbu. Sd\u00edl\u00edme n\u00e1zor, \u017ee Ukrajina by m\u011bla m\u00edt konkr\u00e9tn\u00ed vyhl\u00eddky na vstup do Evropsk\u00e9 unie.<\/p>\n\n\n\n<p>V sou\u010dasn\u00e9 situaci od n\u00e1s Ukrajina vy\u017eaduje co nej\u0161ir\u0161\u00ed podporu. T\u00fdk\u00e1 se to zejm\u00e9na dvou oblast\u00ed: zvy\u0161ov\u00e1n\u00ed obranyschopnosti prost\u0159ednictv\u00edm dod\u00e1vek zbran\u00ed a vojensk\u00e9ho vybaven\u00ed a poskytov\u00e1n\u00ed humanit\u00e1rn\u00ed pomoci v regionech nejv\u00edce posti\u017een\u00fdch v\u00e1lkou.<\/p>\n\n\n\n<p>V souvislosti s vlnou uprchl\u00edk\u016f, kte\u0159\u00ed hledaj\u00ed \u00fato\u010di\u0161t\u011b p\u0159ed prob\u00edhaj\u00edc\u00ed v\u00e1lkou na Ukrajin\u011b, je t\u0159eba na \u00farovni EU p\u0159ijmout rozhodn\u00e1 opat\u0159en\u00ed. Unie by m\u011bla p\u0159evz\u00edt odpov\u011bdnost za zvl\u00e1d\u00e1n\u00ed uprchlick\u00e9 krize, kter\u00e1 je nejv\u011bt\u0161\u00ed od druh\u00e9 sv\u011btov\u00e9 v\u00e1lky, v\u010detn\u011b poskytov\u00e1n\u00ed finan\u010dn\u00ed podpory zem\u00edm, kter\u00e9 se nejv\u00edce anga\u017euj\u00ed v pomoci uprchl\u00edk\u016fm.<\/p>\n\n\n\n<p>Marek Kuchci\u0144ski, p\u0159edseda zahrani\u010dn\u00edho v\u00fdboru polsk\u00e9ho Sejmu<\/p>\n\n\n\n<p>Michael Roth, p\u0159edseda V\u00fdboru pro zahrani\u010dn\u00ed v\u011bci, Bundestag<\/p>\n\n\n\n<p>Micha\u0142 Jach, p\u0159edseda v\u00fdboru pro obranu, polsk\u00fd Sejm<\/p>\n\n\n\n<p>Marie-Agnes Strack-Zimmermann, p\u0159edsedkyn\u011b V\u00fdboru pro obranu, Bundestag<\/p>\n\n\n\n<p>Anita Czerwi\u0144ska, p\u0159edsedkyn\u011b V\u00fdboru pro z\u00e1le\u017eitosti Evropsk\u00e9 unie, polsk\u00fd Sejm<\/p>\n\n\n\n<p>Anton Hofreiter, p\u0159edseda v\u00fdboru pro z\u00e1le\u017eitosti Evropsk\u00e9 unie, Bundestag<\/p>\n\n\n\n<p>Szymon Szynkowski vel S\u0119k, n\u00e1m\u011bstek ministra zahrani\u010dn\u00edch v\u011bc\u00ed<\/p>\n\n\n\n<p><strong>Spole\u010dn\u00e9 prohl\u00e1\u0161en\u00ed po jedn\u00e1n\u00ed polsk\u00fdch p\u0159edsed\u016f V\u00fdboru pro obranu, V\u00fdboru pro zahrani\u010dn\u00ed v\u011bci a V\u00fdboru pro z\u00e1le\u017eitosti EU Sejmu Polsk\u00e9 republiky s p\u0159edsedy V\u00fdboru pro zahrani\u010dn\u00ed v\u011bci, V\u00fdboru pro evropsk\u00e9 z\u00e1le\u017eitosti a V\u00fdboru pro obranu n\u011bmeck\u00e9ho Spolkov\u00e9ho sn\u011bmu.<\/strong><\/p>\n\n\n\n<p><strong>Var\u0161ava, 12. dubna 2022<\/strong><\/p>\n\n\n\n<p><strong>Rusk\u00e1 agrese proti Ukrajin\u011b je nejv\u00e1\u017en\u011bj\u0161\u00ed hrozbou pro euroatlantickou bezpe\u010dnost za posledn\u00ed desetilet\u00ed.<\/strong> <strong>\u0160okov\u00e1ni, plni rozho\u0159\u010den\u00ed a odporu sledujeme zab\u00edjen\u00ed, zn\u00e1sil\u0148ov\u00e1n\u00ed, obrovsk\u00e9 lidsk\u00e9 utrpen\u00ed a zk\u00e1zu zp\u016fsobenou rusk\u00fdmi akcemi.<\/strong> <strong>Jsme zd\u011b\u0161eni skute\u010dnost\u00ed, \u017ee mezi ob\u011b\u0165mi t\u011bchto ohavn\u00fdch zlo\u010din\u016f byly i nevinn\u00e9 d\u011bti.<\/strong><\/p>\n\n\n\n<p><strong>M\u00e1me v\u00e1\u017en\u00e9 d\u016fvody se domn\u00edvat, \u017ee s ka\u017ed\u00fdm dal\u0161\u00edm dnem budeme sv\u011bdky dal\u0161\u00edch a dal\u0161\u00edch p\u0159\u00edklad\u016f n\u00e1sil\u00ed okupant\u016f v\u016f\u010di ukrajinsk\u00fdm ob\u010dan\u016fm, jako tomu bylo v But\u0161e, Irpienu nebo Mariupolu. Tyto zlo\u010diny nesou znaky genocidy.<\/strong><\/p>\n\n\n\n<p><strong>V souvislosti s v\u00e1le\u010dn\u00fdmi zlo\u010diny p\u00e1chan\u00fdmi Ruskou federac\u00ed bychom m\u011bli okam\u017eit\u011b p\u0159ijmout ve\u0161ker\u00e1 opat\u0159en\u00ed a ud\u011blat v\u0161e, co je v na\u0161ich sil\u00e1ch, abychom zastavili brut\u00e1ln\u00ed \u010diny rusk\u00e9ho agresora na Ukrajin\u011b.<\/strong> <strong>Je to na\u0161e spole\u010dn\u00e1 odpov\u011bdnost a povinnost.<\/strong><\/p>\n\n\n\n<p><strong>Domn\u00edv\u00e1me se, \u017ee tvrd\u00e9 sankce jsou d\u016fle\u017eit\u00fdm n\u00e1strojem, kter\u00fd m\u016f\u017ee pomoci dos\u00e1hnout tohoto c\u00edle - aby v\u0161ak byly \u00fa\u010dinn\u00e9, mus\u00ed b\u00fdt jejich rozsah mnohem \u0161ir\u0161\u00ed a mus\u00ed zahrnovat i energetick\u00fd sektor. Pot\u0159ebujeme <\/strong><strong>rychlou, jednotnou a rozhodnou reakci Evropsk\u00e9 unie a v\u0161ech jej\u00edch \u010dlensk\u00fdch st\u00e1t\u016f.<\/strong> <strong>Jednou z nejd\u016fle\u017eit\u011bj\u0161\u00edch sankc\u00ed by m\u011blo b\u00fdt embargo na ruskou ropu, kter\u00e9 by m\u011blo b\u00fdt p\u0159ijato co nejd\u0159\u00edve.<\/strong><\/p>\n\n\n\n<p><strong>Ve sv\u011btle rusk\u00e9 agrese v\u016f\u010di Ukrajin\u011b bychom m\u011bli tak\u00e9 urychlit \u00fasil\u00ed o roz\u0161\u00ed\u0159en\u00ed EU. Uzn\u00e1v\u00e1me evropsk\u00e9 aspirace a evropskou volbu Ukrajiny. Sd\u00edl\u00edme n\u00e1zor, \u017ee Ukrajina by m\u011bla m\u00edt konkr\u00e9tn\u00ed vyhl\u00eddky na vstup do Evropsk\u00e9 unie.<\/strong> <strong><\/strong><\/p>\n\n\n\n<p><strong>V sou\u010dasn\u00e9 situaci Ukrajina vy\u017eaduje na\u0161i co nej\u0161ir\u0161\u00ed podporu. To se t\u00fdk\u00e1 zejm\u00e9na dvou oblast\u00ed \u010dinnosti: zvy\u0161ov\u00e1n\u00ed obranyschopnosti prost\u0159ednictv\u00edm dod\u00e1vek zbran\u00ed a vojensk\u00e9ho vybaven\u00ed a poskytov\u00e1n\u00ed humanit\u00e1rn\u00ed pomoci v\u00e1lkou nejv\u00edce posti\u017een\u00fdm region\u016fm.<\/strong><\/p>\n\n\n\n<p><strong>Vzhledem k obrovsk\u00e9 vln\u011b uprchl\u00edk\u016f, kte\u0159\u00ed hledaj\u00ed \u00fato\u010di\u0161t\u011b p\u0159ed prob\u00edhaj\u00edc\u00ed v\u00e1lkou na Ukrajin\u011b, jsou rozhodn\u00e9 kroky na \u00farovni EU velmi pot\u0159ebn\u00e9. Evropsk\u00e1 unie by m\u011bla p\u0159evz\u00edt odpov\u011bdnost za zvl\u00e1dnut\u00ed uprchlick\u00e9 krize, kter\u00e1 je nejv\u011bt\u0161\u00ed od druh\u00e9 sv\u011btov\u00e9 v\u00e1lky, v\u010detn\u011b poskytov\u00e1n\u00ed finan\u010dn\u00ed podpory zem\u00edm, kter\u00e9 se nejv\u00edce pod\u00edlej\u00ed na pomoci uprchl\u00edk\u016fm.<\/strong><\/p>\n\n\n\n<p><\/p>\n\n\n\n<figure class=\"wp-block-image size-large\"><a href=\"https:\/\/marekkuchcinski.pl\/wp-content\/uploads\/2022\/04\/media.media_.14a7cb2c-78fd-4025-97fa-9b0b628db9c4.original1024.jpg\"><img fetchpriority=\"high\" decoding=\"async\" width=\"1024\" height=\"672\" src=\"https:\/\/marekkuchcinski.pl\/wp-content\/uploads\/2022\/04\/media.media_.14a7cb2c-78fd-4025-97fa-9b0b628db9c4.original1024-1024x672.jpg\" alt=\"\" class=\"wp-image-24727\" srcset=\"https:\/\/marekkuchcinski.pl\/wp-content\/uploads\/2022\/04\/media.media_.14a7cb2c-78fd-4025-97fa-9b0b628db9c4.original1024-1024x672.jpg 1024w, https:\/\/marekkuchcinski.pl\/wp-content\/uploads\/2022\/04\/media.media_.14a7cb2c-78fd-4025-97fa-9b0b628db9c4.original1024-300x197.jpg 300w, https:\/\/marekkuchcinski.pl\/wp-content\/uploads\/2022\/04\/media.media_.14a7cb2c-78fd-4025-97fa-9b0b628db9c4.original1024-768x504.jpg 768w, https:\/\/marekkuchcinski.pl\/wp-content\/uploads\/2022\/04\/media.media_.14a7cb2c-78fd-4025-97fa-9b0b628db9c4.original1024-18x12.jpg 18w, https:\/\/marekkuchcinski.pl\/wp-content\/uploads\/2022\/04\/media.media_.14a7cb2c-78fd-4025-97fa-9b0b628db9c4.original1024.jpg 1200w\" sizes=\"(max-width: 1024px) 100vw, 1024px\" \/><\/a><figcaption>Ukrajinsk\u00e1 arm\u00e1da zjistila zv\u011brstva a\u017e po sta\u017een\u00ed rusk\u00fdch vojsk.\u00a0<em>Foto: dpa\/Vadim Ghirda<\/em><\/figcaption><\/figure>","protected":false},"excerpt":{"rendered":"<p>Spole\u010dn\u00e9 prohl\u00e1\u0161en\u00ed po sch\u016fzce polsk\u00fdch p\u0159edsed\u016f V\u00fdboru pro obranu, V\u00fdboru pro zahrani\u010dn\u00ed v\u011bci a V\u00fdboru pro z\u00e1le\u017eitosti EU polsk\u00e9ho Sejmu s p\u0159edsedy V\u00fdboru pro zahrani\u010dn\u00ed v\u011bci, V\u00fdboru pro evropsk\u00e9 z\u00e1le\u017eitosti a V\u00fdboru pro obranu n\u011bmeck\u00e9ho Spolkov\u00e9ho sn\u011bmu dne 12. dubna 2022. Rusk\u00e1 agrese proti Ukrajin\u011b je nejv\u00e1\u017en\u011bj\u0161\u00ed hrozbou pro euroatlantickou bezpe\u010dnost za posledn\u00ed desetilet\u00ed. \u0160okov\u00e1ni, plni rozho\u0159\u010den\u00ed a vzdoru sledujeme zab\u00edjen\u00ed, zn\u00e1sil\u0148ov\u00e1n\u00ed, [...]<\/p>","protected":false},"author":21,"featured_media":24727,"comment_status":"open","ping_status":"open","sticky":false,"template":"","format":"standard","meta":{"ngg_post_thumbnail":0,"footnotes":""},"categories":[50,3],"tags":[],"class_list":["post-24714","post","type-post","status-publish","format-standard","has-post-thumbnail","hentry","category-wspolpraca-miedzynarodowa","category-wydarzenia"],"yoast_head":"<!-- This site is optimized with the Yoast SEO plugin v24.7 - https:\/\/yoast.com\/wordpress\/plugins\/seo\/ -->\n<title>O\u015bwiadczenie przewodnicz\u0105cych Komisji Spraw Zagranicznych, Obrony i ds. UE Sejmu i Bundestagu ws. wojny na Ukrainie &#8211; Marek Kuchci\u0144ski<\/title>\n<meta name=\"robots\" content=\"index, follow, max-snippet:-1, max-image-preview:large, max-video-preview:-1\" \/>\n<link rel=\"canonical\" href=\"https:\/\/marekkuchcinski.pl\/cs\/wydarzenia\/oswiadczenie-przewodniczacych-komisji-obrony-spraw-zagranicznych-i-ds-ue-sejmu-i-bundestagu-ws-wojny-na-ukrainie\/\" \/>\n<meta property=\"og:locale\" content=\"cs_CZ\" \/>\n<meta property=\"og:type\" content=\"article\" \/>\n<meta property=\"og:title\" content=\"O\u015bwiadczenie przewodnicz\u0105cych Komisji Spraw Zagranicznych, Obrony i ds. UE Sejmu i Bundestagu ws. wojny na Ukrainie &#8211; Marek Kuchci\u0144ski\" \/>\n<meta property=\"og:description\" content=\"Wsp\u00f3lne o\u015bwiadczenie po spotkaniu polskich przewodnicz\u0105cych Komisji Obrony, Komisji Spraw Zagranicznych i Komisji ds. UE Sejmu RP z przewodnicz\u0105cymi Komisji Spraw Zagranicznych, Komisji Spraw Europejskich oraz Komisji Obrony Niemieckiego Bundestagu z dnia 12 kwietnia 2022r. Agresja Rosji przeciwko Ukrainie jest najpowa\u017cniejszym zagro\u017ceniem dla euroatlantyckiego bezpiecze\u0144stwa od dekad. Wstrz\u0105\u015bni\u0119ci, pe\u0142ni oburzenia i sprzeciwu obserwujemy zab\u00f3jstwa, gwa\u0142ty, [&hellip;]\" \/>\n<meta property=\"og:url\" content=\"https:\/\/marekkuchcinski.pl\/cs\/wydarzenia\/oswiadczenie-przewodniczacych-komisji-obrony-spraw-zagranicznych-i-ds-ue-sejmu-i-bundestagu-ws-wojny-na-ukrainie\/\" \/>\n<meta property=\"og:site_name\" content=\"Marek Kuchci\u0144ski\" \/>\n<meta property=\"article:published_time\" content=\"2022-04-13T23:46:52+00:00\" \/>\n<meta property=\"article:modified_time\" content=\"2022-04-15T19:45:30+00:00\" \/>\n<meta property=\"og:image\" content=\"https:\/\/marekkuchcinski.pl\/wp-content\/uploads\/2022\/04\/media.media_.14a7cb2c-78fd-4025-97fa-9b0b628db9c4.original1024.jpg\" \/>\n\t<meta property=\"og:image:width\" content=\"1200\" \/>\n\t<meta property=\"og:image:height\" content=\"788\" \/>\n\t<meta property=\"og:image:type\" content=\"image\/jpeg\" \/>\n<meta name=\"author\" content=\"Marta Olejnik\" \/>\n<meta name=\"twitter:card\" content=\"summary_large_image\" \/>\n<meta name=\"twitter:label1\" content=\"Napsal(a)\" \/>\n\t<meta name=\"twitter:data1\" content=\"Marta Olejnik\" \/>\n\t<meta name=\"twitter:label2\" content=\"Odhadovan\u00e1 doba \u010dten\u00ed\" \/>\n\t<meta name=\"twitter:data2\" content=\"4 minuty\" \/>\n<script type=\"application\/ld+json\" class=\"yoast-schema-graph\">{\"@context\":\"https:\/\/schema.org\",\"@graph\":[{\"@type\":\"Article\",\"@id\":\"https:\/\/marekkuchcinski.pl\/ro\/wydarzenia\/oswiadczenie-przewodniczacych-komisji-obrony-spraw-zagranicznych-i-ds-ue-sejmu-i-bundestagu-ws-wojny-na-ukrainie\/#article\",\"isPartOf\":{\"@id\":\"https:\/\/marekkuchcinski.pl\/ro\/wydarzenia\/oswiadczenie-przewodniczacych-komisji-obrony-spraw-zagranicznych-i-ds-ue-sejmu-i-bundestagu-ws-wojny-na-ukrainie\/\"},\"author\":{\"name\":\"Marta Olejnik\",\"@id\":\"https:\/\/marekkuchcinski.pl\/#\/schema\/person\/51d5d4ee3b5317b8e4dd2b48af359229\"},\"headline\":\"O\u015bwiadczenie przewodnicz\u0105cych Komisji Spraw Zagranicznych, Obrony i ds. UE Sejmu i Bundestagu ws. wojny na Ukrainie\",\"datePublished\":\"2022-04-13T23:46:52+00:00\",\"dateModified\":\"2022-04-15T19:45:30+00:00\",\"mainEntityOfPage\":{\"@id\":\"https:\/\/marekkuchcinski.pl\/ro\/wydarzenia\/oswiadczenie-przewodniczacych-komisji-obrony-spraw-zagranicznych-i-ds-ue-sejmu-i-bundestagu-ws-wojny-na-ukrainie\/\"},\"wordCount\":894,\"commentCount\":0,\"publisher\":{\"@id\":\"https:\/\/marekkuchcinski.pl\/#organization\"},\"image\":{\"@id\":\"https:\/\/marekkuchcinski.pl\/ro\/wydarzenia\/oswiadczenie-przewodniczacych-komisji-obrony-spraw-zagranicznych-i-ds-ue-sejmu-i-bundestagu-ws-wojny-na-ukrainie\/#primaryimage\"},\"thumbnailUrl\":\"https:\/\/marekkuchcinski.pl\/wp-content\/uploads\/2022\/04\/media.media_.14a7cb2c-78fd-4025-97fa-9b0b628db9c4.original1024.jpg\",\"articleSection\":[\"Wsp\u00f3\u0142praca mi\u0119dzynarodowa\",\"Wydarzenia\"],\"inLanguage\":\"cs\",\"potentialAction\":[{\"@type\":\"CommentAction\",\"name\":\"Comment\",\"target\":[\"https:\/\/marekkuchcinski.pl\/ro\/wydarzenia\/oswiadczenie-przewodniczacych-komisji-obrony-spraw-zagranicznych-i-ds-ue-sejmu-i-bundestagu-ws-wojny-na-ukrainie\/#respond\"]}]},{\"@type\":\"WebPage\",\"@id\":\"https:\/\/marekkuchcinski.pl\/ro\/wydarzenia\/oswiadczenie-przewodniczacych-komisji-obrony-spraw-zagranicznych-i-ds-ue-sejmu-i-bundestagu-ws-wojny-na-ukrainie\/\",\"url\":\"https:\/\/marekkuchcinski.pl\/ro\/wydarzenia\/oswiadczenie-przewodniczacych-komisji-obrony-spraw-zagranicznych-i-ds-ue-sejmu-i-bundestagu-ws-wojny-na-ukrainie\/\",\"name\":\"O\u015bwiadczenie przewodnicz\u0105cych Komisji Spraw Zagranicznych, Obrony i ds. UE Sejmu i Bundestagu ws. wojny na Ukrainie &#8211; Marek Kuchci\u0144ski\",\"isPartOf\":{\"@id\":\"https:\/\/marekkuchcinski.pl\/#website\"},\"primaryImageOfPage\":{\"@id\":\"https:\/\/marekkuchcinski.pl\/ro\/wydarzenia\/oswiadczenie-przewodniczacych-komisji-obrony-spraw-zagranicznych-i-ds-ue-sejmu-i-bundestagu-ws-wojny-na-ukrainie\/#primaryimage\"},\"image\":{\"@id\":\"https:\/\/marekkuchcinski.pl\/ro\/wydarzenia\/oswiadczenie-przewodniczacych-komisji-obrony-spraw-zagranicznych-i-ds-ue-sejmu-i-bundestagu-ws-wojny-na-ukrainie\/#primaryimage\"},\"thumbnailUrl\":\"https:\/\/marekkuchcinski.pl\/wp-content\/uploads\/2022\/04\/media.media_.14a7cb2c-78fd-4025-97fa-9b0b628db9c4.original1024.jpg\",\"datePublished\":\"2022-04-13T23:46:52+00:00\",\"dateModified\":\"2022-04-15T19:45:30+00:00\",\"breadcrumb\":{\"@id\":\"https:\/\/marekkuchcinski.pl\/ro\/wydarzenia\/oswiadczenie-przewodniczacych-komisji-obrony-spraw-zagranicznych-i-ds-ue-sejmu-i-bundestagu-ws-wojny-na-ukrainie\/#breadcrumb\"},\"inLanguage\":\"cs\",\"potentialAction\":[{\"@type\":\"ReadAction\",\"target\":[\"https:\/\/marekkuchcinski.pl\/ro\/wydarzenia\/oswiadczenie-przewodniczacych-komisji-obrony-spraw-zagranicznych-i-ds-ue-sejmu-i-bundestagu-ws-wojny-na-ukrainie\/\"]}]},{\"@type\":\"ImageObject\",\"inLanguage\":\"cs\",\"@id\":\"https:\/\/marekkuchcinski.pl\/ro\/wydarzenia\/oswiadczenie-przewodniczacych-komisji-obrony-spraw-zagranicznych-i-ds-ue-sejmu-i-bundestagu-ws-wojny-na-ukrainie\/#primaryimage\",\"url\":\"https:\/\/marekkuchcinski.pl\/wp-content\/uploads\/2022\/04\/media.media_.14a7cb2c-78fd-4025-97fa-9b0b628db9c4.original1024.jpg\",\"contentUrl\":\"https:\/\/marekkuchcinski.pl\/wp-content\/uploads\/2022\/04\/media.media_.14a7cb2c-78fd-4025-97fa-9b0b628db9c4.original1024.jpg\",\"width\":1200,\"height\":788},{\"@type\":\"BreadcrumbList\",\"@id\":\"https:\/\/marekkuchcinski.pl\/ro\/wydarzenia\/oswiadczenie-przewodniczacych-komisji-obrony-spraw-zagranicznych-i-ds-ue-sejmu-i-bundestagu-ws-wojny-na-ukrainie\/#breadcrumb\",\"itemListElement\":[{\"@type\":\"ListItem\",\"position\":1,\"name\":\"Strona g\u0142\u00f3wna\",\"item\":\"https:\/\/marekkuchcinski.pl\/\"},{\"@type\":\"ListItem\",\"position\":2,\"name\":\"O\u015bwiadczenie przewodnicz\u0105cych Komisji Spraw Zagranicznych, Obrony i ds. UE Sejmu i Bundestagu ws. wojny na Ukrainie\"}]},{\"@type\":\"WebSite\",\"@id\":\"https:\/\/marekkuchcinski.pl\/#website\",\"url\":\"https:\/\/marekkuchcinski.pl\/\",\"name\":\"Marek Kuchci\u0144ski\",\"description\":\"Pose\u0142 na sejm RP &ndash; okr\u0119g nr 22\",\"publisher\":{\"@id\":\"https:\/\/marekkuchcinski.pl\/#organization\"},\"potentialAction\":[{\"@type\":\"SearchAction\",\"target\":{\"@type\":\"EntryPoint\",\"urlTemplate\":\"https:\/\/marekkuchcinski.pl\/?s={search_term_string}\"},\"query-input\":{\"@type\":\"PropertyValueSpecification\",\"valueRequired\":true,\"valueName\":\"search_term_string\"}}],\"inLanguage\":\"cs\"},{\"@type\":\"Organization\",\"@id\":\"https:\/\/marekkuchcinski.pl\/#organization\",\"name\":\"Marek Kuchci\u0144ski\",\"url\":\"https:\/\/marekkuchcinski.pl\/\",\"logo\":{\"@type\":\"ImageObject\",\"inLanguage\":\"cs\",\"@id\":\"https:\/\/marekkuchcinski.pl\/#\/schema\/logo\/image\/\",\"url\":\"https:\/\/marekkuchcinski.pl\/wp-content\/uploads\/2022\/09\/Marek.jpg\",\"contentUrl\":\"https:\/\/marekkuchcinski.pl\/wp-content\/uploads\/2022\/09\/Marek.jpg\",\"width\":1600,\"height\":971,\"caption\":\"Marek Kuchci\u0144ski\"},\"image\":{\"@id\":\"https:\/\/marekkuchcinski.pl\/#\/schema\/logo\/image\/\"}},{\"@type\":\"Person\",\"@id\":\"https:\/\/marekkuchcinski.pl\/#\/schema\/person\/51d5d4ee3b5317b8e4dd2b48af359229\",\"name\":\"Marta Olejnik\",\"image\":{\"@type\":\"ImageObject\",\"inLanguage\":\"cs\",\"@id\":\"https:\/\/marekkuchcinski.pl\/#\/schema\/person\/image\/\",\"url\":\"https:\/\/secure.gravatar.com\/avatar\/e39914b2aa6a48959e24d475b5dc9793?s=96&d=mm&r=g\",\"contentUrl\":\"https:\/\/secure.gravatar.com\/avatar\/e39914b2aa6a48959e24d475b5dc9793?s=96&d=mm&r=g\",\"caption\":\"Marta Olejnik\"},\"url\":\"https:\/\/marekkuchcinski.pl\/cs\/author\/marta\/\"}]}<\/script>\n<!-- \/ Yoast SEO plugin. -->","yoast_head_json":{"title":"O\u015bwiadczenie przewodnicz\u0105cych Komisji Spraw Zagranicznych, Obrony i ds. UE Sejmu i Bundestagu ws. wojny na Ukrainie &#8211; Marek Kuchci\u0144ski","robots":{"index":"index","follow":"follow","max-snippet":"max-snippet:-1","max-image-preview":"max-image-preview:large","max-video-preview":"max-video-preview:-1"},"canonical":"https:\/\/marekkuchcinski.pl\/cs\/wydarzenia\/oswiadczenie-przewodniczacych-komisji-obrony-spraw-zagranicznych-i-ds-ue-sejmu-i-bundestagu-ws-wojny-na-ukrainie\/","og_locale":"cs_CZ","og_type":"article","og_title":"O\u015bwiadczenie przewodnicz\u0105cych Komisji Spraw Zagranicznych, Obrony i ds. UE Sejmu i Bundestagu ws. wojny na Ukrainie &#8211; Marek Kuchci\u0144ski","og_description":"Wsp\u00f3lne o\u015bwiadczenie po spotkaniu polskich przewodnicz\u0105cych Komisji Obrony, Komisji Spraw Zagranicznych i Komisji ds. UE Sejmu RP z przewodnicz\u0105cymi Komisji Spraw Zagranicznych, Komisji Spraw Europejskich oraz Komisji Obrony Niemieckiego Bundestagu z dnia 12 kwietnia 2022r. Agresja Rosji przeciwko Ukrainie jest najpowa\u017cniejszym zagro\u017ceniem dla euroatlantyckiego bezpiecze\u0144stwa od dekad. Wstrz\u0105\u015bni\u0119ci, pe\u0142ni oburzenia i sprzeciwu obserwujemy zab\u00f3jstwa, gwa\u0142ty, [&hellip;]","og_url":"https:\/\/marekkuchcinski.pl\/cs\/wydarzenia\/oswiadczenie-przewodniczacych-komisji-obrony-spraw-zagranicznych-i-ds-ue-sejmu-i-bundestagu-ws-wojny-na-ukrainie\/","og_site_name":"Marek Kuchci\u0144ski","article_published_time":"2022-04-13T23:46:52+00:00","article_modified_time":"2022-04-15T19:45:30+00:00","og_image":[{"width":1200,"height":788,"url":"https:\/\/marekkuchcinski.pl\/wp-content\/uploads\/2022\/04\/media.media_.14a7cb2c-78fd-4025-97fa-9b0b628db9c4.original1024.jpg","type":"image\/jpeg"}],"author":"Marta Olejnik","twitter_card":"summary_large_image","twitter_misc":{"Napsal(a)":"Marta Olejnik","Odhadovan\u00e1 doba \u010dten\u00ed":"4 minuty"},"schema":{"@context":"https:\/\/schema.org","@graph":[{"@type":"Article","@id":"https:\/\/marekkuchcinski.pl\/ro\/wydarzenia\/oswiadczenie-przewodniczacych-komisji-obrony-spraw-zagranicznych-i-ds-ue-sejmu-i-bundestagu-ws-wojny-na-ukrainie\/#article","isPartOf":{"@id":"https:\/\/marekkuchcinski.pl\/ro\/wydarzenia\/oswiadczenie-przewodniczacych-komisji-obrony-spraw-zagranicznych-i-ds-ue-sejmu-i-bundestagu-ws-wojny-na-ukrainie\/"},"author":{"name":"Marta Olejnik","@id":"https:\/\/marekkuchcinski.pl\/#\/schema\/person\/51d5d4ee3b5317b8e4dd2b48af359229"},"headline":"O\u015bwiadczenie przewodnicz\u0105cych Komisji Spraw Zagranicznych, Obrony i ds. UE Sejmu i Bundestagu ws. wojny na Ukrainie","datePublished":"2022-04-13T23:46:52+00:00","dateModified":"2022-04-15T19:45:30+00:00","mainEntityOfPage":{"@id":"https:\/\/marekkuchcinski.pl\/ro\/wydarzenia\/oswiadczenie-przewodniczacych-komisji-obrony-spraw-zagranicznych-i-ds-ue-sejmu-i-bundestagu-ws-wojny-na-ukrainie\/"},"wordCount":894,"commentCount":0,"publisher":{"@id":"https:\/\/marekkuchcinski.pl\/#organization"},"image":{"@id":"https:\/\/marekkuchcinski.pl\/ro\/wydarzenia\/oswiadczenie-przewodniczacych-komisji-obrony-spraw-zagranicznych-i-ds-ue-sejmu-i-bundestagu-ws-wojny-na-ukrainie\/#primaryimage"},"thumbnailUrl":"https:\/\/marekkuchcinski.pl\/wp-content\/uploads\/2022\/04\/media.media_.14a7cb2c-78fd-4025-97fa-9b0b628db9c4.original1024.jpg","articleSection":["Wsp\u00f3\u0142praca mi\u0119dzynarodowa","Wydarzenia"],"inLanguage":"cs","potentialAction":[{"@type":"CommentAction","name":"Comment","target":["https:\/\/marekkuchcinski.pl\/ro\/wydarzenia\/oswiadczenie-przewodniczacych-komisji-obrony-spraw-zagranicznych-i-ds-ue-sejmu-i-bundestagu-ws-wojny-na-ukrainie\/#respond"]}]},{"@type":"WebPage","@id":"https:\/\/marekkuchcinski.pl\/ro\/wydarzenia\/oswiadczenie-przewodniczacych-komisji-obrony-spraw-zagranicznych-i-ds-ue-sejmu-i-bundestagu-ws-wojny-na-ukrainie\/","url":"https:\/\/marekkuchcinski.pl\/ro\/wydarzenia\/oswiadczenie-przewodniczacych-komisji-obrony-spraw-zagranicznych-i-ds-ue-sejmu-i-bundestagu-ws-wojny-na-ukrainie\/","name":"O\u015bwiadczenie przewodnicz\u0105cych Komisji Spraw Zagranicznych, Obrony i ds. UE Sejmu i Bundestagu ws. wojny na Ukrainie &#8211; Marek Kuchci\u0144ski","isPartOf":{"@id":"https:\/\/marekkuchcinski.pl\/#website"},"primaryImageOfPage":{"@id":"https:\/\/marekkuchcinski.pl\/ro\/wydarzenia\/oswiadczenie-przewodniczacych-komisji-obrony-spraw-zagranicznych-i-ds-ue-sejmu-i-bundestagu-ws-wojny-na-ukrainie\/#primaryimage"},"image":{"@id":"https:\/\/marekkuchcinski.pl\/ro\/wydarzenia\/oswiadczenie-przewodniczacych-komisji-obrony-spraw-zagranicznych-i-ds-ue-sejmu-i-bundestagu-ws-wojny-na-ukrainie\/#primaryimage"},"thumbnailUrl":"https:\/\/marekkuchcinski.pl\/wp-content\/uploads\/2022\/04\/media.media_.14a7cb2c-78fd-4025-97fa-9b0b628db9c4.original1024.jpg","datePublished":"2022-04-13T23:46:52+00:00","dateModified":"2022-04-15T19:45:30+00:00","breadcrumb":{"@id":"https:\/\/marekkuchcinski.pl\/ro\/wydarzenia\/oswiadczenie-przewodniczacych-komisji-obrony-spraw-zagranicznych-i-ds-ue-sejmu-i-bundestagu-ws-wojny-na-ukrainie\/#breadcrumb"},"inLanguage":"cs","potentialAction":[{"@type":"ReadAction","target":["https:\/\/marekkuchcinski.pl\/ro\/wydarzenia\/oswiadczenie-przewodniczacych-komisji-obrony-spraw-zagranicznych-i-ds-ue-sejmu-i-bundestagu-ws-wojny-na-ukrainie\/"]}]},{"@type":"ImageObject","inLanguage":"cs","@id":"https:\/\/marekkuchcinski.pl\/ro\/wydarzenia\/oswiadczenie-przewodniczacych-komisji-obrony-spraw-zagranicznych-i-ds-ue-sejmu-i-bundestagu-ws-wojny-na-ukrainie\/#primaryimage","url":"https:\/\/marekkuchcinski.pl\/wp-content\/uploads\/2022\/04\/media.media_.14a7cb2c-78fd-4025-97fa-9b0b628db9c4.original1024.jpg","contentUrl":"https:\/\/marekkuchcinski.pl\/wp-content\/uploads\/2022\/04\/media.media_.14a7cb2c-78fd-4025-97fa-9b0b628db9c4.original1024.jpg","width":1200,"height":788},{"@type":"BreadcrumbList","@id":"https:\/\/marekkuchcinski.pl\/ro\/wydarzenia\/oswiadczenie-przewodniczacych-komisji-obrony-spraw-zagranicznych-i-ds-ue-sejmu-i-bundestagu-ws-wojny-na-ukrainie\/#breadcrumb","itemListElement":[{"@type":"ListItem","position":1,"name":"Strona g\u0142\u00f3wna","item":"https:\/\/marekkuchcinski.pl\/"},{"@type":"ListItem","position":2,"name":"O\u015bwiadczenie przewodnicz\u0105cych Komisji Spraw Zagranicznych, Obrony i ds. UE Sejmu i Bundestagu ws. wojny na Ukrainie"}]},{"@type":"WebSite","@id":"https:\/\/marekkuchcinski.pl\/#website","url":"https:\/\/marekkuchcinski.pl\/","name":"Marek Kuchci\u0144ski","description":"Pose\u0142 na sejm RP &ndash; okr\u0119g nr 22","publisher":{"@id":"https:\/\/marekkuchcinski.pl\/#organization"},"potentialAction":[{"@type":"SearchAction","target":{"@type":"EntryPoint","urlTemplate":"https:\/\/marekkuchcinski.pl\/?s={search_term_string}"},"query-input":{"@type":"PropertyValueSpecification","valueRequired":true,"valueName":"search_term_string"}}],"inLanguage":"cs"},{"@type":"Organization","@id":"https:\/\/marekkuchcinski.pl\/#organization","name":"Marek Kuchci\u0144ski","url":"https:\/\/marekkuchcinski.pl\/","logo":{"@type":"ImageObject","inLanguage":"cs","@id":"https:\/\/marekkuchcinski.pl\/#\/schema\/logo\/image\/","url":"https:\/\/marekkuchcinski.pl\/wp-content\/uploads\/2022\/09\/Marek.jpg","contentUrl":"https:\/\/marekkuchcinski.pl\/wp-content\/uploads\/2022\/09\/Marek.jpg","width":1600,"height":971,"caption":"Marek Kuchci\u0144ski"},"image":{"@id":"https:\/\/marekkuchcinski.pl\/#\/schema\/logo\/image\/"}},{"@type":"Person","@id":"https:\/\/marekkuchcinski.pl\/#\/schema\/person\/51d5d4ee3b5317b8e4dd2b48af359229","name":"Marta Olejnik","image":{"@type":"ImageObject","inLanguage":"cs","@id":"https:\/\/marekkuchcinski.pl\/#\/schema\/person\/image\/","url":"https:\/\/secure.gravatar.com\/avatar\/e39914b2aa6a48959e24d475b5dc9793?s=96&d=mm&r=g","contentUrl":"https:\/\/secure.gravatar.com\/avatar\/e39914b2aa6a48959e24d475b5dc9793?s=96&d=mm&r=g","caption":"Marta Olejnik"},"url":"https:\/\/marekkuchcinski.pl\/cs\/author\/marta\/"}]}},"_links":{"self":[{"href":"https:\/\/marekkuchcinski.pl\/cs\/wp-json\/wp\/v2\/posts\/24714","targetHints":{"allow":["GET"]}}],"collection":[{"href":"https:\/\/marekkuchcinski.pl\/cs\/wp-json\/wp\/v2\/posts"}],"about":[{"href":"https:\/\/marekkuchcinski.pl\/cs\/wp-json\/wp\/v2\/types\/post"}],"author":[{"embeddable":true,"href":"https:\/\/marekkuchcinski.pl\/cs\/wp-json\/wp\/v2\/users\/21"}],"replies":[{"embeddable":true,"href":"https:\/\/marekkuchcinski.pl\/cs\/wp-json\/wp\/v2\/comments?post=24714"}],"version-history":[{"count":8,"href":"https:\/\/marekkuchcinski.pl\/cs\/wp-json\/wp\/v2\/posts\/24714\/revisions"}],"predecessor-version":[{"id":24729,"href":"https:\/\/marekkuchcinski.pl\/cs\/wp-json\/wp\/v2\/posts\/24714\/revisions\/24729"}],"wp:featuredmedia":[{"embeddable":true,"href":"https:\/\/marekkuchcinski.pl\/cs\/wp-json\/wp\/v2\/media\/24727"}],"wp:attachment":[{"href":"https:\/\/marekkuchcinski.pl\/cs\/wp-json\/wp\/v2\/media?parent=24714"}],"wp:term":[{"taxonomy":"category","embeddable":true,"href":"https:\/\/marekkuchcinski.pl\/cs\/wp-json\/wp\/v2\/categories?post=24714"},{"taxonomy":"post_tag","embeddable":true,"href":"https:\/\/marekkuchcinski.pl\/cs\/wp-json\/wp\/v2\/tags?post=24714"}],"curies":[{"name":"wp","href":"https:\/\/api.w.org\/{rel}","templated":true}]}}