{"id":24579,"date":"2022-03-22T14:04:40","date_gmt":"2022-03-22T13:04:40","guid":{"rendered":"https:\/\/marekkuchcinski.pl\/?p=24579"},"modified":"2022-04-01T12:04:40","modified_gmt":"2022-04-01T10:04:40","slug":"24579","status":"publish","type":"post","link":"https:\/\/marekkuchcinski.pl\/cs\/wydarzenia\/24579\/","title":{"rendered":"P\u0159edseda zahrani\u010dn\u00edho v\u00fdboru: Mus\u00edme ud\u011blat v\u0161e, co je v na\u0161ich sil\u00e1ch, abychom ukon\u010dili ukrajinskou hekatombu"},"content":{"rendered":"<figure class=\"wp-block-table\"><table><tbody><tr><td>&nbsp;<\/td><\/tr><\/tbody><\/table><\/figure>\n\n\n\n<p><\/p>\n\n\n\n<p>Na Ukrajin\u011b se ru\u0161t\u00ed agreso\u0159i dopustili genocidy, v\u00e1le\u010dn\u00fdch zlo\u010din\u016f a zlo\u010din\u016f proti lidskosti. \u00dato\u010dn\u00edci doufali ve snadn\u00e9 v\u00edt\u011bzstv\u00ed, a kdy\u017e se nedostavilo, za\u010dali se mst\u00edt. V rozporu s mezin\u00e1rodn\u00edm humanit\u00e1rn\u00edm pr\u00e1vem se zam\u011b\u0159il na star\u0161\u00ed lidi, \u017eeny a d\u011bti. Zasel smrt a ohe\u0148.<\/p>\n\n\n\n<p>C\u00edlem jsou s\u00eddli\u0161t\u011b, nemocnice, \u0161koly, n\u00e1dra\u017e\u00ed pln\u00e1 uprchl\u00edk\u016f, budovy ve\u0159ejn\u00e9 spr\u00e1vy a n\u00e1kupn\u00ed centra. Jsou ost\u0159elov\u00e1ny bombami a raketami pln\u00fdmi zak\u00e1zan\u00e9ho fosforu a kazetov\u00fdmi bombami.<\/p>\n\n\n\n<p>Civiln\u00ed obyvatel\u00e9 ukrajinsk\u00fdch m\u011bst se stali rukojm\u00edmi, kter\u00fdm agresor neumo\u017e\u0148uje evakuaci humanit\u00e1rn\u00edmi koridory. Nyn\u00ed nep\u0159\u00edtel hled\u00e1 z\u00e1minku k pou\u017eit\u00ed chemick\u00fdch a biologick\u00fdch zbran\u00ed. Vyd\u00edr\u00e1 sv\u011bt jadern\u00fdm \u00fatokem.<\/p>\n\n\n\n<p>Rusov\u00e9 un\u00e1\u0161ej\u00ed starosty a radn\u00ed, aby je zastra\u0161ovali a mu\u010dili. Nejde jen o \u00fatok na hrdiny m\u00edstn\u00edch komunit. C\u00edlem je tak\u00e9 podlomit mor\u00e1lku obr\u00e1nc\u016f. Je to tak\u00e9 zlov\u011bstn\u00fd \u00fatok na demokracii, kter\u00e9 se org\u00e1ny Rusk\u00e9 federace ob\u00e1vaj\u00ed nejv\u00edce.<\/p>\n\n\n\n<p>Genocida, v\u00e1le\u010dn\u00e9 zlo\u010diny a zlo\u010diny proti lidskosti nejsou proml\u010deny. Budou st\u00edh\u00e1ni. Do t\u00e9 doby mus\u00edme ud\u011blat v\u0161e, co je v na\u0161ich sil\u00e1ch, abychom ukrajinskou hekatombu ukon\u010dili. Proto \u017e\u00e1d\u00e1me nejen o mor\u00e1ln\u00ed podporu Ukrajiny v jej\u00ed v\u00e1lce za zachov\u00e1n\u00ed svobody, suverenity a celistvosti.<\/p>\n\n\n\n<p>Vyz\u00fdv\u00e1me \u010dlensk\u00e9 st\u00e1ty EU a dal\u0161\u00ed demokratick\u00e9 zem\u011b, aby se p\u0159ipojily k akci poskytnut\u00ed zbran\u00ed hrdinn\u00fdm obr\u00e1nc\u016fm. Bez systematick\u00e9ho p\u0159ed\u00e1v\u00e1n\u00ed \u0161pi\u010dkov\u00fdch syst\u00e9m\u016f elektronick\u00e9ho boje, protitankov\u00fdch, protiletadlov\u00fdch a protiraketov\u00fdch syst\u00e9m\u016f ukrajinsk\u00e9 arm\u00e1d\u011b se ba\u0161ta br\u00e1n\u00edc\u00ed Evropu zhrout\u00ed a nep\u0159\u00edtel bude st\u00e1t p\u0159ed na\u0161imi branami.<\/p>\n\n\n\n<p>\u017d\u00e1d\u00e1me, aby byl Ukrajin\u011b okam\u017eit\u011b ud\u011blen status kandid\u00e1tsk\u00e9 zem\u011b Evropsk\u00e9 unie. Jedn\u00e1 se o kl\u00ed\u010dovou ot\u00e1zku evropsk\u00e9 bezpe\u010dnosti.<\/p>\n\n\n\n<p>Vyz\u00fdv\u00e1me k roz\u0161\u00ed\u0159en\u00ed sankc\u00ed uvalen\u00fdch na Rusko a B\u011blorusko na dal\u0161\u00ed hospod\u00e1\u0159sk\u00e1 a finan\u010dn\u00ed odv\u011btv\u00ed, a to a\u017e do \u00fapln\u00e9ho embarga na obchod s t\u011bmito zem\u011bmi. Nic, co z\u00e1vis\u00ed na na\u0161ich rozhodnut\u00edch, nesm\u00ed agreso\u0159i vyu\u017e\u00edt k eskalaci v\u00e1lky.<\/p>\n\n\n\n<p>Vyz\u00fdv\u00e1me evropsk\u00e9 vl\u00e1dy, aby okam\u017eit\u011b p\u0159im\u011bly Ruskou federaci k ochran\u011b humanit\u00e1rn\u00edch koridor\u016f, kter\u00fdmi by civilist\u00e9 mohli opustit bojov\u00e9 z\u00f3ny.<\/p>\n\n\n\n<p>V neposledn\u00ed \u0159ad\u011b \u017e\u00e1d\u00e1me \u010dlensk\u00e9 st\u00e1ty EU, aby za\u010daly pracovat na projektu, kter\u00fd po odra\u017een\u00ed rusk\u00e9 agrese umo\u017en\u00ed d\u016fkladnou obnovu Ukrajiny z trosek. Mus\u00ed j\u00edt o koncept Marshallova pl\u00e1nu.<\/p>\n\n\n\n<p>Ukrajina plat\u00ed nejvy\u0161\u0161\u00ed mo\u017enou cenu za sv\u00e9 touhy st\u00e1t se sou\u010d\u00e1st\u00ed rodiny, kter\u00e1 se \u0159\u00edd\u00ed demokratick\u00fdmi hodnotami. Pokud ji dnes \u00fa\u010dinn\u011b nepodpo\u0159\u00edme, ohroz\u00edme tyto hodnoty.<\/p>\n\n\n\n<p>Nesm\u00edme odvracet zrak. \u010cel\u00edme bezprecedentn\u011b brut\u00e1ln\u00ed v\u00e1lce, jakou Evropa neza\u017eila od dob Hitlera a Stalina. Ukrajinci pokl\u00e1daj\u00ed \u017eivoty za na\u0161i svobodu a demokracii. Jejich ob\u011b\u0165 rozhodne o budoucnosti Evropsk\u00e9 unie. Jejich boj vy\u017eaduje na\u0161i okam\u017eitou a \u00fa\u010dinnou pomoc. Historick\u00e9 v\u00fdzvy vy\u017eaduj\u00ed historick\u00e1 rozhodnut\u00ed.<\/p>\n\n\n\n<figure class=\"wp-block-table\"><table><tbody><tr><td><strong>&nbsp;<\/strong> <strong>Bogdan Klich<\/strong> P\u0159edseda V\u00fdboru pro zahrani\u010dn\u00ed v\u011bci a Evropskou unii Sen\u00e1tu Polsk\u00e9 republiky &nbsp;&nbsp;&nbsp;&nbsp;&nbsp;&nbsp;&nbsp;&nbsp;&nbsp;&nbsp;&nbsp;<\/td><td><strong>Pavel Fischer<\/strong> P\u0159edseda V\u00fdboru pro zahrani\u010dn\u00ed v\u011bci, obranu<br>&nbsp;a zabezpe\u010den\u00ed<br>Sen\u00e1t \u010cesk\u00e9 republiky<\/td><td><strong>&nbsp;Marko Mihkelson<\/strong> P\u0159edseda zahrani\u010dn\u00edho v\u00fdboru<br>Riigikogu Estonsk\u00e9 republiky<\/td><td>&nbsp;<\/td><\/tr><tr><td><strong>&nbsp;<\/strong> <strong>Laima Liucija Andrikien\u00e9<\/strong> P\u0159edseda V\u00fdboru pro zahrani\u010dn\u00ed v\u011bci<br>Seimas Litevsk\u00e9 republiky&nbsp;&nbsp;&nbsp;&nbsp;&nbsp;&nbsp;&nbsp;&nbsp;&nbsp;&nbsp;&nbsp; <strong><\/strong><\/td><td><strong>&nbsp;&nbsp;&nbsp; Rihards Kols<\/strong> P\u0159edseda zahrani\u010dn\u00edho v\u00fdboru<br>Saeima Loty\u0161sk\u00e9 republiky<\/td><td><strong>Titus Corl\u0103<\/strong><strong>\u021b<\/strong><strong>ean<\/strong> P\u0159edseda zahrani\u010dn\u00edho v\u00fdboru<br>Sen\u00e1t Rumunska<strong><\/strong><\/td><td>&nbsp;<\/td><\/tr><tr><td><strong>&nbsp;<\/strong> <strong>Charles Flanagan<\/strong> P\u0159edseda Spole\u010dn\u00e9ho v\u00fdboru pro zahrani\u010dn\u00ed v\u011bci<br>a obrana irsk\u00e9ho parlamentu Oireachtas <strong><br><br><\/strong> &nbsp;&nbsp;&nbsp;&nbsp;&nbsp;<\/td><td><strong>Marek Kuchci\u0144ski<\/strong> P\u0159edseda V\u00fdboru pro zahrani\u010dn\u00ed v\u011bci Sejmu Polsk\u00e9 republiky<\/td><td><strong>Marek \u017den\u00ed\u0161ek<\/strong> P\u0159edseda zahrani\u010dn\u00edho v\u00fdboru<br>Poslaneck\u00e1 sn\u011bmovna \u010cesk\u00e9 republiky<\/td><td>&nbsp;<\/td><\/tr><\/tbody><\/table><\/figure>\n\n\n\n<div data-wp-interactive=\"core\/file\" class=\"wp-block-file\"><object data-wp-bind--hidden=\"!state.hasPdfPreview\" hidden class=\"wp-block-file__embed\" data=\"https:\/\/marekkuchcinski.pl\/wp-content\/uploads\/2022\/03\/STATEMENT_UKR_march_2022_eng_final-1.pdf\" type=\"application\/pdf\" style=\"width:100%;height:600px\" aria-label=\"Vlo\u017eit z Osadzone z STATEMENT_UKR_march_2022_eng_final-1..\"><\/object><a href=\"https:\/\/marekkuchcinski.pl\/wp-content\/uploads\/2022\/03\/STATEMENT_UKR_march_2022_eng_final-1.pdf\">STATEMENT_UKR_march_2022_eng_final-1<\/a><a href=\"https:\/\/marekkuchcinski.pl\/wp-content\/uploads\/2022\/03\/STATEMENT_UKR_march_2022_eng_final-1.pdf\" class=\"wp-block-file__button\" download>St\u00e1hnout<\/a><\/div>\n\n\n\n<p>Foto: Obrana Ukrajiny<\/p>","protected":false},"excerpt":{"rendered":"<p>&nbsp; Na Ukrainie rosyjscy agresorzy dokonali ludob\u00f3jstwa, zbrodni wojennych i zbrodni przeciwko ludzko\u015bci. Naje\u017ad\u017aca liczy\u0142 na \u0142atwe zwyci\u0119stwo, a gdy ono nie nadesz\u0142o, wpad\u0142 w sza\u0142 zemsty. Celowa\u0142 w osoby starsze, kobiety i dzieci, naruszaj\u0105c mi\u0119dzynarodowe prawo humanitarne. Sieje \u015bmier\u0107 i ogie\u0144. Celem s\u0105 osiedla mieszkaniowe, szpitale, szko\u0142y, dworce kolejowe pe\u0142ne uchod\u017ac\u00f3w, budynki administracji publicznej [&hellip;]<\/p>","protected":false},"author":21,"featured_media":24581,"comment_status":"open","ping_status":"open","sticky":false,"template":"","format":"standard","meta":{"ngg_post_thumbnail":0,"footnotes":""},"categories":[50,3],"tags":[],"class_list":["post-24579","post","type-post","status-publish","format-standard","has-post-thumbnail","hentry","category-wspolpraca-miedzynarodowa","category-wydarzenia"],"yoast_head":"<!-- This site is optimized with the Yoast SEO plugin v24.7 - https:\/\/yoast.com\/wordpress\/plugins\/seo\/ -->\n<title>Przewodnicz\u0105cy Komisji Spraw Zagranicznych: Musimy zrobi\u0107 wszystko, co w naszej mocy, aby zako\u0144czy\u0107 ukrai\u0144sk\u0105 hekatomb\u0119 &#8211; Marek Kuchci\u0144ski<\/title>\n<meta name=\"robots\" content=\"index, follow, max-snippet:-1, max-image-preview:large, max-video-preview:-1\" \/>\n<link rel=\"canonical\" href=\"https:\/\/marekkuchcinski.pl\/cs\/wydarzenia\/24579\/\" \/>\n<meta property=\"og:locale\" content=\"cs_CZ\" \/>\n<meta property=\"og:type\" content=\"article\" \/>\n<meta property=\"og:title\" content=\"Przewodnicz\u0105cy Komisji Spraw Zagranicznych: Musimy zrobi\u0107 wszystko, co w naszej mocy, aby zako\u0144czy\u0107 ukrai\u0144sk\u0105 hekatomb\u0119 &#8211; Marek Kuchci\u0144ski\" \/>\n<meta property=\"og:description\" content=\"&nbsp; Na Ukrainie rosyjscy agresorzy dokonali ludob\u00f3jstwa, zbrodni wojennych i zbrodni przeciwko ludzko\u015bci. Naje\u017ad\u017aca liczy\u0142 na \u0142atwe zwyci\u0119stwo, a gdy ono nie nadesz\u0142o, wpad\u0142 w sza\u0142 zemsty. Celowa\u0142 w osoby starsze, kobiety i dzieci, naruszaj\u0105c mi\u0119dzynarodowe prawo humanitarne. Sieje \u015bmier\u0107 i ogie\u0144. Celem s\u0105 osiedla mieszkaniowe, szpitale, szko\u0142y, dworce kolejowe pe\u0142ne uchod\u017ac\u00f3w, budynki administracji publicznej [&hellip;]\" \/>\n<meta property=\"og:url\" content=\"https:\/\/marekkuchcinski.pl\/cs\/wydarzenia\/24579\/\" \/>\n<meta property=\"og:site_name\" content=\"Marek Kuchci\u0144ski\" \/>\n<meta property=\"article:published_time\" content=\"2022-03-22T13:04:40+00:00\" \/>\n<meta property=\"article:modified_time\" content=\"2022-04-01T10:04:40+00:00\" \/>\n<meta property=\"og:image\" content=\"https:\/\/marekkuchcinski.pl\/wp-content\/uploads\/2022\/03\/Defence-of-Ukraine.jpg\" \/>\n\t<meta property=\"og:image:width\" content=\"1200\" \/>\n\t<meta property=\"og:image:height\" content=\"781\" \/>\n\t<meta property=\"og:image:type\" content=\"image\/jpeg\" \/>\n<meta name=\"author\" content=\"Marta Olejnik\" \/>\n<meta name=\"twitter:card\" content=\"summary_large_image\" \/>\n<meta name=\"twitter:label1\" content=\"Napsal(a)\" \/>\n\t<meta name=\"twitter:data1\" content=\"Marta Olejnik\" \/>\n\t<meta name=\"twitter:label2\" content=\"Odhadovan\u00e1 doba \u010dten\u00ed\" \/>\n\t<meta name=\"twitter:data2\" content=\"3 minuty\" \/>\n<script type=\"application\/ld+json\" class=\"yoast-schema-graph\">{\"@context\":\"https:\/\/schema.org\",\"@graph\":[{\"@type\":\"Article\",\"@id\":\"https:\/\/marekkuchcinski.pl\/wydarzenia\/24579\/#article\",\"isPartOf\":{\"@id\":\"https:\/\/marekkuchcinski.pl\/wydarzenia\/24579\/\"},\"author\":{\"name\":\"Marta Olejnik\",\"@id\":\"https:\/\/marekkuchcinski.pl\/#\/schema\/person\/51d5d4ee3b5317b8e4dd2b48af359229\"},\"headline\":\"Przewodnicz\u0105cy Komisji Spraw Zagranicznych: Musimy zrobi\u0107 wszystko, co w naszej mocy, aby zako\u0144czy\u0107 ukrai\u0144sk\u0105 hekatomb\u0119\",\"datePublished\":\"2022-03-22T13:04:40+00:00\",\"dateModified\":\"2022-04-01T10:04:40+00:00\",\"mainEntityOfPage\":{\"@id\":\"https:\/\/marekkuchcinski.pl\/wydarzenia\/24579\/\"},\"wordCount\":655,\"commentCount\":0,\"publisher\":{\"@id\":\"https:\/\/marekkuchcinski.pl\/#organization\"},\"image\":{\"@id\":\"https:\/\/marekkuchcinski.pl\/wydarzenia\/24579\/#primaryimage\"},\"thumbnailUrl\":\"https:\/\/marekkuchcinski.pl\/wp-content\/uploads\/2022\/03\/Defence-of-Ukraine.jpg\",\"articleSection\":[\"Wsp\u00f3\u0142praca mi\u0119dzynarodowa\",\"Wydarzenia\"],\"inLanguage\":\"cs\",\"potentialAction\":[{\"@type\":\"CommentAction\",\"name\":\"Comment\",\"target\":[\"https:\/\/marekkuchcinski.pl\/wydarzenia\/24579\/#respond\"]}]},{\"@type\":\"WebPage\",\"@id\":\"https:\/\/marekkuchcinski.pl\/wydarzenia\/24579\/\",\"url\":\"https:\/\/marekkuchcinski.pl\/wydarzenia\/24579\/\",\"name\":\"Przewodnicz\u0105cy Komisji Spraw Zagranicznych: Musimy zrobi\u0107 wszystko, co w naszej mocy, aby zako\u0144czy\u0107 ukrai\u0144sk\u0105 hekatomb\u0119 &#8211; Marek Kuchci\u0144ski\",\"isPartOf\":{\"@id\":\"https:\/\/marekkuchcinski.pl\/#website\"},\"primaryImageOfPage\":{\"@id\":\"https:\/\/marekkuchcinski.pl\/wydarzenia\/24579\/#primaryimage\"},\"image\":{\"@id\":\"https:\/\/marekkuchcinski.pl\/wydarzenia\/24579\/#primaryimage\"},\"thumbnailUrl\":\"https:\/\/marekkuchcinski.pl\/wp-content\/uploads\/2022\/03\/Defence-of-Ukraine.jpg\",\"datePublished\":\"2022-03-22T13:04:40+00:00\",\"dateModified\":\"2022-04-01T10:04:40+00:00\",\"breadcrumb\":{\"@id\":\"https:\/\/marekkuchcinski.pl\/wydarzenia\/24579\/#breadcrumb\"},\"inLanguage\":\"cs\",\"potentialAction\":[{\"@type\":\"ReadAction\",\"target\":[\"https:\/\/marekkuchcinski.pl\/wydarzenia\/24579\/\"]}]},{\"@type\":\"ImageObject\",\"inLanguage\":\"cs\",\"@id\":\"https:\/\/marekkuchcinski.pl\/wydarzenia\/24579\/#primaryimage\",\"url\":\"https:\/\/marekkuchcinski.pl\/wp-content\/uploads\/2022\/03\/Defence-of-Ukraine.jpg\",\"contentUrl\":\"https:\/\/marekkuchcinski.pl\/wp-content\/uploads\/2022\/03\/Defence-of-Ukraine.jpg\",\"width\":1200,\"height\":781},{\"@type\":\"BreadcrumbList\",\"@id\":\"https:\/\/marekkuchcinski.pl\/wydarzenia\/24579\/#breadcrumb\",\"itemListElement\":[{\"@type\":\"ListItem\",\"position\":1,\"name\":\"Strona g\u0142\u00f3wna\",\"item\":\"https:\/\/marekkuchcinski.pl\/\"},{\"@type\":\"ListItem\",\"position\":2,\"name\":\"Przewodnicz\u0105cy Komisji Spraw Zagranicznych: Musimy zrobi\u0107 wszystko, co w naszej mocy, aby zako\u0144czy\u0107 ukrai\u0144sk\u0105 hekatomb\u0119\"}]},{\"@type\":\"WebSite\",\"@id\":\"https:\/\/marekkuchcinski.pl\/#website\",\"url\":\"https:\/\/marekkuchcinski.pl\/\",\"name\":\"Marek Kuchci\u0144ski\",\"description\":\"Pose\u0142 na sejm RP &ndash; okr\u0119g nr 22\",\"publisher\":{\"@id\":\"https:\/\/marekkuchcinski.pl\/#organization\"},\"potentialAction\":[{\"@type\":\"SearchAction\",\"target\":{\"@type\":\"EntryPoint\",\"urlTemplate\":\"https:\/\/marekkuchcinski.pl\/?s={search_term_string}\"},\"query-input\":{\"@type\":\"PropertyValueSpecification\",\"valueRequired\":true,\"valueName\":\"search_term_string\"}}],\"inLanguage\":\"cs\"},{\"@type\":\"Organization\",\"@id\":\"https:\/\/marekkuchcinski.pl\/#organization\",\"name\":\"Marek Kuchci\u0144ski\",\"url\":\"https:\/\/marekkuchcinski.pl\/\",\"logo\":{\"@type\":\"ImageObject\",\"inLanguage\":\"cs\",\"@id\":\"https:\/\/marekkuchcinski.pl\/#\/schema\/logo\/image\/\",\"url\":\"https:\/\/marekkuchcinski.pl\/wp-content\/uploads\/2022\/09\/Marek.jpg\",\"contentUrl\":\"https:\/\/marekkuchcinski.pl\/wp-content\/uploads\/2022\/09\/Marek.jpg\",\"width\":1600,\"height\":971,\"caption\":\"Marek Kuchci\u0144ski\"},\"image\":{\"@id\":\"https:\/\/marekkuchcinski.pl\/#\/schema\/logo\/image\/\"}},{\"@type\":\"Person\",\"@id\":\"https:\/\/marekkuchcinski.pl\/#\/schema\/person\/51d5d4ee3b5317b8e4dd2b48af359229\",\"name\":\"Marta Olejnik\",\"image\":{\"@type\":\"ImageObject\",\"inLanguage\":\"cs\",\"@id\":\"https:\/\/marekkuchcinski.pl\/#\/schema\/person\/image\/\",\"url\":\"https:\/\/secure.gravatar.com\/avatar\/e39914b2aa6a48959e24d475b5dc9793?s=96&d=mm&r=g\",\"contentUrl\":\"https:\/\/secure.gravatar.com\/avatar\/e39914b2aa6a48959e24d475b5dc9793?s=96&d=mm&r=g\",\"caption\":\"Marta Olejnik\"},\"url\":\"https:\/\/marekkuchcinski.pl\/cs\/author\/marta\/\"}]}<\/script>\n<!-- \/ Yoast SEO plugin. -->","yoast_head_json":{"title":"Przewodnicz\u0105cy Komisji Spraw Zagranicznych: Musimy zrobi\u0107 wszystko, co w naszej mocy, aby zako\u0144czy\u0107 ukrai\u0144sk\u0105 hekatomb\u0119 &#8211; Marek Kuchci\u0144ski","robots":{"index":"index","follow":"follow","max-snippet":"max-snippet:-1","max-image-preview":"max-image-preview:large","max-video-preview":"max-video-preview:-1"},"canonical":"https:\/\/marekkuchcinski.pl\/cs\/wydarzenia\/24579\/","og_locale":"cs_CZ","og_type":"article","og_title":"Przewodnicz\u0105cy Komisji Spraw Zagranicznych: Musimy zrobi\u0107 wszystko, co w naszej mocy, aby zako\u0144czy\u0107 ukrai\u0144sk\u0105 hekatomb\u0119 &#8211; Marek Kuchci\u0144ski","og_description":"&nbsp; Na Ukrainie rosyjscy agresorzy dokonali ludob\u00f3jstwa, zbrodni wojennych i zbrodni przeciwko ludzko\u015bci. Naje\u017ad\u017aca liczy\u0142 na \u0142atwe zwyci\u0119stwo, a gdy ono nie nadesz\u0142o, wpad\u0142 w sza\u0142 zemsty. Celowa\u0142 w osoby starsze, kobiety i dzieci, naruszaj\u0105c mi\u0119dzynarodowe prawo humanitarne. Sieje \u015bmier\u0107 i ogie\u0144. Celem s\u0105 osiedla mieszkaniowe, szpitale, szko\u0142y, dworce kolejowe pe\u0142ne uchod\u017ac\u00f3w, budynki administracji publicznej [&hellip;]","og_url":"https:\/\/marekkuchcinski.pl\/cs\/wydarzenia\/24579\/","og_site_name":"Marek Kuchci\u0144ski","article_published_time":"2022-03-22T13:04:40+00:00","article_modified_time":"2022-04-01T10:04:40+00:00","og_image":[{"width":1200,"height":781,"url":"https:\/\/marekkuchcinski.pl\/wp-content\/uploads\/2022\/03\/Defence-of-Ukraine.jpg","type":"image\/jpeg"}],"author":"Marta Olejnik","twitter_card":"summary_large_image","twitter_misc":{"Napsal(a)":"Marta Olejnik","Odhadovan\u00e1 doba \u010dten\u00ed":"3 minuty"},"schema":{"@context":"https:\/\/schema.org","@graph":[{"@type":"Article","@id":"https:\/\/marekkuchcinski.pl\/wydarzenia\/24579\/#article","isPartOf":{"@id":"https:\/\/marekkuchcinski.pl\/wydarzenia\/24579\/"},"author":{"name":"Marta Olejnik","@id":"https:\/\/marekkuchcinski.pl\/#\/schema\/person\/51d5d4ee3b5317b8e4dd2b48af359229"},"headline":"Przewodnicz\u0105cy Komisji Spraw Zagranicznych: Musimy zrobi\u0107 wszystko, co w naszej mocy, aby zako\u0144czy\u0107 ukrai\u0144sk\u0105 hekatomb\u0119","datePublished":"2022-03-22T13:04:40+00:00","dateModified":"2022-04-01T10:04:40+00:00","mainEntityOfPage":{"@id":"https:\/\/marekkuchcinski.pl\/wydarzenia\/24579\/"},"wordCount":655,"commentCount":0,"publisher":{"@id":"https:\/\/marekkuchcinski.pl\/#organization"},"image":{"@id":"https:\/\/marekkuchcinski.pl\/wydarzenia\/24579\/#primaryimage"},"thumbnailUrl":"https:\/\/marekkuchcinski.pl\/wp-content\/uploads\/2022\/03\/Defence-of-Ukraine.jpg","articleSection":["Wsp\u00f3\u0142praca mi\u0119dzynarodowa","Wydarzenia"],"inLanguage":"cs","potentialAction":[{"@type":"CommentAction","name":"Comment","target":["https:\/\/marekkuchcinski.pl\/wydarzenia\/24579\/#respond"]}]},{"@type":"WebPage","@id":"https:\/\/marekkuchcinski.pl\/wydarzenia\/24579\/","url":"https:\/\/marekkuchcinski.pl\/wydarzenia\/24579\/","name":"Przewodnicz\u0105cy Komisji Spraw Zagranicznych: Musimy zrobi\u0107 wszystko, co w naszej mocy, aby zako\u0144czy\u0107 ukrai\u0144sk\u0105 hekatomb\u0119 &#8211; Marek Kuchci\u0144ski","isPartOf":{"@id":"https:\/\/marekkuchcinski.pl\/#website"},"primaryImageOfPage":{"@id":"https:\/\/marekkuchcinski.pl\/wydarzenia\/24579\/#primaryimage"},"image":{"@id":"https:\/\/marekkuchcinski.pl\/wydarzenia\/24579\/#primaryimage"},"thumbnailUrl":"https:\/\/marekkuchcinski.pl\/wp-content\/uploads\/2022\/03\/Defence-of-Ukraine.jpg","datePublished":"2022-03-22T13:04:40+00:00","dateModified":"2022-04-01T10:04:40+00:00","breadcrumb":{"@id":"https:\/\/marekkuchcinski.pl\/wydarzenia\/24579\/#breadcrumb"},"inLanguage":"cs","potentialAction":[{"@type":"ReadAction","target":["https:\/\/marekkuchcinski.pl\/wydarzenia\/24579\/"]}]},{"@type":"ImageObject","inLanguage":"cs","@id":"https:\/\/marekkuchcinski.pl\/wydarzenia\/24579\/#primaryimage","url":"https:\/\/marekkuchcinski.pl\/wp-content\/uploads\/2022\/03\/Defence-of-Ukraine.jpg","contentUrl":"https:\/\/marekkuchcinski.pl\/wp-content\/uploads\/2022\/03\/Defence-of-Ukraine.jpg","width":1200,"height":781},{"@type":"BreadcrumbList","@id":"https:\/\/marekkuchcinski.pl\/wydarzenia\/24579\/#breadcrumb","itemListElement":[{"@type":"ListItem","position":1,"name":"Strona g\u0142\u00f3wna","item":"https:\/\/marekkuchcinski.pl\/"},{"@type":"ListItem","position":2,"name":"Przewodnicz\u0105cy Komisji Spraw Zagranicznych: Musimy zrobi\u0107 wszystko, co w naszej mocy, aby zako\u0144czy\u0107 ukrai\u0144sk\u0105 hekatomb\u0119"}]},{"@type":"WebSite","@id":"https:\/\/marekkuchcinski.pl\/#website","url":"https:\/\/marekkuchcinski.pl\/","name":"Marek Kuchci\u0144ski","description":"Pose\u0142 na sejm RP &ndash; okr\u0119g nr 22","publisher":{"@id":"https:\/\/marekkuchcinski.pl\/#organization"},"potentialAction":[{"@type":"SearchAction","target":{"@type":"EntryPoint","urlTemplate":"https:\/\/marekkuchcinski.pl\/?s={search_term_string}"},"query-input":{"@type":"PropertyValueSpecification","valueRequired":true,"valueName":"search_term_string"}}],"inLanguage":"cs"},{"@type":"Organization","@id":"https:\/\/marekkuchcinski.pl\/#organization","name":"Marek Kuchci\u0144ski","url":"https:\/\/marekkuchcinski.pl\/","logo":{"@type":"ImageObject","inLanguage":"cs","@id":"https:\/\/marekkuchcinski.pl\/#\/schema\/logo\/image\/","url":"https:\/\/marekkuchcinski.pl\/wp-content\/uploads\/2022\/09\/Marek.jpg","contentUrl":"https:\/\/marekkuchcinski.pl\/wp-content\/uploads\/2022\/09\/Marek.jpg","width":1600,"height":971,"caption":"Marek Kuchci\u0144ski"},"image":{"@id":"https:\/\/marekkuchcinski.pl\/#\/schema\/logo\/image\/"}},{"@type":"Person","@id":"https:\/\/marekkuchcinski.pl\/#\/schema\/person\/51d5d4ee3b5317b8e4dd2b48af359229","name":"Marta Olejnik","image":{"@type":"ImageObject","inLanguage":"cs","@id":"https:\/\/marekkuchcinski.pl\/#\/schema\/person\/image\/","url":"https:\/\/secure.gravatar.com\/avatar\/e39914b2aa6a48959e24d475b5dc9793?s=96&d=mm&r=g","contentUrl":"https:\/\/secure.gravatar.com\/avatar\/e39914b2aa6a48959e24d475b5dc9793?s=96&d=mm&r=g","caption":"Marta Olejnik"},"url":"https:\/\/marekkuchcinski.pl\/cs\/author\/marta\/"}]}},"_links":{"self":[{"href":"https:\/\/marekkuchcinski.pl\/cs\/wp-json\/wp\/v2\/posts\/24579","targetHints":{"allow":["GET"]}}],"collection":[{"href":"https:\/\/marekkuchcinski.pl\/cs\/wp-json\/wp\/v2\/posts"}],"about":[{"href":"https:\/\/marekkuchcinski.pl\/cs\/wp-json\/wp\/v2\/types\/post"}],"author":[{"embeddable":true,"href":"https:\/\/marekkuchcinski.pl\/cs\/wp-json\/wp\/v2\/users\/21"}],"replies":[{"embeddable":true,"href":"https:\/\/marekkuchcinski.pl\/cs\/wp-json\/wp\/v2\/comments?post=24579"}],"version-history":[{"count":3,"href":"https:\/\/marekkuchcinski.pl\/cs\/wp-json\/wp\/v2\/posts\/24579\/revisions"}],"predecessor-version":[{"id":24643,"href":"https:\/\/marekkuchcinski.pl\/cs\/wp-json\/wp\/v2\/posts\/24579\/revisions\/24643"}],"wp:featuredmedia":[{"embeddable":true,"href":"https:\/\/marekkuchcinski.pl\/cs\/wp-json\/wp\/v2\/media\/24581"}],"wp:attachment":[{"href":"https:\/\/marekkuchcinski.pl\/cs\/wp-json\/wp\/v2\/media?parent=24579"}],"wp:term":[{"taxonomy":"category","embeddable":true,"href":"https:\/\/marekkuchcinski.pl\/cs\/wp-json\/wp\/v2\/categories?post=24579"},{"taxonomy":"post_tag","embeddable":true,"href":"https:\/\/marekkuchcinski.pl\/cs\/wp-json\/wp\/v2\/tags?post=24579"}],"curies":[{"name":"wp","href":"https:\/\/api.w.org\/{rel}","templated":true}]}}