{"id":24575,"date":"2022-03-21T19:13:57","date_gmt":"2022-03-21T18:13:57","guid":{"rendered":"https:\/\/marekkuchcinski.pl\/?p=24575"},"modified":"2022-03-21T19:25:36","modified_gmt":"2022-03-21T18:25:36","slug":"polska-oczami-swiatowych-mediow","status":"publish","type":"post","link":"https:\/\/marekkuchcinski.pl\/cs\/wydarzenia\/polska-oczami-swiatowych-mediow\/","title":{"rendered":"Polsko o\u010dima sv\u011btov\u00fdch m\u00e9di\u00ed"},"content":{"rendered":"<p>- Polsko je jedn\u00edm z nejv\u011bt\u0161\u00edch n\u00e1rod\u016f na sv\u011bt\u011b. \"M\u00fdtus o polsk\u00e9 'xenofobii' je v\u00fdmysl \u0161\u00ed\u0159en\u00fd rozho\u0159\u010den\u00fdmi byrokraty EU, kte\u0159\u00ed nen\u00e1vid\u00ed polskou konzervativn\u00ed vl\u00e1du a neust\u00e1le se ji sna\u017e\u00ed v Evropsk\u00e9 unii podkopat,\" p\u00ed\u0161e na soci\u00e1ln\u00edch s\u00edt\u00edch britsk\u00fd zahrani\u010dn\u011bpolitick\u00fd analytik Nile Gardiner a cituje dne\u0161n\u00ed \u010dl\u00e1nek v Timesech. Autor textu je ohromen odhodl\u00e1n\u00edm pomoci m\u011bstu Przemy\u015bl - \"v uprchlick\u00fdch t\u00e1borech na hranic\u00edch nach\u00e1z\u00ed hrd\u00fd n\u00e1rod, kter\u00fd se vzp\u00edr\u00e1 l\u00edn\u00fdm stereotyp\u016fm\".<\/p>\n\n\n\n<p>Nen\u00ed to prvn\u00ed text z p\u0159edn\u00edch z\u00e1padn\u00edch novin, kter\u00fd p\u0159izn\u00e1v\u00e1 roli Polska p\u0159i pomoci Ukrajin\u011b. Sv\u011bt nejen\u017ee p\u0159ehodnotil sv\u00e9 sm\u00fd\u0161len\u00ed o Rusku, ale pomalu se vyhrab\u00e1v\u00e1 zpod trosek propagandy, kterou l\u00e9ta chrlili ti, pro n\u011b\u017e by siln\u00e9 Polsko znamenalo tragickou por\u00e1\u017eku.<\/p>\n\n\n\n<p>- V\u00e1lka Ruska proti Ukrajin\u011b m\u016f\u017ee b\u00fdt dobrou p\u0159\u00edle\u017eitost\u00ed k zastaven\u00ed v sou\u010dasnosti m\u00f3dn\u00ed kampan\u011b proti Polsku, p\u00ed\u0161e n\u011bmeck\u00fd Die Welt. Publicista upozor\u0148uje na obrovsk\u00e9 \u00fasil\u00ed, kter\u00e9 Pol\u00e1ci vynakl\u00e1daj\u00ed kv\u016fli masivn\u00edmu p\u0159\u00edlivu uprchl\u00edk\u016f z Ukrajiny. - D\u011bje se tak v dob\u011b, kdy se berl\u00ednsk\u00e1 administrativa, pohrani\u010dn\u00ed policie a z\u00e1chrann\u00e9 slu\u017eby hrout\u00ed pod t\u00edhou des\u00edtek tis\u00edc migrant\u016f, p\u00ed\u0161e den\u00edk. Pochvaln\u00e9 texty o Polsku napsaly tak\u00e9 The Sunday Times, Wall Street Journal a Bild, kter\u00fd ji\u017e v listopadu lo\u0148sk\u00e9ho roku pod\u011bkoval Polsku za jeho postoj v\u016f\u010di Kremlem inspirovan\u00fdm akc\u00edm na polsko-b\u011blorusk\u00e9 hranici.<\/p>\n\n\n\n<p>Na symboliku a pozitivn\u00ed rozm\u011br n\u00e1v\u0161t\u011bvy premi\u00e9r\u016f Polska, \u010cesk\u00e9 republiky a Slovinska upozornil mimo jin\u00e9 den\u00edk Washington Post: Dramatick\u00e1 n\u00e1v\u0161t\u011bva nejvy\u0161\u0161\u00edch p\u0159edstavitel\u016f \u010cesk\u00e9 republiky, Polska a Slovinska ve m\u011bst\u011b, kter\u00fdm v \u00fater\u00fd r\u00e1no ot\u0159\u00e1sly dal\u0161\u00ed exploze, se uskute\u010dnila v dob\u011b rostouc\u00ed humanit\u00e1rn\u00ed krize a tlaku na izolaci rusk\u00e9ho prezidenta Vladimira Putina, p\u00ed\u0161e BBC: Ukrajina ocenila odvahu t\u0159\u00ed evropsk\u00fdch l\u00eddr\u016f, Al Jazeera: N\u00e1v\u0161t\u011bva byla p\u0159edev\u0161\u00edm velmi viditelnou ve\u0159ejnou demonstrac\u00ed podpory ukrajinsk\u00e9mu lidu a veden\u00ed na vysok\u00e9 \u00farovni,\" uvedla agentura RAI.\" N\u00e1vrh na vysl\u00e1n\u00ed sil NATO je obzvl\u00e1\u0161t\u011b v\u00fdznamn\u00fd, p\u00ed\u0161e El Pais: Politick\u00e9 gesto podpory, \"El Mundo: V\u00fdlet hodn\u00fd chv\u00e1ly\", \"Le Figaro\": N\u00e1v\u0161t\u011bva symbolick\u00e1 a konkr\u00e9tn\u00ed\", \"La Repubblica: Tato cesta dokazuje, \u017ee i Evropa m\u016f\u017ee zasadit siln\u00fd \u00fader tomu, kdo se j\u00ed postav\u00ed.<\/p>\n\n\n\n<p>Doufejme, \u017ee probuzen\u00ed sv\u011bta nebude trvat p\u0159\u00edli\u0161 kr\u00e1tce.<\/p>\n\n\n\n<p><\/p>\n\n\n\n<p>Foto: Bartek Kosi\u0144ski<\/p>","protected":false},"excerpt":{"rendered":"<p>\u2013 Polska jest jednym z najwi\u0119kszych narod\u00f3w na \u015bwiecie. Mit polskiej \u201eksenofobii\u201d to fikcja propagowana przez roz\u017calonych unijnych biurokrat\u00f3w, kt\u00f3rzy nienawidz\u0105 konserwatywnego rz\u0105du Polski i nieustannie pr\u00f3buj\u0105 go podwa\u017cy\u0107 w Unii Europejskiej \u2013 pisze w mediach spo\u0142eczno\u015bciowych brytyjski analityk polityki zagranicznej Nile Gardiner i przytacza dzisiejszy artyku\u0142 \u201eTimesa\u201d. Autor tekstu jest pod wra\u017ceniem zaanga\u017cowania w [&hellip;]<\/p>","protected":false},"author":21,"featured_media":24576,"comment_status":"open","ping_status":"open","sticky":false,"template":"","format":"standard","meta":{"ngg_post_thumbnail":0,"footnotes":""},"categories":[50,3],"tags":[],"class_list":["post-24575","post","type-post","status-publish","format-standard","has-post-thumbnail","hentry","category-wspolpraca-miedzynarodowa","category-wydarzenia"],"yoast_head":"<!-- This site is optimized with the Yoast SEO plugin v24.7 - https:\/\/yoast.com\/wordpress\/plugins\/seo\/ -->\n<title>Polska oczami \u015bwiatowych medi\u00f3w &#8211; Marek Kuchci\u0144ski<\/title>\n<meta name=\"robots\" content=\"index, follow, max-snippet:-1, max-image-preview:large, max-video-preview:-1\" \/>\n<link rel=\"canonical\" href=\"https:\/\/marekkuchcinski.pl\/cs\/wydarzenia\/polska-oczami-swiatowych-mediow\/\" \/>\n<meta property=\"og:locale\" content=\"cs_CZ\" \/>\n<meta property=\"og:type\" content=\"article\" \/>\n<meta property=\"og:title\" content=\"Polska oczami \u015bwiatowych medi\u00f3w &#8211; Marek Kuchci\u0144ski\" \/>\n<meta property=\"og:description\" content=\"\u2013 Polska jest jednym z najwi\u0119kszych narod\u00f3w na \u015bwiecie. Mit polskiej \u201eksenofobii\u201d to fikcja propagowana przez roz\u017calonych unijnych biurokrat\u00f3w, kt\u00f3rzy nienawidz\u0105 konserwatywnego rz\u0105du Polski i nieustannie pr\u00f3buj\u0105 go podwa\u017cy\u0107 w Unii Europejskiej \u2013 pisze w mediach spo\u0142eczno\u015bciowych brytyjski analityk polityki zagranicznej Nile Gardiner i przytacza dzisiejszy artyku\u0142 \u201eTimesa\u201d. Autor tekstu jest pod wra\u017ceniem zaanga\u017cowania w [&hellip;]\" \/>\n<meta property=\"og:url\" content=\"https:\/\/marekkuchcinski.pl\/cs\/wydarzenia\/polska-oczami-swiatowych-mediow\/\" \/>\n<meta property=\"og:site_name\" content=\"Marek Kuchci\u0144ski\" \/>\n<meta property=\"article:published_time\" content=\"2022-03-21T18:13:57+00:00\" \/>\n<meta property=\"article:modified_time\" content=\"2022-03-21T18:25:36+00:00\" \/>\n<meta property=\"og:image\" content=\"https:\/\/marekkuchcinski.pl\/wp-content\/uploads\/2022\/03\/274030522_777034586603941_6854438093158329463_n.jpg\" \/>\n\t<meta property=\"og:image:width\" content=\"1000\" \/>\n\t<meta property=\"og:image:height\" content=\"666\" \/>\n\t<meta property=\"og:image:type\" content=\"image\/jpeg\" \/>\n<meta name=\"author\" content=\"Marta Olejnik\" \/>\n<meta name=\"twitter:card\" content=\"summary_large_image\" \/>\n<meta name=\"twitter:label1\" content=\"Napsal(a)\" \/>\n\t<meta name=\"twitter:data1\" content=\"Marta Olejnik\" \/>\n\t<meta name=\"twitter:label2\" content=\"Odhadovan\u00e1 doba \u010dten\u00ed\" \/>\n\t<meta name=\"twitter:data2\" content=\"2 minuty\" \/>\n<script type=\"application\/ld+json\" class=\"yoast-schema-graph\">{\"@context\":\"https:\/\/schema.org\",\"@graph\":[{\"@type\":\"Article\",\"@id\":\"https:\/\/marekkuchcinski.pl\/sk\/wydarzenia\/polska-oczami-swiatowych-mediow\/#article\",\"isPartOf\":{\"@id\":\"https:\/\/marekkuchcinski.pl\/sk\/wydarzenia\/polska-oczami-swiatowych-mediow\/\"},\"author\":{\"name\":\"Marta Olejnik\",\"@id\":\"https:\/\/marekkuchcinski.pl\/#\/schema\/person\/51d5d4ee3b5317b8e4dd2b48af359229\"},\"headline\":\"Polska oczami \u015bwiatowych medi\u00f3w\",\"datePublished\":\"2022-03-21T18:13:57+00:00\",\"dateModified\":\"2022-03-21T18:25:36+00:00\",\"mainEntityOfPage\":{\"@id\":\"https:\/\/marekkuchcinski.pl\/sk\/wydarzenia\/polska-oczami-swiatowych-mediow\/\"},\"wordCount\":435,\"commentCount\":0,\"publisher\":{\"@id\":\"https:\/\/marekkuchcinski.pl\/#organization\"},\"image\":{\"@id\":\"https:\/\/marekkuchcinski.pl\/sk\/wydarzenia\/polska-oczami-swiatowych-mediow\/#primaryimage\"},\"thumbnailUrl\":\"https:\/\/marekkuchcinski.pl\/wp-content\/uploads\/2022\/03\/274030522_777034586603941_6854438093158329463_n.jpg\",\"articleSection\":[\"Wsp\u00f3\u0142praca mi\u0119dzynarodowa\",\"Wydarzenia\"],\"inLanguage\":\"cs\",\"potentialAction\":[{\"@type\":\"CommentAction\",\"name\":\"Comment\",\"target\":[\"https:\/\/marekkuchcinski.pl\/sk\/wydarzenia\/polska-oczami-swiatowych-mediow\/#respond\"]}]},{\"@type\":\"WebPage\",\"@id\":\"https:\/\/marekkuchcinski.pl\/sk\/wydarzenia\/polska-oczami-swiatowych-mediow\/\",\"url\":\"https:\/\/marekkuchcinski.pl\/sk\/wydarzenia\/polska-oczami-swiatowych-mediow\/\",\"name\":\"Polska oczami \u015bwiatowych medi\u00f3w &#8211; Marek Kuchci\u0144ski\",\"isPartOf\":{\"@id\":\"https:\/\/marekkuchcinski.pl\/#website\"},\"primaryImageOfPage\":{\"@id\":\"https:\/\/marekkuchcinski.pl\/sk\/wydarzenia\/polska-oczami-swiatowych-mediow\/#primaryimage\"},\"image\":{\"@id\":\"https:\/\/marekkuchcinski.pl\/sk\/wydarzenia\/polska-oczami-swiatowych-mediow\/#primaryimage\"},\"thumbnailUrl\":\"https:\/\/marekkuchcinski.pl\/wp-content\/uploads\/2022\/03\/274030522_777034586603941_6854438093158329463_n.jpg\",\"datePublished\":\"2022-03-21T18:13:57+00:00\",\"dateModified\":\"2022-03-21T18:25:36+00:00\",\"breadcrumb\":{\"@id\":\"https:\/\/marekkuchcinski.pl\/sk\/wydarzenia\/polska-oczami-swiatowych-mediow\/#breadcrumb\"},\"inLanguage\":\"cs\",\"potentialAction\":[{\"@type\":\"ReadAction\",\"target\":[\"https:\/\/marekkuchcinski.pl\/sk\/wydarzenia\/polska-oczami-swiatowych-mediow\/\"]}]},{\"@type\":\"ImageObject\",\"inLanguage\":\"cs\",\"@id\":\"https:\/\/marekkuchcinski.pl\/sk\/wydarzenia\/polska-oczami-swiatowych-mediow\/#primaryimage\",\"url\":\"https:\/\/marekkuchcinski.pl\/wp-content\/uploads\/2022\/03\/274030522_777034586603941_6854438093158329463_n.jpg\",\"contentUrl\":\"https:\/\/marekkuchcinski.pl\/wp-content\/uploads\/2022\/03\/274030522_777034586603941_6854438093158329463_n.jpg\",\"width\":1000,\"height\":666},{\"@type\":\"BreadcrumbList\",\"@id\":\"https:\/\/marekkuchcinski.pl\/sk\/wydarzenia\/polska-oczami-swiatowych-mediow\/#breadcrumb\",\"itemListElement\":[{\"@type\":\"ListItem\",\"position\":1,\"name\":\"Strona g\u0142\u00f3wna\",\"item\":\"https:\/\/marekkuchcinski.pl\/\"},{\"@type\":\"ListItem\",\"position\":2,\"name\":\"Polska oczami \u015bwiatowych medi\u00f3w\"}]},{\"@type\":\"WebSite\",\"@id\":\"https:\/\/marekkuchcinski.pl\/#website\",\"url\":\"https:\/\/marekkuchcinski.pl\/\",\"name\":\"Marek Kuchci\u0144ski\",\"description\":\"Pose\u0142 na sejm RP &ndash; okr\u0119g nr 22\",\"publisher\":{\"@id\":\"https:\/\/marekkuchcinski.pl\/#organization\"},\"potentialAction\":[{\"@type\":\"SearchAction\",\"target\":{\"@type\":\"EntryPoint\",\"urlTemplate\":\"https:\/\/marekkuchcinski.pl\/?s={search_term_string}\"},\"query-input\":{\"@type\":\"PropertyValueSpecification\",\"valueRequired\":true,\"valueName\":\"search_term_string\"}}],\"inLanguage\":\"cs\"},{\"@type\":\"Organization\",\"@id\":\"https:\/\/marekkuchcinski.pl\/#organization\",\"name\":\"Marek Kuchci\u0144ski\",\"url\":\"https:\/\/marekkuchcinski.pl\/\",\"logo\":{\"@type\":\"ImageObject\",\"inLanguage\":\"cs\",\"@id\":\"https:\/\/marekkuchcinski.pl\/#\/schema\/logo\/image\/\",\"url\":\"https:\/\/marekkuchcinski.pl\/wp-content\/uploads\/2022\/09\/Marek.jpg\",\"contentUrl\":\"https:\/\/marekkuchcinski.pl\/wp-content\/uploads\/2022\/09\/Marek.jpg\",\"width\":1600,\"height\":971,\"caption\":\"Marek Kuchci\u0144ski\"},\"image\":{\"@id\":\"https:\/\/marekkuchcinski.pl\/#\/schema\/logo\/image\/\"}},{\"@type\":\"Person\",\"@id\":\"https:\/\/marekkuchcinski.pl\/#\/schema\/person\/51d5d4ee3b5317b8e4dd2b48af359229\",\"name\":\"Marta Olejnik\",\"image\":{\"@type\":\"ImageObject\",\"inLanguage\":\"cs\",\"@id\":\"https:\/\/marekkuchcinski.pl\/#\/schema\/person\/image\/\",\"url\":\"https:\/\/secure.gravatar.com\/avatar\/e39914b2aa6a48959e24d475b5dc9793?s=96&d=mm&r=g\",\"contentUrl\":\"https:\/\/secure.gravatar.com\/avatar\/e39914b2aa6a48959e24d475b5dc9793?s=96&d=mm&r=g\",\"caption\":\"Marta Olejnik\"},\"url\":\"https:\/\/marekkuchcinski.pl\/cs\/author\/marta\/\"}]}<\/script>\n<!-- \/ Yoast SEO plugin. -->","yoast_head_json":{"title":"Polska oczami \u015bwiatowych medi\u00f3w &#8211; Marek Kuchci\u0144ski","robots":{"index":"index","follow":"follow","max-snippet":"max-snippet:-1","max-image-preview":"max-image-preview:large","max-video-preview":"max-video-preview:-1"},"canonical":"https:\/\/marekkuchcinski.pl\/cs\/wydarzenia\/polska-oczami-swiatowych-mediow\/","og_locale":"cs_CZ","og_type":"article","og_title":"Polska oczami \u015bwiatowych medi\u00f3w &#8211; Marek Kuchci\u0144ski","og_description":"\u2013 Polska jest jednym z najwi\u0119kszych narod\u00f3w na \u015bwiecie. Mit polskiej \u201eksenofobii\u201d to fikcja propagowana przez roz\u017calonych unijnych biurokrat\u00f3w, kt\u00f3rzy nienawidz\u0105 konserwatywnego rz\u0105du Polski i nieustannie pr\u00f3buj\u0105 go podwa\u017cy\u0107 w Unii Europejskiej \u2013 pisze w mediach spo\u0142eczno\u015bciowych brytyjski analityk polityki zagranicznej Nile Gardiner i przytacza dzisiejszy artyku\u0142 \u201eTimesa\u201d. Autor tekstu jest pod wra\u017ceniem zaanga\u017cowania w [&hellip;]","og_url":"https:\/\/marekkuchcinski.pl\/cs\/wydarzenia\/polska-oczami-swiatowych-mediow\/","og_site_name":"Marek Kuchci\u0144ski","article_published_time":"2022-03-21T18:13:57+00:00","article_modified_time":"2022-03-21T18:25:36+00:00","og_image":[{"width":1000,"height":666,"url":"https:\/\/marekkuchcinski.pl\/wp-content\/uploads\/2022\/03\/274030522_777034586603941_6854438093158329463_n.jpg","type":"image\/jpeg"}],"author":"Marta Olejnik","twitter_card":"summary_large_image","twitter_misc":{"Napsal(a)":"Marta Olejnik","Odhadovan\u00e1 doba \u010dten\u00ed":"2 minuty"},"schema":{"@context":"https:\/\/schema.org","@graph":[{"@type":"Article","@id":"https:\/\/marekkuchcinski.pl\/sk\/wydarzenia\/polska-oczami-swiatowych-mediow\/#article","isPartOf":{"@id":"https:\/\/marekkuchcinski.pl\/sk\/wydarzenia\/polska-oczami-swiatowych-mediow\/"},"author":{"name":"Marta Olejnik","@id":"https:\/\/marekkuchcinski.pl\/#\/schema\/person\/51d5d4ee3b5317b8e4dd2b48af359229"},"headline":"Polska oczami \u015bwiatowych medi\u00f3w","datePublished":"2022-03-21T18:13:57+00:00","dateModified":"2022-03-21T18:25:36+00:00","mainEntityOfPage":{"@id":"https:\/\/marekkuchcinski.pl\/sk\/wydarzenia\/polska-oczami-swiatowych-mediow\/"},"wordCount":435,"commentCount":0,"publisher":{"@id":"https:\/\/marekkuchcinski.pl\/#organization"},"image":{"@id":"https:\/\/marekkuchcinski.pl\/sk\/wydarzenia\/polska-oczami-swiatowych-mediow\/#primaryimage"},"thumbnailUrl":"https:\/\/marekkuchcinski.pl\/wp-content\/uploads\/2022\/03\/274030522_777034586603941_6854438093158329463_n.jpg","articleSection":["Wsp\u00f3\u0142praca mi\u0119dzynarodowa","Wydarzenia"],"inLanguage":"cs","potentialAction":[{"@type":"CommentAction","name":"Comment","target":["https:\/\/marekkuchcinski.pl\/sk\/wydarzenia\/polska-oczami-swiatowych-mediow\/#respond"]}]},{"@type":"WebPage","@id":"https:\/\/marekkuchcinski.pl\/sk\/wydarzenia\/polska-oczami-swiatowych-mediow\/","url":"https:\/\/marekkuchcinski.pl\/sk\/wydarzenia\/polska-oczami-swiatowych-mediow\/","name":"Polska oczami \u015bwiatowych medi\u00f3w &#8211; Marek Kuchci\u0144ski","isPartOf":{"@id":"https:\/\/marekkuchcinski.pl\/#website"},"primaryImageOfPage":{"@id":"https:\/\/marekkuchcinski.pl\/sk\/wydarzenia\/polska-oczami-swiatowych-mediow\/#primaryimage"},"image":{"@id":"https:\/\/marekkuchcinski.pl\/sk\/wydarzenia\/polska-oczami-swiatowych-mediow\/#primaryimage"},"thumbnailUrl":"https:\/\/marekkuchcinski.pl\/wp-content\/uploads\/2022\/03\/274030522_777034586603941_6854438093158329463_n.jpg","datePublished":"2022-03-21T18:13:57+00:00","dateModified":"2022-03-21T18:25:36+00:00","breadcrumb":{"@id":"https:\/\/marekkuchcinski.pl\/sk\/wydarzenia\/polska-oczami-swiatowych-mediow\/#breadcrumb"},"inLanguage":"cs","potentialAction":[{"@type":"ReadAction","target":["https:\/\/marekkuchcinski.pl\/sk\/wydarzenia\/polska-oczami-swiatowych-mediow\/"]}]},{"@type":"ImageObject","inLanguage":"cs","@id":"https:\/\/marekkuchcinski.pl\/sk\/wydarzenia\/polska-oczami-swiatowych-mediow\/#primaryimage","url":"https:\/\/marekkuchcinski.pl\/wp-content\/uploads\/2022\/03\/274030522_777034586603941_6854438093158329463_n.jpg","contentUrl":"https:\/\/marekkuchcinski.pl\/wp-content\/uploads\/2022\/03\/274030522_777034586603941_6854438093158329463_n.jpg","width":1000,"height":666},{"@type":"BreadcrumbList","@id":"https:\/\/marekkuchcinski.pl\/sk\/wydarzenia\/polska-oczami-swiatowych-mediow\/#breadcrumb","itemListElement":[{"@type":"ListItem","position":1,"name":"Strona g\u0142\u00f3wna","item":"https:\/\/marekkuchcinski.pl\/"},{"@type":"ListItem","position":2,"name":"Polska oczami \u015bwiatowych medi\u00f3w"}]},{"@type":"WebSite","@id":"https:\/\/marekkuchcinski.pl\/#website","url":"https:\/\/marekkuchcinski.pl\/","name":"Marek Kuchci\u0144ski","description":"Pose\u0142 na sejm RP &ndash; okr\u0119g nr 22","publisher":{"@id":"https:\/\/marekkuchcinski.pl\/#organization"},"potentialAction":[{"@type":"SearchAction","target":{"@type":"EntryPoint","urlTemplate":"https:\/\/marekkuchcinski.pl\/?s={search_term_string}"},"query-input":{"@type":"PropertyValueSpecification","valueRequired":true,"valueName":"search_term_string"}}],"inLanguage":"cs"},{"@type":"Organization","@id":"https:\/\/marekkuchcinski.pl\/#organization","name":"Marek Kuchci\u0144ski","url":"https:\/\/marekkuchcinski.pl\/","logo":{"@type":"ImageObject","inLanguage":"cs","@id":"https:\/\/marekkuchcinski.pl\/#\/schema\/logo\/image\/","url":"https:\/\/marekkuchcinski.pl\/wp-content\/uploads\/2022\/09\/Marek.jpg","contentUrl":"https:\/\/marekkuchcinski.pl\/wp-content\/uploads\/2022\/09\/Marek.jpg","width":1600,"height":971,"caption":"Marek Kuchci\u0144ski"},"image":{"@id":"https:\/\/marekkuchcinski.pl\/#\/schema\/logo\/image\/"}},{"@type":"Person","@id":"https:\/\/marekkuchcinski.pl\/#\/schema\/person\/51d5d4ee3b5317b8e4dd2b48af359229","name":"Marta Olejnik","image":{"@type":"ImageObject","inLanguage":"cs","@id":"https:\/\/marekkuchcinski.pl\/#\/schema\/person\/image\/","url":"https:\/\/secure.gravatar.com\/avatar\/e39914b2aa6a48959e24d475b5dc9793?s=96&d=mm&r=g","contentUrl":"https:\/\/secure.gravatar.com\/avatar\/e39914b2aa6a48959e24d475b5dc9793?s=96&d=mm&r=g","caption":"Marta Olejnik"},"url":"https:\/\/marekkuchcinski.pl\/cs\/author\/marta\/"}]}},"_links":{"self":[{"href":"https:\/\/marekkuchcinski.pl\/cs\/wp-json\/wp\/v2\/posts\/24575","targetHints":{"allow":["GET"]}}],"collection":[{"href":"https:\/\/marekkuchcinski.pl\/cs\/wp-json\/wp\/v2\/posts"}],"about":[{"href":"https:\/\/marekkuchcinski.pl\/cs\/wp-json\/wp\/v2\/types\/post"}],"author":[{"embeddable":true,"href":"https:\/\/marekkuchcinski.pl\/cs\/wp-json\/wp\/v2\/users\/21"}],"replies":[{"embeddable":true,"href":"https:\/\/marekkuchcinski.pl\/cs\/wp-json\/wp\/v2\/comments?post=24575"}],"version-history":[{"count":2,"href":"https:\/\/marekkuchcinski.pl\/cs\/wp-json\/wp\/v2\/posts\/24575\/revisions"}],"predecessor-version":[{"id":24578,"href":"https:\/\/marekkuchcinski.pl\/cs\/wp-json\/wp\/v2\/posts\/24575\/revisions\/24578"}],"wp:featuredmedia":[{"embeddable":true,"href":"https:\/\/marekkuchcinski.pl\/cs\/wp-json\/wp\/v2\/media\/24576"}],"wp:attachment":[{"href":"https:\/\/marekkuchcinski.pl\/cs\/wp-json\/wp\/v2\/media?parent=24575"}],"wp:term":[{"taxonomy":"category","embeddable":true,"href":"https:\/\/marekkuchcinski.pl\/cs\/wp-json\/wp\/v2\/categories?post=24575"},{"taxonomy":"post_tag","embeddable":true,"href":"https:\/\/marekkuchcinski.pl\/cs\/wp-json\/wp\/v2\/tags?post=24575"}],"curies":[{"name":"wp","href":"https:\/\/api.w.org\/{rel}","templated":true}]}}