{"id":24423,"date":"2022-02-20T14:59:34","date_gmt":"2022-02-20T13:59:34","guid":{"rendered":"https:\/\/marekkuchcinski.pl\/?p=24423"},"modified":"2022-02-20T15:26:48","modified_gmt":"2022-02-20T14:26:48","slug":"24423","status":"publish","type":"post","link":"https:\/\/marekkuchcinski.pl\/cs\/wydarzenia\/24423\/","title":{"rendered":"Z Lond\u00fdna do Karpatsk\u00e9 Evropy"},"content":{"rendered":"<p>V centru Budape\u0161ti, v kav\u00e1rn\u011b na Zolt\u00e1nsk\u00e9 ulici 10, se p\u0159i \"Scrutonov\u011b \u010daji\" a v lond\u00fdnsk\u00e9 atmosf\u00e9\u0159e vedou intelektu\u00e1ln\u00ed debaty, \u010dte se poezie a rozv\u00edjej\u00ed se my\u0161lenky a ideje konzervativn\u00edho filozofa. <\/p>\n\n\n\n<p>- <strong>Rogera Scrutona jsem poznal v ml\u00e1d\u00ed, kdy\u017e jsme s p\u0159\u00e1teli organizovali setk\u00e1n\u00ed nez\u00e1visl\u00e9 kultury v Przemy\u015blu. V\u011b\u0159\u00edm, \u017ee Karpatsk\u00fd evropsk\u00fd klub, kter\u00fd byl p\u0159ed t\u00fddnem zalo\u017een v Krasiczyn\u011b, bude m\u00edt s k\u00fdm spolupracovat a \u017ee kreativn\u00ed mozky roz\u0161\u00ed\u0159\u00ed karpatsk\u00e9 obzory - \u0159\u00edk\u00e1 p\u0159edseda zahrani\u010dn\u00edho v\u00fdboru Marek Kuchci\u0144ski.<\/strong><\/p>\n\n\n\n<p>Scruton p\u0159ijel do Polska podpo\u0159it protikomunistickou opozici. On i jeho kolegov\u00e9 byli sledov\u00e1ni, bylo s nimi tvrd\u011b zach\u00e1zeno, byli zastra\u0161ov\u00e1ni a vyho\u0161t\u011bni. Za sv\u00e9 z\u00e1sluhy byl vyznamen\u00e1n polsk\u00fdm prezidentem Andrzejem Dudou a kr\u00e1lovna Al\u017eb\u011bta II. mu ud\u011blila \u0161lechtick\u00fd titul. Napsal v\u00edce ne\u017e 40 knih na r\u016fzn\u00e1 t\u00e9mata, od sexu a v\u00edna a\u017e po levicov\u00e9 myslitele. Stejn\u011b tak \u010dasopisy a n\u00e1zorov\u00e9 magaz\u00edny - v\u011bt\u0161inou konzervativn\u00ed.<\/p>\n\n\n\n<p>V kav\u00e1rn\u011b jsou vystaveny Scrutonovy pam\u00e1tky, kter\u00e9 mu v\u011bnovala jeho man\u017eelka: knihy, desky, starom\u00f3dn\u00ed gramofon, jeho obl\u00edben\u00e9 zna\u010dky \u010daje, rychlovarn\u00e1 konvice atd.&nbsp;<\/p>\n\n\n\n<p><\/p>\n\n\n\n<p><a href=\"https:\/\/marekkuchcinski.pl\/cs\/wydarzenia\/roger-scruton-wspolnota-doswiadczen-wspolnota-celow\/\"><span style=\"color:#208dbc\" class=\"has-inline-color\"><strong>R<\/strong><\/span><\/a><a href=\"https:\/\/marekkuchcinski.pl\/cs\/wydarzenia\/roger-scruton-wspolnota-doswiadczen-wspolnota-celow\/\" target=\"_blank\" rel=\"noreferrer noopener\"><span style=\"color:#208dbc\" class=\"has-inline-color\"><strong>o<\/strong><\/span><\/a><a href=\"https:\/\/marekkuchcinski.pl\/cs\/wydarzenia\/roger-scruton-wspolnota-doswiadczen-wspolnota-celow\/\"><span style=\"color:#208dbc\" class=\"has-inline-color\"><strong>Ger Scruton - Spole\u010denstv\u00ed zku\u0161enost\u00ed, spole\u010denstv\u00ed c\u00edl\u016f - Marek Kuchci\u0144ski (marekkuchcinski.pl)<\/strong><\/span><\/a><\/p>\n\n\n\n<p><a href=\"https:\/\/marekkuchcinski.pl\/cs\/wydarzenia\/scruton\/\"><span style=\"color:#1d8ab9\" class=\"has-inline-color\"><strong>Profesor Roger Scruton vyznamen\u00e1n prezidentem a p\u0159edsedou polsk\u00e9ho Sejmu - Marek Kuchci\u0144ski (marekkuchcinski.pl)<\/strong><\/span><\/a><\/p>\n\n\n\n<figure class=\"wp-block-embed is-type-wp-embed is-provider-marek-kuchcinski wp-block-embed-marek-kuchcinski\"><div class=\"wp-block-embed__wrapper\">\n<blockquote class=\"wp-embedded-content\" data-secret=\"bbTKHGvEoM\"><a href=\"https:\/\/marekkuchcinski.pl\/cs\/wspolpraca-miedzynarodowa\/roger-scruton-wyzwania-dla-rzadow-europy-srodkowej-i-wschodniej-iv-szczyt-przewodniczacych-parlamentow-panstw-europy-srodkowej-i-wschodniej\/\">Roger Scruton: V\u00fdzvy pro vl\u00e1dy zem\u00ed st\u0159edn\u00ed a v\u00fdchodn\u00ed Evropy - \u010ctvrt\u00fd summit p\u0159edsed\u016f parlament\u016f zem\u00ed st\u0159edn\u00ed a v\u00fdchodn\u00ed Evropy<\/a><\/blockquote><iframe class=\"wp-embedded-content\" sandbox=\"allow-scripts\" security=\"restricted\" style=\"position: absolute; clip: rect(1px, 1px, 1px, 1px);\" title=\"&quot;Roger Scruton: V\u00fdzvy pro vl\u00e1dy zem\u00ed st\u0159edn\u00ed a v\u00fdchodn\u00ed Evropy - \u010dtvrt\u00fd summit p\u0159edsed\u016f parlament\u016f zem\u00ed st\u0159edn\u00ed a v\u00fdchodn\u00ed Evropy&quot; - Marek Kuchci\u0144ski\" src=\"https:\/\/marekkuchcinski.pl\/wspolpraca-miedzynarodowa\/roger-scruton-wyzwania-dla-rzadow-europy-srodkowej-i-wschodniej-iv-szczyt-przewodniczacych-parlamentow-panstw-europy-srodkowej-i-wschodniej\/embed\/#?secret=bbTKHGvEoM\" data-secret=\"bbTKHGvEoM\" width=\"600\" height=\"338\" frameborder=\"0\" marginwidth=\"0\" marginheight=\"0\" scrolling=\"no\"><\/iframe>\n<\/div><\/figure>\n\n\n\n<figure class=\"wp-block-image size-full\"><a href=\"https:\/\/marekkuchcinski.pl\/wp-content\/uploads\/2022\/02\/s1.jpg\"><img fetchpriority=\"high\" decoding=\"async\" width=\"960\" height=\"720\" src=\"https:\/\/marekkuchcinski.pl\/wp-content\/uploads\/2022\/02\/s1.jpg\" alt=\"\" class=\"wp-image-24424\" srcset=\"https:\/\/marekkuchcinski.pl\/wp-content\/uploads\/2022\/02\/s1.jpg 960w, https:\/\/marekkuchcinski.pl\/wp-content\/uploads\/2022\/02\/s1-300x225.jpg 300w, https:\/\/marekkuchcinski.pl\/wp-content\/uploads\/2022\/02\/s1-768x576.jpg 768w, https:\/\/marekkuchcinski.pl\/wp-content\/uploads\/2022\/02\/s1-16x12.jpg 16w\" sizes=\"(max-width: 960px) 100vw, 960px\" \/><\/a><\/figure>\n\n\n\n<figure class=\"wp-block-image size-full\"><a href=\"https:\/\/marekkuchcinski.pl\/wp-content\/uploads\/2022\/02\/s2.jpg\"><img decoding=\"async\" width=\"960\" height=\"541\" src=\"https:\/\/marekkuchcinski.pl\/wp-content\/uploads\/2022\/02\/s2.jpg\" alt=\"\" class=\"wp-image-24425\" srcset=\"https:\/\/marekkuchcinski.pl\/wp-content\/uploads\/2022\/02\/s2.jpg 960w, https:\/\/marekkuchcinski.pl\/wp-content\/uploads\/2022\/02\/s2-300x169.jpg 300w, https:\/\/marekkuchcinski.pl\/wp-content\/uploads\/2022\/02\/s2-768x433.jpg 768w, https:\/\/marekkuchcinski.pl\/wp-content\/uploads\/2022\/02\/s2-18x10.jpg 18w\" sizes=\"(max-width: 960px) 100vw, 960px\" \/><\/a><\/figure>\n\n\n\n<figure class=\"wp-block-image size-full is-resized\"><a href=\"https:\/\/marekkuchcinski.pl\/wp-content\/uploads\/2022\/02\/s3.jpg\"><img decoding=\"async\" src=\"https:\/\/marekkuchcinski.pl\/wp-content\/uploads\/2022\/02\/s3.jpg\" alt=\"\" class=\"wp-image-24426\" width=\"851\" height=\"477\" srcset=\"https:\/\/marekkuchcinski.pl\/wp-content\/uploads\/2022\/02\/s3.jpg 960w, https:\/\/marekkuchcinski.pl\/wp-content\/uploads\/2022\/02\/s3-300x168.jpg 300w, https:\/\/marekkuchcinski.pl\/wp-content\/uploads\/2022\/02\/s3-768x431.jpg 768w, https:\/\/marekkuchcinski.pl\/wp-content\/uploads\/2022\/02\/s3-18x10.jpg 18w\" sizes=\"(max-width: 851px) 100vw, 851px\" \/><\/a><figcaption>Na fotografii: poslanci Arkadiusz Mularczyk a W\u0142adys\u0142aw Teofil Bartoszewski, profesor Imre Molnar, velvyslanec Jerzy Snopek, profeso\u0159i Arkadiusz Adamczyk, Istvan Kovacs, Csaba Kiss.<\/figcaption><\/figure>\n\n\n\n<p><\/p>","protected":false},"excerpt":{"rendered":"<p>W centrum Budapesztu, w kawiarni przy ulicy Zolt\u00e1n 10, przy &#8222;herbacie Scrutona&#8221; i w londy\u0144skim klimacie trwaj\u0105 intelektualne debaty, czyta si\u0119 poezj\u0119, rozwija idee i my\u015bli konserwatywnego filozofa. \u2013 Rogera Scrutona pozna\u0142em w m\u0142odo\u015bci, gdy organizowali\u015bmy z przyjaci\u00f3\u0142mi spotkania kultury niezale\u017cnej w Przemy\u015blu. Ufam, \u017ce powo\u0142any tydzie\u0144 temu w Krasiczynie Klub Europy Karpat b\u0119dzie mia\u0142 [&hellip;]<\/p>","protected":false},"author":21,"featured_media":24429,"comment_status":"open","ping_status":"open","sticky":false,"template":"","format":"standard","meta":{"ngg_post_thumbnail":0,"footnotes":""},"categories":[50,3],"tags":[],"class_list":["post-24423","post","type-post","status-publish","format-standard","has-post-thumbnail","hentry","category-wspolpraca-miedzynarodowa","category-wydarzenia"],"yoast_head":"<!-- This site is optimized with the Yoast SEO plugin v24.7 - https:\/\/yoast.com\/wordpress\/plugins\/seo\/ -->\n<title>Od Londynu po Europ\u0119 Karpat &#8211; Marek Kuchci\u0144ski<\/title>\n<meta name=\"robots\" content=\"index, follow, max-snippet:-1, max-image-preview:large, max-video-preview:-1\" \/>\n<link rel=\"canonical\" href=\"https:\/\/marekkuchcinski.pl\/cs\/wydarzenia\/24423\/\" \/>\n<meta property=\"og:locale\" content=\"cs_CZ\" \/>\n<meta property=\"og:type\" content=\"article\" \/>\n<meta property=\"og:title\" content=\"Od Londynu po Europ\u0119 Karpat &#8211; Marek Kuchci\u0144ski\" \/>\n<meta property=\"og:description\" content=\"W centrum Budapesztu, w kawiarni przy ulicy Zolt\u00e1n 10, przy &#8222;herbacie Scrutona&#8221; i w londy\u0144skim klimacie trwaj\u0105 intelektualne debaty, czyta si\u0119 poezj\u0119, rozwija idee i my\u015bli konserwatywnego filozofa. \u2013 Rogera Scrutona pozna\u0142em w m\u0142odo\u015bci, gdy organizowali\u015bmy z przyjaci\u00f3\u0142mi spotkania kultury niezale\u017cnej w Przemy\u015blu. Ufam, \u017ce powo\u0142any tydzie\u0144 temu w Krasiczynie Klub Europy Karpat b\u0119dzie mia\u0142 [&hellip;]\" \/>\n<meta property=\"og:url\" content=\"https:\/\/marekkuchcinski.pl\/cs\/wydarzenia\/24423\/\" \/>\n<meta property=\"og:site_name\" content=\"Marek Kuchci\u0144ski\" \/>\n<meta property=\"article:published_time\" content=\"2022-02-20T13:59:34+00:00\" \/>\n<meta property=\"article:modified_time\" content=\"2022-02-20T14:26:48+00:00\" \/>\n<meta property=\"og:image\" content=\"https:\/\/marekkuchcinski.pl\/wp-content\/uploads\/2022\/02\/s1-1.jpg\" \/>\n\t<meta property=\"og:image:width\" content=\"960\" \/>\n\t<meta property=\"og:image:height\" content=\"720\" \/>\n\t<meta property=\"og:image:type\" content=\"image\/jpeg\" \/>\n<meta name=\"author\" content=\"Marta Olejnik\" \/>\n<meta name=\"twitter:card\" content=\"summary_large_image\" \/>\n<meta name=\"twitter:label1\" content=\"Napsal(a)\" \/>\n\t<meta name=\"twitter:data1\" content=\"Marta Olejnik\" \/>\n\t<meta name=\"twitter:label2\" content=\"Odhadovan\u00e1 doba \u010dten\u00ed\" \/>\n\t<meta name=\"twitter:data2\" content=\"2 minuty\" \/>\n<script type=\"application\/ld+json\" class=\"yoast-schema-graph\">{\"@context\":\"https:\/\/schema.org\",\"@graph\":[{\"@type\":\"Article\",\"@id\":\"https:\/\/marekkuchcinski.pl\/hu\/wydarzenia\/24423\/#article\",\"isPartOf\":{\"@id\":\"https:\/\/marekkuchcinski.pl\/hu\/wydarzenia\/24423\/\"},\"author\":{\"name\":\"Marta Olejnik\",\"@id\":\"https:\/\/marekkuchcinski.pl\/#\/schema\/person\/51d5d4ee3b5317b8e4dd2b48af359229\"},\"headline\":\"Od Londynu po Europ\u0119 Karpat\",\"datePublished\":\"2022-02-20T13:59:34+00:00\",\"dateModified\":\"2022-02-20T14:26:48+00:00\",\"mainEntityOfPage\":{\"@id\":\"https:\/\/marekkuchcinski.pl\/hu\/wydarzenia\/24423\/\"},\"wordCount\":248,\"commentCount\":0,\"publisher\":{\"@id\":\"https:\/\/marekkuchcinski.pl\/#organization\"},\"image\":{\"@id\":\"https:\/\/marekkuchcinski.pl\/hu\/wydarzenia\/24423\/#primaryimage\"},\"thumbnailUrl\":\"https:\/\/marekkuchcinski.pl\/wp-content\/uploads\/2022\/02\/s1-1.jpg\",\"articleSection\":[\"Wsp\u00f3\u0142praca mi\u0119dzynarodowa\",\"Wydarzenia\"],\"inLanguage\":\"cs\",\"potentialAction\":[{\"@type\":\"CommentAction\",\"name\":\"Comment\",\"target\":[\"https:\/\/marekkuchcinski.pl\/hu\/wydarzenia\/24423\/#respond\"]}]},{\"@type\":\"WebPage\",\"@id\":\"https:\/\/marekkuchcinski.pl\/hu\/wydarzenia\/24423\/\",\"url\":\"https:\/\/marekkuchcinski.pl\/hu\/wydarzenia\/24423\/\",\"name\":\"Od Londynu po Europ\u0119 Karpat &#8211; Marek Kuchci\u0144ski\",\"isPartOf\":{\"@id\":\"https:\/\/marekkuchcinski.pl\/#website\"},\"primaryImageOfPage\":{\"@id\":\"https:\/\/marekkuchcinski.pl\/hu\/wydarzenia\/24423\/#primaryimage\"},\"image\":{\"@id\":\"https:\/\/marekkuchcinski.pl\/hu\/wydarzenia\/24423\/#primaryimage\"},\"thumbnailUrl\":\"https:\/\/marekkuchcinski.pl\/wp-content\/uploads\/2022\/02\/s1-1.jpg\",\"datePublished\":\"2022-02-20T13:59:34+00:00\",\"dateModified\":\"2022-02-20T14:26:48+00:00\",\"breadcrumb\":{\"@id\":\"https:\/\/marekkuchcinski.pl\/hu\/wydarzenia\/24423\/#breadcrumb\"},\"inLanguage\":\"cs\",\"potentialAction\":[{\"@type\":\"ReadAction\",\"target\":[\"https:\/\/marekkuchcinski.pl\/hu\/wydarzenia\/24423\/\"]}]},{\"@type\":\"ImageObject\",\"inLanguage\":\"cs\",\"@id\":\"https:\/\/marekkuchcinski.pl\/hu\/wydarzenia\/24423\/#primaryimage\",\"url\":\"https:\/\/marekkuchcinski.pl\/wp-content\/uploads\/2022\/02\/s1-1.jpg\",\"contentUrl\":\"https:\/\/marekkuchcinski.pl\/wp-content\/uploads\/2022\/02\/s1-1.jpg\",\"width\":960,\"height\":720},{\"@type\":\"BreadcrumbList\",\"@id\":\"https:\/\/marekkuchcinski.pl\/hu\/wydarzenia\/24423\/#breadcrumb\",\"itemListElement\":[{\"@type\":\"ListItem\",\"position\":1,\"name\":\"Strona g\u0142\u00f3wna\",\"item\":\"https:\/\/marekkuchcinski.pl\/\"},{\"@type\":\"ListItem\",\"position\":2,\"name\":\"Od Londynu po Europ\u0119 Karpat\"}]},{\"@type\":\"WebSite\",\"@id\":\"https:\/\/marekkuchcinski.pl\/#website\",\"url\":\"https:\/\/marekkuchcinski.pl\/\",\"name\":\"Marek Kuchci\u0144ski\",\"description\":\"Pose\u0142 na sejm RP &ndash; okr\u0119g nr 22\",\"publisher\":{\"@id\":\"https:\/\/marekkuchcinski.pl\/#organization\"},\"potentialAction\":[{\"@type\":\"SearchAction\",\"target\":{\"@type\":\"EntryPoint\",\"urlTemplate\":\"https:\/\/marekkuchcinski.pl\/?s={search_term_string}\"},\"query-input\":{\"@type\":\"PropertyValueSpecification\",\"valueRequired\":true,\"valueName\":\"search_term_string\"}}],\"inLanguage\":\"cs\"},{\"@type\":\"Organization\",\"@id\":\"https:\/\/marekkuchcinski.pl\/#organization\",\"name\":\"Marek Kuchci\u0144ski\",\"url\":\"https:\/\/marekkuchcinski.pl\/\",\"logo\":{\"@type\":\"ImageObject\",\"inLanguage\":\"cs\",\"@id\":\"https:\/\/marekkuchcinski.pl\/#\/schema\/logo\/image\/\",\"url\":\"https:\/\/marekkuchcinski.pl\/wp-content\/uploads\/2022\/09\/Marek.jpg\",\"contentUrl\":\"https:\/\/marekkuchcinski.pl\/wp-content\/uploads\/2022\/09\/Marek.jpg\",\"width\":1600,\"height\":971,\"caption\":\"Marek Kuchci\u0144ski\"},\"image\":{\"@id\":\"https:\/\/marekkuchcinski.pl\/#\/schema\/logo\/image\/\"}},{\"@type\":\"Person\",\"@id\":\"https:\/\/marekkuchcinski.pl\/#\/schema\/person\/51d5d4ee3b5317b8e4dd2b48af359229\",\"name\":\"Marta Olejnik\",\"image\":{\"@type\":\"ImageObject\",\"inLanguage\":\"cs\",\"@id\":\"https:\/\/marekkuchcinski.pl\/#\/schema\/person\/image\/\",\"url\":\"https:\/\/secure.gravatar.com\/avatar\/e39914b2aa6a48959e24d475b5dc9793?s=96&d=mm&r=g\",\"contentUrl\":\"https:\/\/secure.gravatar.com\/avatar\/e39914b2aa6a48959e24d475b5dc9793?s=96&d=mm&r=g\",\"caption\":\"Marta Olejnik\"},\"url\":\"https:\/\/marekkuchcinski.pl\/cs\/author\/marta\/\"}]}<\/script>\n<!-- \/ Yoast SEO plugin. -->","yoast_head_json":{"title":"Od Londynu po Europ\u0119 Karpat &#8211; Marek Kuchci\u0144ski","robots":{"index":"index","follow":"follow","max-snippet":"max-snippet:-1","max-image-preview":"max-image-preview:large","max-video-preview":"max-video-preview:-1"},"canonical":"https:\/\/marekkuchcinski.pl\/cs\/wydarzenia\/24423\/","og_locale":"cs_CZ","og_type":"article","og_title":"Od Londynu po Europ\u0119 Karpat &#8211; Marek Kuchci\u0144ski","og_description":"W centrum Budapesztu, w kawiarni przy ulicy Zolt\u00e1n 10, przy &#8222;herbacie Scrutona&#8221; i w londy\u0144skim klimacie trwaj\u0105 intelektualne debaty, czyta si\u0119 poezj\u0119, rozwija idee i my\u015bli konserwatywnego filozofa. \u2013 Rogera Scrutona pozna\u0142em w m\u0142odo\u015bci, gdy organizowali\u015bmy z przyjaci\u00f3\u0142mi spotkania kultury niezale\u017cnej w Przemy\u015blu. Ufam, \u017ce powo\u0142any tydzie\u0144 temu w Krasiczynie Klub Europy Karpat b\u0119dzie mia\u0142 [&hellip;]","og_url":"https:\/\/marekkuchcinski.pl\/cs\/wydarzenia\/24423\/","og_site_name":"Marek Kuchci\u0144ski","article_published_time":"2022-02-20T13:59:34+00:00","article_modified_time":"2022-02-20T14:26:48+00:00","og_image":[{"width":960,"height":720,"url":"https:\/\/marekkuchcinski.pl\/wp-content\/uploads\/2022\/02\/s1-1.jpg","type":"image\/jpeg"}],"author":"Marta Olejnik","twitter_card":"summary_large_image","twitter_misc":{"Napsal(a)":"Marta Olejnik","Odhadovan\u00e1 doba \u010dten\u00ed":"2 minuty"},"schema":{"@context":"https:\/\/schema.org","@graph":[{"@type":"Article","@id":"https:\/\/marekkuchcinski.pl\/hu\/wydarzenia\/24423\/#article","isPartOf":{"@id":"https:\/\/marekkuchcinski.pl\/hu\/wydarzenia\/24423\/"},"author":{"name":"Marta Olejnik","@id":"https:\/\/marekkuchcinski.pl\/#\/schema\/person\/51d5d4ee3b5317b8e4dd2b48af359229"},"headline":"Od Londynu po Europ\u0119 Karpat","datePublished":"2022-02-20T13:59:34+00:00","dateModified":"2022-02-20T14:26:48+00:00","mainEntityOfPage":{"@id":"https:\/\/marekkuchcinski.pl\/hu\/wydarzenia\/24423\/"},"wordCount":248,"commentCount":0,"publisher":{"@id":"https:\/\/marekkuchcinski.pl\/#organization"},"image":{"@id":"https:\/\/marekkuchcinski.pl\/hu\/wydarzenia\/24423\/#primaryimage"},"thumbnailUrl":"https:\/\/marekkuchcinski.pl\/wp-content\/uploads\/2022\/02\/s1-1.jpg","articleSection":["Wsp\u00f3\u0142praca mi\u0119dzynarodowa","Wydarzenia"],"inLanguage":"cs","potentialAction":[{"@type":"CommentAction","name":"Comment","target":["https:\/\/marekkuchcinski.pl\/hu\/wydarzenia\/24423\/#respond"]}]},{"@type":"WebPage","@id":"https:\/\/marekkuchcinski.pl\/hu\/wydarzenia\/24423\/","url":"https:\/\/marekkuchcinski.pl\/hu\/wydarzenia\/24423\/","name":"Od Londynu po Europ\u0119 Karpat &#8211; Marek Kuchci\u0144ski","isPartOf":{"@id":"https:\/\/marekkuchcinski.pl\/#website"},"primaryImageOfPage":{"@id":"https:\/\/marekkuchcinski.pl\/hu\/wydarzenia\/24423\/#primaryimage"},"image":{"@id":"https:\/\/marekkuchcinski.pl\/hu\/wydarzenia\/24423\/#primaryimage"},"thumbnailUrl":"https:\/\/marekkuchcinski.pl\/wp-content\/uploads\/2022\/02\/s1-1.jpg","datePublished":"2022-02-20T13:59:34+00:00","dateModified":"2022-02-20T14:26:48+00:00","breadcrumb":{"@id":"https:\/\/marekkuchcinski.pl\/hu\/wydarzenia\/24423\/#breadcrumb"},"inLanguage":"cs","potentialAction":[{"@type":"ReadAction","target":["https:\/\/marekkuchcinski.pl\/hu\/wydarzenia\/24423\/"]}]},{"@type":"ImageObject","inLanguage":"cs","@id":"https:\/\/marekkuchcinski.pl\/hu\/wydarzenia\/24423\/#primaryimage","url":"https:\/\/marekkuchcinski.pl\/wp-content\/uploads\/2022\/02\/s1-1.jpg","contentUrl":"https:\/\/marekkuchcinski.pl\/wp-content\/uploads\/2022\/02\/s1-1.jpg","width":960,"height":720},{"@type":"BreadcrumbList","@id":"https:\/\/marekkuchcinski.pl\/hu\/wydarzenia\/24423\/#breadcrumb","itemListElement":[{"@type":"ListItem","position":1,"name":"Strona g\u0142\u00f3wna","item":"https:\/\/marekkuchcinski.pl\/"},{"@type":"ListItem","position":2,"name":"Od Londynu po Europ\u0119 Karpat"}]},{"@type":"WebSite","@id":"https:\/\/marekkuchcinski.pl\/#website","url":"https:\/\/marekkuchcinski.pl\/","name":"Marek Kuchci\u0144ski","description":"Pose\u0142 na sejm RP &ndash; okr\u0119g nr 22","publisher":{"@id":"https:\/\/marekkuchcinski.pl\/#organization"},"potentialAction":[{"@type":"SearchAction","target":{"@type":"EntryPoint","urlTemplate":"https:\/\/marekkuchcinski.pl\/?s={search_term_string}"},"query-input":{"@type":"PropertyValueSpecification","valueRequired":true,"valueName":"search_term_string"}}],"inLanguage":"cs"},{"@type":"Organization","@id":"https:\/\/marekkuchcinski.pl\/#organization","name":"Marek Kuchci\u0144ski","url":"https:\/\/marekkuchcinski.pl\/","logo":{"@type":"ImageObject","inLanguage":"cs","@id":"https:\/\/marekkuchcinski.pl\/#\/schema\/logo\/image\/","url":"https:\/\/marekkuchcinski.pl\/wp-content\/uploads\/2022\/09\/Marek.jpg","contentUrl":"https:\/\/marekkuchcinski.pl\/wp-content\/uploads\/2022\/09\/Marek.jpg","width":1600,"height":971,"caption":"Marek Kuchci\u0144ski"},"image":{"@id":"https:\/\/marekkuchcinski.pl\/#\/schema\/logo\/image\/"}},{"@type":"Person","@id":"https:\/\/marekkuchcinski.pl\/#\/schema\/person\/51d5d4ee3b5317b8e4dd2b48af359229","name":"Marta Olejnik","image":{"@type":"ImageObject","inLanguage":"cs","@id":"https:\/\/marekkuchcinski.pl\/#\/schema\/person\/image\/","url":"https:\/\/secure.gravatar.com\/avatar\/e39914b2aa6a48959e24d475b5dc9793?s=96&d=mm&r=g","contentUrl":"https:\/\/secure.gravatar.com\/avatar\/e39914b2aa6a48959e24d475b5dc9793?s=96&d=mm&r=g","caption":"Marta Olejnik"},"url":"https:\/\/marekkuchcinski.pl\/cs\/author\/marta\/"}]}},"_links":{"self":[{"href":"https:\/\/marekkuchcinski.pl\/cs\/wp-json\/wp\/v2\/posts\/24423","targetHints":{"allow":["GET"]}}],"collection":[{"href":"https:\/\/marekkuchcinski.pl\/cs\/wp-json\/wp\/v2\/posts"}],"about":[{"href":"https:\/\/marekkuchcinski.pl\/cs\/wp-json\/wp\/v2\/types\/post"}],"author":[{"embeddable":true,"href":"https:\/\/marekkuchcinski.pl\/cs\/wp-json\/wp\/v2\/users\/21"}],"replies":[{"embeddable":true,"href":"https:\/\/marekkuchcinski.pl\/cs\/wp-json\/wp\/v2\/comments?post=24423"}],"version-history":[{"count":13,"href":"https:\/\/marekkuchcinski.pl\/cs\/wp-json\/wp\/v2\/posts\/24423\/revisions"}],"predecessor-version":[{"id":24445,"href":"https:\/\/marekkuchcinski.pl\/cs\/wp-json\/wp\/v2\/posts\/24423\/revisions\/24445"}],"wp:featuredmedia":[{"embeddable":true,"href":"https:\/\/marekkuchcinski.pl\/cs\/wp-json\/wp\/v2\/media\/24429"}],"wp:attachment":[{"href":"https:\/\/marekkuchcinski.pl\/cs\/wp-json\/wp\/v2\/media?parent=24423"}],"wp:term":[{"taxonomy":"category","embeddable":true,"href":"https:\/\/marekkuchcinski.pl\/cs\/wp-json\/wp\/v2\/categories?post=24423"},{"taxonomy":"post_tag","embeddable":true,"href":"https:\/\/marekkuchcinski.pl\/cs\/wp-json\/wp\/v2\/tags?post=24423"}],"curies":[{"name":"wp","href":"https:\/\/api.w.org\/{rel}","templated":true}]}}