{"id":24388,"date":"2022-02-17T09:50:34","date_gmt":"2022-02-17T08:50:34","guid":{"rendered":"https:\/\/marekkuchcinski.pl\/?p=24388"},"modified":"2022-02-17T09:51:51","modified_gmt":"2022-02-17T08:51:51","slug":"fundusz-drog-samorzadowych-ponad-200-mln-zl-na-poprawe-i-budowe-drog-na-podkarpaciu","status":"publish","type":"post","link":"https:\/\/marekkuchcinski.pl\/cs\/wydarzenia\/fundusz-drog-samorzadowych-ponad-200-mln-zl-na-poprawe-i-budowe-drog-na-podkarpaciu\/","title":{"rendered":"Fond silnic m\u00edstn\u00ed spr\u00e1vy: V\u00edce ne\u017e 200 milion\u016f PLN na zlep\u0161en\u00ed a v\u00fdstavbu silnic v Podkarpat\u00ed"},"content":{"rendered":"<p>Lep\u0161\u00ed propojen\u00ed Polska je jednou z priorit vl\u00e1dy Pr\u00e1va a spravedlnosti. Silni\u010dn\u00ed infrastruktura je pro udr\u017eiteln\u00fd rozvoj regionu kl\u00ed\u010dov\u00e1, a proto je na v\u00fdstavbu a rekonstrukci silnic, most\u016f a chodn\u00edk\u016f vy\u010dlen\u011bno tolik pen\u011bz. V roce 2022 obdr\u017e\u00ed Podkarpatsk\u00fd region na tento \u00fa\u010del z Fondu m\u00edstn\u00edch komunikac\u00ed v\u00edce ne\u017e 200 milion\u016f zlot\u00fdch - 93,15 milionu zlot\u00fdch na okresn\u00ed \u00fakoly (108 \u00fakol\u016f) a 108,27 milionu zlot\u00fdch na komun\u00e1ln\u00ed \u00fakoly (75).<\/p>\n\n\n\n<p><strong>Bieszczadsk\u00fd okres<\/strong><\/p>\n\n\n\n<p>Rekonstrukce okresn\u00ed silnice \u010d. 2273R B\u00f3brka - \u0141obozew km 1+713 - 4+867 v obci \u0141obozew Dolny<\/p>\n\n\n\n<p><strong>Powiat \u0141a\u0144cucki<\/strong><\/p>\n\n\n\n<p>Roz\u0161\u00ed\u0159en\u00ed okresn\u00ed silnice \u010d. 1547R Albigowa - Handzl\u00f3wka spo\u010d\u00edvaj\u00edc\u00ed ve v\u00fdstavb\u011b chodn\u00edku v obci \u0141a\u0144cut v m\u00edst\u011b Albigowa a Handzl\u00f3wka spolu s v\u00fdstavbou a rekonstrukc\u00ed technick\u00e9 infrastruktury v syst\u00e9mu \"navrhni a postav\".<\/p>\n\n\n\n<p><strong>Okres Jaros\u0142aw<\/strong><\/p>\n\n\n\n<p>Rekonstrukce okresn\u00ed silnice \u010d. 1778R Pruchnik - Kramarz\u00f3wka - Helusz, km 0+000 - 8+365<\/p>\n\n\n\n<p><strong>Okres Jaros\u0142aw<\/strong><\/p>\n\n\n\n<p>Rekonstrukce okresn\u00ed silnice \u010d. 1770R Kida\u0142owice - Rokietnica v km 2+522 - 4+931 a 5+656 - 11+185<\/p>\n\n\n\n<p><strong>Okres Brzozowski<\/strong><\/p>\n\n\n\n<p>Rekonstrukce okresn\u00ed silnice 2006R Hacz\u00f3w - Besko km 0+843 - 2+043 v Hacz\u00f3w\u011b<\/p>\n\n\n\n<p><strong>Bieszczadsk\u00fd okres<\/strong><\/p>\n\n\n\n<p>Rekonstrukce okresn\u00ed silnice \u010d. 2224R Rozpucie-Ropienka od km 4+600 do km 11+105 ve m\u011bstech Ropienka a Zawadka<\/p>\n\n\n\n<p><strong>Rzesz\u00f3w Poviat<\/strong><\/p>\n\n\n\n<p>V\u00fdstavba a roz\u0161\u00ed\u0159en\u00ed okresn\u00edch silnic spojuj\u00edc\u00edch obec Boguchwa\u0142a a obec Lubenia s m\u011bstem Rzesz\u00f3w.<\/p>\n\n\n\n<p><strong>M\u011bsto Przemysl<\/strong><\/p>\n\n\n\n<p>Roz\u0161\u00ed\u0159en\u00ed okresn\u00ed silnice \u010d. 2103R, t\u0159\u00edda \"Z\" - sb\u011bra\u010d, ulice J\u00f3zefa Wysock\u00e9ho v Przemy\u015blu, km 2+164,40 - 4+559,69, spolu s odvodn\u011bn\u00edm, osv\u011btlen\u00edm a rekonstrukc\u00ed a ochranou zb\u00fdvaj\u00edc\u00ed technick\u00e9 infrastruktury - ETAPA III od km 2+164,00 do km 2+700,00.<\/p>\n\n\n\n<p><strong>Kolbuszowa Poviat<\/strong><\/p>\n\n\n\n<p>Rekonstrukce okresn\u00ed silnice \u010d. 1162R Mielec - Rzoch\u00f3w - Przy\u0142\u0119k - Ostrowy Tuszowskie - Podtr\u0105ba od km 21+085 do 21+785 a prodlou\u017een\u00ed okresn\u00ed silnice \u010d. 1162R Mielec - Rzoch\u00f3w - Przy\u0142\u0119k - Ostrowy Tuszowskie - Podtr\u0105ba od km 21+785 do 23+638 v Komor\u00f3w\u011b.<\/p>\n\n\n\n<p><strong>Lubaczow Poviat<\/strong><\/p>\n\n\n\n<p>Rekonstrukce okresn\u00ed silnice \u010d. 1657R Cieszan\u00f3w - Nowe Brusno km 0+000 - 1+800 spolu s technickou infrastrukturou<\/p>\n\n\n\n<p><strong>Okres Ropczycko-S\u0119dziszowski&nbsp;&nbsp;&nbsp;&nbsp;&nbsp;&nbsp;&nbsp;&nbsp;&nbsp;&nbsp;&nbsp;&nbsp;&nbsp;<\/strong><\/p>\n\n\n\n<p>Rekonstrukce okresn\u00ed silnice \u010d. 1360R Ropczyce - Gnojnica spolu s ulicemi Ogrodnicza a Le\u015bna le\u017e\u00edc\u00edmi v jej\u00edm pr\u016fb\u011bhu<\/p>\n\n\n\n<p><strong>Okres Sanocki<\/strong><\/p>\n\n\n\n<p>Rekonstrukce okresn\u00ed silnice \u010d. 2257R Tarnawa - Kalnica, km 2+761,40 - 7+100,00, spolu s mostem p\u0159es \u0159eku Kalniczka v km 3+700,65.<\/p>\n\n\n\n<p><strong>Powiat \u0141a\u0144cucki<\/strong><\/p>\n\n\n\n<p>Roz\u0161\u00ed\u0159en\u00ed okresn\u00ed silnice \u010d. 1369R v obci Rakszawa v syst\u00e9mu \"navrhni a postav\".<\/p>\n\n\n\n<p><strong>Ni\u017ca\u0144ski Powiat&nbsp;&nbsp;&nbsp;&nbsp;&nbsp;&nbsp;&nbsp;&nbsp;&nbsp;&nbsp;&nbsp;&nbsp;&nbsp;&nbsp;<\/strong><\/p>\n\n\n\n<p>Rekonstrukce okresn\u00ed silnice \u010d. 1069R od silnice 858 - Krzesz\u00f3w<\/p>\n\n\n\n<p><strong>Okres Krosno<\/strong><\/p>\n\n\n\n<p>Rekonstrukce okresn\u00ed silnice \u010d. 2116R Ja\u015bliska - Czeremcha (st\u00e1tn\u00ed hranice) v km 0+006,80 - 0+781; 0+900 - 1+100; 3+510 - 5+100<\/p>\n\n\n\n<p><strong>Okres Lesko<\/strong><\/p>\n\n\n\n<p>Rekonstrukce okresn\u00ed silnice \u010d. 2293R Olszanica - Ropienka - Wojtk\u00f3wka ve m\u011bst\u011b Olszanica<\/p>\n\n\n\n<p><strong>Przeworski Poviat<\/strong><\/p>\n\n\n\n<p>Rekonstrukce okresn\u00ed silnice \u010d. 1252R Cieplice G\u00f3rne - Cieplice Dolne v km 0+000 - 7+020 spolu s nezbytnou technickou infrastrukturou.<\/p>\n\n\n\n<p><strong>Okres Le\u017eajsk<\/strong><\/p>\n\n\n\n<p>Rekonstrukce \u00faseku okresn\u00ed silnice 1259R Gniewczyna (hranice okresu) Grodzisko-Giedlarowa km 6+660 - 10+450<\/p>\n\n\n\n<p><strong>Lubaczow Poviat<\/strong><\/p>\n\n\n\n<p>Rekonstrukce okresn\u00ed silnice \u010d. 1642R D\u0119biny - \u0141ukawica km 0+622 a\u017e 3+800<\/p>\n\n\n\n<p><strong>Okres Sanocki<\/strong><\/p>\n\n\n\n<p>Rekonstrukce okresn\u00ed silnice \u010d. 2227R Za\u0142u\u017c - Lesko v km od 0+015 do 0+087 a od 0+090 do 2+654 v obci Za\u0142u\u017c s vybudov\u00e1n\u00edm z\u00e1\u0159ezov\u00e9ho p\u00e1su.<\/p>\n\n\n\n<p><strong>Rzesz\u00f3w Poviat<\/strong><\/p>\n\n\n\n<p>P\u0159estavba mostu p\u0159es potok Pi\u0105tk\u00f3wka v obci Pi\u0105tkowa na okresn\u00ed silnici \u010d. 1427R Pi\u0105tkowa - Futoma - Ulanica - Dyn\u00f3w km 0+150 (km toku 2+900) a p\u0159estavba zni\u010den\u00e9ho mostu p\u0159es potok Futomka v obci Futoma na okresn\u00ed silnici \u010d. 1427R Pi\u0105tkowa - Futoma - Ulanica - Dyn\u00f3w km 3+000,00 (km toku 3+230).<\/p>\n\n\n\n<p><strong>Okres Stalowa Wola<\/strong><\/p>\n\n\n\n<p>Rekonstrukce okresn\u00ed silnice \u010d. 1006R Radomy\u015bl - Skowierzyn ve m\u011bst\u011b Radomy\u015bl n\/Sanem od km 0+000 do km 1+646,32<\/p>\n\n\n\n<p><strong>Okres Debica<\/strong><\/p>\n\n\n\n<p>Rekonstrukce okresn\u00ed silnice \u010d. 1180R Debica - hranice okresu Zdziarzec od km 7+747 do 10+342 v obc\u00edch Wiewi\u00f3rka a R\u00f3\u017ca.<\/p>\n\n\n\n<p><strong>Okres Jaros\u0142aw<\/strong><\/p>\n\n\n\n<p>Rekonstrukce okresn\u00ed silnice \u010d. 1704R Wi\u0105zownica - Radawa - Wola Mo\u0142odycka km 0+007 - 0+834,78, 0+983,1 - 8+487, 8+535 - 11+080 a silnice \u010d. 1707 Wi\u0105zownica - Piwoda - Olchowa km 1+068 - 2+248.<\/p>\n\n\n\n<p><strong>Bieszczadsk\u00fd okres<\/strong><\/p>\n\n\n\n<p>Rekonstrukce okresn\u00ed silnice \u010d. 2304R Polana - Lutowiska km 2+447 - 7+562 m. Skorodne<\/p>\n\n\n\n<p><strong>Kolbuszowa Poviat<\/strong><\/p>\n\n\n\n<p>Rekonstrukce okresn\u00edch silnic na \u00fazem\u00ed obce Dzikowiec: Rekonstrukce okresn\u00ed silnice \u010d. 1218R Kolbuszowa Dolna - Kopcie v km 10+500 - 11+385, rekonstrukce okresn\u00ed silnice \u010d. 1212R Lipnica - Dzikowiec - Wide\u0142ka zahrnuj\u00edc\u00ed v\u00fdstavbu chodn\u00edku pro p\u011b\u0161\u00ed v km 2+180 a\u017e km 2+410 a rekonstrukce okresn\u00ed silnice \u010d. 1205R Wilcza Wola - Wola Rani\u017cowska v km 3+149 - 3+408 zahrnuj\u00edc\u00ed v\u00fdstavbu chodn\u00edku ve Wilcza Wole.<\/p>\n\n\n\n<p><strong>Okres Jasielsk<\/strong><\/p>\n\n\n\n<p>Rekonstrukce okresn\u00edch silnic \u010d. 1878R Dobrynia - Zawadka Osiecka - Za\u0142\u0119\u017ce a \u010d. 1881R D\u0119bowiec - Za\u0142\u0119\u017ce - Osiek Jasielski v obc\u00edch Zawadka Osiecka a Osiek Jasielski.<\/p>\n\n\n\n<p><strong>Kolbuszowa Poviat<\/strong><\/p>\n\n\n\n<p>Prodlou\u017een\u00ed okresn\u00ed silnice \u010d. 1176R Tuszyma - Niwiska - Kolbuszowa z km 8+400 do km 9+528 v Niwisk\u00e1ch.<\/p>\n\n\n\n<p><strong>Lubaczow Poviat<\/strong><\/p>\n\n\n\n<p>Rekonstrukce okresn\u00ed silnice \u010d. 1688R Lubacz\u00f3w - Basznia - \u00fasek I. etapy od km 0+005,5 do 0+739,4<\/p>\n\n\n\n<p><strong>Tarnobrzeg Poviat<\/strong><\/p>\n\n\n\n<p>Rekonstrukce a roz\u0161\u00ed\u0159en\u00ed okresn\u00ed silnice \u010d. 1094R z Furman\u011b do \u017dupavy do Stale v \u017dupav\u011b (II. etapa) km 2+005 - 2+639,7<\/p>\n\n\n\n<p><strong>Okres Ropczycko-S\u0119dziszowski&nbsp;&nbsp;&nbsp;&nbsp;&nbsp;&nbsp;&nbsp;&nbsp;&nbsp;&nbsp;&nbsp;&nbsp;&nbsp;<\/strong><\/p>\n\n\n\n<p>Rekonstrukce okresn\u00ed silnice \u010d. 1360R Ropczyce-Gnojnica spolu s ulicemi Ogrodnicza a Le\u015bna le\u017e\u00edc\u00edmi v jej\u00edm pr\u016fb\u011bhu<\/p>\n\n\n\n<p><strong>Okres Brzozowski<\/strong><\/p>\n\n\n\n<p>Rekonstrukce okresn\u00ed silnice \u010d. 2024R Domaradz - Przysietnica v Domaradzu a Golcov\u00e9<\/p>\n\n\n\n<p><strong>Okres Mielec<\/strong><\/p>\n\n\n\n<p>V\u00fdstavba nov\u00e9ho \u00faseku okresn\u00ed silnice \u010d. 1172R Rzemie\u0144 - Dobrynin, t\u0159\u00eddy L, d\u00e9lky. 855 m spolu s v\u00fdstavbou nov\u00e9 k\u0159i\u017eovatky s krajskou silnic\u00ed \u010d. 985 v obci Rzemie\u0144.<\/p>\n\n\n\n<figure class=\"wp-block-image size-large\"><a href=\"https:\/\/marekkuchcinski.pl\/wp-content\/uploads\/2022\/02\/fds.jpg\"><img fetchpriority=\"high\" decoding=\"async\" width=\"1024\" height=\"576\" src=\"https:\/\/marekkuchcinski.pl\/wp-content\/uploads\/2022\/02\/fds-1024x576.jpg\" alt=\"\" class=\"wp-image-24390\" srcset=\"https:\/\/marekkuchcinski.pl\/wp-content\/uploads\/2022\/02\/fds-1024x576.jpg 1024w, https:\/\/marekkuchcinski.pl\/wp-content\/uploads\/2022\/02\/fds-300x169.jpg 300w, https:\/\/marekkuchcinski.pl\/wp-content\/uploads\/2022\/02\/fds-768x432.jpg 768w, https:\/\/marekkuchcinski.pl\/wp-content\/uploads\/2022\/02\/fds-18x10.jpg 18w, https:\/\/marekkuchcinski.pl\/wp-content\/uploads\/2022\/02\/fds.jpg 1280w\" sizes=\"(max-width: 1024px) 100vw, 1024px\" \/><\/a><\/figure>\n\n\n\n<figure class=\"wp-block-image size-large\"><a href=\"https:\/\/marekkuchcinski.pl\/wp-content\/uploads\/2022\/02\/fds2.jpg\"><img decoding=\"async\" width=\"1024\" height=\"576\" src=\"https:\/\/marekkuchcinski.pl\/wp-content\/uploads\/2022\/02\/fds2-1024x576.jpg\" alt=\"\" class=\"wp-image-24391\" srcset=\"https:\/\/marekkuchcinski.pl\/wp-content\/uploads\/2022\/02\/fds2-1024x576.jpg 1024w, https:\/\/marekkuchcinski.pl\/wp-content\/uploads\/2022\/02\/fds2-300x169.jpg 300w, https:\/\/marekkuchcinski.pl\/wp-content\/uploads\/2022\/02\/fds2-768x432.jpg 768w, https:\/\/marekkuchcinski.pl\/wp-content\/uploads\/2022\/02\/fds2-18x10.jpg 18w, https:\/\/marekkuchcinski.pl\/wp-content\/uploads\/2022\/02\/fds2.jpg 1280w\" sizes=\"(max-width: 1024px) 100vw, 1024px\" \/><\/a><\/figure>","protected":false},"excerpt":{"rendered":"<p>Lep\u0161\u00ed propojen\u00ed Polska je jednou z priorit vl\u00e1dy Pr\u00e1va a spravedlnosti. Pro udr\u017eiteln\u00fd rozvoj regionu je silni\u010dn\u00ed infrastruktura kl\u00ed\u010dov\u00e1, proto se na v\u00fdstavbu, rekonstrukci silnic, most\u016f a chodn\u00edk\u016f vy\u010dle\u0148uje tolik pen\u011bz. V roce 2022 obdr\u017e\u00ed Podkarpatsk\u00e1 Rus na tento \u00fa\u010del z Fondu m\u00edstn\u00edch komunikac\u00ed v\u00edce ne\u017e 200 milion\u016f zlot\u00fdch - 93,15 milionu zlot\u00fdch na okresn\u00ed \u00fakoly [...]<\/p>","protected":false},"author":21,"featured_media":24393,"comment_status":"open","ping_status":"open","sticky":false,"template":"","format":"standard","meta":{"ngg_post_thumbnail":0,"footnotes":""},"categories":[49,3],"tags":[],"class_list":["post-24388","post","type-post","status-publish","format-standard","has-post-thumbnail","hentry","category-podkarpacie","category-wydarzenia"],"yoast_head":"<!-- This site is optimized with the Yoast SEO plugin v24.7 - https:\/\/yoast.com\/wordpress\/plugins\/seo\/ -->\n<title>Fundusz Dr\u00f3g Samorz\u0105dowych: Ponad 200 mln z\u0142 na popraw\u0119 i budow\u0119 dr\u00f3g na Podkarpaciu &#8211; Marek Kuchci\u0144ski<\/title>\n<meta name=\"robots\" content=\"index, follow, max-snippet:-1, max-image-preview:large, max-video-preview:-1\" \/>\n<link rel=\"canonical\" href=\"https:\/\/marekkuchcinski.pl\/cs\/wydarzenia\/fundusz-drog-samorzadowych-ponad-200-mln-zl-na-poprawe-i-budowe-drog-na-podkarpaciu\/\" \/>\n<meta property=\"og:locale\" content=\"cs_CZ\" \/>\n<meta property=\"og:type\" content=\"article\" \/>\n<meta property=\"og:title\" content=\"Fundusz Dr\u00f3g Samorz\u0105dowych: Ponad 200 mln z\u0142 na popraw\u0119 i budow\u0119 dr\u00f3g na Podkarpaciu &#8211; Marek Kuchci\u0144ski\" \/>\n<meta property=\"og:description\" content=\"Lepiej skomunikowana Polska to jeden z priorytet\u00f3w rz\u0105du Prawa i Sprawiedliwo\u015bci. Dla zr\u00f3wnowa\u017conego rozwoju regionu kluczowa jest infrastruktura drogowa, dlatego tak du\u017ce \u015brodki przeznaczane s\u0105 na budow\u0119, przebudow\u0119 dr\u00f3g, most\u00f3w i chodnik\u00f3w. W 2022 roku z Funduszu Dr\u00f3g Samorz\u0105dowych Podkarpacie otrzyma na ten cel ponad 200 mln z\u0142 \u2013 93,15 mln z\u0142 na zadania powiatowe [&hellip;]\" \/>\n<meta property=\"og:url\" content=\"https:\/\/marekkuchcinski.pl\/cs\/wydarzenia\/fundusz-drog-samorzadowych-ponad-200-mln-zl-na-poprawe-i-budowe-drog-na-podkarpaciu\/\" \/>\n<meta property=\"og:site_name\" content=\"Marek Kuchci\u0144ski\" \/>\n<meta property=\"article:published_time\" content=\"2022-02-17T08:50:34+00:00\" \/>\n<meta property=\"article:modified_time\" content=\"2022-02-17T08:51:51+00:00\" \/>\n<meta property=\"og:image\" content=\"https:\/\/marekkuchcinski.pl\/wp-content\/uploads\/2022\/02\/fds1.jpg\" \/>\n\t<meta property=\"og:image:width\" content=\"866\" \/>\n\t<meta property=\"og:image:height\" content=\"579\" \/>\n\t<meta property=\"og:image:type\" content=\"image\/jpeg\" \/>\n<meta name=\"author\" content=\"Marta Olejnik\" \/>\n<meta name=\"twitter:card\" content=\"summary_large_image\" \/>\n<meta name=\"twitter:label1\" content=\"Napsal(a)\" \/>\n\t<meta name=\"twitter:data1\" content=\"Marta Olejnik\" \/>\n\t<meta name=\"twitter:label2\" content=\"Odhadovan\u00e1 doba \u010dten\u00ed\" \/>\n\t<meta name=\"twitter:data2\" content=\"4 minuty\" \/>\n<script type=\"application\/ld+json\" class=\"yoast-schema-graph\">{\"@context\":\"https:\/\/schema.org\",\"@graph\":[{\"@type\":\"Article\",\"@id\":\"https:\/\/marekkuchcinski.pl\/wydarzenia\/fundusz-drog-samorzadowych-ponad-200-mln-zl-na-poprawe-i-budowe-drog-na-podkarpaciu\/#article\",\"isPartOf\":{\"@id\":\"https:\/\/marekkuchcinski.pl\/wydarzenia\/fundusz-drog-samorzadowych-ponad-200-mln-zl-na-poprawe-i-budowe-drog-na-podkarpaciu\/\"},\"author\":{\"name\":\"Marta Olejnik\",\"@id\":\"https:\/\/marekkuchcinski.pl\/#\/schema\/person\/51d5d4ee3b5317b8e4dd2b48af359229\"},\"headline\":\"Fundusz Dr\u00f3g Samorz\u0105dowych: Ponad 200 mln z\u0142 na popraw\u0119 i budow\u0119 dr\u00f3g na Podkarpaciu\",\"datePublished\":\"2022-02-17T08:50:34+00:00\",\"dateModified\":\"2022-02-17T08:51:51+00:00\",\"mainEntityOfPage\":{\"@id\":\"https:\/\/marekkuchcinski.pl\/wydarzenia\/fundusz-drog-samorzadowych-ponad-200-mln-zl-na-poprawe-i-budowe-drog-na-podkarpaciu\/\"},\"wordCount\":971,\"commentCount\":0,\"publisher\":{\"@id\":\"https:\/\/marekkuchcinski.pl\/#organization\"},\"image\":{\"@id\":\"https:\/\/marekkuchcinski.pl\/wydarzenia\/fundusz-drog-samorzadowych-ponad-200-mln-zl-na-poprawe-i-budowe-drog-na-podkarpaciu\/#primaryimage\"},\"thumbnailUrl\":\"https:\/\/marekkuchcinski.pl\/wp-content\/uploads\/2022\/02\/fds1.jpg\",\"articleSection\":[\"Podkarpacie\",\"Wydarzenia\"],\"inLanguage\":\"cs\",\"potentialAction\":[{\"@type\":\"CommentAction\",\"name\":\"Comment\",\"target\":[\"https:\/\/marekkuchcinski.pl\/wydarzenia\/fundusz-drog-samorzadowych-ponad-200-mln-zl-na-poprawe-i-budowe-drog-na-podkarpaciu\/#respond\"]}]},{\"@type\":\"WebPage\",\"@id\":\"https:\/\/marekkuchcinski.pl\/wydarzenia\/fundusz-drog-samorzadowych-ponad-200-mln-zl-na-poprawe-i-budowe-drog-na-podkarpaciu\/\",\"url\":\"https:\/\/marekkuchcinski.pl\/wydarzenia\/fundusz-drog-samorzadowych-ponad-200-mln-zl-na-poprawe-i-budowe-drog-na-podkarpaciu\/\",\"name\":\"Fundusz Dr\u00f3g Samorz\u0105dowych: Ponad 200 mln z\u0142 na popraw\u0119 i budow\u0119 dr\u00f3g na Podkarpaciu &#8211; Marek Kuchci\u0144ski\",\"isPartOf\":{\"@id\":\"https:\/\/marekkuchcinski.pl\/#website\"},\"primaryImageOfPage\":{\"@id\":\"https:\/\/marekkuchcinski.pl\/wydarzenia\/fundusz-drog-samorzadowych-ponad-200-mln-zl-na-poprawe-i-budowe-drog-na-podkarpaciu\/#primaryimage\"},\"image\":{\"@id\":\"https:\/\/marekkuchcinski.pl\/wydarzenia\/fundusz-drog-samorzadowych-ponad-200-mln-zl-na-poprawe-i-budowe-drog-na-podkarpaciu\/#primaryimage\"},\"thumbnailUrl\":\"https:\/\/marekkuchcinski.pl\/wp-content\/uploads\/2022\/02\/fds1.jpg\",\"datePublished\":\"2022-02-17T08:50:34+00:00\",\"dateModified\":\"2022-02-17T08:51:51+00:00\",\"breadcrumb\":{\"@id\":\"https:\/\/marekkuchcinski.pl\/wydarzenia\/fundusz-drog-samorzadowych-ponad-200-mln-zl-na-poprawe-i-budowe-drog-na-podkarpaciu\/#breadcrumb\"},\"inLanguage\":\"cs\",\"potentialAction\":[{\"@type\":\"ReadAction\",\"target\":[\"https:\/\/marekkuchcinski.pl\/wydarzenia\/fundusz-drog-samorzadowych-ponad-200-mln-zl-na-poprawe-i-budowe-drog-na-podkarpaciu\/\"]}]},{\"@type\":\"ImageObject\",\"inLanguage\":\"cs\",\"@id\":\"https:\/\/marekkuchcinski.pl\/wydarzenia\/fundusz-drog-samorzadowych-ponad-200-mln-zl-na-poprawe-i-budowe-drog-na-podkarpaciu\/#primaryimage\",\"url\":\"https:\/\/marekkuchcinski.pl\/wp-content\/uploads\/2022\/02\/fds1.jpg\",\"contentUrl\":\"https:\/\/marekkuchcinski.pl\/wp-content\/uploads\/2022\/02\/fds1.jpg\",\"width\":866,\"height\":579},{\"@type\":\"BreadcrumbList\",\"@id\":\"https:\/\/marekkuchcinski.pl\/wydarzenia\/fundusz-drog-samorzadowych-ponad-200-mln-zl-na-poprawe-i-budowe-drog-na-podkarpaciu\/#breadcrumb\",\"itemListElement\":[{\"@type\":\"ListItem\",\"position\":1,\"name\":\"Strona g\u0142\u00f3wna\",\"item\":\"https:\/\/marekkuchcinski.pl\/\"},{\"@type\":\"ListItem\",\"position\":2,\"name\":\"Fundusz Dr\u00f3g Samorz\u0105dowych: Ponad 200 mln z\u0142 na popraw\u0119 i budow\u0119 dr\u00f3g na Podkarpaciu\"}]},{\"@type\":\"WebSite\",\"@id\":\"https:\/\/marekkuchcinski.pl\/#website\",\"url\":\"https:\/\/marekkuchcinski.pl\/\",\"name\":\"Marek Kuchci\u0144ski\",\"description\":\"Pose\u0142 na sejm RP &ndash; okr\u0119g nr 22\",\"publisher\":{\"@id\":\"https:\/\/marekkuchcinski.pl\/#organization\"},\"potentialAction\":[{\"@type\":\"SearchAction\",\"target\":{\"@type\":\"EntryPoint\",\"urlTemplate\":\"https:\/\/marekkuchcinski.pl\/?s={search_term_string}\"},\"query-input\":{\"@type\":\"PropertyValueSpecification\",\"valueRequired\":true,\"valueName\":\"search_term_string\"}}],\"inLanguage\":\"cs\"},{\"@type\":\"Organization\",\"@id\":\"https:\/\/marekkuchcinski.pl\/#organization\",\"name\":\"Marek Kuchci\u0144ski\",\"url\":\"https:\/\/marekkuchcinski.pl\/\",\"logo\":{\"@type\":\"ImageObject\",\"inLanguage\":\"cs\",\"@id\":\"https:\/\/marekkuchcinski.pl\/#\/schema\/logo\/image\/\",\"url\":\"https:\/\/marekkuchcinski.pl\/wp-content\/uploads\/2022\/09\/Marek.jpg\",\"contentUrl\":\"https:\/\/marekkuchcinski.pl\/wp-content\/uploads\/2022\/09\/Marek.jpg\",\"width\":1600,\"height\":971,\"caption\":\"Marek Kuchci\u0144ski\"},\"image\":{\"@id\":\"https:\/\/marekkuchcinski.pl\/#\/schema\/logo\/image\/\"}},{\"@type\":\"Person\",\"@id\":\"https:\/\/marekkuchcinski.pl\/#\/schema\/person\/51d5d4ee3b5317b8e4dd2b48af359229\",\"name\":\"Marta Olejnik\",\"image\":{\"@type\":\"ImageObject\",\"inLanguage\":\"cs\",\"@id\":\"https:\/\/marekkuchcinski.pl\/#\/schema\/person\/image\/\",\"url\":\"https:\/\/secure.gravatar.com\/avatar\/e39914b2aa6a48959e24d475b5dc9793?s=96&d=mm&r=g\",\"contentUrl\":\"https:\/\/secure.gravatar.com\/avatar\/e39914b2aa6a48959e24d475b5dc9793?s=96&d=mm&r=g\",\"caption\":\"Marta Olejnik\"},\"url\":\"https:\/\/marekkuchcinski.pl\/cs\/author\/marta\/\"}]}<\/script>\n<!-- \/ Yoast SEO plugin. -->","yoast_head_json":{"title":"Fundusz Dr\u00f3g Samorz\u0105dowych: Ponad 200 mln z\u0142 na popraw\u0119 i budow\u0119 dr\u00f3g na Podkarpaciu &#8211; Marek Kuchci\u0144ski","robots":{"index":"index","follow":"follow","max-snippet":"max-snippet:-1","max-image-preview":"max-image-preview:large","max-video-preview":"max-video-preview:-1"},"canonical":"https:\/\/marekkuchcinski.pl\/cs\/wydarzenia\/fundusz-drog-samorzadowych-ponad-200-mln-zl-na-poprawe-i-budowe-drog-na-podkarpaciu\/","og_locale":"cs_CZ","og_type":"article","og_title":"Fundusz Dr\u00f3g Samorz\u0105dowych: Ponad 200 mln z\u0142 na popraw\u0119 i budow\u0119 dr\u00f3g na Podkarpaciu &#8211; Marek Kuchci\u0144ski","og_description":"Lepiej skomunikowana Polska to jeden z priorytet\u00f3w rz\u0105du Prawa i Sprawiedliwo\u015bci. Dla zr\u00f3wnowa\u017conego rozwoju regionu kluczowa jest infrastruktura drogowa, dlatego tak du\u017ce \u015brodki przeznaczane s\u0105 na budow\u0119, przebudow\u0119 dr\u00f3g, most\u00f3w i chodnik\u00f3w. W 2022 roku z Funduszu Dr\u00f3g Samorz\u0105dowych Podkarpacie otrzyma na ten cel ponad 200 mln z\u0142 \u2013 93,15 mln z\u0142 na zadania powiatowe [&hellip;]","og_url":"https:\/\/marekkuchcinski.pl\/cs\/wydarzenia\/fundusz-drog-samorzadowych-ponad-200-mln-zl-na-poprawe-i-budowe-drog-na-podkarpaciu\/","og_site_name":"Marek Kuchci\u0144ski","article_published_time":"2022-02-17T08:50:34+00:00","article_modified_time":"2022-02-17T08:51:51+00:00","og_image":[{"width":866,"height":579,"url":"https:\/\/marekkuchcinski.pl\/wp-content\/uploads\/2022\/02\/fds1.jpg","type":"image\/jpeg"}],"author":"Marta Olejnik","twitter_card":"summary_large_image","twitter_misc":{"Napsal(a)":"Marta Olejnik","Odhadovan\u00e1 doba \u010dten\u00ed":"4 minuty"},"schema":{"@context":"https:\/\/schema.org","@graph":[{"@type":"Article","@id":"https:\/\/marekkuchcinski.pl\/wydarzenia\/fundusz-drog-samorzadowych-ponad-200-mln-zl-na-poprawe-i-budowe-drog-na-podkarpaciu\/#article","isPartOf":{"@id":"https:\/\/marekkuchcinski.pl\/wydarzenia\/fundusz-drog-samorzadowych-ponad-200-mln-zl-na-poprawe-i-budowe-drog-na-podkarpaciu\/"},"author":{"name":"Marta Olejnik","@id":"https:\/\/marekkuchcinski.pl\/#\/schema\/person\/51d5d4ee3b5317b8e4dd2b48af359229"},"headline":"Fundusz Dr\u00f3g Samorz\u0105dowych: Ponad 200 mln z\u0142 na popraw\u0119 i budow\u0119 dr\u00f3g na Podkarpaciu","datePublished":"2022-02-17T08:50:34+00:00","dateModified":"2022-02-17T08:51:51+00:00","mainEntityOfPage":{"@id":"https:\/\/marekkuchcinski.pl\/wydarzenia\/fundusz-drog-samorzadowych-ponad-200-mln-zl-na-poprawe-i-budowe-drog-na-podkarpaciu\/"},"wordCount":971,"commentCount":0,"publisher":{"@id":"https:\/\/marekkuchcinski.pl\/#organization"},"image":{"@id":"https:\/\/marekkuchcinski.pl\/wydarzenia\/fundusz-drog-samorzadowych-ponad-200-mln-zl-na-poprawe-i-budowe-drog-na-podkarpaciu\/#primaryimage"},"thumbnailUrl":"https:\/\/marekkuchcinski.pl\/wp-content\/uploads\/2022\/02\/fds1.jpg","articleSection":["Podkarpacie","Wydarzenia"],"inLanguage":"cs","potentialAction":[{"@type":"CommentAction","name":"Comment","target":["https:\/\/marekkuchcinski.pl\/wydarzenia\/fundusz-drog-samorzadowych-ponad-200-mln-zl-na-poprawe-i-budowe-drog-na-podkarpaciu\/#respond"]}]},{"@type":"WebPage","@id":"https:\/\/marekkuchcinski.pl\/wydarzenia\/fundusz-drog-samorzadowych-ponad-200-mln-zl-na-poprawe-i-budowe-drog-na-podkarpaciu\/","url":"https:\/\/marekkuchcinski.pl\/wydarzenia\/fundusz-drog-samorzadowych-ponad-200-mln-zl-na-poprawe-i-budowe-drog-na-podkarpaciu\/","name":"Fundusz Dr\u00f3g Samorz\u0105dowych: Ponad 200 mln z\u0142 na popraw\u0119 i budow\u0119 dr\u00f3g na Podkarpaciu &#8211; Marek Kuchci\u0144ski","isPartOf":{"@id":"https:\/\/marekkuchcinski.pl\/#website"},"primaryImageOfPage":{"@id":"https:\/\/marekkuchcinski.pl\/wydarzenia\/fundusz-drog-samorzadowych-ponad-200-mln-zl-na-poprawe-i-budowe-drog-na-podkarpaciu\/#primaryimage"},"image":{"@id":"https:\/\/marekkuchcinski.pl\/wydarzenia\/fundusz-drog-samorzadowych-ponad-200-mln-zl-na-poprawe-i-budowe-drog-na-podkarpaciu\/#primaryimage"},"thumbnailUrl":"https:\/\/marekkuchcinski.pl\/wp-content\/uploads\/2022\/02\/fds1.jpg","datePublished":"2022-02-17T08:50:34+00:00","dateModified":"2022-02-17T08:51:51+00:00","breadcrumb":{"@id":"https:\/\/marekkuchcinski.pl\/wydarzenia\/fundusz-drog-samorzadowych-ponad-200-mln-zl-na-poprawe-i-budowe-drog-na-podkarpaciu\/#breadcrumb"},"inLanguage":"cs","potentialAction":[{"@type":"ReadAction","target":["https:\/\/marekkuchcinski.pl\/wydarzenia\/fundusz-drog-samorzadowych-ponad-200-mln-zl-na-poprawe-i-budowe-drog-na-podkarpaciu\/"]}]},{"@type":"ImageObject","inLanguage":"cs","@id":"https:\/\/marekkuchcinski.pl\/wydarzenia\/fundusz-drog-samorzadowych-ponad-200-mln-zl-na-poprawe-i-budowe-drog-na-podkarpaciu\/#primaryimage","url":"https:\/\/marekkuchcinski.pl\/wp-content\/uploads\/2022\/02\/fds1.jpg","contentUrl":"https:\/\/marekkuchcinski.pl\/wp-content\/uploads\/2022\/02\/fds1.jpg","width":866,"height":579},{"@type":"BreadcrumbList","@id":"https:\/\/marekkuchcinski.pl\/wydarzenia\/fundusz-drog-samorzadowych-ponad-200-mln-zl-na-poprawe-i-budowe-drog-na-podkarpaciu\/#breadcrumb","itemListElement":[{"@type":"ListItem","position":1,"name":"Strona g\u0142\u00f3wna","item":"https:\/\/marekkuchcinski.pl\/"},{"@type":"ListItem","position":2,"name":"Fundusz Dr\u00f3g Samorz\u0105dowych: Ponad 200 mln z\u0142 na popraw\u0119 i budow\u0119 dr\u00f3g na Podkarpaciu"}]},{"@type":"WebSite","@id":"https:\/\/marekkuchcinski.pl\/#website","url":"https:\/\/marekkuchcinski.pl\/","name":"Marek Kuchci\u0144ski","description":"Pose\u0142 na sejm RP &ndash; okr\u0119g nr 22","publisher":{"@id":"https:\/\/marekkuchcinski.pl\/#organization"},"potentialAction":[{"@type":"SearchAction","target":{"@type":"EntryPoint","urlTemplate":"https:\/\/marekkuchcinski.pl\/?s={search_term_string}"},"query-input":{"@type":"PropertyValueSpecification","valueRequired":true,"valueName":"search_term_string"}}],"inLanguage":"cs"},{"@type":"Organization","@id":"https:\/\/marekkuchcinski.pl\/#organization","name":"Marek Kuchci\u0144ski","url":"https:\/\/marekkuchcinski.pl\/","logo":{"@type":"ImageObject","inLanguage":"cs","@id":"https:\/\/marekkuchcinski.pl\/#\/schema\/logo\/image\/","url":"https:\/\/marekkuchcinski.pl\/wp-content\/uploads\/2022\/09\/Marek.jpg","contentUrl":"https:\/\/marekkuchcinski.pl\/wp-content\/uploads\/2022\/09\/Marek.jpg","width":1600,"height":971,"caption":"Marek Kuchci\u0144ski"},"image":{"@id":"https:\/\/marekkuchcinski.pl\/#\/schema\/logo\/image\/"}},{"@type":"Person","@id":"https:\/\/marekkuchcinski.pl\/#\/schema\/person\/51d5d4ee3b5317b8e4dd2b48af359229","name":"Marta Olejnik","image":{"@type":"ImageObject","inLanguage":"cs","@id":"https:\/\/marekkuchcinski.pl\/#\/schema\/person\/image\/","url":"https:\/\/secure.gravatar.com\/avatar\/e39914b2aa6a48959e24d475b5dc9793?s=96&d=mm&r=g","contentUrl":"https:\/\/secure.gravatar.com\/avatar\/e39914b2aa6a48959e24d475b5dc9793?s=96&d=mm&r=g","caption":"Marta Olejnik"},"url":"https:\/\/marekkuchcinski.pl\/cs\/author\/marta\/"}]}},"_links":{"self":[{"href":"https:\/\/marekkuchcinski.pl\/cs\/wp-json\/wp\/v2\/posts\/24388","targetHints":{"allow":["GET"]}}],"collection":[{"href":"https:\/\/marekkuchcinski.pl\/cs\/wp-json\/wp\/v2\/posts"}],"about":[{"href":"https:\/\/marekkuchcinski.pl\/cs\/wp-json\/wp\/v2\/types\/post"}],"author":[{"embeddable":true,"href":"https:\/\/marekkuchcinski.pl\/cs\/wp-json\/wp\/v2\/users\/21"}],"replies":[{"embeddable":true,"href":"https:\/\/marekkuchcinski.pl\/cs\/wp-json\/wp\/v2\/comments?post=24388"}],"version-history":[{"count":3,"href":"https:\/\/marekkuchcinski.pl\/cs\/wp-json\/wp\/v2\/posts\/24388\/revisions"}],"predecessor-version":[{"id":24394,"href":"https:\/\/marekkuchcinski.pl\/cs\/wp-json\/wp\/v2\/posts\/24388\/revisions\/24394"}],"wp:featuredmedia":[{"embeddable":true,"href":"https:\/\/marekkuchcinski.pl\/cs\/wp-json\/wp\/v2\/media\/24393"}],"wp:attachment":[{"href":"https:\/\/marekkuchcinski.pl\/cs\/wp-json\/wp\/v2\/media?parent=24388"}],"wp:term":[{"taxonomy":"category","embeddable":true,"href":"https:\/\/marekkuchcinski.pl\/cs\/wp-json\/wp\/v2\/categories?post=24388"},{"taxonomy":"post_tag","embeddable":true,"href":"https:\/\/marekkuchcinski.pl\/cs\/wp-json\/wp\/v2\/tags?post=24388"}],"curies":[{"name":"wp","href":"https:\/\/api.w.org\/{rel}","templated":true}]}}