{"id":243,"date":"2012-09-17T09:44:05","date_gmt":"2012-09-17T07:44:05","guid":{"rendered":"https:\/\/marekkuchcinski.pl\/?p=243"},"modified":"2016-08-25T17:00:17","modified_gmt":"2016-08-25T15:00:17","slug":"alpejsko-karpackie-forum-wspolpracy","status":"publish","type":"post","link":"https:\/\/marekkuchcinski.pl\/cs\/wydarzenia\/alpejsko-karpackie-forum-wspolpracy\/","title":{"rendered":"F\u00f3rum alpsko-karpatsk\u00e9 spolupr\u00e1ce"},"content":{"rendered":"<p style=\"text-align: justify;\">M\u00edstop\u0159edseda Sejmu Polsk\u00e9 republiky Marek Kuchci\u0144ski se z\u00fa\u010dastnil \"Alpsko-karpatsk\u00e9ho f\u00f3ra spolupr\u00e1ce\", kter\u00e9 se konalo 15. z\u00e1\u0159\u00ed v Rzeszow\u011b.<\/p>\n<p style=\"text-align: justify;\">Akce se z\u00fa\u010dastnili politici, p\u0159edstavitel\u00e9 m\u00edstn\u00edch samospr\u00e1v a odborn\u00edci z 10 zem\u00ed. Veletrh prov\u00e1zela setk\u00e1n\u00ed a diskuse, na kter\u00fdch se p\u0159edstavilo v\u00edce ne\u017e 120 vystavovatel\u016f se sv\u00fdmi nab\u00eddkami, produkty a mo\u017enostmi spolupr\u00e1ce.<\/p>\n<p style=\"text-align: justify;\">- Chceme nejen po\u017e\u00e1dat Evropskou unii o pomoc, ale tak\u00e9 uk\u00e1zat n\u00e1\u0161 ekonomick\u00fd potenci\u00e1l - \u0159ekl Dawid Lasek, koordin\u00e1tor projektu Alpsko-karpatsk\u00e9ho f\u00f3ra spolupr\u00e1ce. Z\u00e1rove\u0148 dodal, \u017ee v nerozvinut\u00fdch horsk\u00fdch oblastech nen\u00ed nouze o probl\u00e9my, a proto m\u00e1 F\u00f3rum hledat \u00fa\u010dinn\u00e1 \u0159e\u0161en\u00ed. Nap\u0159. n\u011bkter\u00e9 kantony ve \u0160v\u00fdcarsku m\u011bly p\u0159ed 20, 30 lety podobn\u00e9 probl\u00e9my, s nimi\u017e se dnes pot\u00fdkaj\u00ed polsk\u00e9 samospr\u00e1vy, tak\u017ee je vhodn\u00e9 vyu\u017e\u00edt jejich zku\u0161enost\u00ed.<\/p>\n<p style=\"text-align: justify;\">F\u00f3rum bylo uspo\u0159\u00e1d\u00e1no d\u00edky grantu z Programu \u0161v\u00fdcarsko-polsk\u00e9 spolupr\u00e1ce. Diskuse doprov\u00e1zela vystoupen\u00ed kapel z r\u016fzn\u00fdch zem\u00ed, um\u011bleck\u00e1 vystoupen\u00ed a sout\u011b\u017ee.<\/p>\n<p style=\"text-align: justify;\">Informace vyd\u00e1van\u00e9 mimo jin\u00e9 podle R\u00e1dia Rzesz\u00f3w.<\/p>","protected":false},"excerpt":{"rendered":"<p>Marek Kuchci\u0144ski, wicemarsza\u0142ek Sejmu RP wzi\u0105\u0142 udzia\u0142 w ,,Alpejsko-Karpackim Forum Wsp\u00f3\u0142pracy&#8221;, kt\u00f3re odby\u0142o sie 15 wrze\u015bnia w Rzeszowie. W wydarzeniu tym uczestniczyli politycy, samorz\u0105dowcy i eksperci z 10 kraj\u00f3w. Spotkania i dyskusje towarzyszy\u0142y targom, w kt\u00f3rych uczestniczy\u0142o ponad 120 wystawc\u00f3w prezentuj\u0105cych swoj\u0105 ofert\u0119, produkty i mo\u017cliwo\u015bci wsp\u00f3\u0142pracy. \u2014&nbsp;Chcemy nie tylko wyci\u0105ga\u0107 r\u0119k\u0119 po pomoc do [&hellip;]<\/p>","protected":false},"author":6,"featured_media":0,"comment_status":"open","ping_status":"open","sticky":false,"template":"","format":"standard","meta":{"ngg_post_thumbnail":0,"footnotes":""},"categories":[3],"tags":[],"class_list":["post-243","post","type-post","status-publish","format-standard","hentry","category-wydarzenia"],"yoast_head":"<!-- This site is optimized with the Yoast SEO plugin v24.7 - https:\/\/yoast.com\/wordpress\/plugins\/seo\/ -->\n<title>Alpejsko-Karpackie Forum Wsp\u00f3\u0142pracy &#8211; Marek Kuchci\u0144ski<\/title>\n<meta name=\"robots\" content=\"index, follow, max-snippet:-1, max-image-preview:large, max-video-preview:-1\" \/>\n<link rel=\"canonical\" href=\"https:\/\/marekkuchcinski.pl\/cs\/wydarzenia\/alpejsko-karpackie-forum-wspolpracy\/\" \/>\n<meta property=\"og:locale\" content=\"cs_CZ\" \/>\n<meta property=\"og:type\" content=\"article\" \/>\n<meta property=\"og:title\" content=\"Alpejsko-Karpackie Forum Wsp\u00f3\u0142pracy &#8211; Marek Kuchci\u0144ski\" \/>\n<meta property=\"og:description\" content=\"Marek Kuchci\u0144ski, wicemarsza\u0142ek Sejmu RP wzi\u0105\u0142 udzia\u0142 w ,,Alpejsko-Karpackim Forum Wsp\u00f3\u0142pracy&#8221;, kt\u00f3re odby\u0142o sie 15 wrze\u015bnia w Rzeszowie. W wydarzeniu tym uczestniczyli politycy, samorz\u0105dowcy i eksperci z 10 kraj\u00f3w. Spotkania i dyskusje towarzyszy\u0142y targom, w kt\u00f3rych uczestniczy\u0142o ponad 120 wystawc\u00f3w prezentuj\u0105cych swoj\u0105 ofert\u0119, produkty i mo\u017cliwo\u015bci wsp\u00f3\u0142pracy. \u2014&nbsp;Chcemy nie tylko wyci\u0105ga\u0107 r\u0119k\u0119 po pomoc do [&hellip;]\" \/>\n<meta property=\"og:url\" content=\"https:\/\/marekkuchcinski.pl\/cs\/wydarzenia\/alpejsko-karpackie-forum-wspolpracy\/\" \/>\n<meta property=\"og:site_name\" content=\"Marek Kuchci\u0144ski\" \/>\n<meta property=\"article:published_time\" content=\"2012-09-17T07:44:05+00:00\" \/>\n<meta property=\"article:modified_time\" content=\"2016-08-25T15:00:17+00:00\" \/>\n<meta property=\"og:image\" content=\"https:\/\/marekkuchcinski.pl\/wp-content\/uploads\/2022\/09\/Marek.jpg\" \/>\n\t<meta property=\"og:image:width\" content=\"1600\" \/>\n\t<meta property=\"og:image:height\" content=\"971\" \/>\n\t<meta property=\"og:image:type\" content=\"image\/jpeg\" \/>\n<meta name=\"author\" content=\"admin\" \/>\n<meta name=\"twitter:card\" content=\"summary_large_image\" \/>\n<meta name=\"twitter:label1\" content=\"Napsal(a)\" \/>\n\t<meta name=\"twitter:data1\" content=\"admin\" \/>\n\t<meta name=\"twitter:label2\" content=\"Odhadovan\u00e1 doba \u010dten\u00ed\" \/>\n\t<meta name=\"twitter:data2\" content=\"1 minuta\" \/>\n<script type=\"application\/ld+json\" class=\"yoast-schema-graph\">{\"@context\":\"https:\/\/schema.org\",\"@graph\":[{\"@type\":\"Article\",\"@id\":\"https:\/\/marekkuchcinski.pl\/wydarzenia\/alpejsko-karpackie-forum-wspolpracy\/#article\",\"isPartOf\":{\"@id\":\"https:\/\/marekkuchcinski.pl\/wydarzenia\/alpejsko-karpackie-forum-wspolpracy\/\"},\"author\":{\"name\":\"admin\",\"@id\":\"https:\/\/marekkuchcinski.pl\/#\/schema\/person\/6f62700996b4d950b6ea2d1183b6c6be\"},\"headline\":\"Alpejsko-Karpackie Forum Wsp\u00f3\u0142pracy\",\"datePublished\":\"2012-09-17T07:44:05+00:00\",\"dateModified\":\"2016-08-25T15:00:17+00:00\",\"mainEntityOfPage\":{\"@id\":\"https:\/\/marekkuchcinski.pl\/wydarzenia\/alpejsko-karpackie-forum-wspolpracy\/\"},\"wordCount\":180,\"commentCount\":0,\"publisher\":{\"@id\":\"https:\/\/marekkuchcinski.pl\/#organization\"},\"articleSection\":[\"Wydarzenia\"],\"inLanguage\":\"cs\",\"potentialAction\":[{\"@type\":\"CommentAction\",\"name\":\"Comment\",\"target\":[\"https:\/\/marekkuchcinski.pl\/wydarzenia\/alpejsko-karpackie-forum-wspolpracy\/#respond\"]}]},{\"@type\":\"WebPage\",\"@id\":\"https:\/\/marekkuchcinski.pl\/wydarzenia\/alpejsko-karpackie-forum-wspolpracy\/\",\"url\":\"https:\/\/marekkuchcinski.pl\/wydarzenia\/alpejsko-karpackie-forum-wspolpracy\/\",\"name\":\"Alpejsko-Karpackie Forum Wsp\u00f3\u0142pracy &#8211; Marek Kuchci\u0144ski\",\"isPartOf\":{\"@id\":\"https:\/\/marekkuchcinski.pl\/#website\"},\"datePublished\":\"2012-09-17T07:44:05+00:00\",\"dateModified\":\"2016-08-25T15:00:17+00:00\",\"breadcrumb\":{\"@id\":\"https:\/\/marekkuchcinski.pl\/wydarzenia\/alpejsko-karpackie-forum-wspolpracy\/#breadcrumb\"},\"inLanguage\":\"cs\",\"potentialAction\":[{\"@type\":\"ReadAction\",\"target\":[\"https:\/\/marekkuchcinski.pl\/wydarzenia\/alpejsko-karpackie-forum-wspolpracy\/\"]}]},{\"@type\":\"BreadcrumbList\",\"@id\":\"https:\/\/marekkuchcinski.pl\/wydarzenia\/alpejsko-karpackie-forum-wspolpracy\/#breadcrumb\",\"itemListElement\":[{\"@type\":\"ListItem\",\"position\":1,\"name\":\"Strona g\u0142\u00f3wna\",\"item\":\"https:\/\/marekkuchcinski.pl\/\"},{\"@type\":\"ListItem\",\"position\":2,\"name\":\"Alpejsko-Karpackie Forum Wsp\u00f3\u0142pracy\"}]},{\"@type\":\"WebSite\",\"@id\":\"https:\/\/marekkuchcinski.pl\/#website\",\"url\":\"https:\/\/marekkuchcinski.pl\/\",\"name\":\"Marek Kuchci\u0144ski\",\"description\":\"Pose\u0142 na sejm RP &ndash; okr\u0119g nr 22\",\"publisher\":{\"@id\":\"https:\/\/marekkuchcinski.pl\/#organization\"},\"potentialAction\":[{\"@type\":\"SearchAction\",\"target\":{\"@type\":\"EntryPoint\",\"urlTemplate\":\"https:\/\/marekkuchcinski.pl\/?s={search_term_string}\"},\"query-input\":{\"@type\":\"PropertyValueSpecification\",\"valueRequired\":true,\"valueName\":\"search_term_string\"}}],\"inLanguage\":\"cs\"},{\"@type\":\"Organization\",\"@id\":\"https:\/\/marekkuchcinski.pl\/#organization\",\"name\":\"Marek Kuchci\u0144ski\",\"url\":\"https:\/\/marekkuchcinski.pl\/\",\"logo\":{\"@type\":\"ImageObject\",\"inLanguage\":\"cs\",\"@id\":\"https:\/\/marekkuchcinski.pl\/#\/schema\/logo\/image\/\",\"url\":\"https:\/\/marekkuchcinski.pl\/wp-content\/uploads\/2022\/09\/Marek.jpg\",\"contentUrl\":\"https:\/\/marekkuchcinski.pl\/wp-content\/uploads\/2022\/09\/Marek.jpg\",\"width\":1600,\"height\":971,\"caption\":\"Marek Kuchci\u0144ski\"},\"image\":{\"@id\":\"https:\/\/marekkuchcinski.pl\/#\/schema\/logo\/image\/\"}},{\"@type\":\"Person\",\"@id\":\"https:\/\/marekkuchcinski.pl\/#\/schema\/person\/6f62700996b4d950b6ea2d1183b6c6be\",\"name\":\"admin\",\"image\":{\"@type\":\"ImageObject\",\"inLanguage\":\"cs\",\"@id\":\"https:\/\/marekkuchcinski.pl\/#\/schema\/person\/image\/\",\"url\":\"https:\/\/secure.gravatar.com\/avatar\/4bab693b9d55c3d6b52c0296a8765085?s=96&d=mm&r=g\",\"contentUrl\":\"https:\/\/secure.gravatar.com\/avatar\/4bab693b9d55c3d6b52c0296a8765085?s=96&d=mm&r=g\",\"caption\":\"admin\"},\"url\":\"https:\/\/marekkuchcinski.pl\/cs\/author\/marta-olejnik\/\"}]}<\/script>\n<!-- \/ Yoast SEO plugin. -->","yoast_head_json":{"title":"Alpejsko-Karpackie Forum Wsp\u00f3\u0142pracy &#8211; Marek Kuchci\u0144ski","robots":{"index":"index","follow":"follow","max-snippet":"max-snippet:-1","max-image-preview":"max-image-preview:large","max-video-preview":"max-video-preview:-1"},"canonical":"https:\/\/marekkuchcinski.pl\/cs\/wydarzenia\/alpejsko-karpackie-forum-wspolpracy\/","og_locale":"cs_CZ","og_type":"article","og_title":"Alpejsko-Karpackie Forum Wsp\u00f3\u0142pracy &#8211; Marek Kuchci\u0144ski","og_description":"Marek Kuchci\u0144ski, wicemarsza\u0142ek Sejmu RP wzi\u0105\u0142 udzia\u0142 w ,,Alpejsko-Karpackim Forum Wsp\u00f3\u0142pracy&#8221;, kt\u00f3re odby\u0142o sie 15 wrze\u015bnia w Rzeszowie. W wydarzeniu tym uczestniczyli politycy, samorz\u0105dowcy i eksperci z 10 kraj\u00f3w. Spotkania i dyskusje towarzyszy\u0142y targom, w kt\u00f3rych uczestniczy\u0142o ponad 120 wystawc\u00f3w prezentuj\u0105cych swoj\u0105 ofert\u0119, produkty i mo\u017cliwo\u015bci wsp\u00f3\u0142pracy. \u2014&nbsp;Chcemy nie tylko wyci\u0105ga\u0107 r\u0119k\u0119 po pomoc do [&hellip;]","og_url":"https:\/\/marekkuchcinski.pl\/cs\/wydarzenia\/alpejsko-karpackie-forum-wspolpracy\/","og_site_name":"Marek Kuchci\u0144ski","article_published_time":"2012-09-17T07:44:05+00:00","article_modified_time":"2016-08-25T15:00:17+00:00","og_image":[{"width":1600,"height":971,"url":"https:\/\/marekkuchcinski.pl\/wp-content\/uploads\/2022\/09\/Marek.jpg","type":"image\/jpeg"}],"author":"admin","twitter_card":"summary_large_image","twitter_misc":{"Napsal(a)":"admin","Odhadovan\u00e1 doba \u010dten\u00ed":"1 minuta"},"schema":{"@context":"https:\/\/schema.org","@graph":[{"@type":"Article","@id":"https:\/\/marekkuchcinski.pl\/wydarzenia\/alpejsko-karpackie-forum-wspolpracy\/#article","isPartOf":{"@id":"https:\/\/marekkuchcinski.pl\/wydarzenia\/alpejsko-karpackie-forum-wspolpracy\/"},"author":{"name":"admin","@id":"https:\/\/marekkuchcinski.pl\/#\/schema\/person\/6f62700996b4d950b6ea2d1183b6c6be"},"headline":"Alpejsko-Karpackie Forum Wsp\u00f3\u0142pracy","datePublished":"2012-09-17T07:44:05+00:00","dateModified":"2016-08-25T15:00:17+00:00","mainEntityOfPage":{"@id":"https:\/\/marekkuchcinski.pl\/wydarzenia\/alpejsko-karpackie-forum-wspolpracy\/"},"wordCount":180,"commentCount":0,"publisher":{"@id":"https:\/\/marekkuchcinski.pl\/#organization"},"articleSection":["Wydarzenia"],"inLanguage":"cs","potentialAction":[{"@type":"CommentAction","name":"Comment","target":["https:\/\/marekkuchcinski.pl\/wydarzenia\/alpejsko-karpackie-forum-wspolpracy\/#respond"]}]},{"@type":"WebPage","@id":"https:\/\/marekkuchcinski.pl\/wydarzenia\/alpejsko-karpackie-forum-wspolpracy\/","url":"https:\/\/marekkuchcinski.pl\/wydarzenia\/alpejsko-karpackie-forum-wspolpracy\/","name":"Alpejsko-Karpackie Forum Wsp\u00f3\u0142pracy &#8211; Marek Kuchci\u0144ski","isPartOf":{"@id":"https:\/\/marekkuchcinski.pl\/#website"},"datePublished":"2012-09-17T07:44:05+00:00","dateModified":"2016-08-25T15:00:17+00:00","breadcrumb":{"@id":"https:\/\/marekkuchcinski.pl\/wydarzenia\/alpejsko-karpackie-forum-wspolpracy\/#breadcrumb"},"inLanguage":"cs","potentialAction":[{"@type":"ReadAction","target":["https:\/\/marekkuchcinski.pl\/wydarzenia\/alpejsko-karpackie-forum-wspolpracy\/"]}]},{"@type":"BreadcrumbList","@id":"https:\/\/marekkuchcinski.pl\/wydarzenia\/alpejsko-karpackie-forum-wspolpracy\/#breadcrumb","itemListElement":[{"@type":"ListItem","position":1,"name":"Strona g\u0142\u00f3wna","item":"https:\/\/marekkuchcinski.pl\/"},{"@type":"ListItem","position":2,"name":"Alpejsko-Karpackie Forum Wsp\u00f3\u0142pracy"}]},{"@type":"WebSite","@id":"https:\/\/marekkuchcinski.pl\/#website","url":"https:\/\/marekkuchcinski.pl\/","name":"Marek Kuchci\u0144ski","description":"Pose\u0142 na sejm RP &ndash; okr\u0119g nr 22","publisher":{"@id":"https:\/\/marekkuchcinski.pl\/#organization"},"potentialAction":[{"@type":"SearchAction","target":{"@type":"EntryPoint","urlTemplate":"https:\/\/marekkuchcinski.pl\/?s={search_term_string}"},"query-input":{"@type":"PropertyValueSpecification","valueRequired":true,"valueName":"search_term_string"}}],"inLanguage":"cs"},{"@type":"Organization","@id":"https:\/\/marekkuchcinski.pl\/#organization","name":"Marek Kuchci\u0144ski","url":"https:\/\/marekkuchcinski.pl\/","logo":{"@type":"ImageObject","inLanguage":"cs","@id":"https:\/\/marekkuchcinski.pl\/#\/schema\/logo\/image\/","url":"https:\/\/marekkuchcinski.pl\/wp-content\/uploads\/2022\/09\/Marek.jpg","contentUrl":"https:\/\/marekkuchcinski.pl\/wp-content\/uploads\/2022\/09\/Marek.jpg","width":1600,"height":971,"caption":"Marek Kuchci\u0144ski"},"image":{"@id":"https:\/\/marekkuchcinski.pl\/#\/schema\/logo\/image\/"}},{"@type":"Person","@id":"https:\/\/marekkuchcinski.pl\/#\/schema\/person\/6f62700996b4d950b6ea2d1183b6c6be","name":"admin","image":{"@type":"ImageObject","inLanguage":"cs","@id":"https:\/\/marekkuchcinski.pl\/#\/schema\/person\/image\/","url":"https:\/\/secure.gravatar.com\/avatar\/4bab693b9d55c3d6b52c0296a8765085?s=96&d=mm&r=g","contentUrl":"https:\/\/secure.gravatar.com\/avatar\/4bab693b9d55c3d6b52c0296a8765085?s=96&d=mm&r=g","caption":"admin"},"url":"https:\/\/marekkuchcinski.pl\/cs\/author\/marta-olejnik\/"}]}},"_links":{"self":[{"href":"https:\/\/marekkuchcinski.pl\/cs\/wp-json\/wp\/v2\/posts\/243","targetHints":{"allow":["GET"]}}],"collection":[{"href":"https:\/\/marekkuchcinski.pl\/cs\/wp-json\/wp\/v2\/posts"}],"about":[{"href":"https:\/\/marekkuchcinski.pl\/cs\/wp-json\/wp\/v2\/types\/post"}],"author":[{"embeddable":true,"href":"https:\/\/marekkuchcinski.pl\/cs\/wp-json\/wp\/v2\/users\/6"}],"replies":[{"embeddable":true,"href":"https:\/\/marekkuchcinski.pl\/cs\/wp-json\/wp\/v2\/comments?post=243"}],"version-history":[{"count":1,"href":"https:\/\/marekkuchcinski.pl\/cs\/wp-json\/wp\/v2\/posts\/243\/revisions"}],"predecessor-version":[{"id":1406,"href":"https:\/\/marekkuchcinski.pl\/cs\/wp-json\/wp\/v2\/posts\/243\/revisions\/1406"}],"wp:attachment":[{"href":"https:\/\/marekkuchcinski.pl\/cs\/wp-json\/wp\/v2\/media?parent=243"}],"wp:term":[{"taxonomy":"category","embeddable":true,"href":"https:\/\/marekkuchcinski.pl\/cs\/wp-json\/wp\/v2\/categories?post=243"},{"taxonomy":"post_tag","embeddable":true,"href":"https:\/\/marekkuchcinski.pl\/cs\/wp-json\/wp\/v2\/tags?post=243"}],"curies":[{"name":"wp","href":"https:\/\/api.w.org\/{rel}","templated":true}]}}