{"id":24243,"date":"2022-02-07T14:36:00","date_gmt":"2022-02-07T13:36:00","guid":{"rendered":"https:\/\/marekkuchcinski.pl\/?p=24243"},"modified":"2022-02-14T20:35:14","modified_gmt":"2022-02-14T19:35:14","slug":"powolano-miedzynarodowy-klub-europy-karpat","status":"publish","type":"post","link":"https:\/\/marekkuchcinski.pl\/cs\/wydarzenia\/powolano-miedzynarodowy-klub-europy-karpat\/","title":{"rendered":"Zintenzivn\u011bn\u00ed \u010dinnost\u00ed pro region. Zalo\u017een\u00ed Mezin\u00e1rodn\u00edho klubu Karpatsk\u00e9 Evropy"},"content":{"rendered":"<p class=\"wp-block-paragraph\">V Krasiczyn\u011b byl b\u011bhem konference Europa Karpaty zalo\u017een Mezin\u00e1rodn\u00ed klub Karpatsk\u00e9 Evropy, kter\u00fd tvo\u0159\u00ed st\u00e1l\u00ed \u00fa\u010dastn\u00edci konference, osobnosti z r\u016fzn\u00fdch zem\u00ed a profes\u00ed, kter\u00e9 spojuje pot\u0159eba hledat nejlep\u0161\u00ed recept na \u017eivot pro n\u00e1s a na\u0161e n\u00e1rody. Pot\u0159eba spolupr\u00e1ce v tomto v\u00fdjime\u010dn\u00e9m regionu st\u0159edn\u00ed Evropy. Fenom\u00e9nem Karpatsk\u00e9 Evropy (jedn\u00e1 se o 32. ro\u010dn\u00edk!) je zapojen\u00ed lid\u00ed - nad\u0161enc\u016f - nejen politik\u016f, ale i v\u011bdc\u016f \u010di podnikatel\u016f do pozitivn\u00edho my\u0161len\u00ed o na\u0161\u00ed budoucnosti. Smyslem klubu je diagnostikovat probl\u00e9my, definovat pot\u0159eby a jejich optim\u00e1ln\u00ed realizaci podle z\u00e1sady vincere - vincere ad omnes. <\/p>\n\n\n\n<ul class=\"wp-block-list\"><li>Z\u00e1le\u017e\u00ed n\u00e1m na regionu, jeho udr\u017eiteln\u00e9m rozvoji a propojen\u00ed karpatsk\u00fdch zem\u00ed, by\u0165 jen prost\u0159ednictv\u00edm lep\u0161\u00ed komunikace, rozvoje, p\u00e9\u010de o \u017eivotn\u00ed prost\u0159ed\u00ed a kulturu. Douf\u00e1me, \u017ee v budoucnu budeme tento klub naz\u00fdvat Klub t\u0159\u00ed mo\u0159\u00ed. Chceme spolupracovat na podpo\u0159e n\u00e1vrh\u016f, kter\u00e9 byly v pr\u016fb\u011bhu let p\u0159edlo\u017eeny na na\u0161ich konferenc\u00edch o Karpatsk\u00e9 Evrop\u011b, v\u010detn\u011b Karpatsk\u00e9 strategie, Karpatsk\u00e9 univerzity, Karpatsk\u00e9 encyklopedie a Klubu Karpatsk\u00e9 Evropy. Vyz\u00fdv\u00e1m v\u00e1s ke spolupr\u00e1ci na spole\u010dn\u00e9 ochran\u011b karpatsk\u00e9ho d\u011bdictv\u00ed a jeho vyu\u017eit\u00ed pro budouc\u00ed generace - \u0159ekl p\u0159edseda zahrani\u010dn\u00edho v\u00fdboru Marek Kuchci\u0144ski.\u00a0<\/li><\/ul>\n\n\n\n<div data-wp-interactive=\"core\/file\" class=\"wp-block-file\"><object data-wp-bind--hidden=\"!state.hasPdfPreview\" hidden class=\"wp-block-file__embed\" data=\"https:\/\/marekkuchcinski.pl\/wp-content\/uploads\/2022\/02\/PL_deklaracja-Mie\u0328dzynarodowy-Klub-Europy-Karpat.pdf\" type=\"application\/pdf\" style=\"width:100%;height:600px\" aria-label=\"Vlo\u017eit z Osadzone z PL_deklaracja-Mie\u0328dzynarodowy-Klub-Europy-Karpat..\"><\/object><a href=\"https:\/\/marekkuchcinski.pl\/wp-content\/uploads\/2022\/02\/PL_deklaracja-Mie\u0328dzynarodowy-Klub-Europy-Karpat.pdf\">EN_declaration-International-Club-European-Carpathians<\/a><a href=\"https:\/\/marekkuchcinski.pl\/wp-content\/uploads\/2022\/02\/PL_deklaracja-Mie\u0328dzynarodowy-Klub-Europy-Karpat.pdf\" class=\"wp-block-file__button\" download>St\u00e1hnout<\/a><\/div>\n\n\n\n<p class=\"wp-block-paragraph\"><strong>Mezi \u010dleny klubu pat\u0159\u00ed:<\/strong><\/p>\n\n\n\n<div class=\"wp-block-columns is-layout-flex wp-container-core-columns-is-layout-7387b849 wp-block-columns-is-layout-flex\">\n<div class=\"wp-block-column is-layout-flow wp-block-column-is-layout-flow\" style=\"flex-basis:100%\">\n<ul class=\"wp-block-list\" type=\"1\"><li>\u00c1kos Engelmayer<\/li><li>Andrzej Adamczyk<\/li><li>Andrew Paniw<\/li><li>Andrzej Zybertowicz &nbsp;<\/li><li>Anna Praglowska<\/li><li>Bogdan Rzonecka &nbsp;<\/li><li>Bogus\u0142aw Sonik<\/li><li>Csaba G. Polibek &nbsp;<\/li><li>Dawid Lasek<\/li><li>Igor Cependa &nbsp;<\/li><li>Jan Draus<\/li><li>J\u00e1n Hudack\u00fd<\/li><li>Jan Malicki &nbsp;<\/li><li>Jerzy Kwieci\u0144ski<\/li><li>Krzysztof Szczerski &nbsp;<\/li><li>Maciej Szymanowski<\/li><li>Ma\u0142gorzata Jarosi\u0144ska-Jedynak<\/li><li>Marek Kuchci\u0144ski<\/li><li>Mari\u00e1n \u0160uplata &nbsp;<\/li><li>Markijan Malsky<\/li><li>Mykola Kniazhytski<\/li><li>Piotr Babinetz,<\/li><li>Piotr Pilch<\/li><li>Ryszard Terlecki<\/li><li>Stefan Purici<\/li><li>Waldemar Wiglusz<\/li><li>W\u0142adys\u0142aw Ortyl<\/li><li>W\u0142odzimierz Bernacki, p\u0159edb\u011b\u017en\u00e1 zji\u0161t\u011bn\u00ed<\/li><li>Zygmunt Berdychowski<\/li><\/ul>\n<\/div>\n<\/div>\n\n\n\n<figure class=\"wp-block-image size-large\"><a href=\"https:\/\/marekkuchcinski.pl\/wp-content\/uploads\/2022\/02\/IMG_2438-scaled.jpg\"><img fetchpriority=\"high\" decoding=\"async\" width=\"1024\" height=\"683\" src=\"https:\/\/marekkuchcinski.pl\/wp-content\/uploads\/2022\/02\/IMG_2438-1024x683.jpg\" alt=\"\" class=\"wp-image-24244\" srcset=\"https:\/\/marekkuchcinski.pl\/wp-content\/uploads\/2022\/02\/IMG_2438-1024x683.jpg 1024w, https:\/\/marekkuchcinski.pl\/wp-content\/uploads\/2022\/02\/IMG_2438-300x200.jpg 300w, https:\/\/marekkuchcinski.pl\/wp-content\/uploads\/2022\/02\/IMG_2438-768x512.jpg 768w, https:\/\/marekkuchcinski.pl\/wp-content\/uploads\/2022\/02\/IMG_2438-1536x1024.jpg 1536w, https:\/\/marekkuchcinski.pl\/wp-content\/uploads\/2022\/02\/IMG_2438-scaled.jpg 2048w, https:\/\/marekkuchcinski.pl\/wp-content\/uploads\/2022\/02\/IMG_2438-18x12.jpg 18w\" sizes=\"(max-width: 1024px) 100vw, 1024px\" \/><\/a><\/figure>\n\n\n\n<figure class=\"wp-block-image size-large\"><a href=\"https:\/\/marekkuchcinski.pl\/wp-content\/uploads\/2022\/02\/t3-scaled.jpg\"><img decoding=\"async\" width=\"1024\" height=\"640\" src=\"https:\/\/marekkuchcinski.pl\/wp-content\/uploads\/2022\/02\/t3-1024x640.jpg\" alt=\"\" class=\"wp-image-24245\" srcset=\"https:\/\/marekkuchcinski.pl\/wp-content\/uploads\/2022\/02\/t3-1024x640.jpg 1024w, https:\/\/marekkuchcinski.pl\/wp-content\/uploads\/2022\/02\/t3-300x188.jpg 300w, https:\/\/marekkuchcinski.pl\/wp-content\/uploads\/2022\/02\/t3-768x480.jpg 768w, https:\/\/marekkuchcinski.pl\/wp-content\/uploads\/2022\/02\/t3-1536x960.jpg 1536w, https:\/\/marekkuchcinski.pl\/wp-content\/uploads\/2022\/02\/t3-scaled.jpg 2048w, https:\/\/marekkuchcinski.pl\/wp-content\/uploads\/2022\/02\/t3-18x12.jpg 18w\" sizes=\"(max-width: 1024px) 100vw, 1024px\" \/><\/a><\/figure>\n\n\n\n<figure class=\"wp-block-image size-large\"><a href=\"https:\/\/marekkuchcinski.pl\/wp-content\/uploads\/2022\/02\/tt-scaled.jpg\"><img decoding=\"async\" width=\"1024\" height=\"674\" src=\"https:\/\/marekkuchcinski.pl\/wp-content\/uploads\/2022\/02\/tt-1024x674.jpg\" alt=\"\" class=\"wp-image-24246\" srcset=\"https:\/\/marekkuchcinski.pl\/wp-content\/uploads\/2022\/02\/tt-1024x674.jpg 1024w, https:\/\/marekkuchcinski.pl\/wp-content\/uploads\/2022\/02\/tt-300x197.jpg 300w, https:\/\/marekkuchcinski.pl\/wp-content\/uploads\/2022\/02\/tt-768x505.jpg 768w, https:\/\/marekkuchcinski.pl\/wp-content\/uploads\/2022\/02\/tt-1536x1010.jpg 1536w, https:\/\/marekkuchcinski.pl\/wp-content\/uploads\/2022\/02\/tt-scaled.jpg 2048w, https:\/\/marekkuchcinski.pl\/wp-content\/uploads\/2022\/02\/tt-18x12.jpg 18w\" sizes=\"(max-width: 1024px) 100vw, 1024px\" \/><\/a><\/figure>\n\n\n\n<figure class=\"wp-block-image size-large\"><a href=\"https:\/\/marekkuchcinski.pl\/wp-content\/uploads\/2022\/02\/t5-scaled.jpg\"><img loading=\"lazy\" decoding=\"async\" width=\"1024\" height=\"683\" src=\"https:\/\/marekkuchcinski.pl\/wp-content\/uploads\/2022\/02\/t5-1024x683.jpg\" alt=\"\" class=\"wp-image-24247\" srcset=\"https:\/\/marekkuchcinski.pl\/wp-content\/uploads\/2022\/02\/t5-1024x683.jpg 1024w, https:\/\/marekkuchcinski.pl\/wp-content\/uploads\/2022\/02\/t5-300x200.jpg 300w, https:\/\/marekkuchcinski.pl\/wp-content\/uploads\/2022\/02\/t5-768x512.jpg 768w, https:\/\/marekkuchcinski.pl\/wp-content\/uploads\/2022\/02\/t5-1536x1024.jpg 1536w, https:\/\/marekkuchcinski.pl\/wp-content\/uploads\/2022\/02\/t5-scaled.jpg 2048w, https:\/\/marekkuchcinski.pl\/wp-content\/uploads\/2022\/02\/t5-18x12.jpg 18w\" sizes=\"(max-width: 1024px) 100vw, 1024px\" \/><\/a><\/figure>\n\n\n\n<figure class=\"wp-block-image size-large\"><a href=\"https:\/\/marekkuchcinski.pl\/wp-content\/uploads\/2022\/02\/z4-scaled.jpg\"><img loading=\"lazy\" decoding=\"async\" width=\"1024\" height=\"659\" src=\"https:\/\/marekkuchcinski.pl\/wp-content\/uploads\/2022\/02\/z4-1024x659.jpg\" alt=\"\" class=\"wp-image-24249\" srcset=\"https:\/\/marekkuchcinski.pl\/wp-content\/uploads\/2022\/02\/z4-1024x659.jpg 1024w, https:\/\/marekkuchcinski.pl\/wp-content\/uploads\/2022\/02\/z4-300x193.jpg 300w, https:\/\/marekkuchcinski.pl\/wp-content\/uploads\/2022\/02\/z4-768x494.jpg 768w, https:\/\/marekkuchcinski.pl\/wp-content\/uploads\/2022\/02\/z4-1536x988.jpg 1536w, https:\/\/marekkuchcinski.pl\/wp-content\/uploads\/2022\/02\/z4-scaled.jpg 2048w, https:\/\/marekkuchcinski.pl\/wp-content\/uploads\/2022\/02\/z4-18x12.jpg 18w\" sizes=\"(max-width: 1024px) 100vw, 1024px\" \/><\/a><\/figure>\n\n\n\n<figure class=\"wp-block-image size-large\"><a href=\"https:\/\/marekkuchcinski.pl\/wp-content\/uploads\/2022\/02\/z6-scaled.jpg\"><img loading=\"lazy\" decoding=\"async\" width=\"1024\" height=\"682\" src=\"https:\/\/marekkuchcinski.pl\/wp-content\/uploads\/2022\/02\/z6-1024x682.jpg\" alt=\"\" class=\"wp-image-24250\" srcset=\"https:\/\/marekkuchcinski.pl\/wp-content\/uploads\/2022\/02\/z6-1024x682.jpg 1024w, https:\/\/marekkuchcinski.pl\/wp-content\/uploads\/2022\/02\/z6-300x200.jpg 300w, https:\/\/marekkuchcinski.pl\/wp-content\/uploads\/2022\/02\/z6-768x512.jpg 768w, https:\/\/marekkuchcinski.pl\/wp-content\/uploads\/2022\/02\/z6-1536x1024.jpg 1536w, https:\/\/marekkuchcinski.pl\/wp-content\/uploads\/2022\/02\/z6-scaled.jpg 2048w, https:\/\/marekkuchcinski.pl\/wp-content\/uploads\/2022\/02\/z6-18x12.jpg 18w\" sizes=\"(max-width: 1024px) 100vw, 1024px\" \/><\/a><\/figure>","protected":false},"excerpt":{"rendered":"<p>W Krasiczynie, podczas konferencji Europa Karpat, powo\u0142ano Mi\u0119dzynarodowy Klub Europy Karpat, w sk\u0142ad kt\u00f3rego wchodz\u0105 stali uczestnicy konferencji, osobisto\u015bci z r\u00f3\u017cnych pa\u0144stw i profesji, kt\u00f3rych \u0142\u0105czy potrzeba poszukiwania najlepszej recepty na \u017cycie nas i naszych narod\u00f3w. Potrzeba wsp\u00f3\u0142pracy w tym niezwyk\u0142ym regionie Europy \u015arodkowej. Fenomenem Europy Karpat (to ju\u017c 32. edycja!) jest zaanga\u017cowanie ludzi \u2013 [&hellip;]<\/p>\n","protected":false},"author":21,"featured_media":24249,"comment_status":"open","ping_status":"open","sticky":false,"template":"","format":"standard","meta":{"ngg_post_thumbnail":0,"footnotes":""},"categories":[78,50,3],"tags":[],"class_list":["post-24243","post","type-post","status-publish","format-standard","has-post-thumbnail","hentry","category-europa-karpat","category-wspolpraca-miedzynarodowa","category-wydarzenia"],"_links":{"self":[{"href":"https:\/\/marekkuchcinski.pl\/cs\/wp-json\/wp\/v2\/posts\/24243","targetHints":{"allow":["GET"]}}],"collection":[{"href":"https:\/\/marekkuchcinski.pl\/cs\/wp-json\/wp\/v2\/posts"}],"about":[{"href":"https:\/\/marekkuchcinski.pl\/cs\/wp-json\/wp\/v2\/types\/post"}],"author":[{"embeddable":true,"href":"https:\/\/marekkuchcinski.pl\/cs\/wp-json\/wp\/v2\/users\/21"}],"replies":[{"embeddable":true,"href":"https:\/\/marekkuchcinski.pl\/cs\/wp-json\/wp\/v2\/comments?post=24243"}],"version-history":[{"count":9,"href":"https:\/\/marekkuchcinski.pl\/cs\/wp-json\/wp\/v2\/posts\/24243\/revisions"}],"predecessor-version":[{"id":24386,"href":"https:\/\/marekkuchcinski.pl\/cs\/wp-json\/wp\/v2\/posts\/24243\/revisions\/24386"}],"wp:featuredmedia":[{"embeddable":true,"href":"https:\/\/marekkuchcinski.pl\/cs\/wp-json\/wp\/v2\/media\/24249"}],"wp:attachment":[{"href":"https:\/\/marekkuchcinski.pl\/cs\/wp-json\/wp\/v2\/media?parent=24243"}],"wp:term":[{"taxonomy":"category","embeddable":true,"href":"https:\/\/marekkuchcinski.pl\/cs\/wp-json\/wp\/v2\/categories?post=24243"},{"taxonomy":"post_tag","embeddable":true,"href":"https:\/\/marekkuchcinski.pl\/cs\/wp-json\/wp\/v2\/tags?post=24243"}],"curies":[{"name":"wp","href":"https:\/\/api.w.org\/{rel}","templated":true}]}}