{"id":24160,"date":"2022-01-17T22:54:32","date_gmt":"2022-01-17T21:54:32","guid":{"rendered":"https:\/\/marekkuchcinski.pl\/?p=24160"},"modified":"2022-01-17T23:13:09","modified_gmt":"2022-01-17T22:13:09","slug":"w-ustrzykach-dolnych-o-zrownowazonym-rozwoju-bieszczad","status":"publish","type":"post","link":"https:\/\/marekkuchcinski.pl\/cs\/wydarzenia\/w-ustrzykach-dolnych-o-zrownowazonym-rozwoju-bieszczad\/","title":{"rendered":"V Ustrzyki Dolne o investi\u010dn\u00edch pl\u00e1nech pro Bieszczady"},"content":{"rendered":"<p class=\"wp-block-paragraph\">Marek Kuchci\u0144ski se z\u00fa\u010dastnil zased\u00e1n\u00ed rady okresu Bieszczady, pot\u00e9 se setkal se samospr\u00e1vami okres\u016f Lesko a Sanok a obc\u00ed Ustrzyki Dolne, Cisna, Olszanica, Bircza, Zag\u00f3rz, Czarna, Koma\u0144cza, Bukowsko, Tyrawa Wo\u0142oska. Hlavn\u00edm c\u00edlem jedn\u00e1n\u00ed byl udr\u017eiteln\u00fd rozvoj Bieszczad a co nejlep\u0161\u00ed vyu\u017eit\u00ed finan\u010dn\u00edch prost\u0159edk\u016f v r\u00e1mci polsk\u00e9ho \u0159\u00e1du.<\/p>\n\n\n\n<p class=\"wp-block-paragraph\">- Prost\u0159edky maj\u00ed dos\u00e1hnout nejen na \u0159eku Solinu a horsk\u00e9 oblasti. Uva\u017eujeme tak\u00e9 o podpo\u0159e spolupr\u00e1ce p\u0159\u00edhrani\u010dn\u00edch obc\u00ed se Slovenskem a Ukrajinou a rozvoji cestovn\u00edho ruchu v nich - zd\u016fraznil mar\u0161\u00e1l Kuchci\u0144ski.<\/p>\n\n\n\n<p class=\"wp-block-paragraph\">Nejnal\u00e9hav\u011bj\u0161\u00edmi pot\u0159ebami Bieszczad jsou modernizace a rozvoj infrastruktury, co\u017e se projev\u00ed v lep\u0161\u00ed komunikaci, dostupnosti nebo rozvoji cestovn\u00edho ruchu. Diskutovalo se tak\u00e9 o investi\u010dn\u00edch pl\u00e1nech a o Centru bieszczadsk\u00e9ho d\u011bdictv\u00ed \"Zelen\u00e1 rafinerie FANTO\" v Ustrzyk\u00e1ch Doln\u00fdch.<\/p>\n\n\n\n<p class=\"wp-block-paragraph\">Bieszczady jsou jedn\u00edm z nejkr\u00e1sn\u011bj\u0161\u00edch m\u00edst v Polsku, ale z\u00e1rove\u0148 nejvzd\u00e1len\u011bj\u0161\u00edm od centr\u00e1ln\u00edch a region\u00e1ln\u00edch center. . oblast m\u00e1 v\u00fdjime\u010dn\u00e9 turistick\u00e9 hodnoty a jej\u00ed zna\u010dn\u00e1 \u010d\u00e1st je pod r\u016fzn\u00fdmi formami ochrany p\u0159\u00edrody. \u010cinnosti zam\u011b\u0159en\u00e9 na hospod\u00e1\u0159sk\u00fd r\u016fst a zlep\u0161en\u00ed kvality \u017eivota obyvatel mus\u00ed zohled\u0148ovat z toho vypl\u00fdvaj\u00edc\u00ed nezbytn\u00e1 omezen\u00ed.<\/p>\n\n\n\n<p class=\"wp-block-paragraph\">f<em>zde je Marian S. Mazurkiewicz<\/em><\/p>\n\n\n\n<figure class=\"wp-block-image size-full\"><a href=\"https:\/\/marekkuchcinski.pl\/wp-content\/uploads\/2022\/01\/ok-1.jpg\"><img fetchpriority=\"high\" decoding=\"async\" width=\"1000\" height=\"667\" src=\"https:\/\/marekkuchcinski.pl\/wp-content\/uploads\/2022\/01\/ok-1.jpg\" alt=\"\" class=\"wp-image-24163\" srcset=\"https:\/\/marekkuchcinski.pl\/wp-content\/uploads\/2022\/01\/ok-1.jpg 1000w, https:\/\/marekkuchcinski.pl\/wp-content\/uploads\/2022\/01\/ok-1-300x200.jpg 300w, https:\/\/marekkuchcinski.pl\/wp-content\/uploads\/2022\/01\/ok-1-768x512.jpg 768w, https:\/\/marekkuchcinski.pl\/wp-content\/uploads\/2022\/01\/ok-1-18x12.jpg 18w\" sizes=\"(max-width: 1000px) 100vw, 1000px\" \/><\/a><\/figure>\n\n\n\n<figure class=\"wp-block-image size-large\"><a href=\"https:\/\/marekkuchcinski.pl\/wp-content\/uploads\/2022\/01\/2.jpg\"><img decoding=\"async\" width=\"1024\" height=\"461\" src=\"https:\/\/marekkuchcinski.pl\/wp-content\/uploads\/2022\/01\/2-1024x461.jpg\" alt=\"\" class=\"wp-image-24165\" srcset=\"https:\/\/marekkuchcinski.pl\/wp-content\/uploads\/2022\/01\/2-1024x461.jpg 1024w, https:\/\/marekkuchcinski.pl\/wp-content\/uploads\/2022\/01\/2-300x135.jpg 300w, https:\/\/marekkuchcinski.pl\/wp-content\/uploads\/2022\/01\/2-768x346.jpg 768w, https:\/\/marekkuchcinski.pl\/wp-content\/uploads\/2022\/01\/2-18x8.jpg 18w, https:\/\/marekkuchcinski.pl\/wp-content\/uploads\/2022\/01\/2.jpg 1482w\" sizes=\"(max-width: 1024px) 100vw, 1024px\" \/><\/a><\/figure>\n\n\n\n<figure class=\"wp-block-image size-full\"><a href=\"https:\/\/marekkuchcinski.pl\/wp-content\/uploads\/2022\/01\/3.jpg\"><img decoding=\"async\" width=\"1000\" height=\"667\" src=\"https:\/\/marekkuchcinski.pl\/wp-content\/uploads\/2022\/01\/3.jpg\" alt=\"\" class=\"wp-image-24166\" srcset=\"https:\/\/marekkuchcinski.pl\/wp-content\/uploads\/2022\/01\/3.jpg 1000w, https:\/\/marekkuchcinski.pl\/wp-content\/uploads\/2022\/01\/3-300x200.jpg 300w, https:\/\/marekkuchcinski.pl\/wp-content\/uploads\/2022\/01\/3-768x512.jpg 768w, https:\/\/marekkuchcinski.pl\/wp-content\/uploads\/2022\/01\/3-18x12.jpg 18w\" sizes=\"(max-width: 1000px) 100vw, 1000px\" \/><\/a><\/figure>\n\n\n\n<figure class=\"wp-block-image size-full\"><a href=\"https:\/\/marekkuchcinski.pl\/wp-content\/uploads\/2022\/01\/4.jpg\"><img loading=\"lazy\" decoding=\"async\" width=\"1000\" height=\"667\" src=\"https:\/\/marekkuchcinski.pl\/wp-content\/uploads\/2022\/01\/4.jpg\" alt=\"\" class=\"wp-image-24167\" srcset=\"https:\/\/marekkuchcinski.pl\/wp-content\/uploads\/2022\/01\/4.jpg 1000w, https:\/\/marekkuchcinski.pl\/wp-content\/uploads\/2022\/01\/4-300x200.jpg 300w, https:\/\/marekkuchcinski.pl\/wp-content\/uploads\/2022\/01\/4-768x512.jpg 768w, https:\/\/marekkuchcinski.pl\/wp-content\/uploads\/2022\/01\/4-18x12.jpg 18w\" sizes=\"(max-width: 1000px) 100vw, 1000px\" \/><\/a><\/figure>\n\n\n\n<figure class=\"wp-block-image size-full\"><a href=\"https:\/\/marekkuchcinski.pl\/wp-content\/uploads\/2022\/01\/5.jpg\"><img loading=\"lazy\" decoding=\"async\" width=\"1000\" height=\"667\" src=\"https:\/\/marekkuchcinski.pl\/wp-content\/uploads\/2022\/01\/5.jpg\" alt=\"\" class=\"wp-image-24168\" srcset=\"https:\/\/marekkuchcinski.pl\/wp-content\/uploads\/2022\/01\/5.jpg 1000w, https:\/\/marekkuchcinski.pl\/wp-content\/uploads\/2022\/01\/5-300x200.jpg 300w, https:\/\/marekkuchcinski.pl\/wp-content\/uploads\/2022\/01\/5-768x512.jpg 768w, https:\/\/marekkuchcinski.pl\/wp-content\/uploads\/2022\/01\/5-18x12.jpg 18w\" sizes=\"(max-width: 1000px) 100vw, 1000px\" \/><\/a><\/figure>\n\n\n\n<figure class=\"wp-block-image size-full\"><a href=\"https:\/\/marekkuchcinski.pl\/wp-content\/uploads\/2022\/01\/6.jpg\"><img loading=\"lazy\" decoding=\"async\" width=\"1000\" height=\"667\" src=\"https:\/\/marekkuchcinski.pl\/wp-content\/uploads\/2022\/01\/6.jpg\" alt=\"\" class=\"wp-image-24169\" srcset=\"https:\/\/marekkuchcinski.pl\/wp-content\/uploads\/2022\/01\/6.jpg 1000w, https:\/\/marekkuchcinski.pl\/wp-content\/uploads\/2022\/01\/6-300x200.jpg 300w, https:\/\/marekkuchcinski.pl\/wp-content\/uploads\/2022\/01\/6-768x512.jpg 768w, https:\/\/marekkuchcinski.pl\/wp-content\/uploads\/2022\/01\/6-18x12.jpg 18w\" sizes=\"(max-width: 1000px) 100vw, 1000px\" \/><\/a><\/figure>\n\n\n\n<figure class=\"wp-block-image size-full\"><a href=\"https:\/\/marekkuchcinski.pl\/wp-content\/uploads\/2022\/01\/7.jpg\"><img loading=\"lazy\" decoding=\"async\" width=\"1000\" height=\"667\" src=\"https:\/\/marekkuchcinski.pl\/wp-content\/uploads\/2022\/01\/7.jpg\" alt=\"\" class=\"wp-image-24170\" srcset=\"https:\/\/marekkuchcinski.pl\/wp-content\/uploads\/2022\/01\/7.jpg 1000w, https:\/\/marekkuchcinski.pl\/wp-content\/uploads\/2022\/01\/7-300x200.jpg 300w, https:\/\/marekkuchcinski.pl\/wp-content\/uploads\/2022\/01\/7-768x512.jpg 768w, https:\/\/marekkuchcinski.pl\/wp-content\/uploads\/2022\/01\/7-18x12.jpg 18w\" sizes=\"(max-width: 1000px) 100vw, 1000px\" \/><\/a><figcaption>Jedn\u00e1n\u00ed se z\u00fa\u010dastnili mimo jin\u00e9 n\u00e1m\u011bstek mar\u0161\u00e1lka Podkarpatsk\u00e9ho vojvodstv\u00ed Piotr Pilch a bieszczadsk\u00fd starosta Marek Andruch.<\/figcaption><\/figure>\n\n\n\n<figure class=\"wp-block-image size-full\"><a href=\"https:\/\/marekkuchcinski.pl\/wp-content\/uploads\/2022\/01\/8.jpg\"><img loading=\"lazy\" decoding=\"async\" width=\"1000\" height=\"667\" src=\"https:\/\/marekkuchcinski.pl\/wp-content\/uploads\/2022\/01\/8.jpg\" alt=\"\" class=\"wp-image-24171\" srcset=\"https:\/\/marekkuchcinski.pl\/wp-content\/uploads\/2022\/01\/8.jpg 1000w, https:\/\/marekkuchcinski.pl\/wp-content\/uploads\/2022\/01\/8-300x200.jpg 300w, https:\/\/marekkuchcinski.pl\/wp-content\/uploads\/2022\/01\/8-768x512.jpg 768w, https:\/\/marekkuchcinski.pl\/wp-content\/uploads\/2022\/01\/8-18x12.jpg 18w\" sizes=\"(max-width: 1000px) 100vw, 1000px\" \/><\/a><\/figure>","protected":false},"excerpt":{"rendered":"<p>Marek Kuchci\u0144ski wzi\u0105\u0142 udzia\u0142 w posiedzeniu Zarz\u0105du Powiatu Bieszczadzkiego, nast\u0119pnie spotka\u0142 si\u0119 z samorz\u0105dowcami powiat\u00f3w leskiego i sanockiego oraz gmin Ustrzyki Dolne, Cisna, Olszanica, Bircza, Zag\u00f3rz, Czarna, Koma\u0144cza, Bukowsko, Tyrawa Wo\u0142oska. G\u0142\u00f3wnym celem rozm\u00f3w by\u0142 zr\u00f3wnowa\u017cony rozw\u00f3j Bieszczad i jak najlepsze wykorzystanie \u015brodk\u00f3w w ramach Polskiego \u0141adu. \u2013 Fundusze maj\u0105 dotrze\u0107 nie tylko nad Solin\u0119 [&hellip;]<\/p>\n","protected":false},"author":21,"featured_media":24162,"comment_status":"open","ping_status":"open","sticky":false,"template":"","format":"standard","meta":{"ngg_post_thumbnail":0,"footnotes":""},"categories":[49,50,3],"tags":[],"class_list":["post-24160","post","type-post","status-publish","format-standard","has-post-thumbnail","hentry","category-podkarpacie","category-wspolpraca-miedzynarodowa","category-wydarzenia"],"_links":{"self":[{"href":"https:\/\/marekkuchcinski.pl\/cs\/wp-json\/wp\/v2\/posts\/24160","targetHints":{"allow":["GET"]}}],"collection":[{"href":"https:\/\/marekkuchcinski.pl\/cs\/wp-json\/wp\/v2\/posts"}],"about":[{"href":"https:\/\/marekkuchcinski.pl\/cs\/wp-json\/wp\/v2\/types\/post"}],"author":[{"embeddable":true,"href":"https:\/\/marekkuchcinski.pl\/cs\/wp-json\/wp\/v2\/users\/21"}],"replies":[{"embeddable":true,"href":"https:\/\/marekkuchcinski.pl\/cs\/wp-json\/wp\/v2\/comments?post=24160"}],"version-history":[{"count":8,"href":"https:\/\/marekkuchcinski.pl\/cs\/wp-json\/wp\/v2\/posts\/24160\/revisions"}],"predecessor-version":[{"id":24180,"href":"https:\/\/marekkuchcinski.pl\/cs\/wp-json\/wp\/v2\/posts\/24160\/revisions\/24180"}],"wp:featuredmedia":[{"embeddable":true,"href":"https:\/\/marekkuchcinski.pl\/cs\/wp-json\/wp\/v2\/media\/24162"}],"wp:attachment":[{"href":"https:\/\/marekkuchcinski.pl\/cs\/wp-json\/wp\/v2\/media?parent=24160"}],"wp:term":[{"taxonomy":"category","embeddable":true,"href":"https:\/\/marekkuchcinski.pl\/cs\/wp-json\/wp\/v2\/categories?post=24160"},{"taxonomy":"post_tag","embeddable":true,"href":"https:\/\/marekkuchcinski.pl\/cs\/wp-json\/wp\/v2\/tags?post=24160"}],"curies":[{"name":"wp","href":"https:\/\/api.w.org\/{rel}","templated":true}]}}