{"id":24129,"date":"2021-12-22T22:26:00","date_gmt":"2021-12-22T21:26:00","guid":{"rendered":"https:\/\/marekkuchcinski.pl\/?p=24129"},"modified":"2021-12-23T19:48:48","modified_gmt":"2021-12-23T18:48:48","slug":"spotkanie-komisji-spraw-zagranicznych-z-prezydentem-poroszenka-polska-wspiera-ukraine-na-drodze-do-ue-i-nato","status":"publish","type":"post","link":"https:\/\/marekkuchcinski.pl\/cs\/wydarzenia\/spotkanie-komisji-spraw-zagranicznych-z-prezydentem-poroszenka-polska-wspiera-ukraine-na-drodze-do-ue-i-nato\/","title":{"rendered":"Setk\u00e1n\u00ed zahrani\u010dn\u00edho v\u00fdboru s prezidentem Poro\u0161enkem: Polsko podporuje Ukrajinu na cest\u011b do EU a NATO"},"content":{"rendered":"<p>Dne 21. prosince 2021 se v Sejmu se\u0161li \u010dlenov\u00e9 zahrani\u010dn\u00edho v\u00fdboru s b\u00fdval\u00fdm prezidentem Ukrajiny a nyn\u00ed poslancem a \u0161\u00e9fem jedn\u00e9 z nejv\u011bt\u0161\u00edch opozi\u010dn\u00edch stran (Evropsk\u00e1 solidarita) v Nejvy\u0161\u0161\u00ed rad\u011b Ukrajiny Petrem Poro\u0161enkem. Diskuse se zam\u011b\u0159ila na situaci v regionu a na Ukrajin\u011b v souvislosti s rostouc\u00edm tlakem Ruska na Ukrajinu, koncentrac\u00ed rusk\u00fdch vojsk na ukrajinsko-rusk\u00e9 hranici a souvisej\u00edc\u00ed hrozbou eskalace prob\u00edhaj\u00edc\u00edho ozbrojen\u00e9ho konfliktu na Ukrajin\u011b.<\/p>\n\n\n\n<p>P\u0159edseda parlamentn\u00edho zahrani\u010dn\u00edho v\u00fdboru, poslanec Marek Kuchci\u0144ski, prohl\u00e1sil, \u017ee se bude sna\u017eit, aby polsk\u00e1 podpora Ukrajin\u011b byla viditeln\u00e1 nejen na vl\u00e1dn\u00ed \u00farovni, ale i v dimenzi parlamentn\u00ed diplomacie. P\u0159\u00edle\u017eitost\u00ed k tomu budou setk\u00e1n\u00ed s ukrajinsk\u00fdmi poslanci, pl\u00e1novan\u00e1 na za\u010d\u00e1tek roku, a tak\u00e9 dal\u0161\u00ed ro\u010dn\u00edk konference Karpatsk\u00e1 Evropa, kter\u00e1 se bude konat v \u00fanoru v Krasiczyn\u011b a Przemy\u015blu.<\/p>\n\n\n\n<p>Ujistil o polsk\u00e9 podpo\u0159e a solidarit\u011b s Ukrajinou tv\u00e1\u0159\u00ed v tv\u00e1\u0159 rusk\u00e9mu tlaku a o tom, \u017ee Polsko bude i nad\u00e1le podporovat euroatlantick\u00e9 ambice Ukrajiny, a to jak politicky, tak prakticky. Polsko bere velmi v\u00e1\u017en\u011b pokra\u010duj\u00edc\u00ed pokusy Ruska a jeho b\u011blorusk\u00e9ho spojence destabilizovat bezpe\u010dnostn\u00ed situaci v Evrop\u011b. Prohl\u00e1sil, \u017ee Rusko si mus\u00ed b\u00fdt v\u011bdomo vysok\u00fdch n\u00e1klad\u016f, kter\u00e9 mu vzniknou v p\u0159\u00edpad\u011b eskalace nep\u0159\u00e1telsk\u00fdch akc\u00ed. Podle prezidenta jsou n\u00e1vrhy Ruska na \"bezpe\u010dnostn\u00ed z\u00e1ruky\", v\u010detn\u011b zablokov\u00e1n\u00ed \u010dlenstv\u00ed Ukrajiny v NATO, nep\u0159ijateln\u00e9.<\/p>\n\n\n\n<p>Petro Poro\u0161enko pod\u011bkoval za p\u0159ijet\u00ed v Sejmu a za projevy solidarity. Pod\u011bkoval tak\u00e9 prezidentu Andrzeji Dudovi za jeho siln\u00e1 a pozitivn\u00ed slova podpory Ukrajin\u011b, kter\u00e1 pronesl den p\u0159edt\u00edm na setk\u00e1n\u00ed s ukrajinsk\u00fdm prezidentem Volodymyrem Zelensk\u00fdm b\u011bhem summitu Lublinsk\u00e9ho troj\u00faheln\u00edku. Prezident Poro\u0161enko vyj\u00e1d\u0159il p\u0159esv\u011bd\u010den\u00ed, \u017ee sou\u010dasn\u00e1 situace na Ukrajin\u011b se v\u00fdrazn\u011b li\u0161\u00ed od situace v roce 2014, kdy Rusko anektovalo Krym a ozbrojen\u011b podpo\u0159ilo konflikt na v\u00fdchod\u011b Ukrajiny. Ukrajina m\u00e1 dnes silnou arm\u00e1du, kter\u00e1 v p\u0159\u00edpad\u011b eskalace vojensk\u00fdch akc\u00ed ze strany Ruska nez\u016fstane ne\u010dinn\u00e1. Zd\u016fraznil, \u017ee dnes nen\u00ed mo\u017en\u00e9 hovo\u0159it o p\u0159\u00edpadn\u00e9 nov\u00e9 rusk\u00e9 agresi, ale pouze o pokra\u010dov\u00e1n\u00ed t\u00e9 ji\u017e prob\u00edhaj\u00edc\u00ed. Podle Poro\u0161enka by ukrajinsk\u00e1 politika v\u016f\u010di rusk\u00e9 agresi m\u011bla b\u00fdt zalo\u017eena na t\u0159ech pil\u00ed\u0159\u00edch, kter\u00e9 ozna\u010dil jako \"3D\": diplomacie, deeskalace a deokupace.  Vyzval k uplatn\u011bn\u00ed sankc\u00ed v\u016f\u010di Rusku ji\u017e v t\u00e9to f\u00e1zi, aby prezident Putin nep\u0159ijal katastrof\u00e1ln\u00ed rozhodnut\u00ed o eskalaci konfliktu, za co\u017e by zaplatila nejen Ukrajina a Rusko, ale cel\u00e1 Evropa. Poro\u0161enko rovn\u011b\u017e zd\u016fraznil, \u017ee je t\u0159eba, aby NATO podniklo kroky ke sbl\u00ed\u017een\u00ed s Ukrajinou, v\u010detn\u011b co nejrychlej\u0161\u00edho ud\u011blen\u00ed Ak\u010dn\u00edho pl\u00e1nu \u010dlenstv\u00ed (MAP). Pouk\u00e1zal tak\u00e9 na to, \u017ee Evropa by m\u011bla p\u0159ehodnotit svou energetickou politiku, aby zabr\u00e1nila z\u00e1vislosti na dod\u00e1vk\u00e1ch rusk\u00fdch zdroj\u016f, v\u010detn\u011b p\u0159edev\u0161\u00edm pozastaven\u00ed druh\u00e9 linie plynovodu Nord Stream. Popro\u0161enko d\u00e1le pod\u011bkoval za dosavadn\u00ed podporu a vyzval Polsko a Evropskou unii k dal\u0161\u00ed podpo\u0159e vnit\u0159n\u00edch reforem na Ukrajin\u011b.<\/p>\n\n\n\n<p>Z polsk\u00e9 strany se jedn\u00e1n\u00ed z\u00fa\u010dastnili p\u0159edseda zahrani\u010dn\u00edho v\u00fdboru Marek Kuchci\u0144ski, m\u00edstop\u0159edseda Pawe\u0142 Kowal a \u010dlen v\u00fdboru W\u0142adys\u0142aw Teofil Bartoszewski.<\/p>\n\n\n\n<p>Foto: Marta Olejnik\/ KS<\/p>\n\n\n\n<figure class=\"wp-block-image size-full\"><a href=\"https:\/\/marekkuchcinski.pl\/wp-content\/uploads\/2021\/12\/269748445_329133282365902_2152157359151992009_n.jpg\"><img fetchpriority=\"high\" decoding=\"async\" width=\"960\" height=\"643\" src=\"https:\/\/marekkuchcinski.pl\/wp-content\/uploads\/2021\/12\/269748445_329133282365902_2152157359151992009_n.jpg\" alt=\"\" class=\"wp-image-24130\" srcset=\"https:\/\/marekkuchcinski.pl\/wp-content\/uploads\/2021\/12\/269748445_329133282365902_2152157359151992009_n.jpg 960w, https:\/\/marekkuchcinski.pl\/wp-content\/uploads\/2021\/12\/269748445_329133282365902_2152157359151992009_n-300x201.jpg 300w, https:\/\/marekkuchcinski.pl\/wp-content\/uploads\/2021\/12\/269748445_329133282365902_2152157359151992009_n-768x514.jpg 768w, https:\/\/marekkuchcinski.pl\/wp-content\/uploads\/2021\/12\/269748445_329133282365902_2152157359151992009_n-18x12.jpg 18w\" sizes=\"(max-width: 960px) 100vw, 960px\" \/><\/a><\/figure>\n\n\n\n<figure class=\"wp-block-image size-full\"><a href=\"https:\/\/marekkuchcinski.pl\/wp-content\/uploads\/2021\/12\/269737478_329133375699226_4036034109095861251_n.jpg\"><img decoding=\"async\" width=\"960\" height=\"584\" src=\"https:\/\/marekkuchcinski.pl\/wp-content\/uploads\/2021\/12\/269737478_329133375699226_4036034109095861251_n.jpg\" alt=\"\" class=\"wp-image-24131\" srcset=\"https:\/\/marekkuchcinski.pl\/wp-content\/uploads\/2021\/12\/269737478_329133375699226_4036034109095861251_n.jpg 960w, https:\/\/marekkuchcinski.pl\/wp-content\/uploads\/2021\/12\/269737478_329133375699226_4036034109095861251_n-300x183.jpg 300w, https:\/\/marekkuchcinski.pl\/wp-content\/uploads\/2021\/12\/269737478_329133375699226_4036034109095861251_n-768x467.jpg 768w, https:\/\/marekkuchcinski.pl\/wp-content\/uploads\/2021\/12\/269737478_329133375699226_4036034109095861251_n-18x12.jpg 18w\" sizes=\"(max-width: 960px) 100vw, 960px\" \/><\/a><\/figure>\n\n\n\n<figure class=\"wp-block-image size-full\"><a href=\"https:\/\/marekkuchcinski.pl\/wp-content\/uploads\/2021\/12\/269753564_329133319032565_1049241621883075425_n.jpg\"><img decoding=\"async\" width=\"960\" height=\"565\" src=\"https:\/\/marekkuchcinski.pl\/wp-content\/uploads\/2021\/12\/269753564_329133319032565_1049241621883075425_n.jpg\" alt=\"\" class=\"wp-image-24132\" srcset=\"https:\/\/marekkuchcinski.pl\/wp-content\/uploads\/2021\/12\/269753564_329133319032565_1049241621883075425_n.jpg 960w, https:\/\/marekkuchcinski.pl\/wp-content\/uploads\/2021\/12\/269753564_329133319032565_1049241621883075425_n-300x177.jpg 300w, https:\/\/marekkuchcinski.pl\/wp-content\/uploads\/2021\/12\/269753564_329133319032565_1049241621883075425_n-768x452.jpg 768w, https:\/\/marekkuchcinski.pl\/wp-content\/uploads\/2021\/12\/269753564_329133319032565_1049241621883075425_n-18x12.jpg 18w\" sizes=\"(max-width: 960px) 100vw, 960px\" \/><\/a><\/figure>","protected":false},"excerpt":{"rendered":"<p>Dne 21. prosince 2021 se v Sejmu se\u0161li \u010dlenov\u00e9 zahrani\u010dn\u00edho v\u00fdboru s b\u00fdval\u00fdm prezidentem Ukrajiny a nyn\u00ed poslancem a p\u0159edsedou jedn\u00e9 z nejv\u011bt\u0161\u00edch opozi\u010dn\u00edch stran (Evropsk\u00e1 solidarita) v Nejvy\u0161\u0161\u00ed rad\u011b Ukrajiny Petrem Poro\u0161enkem. Rozhovor se zam\u011b\u0159il na situaci v regionu a na Ukrajin\u011b v souvislosti s rostouc\u00edm tlakem Ruska na Ukrajinu, koncentrac\u00ed rusk\u00fdch vojsk a [...]<\/p>","protected":false},"author":21,"featured_media":24130,"comment_status":"open","ping_status":"open","sticky":false,"template":"","format":"standard","meta":{"ngg_post_thumbnail":0,"footnotes":""},"categories":[50,3],"tags":[],"class_list":["post-24129","post","type-post","status-publish","format-standard","has-post-thumbnail","hentry","category-wspolpraca-miedzynarodowa","category-wydarzenia"],"yoast_head":"<!-- This site is optimized with the Yoast SEO plugin v24.7 - https:\/\/yoast.com\/wordpress\/plugins\/seo\/ -->\n<title>Spotkanie Komisji Spraw Zagranicznych z prezydentem Poroszenk\u0105: Polska wspiera Ukrain\u0119 na drodze do UE i NATO &#8211; Marek Kuchci\u0144ski<\/title>\n<meta name=\"robots\" content=\"index, follow, max-snippet:-1, max-image-preview:large, max-video-preview:-1\" \/>\n<link rel=\"canonical\" href=\"https:\/\/marekkuchcinski.pl\/cs\/wydarzenia\/spotkanie-komisji-spraw-zagranicznych-z-prezydentem-poroszenka-polska-wspiera-ukraine-na-drodze-do-ue-i-nato\/\" \/>\n<meta property=\"og:locale\" content=\"cs_CZ\" \/>\n<meta property=\"og:type\" content=\"article\" \/>\n<meta property=\"og:title\" content=\"Spotkanie Komisji Spraw Zagranicznych z prezydentem Poroszenk\u0105: Polska wspiera Ukrain\u0119 na drodze do UE i NATO &#8211; Marek Kuchci\u0144ski\" \/>\n<meta property=\"og:description\" content=\"21 grudnia 2021 r. w Sejmie pos\u0142owie Komisji Spraw Zagranicznych spotkali si\u0119 z by\u0142ym prezydentem Ukrainy, a obecnie deputowanym i szefem jednej z najwi\u0119kszych partii opozycyjnych (Europejska Solidarno\u015b\u0107) w Radzie Najwy\u017cszej Ukrainy panem Petro Poroszenk\u0105. Rozmowa dotyczy\u0142a sytuacji w regionie i na Ukrainie w kontek\u015bcie rosn\u0105cej presji na Ukrain\u0119 ze strony Rosji, koncentracji wojsk rosyjskich [&hellip;]\" \/>\n<meta property=\"og:url\" content=\"https:\/\/marekkuchcinski.pl\/cs\/wydarzenia\/spotkanie-komisji-spraw-zagranicznych-z-prezydentem-poroszenka-polska-wspiera-ukraine-na-drodze-do-ue-i-nato\/\" \/>\n<meta property=\"og:site_name\" content=\"Marek Kuchci\u0144ski\" \/>\n<meta property=\"article:published_time\" content=\"2021-12-22T21:26:00+00:00\" \/>\n<meta property=\"article:modified_time\" content=\"2021-12-23T18:48:48+00:00\" \/>\n<meta property=\"og:image\" content=\"https:\/\/marekkuchcinski.pl\/wp-content\/uploads\/2021\/12\/269748445_329133282365902_2152157359151992009_n.jpg\" \/>\n\t<meta property=\"og:image:width\" content=\"960\" \/>\n\t<meta property=\"og:image:height\" content=\"643\" \/>\n\t<meta property=\"og:image:type\" content=\"image\/jpeg\" \/>\n<meta name=\"author\" content=\"Marta Olejnik\" \/>\n<meta name=\"twitter:card\" content=\"summary_large_image\" \/>\n<meta name=\"twitter:label1\" content=\"Napsal(a)\" \/>\n\t<meta name=\"twitter:data1\" content=\"Marta Olejnik\" \/>\n\t<meta name=\"twitter:label2\" content=\"Odhadovan\u00e1 doba \u010dten\u00ed\" \/>\n\t<meta name=\"twitter:data2\" content=\"3 minuty\" \/>\n<script type=\"application\/ld+json\" class=\"yoast-schema-graph\">{\"@context\":\"https:\/\/schema.org\",\"@graph\":[{\"@type\":\"Article\",\"@id\":\"https:\/\/marekkuchcinski.pl\/cs\/wydarzenia\/spotkanie-komisji-spraw-zagranicznych-z-prezydentem-poroszenka-polska-wspiera-ukraine-na-drodze-do-ue-i-nato\/#article\",\"isPartOf\":{\"@id\":\"https:\/\/marekkuchcinski.pl\/cs\/wydarzenia\/spotkanie-komisji-spraw-zagranicznych-z-prezydentem-poroszenka-polska-wspiera-ukraine-na-drodze-do-ue-i-nato\/\"},\"author\":{\"name\":\"Marta Olejnik\",\"@id\":\"https:\/\/marekkuchcinski.pl\/#\/schema\/person\/51d5d4ee3b5317b8e4dd2b48af359229\"},\"headline\":\"Spotkanie Komisji Spraw Zagranicznych z prezydentem Poroszenk\u0105: Polska wspiera Ukrain\u0119 na drodze do UE i NATO\",\"datePublished\":\"2021-12-22T21:26:00+00:00\",\"dateModified\":\"2021-12-23T18:48:48+00:00\",\"mainEntityOfPage\":{\"@id\":\"https:\/\/marekkuchcinski.pl\/cs\/wydarzenia\/spotkanie-komisji-spraw-zagranicznych-z-prezydentem-poroszenka-polska-wspiera-ukraine-na-drodze-do-ue-i-nato\/\"},\"wordCount\":579,\"commentCount\":0,\"publisher\":{\"@id\":\"https:\/\/marekkuchcinski.pl\/#organization\"},\"image\":{\"@id\":\"https:\/\/marekkuchcinski.pl\/cs\/wydarzenia\/spotkanie-komisji-spraw-zagranicznych-z-prezydentem-poroszenka-polska-wspiera-ukraine-na-drodze-do-ue-i-nato\/#primaryimage\"},\"thumbnailUrl\":\"https:\/\/marekkuchcinski.pl\/wp-content\/uploads\/2021\/12\/269748445_329133282365902_2152157359151992009_n.jpg\",\"articleSection\":[\"Wsp\u00f3\u0142praca mi\u0119dzynarodowa\",\"Wydarzenia\"],\"inLanguage\":\"cs\",\"potentialAction\":[{\"@type\":\"CommentAction\",\"name\":\"Comment\",\"target\":[\"https:\/\/marekkuchcinski.pl\/cs\/wydarzenia\/spotkanie-komisji-spraw-zagranicznych-z-prezydentem-poroszenka-polska-wspiera-ukraine-na-drodze-do-ue-i-nato\/#respond\"]}]},{\"@type\":\"WebPage\",\"@id\":\"https:\/\/marekkuchcinski.pl\/cs\/wydarzenia\/spotkanie-komisji-spraw-zagranicznych-z-prezydentem-poroszenka-polska-wspiera-ukraine-na-drodze-do-ue-i-nato\/\",\"url\":\"https:\/\/marekkuchcinski.pl\/cs\/wydarzenia\/spotkanie-komisji-spraw-zagranicznych-z-prezydentem-poroszenka-polska-wspiera-ukraine-na-drodze-do-ue-i-nato\/\",\"name\":\"Spotkanie Komisji Spraw Zagranicznych z prezydentem Poroszenk\u0105: Polska wspiera Ukrain\u0119 na drodze do UE i NATO &#8211; Marek Kuchci\u0144ski\",\"isPartOf\":{\"@id\":\"https:\/\/marekkuchcinski.pl\/#website\"},\"primaryImageOfPage\":{\"@id\":\"https:\/\/marekkuchcinski.pl\/cs\/wydarzenia\/spotkanie-komisji-spraw-zagranicznych-z-prezydentem-poroszenka-polska-wspiera-ukraine-na-drodze-do-ue-i-nato\/#primaryimage\"},\"image\":{\"@id\":\"https:\/\/marekkuchcinski.pl\/cs\/wydarzenia\/spotkanie-komisji-spraw-zagranicznych-z-prezydentem-poroszenka-polska-wspiera-ukraine-na-drodze-do-ue-i-nato\/#primaryimage\"},\"thumbnailUrl\":\"https:\/\/marekkuchcinski.pl\/wp-content\/uploads\/2021\/12\/269748445_329133282365902_2152157359151992009_n.jpg\",\"datePublished\":\"2021-12-22T21:26:00+00:00\",\"dateModified\":\"2021-12-23T18:48:48+00:00\",\"breadcrumb\":{\"@id\":\"https:\/\/marekkuchcinski.pl\/cs\/wydarzenia\/spotkanie-komisji-spraw-zagranicznych-z-prezydentem-poroszenka-polska-wspiera-ukraine-na-drodze-do-ue-i-nato\/#breadcrumb\"},\"inLanguage\":\"cs\",\"potentialAction\":[{\"@type\":\"ReadAction\",\"target\":[\"https:\/\/marekkuchcinski.pl\/cs\/wydarzenia\/spotkanie-komisji-spraw-zagranicznych-z-prezydentem-poroszenka-polska-wspiera-ukraine-na-drodze-do-ue-i-nato\/\"]}]},{\"@type\":\"ImageObject\",\"inLanguage\":\"cs\",\"@id\":\"https:\/\/marekkuchcinski.pl\/cs\/wydarzenia\/spotkanie-komisji-spraw-zagranicznych-z-prezydentem-poroszenka-polska-wspiera-ukraine-na-drodze-do-ue-i-nato\/#primaryimage\",\"url\":\"https:\/\/marekkuchcinski.pl\/wp-content\/uploads\/2021\/12\/269748445_329133282365902_2152157359151992009_n.jpg\",\"contentUrl\":\"https:\/\/marekkuchcinski.pl\/wp-content\/uploads\/2021\/12\/269748445_329133282365902_2152157359151992009_n.jpg\",\"width\":960,\"height\":643},{\"@type\":\"BreadcrumbList\",\"@id\":\"https:\/\/marekkuchcinski.pl\/cs\/wydarzenia\/spotkanie-komisji-spraw-zagranicznych-z-prezydentem-poroszenka-polska-wspiera-ukraine-na-drodze-do-ue-i-nato\/#breadcrumb\",\"itemListElement\":[{\"@type\":\"ListItem\",\"position\":1,\"name\":\"Strona g\u0142\u00f3wna\",\"item\":\"https:\/\/marekkuchcinski.pl\/\"},{\"@type\":\"ListItem\",\"position\":2,\"name\":\"Spotkanie Komisji Spraw Zagranicznych z prezydentem Poroszenk\u0105: Polska wspiera Ukrain\u0119 na drodze do UE i NATO\"}]},{\"@type\":\"WebSite\",\"@id\":\"https:\/\/marekkuchcinski.pl\/#website\",\"url\":\"https:\/\/marekkuchcinski.pl\/\",\"name\":\"Marek Kuchci\u0144ski\",\"description\":\"Pose\u0142 na sejm RP &ndash; okr\u0119g nr 22\",\"publisher\":{\"@id\":\"https:\/\/marekkuchcinski.pl\/#organization\"},\"potentialAction\":[{\"@type\":\"SearchAction\",\"target\":{\"@type\":\"EntryPoint\",\"urlTemplate\":\"https:\/\/marekkuchcinski.pl\/?s={search_term_string}\"},\"query-input\":{\"@type\":\"PropertyValueSpecification\",\"valueRequired\":true,\"valueName\":\"search_term_string\"}}],\"inLanguage\":\"cs\"},{\"@type\":\"Organization\",\"@id\":\"https:\/\/marekkuchcinski.pl\/#organization\",\"name\":\"Marek Kuchci\u0144ski\",\"url\":\"https:\/\/marekkuchcinski.pl\/\",\"logo\":{\"@type\":\"ImageObject\",\"inLanguage\":\"cs\",\"@id\":\"https:\/\/marekkuchcinski.pl\/#\/schema\/logo\/image\/\",\"url\":\"https:\/\/marekkuchcinski.pl\/wp-content\/uploads\/2022\/09\/Marek.jpg\",\"contentUrl\":\"https:\/\/marekkuchcinski.pl\/wp-content\/uploads\/2022\/09\/Marek.jpg\",\"width\":1600,\"height\":971,\"caption\":\"Marek Kuchci\u0144ski\"},\"image\":{\"@id\":\"https:\/\/marekkuchcinski.pl\/#\/schema\/logo\/image\/\"}},{\"@type\":\"Person\",\"@id\":\"https:\/\/marekkuchcinski.pl\/#\/schema\/person\/51d5d4ee3b5317b8e4dd2b48af359229\",\"name\":\"Marta Olejnik\",\"image\":{\"@type\":\"ImageObject\",\"inLanguage\":\"cs\",\"@id\":\"https:\/\/marekkuchcinski.pl\/#\/schema\/person\/image\/\",\"url\":\"https:\/\/secure.gravatar.com\/avatar\/e39914b2aa6a48959e24d475b5dc9793?s=96&d=mm&r=g\",\"contentUrl\":\"https:\/\/secure.gravatar.com\/avatar\/e39914b2aa6a48959e24d475b5dc9793?s=96&d=mm&r=g\",\"caption\":\"Marta Olejnik\"},\"url\":\"https:\/\/marekkuchcinski.pl\/cs\/author\/marta\/\"}]}<\/script>\n<!-- \/ Yoast SEO plugin. -->","yoast_head_json":{"title":"Spotkanie Komisji Spraw Zagranicznych z prezydentem Poroszenk\u0105: Polska wspiera Ukrain\u0119 na drodze do UE i NATO &#8211; Marek Kuchci\u0144ski","robots":{"index":"index","follow":"follow","max-snippet":"max-snippet:-1","max-image-preview":"max-image-preview:large","max-video-preview":"max-video-preview:-1"},"canonical":"https:\/\/marekkuchcinski.pl\/cs\/wydarzenia\/spotkanie-komisji-spraw-zagranicznych-z-prezydentem-poroszenka-polska-wspiera-ukraine-na-drodze-do-ue-i-nato\/","og_locale":"cs_CZ","og_type":"article","og_title":"Spotkanie Komisji Spraw Zagranicznych z prezydentem Poroszenk\u0105: Polska wspiera Ukrain\u0119 na drodze do UE i NATO &#8211; Marek Kuchci\u0144ski","og_description":"21 grudnia 2021 r. w Sejmie pos\u0142owie Komisji Spraw Zagranicznych spotkali si\u0119 z by\u0142ym prezydentem Ukrainy, a obecnie deputowanym i szefem jednej z najwi\u0119kszych partii opozycyjnych (Europejska Solidarno\u015b\u0107) w Radzie Najwy\u017cszej Ukrainy panem Petro Poroszenk\u0105. Rozmowa dotyczy\u0142a sytuacji w regionie i na Ukrainie w kontek\u015bcie rosn\u0105cej presji na Ukrain\u0119 ze strony Rosji, koncentracji wojsk rosyjskich [&hellip;]","og_url":"https:\/\/marekkuchcinski.pl\/cs\/wydarzenia\/spotkanie-komisji-spraw-zagranicznych-z-prezydentem-poroszenka-polska-wspiera-ukraine-na-drodze-do-ue-i-nato\/","og_site_name":"Marek Kuchci\u0144ski","article_published_time":"2021-12-22T21:26:00+00:00","article_modified_time":"2021-12-23T18:48:48+00:00","og_image":[{"width":960,"height":643,"url":"https:\/\/marekkuchcinski.pl\/wp-content\/uploads\/2021\/12\/269748445_329133282365902_2152157359151992009_n.jpg","type":"image\/jpeg"}],"author":"Marta Olejnik","twitter_card":"summary_large_image","twitter_misc":{"Napsal(a)":"Marta Olejnik","Odhadovan\u00e1 doba \u010dten\u00ed":"3 minuty"},"schema":{"@context":"https:\/\/schema.org","@graph":[{"@type":"Article","@id":"https:\/\/marekkuchcinski.pl\/cs\/wydarzenia\/spotkanie-komisji-spraw-zagranicznych-z-prezydentem-poroszenka-polska-wspiera-ukraine-na-drodze-do-ue-i-nato\/#article","isPartOf":{"@id":"https:\/\/marekkuchcinski.pl\/cs\/wydarzenia\/spotkanie-komisji-spraw-zagranicznych-z-prezydentem-poroszenka-polska-wspiera-ukraine-na-drodze-do-ue-i-nato\/"},"author":{"name":"Marta Olejnik","@id":"https:\/\/marekkuchcinski.pl\/#\/schema\/person\/51d5d4ee3b5317b8e4dd2b48af359229"},"headline":"Spotkanie Komisji Spraw Zagranicznych z prezydentem Poroszenk\u0105: Polska wspiera Ukrain\u0119 na drodze do UE i NATO","datePublished":"2021-12-22T21:26:00+00:00","dateModified":"2021-12-23T18:48:48+00:00","mainEntityOfPage":{"@id":"https:\/\/marekkuchcinski.pl\/cs\/wydarzenia\/spotkanie-komisji-spraw-zagranicznych-z-prezydentem-poroszenka-polska-wspiera-ukraine-na-drodze-do-ue-i-nato\/"},"wordCount":579,"commentCount":0,"publisher":{"@id":"https:\/\/marekkuchcinski.pl\/#organization"},"image":{"@id":"https:\/\/marekkuchcinski.pl\/cs\/wydarzenia\/spotkanie-komisji-spraw-zagranicznych-z-prezydentem-poroszenka-polska-wspiera-ukraine-na-drodze-do-ue-i-nato\/#primaryimage"},"thumbnailUrl":"https:\/\/marekkuchcinski.pl\/wp-content\/uploads\/2021\/12\/269748445_329133282365902_2152157359151992009_n.jpg","articleSection":["Wsp\u00f3\u0142praca mi\u0119dzynarodowa","Wydarzenia"],"inLanguage":"cs","potentialAction":[{"@type":"CommentAction","name":"Comment","target":["https:\/\/marekkuchcinski.pl\/cs\/wydarzenia\/spotkanie-komisji-spraw-zagranicznych-z-prezydentem-poroszenka-polska-wspiera-ukraine-na-drodze-do-ue-i-nato\/#respond"]}]},{"@type":"WebPage","@id":"https:\/\/marekkuchcinski.pl\/cs\/wydarzenia\/spotkanie-komisji-spraw-zagranicznych-z-prezydentem-poroszenka-polska-wspiera-ukraine-na-drodze-do-ue-i-nato\/","url":"https:\/\/marekkuchcinski.pl\/cs\/wydarzenia\/spotkanie-komisji-spraw-zagranicznych-z-prezydentem-poroszenka-polska-wspiera-ukraine-na-drodze-do-ue-i-nato\/","name":"Spotkanie Komisji Spraw Zagranicznych z prezydentem Poroszenk\u0105: Polska wspiera Ukrain\u0119 na drodze do UE i NATO &#8211; Marek Kuchci\u0144ski","isPartOf":{"@id":"https:\/\/marekkuchcinski.pl\/#website"},"primaryImageOfPage":{"@id":"https:\/\/marekkuchcinski.pl\/cs\/wydarzenia\/spotkanie-komisji-spraw-zagranicznych-z-prezydentem-poroszenka-polska-wspiera-ukraine-na-drodze-do-ue-i-nato\/#primaryimage"},"image":{"@id":"https:\/\/marekkuchcinski.pl\/cs\/wydarzenia\/spotkanie-komisji-spraw-zagranicznych-z-prezydentem-poroszenka-polska-wspiera-ukraine-na-drodze-do-ue-i-nato\/#primaryimage"},"thumbnailUrl":"https:\/\/marekkuchcinski.pl\/wp-content\/uploads\/2021\/12\/269748445_329133282365902_2152157359151992009_n.jpg","datePublished":"2021-12-22T21:26:00+00:00","dateModified":"2021-12-23T18:48:48+00:00","breadcrumb":{"@id":"https:\/\/marekkuchcinski.pl\/cs\/wydarzenia\/spotkanie-komisji-spraw-zagranicznych-z-prezydentem-poroszenka-polska-wspiera-ukraine-na-drodze-do-ue-i-nato\/#breadcrumb"},"inLanguage":"cs","potentialAction":[{"@type":"ReadAction","target":["https:\/\/marekkuchcinski.pl\/cs\/wydarzenia\/spotkanie-komisji-spraw-zagranicznych-z-prezydentem-poroszenka-polska-wspiera-ukraine-na-drodze-do-ue-i-nato\/"]}]},{"@type":"ImageObject","inLanguage":"cs","@id":"https:\/\/marekkuchcinski.pl\/cs\/wydarzenia\/spotkanie-komisji-spraw-zagranicznych-z-prezydentem-poroszenka-polska-wspiera-ukraine-na-drodze-do-ue-i-nato\/#primaryimage","url":"https:\/\/marekkuchcinski.pl\/wp-content\/uploads\/2021\/12\/269748445_329133282365902_2152157359151992009_n.jpg","contentUrl":"https:\/\/marekkuchcinski.pl\/wp-content\/uploads\/2021\/12\/269748445_329133282365902_2152157359151992009_n.jpg","width":960,"height":643},{"@type":"BreadcrumbList","@id":"https:\/\/marekkuchcinski.pl\/cs\/wydarzenia\/spotkanie-komisji-spraw-zagranicznych-z-prezydentem-poroszenka-polska-wspiera-ukraine-na-drodze-do-ue-i-nato\/#breadcrumb","itemListElement":[{"@type":"ListItem","position":1,"name":"Strona g\u0142\u00f3wna","item":"https:\/\/marekkuchcinski.pl\/"},{"@type":"ListItem","position":2,"name":"Spotkanie Komisji Spraw Zagranicznych z prezydentem Poroszenk\u0105: Polska wspiera Ukrain\u0119 na drodze do UE i NATO"}]},{"@type":"WebSite","@id":"https:\/\/marekkuchcinski.pl\/#website","url":"https:\/\/marekkuchcinski.pl\/","name":"Marek Kuchci\u0144ski","description":"Pose\u0142 na sejm RP &ndash; okr\u0119g nr 22","publisher":{"@id":"https:\/\/marekkuchcinski.pl\/#organization"},"potentialAction":[{"@type":"SearchAction","target":{"@type":"EntryPoint","urlTemplate":"https:\/\/marekkuchcinski.pl\/?s={search_term_string}"},"query-input":{"@type":"PropertyValueSpecification","valueRequired":true,"valueName":"search_term_string"}}],"inLanguage":"cs"},{"@type":"Organization","@id":"https:\/\/marekkuchcinski.pl\/#organization","name":"Marek Kuchci\u0144ski","url":"https:\/\/marekkuchcinski.pl\/","logo":{"@type":"ImageObject","inLanguage":"cs","@id":"https:\/\/marekkuchcinski.pl\/#\/schema\/logo\/image\/","url":"https:\/\/marekkuchcinski.pl\/wp-content\/uploads\/2022\/09\/Marek.jpg","contentUrl":"https:\/\/marekkuchcinski.pl\/wp-content\/uploads\/2022\/09\/Marek.jpg","width":1600,"height":971,"caption":"Marek Kuchci\u0144ski"},"image":{"@id":"https:\/\/marekkuchcinski.pl\/#\/schema\/logo\/image\/"}},{"@type":"Person","@id":"https:\/\/marekkuchcinski.pl\/#\/schema\/person\/51d5d4ee3b5317b8e4dd2b48af359229","name":"Marta Olejnik","image":{"@type":"ImageObject","inLanguage":"cs","@id":"https:\/\/marekkuchcinski.pl\/#\/schema\/person\/image\/","url":"https:\/\/secure.gravatar.com\/avatar\/e39914b2aa6a48959e24d475b5dc9793?s=96&d=mm&r=g","contentUrl":"https:\/\/secure.gravatar.com\/avatar\/e39914b2aa6a48959e24d475b5dc9793?s=96&d=mm&r=g","caption":"Marta Olejnik"},"url":"https:\/\/marekkuchcinski.pl\/cs\/author\/marta\/"}]}},"_links":{"self":[{"href":"https:\/\/marekkuchcinski.pl\/cs\/wp-json\/wp\/v2\/posts\/24129","targetHints":{"allow":["GET"]}}],"collection":[{"href":"https:\/\/marekkuchcinski.pl\/cs\/wp-json\/wp\/v2\/posts"}],"about":[{"href":"https:\/\/marekkuchcinski.pl\/cs\/wp-json\/wp\/v2\/types\/post"}],"author":[{"embeddable":true,"href":"https:\/\/marekkuchcinski.pl\/cs\/wp-json\/wp\/v2\/users\/21"}],"replies":[{"embeddable":true,"href":"https:\/\/marekkuchcinski.pl\/cs\/wp-json\/wp\/v2\/comments?post=24129"}],"version-history":[{"count":3,"href":"https:\/\/marekkuchcinski.pl\/cs\/wp-json\/wp\/v2\/posts\/24129\/revisions"}],"predecessor-version":[{"id":24135,"href":"https:\/\/marekkuchcinski.pl\/cs\/wp-json\/wp\/v2\/posts\/24129\/revisions\/24135"}],"wp:featuredmedia":[{"embeddable":true,"href":"https:\/\/marekkuchcinski.pl\/cs\/wp-json\/wp\/v2\/media\/24130"}],"wp:attachment":[{"href":"https:\/\/marekkuchcinski.pl\/cs\/wp-json\/wp\/v2\/media?parent=24129"}],"wp:term":[{"taxonomy":"category","embeddable":true,"href":"https:\/\/marekkuchcinski.pl\/cs\/wp-json\/wp\/v2\/categories?post=24129"},{"taxonomy":"post_tag","embeddable":true,"href":"https:\/\/marekkuchcinski.pl\/cs\/wp-json\/wp\/v2\/tags?post=24129"}],"curies":[{"name":"wp","href":"https:\/\/api.w.org\/{rel}","templated":true}]}}