{"id":23757,"date":"2021-11-10T16:29:43","date_gmt":"2021-11-10T15:29:43","guid":{"rendered":"https:\/\/marekkuchcinski.pl\/?p=23757"},"modified":"2021-11-11T12:22:33","modified_gmt":"2021-11-11T11:22:33","slug":"uroczysta-zbiorka-z-okazji-promocji-oficerskiej-funkcjonariuszy-strazy-marszalkowskiej","status":"publish","type":"post","link":"https:\/\/marekkuchcinski.pl\/cs\/wydarzenia\/uroczysta-zbiorka-z-okazji-promocji-oficerskiej-funkcjonariuszy-strazy-marszalkowskiej\/","title":{"rendered":"Slavnostn\u00ed shrom\u00e1\u017ed\u011bn\u00ed u p\u0159\u00edle\u017eitosti pov\u00fd\u0161en\u00ed d\u016fstojn\u00edk\u016f Mar\u0161\u00e1lsk\u00e9 gardy"},"content":{"rendered":"<p>Ve st\u0159edu (10.11.2021) se ve Sloupov\u00e9 s\u00edni konalo slavnostn\u00ed shrom\u00e1\u017ed\u011bn\u00ed u p\u0159\u00edle\u017eitosti pov\u00fd\u0161en\u00ed d\u016fstojn\u00edk\u016f Mar\u0161\u00e1lsk\u00e9 gardy. B\u011bhem ceremoni\u00e1lu p\u0159edal p\u0159edseda Sejmu d\u016fstojn\u00edk\u016fm akty o pov\u00fd\u0161en\u00ed do prvn\u00ed d\u016fstojnick\u00e9 hodnosti, zat\u00edmco vedouc\u00ed Kancel\u00e1\u0159e Sejmu jim p\u0159edal akty o jmenov\u00e1n\u00ed do dal\u0161\u00ed hodnosti ve sboru voj\u00edn\u016f.<\/p>\n\n\n\n<p>Mar\u0161\u00e1lsk\u00e1 garda funguje jako uniformovan\u00e1 slu\u017eba. Je organiza\u010dn\u00ed jednotkou Kancel\u00e1\u0159e Sejmu a podl\u00e9h\u00e1 mar\u0161\u00e1lkovi Sejmu. Mezi jej\u00ed \u00fakoly pat\u0159\u00ed prov\u00e1d\u011bn\u00ed pyrotechnick\u00e9ho a radiologick\u00e9ho pr\u016fzkumu osob, vozidel, pozemk\u016f a objekt\u016f Sejmu a Sen\u00e1tu.<\/p>\n\n\n\n<p><strong>Z\u00e1kon o<\/strong> <strong>26. ledna 2018 v Mar\u0161\u00e1lsk\u00e9 gard\u011b<\/strong> policist\u00e9 byli zmocn\u011bni k prov\u00e1d\u011bn\u00ed pyrotechnick\u00e9ho a radiologick\u00e9ho pr\u016fzkumu osob, vozidel, pozemk\u016f a objekt\u016f Sejmu a Sen\u00e1tu, jako\u017e i k prov\u00e1d\u011bn\u00ed akc\u00ed zam\u011b\u0159en\u00fdch na neutralizaci hrozeb a odhalov\u00e1n\u00ed odposlouch\u00e1vac\u00edch za\u0159\u00edzen\u00ed. Krom\u011b toho se na n\u011b vztahovaly n\u00e1roky na d\u016fchod uniformovan\u00fdch slo\u017eek definovan\u00e9 v ustanoven\u00edch z\u00e1kona ze dne 18. \u00fanora 1994 o d\u016fchodov\u00e9m zabezpe\u010den\u00ed p\u0159\u00edslu\u0161n\u00edk\u016f policie, \u00da\u0159adu vnit\u0159n\u00ed bezpe\u010dnosti, \u00da\u0159adu zahrani\u010dn\u00ed rozv\u011bdky, Vojensk\u00e9 kontrarozv\u011bdky, Vojensk\u00e9 zpravodajsk\u00e9 slu\u017eby, \u00dast\u0159edn\u00edho protikorup\u010dn\u00edho \u00fa\u0159adu, Pohrani\u010dn\u00ed str\u00e1\u017ee, St\u00e1tn\u00ed ochrann\u00e9 slu\u017eby, St\u00e1tn\u00ed po\u017e\u00e1rn\u00ed slu\u017eby a V\u011bze\u0148sk\u00e9 slu\u017eby a jejich rodin.<\/p>\n\n\n\n<div class=\"wp-block-image\"><figure class=\"aligncenter size-large\"><a href=\"https:\/\/marekkuchcinski.pl\/wp-content\/uploads\/2021\/11\/ANN_3539-scaled.jpg\"><img fetchpriority=\"high\" decoding=\"async\" width=\"1024\" height=\"683\" src=\"https:\/\/marekkuchcinski.pl\/wp-content\/uploads\/2021\/11\/ANN_3539-1024x683.jpg\" alt=\"\" class=\"wp-image-23758\" srcset=\"https:\/\/marekkuchcinski.pl\/wp-content\/uploads\/2021\/11\/ANN_3539-1024x683.jpg 1024w, https:\/\/marekkuchcinski.pl\/wp-content\/uploads\/2021\/11\/ANN_3539-300x200.jpg 300w, https:\/\/marekkuchcinski.pl\/wp-content\/uploads\/2021\/11\/ANN_3539-768x512.jpg 768w, https:\/\/marekkuchcinski.pl\/wp-content\/uploads\/2021\/11\/ANN_3539-1536x1024.jpg 1536w, https:\/\/marekkuchcinski.pl\/wp-content\/uploads\/2021\/11\/ANN_3539-scaled.jpg 2048w, https:\/\/marekkuchcinski.pl\/wp-content\/uploads\/2021\/11\/ANN_3539-18x12.jpg 18w\" sizes=\"(max-width: 1024px) 100vw, 1024px\" \/><\/a><\/figure><\/div>\n\n\n\n<div class=\"wp-block-image\"><figure class=\"aligncenter size-large\"><a href=\"https:\/\/marekkuchcinski.pl\/wp-content\/uploads\/2021\/11\/ANN_3724-scaled.jpg\"><img decoding=\"async\" width=\"1024\" height=\"683\" src=\"https:\/\/marekkuchcinski.pl\/wp-content\/uploads\/2021\/11\/ANN_3724-1024x683.jpg\" alt=\"\" class=\"wp-image-23759\" srcset=\"https:\/\/marekkuchcinski.pl\/wp-content\/uploads\/2021\/11\/ANN_3724-1024x683.jpg 1024w, https:\/\/marekkuchcinski.pl\/wp-content\/uploads\/2021\/11\/ANN_3724-300x200.jpg 300w, https:\/\/marekkuchcinski.pl\/wp-content\/uploads\/2021\/11\/ANN_3724-768x512.jpg 768w, https:\/\/marekkuchcinski.pl\/wp-content\/uploads\/2021\/11\/ANN_3724-1536x1024.jpg 1536w, https:\/\/marekkuchcinski.pl\/wp-content\/uploads\/2021\/11\/ANN_3724-scaled.jpg 2048w, https:\/\/marekkuchcinski.pl\/wp-content\/uploads\/2021\/11\/ANN_3724-18x12.jpg 18w\" sizes=\"(max-width: 1024px) 100vw, 1024px\" \/><\/a><\/figure><\/div>\n\n\n\n<div class=\"wp-block-image\"><figure class=\"aligncenter size-large\"><a href=\"https:\/\/marekkuchcinski.pl\/wp-content\/uploads\/2021\/11\/ANN_3486-scaled.jpg\"><img decoding=\"async\" width=\"1024\" height=\"683\" src=\"https:\/\/marekkuchcinski.pl\/wp-content\/uploads\/2021\/11\/ANN_3486-1024x683.jpg\" alt=\"\" class=\"wp-image-23760\" srcset=\"https:\/\/marekkuchcinski.pl\/wp-content\/uploads\/2021\/11\/ANN_3486-1024x683.jpg 1024w, https:\/\/marekkuchcinski.pl\/wp-content\/uploads\/2021\/11\/ANN_3486-300x200.jpg 300w, https:\/\/marekkuchcinski.pl\/wp-content\/uploads\/2021\/11\/ANN_3486-768x512.jpg 768w, https:\/\/marekkuchcinski.pl\/wp-content\/uploads\/2021\/11\/ANN_3486-1536x1024.jpg 1536w, https:\/\/marekkuchcinski.pl\/wp-content\/uploads\/2021\/11\/ANN_3486-scaled.jpg 2048w, https:\/\/marekkuchcinski.pl\/wp-content\/uploads\/2021\/11\/ANN_3486-18x12.jpg 18w\" sizes=\"(max-width: 1024px) 100vw, 1024px\" \/><\/a><\/figure><\/div>\n\n\n\n<div class=\"wp-block-image\"><figure class=\"aligncenter size-large\"><a href=\"https:\/\/marekkuchcinski.pl\/wp-content\/uploads\/2021\/11\/DSC_2791-scaled.jpg\"><img loading=\"lazy\" decoding=\"async\" width=\"1024\" height=\"682\" src=\"https:\/\/marekkuchcinski.pl\/wp-content\/uploads\/2021\/11\/DSC_2791-1024x682.jpg\" alt=\"\" class=\"wp-image-23761\" srcset=\"https:\/\/marekkuchcinski.pl\/wp-content\/uploads\/2021\/11\/DSC_2791-1024x682.jpg 1024w, https:\/\/marekkuchcinski.pl\/wp-content\/uploads\/2021\/11\/DSC_2791-300x200.jpg 300w, https:\/\/marekkuchcinski.pl\/wp-content\/uploads\/2021\/11\/DSC_2791-768x511.jpg 768w, https:\/\/marekkuchcinski.pl\/wp-content\/uploads\/2021\/11\/DSC_2791-1536x1023.jpg 1536w, https:\/\/marekkuchcinski.pl\/wp-content\/uploads\/2021\/11\/DSC_2791-scaled.jpg 2048w, https:\/\/marekkuchcinski.pl\/wp-content\/uploads\/2021\/11\/DSC_2791-18x12.jpg 18w\" sizes=\"(max-width: 1024px) 100vw, 1024px\" \/><\/a><\/figure><\/div>\n\n\n\n<div class=\"wp-block-image\"><figure class=\"aligncenter size-large\"><a href=\"https:\/\/marekkuchcinski.pl\/wp-content\/uploads\/2021\/11\/DSC_2919-scaled.jpg\"><img loading=\"lazy\" decoding=\"async\" width=\"1024\" height=\"682\" src=\"https:\/\/marekkuchcinski.pl\/wp-content\/uploads\/2021\/11\/DSC_2919-1024x682.jpg\" alt=\"\" class=\"wp-image-23762\" srcset=\"https:\/\/marekkuchcinski.pl\/wp-content\/uploads\/2021\/11\/DSC_2919-1024x682.jpg 1024w, https:\/\/marekkuchcinski.pl\/wp-content\/uploads\/2021\/11\/DSC_2919-300x200.jpg 300w, https:\/\/marekkuchcinski.pl\/wp-content\/uploads\/2021\/11\/DSC_2919-768x511.jpg 768w, https:\/\/marekkuchcinski.pl\/wp-content\/uploads\/2021\/11\/DSC_2919-1536x1023.jpg 1536w, https:\/\/marekkuchcinski.pl\/wp-content\/uploads\/2021\/11\/DSC_2919-scaled.jpg 2048w, https:\/\/marekkuchcinski.pl\/wp-content\/uploads\/2021\/11\/DSC_2919-18x12.jpg 18w\" sizes=\"(max-width: 1024px) 100vw, 1024px\" \/><\/a><\/figure><\/div>\n\n\n\n<p><\/p>\n\n\n\n<p>Foto: Anna Strzy\u017cak\/Kancel\u00e1\u0159 Sejmu<\/p>","protected":false},"excerpt":{"rendered":"<p>W \u015brod\u0119 (10.11.2021 r.) w Sali Kolumnowej odby\u0142a si\u0119 uroczysta zbi\u00f3rka z okazji promocji oficerskiej funkcjonariuszy Stra\u017cy Marsza\u0142kowskiej. Podczas uroczysto\u015bci Marsza\u0142ek Sejmu wr\u0119czy\u0142a funkcjonariuszom akty promocji na pierwszy stopie\u0144 oficerski, a Szef Kancelarii Sejmu \u2013 akty mianowania na kolejny stopie\u0144 w korpusie szeregowych. Stra\u017c Marsza\u0142kowska funkcjonuje jako s\u0142u\u017cba mundurowa. Jest kom\u00f3rk\u0105 organizacyjn\u0105 Kancelarii Sejmu i [&hellip;]<\/p>","protected":false},"author":17,"featured_media":23765,"comment_status":"open","ping_status":"open","sticky":false,"template":"","format":"standard","meta":{"ngg_post_thumbnail":0,"footnotes":""},"categories":[3],"tags":[],"class_list":["post-23757","post","type-post","status-publish","format-standard","has-post-thumbnail","hentry","category-wydarzenia"],"yoast_head":"<!-- This site is optimized with the Yoast SEO plugin v24.7 - https:\/\/yoast.com\/wordpress\/plugins\/seo\/ -->\n<title>Uroczysta zbi\u00f3rka z okazji promocji oficerskiej funkcjonariuszy Stra\u017cy Marsza\u0142kowskiej &#8211; Marek Kuchci\u0144ski<\/title>\n<meta name=\"robots\" content=\"index, follow, max-snippet:-1, max-image-preview:large, max-video-preview:-1\" \/>\n<link rel=\"canonical\" href=\"https:\/\/marekkuchcinski.pl\/cs\/wydarzenia\/uroczysta-zbiorka-z-okazji-promocji-oficerskiej-funkcjonariuszy-strazy-marszalkowskiej\/\" \/>\n<meta property=\"og:locale\" content=\"cs_CZ\" \/>\n<meta property=\"og:type\" content=\"article\" \/>\n<meta property=\"og:title\" content=\"Uroczysta zbi\u00f3rka z okazji promocji oficerskiej funkcjonariuszy Stra\u017cy Marsza\u0142kowskiej &#8211; Marek Kuchci\u0144ski\" \/>\n<meta property=\"og:description\" content=\"W \u015brod\u0119 (10.11.2021 r.) w Sali Kolumnowej odby\u0142a si\u0119 uroczysta zbi\u00f3rka z okazji promocji oficerskiej funkcjonariuszy Stra\u017cy Marsza\u0142kowskiej. Podczas uroczysto\u015bci Marsza\u0142ek Sejmu wr\u0119czy\u0142a funkcjonariuszom akty promocji na pierwszy stopie\u0144 oficerski, a Szef Kancelarii Sejmu \u2013 akty mianowania na kolejny stopie\u0144 w korpusie szeregowych. Stra\u017c Marsza\u0142kowska funkcjonuje jako s\u0142u\u017cba mundurowa. Jest kom\u00f3rk\u0105 organizacyjn\u0105 Kancelarii Sejmu i [&hellip;]\" \/>\n<meta property=\"og:url\" content=\"https:\/\/marekkuchcinski.pl\/cs\/wydarzenia\/uroczysta-zbiorka-z-okazji-promocji-oficerskiej-funkcjonariuszy-strazy-marszalkowskiej\/\" \/>\n<meta property=\"og:site_name\" content=\"Marek Kuchci\u0144ski\" \/>\n<meta property=\"article:published_time\" content=\"2021-11-10T15:29:43+00:00\" \/>\n<meta property=\"article:modified_time\" content=\"2021-11-11T11:22:33+00:00\" \/>\n<meta property=\"og:image\" content=\"https:\/\/marekkuchcinski.pl\/wp-content\/uploads\/2021\/11\/straz.jpg\" \/>\n\t<meta property=\"og:image:width\" content=\"1618\" \/>\n\t<meta property=\"og:image:height\" content=\"1136\" \/>\n\t<meta property=\"og:image:type\" content=\"image\/jpeg\" \/>\n<meta name=\"author\" content=\"Tomasz \u0141acina\" \/>\n<meta name=\"twitter:card\" content=\"summary_large_image\" \/>\n<meta name=\"twitter:label1\" content=\"Napsal(a)\" \/>\n\t<meta name=\"twitter:data1\" content=\"Tomasz \u0141acina\" \/>\n\t<meta name=\"twitter:label2\" content=\"Odhadovan\u00e1 doba \u010dten\u00ed\" \/>\n\t<meta name=\"twitter:data2\" content=\"2 minuty\" \/>\n<script type=\"application\/ld+json\" class=\"yoast-schema-graph\">{\"@context\":\"https:\/\/schema.org\",\"@graph\":[{\"@type\":\"Article\",\"@id\":\"https:\/\/marekkuchcinski.pl\/hu\/wydarzenia\/uroczysta-zbiorka-z-okazji-promocji-oficerskiej-funkcjonariuszy-strazy-marszalkowskiej\/#article\",\"isPartOf\":{\"@id\":\"https:\/\/marekkuchcinski.pl\/hu\/wydarzenia\/uroczysta-zbiorka-z-okazji-promocji-oficerskiej-funkcjonariuszy-strazy-marszalkowskiej\/\"},\"author\":{\"name\":\"Tomasz \u0141acina\",\"@id\":\"https:\/\/marekkuchcinski.pl\/#\/schema\/person\/b8a29fe7813098f7be78801d029910a7\"},\"headline\":\"Uroczysta zbi\u00f3rka z okazji promocji oficerskiej funkcjonariuszy Stra\u017cy Marsza\u0142kowskiej\",\"datePublished\":\"2021-11-10T15:29:43+00:00\",\"dateModified\":\"2021-11-11T11:22:33+00:00\",\"mainEntityOfPage\":{\"@id\":\"https:\/\/marekkuchcinski.pl\/hu\/wydarzenia\/uroczysta-zbiorka-z-okazji-promocji-oficerskiej-funkcjonariuszy-strazy-marszalkowskiej\/\"},\"wordCount\":236,\"commentCount\":0,\"publisher\":{\"@id\":\"https:\/\/marekkuchcinski.pl\/#organization\"},\"image\":{\"@id\":\"https:\/\/marekkuchcinski.pl\/hu\/wydarzenia\/uroczysta-zbiorka-z-okazji-promocji-oficerskiej-funkcjonariuszy-strazy-marszalkowskiej\/#primaryimage\"},\"thumbnailUrl\":\"https:\/\/marekkuchcinski.pl\/wp-content\/uploads\/2021\/11\/straz.jpg\",\"articleSection\":[\"Wydarzenia\"],\"inLanguage\":\"cs\",\"potentialAction\":[{\"@type\":\"CommentAction\",\"name\":\"Comment\",\"target\":[\"https:\/\/marekkuchcinski.pl\/hu\/wydarzenia\/uroczysta-zbiorka-z-okazji-promocji-oficerskiej-funkcjonariuszy-strazy-marszalkowskiej\/#respond\"]}]},{\"@type\":\"WebPage\",\"@id\":\"https:\/\/marekkuchcinski.pl\/hu\/wydarzenia\/uroczysta-zbiorka-z-okazji-promocji-oficerskiej-funkcjonariuszy-strazy-marszalkowskiej\/\",\"url\":\"https:\/\/marekkuchcinski.pl\/hu\/wydarzenia\/uroczysta-zbiorka-z-okazji-promocji-oficerskiej-funkcjonariuszy-strazy-marszalkowskiej\/\",\"name\":\"Uroczysta zbi\u00f3rka z okazji promocji oficerskiej funkcjonariuszy Stra\u017cy Marsza\u0142kowskiej &#8211; Marek Kuchci\u0144ski\",\"isPartOf\":{\"@id\":\"https:\/\/marekkuchcinski.pl\/#website\"},\"primaryImageOfPage\":{\"@id\":\"https:\/\/marekkuchcinski.pl\/hu\/wydarzenia\/uroczysta-zbiorka-z-okazji-promocji-oficerskiej-funkcjonariuszy-strazy-marszalkowskiej\/#primaryimage\"},\"image\":{\"@id\":\"https:\/\/marekkuchcinski.pl\/hu\/wydarzenia\/uroczysta-zbiorka-z-okazji-promocji-oficerskiej-funkcjonariuszy-strazy-marszalkowskiej\/#primaryimage\"},\"thumbnailUrl\":\"https:\/\/marekkuchcinski.pl\/wp-content\/uploads\/2021\/11\/straz.jpg\",\"datePublished\":\"2021-11-10T15:29:43+00:00\",\"dateModified\":\"2021-11-11T11:22:33+00:00\",\"breadcrumb\":{\"@id\":\"https:\/\/marekkuchcinski.pl\/hu\/wydarzenia\/uroczysta-zbiorka-z-okazji-promocji-oficerskiej-funkcjonariuszy-strazy-marszalkowskiej\/#breadcrumb\"},\"inLanguage\":\"cs\",\"potentialAction\":[{\"@type\":\"ReadAction\",\"target\":[\"https:\/\/marekkuchcinski.pl\/hu\/wydarzenia\/uroczysta-zbiorka-z-okazji-promocji-oficerskiej-funkcjonariuszy-strazy-marszalkowskiej\/\"]}]},{\"@type\":\"ImageObject\",\"inLanguage\":\"cs\",\"@id\":\"https:\/\/marekkuchcinski.pl\/hu\/wydarzenia\/uroczysta-zbiorka-z-okazji-promocji-oficerskiej-funkcjonariuszy-strazy-marszalkowskiej\/#primaryimage\",\"url\":\"https:\/\/marekkuchcinski.pl\/wp-content\/uploads\/2021\/11\/straz.jpg\",\"contentUrl\":\"https:\/\/marekkuchcinski.pl\/wp-content\/uploads\/2021\/11\/straz.jpg\",\"width\":1618,\"height\":1136},{\"@type\":\"BreadcrumbList\",\"@id\":\"https:\/\/marekkuchcinski.pl\/hu\/wydarzenia\/uroczysta-zbiorka-z-okazji-promocji-oficerskiej-funkcjonariuszy-strazy-marszalkowskiej\/#breadcrumb\",\"itemListElement\":[{\"@type\":\"ListItem\",\"position\":1,\"name\":\"Strona g\u0142\u00f3wna\",\"item\":\"https:\/\/marekkuchcinski.pl\/\"},{\"@type\":\"ListItem\",\"position\":2,\"name\":\"Uroczysta zbi\u00f3rka z okazji promocji oficerskiej funkcjonariuszy Stra\u017cy Marsza\u0142kowskiej\"}]},{\"@type\":\"WebSite\",\"@id\":\"https:\/\/marekkuchcinski.pl\/#website\",\"url\":\"https:\/\/marekkuchcinski.pl\/\",\"name\":\"Marek Kuchci\u0144ski\",\"description\":\"Pose\u0142 na sejm RP &ndash; okr\u0119g nr 22\",\"publisher\":{\"@id\":\"https:\/\/marekkuchcinski.pl\/#organization\"},\"potentialAction\":[{\"@type\":\"SearchAction\",\"target\":{\"@type\":\"EntryPoint\",\"urlTemplate\":\"https:\/\/marekkuchcinski.pl\/?s={search_term_string}\"},\"query-input\":{\"@type\":\"PropertyValueSpecification\",\"valueRequired\":true,\"valueName\":\"search_term_string\"}}],\"inLanguage\":\"cs\"},{\"@type\":\"Organization\",\"@id\":\"https:\/\/marekkuchcinski.pl\/#organization\",\"name\":\"Marek Kuchci\u0144ski\",\"url\":\"https:\/\/marekkuchcinski.pl\/\",\"logo\":{\"@type\":\"ImageObject\",\"inLanguage\":\"cs\",\"@id\":\"https:\/\/marekkuchcinski.pl\/#\/schema\/logo\/image\/\",\"url\":\"https:\/\/marekkuchcinski.pl\/wp-content\/uploads\/2022\/09\/Marek.jpg\",\"contentUrl\":\"https:\/\/marekkuchcinski.pl\/wp-content\/uploads\/2022\/09\/Marek.jpg\",\"width\":1600,\"height\":971,\"caption\":\"Marek Kuchci\u0144ski\"},\"image\":{\"@id\":\"https:\/\/marekkuchcinski.pl\/#\/schema\/logo\/image\/\"}},{\"@type\":\"Person\",\"@id\":\"https:\/\/marekkuchcinski.pl\/#\/schema\/person\/b8a29fe7813098f7be78801d029910a7\",\"name\":\"Tomasz \u0141acina\",\"image\":{\"@type\":\"ImageObject\",\"inLanguage\":\"cs\",\"@id\":\"https:\/\/marekkuchcinski.pl\/#\/schema\/person\/image\/\",\"url\":\"https:\/\/secure.gravatar.com\/avatar\/22e75f6c51aff77a676ed77dd222f852?s=96&d=mm&r=g\",\"contentUrl\":\"https:\/\/secure.gravatar.com\/avatar\/22e75f6c51aff77a676ed77dd222f852?s=96&d=mm&r=g\",\"caption\":\"Tomasz \u0141acina\"},\"url\":\"https:\/\/marekkuchcinski.pl\/cs\/author\/tomek-lacina\/\"}]}<\/script>\n<!-- \/ Yoast SEO plugin. -->","yoast_head_json":{"title":"Uroczysta zbi\u00f3rka z okazji promocji oficerskiej funkcjonariuszy Stra\u017cy Marsza\u0142kowskiej &#8211; Marek Kuchci\u0144ski","robots":{"index":"index","follow":"follow","max-snippet":"max-snippet:-1","max-image-preview":"max-image-preview:large","max-video-preview":"max-video-preview:-1"},"canonical":"https:\/\/marekkuchcinski.pl\/cs\/wydarzenia\/uroczysta-zbiorka-z-okazji-promocji-oficerskiej-funkcjonariuszy-strazy-marszalkowskiej\/","og_locale":"cs_CZ","og_type":"article","og_title":"Uroczysta zbi\u00f3rka z okazji promocji oficerskiej funkcjonariuszy Stra\u017cy Marsza\u0142kowskiej &#8211; Marek Kuchci\u0144ski","og_description":"W \u015brod\u0119 (10.11.2021 r.) w Sali Kolumnowej odby\u0142a si\u0119 uroczysta zbi\u00f3rka z okazji promocji oficerskiej funkcjonariuszy Stra\u017cy Marsza\u0142kowskiej. Podczas uroczysto\u015bci Marsza\u0142ek Sejmu wr\u0119czy\u0142a funkcjonariuszom akty promocji na pierwszy stopie\u0144 oficerski, a Szef Kancelarii Sejmu \u2013 akty mianowania na kolejny stopie\u0144 w korpusie szeregowych. Stra\u017c Marsza\u0142kowska funkcjonuje jako s\u0142u\u017cba mundurowa. Jest kom\u00f3rk\u0105 organizacyjn\u0105 Kancelarii Sejmu i [&hellip;]","og_url":"https:\/\/marekkuchcinski.pl\/cs\/wydarzenia\/uroczysta-zbiorka-z-okazji-promocji-oficerskiej-funkcjonariuszy-strazy-marszalkowskiej\/","og_site_name":"Marek Kuchci\u0144ski","article_published_time":"2021-11-10T15:29:43+00:00","article_modified_time":"2021-11-11T11:22:33+00:00","og_image":[{"width":1618,"height":1136,"url":"https:\/\/marekkuchcinski.pl\/wp-content\/uploads\/2021\/11\/straz.jpg","type":"image\/jpeg"}],"author":"Tomasz \u0141acina","twitter_card":"summary_large_image","twitter_misc":{"Napsal(a)":"Tomasz \u0141acina","Odhadovan\u00e1 doba \u010dten\u00ed":"2 minuty"},"schema":{"@context":"https:\/\/schema.org","@graph":[{"@type":"Article","@id":"https:\/\/marekkuchcinski.pl\/hu\/wydarzenia\/uroczysta-zbiorka-z-okazji-promocji-oficerskiej-funkcjonariuszy-strazy-marszalkowskiej\/#article","isPartOf":{"@id":"https:\/\/marekkuchcinski.pl\/hu\/wydarzenia\/uroczysta-zbiorka-z-okazji-promocji-oficerskiej-funkcjonariuszy-strazy-marszalkowskiej\/"},"author":{"name":"Tomasz \u0141acina","@id":"https:\/\/marekkuchcinski.pl\/#\/schema\/person\/b8a29fe7813098f7be78801d029910a7"},"headline":"Uroczysta zbi\u00f3rka z okazji promocji oficerskiej funkcjonariuszy Stra\u017cy Marsza\u0142kowskiej","datePublished":"2021-11-10T15:29:43+00:00","dateModified":"2021-11-11T11:22:33+00:00","mainEntityOfPage":{"@id":"https:\/\/marekkuchcinski.pl\/hu\/wydarzenia\/uroczysta-zbiorka-z-okazji-promocji-oficerskiej-funkcjonariuszy-strazy-marszalkowskiej\/"},"wordCount":236,"commentCount":0,"publisher":{"@id":"https:\/\/marekkuchcinski.pl\/#organization"},"image":{"@id":"https:\/\/marekkuchcinski.pl\/hu\/wydarzenia\/uroczysta-zbiorka-z-okazji-promocji-oficerskiej-funkcjonariuszy-strazy-marszalkowskiej\/#primaryimage"},"thumbnailUrl":"https:\/\/marekkuchcinski.pl\/wp-content\/uploads\/2021\/11\/straz.jpg","articleSection":["Wydarzenia"],"inLanguage":"cs","potentialAction":[{"@type":"CommentAction","name":"Comment","target":["https:\/\/marekkuchcinski.pl\/hu\/wydarzenia\/uroczysta-zbiorka-z-okazji-promocji-oficerskiej-funkcjonariuszy-strazy-marszalkowskiej\/#respond"]}]},{"@type":"WebPage","@id":"https:\/\/marekkuchcinski.pl\/hu\/wydarzenia\/uroczysta-zbiorka-z-okazji-promocji-oficerskiej-funkcjonariuszy-strazy-marszalkowskiej\/","url":"https:\/\/marekkuchcinski.pl\/hu\/wydarzenia\/uroczysta-zbiorka-z-okazji-promocji-oficerskiej-funkcjonariuszy-strazy-marszalkowskiej\/","name":"Uroczysta zbi\u00f3rka z okazji promocji oficerskiej funkcjonariuszy Stra\u017cy Marsza\u0142kowskiej &#8211; Marek Kuchci\u0144ski","isPartOf":{"@id":"https:\/\/marekkuchcinski.pl\/#website"},"primaryImageOfPage":{"@id":"https:\/\/marekkuchcinski.pl\/hu\/wydarzenia\/uroczysta-zbiorka-z-okazji-promocji-oficerskiej-funkcjonariuszy-strazy-marszalkowskiej\/#primaryimage"},"image":{"@id":"https:\/\/marekkuchcinski.pl\/hu\/wydarzenia\/uroczysta-zbiorka-z-okazji-promocji-oficerskiej-funkcjonariuszy-strazy-marszalkowskiej\/#primaryimage"},"thumbnailUrl":"https:\/\/marekkuchcinski.pl\/wp-content\/uploads\/2021\/11\/straz.jpg","datePublished":"2021-11-10T15:29:43+00:00","dateModified":"2021-11-11T11:22:33+00:00","breadcrumb":{"@id":"https:\/\/marekkuchcinski.pl\/hu\/wydarzenia\/uroczysta-zbiorka-z-okazji-promocji-oficerskiej-funkcjonariuszy-strazy-marszalkowskiej\/#breadcrumb"},"inLanguage":"cs","potentialAction":[{"@type":"ReadAction","target":["https:\/\/marekkuchcinski.pl\/hu\/wydarzenia\/uroczysta-zbiorka-z-okazji-promocji-oficerskiej-funkcjonariuszy-strazy-marszalkowskiej\/"]}]},{"@type":"ImageObject","inLanguage":"cs","@id":"https:\/\/marekkuchcinski.pl\/hu\/wydarzenia\/uroczysta-zbiorka-z-okazji-promocji-oficerskiej-funkcjonariuszy-strazy-marszalkowskiej\/#primaryimage","url":"https:\/\/marekkuchcinski.pl\/wp-content\/uploads\/2021\/11\/straz.jpg","contentUrl":"https:\/\/marekkuchcinski.pl\/wp-content\/uploads\/2021\/11\/straz.jpg","width":1618,"height":1136},{"@type":"BreadcrumbList","@id":"https:\/\/marekkuchcinski.pl\/hu\/wydarzenia\/uroczysta-zbiorka-z-okazji-promocji-oficerskiej-funkcjonariuszy-strazy-marszalkowskiej\/#breadcrumb","itemListElement":[{"@type":"ListItem","position":1,"name":"Strona g\u0142\u00f3wna","item":"https:\/\/marekkuchcinski.pl\/"},{"@type":"ListItem","position":2,"name":"Uroczysta zbi\u00f3rka z okazji promocji oficerskiej funkcjonariuszy Stra\u017cy Marsza\u0142kowskiej"}]},{"@type":"WebSite","@id":"https:\/\/marekkuchcinski.pl\/#website","url":"https:\/\/marekkuchcinski.pl\/","name":"Marek Kuchci\u0144ski","description":"Pose\u0142 na sejm RP &ndash; okr\u0119g nr 22","publisher":{"@id":"https:\/\/marekkuchcinski.pl\/#organization"},"potentialAction":[{"@type":"SearchAction","target":{"@type":"EntryPoint","urlTemplate":"https:\/\/marekkuchcinski.pl\/?s={search_term_string}"},"query-input":{"@type":"PropertyValueSpecification","valueRequired":true,"valueName":"search_term_string"}}],"inLanguage":"cs"},{"@type":"Organization","@id":"https:\/\/marekkuchcinski.pl\/#organization","name":"Marek Kuchci\u0144ski","url":"https:\/\/marekkuchcinski.pl\/","logo":{"@type":"ImageObject","inLanguage":"cs","@id":"https:\/\/marekkuchcinski.pl\/#\/schema\/logo\/image\/","url":"https:\/\/marekkuchcinski.pl\/wp-content\/uploads\/2022\/09\/Marek.jpg","contentUrl":"https:\/\/marekkuchcinski.pl\/wp-content\/uploads\/2022\/09\/Marek.jpg","width":1600,"height":971,"caption":"Marek Kuchci\u0144ski"},"image":{"@id":"https:\/\/marekkuchcinski.pl\/#\/schema\/logo\/image\/"}},{"@type":"Person","@id":"https:\/\/marekkuchcinski.pl\/#\/schema\/person\/b8a29fe7813098f7be78801d029910a7","name":"Tomasz \u0141acina","image":{"@type":"ImageObject","inLanguage":"cs","@id":"https:\/\/marekkuchcinski.pl\/#\/schema\/person\/image\/","url":"https:\/\/secure.gravatar.com\/avatar\/22e75f6c51aff77a676ed77dd222f852?s=96&d=mm&r=g","contentUrl":"https:\/\/secure.gravatar.com\/avatar\/22e75f6c51aff77a676ed77dd222f852?s=96&d=mm&r=g","caption":"Tomasz \u0141acina"},"url":"https:\/\/marekkuchcinski.pl\/cs\/author\/tomek-lacina\/"}]}},"_links":{"self":[{"href":"https:\/\/marekkuchcinski.pl\/cs\/wp-json\/wp\/v2\/posts\/23757","targetHints":{"allow":["GET"]}}],"collection":[{"href":"https:\/\/marekkuchcinski.pl\/cs\/wp-json\/wp\/v2\/posts"}],"about":[{"href":"https:\/\/marekkuchcinski.pl\/cs\/wp-json\/wp\/v2\/types\/post"}],"author":[{"embeddable":true,"href":"https:\/\/marekkuchcinski.pl\/cs\/wp-json\/wp\/v2\/users\/17"}],"replies":[{"embeddable":true,"href":"https:\/\/marekkuchcinski.pl\/cs\/wp-json\/wp\/v2\/comments?post=23757"}],"version-history":[{"count":3,"href":"https:\/\/marekkuchcinski.pl\/cs\/wp-json\/wp\/v2\/posts\/23757\/revisions"}],"predecessor-version":[{"id":23767,"href":"https:\/\/marekkuchcinski.pl\/cs\/wp-json\/wp\/v2\/posts\/23757\/revisions\/23767"}],"wp:featuredmedia":[{"embeddable":true,"href":"https:\/\/marekkuchcinski.pl\/cs\/wp-json\/wp\/v2\/media\/23765"}],"wp:attachment":[{"href":"https:\/\/marekkuchcinski.pl\/cs\/wp-json\/wp\/v2\/media?parent=23757"}],"wp:term":[{"taxonomy":"category","embeddable":true,"href":"https:\/\/marekkuchcinski.pl\/cs\/wp-json\/wp\/v2\/categories?post=23757"},{"taxonomy":"post_tag","embeddable":true,"href":"https:\/\/marekkuchcinski.pl\/cs\/wp-json\/wp\/v2\/tags?post=23757"}],"curies":[{"name":"wp","href":"https:\/\/api.w.org\/{rel}","templated":true}]}}