{"id":23118,"date":"2021-08-13T08:06:55","date_gmt":"2021-08-13T06:06:55","guid":{"rendered":"https:\/\/marekkuchcinski.pl\/?p=23118"},"modified":"2021-09-04T16:32:24","modified_gmt":"2021-09-04T14:32:24","slug":"konferencja-europa-karpat-karpacz-2021","status":"publish","type":"post","link":"https:\/\/marekkuchcinski.pl\/cs\/wydarzenia\/konferencja-europa-karpat-karpacz-2021\/","title":{"rendered":"Konference Karpatsk\u00e1 Evropa, Karpacz 2021"},"content":{"rendered":"<p class=\"wp-block-paragraph\">Ub\u00fdvaj\u00edc\u00ed p\u0159\u00edrodn\u00ed zdroje, civiliza\u010dn\u00ed choroby, epidemiologick\u00e9 a vojensk\u00e9 hrozby n\u00e1s nut\u00ed st\u00e1le v\u00edce si uv\u011bdomovat pot\u0159ebu spolupr\u00e1ce mezi v\u0161emi st\u00e1ty star\u00e9ho kontinentu. Tv\u00e1\u0159\u00ed v tv\u00e1\u0159 v\u00fdzv\u00e1m, kter\u00fdm \u010del\u00ed, je nesm\u00edrn\u011b d\u016fle\u017eit\u00e1 jednota a dialog - na vl\u00e1dn\u00ed, parlamentn\u00ed a expertn\u00ed \u00farovni nebo spole\u010dn\u011b na konferenci, jako je Karpatsk\u00e1 Evropa. Od roku 2007 se tento projekt postupn\u011b vyvinul v d\u016fle\u017eit\u00e9 f\u00f3rum, kde otev\u0159en\u011b diskutujeme o d\u016fle\u017eit\u00fdch oblastech lidsk\u00e9 \u010dinnosti, diplomacie, ekonomick\u00fdch z\u00e1jm\u016f, udr\u017eiteln\u00e9ho rozvoje, tranzitn\u00edch tras, soci\u00e1ln\u00edch pot\u0159eb, lidsk\u00fdch pr\u00e1v, ochrany \u017eivotn\u00edho prost\u0159ed\u00ed, bezpe\u010dnostn\u00edch ot\u00e1zek a schopnosti spolupr\u00e1ce.<\/p>\n\n\n\n<p class=\"wp-block-paragraph\">V\u0161ichni pot\u0159ebujeme siln\u011bj\u0161\u00ed Evropu. Tuto s\u00edlu bychom v\u0161ak m\u011bli \u010derpat ze zdrav\u00fdch vztah\u016f mezi \u010dlensk\u00fdmi st\u00e1ty, z respektu k n\u00e1rodn\u00edm rozd\u00edl\u016fm, kulturn\u00edm odli\u0161nostem a politick\u00e9 sv\u00e9bytnosti. Konkurenceschopnou, bezpe\u010dnou a moudrou Evropskou unii mohou vybudovat nikoli st\u00e1ty, ale siln\u00e9 zem\u011b a n\u00e1rody. S\u00edla spojen\u00fdch st\u00e1t\u016f nem\u016f\u017ee b\u00fdt slabost\u00ed n\u00e1rod\u016f. Proto v Unii otev\u0159en\u011b \u0159\u00edk\u00e1me, \u017ee chceme, aby se s n\u00e1mi zach\u00e1zelo s \u00factou, kter\u00e1 n\u00e1le\u017e\u00ed lidem, kte\u0159\u00ed p\u0159isp\u00edvaj\u00ed k hospod\u00e1\u0159stv\u00ed EU. Chceme, aby byla respektov\u00e1na na\u0161e suverenita, rozmanitost, historie a pr\u00e1vo na prosazov\u00e1n\u00ed n\u00e1rodn\u00edch z\u00e1jm\u016f, co\u017e koneckonc\u016f nen\u00ed v rozporu s my\u0161lenkou spole\u010denstv\u00ed n\u00e1rod\u016f.<\/p>\n\n\n\n<p class=\"wp-block-paragraph\">Evropsk\u00e1 unie by m\u011bla pamatovat na sv\u00e9 k\u0159es\u0165ansk\u00e9 ko\u0159eny. M\u011bla by si uv\u011bdomit, \u017ee jej\u00edm p\u0159edch\u016fdcem byla Lublinsk\u00e1 unie, Rzeczpospolita polsko-litevsk\u00e1, kter\u00e1 p\u0159e\u017eila 300 let! A nem\u011bla by zapom\u00ednat, \u017ee Evropa nen\u00ed jen trh bez du\u0161e.<\/p>\n\n\n\n<p class=\"wp-block-paragraph\">V r\u00e1mci Karpatsk\u00e9 Evropy se rozv\u00edj\u00ed region\u00e1ln\u00ed spolupr\u00e1ce, proto se vz\u00e1jemn\u011b posilujme a podporujme. Zvl\u00e1\u0161t\u011b dnes, tv\u00e1\u0159\u00ed v tv\u00e1\u0159 agresi Putinova re\u017eimu v\u016f\u010di na\u0161im soused\u016fm, tv\u00e1\u0159\u00ed v tv\u00e1\u0159 poru\u0161ov\u00e1n\u00ed lidsk\u00fdch pr\u00e1v v B\u011blorusku, mus\u00edme b\u00fdt jednotn\u00ed.<\/p>\n\n\n\n<p class=\"wp-block-paragraph\">Bezpe\u010dnost v\u0161ak nen\u00ed jen vojenskou nebo kybernetickou z\u00e1le\u017eitost\u00ed. Ni\u010den\u00edm p\u0159\u00edrody, pam\u00e1tek, zdroj\u016f pitn\u00e9 vody, les\u016f, \u017eivo\u010di\u0161n\u00fdch druh\u016f - sni\u017eov\u00e1n\u00edm biologick\u00e9 rozmanitosti - se nestaneme bezpe\u010dn\u00fdmi. St\u00e1le hor\u0161\u00ed kvalita ovzdu\u0161\u00ed a potravin povede ke katastrof\u00e1ln\u00edm n\u00e1sledk\u016fm. Evrop\u0161t\u00ed \u0159e\u010dn\u00edci hledaj\u00ed odpov\u011bdi na ot\u00e1zky, jak tuto glob\u00e1ln\u00ed zk\u00e1zu zastavit.<\/p>\n\n\n\n<p class=\"wp-block-paragraph\">Mus\u00edme uk\u00e1zat cestu.  Bieszczady bez plastu? Zkr\u00e1cen\u00ed potravinov\u00e9ho \u0159et\u011bzce? Ekologick\u00e9 farmy? Jsou to dobr\u00e9, tradi\u010dn\u00ed pokyny!<\/p>\n\n\n\n<p class=\"wp-block-paragraph\">J\u00e1drem Karpatsk\u00e9 strategie je tak\u00e9 u\u017e\u0161\u00ed spolupr\u00e1ce mezi zem\u011bmi regionu, kter\u00e1 vyu\u017e\u00edv\u00e1 jejich potenci\u00e1l. Dokument, kter\u00fd podepsali z\u00e1stupci Polska, Ukrajiny, Ma\u010farska a Slovenska b\u011bhem XXVIII. ekonomick\u00e9ho f\u00f3ra v Krynici, se m\u00e1 prom\u00edtnout do makroregion\u00e1ln\u00ed strategie EU a usnadnit p\u0159\u00edstup k v\u00fdznamn\u00fdm finan\u010dn\u00edm prost\u0159edk\u016fm z rozpo\u010dtu EU, d\u00e1t podn\u011bt ke spolupr\u00e1ci v oblasti investic nebo vytvo\u0159it specializovan\u00e1 \u0159e\u0161en\u00ed pro region. Je t\u0159eba dodat, \u017ee polsk\u00e1 iniciativa m\u00e1 \u0161anci st\u00e1t se p\u00e1tou makroregion\u00e1ln\u00ed strategi\u00ed EU a druhou horskou (po alpsk\u00e9 strategii). V Polsku by Karpatsk\u00e1 strategie zahrnovala Podkarpatsk\u00e9, Malopolsk\u00e9 a Slezsk\u00e9 vojvodstv\u00ed.<\/p>\n\n\n\n<p class=\"wp-block-paragraph\"><strong>R\u00e1d bych v\u00e1s pozval na 30. konferenci Karpatsk\u00e1 Evropa, kter\u00e1 se letos uskute\u010dn\u00ed 7.-9. z\u00e1\u0159\u00ed v r\u00e1mci Hospod\u00e1\u0159sk\u00e9ho f\u00f3ra v Karpaczi. Mezi panelisty jsou politici, v\u011bdci a \u0161pi\u010dkov\u00ed odborn\u00edci.<\/strong><\/p>\n\n\n\n<p class=\"wp-block-paragraph\"><strong>V leto\u0161n\u00edm roce se zvl\u00e1\u0161tn\u00ed pozornost zam\u011b\u0159\u00ed na bezpe\u010dnost - zejm\u00e9na v kontextu rusk\u00fdch aktivit -, parlamentn\u00ed diplomacii, posilov\u00e1n\u00ed vazeb v regionu, ale tak\u00e9 na spolupr\u00e1ci s USA nebo \u010c\u00ednou, Zelenou dohodu, budoucnost Evropy, kulturn\u00ed d\u011bdictv\u00ed, zm\u011bnu klimatu a n\u00e1rodn\u00ed parky jako turistick\u00fd potenci\u00e1l.<\/strong><\/p>\n\n\n\n<p class=\"wp-block-paragraph\">Marek Kuchci\u0144ski<\/p>\n\n\n\n<p class=\"wp-block-paragraph\">P\u0159edseda V\u00fdboru pro zahrani\u010dn\u00ed v\u011bci,<\/p>\n\n\n\n<p class=\"wp-block-paragraph\">Karpatsk\u00e1 parlamentn\u00ed skupina<\/p>\n\n\n\n<figure class=\"wp-block-image size-large\"><a href=\"https:\/\/marekkuchcinski.pl\/wp-content\/uploads\/2021\/08\/REGIETOW-Z-KUNMI.jpg\"><img fetchpriority=\"high\" decoding=\"async\" width=\"912\" height=\"684\" src=\"https:\/\/marekkuchcinski.pl\/wp-content\/uploads\/2021\/08\/REGIETOW-Z-KUNMI.jpg\" alt=\"\" class=\"wp-image-23119\" srcset=\"https:\/\/marekkuchcinski.pl\/wp-content\/uploads\/2021\/08\/REGIETOW-Z-KUNMI.jpg 912w, https:\/\/marekkuchcinski.pl\/wp-content\/uploads\/2021\/08\/REGIETOW-Z-KUNMI-300x225.jpg 300w, https:\/\/marekkuchcinski.pl\/wp-content\/uploads\/2021\/08\/REGIETOW-Z-KUNMI-768x576.jpg 768w, https:\/\/marekkuchcinski.pl\/wp-content\/uploads\/2021\/08\/REGIETOW-Z-KUNMI-16x12.jpg 16w\" sizes=\"(max-width: 912px) 100vw, 912px\" \/><\/a><figcaption>Karpatsk\u00e1 Evropa, \u010derven 2021, Regiet\u00f3w<\/figcaption><\/figure>","protected":false},"excerpt":{"rendered":"<p>Malej\u0105ce zasoby naturalne, choroby cywilizacyjne, zagro\u017cenia epidemiologiczne i militarne sprawiaj\u0105, \u017ce coraz dobitniej dostrzegamy potrzeb\u0119 wsp\u00f3\u0142pracy wszystkich pa\u0144stw Starego Kontynentu. W obliczu stoj\u0105cych przed nim wyzwa\u0144 niezwykle wa\u017cna jest jedno\u015b\u0107 i dialog \u2013 na poziomie rz\u0105dowym, parlamentarnym, eksperckim czy po\u0142\u0105czony w konferencj\u0119 jak Europa Karpat. Projekt&nbsp; ten od 2007 roku stopniowo ewoluowa\u0142 do wa\u017cnego forum, [&hellip;]<\/p>\n","protected":false},"author":21,"featured_media":23181,"comment_status":"open","ping_status":"open","sticky":false,"template":"","format":"standard","meta":{"ngg_post_thumbnail":0,"footnotes":""},"categories":[78,50,3],"tags":[],"class_list":["post-23118","post","type-post","status-publish","format-standard","has-post-thumbnail","hentry","category-europa-karpat","category-wspolpraca-miedzynarodowa","category-wydarzenia"],"_links":{"self":[{"href":"https:\/\/marekkuchcinski.pl\/cs\/wp-json\/wp\/v2\/posts\/23118","targetHints":{"allow":["GET"]}}],"collection":[{"href":"https:\/\/marekkuchcinski.pl\/cs\/wp-json\/wp\/v2\/posts"}],"about":[{"href":"https:\/\/marekkuchcinski.pl\/cs\/wp-json\/wp\/v2\/types\/post"}],"author":[{"embeddable":true,"href":"https:\/\/marekkuchcinski.pl\/cs\/wp-json\/wp\/v2\/users\/21"}],"replies":[{"embeddable":true,"href":"https:\/\/marekkuchcinski.pl\/cs\/wp-json\/wp\/v2\/comments?post=23118"}],"version-history":[{"count":4,"href":"https:\/\/marekkuchcinski.pl\/cs\/wp-json\/wp\/v2\/posts\/23118\/revisions"}],"predecessor-version":[{"id":23123,"href":"https:\/\/marekkuchcinski.pl\/cs\/wp-json\/wp\/v2\/posts\/23118\/revisions\/23123"}],"wp:featuredmedia":[{"embeddable":true,"href":"https:\/\/marekkuchcinski.pl\/cs\/wp-json\/wp\/v2\/media\/23181"}],"wp:attachment":[{"href":"https:\/\/marekkuchcinski.pl\/cs\/wp-json\/wp\/v2\/media?parent=23118"}],"wp:term":[{"taxonomy":"category","embeddable":true,"href":"https:\/\/marekkuchcinski.pl\/cs\/wp-json\/wp\/v2\/categories?post=23118"},{"taxonomy":"post_tag","embeddable":true,"href":"https:\/\/marekkuchcinski.pl\/cs\/wp-json\/wp\/v2\/tags?post=23118"}],"curies":[{"name":"wp","href":"https:\/\/api.w.org\/{rel}","templated":true}]}}