{"id":22920,"date":"2021-07-09T11:06:10","date_gmt":"2021-07-09T09:06:10","guid":{"rendered":"https:\/\/marekkuchcinski.pl\/?p=22920"},"modified":"2021-07-09T12:23:01","modified_gmt":"2021-07-09T10:23:01","slug":"osiagniecia-prawa-i-sprawiedliwosci-w-unii-europejskiej-na-rzecz-polskich-rolnikow","status":"publish","type":"post","link":"https:\/\/marekkuchcinski.pl\/cs\/bez-kategorii\/osiagniecia-prawa-i-sprawiedliwosci-w-unii-europejskiej-na-rzecz-polskich-rolnikow\/","title":{"rendered":"Osi\u0105gni\u0119cia Prawa i Sprawiedliwo\u015bci w Unii Europejskiej na rzecz polskich rolnik\u00f3w"},"content":{"rendered":"<p class=\"wp-block-paragraph\"><strong>1. Zwi\u0119kszenie funduszy UE na polskie rolnictwo, z 30,5 na 34,5 mld euro tj. do kwoty ponad 150 miliard\u00f3w z\u0142otych na lata 2021-2027. Nigdy wcze\u015bniej nie by\u0142o na polskie rolnictwo tak wielkich funduszy.<\/strong><\/p>\n\n\n\n<p class=\"wp-block-paragraph\">Wed\u0142ug projektu bud\u017cetu przygotowanego w 2018 roku przez Komisj\u0119 Europejsk\u0105 Polska mia\u0142a otrzyma\u0107 na rolnictwo 30,5 miliarda euro. Dzia\u0142ania rz\u0105du Prawa i Sprawiedliwo\u015bci, w szczeg\u00f3lno\u015bci premiera Morawieckiego, a tak\u017ce Komisarza UE ds. Rolnictwa Janusza Wojciechowskiego sprawi\u0142y, \u017ce kwota ta wzros\u0142a do 4 mld euro \u2013 z 30,5 do 34,5 miliarda euro, czyli oko\u0142o 150 mld z\u0142otych. Ponad 10 tysi\u0119cy z\u0142otych na ka\u017cdy hektar polskiej ziemi rolnej, ponad 100 tysi\u0119cy z\u0142otych \u015brednio na ka\u017cde gospodarstwo \u2013 to najwi\u0119ksze fundusze jakie kiedykolwiek trafi\u0142y na polsk\u0105 wie\u015b.<\/p>\n\n\n\n<p class=\"wp-block-paragraph\">Reforma Wsp\u00f3lnej Polityki Rolnej przewiduje wi\u0119cej wsparcia dla ma\u0142ych i \u015brednich gospodarstw rodzinnych, wspieranie kr\u00f3tkiego \u0142a\u0144cucha dostaw, sprzeda\u017cy bezpo\u015bredniej, rolnictwa ekologicznego, dodatkowe fundusze dla rolnik\u00f3w dbaj\u0105cych o dobrostan zwierz\u0105t. To znacznie zwi\u0119ksza szanse polskiego rolnictwa, opartego na ma\u0142ych i \u015brednich gospodarstwach, pozwala nie tylko na przetrwanie, ale i na rozw\u00f3j tych gospodarstw.<\/p>\n\n\n\n<p class=\"wp-block-paragraph\"><strong>2. Reforma Wsp\u00f3lnej Polityki rolnej korzystna dla ma\u0142ych i \u015brednich gospodarstw rodzinnych, bardzo dobra dla rolnictwa polskiego.<\/strong><\/p>\n\n\n\n<p class=\"wp-block-paragraph\">Komisarz Wojciechowski przeprowadzi\u0142 reform\u0119 Wsp\u00f3lnej Polityki Rolnej UE na lata 2021-2027 i w czerwcu 2021 roku osi\u0105gn\u0105\u0142 polityczne porozumienie dla tej reformy mi\u0119dzy Parlamentem Europejskim i Rad\u0105.<\/p>\n\n\n\n<p class=\"wp-block-paragraph\">Reforma WPR przewiduje wi\u0119cej wsparcia dla ma\u0142ych i \u015brednich gospodarstw rodzinnych, wspieranie kr\u00f3tkiego \u0142a\u0144cucha dostaw, sprzeda\u017cy bezpo\u015bredniej, rolnictwa ekologicznego, dodatkowe fundusze dla rolnik\u00f3w dbaj\u0105cych o dobrostan zwierz\u0105t. To znacznie zwi\u0119ksza szanse polskiego rolnictwa, opartego na ma\u0142ych i \u015brednich gospodarstwach, pozwala nie tylko na przetrwanie ale i na rozw\u00f3j tych gospodarstw.<\/p>\n\n\n\n<p class=\"wp-block-paragraph\">Reforma jest powszechnie uwa\u017cana za najwa\u017cniejsz\u0105 reform\u0119 od 30 lat.<\/p>\n\n\n\n<p class=\"wp-block-paragraph\"><strong>3. Wizja rozwoju obszar\u00f3w wiejskich do 2040 roku \u2013 wi\u0119cej funduszy unijnych dla wsi.<\/strong><\/p>\n\n\n\n<p class=\"wp-block-paragraph\">Przygotowana i przeprowadzona przez polskiego Komisarza UE ds. Rolnictwa strategia rozwoju obszar\u00f3w wiejskich w UE do 2040 roku, zawiera bardzo dobre dla polskiej wsi kierunki wydatkowania unijnych funduszy, w szczeg\u00f3lno\u015bci na wyr\u00f3wnanie r\u00f3\u017cnic rozwojowych mi\u0119dzy miastem a wsi\u0105, wi\u0119kszym wsparciu dla samorz\u0105d\u00f3w i organizacji wiejskich, rozw\u00f3j transportu publicznego, dost\u0119pno\u015b\u0107 s\u0142u\u017cby zdrowia, edukacji, kultury itp. Ta strategia sprawia, \u017ce obszary wiejskie b\u0119d\u0105 preferowane w polityce unijnej i otrzymaj\u0105 znacznie wi\u0119cej funduszy unijnych ni\u017c dotychczas.<\/p>\n\n\n\n<p class=\"wp-block-paragraph\"><strong>4. Skuteczne i dobre dla polskich rolnik\u00f3w zarz\u0105dzanie kryzysem w pandemii.<\/strong><\/p>\n\n\n\n<p class=\"wp-block-paragraph\">Z inicjatywy Komisarza ds. Rolnictwa UE ustanowi\u0142a \u201ezielone korytarze\u201d dla transport\u00f3w \u017cywno\u015bci, artyku\u0142\u00f3w rolnych i zwierz\u0105t, preferencje dla ruchu granicznego pracownik\u00f3w sezonowych, wyda\u0142a szybk\u0105 zgod\u0119 na krajow\u0105 pomoc publiczn\u0105 dla sektor\u00f3w dotkni\u0119tych kryzysem, wprowadzi\u0142a skuteczn\u0105 interwencj\u0119 na rynku wo\u0142owiny i mleka, wprowadzi\u0142a u\u0142atwienia dla rolnik\u00f3w w sk\u0142adaniu wniosk\u00f3w o p\u0142atno\u015bci, uproszczenie kontroli, przeznaczenie niewykorzystanych funduszy WPR na pomoc rolnikom dotkni\u0119tym pandemi\u0105 \u2013 to wszystko bardzo pomog\u0142o rolnikom w Polsce i by\u0142o chwalone w ca\u0142ej Europie. Dzi\u0119ki temu kryzys wywo\u0142any pandemi\u0105 nie spowodowa\u0142 przerw w dostawach \u017cywno\u015bci i nie odbi\u0142 si\u0119 negatywnie na produkcji rolniczej.<\/p>\n\n\n\n<p class=\"wp-block-paragraph\"><strong>5. Korzystny plan rozwoju rolnictwa ekologicznego.<\/strong><\/p>\n\n\n\n<p class=\"wp-block-paragraph\">Przygotowany i wprowadzony w UE plan rozwoju rolnictwa ekologicznego jest bardzo dobry dla rolnictwa polskiego \u2013 dla ma\u0142ych i \u015brednich gospodarstw rodzinnych, kt\u00f3re zyskuj\u0105 nowe mo\u017cliwo\u015bci rynkowe. Wiele mniejszych gospodarstw nie ma szans konkuruj\u0105c w wy\u015bcigu na intensywno\u015b\u0107 produkcji, ale dzi\u0119ki ekologii otwieraj\u0105 si\u0119 przed nimi nowe perspektywy.<\/p>\n\n\n\n<p class=\"wp-block-paragraph\"><\/p>\n\n\n\n<p class=\"wp-block-paragraph\"><\/p>\n\n\n\n<p class=\"wp-block-paragraph\"><\/p>\n\n\n\n<p class=\"wp-block-paragraph\"><\/p>\n\n\n\n<p class=\"wp-block-paragraph\"><\/p>","protected":false},"excerpt":{"rendered":"<p>1. Zwi\u0119kszenie funduszy UE na polskie rolnictwo, z 30,5 na 34,5 mld euro tj. do kwoty ponad 150 miliard\u00f3w z\u0142otych na lata 2021-2027. Nigdy wcze\u015bniej nie by\u0142o na polskie rolnictwo tak wielkich funduszy. Wed\u0142ug projektu bud\u017cetu przygotowanego w 2018 roku przez Komisj\u0119 Europejsk\u0105 Polska mia\u0142a otrzyma\u0107 na rolnictwo 30,5 miliarda euro. Dzia\u0142ania rz\u0105du Prawa i [&hellip;]<\/p>\n","protected":false},"author":2,"featured_media":22922,"comment_status":"open","ping_status":"open","sticky":false,"template":"","format":"standard","meta":{"ngg_post_thumbnail":0,"footnotes":""},"categories":[1,3],"tags":[],"class_list":["post-22920","post","type-post","status-publish","format-standard","has-post-thumbnail","hentry","category-bez-kategorii","category-wydarzenia"],"yoast_head":"<!-- This site is optimized with the Yoast SEO plugin v28.4 - https:\/\/yoast.com\/product\/yoast-seo-wordpress\/ -->\n<title>Osi\u0105gni\u0119cia Prawa i Sprawiedliwo\u015bci w Unii Europejskiej na rzecz polskich rolnik\u00f3w &#8211; Marek Kuchci\u0144ski<\/title>\n<meta name=\"robots\" content=\"index, follow, max-snippet:-1, max-image-preview:large, max-video-preview:-1\" \/>\n<link rel=\"canonical\" href=\"https:\/\/marekkuchcinski.pl\/cs\/bez-kategorii\/osiagniecia-prawa-i-sprawiedliwosci-w-unii-europejskiej-na-rzecz-polskich-rolnikow\/\" \/>\n<meta property=\"og:locale\" content=\"cs_CZ\" \/>\n<meta property=\"og:type\" content=\"article\" \/>\n<meta property=\"og:title\" content=\"Osi\u0105gni\u0119cia Prawa i Sprawiedliwo\u015bci w Unii Europejskiej na rzecz polskich rolnik\u00f3w &#8211; Marek Kuchci\u0144ski\" \/>\n<meta property=\"og:description\" content=\"1. Zwi\u0119kszenie funduszy UE na polskie rolnictwo, z 30,5 na 34,5 mld euro tj. do kwoty ponad 150 miliard\u00f3w z\u0142otych na lata 2021-2027. Nigdy wcze\u015bniej nie by\u0142o na polskie rolnictwo tak wielkich funduszy. Wed\u0142ug projektu bud\u017cetu przygotowanego w 2018 roku przez Komisj\u0119 Europejsk\u0105 Polska mia\u0142a otrzyma\u0107 na rolnictwo 30,5 miliarda euro. Dzia\u0142ania rz\u0105du Prawa i [&hellip;]\" \/>\n<meta property=\"og:url\" content=\"https:\/\/marekkuchcinski.pl\/cs\/bez-kategorii\/osiagniecia-prawa-i-sprawiedliwosci-w-unii-europejskiej-na-rzecz-polskich-rolnikow\/\" \/>\n<meta property=\"og:site_name\" content=\"Marek Kuchci\u0144ski\" \/>\n<meta property=\"article:published_time\" content=\"2021-07-09T09:06:10+00:00\" \/>\n<meta property=\"article:modified_time\" content=\"2021-07-09T10:23:01+00:00\" \/>\n<meta property=\"og:image\" content=\"https:\/\/marekkuchcinski.pl\/wp-content\/uploads\/2021\/07\/warzywa_rolnik.jpg\" \/>\n\t<meta property=\"og:image:width\" content=\"780\" \/>\n\t<meta property=\"og:image:height\" content=\"500\" \/>\n\t<meta property=\"og:image:type\" content=\"image\/jpeg\" \/>\n<meta name=\"author\" content=\"Tomasz \u0141acina\" \/>\n<meta name=\"twitter:card\" content=\"summary_large_image\" \/>\n<meta name=\"twitter:label1\" content=\"Written by\" \/>\n\t<meta name=\"twitter:data1\" content=\"Tomasz \u0141acina\" \/>\n\t<meta name=\"twitter:label2\" content=\"Est. reading time\" \/>\n\t<meta name=\"twitter:data2\" content=\"3 minutes\" \/>\n<script type=\"application\/ld+json\" class=\"yoast-schema-graph\">{\"@context\":\"https:\\\/\\\/schema.org\",\"@graph\":[{\"@type\":\"Article\",\"@id\":\"https:\\\/\\\/marekkuchcinski.pl\\\/bez-kategorii\\\/osiagniecia-prawa-i-sprawiedliwosci-w-unii-europejskiej-na-rzecz-polskich-rolnikow\\\/#article\",\"isPartOf\":{\"@id\":\"https:\\\/\\\/marekkuchcinski.pl\\\/bez-kategorii\\\/osiagniecia-prawa-i-sprawiedliwosci-w-unii-europejskiej-na-rzecz-polskich-rolnikow\\\/\"},\"author\":{\"name\":\"Tomasz \u0141acina\",\"@id\":\"https:\\\/\\\/marekkuchcinski.pl\\\/#\\\/schema\\\/person\\\/aba1fe8aef473b9a6959c5931c34a69d\"},\"headline\":\"Osi\u0105gni\u0119cia Prawa i Sprawiedliwo\u015bci w Unii Europejskiej na rzecz polskich rolnik\u00f3w\",\"datePublished\":\"2021-07-09T09:06:10+00:00\",\"dateModified\":\"2021-07-09T10:23:01+00:00\",\"mainEntityOfPage\":{\"@id\":\"https:\\\/\\\/marekkuchcinski.pl\\\/bez-kategorii\\\/osiagniecia-prawa-i-sprawiedliwosci-w-unii-europejskiej-na-rzecz-polskich-rolnikow\\\/\"},\"wordCount\":618,\"commentCount\":0,\"publisher\":{\"@id\":\"https:\\\/\\\/marekkuchcinski.pl\\\/#organization\"},\"image\":{\"@id\":\"https:\\\/\\\/marekkuchcinski.pl\\\/bez-kategorii\\\/osiagniecia-prawa-i-sprawiedliwosci-w-unii-europejskiej-na-rzecz-polskich-rolnikow\\\/#primaryimage\"},\"thumbnailUrl\":\"https:\\\/\\\/marekkuchcinski.pl\\\/wp-content\\\/uploads\\\/2021\\\/07\\\/warzywa_rolnik.jpg\",\"articleSection\":[\"Bez kategorii\",\"Wydarzenia\"],\"inLanguage\":\"cs-CZ\",\"potentialAction\":[{\"@type\":\"CommentAction\",\"name\":\"Comment\",\"target\":[\"https:\\\/\\\/marekkuchcinski.pl\\\/bez-kategorii\\\/osiagniecia-prawa-i-sprawiedliwosci-w-unii-europejskiej-na-rzecz-polskich-rolnikow\\\/#respond\"]}]},{\"@type\":\"WebPage\",\"@id\":\"https:\\\/\\\/marekkuchcinski.pl\\\/bez-kategorii\\\/osiagniecia-prawa-i-sprawiedliwosci-w-unii-europejskiej-na-rzecz-polskich-rolnikow\\\/\",\"url\":\"https:\\\/\\\/marekkuchcinski.pl\\\/bez-kategorii\\\/osiagniecia-prawa-i-sprawiedliwosci-w-unii-europejskiej-na-rzecz-polskich-rolnikow\\\/\",\"name\":\"Osi\u0105gni\u0119cia Prawa i Sprawiedliwo\u015bci w Unii Europejskiej na rzecz polskich rolnik\u00f3w &#8211; Marek Kuchci\u0144ski\",\"isPartOf\":{\"@id\":\"https:\\\/\\\/marekkuchcinski.pl\\\/#website\"},\"primaryImageOfPage\":{\"@id\":\"https:\\\/\\\/marekkuchcinski.pl\\\/bez-kategorii\\\/osiagniecia-prawa-i-sprawiedliwosci-w-unii-europejskiej-na-rzecz-polskich-rolnikow\\\/#primaryimage\"},\"image\":{\"@id\":\"https:\\\/\\\/marekkuchcinski.pl\\\/bez-kategorii\\\/osiagniecia-prawa-i-sprawiedliwosci-w-unii-europejskiej-na-rzecz-polskich-rolnikow\\\/#primaryimage\"},\"thumbnailUrl\":\"https:\\\/\\\/marekkuchcinski.pl\\\/wp-content\\\/uploads\\\/2021\\\/07\\\/warzywa_rolnik.jpg\",\"datePublished\":\"2021-07-09T09:06:10+00:00\",\"dateModified\":\"2021-07-09T10:23:01+00:00\",\"breadcrumb\":{\"@id\":\"https:\\\/\\\/marekkuchcinski.pl\\\/bez-kategorii\\\/osiagniecia-prawa-i-sprawiedliwosci-w-unii-europejskiej-na-rzecz-polskich-rolnikow\\\/#breadcrumb\"},\"inLanguage\":\"cs-CZ\",\"potentialAction\":[{\"@type\":\"ReadAction\",\"target\":[\"https:\\\/\\\/marekkuchcinski.pl\\\/bez-kategorii\\\/osiagniecia-prawa-i-sprawiedliwosci-w-unii-europejskiej-na-rzecz-polskich-rolnikow\\\/\"]}]},{\"@type\":\"ImageObject\",\"inLanguage\":\"cs-CZ\",\"@id\":\"https:\\\/\\\/marekkuchcinski.pl\\\/bez-kategorii\\\/osiagniecia-prawa-i-sprawiedliwosci-w-unii-europejskiej-na-rzecz-polskich-rolnikow\\\/#primaryimage\",\"url\":\"https:\\\/\\\/marekkuchcinski.pl\\\/wp-content\\\/uploads\\\/2021\\\/07\\\/warzywa_rolnik.jpg\",\"contentUrl\":\"https:\\\/\\\/marekkuchcinski.pl\\\/wp-content\\\/uploads\\\/2021\\\/07\\\/warzywa_rolnik.jpg\",\"width\":780,\"height\":500},{\"@type\":\"BreadcrumbList\",\"@id\":\"https:\\\/\\\/marekkuchcinski.pl\\\/bez-kategorii\\\/osiagniecia-prawa-i-sprawiedliwosci-w-unii-europejskiej-na-rzecz-polskich-rolnikow\\\/#breadcrumb\",\"itemListElement\":[{\"@type\":\"ListItem\",\"position\":1,\"name\":\"Strona g\u0142\u00f3wna\",\"item\":\"https:\\\/\\\/marekkuchcinski.pl\\\/\"},{\"@type\":\"ListItem\",\"position\":2,\"name\":\"Osi\u0105gni\u0119cia Prawa i Sprawiedliwo\u015bci w Unii Europejskiej na rzecz polskich rolnik\u00f3w\"}]},{\"@type\":\"WebSite\",\"@id\":\"https:\\\/\\\/marekkuchcinski.pl\\\/#website\",\"url\":\"https:\\\/\\\/marekkuchcinski.pl\\\/\",\"name\":\"Marek Kuchci\u0144ski\",\"description\":\"Marek Kuchci\u0144ski \",\"publisher\":{\"@id\":\"https:\\\/\\\/marekkuchcinski.pl\\\/#organization\"},\"potentialAction\":[{\"@type\":\"SearchAction\",\"target\":{\"@type\":\"EntryPoint\",\"urlTemplate\":\"https:\\\/\\\/marekkuchcinski.pl\\\/?s={search_term_string}\"},\"query-input\":{\"@type\":\"PropertyValueSpecification\",\"valueRequired\":true,\"valueName\":\"search_term_string\"}}],\"inLanguage\":\"cs-CZ\"},{\"@type\":\"Organization\",\"@id\":\"https:\\\/\\\/marekkuchcinski.pl\\\/#organization\",\"name\":\"Marek Kuchci\u0144ski\",\"url\":\"https:\\\/\\\/marekkuchcinski.pl\\\/\",\"logo\":{\"@type\":\"ImageObject\",\"inLanguage\":\"cs-CZ\",\"@id\":\"https:\\\/\\\/marekkuchcinski.pl\\\/#\\\/schema\\\/logo\\\/image\\\/\",\"url\":\"https:\\\/\\\/marekkuchcinski.pl\\\/wp-content\\\/uploads\\\/2022\\\/09\\\/Marek.jpg\",\"contentUrl\":\"https:\\\/\\\/marekkuchcinski.pl\\\/wp-content\\\/uploads\\\/2022\\\/09\\\/Marek.jpg\",\"width\":1600,\"height\":971,\"caption\":\"Marek Kuchci\u0144ski\"},\"image\":{\"@id\":\"https:\\\/\\\/marekkuchcinski.pl\\\/#\\\/schema\\\/logo\\\/image\\\/\"}},{\"@type\":\"Person\",\"@id\":\"https:\\\/\\\/marekkuchcinski.pl\\\/#\\\/schema\\\/person\\\/aba1fe8aef473b9a6959c5931c34a69d\",\"name\":\"Tomasz \u0141acina\",\"image\":{\"@type\":\"ImageObject\",\"inLanguage\":\"cs-CZ\",\"@id\":\"https:\\\/\\\/secure.gravatar.com\\\/avatar\\\/fd39e6ddb0386ca8ff9cf0a0732afdeb33a6c2f19978b6d60dfd33e5c2258908?s=96&d=mm&r=g\",\"url\":\"https:\\\/\\\/secure.gravatar.com\\\/avatar\\\/fd39e6ddb0386ca8ff9cf0a0732afdeb33a6c2f19978b6d60dfd33e5c2258908?s=96&d=mm&r=g\",\"contentUrl\":\"https:\\\/\\\/secure.gravatar.com\\\/avatar\\\/fd39e6ddb0386ca8ff9cf0a0732afdeb33a6c2f19978b6d60dfd33e5c2258908?s=96&d=mm&r=g\",\"caption\":\"Tomasz \u0141acina\"},\"url\":\"https:\\\/\\\/marekkuchcinski.pl\\\/cs\\\/author\\\/tomek-lacina\\\/\"}]}<\/script>\n<!-- \/ Yoast SEO plugin. -->","yoast_head_json":{"title":"Osi\u0105gni\u0119cia Prawa i Sprawiedliwo\u015bci w Unii Europejskiej na rzecz polskich rolnik\u00f3w &#8211; Marek Kuchci\u0144ski","robots":{"index":"index","follow":"follow","max-snippet":"max-snippet:-1","max-image-preview":"max-image-preview:large","max-video-preview":"max-video-preview:-1"},"canonical":"https:\/\/marekkuchcinski.pl\/cs\/bez-kategorii\/osiagniecia-prawa-i-sprawiedliwosci-w-unii-europejskiej-na-rzecz-polskich-rolnikow\/","og_locale":"cs_CZ","og_type":"article","og_title":"Osi\u0105gni\u0119cia Prawa i Sprawiedliwo\u015bci w Unii Europejskiej na rzecz polskich rolnik\u00f3w &#8211; Marek Kuchci\u0144ski","og_description":"1. Zwi\u0119kszenie funduszy UE na polskie rolnictwo, z 30,5 na 34,5 mld euro tj. do kwoty ponad 150 miliard\u00f3w z\u0142otych na lata 2021-2027. Nigdy wcze\u015bniej nie by\u0142o na polskie rolnictwo tak wielkich funduszy. Wed\u0142ug projektu bud\u017cetu przygotowanego w 2018 roku przez Komisj\u0119 Europejsk\u0105 Polska mia\u0142a otrzyma\u0107 na rolnictwo 30,5 miliarda euro. Dzia\u0142ania rz\u0105du Prawa i [&hellip;]","og_url":"https:\/\/marekkuchcinski.pl\/cs\/bez-kategorii\/osiagniecia-prawa-i-sprawiedliwosci-w-unii-europejskiej-na-rzecz-polskich-rolnikow\/","og_site_name":"Marek Kuchci\u0144ski","article_published_time":"2021-07-09T09:06:10+00:00","article_modified_time":"2021-07-09T10:23:01+00:00","og_image":[{"width":780,"height":500,"url":"https:\/\/marekkuchcinski.pl\/wp-content\/uploads\/2021\/07\/warzywa_rolnik.jpg","type":"image\/jpeg"}],"author":"Tomasz \u0141acina","twitter_card":"summary_large_image","twitter_misc":{"Written by":"Tomasz \u0141acina","Est. reading time":"3 minutes"},"schema":{"@context":"https:\/\/schema.org","@graph":[{"@type":"Article","@id":"https:\/\/marekkuchcinski.pl\/bez-kategorii\/osiagniecia-prawa-i-sprawiedliwosci-w-unii-europejskiej-na-rzecz-polskich-rolnikow\/#article","isPartOf":{"@id":"https:\/\/marekkuchcinski.pl\/bez-kategorii\/osiagniecia-prawa-i-sprawiedliwosci-w-unii-europejskiej-na-rzecz-polskich-rolnikow\/"},"author":{"name":"Tomasz \u0141acina","@id":"https:\/\/marekkuchcinski.pl\/#\/schema\/person\/aba1fe8aef473b9a6959c5931c34a69d"},"headline":"Osi\u0105gni\u0119cia Prawa i Sprawiedliwo\u015bci w Unii Europejskiej na rzecz polskich rolnik\u00f3w","datePublished":"2021-07-09T09:06:10+00:00","dateModified":"2021-07-09T10:23:01+00:00","mainEntityOfPage":{"@id":"https:\/\/marekkuchcinski.pl\/bez-kategorii\/osiagniecia-prawa-i-sprawiedliwosci-w-unii-europejskiej-na-rzecz-polskich-rolnikow\/"},"wordCount":618,"commentCount":0,"publisher":{"@id":"https:\/\/marekkuchcinski.pl\/#organization"},"image":{"@id":"https:\/\/marekkuchcinski.pl\/bez-kategorii\/osiagniecia-prawa-i-sprawiedliwosci-w-unii-europejskiej-na-rzecz-polskich-rolnikow\/#primaryimage"},"thumbnailUrl":"https:\/\/marekkuchcinski.pl\/wp-content\/uploads\/2021\/07\/warzywa_rolnik.jpg","articleSection":["Bez kategorii","Wydarzenia"],"inLanguage":"cs-CZ","potentialAction":[{"@type":"CommentAction","name":"Comment","target":["https:\/\/marekkuchcinski.pl\/bez-kategorii\/osiagniecia-prawa-i-sprawiedliwosci-w-unii-europejskiej-na-rzecz-polskich-rolnikow\/#respond"]}]},{"@type":"WebPage","@id":"https:\/\/marekkuchcinski.pl\/bez-kategorii\/osiagniecia-prawa-i-sprawiedliwosci-w-unii-europejskiej-na-rzecz-polskich-rolnikow\/","url":"https:\/\/marekkuchcinski.pl\/bez-kategorii\/osiagniecia-prawa-i-sprawiedliwosci-w-unii-europejskiej-na-rzecz-polskich-rolnikow\/","name":"Osi\u0105gni\u0119cia Prawa i Sprawiedliwo\u015bci w Unii Europejskiej na rzecz polskich rolnik\u00f3w &#8211; Marek Kuchci\u0144ski","isPartOf":{"@id":"https:\/\/marekkuchcinski.pl\/#website"},"primaryImageOfPage":{"@id":"https:\/\/marekkuchcinski.pl\/bez-kategorii\/osiagniecia-prawa-i-sprawiedliwosci-w-unii-europejskiej-na-rzecz-polskich-rolnikow\/#primaryimage"},"image":{"@id":"https:\/\/marekkuchcinski.pl\/bez-kategorii\/osiagniecia-prawa-i-sprawiedliwosci-w-unii-europejskiej-na-rzecz-polskich-rolnikow\/#primaryimage"},"thumbnailUrl":"https:\/\/marekkuchcinski.pl\/wp-content\/uploads\/2021\/07\/warzywa_rolnik.jpg","datePublished":"2021-07-09T09:06:10+00:00","dateModified":"2021-07-09T10:23:01+00:00","breadcrumb":{"@id":"https:\/\/marekkuchcinski.pl\/bez-kategorii\/osiagniecia-prawa-i-sprawiedliwosci-w-unii-europejskiej-na-rzecz-polskich-rolnikow\/#breadcrumb"},"inLanguage":"cs-CZ","potentialAction":[{"@type":"ReadAction","target":["https:\/\/marekkuchcinski.pl\/bez-kategorii\/osiagniecia-prawa-i-sprawiedliwosci-w-unii-europejskiej-na-rzecz-polskich-rolnikow\/"]}]},{"@type":"ImageObject","inLanguage":"cs-CZ","@id":"https:\/\/marekkuchcinski.pl\/bez-kategorii\/osiagniecia-prawa-i-sprawiedliwosci-w-unii-europejskiej-na-rzecz-polskich-rolnikow\/#primaryimage","url":"https:\/\/marekkuchcinski.pl\/wp-content\/uploads\/2021\/07\/warzywa_rolnik.jpg","contentUrl":"https:\/\/marekkuchcinski.pl\/wp-content\/uploads\/2021\/07\/warzywa_rolnik.jpg","width":780,"height":500},{"@type":"BreadcrumbList","@id":"https:\/\/marekkuchcinski.pl\/bez-kategorii\/osiagniecia-prawa-i-sprawiedliwosci-w-unii-europejskiej-na-rzecz-polskich-rolnikow\/#breadcrumb","itemListElement":[{"@type":"ListItem","position":1,"name":"Strona g\u0142\u00f3wna","item":"https:\/\/marekkuchcinski.pl\/"},{"@type":"ListItem","position":2,"name":"Osi\u0105gni\u0119cia Prawa i Sprawiedliwo\u015bci w Unii Europejskiej na rzecz polskich rolnik\u00f3w"}]},{"@type":"WebSite","@id":"https:\/\/marekkuchcinski.pl\/#website","url":"https:\/\/marekkuchcinski.pl\/","name":"Marek Kuchci\u0144ski","description":"Marek Kuchci\u0144ski","publisher":{"@id":"https:\/\/marekkuchcinski.pl\/#organization"},"potentialAction":[{"@type":"SearchAction","target":{"@type":"EntryPoint","urlTemplate":"https:\/\/marekkuchcinski.pl\/?s={search_term_string}"},"query-input":{"@type":"PropertyValueSpecification","valueRequired":true,"valueName":"search_term_string"}}],"inLanguage":"cs-CZ"},{"@type":"Organization","@id":"https:\/\/marekkuchcinski.pl\/#organization","name":"Marek Kuchci\u0144ski","url":"https:\/\/marekkuchcinski.pl\/","logo":{"@type":"ImageObject","inLanguage":"cs-CZ","@id":"https:\/\/marekkuchcinski.pl\/#\/schema\/logo\/image\/","url":"https:\/\/marekkuchcinski.pl\/wp-content\/uploads\/2022\/09\/Marek.jpg","contentUrl":"https:\/\/marekkuchcinski.pl\/wp-content\/uploads\/2022\/09\/Marek.jpg","width":1600,"height":971,"caption":"Marek Kuchci\u0144ski"},"image":{"@id":"https:\/\/marekkuchcinski.pl\/#\/schema\/logo\/image\/"}},{"@type":"Person","@id":"https:\/\/marekkuchcinski.pl\/#\/schema\/person\/aba1fe8aef473b9a6959c5931c34a69d","name":"Tomasz \u0141acina","image":{"@type":"ImageObject","inLanguage":"cs-CZ","@id":"https:\/\/secure.gravatar.com\/avatar\/fd39e6ddb0386ca8ff9cf0a0732afdeb33a6c2f19978b6d60dfd33e5c2258908?s=96&d=mm&r=g","url":"https:\/\/secure.gravatar.com\/avatar\/fd39e6ddb0386ca8ff9cf0a0732afdeb33a6c2f19978b6d60dfd33e5c2258908?s=96&d=mm&r=g","contentUrl":"https:\/\/secure.gravatar.com\/avatar\/fd39e6ddb0386ca8ff9cf0a0732afdeb33a6c2f19978b6d60dfd33e5c2258908?s=96&d=mm&r=g","caption":"Tomasz \u0141acina"},"url":"https:\/\/marekkuchcinski.pl\/cs\/author\/tomek-lacina\/"}]}},"_links":{"self":[{"href":"https:\/\/marekkuchcinski.pl\/cs\/wp-json\/wp\/v2\/posts\/22920","targetHints":{"allow":["GET"]}}],"collection":[{"href":"https:\/\/marekkuchcinski.pl\/cs\/wp-json\/wp\/v2\/posts"}],"about":[{"href":"https:\/\/marekkuchcinski.pl\/cs\/wp-json\/wp\/v2\/types\/post"}],"author":[{"embeddable":true,"href":"https:\/\/marekkuchcinski.pl\/cs\/wp-json\/wp\/v2\/users\/2"}],"replies":[{"embeddable":true,"href":"https:\/\/marekkuchcinski.pl\/cs\/wp-json\/wp\/v2\/comments?post=22920"}],"version-history":[{"count":6,"href":"https:\/\/marekkuchcinski.pl\/cs\/wp-json\/wp\/v2\/posts\/22920\/revisions"}],"predecessor-version":[{"id":22928,"href":"https:\/\/marekkuchcinski.pl\/cs\/wp-json\/wp\/v2\/posts\/22920\/revisions\/22928"}],"wp:featuredmedia":[{"embeddable":true,"href":"https:\/\/marekkuchcinski.pl\/cs\/wp-json\/wp\/v2\/media\/22922"}],"wp:attachment":[{"href":"https:\/\/marekkuchcinski.pl\/cs\/wp-json\/wp\/v2\/media?parent=22920"}],"wp:term":[{"taxonomy":"category","embeddable":true,"href":"https:\/\/marekkuchcinski.pl\/cs\/wp-json\/wp\/v2\/categories?post=22920"},{"taxonomy":"post_tag","embeddable":true,"href":"https:\/\/marekkuchcinski.pl\/cs\/wp-json\/wp\/v2\/tags?post=22920"}],"curies":[{"name":"wp","href":"https:\/\/api.w.org\/{rel}","templated":true}]}}