{"id":22779,"date":"2021-06-25T14:25:05","date_gmt":"2021-06-25T12:25:05","guid":{"rendered":"https:\/\/marekkuchcinski.pl\/?p=22779"},"modified":"2021-06-25T14:33:18","modified_gmt":"2021-06-25T12:33:18","slug":"nowa-perspektywa-bieszczad-zobaczymy-je-z-wagonika-kolejki-linowej-nad-solina","status":"publish","type":"post","link":"https:\/\/marekkuchcinski.pl\/cs\/wydarzenia\/nowa-perspektywa-bieszczad-zobaczymy-je-z-wagonika-kolejki-linowej-nad-solina\/","title":{"rendered":"Nov\u00fd pohled na Bieszczady - uvid\u00edme je z lanovky nad Solinou"},"content":{"rendered":"<p>Brzy uvid\u00edme Podkarpatsko ze zcela nov\u00e9 perspektivy - z oken lanovky nad p\u0159ehradou Solina se n\u00e1m uk\u00e1\u017ee panorama Bieszczad. A a\u017e doraz\u00edme na horu Jawor, str\u00e1v\u00edme \u010das v 3 km dlouh\u00e9m z\u00e1bavn\u00edm parku - mezi fenomen\u00e1ln\u00ed p\u0159\u00edrodou, m\u00edstn\u00edmi legendami a dal\u0161\u00edmi zaj\u00edmavostmi - \u0159ekl Marek Kuchci\u0144ski b\u011bhem prezentace v\u00fdstavby lanov\u00e9 dr\u00e1hy a vyhl\u00eddkov\u00e9 v\u011b\u017ee nad vodn\u00ed n\u00e1dr\u017e\u00ed Solina.<\/p>\n\n\n\n<p>Marek Kuchci\u0144ski zd\u016fraznil, \u017ee investice byla \u00fasp\u011b\u0161n\u00e1 d\u00edky vynal\u00e9zavosti a spolupr\u00e1ci mnoha prost\u0159ed\u00ed, st\u00e1tn\u00edch, samospr\u00e1vn\u00fdch a podnikatelsk\u00fdch instituc\u00ed - bez ohledu na politick\u00e9 rozd\u00edly. Bieszczady a Solina jsou pevnou zna\u010dkou, neobvykl\u00fdmi m\u00edsty, kter\u00e1 si navzdory rozvoji cestovn\u00edho ruchu zachov\u00e1vaj\u00ed svou tajemnost a divokost, n\u011bkdy vyvol\u00e1vaj\u00edc\u00ed vzpom\u00ednky na d\u011btsk\u00e9 t\u00e1bory.<\/p>\n\n\n\n<p>Solina je jedn\u00edm z nejobl\u00edben\u011bj\u0161\u00edch turistick\u00fdch c\u00edl\u016f v Polsku a lanovka bude pravd\u011bpodobn\u011b prvn\u00ed na sv\u011bt\u011b, kter\u00e1 bude jezdit po hr\u00e1zi.  Jezero Solina ka\u017edoro\u010dn\u011b nav\u0161t\u00edv\u00ed p\u0159ibli\u017en\u011b 1,5 milionu turist\u016f. Aby se uvolnil a pln\u011b odhalil potenci\u00e1l a hodnoty tohoto m\u00edsta, objevila se my\u0161lenka proturistick\u00e9 investice, kter\u00e1 by zatraktivnila turistickou nab\u00eddku cel\u00e9ho regionu Bieszczady - v\u00fdstavba lanov\u00e9 dr\u00e1hy a vyhl\u00eddkov\u00e9 v\u011b\u017ee nad p\u0159ehradou Solina.\u00a0<\/p>\n\n\n\n<p>Pl\u00e1novan\u00e1 trasa vyhl\u00eddkov\u00e9 lanov\u00e9 dr\u00e1hy za\u010d\u00edn\u00e1 ve v\u00fdchoz\u00ed stanici Plasz, kter\u00e1 se nach\u00e1z\u00ed nad promen\u00e1dou vedouc\u00ed ke korun\u011b p\u0159ehrady v Solin\u011b, a kone\u010dn\u00e1 stanice a 56 m vysok\u00e1 rozhledna maj\u00ed b\u00fdt um\u00edst\u011bny na ho\u0159e Jawor. D\u00e9lka \u017eelezni\u010dn\u00ed trasy je 1,64 km. Nejvy\u0161\u0161\u00ed podp\u011bra \u017eeleznice m\u00e1 b\u00fdt vysok\u00e1 99 m. \u017deleznice bude schopna p\u0159epravit p\u0159ibli\u017en\u011b 1 200 cestuj\u00edc\u00edch za hodinu.<\/p>\n\n\n\n<figure class=\"wp-block-image size-large\"><a href=\"https:\/\/marekkuchcinski.pl\/wp-content\/uploads\/2021\/06\/Solina-3.jpg\"><img fetchpriority=\"high\" decoding=\"async\" width=\"1024\" height=\"681\" src=\"https:\/\/marekkuchcinski.pl\/wp-content\/uploads\/2021\/06\/Solina-3-1024x681.jpg\" alt=\"\" class=\"wp-image-22780\" srcset=\"https:\/\/marekkuchcinski.pl\/wp-content\/uploads\/2021\/06\/Solina-3-1024x681.jpg 1024w, https:\/\/marekkuchcinski.pl\/wp-content\/uploads\/2021\/06\/Solina-3-300x200.jpg 300w, https:\/\/marekkuchcinski.pl\/wp-content\/uploads\/2021\/06\/Solina-3-768x511.jpg 768w, https:\/\/marekkuchcinski.pl\/wp-content\/uploads\/2021\/06\/Solina-3-16x12.jpg 16w, https:\/\/marekkuchcinski.pl\/wp-content\/uploads\/2021\/06\/Solina-3.jpg 1246w\" sizes=\"(max-width: 1024px) 100vw, 1024px\" \/><\/a><\/figure>\n\n\n\n<figure class=\"wp-block-image size-large\"><a href=\"https:\/\/marekkuchcinski.pl\/wp-content\/uploads\/2021\/06\/206743126_1401004690273542_7275680785192714772_n.jpg\"><img decoding=\"async\" width=\"1024\" height=\"683\" src=\"https:\/\/marekkuchcinski.pl\/wp-content\/uploads\/2021\/06\/206743126_1401004690273542_7275680785192714772_n-1024x683.jpg\" alt=\"\" class=\"wp-image-22788\" srcset=\"https:\/\/marekkuchcinski.pl\/wp-content\/uploads\/2021\/06\/206743126_1401004690273542_7275680785192714772_n-1024x683.jpg 1024w, https:\/\/marekkuchcinski.pl\/wp-content\/uploads\/2021\/06\/206743126_1401004690273542_7275680785192714772_n-300x200.jpg 300w, https:\/\/marekkuchcinski.pl\/wp-content\/uploads\/2021\/06\/206743126_1401004690273542_7275680785192714772_n-768x512.jpg 768w, https:\/\/marekkuchcinski.pl\/wp-content\/uploads\/2021\/06\/206743126_1401004690273542_7275680785192714772_n-1536x1024.jpg 1536w, https:\/\/marekkuchcinski.pl\/wp-content\/uploads\/2021\/06\/206743126_1401004690273542_7275680785192714772_n-16x12.jpg 16w, https:\/\/marekkuchcinski.pl\/wp-content\/uploads\/2021\/06\/206743126_1401004690273542_7275680785192714772_n.jpg 1620w\" sizes=\"(max-width: 1024px) 100vw, 1024px\" \/><\/a><\/figure>\n\n\n\n<figure class=\"wp-block-image size-large is-resized\"><a href=\"https:\/\/marekkuchcinski.pl\/wp-content\/uploads\/2021\/06\/sol.jpg\"><img decoding=\"async\" src=\"https:\/\/marekkuchcinski.pl\/wp-content\/uploads\/2021\/06\/sol.jpg\" alt=\"\" class=\"wp-image-22781\" width=\"843\" height=\"632\" srcset=\"https:\/\/marekkuchcinski.pl\/wp-content\/uploads\/2021\/06\/sol.jpg 780w, https:\/\/marekkuchcinski.pl\/wp-content\/uploads\/2021\/06\/sol-300x225.jpg 300w, https:\/\/marekkuchcinski.pl\/wp-content\/uploads\/2021\/06\/sol-768x576.jpg 768w, https:\/\/marekkuchcinski.pl\/wp-content\/uploads\/2021\/06\/sol-16x12.jpg 16w\" sizes=\"(max-width: 843px) 100vw, 843px\" \/><\/a><\/figure>\n\n\n\n<figure class=\"wp-block-image size-large\"><a href=\"https:\/\/marekkuchcinski.pl\/wp-content\/uploads\/2021\/06\/S1.jpg\"><img loading=\"lazy\" decoding=\"async\" width=\"1024\" height=\"682\" src=\"https:\/\/marekkuchcinski.pl\/wp-content\/uploads\/2021\/06\/S1-1024x682.jpg\" alt=\"\" class=\"wp-image-22782\" srcset=\"https:\/\/marekkuchcinski.pl\/wp-content\/uploads\/2021\/06\/S1-1024x682.jpg 1024w, https:\/\/marekkuchcinski.pl\/wp-content\/uploads\/2021\/06\/S1-300x200.jpg 300w, https:\/\/marekkuchcinski.pl\/wp-content\/uploads\/2021\/06\/S1-768x511.jpg 768w, https:\/\/marekkuchcinski.pl\/wp-content\/uploads\/2021\/06\/S1-16x12.jpg 16w, https:\/\/marekkuchcinski.pl\/wp-content\/uploads\/2021\/06\/S1.jpg 1274w\" sizes=\"(max-width: 1024px) 100vw, 1024px\" \/><\/a><\/figure>\n\n\n\n<figure class=\"wp-block-image size-large is-resized\"><a href=\"https:\/\/marekkuchcinski.pl\/wp-content\/uploads\/2021\/06\/203412643_859371408010932_4105797372224438389_n.jpg\"><img loading=\"lazy\" decoding=\"async\" src=\"https:\/\/marekkuchcinski.pl\/wp-content\/uploads\/2021\/06\/203412643_859371408010932_4105797372224438389_n.jpg\" alt=\"\" class=\"wp-image-22784\" width=\"840\" height=\"630\" srcset=\"https:\/\/marekkuchcinski.pl\/wp-content\/uploads\/2021\/06\/203412643_859371408010932_4105797372224438389_n.jpg 912w, https:\/\/marekkuchcinski.pl\/wp-content\/uploads\/2021\/06\/203412643_859371408010932_4105797372224438389_n-300x225.jpg 300w, https:\/\/marekkuchcinski.pl\/wp-content\/uploads\/2021\/06\/203412643_859371408010932_4105797372224438389_n-768x576.jpg 768w, https:\/\/marekkuchcinski.pl\/wp-content\/uploads\/2021\/06\/203412643_859371408010932_4105797372224438389_n-16x12.jpg 16w\" sizes=\"(max-width: 840px) 100vw, 840px\" \/><\/a><\/figure>","protected":false},"excerpt":{"rendered":"<p>Brzy uvid\u00edme Podkarpatsko ze zcela nov\u00e9 perspektivy - z oken lanovky nad p\u0159ehradou Solina se n\u00e1m naskytne pohled na panorama Bieszczad. A a\u017e doraz\u00edme na horu Jawor, str\u00e1v\u00edme \u010das v 3 km dlouh\u00e9m z\u00e1bavn\u00edm parku - mezi fenomen\u00e1ln\u00ed p\u0159\u00edrodou, m\u00edstn\u00edmi legendami a dal\u0161\u00edmi zaj\u00edmavostmi - \u0159ekl Marek Kuchci\u0144ski b\u011bhem prezentace v\u00fdstavby lanovky a vyhl\u00eddkov\u00e9 v\u011b\u017ee [...]<\/p>","protected":false},"author":21,"featured_media":22788,"comment_status":"open","ping_status":"open","sticky":false,"template":"","format":"standard","meta":{"ngg_post_thumbnail":0,"footnotes":""},"categories":[49,3],"tags":[],"class_list":["post-22779","post","type-post","status-publish","format-standard","has-post-thumbnail","hentry","category-podkarpacie","category-wydarzenia"],"yoast_head":"<!-- This site is optimized with the Yoast SEO plugin v24.7 - https:\/\/yoast.com\/wordpress\/plugins\/seo\/ -->\n<title>Nowa perspektywa Bieszczad \u2013 zobaczymy je z wagonika kolejki linowej nad Solin\u0105 &#8211; Marek Kuchci\u0144ski<\/title>\n<meta name=\"robots\" content=\"index, follow, max-snippet:-1, max-image-preview:large, max-video-preview:-1\" \/>\n<link rel=\"canonical\" href=\"https:\/\/marekkuchcinski.pl\/cs\/wydarzenia\/nowa-perspektywa-bieszczad-zobaczymy-je-z-wagonika-kolejki-linowej-nad-solina\/\" \/>\n<meta property=\"og:locale\" content=\"cs_CZ\" \/>\n<meta property=\"og:type\" content=\"article\" \/>\n<meta property=\"og:title\" content=\"Nowa perspektywa Bieszczad \u2013 zobaczymy je z wagonika kolejki linowej nad Solin\u0105 &#8211; Marek Kuchci\u0144ski\" \/>\n<meta property=\"og:description\" content=\"Ju\u017c niebawem zobaczymy Podkarpacie z zupe\u0142nie nowej perspektywy \u2013 okna kolei linowej nad soli\u0144sk\u0105 zapor\u0105 uka\u017c\u0105 nam panoram\u0119 Bieszczad. A gdy dotrzemy na g\u00f3r\u0119 Jawor, sp\u0119dzimy czas w ci\u0105gn\u0105cym si\u0119 3 km parku tematycznym \u2013 w\u015br\u00f3d zjawiskowej przyrody, miejscowych legend i innych atrakcji \u2013 m\u00f3wi\u0142 Marek Kuchci\u0144ski podczas prezentacji budowy kolei gondolowej i wie\u017cy widokowej [&hellip;]\" \/>\n<meta property=\"og:url\" content=\"https:\/\/marekkuchcinski.pl\/cs\/wydarzenia\/nowa-perspektywa-bieszczad-zobaczymy-je-z-wagonika-kolejki-linowej-nad-solina\/\" \/>\n<meta property=\"og:site_name\" content=\"Marek Kuchci\u0144ski\" \/>\n<meta property=\"article:published_time\" content=\"2021-06-25T12:25:05+00:00\" \/>\n<meta property=\"article:modified_time\" content=\"2021-06-25T12:33:18+00:00\" \/>\n<meta property=\"og:image\" content=\"https:\/\/marekkuchcinski.pl\/wp-content\/uploads\/2021\/06\/206743126_1401004690273542_7275680785192714772_n.jpg\" \/>\n\t<meta property=\"og:image:width\" content=\"1620\" \/>\n\t<meta property=\"og:image:height\" content=\"1080\" \/>\n\t<meta property=\"og:image:type\" content=\"image\/jpeg\" \/>\n<meta name=\"author\" content=\"Marta Olejnik\" \/>\n<meta name=\"twitter:card\" content=\"summary_large_image\" \/>\n<meta name=\"twitter:label1\" content=\"Napsal(a)\" \/>\n\t<meta name=\"twitter:data1\" content=\"Marta Olejnik\" \/>\n\t<meta name=\"twitter:label2\" content=\"Odhadovan\u00e1 doba \u010dten\u00ed\" \/>\n\t<meta name=\"twitter:data2\" content=\"3 minuty\" \/>\n<script type=\"application\/ld+json\" class=\"yoast-schema-graph\">{\"@context\":\"https:\/\/schema.org\",\"@graph\":[{\"@type\":\"Article\",\"@id\":\"https:\/\/marekkuchcinski.pl\/en\/wydarzenia\/nowa-perspektywa-bieszczad-zobaczymy-je-z-wagonika-kolejki-linowej-nad-solina\/#article\",\"isPartOf\":{\"@id\":\"https:\/\/marekkuchcinski.pl\/en\/wydarzenia\/nowa-perspektywa-bieszczad-zobaczymy-je-z-wagonika-kolejki-linowej-nad-solina\/\"},\"author\":{\"name\":\"Marta Olejnik\",\"@id\":\"https:\/\/marekkuchcinski.pl\/#\/schema\/person\/51d5d4ee3b5317b8e4dd2b48af359229\"},\"headline\":\"Nowa perspektywa Bieszczad \u2013 zobaczymy je z wagonika kolejki linowej nad Solin\u0105\",\"datePublished\":\"2021-06-25T12:25:05+00:00\",\"dateModified\":\"2021-06-25T12:33:18+00:00\",\"mainEntityOfPage\":{\"@id\":\"https:\/\/marekkuchcinski.pl\/en\/wydarzenia\/nowa-perspektywa-bieszczad-zobaczymy-je-z-wagonika-kolejki-linowej-nad-solina\/\"},\"wordCount\":291,\"commentCount\":0,\"publisher\":{\"@id\":\"https:\/\/marekkuchcinski.pl\/#organization\"},\"image\":{\"@id\":\"https:\/\/marekkuchcinski.pl\/en\/wydarzenia\/nowa-perspektywa-bieszczad-zobaczymy-je-z-wagonika-kolejki-linowej-nad-solina\/#primaryimage\"},\"thumbnailUrl\":\"https:\/\/marekkuchcinski.pl\/wp-content\/uploads\/2021\/06\/206743126_1401004690273542_7275680785192714772_n.jpg\",\"articleSection\":[\"Podkarpacie\",\"Wydarzenia\"],\"inLanguage\":\"cs\",\"potentialAction\":[{\"@type\":\"CommentAction\",\"name\":\"Comment\",\"target\":[\"https:\/\/marekkuchcinski.pl\/en\/wydarzenia\/nowa-perspektywa-bieszczad-zobaczymy-je-z-wagonika-kolejki-linowej-nad-solina\/#respond\"]}]},{\"@type\":\"WebPage\",\"@id\":\"https:\/\/marekkuchcinski.pl\/en\/wydarzenia\/nowa-perspektywa-bieszczad-zobaczymy-je-z-wagonika-kolejki-linowej-nad-solina\/\",\"url\":\"https:\/\/marekkuchcinski.pl\/en\/wydarzenia\/nowa-perspektywa-bieszczad-zobaczymy-je-z-wagonika-kolejki-linowej-nad-solina\/\",\"name\":\"Nowa perspektywa Bieszczad \u2013 zobaczymy je z wagonika kolejki linowej nad Solin\u0105 &#8211; Marek Kuchci\u0144ski\",\"isPartOf\":{\"@id\":\"https:\/\/marekkuchcinski.pl\/#website\"},\"primaryImageOfPage\":{\"@id\":\"https:\/\/marekkuchcinski.pl\/en\/wydarzenia\/nowa-perspektywa-bieszczad-zobaczymy-je-z-wagonika-kolejki-linowej-nad-solina\/#primaryimage\"},\"image\":{\"@id\":\"https:\/\/marekkuchcinski.pl\/en\/wydarzenia\/nowa-perspektywa-bieszczad-zobaczymy-je-z-wagonika-kolejki-linowej-nad-solina\/#primaryimage\"},\"thumbnailUrl\":\"https:\/\/marekkuchcinski.pl\/wp-content\/uploads\/2021\/06\/206743126_1401004690273542_7275680785192714772_n.jpg\",\"datePublished\":\"2021-06-25T12:25:05+00:00\",\"dateModified\":\"2021-06-25T12:33:18+00:00\",\"breadcrumb\":{\"@id\":\"https:\/\/marekkuchcinski.pl\/en\/wydarzenia\/nowa-perspektywa-bieszczad-zobaczymy-je-z-wagonika-kolejki-linowej-nad-solina\/#breadcrumb\"},\"inLanguage\":\"cs\",\"potentialAction\":[{\"@type\":\"ReadAction\",\"target\":[\"https:\/\/marekkuchcinski.pl\/en\/wydarzenia\/nowa-perspektywa-bieszczad-zobaczymy-je-z-wagonika-kolejki-linowej-nad-solina\/\"]}]},{\"@type\":\"ImageObject\",\"inLanguage\":\"cs\",\"@id\":\"https:\/\/marekkuchcinski.pl\/en\/wydarzenia\/nowa-perspektywa-bieszczad-zobaczymy-je-z-wagonika-kolejki-linowej-nad-solina\/#primaryimage\",\"url\":\"https:\/\/marekkuchcinski.pl\/wp-content\/uploads\/2021\/06\/206743126_1401004690273542_7275680785192714772_n.jpg\",\"contentUrl\":\"https:\/\/marekkuchcinski.pl\/wp-content\/uploads\/2021\/06\/206743126_1401004690273542_7275680785192714772_n.jpg\",\"width\":1620,\"height\":1080},{\"@type\":\"BreadcrumbList\",\"@id\":\"https:\/\/marekkuchcinski.pl\/en\/wydarzenia\/nowa-perspektywa-bieszczad-zobaczymy-je-z-wagonika-kolejki-linowej-nad-solina\/#breadcrumb\",\"itemListElement\":[{\"@type\":\"ListItem\",\"position\":1,\"name\":\"Strona g\u0142\u00f3wna\",\"item\":\"https:\/\/marekkuchcinski.pl\/\"},{\"@type\":\"ListItem\",\"position\":2,\"name\":\"Nowa perspektywa Bieszczad \u2013 zobaczymy je z wagonika kolejki linowej nad Solin\u0105\"}]},{\"@type\":\"WebSite\",\"@id\":\"https:\/\/marekkuchcinski.pl\/#website\",\"url\":\"https:\/\/marekkuchcinski.pl\/\",\"name\":\"Marek Kuchci\u0144ski\",\"description\":\"Pose\u0142 na sejm RP &ndash; okr\u0119g nr 22\",\"publisher\":{\"@id\":\"https:\/\/marekkuchcinski.pl\/#organization\"},\"potentialAction\":[{\"@type\":\"SearchAction\",\"target\":{\"@type\":\"EntryPoint\",\"urlTemplate\":\"https:\/\/marekkuchcinski.pl\/?s={search_term_string}\"},\"query-input\":{\"@type\":\"PropertyValueSpecification\",\"valueRequired\":true,\"valueName\":\"search_term_string\"}}],\"inLanguage\":\"cs\"},{\"@type\":\"Organization\",\"@id\":\"https:\/\/marekkuchcinski.pl\/#organization\",\"name\":\"Marek Kuchci\u0144ski\",\"url\":\"https:\/\/marekkuchcinski.pl\/\",\"logo\":{\"@type\":\"ImageObject\",\"inLanguage\":\"cs\",\"@id\":\"https:\/\/marekkuchcinski.pl\/#\/schema\/logo\/image\/\",\"url\":\"https:\/\/marekkuchcinski.pl\/wp-content\/uploads\/2022\/09\/Marek.jpg\",\"contentUrl\":\"https:\/\/marekkuchcinski.pl\/wp-content\/uploads\/2022\/09\/Marek.jpg\",\"width\":1600,\"height\":971,\"caption\":\"Marek Kuchci\u0144ski\"},\"image\":{\"@id\":\"https:\/\/marekkuchcinski.pl\/#\/schema\/logo\/image\/\"}},{\"@type\":\"Person\",\"@id\":\"https:\/\/marekkuchcinski.pl\/#\/schema\/person\/51d5d4ee3b5317b8e4dd2b48af359229\",\"name\":\"Marta Olejnik\",\"image\":{\"@type\":\"ImageObject\",\"inLanguage\":\"cs\",\"@id\":\"https:\/\/marekkuchcinski.pl\/#\/schema\/person\/image\/\",\"url\":\"https:\/\/secure.gravatar.com\/avatar\/e39914b2aa6a48959e24d475b5dc9793?s=96&d=mm&r=g\",\"contentUrl\":\"https:\/\/secure.gravatar.com\/avatar\/e39914b2aa6a48959e24d475b5dc9793?s=96&d=mm&r=g\",\"caption\":\"Marta Olejnik\"},\"url\":\"https:\/\/marekkuchcinski.pl\/cs\/author\/marta\/\"}]}<\/script>\n<!-- \/ Yoast SEO plugin. -->","yoast_head_json":{"title":"Nowa perspektywa Bieszczad \u2013 zobaczymy je z wagonika kolejki linowej nad Solin\u0105 &#8211; Marek Kuchci\u0144ski","robots":{"index":"index","follow":"follow","max-snippet":"max-snippet:-1","max-image-preview":"max-image-preview:large","max-video-preview":"max-video-preview:-1"},"canonical":"https:\/\/marekkuchcinski.pl\/cs\/wydarzenia\/nowa-perspektywa-bieszczad-zobaczymy-je-z-wagonika-kolejki-linowej-nad-solina\/","og_locale":"cs_CZ","og_type":"article","og_title":"Nowa perspektywa Bieszczad \u2013 zobaczymy je z wagonika kolejki linowej nad Solin\u0105 &#8211; Marek Kuchci\u0144ski","og_description":"Ju\u017c niebawem zobaczymy Podkarpacie z zupe\u0142nie nowej perspektywy \u2013 okna kolei linowej nad soli\u0144sk\u0105 zapor\u0105 uka\u017c\u0105 nam panoram\u0119 Bieszczad. A gdy dotrzemy na g\u00f3r\u0119 Jawor, sp\u0119dzimy czas w ci\u0105gn\u0105cym si\u0119 3 km parku tematycznym \u2013 w\u015br\u00f3d zjawiskowej przyrody, miejscowych legend i innych atrakcji \u2013 m\u00f3wi\u0142 Marek Kuchci\u0144ski podczas prezentacji budowy kolei gondolowej i wie\u017cy widokowej [&hellip;]","og_url":"https:\/\/marekkuchcinski.pl\/cs\/wydarzenia\/nowa-perspektywa-bieszczad-zobaczymy-je-z-wagonika-kolejki-linowej-nad-solina\/","og_site_name":"Marek Kuchci\u0144ski","article_published_time":"2021-06-25T12:25:05+00:00","article_modified_time":"2021-06-25T12:33:18+00:00","og_image":[{"width":1620,"height":1080,"url":"https:\/\/marekkuchcinski.pl\/wp-content\/uploads\/2021\/06\/206743126_1401004690273542_7275680785192714772_n.jpg","type":"image\/jpeg"}],"author":"Marta Olejnik","twitter_card":"summary_large_image","twitter_misc":{"Napsal(a)":"Marta Olejnik","Odhadovan\u00e1 doba \u010dten\u00ed":"3 minuty"},"schema":{"@context":"https:\/\/schema.org","@graph":[{"@type":"Article","@id":"https:\/\/marekkuchcinski.pl\/en\/wydarzenia\/nowa-perspektywa-bieszczad-zobaczymy-je-z-wagonika-kolejki-linowej-nad-solina\/#article","isPartOf":{"@id":"https:\/\/marekkuchcinski.pl\/en\/wydarzenia\/nowa-perspektywa-bieszczad-zobaczymy-je-z-wagonika-kolejki-linowej-nad-solina\/"},"author":{"name":"Marta Olejnik","@id":"https:\/\/marekkuchcinski.pl\/#\/schema\/person\/51d5d4ee3b5317b8e4dd2b48af359229"},"headline":"Nowa perspektywa Bieszczad \u2013 zobaczymy je z wagonika kolejki linowej nad Solin\u0105","datePublished":"2021-06-25T12:25:05+00:00","dateModified":"2021-06-25T12:33:18+00:00","mainEntityOfPage":{"@id":"https:\/\/marekkuchcinski.pl\/en\/wydarzenia\/nowa-perspektywa-bieszczad-zobaczymy-je-z-wagonika-kolejki-linowej-nad-solina\/"},"wordCount":291,"commentCount":0,"publisher":{"@id":"https:\/\/marekkuchcinski.pl\/#organization"},"image":{"@id":"https:\/\/marekkuchcinski.pl\/en\/wydarzenia\/nowa-perspektywa-bieszczad-zobaczymy-je-z-wagonika-kolejki-linowej-nad-solina\/#primaryimage"},"thumbnailUrl":"https:\/\/marekkuchcinski.pl\/wp-content\/uploads\/2021\/06\/206743126_1401004690273542_7275680785192714772_n.jpg","articleSection":["Podkarpacie","Wydarzenia"],"inLanguage":"cs","potentialAction":[{"@type":"CommentAction","name":"Comment","target":["https:\/\/marekkuchcinski.pl\/en\/wydarzenia\/nowa-perspektywa-bieszczad-zobaczymy-je-z-wagonika-kolejki-linowej-nad-solina\/#respond"]}]},{"@type":"WebPage","@id":"https:\/\/marekkuchcinski.pl\/en\/wydarzenia\/nowa-perspektywa-bieszczad-zobaczymy-je-z-wagonika-kolejki-linowej-nad-solina\/","url":"https:\/\/marekkuchcinski.pl\/en\/wydarzenia\/nowa-perspektywa-bieszczad-zobaczymy-je-z-wagonika-kolejki-linowej-nad-solina\/","name":"Nowa perspektywa Bieszczad \u2013 zobaczymy je z wagonika kolejki linowej nad Solin\u0105 &#8211; Marek Kuchci\u0144ski","isPartOf":{"@id":"https:\/\/marekkuchcinski.pl\/#website"},"primaryImageOfPage":{"@id":"https:\/\/marekkuchcinski.pl\/en\/wydarzenia\/nowa-perspektywa-bieszczad-zobaczymy-je-z-wagonika-kolejki-linowej-nad-solina\/#primaryimage"},"image":{"@id":"https:\/\/marekkuchcinski.pl\/en\/wydarzenia\/nowa-perspektywa-bieszczad-zobaczymy-je-z-wagonika-kolejki-linowej-nad-solina\/#primaryimage"},"thumbnailUrl":"https:\/\/marekkuchcinski.pl\/wp-content\/uploads\/2021\/06\/206743126_1401004690273542_7275680785192714772_n.jpg","datePublished":"2021-06-25T12:25:05+00:00","dateModified":"2021-06-25T12:33:18+00:00","breadcrumb":{"@id":"https:\/\/marekkuchcinski.pl\/en\/wydarzenia\/nowa-perspektywa-bieszczad-zobaczymy-je-z-wagonika-kolejki-linowej-nad-solina\/#breadcrumb"},"inLanguage":"cs","potentialAction":[{"@type":"ReadAction","target":["https:\/\/marekkuchcinski.pl\/en\/wydarzenia\/nowa-perspektywa-bieszczad-zobaczymy-je-z-wagonika-kolejki-linowej-nad-solina\/"]}]},{"@type":"ImageObject","inLanguage":"cs","@id":"https:\/\/marekkuchcinski.pl\/en\/wydarzenia\/nowa-perspektywa-bieszczad-zobaczymy-je-z-wagonika-kolejki-linowej-nad-solina\/#primaryimage","url":"https:\/\/marekkuchcinski.pl\/wp-content\/uploads\/2021\/06\/206743126_1401004690273542_7275680785192714772_n.jpg","contentUrl":"https:\/\/marekkuchcinski.pl\/wp-content\/uploads\/2021\/06\/206743126_1401004690273542_7275680785192714772_n.jpg","width":1620,"height":1080},{"@type":"BreadcrumbList","@id":"https:\/\/marekkuchcinski.pl\/en\/wydarzenia\/nowa-perspektywa-bieszczad-zobaczymy-je-z-wagonika-kolejki-linowej-nad-solina\/#breadcrumb","itemListElement":[{"@type":"ListItem","position":1,"name":"Strona g\u0142\u00f3wna","item":"https:\/\/marekkuchcinski.pl\/"},{"@type":"ListItem","position":2,"name":"Nowa perspektywa Bieszczad \u2013 zobaczymy je z wagonika kolejki linowej nad Solin\u0105"}]},{"@type":"WebSite","@id":"https:\/\/marekkuchcinski.pl\/#website","url":"https:\/\/marekkuchcinski.pl\/","name":"Marek Kuchci\u0144ski","description":"Pose\u0142 na sejm RP &ndash; okr\u0119g nr 22","publisher":{"@id":"https:\/\/marekkuchcinski.pl\/#organization"},"potentialAction":[{"@type":"SearchAction","target":{"@type":"EntryPoint","urlTemplate":"https:\/\/marekkuchcinski.pl\/?s={search_term_string}"},"query-input":{"@type":"PropertyValueSpecification","valueRequired":true,"valueName":"search_term_string"}}],"inLanguage":"cs"},{"@type":"Organization","@id":"https:\/\/marekkuchcinski.pl\/#organization","name":"Marek Kuchci\u0144ski","url":"https:\/\/marekkuchcinski.pl\/","logo":{"@type":"ImageObject","inLanguage":"cs","@id":"https:\/\/marekkuchcinski.pl\/#\/schema\/logo\/image\/","url":"https:\/\/marekkuchcinski.pl\/wp-content\/uploads\/2022\/09\/Marek.jpg","contentUrl":"https:\/\/marekkuchcinski.pl\/wp-content\/uploads\/2022\/09\/Marek.jpg","width":1600,"height":971,"caption":"Marek Kuchci\u0144ski"},"image":{"@id":"https:\/\/marekkuchcinski.pl\/#\/schema\/logo\/image\/"}},{"@type":"Person","@id":"https:\/\/marekkuchcinski.pl\/#\/schema\/person\/51d5d4ee3b5317b8e4dd2b48af359229","name":"Marta Olejnik","image":{"@type":"ImageObject","inLanguage":"cs","@id":"https:\/\/marekkuchcinski.pl\/#\/schema\/person\/image\/","url":"https:\/\/secure.gravatar.com\/avatar\/e39914b2aa6a48959e24d475b5dc9793?s=96&d=mm&r=g","contentUrl":"https:\/\/secure.gravatar.com\/avatar\/e39914b2aa6a48959e24d475b5dc9793?s=96&d=mm&r=g","caption":"Marta Olejnik"},"url":"https:\/\/marekkuchcinski.pl\/cs\/author\/marta\/"}]}},"_links":{"self":[{"href":"https:\/\/marekkuchcinski.pl\/cs\/wp-json\/wp\/v2\/posts\/22779","targetHints":{"allow":["GET"]}}],"collection":[{"href":"https:\/\/marekkuchcinski.pl\/cs\/wp-json\/wp\/v2\/posts"}],"about":[{"href":"https:\/\/marekkuchcinski.pl\/cs\/wp-json\/wp\/v2\/types\/post"}],"author":[{"embeddable":true,"href":"https:\/\/marekkuchcinski.pl\/cs\/wp-json\/wp\/v2\/users\/21"}],"replies":[{"embeddable":true,"href":"https:\/\/marekkuchcinski.pl\/cs\/wp-json\/wp\/v2\/comments?post=22779"}],"version-history":[{"count":5,"href":"https:\/\/marekkuchcinski.pl\/cs\/wp-json\/wp\/v2\/posts\/22779\/revisions"}],"predecessor-version":[{"id":22792,"href":"https:\/\/marekkuchcinski.pl\/cs\/wp-json\/wp\/v2\/posts\/22779\/revisions\/22792"}],"wp:featuredmedia":[{"embeddable":true,"href":"https:\/\/marekkuchcinski.pl\/cs\/wp-json\/wp\/v2\/media\/22788"}],"wp:attachment":[{"href":"https:\/\/marekkuchcinski.pl\/cs\/wp-json\/wp\/v2\/media?parent=22779"}],"wp:term":[{"taxonomy":"category","embeddable":true,"href":"https:\/\/marekkuchcinski.pl\/cs\/wp-json\/wp\/v2\/categories?post=22779"},{"taxonomy":"post_tag","embeddable":true,"href":"https:\/\/marekkuchcinski.pl\/cs\/wp-json\/wp\/v2\/tags?post=22779"}],"curies":[{"name":"wp","href":"https:\/\/api.w.org\/{rel}","templated":true}]}}