{"id":226,"date":"2012-08-17T09:38:26","date_gmt":"2012-08-17T07:38:26","guid":{"rendered":"https:\/\/marekkuchcinski.pl\/turniej-ii-rudna-16-sierpnia-2012-r\/"},"modified":"2016-08-25T17:00:18","modified_gmt":"2016-08-25T15:00:18","slug":"turniej-ii-rudna-16-sierpnia-2012-r","status":"publish","type":"post","link":"https:\/\/marekkuchcinski.pl\/cs\/bez-kategorii\/turniej-ii-rudna-16-sierpnia-2012-r\/","title":{"rendered":"Przemy\u015bl - II. kolo, 16. srpna 2012"},"content":{"rendered":"<p> \t<img decoding=\"async\" class=\"alignleft size-full wp-image-224\" alt=\"\" src=\"https:\/\/marekkuchcinski.pl\/wp-content\/uploads\/2012\/08\/pilka-65x65.jpg\" style=\"float: left; margin: 6px;\" width=\"65\" height=\"65\" \/>9:00 - organiza\u010dn\u00ed z\u00e1le\u017eitosti, <\/p>\n<p> \tC-9:30 Four Fun Team - Pavulon Przemy\u015bl, <\/p>\n<p> \tB-9:50 Mad Kermits - Start Type Sport, <\/p>\n<p> \tC-10:10 Four Fun Team - The Flinstones, <\/p>\n<p>  <!--more-->  <\/p>\n<p> \tA-10:30 Wild Ducks - FC Fica, <\/p>\n<p> \tC-10:50 Origin\u00e1ln\u00ed n\u00e1zev - The Flinstones, <\/p>\n<p> \tA-11:10 Przemyskie Nied\u017awiadki - Divok\u00e9 kachny, <\/p>\n<p> \tB-11:30 Jawor - \u0160\u00edlen\u00ed Kermitov\u00e9, <\/p>\n<p> \tA-12:00 Jawor - Typ startu Sport, <\/p>\n<p> \tB-12:30 Przemyskie Nied\u017awiadki - FC Orlikowcy 1, <\/p>\n<p> \t3:00 - shrnut\u00ed dne. <\/p>","protected":false},"excerpt":{"rendered":"<p>9:00 - organiza\u010dn\u00ed z\u00e1le\u017eitosti, C-9:30 Four Fun Team - Pavulon Przemy\u015bl, B-9:50 Szalone Kermity - Start Typ Sport, C-10:10 Four Fun Team - Flinstonowie,<\/p>","protected":false},"author":6,"featured_media":224,"comment_status":"open","ping_status":"open","sticky":false,"template":"","format":"standard","meta":{"ngg_post_thumbnail":0,"footnotes":""},"categories":[1],"tags":[],"class_list":["post-226","post","type-post","status-publish","format-standard","has-post-thumbnail","hentry","category-bez-kategorii"],"yoast_head":"<!-- This site is optimized with the Yoast SEO plugin v24.7 - https:\/\/yoast.com\/wordpress\/plugins\/seo\/ -->\n<title>Przemy\u015bl - II runda, 16 sierpnia 2012 &#8211; Marek Kuchci\u0144ski<\/title>\n<meta name=\"robots\" content=\"index, follow, max-snippet:-1, max-image-preview:large, max-video-preview:-1\" \/>\n<link rel=\"canonical\" href=\"https:\/\/marekkuchcinski.pl\/cs\/bez-kategorii\/turniej-ii-rudna-16-sierpnia-2012-r\/\" \/>\n<meta property=\"og:locale\" content=\"cs_CZ\" \/>\n<meta property=\"og:type\" content=\"article\" \/>\n<meta property=\"og:title\" content=\"Przemy\u015bl - II runda, 16 sierpnia 2012 &#8211; Marek Kuchci\u0144ski\" \/>\n<meta property=\"og:description\" content=\"9:00 &ndash; sprawy organizacyjne, C-9:30 Four Fun Team &ndash; Pavulon Przemy\u015bl, B-9:50 Szalone Kermity &ndash; Start Typ Sport, C-10:10 Four Fun Team &ndash; Flinstonowie,\" \/>\n<meta property=\"og:url\" content=\"https:\/\/marekkuchcinski.pl\/cs\/bez-kategorii\/turniej-ii-rudna-16-sierpnia-2012-r\/\" \/>\n<meta property=\"og:site_name\" content=\"Marek Kuchci\u0144ski\" \/>\n<meta property=\"article:published_time\" content=\"2012-08-17T07:38:26+00:00\" \/>\n<meta property=\"article:modified_time\" content=\"2016-08-25T15:00:18+00:00\" \/>\n<meta property=\"og:image\" content=\"https:\/\/marekkuchcinski.pl\/wp-content\/uploads\/2012\/08\/pilka-65x65.jpg\" \/>\n\t<meta property=\"og:image:width\" content=\"65\" \/>\n\t<meta property=\"og:image:height\" content=\"65\" \/>\n\t<meta property=\"og:image:type\" content=\"image\/jpeg\" \/>\n<meta name=\"author\" content=\"admin\" \/>\n<meta name=\"twitter:card\" content=\"summary_large_image\" \/>\n<meta name=\"twitter:label1\" content=\"Napsal(a)\" \/>\n\t<meta name=\"twitter:data1\" content=\"admin\" \/>\n<script type=\"application\/ld+json\" class=\"yoast-schema-graph\">{\"@context\":\"https:\/\/schema.org\",\"@graph\":[{\"@type\":\"Article\",\"@id\":\"https:\/\/marekkuchcinski.pl\/en\/bez-kategorii\/turniej-ii-rudna-16-sierpnia-2012-r\/#article\",\"isPartOf\":{\"@id\":\"https:\/\/marekkuchcinski.pl\/en\/bez-kategorii\/turniej-ii-rudna-16-sierpnia-2012-r\/\"},\"author\":{\"name\":\"admin\",\"@id\":\"https:\/\/marekkuchcinski.pl\/#\/schema\/person\/6f62700996b4d950b6ea2d1183b6c6be\"},\"headline\":\"Przemy\u015bl &#8211; II runda, 16 sierpnia 2012\",\"datePublished\":\"2012-08-17T07:38:26+00:00\",\"dateModified\":\"2016-08-25T15:00:18+00:00\",\"mainEntityOfPage\":{\"@id\":\"https:\/\/marekkuchcinski.pl\/en\/bez-kategorii\/turniej-ii-rudna-16-sierpnia-2012-r\/\"},\"wordCount\":69,\"commentCount\":0,\"publisher\":{\"@id\":\"https:\/\/marekkuchcinski.pl\/#organization\"},\"image\":{\"@id\":\"https:\/\/marekkuchcinski.pl\/en\/bez-kategorii\/turniej-ii-rudna-16-sierpnia-2012-r\/#primaryimage\"},\"thumbnailUrl\":\"https:\/\/marekkuchcinski.pl\/wp-content\/uploads\/2012\/08\/pilka-65x65.jpg\",\"articleSection\":[\"Bez kategorii\"],\"inLanguage\":\"cs\",\"potentialAction\":[{\"@type\":\"CommentAction\",\"name\":\"Comment\",\"target\":[\"https:\/\/marekkuchcinski.pl\/en\/bez-kategorii\/turniej-ii-rudna-16-sierpnia-2012-r\/#respond\"]}]},{\"@type\":\"WebPage\",\"@id\":\"https:\/\/marekkuchcinski.pl\/en\/bez-kategorii\/turniej-ii-rudna-16-sierpnia-2012-r\/\",\"url\":\"https:\/\/marekkuchcinski.pl\/en\/bez-kategorii\/turniej-ii-rudna-16-sierpnia-2012-r\/\",\"name\":\"Przemy\u015bl - II runda, 16 sierpnia 2012 &#8211; Marek Kuchci\u0144ski\",\"isPartOf\":{\"@id\":\"https:\/\/marekkuchcinski.pl\/#website\"},\"primaryImageOfPage\":{\"@id\":\"https:\/\/marekkuchcinski.pl\/en\/bez-kategorii\/turniej-ii-rudna-16-sierpnia-2012-r\/#primaryimage\"},\"image\":{\"@id\":\"https:\/\/marekkuchcinski.pl\/en\/bez-kategorii\/turniej-ii-rudna-16-sierpnia-2012-r\/#primaryimage\"},\"thumbnailUrl\":\"https:\/\/marekkuchcinski.pl\/wp-content\/uploads\/2012\/08\/pilka-65x65.jpg\",\"datePublished\":\"2012-08-17T07:38:26+00:00\",\"dateModified\":\"2016-08-25T15:00:18+00:00\",\"breadcrumb\":{\"@id\":\"https:\/\/marekkuchcinski.pl\/en\/bez-kategorii\/turniej-ii-rudna-16-sierpnia-2012-r\/#breadcrumb\"},\"inLanguage\":\"cs\",\"potentialAction\":[{\"@type\":\"ReadAction\",\"target\":[\"https:\/\/marekkuchcinski.pl\/en\/bez-kategorii\/turniej-ii-rudna-16-sierpnia-2012-r\/\"]}]},{\"@type\":\"ImageObject\",\"inLanguage\":\"cs\",\"@id\":\"https:\/\/marekkuchcinski.pl\/en\/bez-kategorii\/turniej-ii-rudna-16-sierpnia-2012-r\/#primaryimage\",\"url\":\"https:\/\/marekkuchcinski.pl\/wp-content\/uploads\/2012\/08\/pilka-65x65.jpg\",\"contentUrl\":\"https:\/\/marekkuchcinski.pl\/wp-content\/uploads\/2012\/08\/pilka-65x65.jpg\",\"width\":65,\"height\":65},{\"@type\":\"BreadcrumbList\",\"@id\":\"https:\/\/marekkuchcinski.pl\/en\/bez-kategorii\/turniej-ii-rudna-16-sierpnia-2012-r\/#breadcrumb\",\"itemListElement\":[{\"@type\":\"ListItem\",\"position\":1,\"name\":\"Strona g\u0142\u00f3wna\",\"item\":\"https:\/\/marekkuchcinski.pl\/\"},{\"@type\":\"ListItem\",\"position\":2,\"name\":\"Przemy\u015bl &#8211; II runda, 16 sierpnia 2012\"}]},{\"@type\":\"WebSite\",\"@id\":\"https:\/\/marekkuchcinski.pl\/#website\",\"url\":\"https:\/\/marekkuchcinski.pl\/\",\"name\":\"Marek Kuchci\u0144ski\",\"description\":\"Pose\u0142 na sejm RP &ndash; okr\u0119g nr 22\",\"publisher\":{\"@id\":\"https:\/\/marekkuchcinski.pl\/#organization\"},\"potentialAction\":[{\"@type\":\"SearchAction\",\"target\":{\"@type\":\"EntryPoint\",\"urlTemplate\":\"https:\/\/marekkuchcinski.pl\/?s={search_term_string}\"},\"query-input\":{\"@type\":\"PropertyValueSpecification\",\"valueRequired\":true,\"valueName\":\"search_term_string\"}}],\"inLanguage\":\"cs\"},{\"@type\":\"Organization\",\"@id\":\"https:\/\/marekkuchcinski.pl\/#organization\",\"name\":\"Marek Kuchci\u0144ski\",\"url\":\"https:\/\/marekkuchcinski.pl\/\",\"logo\":{\"@type\":\"ImageObject\",\"inLanguage\":\"cs\",\"@id\":\"https:\/\/marekkuchcinski.pl\/#\/schema\/logo\/image\/\",\"url\":\"https:\/\/marekkuchcinski.pl\/wp-content\/uploads\/2022\/09\/Marek.jpg\",\"contentUrl\":\"https:\/\/marekkuchcinski.pl\/wp-content\/uploads\/2022\/09\/Marek.jpg\",\"width\":1600,\"height\":971,\"caption\":\"Marek Kuchci\u0144ski\"},\"image\":{\"@id\":\"https:\/\/marekkuchcinski.pl\/#\/schema\/logo\/image\/\"}},{\"@type\":\"Person\",\"@id\":\"https:\/\/marekkuchcinski.pl\/#\/schema\/person\/6f62700996b4d950b6ea2d1183b6c6be\",\"name\":\"admin\",\"image\":{\"@type\":\"ImageObject\",\"inLanguage\":\"cs\",\"@id\":\"https:\/\/marekkuchcinski.pl\/#\/schema\/person\/image\/\",\"url\":\"https:\/\/secure.gravatar.com\/avatar\/4bab693b9d55c3d6b52c0296a8765085?s=96&d=mm&r=g\",\"contentUrl\":\"https:\/\/secure.gravatar.com\/avatar\/4bab693b9d55c3d6b52c0296a8765085?s=96&d=mm&r=g\",\"caption\":\"admin\"},\"url\":\"https:\/\/marekkuchcinski.pl\/cs\/author\/marta-olejnik\/\"}]}<\/script>\n<!-- \/ Yoast SEO plugin. -->","yoast_head_json":{"title":"Przemy\u015bl - II runda, 16 sierpnia 2012 &#8211; Marek Kuchci\u0144ski","robots":{"index":"index","follow":"follow","max-snippet":"max-snippet:-1","max-image-preview":"max-image-preview:large","max-video-preview":"max-video-preview:-1"},"canonical":"https:\/\/marekkuchcinski.pl\/cs\/bez-kategorii\/turniej-ii-rudna-16-sierpnia-2012-r\/","og_locale":"cs_CZ","og_type":"article","og_title":"Przemy\u015bl - II runda, 16 sierpnia 2012 &#8211; Marek Kuchci\u0144ski","og_description":"9:00 &ndash; sprawy organizacyjne, C-9:30 Four Fun Team &ndash; Pavulon Przemy\u015bl, B-9:50 Szalone Kermity &ndash; Start Typ Sport, C-10:10 Four Fun Team &ndash; Flinstonowie,","og_url":"https:\/\/marekkuchcinski.pl\/cs\/bez-kategorii\/turniej-ii-rudna-16-sierpnia-2012-r\/","og_site_name":"Marek Kuchci\u0144ski","article_published_time":"2012-08-17T07:38:26+00:00","article_modified_time":"2016-08-25T15:00:18+00:00","og_image":[{"width":65,"height":65,"url":"https:\/\/marekkuchcinski.pl\/wp-content\/uploads\/2012\/08\/pilka-65x65.jpg","type":"image\/jpeg"}],"author":"admin","twitter_card":"summary_large_image","twitter_misc":{"Napsal(a)":"admin"},"schema":{"@context":"https:\/\/schema.org","@graph":[{"@type":"Article","@id":"https:\/\/marekkuchcinski.pl\/en\/bez-kategorii\/turniej-ii-rudna-16-sierpnia-2012-r\/#article","isPartOf":{"@id":"https:\/\/marekkuchcinski.pl\/en\/bez-kategorii\/turniej-ii-rudna-16-sierpnia-2012-r\/"},"author":{"name":"admin","@id":"https:\/\/marekkuchcinski.pl\/#\/schema\/person\/6f62700996b4d950b6ea2d1183b6c6be"},"headline":"Przemy\u015bl &#8211; II runda, 16 sierpnia 2012","datePublished":"2012-08-17T07:38:26+00:00","dateModified":"2016-08-25T15:00:18+00:00","mainEntityOfPage":{"@id":"https:\/\/marekkuchcinski.pl\/en\/bez-kategorii\/turniej-ii-rudna-16-sierpnia-2012-r\/"},"wordCount":69,"commentCount":0,"publisher":{"@id":"https:\/\/marekkuchcinski.pl\/#organization"},"image":{"@id":"https:\/\/marekkuchcinski.pl\/en\/bez-kategorii\/turniej-ii-rudna-16-sierpnia-2012-r\/#primaryimage"},"thumbnailUrl":"https:\/\/marekkuchcinski.pl\/wp-content\/uploads\/2012\/08\/pilka-65x65.jpg","articleSection":["Bez kategorii"],"inLanguage":"cs","potentialAction":[{"@type":"CommentAction","name":"Comment","target":["https:\/\/marekkuchcinski.pl\/en\/bez-kategorii\/turniej-ii-rudna-16-sierpnia-2012-r\/#respond"]}]},{"@type":"WebPage","@id":"https:\/\/marekkuchcinski.pl\/en\/bez-kategorii\/turniej-ii-rudna-16-sierpnia-2012-r\/","url":"https:\/\/marekkuchcinski.pl\/en\/bez-kategorii\/turniej-ii-rudna-16-sierpnia-2012-r\/","name":"Przemy\u015bl - II runda, 16 sierpnia 2012 &#8211; Marek Kuchci\u0144ski","isPartOf":{"@id":"https:\/\/marekkuchcinski.pl\/#website"},"primaryImageOfPage":{"@id":"https:\/\/marekkuchcinski.pl\/en\/bez-kategorii\/turniej-ii-rudna-16-sierpnia-2012-r\/#primaryimage"},"image":{"@id":"https:\/\/marekkuchcinski.pl\/en\/bez-kategorii\/turniej-ii-rudna-16-sierpnia-2012-r\/#primaryimage"},"thumbnailUrl":"https:\/\/marekkuchcinski.pl\/wp-content\/uploads\/2012\/08\/pilka-65x65.jpg","datePublished":"2012-08-17T07:38:26+00:00","dateModified":"2016-08-25T15:00:18+00:00","breadcrumb":{"@id":"https:\/\/marekkuchcinski.pl\/en\/bez-kategorii\/turniej-ii-rudna-16-sierpnia-2012-r\/#breadcrumb"},"inLanguage":"cs","potentialAction":[{"@type":"ReadAction","target":["https:\/\/marekkuchcinski.pl\/en\/bez-kategorii\/turniej-ii-rudna-16-sierpnia-2012-r\/"]}]},{"@type":"ImageObject","inLanguage":"cs","@id":"https:\/\/marekkuchcinski.pl\/en\/bez-kategorii\/turniej-ii-rudna-16-sierpnia-2012-r\/#primaryimage","url":"https:\/\/marekkuchcinski.pl\/wp-content\/uploads\/2012\/08\/pilka-65x65.jpg","contentUrl":"https:\/\/marekkuchcinski.pl\/wp-content\/uploads\/2012\/08\/pilka-65x65.jpg","width":65,"height":65},{"@type":"BreadcrumbList","@id":"https:\/\/marekkuchcinski.pl\/en\/bez-kategorii\/turniej-ii-rudna-16-sierpnia-2012-r\/#breadcrumb","itemListElement":[{"@type":"ListItem","position":1,"name":"Strona g\u0142\u00f3wna","item":"https:\/\/marekkuchcinski.pl\/"},{"@type":"ListItem","position":2,"name":"Przemy\u015bl &#8211; II runda, 16 sierpnia 2012"}]},{"@type":"WebSite","@id":"https:\/\/marekkuchcinski.pl\/#website","url":"https:\/\/marekkuchcinski.pl\/","name":"Marek Kuchci\u0144ski","description":"Pose\u0142 na sejm RP &ndash; okr\u0119g nr 22","publisher":{"@id":"https:\/\/marekkuchcinski.pl\/#organization"},"potentialAction":[{"@type":"SearchAction","target":{"@type":"EntryPoint","urlTemplate":"https:\/\/marekkuchcinski.pl\/?s={search_term_string}"},"query-input":{"@type":"PropertyValueSpecification","valueRequired":true,"valueName":"search_term_string"}}],"inLanguage":"cs"},{"@type":"Organization","@id":"https:\/\/marekkuchcinski.pl\/#organization","name":"Marek Kuchci\u0144ski","url":"https:\/\/marekkuchcinski.pl\/","logo":{"@type":"ImageObject","inLanguage":"cs","@id":"https:\/\/marekkuchcinski.pl\/#\/schema\/logo\/image\/","url":"https:\/\/marekkuchcinski.pl\/wp-content\/uploads\/2022\/09\/Marek.jpg","contentUrl":"https:\/\/marekkuchcinski.pl\/wp-content\/uploads\/2022\/09\/Marek.jpg","width":1600,"height":971,"caption":"Marek Kuchci\u0144ski"},"image":{"@id":"https:\/\/marekkuchcinski.pl\/#\/schema\/logo\/image\/"}},{"@type":"Person","@id":"https:\/\/marekkuchcinski.pl\/#\/schema\/person\/6f62700996b4d950b6ea2d1183b6c6be","name":"admin","image":{"@type":"ImageObject","inLanguage":"cs","@id":"https:\/\/marekkuchcinski.pl\/#\/schema\/person\/image\/","url":"https:\/\/secure.gravatar.com\/avatar\/4bab693b9d55c3d6b52c0296a8765085?s=96&d=mm&r=g","contentUrl":"https:\/\/secure.gravatar.com\/avatar\/4bab693b9d55c3d6b52c0296a8765085?s=96&d=mm&r=g","caption":"admin"},"url":"https:\/\/marekkuchcinski.pl\/cs\/author\/marta-olejnik\/"}]}},"_links":{"self":[{"href":"https:\/\/marekkuchcinski.pl\/cs\/wp-json\/wp\/v2\/posts\/226","targetHints":{"allow":["GET"]}}],"collection":[{"href":"https:\/\/marekkuchcinski.pl\/cs\/wp-json\/wp\/v2\/posts"}],"about":[{"href":"https:\/\/marekkuchcinski.pl\/cs\/wp-json\/wp\/v2\/types\/post"}],"author":[{"embeddable":true,"href":"https:\/\/marekkuchcinski.pl\/cs\/wp-json\/wp\/v2\/users\/6"}],"replies":[{"embeddable":true,"href":"https:\/\/marekkuchcinski.pl\/cs\/wp-json\/wp\/v2\/comments?post=226"}],"version-history":[{"count":1,"href":"https:\/\/marekkuchcinski.pl\/cs\/wp-json\/wp\/v2\/posts\/226\/revisions"}],"predecessor-version":[{"id":3144,"href":"https:\/\/marekkuchcinski.pl\/cs\/wp-json\/wp\/v2\/posts\/226\/revisions\/3144"}],"wp:featuredmedia":[{"embeddable":true,"href":"https:\/\/marekkuchcinski.pl\/cs\/wp-json\/wp\/v2\/media\/224"}],"wp:attachment":[{"href":"https:\/\/marekkuchcinski.pl\/cs\/wp-json\/wp\/v2\/media?parent=226"}],"wp:term":[{"taxonomy":"category","embeddable":true,"href":"https:\/\/marekkuchcinski.pl\/cs\/wp-json\/wp\/v2\/categories?post=226"},{"taxonomy":"post_tag","embeddable":true,"href":"https:\/\/marekkuchcinski.pl\/cs\/wp-json\/wp\/v2\/tags?post=226"}],"curies":[{"name":"wp","href":"https:\/\/api.w.org\/{rel}","templated":true}]}}