{"id":22482,"date":"2021-04-21T21:25:55","date_gmt":"2021-04-21T19:25:55","guid":{"rendered":"https:\/\/marekkuchcinski.pl\/?p=22482"},"modified":"2021-04-21T21:36:42","modified_gmt":"2021-04-21T19:36:42","slug":"ponad-174-mln-zl-dla-podkarpacia-w-ramach-rzadowego-funduszu-drog-samorzadowych-na-2021-rok","status":"publish","type":"post","link":"https:\/\/marekkuchcinski.pl\/cs\/wydarzenia\/ponad-174-mln-zl-dla-podkarpacia-w-ramach-rzadowego-funduszu-drog-samorzadowych-na-2021-rok\/","title":{"rendered":"V\u00edce ne\u017e 174 milion\u016f PLN pro Podkarpatskou Rus v r\u00e1mci vl\u00e1dn\u00edho fondu m\u00edstn\u00edch komunikac\u00ed na rok 2021."},"content":{"rendered":"<div class=\"wp-block-image\"><figure class=\"aligncenter size-large\"><a href=\"https:\/\/marekkuchcinski.pl\/wp-content\/uploads\/2021\/04\/fundusz-rozwoju-drog-1-_podkarpackie_end.jpg\"><img fetchpriority=\"high\" decoding=\"async\" width=\"1024\" height=\"576\" src=\"https:\/\/marekkuchcinski.pl\/wp-content\/uploads\/2021\/04\/fundusz-rozwoju-drog-1-_podkarpackie_end-1024x576.jpg\" alt=\"\" class=\"wp-image-22497\" srcset=\"https:\/\/marekkuchcinski.pl\/wp-content\/uploads\/2021\/04\/fundusz-rozwoju-drog-1-_podkarpackie_end-1024x576.jpg 1024w, https:\/\/marekkuchcinski.pl\/wp-content\/uploads\/2021\/04\/fundusz-rozwoju-drog-1-_podkarpackie_end-300x169.jpg 300w, https:\/\/marekkuchcinski.pl\/wp-content\/uploads\/2021\/04\/fundusz-rozwoju-drog-1-_podkarpackie_end-768x432.jpg 768w, https:\/\/marekkuchcinski.pl\/wp-content\/uploads\/2021\/04\/fundusz-rozwoju-drog-1-_podkarpackie_end-1536x864.jpg 1536w, https:\/\/marekkuchcinski.pl\/wp-content\/uploads\/2021\/04\/fundusz-rozwoju-drog-1-_podkarpackie_end-16x9.jpg 16w, https:\/\/marekkuchcinski.pl\/wp-content\/uploads\/2021\/04\/fundusz-rozwoju-drog-1-_podkarpackie_end.jpg 1600w\" sizes=\"(max-width: 1024px) 100vw, 1024px\" \/><\/a><\/figure><\/div>\n\n\n\n<figure class=\"wp-block-table\"><table><tbody><tr><td><\/td><\/tr><\/tbody><\/table><\/figure>\n\n\n\n<p>Vl\u00e1da PiS investuje do silni\u010dn\u00ed infrastruktury! Navzdory systematick\u00e9mu zlep\u0161ov\u00e1n\u00ed je stav polsk\u00fdch m\u00edstn\u00edch komunikac\u00ed st\u00e1le jednou ze z\u00e1kladn\u00edch p\u0159ek\u00e1\u017eek omezuj\u00edc\u00edch zvy\u0161ov\u00e1n\u00ed bezpe\u010dnosti silni\u010dn\u00edho provozu a je faktorem sni\u017euj\u00edc\u00edm hospod\u00e1\u0159skou a investi\u010dn\u00ed aktivitu a konkurenceschopnost region\u016f a jednotliv\u00fdch hospod\u00e1\u0159sk\u00fdch center.<\/p>\n\n\n\n<p>Z\u00e1konem ze dne 23. \u0159\u00edjna 2018 o Vl\u00e1dn\u00edm fondu pro rozvoj silnic (Sb\u00edrka z\u00e1kon\u016f z roku 2020, polo\u017eka 1430, ve zn\u011bn\u00ed pozd\u011bj\u0161\u00edch p\u0159edpis\u016f) byl z\u0159\u00edzen nov\u00fd mechanismus podpory pro jednotky m\u00edstn\u00ed samospr\u00e1vy, kter\u00e9 realizuj\u00ed investice do m\u00edstn\u00edch silnic. Vl\u00e1dn\u00ed fond pro rozvoj silnic (RFRD) je komplexn\u00edm n\u00e1strojem na podporu realizace \u00fakol\u016f na silnic\u00edch spravovan\u00fdch \u00fazemn\u00edmi samospr\u00e1vn\u00fdmi celky. Jej\u00edm c\u00edlem je urychlit budov\u00e1n\u00ed modern\u00ed a bezpe\u010dn\u00e9 silni\u010dn\u00ed infrastruktury na m\u00edstn\u00ed \u00farovni, kter\u00e1 je d\u016fle\u017eit\u00fdm prvkem \u0159\u00e1dn\u00e9ho fungov\u00e1n\u00ed a rozvoje hospod\u00e1\u0159stv\u00ed a p\u0159isp\u00edv\u00e1 ke zlep\u0161en\u00ed \u017eivotn\u00ed \u00farovn\u011b ob\u010dan\u016f.<\/p>\n\n\n\n<p>Z\u0159\u00edzen\u00ed fondu je rovn\u011b\u017e zam\u011b\u0159eno na zlep\u0161en\u00ed bezpe\u010dnosti silni\u010dn\u00edho provozu a technick\u00fdch parametr\u016f s\u00edt\u011b m\u00edstn\u00edch komunikac\u00ed, jako\u017e i na zlep\u0161en\u00ed a zv\u00fd\u0161en\u00ed atraktivity a dostupnosti investi\u010dn\u00edch ploch. Rozvoj m\u00edstn\u00ed silni\u010dn\u00ed infrastruktury je z\u00e1rove\u0148 dopl\u0148kov\u00fdm opat\u0159en\u00edm k iniciativ\u00e1m na vnitrost\u00e1tn\u00ed \u00farovni v oblasti v\u00fdstavby syst\u00e9mu d\u00e1lnic a rychlostn\u00edch silnic, kter\u00e9 p\u0159isp\u00edvaj\u00ed k vytvo\u0159en\u00ed soudr\u017en\u00e9ho a integrovan\u00e9ho dopravn\u00edho syst\u00e9mu.<\/p>\n\n\n\n<p>V r\u00e1mci RFRD obdr\u017e\u00ed Podkarpatsk\u00e9 vojvodstv\u00ed<strong> PLN 174 793 246, 94<\/strong>  v roce 2021 . N\u00ed\u017ee jsou uvedeny investice, na kter\u00e9 budou prost\u0159edky pou\u017eity.<\/p>\n\n\n\n<div class=\"wp-block-file\"><a href=\"https:\/\/marekkuchcinski.pl\/wp-content\/uploads\/2021\/04\/1.-Powiaty-lista-podstawowa-RFRD-2021.pdf\">1.-Counties-basic-list-RFRD-2021<\/a><a href=\"https:\/\/marekkuchcinski.pl\/wp-content\/uploads\/2021\/04\/1.-Powiaty-lista-podstawowa-RFRD-2021.pdf\" class=\"wp-block-file__button\" download>St\u00e1hnout<\/a><\/div>\n\n\n\n<div class=\"wp-block-file\"><a href=\"https:\/\/marekkuchcinski.pl\/wp-content\/uploads\/2021\/04\/2.-Gminy-lista-podstawowa-RFRD-20211.pdf\">2.-Gminy-lista-podstawowa-RFRD-20211<\/a><a href=\"https:\/\/marekkuchcinski.pl\/wp-content\/uploads\/2021\/04\/2.-Gminy-lista-podstawowa-RFRD-20211.pdf\" class=\"wp-block-file__button\" download>St\u00e1hnout<\/a><\/div>\n\n\n\n<figure class=\"wp-block-table\"><table><tbody><tr><td><\/td><\/tr><\/tbody><\/table><\/figure>","protected":false},"excerpt":{"rendered":"<p>Rz\u0105d Prawa i Sprawiedliwo\u015bci inwestuje w infrastruktur\u0119 drogow\u0105! Pomimo systematycznej poprawy, stan polskich dr\u00f3g samorz\u0105dowych wci\u0105\u017c stanowi jedn\u0105 z podstawowych barier ograniczaj\u0105cych wzrost poziomu bezpiecze\u0144stwa ruchu drogowego, a tak\u017ce jest czynnikiem obni\u017caj\u0105cym aktywno\u015b\u0107 gospodarcz\u0105, inwestycyjn\u0105 oraz konkurencyjno\u015b\u0107 region\u00f3w i poszczeg\u00f3lnych o\u015brodk\u00f3w gospodarczych. Ustaw\u0105 z 23 pa\u017adziernika 2018 r. o Rz\u0105dowym Funduszu Rozwoju Dr\u00f3g&nbsp; (Dz. U. [&hellip;]<\/p>","protected":false},"author":21,"featured_media":22507,"comment_status":"open","ping_status":"open","sticky":false,"template":"","format":"standard","meta":{"ngg_post_thumbnail":0,"footnotes":""},"categories":[3],"tags":[],"class_list":["post-22482","post","type-post","status-publish","format-standard","has-post-thumbnail","hentry","category-wydarzenia"],"yoast_head":"<!-- This site is optimized with the Yoast SEO plugin v24.7 - https:\/\/yoast.com\/wordpress\/plugins\/seo\/ -->\n<title>Ponad 174 mln z\u0142 dla Podkarpacia w ramach Rz\u0105dowego Funduszu Dr\u00f3g Samorz\u0105dowych na 2021 rok &#8211; Marek Kuchci\u0144ski<\/title>\n<meta name=\"robots\" content=\"index, follow, max-snippet:-1, max-image-preview:large, max-video-preview:-1\" \/>\n<link rel=\"canonical\" href=\"https:\/\/marekkuchcinski.pl\/cs\/wydarzenia\/ponad-174-mln-zl-dla-podkarpacia-w-ramach-rzadowego-funduszu-drog-samorzadowych-na-2021-rok\/\" \/>\n<meta property=\"og:locale\" content=\"cs_CZ\" \/>\n<meta property=\"og:type\" content=\"article\" \/>\n<meta property=\"og:title\" content=\"Ponad 174 mln z\u0142 dla Podkarpacia w ramach Rz\u0105dowego Funduszu Dr\u00f3g Samorz\u0105dowych na 2021 rok &#8211; Marek Kuchci\u0144ski\" \/>\n<meta property=\"og:description\" content=\"Rz\u0105d Prawa i Sprawiedliwo\u015bci inwestuje w infrastruktur\u0119 drogow\u0105! Pomimo systematycznej poprawy, stan polskich dr\u00f3g samorz\u0105dowych wci\u0105\u017c stanowi jedn\u0105 z podstawowych barier ograniczaj\u0105cych wzrost poziomu bezpiecze\u0144stwa ruchu drogowego, a tak\u017ce jest czynnikiem obni\u017caj\u0105cym aktywno\u015b\u0107 gospodarcz\u0105, inwestycyjn\u0105 oraz konkurencyjno\u015b\u0107 region\u00f3w i poszczeg\u00f3lnych o\u015brodk\u00f3w gospodarczych. Ustaw\u0105 z 23 pa\u017adziernika 2018 r. o Rz\u0105dowym Funduszu Rozwoju Dr\u00f3g&nbsp; (Dz. U. [&hellip;]\" \/>\n<meta property=\"og:url\" content=\"https:\/\/marekkuchcinski.pl\/cs\/wydarzenia\/ponad-174-mln-zl-dla-podkarpacia-w-ramach-rzadowego-funduszu-drog-samorzadowych-na-2021-rok\/\" \/>\n<meta property=\"og:site_name\" content=\"Marek Kuchci\u0144ski\" \/>\n<meta property=\"article:published_time\" content=\"2021-04-21T19:25:55+00:00\" \/>\n<meta property=\"article:modified_time\" content=\"2021-04-21T19:36:42+00:00\" \/>\n<meta property=\"og:image\" content=\"https:\/\/marekkuchcinski.pl\/wp-content\/uploads\/2021\/04\/1.png\" \/>\n\t<meta property=\"og:image:width\" content=\"704\" \/>\n\t<meta property=\"og:image:height\" content=\"431\" \/>\n\t<meta property=\"og:image:type\" content=\"image\/png\" \/>\n<meta name=\"author\" content=\"Marta Olejnik\" \/>\n<meta name=\"twitter:card\" content=\"summary_large_image\" \/>\n<meta name=\"twitter:label1\" content=\"Napsal(a)\" \/>\n\t<meta name=\"twitter:data1\" content=\"Marta Olejnik\" \/>\n\t<meta name=\"twitter:label2\" content=\"Odhadovan\u00e1 doba \u010dten\u00ed\" \/>\n\t<meta name=\"twitter:data2\" content=\"2 minuty\" \/>\n<script type=\"application\/ld+json\" class=\"yoast-schema-graph\">{\"@context\":\"https:\/\/schema.org\",\"@graph\":[{\"@type\":\"Article\",\"@id\":\"https:\/\/marekkuchcinski.pl\/uk\/wydarzenia\/ponad-174-mln-zl-dla-podkarpacia-w-ramach-rzadowego-funduszu-drog-samorzadowych-na-2021-rok\/#article\",\"isPartOf\":{\"@id\":\"https:\/\/marekkuchcinski.pl\/uk\/wydarzenia\/ponad-174-mln-zl-dla-podkarpacia-w-ramach-rzadowego-funduszu-drog-samorzadowych-na-2021-rok\/\"},\"author\":{\"name\":\"Marta Olejnik\",\"@id\":\"https:\/\/marekkuchcinski.pl\/#\/schema\/person\/51d5d4ee3b5317b8e4dd2b48af359229\"},\"headline\":\"Ponad 174 mln z\u0142 dla Podkarpacia w ramach Rz\u0105dowego Funduszu Dr\u00f3g Samorz\u0105dowych na 2021 rok\",\"datePublished\":\"2021-04-21T19:25:55+00:00\",\"dateModified\":\"2021-04-21T19:36:42+00:00\",\"mainEntityOfPage\":{\"@id\":\"https:\/\/marekkuchcinski.pl\/uk\/wydarzenia\/ponad-174-mln-zl-dla-podkarpacia-w-ramach-rzadowego-funduszu-drog-samorzadowych-na-2021-rok\/\"},\"wordCount\":262,\"commentCount\":0,\"publisher\":{\"@id\":\"https:\/\/marekkuchcinski.pl\/#organization\"},\"image\":{\"@id\":\"https:\/\/marekkuchcinski.pl\/uk\/wydarzenia\/ponad-174-mln-zl-dla-podkarpacia-w-ramach-rzadowego-funduszu-drog-samorzadowych-na-2021-rok\/#primaryimage\"},\"thumbnailUrl\":\"https:\/\/marekkuchcinski.pl\/wp-content\/uploads\/2021\/04\/1.png\",\"articleSection\":[\"Wydarzenia\"],\"inLanguage\":\"cs\",\"potentialAction\":[{\"@type\":\"CommentAction\",\"name\":\"Comment\",\"target\":[\"https:\/\/marekkuchcinski.pl\/uk\/wydarzenia\/ponad-174-mln-zl-dla-podkarpacia-w-ramach-rzadowego-funduszu-drog-samorzadowych-na-2021-rok\/#respond\"]}]},{\"@type\":\"WebPage\",\"@id\":\"https:\/\/marekkuchcinski.pl\/uk\/wydarzenia\/ponad-174-mln-zl-dla-podkarpacia-w-ramach-rzadowego-funduszu-drog-samorzadowych-na-2021-rok\/\",\"url\":\"https:\/\/marekkuchcinski.pl\/uk\/wydarzenia\/ponad-174-mln-zl-dla-podkarpacia-w-ramach-rzadowego-funduszu-drog-samorzadowych-na-2021-rok\/\",\"name\":\"Ponad 174 mln z\u0142 dla Podkarpacia w ramach Rz\u0105dowego Funduszu Dr\u00f3g Samorz\u0105dowych na 2021 rok &#8211; Marek Kuchci\u0144ski\",\"isPartOf\":{\"@id\":\"https:\/\/marekkuchcinski.pl\/#website\"},\"primaryImageOfPage\":{\"@id\":\"https:\/\/marekkuchcinski.pl\/uk\/wydarzenia\/ponad-174-mln-zl-dla-podkarpacia-w-ramach-rzadowego-funduszu-drog-samorzadowych-na-2021-rok\/#primaryimage\"},\"image\":{\"@id\":\"https:\/\/marekkuchcinski.pl\/uk\/wydarzenia\/ponad-174-mln-zl-dla-podkarpacia-w-ramach-rzadowego-funduszu-drog-samorzadowych-na-2021-rok\/#primaryimage\"},\"thumbnailUrl\":\"https:\/\/marekkuchcinski.pl\/wp-content\/uploads\/2021\/04\/1.png\",\"datePublished\":\"2021-04-21T19:25:55+00:00\",\"dateModified\":\"2021-04-21T19:36:42+00:00\",\"breadcrumb\":{\"@id\":\"https:\/\/marekkuchcinski.pl\/uk\/wydarzenia\/ponad-174-mln-zl-dla-podkarpacia-w-ramach-rzadowego-funduszu-drog-samorzadowych-na-2021-rok\/#breadcrumb\"},\"inLanguage\":\"cs\",\"potentialAction\":[{\"@type\":\"ReadAction\",\"target\":[\"https:\/\/marekkuchcinski.pl\/uk\/wydarzenia\/ponad-174-mln-zl-dla-podkarpacia-w-ramach-rzadowego-funduszu-drog-samorzadowych-na-2021-rok\/\"]}]},{\"@type\":\"ImageObject\",\"inLanguage\":\"cs\",\"@id\":\"https:\/\/marekkuchcinski.pl\/uk\/wydarzenia\/ponad-174-mln-zl-dla-podkarpacia-w-ramach-rzadowego-funduszu-drog-samorzadowych-na-2021-rok\/#primaryimage\",\"url\":\"https:\/\/marekkuchcinski.pl\/wp-content\/uploads\/2021\/04\/1.png\",\"contentUrl\":\"https:\/\/marekkuchcinski.pl\/wp-content\/uploads\/2021\/04\/1.png\",\"width\":704,\"height\":431},{\"@type\":\"BreadcrumbList\",\"@id\":\"https:\/\/marekkuchcinski.pl\/uk\/wydarzenia\/ponad-174-mln-zl-dla-podkarpacia-w-ramach-rzadowego-funduszu-drog-samorzadowych-na-2021-rok\/#breadcrumb\",\"itemListElement\":[{\"@type\":\"ListItem\",\"position\":1,\"name\":\"Strona g\u0142\u00f3wna\",\"item\":\"https:\/\/marekkuchcinski.pl\/\"},{\"@type\":\"ListItem\",\"position\":2,\"name\":\"Ponad 174 mln z\u0142 dla Podkarpacia w ramach Rz\u0105dowego Funduszu Dr\u00f3g Samorz\u0105dowych na 2021 rok\"}]},{\"@type\":\"WebSite\",\"@id\":\"https:\/\/marekkuchcinski.pl\/#website\",\"url\":\"https:\/\/marekkuchcinski.pl\/\",\"name\":\"Marek Kuchci\u0144ski\",\"description\":\"Pose\u0142 na sejm RP &ndash; okr\u0119g nr 22\",\"publisher\":{\"@id\":\"https:\/\/marekkuchcinski.pl\/#organization\"},\"potentialAction\":[{\"@type\":\"SearchAction\",\"target\":{\"@type\":\"EntryPoint\",\"urlTemplate\":\"https:\/\/marekkuchcinski.pl\/?s={search_term_string}\"},\"query-input\":{\"@type\":\"PropertyValueSpecification\",\"valueRequired\":true,\"valueName\":\"search_term_string\"}}],\"inLanguage\":\"cs\"},{\"@type\":\"Organization\",\"@id\":\"https:\/\/marekkuchcinski.pl\/#organization\",\"name\":\"Marek Kuchci\u0144ski\",\"url\":\"https:\/\/marekkuchcinski.pl\/\",\"logo\":{\"@type\":\"ImageObject\",\"inLanguage\":\"cs\",\"@id\":\"https:\/\/marekkuchcinski.pl\/#\/schema\/logo\/image\/\",\"url\":\"https:\/\/marekkuchcinski.pl\/wp-content\/uploads\/2022\/09\/Marek.jpg\",\"contentUrl\":\"https:\/\/marekkuchcinski.pl\/wp-content\/uploads\/2022\/09\/Marek.jpg\",\"width\":1600,\"height\":971,\"caption\":\"Marek Kuchci\u0144ski\"},\"image\":{\"@id\":\"https:\/\/marekkuchcinski.pl\/#\/schema\/logo\/image\/\"}},{\"@type\":\"Person\",\"@id\":\"https:\/\/marekkuchcinski.pl\/#\/schema\/person\/51d5d4ee3b5317b8e4dd2b48af359229\",\"name\":\"Marta Olejnik\",\"image\":{\"@type\":\"ImageObject\",\"inLanguage\":\"cs\",\"@id\":\"https:\/\/marekkuchcinski.pl\/#\/schema\/person\/image\/\",\"url\":\"https:\/\/secure.gravatar.com\/avatar\/e39914b2aa6a48959e24d475b5dc9793?s=96&d=mm&r=g\",\"contentUrl\":\"https:\/\/secure.gravatar.com\/avatar\/e39914b2aa6a48959e24d475b5dc9793?s=96&d=mm&r=g\",\"caption\":\"Marta Olejnik\"},\"url\":\"https:\/\/marekkuchcinski.pl\/cs\/author\/marta\/\"}]}<\/script>\n<!-- \/ Yoast SEO plugin. -->","yoast_head_json":{"title":"Ponad 174 mln z\u0142 dla Podkarpacia w ramach Rz\u0105dowego Funduszu Dr\u00f3g Samorz\u0105dowych na 2021 rok &#8211; Marek Kuchci\u0144ski","robots":{"index":"index","follow":"follow","max-snippet":"max-snippet:-1","max-image-preview":"max-image-preview:large","max-video-preview":"max-video-preview:-1"},"canonical":"https:\/\/marekkuchcinski.pl\/cs\/wydarzenia\/ponad-174-mln-zl-dla-podkarpacia-w-ramach-rzadowego-funduszu-drog-samorzadowych-na-2021-rok\/","og_locale":"cs_CZ","og_type":"article","og_title":"Ponad 174 mln z\u0142 dla Podkarpacia w ramach Rz\u0105dowego Funduszu Dr\u00f3g Samorz\u0105dowych na 2021 rok &#8211; Marek Kuchci\u0144ski","og_description":"Rz\u0105d Prawa i Sprawiedliwo\u015bci inwestuje w infrastruktur\u0119 drogow\u0105! Pomimo systematycznej poprawy, stan polskich dr\u00f3g samorz\u0105dowych wci\u0105\u017c stanowi jedn\u0105 z podstawowych barier ograniczaj\u0105cych wzrost poziomu bezpiecze\u0144stwa ruchu drogowego, a tak\u017ce jest czynnikiem obni\u017caj\u0105cym aktywno\u015b\u0107 gospodarcz\u0105, inwestycyjn\u0105 oraz konkurencyjno\u015b\u0107 region\u00f3w i poszczeg\u00f3lnych o\u015brodk\u00f3w gospodarczych. Ustaw\u0105 z 23 pa\u017adziernika 2018 r. o Rz\u0105dowym Funduszu Rozwoju Dr\u00f3g&nbsp; (Dz. U. [&hellip;]","og_url":"https:\/\/marekkuchcinski.pl\/cs\/wydarzenia\/ponad-174-mln-zl-dla-podkarpacia-w-ramach-rzadowego-funduszu-drog-samorzadowych-na-2021-rok\/","og_site_name":"Marek Kuchci\u0144ski","article_published_time":"2021-04-21T19:25:55+00:00","article_modified_time":"2021-04-21T19:36:42+00:00","og_image":[{"width":704,"height":431,"url":"https:\/\/marekkuchcinski.pl\/wp-content\/uploads\/2021\/04\/1.png","type":"image\/png"}],"author":"Marta Olejnik","twitter_card":"summary_large_image","twitter_misc":{"Napsal(a)":"Marta Olejnik","Odhadovan\u00e1 doba \u010dten\u00ed":"2 minuty"},"schema":{"@context":"https:\/\/schema.org","@graph":[{"@type":"Article","@id":"https:\/\/marekkuchcinski.pl\/uk\/wydarzenia\/ponad-174-mln-zl-dla-podkarpacia-w-ramach-rzadowego-funduszu-drog-samorzadowych-na-2021-rok\/#article","isPartOf":{"@id":"https:\/\/marekkuchcinski.pl\/uk\/wydarzenia\/ponad-174-mln-zl-dla-podkarpacia-w-ramach-rzadowego-funduszu-drog-samorzadowych-na-2021-rok\/"},"author":{"name":"Marta Olejnik","@id":"https:\/\/marekkuchcinski.pl\/#\/schema\/person\/51d5d4ee3b5317b8e4dd2b48af359229"},"headline":"Ponad 174 mln z\u0142 dla Podkarpacia w ramach Rz\u0105dowego Funduszu Dr\u00f3g Samorz\u0105dowych na 2021 rok","datePublished":"2021-04-21T19:25:55+00:00","dateModified":"2021-04-21T19:36:42+00:00","mainEntityOfPage":{"@id":"https:\/\/marekkuchcinski.pl\/uk\/wydarzenia\/ponad-174-mln-zl-dla-podkarpacia-w-ramach-rzadowego-funduszu-drog-samorzadowych-na-2021-rok\/"},"wordCount":262,"commentCount":0,"publisher":{"@id":"https:\/\/marekkuchcinski.pl\/#organization"},"image":{"@id":"https:\/\/marekkuchcinski.pl\/uk\/wydarzenia\/ponad-174-mln-zl-dla-podkarpacia-w-ramach-rzadowego-funduszu-drog-samorzadowych-na-2021-rok\/#primaryimage"},"thumbnailUrl":"https:\/\/marekkuchcinski.pl\/wp-content\/uploads\/2021\/04\/1.png","articleSection":["Wydarzenia"],"inLanguage":"cs","potentialAction":[{"@type":"CommentAction","name":"Comment","target":["https:\/\/marekkuchcinski.pl\/uk\/wydarzenia\/ponad-174-mln-zl-dla-podkarpacia-w-ramach-rzadowego-funduszu-drog-samorzadowych-na-2021-rok\/#respond"]}]},{"@type":"WebPage","@id":"https:\/\/marekkuchcinski.pl\/uk\/wydarzenia\/ponad-174-mln-zl-dla-podkarpacia-w-ramach-rzadowego-funduszu-drog-samorzadowych-na-2021-rok\/","url":"https:\/\/marekkuchcinski.pl\/uk\/wydarzenia\/ponad-174-mln-zl-dla-podkarpacia-w-ramach-rzadowego-funduszu-drog-samorzadowych-na-2021-rok\/","name":"Ponad 174 mln z\u0142 dla Podkarpacia w ramach Rz\u0105dowego Funduszu Dr\u00f3g Samorz\u0105dowych na 2021 rok &#8211; Marek Kuchci\u0144ski","isPartOf":{"@id":"https:\/\/marekkuchcinski.pl\/#website"},"primaryImageOfPage":{"@id":"https:\/\/marekkuchcinski.pl\/uk\/wydarzenia\/ponad-174-mln-zl-dla-podkarpacia-w-ramach-rzadowego-funduszu-drog-samorzadowych-na-2021-rok\/#primaryimage"},"image":{"@id":"https:\/\/marekkuchcinski.pl\/uk\/wydarzenia\/ponad-174-mln-zl-dla-podkarpacia-w-ramach-rzadowego-funduszu-drog-samorzadowych-na-2021-rok\/#primaryimage"},"thumbnailUrl":"https:\/\/marekkuchcinski.pl\/wp-content\/uploads\/2021\/04\/1.png","datePublished":"2021-04-21T19:25:55+00:00","dateModified":"2021-04-21T19:36:42+00:00","breadcrumb":{"@id":"https:\/\/marekkuchcinski.pl\/uk\/wydarzenia\/ponad-174-mln-zl-dla-podkarpacia-w-ramach-rzadowego-funduszu-drog-samorzadowych-na-2021-rok\/#breadcrumb"},"inLanguage":"cs","potentialAction":[{"@type":"ReadAction","target":["https:\/\/marekkuchcinski.pl\/uk\/wydarzenia\/ponad-174-mln-zl-dla-podkarpacia-w-ramach-rzadowego-funduszu-drog-samorzadowych-na-2021-rok\/"]}]},{"@type":"ImageObject","inLanguage":"cs","@id":"https:\/\/marekkuchcinski.pl\/uk\/wydarzenia\/ponad-174-mln-zl-dla-podkarpacia-w-ramach-rzadowego-funduszu-drog-samorzadowych-na-2021-rok\/#primaryimage","url":"https:\/\/marekkuchcinski.pl\/wp-content\/uploads\/2021\/04\/1.png","contentUrl":"https:\/\/marekkuchcinski.pl\/wp-content\/uploads\/2021\/04\/1.png","width":704,"height":431},{"@type":"BreadcrumbList","@id":"https:\/\/marekkuchcinski.pl\/uk\/wydarzenia\/ponad-174-mln-zl-dla-podkarpacia-w-ramach-rzadowego-funduszu-drog-samorzadowych-na-2021-rok\/#breadcrumb","itemListElement":[{"@type":"ListItem","position":1,"name":"Strona g\u0142\u00f3wna","item":"https:\/\/marekkuchcinski.pl\/"},{"@type":"ListItem","position":2,"name":"Ponad 174 mln z\u0142 dla Podkarpacia w ramach Rz\u0105dowego Funduszu Dr\u00f3g Samorz\u0105dowych na 2021 rok"}]},{"@type":"WebSite","@id":"https:\/\/marekkuchcinski.pl\/#website","url":"https:\/\/marekkuchcinski.pl\/","name":"Marek Kuchci\u0144ski","description":"Pose\u0142 na sejm RP &ndash; okr\u0119g nr 22","publisher":{"@id":"https:\/\/marekkuchcinski.pl\/#organization"},"potentialAction":[{"@type":"SearchAction","target":{"@type":"EntryPoint","urlTemplate":"https:\/\/marekkuchcinski.pl\/?s={search_term_string}"},"query-input":{"@type":"PropertyValueSpecification","valueRequired":true,"valueName":"search_term_string"}}],"inLanguage":"cs"},{"@type":"Organization","@id":"https:\/\/marekkuchcinski.pl\/#organization","name":"Marek Kuchci\u0144ski","url":"https:\/\/marekkuchcinski.pl\/","logo":{"@type":"ImageObject","inLanguage":"cs","@id":"https:\/\/marekkuchcinski.pl\/#\/schema\/logo\/image\/","url":"https:\/\/marekkuchcinski.pl\/wp-content\/uploads\/2022\/09\/Marek.jpg","contentUrl":"https:\/\/marekkuchcinski.pl\/wp-content\/uploads\/2022\/09\/Marek.jpg","width":1600,"height":971,"caption":"Marek Kuchci\u0144ski"},"image":{"@id":"https:\/\/marekkuchcinski.pl\/#\/schema\/logo\/image\/"}},{"@type":"Person","@id":"https:\/\/marekkuchcinski.pl\/#\/schema\/person\/51d5d4ee3b5317b8e4dd2b48af359229","name":"Marta Olejnik","image":{"@type":"ImageObject","inLanguage":"cs","@id":"https:\/\/marekkuchcinski.pl\/#\/schema\/person\/image\/","url":"https:\/\/secure.gravatar.com\/avatar\/e39914b2aa6a48959e24d475b5dc9793?s=96&d=mm&r=g","contentUrl":"https:\/\/secure.gravatar.com\/avatar\/e39914b2aa6a48959e24d475b5dc9793?s=96&d=mm&r=g","caption":"Marta Olejnik"},"url":"https:\/\/marekkuchcinski.pl\/cs\/author\/marta\/"}]}},"_links":{"self":[{"href":"https:\/\/marekkuchcinski.pl\/cs\/wp-json\/wp\/v2\/posts\/22482","targetHints":{"allow":["GET"]}}],"collection":[{"href":"https:\/\/marekkuchcinski.pl\/cs\/wp-json\/wp\/v2\/posts"}],"about":[{"href":"https:\/\/marekkuchcinski.pl\/cs\/wp-json\/wp\/v2\/types\/post"}],"author":[{"embeddable":true,"href":"https:\/\/marekkuchcinski.pl\/cs\/wp-json\/wp\/v2\/users\/21"}],"replies":[{"embeddable":true,"href":"https:\/\/marekkuchcinski.pl\/cs\/wp-json\/wp\/v2\/comments?post=22482"}],"version-history":[{"count":15,"href":"https:\/\/marekkuchcinski.pl\/cs\/wp-json\/wp\/v2\/posts\/22482\/revisions"}],"predecessor-version":[{"id":22508,"href":"https:\/\/marekkuchcinski.pl\/cs\/wp-json\/wp\/v2\/posts\/22482\/revisions\/22508"}],"wp:featuredmedia":[{"embeddable":true,"href":"https:\/\/marekkuchcinski.pl\/cs\/wp-json\/wp\/v2\/media\/22507"}],"wp:attachment":[{"href":"https:\/\/marekkuchcinski.pl\/cs\/wp-json\/wp\/v2\/media?parent=22482"}],"wp:term":[{"taxonomy":"category","embeddable":true,"href":"https:\/\/marekkuchcinski.pl\/cs\/wp-json\/wp\/v2\/categories?post=22482"},{"taxonomy":"post_tag","embeddable":true,"href":"https:\/\/marekkuchcinski.pl\/cs\/wp-json\/wp\/v2\/tags?post=22482"}],"curies":[{"name":"wp","href":"https:\/\/api.w.org\/{rel}","templated":true}]}}