{"id":22323,"date":"2021-04-01T09:41:11","date_gmt":"2021-04-01T07:41:11","guid":{"rendered":"https:\/\/marekkuchcinski.pl\/?p=22323"},"modified":"2021-04-01T09:42:13","modified_gmt":"2021-04-01T07:42:13","slug":"sprawna-i-bezpieczna-komunikacja-bircza-zyska-nowoczesne-mosty","status":"publish","type":"post","link":"https:\/\/marekkuchcinski.pl\/cs\/badania-spoleczne\/sprawna-i-bezpieczna-komunikacja-bircza-zyska-nowoczesne-mosty\/","title":{"rendered":"Efektivn\u00ed a bezpe\u010dn\u00e1 komunikace - Bircza z\u00edsk\u00e1 modern\u00ed mosty"},"content":{"rendered":"<p>Na Ministerstvu infrastruktury podepsali Marek Kuchci\u0144ski a st\u00e1tn\u00ed tajemn\u00edk Rafa\u0142 Weber investi\u010dn\u00ed program na v\u00fdstavbu most\u016f na st\u00e1tn\u00ed silnici \u010d. 28 v Birczi. Budou postaveny dva modern\u00ed mosty s p\u0159\u00edstupov\u00fdmi cestami a chodn\u00edky. Krom\u011b toho bude rekonstruov\u00e1n autobusov\u00fd z\u00e1liv. St\u00e1vaj\u00edc\u00ed mosty ohro\u017euj\u00ed bezpe\u010dnost dopravy, a to je d\u016fle\u017eit\u00e1 trasa na jihu Podkarpatsk\u00e9 Rusi. Spojuje velk\u00e1 m\u011bsta jako Przemy\u015bl, Sanok, Krosno a Jaslo. Zlep\u0161en\u00ed parametr\u016f usnadn\u00ed ka\u017edodenn\u00ed komunikaci a zv\u00fd\u0161\u00ed bezpe\u010dnost p\u0159echodu. Vl\u00e1da PiS si uv\u011bdomuje pot\u0159eby obyvatel na\u0161eho vojvodstv\u00ed a ne\u0161et\u0159\u00ed na investic\u00edch. Realizace projektu je pl\u00e1nov\u00e1na na roky 2023 a\u017e 2024, b\u011bhem nich\u017e budou k dispozici bezpe\u010dn\u00e9 obj\u00edzdn\u00e9 trasy.<\/p>\n\n\n\n<p><em>mo<\/em><\/p>\n\n\n\n<figure class=\"wp-block-image size-large\"><a href=\"https:\/\/marekkuchcinski.pl\/wp-content\/uploads\/2021\/04\/IMG_8825.jpg\"><img fetchpriority=\"high\" decoding=\"async\" width=\"1024\" height=\"681\" src=\"https:\/\/marekkuchcinski.pl\/wp-content\/uploads\/2021\/04\/IMG_8825-1024x681.jpg\" alt=\"\" class=\"wp-image-22326\" srcset=\"https:\/\/marekkuchcinski.pl\/wp-content\/uploads\/2021\/04\/IMG_8825-1024x681.jpg 1024w, https:\/\/marekkuchcinski.pl\/wp-content\/uploads\/2021\/04\/IMG_8825-300x200.jpg 300w, https:\/\/marekkuchcinski.pl\/wp-content\/uploads\/2021\/04\/IMG_8825-768x511.jpg 768w, https:\/\/marekkuchcinski.pl\/wp-content\/uploads\/2021\/04\/IMG_8825-1536x1022.jpg 1536w, https:\/\/marekkuchcinski.pl\/wp-content\/uploads\/2021\/04\/IMG_8825-16x12.jpg 16w, https:\/\/marekkuchcinski.pl\/wp-content\/uploads\/2021\/04\/IMG_8825.jpg 1623w\" sizes=\"(max-width: 1024px) 100vw, 1024px\" \/><\/a><\/figure>\n\n\n\n<figure class=\"wp-block-image size-large\"><a href=\"https:\/\/marekkuchcinski.pl\/wp-content\/uploads\/2021\/04\/IMG_8870-1.jpg\"><img decoding=\"async\" width=\"1024\" height=\"681\" src=\"https:\/\/marekkuchcinski.pl\/wp-content\/uploads\/2021\/04\/IMG_8870-1-1024x681.jpg\" alt=\"\" class=\"wp-image-22327\" srcset=\"https:\/\/marekkuchcinski.pl\/wp-content\/uploads\/2021\/04\/IMG_8870-1-1024x681.jpg 1024w, https:\/\/marekkuchcinski.pl\/wp-content\/uploads\/2021\/04\/IMG_8870-1-300x200.jpg 300w, https:\/\/marekkuchcinski.pl\/wp-content\/uploads\/2021\/04\/IMG_8870-1-768x511.jpg 768w, https:\/\/marekkuchcinski.pl\/wp-content\/uploads\/2021\/04\/IMG_8870-1-1536x1022.jpg 1536w, https:\/\/marekkuchcinski.pl\/wp-content\/uploads\/2021\/04\/IMG_8870-1-16x12.jpg 16w, https:\/\/marekkuchcinski.pl\/wp-content\/uploads\/2021\/04\/IMG_8870-1.jpg 1623w\" sizes=\"(max-width: 1024px) 100vw, 1024px\" \/><\/a><\/figure>","protected":false},"excerpt":{"rendered":"<p>Na Ministerstvu infrastruktury podepsali Marek Kuchci\u0144ski a st\u00e1tn\u00ed tajemn\u00edk Rafa\u0142 Weber investi\u010dn\u00ed program na v\u00fdstavbu most\u016f na st\u00e1tn\u00ed silnici 28 v Birczi. Budou postaveny dva modern\u00ed mosty s p\u0159\u00edstupov\u00fdmi cestami a chodn\u00edky. Krom\u011b toho bude p\u0159estav\u011bn autobusov\u00fd z\u00e1liv. St\u00e1vaj\u00edc\u00ed mosty ohro\u017euj\u00ed bezpe\u010dnost dopravy, a to je d\u016fle\u017eit\u00e1 trasa na jihu Podkarpatsk\u00e9ho vojvodstv\u00ed. Komunikuje s velk\u00fdmi m\u011bsty, jako je [...]<\/p>","protected":false},"author":21,"featured_media":22325,"comment_status":"open","ping_status":"open","sticky":false,"template":"","format":"standard","meta":{"ngg_post_thumbnail":0,"footnotes":""},"categories":[83,49,82,3],"tags":[],"class_list":["post-22323","post","type-post","status-publish","format-standard","has-post-thumbnail","hentry","category-badania-spoleczne","category-podkarpacie","category-prawo-i-sprawiedliwosc","category-wydarzenia"],"yoast_head":"<!-- This site is optimized with the Yoast SEO plugin v24.7 - https:\/\/yoast.com\/wordpress\/plugins\/seo\/ -->\n<title>Sprawna i bezpieczna komunikacja - Bircza zyska nowoczesne mosty &#8211; Marek Kuchci\u0144ski<\/title>\n<meta name=\"robots\" content=\"index, follow, max-snippet:-1, max-image-preview:large, max-video-preview:-1\" \/>\n<link rel=\"canonical\" href=\"https:\/\/marekkuchcinski.pl\/cs\/badania-spoleczne\/sprawna-i-bezpieczna-komunikacja-bircza-zyska-nowoczesne-mosty\/\" \/>\n<meta property=\"og:locale\" content=\"cs_CZ\" \/>\n<meta property=\"og:type\" content=\"article\" \/>\n<meta property=\"og:title\" content=\"Sprawna i bezpieczna komunikacja - Bircza zyska nowoczesne mosty &#8211; Marek Kuchci\u0144ski\" \/>\n<meta property=\"og:description\" content=\"W Ministerstwie Infrastruktury Marek Kuchci\u0144ski i sekretarz stanu Rafa\u0142 Weber podpisali Program inwestycji dotycz\u0105cy budowy most\u00f3w na drodze krajowej nr 28 w miejscowo\u015bci Bircza. Powstan\u0105 dwa nowoczesne mosty z drogami dojazdowymi i chodnikami. Dodatkowo zostanie przebudowana zatoka autobusowa. Istniej\u0105ce mosty zagra\u017caj\u0105 bezpiecze\u0144stwu ruchu, a to wa\u017cny szlak na po\u0142udniu woj. podkarpackiego. Komunikuje du\u017ce miasta, takie [&hellip;]\" \/>\n<meta property=\"og:url\" content=\"https:\/\/marekkuchcinski.pl\/cs\/badania-spoleczne\/sprawna-i-bezpieczna-komunikacja-bircza-zyska-nowoczesne-mosty\/\" \/>\n<meta property=\"og:site_name\" content=\"Marek Kuchci\u0144ski\" \/>\n<meta property=\"article:published_time\" content=\"2021-04-01T07:41:11+00:00\" \/>\n<meta property=\"article:modified_time\" content=\"2021-04-01T07:42:13+00:00\" \/>\n<meta property=\"og:image\" content=\"https:\/\/marekkuchcinski.pl\/wp-content\/uploads\/2021\/04\/IMG_8870.jpg\" \/>\n\t<meta property=\"og:image:width\" content=\"1623\" \/>\n\t<meta property=\"og:image:height\" content=\"1080\" \/>\n\t<meta property=\"og:image:type\" content=\"image\/jpeg\" \/>\n<meta name=\"author\" content=\"Marta Olejnik\" \/>\n<meta name=\"twitter:card\" content=\"summary_large_image\" \/>\n<meta name=\"twitter:label1\" content=\"Napsal(a)\" \/>\n\t<meta name=\"twitter:data1\" content=\"Marta Olejnik\" \/>\n\t<meta name=\"twitter:label2\" content=\"Odhadovan\u00e1 doba \u010dten\u00ed\" \/>\n\t<meta name=\"twitter:data2\" content=\"1 minuta\" \/>\n<script type=\"application\/ld+json\" class=\"yoast-schema-graph\">{\"@context\":\"https:\/\/schema.org\",\"@graph\":[{\"@type\":\"Article\",\"@id\":\"https:\/\/marekkuchcinski.pl\/sk\/badania-spoleczne\/sprawna-i-bezpieczna-komunikacja-bircza-zyska-nowoczesne-mosty\/#article\",\"isPartOf\":{\"@id\":\"https:\/\/marekkuchcinski.pl\/sk\/badania-spoleczne\/sprawna-i-bezpieczna-komunikacja-bircza-zyska-nowoczesne-mosty\/\"},\"author\":{\"name\":\"Marta Olejnik\",\"@id\":\"https:\/\/marekkuchcinski.pl\/#\/schema\/person\/51d5d4ee3b5317b8e4dd2b48af359229\"},\"headline\":\"Sprawna i bezpieczna komunikacja &#8211; Bircza zyska nowoczesne mosty\",\"datePublished\":\"2021-04-01T07:41:11+00:00\",\"dateModified\":\"2021-04-01T07:42:13+00:00\",\"mainEntityOfPage\":{\"@id\":\"https:\/\/marekkuchcinski.pl\/sk\/badania-spoleczne\/sprawna-i-bezpieczna-komunikacja-bircza-zyska-nowoczesne-mosty\/\"},\"wordCount\":134,\"commentCount\":0,\"publisher\":{\"@id\":\"https:\/\/marekkuchcinski.pl\/#organization\"},\"image\":{\"@id\":\"https:\/\/marekkuchcinski.pl\/sk\/badania-spoleczne\/sprawna-i-bezpieczna-komunikacja-bircza-zyska-nowoczesne-mosty\/#primaryimage\"},\"thumbnailUrl\":\"https:\/\/marekkuchcinski.pl\/wp-content\/uploads\/2021\/04\/IMG_8870.jpg\",\"articleSection\":[\"Badania spo\u0142eczne\",\"Podkarpacie\",\"Prawo i Sprawiedliwo\u015b\u0107\",\"Wydarzenia\"],\"inLanguage\":\"cs\",\"potentialAction\":[{\"@type\":\"CommentAction\",\"name\":\"Comment\",\"target\":[\"https:\/\/marekkuchcinski.pl\/sk\/badania-spoleczne\/sprawna-i-bezpieczna-komunikacja-bircza-zyska-nowoczesne-mosty\/#respond\"]}]},{\"@type\":\"WebPage\",\"@id\":\"https:\/\/marekkuchcinski.pl\/sk\/badania-spoleczne\/sprawna-i-bezpieczna-komunikacja-bircza-zyska-nowoczesne-mosty\/\",\"url\":\"https:\/\/marekkuchcinski.pl\/sk\/badania-spoleczne\/sprawna-i-bezpieczna-komunikacja-bircza-zyska-nowoczesne-mosty\/\",\"name\":\"Sprawna i bezpieczna komunikacja - Bircza zyska nowoczesne mosty &#8211; Marek Kuchci\u0144ski\",\"isPartOf\":{\"@id\":\"https:\/\/marekkuchcinski.pl\/#website\"},\"primaryImageOfPage\":{\"@id\":\"https:\/\/marekkuchcinski.pl\/sk\/badania-spoleczne\/sprawna-i-bezpieczna-komunikacja-bircza-zyska-nowoczesne-mosty\/#primaryimage\"},\"image\":{\"@id\":\"https:\/\/marekkuchcinski.pl\/sk\/badania-spoleczne\/sprawna-i-bezpieczna-komunikacja-bircza-zyska-nowoczesne-mosty\/#primaryimage\"},\"thumbnailUrl\":\"https:\/\/marekkuchcinski.pl\/wp-content\/uploads\/2021\/04\/IMG_8870.jpg\",\"datePublished\":\"2021-04-01T07:41:11+00:00\",\"dateModified\":\"2021-04-01T07:42:13+00:00\",\"breadcrumb\":{\"@id\":\"https:\/\/marekkuchcinski.pl\/sk\/badania-spoleczne\/sprawna-i-bezpieczna-komunikacja-bircza-zyska-nowoczesne-mosty\/#breadcrumb\"},\"inLanguage\":\"cs\",\"potentialAction\":[{\"@type\":\"ReadAction\",\"target\":[\"https:\/\/marekkuchcinski.pl\/sk\/badania-spoleczne\/sprawna-i-bezpieczna-komunikacja-bircza-zyska-nowoczesne-mosty\/\"]}]},{\"@type\":\"ImageObject\",\"inLanguage\":\"cs\",\"@id\":\"https:\/\/marekkuchcinski.pl\/sk\/badania-spoleczne\/sprawna-i-bezpieczna-komunikacja-bircza-zyska-nowoczesne-mosty\/#primaryimage\",\"url\":\"https:\/\/marekkuchcinski.pl\/wp-content\/uploads\/2021\/04\/IMG_8870.jpg\",\"contentUrl\":\"https:\/\/marekkuchcinski.pl\/wp-content\/uploads\/2021\/04\/IMG_8870.jpg\",\"width\":1623,\"height\":1080},{\"@type\":\"BreadcrumbList\",\"@id\":\"https:\/\/marekkuchcinski.pl\/sk\/badania-spoleczne\/sprawna-i-bezpieczna-komunikacja-bircza-zyska-nowoczesne-mosty\/#breadcrumb\",\"itemListElement\":[{\"@type\":\"ListItem\",\"position\":1,\"name\":\"Strona g\u0142\u00f3wna\",\"item\":\"https:\/\/marekkuchcinski.pl\/\"},{\"@type\":\"ListItem\",\"position\":2,\"name\":\"Sprawna i bezpieczna komunikacja &#8211; Bircza zyska nowoczesne mosty\"}]},{\"@type\":\"WebSite\",\"@id\":\"https:\/\/marekkuchcinski.pl\/#website\",\"url\":\"https:\/\/marekkuchcinski.pl\/\",\"name\":\"Marek Kuchci\u0144ski\",\"description\":\"Pose\u0142 na sejm RP &ndash; okr\u0119g nr 22\",\"publisher\":{\"@id\":\"https:\/\/marekkuchcinski.pl\/#organization\"},\"potentialAction\":[{\"@type\":\"SearchAction\",\"target\":{\"@type\":\"EntryPoint\",\"urlTemplate\":\"https:\/\/marekkuchcinski.pl\/?s={search_term_string}\"},\"query-input\":{\"@type\":\"PropertyValueSpecification\",\"valueRequired\":true,\"valueName\":\"search_term_string\"}}],\"inLanguage\":\"cs\"},{\"@type\":\"Organization\",\"@id\":\"https:\/\/marekkuchcinski.pl\/#organization\",\"name\":\"Marek Kuchci\u0144ski\",\"url\":\"https:\/\/marekkuchcinski.pl\/\",\"logo\":{\"@type\":\"ImageObject\",\"inLanguage\":\"cs\",\"@id\":\"https:\/\/marekkuchcinski.pl\/#\/schema\/logo\/image\/\",\"url\":\"https:\/\/marekkuchcinski.pl\/wp-content\/uploads\/2022\/09\/Marek.jpg\",\"contentUrl\":\"https:\/\/marekkuchcinski.pl\/wp-content\/uploads\/2022\/09\/Marek.jpg\",\"width\":1600,\"height\":971,\"caption\":\"Marek Kuchci\u0144ski\"},\"image\":{\"@id\":\"https:\/\/marekkuchcinski.pl\/#\/schema\/logo\/image\/\"}},{\"@type\":\"Person\",\"@id\":\"https:\/\/marekkuchcinski.pl\/#\/schema\/person\/51d5d4ee3b5317b8e4dd2b48af359229\",\"name\":\"Marta Olejnik\",\"image\":{\"@type\":\"ImageObject\",\"inLanguage\":\"cs\",\"@id\":\"https:\/\/marekkuchcinski.pl\/#\/schema\/person\/image\/\",\"url\":\"https:\/\/secure.gravatar.com\/avatar\/e39914b2aa6a48959e24d475b5dc9793?s=96&d=mm&r=g\",\"contentUrl\":\"https:\/\/secure.gravatar.com\/avatar\/e39914b2aa6a48959e24d475b5dc9793?s=96&d=mm&r=g\",\"caption\":\"Marta Olejnik\"},\"url\":\"https:\/\/marekkuchcinski.pl\/cs\/author\/marta\/\"}]}<\/script>\n<!-- \/ Yoast SEO plugin. -->","yoast_head_json":{"title":"Sprawna i bezpieczna komunikacja - Bircza zyska nowoczesne mosty &#8211; Marek Kuchci\u0144ski","robots":{"index":"index","follow":"follow","max-snippet":"max-snippet:-1","max-image-preview":"max-image-preview:large","max-video-preview":"max-video-preview:-1"},"canonical":"https:\/\/marekkuchcinski.pl\/cs\/badania-spoleczne\/sprawna-i-bezpieczna-komunikacja-bircza-zyska-nowoczesne-mosty\/","og_locale":"cs_CZ","og_type":"article","og_title":"Sprawna i bezpieczna komunikacja - Bircza zyska nowoczesne mosty &#8211; Marek Kuchci\u0144ski","og_description":"W Ministerstwie Infrastruktury Marek Kuchci\u0144ski i sekretarz stanu Rafa\u0142 Weber podpisali Program inwestycji dotycz\u0105cy budowy most\u00f3w na drodze krajowej nr 28 w miejscowo\u015bci Bircza. Powstan\u0105 dwa nowoczesne mosty z drogami dojazdowymi i chodnikami. Dodatkowo zostanie przebudowana zatoka autobusowa. Istniej\u0105ce mosty zagra\u017caj\u0105 bezpiecze\u0144stwu ruchu, a to wa\u017cny szlak na po\u0142udniu woj. podkarpackiego. Komunikuje du\u017ce miasta, takie [&hellip;]","og_url":"https:\/\/marekkuchcinski.pl\/cs\/badania-spoleczne\/sprawna-i-bezpieczna-komunikacja-bircza-zyska-nowoczesne-mosty\/","og_site_name":"Marek Kuchci\u0144ski","article_published_time":"2021-04-01T07:41:11+00:00","article_modified_time":"2021-04-01T07:42:13+00:00","og_image":[{"width":1623,"height":1080,"url":"https:\/\/marekkuchcinski.pl\/wp-content\/uploads\/2021\/04\/IMG_8870.jpg","type":"image\/jpeg"}],"author":"Marta Olejnik","twitter_card":"summary_large_image","twitter_misc":{"Napsal(a)":"Marta Olejnik","Odhadovan\u00e1 doba \u010dten\u00ed":"1 minuta"},"schema":{"@context":"https:\/\/schema.org","@graph":[{"@type":"Article","@id":"https:\/\/marekkuchcinski.pl\/sk\/badania-spoleczne\/sprawna-i-bezpieczna-komunikacja-bircza-zyska-nowoczesne-mosty\/#article","isPartOf":{"@id":"https:\/\/marekkuchcinski.pl\/sk\/badania-spoleczne\/sprawna-i-bezpieczna-komunikacja-bircza-zyska-nowoczesne-mosty\/"},"author":{"name":"Marta Olejnik","@id":"https:\/\/marekkuchcinski.pl\/#\/schema\/person\/51d5d4ee3b5317b8e4dd2b48af359229"},"headline":"Sprawna i bezpieczna komunikacja &#8211; Bircza zyska nowoczesne mosty","datePublished":"2021-04-01T07:41:11+00:00","dateModified":"2021-04-01T07:42:13+00:00","mainEntityOfPage":{"@id":"https:\/\/marekkuchcinski.pl\/sk\/badania-spoleczne\/sprawna-i-bezpieczna-komunikacja-bircza-zyska-nowoczesne-mosty\/"},"wordCount":134,"commentCount":0,"publisher":{"@id":"https:\/\/marekkuchcinski.pl\/#organization"},"image":{"@id":"https:\/\/marekkuchcinski.pl\/sk\/badania-spoleczne\/sprawna-i-bezpieczna-komunikacja-bircza-zyska-nowoczesne-mosty\/#primaryimage"},"thumbnailUrl":"https:\/\/marekkuchcinski.pl\/wp-content\/uploads\/2021\/04\/IMG_8870.jpg","articleSection":["Badania spo\u0142eczne","Podkarpacie","Prawo i Sprawiedliwo\u015b\u0107","Wydarzenia"],"inLanguage":"cs","potentialAction":[{"@type":"CommentAction","name":"Comment","target":["https:\/\/marekkuchcinski.pl\/sk\/badania-spoleczne\/sprawna-i-bezpieczna-komunikacja-bircza-zyska-nowoczesne-mosty\/#respond"]}]},{"@type":"WebPage","@id":"https:\/\/marekkuchcinski.pl\/sk\/badania-spoleczne\/sprawna-i-bezpieczna-komunikacja-bircza-zyska-nowoczesne-mosty\/","url":"https:\/\/marekkuchcinski.pl\/sk\/badania-spoleczne\/sprawna-i-bezpieczna-komunikacja-bircza-zyska-nowoczesne-mosty\/","name":"Sprawna i bezpieczna komunikacja - Bircza zyska nowoczesne mosty &#8211; Marek Kuchci\u0144ski","isPartOf":{"@id":"https:\/\/marekkuchcinski.pl\/#website"},"primaryImageOfPage":{"@id":"https:\/\/marekkuchcinski.pl\/sk\/badania-spoleczne\/sprawna-i-bezpieczna-komunikacja-bircza-zyska-nowoczesne-mosty\/#primaryimage"},"image":{"@id":"https:\/\/marekkuchcinski.pl\/sk\/badania-spoleczne\/sprawna-i-bezpieczna-komunikacja-bircza-zyska-nowoczesne-mosty\/#primaryimage"},"thumbnailUrl":"https:\/\/marekkuchcinski.pl\/wp-content\/uploads\/2021\/04\/IMG_8870.jpg","datePublished":"2021-04-01T07:41:11+00:00","dateModified":"2021-04-01T07:42:13+00:00","breadcrumb":{"@id":"https:\/\/marekkuchcinski.pl\/sk\/badania-spoleczne\/sprawna-i-bezpieczna-komunikacja-bircza-zyska-nowoczesne-mosty\/#breadcrumb"},"inLanguage":"cs","potentialAction":[{"@type":"ReadAction","target":["https:\/\/marekkuchcinski.pl\/sk\/badania-spoleczne\/sprawna-i-bezpieczna-komunikacja-bircza-zyska-nowoczesne-mosty\/"]}]},{"@type":"ImageObject","inLanguage":"cs","@id":"https:\/\/marekkuchcinski.pl\/sk\/badania-spoleczne\/sprawna-i-bezpieczna-komunikacja-bircza-zyska-nowoczesne-mosty\/#primaryimage","url":"https:\/\/marekkuchcinski.pl\/wp-content\/uploads\/2021\/04\/IMG_8870.jpg","contentUrl":"https:\/\/marekkuchcinski.pl\/wp-content\/uploads\/2021\/04\/IMG_8870.jpg","width":1623,"height":1080},{"@type":"BreadcrumbList","@id":"https:\/\/marekkuchcinski.pl\/sk\/badania-spoleczne\/sprawna-i-bezpieczna-komunikacja-bircza-zyska-nowoczesne-mosty\/#breadcrumb","itemListElement":[{"@type":"ListItem","position":1,"name":"Strona g\u0142\u00f3wna","item":"https:\/\/marekkuchcinski.pl\/"},{"@type":"ListItem","position":2,"name":"Sprawna i bezpieczna komunikacja &#8211; Bircza zyska nowoczesne mosty"}]},{"@type":"WebSite","@id":"https:\/\/marekkuchcinski.pl\/#website","url":"https:\/\/marekkuchcinski.pl\/","name":"Marek Kuchci\u0144ski","description":"Pose\u0142 na sejm RP &ndash; okr\u0119g nr 22","publisher":{"@id":"https:\/\/marekkuchcinski.pl\/#organization"},"potentialAction":[{"@type":"SearchAction","target":{"@type":"EntryPoint","urlTemplate":"https:\/\/marekkuchcinski.pl\/?s={search_term_string}"},"query-input":{"@type":"PropertyValueSpecification","valueRequired":true,"valueName":"search_term_string"}}],"inLanguage":"cs"},{"@type":"Organization","@id":"https:\/\/marekkuchcinski.pl\/#organization","name":"Marek Kuchci\u0144ski","url":"https:\/\/marekkuchcinski.pl\/","logo":{"@type":"ImageObject","inLanguage":"cs","@id":"https:\/\/marekkuchcinski.pl\/#\/schema\/logo\/image\/","url":"https:\/\/marekkuchcinski.pl\/wp-content\/uploads\/2022\/09\/Marek.jpg","contentUrl":"https:\/\/marekkuchcinski.pl\/wp-content\/uploads\/2022\/09\/Marek.jpg","width":1600,"height":971,"caption":"Marek Kuchci\u0144ski"},"image":{"@id":"https:\/\/marekkuchcinski.pl\/#\/schema\/logo\/image\/"}},{"@type":"Person","@id":"https:\/\/marekkuchcinski.pl\/#\/schema\/person\/51d5d4ee3b5317b8e4dd2b48af359229","name":"Marta Olejnik","image":{"@type":"ImageObject","inLanguage":"cs","@id":"https:\/\/marekkuchcinski.pl\/#\/schema\/person\/image\/","url":"https:\/\/secure.gravatar.com\/avatar\/e39914b2aa6a48959e24d475b5dc9793?s=96&d=mm&r=g","contentUrl":"https:\/\/secure.gravatar.com\/avatar\/e39914b2aa6a48959e24d475b5dc9793?s=96&d=mm&r=g","caption":"Marta Olejnik"},"url":"https:\/\/marekkuchcinski.pl\/cs\/author\/marta\/"}]}},"_links":{"self":[{"href":"https:\/\/marekkuchcinski.pl\/cs\/wp-json\/wp\/v2\/posts\/22323","targetHints":{"allow":["GET"]}}],"collection":[{"href":"https:\/\/marekkuchcinski.pl\/cs\/wp-json\/wp\/v2\/posts"}],"about":[{"href":"https:\/\/marekkuchcinski.pl\/cs\/wp-json\/wp\/v2\/types\/post"}],"author":[{"embeddable":true,"href":"https:\/\/marekkuchcinski.pl\/cs\/wp-json\/wp\/v2\/users\/21"}],"replies":[{"embeddable":true,"href":"https:\/\/marekkuchcinski.pl\/cs\/wp-json\/wp\/v2\/comments?post=22323"}],"version-history":[{"count":4,"href":"https:\/\/marekkuchcinski.pl\/cs\/wp-json\/wp\/v2\/posts\/22323\/revisions"}],"predecessor-version":[{"id":22330,"href":"https:\/\/marekkuchcinski.pl\/cs\/wp-json\/wp\/v2\/posts\/22323\/revisions\/22330"}],"wp:featuredmedia":[{"embeddable":true,"href":"https:\/\/marekkuchcinski.pl\/cs\/wp-json\/wp\/v2\/media\/22325"}],"wp:attachment":[{"href":"https:\/\/marekkuchcinski.pl\/cs\/wp-json\/wp\/v2\/media?parent=22323"}],"wp:term":[{"taxonomy":"category","embeddable":true,"href":"https:\/\/marekkuchcinski.pl\/cs\/wp-json\/wp\/v2\/categories?post=22323"},{"taxonomy":"post_tag","embeddable":true,"href":"https:\/\/marekkuchcinski.pl\/cs\/wp-json\/wp\/v2\/tags?post=22323"}],"curies":[{"name":"wp","href":"https:\/\/api.w.org\/{rel}","templated":true}]}}