{"id":22233,"date":"2021-03-23T11:08:53","date_gmt":"2021-03-23T10:08:53","guid":{"rendered":"https:\/\/marekkuchcinski.pl\/?p=22233"},"modified":"2021-03-24T18:03:43","modified_gmt":"2021-03-24T17:03:43","slug":"dzien-przyjazni-polsko-wegierskiej","status":"publish","type":"post","link":"https:\/\/marekkuchcinski.pl\/cs\/wydarzenia\/dzien-przyjazni-polsko-wegierskiej\/","title":{"rendered":"Den polsko-ma\u010farsk\u00e9ho p\u0159\u00e1telstv\u00ed"},"content":{"rendered":"<p>Dne 12. b\u0159ezna 2007 ma\u010farsk\u00fd parlament jednomysln\u011b uznal <strong>23. b\u0159ezna - Den polsko-ma\u010farsk\u00e9ho p\u0159\u00e1telstv\u00ed<\/strong>Polsk\u00fd parlament p\u0159ijal podobnou rezoluci aklamac\u00ed o \u010dty\u0159i dny pozd\u011bji. O \u010dty\u0159i dny pozd\u011bji p\u0159ijal polsk\u00fd Sejm aklamac\u00ed podobnou rezoluci. \"Pol\u00e1ci a Ma\u010fa\u0159i \u017eij\u00ed ve stejn\u00e9 \u010d\u00e1sti Evropy ji\u017e v\u00edce ne\u017e 1000 let, co\u017e vytvo\u0159ilo trval\u00e9 vazby mezi ob\u011bma n\u00e1rody na mnoha \u00farovn\u00edch: politick\u00e9, spole\u010densk\u00e9, kulturn\u00ed a hospod\u00e1\u0159sk\u00e9. Mnohokr\u00e1t jsme spole\u010dn\u011b odrazili hrozby p\u0159ich\u00e1zej\u00edc\u00ed z V\u00fdchodu i ze Z\u00e1padu.\" - uv\u00e1d\u00ed se v textu.<\/p>\n\n\n\n<p>Tato rezoluce je sice stru\u010dn\u00e1, ale dokonale ilustruje v\u00fdjime\u010dn\u00fd, tis\u00edcilet\u00fd vztah dvou zd\u00e1nliv\u011b neslu\u010diteln\u00fdch n\u00e1rod\u016f, by\u0165 jen jazykov\u011b, slovansk\u00fdch Pol\u00e1k\u016f a Ma\u010far\u016f. Ma\u010farsk\u00fd prezident Janos Ader s odkazem na poezii Sandora M\u00e1raie prohl\u00e1sil: \"Narodili jsme se ve st\u0159edn\u00ed Evrop\u011b, tak\u017ee jsme mnohon\u00e1sobn\u00ed hrdinov\u00e9. Tyto dva hrd\u00e9 n\u00e1rody, vr\u017een\u00e9 do nelehk\u00e9 \u010d\u00e1sti Evropy, navzdory mnoha historick\u00fdm turbulenc\u00edm nejen\u017ee nest\u00e1ly ve skute\u010dnosti proti sob\u011b (krom\u011b konflikt\u016f o Hali\u010dskou Rus ve st\u0159edov\u011bku nebo vp\u00e1du uhersk\u00e9ho kr\u00e1le Maty\u00e1\u0161e Korv\u00edna do \u010cerven\u00e9 Rusi), ale mnohokr\u00e1t \u00fazce spolupracovaly. Nejde jen o v\u0161eobecn\u011b zn\u00e1m\u00e9 vy\u0161ehradsk\u00e9 konvence ve 14. stolet\u00ed, ale tak\u00e9 o person\u00e1ln\u00ed unii mezi Polskem a Uhrami, kter\u00e1 vy\u00fastila v prohl\u00e1\u0161en\u00ed uhersk\u00e9ho panovn\u00edka Ludv\u00edka I. (v Polsku zn\u00e1m\u00e9ho jako Ludv\u00edk Uhersk\u00fd) polsk\u00fdm kr\u00e1lem, a pot\u00e9 o druhou person\u00e1ln\u00ed unii, kdy se uhersk\u00fdm kr\u00e1lem stal Ladislav III.Varna\u0144czyk. Na sbl\u00ed\u017een\u00ed obou n\u00e1rod\u016f m\u011bl velk\u00fd vliv tak\u00e9 \u0160tefan B\u00e1tory, kter\u00fd jako sedmihradsk\u00fd kn\u00ed\u017ee mimo jin\u00e9 vedl k utu\u017een\u00ed kontakt\u016f mezi polskou a sedmihradskou \u0161lechtou a k rozvoji obchodn\u00edch a hospod\u00e1\u0159sk\u00fdch vztah\u016f. Tyto \u00fazk\u00e9 kontakty byly tedy p\u0159irozen\u00e9, na\u0161e n\u00e1rody se po stalet\u00ed vz\u00e1jemn\u011b ovliv\u0148ovaly.&nbsp;<\/p>\n\n\n\n<p>Rok 1956 n\u00e1s spojil velk\u00fdm mostem solidarity a pomoci. Ma\u010farsk\u00e9 povst\u00e1n\u00ed za\u010dalo jako projev podpory politick\u00e9mu t\u00e1n\u00ed v Polsku: \"V\u0161ichni Ma\u010fa\u0159i p\u016fjdou s n\u00e1mi, my p\u016fjdeme za Pol\u00e1ky!\" - k\u0159i\u010deli demonstranti shrom\u00e1\u017ed\u011bn\u00ed u B\u00e9mova pomn\u00edku v Budape\u0161ti. Pol\u00e1ci podporovali Ma\u010fary bojuj\u00edc\u00ed proti sov\u011btsk\u00e9mu re\u017eimu, pos\u00edlali jim l\u00e9ky, potraviny a darovali krev.<\/p>\n\n\n\n<p>Skute\u010dn\u00e9 p\u0159\u00e1telstv\u00ed mezi n\u00e1rody je v dne\u0161n\u00edm sv\u011bt\u011b n\u011bco nesl\u00fdchan\u00e9ho. Samoz\u0159ejm\u011b existuj\u00ed dobr\u00e9, p\u0159\u00e1telsk\u00e9 kontakty, existuj\u00ed partne\u0159i, existuj\u00ed spojenci. Ale k Ma\u010far\u016fm v Polsku a Pol\u00e1k\u016fm v Ma\u010farsku se chovaj\u00ed s opravdov\u00fdmi, up\u0159\u00edmn\u00fdmi a neskr\u00fdvan\u00fdmi sympatiemi, co\u017e jsem osobn\u011b za\u017eil. Sv\u011bd\u010d\u00ed o tom i pr\u016fzkumy ve\u0159ejn\u00e9ho m\u00edn\u011bn\u00ed - Ma\u010fa\u0159i (vedle \u010cech\u016f a Slov\u00e1k\u016f) jsou ji\u017e l\u00e9ta ozna\u010dov\u00e1ni za jeden z n\u00e1rod\u016f, kter\u00e9 maj\u00ed Pol\u00e1ci nejrad\u011bji. V\u00fdborn\u00e1 je tak\u00e9 spolupr\u00e1ce na \u00farovni kontakt\u016f mezi m\u011bsty, \u0161kolami a univerzitami. &nbsp;<\/p>\n\n\n\n<p>V sou\u010dasn\u00e9 dob\u011b pravd\u011bpodobn\u011b neexistuje v Evrop\u011b vl\u00e1da, kter\u00e1 by spolupracovala bl\u00ed\u017ee a vz\u00e1jemn\u011b se podporovala, ne\u017e je vl\u00e1da Polska a Ma\u010farska. Velkou z\u00e1sluhu na rozvoji t\u00e9to spolupr\u00e1ce maj\u00ed samoz\u0159ejm\u011b tak\u00e9 prezidenti obou zem\u00ed, kte\u0159\u00ed se ka\u017edoro\u010dn\u011b \u00fa\u010dastn\u00ed Dne polsko-ma\u010farsk\u00e9ho p\u0159\u00e1telstv\u00ed. &nbsp;<\/p>\n\n\n\n<p>Jako dlouholet\u00fd poslanec Parlamentu nemohu nezm\u00ednit meziparlamentn\u00ed kontakty. Kdy\u017e jsem byl p\u0159edsedou Sejmu, setk\u00e1vali jsme se s p\u0159edsedou ma\u010farsk\u00e9ho parlamentu L\u00e1szl\u00f3 K\u00f6v\u00e9rem tak \u010dasto, \u017ee jsme se \u017eertem setk\u00e1vali \u010dast\u011bji ne\u017e s vlastn\u00edmi rodinami. D\u00edky na\u0161emu spole\u010dn\u00e9mu nasazen\u00ed se v\u0161ak tato intenzivn\u00ed spolupr\u00e1ce roz\u0161\u00ed\u0159ila daleko za hranice \"tradi\u010dn\u00ed\" meziparlamentn\u00ed spolupr\u00e1ce, nap\u0159\u00edklad do oblasti kultury. Spole\u010dn\u011b jsme odhalili pomn\u00edky Slawika-Antalla ve Var\u0161av\u011b a v Budape\u0161ti a uctili jsme v\u00fdznamn\u00e9 historick\u00e9 oslavy (v\u00fdro\u010d\u00ed ma\u010farsk\u00e9ho povst\u00e1n\u00ed v roce 1956 m\u00fdm projevem na slavnostn\u00edm zased\u00e1n\u00ed ma\u010farsk\u00e9ho N\u00e1rodn\u00edho shrom\u00e1\u017ed\u011bn\u00ed). &nbsp;<\/p>\n\n\n\n<p>V sou\u010dasn\u00e9 dob\u011b je m\u00fdm c\u00edlem <a href=\"https:\/\/marekkuchcinski.pl\/cs\/wydarzenia\/marek-kuchcinski-przewodniczacym-polsko-wegierskiej-grupy-parlamentarnej\/?fbclid=IwAR1zxvSOY4bxJjH8Ovarly5PhPbVgM75TwBJnYK0RjuV673HKmp0jYdtfCc\">P\u0159edseda polsko-ma\u010farsk\u00e9 parlamentn\u00ed skupiny<\/a> je pos\u00edlit spolupr\u00e1ci mezi na\u0161imi skupinami a \u010dleny. S velkou l\u00edtost\u00ed jsem se dozv\u011bd\u011bl o zru\u0161en\u00ed oslav polsko-ma\u010farsk\u00e9ho dne p\u0159\u00e1telstv\u00ed v Csepelu v roce 2020, kter\u00fdch jsem se m\u011bl z\u00fa\u010dastnit. Velmi jsme doufali, \u017ee se po roce, letos v b\u0159eznu, poda\u0159\u00ed shrom\u00e1\u017edit z\u00e1stupce na\u0161ich skupin a oslavit leto\u0161n\u00ed Den p\u0159\u00e1telstv\u00ed. Situace v Polsku a Ma\u010farsku bohu\u017eel neumo\u017e\u0148uje osobn\u00ed kontakty. Zb\u00fdv\u00e1 n\u00e1m videokonference a \u010dek\u00e1n\u00ed na zlep\u0161en\u00ed hygienick\u00e9 situace. V tomto volebn\u00edm obdob\u00ed jsem tak\u00e9 p\u0159edsedou V\u00fdboru pro zahrani\u010dn\u00ed v\u011bci. Spole\u010dn\u011b s p\u0159edsedou Zsoltem N\u00e9methem se zam\u011b\u0159ujeme p\u0159edev\u0161\u00edm na pos\u00edlen\u00ed visegr\u00e1dsk\u00e9 spolupr\u00e1ce. &nbsp;<\/p>\n\n\n\n<p>Pane p\u0159edsedaj\u00edc\u00ed, s pozornost\u00ed a znepokojen\u00edm sleduji zpr\u00e1vy z Ma\u010farska o boji vl\u00e1dy a ve\u0159ejnosti proti SARS-Cov-2. Pevn\u011b douf\u00e1m, \u017ee na\u0161e zem\u011b spole\u010dn\u011b brzy p\u0159ekonaj\u00ed pandemickou hrozbu. Jsem v neust\u00e1l\u00e9m kontaktu se sv\u00fdmi ma\u010farsk\u00fdmi p\u0159\u00e1teli a z prvn\u00ed ruky se dozv\u00edd\u00e1m o hrdinsk\u00e9m boji ma\u010farsk\u00e9ho zdravotnictv\u00ed, jeho\u017e \u00fasil\u00ed vzd\u00e1v\u00e1m hold. &nbsp;<\/p>\n\n\n\n<p>P\u0159ed n\u011bkolika dny, 15. b\u0159ezna, oslavili na\u0161i ma\u010far\u0161t\u00ed p\u0159\u00e1tel\u00e9 v\u00fdznamn\u00e9 datum - Den ma\u010farsk\u00e9 revoluce, p\u0159ipom\u00ednaj\u00edc\u00ed n\u00e1rodn\u00ed povst\u00e1n\u00ed proti Habsburk\u016fm a v\u00e1lku za nez\u00e1vislost v letech 1848-1849. Toto datum je v\u00fdznamn\u00e9 i pro n\u00e1s Pol\u00e1ky. Na stran\u011b Ma\u010far\u016f bojoval t\u0159\u00edtis\u00edcov\u00fd polsk\u00fd legion, kter\u00e9mu velel gener\u00e1l J\u00f3zef Wysocki. Vrchn\u00edm velitelem ma\u010farsk\u00e9 arm\u00e1dy byl po ur\u010ditou dobu gener\u00e1l Henryk Dembi\u0144ski a p\u0159edev\u0161\u00edm gener\u00e1l J\u00f3zef Bem, pova\u017eovan\u00fd za nejv\u00fdznamn\u011bj\u0161\u00edho velitele boj\u016f v letech 1848-1849. Zejm\u00e9na ten druh\u00fd se dodnes t\u011b\u0161\u00ed \u0161irok\u00e9 \u00fact\u011b a zaslou\u017een\u00e9 pov\u011bsti hrdiny jak mezi Pol\u00e1ky, tak mezi Ma\u010fary. &nbsp;<\/p>\n\n\n\n<p>17. \u00fanora se zase odehr\u00e1la dal\u0161\u00ed ud\u00e1lost, kter\u00e1 se zap\u00ed\u0161e do d\u011bjin polsko-ma\u010farsk\u00fdch vztah\u016f - p\u0159ed\u00e1n\u00ed mladistv\u00e9 zbroje polsk\u00e9ho kr\u00e1le Zikmunda Augusta Ma\u010farskem. Toto velkolep\u00e9 gesto premi\u00e9ra Viktora Orb\u00e1na je pro n\u00e1s dal\u0161\u00edm symbolem velk\u00e9ho p\u0159\u00e1telstv\u00ed mezi na\u0161imi n\u00e1rody.&nbsp;<\/p>\n\n\n\n<p><\/p>\n\n\n\n<p><em>Marek Kuchci\u0144ski<\/em><\/p>\n\n\n\n<figure class=\"wp-block-image size-large\"><a href=\"https:\/\/marekkuchcinski.pl\/wp-content\/uploads\/2021\/03\/mw-1.jpg\"><img fetchpriority=\"high\" decoding=\"async\" width=\"796\" height=\"1024\" src=\"https:\/\/marekkuchcinski.pl\/wp-content\/uploads\/2021\/03\/mw-1-796x1024.jpg\" alt=\"\" class=\"wp-image-22236\" srcset=\"https:\/\/marekkuchcinski.pl\/wp-content\/uploads\/2021\/03\/mw-1-796x1024.jpg 796w, https:\/\/marekkuchcinski.pl\/wp-content\/uploads\/2021\/03\/mw-1-233x300.jpg 233w, https:\/\/marekkuchcinski.pl\/wp-content\/uploads\/2021\/03\/mw-1-768x988.jpg 768w, https:\/\/marekkuchcinski.pl\/wp-content\/uploads\/2021\/03\/mw-1-1194x1536.jpg 1194w, https:\/\/marekkuchcinski.pl\/wp-content\/uploads\/2021\/03\/mw-1-9x12.jpg 9w, https:\/\/marekkuchcinski.pl\/wp-content\/uploads\/2021\/03\/mw-1.jpg 1307w\" sizes=\"(max-width: 796px) 100vw, 796px\" \/><\/a><\/figure>\n\n\n\n<figure class=\"wp-block-image size-large\"><a href=\"https:\/\/marekkuchcinski.pl\/wp-content\/uploads\/2021\/03\/164167365_148539597150773_7055554565281124940_n.png\"><img decoding=\"async\" width=\"1024\" height=\"683\" src=\"https:\/\/marekkuchcinski.pl\/wp-content\/uploads\/2021\/03\/164167365_148539597150773_7055554565281124940_n-1024x683.png\" alt=\"\" class=\"wp-image-22237\" srcset=\"https:\/\/marekkuchcinski.pl\/wp-content\/uploads\/2021\/03\/164167365_148539597150773_7055554565281124940_n-1024x683.png 1024w, https:\/\/marekkuchcinski.pl\/wp-content\/uploads\/2021\/03\/164167365_148539597150773_7055554565281124940_n-300x200.png 300w, https:\/\/marekkuchcinski.pl\/wp-content\/uploads\/2021\/03\/164167365_148539597150773_7055554565281124940_n-768x512.png 768w, https:\/\/marekkuchcinski.pl\/wp-content\/uploads\/2021\/03\/164167365_148539597150773_7055554565281124940_n-1536x1024.png 1536w, https:\/\/marekkuchcinski.pl\/wp-content\/uploads\/2021\/03\/164167365_148539597150773_7055554565281124940_n-16x12.png 16w, https:\/\/marekkuchcinski.pl\/wp-content\/uploads\/2021\/03\/164167365_148539597150773_7055554565281124940_n.png 1800w\" sizes=\"(max-width: 1024px) 100vw, 1024px\" \/><\/a><\/figure>\n\n\n\n<p><em>Foto: Pawe\u0142 Kula \/ Sejm RP<\/em><\/p>","protected":false},"excerpt":{"rendered":"<p>12 marca 2007 r. parlament W\u0119gier jednog\u0142o\u015bnie uzna\u0142 23 marca Dniem Przyja\u017ani Polsko-W\u0119gierskiej, upami\u0119tniaj\u0105c d\u0142ugie dobros\u0105siedzkie stosunki. Cztery dni p\u00f3\u017aniej analogiczn\u0105 uchwa\u0142\u0119 przyj\u0105\u0142 przez aklamacj\u0119 polski Sejm. \u201eOd ponad 1000 lat Polacy i W\u0119grzy \u017cyj\u0105 w tej samej cz\u0119\u015bci Europy, tworz\u0105c trwa\u0142e wi\u0119zy \u0142\u0105cz\u0105ce oba narody na wielu p\u0142aszczyznach: politycznej, spo\u0142ecznej, kulturalnej i ekonomicznej. Wielokrotnie [&hellip;]<\/p>","protected":false},"author":21,"featured_media":22235,"comment_status":"open","ping_status":"open","sticky":false,"template":"","format":"standard","meta":{"ngg_post_thumbnail":0,"footnotes":""},"categories":[50,3],"tags":[],"class_list":["post-22233","post","type-post","status-publish","format-standard","has-post-thumbnail","hentry","category-wspolpraca-miedzynarodowa","category-wydarzenia"],"yoast_head":"<!-- This site is optimized with the Yoast SEO plugin v24.7 - https:\/\/yoast.com\/wordpress\/plugins\/seo\/ -->\n<title>Dzie\u0144 Przyja\u017ani Polsko-W\u0119gierskiej &#8211; Marek Kuchci\u0144ski<\/title>\n<meta name=\"robots\" content=\"index, follow, max-snippet:-1, max-image-preview:large, max-video-preview:-1\" \/>\n<link rel=\"canonical\" href=\"https:\/\/marekkuchcinski.pl\/cs\/wydarzenia\/dzien-przyjazni-polsko-wegierskiej\/\" \/>\n<meta property=\"og:locale\" content=\"cs_CZ\" \/>\n<meta property=\"og:type\" content=\"article\" \/>\n<meta property=\"og:title\" content=\"Dzie\u0144 Przyja\u017ani Polsko-W\u0119gierskiej &#8211; Marek Kuchci\u0144ski\" \/>\n<meta property=\"og:description\" content=\"12 marca 2007 r. parlament W\u0119gier jednog\u0142o\u015bnie uzna\u0142 23 marca Dniem Przyja\u017ani Polsko-W\u0119gierskiej, upami\u0119tniaj\u0105c d\u0142ugie dobros\u0105siedzkie stosunki. Cztery dni p\u00f3\u017aniej analogiczn\u0105 uchwa\u0142\u0119 przyj\u0105\u0142 przez aklamacj\u0119 polski Sejm. \u201eOd ponad 1000 lat Polacy i W\u0119grzy \u017cyj\u0105 w tej samej cz\u0119\u015bci Europy, tworz\u0105c trwa\u0142e wi\u0119zy \u0142\u0105cz\u0105ce oba narody na wielu p\u0142aszczyznach: politycznej, spo\u0142ecznej, kulturalnej i ekonomicznej. Wielokrotnie [&hellip;]\" \/>\n<meta property=\"og:url\" content=\"https:\/\/marekkuchcinski.pl\/cs\/wydarzenia\/dzien-przyjazni-polsko-wegierskiej\/\" \/>\n<meta property=\"og:site_name\" content=\"Marek Kuchci\u0144ski\" \/>\n<meta property=\"article:published_time\" content=\"2021-03-23T10:08:53+00:00\" \/>\n<meta property=\"article:modified_time\" content=\"2021-03-24T17:03:43+00:00\" \/>\n<meta property=\"og:image\" content=\"https:\/\/marekkuchcinski.pl\/wp-content\/uploads\/2021\/03\/mw.jpg\" \/>\n\t<meta property=\"og:image:width\" content=\"1307\" \/>\n\t<meta property=\"og:image:height\" content=\"1681\" \/>\n\t<meta property=\"og:image:type\" content=\"image\/jpeg\" \/>\n<meta name=\"author\" content=\"Marta Olejnik\" \/>\n<meta name=\"twitter:card\" content=\"summary_large_image\" \/>\n<meta name=\"twitter:label1\" content=\"Napsal(a)\" \/>\n\t<meta name=\"twitter:data1\" content=\"Marta Olejnik\" \/>\n\t<meta name=\"twitter:label2\" content=\"Odhadovan\u00e1 doba \u010dten\u00ed\" \/>\n\t<meta name=\"twitter:data2\" content=\"4 minuty\" \/>\n<script type=\"application\/ld+json\" class=\"yoast-schema-graph\">{\"@context\":\"https:\/\/schema.org\",\"@graph\":[{\"@type\":\"Article\",\"@id\":\"https:\/\/marekkuchcinski.pl\/wydarzenia\/dzien-przyjazni-polsko-wegierskiej\/#article\",\"isPartOf\":{\"@id\":\"https:\/\/marekkuchcinski.pl\/wydarzenia\/dzien-przyjazni-polsko-wegierskiej\/\"},\"author\":{\"name\":\"Marta Olejnik\",\"@id\":\"https:\/\/marekkuchcinski.pl\/#\/schema\/person\/51d5d4ee3b5317b8e4dd2b48af359229\"},\"headline\":\"Dzie\u0144 Przyja\u017ani Polsko-W\u0119gierskiej\",\"datePublished\":\"2021-03-23T10:08:53+00:00\",\"dateModified\":\"2021-03-24T17:03:43+00:00\",\"mainEntityOfPage\":{\"@id\":\"https:\/\/marekkuchcinski.pl\/wydarzenia\/dzien-przyjazni-polsko-wegierskiej\/\"},\"wordCount\":1044,\"commentCount\":0,\"publisher\":{\"@id\":\"https:\/\/marekkuchcinski.pl\/#organization\"},\"image\":{\"@id\":\"https:\/\/marekkuchcinski.pl\/wydarzenia\/dzien-przyjazni-polsko-wegierskiej\/#primaryimage\"},\"thumbnailUrl\":\"https:\/\/marekkuchcinski.pl\/wp-content\/uploads\/2021\/03\/mw.jpg\",\"articleSection\":[\"Wsp\u00f3\u0142praca mi\u0119dzynarodowa\",\"Wydarzenia\"],\"inLanguage\":\"cs\",\"potentialAction\":[{\"@type\":\"CommentAction\",\"name\":\"Comment\",\"target\":[\"https:\/\/marekkuchcinski.pl\/wydarzenia\/dzien-przyjazni-polsko-wegierskiej\/#respond\"]}]},{\"@type\":\"WebPage\",\"@id\":\"https:\/\/marekkuchcinski.pl\/wydarzenia\/dzien-przyjazni-polsko-wegierskiej\/\",\"url\":\"https:\/\/marekkuchcinski.pl\/wydarzenia\/dzien-przyjazni-polsko-wegierskiej\/\",\"name\":\"Dzie\u0144 Przyja\u017ani Polsko-W\u0119gierskiej &#8211; Marek Kuchci\u0144ski\",\"isPartOf\":{\"@id\":\"https:\/\/marekkuchcinski.pl\/#website\"},\"primaryImageOfPage\":{\"@id\":\"https:\/\/marekkuchcinski.pl\/wydarzenia\/dzien-przyjazni-polsko-wegierskiej\/#primaryimage\"},\"image\":{\"@id\":\"https:\/\/marekkuchcinski.pl\/wydarzenia\/dzien-przyjazni-polsko-wegierskiej\/#primaryimage\"},\"thumbnailUrl\":\"https:\/\/marekkuchcinski.pl\/wp-content\/uploads\/2021\/03\/mw.jpg\",\"datePublished\":\"2021-03-23T10:08:53+00:00\",\"dateModified\":\"2021-03-24T17:03:43+00:00\",\"breadcrumb\":{\"@id\":\"https:\/\/marekkuchcinski.pl\/wydarzenia\/dzien-przyjazni-polsko-wegierskiej\/#breadcrumb\"},\"inLanguage\":\"cs\",\"potentialAction\":[{\"@type\":\"ReadAction\",\"target\":[\"https:\/\/marekkuchcinski.pl\/wydarzenia\/dzien-przyjazni-polsko-wegierskiej\/\"]}]},{\"@type\":\"ImageObject\",\"inLanguage\":\"cs\",\"@id\":\"https:\/\/marekkuchcinski.pl\/wydarzenia\/dzien-przyjazni-polsko-wegierskiej\/#primaryimage\",\"url\":\"https:\/\/marekkuchcinski.pl\/wp-content\/uploads\/2021\/03\/mw.jpg\",\"contentUrl\":\"https:\/\/marekkuchcinski.pl\/wp-content\/uploads\/2021\/03\/mw.jpg\",\"width\":1307,\"height\":1681},{\"@type\":\"BreadcrumbList\",\"@id\":\"https:\/\/marekkuchcinski.pl\/wydarzenia\/dzien-przyjazni-polsko-wegierskiej\/#breadcrumb\",\"itemListElement\":[{\"@type\":\"ListItem\",\"position\":1,\"name\":\"Strona g\u0142\u00f3wna\",\"item\":\"https:\/\/marekkuchcinski.pl\/\"},{\"@type\":\"ListItem\",\"position\":2,\"name\":\"Dzie\u0144 Przyja\u017ani Polsko-W\u0119gierskiej\"}]},{\"@type\":\"WebSite\",\"@id\":\"https:\/\/marekkuchcinski.pl\/#website\",\"url\":\"https:\/\/marekkuchcinski.pl\/\",\"name\":\"Marek Kuchci\u0144ski\",\"description\":\"Pose\u0142 na sejm RP &ndash; okr\u0119g nr 22\",\"publisher\":{\"@id\":\"https:\/\/marekkuchcinski.pl\/#organization\"},\"potentialAction\":[{\"@type\":\"SearchAction\",\"target\":{\"@type\":\"EntryPoint\",\"urlTemplate\":\"https:\/\/marekkuchcinski.pl\/?s={search_term_string}\"},\"query-input\":{\"@type\":\"PropertyValueSpecification\",\"valueRequired\":true,\"valueName\":\"search_term_string\"}}],\"inLanguage\":\"cs\"},{\"@type\":\"Organization\",\"@id\":\"https:\/\/marekkuchcinski.pl\/#organization\",\"name\":\"Marek Kuchci\u0144ski\",\"url\":\"https:\/\/marekkuchcinski.pl\/\",\"logo\":{\"@type\":\"ImageObject\",\"inLanguage\":\"cs\",\"@id\":\"https:\/\/marekkuchcinski.pl\/#\/schema\/logo\/image\/\",\"url\":\"https:\/\/marekkuchcinski.pl\/wp-content\/uploads\/2022\/09\/Marek.jpg\",\"contentUrl\":\"https:\/\/marekkuchcinski.pl\/wp-content\/uploads\/2022\/09\/Marek.jpg\",\"width\":1600,\"height\":971,\"caption\":\"Marek Kuchci\u0144ski\"},\"image\":{\"@id\":\"https:\/\/marekkuchcinski.pl\/#\/schema\/logo\/image\/\"}},{\"@type\":\"Person\",\"@id\":\"https:\/\/marekkuchcinski.pl\/#\/schema\/person\/51d5d4ee3b5317b8e4dd2b48af359229\",\"name\":\"Marta Olejnik\",\"image\":{\"@type\":\"ImageObject\",\"inLanguage\":\"cs\",\"@id\":\"https:\/\/marekkuchcinski.pl\/#\/schema\/person\/image\/\",\"url\":\"https:\/\/secure.gravatar.com\/avatar\/e39914b2aa6a48959e24d475b5dc9793?s=96&d=mm&r=g\",\"contentUrl\":\"https:\/\/secure.gravatar.com\/avatar\/e39914b2aa6a48959e24d475b5dc9793?s=96&d=mm&r=g\",\"caption\":\"Marta Olejnik\"},\"url\":\"https:\/\/marekkuchcinski.pl\/cs\/author\/marta\/\"}]}<\/script>\n<!-- \/ Yoast SEO plugin. -->","yoast_head_json":{"title":"Dzie\u0144 Przyja\u017ani Polsko-W\u0119gierskiej &#8211; Marek Kuchci\u0144ski","robots":{"index":"index","follow":"follow","max-snippet":"max-snippet:-1","max-image-preview":"max-image-preview:large","max-video-preview":"max-video-preview:-1"},"canonical":"https:\/\/marekkuchcinski.pl\/cs\/wydarzenia\/dzien-przyjazni-polsko-wegierskiej\/","og_locale":"cs_CZ","og_type":"article","og_title":"Dzie\u0144 Przyja\u017ani Polsko-W\u0119gierskiej &#8211; Marek Kuchci\u0144ski","og_description":"12 marca 2007 r. parlament W\u0119gier jednog\u0142o\u015bnie uzna\u0142 23 marca Dniem Przyja\u017ani Polsko-W\u0119gierskiej, upami\u0119tniaj\u0105c d\u0142ugie dobros\u0105siedzkie stosunki. Cztery dni p\u00f3\u017aniej analogiczn\u0105 uchwa\u0142\u0119 przyj\u0105\u0142 przez aklamacj\u0119 polski Sejm. \u201eOd ponad 1000 lat Polacy i W\u0119grzy \u017cyj\u0105 w tej samej cz\u0119\u015bci Europy, tworz\u0105c trwa\u0142e wi\u0119zy \u0142\u0105cz\u0105ce oba narody na wielu p\u0142aszczyznach: politycznej, spo\u0142ecznej, kulturalnej i ekonomicznej. Wielokrotnie [&hellip;]","og_url":"https:\/\/marekkuchcinski.pl\/cs\/wydarzenia\/dzien-przyjazni-polsko-wegierskiej\/","og_site_name":"Marek Kuchci\u0144ski","article_published_time":"2021-03-23T10:08:53+00:00","article_modified_time":"2021-03-24T17:03:43+00:00","og_image":[{"width":1307,"height":1681,"url":"https:\/\/marekkuchcinski.pl\/wp-content\/uploads\/2021\/03\/mw.jpg","type":"image\/jpeg"}],"author":"Marta Olejnik","twitter_card":"summary_large_image","twitter_misc":{"Napsal(a)":"Marta Olejnik","Odhadovan\u00e1 doba \u010dten\u00ed":"4 minuty"},"schema":{"@context":"https:\/\/schema.org","@graph":[{"@type":"Article","@id":"https:\/\/marekkuchcinski.pl\/wydarzenia\/dzien-przyjazni-polsko-wegierskiej\/#article","isPartOf":{"@id":"https:\/\/marekkuchcinski.pl\/wydarzenia\/dzien-przyjazni-polsko-wegierskiej\/"},"author":{"name":"Marta Olejnik","@id":"https:\/\/marekkuchcinski.pl\/#\/schema\/person\/51d5d4ee3b5317b8e4dd2b48af359229"},"headline":"Dzie\u0144 Przyja\u017ani Polsko-W\u0119gierskiej","datePublished":"2021-03-23T10:08:53+00:00","dateModified":"2021-03-24T17:03:43+00:00","mainEntityOfPage":{"@id":"https:\/\/marekkuchcinski.pl\/wydarzenia\/dzien-przyjazni-polsko-wegierskiej\/"},"wordCount":1044,"commentCount":0,"publisher":{"@id":"https:\/\/marekkuchcinski.pl\/#organization"},"image":{"@id":"https:\/\/marekkuchcinski.pl\/wydarzenia\/dzien-przyjazni-polsko-wegierskiej\/#primaryimage"},"thumbnailUrl":"https:\/\/marekkuchcinski.pl\/wp-content\/uploads\/2021\/03\/mw.jpg","articleSection":["Wsp\u00f3\u0142praca mi\u0119dzynarodowa","Wydarzenia"],"inLanguage":"cs","potentialAction":[{"@type":"CommentAction","name":"Comment","target":["https:\/\/marekkuchcinski.pl\/wydarzenia\/dzien-przyjazni-polsko-wegierskiej\/#respond"]}]},{"@type":"WebPage","@id":"https:\/\/marekkuchcinski.pl\/wydarzenia\/dzien-przyjazni-polsko-wegierskiej\/","url":"https:\/\/marekkuchcinski.pl\/wydarzenia\/dzien-przyjazni-polsko-wegierskiej\/","name":"Dzie\u0144 Przyja\u017ani Polsko-W\u0119gierskiej &#8211; Marek Kuchci\u0144ski","isPartOf":{"@id":"https:\/\/marekkuchcinski.pl\/#website"},"primaryImageOfPage":{"@id":"https:\/\/marekkuchcinski.pl\/wydarzenia\/dzien-przyjazni-polsko-wegierskiej\/#primaryimage"},"image":{"@id":"https:\/\/marekkuchcinski.pl\/wydarzenia\/dzien-przyjazni-polsko-wegierskiej\/#primaryimage"},"thumbnailUrl":"https:\/\/marekkuchcinski.pl\/wp-content\/uploads\/2021\/03\/mw.jpg","datePublished":"2021-03-23T10:08:53+00:00","dateModified":"2021-03-24T17:03:43+00:00","breadcrumb":{"@id":"https:\/\/marekkuchcinski.pl\/wydarzenia\/dzien-przyjazni-polsko-wegierskiej\/#breadcrumb"},"inLanguage":"cs","potentialAction":[{"@type":"ReadAction","target":["https:\/\/marekkuchcinski.pl\/wydarzenia\/dzien-przyjazni-polsko-wegierskiej\/"]}]},{"@type":"ImageObject","inLanguage":"cs","@id":"https:\/\/marekkuchcinski.pl\/wydarzenia\/dzien-przyjazni-polsko-wegierskiej\/#primaryimage","url":"https:\/\/marekkuchcinski.pl\/wp-content\/uploads\/2021\/03\/mw.jpg","contentUrl":"https:\/\/marekkuchcinski.pl\/wp-content\/uploads\/2021\/03\/mw.jpg","width":1307,"height":1681},{"@type":"BreadcrumbList","@id":"https:\/\/marekkuchcinski.pl\/wydarzenia\/dzien-przyjazni-polsko-wegierskiej\/#breadcrumb","itemListElement":[{"@type":"ListItem","position":1,"name":"Strona g\u0142\u00f3wna","item":"https:\/\/marekkuchcinski.pl\/"},{"@type":"ListItem","position":2,"name":"Dzie\u0144 Przyja\u017ani Polsko-W\u0119gierskiej"}]},{"@type":"WebSite","@id":"https:\/\/marekkuchcinski.pl\/#website","url":"https:\/\/marekkuchcinski.pl\/","name":"Marek Kuchci\u0144ski","description":"Pose\u0142 na sejm RP &ndash; okr\u0119g nr 22","publisher":{"@id":"https:\/\/marekkuchcinski.pl\/#organization"},"potentialAction":[{"@type":"SearchAction","target":{"@type":"EntryPoint","urlTemplate":"https:\/\/marekkuchcinski.pl\/?s={search_term_string}"},"query-input":{"@type":"PropertyValueSpecification","valueRequired":true,"valueName":"search_term_string"}}],"inLanguage":"cs"},{"@type":"Organization","@id":"https:\/\/marekkuchcinski.pl\/#organization","name":"Marek Kuchci\u0144ski","url":"https:\/\/marekkuchcinski.pl\/","logo":{"@type":"ImageObject","inLanguage":"cs","@id":"https:\/\/marekkuchcinski.pl\/#\/schema\/logo\/image\/","url":"https:\/\/marekkuchcinski.pl\/wp-content\/uploads\/2022\/09\/Marek.jpg","contentUrl":"https:\/\/marekkuchcinski.pl\/wp-content\/uploads\/2022\/09\/Marek.jpg","width":1600,"height":971,"caption":"Marek Kuchci\u0144ski"},"image":{"@id":"https:\/\/marekkuchcinski.pl\/#\/schema\/logo\/image\/"}},{"@type":"Person","@id":"https:\/\/marekkuchcinski.pl\/#\/schema\/person\/51d5d4ee3b5317b8e4dd2b48af359229","name":"Marta Olejnik","image":{"@type":"ImageObject","inLanguage":"cs","@id":"https:\/\/marekkuchcinski.pl\/#\/schema\/person\/image\/","url":"https:\/\/secure.gravatar.com\/avatar\/e39914b2aa6a48959e24d475b5dc9793?s=96&d=mm&r=g","contentUrl":"https:\/\/secure.gravatar.com\/avatar\/e39914b2aa6a48959e24d475b5dc9793?s=96&d=mm&r=g","caption":"Marta Olejnik"},"url":"https:\/\/marekkuchcinski.pl\/cs\/author\/marta\/"}]}},"_links":{"self":[{"href":"https:\/\/marekkuchcinski.pl\/cs\/wp-json\/wp\/v2\/posts\/22233","targetHints":{"allow":["GET"]}}],"collection":[{"href":"https:\/\/marekkuchcinski.pl\/cs\/wp-json\/wp\/v2\/posts"}],"about":[{"href":"https:\/\/marekkuchcinski.pl\/cs\/wp-json\/wp\/v2\/types\/post"}],"author":[{"embeddable":true,"href":"https:\/\/marekkuchcinski.pl\/cs\/wp-json\/wp\/v2\/users\/21"}],"replies":[{"embeddable":true,"href":"https:\/\/marekkuchcinski.pl\/cs\/wp-json\/wp\/v2\/comments?post=22233"}],"version-history":[{"count":5,"href":"https:\/\/marekkuchcinski.pl\/cs\/wp-json\/wp\/v2\/posts\/22233\/revisions"}],"predecessor-version":[{"id":22242,"href":"https:\/\/marekkuchcinski.pl\/cs\/wp-json\/wp\/v2\/posts\/22233\/revisions\/22242"}],"wp:featuredmedia":[{"embeddable":true,"href":"https:\/\/marekkuchcinski.pl\/cs\/wp-json\/wp\/v2\/media\/22235"}],"wp:attachment":[{"href":"https:\/\/marekkuchcinski.pl\/cs\/wp-json\/wp\/v2\/media?parent=22233"}],"wp:term":[{"taxonomy":"category","embeddable":true,"href":"https:\/\/marekkuchcinski.pl\/cs\/wp-json\/wp\/v2\/categories?post=22233"},{"taxonomy":"post_tag","embeddable":true,"href":"https:\/\/marekkuchcinski.pl\/cs\/wp-json\/wp\/v2\/tags?post=22233"}],"curies":[{"name":"wp","href":"https:\/\/api.w.org\/{rel}","templated":true}]}}