{"id":21515,"date":"2021-01-19T21:46:05","date_gmt":"2021-01-19T20:46:05","guid":{"rendered":"https:\/\/marekkuchcinski.pl\/?p=21515"},"modified":"2021-01-19T21:48:30","modified_gmt":"2021-01-19T20:48:30","slug":"maciej-pisarski-nowym-ambasadorem-rp-w-pakistanie","status":"publish","type":"post","link":"https:\/\/marekkuchcinski.pl\/cs\/wydarzenia\/maciej-pisarski-nowym-ambasadorem-rp-w-pakistanie\/","title":{"rendered":"Maciej Pisarski nov\u00fdm velvyslancem Polska v P\u00e1kist\u00e1nu"},"content":{"rendered":"<div class=\"wp-block-image\"><figure class=\"aligncenter size-large\"><a href=\"https:\/\/marekkuchcinski.pl\/wp-content\/uploads\/2021\/01\/EsHU0CKW4AEc27F-scaled.jpg\"><img fetchpriority=\"high\" decoding=\"async\" width=\"1024\" height=\"683\" src=\"https:\/\/marekkuchcinski.pl\/wp-content\/uploads\/2021\/01\/EsHU0CKW4AEc27F-1024x683.jpg\" alt=\"\" class=\"wp-image-21517\" srcset=\"https:\/\/marekkuchcinski.pl\/wp-content\/uploads\/2021\/01\/EsHU0CKW4AEc27F-1024x683.jpg 1024w, https:\/\/marekkuchcinski.pl\/wp-content\/uploads\/2021\/01\/EsHU0CKW4AEc27F-300x200.jpg 300w, https:\/\/marekkuchcinski.pl\/wp-content\/uploads\/2021\/01\/EsHU0CKW4AEc27F-768x512.jpg 768w, https:\/\/marekkuchcinski.pl\/wp-content\/uploads\/2021\/01\/EsHU0CKW4AEc27F-1536x1024.jpg 1536w, https:\/\/marekkuchcinski.pl\/wp-content\/uploads\/2021\/01\/EsHU0CKW4AEc27F-scaled.jpg 2048w, https:\/\/marekkuchcinski.pl\/wp-content\/uploads\/2021\/01\/EsHU0CKW4AEc27F-16x12.jpg 16w\" sizes=\"(max-width: 1024px) 100vw, 1024px\" \/><\/a><\/figure><\/div>\n\n\n\n<p>V \u00fater\u00fd 19. ledna se konalo zased\u00e1n\u00ed V\u00fdboru pro zahrani\u010dn\u00ed v\u011bci. Prvn\u00ed \u010d\u00e1st zased\u00e1n\u00ed byla v\u011bnov\u00e1na posouzen\u00ed kandidatury Macieje Pisarsk\u00e9ho na post polsk\u00e9ho velvyslance v P\u00e1kist\u00e1nsk\u00e9 isl\u00e1msk\u00e9 republice.<\/p>\n\n\n\n<p>Pan Pisarski p\u0159edstavil svou p\u0159edstavu o sv\u00e9 budouc\u00ed roli. Vyjmenoval t\u00e9mata, kter\u00e1 budou tvo\u0159it jeho priority. Mezi nimi zm\u00ednil t\u0159i hlavn\u00ed pil\u00ed\u0159e, na kter\u00fdch bude v Isl\u00e1m\u00e1b\u00e1du pracovat: rozvoj hospod\u00e1\u0159sk\u00e9 spolupr\u00e1ce s P\u00e1kist\u00e1nem, p\u00e9\u010de o image Polska v regionu a starost o spole\u010dnou bezpe\u010dnost. \u010clenov\u00e9 v\u00fdboru se ke kandidatu\u0159e Macieje Pisarsk\u00e9ho vyj\u00e1d\u0159ili kladn\u011b.<\/p>\n\n\n\n<p>Druh\u00e1 \u010d\u00e1st zased\u00e1n\u00ed byla v\u011bnov\u00e1na p\u0159ijet\u00ed pl\u00e1nu pr\u00e1ce V\u00fdboru pro zahrani\u010dn\u00ed v\u011bci na prvn\u00ed pololet\u00ed leto\u0161n\u00edho roku (1. ledna a\u017e 31. \u010dervna 2021). Druh\u00e1 \u010d\u00e1st zased\u00e1n\u00ed byla v\u011bnov\u00e1na p\u0159ijet\u00ed pl\u00e1nu pr\u00e1ce V\u00fdboru pro zahrani\u010dn\u00ed v\u011bci na prvn\u00ed pololet\u00ed leto\u0161n\u00edho roku (1. ledna a\u017e 31. \u010dervna 2021). Schv\u00e1len byl tak\u00e9 pracovn\u00ed pl\u00e1n v\u00fdboru.<\/p>\n\n\n\n<div class=\"wp-block-image\"><figure class=\"aligncenter size-large\"><a href=\"https:\/\/marekkuchcinski.pl\/wp-content\/uploads\/2021\/01\/EsHUoVLXAAAvgz1-1-scaled.jpg\"><img decoding=\"async\" width=\"1024\" height=\"683\" src=\"https:\/\/marekkuchcinski.pl\/wp-content\/uploads\/2021\/01\/EsHUoVLXAAAvgz1-1-1024x683.jpg\" alt=\"\" class=\"wp-image-21521\" srcset=\"https:\/\/marekkuchcinski.pl\/wp-content\/uploads\/2021\/01\/EsHUoVLXAAAvgz1-1-1024x683.jpg 1024w, https:\/\/marekkuchcinski.pl\/wp-content\/uploads\/2021\/01\/EsHUoVLXAAAvgz1-1-300x200.jpg 300w, https:\/\/marekkuchcinski.pl\/wp-content\/uploads\/2021\/01\/EsHUoVLXAAAvgz1-1-768x512.jpg 768w, https:\/\/marekkuchcinski.pl\/wp-content\/uploads\/2021\/01\/EsHUoVLXAAAvgz1-1-1536x1024.jpg 1536w, https:\/\/marekkuchcinski.pl\/wp-content\/uploads\/2021\/01\/EsHUoVLXAAAvgz1-1-scaled.jpg 2048w, https:\/\/marekkuchcinski.pl\/wp-content\/uploads\/2021\/01\/EsHUoVLXAAAvgz1-1-16x12.jpg 16w\" sizes=\"(max-width: 1024px) 100vw, 1024px\" \/><\/a><\/figure><\/div>\n\n\n\n<p>SM <\/p>\n\n\n\n<p>foto: Kancel\u00e1\u0159 Sejmu<\/p>","protected":false},"excerpt":{"rendered":"<p>We wtorek 19 stycznia odby\u0142o si\u0119 posiedzenie Komisji Spraw Zagranicznych. Pierwsz\u0105 cz\u0119\u015b\u0107 posiedzenia stanowi\u0142o rozpatrywanie kandydatury Macieja Pisarskiego na stanowisko ambasadora RP\u00a0w Islamskiej Republice Pakistanu. Pan Pisarski przedstawi\u0142 swoj\u0105 koncepcj\u0119 co do swojej przysz\u0142ej roli. Wymieni\u0142 tematy kt\u00f3re stanowi\u0107 b\u0119d\u0105 jego priorytety. Spo\u015br\u00f3d nich wymieni\u0142 trzy g\u0142\u00f3wne filary nad kt\u00f3rymi b\u0119dzie pracowa\u0142 w Islamabadzie: rozw\u00f3j [&hellip;]<\/p>","protected":false},"author":17,"featured_media":21518,"comment_status":"open","ping_status":"open","sticky":false,"template":"","format":"standard","meta":{"ngg_post_thumbnail":0,"footnotes":""},"categories":[3],"tags":[],"class_list":["post-21515","post","type-post","status-publish","format-standard","has-post-thumbnail","hentry","category-wydarzenia"],"yoast_head":"<!-- This site is optimized with the Yoast SEO plugin v24.7 - https:\/\/yoast.com\/wordpress\/plugins\/seo\/ -->\n<title>Maciej Pisarski nowym ambasadorem RP w Pakistanie &#8211; Marek Kuchci\u0144ski<\/title>\n<meta name=\"robots\" content=\"index, follow, max-snippet:-1, max-image-preview:large, max-video-preview:-1\" \/>\n<link rel=\"canonical\" href=\"https:\/\/marekkuchcinski.pl\/cs\/wydarzenia\/maciej-pisarski-nowym-ambasadorem-rp-w-pakistanie\/\" \/>\n<meta property=\"og:locale\" content=\"cs_CZ\" \/>\n<meta property=\"og:type\" content=\"article\" \/>\n<meta property=\"og:title\" content=\"Maciej Pisarski nowym ambasadorem RP w Pakistanie &#8211; Marek Kuchci\u0144ski\" \/>\n<meta property=\"og:description\" content=\"We wtorek 19 stycznia odby\u0142o si\u0119 posiedzenie Komisji Spraw Zagranicznych. Pierwsz\u0105 cz\u0119\u015b\u0107 posiedzenia stanowi\u0142o rozpatrywanie kandydatury Macieja Pisarskiego na stanowisko ambasadora RP\u00a0w Islamskiej Republice Pakistanu. Pan Pisarski przedstawi\u0142 swoj\u0105 koncepcj\u0119 co do swojej przysz\u0142ej roli. Wymieni\u0142 tematy kt\u00f3re stanowi\u0107 b\u0119d\u0105 jego priorytety. Spo\u015br\u00f3d nich wymieni\u0142 trzy g\u0142\u00f3wne filary nad kt\u00f3rymi b\u0119dzie pracowa\u0142 w Islamabadzie: rozw\u00f3j [&hellip;]\" \/>\n<meta property=\"og:url\" content=\"https:\/\/marekkuchcinski.pl\/cs\/wydarzenia\/maciej-pisarski-nowym-ambasadorem-rp-w-pakistanie\/\" \/>\n<meta property=\"og:site_name\" content=\"Marek Kuchci\u0144ski\" \/>\n<meta property=\"article:published_time\" content=\"2021-01-19T20:46:05+00:00\" \/>\n<meta property=\"article:modified_time\" content=\"2021-01-19T20:48:30+00:00\" \/>\n<meta property=\"og:image\" content=\"https:\/\/marekkuchcinski.pl\/wp-content\/uploads\/2021\/01\/EsHU0CKW4AEc27F-1-scaled.jpg\" \/>\n\t<meta property=\"og:image:width\" content=\"2048\" \/>\n\t<meta property=\"og:image:height\" content=\"1365\" \/>\n\t<meta property=\"og:image:type\" content=\"image\/jpeg\" \/>\n<meta name=\"author\" content=\"Tomasz \u0141acina\" \/>\n<meta name=\"twitter:card\" content=\"summary_large_image\" \/>\n<meta name=\"twitter:label1\" content=\"Napsal(a)\" \/>\n\t<meta name=\"twitter:data1\" content=\"Tomasz \u0141acina\" \/>\n\t<meta name=\"twitter:label2\" content=\"Odhadovan\u00e1 doba \u010dten\u00ed\" \/>\n\t<meta name=\"twitter:data2\" content=\"1 minuta\" \/>\n<script type=\"application\/ld+json\" class=\"yoast-schema-graph\">{\"@context\":\"https:\/\/schema.org\",\"@graph\":[{\"@type\":\"Article\",\"@id\":\"https:\/\/marekkuchcinski.pl\/en\/wydarzenia\/maciej-pisarski-nowym-ambasadorem-rp-w-pakistanie\/#article\",\"isPartOf\":{\"@id\":\"https:\/\/marekkuchcinski.pl\/en\/wydarzenia\/maciej-pisarski-nowym-ambasadorem-rp-w-pakistanie\/\"},\"author\":{\"name\":\"Tomasz \u0141acina\",\"@id\":\"https:\/\/marekkuchcinski.pl\/#\/schema\/person\/b8a29fe7813098f7be78801d029910a7\"},\"headline\":\"Maciej Pisarski nowym ambasadorem RP w Pakistanie\",\"datePublished\":\"2021-01-19T20:46:05+00:00\",\"dateModified\":\"2021-01-19T20:48:30+00:00\",\"mainEntityOfPage\":{\"@id\":\"https:\/\/marekkuchcinski.pl\/en\/wydarzenia\/maciej-pisarski-nowym-ambasadorem-rp-w-pakistanie\/\"},\"wordCount\":138,\"commentCount\":0,\"publisher\":{\"@id\":\"https:\/\/marekkuchcinski.pl\/#organization\"},\"image\":{\"@id\":\"https:\/\/marekkuchcinski.pl\/en\/wydarzenia\/maciej-pisarski-nowym-ambasadorem-rp-w-pakistanie\/#primaryimage\"},\"thumbnailUrl\":\"https:\/\/marekkuchcinski.pl\/wp-content\/uploads\/2021\/01\/EsHU0CKW4AEc27F-1-scaled.jpg\",\"articleSection\":[\"Wydarzenia\"],\"inLanguage\":\"cs\",\"potentialAction\":[{\"@type\":\"CommentAction\",\"name\":\"Comment\",\"target\":[\"https:\/\/marekkuchcinski.pl\/en\/wydarzenia\/maciej-pisarski-nowym-ambasadorem-rp-w-pakistanie\/#respond\"]}]},{\"@type\":\"WebPage\",\"@id\":\"https:\/\/marekkuchcinski.pl\/en\/wydarzenia\/maciej-pisarski-nowym-ambasadorem-rp-w-pakistanie\/\",\"url\":\"https:\/\/marekkuchcinski.pl\/en\/wydarzenia\/maciej-pisarski-nowym-ambasadorem-rp-w-pakistanie\/\",\"name\":\"Maciej Pisarski nowym ambasadorem RP w Pakistanie &#8211; Marek Kuchci\u0144ski\",\"isPartOf\":{\"@id\":\"https:\/\/marekkuchcinski.pl\/#website\"},\"primaryImageOfPage\":{\"@id\":\"https:\/\/marekkuchcinski.pl\/en\/wydarzenia\/maciej-pisarski-nowym-ambasadorem-rp-w-pakistanie\/#primaryimage\"},\"image\":{\"@id\":\"https:\/\/marekkuchcinski.pl\/en\/wydarzenia\/maciej-pisarski-nowym-ambasadorem-rp-w-pakistanie\/#primaryimage\"},\"thumbnailUrl\":\"https:\/\/marekkuchcinski.pl\/wp-content\/uploads\/2021\/01\/EsHU0CKW4AEc27F-1-scaled.jpg\",\"datePublished\":\"2021-01-19T20:46:05+00:00\",\"dateModified\":\"2021-01-19T20:48:30+00:00\",\"breadcrumb\":{\"@id\":\"https:\/\/marekkuchcinski.pl\/en\/wydarzenia\/maciej-pisarski-nowym-ambasadorem-rp-w-pakistanie\/#breadcrumb\"},\"inLanguage\":\"cs\",\"potentialAction\":[{\"@type\":\"ReadAction\",\"target\":[\"https:\/\/marekkuchcinski.pl\/en\/wydarzenia\/maciej-pisarski-nowym-ambasadorem-rp-w-pakistanie\/\"]}]},{\"@type\":\"ImageObject\",\"inLanguage\":\"cs\",\"@id\":\"https:\/\/marekkuchcinski.pl\/en\/wydarzenia\/maciej-pisarski-nowym-ambasadorem-rp-w-pakistanie\/#primaryimage\",\"url\":\"https:\/\/marekkuchcinski.pl\/wp-content\/uploads\/2021\/01\/EsHU0CKW4AEc27F-1-scaled.jpg\",\"contentUrl\":\"https:\/\/marekkuchcinski.pl\/wp-content\/uploads\/2021\/01\/EsHU0CKW4AEc27F-1-scaled.jpg\",\"width\":2048,\"height\":1365},{\"@type\":\"BreadcrumbList\",\"@id\":\"https:\/\/marekkuchcinski.pl\/en\/wydarzenia\/maciej-pisarski-nowym-ambasadorem-rp-w-pakistanie\/#breadcrumb\",\"itemListElement\":[{\"@type\":\"ListItem\",\"position\":1,\"name\":\"Strona g\u0142\u00f3wna\",\"item\":\"https:\/\/marekkuchcinski.pl\/\"},{\"@type\":\"ListItem\",\"position\":2,\"name\":\"Maciej Pisarski nowym ambasadorem RP w Pakistanie\"}]},{\"@type\":\"WebSite\",\"@id\":\"https:\/\/marekkuchcinski.pl\/#website\",\"url\":\"https:\/\/marekkuchcinski.pl\/\",\"name\":\"Marek Kuchci\u0144ski\",\"description\":\"Pose\u0142 na sejm RP &ndash; okr\u0119g nr 22\",\"publisher\":{\"@id\":\"https:\/\/marekkuchcinski.pl\/#organization\"},\"potentialAction\":[{\"@type\":\"SearchAction\",\"target\":{\"@type\":\"EntryPoint\",\"urlTemplate\":\"https:\/\/marekkuchcinski.pl\/?s={search_term_string}\"},\"query-input\":{\"@type\":\"PropertyValueSpecification\",\"valueRequired\":true,\"valueName\":\"search_term_string\"}}],\"inLanguage\":\"cs\"},{\"@type\":\"Organization\",\"@id\":\"https:\/\/marekkuchcinski.pl\/#organization\",\"name\":\"Marek Kuchci\u0144ski\",\"url\":\"https:\/\/marekkuchcinski.pl\/\",\"logo\":{\"@type\":\"ImageObject\",\"inLanguage\":\"cs\",\"@id\":\"https:\/\/marekkuchcinski.pl\/#\/schema\/logo\/image\/\",\"url\":\"https:\/\/marekkuchcinski.pl\/wp-content\/uploads\/2022\/09\/Marek.jpg\",\"contentUrl\":\"https:\/\/marekkuchcinski.pl\/wp-content\/uploads\/2022\/09\/Marek.jpg\",\"width\":1600,\"height\":971,\"caption\":\"Marek Kuchci\u0144ski\"},\"image\":{\"@id\":\"https:\/\/marekkuchcinski.pl\/#\/schema\/logo\/image\/\"}},{\"@type\":\"Person\",\"@id\":\"https:\/\/marekkuchcinski.pl\/#\/schema\/person\/b8a29fe7813098f7be78801d029910a7\",\"name\":\"Tomasz \u0141acina\",\"image\":{\"@type\":\"ImageObject\",\"inLanguage\":\"cs\",\"@id\":\"https:\/\/marekkuchcinski.pl\/#\/schema\/person\/image\/\",\"url\":\"https:\/\/secure.gravatar.com\/avatar\/22e75f6c51aff77a676ed77dd222f852?s=96&d=mm&r=g\",\"contentUrl\":\"https:\/\/secure.gravatar.com\/avatar\/22e75f6c51aff77a676ed77dd222f852?s=96&d=mm&r=g\",\"caption\":\"Tomasz \u0141acina\"},\"url\":\"https:\/\/marekkuchcinski.pl\/cs\/author\/tomek-lacina\/\"}]}<\/script>\n<!-- \/ Yoast SEO plugin. -->","yoast_head_json":{"title":"Maciej Pisarski nowym ambasadorem RP w Pakistanie &#8211; Marek Kuchci\u0144ski","robots":{"index":"index","follow":"follow","max-snippet":"max-snippet:-1","max-image-preview":"max-image-preview:large","max-video-preview":"max-video-preview:-1"},"canonical":"https:\/\/marekkuchcinski.pl\/cs\/wydarzenia\/maciej-pisarski-nowym-ambasadorem-rp-w-pakistanie\/","og_locale":"cs_CZ","og_type":"article","og_title":"Maciej Pisarski nowym ambasadorem RP w Pakistanie &#8211; Marek Kuchci\u0144ski","og_description":"We wtorek 19 stycznia odby\u0142o si\u0119 posiedzenie Komisji Spraw Zagranicznych. Pierwsz\u0105 cz\u0119\u015b\u0107 posiedzenia stanowi\u0142o rozpatrywanie kandydatury Macieja Pisarskiego na stanowisko ambasadora RP\u00a0w Islamskiej Republice Pakistanu. Pan Pisarski przedstawi\u0142 swoj\u0105 koncepcj\u0119 co do swojej przysz\u0142ej roli. Wymieni\u0142 tematy kt\u00f3re stanowi\u0107 b\u0119d\u0105 jego priorytety. Spo\u015br\u00f3d nich wymieni\u0142 trzy g\u0142\u00f3wne filary nad kt\u00f3rymi b\u0119dzie pracowa\u0142 w Islamabadzie: rozw\u00f3j [&hellip;]","og_url":"https:\/\/marekkuchcinski.pl\/cs\/wydarzenia\/maciej-pisarski-nowym-ambasadorem-rp-w-pakistanie\/","og_site_name":"Marek Kuchci\u0144ski","article_published_time":"2021-01-19T20:46:05+00:00","article_modified_time":"2021-01-19T20:48:30+00:00","og_image":[{"width":2048,"height":1365,"url":"https:\/\/marekkuchcinski.pl\/wp-content\/uploads\/2021\/01\/EsHU0CKW4AEc27F-1-scaled.jpg","type":"image\/jpeg"}],"author":"Tomasz \u0141acina","twitter_card":"summary_large_image","twitter_misc":{"Napsal(a)":"Tomasz \u0141acina","Odhadovan\u00e1 doba \u010dten\u00ed":"1 minuta"},"schema":{"@context":"https:\/\/schema.org","@graph":[{"@type":"Article","@id":"https:\/\/marekkuchcinski.pl\/en\/wydarzenia\/maciej-pisarski-nowym-ambasadorem-rp-w-pakistanie\/#article","isPartOf":{"@id":"https:\/\/marekkuchcinski.pl\/en\/wydarzenia\/maciej-pisarski-nowym-ambasadorem-rp-w-pakistanie\/"},"author":{"name":"Tomasz \u0141acina","@id":"https:\/\/marekkuchcinski.pl\/#\/schema\/person\/b8a29fe7813098f7be78801d029910a7"},"headline":"Maciej Pisarski nowym ambasadorem RP w Pakistanie","datePublished":"2021-01-19T20:46:05+00:00","dateModified":"2021-01-19T20:48:30+00:00","mainEntityOfPage":{"@id":"https:\/\/marekkuchcinski.pl\/en\/wydarzenia\/maciej-pisarski-nowym-ambasadorem-rp-w-pakistanie\/"},"wordCount":138,"commentCount":0,"publisher":{"@id":"https:\/\/marekkuchcinski.pl\/#organization"},"image":{"@id":"https:\/\/marekkuchcinski.pl\/en\/wydarzenia\/maciej-pisarski-nowym-ambasadorem-rp-w-pakistanie\/#primaryimage"},"thumbnailUrl":"https:\/\/marekkuchcinski.pl\/wp-content\/uploads\/2021\/01\/EsHU0CKW4AEc27F-1-scaled.jpg","articleSection":["Wydarzenia"],"inLanguage":"cs","potentialAction":[{"@type":"CommentAction","name":"Comment","target":["https:\/\/marekkuchcinski.pl\/en\/wydarzenia\/maciej-pisarski-nowym-ambasadorem-rp-w-pakistanie\/#respond"]}]},{"@type":"WebPage","@id":"https:\/\/marekkuchcinski.pl\/en\/wydarzenia\/maciej-pisarski-nowym-ambasadorem-rp-w-pakistanie\/","url":"https:\/\/marekkuchcinski.pl\/en\/wydarzenia\/maciej-pisarski-nowym-ambasadorem-rp-w-pakistanie\/","name":"Maciej Pisarski nowym ambasadorem RP w Pakistanie &#8211; Marek Kuchci\u0144ski","isPartOf":{"@id":"https:\/\/marekkuchcinski.pl\/#website"},"primaryImageOfPage":{"@id":"https:\/\/marekkuchcinski.pl\/en\/wydarzenia\/maciej-pisarski-nowym-ambasadorem-rp-w-pakistanie\/#primaryimage"},"image":{"@id":"https:\/\/marekkuchcinski.pl\/en\/wydarzenia\/maciej-pisarski-nowym-ambasadorem-rp-w-pakistanie\/#primaryimage"},"thumbnailUrl":"https:\/\/marekkuchcinski.pl\/wp-content\/uploads\/2021\/01\/EsHU0CKW4AEc27F-1-scaled.jpg","datePublished":"2021-01-19T20:46:05+00:00","dateModified":"2021-01-19T20:48:30+00:00","breadcrumb":{"@id":"https:\/\/marekkuchcinski.pl\/en\/wydarzenia\/maciej-pisarski-nowym-ambasadorem-rp-w-pakistanie\/#breadcrumb"},"inLanguage":"cs","potentialAction":[{"@type":"ReadAction","target":["https:\/\/marekkuchcinski.pl\/en\/wydarzenia\/maciej-pisarski-nowym-ambasadorem-rp-w-pakistanie\/"]}]},{"@type":"ImageObject","inLanguage":"cs","@id":"https:\/\/marekkuchcinski.pl\/en\/wydarzenia\/maciej-pisarski-nowym-ambasadorem-rp-w-pakistanie\/#primaryimage","url":"https:\/\/marekkuchcinski.pl\/wp-content\/uploads\/2021\/01\/EsHU0CKW4AEc27F-1-scaled.jpg","contentUrl":"https:\/\/marekkuchcinski.pl\/wp-content\/uploads\/2021\/01\/EsHU0CKW4AEc27F-1-scaled.jpg","width":2048,"height":1365},{"@type":"BreadcrumbList","@id":"https:\/\/marekkuchcinski.pl\/en\/wydarzenia\/maciej-pisarski-nowym-ambasadorem-rp-w-pakistanie\/#breadcrumb","itemListElement":[{"@type":"ListItem","position":1,"name":"Strona g\u0142\u00f3wna","item":"https:\/\/marekkuchcinski.pl\/"},{"@type":"ListItem","position":2,"name":"Maciej Pisarski nowym ambasadorem RP w Pakistanie"}]},{"@type":"WebSite","@id":"https:\/\/marekkuchcinski.pl\/#website","url":"https:\/\/marekkuchcinski.pl\/","name":"Marek Kuchci\u0144ski","description":"Pose\u0142 na sejm RP &ndash; okr\u0119g nr 22","publisher":{"@id":"https:\/\/marekkuchcinski.pl\/#organization"},"potentialAction":[{"@type":"SearchAction","target":{"@type":"EntryPoint","urlTemplate":"https:\/\/marekkuchcinski.pl\/?s={search_term_string}"},"query-input":{"@type":"PropertyValueSpecification","valueRequired":true,"valueName":"search_term_string"}}],"inLanguage":"cs"},{"@type":"Organization","@id":"https:\/\/marekkuchcinski.pl\/#organization","name":"Marek Kuchci\u0144ski","url":"https:\/\/marekkuchcinski.pl\/","logo":{"@type":"ImageObject","inLanguage":"cs","@id":"https:\/\/marekkuchcinski.pl\/#\/schema\/logo\/image\/","url":"https:\/\/marekkuchcinski.pl\/wp-content\/uploads\/2022\/09\/Marek.jpg","contentUrl":"https:\/\/marekkuchcinski.pl\/wp-content\/uploads\/2022\/09\/Marek.jpg","width":1600,"height":971,"caption":"Marek Kuchci\u0144ski"},"image":{"@id":"https:\/\/marekkuchcinski.pl\/#\/schema\/logo\/image\/"}},{"@type":"Person","@id":"https:\/\/marekkuchcinski.pl\/#\/schema\/person\/b8a29fe7813098f7be78801d029910a7","name":"Tomasz \u0141acina","image":{"@type":"ImageObject","inLanguage":"cs","@id":"https:\/\/marekkuchcinski.pl\/#\/schema\/person\/image\/","url":"https:\/\/secure.gravatar.com\/avatar\/22e75f6c51aff77a676ed77dd222f852?s=96&d=mm&r=g","contentUrl":"https:\/\/secure.gravatar.com\/avatar\/22e75f6c51aff77a676ed77dd222f852?s=96&d=mm&r=g","caption":"Tomasz \u0141acina"},"url":"https:\/\/marekkuchcinski.pl\/cs\/author\/tomek-lacina\/"}]}},"_links":{"self":[{"href":"https:\/\/marekkuchcinski.pl\/cs\/wp-json\/wp\/v2\/posts\/21515","targetHints":{"allow":["GET"]}}],"collection":[{"href":"https:\/\/marekkuchcinski.pl\/cs\/wp-json\/wp\/v2\/posts"}],"about":[{"href":"https:\/\/marekkuchcinski.pl\/cs\/wp-json\/wp\/v2\/types\/post"}],"author":[{"embeddable":true,"href":"https:\/\/marekkuchcinski.pl\/cs\/wp-json\/wp\/v2\/users\/17"}],"replies":[{"embeddable":true,"href":"https:\/\/marekkuchcinski.pl\/cs\/wp-json\/wp\/v2\/comments?post=21515"}],"version-history":[{"count":6,"href":"https:\/\/marekkuchcinski.pl\/cs\/wp-json\/wp\/v2\/posts\/21515\/revisions"}],"predecessor-version":[{"id":21525,"href":"https:\/\/marekkuchcinski.pl\/cs\/wp-json\/wp\/v2\/posts\/21515\/revisions\/21525"}],"wp:featuredmedia":[{"embeddable":true,"href":"https:\/\/marekkuchcinski.pl\/cs\/wp-json\/wp\/v2\/media\/21518"}],"wp:attachment":[{"href":"https:\/\/marekkuchcinski.pl\/cs\/wp-json\/wp\/v2\/media?parent=21515"}],"wp:term":[{"taxonomy":"category","embeddable":true,"href":"https:\/\/marekkuchcinski.pl\/cs\/wp-json\/wp\/v2\/categories?post=21515"},{"taxonomy":"post_tag","embeddable":true,"href":"https:\/\/marekkuchcinski.pl\/cs\/wp-json\/wp\/v2\/tags?post=21515"}],"curies":[{"name":"wp","href":"https:\/\/api.w.org\/{rel}","templated":true}]}}