{"id":21308,"date":"2021-01-11T17:50:41","date_gmt":"2021-01-11T16:50:41","guid":{"rendered":"https:\/\/marekkuchcinski.pl\/?p=21308"},"modified":"2021-01-16T15:43:13","modified_gmt":"2021-01-16T14:43:13","slug":"wiadomosci-z-europy-i-swiata-11-stycznia-2021","status":"publish","type":"post","link":"https:\/\/marekkuchcinski.pl\/cs\/europa\/wiadomosci-z-europy-i-swiata-11-stycznia-2021\/","title":{"rendered":"Zpr\u00e1vy z Evropy a sv\u011bta, 11. ledna 2021"},"content":{"rendered":"<div class=\"wp-block-image\"><figure class=\"aligncenter size-large is-resized\"><a href=\"https:\/\/marekkuchcinski.pl\/wp-content\/uploads\/2021\/01\/cf1f077a911c3f077bef2e6ad1677e47.jpg\"><img fetchpriority=\"high\" decoding=\"async\" src=\"https:\/\/marekkuchcinski.pl\/wp-content\/uploads\/2021\/01\/cf1f077a911c3f077bef2e6ad1677e47.jpg\" alt=\"\" class=\"wp-image-21337\" width=\"787\" height=\"425\" srcset=\"https:\/\/marekkuchcinski.pl\/wp-content\/uploads\/2021\/01\/cf1f077a911c3f077bef2e6ad1677e47.jpg 726w, https:\/\/marekkuchcinski.pl\/wp-content\/uploads\/2021\/01\/cf1f077a911c3f077bef2e6ad1677e47-300x162.jpg 300w, https:\/\/marekkuchcinski.pl\/wp-content\/uploads\/2021\/01\/cf1f077a911c3f077bef2e6ad1677e47-16x9.jpg 16w\" sizes=\"(max-width: 787px) 100vw, 787px\" \/><\/a><\/figure><\/div>\n\n\n\n<p class=\"has-large-font-size\"><strong>Z\u00e1padn\u00ed Evropa<\/strong><\/p>\n\n\n\n<p><strong>Rakousko: <\/strong>Rakousk\u00e1 ministryn\u011b pr\u00e1ce a rodiny Christine Aschbacherov\u00e1 (\u00d6VP) ozn\u00e1mila sv\u00e9 rozhodnut\u00ed odej\u00edt z vl\u00e1dy s t\u00edm, \u017ee ji \"m\u00e9dia a politi\u010dt\u00ed soudruzi\" odsoudili p\u0159ed\u010dasn\u011b. B\u00fdval\u00e1 ministryn\u011b pr\u00e1ce \u010delila obvin\u011bn\u00ed z plagi\u00e1torstv\u00ed v souvislosti se svou diplomovou prac\u00ed.<\/p>\n\n\n\n<p><strong>Belgie:<\/strong> \"Belgie po\u017e\u00e1d\u00e1 o dal\u0161\u00edch deset milion\u016f vakc\u00edn proti koronavir\u016fm od spole\u010dnosti Pfizer-BioNTech,\" ozn\u00e1mil o v\u00edkendu ministr zdravotnictv\u00ed Frank Vandenbroucke. Sou\u010dasn\u011b st\u00e1le neexistuje ofici\u00e1ln\u00ed datab\u00e1ze o o\u010dkov\u00e1n\u00ed. \"\u017d\u00e1d\u00e1me o spravedliv\u00fd pod\u00edl. Pokud spole\u010dnost Pfizer dod\u00e1 do Evropy celkem 600 milion\u016f d\u00e1vek, maj\u00ed Belgi\u010dan\u00e9 n\u00e1rok na 15 milion\u016f,\" \u0159ekl Vandenbroucke ve vl\u00e1msk\u00e9m televizn\u00edm po\u0159adu De Zevende Dag.<\/p>\n\n\n\n<p><strong>Francie:<\/strong> V souvislosti s novou variantou koronaviru, kter\u00e1 se ned\u00e1vno objevila ve Velk\u00e9 Brit\u00e1nii, ministr zdravotnictv\u00ed Olivier V\u00e9ran uvedl, \u017ee \"d\u011bl\u00e1me v\u0161e pro to, abychom zabr\u00e1nili \u0161\u00ed\u0159en\u00ed t\u00e9to mutace\". Dal\u0161\u00edch osm departement\u016f na v\u00fdchod\u011b Francie se v ned\u011bli rozhodlo prodlou\u017eit z\u00e1kaz vych\u00e1zen\u00ed od 18:00. Dosud platil v patn\u00e1cti departementech.<\/p>\n\n\n\n<p><strong>Irsko:<\/strong> \"V\u00fdskyt ned\u00e1vno objeven\u00e9 jihoafrick\u00e9 varianty COVID-19 byl zvl\u00e1dnut,\" uvedli ir\u0161t\u00ed zdravotn\u00edci. Nicm\u00e9n\u011b mutace COVID-19, kter\u00e1 byla poprv\u00e9 identifikov\u00e1na ve Velk\u00e9 Brit\u00e1nii, vyvol\u00e1v\u00e1 u \u00fa\u0159ad\u016f obavy.<\/p>\n\n\n\n<p><strong>N\u011bmecko:<\/strong> P\u0159edseda Spolkov\u00e9ho sn\u011bmu Wolfgang Sch\u00e4uble rozhodl o zv\u00fd\u0161en\u00ed bezpe\u010dnosti v budov\u011b n\u011bmeck\u00e9ho parlamentu. Toto rozhodnut\u00ed p\u0159i\u0161lo pot\u00e9, co z\u00e1konod\u00e1rci koncem minul\u00e9ho t\u00fddne v reakci na nepokoje v Kapitolu vyzvali ke zv\u00fd\u0161en\u00ed bezpe\u010dnosti v okol\u00ed Bundestagu.<\/p>\n\n\n\n<p class=\"has-large-font-size\"><strong>Visegr\u00e1dsk\u00e1 skupina<\/strong><\/p>\n\n\n\n<p><strong>\u010cesk\u00e1 republika: \"<\/strong>V pond\u011bl\u00ed by m\u011blo do \u010cesk\u00e9 republiky dorazit prvn\u00edch 20 000 d\u00e1vek vakc\u00edny Moderna,\" uvedl v \u010cesk\u00e9 televizi premi\u00e9r Andrej Babi\u0161. Evropsk\u00e1 l\u00e9ka\u0159sk\u00e1 agentura (EMA) a Evropsk\u00e1 komise schv\u00e1lily vakc\u00ednu Moderna 6. ledna, ani\u017e by p\u0159esn\u011b ur\u010dily, kdy by m\u011bla b\u00fdt zah\u00e1jena jej\u00ed distribuce.<\/p>\n\n\n\n<p><strong>Slovensko: <\/strong>B\u00fdval\u00fd policejn\u00ed \u0161\u00e9f Milan Lu\u010dansk\u00fd, kter\u00fd byl na za\u010d\u00e1tku prosince obvin\u011bn mimo jin\u00e9 z korupce p\u0159i policejn\u00ed akci s kryc\u00edm n\u00e1zvem \"Jid\u00e1\u0161\", se 29. prosince ve vy\u0161et\u0159ovac\u00ed vazb\u011b pokusil o sebevra\u017edu. O den pozd\u011bji zem\u0159el v nemocnici. Milan Lu\u010dansk\u00fd nastoupil do \u010dela slovensk\u00e9 policie b\u011bhem rekonstrukce vl\u00e1dy veden\u00e9 Sm\u011brem-SD po vra\u017ed\u011b novin\u00e1\u0159\u016f J\u00e1na Kuciaka a Martiny Ku\u0161n\u00edrov\u00e9.<\/p>\n\n\n\n<p><\/p>\n\n\n\n<p class=\"has-large-font-size\"><strong>Balk\u00e1n<\/strong><\/p>\n\n\n\n<p><strong>Bosna a Hercegovina: <\/strong>N\u011bmeck\u00fd europoslanec Stefan Kaufmann (CDU) poblahop\u0159\u00e1l ke kontroverzn\u00edmu Dni Republiky srbsk\u00e9 (RS), kter\u00fd bosen\u0161t\u00ed Srbov\u00e9 slav\u00ed 9. ledna jako den vzniku bosenskosrbsk\u00e9 republiky v roce 1992. - navzdory tomu, \u017ee \u00dastavn\u00ed soud Bosny a Hercegoviny prohl\u00e1sil, \u017ee je proti\u00fastavn\u00ed. Po ostr\u00fdch reakc\u00edch v Bosn\u011b se Kaufmann na Twitteru omluvil a vysv\u011btlil, \u017ee si \"nebyl v\u011bdom negativn\u00edch konotac\u00ed spojen\u00fdch s t\u00edmto dnem\".<\/p>\n\n\n\n<p class=\"has-large-font-size\"><strong>Severn\u00ed Evropa<\/strong><\/p>\n\n\n\n<p><strong>\u0160v\u00e9dsko: <\/strong>\u0160v\u00e9dsk\u00fd parlament schv\u00e1lil z\u00e1kon, kter\u00fd d\u00e1v\u00e1 vl\u00e1d\u011b pr\u00e1vo zp\u0159\u00edsnit opat\u0159en\u00ed v boji proti sou\u010dasn\u00e9 pandemii. Z\u00e1kon, kter\u00fd vstoupil v platnost v ned\u011bli, umo\u017e\u0148uje vl\u00e1d\u011b omezit otev\u00edrac\u00ed dobu obchod\u016f, restaurac\u00ed a bar\u016f, ve\u0159ejn\u00e9 dopravy a sportovn\u00edch a kulturn\u00edch za\u0159\u00edzen\u00ed.<\/p>\n\n\n\n<p>SM<\/p>","protected":false},"excerpt":{"rendered":"<p>Z\u00e1padn\u00ed Evropa Rakousko: Rakousk\u00e1 ministryn\u011b pr\u00e1ce a rodiny Christine Aschbacherov\u00e1 (\u00d6VP) ozn\u00e1mila sv\u00e9 rozhodnut\u00ed odej\u00edt z vl\u00e1dy s t\u00edm, \u017ee \"m\u00e9dia a politi\u010dt\u00ed soudruzi\" ji odsoudili p\u0159ed\u010dasn\u011b. B\u00fdval\u00e1 ministryn\u011b pr\u00e1ce \u010delila obvin\u011bn\u00ed z plagi\u00e1torstv\u00ed v souvislosti se svou diplomovou prac\u00ed. Belgie: \"Belgie po\u017e\u00e1d\u00e1 o dal\u0161\u00edch deset milion\u016f vakc\u00edn proti koronavir\u016fm od spole\u010dnosti Pfizer-BioNTech\", ozn\u00e1mil [...]<\/p>","protected":false},"author":17,"featured_media":21337,"comment_status":"open","ping_status":"open","sticky":false,"template":"","format":"standard","meta":{"ngg_post_thumbnail":0,"footnotes":""},"categories":[185,3],"tags":[],"class_list":["post-21308","post","type-post","status-publish","format-standard","has-post-thumbnail","hentry","category-europa","category-wydarzenia"],"yoast_head":"<!-- This site is optimized with the Yoast SEO plugin v24.7 - https:\/\/yoast.com\/wordpress\/plugins\/seo\/ -->\n<title>Wiadomo\u015bci z Europy i \u015bwiata, 11 stycznia 2021 &#8211; Marek Kuchci\u0144ski<\/title>\n<meta name=\"robots\" content=\"index, follow, max-snippet:-1, max-image-preview:large, max-video-preview:-1\" \/>\n<link rel=\"canonical\" href=\"https:\/\/marekkuchcinski.pl\/cs\/europa\/wiadomosci-z-europy-i-swiata-11-stycznia-2021\/\" \/>\n<meta property=\"og:locale\" content=\"cs_CZ\" \/>\n<meta property=\"og:type\" content=\"article\" \/>\n<meta property=\"og:title\" content=\"Wiadomo\u015bci z Europy i \u015bwiata, 11 stycznia 2021 &#8211; Marek Kuchci\u0144ski\" \/>\n<meta property=\"og:description\" content=\"Europa Zachodnia Austria: Austriacka minister pracy i rodziny Christine Aschbacher (\u00d6VP) og\u0142osi\u0142a swoj\u0105 decyzj\u0119 o odej\u015bciu z rz\u0105du m\u00f3wi\u0105c, \u017ce \u201emedia i polityczni towarzysze\u201d os\u0105dzili j\u0105 przedwcze\u015bnie. By\u0142a minister pracy spotka\u0142a si\u0119 z zarzutami plagiatu w zwi\u0105zku ze swoj\u0105 prac\u0105 magistersk\u0105. Belgia: \u201eBelgia wyst\u0105pi o dziesi\u0119\u0107 milion\u00f3w dodatkowych szczepionek przeciwko koronawirusowi Pfizer-BioNTech\u201d &#8211; og\u0142osi\u0142 w [&hellip;]\" \/>\n<meta property=\"og:url\" content=\"https:\/\/marekkuchcinski.pl\/cs\/europa\/wiadomosci-z-europy-i-swiata-11-stycznia-2021\/\" \/>\n<meta property=\"og:site_name\" content=\"Marek Kuchci\u0144ski\" \/>\n<meta property=\"article:published_time\" content=\"2021-01-11T16:50:41+00:00\" \/>\n<meta property=\"article:modified_time\" content=\"2021-01-16T14:43:13+00:00\" \/>\n<meta property=\"og:image\" content=\"https:\/\/marekkuchcinski.pl\/wp-content\/uploads\/2021\/01\/cf1f077a911c3f077bef2e6ad1677e47.jpg\" \/>\n\t<meta property=\"og:image:width\" content=\"726\" \/>\n\t<meta property=\"og:image:height\" content=\"393\" \/>\n\t<meta property=\"og:image:type\" content=\"image\/jpeg\" \/>\n<meta name=\"author\" content=\"Tomasz \u0141acina\" \/>\n<meta name=\"twitter:card\" content=\"summary_large_image\" \/>\n<meta name=\"twitter:label1\" content=\"Napsal(a)\" \/>\n\t<meta name=\"twitter:data1\" content=\"Tomasz \u0141acina\" \/>\n\t<meta name=\"twitter:label2\" content=\"Odhadovan\u00e1 doba \u010dten\u00ed\" \/>\n\t<meta name=\"twitter:data2\" content=\"3 minuty\" \/>\n<script type=\"application\/ld+json\" class=\"yoast-schema-graph\">{\"@context\":\"https:\/\/schema.org\",\"@graph\":[{\"@type\":\"Article\",\"@id\":\"https:\/\/marekkuchcinski.pl\/europa\/wiadomosci-z-europy-i-swiata-11-stycznia-2021\/#article\",\"isPartOf\":{\"@id\":\"https:\/\/marekkuchcinski.pl\/europa\/wiadomosci-z-europy-i-swiata-11-stycznia-2021\/\"},\"author\":{\"name\":\"Tomasz \u0141acina\",\"@id\":\"https:\/\/marekkuchcinski.pl\/#\/schema\/person\/b8a29fe7813098f7be78801d029910a7\"},\"headline\":\"Wiadomo\u015bci z Europy i \u015bwiata, 11 stycznia 2021\",\"datePublished\":\"2021-01-11T16:50:41+00:00\",\"dateModified\":\"2021-01-16T14:43:13+00:00\",\"mainEntityOfPage\":{\"@id\":\"https:\/\/marekkuchcinski.pl\/europa\/wiadomosci-z-europy-i-swiata-11-stycznia-2021\/\"},\"wordCount\":517,\"commentCount\":0,\"publisher\":{\"@id\":\"https:\/\/marekkuchcinski.pl\/#organization\"},\"image\":{\"@id\":\"https:\/\/marekkuchcinski.pl\/europa\/wiadomosci-z-europy-i-swiata-11-stycznia-2021\/#primaryimage\"},\"thumbnailUrl\":\"https:\/\/marekkuchcinski.pl\/wp-content\/uploads\/2021\/01\/cf1f077a911c3f077bef2e6ad1677e47.jpg\",\"articleSection\":[\"Wie\u015bci z Europy i \u015awiata\",\"Wydarzenia\"],\"inLanguage\":\"cs\",\"potentialAction\":[{\"@type\":\"CommentAction\",\"name\":\"Comment\",\"target\":[\"https:\/\/marekkuchcinski.pl\/europa\/wiadomosci-z-europy-i-swiata-11-stycznia-2021\/#respond\"]}]},{\"@type\":\"WebPage\",\"@id\":\"https:\/\/marekkuchcinski.pl\/europa\/wiadomosci-z-europy-i-swiata-11-stycznia-2021\/\",\"url\":\"https:\/\/marekkuchcinski.pl\/europa\/wiadomosci-z-europy-i-swiata-11-stycznia-2021\/\",\"name\":\"Wiadomo\u015bci z Europy i \u015bwiata, 11 stycznia 2021 &#8211; Marek Kuchci\u0144ski\",\"isPartOf\":{\"@id\":\"https:\/\/marekkuchcinski.pl\/#website\"},\"primaryImageOfPage\":{\"@id\":\"https:\/\/marekkuchcinski.pl\/europa\/wiadomosci-z-europy-i-swiata-11-stycznia-2021\/#primaryimage\"},\"image\":{\"@id\":\"https:\/\/marekkuchcinski.pl\/europa\/wiadomosci-z-europy-i-swiata-11-stycznia-2021\/#primaryimage\"},\"thumbnailUrl\":\"https:\/\/marekkuchcinski.pl\/wp-content\/uploads\/2021\/01\/cf1f077a911c3f077bef2e6ad1677e47.jpg\",\"datePublished\":\"2021-01-11T16:50:41+00:00\",\"dateModified\":\"2021-01-16T14:43:13+00:00\",\"breadcrumb\":{\"@id\":\"https:\/\/marekkuchcinski.pl\/europa\/wiadomosci-z-europy-i-swiata-11-stycznia-2021\/#breadcrumb\"},\"inLanguage\":\"cs\",\"potentialAction\":[{\"@type\":\"ReadAction\",\"target\":[\"https:\/\/marekkuchcinski.pl\/europa\/wiadomosci-z-europy-i-swiata-11-stycznia-2021\/\"]}]},{\"@type\":\"ImageObject\",\"inLanguage\":\"cs\",\"@id\":\"https:\/\/marekkuchcinski.pl\/europa\/wiadomosci-z-europy-i-swiata-11-stycznia-2021\/#primaryimage\",\"url\":\"https:\/\/marekkuchcinski.pl\/wp-content\/uploads\/2021\/01\/cf1f077a911c3f077bef2e6ad1677e47.jpg\",\"contentUrl\":\"https:\/\/marekkuchcinski.pl\/wp-content\/uploads\/2021\/01\/cf1f077a911c3f077bef2e6ad1677e47.jpg\",\"width\":726,\"height\":393},{\"@type\":\"BreadcrumbList\",\"@id\":\"https:\/\/marekkuchcinski.pl\/europa\/wiadomosci-z-europy-i-swiata-11-stycznia-2021\/#breadcrumb\",\"itemListElement\":[{\"@type\":\"ListItem\",\"position\":1,\"name\":\"Strona g\u0142\u00f3wna\",\"item\":\"https:\/\/marekkuchcinski.pl\/\"},{\"@type\":\"ListItem\",\"position\":2,\"name\":\"Wiadomo\u015bci z Europy i \u015bwiata, 11 stycznia 2021\"}]},{\"@type\":\"WebSite\",\"@id\":\"https:\/\/marekkuchcinski.pl\/#website\",\"url\":\"https:\/\/marekkuchcinski.pl\/\",\"name\":\"Marek Kuchci\u0144ski\",\"description\":\"Pose\u0142 na sejm RP &ndash; okr\u0119g nr 22\",\"publisher\":{\"@id\":\"https:\/\/marekkuchcinski.pl\/#organization\"},\"potentialAction\":[{\"@type\":\"SearchAction\",\"target\":{\"@type\":\"EntryPoint\",\"urlTemplate\":\"https:\/\/marekkuchcinski.pl\/?s={search_term_string}\"},\"query-input\":{\"@type\":\"PropertyValueSpecification\",\"valueRequired\":true,\"valueName\":\"search_term_string\"}}],\"inLanguage\":\"cs\"},{\"@type\":\"Organization\",\"@id\":\"https:\/\/marekkuchcinski.pl\/#organization\",\"name\":\"Marek Kuchci\u0144ski\",\"url\":\"https:\/\/marekkuchcinski.pl\/\",\"logo\":{\"@type\":\"ImageObject\",\"inLanguage\":\"cs\",\"@id\":\"https:\/\/marekkuchcinski.pl\/#\/schema\/logo\/image\/\",\"url\":\"https:\/\/marekkuchcinski.pl\/wp-content\/uploads\/2022\/09\/Marek.jpg\",\"contentUrl\":\"https:\/\/marekkuchcinski.pl\/wp-content\/uploads\/2022\/09\/Marek.jpg\",\"width\":1600,\"height\":971,\"caption\":\"Marek Kuchci\u0144ski\"},\"image\":{\"@id\":\"https:\/\/marekkuchcinski.pl\/#\/schema\/logo\/image\/\"}},{\"@type\":\"Person\",\"@id\":\"https:\/\/marekkuchcinski.pl\/#\/schema\/person\/b8a29fe7813098f7be78801d029910a7\",\"name\":\"Tomasz \u0141acina\",\"image\":{\"@type\":\"ImageObject\",\"inLanguage\":\"cs\",\"@id\":\"https:\/\/marekkuchcinski.pl\/#\/schema\/person\/image\/\",\"url\":\"https:\/\/secure.gravatar.com\/avatar\/22e75f6c51aff77a676ed77dd222f852?s=96&d=mm&r=g\",\"contentUrl\":\"https:\/\/secure.gravatar.com\/avatar\/22e75f6c51aff77a676ed77dd222f852?s=96&d=mm&r=g\",\"caption\":\"Tomasz \u0141acina\"},\"url\":\"https:\/\/marekkuchcinski.pl\/cs\/author\/tomek-lacina\/\"}]}<\/script>\n<!-- \/ Yoast SEO plugin. -->","yoast_head_json":{"title":"Wiadomo\u015bci z Europy i \u015bwiata, 11 stycznia 2021 &#8211; Marek Kuchci\u0144ski","robots":{"index":"index","follow":"follow","max-snippet":"max-snippet:-1","max-image-preview":"max-image-preview:large","max-video-preview":"max-video-preview:-1"},"canonical":"https:\/\/marekkuchcinski.pl\/cs\/europa\/wiadomosci-z-europy-i-swiata-11-stycznia-2021\/","og_locale":"cs_CZ","og_type":"article","og_title":"Wiadomo\u015bci z Europy i \u015bwiata, 11 stycznia 2021 &#8211; Marek Kuchci\u0144ski","og_description":"Europa Zachodnia Austria: Austriacka minister pracy i rodziny Christine Aschbacher (\u00d6VP) og\u0142osi\u0142a swoj\u0105 decyzj\u0119 o odej\u015bciu z rz\u0105du m\u00f3wi\u0105c, \u017ce \u201emedia i polityczni towarzysze\u201d os\u0105dzili j\u0105 przedwcze\u015bnie. By\u0142a minister pracy spotka\u0142a si\u0119 z zarzutami plagiatu w zwi\u0105zku ze swoj\u0105 prac\u0105 magistersk\u0105. Belgia: \u201eBelgia wyst\u0105pi o dziesi\u0119\u0107 milion\u00f3w dodatkowych szczepionek przeciwko koronawirusowi Pfizer-BioNTech\u201d &#8211; og\u0142osi\u0142 w [&hellip;]","og_url":"https:\/\/marekkuchcinski.pl\/cs\/europa\/wiadomosci-z-europy-i-swiata-11-stycznia-2021\/","og_site_name":"Marek Kuchci\u0144ski","article_published_time":"2021-01-11T16:50:41+00:00","article_modified_time":"2021-01-16T14:43:13+00:00","og_image":[{"width":726,"height":393,"url":"https:\/\/marekkuchcinski.pl\/wp-content\/uploads\/2021\/01\/cf1f077a911c3f077bef2e6ad1677e47.jpg","type":"image\/jpeg"}],"author":"Tomasz \u0141acina","twitter_card":"summary_large_image","twitter_misc":{"Napsal(a)":"Tomasz \u0141acina","Odhadovan\u00e1 doba \u010dten\u00ed":"3 minuty"},"schema":{"@context":"https:\/\/schema.org","@graph":[{"@type":"Article","@id":"https:\/\/marekkuchcinski.pl\/europa\/wiadomosci-z-europy-i-swiata-11-stycznia-2021\/#article","isPartOf":{"@id":"https:\/\/marekkuchcinski.pl\/europa\/wiadomosci-z-europy-i-swiata-11-stycznia-2021\/"},"author":{"name":"Tomasz \u0141acina","@id":"https:\/\/marekkuchcinski.pl\/#\/schema\/person\/b8a29fe7813098f7be78801d029910a7"},"headline":"Wiadomo\u015bci z Europy i \u015bwiata, 11 stycznia 2021","datePublished":"2021-01-11T16:50:41+00:00","dateModified":"2021-01-16T14:43:13+00:00","mainEntityOfPage":{"@id":"https:\/\/marekkuchcinski.pl\/europa\/wiadomosci-z-europy-i-swiata-11-stycznia-2021\/"},"wordCount":517,"commentCount":0,"publisher":{"@id":"https:\/\/marekkuchcinski.pl\/#organization"},"image":{"@id":"https:\/\/marekkuchcinski.pl\/europa\/wiadomosci-z-europy-i-swiata-11-stycznia-2021\/#primaryimage"},"thumbnailUrl":"https:\/\/marekkuchcinski.pl\/wp-content\/uploads\/2021\/01\/cf1f077a911c3f077bef2e6ad1677e47.jpg","articleSection":["Wie\u015bci z Europy i \u015awiata","Wydarzenia"],"inLanguage":"cs","potentialAction":[{"@type":"CommentAction","name":"Comment","target":["https:\/\/marekkuchcinski.pl\/europa\/wiadomosci-z-europy-i-swiata-11-stycznia-2021\/#respond"]}]},{"@type":"WebPage","@id":"https:\/\/marekkuchcinski.pl\/europa\/wiadomosci-z-europy-i-swiata-11-stycznia-2021\/","url":"https:\/\/marekkuchcinski.pl\/europa\/wiadomosci-z-europy-i-swiata-11-stycznia-2021\/","name":"Wiadomo\u015bci z Europy i \u015bwiata, 11 stycznia 2021 &#8211; Marek Kuchci\u0144ski","isPartOf":{"@id":"https:\/\/marekkuchcinski.pl\/#website"},"primaryImageOfPage":{"@id":"https:\/\/marekkuchcinski.pl\/europa\/wiadomosci-z-europy-i-swiata-11-stycznia-2021\/#primaryimage"},"image":{"@id":"https:\/\/marekkuchcinski.pl\/europa\/wiadomosci-z-europy-i-swiata-11-stycznia-2021\/#primaryimage"},"thumbnailUrl":"https:\/\/marekkuchcinski.pl\/wp-content\/uploads\/2021\/01\/cf1f077a911c3f077bef2e6ad1677e47.jpg","datePublished":"2021-01-11T16:50:41+00:00","dateModified":"2021-01-16T14:43:13+00:00","breadcrumb":{"@id":"https:\/\/marekkuchcinski.pl\/europa\/wiadomosci-z-europy-i-swiata-11-stycznia-2021\/#breadcrumb"},"inLanguage":"cs","potentialAction":[{"@type":"ReadAction","target":["https:\/\/marekkuchcinski.pl\/europa\/wiadomosci-z-europy-i-swiata-11-stycznia-2021\/"]}]},{"@type":"ImageObject","inLanguage":"cs","@id":"https:\/\/marekkuchcinski.pl\/europa\/wiadomosci-z-europy-i-swiata-11-stycznia-2021\/#primaryimage","url":"https:\/\/marekkuchcinski.pl\/wp-content\/uploads\/2021\/01\/cf1f077a911c3f077bef2e6ad1677e47.jpg","contentUrl":"https:\/\/marekkuchcinski.pl\/wp-content\/uploads\/2021\/01\/cf1f077a911c3f077bef2e6ad1677e47.jpg","width":726,"height":393},{"@type":"BreadcrumbList","@id":"https:\/\/marekkuchcinski.pl\/europa\/wiadomosci-z-europy-i-swiata-11-stycznia-2021\/#breadcrumb","itemListElement":[{"@type":"ListItem","position":1,"name":"Strona g\u0142\u00f3wna","item":"https:\/\/marekkuchcinski.pl\/"},{"@type":"ListItem","position":2,"name":"Wiadomo\u015bci z Europy i \u015bwiata, 11 stycznia 2021"}]},{"@type":"WebSite","@id":"https:\/\/marekkuchcinski.pl\/#website","url":"https:\/\/marekkuchcinski.pl\/","name":"Marek Kuchci\u0144ski","description":"Pose\u0142 na sejm RP &ndash; okr\u0119g nr 22","publisher":{"@id":"https:\/\/marekkuchcinski.pl\/#organization"},"potentialAction":[{"@type":"SearchAction","target":{"@type":"EntryPoint","urlTemplate":"https:\/\/marekkuchcinski.pl\/?s={search_term_string}"},"query-input":{"@type":"PropertyValueSpecification","valueRequired":true,"valueName":"search_term_string"}}],"inLanguage":"cs"},{"@type":"Organization","@id":"https:\/\/marekkuchcinski.pl\/#organization","name":"Marek Kuchci\u0144ski","url":"https:\/\/marekkuchcinski.pl\/","logo":{"@type":"ImageObject","inLanguage":"cs","@id":"https:\/\/marekkuchcinski.pl\/#\/schema\/logo\/image\/","url":"https:\/\/marekkuchcinski.pl\/wp-content\/uploads\/2022\/09\/Marek.jpg","contentUrl":"https:\/\/marekkuchcinski.pl\/wp-content\/uploads\/2022\/09\/Marek.jpg","width":1600,"height":971,"caption":"Marek Kuchci\u0144ski"},"image":{"@id":"https:\/\/marekkuchcinski.pl\/#\/schema\/logo\/image\/"}},{"@type":"Person","@id":"https:\/\/marekkuchcinski.pl\/#\/schema\/person\/b8a29fe7813098f7be78801d029910a7","name":"Tomasz \u0141acina","image":{"@type":"ImageObject","inLanguage":"cs","@id":"https:\/\/marekkuchcinski.pl\/#\/schema\/person\/image\/","url":"https:\/\/secure.gravatar.com\/avatar\/22e75f6c51aff77a676ed77dd222f852?s=96&d=mm&r=g","contentUrl":"https:\/\/secure.gravatar.com\/avatar\/22e75f6c51aff77a676ed77dd222f852?s=96&d=mm&r=g","caption":"Tomasz \u0141acina"},"url":"https:\/\/marekkuchcinski.pl\/cs\/author\/tomek-lacina\/"}]}},"_links":{"self":[{"href":"https:\/\/marekkuchcinski.pl\/cs\/wp-json\/wp\/v2\/posts\/21308","targetHints":{"allow":["GET"]}}],"collection":[{"href":"https:\/\/marekkuchcinski.pl\/cs\/wp-json\/wp\/v2\/posts"}],"about":[{"href":"https:\/\/marekkuchcinski.pl\/cs\/wp-json\/wp\/v2\/types\/post"}],"author":[{"embeddable":true,"href":"https:\/\/marekkuchcinski.pl\/cs\/wp-json\/wp\/v2\/users\/17"}],"replies":[{"embeddable":true,"href":"https:\/\/marekkuchcinski.pl\/cs\/wp-json\/wp\/v2\/comments?post=21308"}],"version-history":[{"count":14,"href":"https:\/\/marekkuchcinski.pl\/cs\/wp-json\/wp\/v2\/posts\/21308\/revisions"}],"predecessor-version":[{"id":21396,"href":"https:\/\/marekkuchcinski.pl\/cs\/wp-json\/wp\/v2\/posts\/21308\/revisions\/21396"}],"wp:featuredmedia":[{"embeddable":true,"href":"https:\/\/marekkuchcinski.pl\/cs\/wp-json\/wp\/v2\/media\/21337"}],"wp:attachment":[{"href":"https:\/\/marekkuchcinski.pl\/cs\/wp-json\/wp\/v2\/media?parent=21308"}],"wp:term":[{"taxonomy":"category","embeddable":true,"href":"https:\/\/marekkuchcinski.pl\/cs\/wp-json\/wp\/v2\/categories?post=21308"},{"taxonomy":"post_tag","embeddable":true,"href":"https:\/\/marekkuchcinski.pl\/cs\/wp-json\/wp\/v2\/tags?post=21308"}],"curies":[{"name":"wp","href":"https:\/\/api.w.org\/{rel}","templated":true}]}}