{"id":21036,"date":"2020-12-17T18:52:50","date_gmt":"2020-12-17T17:52:50","guid":{"rendered":"https:\/\/marekkuchcinski.pl\/?p=21036"},"modified":"2021-01-16T15:48:03","modified_gmt":"2021-01-16T14:48:03","slug":"trojmorze-przyspiesza","status":"publish","type":"post","link":"https:\/\/marekkuchcinski.pl\/cs\/wydarzenia\/trojmorze-przyspiesza\/","title":{"rendered":"Tr\u00f3jmorze przy\u015bpiesza!"},"content":{"rendered":"<div class=\"wp-block-image\"><figure class=\"aligncenter size-large is-resized\"><a href=\"https:\/\/marekkuchcinski.pl\/wp-content\/uploads\/2020\/12\/NOWA-Prezentacja-Fundusz-Trojmorza-grudzien-2020-Sejm-RP.pptx-04-scaled.jpg\"><img fetchpriority=\"high\" decoding=\"async\" src=\"https:\/\/marekkuchcinski.pl\/wp-content\/uploads\/2020\/12\/NOWA-Prezentacja-Fundusz-Trojmorza-grudzien-2020-Sejm-RP.pptx-04-1024x576.jpg\" alt=\"\" class=\"wp-image-21052\" width=\"876\" height=\"492\" srcset=\"https:\/\/marekkuchcinski.pl\/wp-content\/uploads\/2020\/12\/NOWA-Prezentacja-Fundusz-Trojmorza-grudzien-2020-Sejm-RP.pptx-04-1024x576.jpg 1024w, https:\/\/marekkuchcinski.pl\/wp-content\/uploads\/2020\/12\/NOWA-Prezentacja-Fundusz-Trojmorza-grudzien-2020-Sejm-RP.pptx-04-300x169.jpg 300w, https:\/\/marekkuchcinski.pl\/wp-content\/uploads\/2020\/12\/NOWA-Prezentacja-Fundusz-Trojmorza-grudzien-2020-Sejm-RP.pptx-04-768x432.jpg 768w, https:\/\/marekkuchcinski.pl\/wp-content\/uploads\/2020\/12\/NOWA-Prezentacja-Fundusz-Trojmorza-grudzien-2020-Sejm-RP.pptx-04-1536x864.jpg 1536w, https:\/\/marekkuchcinski.pl\/wp-content\/uploads\/2020\/12\/NOWA-Prezentacja-Fundusz-Trojmorza-grudzien-2020-Sejm-RP.pptx-04-scaled.jpg 2048w, https:\/\/marekkuchcinski.pl\/wp-content\/uploads\/2020\/12\/NOWA-Prezentacja-Fundusz-Trojmorza-grudzien-2020-Sejm-RP.pptx-04-16x9.jpg 16w\" sizes=\"(max-width: 876px) 100vw, 876px\" \/><\/a><\/figure><\/div>\n\n\n\n<p class=\"wp-block-paragraph\"><br>16 grudnia br. podczas posiedzenia Komisji Spraw Zagranicznych podj\u0119ty zosta\u0142 temat projektu Tr\u00f3jmorza. Inicjatywa powsta\u0142a w 2015 roku, a jej celem by\u0142o wzmocnienie wsp\u00f3\u0142pracy dwunastu kraj\u00f3w w regionie Morza Adriatyckiego, Ba\u0142tyckiego oraz Czarnego. Drog\u0105 do zacie\u015bnienia kooperacji jest mi\u0119dzy innymi realizacja wsp\u00f3lnych inicjatyw w obszarach transportu, energetyki oraz cyfryzacji.<\/p>\n\n\n\n<p class=\"wp-block-paragraph\">Marek Kuchci\u0144ski zwr\u00f3ci\u0142 uwag\u0119 na szczeg\u00f3ln\u0105 dba\u0142o\u015b\u0107 Polski o kwesti\u0119 rozwoju nowoczesnej infrastruktury, w tym szczeg\u00f3lnie cyfrowej w regionie Tr\u00f3jmorza. Uwa\u017cam, \u017ce obszar ten b\u0119dzie decydowa\u0142 o przysz\u0142ej zdolno\u015bci naszego regionu do konkurowania na globalnym rynku, dzi\u0119ki rozwojowi infrastruktury cyfrowej b\u0119dziemy w stanie lepiej wykorzysta\u0107 potencja\u0142 gospodarczy pa\u0144stwa.<\/p>\n\n\n\n<p class=\"wp-block-paragraph\">Posiedzenie by\u0142o r\u00f3wnie\u017c okazj\u0105 do zaznaczenia roli parlamentu w obszarze lobbingu na rzecz Tr\u00f3jmorza. Nale\u017cy wzmocni\u0107 g\u0142os parlamentu w sprawie tej inicjatywy \u2013  m\u00f3wi\u0142 Marek Kuchci\u0144ski. Dodatkow\u0105 trosk\u0105 obj\u0119ty zosta\u0142 temat Funduszu Tr\u00f3jmorza. Prezes Banku Gospodarstwa Krajowego Beata Daszy\u0144ska-Muzyczka wyja\u015bni\u0142a skal\u0119 i funkcj\u0119 tego instrumentu. Fundusz jest ekonomicznym wymiarem Inicjatywy Tr\u00f3jmorza i wehiku\u0142em inwestycyjnym do finansowania kluczowych projekt\u00f3w infrastrukturalnych w tym regionie. Uzupe\u0142nia i wzmacnia zaanga\u017cowanie kapita\u0142owe poszczeg\u00f3lnych kraj\u00f3w i instrument\u00f3w finansowych Unii Europejskiej.<\/p>\n\n\n\n<div class=\"wp-block-image\"><figure class=\"aligncenter size-large\"><a href=\"https:\/\/marekkuchcinski.pl\/wp-content\/uploads\/2020\/12\/1-scaled.jpg\"><img decoding=\"async\" width=\"1024\" height=\"682\" src=\"https:\/\/marekkuchcinski.pl\/wp-content\/uploads\/2020\/12\/1-1024x682.jpg\" alt=\"\" class=\"wp-image-21038\" srcset=\"https:\/\/marekkuchcinski.pl\/wp-content\/uploads\/2020\/12\/1-1024x682.jpg 1024w, https:\/\/marekkuchcinski.pl\/wp-content\/uploads\/2020\/12\/1-300x200.jpg 300w, https:\/\/marekkuchcinski.pl\/wp-content\/uploads\/2020\/12\/1-768x512.jpg 768w, https:\/\/marekkuchcinski.pl\/wp-content\/uploads\/2020\/12\/1-1536x1023.jpg 1536w, https:\/\/marekkuchcinski.pl\/wp-content\/uploads\/2020\/12\/1-scaled.jpg 2048w, https:\/\/marekkuchcinski.pl\/wp-content\/uploads\/2020\/12\/1-16x12.jpg 16w\" sizes=\"(max-width: 1024px) 100vw, 1024px\" \/><\/a><\/figure><\/div>\n\n\n\n<p class=\"wp-block-paragraph\"><\/p>\n\n\n\n<p class=\"wp-block-paragraph\">foto: Kancelaria Sejmu\/Aleksander Zieli\u0144ski.<\/p>\n\n\n\n<div class=\"wp-block-file\"><a href=\"https:\/\/marekkuchcinski.pl\/wp-content\/uploads\/2020\/12\/Fundusz-Trojmorza-prezentacja.pdf\">Fundusz-Trojmorza-prezentacja<\/a><a href=\"https:\/\/marekkuchcinski.pl\/wp-content\/uploads\/2020\/12\/Fundusz-Trojmorza-prezentacja.pdf\" class=\"wp-block-file__button\" download>Pobierz<\/a><\/div>\n\n\n\n<div class=\"wp-block-file\"><a href=\"https:\/\/marekkuchcinski.pl\/wp-content\/uploads\/2020\/12\/Fundusz-Trojmorza-prezentacja-EN.pptx\">Fundusz-Trojmorza-prezentacja-EN<\/a><a href=\"https:\/\/marekkuchcinski.pl\/wp-content\/uploads\/2020\/12\/Fundusz-Trojmorza-prezentacja-EN.pptx\" class=\"wp-block-file__button\" download>Pobierz<\/a><\/div>\n\n\n\n<p class=\"wp-block-paragraph\">RK<\/p>\n\n\n\n<p class=\"wp-block-paragraph\"><\/p>","protected":false},"excerpt":{"rendered":"<p>16 grudnia br. podczas posiedzenia Komisji Spraw Zagranicznych podj\u0119ty zosta\u0142 temat projektu Tr\u00f3jmorza. Inicjatywa powsta\u0142a w 2015 roku, a jej celem by\u0142o wzmocnienie wsp\u00f3\u0142pracy dwunastu kraj\u00f3w w regionie Morza Adriatyckiego, Ba\u0142tyckiego oraz Czarnego. Drog\u0105 do zacie\u015bnienia kooperacji jest mi\u0119dzy innymi realizacja wsp\u00f3lnych inicjatyw w obszarach transportu, energetyki oraz cyfryzacji. Marek Kuchci\u0144ski zwr\u00f3ci\u0142 uwag\u0119 na szczeg\u00f3ln\u0105 [&hellip;]<\/p>\n","protected":false},"author":2,"featured_media":21052,"comment_status":"open","ping_status":"open","sticky":false,"template":"","format":"standard","meta":{"ngg_post_thumbnail":0,"footnotes":""},"categories":[50,3],"tags":[],"class_list":["post-21036","post","type-post","status-publish","format-standard","has-post-thumbnail","hentry","category-wspolpraca-miedzynarodowa","category-wydarzenia"],"yoast_head":"<!-- This site is optimized with the Yoast SEO plugin v28.4 - https:\/\/yoast.com\/product\/yoast-seo-wordpress\/ -->\n<title>Tr\u00f3jmorze przy\u015bpiesza! &#8211; Marek Kuchci\u0144ski<\/title>\n<meta name=\"robots\" content=\"index, follow, max-snippet:-1, max-image-preview:large, max-video-preview:-1\" \/>\n<link rel=\"canonical\" href=\"https:\/\/marekkuchcinski.pl\/cs\/wydarzenia\/trojmorze-przyspiesza\/\" \/>\n<meta property=\"og:locale\" content=\"cs_CZ\" \/>\n<meta property=\"og:type\" content=\"article\" \/>\n<meta property=\"og:title\" content=\"Tr\u00f3jmorze przy\u015bpiesza! &#8211; Marek Kuchci\u0144ski\" \/>\n<meta property=\"og:description\" content=\"16 grudnia br. podczas posiedzenia Komisji Spraw Zagranicznych podj\u0119ty zosta\u0142 temat projektu Tr\u00f3jmorza. Inicjatywa powsta\u0142a w 2015 roku, a jej celem by\u0142o wzmocnienie wsp\u00f3\u0142pracy dwunastu kraj\u00f3w w regionie Morza Adriatyckiego, Ba\u0142tyckiego oraz Czarnego. Drog\u0105 do zacie\u015bnienia kooperacji jest mi\u0119dzy innymi realizacja wsp\u00f3lnych inicjatyw w obszarach transportu, energetyki oraz cyfryzacji. Marek Kuchci\u0144ski zwr\u00f3ci\u0142 uwag\u0119 na szczeg\u00f3ln\u0105 [&hellip;]\" \/>\n<meta property=\"og:url\" content=\"https:\/\/marekkuchcinski.pl\/cs\/wydarzenia\/trojmorze-przyspiesza\/\" \/>\n<meta property=\"og:site_name\" content=\"Marek Kuchci\u0144ski\" \/>\n<meta property=\"article:published_time\" content=\"2020-12-17T17:52:50+00:00\" \/>\n<meta property=\"article:modified_time\" content=\"2021-01-16T14:48:03+00:00\" \/>\n<meta property=\"og:image\" content=\"https:\/\/marekkuchcinski.pl\/wp-content\/uploads\/2020\/12\/NOWA-Prezentacja-Fundusz-Trojmorza-grudzien-2020-Sejm-RP.pptx-04-scaled.jpg\" \/>\n\t<meta property=\"og:image:width\" content=\"2048\" \/>\n\t<meta property=\"og:image:height\" content=\"1152\" \/>\n\t<meta property=\"og:image:type\" content=\"image\/jpeg\" \/>\n<meta name=\"author\" content=\"Tomasz \u0141acina\" \/>\n<meta name=\"twitter:card\" content=\"summary_large_image\" \/>\n<meta name=\"twitter:label1\" content=\"Written by\" \/>\n\t<meta name=\"twitter:data1\" content=\"Tomasz \u0141acina\" \/>\n\t<meta name=\"twitter:label2\" content=\"Est. reading time\" \/>\n\t<meta name=\"twitter:data2\" content=\"1 minute\" \/>\n<script type=\"application\/ld+json\" class=\"yoast-schema-graph\">{\"@context\":\"https:\\\/\\\/schema.org\",\"@graph\":[{\"@type\":\"Article\",\"@id\":\"https:\\\/\\\/marekkuchcinski.pl\\\/wydarzenia\\\/trojmorze-przyspiesza\\\/#article\",\"isPartOf\":{\"@id\":\"https:\\\/\\\/marekkuchcinski.pl\\\/wydarzenia\\\/trojmorze-przyspiesza\\\/\"},\"author\":{\"name\":\"Tomasz \u0141acina\",\"@id\":\"https:\\\/\\\/marekkuchcinski.pl\\\/#\\\/schema\\\/person\\\/aba1fe8aef473b9a6959c5931c34a69d\"},\"headline\":\"Tr\u00f3jmorze przy\u015bpiesza!\",\"datePublished\":\"2020-12-17T17:52:50+00:00\",\"dateModified\":\"2021-01-16T14:48:03+00:00\",\"mainEntityOfPage\":{\"@id\":\"https:\\\/\\\/marekkuchcinski.pl\\\/wydarzenia\\\/trojmorze-przyspiesza\\\/\"},\"wordCount\":227,\"commentCount\":0,\"publisher\":{\"@id\":\"https:\\\/\\\/marekkuchcinski.pl\\\/#organization\"},\"image\":{\"@id\":\"https:\\\/\\\/marekkuchcinski.pl\\\/wydarzenia\\\/trojmorze-przyspiesza\\\/#primaryimage\"},\"thumbnailUrl\":\"https:\\\/\\\/marekkuchcinski.pl\\\/wp-content\\\/uploads\\\/2020\\\/12\\\/NOWA-Prezentacja-Fundusz-Trojmorza-grudzien-2020-Sejm-RP.pptx-04-scaled.jpg\",\"articleSection\":[\"Wsp\u00f3\u0142praca mi\u0119dzynarodowa\",\"Wydarzenia\"],\"inLanguage\":\"cs-CZ\",\"potentialAction\":[{\"@type\":\"CommentAction\",\"name\":\"Comment\",\"target\":[\"https:\\\/\\\/marekkuchcinski.pl\\\/wydarzenia\\\/trojmorze-przyspiesza\\\/#respond\"]}]},{\"@type\":\"WebPage\",\"@id\":\"https:\\\/\\\/marekkuchcinski.pl\\\/wydarzenia\\\/trojmorze-przyspiesza\\\/\",\"url\":\"https:\\\/\\\/marekkuchcinski.pl\\\/wydarzenia\\\/trojmorze-przyspiesza\\\/\",\"name\":\"Tr\u00f3jmorze przy\u015bpiesza! &#8211; Marek Kuchci\u0144ski\",\"isPartOf\":{\"@id\":\"https:\\\/\\\/marekkuchcinski.pl\\\/#website\"},\"primaryImageOfPage\":{\"@id\":\"https:\\\/\\\/marekkuchcinski.pl\\\/wydarzenia\\\/trojmorze-przyspiesza\\\/#primaryimage\"},\"image\":{\"@id\":\"https:\\\/\\\/marekkuchcinski.pl\\\/wydarzenia\\\/trojmorze-przyspiesza\\\/#primaryimage\"},\"thumbnailUrl\":\"https:\\\/\\\/marekkuchcinski.pl\\\/wp-content\\\/uploads\\\/2020\\\/12\\\/NOWA-Prezentacja-Fundusz-Trojmorza-grudzien-2020-Sejm-RP.pptx-04-scaled.jpg\",\"datePublished\":\"2020-12-17T17:52:50+00:00\",\"dateModified\":\"2021-01-16T14:48:03+00:00\",\"breadcrumb\":{\"@id\":\"https:\\\/\\\/marekkuchcinski.pl\\\/wydarzenia\\\/trojmorze-przyspiesza\\\/#breadcrumb\"},\"inLanguage\":\"cs-CZ\",\"potentialAction\":[{\"@type\":\"ReadAction\",\"target\":[\"https:\\\/\\\/marekkuchcinski.pl\\\/wydarzenia\\\/trojmorze-przyspiesza\\\/\"]}]},{\"@type\":\"ImageObject\",\"inLanguage\":\"cs-CZ\",\"@id\":\"https:\\\/\\\/marekkuchcinski.pl\\\/wydarzenia\\\/trojmorze-przyspiesza\\\/#primaryimage\",\"url\":\"https:\\\/\\\/marekkuchcinski.pl\\\/wp-content\\\/uploads\\\/2020\\\/12\\\/NOWA-Prezentacja-Fundusz-Trojmorza-grudzien-2020-Sejm-RP.pptx-04-scaled.jpg\",\"contentUrl\":\"https:\\\/\\\/marekkuchcinski.pl\\\/wp-content\\\/uploads\\\/2020\\\/12\\\/NOWA-Prezentacja-Fundusz-Trojmorza-grudzien-2020-Sejm-RP.pptx-04-scaled.jpg\",\"width\":2048,\"height\":1152},{\"@type\":\"BreadcrumbList\",\"@id\":\"https:\\\/\\\/marekkuchcinski.pl\\\/wydarzenia\\\/trojmorze-przyspiesza\\\/#breadcrumb\",\"itemListElement\":[{\"@type\":\"ListItem\",\"position\":1,\"name\":\"Strona g\u0142\u00f3wna\",\"item\":\"https:\\\/\\\/marekkuchcinski.pl\\\/\"},{\"@type\":\"ListItem\",\"position\":2,\"name\":\"Tr\u00f3jmorze przy\u015bpiesza!\"}]},{\"@type\":\"WebSite\",\"@id\":\"https:\\\/\\\/marekkuchcinski.pl\\\/#website\",\"url\":\"https:\\\/\\\/marekkuchcinski.pl\\\/\",\"name\":\"Marek Kuchci\u0144ski\",\"description\":\"Marek Kuchci\u0144ski \",\"publisher\":{\"@id\":\"https:\\\/\\\/marekkuchcinski.pl\\\/#organization\"},\"potentialAction\":[{\"@type\":\"SearchAction\",\"target\":{\"@type\":\"EntryPoint\",\"urlTemplate\":\"https:\\\/\\\/marekkuchcinski.pl\\\/?s={search_term_string}\"},\"query-input\":{\"@type\":\"PropertyValueSpecification\",\"valueRequired\":true,\"valueName\":\"search_term_string\"}}],\"inLanguage\":\"cs-CZ\"},{\"@type\":\"Organization\",\"@id\":\"https:\\\/\\\/marekkuchcinski.pl\\\/#organization\",\"name\":\"Marek Kuchci\u0144ski\",\"url\":\"https:\\\/\\\/marekkuchcinski.pl\\\/\",\"logo\":{\"@type\":\"ImageObject\",\"inLanguage\":\"cs-CZ\",\"@id\":\"https:\\\/\\\/marekkuchcinski.pl\\\/#\\\/schema\\\/logo\\\/image\\\/\",\"url\":\"https:\\\/\\\/marekkuchcinski.pl\\\/wp-content\\\/uploads\\\/2022\\\/09\\\/Marek.jpg\",\"contentUrl\":\"https:\\\/\\\/marekkuchcinski.pl\\\/wp-content\\\/uploads\\\/2022\\\/09\\\/Marek.jpg\",\"width\":1600,\"height\":971,\"caption\":\"Marek Kuchci\u0144ski\"},\"image\":{\"@id\":\"https:\\\/\\\/marekkuchcinski.pl\\\/#\\\/schema\\\/logo\\\/image\\\/\"}},{\"@type\":\"Person\",\"@id\":\"https:\\\/\\\/marekkuchcinski.pl\\\/#\\\/schema\\\/person\\\/aba1fe8aef473b9a6959c5931c34a69d\",\"name\":\"Tomasz \u0141acina\",\"image\":{\"@type\":\"ImageObject\",\"inLanguage\":\"cs-CZ\",\"@id\":\"https:\\\/\\\/secure.gravatar.com\\\/avatar\\\/fd39e6ddb0386ca8ff9cf0a0732afdeb33a6c2f19978b6d60dfd33e5c2258908?s=96&d=mm&r=g\",\"url\":\"https:\\\/\\\/secure.gravatar.com\\\/avatar\\\/fd39e6ddb0386ca8ff9cf0a0732afdeb33a6c2f19978b6d60dfd33e5c2258908?s=96&d=mm&r=g\",\"contentUrl\":\"https:\\\/\\\/secure.gravatar.com\\\/avatar\\\/fd39e6ddb0386ca8ff9cf0a0732afdeb33a6c2f19978b6d60dfd33e5c2258908?s=96&d=mm&r=g\",\"caption\":\"Tomasz \u0141acina\"},\"url\":\"https:\\\/\\\/marekkuchcinski.pl\\\/cs\\\/author\\\/tomek-lacina\\\/\"}]}<\/script>\n<!-- \/ Yoast SEO plugin. -->","yoast_head_json":{"title":"Tr\u00f3jmorze przy\u015bpiesza! &#8211; Marek Kuchci\u0144ski","robots":{"index":"index","follow":"follow","max-snippet":"max-snippet:-1","max-image-preview":"max-image-preview:large","max-video-preview":"max-video-preview:-1"},"canonical":"https:\/\/marekkuchcinski.pl\/cs\/wydarzenia\/trojmorze-przyspiesza\/","og_locale":"cs_CZ","og_type":"article","og_title":"Tr\u00f3jmorze przy\u015bpiesza! &#8211; Marek Kuchci\u0144ski","og_description":"16 grudnia br. podczas posiedzenia Komisji Spraw Zagranicznych podj\u0119ty zosta\u0142 temat projektu Tr\u00f3jmorza. Inicjatywa powsta\u0142a w 2015 roku, a jej celem by\u0142o wzmocnienie wsp\u00f3\u0142pracy dwunastu kraj\u00f3w w regionie Morza Adriatyckiego, Ba\u0142tyckiego oraz Czarnego. Drog\u0105 do zacie\u015bnienia kooperacji jest mi\u0119dzy innymi realizacja wsp\u00f3lnych inicjatyw w obszarach transportu, energetyki oraz cyfryzacji. Marek Kuchci\u0144ski zwr\u00f3ci\u0142 uwag\u0119 na szczeg\u00f3ln\u0105 [&hellip;]","og_url":"https:\/\/marekkuchcinski.pl\/cs\/wydarzenia\/trojmorze-przyspiesza\/","og_site_name":"Marek Kuchci\u0144ski","article_published_time":"2020-12-17T17:52:50+00:00","article_modified_time":"2021-01-16T14:48:03+00:00","og_image":[{"width":2048,"height":1152,"url":"https:\/\/marekkuchcinski.pl\/wp-content\/uploads\/2020\/12\/NOWA-Prezentacja-Fundusz-Trojmorza-grudzien-2020-Sejm-RP.pptx-04-scaled.jpg","type":"image\/jpeg"}],"author":"Tomasz \u0141acina","twitter_card":"summary_large_image","twitter_misc":{"Written by":"Tomasz \u0141acina","Est. reading time":"1 minute"},"schema":{"@context":"https:\/\/schema.org","@graph":[{"@type":"Article","@id":"https:\/\/marekkuchcinski.pl\/wydarzenia\/trojmorze-przyspiesza\/#article","isPartOf":{"@id":"https:\/\/marekkuchcinski.pl\/wydarzenia\/trojmorze-przyspiesza\/"},"author":{"name":"Tomasz \u0141acina","@id":"https:\/\/marekkuchcinski.pl\/#\/schema\/person\/aba1fe8aef473b9a6959c5931c34a69d"},"headline":"Tr\u00f3jmorze przy\u015bpiesza!","datePublished":"2020-12-17T17:52:50+00:00","dateModified":"2021-01-16T14:48:03+00:00","mainEntityOfPage":{"@id":"https:\/\/marekkuchcinski.pl\/wydarzenia\/trojmorze-przyspiesza\/"},"wordCount":227,"commentCount":0,"publisher":{"@id":"https:\/\/marekkuchcinski.pl\/#organization"},"image":{"@id":"https:\/\/marekkuchcinski.pl\/wydarzenia\/trojmorze-przyspiesza\/#primaryimage"},"thumbnailUrl":"https:\/\/marekkuchcinski.pl\/wp-content\/uploads\/2020\/12\/NOWA-Prezentacja-Fundusz-Trojmorza-grudzien-2020-Sejm-RP.pptx-04-scaled.jpg","articleSection":["Wsp\u00f3\u0142praca mi\u0119dzynarodowa","Wydarzenia"],"inLanguage":"cs-CZ","potentialAction":[{"@type":"CommentAction","name":"Comment","target":["https:\/\/marekkuchcinski.pl\/wydarzenia\/trojmorze-przyspiesza\/#respond"]}]},{"@type":"WebPage","@id":"https:\/\/marekkuchcinski.pl\/wydarzenia\/trojmorze-przyspiesza\/","url":"https:\/\/marekkuchcinski.pl\/wydarzenia\/trojmorze-przyspiesza\/","name":"Tr\u00f3jmorze przy\u015bpiesza! &#8211; Marek Kuchci\u0144ski","isPartOf":{"@id":"https:\/\/marekkuchcinski.pl\/#website"},"primaryImageOfPage":{"@id":"https:\/\/marekkuchcinski.pl\/wydarzenia\/trojmorze-przyspiesza\/#primaryimage"},"image":{"@id":"https:\/\/marekkuchcinski.pl\/wydarzenia\/trojmorze-przyspiesza\/#primaryimage"},"thumbnailUrl":"https:\/\/marekkuchcinski.pl\/wp-content\/uploads\/2020\/12\/NOWA-Prezentacja-Fundusz-Trojmorza-grudzien-2020-Sejm-RP.pptx-04-scaled.jpg","datePublished":"2020-12-17T17:52:50+00:00","dateModified":"2021-01-16T14:48:03+00:00","breadcrumb":{"@id":"https:\/\/marekkuchcinski.pl\/wydarzenia\/trojmorze-przyspiesza\/#breadcrumb"},"inLanguage":"cs-CZ","potentialAction":[{"@type":"ReadAction","target":["https:\/\/marekkuchcinski.pl\/wydarzenia\/trojmorze-przyspiesza\/"]}]},{"@type":"ImageObject","inLanguage":"cs-CZ","@id":"https:\/\/marekkuchcinski.pl\/wydarzenia\/trojmorze-przyspiesza\/#primaryimage","url":"https:\/\/marekkuchcinski.pl\/wp-content\/uploads\/2020\/12\/NOWA-Prezentacja-Fundusz-Trojmorza-grudzien-2020-Sejm-RP.pptx-04-scaled.jpg","contentUrl":"https:\/\/marekkuchcinski.pl\/wp-content\/uploads\/2020\/12\/NOWA-Prezentacja-Fundusz-Trojmorza-grudzien-2020-Sejm-RP.pptx-04-scaled.jpg","width":2048,"height":1152},{"@type":"BreadcrumbList","@id":"https:\/\/marekkuchcinski.pl\/wydarzenia\/trojmorze-przyspiesza\/#breadcrumb","itemListElement":[{"@type":"ListItem","position":1,"name":"Strona g\u0142\u00f3wna","item":"https:\/\/marekkuchcinski.pl\/"},{"@type":"ListItem","position":2,"name":"Tr\u00f3jmorze przy\u015bpiesza!"}]},{"@type":"WebSite","@id":"https:\/\/marekkuchcinski.pl\/#website","url":"https:\/\/marekkuchcinski.pl\/","name":"Marek Kuchci\u0144ski","description":"Marek Kuchci\u0144ski","publisher":{"@id":"https:\/\/marekkuchcinski.pl\/#organization"},"potentialAction":[{"@type":"SearchAction","target":{"@type":"EntryPoint","urlTemplate":"https:\/\/marekkuchcinski.pl\/?s={search_term_string}"},"query-input":{"@type":"PropertyValueSpecification","valueRequired":true,"valueName":"search_term_string"}}],"inLanguage":"cs-CZ"},{"@type":"Organization","@id":"https:\/\/marekkuchcinski.pl\/#organization","name":"Marek Kuchci\u0144ski","url":"https:\/\/marekkuchcinski.pl\/","logo":{"@type":"ImageObject","inLanguage":"cs-CZ","@id":"https:\/\/marekkuchcinski.pl\/#\/schema\/logo\/image\/","url":"https:\/\/marekkuchcinski.pl\/wp-content\/uploads\/2022\/09\/Marek.jpg","contentUrl":"https:\/\/marekkuchcinski.pl\/wp-content\/uploads\/2022\/09\/Marek.jpg","width":1600,"height":971,"caption":"Marek Kuchci\u0144ski"},"image":{"@id":"https:\/\/marekkuchcinski.pl\/#\/schema\/logo\/image\/"}},{"@type":"Person","@id":"https:\/\/marekkuchcinski.pl\/#\/schema\/person\/aba1fe8aef473b9a6959c5931c34a69d","name":"Tomasz \u0141acina","image":{"@type":"ImageObject","inLanguage":"cs-CZ","@id":"https:\/\/secure.gravatar.com\/avatar\/fd39e6ddb0386ca8ff9cf0a0732afdeb33a6c2f19978b6d60dfd33e5c2258908?s=96&d=mm&r=g","url":"https:\/\/secure.gravatar.com\/avatar\/fd39e6ddb0386ca8ff9cf0a0732afdeb33a6c2f19978b6d60dfd33e5c2258908?s=96&d=mm&r=g","contentUrl":"https:\/\/secure.gravatar.com\/avatar\/fd39e6ddb0386ca8ff9cf0a0732afdeb33a6c2f19978b6d60dfd33e5c2258908?s=96&d=mm&r=g","caption":"Tomasz \u0141acina"},"url":"https:\/\/marekkuchcinski.pl\/cs\/author\/tomek-lacina\/"}]}},"_links":{"self":[{"href":"https:\/\/marekkuchcinski.pl\/cs\/wp-json\/wp\/v2\/posts\/21036","targetHints":{"allow":["GET"]}}],"collection":[{"href":"https:\/\/marekkuchcinski.pl\/cs\/wp-json\/wp\/v2\/posts"}],"about":[{"href":"https:\/\/marekkuchcinski.pl\/cs\/wp-json\/wp\/v2\/types\/post"}],"author":[{"embeddable":true,"href":"https:\/\/marekkuchcinski.pl\/cs\/wp-json\/wp\/v2\/users\/2"}],"replies":[{"embeddable":true,"href":"https:\/\/marekkuchcinski.pl\/cs\/wp-json\/wp\/v2\/comments?post=21036"}],"version-history":[{"count":15,"href":"https:\/\/marekkuchcinski.pl\/cs\/wp-json\/wp\/v2\/posts\/21036\/revisions"}],"predecessor-version":[{"id":21407,"href":"https:\/\/marekkuchcinski.pl\/cs\/wp-json\/wp\/v2\/posts\/21036\/revisions\/21407"}],"wp:featuredmedia":[{"embeddable":true,"href":"https:\/\/marekkuchcinski.pl\/cs\/wp-json\/wp\/v2\/media\/21052"}],"wp:attachment":[{"href":"https:\/\/marekkuchcinski.pl\/cs\/wp-json\/wp\/v2\/media?parent=21036"}],"wp:term":[{"taxonomy":"category","embeddable":true,"href":"https:\/\/marekkuchcinski.pl\/cs\/wp-json\/wp\/v2\/categories?post=21036"},{"taxonomy":"post_tag","embeddable":true,"href":"https:\/\/marekkuchcinski.pl\/cs\/wp-json\/wp\/v2\/tags?post=21036"}],"curies":[{"name":"wp","href":"https:\/\/api.w.org\/{rel}","templated":true}]}}