{"id":20297,"date":"2020-12-04T14:25:22","date_gmt":"2020-12-04T13:25:22","guid":{"rendered":"https:\/\/marekkuchcinski.pl\/?p=20297"},"modified":"2021-01-16T15:55:17","modified_gmt":"2021-01-16T14:55:17","slug":"wiadomosci-z-europy-2","status":"publish","type":"post","link":"https:\/\/marekkuchcinski.pl\/cs\/europa\/wiadomosci-z-europy-2\/","title":{"rendered":"Zpr\u00e1vy z Evropy a sv\u011bta"},"content":{"rendered":"<div class=\"wp-block-image\"><figure class=\"aligncenter size-large is-resized\"><a href=\"https:\/\/marekkuchcinski.pl\/wp-content\/uploads\/2020\/12\/AdobeStock_284128523_Editorial_Use_Only-scaled.jpeg\"><img fetchpriority=\"high\" decoding=\"async\" src=\"https:\/\/marekkuchcinski.pl\/wp-content\/uploads\/2020\/12\/AdobeStock_284128523_Editorial_Use_Only-1024x656.jpeg\" alt=\"\" class=\"wp-image-20787\" width=\"668\" height=\"427\" srcset=\"https:\/\/marekkuchcinski.pl\/wp-content\/uploads\/2020\/12\/AdobeStock_284128523_Editorial_Use_Only-1024x656.jpeg 1024w, https:\/\/marekkuchcinski.pl\/wp-content\/uploads\/2020\/12\/AdobeStock_284128523_Editorial_Use_Only-300x192.jpeg 300w, https:\/\/marekkuchcinski.pl\/wp-content\/uploads\/2020\/12\/AdobeStock_284128523_Editorial_Use_Only-768x492.jpeg 768w, https:\/\/marekkuchcinski.pl\/wp-content\/uploads\/2020\/12\/AdobeStock_284128523_Editorial_Use_Only-1536x984.jpeg 1536w, https:\/\/marekkuchcinski.pl\/wp-content\/uploads\/2020\/12\/AdobeStock_284128523_Editorial_Use_Only-scaled.jpeg 2048w, https:\/\/marekkuchcinski.pl\/wp-content\/uploads\/2020\/12\/AdobeStock_284128523_Editorial_Use_Only-16x10.jpeg 16w\" sizes=\"(max-width: 668px) 100vw, 668px\" \/><\/a><\/figure><\/div>\n\n\n\n<p><strong>EU<\/strong><\/p>\n\n\n\n<p><strong>Brusel:<\/strong> Rakousk\u00fd europoslanec Othmar Karas (EPP) zaslal veden\u00ed frakce dopis, kter\u00fd podepsalo 30 ze 187 \u010dlen\u016f jeho strany, v n\u011bm\u017e \u017e\u00e1d\u00e1, aby byl ma\u010farsk\u00fd europoslanec Tamas Deutsch vylou\u010den za sv\u00e9 v\u00fdroky na adresu p\u0159edsedy frakce EPP ohledn\u011b jeho postoje k v\u00e1z\u00e1n\u00ed evropsk\u00fdch fond\u016f na tzv. pr\u00e1vn\u00ed st\u00e1t.&nbsp;<\/p>\n\n\n\n<p><strong>Z\u00e1padn\u00ed Evropa<\/strong><\/p>\n\n\n\n<p><strong>Francie:<\/strong> Ve v\u011bku 94 let zem\u0159el na konferenci COVID-19 b\u00fdval\u00fd francouzsk\u00fd prezident Valery Giscard d'Estaing.<\/p>\n\n\n\n<p>Den\u00edk Le Monde ve st\u0159edu informoval, \u017ee Francie od z\u00e1\u0159\u00ed navzdory vl\u00e1dn\u00edm stimula\u010dn\u00edm bal\u00ed\u010dk\u016fm ztratila v\u00edce ne\u017e 35 000 pracovn\u00edch m\u00edst.<\/p>\n\n\n\n<p><strong>N\u011bmecko:<\/strong>&nbsp; Sou\u010dasn\u00e1 omezen\u00ed s c\u00edlem zabr\u00e1nit \u0161\u00ed\u0159en\u00ed pandemie byla prodlou\u017eena do 10. ledna.<\/p>\n\n\n\n<p>Portugalsko: \"Portugalsko odm\u00edt\u00e1 obnovit jedn\u00e1n\u00ed o rozpo\u010dtu EU a fondu na obnovu, na kter\u00fdch se dohodli vedouc\u00ed p\u0159edstavitel\u00e9 EU v \u010dervenci,\" uvedl ve st\u0159edu premi\u00e9r Antonio Costa.<\/p>\n\n\n\n<p><strong>Visegr\u00e1dsk\u00e1 skupina<\/strong><\/p>\n\n\n\n<p><strong>Ma\u010farsko:<\/strong> Premi\u00e9r Viktor Orb\u00e1n ost\u0159e odsoudil chov\u00e1n\u00ed b\u00fdval\u00e9ho poslance Fideszu Jozsefa Szajera, kter\u00fd byl p\u0159isti\u017een p\u0159i homosexu\u00e1ln\u00edch orgi\u00edch v centru Bruselu.<\/p>\n\n\n\n<p><strong>Slovensko:<\/strong>&nbsp; Novou p\u0159edsedkyn\u00ed st\u00e1l\u00e9ho zastoupen\u00ed EU se od ledna 2021 stane diplomatka Petra Vargov\u00e1, kter\u00e1 v sou\u010dasnosti p\u016fsob\u00ed na slovensk\u00e9m ministerstvu zahrani\u010dn\u00edch v\u011bc\u00ed a d\u0159\u00edve byla z\u00e1stupkyn\u00ed velvyslance Slovenska p\u0159i EU.<\/p>\n\n\n\n<p><strong>Balk\u00e1n<\/strong><\/p>\n\n\n\n<p><strong>Slovinsko:<\/strong> Ministr zahrani\u010d\u00ed Anze Logar ozn\u00e1mil n\u00e1v\u0161t\u011bvu Spojen\u00fdch st\u00e1t\u016f, b\u011bhem n\u00ed\u017e se hodl\u00e1 setkat s ministrem zahrani\u010d\u00ed Mikem Pompeem. Slovinsk\u00e1 vl\u00e1da st\u00e1le nepogratulovala Joe Bidenovi k v\u00edt\u011bzstv\u00ed v prezidentsk\u00fdch volb\u00e1ch.<\/p>\n\n\n\n<p><strong>Srbsko:<\/strong> EU letos neotev\u0159e novou kapitolu p\u0159\u00edstupov\u00fdch jedn\u00e1n\u00ed se Srbskem. Mezin\u00e1rodn\u00ed pozorovatel\u00e9 se domn\u00edvaj\u00ed, \u017ee B\u011blehrad neprovedl nezbytn\u00e9 reformy v oblasti pr\u00e1vn\u00edho st\u00e1tu, pokud jde o nez\u00e1vislost soudnictv\u00ed a svobodu projevu.<\/p>\n\n\n\n<p><strong>Severn\u00ed Evropa<\/strong><\/p>\n\n\n\n<p><strong>Finsko:<\/strong> Populistick\u00e1 strana Finska zv\u00fd\u0161ila od za\u010d\u00e1tku listopadu svou podporu mezi voli\u010di o 1,41 %. Nyn\u00ed je nejpopul\u00e1rn\u011bj\u0161\u00ed stranou ve Finsku s podporou 20,91 % dot\u00e1zan\u00fdch.<\/p>","protected":false},"excerpt":{"rendered":"<p>EU Brusel: Rakousk\u00fd europoslanec Othmar Karas (EPP) zaslal veden\u00ed frakce dopis, kter\u00fd podepsalo 30 ze 187 \u010dlen\u016f jeho strany, v n\u011bm\u017e \u017e\u00e1d\u00e1, aby byl ma\u010farsk\u00fd europoslanec Tamas Deutsch vylou\u010den za sv\u00e9 v\u00fdroky na adresu p\u0159edsedy frakce EPP ohledn\u011b jeho postoje k v\u00e1z\u00e1n\u00ed evropsk\u00fdch fond\u016f na tzv. pr\u00e1vn\u00ed st\u00e1t.  Z\u00e1padn\u00ed Evropa Francie: B\u00fdval\u00fd francouzsk\u00fd prezident Valery Giscard d'Estaing zem\u0159el na [...]<\/p>","protected":false},"author":17,"featured_media":20787,"comment_status":"open","ping_status":"open","sticky":false,"template":"","format":"standard","meta":{"ngg_post_thumbnail":0,"footnotes":""},"categories":[185],"tags":[],"class_list":["post-20297","post","type-post","status-publish","format-standard","has-post-thumbnail","hentry","category-europa"],"yoast_head":"<!-- This site is optimized with the Yoast SEO plugin v24.7 - https:\/\/yoast.com\/wordpress\/plugins\/seo\/ -->\n<title>Wiadomo\u015bci z Europy i \u015bwiata &#8211; Marek Kuchci\u0144ski<\/title>\n<meta name=\"robots\" content=\"index, follow, max-snippet:-1, max-image-preview:large, max-video-preview:-1\" \/>\n<link rel=\"canonical\" href=\"https:\/\/marekkuchcinski.pl\/cs\/europa\/wiadomosci-z-europy-2\/\" \/>\n<meta property=\"og:locale\" content=\"cs_CZ\" \/>\n<meta property=\"og:type\" content=\"article\" \/>\n<meta property=\"og:title\" content=\"Wiadomo\u015bci z Europy i \u015bwiata &#8211; Marek Kuchci\u0144ski\" \/>\n<meta property=\"og:description\" content=\"UE Bruksela: Austriacki europose\u0142 Othmar Karas (EPP) wys\u0142a\u0142 list do kierownictwa grupy, podpisany przez 30 z 187 cz\u0142onk\u00f3w jego partii, prosz\u0105c o wykluczenie w\u0119gierskiego pos\u0142a Tamasa Deutscha za komentarze nt. przewodnicz\u0105cego grupy EPP w sprawie jego stanowiska o wi\u0105zania funduszy UE z tzw. praworz\u0105dno\u015bci\u0105.&nbsp; Europa Zachodnia Francja: By\u0142y prezydent Francji Valery Giscard d\u2019Estaing zmar\u0142 na [&hellip;]\" \/>\n<meta property=\"og:url\" content=\"https:\/\/marekkuchcinski.pl\/cs\/europa\/wiadomosci-z-europy-2\/\" \/>\n<meta property=\"og:site_name\" content=\"Marek Kuchci\u0144ski\" \/>\n<meta property=\"article:published_time\" content=\"2020-12-04T13:25:22+00:00\" \/>\n<meta property=\"article:modified_time\" content=\"2021-01-16T14:55:17+00:00\" \/>\n<meta property=\"og:image\" content=\"https:\/\/marekkuchcinski.pl\/wp-content\/uploads\/2020\/12\/AdobeStock_284128523_Editorial_Use_Only-scaled.jpeg\" \/>\n\t<meta property=\"og:image:width\" content=\"2048\" \/>\n\t<meta property=\"og:image:height\" content=\"1312\" \/>\n\t<meta property=\"og:image:type\" content=\"image\/jpeg\" \/>\n<meta name=\"author\" content=\"Tomasz \u0141acina\" \/>\n<meta name=\"twitter:card\" content=\"summary_large_image\" \/>\n<meta name=\"twitter:label1\" content=\"Napsal(a)\" \/>\n\t<meta name=\"twitter:data1\" content=\"Tomasz \u0141acina\" \/>\n\t<meta name=\"twitter:label2\" content=\"Odhadovan\u00e1 doba \u010dten\u00ed\" \/>\n\t<meta name=\"twitter:data2\" content=\"2 minuty\" \/>\n<script type=\"application\/ld+json\" class=\"yoast-schema-graph\">{\"@context\":\"https:\/\/schema.org\",\"@graph\":[{\"@type\":\"Article\",\"@id\":\"https:\/\/marekkuchcinski.pl\/sk\/europa\/wiadomosci-z-europy-2\/#article\",\"isPartOf\":{\"@id\":\"https:\/\/marekkuchcinski.pl\/sk\/europa\/wiadomosci-z-europy-2\/\"},\"author\":{\"name\":\"Tomasz \u0141acina\",\"@id\":\"https:\/\/marekkuchcinski.pl\/#\/schema\/person\/b8a29fe7813098f7be78801d029910a7\"},\"headline\":\"Wiadomo\u015bci z Europy i \u015bwiata\",\"datePublished\":\"2020-12-04T13:25:22+00:00\",\"dateModified\":\"2021-01-16T14:55:17+00:00\",\"mainEntityOfPage\":{\"@id\":\"https:\/\/marekkuchcinski.pl\/sk\/europa\/wiadomosci-z-europy-2\/\"},\"wordCount\":330,\"commentCount\":0,\"publisher\":{\"@id\":\"https:\/\/marekkuchcinski.pl\/#organization\"},\"image\":{\"@id\":\"https:\/\/marekkuchcinski.pl\/sk\/europa\/wiadomosci-z-europy-2\/#primaryimage\"},\"thumbnailUrl\":\"https:\/\/marekkuchcinski.pl\/wp-content\/uploads\/2020\/12\/AdobeStock_284128523_Editorial_Use_Only-scaled.jpeg\",\"articleSection\":[\"Wie\u015bci z Europy i \u015awiata\"],\"inLanguage\":\"cs\",\"potentialAction\":[{\"@type\":\"CommentAction\",\"name\":\"Comment\",\"target\":[\"https:\/\/marekkuchcinski.pl\/sk\/europa\/wiadomosci-z-europy-2\/#respond\"]}]},{\"@type\":\"WebPage\",\"@id\":\"https:\/\/marekkuchcinski.pl\/sk\/europa\/wiadomosci-z-europy-2\/\",\"url\":\"https:\/\/marekkuchcinski.pl\/sk\/europa\/wiadomosci-z-europy-2\/\",\"name\":\"Wiadomo\u015bci z Europy i \u015bwiata &#8211; Marek Kuchci\u0144ski\",\"isPartOf\":{\"@id\":\"https:\/\/marekkuchcinski.pl\/#website\"},\"primaryImageOfPage\":{\"@id\":\"https:\/\/marekkuchcinski.pl\/sk\/europa\/wiadomosci-z-europy-2\/#primaryimage\"},\"image\":{\"@id\":\"https:\/\/marekkuchcinski.pl\/sk\/europa\/wiadomosci-z-europy-2\/#primaryimage\"},\"thumbnailUrl\":\"https:\/\/marekkuchcinski.pl\/wp-content\/uploads\/2020\/12\/AdobeStock_284128523_Editorial_Use_Only-scaled.jpeg\",\"datePublished\":\"2020-12-04T13:25:22+00:00\",\"dateModified\":\"2021-01-16T14:55:17+00:00\",\"breadcrumb\":{\"@id\":\"https:\/\/marekkuchcinski.pl\/sk\/europa\/wiadomosci-z-europy-2\/#breadcrumb\"},\"inLanguage\":\"cs\",\"potentialAction\":[{\"@type\":\"ReadAction\",\"target\":[\"https:\/\/marekkuchcinski.pl\/sk\/europa\/wiadomosci-z-europy-2\/\"]}]},{\"@type\":\"ImageObject\",\"inLanguage\":\"cs\",\"@id\":\"https:\/\/marekkuchcinski.pl\/sk\/europa\/wiadomosci-z-europy-2\/#primaryimage\",\"url\":\"https:\/\/marekkuchcinski.pl\/wp-content\/uploads\/2020\/12\/AdobeStock_284128523_Editorial_Use_Only-scaled.jpeg\",\"contentUrl\":\"https:\/\/marekkuchcinski.pl\/wp-content\/uploads\/2020\/12\/AdobeStock_284128523_Editorial_Use_Only-scaled.jpeg\",\"width\":2048,\"height\":1312},{\"@type\":\"BreadcrumbList\",\"@id\":\"https:\/\/marekkuchcinski.pl\/sk\/europa\/wiadomosci-z-europy-2\/#breadcrumb\",\"itemListElement\":[{\"@type\":\"ListItem\",\"position\":1,\"name\":\"Strona g\u0142\u00f3wna\",\"item\":\"https:\/\/marekkuchcinski.pl\/\"},{\"@type\":\"ListItem\",\"position\":2,\"name\":\"Wiadomo\u015bci z Europy i \u015bwiata\"}]},{\"@type\":\"WebSite\",\"@id\":\"https:\/\/marekkuchcinski.pl\/#website\",\"url\":\"https:\/\/marekkuchcinski.pl\/\",\"name\":\"Marek Kuchci\u0144ski\",\"description\":\"Pose\u0142 na sejm RP &ndash; okr\u0119g nr 22\",\"publisher\":{\"@id\":\"https:\/\/marekkuchcinski.pl\/#organization\"},\"potentialAction\":[{\"@type\":\"SearchAction\",\"target\":{\"@type\":\"EntryPoint\",\"urlTemplate\":\"https:\/\/marekkuchcinski.pl\/?s={search_term_string}\"},\"query-input\":{\"@type\":\"PropertyValueSpecification\",\"valueRequired\":true,\"valueName\":\"search_term_string\"}}],\"inLanguage\":\"cs\"},{\"@type\":\"Organization\",\"@id\":\"https:\/\/marekkuchcinski.pl\/#organization\",\"name\":\"Marek Kuchci\u0144ski\",\"url\":\"https:\/\/marekkuchcinski.pl\/\",\"logo\":{\"@type\":\"ImageObject\",\"inLanguage\":\"cs\",\"@id\":\"https:\/\/marekkuchcinski.pl\/#\/schema\/logo\/image\/\",\"url\":\"https:\/\/marekkuchcinski.pl\/wp-content\/uploads\/2022\/09\/Marek.jpg\",\"contentUrl\":\"https:\/\/marekkuchcinski.pl\/wp-content\/uploads\/2022\/09\/Marek.jpg\",\"width\":1600,\"height\":971,\"caption\":\"Marek Kuchci\u0144ski\"},\"image\":{\"@id\":\"https:\/\/marekkuchcinski.pl\/#\/schema\/logo\/image\/\"}},{\"@type\":\"Person\",\"@id\":\"https:\/\/marekkuchcinski.pl\/#\/schema\/person\/b8a29fe7813098f7be78801d029910a7\",\"name\":\"Tomasz \u0141acina\",\"image\":{\"@type\":\"ImageObject\",\"inLanguage\":\"cs\",\"@id\":\"https:\/\/marekkuchcinski.pl\/#\/schema\/person\/image\/\",\"url\":\"https:\/\/secure.gravatar.com\/avatar\/22e75f6c51aff77a676ed77dd222f852?s=96&d=mm&r=g\",\"contentUrl\":\"https:\/\/secure.gravatar.com\/avatar\/22e75f6c51aff77a676ed77dd222f852?s=96&d=mm&r=g\",\"caption\":\"Tomasz \u0141acina\"},\"url\":\"https:\/\/marekkuchcinski.pl\/cs\/author\/tomek-lacina\/\"}]}<\/script>\n<!-- \/ Yoast SEO plugin. -->","yoast_head_json":{"title":"Wiadomo\u015bci z Europy i \u015bwiata &#8211; Marek Kuchci\u0144ski","robots":{"index":"index","follow":"follow","max-snippet":"max-snippet:-1","max-image-preview":"max-image-preview:large","max-video-preview":"max-video-preview:-1"},"canonical":"https:\/\/marekkuchcinski.pl\/cs\/europa\/wiadomosci-z-europy-2\/","og_locale":"cs_CZ","og_type":"article","og_title":"Wiadomo\u015bci z Europy i \u015bwiata &#8211; Marek Kuchci\u0144ski","og_description":"UE Bruksela: Austriacki europose\u0142 Othmar Karas (EPP) wys\u0142a\u0142 list do kierownictwa grupy, podpisany przez 30 z 187 cz\u0142onk\u00f3w jego partii, prosz\u0105c o wykluczenie w\u0119gierskiego pos\u0142a Tamasa Deutscha za komentarze nt. przewodnicz\u0105cego grupy EPP w sprawie jego stanowiska o wi\u0105zania funduszy UE z tzw. praworz\u0105dno\u015bci\u0105.&nbsp; Europa Zachodnia Francja: By\u0142y prezydent Francji Valery Giscard d\u2019Estaing zmar\u0142 na [&hellip;]","og_url":"https:\/\/marekkuchcinski.pl\/cs\/europa\/wiadomosci-z-europy-2\/","og_site_name":"Marek Kuchci\u0144ski","article_published_time":"2020-12-04T13:25:22+00:00","article_modified_time":"2021-01-16T14:55:17+00:00","og_image":[{"width":2048,"height":1312,"url":"https:\/\/marekkuchcinski.pl\/wp-content\/uploads\/2020\/12\/AdobeStock_284128523_Editorial_Use_Only-scaled.jpeg","type":"image\/jpeg"}],"author":"Tomasz \u0141acina","twitter_card":"summary_large_image","twitter_misc":{"Napsal(a)":"Tomasz \u0141acina","Odhadovan\u00e1 doba \u010dten\u00ed":"2 minuty"},"schema":{"@context":"https:\/\/schema.org","@graph":[{"@type":"Article","@id":"https:\/\/marekkuchcinski.pl\/sk\/europa\/wiadomosci-z-europy-2\/#article","isPartOf":{"@id":"https:\/\/marekkuchcinski.pl\/sk\/europa\/wiadomosci-z-europy-2\/"},"author":{"name":"Tomasz \u0141acina","@id":"https:\/\/marekkuchcinski.pl\/#\/schema\/person\/b8a29fe7813098f7be78801d029910a7"},"headline":"Wiadomo\u015bci z Europy i \u015bwiata","datePublished":"2020-12-04T13:25:22+00:00","dateModified":"2021-01-16T14:55:17+00:00","mainEntityOfPage":{"@id":"https:\/\/marekkuchcinski.pl\/sk\/europa\/wiadomosci-z-europy-2\/"},"wordCount":330,"commentCount":0,"publisher":{"@id":"https:\/\/marekkuchcinski.pl\/#organization"},"image":{"@id":"https:\/\/marekkuchcinski.pl\/sk\/europa\/wiadomosci-z-europy-2\/#primaryimage"},"thumbnailUrl":"https:\/\/marekkuchcinski.pl\/wp-content\/uploads\/2020\/12\/AdobeStock_284128523_Editorial_Use_Only-scaled.jpeg","articleSection":["Wie\u015bci z Europy i \u015awiata"],"inLanguage":"cs","potentialAction":[{"@type":"CommentAction","name":"Comment","target":["https:\/\/marekkuchcinski.pl\/sk\/europa\/wiadomosci-z-europy-2\/#respond"]}]},{"@type":"WebPage","@id":"https:\/\/marekkuchcinski.pl\/sk\/europa\/wiadomosci-z-europy-2\/","url":"https:\/\/marekkuchcinski.pl\/sk\/europa\/wiadomosci-z-europy-2\/","name":"Wiadomo\u015bci z Europy i \u015bwiata &#8211; Marek Kuchci\u0144ski","isPartOf":{"@id":"https:\/\/marekkuchcinski.pl\/#website"},"primaryImageOfPage":{"@id":"https:\/\/marekkuchcinski.pl\/sk\/europa\/wiadomosci-z-europy-2\/#primaryimage"},"image":{"@id":"https:\/\/marekkuchcinski.pl\/sk\/europa\/wiadomosci-z-europy-2\/#primaryimage"},"thumbnailUrl":"https:\/\/marekkuchcinski.pl\/wp-content\/uploads\/2020\/12\/AdobeStock_284128523_Editorial_Use_Only-scaled.jpeg","datePublished":"2020-12-04T13:25:22+00:00","dateModified":"2021-01-16T14:55:17+00:00","breadcrumb":{"@id":"https:\/\/marekkuchcinski.pl\/sk\/europa\/wiadomosci-z-europy-2\/#breadcrumb"},"inLanguage":"cs","potentialAction":[{"@type":"ReadAction","target":["https:\/\/marekkuchcinski.pl\/sk\/europa\/wiadomosci-z-europy-2\/"]}]},{"@type":"ImageObject","inLanguage":"cs","@id":"https:\/\/marekkuchcinski.pl\/sk\/europa\/wiadomosci-z-europy-2\/#primaryimage","url":"https:\/\/marekkuchcinski.pl\/wp-content\/uploads\/2020\/12\/AdobeStock_284128523_Editorial_Use_Only-scaled.jpeg","contentUrl":"https:\/\/marekkuchcinski.pl\/wp-content\/uploads\/2020\/12\/AdobeStock_284128523_Editorial_Use_Only-scaled.jpeg","width":2048,"height":1312},{"@type":"BreadcrumbList","@id":"https:\/\/marekkuchcinski.pl\/sk\/europa\/wiadomosci-z-europy-2\/#breadcrumb","itemListElement":[{"@type":"ListItem","position":1,"name":"Strona g\u0142\u00f3wna","item":"https:\/\/marekkuchcinski.pl\/"},{"@type":"ListItem","position":2,"name":"Wiadomo\u015bci z Europy i \u015bwiata"}]},{"@type":"WebSite","@id":"https:\/\/marekkuchcinski.pl\/#website","url":"https:\/\/marekkuchcinski.pl\/","name":"Marek Kuchci\u0144ski","description":"Pose\u0142 na sejm RP &ndash; okr\u0119g nr 22","publisher":{"@id":"https:\/\/marekkuchcinski.pl\/#organization"},"potentialAction":[{"@type":"SearchAction","target":{"@type":"EntryPoint","urlTemplate":"https:\/\/marekkuchcinski.pl\/?s={search_term_string}"},"query-input":{"@type":"PropertyValueSpecification","valueRequired":true,"valueName":"search_term_string"}}],"inLanguage":"cs"},{"@type":"Organization","@id":"https:\/\/marekkuchcinski.pl\/#organization","name":"Marek Kuchci\u0144ski","url":"https:\/\/marekkuchcinski.pl\/","logo":{"@type":"ImageObject","inLanguage":"cs","@id":"https:\/\/marekkuchcinski.pl\/#\/schema\/logo\/image\/","url":"https:\/\/marekkuchcinski.pl\/wp-content\/uploads\/2022\/09\/Marek.jpg","contentUrl":"https:\/\/marekkuchcinski.pl\/wp-content\/uploads\/2022\/09\/Marek.jpg","width":1600,"height":971,"caption":"Marek Kuchci\u0144ski"},"image":{"@id":"https:\/\/marekkuchcinski.pl\/#\/schema\/logo\/image\/"}},{"@type":"Person","@id":"https:\/\/marekkuchcinski.pl\/#\/schema\/person\/b8a29fe7813098f7be78801d029910a7","name":"Tomasz \u0141acina","image":{"@type":"ImageObject","inLanguage":"cs","@id":"https:\/\/marekkuchcinski.pl\/#\/schema\/person\/image\/","url":"https:\/\/secure.gravatar.com\/avatar\/22e75f6c51aff77a676ed77dd222f852?s=96&d=mm&r=g","contentUrl":"https:\/\/secure.gravatar.com\/avatar\/22e75f6c51aff77a676ed77dd222f852?s=96&d=mm&r=g","caption":"Tomasz \u0141acina"},"url":"https:\/\/marekkuchcinski.pl\/cs\/author\/tomek-lacina\/"}]}},"_links":{"self":[{"href":"https:\/\/marekkuchcinski.pl\/cs\/wp-json\/wp\/v2\/posts\/20297","targetHints":{"allow":["GET"]}}],"collection":[{"href":"https:\/\/marekkuchcinski.pl\/cs\/wp-json\/wp\/v2\/posts"}],"about":[{"href":"https:\/\/marekkuchcinski.pl\/cs\/wp-json\/wp\/v2\/types\/post"}],"author":[{"embeddable":true,"href":"https:\/\/marekkuchcinski.pl\/cs\/wp-json\/wp\/v2\/users\/17"}],"replies":[{"embeddable":true,"href":"https:\/\/marekkuchcinski.pl\/cs\/wp-json\/wp\/v2\/comments?post=20297"}],"version-history":[{"count":3,"href":"https:\/\/marekkuchcinski.pl\/cs\/wp-json\/wp\/v2\/posts\/20297\/revisions"}],"predecessor-version":[{"id":21422,"href":"https:\/\/marekkuchcinski.pl\/cs\/wp-json\/wp\/v2\/posts\/20297\/revisions\/21422"}],"wp:featuredmedia":[{"embeddable":true,"href":"https:\/\/marekkuchcinski.pl\/cs\/wp-json\/wp\/v2\/media\/20787"}],"wp:attachment":[{"href":"https:\/\/marekkuchcinski.pl\/cs\/wp-json\/wp\/v2\/media?parent=20297"}],"wp:term":[{"taxonomy":"category","embeddable":true,"href":"https:\/\/marekkuchcinski.pl\/cs\/wp-json\/wp\/v2\/categories?post=20297"},{"taxonomy":"post_tag","embeddable":true,"href":"https:\/\/marekkuchcinski.pl\/cs\/wp-json\/wp\/v2\/tags?post=20297"}],"curies":[{"name":"wp","href":"https:\/\/api.w.org\/{rel}","templated":true}]}}