{"id":20283,"date":"2020-12-01T09:59:03","date_gmt":"2020-12-01T08:59:03","guid":{"rendered":"https:\/\/marekkuchcinski.pl\/?p=20283"},"modified":"2021-01-16T15:56:02","modified_gmt":"2021-01-16T14:56:02","slug":"wiadomosci-z-europy","status":"publish","type":"post","link":"https:\/\/marekkuchcinski.pl\/cs\/europa\/wiadomosci-z-europy\/","title":{"rendered":"Zpr\u00e1vy z Evropy a sv\u011bta, 30. listopadu 2020"},"content":{"rendered":"<p><strong>EU<\/strong><\/p>\n\n\n\n<p><strong>Brusel:<\/strong> Podle zpr\u00e1v den\u00edku Publico kritizoval portugalsk\u00fd premi\u00e9r Ant\u00f3nio Costa na listopadov\u00e9m zased\u00e1n\u00ed Rady EU n\u00e1vrh na zaveden\u00ed mechanismu, kter\u00fd by v\u00e1zal \u010derp\u00e1n\u00ed finan\u010dn\u00edch prost\u0159edk\u016f EU na dodr\u017eov\u00e1n\u00ed z\u00e1sad tzv. pr\u00e1vn\u00edho st\u00e1tu.<\/p>\n\n\n\n<p><strong>Z\u00e1padn\u00ed Evropa<\/strong><\/p>\n\n\n\n<p><strong>Francie: <\/strong>Ji\u017e druhou sobotu po sob\u011b vy\u0161li francouz\u0161t\u00ed ob\u010dan\u00e9 do ulic a po\u017eadovali sta\u017een\u00ed takzvan\u00e9ho \"z\u00e1kona o glob\u00e1ln\u00ed bezpe\u010dnosti\", kter\u00fd zakazuje fotografov\u00e1n\u00ed a nahr\u00e1v\u00e1n\u00ed policist\u016f ve slu\u017eb\u011b. Francouzsk\u00e9 N\u00e1rodn\u00ed shrom\u00e1\u017ed\u011bn\u00ed schv\u00e1lilo z\u00e1kon v prvn\u00edm \u010dten\u00ed 24. listopadu.<\/p>\n\n\n\n<p><strong>Rakousko: <\/strong>Rakousk\u00e1 ministryn\u011b obrany Klaudia Tannerov\u00e1 (\u00d6VP) m\u011bla v ned\u011bli pozitivn\u00ed test na koronavirus, ale nem\u00e1 \u017e\u00e1dn\u00e9 v\u00e1\u017en\u00e9 p\u0159\u00edznaky a pracuje na d\u00e1lku, uvedl jej\u00ed mluv\u010d\u00ed. Tanner je druh\u00fdm rakousk\u00fdm ministrem s pozitivn\u00edm testem pot\u00e9, co byl v \u0159\u00edjnu pozitivn\u011b testov\u00e1n bezpartijn\u00ed ministr zahrani\u010d\u00ed Alexander Schallenberg.<\/p>\n\n\n\n<p><strong>Visegr\u00e1dsk\u00e1 skupina<\/strong><\/p>\n\n\n\n<p><strong>Ma\u010farsko: <\/strong>P\u0159edseda ma\u010farsk\u00e9ho N\u00e1rodn\u00edho shrom\u00e1\u017ed\u011bn\u00ed L\u00e1szl\u00f3 K\u00f6v\u00e9r vyzval \u0161\u00e9fa Spolkov\u00e9ho sn\u011bmu Wolfganga Schaeubleho, aby se osobn\u011b zapojil do aktivit sm\u011b\u0159uj\u00edc\u00edch k zablokov\u00e1n\u00ed mechanismu podm\u00edn\u011bnosti v rozpo\u010dtu EU na obdob\u00ed 2021-2027. K\u00f6v\u00e9r napsal p\u0159edsedovi n\u011bmeck\u00e9ho parlamentu dopis, v n\u011bm\u017e vysv\u011btluje, \u017ee v\u00e1z\u00e1n\u00ed \u010derp\u00e1n\u00ed finan\u010dn\u00edch prost\u0159edk\u016f na tzv. pr\u00e1vn\u00ed st\u00e1t je nez\u00e1konn\u00e9 a umo\u017en\u00ed \"politick\u00e9 vyd\u00edr\u00e1n\u00ed\" ve vztahu k jednotliv\u00fdm zem\u00edm EU.<\/p>\n\n\n\n<p>Dal\u0161\u00ed v\u00fdznamn\u00e1 zpr\u00e1va z Podunaj\u00ed se t\u00fdk\u00e1 J\u00f3zsefa Sz\u00e1jera, vedouc\u00edho delegace Fideszu v ma\u010farsk\u00e9m parlamentu, kter\u00fd v ned\u011bli ne\u010dekan\u011b rezignoval na funkci poslance Evropsk\u00e9ho parlamentu s odkazem na \"psychick\u00e9 vyp\u011bt\u00ed, kter\u00e9 na n\u011bj ka\u017edodenn\u00ed politick\u00fd boj klade\".<\/p>\n\n\n\n<p><strong>Slovensko: <\/strong>Slovensk\u00e1 ministryn\u011b spravedlnosti M\u00e1ria Kol\u00edkov\u00e1 (Za lidovce) minul\u00fd t\u00fdden p\u0159edstavila n\u00e1vrh rozs\u00e1hl\u00fdch zm\u011bn v soudn\u00edm syst\u00e9mu, nap\u0159\u00edklad drastick\u00e9 sn\u00ed\u017een\u00ed po\u010dtu soud\u016f. Toco, kterou n\u011bkte\u0159\u00ed pozorovatel\u00e9 ozna\u010duj\u00ed za \"nejv\u011bt\u0161\u00ed reformu soudnictv\u00ed za posledn\u00edch dvacet let\", m\u00e1 za c\u00edl rozb\u00edt korup\u010dn\u00ed \u0159et\u011bzce, zlep\u0161it kvalitu soudn\u00edch rozhodnut\u00ed a zrychlit rozhodov\u00e1n\u00ed.<\/p>\n\n\n\n<p><strong>\u010cesk\u00e1 republika: <\/strong>Obchody a restaurace budou od 3. prosince op\u011bt otev\u0159eny s omezenou otev\u00edrac\u00ed dobou. Nov\u011b bude tak\u00e9 zru\u0161en z\u00e1kaz vych\u00e1zen\u00ed a pit\u00ed alkoholu na ve\u0159ejn\u00fdch m\u00edstech bude op\u011bt povoleno.<\/p>\n\n\n\n<p><strong>Balk\u00e1n<\/strong><\/p>\n\n\n\n<p><strong>Slovinsko: <\/strong>Slovin\u0161t\u00ed poslanci budou tento t\u00fdden jednat o zahrani\u010dn\u011bpolitick\u00e9m postoji premi\u00e9ra Janeze Jan\u0161i, kter\u00fd se setkal s \u010detn\u00fdmi reakcemi doma i v zahrani\u010d\u00ed. Parlament rovn\u011b\u017e projedn\u00e1 iniciativu na uzav\u0159en\u00ed dohody mezi Slovinskem a Ma\u010farskem o spolupr\u00e1ci p\u0159i v\u00fdstavb\u011b a spr\u00e1v\u011b \u017eelezni\u010dn\u00ed trati Diva\u010da-Koper (2TDK).<\/p>\n\n\n\n<p><strong>Srbsko\/\u010cern\u00e1 Hora: <\/strong>\u010cern\u00e1 Hora a Srbsko se rozhodly st\u00e1hnout sv\u00e9 velvyslance. \u00da\u0159aduj\u00edc\u00ed vl\u00e1da v p\u00e1tek prohl\u00e1sila srbsk\u00e9ho velvyslance v \u010cern\u00e9 Ho\u0159e Vladimira Bo\u017eovi\u0107e za personu non grata pro \"vm\u011b\u0161ov\u00e1n\u00ed do vnit\u0159n\u00edch z\u00e1le\u017eitost\u00ed\" pot\u00e9, co ozna\u010dil za \"osvobozen\u00ed\" rozhodnut\u00ed N\u00e1rodn\u00edho shrom\u00e1\u017ed\u011bn\u00ed z roku 1918 spojit \u010cernou Horu se Srbskem a p\u0159ipojit ji tak ke Kr\u00e1lovstv\u00ed Srb\u016f, Chorvat\u016f a Slovinc\u016f.<\/p>\n\n\n\n<p><strong>Chorvatsko: <\/strong>Chorvatsk\u00fd premi\u00e9r Andrej Plenkovi\u0107 je v sou\u010dasn\u00e9 dob\u011b v izolaci, proto\u017ee byl stejn\u011b jako jeho man\u017eelka pozitivn\u011b testov\u00e1n na COVID-19. Od pond\u011bl\u00ed pracuje na d\u00e1lku.<\/p>\n\n\n\n<p><strong><u>27\/11\/2020<\/u><\/strong><\/p>\n\n\n\n<p><strong>Visegr\u00e1dsk\u00e1 skupina<\/strong><\/p>\n\n\n\n<p><strong>Polsko\/Ma\u010farsko:<\/strong> Premi\u00e9\u0159i Polska a Ma\u010farska ve \u010dtvrtek 26. listopadu potvrdili sv\u016fj nesouhlas s v\u00e1z\u00e1n\u00edm finan\u010dn\u00edch prost\u0159edk\u016f EU na pr\u00e1vn\u00ed st\u00e1t v \u010dlensk\u00fdch st\u00e1tech a m\u00edsto toho p\u0159edlo\u017eili vlastn\u00ed n\u00e1vrh na v\u00fdchodisko ze slep\u00e9 uli\u010dky, kter\u00e1 brzd\u00ed \u010derp\u00e1n\u00ed sedmilet\u00e9ho rozpo\u010dtu EU a fondu obnovy ve v\u00fd\u0161i 1,81 bilionu eur.<\/p>\n\n\n\n<p><strong>Z\u00e1padn\u00ed Evropa<\/strong><\/p>\n\n\n\n<p><strong>Portugalsko:&nbsp;<\/strong>Podle dopisu Gener\u00e1ln\u00edho \u0159editelstv\u00ed Evropsk\u00e9 unie pro komunika\u010dn\u00ed s\u00edt\u011b, obsah a technologie po\u017e\u00e1dala Evropsk\u00e1 komise v \u0159\u00edjnu portugalsk\u00fd regula\u010dn\u00ed \u00fa\u0159ad Anacom (5G), aby objasnil podm\u00ednky aukce mobiln\u00edch frekvenc\u00ed p\u00e1t\u00e9 generace, pokud jde o pokryt\u00ed nov\u00fdmi oper\u00e1tory a n\u00e1rodn\u00ed roaming.<\/p>\n\n\n\n<p><strong>Rakousko:&nbsp;<\/strong>Podle studie zadan\u00e9 ministrem \u0161kolstv\u00ed Heinzem Fa\u00dfmannem (OVP) m\u016f\u017ee b\u00fdt po\u010det neregistrovan\u00fdch p\u0159\u00edpad\u016f COVID-19 v Rakousku dvakr\u00e1t vy\u0161\u0161\u00ed, ne\u017e se dosud odhadovalo. Z infekc\u00ed zaznamenan\u00fdch b\u011bhem pr\u016fzkumu nebylo 55% \u00fa\u0159ady registrov\u00e1no. Fa\u00dfmann v tom vid\u00ed dal\u0161\u00ed d\u016fkaz pot\u0159eby masov\u00e9ho testov\u00e1n\u00ed rakousk\u00e9 populace v prosinci.<\/p>\n\n\n\n<p><strong>Balk\u00e1n<\/strong><\/p>\n\n\n\n<p><strong>Slovinsko:&nbsp;<\/strong>Ministr obrany Matej Tonin byl na \u010dtvrte\u010dn\u00edm sjezdu strany Nov\u00e9 Slovinsko (NSi-EPP) znovu zvolen do \u010dela strany na dal\u0161\u00ed dva roky, kdy\u017e z\u00edskal t\u00e9m\u011b\u0159 961 hlas\u016f deleg\u00e1t\u016f, kte\u0159\u00ed tentokr\u00e1t hlasovali po\u0161tou. Sedmat\u0159icetilet\u00fd ministr obrany byl jedin\u00fdm kandid\u00e1tem na post p\u0159edsedy strany.<\/p>\n\n\n\n<p><strong>Chorvatsko:&nbsp;<\/strong>\"Pron\u00e1sledovan\u00ed k\u0159es\u0165an\u00e9 a dal\u0161\u00ed lid\u00e9 v nouzi\" dostanou 1,5 milionu kun (200 000 eur) pot\u00e9, co poslanci p\u0159ijali pozm\u011b\u0148ovac\u00ed n\u00e1vrh k rozpo\u010dtu na rok 2021, kter\u00fd navrhla nez\u00e1visl\u00e1 poslankyn\u011b a b\u00fdval\u00e1 europoslankyn\u011b Marijana Petir, kter\u00e1 podporuje vl\u00e1dnouc\u00ed Chorvatsk\u00e9 demokratick\u00e9 spole\u010denstv\u00ed (HDZ, PPE) .&nbsp;<\/p>\n\n\n\n<p><strong>Bulharsko\/Severn\u00ed Makedonie<\/strong>: \"Vl\u00e1da Severn\u00ed Makedonie by m\u011bla vypracovat pl\u00e1n uzn\u00e1n\u00ed spole\u010dn\u00e9 historie, p\u0159epsat u\u010debnice a bojovat proti nen\u00e1vistn\u00fdm projev\u016fm v\u016f\u010di Bulharsku,\" uvedl premi\u00e9r Krassimir Karaka\u010danov (WMRO). Skopje naopak tvrd\u00ed, \u017ee o identit\u011b a jazyku zem\u011b se nediskutuje. Mezi ob\u011bma zem\u011bmi prob\u00edh\u00e1 konflikt kv\u016fli nevy\u0159e\u0161en\u00ed historick\u00fdch a jazykov\u00fdch ot\u00e1zek. Bulharsk\u00e1 vl\u00e1da se 17. listopadu postavila proti zah\u00e1jen\u00ed p\u0159\u00edstupov\u00fdch jedn\u00e1n\u00ed se Severn\u00ed Makedoni\u00ed.<\/p>\n\n\n\n<p><strong>Severn\u00ed Evropa<\/strong><\/p>\n\n\n\n<p><strong>Finsko<\/strong>:  Podle spole\u010dn\u00e9ho v\u00fdzkumn\u00e9ho projektu Oxfordsk\u00e9 univerzity, berl\u00ednsk\u00e9 Technische Universit\u00e4t a spole\u010dnosti Siemens Smart Infrastructure je Finsko zem\u00ed s nejv\u011bt\u0161\u00ed p\u0159ipravenost\u00ed na prob\u00edhaj\u00edc\u00ed energetickou transformaci.<\/p>\n\n\n\n<figure class=\"wp-block-image size-large\"><img fetchpriority=\"high\" decoding=\"async\" width=\"1024\" height=\"1024\" src=\"https:\/\/marekkuchcinski.pl\/wp-content\/uploads\/2020\/12\/usgs-inNzGtPrkHk-unsplash-1024x1024.jpg\" alt=\"\" class=\"wp-image-20284\" srcset=\"https:\/\/marekkuchcinski.pl\/wp-content\/uploads\/2020\/12\/usgs-inNzGtPrkHk-unsplash-1024x1024.jpg 1024w, https:\/\/marekkuchcinski.pl\/wp-content\/uploads\/2020\/12\/usgs-inNzGtPrkHk-unsplash-300x300.jpg 300w, https:\/\/marekkuchcinski.pl\/wp-content\/uploads\/2020\/12\/usgs-inNzGtPrkHk-unsplash-150x150.jpg 150w, https:\/\/marekkuchcinski.pl\/wp-content\/uploads\/2020\/12\/usgs-inNzGtPrkHk-unsplash-768x768.jpg 768w, https:\/\/marekkuchcinski.pl\/wp-content\/uploads\/2020\/12\/usgs-inNzGtPrkHk-unsplash-1536x1536.jpg 1536w, https:\/\/marekkuchcinski.pl\/wp-content\/uploads\/2020\/12\/usgs-inNzGtPrkHk-unsplash-scaled.jpg 2048w\" sizes=\"(max-width: 1024px) 100vw, 1024px\" \/><\/figure>","protected":false},"excerpt":{"rendered":"<p>EU Brusel: Portugalsk\u00fd premi\u00e9r Ant\u00f3nio Costa kritizoval n\u00e1vrh zav\u00e9st na listopadov\u00e9m zased\u00e1n\u00ed Rady EU mechanismus, kter\u00fd by v\u00e1zal vypl\u00e1cen\u00ed prost\u0159edk\u016f z fond\u016f EU na dodr\u017eov\u00e1n\u00ed z\u00e1sad tzv. pr\u00e1vn\u00edho st\u00e1tu, informoval list Publico. Z\u00e1padn\u00ed Evropa Francie: Ji\u017e druhou sobotu po sob\u011b vy\u0161li Francouzi do ulic a po\u017eadovali sta\u017een\u00ed takzvan\u00e9ho \"z\u00e1kona o glob\u00e1ln\u00ed bezpe\u010dnosti\", kter\u00fd zakazuje fotografov\u00e1n\u00ed nebo nahr\u00e1v\u00e1n\u00ed policist\u016f ve slu\u017eb\u011b. [...]<\/p>","protected":false},"author":17,"featured_media":20284,"comment_status":"open","ping_status":"open","sticky":false,"template":"","format":"standard","meta":{"ngg_post_thumbnail":0,"footnotes":""},"categories":[185],"tags":[],"class_list":["post-20283","post","type-post","status-publish","format-standard","has-post-thumbnail","hentry","category-europa"],"yoast_head":"<!-- This site is optimized with the Yoast SEO plugin v24.7 - https:\/\/yoast.com\/wordpress\/plugins\/seo\/ -->\n<title>Wiadomo\u015bci z Europy i \u015bwiata, 30 listopada 2020 &#8211; Marek Kuchci\u0144ski<\/title>\n<meta name=\"robots\" content=\"index, follow, max-snippet:-1, max-image-preview:large, max-video-preview:-1\" \/>\n<link rel=\"canonical\" href=\"https:\/\/marekkuchcinski.pl\/cs\/europa\/wiadomosci-z-europy\/\" \/>\n<meta property=\"og:locale\" content=\"cs_CZ\" \/>\n<meta property=\"og:type\" content=\"article\" \/>\n<meta property=\"og:title\" content=\"Wiadomo\u015bci z Europy i \u015bwiata, 30 listopada 2020 &#8211; Marek Kuchci\u0144ski\" \/>\n<meta property=\"og:description\" content=\"UE Bruksela: Wed\u0142ug doniesie\u0144 z Publico, portugalski premier Ant\u00f3nio Costa skrytykowa\u0142 propozycj\u0119 wprowadzenia mechanizmu \u0142\u0105cz\u0105cego wyp\u0142at\u0119 funduszy unijnych z poszanowaniem tzw. praworz\u0105dno\u015bci na listopadowym posiedzeniu Rady UE. Europa Zachodnia Francja: Ju\u017c drug\u0105 sobot\u0119 z rz\u0119du Francuzi wyszli na ulic\u0119 \u017c\u0105daj\u0105c wycofania tzw. \u201eGlobalnego prawa bezpiecze\u0144stwa\u201d, kt\u00f3re zakazuje robienie zdj\u0119\u0107 lub nagrywania funkcjonariuszy policji podczas s\u0142u\u017cby. [&hellip;]\" \/>\n<meta property=\"og:url\" content=\"https:\/\/marekkuchcinski.pl\/cs\/europa\/wiadomosci-z-europy\/\" \/>\n<meta property=\"og:site_name\" content=\"Marek Kuchci\u0144ski\" \/>\n<meta property=\"article:published_time\" content=\"2020-12-01T08:59:03+00:00\" \/>\n<meta property=\"article:modified_time\" content=\"2021-01-16T14:56:02+00:00\" \/>\n<meta property=\"og:image\" content=\"https:\/\/marekkuchcinski.pl\/wp-content\/uploads\/2020\/12\/usgs-inNzGtPrkHk-unsplash-scaled.jpg\" \/>\n\t<meta property=\"og:image:width\" content=\"2048\" \/>\n\t<meta property=\"og:image:height\" content=\"2048\" \/>\n\t<meta property=\"og:image:type\" content=\"image\/jpeg\" \/>\n<meta name=\"author\" content=\"Tomasz \u0141acina\" \/>\n<meta name=\"twitter:card\" content=\"summary_large_image\" \/>\n<meta name=\"twitter:label1\" content=\"Napsal(a)\" \/>\n\t<meta name=\"twitter:data1\" content=\"Tomasz \u0141acina\" \/>\n\t<meta name=\"twitter:label2\" content=\"Odhadovan\u00e1 doba \u010dten\u00ed\" \/>\n\t<meta name=\"twitter:data2\" content=\"5 minut\" \/>\n<script type=\"application\/ld+json\" class=\"yoast-schema-graph\">{\"@context\":\"https:\/\/schema.org\",\"@graph\":[{\"@type\":\"Article\",\"@id\":\"https:\/\/marekkuchcinski.pl\/europa\/wiadomosci-z-europy\/#article\",\"isPartOf\":{\"@id\":\"https:\/\/marekkuchcinski.pl\/europa\/wiadomosci-z-europy\/\"},\"author\":{\"name\":\"Tomasz \u0141acina\",\"@id\":\"https:\/\/marekkuchcinski.pl\/#\/schema\/person\/b8a29fe7813098f7be78801d029910a7\"},\"headline\":\"Wiadomo\u015bci z Europy i \u015bwiata, 30 listopada 2020\",\"datePublished\":\"2020-12-01T08:59:03+00:00\",\"dateModified\":\"2021-01-16T14:56:02+00:00\",\"mainEntityOfPage\":{\"@id\":\"https:\/\/marekkuchcinski.pl\/europa\/wiadomosci-z-europy\/\"},\"wordCount\":976,\"commentCount\":0,\"publisher\":{\"@id\":\"https:\/\/marekkuchcinski.pl\/#organization\"},\"image\":{\"@id\":\"https:\/\/marekkuchcinski.pl\/europa\/wiadomosci-z-europy\/#primaryimage\"},\"thumbnailUrl\":\"https:\/\/marekkuchcinski.pl\/wp-content\/uploads\/2020\/12\/usgs-inNzGtPrkHk-unsplash-scaled.jpg\",\"articleSection\":[\"Wie\u015bci z Europy i \u015awiata\"],\"inLanguage\":\"cs\",\"potentialAction\":[{\"@type\":\"CommentAction\",\"name\":\"Comment\",\"target\":[\"https:\/\/marekkuchcinski.pl\/europa\/wiadomosci-z-europy\/#respond\"]}]},{\"@type\":\"WebPage\",\"@id\":\"https:\/\/marekkuchcinski.pl\/europa\/wiadomosci-z-europy\/\",\"url\":\"https:\/\/marekkuchcinski.pl\/europa\/wiadomosci-z-europy\/\",\"name\":\"Wiadomo\u015bci z Europy i \u015bwiata, 30 listopada 2020 &#8211; Marek Kuchci\u0144ski\",\"isPartOf\":{\"@id\":\"https:\/\/marekkuchcinski.pl\/#website\"},\"primaryImageOfPage\":{\"@id\":\"https:\/\/marekkuchcinski.pl\/europa\/wiadomosci-z-europy\/#primaryimage\"},\"image\":{\"@id\":\"https:\/\/marekkuchcinski.pl\/europa\/wiadomosci-z-europy\/#primaryimage\"},\"thumbnailUrl\":\"https:\/\/marekkuchcinski.pl\/wp-content\/uploads\/2020\/12\/usgs-inNzGtPrkHk-unsplash-scaled.jpg\",\"datePublished\":\"2020-12-01T08:59:03+00:00\",\"dateModified\":\"2021-01-16T14:56:02+00:00\",\"breadcrumb\":{\"@id\":\"https:\/\/marekkuchcinski.pl\/europa\/wiadomosci-z-europy\/#breadcrumb\"},\"inLanguage\":\"cs\",\"potentialAction\":[{\"@type\":\"ReadAction\",\"target\":[\"https:\/\/marekkuchcinski.pl\/europa\/wiadomosci-z-europy\/\"]}]},{\"@type\":\"ImageObject\",\"inLanguage\":\"cs\",\"@id\":\"https:\/\/marekkuchcinski.pl\/europa\/wiadomosci-z-europy\/#primaryimage\",\"url\":\"https:\/\/marekkuchcinski.pl\/wp-content\/uploads\/2020\/12\/usgs-inNzGtPrkHk-unsplash-scaled.jpg\",\"contentUrl\":\"https:\/\/marekkuchcinski.pl\/wp-content\/uploads\/2020\/12\/usgs-inNzGtPrkHk-unsplash-scaled.jpg\",\"width\":2048,\"height\":2048},{\"@type\":\"BreadcrumbList\",\"@id\":\"https:\/\/marekkuchcinski.pl\/europa\/wiadomosci-z-europy\/#breadcrumb\",\"itemListElement\":[{\"@type\":\"ListItem\",\"position\":1,\"name\":\"Strona g\u0142\u00f3wna\",\"item\":\"https:\/\/marekkuchcinski.pl\/\"},{\"@type\":\"ListItem\",\"position\":2,\"name\":\"Wiadomo\u015bci z Europy i \u015bwiata, 30 listopada 2020\"}]},{\"@type\":\"WebSite\",\"@id\":\"https:\/\/marekkuchcinski.pl\/#website\",\"url\":\"https:\/\/marekkuchcinski.pl\/\",\"name\":\"Marek Kuchci\u0144ski\",\"description\":\"Pose\u0142 na sejm RP &ndash; okr\u0119g nr 22\",\"publisher\":{\"@id\":\"https:\/\/marekkuchcinski.pl\/#organization\"},\"potentialAction\":[{\"@type\":\"SearchAction\",\"target\":{\"@type\":\"EntryPoint\",\"urlTemplate\":\"https:\/\/marekkuchcinski.pl\/?s={search_term_string}\"},\"query-input\":{\"@type\":\"PropertyValueSpecification\",\"valueRequired\":true,\"valueName\":\"search_term_string\"}}],\"inLanguage\":\"cs\"},{\"@type\":\"Organization\",\"@id\":\"https:\/\/marekkuchcinski.pl\/#organization\",\"name\":\"Marek Kuchci\u0144ski\",\"url\":\"https:\/\/marekkuchcinski.pl\/\",\"logo\":{\"@type\":\"ImageObject\",\"inLanguage\":\"cs\",\"@id\":\"https:\/\/marekkuchcinski.pl\/#\/schema\/logo\/image\/\",\"url\":\"https:\/\/marekkuchcinski.pl\/wp-content\/uploads\/2022\/09\/Marek.jpg\",\"contentUrl\":\"https:\/\/marekkuchcinski.pl\/wp-content\/uploads\/2022\/09\/Marek.jpg\",\"width\":1600,\"height\":971,\"caption\":\"Marek Kuchci\u0144ski\"},\"image\":{\"@id\":\"https:\/\/marekkuchcinski.pl\/#\/schema\/logo\/image\/\"}},{\"@type\":\"Person\",\"@id\":\"https:\/\/marekkuchcinski.pl\/#\/schema\/person\/b8a29fe7813098f7be78801d029910a7\",\"name\":\"Tomasz \u0141acina\",\"image\":{\"@type\":\"ImageObject\",\"inLanguage\":\"cs\",\"@id\":\"https:\/\/marekkuchcinski.pl\/#\/schema\/person\/image\/\",\"url\":\"https:\/\/secure.gravatar.com\/avatar\/22e75f6c51aff77a676ed77dd222f852?s=96&d=mm&r=g\",\"contentUrl\":\"https:\/\/secure.gravatar.com\/avatar\/22e75f6c51aff77a676ed77dd222f852?s=96&d=mm&r=g\",\"caption\":\"Tomasz \u0141acina\"},\"url\":\"https:\/\/marekkuchcinski.pl\/cs\/author\/tomek-lacina\/\"}]}<\/script>\n<!-- \/ Yoast SEO plugin. -->","yoast_head_json":{"title":"Wiadomo\u015bci z Europy i \u015bwiata, 30 listopada 2020 &#8211; Marek Kuchci\u0144ski","robots":{"index":"index","follow":"follow","max-snippet":"max-snippet:-1","max-image-preview":"max-image-preview:large","max-video-preview":"max-video-preview:-1"},"canonical":"https:\/\/marekkuchcinski.pl\/cs\/europa\/wiadomosci-z-europy\/","og_locale":"cs_CZ","og_type":"article","og_title":"Wiadomo\u015bci z Europy i \u015bwiata, 30 listopada 2020 &#8211; Marek Kuchci\u0144ski","og_description":"UE Bruksela: Wed\u0142ug doniesie\u0144 z Publico, portugalski premier Ant\u00f3nio Costa skrytykowa\u0142 propozycj\u0119 wprowadzenia mechanizmu \u0142\u0105cz\u0105cego wyp\u0142at\u0119 funduszy unijnych z poszanowaniem tzw. praworz\u0105dno\u015bci na listopadowym posiedzeniu Rady UE. Europa Zachodnia Francja: Ju\u017c drug\u0105 sobot\u0119 z rz\u0119du Francuzi wyszli na ulic\u0119 \u017c\u0105daj\u0105c wycofania tzw. \u201eGlobalnego prawa bezpiecze\u0144stwa\u201d, kt\u00f3re zakazuje robienie zdj\u0119\u0107 lub nagrywania funkcjonariuszy policji podczas s\u0142u\u017cby. [&hellip;]","og_url":"https:\/\/marekkuchcinski.pl\/cs\/europa\/wiadomosci-z-europy\/","og_site_name":"Marek Kuchci\u0144ski","article_published_time":"2020-12-01T08:59:03+00:00","article_modified_time":"2021-01-16T14:56:02+00:00","og_image":[{"width":2048,"height":2048,"url":"https:\/\/marekkuchcinski.pl\/wp-content\/uploads\/2020\/12\/usgs-inNzGtPrkHk-unsplash-scaled.jpg","type":"image\/jpeg"}],"author":"Tomasz \u0141acina","twitter_card":"summary_large_image","twitter_misc":{"Napsal(a)":"Tomasz \u0141acina","Odhadovan\u00e1 doba \u010dten\u00ed":"5 minut"},"schema":{"@context":"https:\/\/schema.org","@graph":[{"@type":"Article","@id":"https:\/\/marekkuchcinski.pl\/europa\/wiadomosci-z-europy\/#article","isPartOf":{"@id":"https:\/\/marekkuchcinski.pl\/europa\/wiadomosci-z-europy\/"},"author":{"name":"Tomasz \u0141acina","@id":"https:\/\/marekkuchcinski.pl\/#\/schema\/person\/b8a29fe7813098f7be78801d029910a7"},"headline":"Wiadomo\u015bci z Europy i \u015bwiata, 30 listopada 2020","datePublished":"2020-12-01T08:59:03+00:00","dateModified":"2021-01-16T14:56:02+00:00","mainEntityOfPage":{"@id":"https:\/\/marekkuchcinski.pl\/europa\/wiadomosci-z-europy\/"},"wordCount":976,"commentCount":0,"publisher":{"@id":"https:\/\/marekkuchcinski.pl\/#organization"},"image":{"@id":"https:\/\/marekkuchcinski.pl\/europa\/wiadomosci-z-europy\/#primaryimage"},"thumbnailUrl":"https:\/\/marekkuchcinski.pl\/wp-content\/uploads\/2020\/12\/usgs-inNzGtPrkHk-unsplash-scaled.jpg","articleSection":["Wie\u015bci z Europy i \u015awiata"],"inLanguage":"cs","potentialAction":[{"@type":"CommentAction","name":"Comment","target":["https:\/\/marekkuchcinski.pl\/europa\/wiadomosci-z-europy\/#respond"]}]},{"@type":"WebPage","@id":"https:\/\/marekkuchcinski.pl\/europa\/wiadomosci-z-europy\/","url":"https:\/\/marekkuchcinski.pl\/europa\/wiadomosci-z-europy\/","name":"Wiadomo\u015bci z Europy i \u015bwiata, 30 listopada 2020 &#8211; Marek Kuchci\u0144ski","isPartOf":{"@id":"https:\/\/marekkuchcinski.pl\/#website"},"primaryImageOfPage":{"@id":"https:\/\/marekkuchcinski.pl\/europa\/wiadomosci-z-europy\/#primaryimage"},"image":{"@id":"https:\/\/marekkuchcinski.pl\/europa\/wiadomosci-z-europy\/#primaryimage"},"thumbnailUrl":"https:\/\/marekkuchcinski.pl\/wp-content\/uploads\/2020\/12\/usgs-inNzGtPrkHk-unsplash-scaled.jpg","datePublished":"2020-12-01T08:59:03+00:00","dateModified":"2021-01-16T14:56:02+00:00","breadcrumb":{"@id":"https:\/\/marekkuchcinski.pl\/europa\/wiadomosci-z-europy\/#breadcrumb"},"inLanguage":"cs","potentialAction":[{"@type":"ReadAction","target":["https:\/\/marekkuchcinski.pl\/europa\/wiadomosci-z-europy\/"]}]},{"@type":"ImageObject","inLanguage":"cs","@id":"https:\/\/marekkuchcinski.pl\/europa\/wiadomosci-z-europy\/#primaryimage","url":"https:\/\/marekkuchcinski.pl\/wp-content\/uploads\/2020\/12\/usgs-inNzGtPrkHk-unsplash-scaled.jpg","contentUrl":"https:\/\/marekkuchcinski.pl\/wp-content\/uploads\/2020\/12\/usgs-inNzGtPrkHk-unsplash-scaled.jpg","width":2048,"height":2048},{"@type":"BreadcrumbList","@id":"https:\/\/marekkuchcinski.pl\/europa\/wiadomosci-z-europy\/#breadcrumb","itemListElement":[{"@type":"ListItem","position":1,"name":"Strona g\u0142\u00f3wna","item":"https:\/\/marekkuchcinski.pl\/"},{"@type":"ListItem","position":2,"name":"Wiadomo\u015bci z Europy i \u015bwiata, 30 listopada 2020"}]},{"@type":"WebSite","@id":"https:\/\/marekkuchcinski.pl\/#website","url":"https:\/\/marekkuchcinski.pl\/","name":"Marek Kuchci\u0144ski","description":"Pose\u0142 na sejm RP &ndash; okr\u0119g nr 22","publisher":{"@id":"https:\/\/marekkuchcinski.pl\/#organization"},"potentialAction":[{"@type":"SearchAction","target":{"@type":"EntryPoint","urlTemplate":"https:\/\/marekkuchcinski.pl\/?s={search_term_string}"},"query-input":{"@type":"PropertyValueSpecification","valueRequired":true,"valueName":"search_term_string"}}],"inLanguage":"cs"},{"@type":"Organization","@id":"https:\/\/marekkuchcinski.pl\/#organization","name":"Marek Kuchci\u0144ski","url":"https:\/\/marekkuchcinski.pl\/","logo":{"@type":"ImageObject","inLanguage":"cs","@id":"https:\/\/marekkuchcinski.pl\/#\/schema\/logo\/image\/","url":"https:\/\/marekkuchcinski.pl\/wp-content\/uploads\/2022\/09\/Marek.jpg","contentUrl":"https:\/\/marekkuchcinski.pl\/wp-content\/uploads\/2022\/09\/Marek.jpg","width":1600,"height":971,"caption":"Marek Kuchci\u0144ski"},"image":{"@id":"https:\/\/marekkuchcinski.pl\/#\/schema\/logo\/image\/"}},{"@type":"Person","@id":"https:\/\/marekkuchcinski.pl\/#\/schema\/person\/b8a29fe7813098f7be78801d029910a7","name":"Tomasz \u0141acina","image":{"@type":"ImageObject","inLanguage":"cs","@id":"https:\/\/marekkuchcinski.pl\/#\/schema\/person\/image\/","url":"https:\/\/secure.gravatar.com\/avatar\/22e75f6c51aff77a676ed77dd222f852?s=96&d=mm&r=g","contentUrl":"https:\/\/secure.gravatar.com\/avatar\/22e75f6c51aff77a676ed77dd222f852?s=96&d=mm&r=g","caption":"Tomasz \u0141acina"},"url":"https:\/\/marekkuchcinski.pl\/cs\/author\/tomek-lacina\/"}]}},"_links":{"self":[{"href":"https:\/\/marekkuchcinski.pl\/cs\/wp-json\/wp\/v2\/posts\/20283","targetHints":{"allow":["GET"]}}],"collection":[{"href":"https:\/\/marekkuchcinski.pl\/cs\/wp-json\/wp\/v2\/posts"}],"about":[{"href":"https:\/\/marekkuchcinski.pl\/cs\/wp-json\/wp\/v2\/types\/post"}],"author":[{"embeddable":true,"href":"https:\/\/marekkuchcinski.pl\/cs\/wp-json\/wp\/v2\/users\/17"}],"replies":[{"embeddable":true,"href":"https:\/\/marekkuchcinski.pl\/cs\/wp-json\/wp\/v2\/comments?post=20283"}],"version-history":[{"count":3,"href":"https:\/\/marekkuchcinski.pl\/cs\/wp-json\/wp\/v2\/posts\/20283\/revisions"}],"predecessor-version":[{"id":21432,"href":"https:\/\/marekkuchcinski.pl\/cs\/wp-json\/wp\/v2\/posts\/20283\/revisions\/21432"}],"wp:featuredmedia":[{"embeddable":true,"href":"https:\/\/marekkuchcinski.pl\/cs\/wp-json\/wp\/v2\/media\/20284"}],"wp:attachment":[{"href":"https:\/\/marekkuchcinski.pl\/cs\/wp-json\/wp\/v2\/media?parent=20283"}],"wp:term":[{"taxonomy":"category","embeddable":true,"href":"https:\/\/marekkuchcinski.pl\/cs\/wp-json\/wp\/v2\/categories?post=20283"},{"taxonomy":"post_tag","embeddable":true,"href":"https:\/\/marekkuchcinski.pl\/cs\/wp-json\/wp\/v2\/tags?post=20283"}],"curies":[{"name":"wp","href":"https:\/\/api.w.org\/{rel}","templated":true}]}}