{"id":20234,"date":"2020-11-19T10:15:41","date_gmt":"2020-11-19T09:15:41","guid":{"rendered":"https:\/\/marekkuchcinski.pl\/?p=20234"},"modified":"2020-11-19T10:15:42","modified_gmt":"2020-11-19T09:15:42","slug":"marek-kuchcinski-unia-europejska-nigdy-nie-byla-tak-podzielona-jak-teraz-wywiad-dla-wegierskiego-portalu-mandiner","status":"publish","type":"post","link":"https:\/\/marekkuchcinski.pl\/cs\/wydarzenia\/marek-kuchcinski-unia-europejska-nigdy-nie-byla-tak-podzielona-jak-teraz-wywiad-dla-wegierskiego-portalu-mandiner\/","title":{"rendered":"Marek Kuchci\u0144ski: Evropsk\u00e1 unie nebyla nikdy tak rozd\u011blen\u00e1 jako nyn\u00ed. Rozhovor s ma\u010farsk\u00fdm port\u00e1lem Mandiner"},"content":{"rendered":"<p>S \u0161\u00e9fem polsk\u00e9ho parlamentn\u00edho zahrani\u010dn\u00edho v\u00fdboru jsme hovo\u0159ili o z\u00e1le\u017eitostech EU, protipolsk\u00e9 a protima\u010farsk\u00e9 r\u00e9torice Joea Bidena i o marasmu EU. Doporu\u010dujeme v\u00e1m, abyste si rozhovor p\u0159e\u010detli!<\/p>\n\n\n\n<p><strong>Krom\u011b Ma\u010farska se tzv. mechanismus pr\u00e1vn\u00edho st\u00e1tu roz\u0161\u00ed\u0159il tak\u00e9 na Polsko. Velvyslanci \u010dlensk\u00fdch st\u00e1t\u016f Evropsk\u00e9 unie v pond\u011bl\u00ed kvalifikovanou v\u011bt\u0161inou schv\u00e1lili n\u00e1vrh na\u0159\u00edzen\u00ed o zaveden\u00ed syst\u00e9mu podm\u00edn\u011bnosti na ochranu rozpo\u010dtu EU, kter\u00fd tak m\u016f\u017ee schv\u00e1lit Evropsk\u00fd parlament. Je <\/strong><strong>podle<\/strong><strong> \u0158\u00edk\u00e1te, \u017ee tento mechanismus p\u0159edstavuje v\u00e1\u017enou hrozbu?<\/strong><\/p>\n\n\n\n<p>Objasn\u011bme si snad n\u011bkolik bod\u016f. Zaprv\u00e9, Evropsk\u00e1 unie nebyla nikdy tak rozd\u011blen\u00e1 jako dnes. Za druh\u00e9, v souvislosti s t\u011bmito rozpory je d\u016fle\u017eit\u00e9 zd\u016fraznit, \u017ee nejde jen o v\u00e1\u017en\u00e9 rozd\u00edly v n\u00e1zorech na dotace EU nebo rozpo\u010det. \u010clensk\u00e9 st\u00e1ty EU se nedok\u00e1\u017eou shodnout ani v politick\u00fdch ot\u00e1zk\u00e1ch; v\u017edy\u0165 odsouzen\u00ed b\u011blorusk\u00fdch org\u00e1n\u016f t\u00e9m\u011b\u0159 zma\u0159il kypersk\u00fd odpor a sotva jsme dos\u00e1hli dohody ohledn\u011b Navaln\u00e9ho. Vzpome\u0148me tak\u00e9 nap\u0159\u00edklad na rozd\u00edln\u00e9 n\u00e1zory na plynovod Nord Stream 2. I kdy\u017e se d\u00edky Visegr\u00e1dsk\u00e9 skupin\u011b poda\u0159ilo dos\u00e1hnout ur\u010dit\u00e9ho kompromisu v ot\u00e1zce migrace, na tyto rozpory to nem\u011blo v\u00fdrazn\u00fd vliv a dnes je jejich nejd\u016fle\u017eit\u011bj\u0161\u00edm t\u00e9matem rozpo\u010det EU. Skupina z\u00e1padn\u00edch zem\u00ed v \u010dele s Nizozemskem by r\u00e1da spojila vypl\u00e1cen\u00ed prost\u0159edk\u016f EU se sv\u00fdm pojet\u00edm pr\u00e1vn\u00edho st\u00e1tu, zat\u00edmco my se domn\u00edv\u00e1me, \u017ee tyto ot\u00e1zky Smlouva o fungov\u00e1n\u00ed Evropsk\u00e9 unie v\u016fbec neupravuje.<\/p>\n\n\n\n<p>Nelze se odvol\u00e1vat na pr\u00e1vn\u00ed st\u00e1t a zasahovat do vnit\u0159n\u00edch z\u00e1le\u017eitost\u00ed st\u00e1t\u016f,<\/p>\n\n\n\n<p>Pohled na spravedlnost a soudnictv\u00ed na \u00farovni EU by nem\u011bl b\u00fdt sm\u011b\u0161ov\u00e1n s n\u00e1zory \u010dlensk\u00fdch st\u00e1t\u016f. Ve sporu o pr\u00e1vn\u00ed st\u00e1t maj\u00ed Mateusz Morawiecki a Viktor Orb\u00e1n stejn\u00fd postoj a d\u00edky pevnosti se snad poda\u0159\u00ed dos\u00e1hnout ur\u010dit\u00e9ho kompromisu na \u00farovni EU.<\/p>\n\n\n\n<p><strong>V posledn\u00ed dob\u011b se mezin\u00e1rodn\u00ed ani ma\u010farsk\u00e1 m\u00e9dia o mo\u017enosti kompromisu nezmi\u0148uj\u00ed, zat\u00edmco Jaroslaw Kaczynski a Viktor Orb.<\/strong><strong>\u00e1n <\/strong><strong>ozn\u00e1mila sv\u00e9 veto rozpo\u010dtu EU. Nakonec se tato hrozba stala skute\u010dnost\u00ed. Do jak\u00e9 m\u00edry bychom mohli t\u00edmto vetem prohloubit konflikt? Ji\u017en\u00ed zem\u011b velmi trvaj\u00ed na zah\u00e1jen\u00ed plateb, jak tedy naj\u00edt kompromis mezi jihem, v\u00fdchodem a z\u00e1padem EU?<\/strong><\/p>\n\n\n\n<p>P\u0159esto jsem dobr\u00e9 n\u00e1lady. Od polsk\u00fdch z\u00e1stupc\u016f v EU jsme se ji\u017e dozv\u011bd\u011bli, \u017ee<\/p>\n\n\n\n<p>existuje mo\u017enost kompromisn\u00edho \u0159e\u0161en\u00ed ot\u00e1zky pr\u00e1vn\u00edho st\u00e1tu.<\/p>\n\n\n\n<p>Jak jste zm\u00ednil, situace je v\u00e1\u017en\u00e1, proto\u017ee ekonomiky ji\u017en\u00edch \u010dlensk\u00fdch st\u00e1t\u016f byly t\u011b\u017ece zasa\u017eeny pandemi\u00ed koronaviru. V\u00fdsledkem je siln\u00e1 pozice, kter\u00e1 n\u00e1s tak\u00e9 dost\u00e1v\u00e1 pod tlak a vede k dohod\u011b. Rozpo\u010dtov\u00e9 veto je mocnou zbran\u00ed v rukou Polska a Ma\u010farska, ale p\u0159esto douf\u00e1me, \u017ee se poda\u0159\u00ed dos\u00e1hnout dohody.<\/p>\n\n\n\n<p><strong>Polsko a Spojen\u00e9 st\u00e1ty ned\u00e1vno podepsaly novou vojenskou dohodu a Joe Biden bude nepochybn\u011b dal\u0161\u00ed \u010dty\u0159i roky sed\u011bt v Ov\u00e1ln\u00e9 pracovn\u011b. Jak\u00fd dopad bude m\u00edt jeho prezidentstv\u00ed na velmi \u00fazk\u00e9 a mnohostrann\u00e9 polsko-americk\u00e9 vztahy?<\/strong><\/p>\n\n\n\n<p>Pomineme-li emoce, kter\u00e9 se b\u011bhem prezidentsk\u00fdch voleb rozho\u0159ely, je t\u0159eba v polsko-americk\u00fdch vztaz\u00edch vz\u00edt v \u00favahu dva velmi d\u016fle\u017eit\u00e9 faktory. Prvn\u00ed je ot\u00e1zka bezpe\u010dnostn\u00ed politiky, kde jsme ji\u017e v\u00e1z\u00e1ni dohodami a ujedn\u00e1n\u00edmi podepsan\u00fdmi p\u0159edchoz\u00edmi prezidenty. NATO zvy\u0161uje svou p\u0159\u00edtomnost v Polsku, co\u017e je v\u00fdhodn\u00e9 nejen pro n\u00e1s, ale i pro Severoatlantickou alianci, kter\u00e1 t\u00edmto zp\u016fsobem posiluje sv\u00e9 postaven\u00ed v regionu. Druh\u00fdm faktorem jsou ekonomick\u00e9 vztahy mezi ob\u011bma zem\u011bmi, nebo\u0165 politick\u00e1 stabilita napom\u00e1h\u00e1 ekonomick\u00e9mu rozvoji, co\u017e m\u016f\u017ee b\u00fdt zase zp\u016fsob, jak p\u0159il\u00e1kat co nejv\u00edce velk\u00fdch americk\u00fdch investor\u016f do Polska nebo jin\u00fdch st\u0159edoevropsk\u00fdch zem\u00ed. Polsko-americk\u00e9 vztahy jsou zcela z\u00e1visl\u00e9 na s\u00edle a vztahu t\u011bchto dvou faktor\u016f. Co se t\u00fd\u010de Bidena, je pro n\u00e1s d\u016fle\u017eit\u00e9, \u017ee Nord Stream 2 hodnotil negativn\u011b.<\/p>\n\n\n\n<p><em>Stanis\u0142aw Karczewski a Marek Kuchci\u0144ski (Artur Widak \/ NurPhoto via AFP)<\/em><\/p>\n\n\n\n<p><strong>V rozporu s politick\u00fdmi stereotypy se b\u011bhem volebn\u00ed kampan\u011b ne\u0159e\u0161ily ot\u00e1zky ekonomiky a bezpe\u010dnosti. Biden vykreslil Ma\u010farsko a Polsko v negativn\u00edm sv\u011btle a v posledn\u00edch dnech kampan\u011b sl\u00edbil, \u017ee v prvn\u00edm roce sv\u00e9ho p\u016fsoben\u00ed v \u00fa\u0159adu uspo\u0159\u00e1d\u00e1 velkou mezin\u00e1rodn\u00ed konferenci, na n\u00ed\u017e budou vl\u00e1dy prosazuj\u00edc\u00ed liber\u00e1ln\u00ed demokracii diskutovat o tom, jak ochr\u00e1nit sv\u011bt p\u0159ed re\u017eimy vyzn\u00e1vaj\u00edc\u00edmi autokratick\u00e9, zkorumpovan\u00e9 a neliber\u00e1ln\u00ed principy - zde by bylo t\u0159eba up\u0159esnit, co t\u00edm myslel. Existuje<a> Pan<\/a> p\u0159esv\u011bd\u010deni, \u017ee ekonomick\u00e9 ot\u00e1zky a bezpe\u010dnostn\u00ed politika budou dominovat politick\u00e9 agend\u011b a vztah\u016fm mezi st\u00e1ty?<\/strong><\/p>\n\n\n\n<p>Nikdo nem\u016f\u017ee stoprocentn\u011b zaru\u010dit, \u017ee po prezidentsk\u00fdch volb\u00e1ch tato kritika neovlivn\u00ed na\u0161e vztahy a realizaci na\u0161ich z\u00e1jm\u016f, ale je t\u0159eba poznamenat, \u017ee<\/p>\n\n\n\n<p>Nen\u00ed to poprv\u00e9, co ameri\u010dt\u00ed \u010dinitel\u00e9 u\u010dinili podobn\u00e1 prohl\u00e1\u0161en\u00ed o st\u0159edn\u00ed Evrop\u011b, ani\u017e by m\u011bli spolehliv\u00e9 informace.<\/p>\n\n\n\n<p>Kdyby Joe Biden projel p\u016flku Polska a vid\u011bl, \u017ee policie neblokuje a nerozh\u00e1n\u00ed protesty, a\u0165 u\u017e pravicov\u00e9 nebo levicov\u00e9, ale zaji\u0161\u0165uje a chr\u00e1n\u00ed jejich \u00fa\u010dastn\u00edky, mo\u017en\u00e1 by m\u011bl jin\u00fd n\u00e1zor. Mysl\u00edm, \u017ee po bli\u017e\u0161\u00edm sezn\u00e1men\u00ed se situac\u00ed by ji hodnotil jinak, proto\u017ee v Polsku nen\u00ed ohro\u017eena ani svoboda slova, ani svoboda shroma\u017e\u010fov\u00e1n\u00ed.<\/p>\n\n\n\n<p><strong>Pokud jde o bezpe\u010dnostn\u00ed politiku, Moskva ned\u00e1vno ukon\u010dila v\u00e1lku mezi \u00c1zerb\u00e1jd\u017e\u00e1nem a Arm\u00e9ni\u00ed. Jerevan je od Budape\u0161ti vzd\u00e1len t\u0159i hodiny letu, co\u017e je stejn\u00e1 vzd\u00e1lenost jako Lond\u00fdn a N\u00e1horn\u00ed Karabach na hranic\u00edch kontinentu, a Evropsk\u00e1 unie se konfliktem zat\u00edm p\u0159\u00edli\u0161 nezab\u00fdvala. V \u010dem spo\u010d\u00edv\u00e1 nebezpe\u010d\u00ed takov\u00e9ho zastaven\u00ed pro bezpe\u010dnostn\u00ed politiku?<\/strong><\/p>\n\n\n\n<p>Odpov\u011b\u010f je vlastn\u011b obsa\u017eena v t\u00e9to ot\u00e1zce, proto\u017ee takov\u00e9 ud\u00e1losti zas\u00e1hly Evropu. Evropsk\u00e1 unie mus\u00ed b\u00fdt nepochybn\u011b pos\u00edlena, aby mohla b\u00fdt v\u00fdznamn\u00fdm hr\u00e1\u010dem na sv\u011btov\u00e9 sc\u00e9n\u011b a z\u00e1rove\u0148 partnerem v dialogu. V konkr\u00e9tn\u00edm p\u0159\u00edpad\u011b Arm\u00e9nie a \u00c1zerb\u00e1jd\u017e\u00e1nu se nyn\u00ed mus\u00ed EU zapojit do m\u00edrov\u00e9ho procesu, aby nebyl pouze pod kontrolou Ruska a Turecka. Stejn\u011b tak je t\u0159eba pos\u00edlit hospod\u00e1\u0159sk\u00e9 vztahy s kavkazsk\u00fdm regionem a zajistit, abychom byli v ekonomick\u00e9 pozici a mohli hr\u00e1t rozhoduj\u00edc\u00ed roli v politick\u00e9m sv\u011bt\u011b. Je v \u017eivotn\u00edm z\u00e1jmu Unie, oslaben\u00e9 po brexitu, v\u011bnovat pozornost region\u016fm na v\u00fdchod od schengensk\u00e9ho prostoru a mus\u00edme uk\u00e1zat s\u00edlu a odhodl\u00e1n\u00ed, proto\u017ee jak\u00e1koli slabost a nerozhodnost - v\u010detn\u011b p\u0159\u00edpadu Arm\u00e9nie - vede k poklesu v\u00fdznamu EU.<\/p>\n\n\n\n<p>Marek Kuchci\u0144ski je polsk\u00fd politik, poslanec Sejmu za stranu Pr\u00e1vo a spravedlnost. V letech 2015 a\u017e 2019 zast\u00e1val funkci p\u0159edsedy Sejmu a v sou\u010dasnosti je p\u0159edsedou zahrani\u010dn\u00edho v\u00fdboru Sejmu.<\/p>\n\n\n\n<p><em>Autor spolupracuje s port\u00e1lem Mandiner a v r\u00e1mci stipendijn\u00edho programu MCC je stipendistou Institutu polsko-ma\u010farsk\u00e9 spolupr\u00e1ce Wac\u0142awa Felczaka ve Var\u0161av\u011b.<\/em><\/p>\n\n\n\n<figure class=\"wp-block-image size-large\"><img fetchpriority=\"high\" decoding=\"async\" width=\"1024\" height=\"683\" src=\"https:\/\/marekkuchcinski.pl\/wp-content\/uploads\/2020\/11\/kuchcinsky-1-1024x683.jpg\" alt=\"\" class=\"wp-image-20237\" srcset=\"https:\/\/marekkuchcinski.pl\/wp-content\/uploads\/2020\/11\/kuchcinsky-1-1024x683.jpg 1024w, https:\/\/marekkuchcinski.pl\/wp-content\/uploads\/2020\/11\/kuchcinsky-1-300x200.jpg 300w, https:\/\/marekkuchcinski.pl\/wp-content\/uploads\/2020\/11\/kuchcinsky-1-768x512.jpg 768w, https:\/\/marekkuchcinski.pl\/wp-content\/uploads\/2020\/11\/kuchcinsky-1-1536x1024.jpg 1536w, https:\/\/marekkuchcinski.pl\/wp-content\/uploads\/2020\/11\/kuchcinsky-1-scaled.jpg 2048w\" sizes=\"(max-width: 1024px) 100vw, 1024px\" \/><figcaption>(Zleva doprava) Stanislaw Karczewski, mar\u0161\u00e1lek Sen\u00e1tu, a Marek Kuchcinski, mar\u0161\u00e1lek Sejmu, b\u011bhem ofici\u00e1ln\u00edch oslav 11. listopadu - Dne nez\u00e1vislosti Polska a 99. v\u00fdro\u010d\u00ed obnoven\u00ed suverenity Polska jako Druh\u00e9 polsk\u00e9 republiky v roce 1918.\r\nV sobotu 11. listopadu 2017 v polsk\u00e9m Krakov\u011b. (Foto: Artur Widak\/NurPhoto)<\/figcaption><\/figure>","protected":false},"excerpt":{"rendered":"<p>Z szefem polskiej sejmowej Komisji Spraw Zagranicznych rozmawiali\u015bmy o&nbsp;sprawach unijnych, o antypolskiej i antyw\u0119gierskiej retoryce Joego Bidena, a tak\u017ce o marazmie Unii Europejskiej. Zach\u0119camy do przeczytania wywiadu! Poza W\u0119grami tak zwany mechanizm praworz\u0105dno\u015bci obj\u0105\u0142 te\u017c Polsk\u0119. W&nbsp;poniedzia\u0142ek ambasadorowie pa\u0144stw cz\u0142onkowskich Unii Europejskiej kwalifikowan\u0105 wi\u0119kszo\u015bci\u0105 g\u0142os\u00f3w zaakceptowali projekt rozporz\u0105dzenia dotycz\u0105cego wprowadzenia systemu warunkowo\u015bci w celu ochrony [&hellip;]<\/p>","protected":false},"author":21,"featured_media":20237,"comment_status":"open","ping_status":"open","sticky":false,"template":"","format":"standard","meta":{"ngg_post_thumbnail":0,"footnotes":""},"categories":[50,3],"tags":[],"class_list":["post-20234","post","type-post","status-publish","format-standard","has-post-thumbnail","hentry","category-wspolpraca-miedzynarodowa","category-wydarzenia"],"yoast_head":"<!-- This site is optimized with the Yoast SEO plugin v24.7 - https:\/\/yoast.com\/wordpress\/plugins\/seo\/ -->\n<title>Marek Kuchci\u0144ski: Unia Europejska nigdy nie by\u0142a tak podzielona jak teraz. Wywiad dla w\u0119gierskiego portalu Mandiner &#8211; Marek Kuchci\u0144ski<\/title>\n<meta name=\"robots\" content=\"index, follow, max-snippet:-1, max-image-preview:large, max-video-preview:-1\" \/>\n<link rel=\"canonical\" href=\"https:\/\/marekkuchcinski.pl\/cs\/wydarzenia\/marek-kuchcinski-unia-europejska-nigdy-nie-byla-tak-podzielona-jak-teraz-wywiad-dla-wegierskiego-portalu-mandiner\/\" \/>\n<meta property=\"og:locale\" content=\"cs_CZ\" \/>\n<meta property=\"og:type\" content=\"article\" \/>\n<meta property=\"og:title\" content=\"Marek Kuchci\u0144ski: Unia Europejska nigdy nie by\u0142a tak podzielona jak teraz. Wywiad dla w\u0119gierskiego portalu Mandiner &#8211; Marek Kuchci\u0144ski\" \/>\n<meta property=\"og:description\" content=\"Z szefem polskiej sejmowej Komisji Spraw Zagranicznych rozmawiali\u015bmy o&nbsp;sprawach unijnych, o antypolskiej i antyw\u0119gierskiej retoryce Joego Bidena, a tak\u017ce o marazmie Unii Europejskiej. Zach\u0119camy do przeczytania wywiadu! Poza W\u0119grami tak zwany mechanizm praworz\u0105dno\u015bci obj\u0105\u0142 te\u017c Polsk\u0119. W&nbsp;poniedzia\u0142ek ambasadorowie pa\u0144stw cz\u0142onkowskich Unii Europejskiej kwalifikowan\u0105 wi\u0119kszo\u015bci\u0105 g\u0142os\u00f3w zaakceptowali projekt rozporz\u0105dzenia dotycz\u0105cego wprowadzenia systemu warunkowo\u015bci w celu ochrony [&hellip;]\" \/>\n<meta property=\"og:url\" content=\"https:\/\/marekkuchcinski.pl\/cs\/wydarzenia\/marek-kuchcinski-unia-europejska-nigdy-nie-byla-tak-podzielona-jak-teraz-wywiad-dla-wegierskiego-portalu-mandiner\/\" \/>\n<meta property=\"og:site_name\" content=\"Marek Kuchci\u0144ski\" \/>\n<meta property=\"article:published_time\" content=\"2020-11-19T09:15:41+00:00\" \/>\n<meta property=\"article:modified_time\" content=\"2020-11-19T09:15:42+00:00\" \/>\n<meta property=\"og:image\" content=\"https:\/\/marekkuchcinski.pl\/wp-content\/uploads\/2020\/11\/kuchcinsky-1-scaled.jpg\" \/>\n\t<meta property=\"og:image:width\" content=\"2048\" \/>\n\t<meta property=\"og:image:height\" content=\"1365\" \/>\n\t<meta property=\"og:image:type\" content=\"image\/jpeg\" \/>\n<meta name=\"author\" content=\"Marta Olejnik\" \/>\n<meta name=\"twitter:card\" content=\"summary_large_image\" \/>\n<meta name=\"twitter:label1\" content=\"Napsal(a)\" \/>\n\t<meta name=\"twitter:data1\" content=\"Marta Olejnik\" \/>\n\t<meta name=\"twitter:label2\" content=\"Odhadovan\u00e1 doba \u010dten\u00ed\" \/>\n\t<meta name=\"twitter:data2\" content=\"7 minut\" \/>\n<script type=\"application\/ld+json\" class=\"yoast-schema-graph\">{\"@context\":\"https:\/\/schema.org\",\"@graph\":[{\"@type\":\"Article\",\"@id\":\"https:\/\/marekkuchcinski.pl\/uk\/wydarzenia\/marek-kuchcinski-unia-europejska-nigdy-nie-byla-tak-podzielona-jak-teraz-wywiad-dla-wegierskiego-portalu-mandiner\/#article\",\"isPartOf\":{\"@id\":\"https:\/\/marekkuchcinski.pl\/uk\/wydarzenia\/marek-kuchcinski-unia-europejska-nigdy-nie-byla-tak-podzielona-jak-teraz-wywiad-dla-wegierskiego-portalu-mandiner\/\"},\"author\":{\"name\":\"Marta Olejnik\",\"@id\":\"https:\/\/marekkuchcinski.pl\/#\/schema\/person\/51d5d4ee3b5317b8e4dd2b48af359229\"},\"headline\":\"Marek Kuchci\u0144ski: Unia Europejska nigdy nie by\u0142a tak podzielona jak teraz. Wywiad dla w\u0119gierskiego portalu Mandiner\",\"datePublished\":\"2020-11-19T09:15:41+00:00\",\"dateModified\":\"2020-11-19T09:15:42+00:00\",\"mainEntityOfPage\":{\"@id\":\"https:\/\/marekkuchcinski.pl\/uk\/wydarzenia\/marek-kuchcinski-unia-europejska-nigdy-nie-byla-tak-podzielona-jak-teraz-wywiad-dla-wegierskiego-portalu-mandiner\/\"},\"wordCount\":1329,\"commentCount\":0,\"publisher\":{\"@id\":\"https:\/\/marekkuchcinski.pl\/#organization\"},\"image\":{\"@id\":\"https:\/\/marekkuchcinski.pl\/uk\/wydarzenia\/marek-kuchcinski-unia-europejska-nigdy-nie-byla-tak-podzielona-jak-teraz-wywiad-dla-wegierskiego-portalu-mandiner\/#primaryimage\"},\"thumbnailUrl\":\"https:\/\/marekkuchcinski.pl\/wp-content\/uploads\/2020\/11\/kuchcinsky-1-scaled.jpg\",\"articleSection\":[\"Wsp\u00f3\u0142praca mi\u0119dzynarodowa\",\"Wydarzenia\"],\"inLanguage\":\"cs\",\"potentialAction\":[{\"@type\":\"CommentAction\",\"name\":\"Comment\",\"target\":[\"https:\/\/marekkuchcinski.pl\/uk\/wydarzenia\/marek-kuchcinski-unia-europejska-nigdy-nie-byla-tak-podzielona-jak-teraz-wywiad-dla-wegierskiego-portalu-mandiner\/#respond\"]}]},{\"@type\":\"WebPage\",\"@id\":\"https:\/\/marekkuchcinski.pl\/uk\/wydarzenia\/marek-kuchcinski-unia-europejska-nigdy-nie-byla-tak-podzielona-jak-teraz-wywiad-dla-wegierskiego-portalu-mandiner\/\",\"url\":\"https:\/\/marekkuchcinski.pl\/uk\/wydarzenia\/marek-kuchcinski-unia-europejska-nigdy-nie-byla-tak-podzielona-jak-teraz-wywiad-dla-wegierskiego-portalu-mandiner\/\",\"name\":\"Marek Kuchci\u0144ski: Unia Europejska nigdy nie by\u0142a tak podzielona jak teraz. Wywiad dla w\u0119gierskiego portalu Mandiner &#8211; Marek Kuchci\u0144ski\",\"isPartOf\":{\"@id\":\"https:\/\/marekkuchcinski.pl\/#website\"},\"primaryImageOfPage\":{\"@id\":\"https:\/\/marekkuchcinski.pl\/uk\/wydarzenia\/marek-kuchcinski-unia-europejska-nigdy-nie-byla-tak-podzielona-jak-teraz-wywiad-dla-wegierskiego-portalu-mandiner\/#primaryimage\"},\"image\":{\"@id\":\"https:\/\/marekkuchcinski.pl\/uk\/wydarzenia\/marek-kuchcinski-unia-europejska-nigdy-nie-byla-tak-podzielona-jak-teraz-wywiad-dla-wegierskiego-portalu-mandiner\/#primaryimage\"},\"thumbnailUrl\":\"https:\/\/marekkuchcinski.pl\/wp-content\/uploads\/2020\/11\/kuchcinsky-1-scaled.jpg\",\"datePublished\":\"2020-11-19T09:15:41+00:00\",\"dateModified\":\"2020-11-19T09:15:42+00:00\",\"breadcrumb\":{\"@id\":\"https:\/\/marekkuchcinski.pl\/uk\/wydarzenia\/marek-kuchcinski-unia-europejska-nigdy-nie-byla-tak-podzielona-jak-teraz-wywiad-dla-wegierskiego-portalu-mandiner\/#breadcrumb\"},\"inLanguage\":\"cs\",\"potentialAction\":[{\"@type\":\"ReadAction\",\"target\":[\"https:\/\/marekkuchcinski.pl\/uk\/wydarzenia\/marek-kuchcinski-unia-europejska-nigdy-nie-byla-tak-podzielona-jak-teraz-wywiad-dla-wegierskiego-portalu-mandiner\/\"]}]},{\"@type\":\"ImageObject\",\"inLanguage\":\"cs\",\"@id\":\"https:\/\/marekkuchcinski.pl\/uk\/wydarzenia\/marek-kuchcinski-unia-europejska-nigdy-nie-byla-tak-podzielona-jak-teraz-wywiad-dla-wegierskiego-portalu-mandiner\/#primaryimage\",\"url\":\"https:\/\/marekkuchcinski.pl\/wp-content\/uploads\/2020\/11\/kuchcinsky-1-scaled.jpg\",\"contentUrl\":\"https:\/\/marekkuchcinski.pl\/wp-content\/uploads\/2020\/11\/kuchcinsky-1-scaled.jpg\",\"width\":2048,\"height\":1365,\"caption\":\"(Left-Right) Stanislaw Karczewski, Marshal of the Senate, and Marek Kuchcinski, Marshal of the Sejm, during Krakow's official celebrations of the 11th November - Polish Independence Day, and the 99th anniversary of the restoration of Poland's sovereignty as the Second Polish Republic in 1918. On Saturday, 11 November 2017, in Krakow, Poland. (Photo by Artur Widak\/NurPhoto)\"},{\"@type\":\"BreadcrumbList\",\"@id\":\"https:\/\/marekkuchcinski.pl\/uk\/wydarzenia\/marek-kuchcinski-unia-europejska-nigdy-nie-byla-tak-podzielona-jak-teraz-wywiad-dla-wegierskiego-portalu-mandiner\/#breadcrumb\",\"itemListElement\":[{\"@type\":\"ListItem\",\"position\":1,\"name\":\"Strona g\u0142\u00f3wna\",\"item\":\"https:\/\/marekkuchcinski.pl\/\"},{\"@type\":\"ListItem\",\"position\":2,\"name\":\"Marek Kuchci\u0144ski: Unia Europejska nigdy nie by\u0142a tak podzielona jak teraz. Wywiad dla w\u0119gierskiego portalu Mandiner\"}]},{\"@type\":\"WebSite\",\"@id\":\"https:\/\/marekkuchcinski.pl\/#website\",\"url\":\"https:\/\/marekkuchcinski.pl\/\",\"name\":\"Marek Kuchci\u0144ski\",\"description\":\"Pose\u0142 na sejm RP &ndash; okr\u0119g nr 22\",\"publisher\":{\"@id\":\"https:\/\/marekkuchcinski.pl\/#organization\"},\"potentialAction\":[{\"@type\":\"SearchAction\",\"target\":{\"@type\":\"EntryPoint\",\"urlTemplate\":\"https:\/\/marekkuchcinski.pl\/?s={search_term_string}\"},\"query-input\":{\"@type\":\"PropertyValueSpecification\",\"valueRequired\":true,\"valueName\":\"search_term_string\"}}],\"inLanguage\":\"cs\"},{\"@type\":\"Organization\",\"@id\":\"https:\/\/marekkuchcinski.pl\/#organization\",\"name\":\"Marek Kuchci\u0144ski\",\"url\":\"https:\/\/marekkuchcinski.pl\/\",\"logo\":{\"@type\":\"ImageObject\",\"inLanguage\":\"cs\",\"@id\":\"https:\/\/marekkuchcinski.pl\/#\/schema\/logo\/image\/\",\"url\":\"https:\/\/marekkuchcinski.pl\/wp-content\/uploads\/2022\/09\/Marek.jpg\",\"contentUrl\":\"https:\/\/marekkuchcinski.pl\/wp-content\/uploads\/2022\/09\/Marek.jpg\",\"width\":1600,\"height\":971,\"caption\":\"Marek Kuchci\u0144ski\"},\"image\":{\"@id\":\"https:\/\/marekkuchcinski.pl\/#\/schema\/logo\/image\/\"}},{\"@type\":\"Person\",\"@id\":\"https:\/\/marekkuchcinski.pl\/#\/schema\/person\/51d5d4ee3b5317b8e4dd2b48af359229\",\"name\":\"Marta Olejnik\",\"image\":{\"@type\":\"ImageObject\",\"inLanguage\":\"cs\",\"@id\":\"https:\/\/marekkuchcinski.pl\/#\/schema\/person\/image\/\",\"url\":\"https:\/\/secure.gravatar.com\/avatar\/e39914b2aa6a48959e24d475b5dc9793?s=96&d=mm&r=g\",\"contentUrl\":\"https:\/\/secure.gravatar.com\/avatar\/e39914b2aa6a48959e24d475b5dc9793?s=96&d=mm&r=g\",\"caption\":\"Marta Olejnik\"},\"url\":\"https:\/\/marekkuchcinski.pl\/cs\/author\/marta\/\"}]}<\/script>\n<!-- \/ Yoast SEO plugin. -->","yoast_head_json":{"title":"Marek Kuchci\u0144ski: Unia Europejska nigdy nie by\u0142a tak podzielona jak teraz. Wywiad dla w\u0119gierskiego portalu Mandiner &#8211; Marek Kuchci\u0144ski","robots":{"index":"index","follow":"follow","max-snippet":"max-snippet:-1","max-image-preview":"max-image-preview:large","max-video-preview":"max-video-preview:-1"},"canonical":"https:\/\/marekkuchcinski.pl\/cs\/wydarzenia\/marek-kuchcinski-unia-europejska-nigdy-nie-byla-tak-podzielona-jak-teraz-wywiad-dla-wegierskiego-portalu-mandiner\/","og_locale":"cs_CZ","og_type":"article","og_title":"Marek Kuchci\u0144ski: Unia Europejska nigdy nie by\u0142a tak podzielona jak teraz. Wywiad dla w\u0119gierskiego portalu Mandiner &#8211; Marek Kuchci\u0144ski","og_description":"Z szefem polskiej sejmowej Komisji Spraw Zagranicznych rozmawiali\u015bmy o&nbsp;sprawach unijnych, o antypolskiej i antyw\u0119gierskiej retoryce Joego Bidena, a tak\u017ce o marazmie Unii Europejskiej. Zach\u0119camy do przeczytania wywiadu! Poza W\u0119grami tak zwany mechanizm praworz\u0105dno\u015bci obj\u0105\u0142 te\u017c Polsk\u0119. W&nbsp;poniedzia\u0142ek ambasadorowie pa\u0144stw cz\u0142onkowskich Unii Europejskiej kwalifikowan\u0105 wi\u0119kszo\u015bci\u0105 g\u0142os\u00f3w zaakceptowali projekt rozporz\u0105dzenia dotycz\u0105cego wprowadzenia systemu warunkowo\u015bci w celu ochrony [&hellip;]","og_url":"https:\/\/marekkuchcinski.pl\/cs\/wydarzenia\/marek-kuchcinski-unia-europejska-nigdy-nie-byla-tak-podzielona-jak-teraz-wywiad-dla-wegierskiego-portalu-mandiner\/","og_site_name":"Marek Kuchci\u0144ski","article_published_time":"2020-11-19T09:15:41+00:00","article_modified_time":"2020-11-19T09:15:42+00:00","og_image":[{"width":2048,"height":1365,"url":"https:\/\/marekkuchcinski.pl\/wp-content\/uploads\/2020\/11\/kuchcinsky-1-scaled.jpg","type":"image\/jpeg"}],"author":"Marta Olejnik","twitter_card":"summary_large_image","twitter_misc":{"Napsal(a)":"Marta Olejnik","Odhadovan\u00e1 doba \u010dten\u00ed":"7 minut"},"schema":{"@context":"https:\/\/schema.org","@graph":[{"@type":"Article","@id":"https:\/\/marekkuchcinski.pl\/uk\/wydarzenia\/marek-kuchcinski-unia-europejska-nigdy-nie-byla-tak-podzielona-jak-teraz-wywiad-dla-wegierskiego-portalu-mandiner\/#article","isPartOf":{"@id":"https:\/\/marekkuchcinski.pl\/uk\/wydarzenia\/marek-kuchcinski-unia-europejska-nigdy-nie-byla-tak-podzielona-jak-teraz-wywiad-dla-wegierskiego-portalu-mandiner\/"},"author":{"name":"Marta Olejnik","@id":"https:\/\/marekkuchcinski.pl\/#\/schema\/person\/51d5d4ee3b5317b8e4dd2b48af359229"},"headline":"Marek Kuchci\u0144ski: Unia Europejska nigdy nie by\u0142a tak podzielona jak teraz. Wywiad dla w\u0119gierskiego portalu Mandiner","datePublished":"2020-11-19T09:15:41+00:00","dateModified":"2020-11-19T09:15:42+00:00","mainEntityOfPage":{"@id":"https:\/\/marekkuchcinski.pl\/uk\/wydarzenia\/marek-kuchcinski-unia-europejska-nigdy-nie-byla-tak-podzielona-jak-teraz-wywiad-dla-wegierskiego-portalu-mandiner\/"},"wordCount":1329,"commentCount":0,"publisher":{"@id":"https:\/\/marekkuchcinski.pl\/#organization"},"image":{"@id":"https:\/\/marekkuchcinski.pl\/uk\/wydarzenia\/marek-kuchcinski-unia-europejska-nigdy-nie-byla-tak-podzielona-jak-teraz-wywiad-dla-wegierskiego-portalu-mandiner\/#primaryimage"},"thumbnailUrl":"https:\/\/marekkuchcinski.pl\/wp-content\/uploads\/2020\/11\/kuchcinsky-1-scaled.jpg","articleSection":["Wsp\u00f3\u0142praca mi\u0119dzynarodowa","Wydarzenia"],"inLanguage":"cs","potentialAction":[{"@type":"CommentAction","name":"Comment","target":["https:\/\/marekkuchcinski.pl\/uk\/wydarzenia\/marek-kuchcinski-unia-europejska-nigdy-nie-byla-tak-podzielona-jak-teraz-wywiad-dla-wegierskiego-portalu-mandiner\/#respond"]}]},{"@type":"WebPage","@id":"https:\/\/marekkuchcinski.pl\/uk\/wydarzenia\/marek-kuchcinski-unia-europejska-nigdy-nie-byla-tak-podzielona-jak-teraz-wywiad-dla-wegierskiego-portalu-mandiner\/","url":"https:\/\/marekkuchcinski.pl\/uk\/wydarzenia\/marek-kuchcinski-unia-europejska-nigdy-nie-byla-tak-podzielona-jak-teraz-wywiad-dla-wegierskiego-portalu-mandiner\/","name":"Marek Kuchci\u0144ski: Unia Europejska nigdy nie by\u0142a tak podzielona jak teraz. Wywiad dla w\u0119gierskiego portalu Mandiner &#8211; Marek Kuchci\u0144ski","isPartOf":{"@id":"https:\/\/marekkuchcinski.pl\/#website"},"primaryImageOfPage":{"@id":"https:\/\/marekkuchcinski.pl\/uk\/wydarzenia\/marek-kuchcinski-unia-europejska-nigdy-nie-byla-tak-podzielona-jak-teraz-wywiad-dla-wegierskiego-portalu-mandiner\/#primaryimage"},"image":{"@id":"https:\/\/marekkuchcinski.pl\/uk\/wydarzenia\/marek-kuchcinski-unia-europejska-nigdy-nie-byla-tak-podzielona-jak-teraz-wywiad-dla-wegierskiego-portalu-mandiner\/#primaryimage"},"thumbnailUrl":"https:\/\/marekkuchcinski.pl\/wp-content\/uploads\/2020\/11\/kuchcinsky-1-scaled.jpg","datePublished":"2020-11-19T09:15:41+00:00","dateModified":"2020-11-19T09:15:42+00:00","breadcrumb":{"@id":"https:\/\/marekkuchcinski.pl\/uk\/wydarzenia\/marek-kuchcinski-unia-europejska-nigdy-nie-byla-tak-podzielona-jak-teraz-wywiad-dla-wegierskiego-portalu-mandiner\/#breadcrumb"},"inLanguage":"cs","potentialAction":[{"@type":"ReadAction","target":["https:\/\/marekkuchcinski.pl\/uk\/wydarzenia\/marek-kuchcinski-unia-europejska-nigdy-nie-byla-tak-podzielona-jak-teraz-wywiad-dla-wegierskiego-portalu-mandiner\/"]}]},{"@type":"ImageObject","inLanguage":"cs","@id":"https:\/\/marekkuchcinski.pl\/uk\/wydarzenia\/marek-kuchcinski-unia-europejska-nigdy-nie-byla-tak-podzielona-jak-teraz-wywiad-dla-wegierskiego-portalu-mandiner\/#primaryimage","url":"https:\/\/marekkuchcinski.pl\/wp-content\/uploads\/2020\/11\/kuchcinsky-1-scaled.jpg","contentUrl":"https:\/\/marekkuchcinski.pl\/wp-content\/uploads\/2020\/11\/kuchcinsky-1-scaled.jpg","width":2048,"height":1365,"caption":"(Left-Right) Stanislaw Karczewski, Marshal of the Senate, and Marek Kuchcinski, Marshal of the Sejm, during Krakow's official celebrations of the 11th November - Polish Independence Day, and the 99th anniversary of the restoration of Poland's sovereignty as the Second Polish Republic in 1918. On Saturday, 11 November 2017, in Krakow, Poland. (Photo by Artur Widak\/NurPhoto)"},{"@type":"BreadcrumbList","@id":"https:\/\/marekkuchcinski.pl\/uk\/wydarzenia\/marek-kuchcinski-unia-europejska-nigdy-nie-byla-tak-podzielona-jak-teraz-wywiad-dla-wegierskiego-portalu-mandiner\/#breadcrumb","itemListElement":[{"@type":"ListItem","position":1,"name":"Strona g\u0142\u00f3wna","item":"https:\/\/marekkuchcinski.pl\/"},{"@type":"ListItem","position":2,"name":"Marek Kuchci\u0144ski: Unia Europejska nigdy nie by\u0142a tak podzielona jak teraz. Wywiad dla w\u0119gierskiego portalu Mandiner"}]},{"@type":"WebSite","@id":"https:\/\/marekkuchcinski.pl\/#website","url":"https:\/\/marekkuchcinski.pl\/","name":"Marek Kuchci\u0144ski","description":"Pose\u0142 na sejm RP &ndash; okr\u0119g nr 22","publisher":{"@id":"https:\/\/marekkuchcinski.pl\/#organization"},"potentialAction":[{"@type":"SearchAction","target":{"@type":"EntryPoint","urlTemplate":"https:\/\/marekkuchcinski.pl\/?s={search_term_string}"},"query-input":{"@type":"PropertyValueSpecification","valueRequired":true,"valueName":"search_term_string"}}],"inLanguage":"cs"},{"@type":"Organization","@id":"https:\/\/marekkuchcinski.pl\/#organization","name":"Marek Kuchci\u0144ski","url":"https:\/\/marekkuchcinski.pl\/","logo":{"@type":"ImageObject","inLanguage":"cs","@id":"https:\/\/marekkuchcinski.pl\/#\/schema\/logo\/image\/","url":"https:\/\/marekkuchcinski.pl\/wp-content\/uploads\/2022\/09\/Marek.jpg","contentUrl":"https:\/\/marekkuchcinski.pl\/wp-content\/uploads\/2022\/09\/Marek.jpg","width":1600,"height":971,"caption":"Marek Kuchci\u0144ski"},"image":{"@id":"https:\/\/marekkuchcinski.pl\/#\/schema\/logo\/image\/"}},{"@type":"Person","@id":"https:\/\/marekkuchcinski.pl\/#\/schema\/person\/51d5d4ee3b5317b8e4dd2b48af359229","name":"Marta Olejnik","image":{"@type":"ImageObject","inLanguage":"cs","@id":"https:\/\/marekkuchcinski.pl\/#\/schema\/person\/image\/","url":"https:\/\/secure.gravatar.com\/avatar\/e39914b2aa6a48959e24d475b5dc9793?s=96&d=mm&r=g","contentUrl":"https:\/\/secure.gravatar.com\/avatar\/e39914b2aa6a48959e24d475b5dc9793?s=96&d=mm&r=g","caption":"Marta Olejnik"},"url":"https:\/\/marekkuchcinski.pl\/cs\/author\/marta\/"}]}},"_links":{"self":[{"href":"https:\/\/marekkuchcinski.pl\/cs\/wp-json\/wp\/v2\/posts\/20234","targetHints":{"allow":["GET"]}}],"collection":[{"href":"https:\/\/marekkuchcinski.pl\/cs\/wp-json\/wp\/v2\/posts"}],"about":[{"href":"https:\/\/marekkuchcinski.pl\/cs\/wp-json\/wp\/v2\/types\/post"}],"author":[{"embeddable":true,"href":"https:\/\/marekkuchcinski.pl\/cs\/wp-json\/wp\/v2\/users\/21"}],"replies":[{"embeddable":true,"href":"https:\/\/marekkuchcinski.pl\/cs\/wp-json\/wp\/v2\/comments?post=20234"}],"version-history":[{"count":2,"href":"https:\/\/marekkuchcinski.pl\/cs\/wp-json\/wp\/v2\/posts\/20234\/revisions"}],"predecessor-version":[{"id":20238,"href":"https:\/\/marekkuchcinski.pl\/cs\/wp-json\/wp\/v2\/posts\/20234\/revisions\/20238"}],"wp:featuredmedia":[{"embeddable":true,"href":"https:\/\/marekkuchcinski.pl\/cs\/wp-json\/wp\/v2\/media\/20237"}],"wp:attachment":[{"href":"https:\/\/marekkuchcinski.pl\/cs\/wp-json\/wp\/v2\/media?parent=20234"}],"wp:term":[{"taxonomy":"category","embeddable":true,"href":"https:\/\/marekkuchcinski.pl\/cs\/wp-json\/wp\/v2\/categories?post=20234"},{"taxonomy":"post_tag","embeddable":true,"href":"https:\/\/marekkuchcinski.pl\/cs\/wp-json\/wp\/v2\/tags?post=20234"}],"curies":[{"name":"wp","href":"https:\/\/api.w.org\/{rel}","templated":true}]}}