{"id":19968,"date":"2020-10-07T21:32:06","date_gmt":"2020-10-07T19:32:06","guid":{"rendered":"https:\/\/marekkuchcinski.pl\/?p=19968"},"modified":"2020-10-07T21:36:04","modified_gmt":"2020-10-07T19:36:04","slug":"telekonferencja-przewodniczacych-komisji-spraw-zagranicznych-grupy-wyszehradzkiej-oraz-panstw-baltyckich","status":"publish","type":"post","link":"https:\/\/marekkuchcinski.pl\/cs\/wydarzenia\/telekonferencja-przewodniczacych-komisji-spraw-zagranicznych-grupy-wyszehradzkiej-oraz-panstw-baltyckich\/","title":{"rendered":"Telekonferencja Przewodnicz\u0105cych Komisji Spraw Zagranicznych Grupy Wyszehradzkiej oraz pa\u0144stw ba\u0142tyckich"},"content":{"rendered":"<p class=\"wp-block-paragraph\">Ustanowienie nowego formatu wsp\u00f3\u0142pracy Przewodnicz\u0105cych Komisji Spraw Zagranicznych kraj\u00f3w Tr\u00f3jki Ba\u0142tyckiej (B3) oraz Grupy Wyszehradzkiej (V4) stanowi\u0142o g\u0142\u00f3wne zagadnienie spotkania, kt\u00f3re odby\u0142o si\u0119 6 pa\u017adziernika w formule on-line. Jego uczestnicy podkre\u015blali wsp\u00f3lne wi\u0119zi kulturowe, historyczne, gospodarcze i polityczne, stanowi\u0105ce naturalny fundament wsp\u00f3\u0142pracy w tej cz\u0119\u015bci Europy.<\/p>\n\n\n\n<p class=\"wp-block-paragraph\">Sesj\u0119 otworzyli: Rihard Kols, przewodnicz\u0105cy Komisji Spraw Zagranicznych Saeima Republiki \u0141otewskiej oraz Marek Kuchci\u0144ski, przewodnicz\u0105cy Komisji Spraw Zagranicznych Sejmu RP. Uczestnik\u00f3w spotkania przywita\u0142a tak\u017ce In\u00e2ra M\u0171rniece, przewodnicz\u0105ca Saeima Republiki \u0141otewskiej oraz Henn P\u0151lluaas, przewodnicz\u0105cy Riigikogu (parlamentu Estonii).<\/p>\n\n\n\n<p class=\"wp-block-paragraph\">Pierwsz\u0105 cz\u0119\u015b\u0107 spotkania po\u015bwi\u0119cono zdefiniowaniu nowego formatu wsp\u00f3\u0142pracy, ustaleniu najistotniejszych wsp\u00f3lnych obszar\u00f3w tematycznych oraz om\u00f3wieniu aktualnej sytuacji w regionie. Uczestnicy zgodzili si\u0119, \u017ce osi\u0105 wsp\u00f3\u0142pracy powinny by\u0107 zagadnienia bezpiecze\u0144stwa regionalnego, wsp\u00f3\u0142pracy transatlantyckiej, rozwoju infrastrukturalnego oraz dzia\u0142ania na rzecz zwi\u0119kszenia inwestycji w tej cz\u0119\u015bci kontynentu. W\u015br\u00f3d najwi\u0119kszych wyzwa\u0144 wymagaj\u0105cych wsp\u00f3lnej reakcji wskazywano&nbsp;<a href=\"http:\/\/m.in\/\">m.in<\/a>. agresywn\u0105 polityk\u0119 Federacji Rosyjskiej i towarzysz\u0105ce jej konflikty, sytuacj\u0119 na Bia\u0142orusi i podj\u0119cie dzia\u0142a\u0144 na rzecz wsparcia tamtejszych swob\u00f3d i wolno\u015bci obywatelskich, europejsk\u0105 polityk\u0119 migracyjn\u0105, czy chi\u0144skie zaanga\u017cowanie w regionie zwi\u0105zane z infrastruktur\u0105 krytyczn\u0105. Na li\u015bcie aktualnych zagadnie\u0144 umieszczono tak\u017ce pandemi\u0119 COVID 19 i jej wp\u0142yw na gospodark\u0119.<\/p>\n\n\n\n<p class=\"wp-block-paragraph\">Druga cz\u0119\u015b\u0107 dyskusji dotyczy\u0142a przysz\u0142o\u015bci Europy. Paneli\u015bci wskazali na \u0142\u0105cz\u0105ce ich wi\u0119zi oraz wyznawane i podzielane warto\u015bci , stanowi\u0105ce fundament wsp\u00f3\u0142pracy i zaufania. Do najwa\u017cniejszych spraw zaliczono&nbsp;<a href=\"http:\/\/m.in\/\">m.in<\/a>.: wsp\u00f3lne stanowisko wobec rosyjskiej agresji oraz projekt\u00f3w typu Nord Stream II, ustalenie stanowiska odno\u015bnie polityki klimatycznej, dzia\u0142ania na rzecz podtrzymania silnych wi\u0119zi transatlantyckich, rozw\u00f3j po\u0142\u0105cze\u0144 infrastrukturalnych, energetycznych oraz technologii cyfrowych. Jako jeden z priorytet\u00f3w wskazano tak\u017ce stabilno\u015b\u0107 i rozw\u00f3j gospodarczy regionu, oznaczaj\u0105ce inwestycje w innowacyjne projekty biznesowe.<\/p>\n\n\n\n<p class=\"wp-block-paragraph\">Kwesti\u0105, kt\u00f3ra znalaz\u0142a osobne miejsce w dyskusji, by\u0142o zagadnienie dyplomacji parlamentarnej oraz jej mo\u017cliwo\u015bci i znaczenia na rzecz budowy relacji mi\u0119dzynarodowych. Zauwa\u017cono, \u017ce jej rola w regionie od kilku ostatnich lat systematycznie ro\u015bnie, osi\u0105gaj\u0105c poziom przyj\u0119ty w ca\u0142ym \u015bwiecie demokratycznym. Wybrzmia\u0142a r\u00f3wnie\u017c teza, przypisuj\u0105ca narz\u0119dziu dyplomacji parlamentarnej szczeg\u00f3ln\u0105 rol\u0119 w kreowaniu i wp\u0142ywaniu na opini\u0119 publiczn\u0105. Wskazano tak\u017ce na mo\u017cliwo\u015b\u0107 podejmowania wsp\u00f3lnych inicjatyw na poziomie parlamentarnym.<\/p>\n\n\n\n<p class=\"wp-block-paragraph\">Konkluduj\u0105c debat\u0119, uczestnicy podkre\u015blili bardzo zbli\u017con\u0105 ocen\u0119 sytuacji mi\u0119dzynarodowej, wskazanie na podobne wyzwania i zagro\u017cenia oraz bogactwo temat\u00f3w na przysz\u0142e spotkania. Zaakceptowali tak\u017ce ide\u0119 wprowadzenia cyklicznych spotka\u0144 w zaproponowanym formacie, kt\u00f3re b\u0119d\u0105 odbywa\u0107 si\u0119 dwa razy w roku. Ustalono, \u017ce najbli\u017csze zorganizuje strona polska w lutym 2021 r., w nawi\u0105zaniu do 30. rocznicy utworzenia Grupy Wyszehradzkiej.<\/p>\n\n\n\n<p class=\"wp-block-paragraph\">Panelistami pierwszego spotkania Przewodnicz\u0105cych Komisji Spraw Zagranicznych w formule B3 + V4 byli: Ond\u0159ej Vesel\u00fd oraz Pavel Fischer \u2013 Czechy, Enn Eesmaa \u2013 Estonia, Zsolt N\u00e9meth \u2013 W\u0119gry, Rihards Kols \u2013 \u0141otwa, Marek Kuchci\u0144ski oraz Bogdan Klich \u2013 Polska, Juraj Blan\u00e1r \u2013 S\u0142owacja, a tak\u017ce Zbigniew Rau \u2013 Minister Spraw Zagranicznych RP oraz Edgars Rink\u0113vi\u010ds \u2013 Minister Spraw Zagranicznych \u0141otwy.<\/p>\n\n\n\n<p class=\"wp-block-paragraph\"><em>tekst CIS<\/em><\/p>\n\n\n\n<p class=\"wp-block-paragraph\"><em>fot. Aleksander Zieli\u0144ski<\/em><\/p>\n\n\n\n<figure class=\"wp-block-image size-large\"><img fetchpriority=\"high\" decoding=\"async\" width=\"800\" height=\"533\" src=\"https:\/\/marekkuchcinski.pl\/wp-content\/uploads\/2020\/10\/AZZ_0686.view_-1.jpg\" alt=\"\" class=\"wp-image-19971\" srcset=\"https:\/\/marekkuchcinski.pl\/wp-content\/uploads\/2020\/10\/AZZ_0686.view_-1.jpg 800w, https:\/\/marekkuchcinski.pl\/wp-content\/uploads\/2020\/10\/AZZ_0686.view_-1-300x200.jpg 300w, https:\/\/marekkuchcinski.pl\/wp-content\/uploads\/2020\/10\/AZZ_0686.view_-1-768x512.jpg 768w\" sizes=\"(max-width: 800px) 100vw, 800px\" \/><\/figure>\n\n\n\n<figure class=\"wp-block-image size-large\"><img decoding=\"async\" width=\"1024\" height=\"683\" src=\"https:\/\/marekkuchcinski.pl\/wp-content\/uploads\/2020\/10\/AZZ_0695-1024x683.jpg\" alt=\"\" class=\"wp-image-19972\" srcset=\"https:\/\/marekkuchcinski.pl\/wp-content\/uploads\/2020\/10\/AZZ_0695-1024x683.jpg 1024w, https:\/\/marekkuchcinski.pl\/wp-content\/uploads\/2020\/10\/AZZ_0695-300x200.jpg 300w, https:\/\/marekkuchcinski.pl\/wp-content\/uploads\/2020\/10\/AZZ_0695-768x512.jpg 768w, https:\/\/marekkuchcinski.pl\/wp-content\/uploads\/2020\/10\/AZZ_0695-1536x1024.jpg 1536w, https:\/\/marekkuchcinski.pl\/wp-content\/uploads\/2020\/10\/AZZ_0695-scaled.jpg 2048w\" sizes=\"(max-width: 1024px) 100vw, 1024px\" \/><\/figure>","protected":false},"excerpt":{"rendered":"<p>Ustanowienie nowego formatu wsp\u00f3\u0142pracy Przewodnicz\u0105cych Komisji Spraw Zagranicznych kraj\u00f3w Tr\u00f3jki Ba\u0142tyckiej (B3) oraz Grupy Wyszehradzkiej (V4) stanowi\u0142o g\u0142\u00f3wne zagadnienie spotkania, kt\u00f3re odby\u0142o si\u0119 6 pa\u017adziernika w formule on-line. Jego uczestnicy podkre\u015blali wsp\u00f3lne wi\u0119zi kulturowe, historyczne, gospodarcze i polityczne, stanowi\u0105ce naturalny fundament wsp\u00f3\u0142pracy w tej cz\u0119\u015bci Europy. Sesj\u0119 otworzyli: Rihard Kols, przewodnicz\u0105cy Komisji Spraw Zagranicznych Saeima [&hellip;]<\/p>\n","protected":false},"author":3,"featured_media":19970,"comment_status":"closed","ping_status":"open","sticky":false,"template":"","format":"standard","meta":{"ngg_post_thumbnail":0,"footnotes":""},"categories":[81,50,3],"tags":[],"class_list":["post-19968","post","type-post","status-publish","format-standard","has-post-thumbnail","hentry","category-wiesci-z-sejmu","category-wspolpraca-miedzynarodowa","category-wydarzenia"],"yoast_head":"<!-- This site is optimized with the Yoast SEO plugin v28.4 - https:\/\/yoast.com\/product\/yoast-seo-wordpress\/ -->\n<title>Telekonferencja Przewodnicz\u0105cych Komisji Spraw Zagranicznych Grupy Wyszehradzkiej oraz pa\u0144stw ba\u0142tyckich &#8211; Marek Kuchci\u0144ski<\/title>\n<meta name=\"robots\" content=\"index, follow, max-snippet:-1, max-image-preview:large, max-video-preview:-1\" \/>\n<link rel=\"canonical\" href=\"https:\/\/marekkuchcinski.pl\/cs\/wydarzenia\/telekonferencja-przewodniczacych-komisji-spraw-zagranicznych-grupy-wyszehradzkiej-oraz-panstw-baltyckich\/\" \/>\n<meta property=\"og:locale\" content=\"cs_CZ\" \/>\n<meta property=\"og:type\" content=\"article\" \/>\n<meta property=\"og:title\" content=\"Telekonferencja Przewodnicz\u0105cych Komisji Spraw Zagranicznych Grupy Wyszehradzkiej oraz pa\u0144stw ba\u0142tyckich &#8211; Marek Kuchci\u0144ski\" \/>\n<meta property=\"og:description\" content=\"Ustanowienie nowego formatu wsp\u00f3\u0142pracy Przewodnicz\u0105cych Komisji Spraw Zagranicznych kraj\u00f3w Tr\u00f3jki Ba\u0142tyckiej (B3) oraz Grupy Wyszehradzkiej (V4) stanowi\u0142o g\u0142\u00f3wne zagadnienie spotkania, kt\u00f3re odby\u0142o si\u0119 6 pa\u017adziernika w formule on-line. Jego uczestnicy podkre\u015blali wsp\u00f3lne wi\u0119zi kulturowe, historyczne, gospodarcze i polityczne, stanowi\u0105ce naturalny fundament wsp\u00f3\u0142pracy w tej cz\u0119\u015bci Europy. Sesj\u0119 otworzyli: Rihard Kols, przewodnicz\u0105cy Komisji Spraw Zagranicznych Saeima [&hellip;]\" \/>\n<meta property=\"og:url\" content=\"https:\/\/marekkuchcinski.pl\/cs\/wydarzenia\/telekonferencja-przewodniczacych-komisji-spraw-zagranicznych-grupy-wyszehradzkiej-oraz-panstw-baltyckich\/\" \/>\n<meta property=\"og:site_name\" content=\"Marek Kuchci\u0144ski\" \/>\n<meta property=\"article:published_time\" content=\"2020-10-07T19:32:06+00:00\" \/>\n<meta property=\"article:modified_time\" content=\"2020-10-07T19:36:04+00:00\" \/>\n<meta property=\"og:image\" content=\"https:\/\/marekkuchcinski.pl\/wp-content\/uploads\/2020\/10\/AZZ_0686.view_.jpg\" \/>\n\t<meta property=\"og:image:width\" content=\"800\" \/>\n\t<meta property=\"og:image:height\" content=\"533\" \/>\n\t<meta property=\"og:image:type\" content=\"image\/jpeg\" \/>\n<meta name=\"author\" content=\"Marta Olejnik\" \/>\n<meta name=\"twitter:card\" content=\"summary_large_image\" \/>\n<meta name=\"twitter:label1\" content=\"Written by\" \/>\n\t<meta name=\"twitter:data1\" content=\"Marta Olejnik\" \/>\n\t<meta name=\"twitter:label2\" content=\"Est. reading time\" \/>\n\t<meta name=\"twitter:data2\" content=\"3 minutes\" \/>\n<script type=\"application\/ld+json\" class=\"yoast-schema-graph\">{\"@context\":\"https:\\\/\\\/schema.org\",\"@graph\":[{\"@type\":\"Article\",\"@id\":\"https:\\\/\\\/marekkuchcinski.pl\\\/wydarzenia\\\/telekonferencja-przewodniczacych-komisji-spraw-zagranicznych-grupy-wyszehradzkiej-oraz-panstw-baltyckich\\\/#article\",\"isPartOf\":{\"@id\":\"https:\\\/\\\/marekkuchcinski.pl\\\/wydarzenia\\\/telekonferencja-przewodniczacych-komisji-spraw-zagranicznych-grupy-wyszehradzkiej-oraz-panstw-baltyckich\\\/\"},\"author\":{\"name\":\"Marta Olejnik\",\"@id\":\"https:\\\/\\\/marekkuchcinski.pl\\\/#\\\/schema\\\/person\\\/bd3f15dee67fee76e83c8350d0154101\"},\"headline\":\"Telekonferencja Przewodnicz\u0105cych Komisji Spraw Zagranicznych Grupy Wyszehradzkiej oraz pa\u0144stw ba\u0142tyckich\",\"datePublished\":\"2020-10-07T19:32:06+00:00\",\"dateModified\":\"2020-10-07T19:36:04+00:00\",\"mainEntityOfPage\":{\"@id\":\"https:\\\/\\\/marekkuchcinski.pl\\\/wydarzenia\\\/telekonferencja-przewodniczacych-komisji-spraw-zagranicznych-grupy-wyszehradzkiej-oraz-panstw-baltyckich\\\/\"},\"wordCount\":569,\"publisher\":{\"@id\":\"https:\\\/\\\/marekkuchcinski.pl\\\/#organization\"},\"image\":{\"@id\":\"https:\\\/\\\/marekkuchcinski.pl\\\/wydarzenia\\\/telekonferencja-przewodniczacych-komisji-spraw-zagranicznych-grupy-wyszehradzkiej-oraz-panstw-baltyckich\\\/#primaryimage\"},\"thumbnailUrl\":\"https:\\\/\\\/marekkuchcinski.pl\\\/wp-content\\\/uploads\\\/2020\\\/10\\\/AZZ_0686.view_.jpg\",\"articleSection\":[\"Wie\u015bci z Sejmu\",\"Wsp\u00f3\u0142praca mi\u0119dzynarodowa\",\"Wydarzenia\"],\"inLanguage\":\"cs-CZ\"},{\"@type\":\"WebPage\",\"@id\":\"https:\\\/\\\/marekkuchcinski.pl\\\/wydarzenia\\\/telekonferencja-przewodniczacych-komisji-spraw-zagranicznych-grupy-wyszehradzkiej-oraz-panstw-baltyckich\\\/\",\"url\":\"https:\\\/\\\/marekkuchcinski.pl\\\/wydarzenia\\\/telekonferencja-przewodniczacych-komisji-spraw-zagranicznych-grupy-wyszehradzkiej-oraz-panstw-baltyckich\\\/\",\"name\":\"Telekonferencja Przewodnicz\u0105cych Komisji Spraw Zagranicznych Grupy Wyszehradzkiej oraz pa\u0144stw ba\u0142tyckich &#8211; Marek Kuchci\u0144ski\",\"isPartOf\":{\"@id\":\"https:\\\/\\\/marekkuchcinski.pl\\\/#website\"},\"primaryImageOfPage\":{\"@id\":\"https:\\\/\\\/marekkuchcinski.pl\\\/wydarzenia\\\/telekonferencja-przewodniczacych-komisji-spraw-zagranicznych-grupy-wyszehradzkiej-oraz-panstw-baltyckich\\\/#primaryimage\"},\"image\":{\"@id\":\"https:\\\/\\\/marekkuchcinski.pl\\\/wydarzenia\\\/telekonferencja-przewodniczacych-komisji-spraw-zagranicznych-grupy-wyszehradzkiej-oraz-panstw-baltyckich\\\/#primaryimage\"},\"thumbnailUrl\":\"https:\\\/\\\/marekkuchcinski.pl\\\/wp-content\\\/uploads\\\/2020\\\/10\\\/AZZ_0686.view_.jpg\",\"datePublished\":\"2020-10-07T19:32:06+00:00\",\"dateModified\":\"2020-10-07T19:36:04+00:00\",\"breadcrumb\":{\"@id\":\"https:\\\/\\\/marekkuchcinski.pl\\\/wydarzenia\\\/telekonferencja-przewodniczacych-komisji-spraw-zagranicznych-grupy-wyszehradzkiej-oraz-panstw-baltyckich\\\/#breadcrumb\"},\"inLanguage\":\"cs-CZ\",\"potentialAction\":[{\"@type\":\"ReadAction\",\"target\":[\"https:\\\/\\\/marekkuchcinski.pl\\\/wydarzenia\\\/telekonferencja-przewodniczacych-komisji-spraw-zagranicznych-grupy-wyszehradzkiej-oraz-panstw-baltyckich\\\/\"]}]},{\"@type\":\"ImageObject\",\"inLanguage\":\"cs-CZ\",\"@id\":\"https:\\\/\\\/marekkuchcinski.pl\\\/wydarzenia\\\/telekonferencja-przewodniczacych-komisji-spraw-zagranicznych-grupy-wyszehradzkiej-oraz-panstw-baltyckich\\\/#primaryimage\",\"url\":\"https:\\\/\\\/marekkuchcinski.pl\\\/wp-content\\\/uploads\\\/2020\\\/10\\\/AZZ_0686.view_.jpg\",\"contentUrl\":\"https:\\\/\\\/marekkuchcinski.pl\\\/wp-content\\\/uploads\\\/2020\\\/10\\\/AZZ_0686.view_.jpg\",\"width\":800,\"height\":533},{\"@type\":\"BreadcrumbList\",\"@id\":\"https:\\\/\\\/marekkuchcinski.pl\\\/wydarzenia\\\/telekonferencja-przewodniczacych-komisji-spraw-zagranicznych-grupy-wyszehradzkiej-oraz-panstw-baltyckich\\\/#breadcrumb\",\"itemListElement\":[{\"@type\":\"ListItem\",\"position\":1,\"name\":\"Strona g\u0142\u00f3wna\",\"item\":\"https:\\\/\\\/marekkuchcinski.pl\\\/\"},{\"@type\":\"ListItem\",\"position\":2,\"name\":\"Telekonferencja Przewodnicz\u0105cych Komisji Spraw Zagranicznych Grupy Wyszehradzkiej oraz pa\u0144stw ba\u0142tyckich\"}]},{\"@type\":\"WebSite\",\"@id\":\"https:\\\/\\\/marekkuchcinski.pl\\\/#website\",\"url\":\"https:\\\/\\\/marekkuchcinski.pl\\\/\",\"name\":\"Marek Kuchci\u0144ski\",\"description\":\"Marek Kuchci\u0144ski \",\"publisher\":{\"@id\":\"https:\\\/\\\/marekkuchcinski.pl\\\/#organization\"},\"potentialAction\":[{\"@type\":\"SearchAction\",\"target\":{\"@type\":\"EntryPoint\",\"urlTemplate\":\"https:\\\/\\\/marekkuchcinski.pl\\\/?s={search_term_string}\"},\"query-input\":{\"@type\":\"PropertyValueSpecification\",\"valueRequired\":true,\"valueName\":\"search_term_string\"}}],\"inLanguage\":\"cs-CZ\"},{\"@type\":\"Organization\",\"@id\":\"https:\\\/\\\/marekkuchcinski.pl\\\/#organization\",\"name\":\"Marek Kuchci\u0144ski\",\"url\":\"https:\\\/\\\/marekkuchcinski.pl\\\/\",\"logo\":{\"@type\":\"ImageObject\",\"inLanguage\":\"cs-CZ\",\"@id\":\"https:\\\/\\\/marekkuchcinski.pl\\\/#\\\/schema\\\/logo\\\/image\\\/\",\"url\":\"https:\\\/\\\/marekkuchcinski.pl\\\/wp-content\\\/uploads\\\/2022\\\/09\\\/Marek.jpg\",\"contentUrl\":\"https:\\\/\\\/marekkuchcinski.pl\\\/wp-content\\\/uploads\\\/2022\\\/09\\\/Marek.jpg\",\"width\":1600,\"height\":971,\"caption\":\"Marek Kuchci\u0144ski\"},\"image\":{\"@id\":\"https:\\\/\\\/marekkuchcinski.pl\\\/#\\\/schema\\\/logo\\\/image\\\/\"}},{\"@type\":\"Person\",\"@id\":\"https:\\\/\\\/marekkuchcinski.pl\\\/#\\\/schema\\\/person\\\/bd3f15dee67fee76e83c8350d0154101\",\"name\":\"Marta Olejnik\",\"image\":{\"@type\":\"ImageObject\",\"inLanguage\":\"cs-CZ\",\"@id\":\"https:\\\/\\\/secure.gravatar.com\\\/avatar\\\/24754edd6080383402e292374b406b553027d572e97d60e7aa89a6940e88659a?s=96&d=mm&r=g\",\"url\":\"https:\\\/\\\/secure.gravatar.com\\\/avatar\\\/24754edd6080383402e292374b406b553027d572e97d60e7aa89a6940e88659a?s=96&d=mm&r=g\",\"contentUrl\":\"https:\\\/\\\/secure.gravatar.com\\\/avatar\\\/24754edd6080383402e292374b406b553027d572e97d60e7aa89a6940e88659a?s=96&d=mm&r=g\",\"caption\":\"Marta Olejnik\"},\"url\":\"https:\\\/\\\/marekkuchcinski.pl\\\/cs\\\/author\\\/marta\\\/\"}]}<\/script>\n<!-- \/ Yoast SEO plugin. -->","yoast_head_json":{"title":"Telekonferencja Przewodnicz\u0105cych Komisji Spraw Zagranicznych Grupy Wyszehradzkiej oraz pa\u0144stw ba\u0142tyckich &#8211; Marek Kuchci\u0144ski","robots":{"index":"index","follow":"follow","max-snippet":"max-snippet:-1","max-image-preview":"max-image-preview:large","max-video-preview":"max-video-preview:-1"},"canonical":"https:\/\/marekkuchcinski.pl\/cs\/wydarzenia\/telekonferencja-przewodniczacych-komisji-spraw-zagranicznych-grupy-wyszehradzkiej-oraz-panstw-baltyckich\/","og_locale":"cs_CZ","og_type":"article","og_title":"Telekonferencja Przewodnicz\u0105cych Komisji Spraw Zagranicznych Grupy Wyszehradzkiej oraz pa\u0144stw ba\u0142tyckich &#8211; Marek Kuchci\u0144ski","og_description":"Ustanowienie nowego formatu wsp\u00f3\u0142pracy Przewodnicz\u0105cych Komisji Spraw Zagranicznych kraj\u00f3w Tr\u00f3jki Ba\u0142tyckiej (B3) oraz Grupy Wyszehradzkiej (V4) stanowi\u0142o g\u0142\u00f3wne zagadnienie spotkania, kt\u00f3re odby\u0142o si\u0119 6 pa\u017adziernika w formule on-line. Jego uczestnicy podkre\u015blali wsp\u00f3lne wi\u0119zi kulturowe, historyczne, gospodarcze i polityczne, stanowi\u0105ce naturalny fundament wsp\u00f3\u0142pracy w tej cz\u0119\u015bci Europy. Sesj\u0119 otworzyli: Rihard Kols, przewodnicz\u0105cy Komisji Spraw Zagranicznych Saeima [&hellip;]","og_url":"https:\/\/marekkuchcinski.pl\/cs\/wydarzenia\/telekonferencja-przewodniczacych-komisji-spraw-zagranicznych-grupy-wyszehradzkiej-oraz-panstw-baltyckich\/","og_site_name":"Marek Kuchci\u0144ski","article_published_time":"2020-10-07T19:32:06+00:00","article_modified_time":"2020-10-07T19:36:04+00:00","og_image":[{"width":800,"height":533,"url":"https:\/\/marekkuchcinski.pl\/wp-content\/uploads\/2020\/10\/AZZ_0686.view_.jpg","type":"image\/jpeg"}],"author":"Marta Olejnik","twitter_card":"summary_large_image","twitter_misc":{"Written by":"Marta Olejnik","Est. reading time":"3 minutes"},"schema":{"@context":"https:\/\/schema.org","@graph":[{"@type":"Article","@id":"https:\/\/marekkuchcinski.pl\/wydarzenia\/telekonferencja-przewodniczacych-komisji-spraw-zagranicznych-grupy-wyszehradzkiej-oraz-panstw-baltyckich\/#article","isPartOf":{"@id":"https:\/\/marekkuchcinski.pl\/wydarzenia\/telekonferencja-przewodniczacych-komisji-spraw-zagranicznych-grupy-wyszehradzkiej-oraz-panstw-baltyckich\/"},"author":{"name":"Marta Olejnik","@id":"https:\/\/marekkuchcinski.pl\/#\/schema\/person\/bd3f15dee67fee76e83c8350d0154101"},"headline":"Telekonferencja Przewodnicz\u0105cych Komisji Spraw Zagranicznych Grupy Wyszehradzkiej oraz pa\u0144stw ba\u0142tyckich","datePublished":"2020-10-07T19:32:06+00:00","dateModified":"2020-10-07T19:36:04+00:00","mainEntityOfPage":{"@id":"https:\/\/marekkuchcinski.pl\/wydarzenia\/telekonferencja-przewodniczacych-komisji-spraw-zagranicznych-grupy-wyszehradzkiej-oraz-panstw-baltyckich\/"},"wordCount":569,"publisher":{"@id":"https:\/\/marekkuchcinski.pl\/#organization"},"image":{"@id":"https:\/\/marekkuchcinski.pl\/wydarzenia\/telekonferencja-przewodniczacych-komisji-spraw-zagranicznych-grupy-wyszehradzkiej-oraz-panstw-baltyckich\/#primaryimage"},"thumbnailUrl":"https:\/\/marekkuchcinski.pl\/wp-content\/uploads\/2020\/10\/AZZ_0686.view_.jpg","articleSection":["Wie\u015bci z Sejmu","Wsp\u00f3\u0142praca mi\u0119dzynarodowa","Wydarzenia"],"inLanguage":"cs-CZ"},{"@type":"WebPage","@id":"https:\/\/marekkuchcinski.pl\/wydarzenia\/telekonferencja-przewodniczacych-komisji-spraw-zagranicznych-grupy-wyszehradzkiej-oraz-panstw-baltyckich\/","url":"https:\/\/marekkuchcinski.pl\/wydarzenia\/telekonferencja-przewodniczacych-komisji-spraw-zagranicznych-grupy-wyszehradzkiej-oraz-panstw-baltyckich\/","name":"Telekonferencja Przewodnicz\u0105cych Komisji Spraw Zagranicznych Grupy Wyszehradzkiej oraz pa\u0144stw ba\u0142tyckich &#8211; Marek Kuchci\u0144ski","isPartOf":{"@id":"https:\/\/marekkuchcinski.pl\/#website"},"primaryImageOfPage":{"@id":"https:\/\/marekkuchcinski.pl\/wydarzenia\/telekonferencja-przewodniczacych-komisji-spraw-zagranicznych-grupy-wyszehradzkiej-oraz-panstw-baltyckich\/#primaryimage"},"image":{"@id":"https:\/\/marekkuchcinski.pl\/wydarzenia\/telekonferencja-przewodniczacych-komisji-spraw-zagranicznych-grupy-wyszehradzkiej-oraz-panstw-baltyckich\/#primaryimage"},"thumbnailUrl":"https:\/\/marekkuchcinski.pl\/wp-content\/uploads\/2020\/10\/AZZ_0686.view_.jpg","datePublished":"2020-10-07T19:32:06+00:00","dateModified":"2020-10-07T19:36:04+00:00","breadcrumb":{"@id":"https:\/\/marekkuchcinski.pl\/wydarzenia\/telekonferencja-przewodniczacych-komisji-spraw-zagranicznych-grupy-wyszehradzkiej-oraz-panstw-baltyckich\/#breadcrumb"},"inLanguage":"cs-CZ","potentialAction":[{"@type":"ReadAction","target":["https:\/\/marekkuchcinski.pl\/wydarzenia\/telekonferencja-przewodniczacych-komisji-spraw-zagranicznych-grupy-wyszehradzkiej-oraz-panstw-baltyckich\/"]}]},{"@type":"ImageObject","inLanguage":"cs-CZ","@id":"https:\/\/marekkuchcinski.pl\/wydarzenia\/telekonferencja-przewodniczacych-komisji-spraw-zagranicznych-grupy-wyszehradzkiej-oraz-panstw-baltyckich\/#primaryimage","url":"https:\/\/marekkuchcinski.pl\/wp-content\/uploads\/2020\/10\/AZZ_0686.view_.jpg","contentUrl":"https:\/\/marekkuchcinski.pl\/wp-content\/uploads\/2020\/10\/AZZ_0686.view_.jpg","width":800,"height":533},{"@type":"BreadcrumbList","@id":"https:\/\/marekkuchcinski.pl\/wydarzenia\/telekonferencja-przewodniczacych-komisji-spraw-zagranicznych-grupy-wyszehradzkiej-oraz-panstw-baltyckich\/#breadcrumb","itemListElement":[{"@type":"ListItem","position":1,"name":"Strona g\u0142\u00f3wna","item":"https:\/\/marekkuchcinski.pl\/"},{"@type":"ListItem","position":2,"name":"Telekonferencja Przewodnicz\u0105cych Komisji Spraw Zagranicznych Grupy Wyszehradzkiej oraz pa\u0144stw ba\u0142tyckich"}]},{"@type":"WebSite","@id":"https:\/\/marekkuchcinski.pl\/#website","url":"https:\/\/marekkuchcinski.pl\/","name":"Marek Kuchci\u0144ski","description":"Marek Kuchci\u0144ski","publisher":{"@id":"https:\/\/marekkuchcinski.pl\/#organization"},"potentialAction":[{"@type":"SearchAction","target":{"@type":"EntryPoint","urlTemplate":"https:\/\/marekkuchcinski.pl\/?s={search_term_string}"},"query-input":{"@type":"PropertyValueSpecification","valueRequired":true,"valueName":"search_term_string"}}],"inLanguage":"cs-CZ"},{"@type":"Organization","@id":"https:\/\/marekkuchcinski.pl\/#organization","name":"Marek Kuchci\u0144ski","url":"https:\/\/marekkuchcinski.pl\/","logo":{"@type":"ImageObject","inLanguage":"cs-CZ","@id":"https:\/\/marekkuchcinski.pl\/#\/schema\/logo\/image\/","url":"https:\/\/marekkuchcinski.pl\/wp-content\/uploads\/2022\/09\/Marek.jpg","contentUrl":"https:\/\/marekkuchcinski.pl\/wp-content\/uploads\/2022\/09\/Marek.jpg","width":1600,"height":971,"caption":"Marek Kuchci\u0144ski"},"image":{"@id":"https:\/\/marekkuchcinski.pl\/#\/schema\/logo\/image\/"}},{"@type":"Person","@id":"https:\/\/marekkuchcinski.pl\/#\/schema\/person\/bd3f15dee67fee76e83c8350d0154101","name":"Marta Olejnik","image":{"@type":"ImageObject","inLanguage":"cs-CZ","@id":"https:\/\/secure.gravatar.com\/avatar\/24754edd6080383402e292374b406b553027d572e97d60e7aa89a6940e88659a?s=96&d=mm&r=g","url":"https:\/\/secure.gravatar.com\/avatar\/24754edd6080383402e292374b406b553027d572e97d60e7aa89a6940e88659a?s=96&d=mm&r=g","contentUrl":"https:\/\/secure.gravatar.com\/avatar\/24754edd6080383402e292374b406b553027d572e97d60e7aa89a6940e88659a?s=96&d=mm&r=g","caption":"Marta Olejnik"},"url":"https:\/\/marekkuchcinski.pl\/cs\/author\/marta\/"}]}},"_links":{"self":[{"href":"https:\/\/marekkuchcinski.pl\/cs\/wp-json\/wp\/v2\/posts\/19968","targetHints":{"allow":["GET"]}}],"collection":[{"href":"https:\/\/marekkuchcinski.pl\/cs\/wp-json\/wp\/v2\/posts"}],"about":[{"href":"https:\/\/marekkuchcinski.pl\/cs\/wp-json\/wp\/v2\/types\/post"}],"author":[{"embeddable":true,"href":"https:\/\/marekkuchcinski.pl\/cs\/wp-json\/wp\/v2\/users\/3"}],"replies":[{"embeddable":true,"href":"https:\/\/marekkuchcinski.pl\/cs\/wp-json\/wp\/v2\/comments?post=19968"}],"version-history":[{"count":3,"href":"https:\/\/marekkuchcinski.pl\/cs\/wp-json\/wp\/v2\/posts\/19968\/revisions"}],"predecessor-version":[{"id":19974,"href":"https:\/\/marekkuchcinski.pl\/cs\/wp-json\/wp\/v2\/posts\/19968\/revisions\/19974"}],"wp:featuredmedia":[{"embeddable":true,"href":"https:\/\/marekkuchcinski.pl\/cs\/wp-json\/wp\/v2\/media\/19970"}],"wp:attachment":[{"href":"https:\/\/marekkuchcinski.pl\/cs\/wp-json\/wp\/v2\/media?parent=19968"}],"wp:term":[{"taxonomy":"category","embeddable":true,"href":"https:\/\/marekkuchcinski.pl\/cs\/wp-json\/wp\/v2\/categories?post=19968"},{"taxonomy":"post_tag","embeddable":true,"href":"https:\/\/marekkuchcinski.pl\/cs\/wp-json\/wp\/v2\/tags?post=19968"}],"curies":[{"name":"wp","href":"https:\/\/api.w.org\/{rel}","templated":true}]}}