{"id":19805,"date":"2020-09-15T20:44:01","date_gmt":"2020-09-15T18:44:01","guid":{"rendered":"https:\/\/marekkuchcinski.pl\/?p=19805"},"modified":"2020-09-15T20:59:19","modified_gmt":"2020-09-15T18:59:19","slug":"komisja-spraw-zagranicznych-sza-2","status":"publish","type":"post","link":"https:\/\/marekkuchcinski.pl\/cs\/bez-kategorii\/komisja-spraw-zagranicznych-sza-2\/","title":{"rendered":"Pl\u00e1n zased\u00e1n\u00ed parlamentn\u00edch v\u00fdbor\u016f a podv\u00fdbor\u016f - V\u00fdbor pro zahrani\u010dn\u00ed v\u011bci (FAC)"},"content":{"rendered":"<p>Pl\u00e1novan\u00e1 zased\u00e1n\u00ed parlamentn\u00edch v\u00fdbor\u016f a podv\u00fdbor\u016f<\/p>\n\n\n\n<p><strong>15. z\u00e1\u0159\u00ed 2020 (\u00fater\u00fd), 14:00 hodin<\/strong>Spole\u010dn\u00e1 sch\u016fze v\u00fdbor\u016f:&nbsp;<a href=\"https:\/\/www.sejm.gov.pl\/Sejm9.nsf\/agent.xsp?symbol=KOMISJA&amp;NrKadencji=9&amp;KodKom=OBN\">NSA<\/a> i <a href=\"https:\/\/www.sejm.gov.pl\/Sejm9.nsf\/agent.xsp?symbol=KOMISJA&amp;NrKadencji=9&amp;KodKom=SZA\">SZA<\/a><\/p>\n\n\n\n<p>m\u00edstnost 211, budova. U<\/p>\n\n\n\n<p>Zased\u00e1n\u00ed bude prob\u00edhat s vyu\u017eit\u00edm elektronick\u00fdch prost\u0159edk\u016f komunikace na d\u00e1lku.<\/p>\n\n\n\n<ul class=\"wp-block-list\"><li>Prvn\u00ed \u010dten\u00ed vl\u00e1dn\u00edho n\u00e1vrhu z\u00e1kona o ratifikaci Dohody mezi vl\u00e1dou Polsk\u00e9 republiky a vl\u00e1dou Spojen\u00fdch st\u00e1t\u016f americk\u00fdch o pos\u00edlen\u00e9 obrann\u00e9 spolupr\u00e1ci, podepsan\u00e9 ve Var\u0161av\u011b dne 15. srpna 2020. (Tisk \u010d. 573).<\/li><li>Od\u016fvod\u0148uj\u00ed to:<\/li><li>- Ministr obrany,<\/li><li>- Ministr zahrani\u010dn\u00edch v\u011bc\u00ed.<\/li><\/ul>\n\n\n\n<p><strong>15. z\u00e1\u0159\u00ed 2020 (\u00fater\u00fd), 15:30 hod.<\/strong><\/p>\n\n\n\n<p>m\u00edstnost 211, budova. U<\/p>\n\n\n\n<p>Program jedn\u00e1n\u00ed byl zm\u011bn\u011bn takto<\/p>\n\n\n\n<p>Zased\u00e1n\u00ed bude prob\u00edhat s vyu\u017eit\u00edm elektronick\u00fdch prost\u0159edk\u016f komunikace na d\u00e1lku.<\/p>\n\n\n\n<ul class=\"wp-block-list\"><li>Volba p\u0159edsedy Komise.<\/li><li>Prvn\u00ed \u010dten\u00ed vl\u00e1dn\u00edho n\u00e1vrhu z\u00e1kona o ratifikaci Dohody o strategick\u00e9m partnerstv\u00ed mezi Evropskou uni\u00ed a jej\u00edmi \u010dlensk\u00fdmi st\u00e1ty na jedn\u00e9 stran\u011b a Kanadou na stran\u011b druh\u00e9, kter\u00e9 se uskute\u010dnilo v Bruselu dne 30. \u0159\u00edjna 2016. (Tisk 460)<\/li><li>- od\u016fvod\u0148uje ministr zahrani\u010dn\u00edch v\u011bc\u00ed.<\/li><li>Projedn\u00e1n\u00ed a stanovisko pro V\u00fdbor pro st\u00e1tn\u00ed kontrolu ke Zpr\u00e1v\u011b o \u010dinnosti Nejvy\u0161\u0161\u00edho kontroln\u00edho \u00fa\u0159adu v roce 2019. (tisk \u010d. 522) v r\u00e1mci \u010dinnosti Komise<\/li><\/ul>\n\n\n\n<p><strong>15. z\u00e1\u0159\u00ed 2020 (\u00fater\u00fd), 16:30 hod.<\/strong>Spole\u010dn\u00e1 sch\u016fze v\u00fdbor\u016f:&nbsp;<a href=\"https:\/\/www.sejm.gov.pl\/Sejm9.nsf\/agent.xsp?symbol=KOMISJA&amp;NrKadencji=9&amp;KodKom=ASW\">ASW<\/a> i <a href=\"https:\/\/www.sejm.gov.pl\/Sejm9.nsf\/agent.xsp?symbol=KOMISJA&amp;NrKadencji=9&amp;KodKom=SZA\">SZA<\/a><\/p>\n\n\n\n<p>m\u00edstnost 211, budova. U<\/p>\n\n\n\n<p>Zased\u00e1n\u00ed bude prob\u00edhat s vyu\u017eit\u00edm elektronick\u00fdch prost\u0159edk\u016f komunikace na d\u00e1lku.<\/p>\n\n\n\n<ul class=\"wp-block-list\"><li>Prvn\u00ed \u010dten\u00ed vl\u00e1dn\u00edho n\u00e1vrhu z\u00e1kona o ratifikaci Dohody mezi Polskou republikou a Spojen\u00fdm kr\u00e1lovstv\u00edm Velk\u00e9 Brit\u00e1nie a Severn\u00edho Irska o \u00fa\u010dasti ob\u010dan\u016f jednoho st\u00e1tu s bydli\u0161t\u011bm na \u00fazem\u00ed druh\u00e9ho st\u00e1tu v n\u011bkter\u00fdch volb\u00e1ch, podepsan\u00e9 ve Var\u0161av\u011b dne 29. kv\u011btna 2020. (487)<\/li><li>- ospravedlnit: Ministr zahrani\u010dn\u00edch v\u011bc\u00ed a ministr vnitra a spr\u00e1vy.<\/li><\/ul>\n\n\n\n<p><strong>15. z\u00e1\u0159\u00ed 2020 (\u00fater\u00fd), 17:30 hod.<\/strong>Spole\u010dn\u00e1 sch\u016fze v\u00fdbor\u016f:&nbsp;<a href=\"https:\/\/www.sejm.gov.pl\/Sejm9.nsf\/agent.xsp?symbol=KOMISJA&amp;NrKadencji=9&amp;KodKom=KSP\">KSP<\/a> i <a href=\"https:\/\/www.sejm.gov.pl\/Sejm9.nsf\/agent.xsp?symbol=KOMISJA&amp;NrKadencji=9&amp;KodKom=SZA\">SZA<\/a><\/p>\n\n\n\n<p>m\u00edstnost 211, budova. U<\/p>\n\n\n\n<p>Do\u0161lo ke zm\u011bn\u011b \u010dasu zased\u00e1n\u00ed<\/p>\n\n\n\n<p>Zased\u00e1n\u00ed bude prob\u00edhat s vyu\u017eit\u00edm elektronick\u00fdch prost\u0159edk\u016f komunikace na d\u00e1lku.<\/p>\n\n\n\n<ul class=\"wp-block-list\"><li>Prvn\u00ed \u010dten\u00ed vl\u00e1dn\u00edho n\u00e1vrhu z\u00e1kona o ratifikaci \u00damluvy o ochran\u011b podmo\u0159sk\u00e9ho kulturn\u00edho d\u011bdictv\u00ed, p\u0159ijat\u00e9ho v Pa\u0159\u00ed\u017ei dne 2. listopadu 2001. (tisk \u010d. 520)<\/li><li>- ospravedlnit: Ministr zahrani\u010dn\u00edch v\u011bc\u00ed a ministr kultury a n\u00e1rodn\u00edho d\u011bdictv\u00ed.<\/li><\/ul>\n\n\n\n<p><strong>16. z\u00e1\u0159\u00ed 2020 (st\u0159eda), 08:15<\/strong>Spole\u010dn\u00e1 sch\u016fze v\u00fdbor\u016f:&nbsp;<a href=\"https:\/\/www.sejm.gov.pl\/Sejm9.nsf\/agent.xsp?symbol=KOMISJA&amp;NrKadencji=9&amp;KodKom=GMZ\">GMZ<\/a>, <a href=\"https:\/\/www.sejm.gov.pl\/Sejm9.nsf\/agent.xsp?symbol=KOMISJA&amp;NrKadencji=9&amp;KodKom=PSR\">PSR<\/a> i <a href=\"https:\/\/www.sejm.gov.pl\/Sejm9.nsf\/agent.xsp?symbol=KOMISJA&amp;NrKadencji=9&amp;KodKom=SZA\">SZA<\/a><\/p>\n\n\n\n<p>m\u00edstnost \u010d. 111, budova U<\/p>\n\n\n\n<p>Zased\u00e1n\u00ed bude prob\u00edhat s vyu\u017eit\u00edm elektronick\u00fdch prost\u0159edk\u016f komunikace na d\u00e1lku.<\/p>\n\n\n\n<ul class=\"wp-block-list\"><li>Prvn\u00ed \u010dten\u00ed vl\u00e1dn\u00edho n\u00e1vrhu z\u00e1kona o ratifikaci zm\u011bn \u00damluvy o pr\u00e1ci na mo\u0159i, p\u0159ijat\u00e9 v \u017denev\u011b dne 23. \u00fanora 2006, schv\u00e1len\u00fdch Mezin\u00e1rodn\u00ed konferenc\u00ed pr\u00e1ce v \u017denev\u011b dne 5. \u010dervna 2018. (Tisk \u010d. 459).<\/li><li>Od\u016fvod\u0148uj\u00ed to:<\/li><li>- Ministr zahrani\u010dn\u00edch v\u011bc\u00ed,<\/li><li>- Ministr pro rodinu, pr\u00e1ci a soci\u00e1ln\u00ed politiku,<\/li><li>- Ministr pro n\u00e1mo\u0159n\u00ed z\u00e1le\u017eitosti a vnitrozemskou plavbu.<\/li><\/ul>","protected":false},"excerpt":{"rendered":"<p>Pl\u00e1novan\u00e9 sch\u016fze parlamentn\u00edch v\u00fdbor\u016f a podv\u00fdbor\u016f 15. z\u00e1\u0159\u00ed 2020 (\u00fater\u00fd), 14:00Zased\u00e1n\u00ed v\u00fdboru: NSA a SZA Pokoj 211, Bud. U Zased\u00e1n\u00ed se uskute\u010dn\u00ed za pou\u017eit\u00ed elektronick\u00fdch prost\u0159edk\u016f komunikace na d\u00e1lku Prvn\u00ed \u010dten\u00ed vl\u00e1dn\u00edho n\u00e1vrhu z\u00e1kona o ratifikaci Dohody mezi vl\u00e1dou Polsk\u00e9 republiky a vl\u00e1dou Spojen\u00fdch st\u00e1t\u016f americk\u00fdch o pos\u00edlen\u00e9 obrann\u00e9 spolupr\u00e1ci, podepsan\u00e9 [...].<\/p>","protected":false},"author":17,"featured_media":17277,"comment_status":"open","ping_status":"open","sticky":false,"template":"","format":"standard","meta":{"ngg_post_thumbnail":0,"footnotes":""},"categories":[1,180],"tags":[],"class_list":["post-19805","post","type-post","status-publish","format-standard","has-post-thumbnail","hentry","category-bez-kategorii","category-komisja-spraw-zagranicznych"],"yoast_head":"<!-- This site is optimized with the Yoast SEO plugin v24.7 - https:\/\/yoast.com\/wordpress\/plugins\/seo\/ -->\n<title>Planowane posiedzenia komisji i podkomisji sejmowych - Komisja Spraw Zagranicznych (SZA) &#8211; Marek Kuchci\u0144ski<\/title>\n<meta name=\"robots\" content=\"index, follow, max-snippet:-1, max-image-preview:large, max-video-preview:-1\" \/>\n<link rel=\"canonical\" href=\"https:\/\/marekkuchcinski.pl\/cs\/bez-kategorii\/komisja-spraw-zagranicznych-sza-2\/\" \/>\n<meta property=\"og:locale\" content=\"cs_CZ\" \/>\n<meta property=\"og:type\" content=\"article\" \/>\n<meta property=\"og:title\" content=\"Planowane posiedzenia komisji i podkomisji sejmowych - Komisja Spraw Zagranicznych (SZA) &#8211; Marek Kuchci\u0144ski\" \/>\n<meta property=\"og:description\" content=\"Planowane posiedzenia komisji i podkomisji sejmowych 15 wrze\u015bnia 2020 (wtorek), godz.&nbsp;14:00Wsp\u00f3lne posiedzenie komisji:&nbsp;OBN i SZA sala nr 211, bud. U Posiedzenie b\u0119dzie prowadzone z wykorzystaniem \u015brodk\u00f3w komunikacji elektronicznej umo\u017cliwiaj\u0105cych porozumiewanie si\u0119 na odleg\u0142o\u015b\u0107 Pierwsze czytanie rz\u0105dowego projektu ustawy o ratyfikacji Umowy mi\u0119dzy Rz\u0105dem Rzeczypospolitej Polskiej a Rz\u0105dem Stan\u00f3w Zjednoczonych Ameryki o wzmocnionej wsp\u00f3\u0142pracy obronnej, podpisanej [&hellip;]\" \/>\n<meta property=\"og:url\" content=\"https:\/\/marekkuchcinski.pl\/cs\/bez-kategorii\/komisja-spraw-zagranicznych-sza-2\/\" \/>\n<meta property=\"og:site_name\" content=\"Marek Kuchci\u0144ski\" \/>\n<meta property=\"article:published_time\" content=\"2020-09-15T18:44:01+00:00\" \/>\n<meta property=\"article:modified_time\" content=\"2020-09-15T18:59:19+00:00\" \/>\n<meta property=\"og:image\" content=\"https:\/\/marekkuchcinski.pl\/wp-content\/uploads\/2019\/07\/sejm-kwiecien-4.jpg\" \/>\n\t<meta property=\"og:image:width\" content=\"2048\" \/>\n\t<meta property=\"og:image:height\" content=\"1454\" \/>\n\t<meta property=\"og:image:type\" content=\"image\/jpeg\" \/>\n<meta name=\"author\" content=\"Tomasz \u0141acina\" \/>\n<meta name=\"twitter:card\" content=\"summary_large_image\" \/>\n<meta name=\"twitter:label1\" content=\"Napsal(a)\" \/>\n\t<meta name=\"twitter:data1\" content=\"Tomasz \u0141acina\" \/>\n\t<meta name=\"twitter:label2\" content=\"Odhadovan\u00e1 doba \u010dten\u00ed\" \/>\n\t<meta name=\"twitter:data2\" content=\"2 minuty\" \/>\n<script type=\"application\/ld+json\" class=\"yoast-schema-graph\">{\"@context\":\"https:\/\/schema.org\",\"@graph\":[{\"@type\":\"Article\",\"@id\":\"https:\/\/marekkuchcinski.pl\/bez-kategorii\/komisja-spraw-zagranicznych-sza-2\/#article\",\"isPartOf\":{\"@id\":\"https:\/\/marekkuchcinski.pl\/bez-kategorii\/komisja-spraw-zagranicznych-sza-2\/\"},\"author\":{\"name\":\"Tomasz \u0141acina\",\"@id\":\"https:\/\/marekkuchcinski.pl\/#\/schema\/person\/b8a29fe7813098f7be78801d029910a7\"},\"headline\":\"Planowane posiedzenia komisji i podkomisji sejmowych &#8211; Komisja Spraw Zagranicznych (SZA)\",\"datePublished\":\"2020-09-15T18:44:01+00:00\",\"dateModified\":\"2020-09-15T18:59:19+00:00\",\"mainEntityOfPage\":{\"@id\":\"https:\/\/marekkuchcinski.pl\/bez-kategorii\/komisja-spraw-zagranicznych-sza-2\/\"},\"wordCount\":469,\"commentCount\":0,\"publisher\":{\"@id\":\"https:\/\/marekkuchcinski.pl\/#organization\"},\"image\":{\"@id\":\"https:\/\/marekkuchcinski.pl\/bez-kategorii\/komisja-spraw-zagranicznych-sza-2\/#primaryimage\"},\"thumbnailUrl\":\"https:\/\/marekkuchcinski.pl\/wp-content\/uploads\/2019\/07\/sejm-kwiecien-4.jpg\",\"articleSection\":[\"Bez kategorii\",\"Komisja Spraw Zagranicznych\"],\"inLanguage\":\"cs\",\"potentialAction\":[{\"@type\":\"CommentAction\",\"name\":\"Comment\",\"target\":[\"https:\/\/marekkuchcinski.pl\/bez-kategorii\/komisja-spraw-zagranicznych-sza-2\/#respond\"]}]},{\"@type\":\"WebPage\",\"@id\":\"https:\/\/marekkuchcinski.pl\/bez-kategorii\/komisja-spraw-zagranicznych-sza-2\/\",\"url\":\"https:\/\/marekkuchcinski.pl\/bez-kategorii\/komisja-spraw-zagranicznych-sza-2\/\",\"name\":\"Planowane posiedzenia komisji i podkomisji sejmowych - Komisja Spraw Zagranicznych (SZA) &#8211; Marek Kuchci\u0144ski\",\"isPartOf\":{\"@id\":\"https:\/\/marekkuchcinski.pl\/#website\"},\"primaryImageOfPage\":{\"@id\":\"https:\/\/marekkuchcinski.pl\/bez-kategorii\/komisja-spraw-zagranicznych-sza-2\/#primaryimage\"},\"image\":{\"@id\":\"https:\/\/marekkuchcinski.pl\/bez-kategorii\/komisja-spraw-zagranicznych-sza-2\/#primaryimage\"},\"thumbnailUrl\":\"https:\/\/marekkuchcinski.pl\/wp-content\/uploads\/2019\/07\/sejm-kwiecien-4.jpg\",\"datePublished\":\"2020-09-15T18:44:01+00:00\",\"dateModified\":\"2020-09-15T18:59:19+00:00\",\"breadcrumb\":{\"@id\":\"https:\/\/marekkuchcinski.pl\/bez-kategorii\/komisja-spraw-zagranicznych-sza-2\/#breadcrumb\"},\"inLanguage\":\"cs\",\"potentialAction\":[{\"@type\":\"ReadAction\",\"target\":[\"https:\/\/marekkuchcinski.pl\/bez-kategorii\/komisja-spraw-zagranicznych-sza-2\/\"]}]},{\"@type\":\"ImageObject\",\"inLanguage\":\"cs\",\"@id\":\"https:\/\/marekkuchcinski.pl\/bez-kategorii\/komisja-spraw-zagranicznych-sza-2\/#primaryimage\",\"url\":\"https:\/\/marekkuchcinski.pl\/wp-content\/uploads\/2019\/07\/sejm-kwiecien-4.jpg\",\"contentUrl\":\"https:\/\/marekkuchcinski.pl\/wp-content\/uploads\/2019\/07\/sejm-kwiecien-4.jpg\",\"width\":2048,\"height\":1454},{\"@type\":\"BreadcrumbList\",\"@id\":\"https:\/\/marekkuchcinski.pl\/bez-kategorii\/komisja-spraw-zagranicznych-sza-2\/#breadcrumb\",\"itemListElement\":[{\"@type\":\"ListItem\",\"position\":1,\"name\":\"Strona g\u0142\u00f3wna\",\"item\":\"https:\/\/marekkuchcinski.pl\/\"},{\"@type\":\"ListItem\",\"position\":2,\"name\":\"Planowane posiedzenia komisji i podkomisji sejmowych &#8211; Komisja Spraw Zagranicznych (SZA)\"}]},{\"@type\":\"WebSite\",\"@id\":\"https:\/\/marekkuchcinski.pl\/#website\",\"url\":\"https:\/\/marekkuchcinski.pl\/\",\"name\":\"Marek Kuchci\u0144ski\",\"description\":\"Pose\u0142 na sejm RP &ndash; okr\u0119g nr 22\",\"publisher\":{\"@id\":\"https:\/\/marekkuchcinski.pl\/#organization\"},\"potentialAction\":[{\"@type\":\"SearchAction\",\"target\":{\"@type\":\"EntryPoint\",\"urlTemplate\":\"https:\/\/marekkuchcinski.pl\/?s={search_term_string}\"},\"query-input\":{\"@type\":\"PropertyValueSpecification\",\"valueRequired\":true,\"valueName\":\"search_term_string\"}}],\"inLanguage\":\"cs\"},{\"@type\":\"Organization\",\"@id\":\"https:\/\/marekkuchcinski.pl\/#organization\",\"name\":\"Marek Kuchci\u0144ski\",\"url\":\"https:\/\/marekkuchcinski.pl\/\",\"logo\":{\"@type\":\"ImageObject\",\"inLanguage\":\"cs\",\"@id\":\"https:\/\/marekkuchcinski.pl\/#\/schema\/logo\/image\/\",\"url\":\"https:\/\/marekkuchcinski.pl\/wp-content\/uploads\/2022\/09\/Marek.jpg\",\"contentUrl\":\"https:\/\/marekkuchcinski.pl\/wp-content\/uploads\/2022\/09\/Marek.jpg\",\"width\":1600,\"height\":971,\"caption\":\"Marek Kuchci\u0144ski\"},\"image\":{\"@id\":\"https:\/\/marekkuchcinski.pl\/#\/schema\/logo\/image\/\"}},{\"@type\":\"Person\",\"@id\":\"https:\/\/marekkuchcinski.pl\/#\/schema\/person\/b8a29fe7813098f7be78801d029910a7\",\"name\":\"Tomasz \u0141acina\",\"image\":{\"@type\":\"ImageObject\",\"inLanguage\":\"cs\",\"@id\":\"https:\/\/marekkuchcinski.pl\/#\/schema\/person\/image\/\",\"url\":\"https:\/\/secure.gravatar.com\/avatar\/22e75f6c51aff77a676ed77dd222f852?s=96&d=mm&r=g\",\"contentUrl\":\"https:\/\/secure.gravatar.com\/avatar\/22e75f6c51aff77a676ed77dd222f852?s=96&d=mm&r=g\",\"caption\":\"Tomasz \u0141acina\"},\"url\":\"https:\/\/marekkuchcinski.pl\/cs\/author\/tomek-lacina\/\"}]}<\/script>\n<!-- \/ Yoast SEO plugin. -->","yoast_head_json":{"title":"Planowane posiedzenia komisji i podkomisji sejmowych - Komisja Spraw Zagranicznych (SZA) &#8211; Marek Kuchci\u0144ski","robots":{"index":"index","follow":"follow","max-snippet":"max-snippet:-1","max-image-preview":"max-image-preview:large","max-video-preview":"max-video-preview:-1"},"canonical":"https:\/\/marekkuchcinski.pl\/cs\/bez-kategorii\/komisja-spraw-zagranicznych-sza-2\/","og_locale":"cs_CZ","og_type":"article","og_title":"Planowane posiedzenia komisji i podkomisji sejmowych - Komisja Spraw Zagranicznych (SZA) &#8211; Marek Kuchci\u0144ski","og_description":"Planowane posiedzenia komisji i podkomisji sejmowych 15 wrze\u015bnia 2020 (wtorek), godz.&nbsp;14:00Wsp\u00f3lne posiedzenie komisji:&nbsp;OBN i SZA sala nr 211, bud. U Posiedzenie b\u0119dzie prowadzone z wykorzystaniem \u015brodk\u00f3w komunikacji elektronicznej umo\u017cliwiaj\u0105cych porozumiewanie si\u0119 na odleg\u0142o\u015b\u0107 Pierwsze czytanie rz\u0105dowego projektu ustawy o ratyfikacji Umowy mi\u0119dzy Rz\u0105dem Rzeczypospolitej Polskiej a Rz\u0105dem Stan\u00f3w Zjednoczonych Ameryki o wzmocnionej wsp\u00f3\u0142pracy obronnej, podpisanej [&hellip;]","og_url":"https:\/\/marekkuchcinski.pl\/cs\/bez-kategorii\/komisja-spraw-zagranicznych-sza-2\/","og_site_name":"Marek Kuchci\u0144ski","article_published_time":"2020-09-15T18:44:01+00:00","article_modified_time":"2020-09-15T18:59:19+00:00","og_image":[{"width":2048,"height":1454,"url":"https:\/\/marekkuchcinski.pl\/wp-content\/uploads\/2019\/07\/sejm-kwiecien-4.jpg","type":"image\/jpeg"}],"author":"Tomasz \u0141acina","twitter_card":"summary_large_image","twitter_misc":{"Napsal(a)":"Tomasz \u0141acina","Odhadovan\u00e1 doba \u010dten\u00ed":"2 minuty"},"schema":{"@context":"https:\/\/schema.org","@graph":[{"@type":"Article","@id":"https:\/\/marekkuchcinski.pl\/bez-kategorii\/komisja-spraw-zagranicznych-sza-2\/#article","isPartOf":{"@id":"https:\/\/marekkuchcinski.pl\/bez-kategorii\/komisja-spraw-zagranicznych-sza-2\/"},"author":{"name":"Tomasz \u0141acina","@id":"https:\/\/marekkuchcinski.pl\/#\/schema\/person\/b8a29fe7813098f7be78801d029910a7"},"headline":"Planowane posiedzenia komisji i podkomisji sejmowych &#8211; Komisja Spraw Zagranicznych (SZA)","datePublished":"2020-09-15T18:44:01+00:00","dateModified":"2020-09-15T18:59:19+00:00","mainEntityOfPage":{"@id":"https:\/\/marekkuchcinski.pl\/bez-kategorii\/komisja-spraw-zagranicznych-sza-2\/"},"wordCount":469,"commentCount":0,"publisher":{"@id":"https:\/\/marekkuchcinski.pl\/#organization"},"image":{"@id":"https:\/\/marekkuchcinski.pl\/bez-kategorii\/komisja-spraw-zagranicznych-sza-2\/#primaryimage"},"thumbnailUrl":"https:\/\/marekkuchcinski.pl\/wp-content\/uploads\/2019\/07\/sejm-kwiecien-4.jpg","articleSection":["Bez kategorii","Komisja Spraw Zagranicznych"],"inLanguage":"cs","potentialAction":[{"@type":"CommentAction","name":"Comment","target":["https:\/\/marekkuchcinski.pl\/bez-kategorii\/komisja-spraw-zagranicznych-sza-2\/#respond"]}]},{"@type":"WebPage","@id":"https:\/\/marekkuchcinski.pl\/bez-kategorii\/komisja-spraw-zagranicznych-sza-2\/","url":"https:\/\/marekkuchcinski.pl\/bez-kategorii\/komisja-spraw-zagranicznych-sza-2\/","name":"Planowane posiedzenia komisji i podkomisji sejmowych - Komisja Spraw Zagranicznych (SZA) &#8211; Marek Kuchci\u0144ski","isPartOf":{"@id":"https:\/\/marekkuchcinski.pl\/#website"},"primaryImageOfPage":{"@id":"https:\/\/marekkuchcinski.pl\/bez-kategorii\/komisja-spraw-zagranicznych-sza-2\/#primaryimage"},"image":{"@id":"https:\/\/marekkuchcinski.pl\/bez-kategorii\/komisja-spraw-zagranicznych-sza-2\/#primaryimage"},"thumbnailUrl":"https:\/\/marekkuchcinski.pl\/wp-content\/uploads\/2019\/07\/sejm-kwiecien-4.jpg","datePublished":"2020-09-15T18:44:01+00:00","dateModified":"2020-09-15T18:59:19+00:00","breadcrumb":{"@id":"https:\/\/marekkuchcinski.pl\/bez-kategorii\/komisja-spraw-zagranicznych-sza-2\/#breadcrumb"},"inLanguage":"cs","potentialAction":[{"@type":"ReadAction","target":["https:\/\/marekkuchcinski.pl\/bez-kategorii\/komisja-spraw-zagranicznych-sza-2\/"]}]},{"@type":"ImageObject","inLanguage":"cs","@id":"https:\/\/marekkuchcinski.pl\/bez-kategorii\/komisja-spraw-zagranicznych-sza-2\/#primaryimage","url":"https:\/\/marekkuchcinski.pl\/wp-content\/uploads\/2019\/07\/sejm-kwiecien-4.jpg","contentUrl":"https:\/\/marekkuchcinski.pl\/wp-content\/uploads\/2019\/07\/sejm-kwiecien-4.jpg","width":2048,"height":1454},{"@type":"BreadcrumbList","@id":"https:\/\/marekkuchcinski.pl\/bez-kategorii\/komisja-spraw-zagranicznych-sza-2\/#breadcrumb","itemListElement":[{"@type":"ListItem","position":1,"name":"Strona g\u0142\u00f3wna","item":"https:\/\/marekkuchcinski.pl\/"},{"@type":"ListItem","position":2,"name":"Planowane posiedzenia komisji i podkomisji sejmowych &#8211; Komisja Spraw Zagranicznych (SZA)"}]},{"@type":"WebSite","@id":"https:\/\/marekkuchcinski.pl\/#website","url":"https:\/\/marekkuchcinski.pl\/","name":"Marek Kuchci\u0144ski","description":"Pose\u0142 na sejm RP &ndash; okr\u0119g nr 22","publisher":{"@id":"https:\/\/marekkuchcinski.pl\/#organization"},"potentialAction":[{"@type":"SearchAction","target":{"@type":"EntryPoint","urlTemplate":"https:\/\/marekkuchcinski.pl\/?s={search_term_string}"},"query-input":{"@type":"PropertyValueSpecification","valueRequired":true,"valueName":"search_term_string"}}],"inLanguage":"cs"},{"@type":"Organization","@id":"https:\/\/marekkuchcinski.pl\/#organization","name":"Marek Kuchci\u0144ski","url":"https:\/\/marekkuchcinski.pl\/","logo":{"@type":"ImageObject","inLanguage":"cs","@id":"https:\/\/marekkuchcinski.pl\/#\/schema\/logo\/image\/","url":"https:\/\/marekkuchcinski.pl\/wp-content\/uploads\/2022\/09\/Marek.jpg","contentUrl":"https:\/\/marekkuchcinski.pl\/wp-content\/uploads\/2022\/09\/Marek.jpg","width":1600,"height":971,"caption":"Marek Kuchci\u0144ski"},"image":{"@id":"https:\/\/marekkuchcinski.pl\/#\/schema\/logo\/image\/"}},{"@type":"Person","@id":"https:\/\/marekkuchcinski.pl\/#\/schema\/person\/b8a29fe7813098f7be78801d029910a7","name":"Tomasz \u0141acina","image":{"@type":"ImageObject","inLanguage":"cs","@id":"https:\/\/marekkuchcinski.pl\/#\/schema\/person\/image\/","url":"https:\/\/secure.gravatar.com\/avatar\/22e75f6c51aff77a676ed77dd222f852?s=96&d=mm&r=g","contentUrl":"https:\/\/secure.gravatar.com\/avatar\/22e75f6c51aff77a676ed77dd222f852?s=96&d=mm&r=g","caption":"Tomasz \u0141acina"},"url":"https:\/\/marekkuchcinski.pl\/cs\/author\/tomek-lacina\/"}]}},"_links":{"self":[{"href":"https:\/\/marekkuchcinski.pl\/cs\/wp-json\/wp\/v2\/posts\/19805","targetHints":{"allow":["GET"]}}],"collection":[{"href":"https:\/\/marekkuchcinski.pl\/cs\/wp-json\/wp\/v2\/posts"}],"about":[{"href":"https:\/\/marekkuchcinski.pl\/cs\/wp-json\/wp\/v2\/types\/post"}],"author":[{"embeddable":true,"href":"https:\/\/marekkuchcinski.pl\/cs\/wp-json\/wp\/v2\/users\/17"}],"replies":[{"embeddable":true,"href":"https:\/\/marekkuchcinski.pl\/cs\/wp-json\/wp\/v2\/comments?post=19805"}],"version-history":[{"count":2,"href":"https:\/\/marekkuchcinski.pl\/cs\/wp-json\/wp\/v2\/posts\/19805\/revisions"}],"predecessor-version":[{"id":19814,"href":"https:\/\/marekkuchcinski.pl\/cs\/wp-json\/wp\/v2\/posts\/19805\/revisions\/19814"}],"wp:featuredmedia":[{"embeddable":true,"href":"https:\/\/marekkuchcinski.pl\/cs\/wp-json\/wp\/v2\/media\/17277"}],"wp:attachment":[{"href":"https:\/\/marekkuchcinski.pl\/cs\/wp-json\/wp\/v2\/media?parent=19805"}],"wp:term":[{"taxonomy":"category","embeddable":true,"href":"https:\/\/marekkuchcinski.pl\/cs\/wp-json\/wp\/v2\/categories?post=19805"},{"taxonomy":"post_tag","embeddable":true,"href":"https:\/\/marekkuchcinski.pl\/cs\/wp-json\/wp\/v2\/tags?post=19805"}],"curies":[{"name":"wp","href":"https:\/\/api.w.org\/{rel}","templated":true}]}}