{"id":19660,"date":"2020-09-07T17:34:14","date_gmt":"2020-09-07T15:34:14","guid":{"rendered":"https:\/\/marekkuchcinski.pl\/?p=19660"},"modified":"2022-09-02T15:20:56","modified_gmt":"2022-09-02T13:20:56","slug":"xxvii-miedzynarodowa-konferencja-europa-karpat-karpacz-2020-8-9-wrzesnia","status":"publish","type":"post","link":"https:\/\/marekkuchcinski.pl\/cs\/wydarzenia\/xxvii-miedzynarodowa-konferencja-europa-karpat-karpacz-2020-8-9-wrzesnia\/","title":{"rendered":"XXVII. mezin\u00e1rodn\u00ed konference Karpatsk\u00e1 Evropa Karpacz 2020, 8.-9. z\u00e1\u0159\u00ed."},"content":{"rendered":"<figure class=\"wp-block-image size-large is-resized\"><img fetchpriority=\"high\" decoding=\"async\" src=\"https:\/\/marekkuchcinski.pl\/wp-content\/uploads\/2020\/09\/mek-1024x658.jpg\" alt=\"\" class=\"wp-image-19693\" width=\"580\" height=\"372\" srcset=\"https:\/\/marekkuchcinski.pl\/wp-content\/uploads\/2020\/09\/mek-1024x658.jpg 1024w, https:\/\/marekkuchcinski.pl\/wp-content\/uploads\/2020\/09\/mek-300x193.jpg 300w, https:\/\/marekkuchcinski.pl\/wp-content\/uploads\/2020\/09\/mek-768x493.jpg 768w, https:\/\/marekkuchcinski.pl\/wp-content\/uploads\/2020\/09\/mek-1536x986.jpg 1536w, https:\/\/marekkuchcinski.pl\/wp-content\/uploads\/2020\/09\/mek.jpg 2048w\" sizes=\"(max-width: 580px) 100vw, 580px\" \/><figcaption><em>foto mo<\/em><\/figcaption><\/figure>\n\n\n\n<p>P\u0159\u00edm\u00fd p\u0159enos - Karpatsk\u00e1 Evropa - 2. den<\/p>\n\n\n\n<iframe width=\"900\" height=\"506\" src=\"https:\/\/www.youtube.com\/embed\/7e_fEaV5TQo\" frameborder=\"0\" allow=\"accelerometer; autoplay; encrypted-media; gyroscope; picture-in-picture\" allowfullscreen=\"\"><\/iframe>\n\n\n\n<p>Retransmisn\u00ed Evropa Karpat - 1. den (8. z\u00e1\u0159\u00ed 2020)<\/p>\n\n\n\n<iframe title=\"1. den Karpatsk\u00e9 Evropy. Ekonomick\u00e9 f\u00f3rum. Karpacz 8. z\u00e1\u0159\u00ed 2020 [ZPR\u00c1VA O P\u0158ENOSU].\" width=\"800\" height=\"450\" src=\"https:\/\/www.youtube.com\/embed\/P_jeESqt83U?start=1418&#038;feature=oembed\" frameborder=\"0\" allow=\"accelerometer; autoplay; clipboard-write; encrypted-media; gyroscope; picture-in-picture\" allowfullscreen><\/iframe>\n\n\n\n<p>V\u00e1\u017een\u00ed p\u00e1nov\u00e9<\/p>\n\n\n\n<p>Ji\u017e \u0159adu let po\u0159\u00e1d\u00e1me setk\u00e1n\u00ed k prohlouben\u00ed spolupr\u00e1ce ve st\u0159edn\u00ed a v\u00fdchodn\u00ed Evrop\u011b a v Karpatsk\u00e9 Evrop\u011b. V diskuz\u00edch hovo\u0159\u00edme o tom, co pro ka\u017ed\u00e9ho z n\u00e1s Karpatsk\u00e1 Evropa znamen\u00e1, \u010deho jsme dos\u00e1hli a jak\u00e9 v\u00fdzvy p\u0159ed n\u00e1mi stoj\u00ed: Co d\u00e1l? Jak se posunout vp\u0159ed? Pro\u010d d\u00e1le? A kdo stoj\u00ed za zapamatov\u00e1n\u00ed? Diskutujeme o konkr\u00e9tn\u00edch viz\u00edch pro rok 2020, rok pot\u00e9 a - z pohledu p\u0159\u00ed\u0161t\u00ed generace - o tom, co by se m\u011blo st\u00e1t, aby se st\u0159edn\u00ed Evropa v \u0161irok\u00e9m slova smyslu stala sama sebou, aby se stala plnohodnotnou sou\u010d\u00e1st\u00ed EU a aby se stala stejn\u011b tak kotvou pro Evropu a Asii jako kotvou pro sv\u011bt, kde jsou nejd\u016fle\u017eit\u011bj\u0161\u00ed lid\u00e9, rodina, n\u00e1rod\/spole\u010dnost, n\u00e1bo\u017eenstv\u00ed, ob\u010dansk\u00e9 svobody, ale i skupina p\u0159\u00e1tel atd.<\/p>\n\n\n\n<p>Zveme instituce, cel\u00e9 zem\u011b, v\u011bdce, odborn\u00edky a tv\u016frce - v\u0161echny, kte\u0159\u00ed cht\u011bj\u00ed svobodn\u011b hovo\u0159it o tom, jak zachovat na\u0161e d\u011bdictv\u00ed pro budouc\u00ed generace. Zve\u0159ej\u0148ujeme materi\u00e1ly na webov\u00fdch str\u00e1nk\u00e1ch a roz\u0161i\u0159ujeme diskusi prost\u0159ednictv\u00edm zainteresovan\u00fdch m\u00e9di\u00ed a port\u00e1l\u016f.<\/p>\n\n\n\n<p>B\u011bhem XXVII. konference Evropa Karpat, kter\u00e1 se letos uskute\u010dn\u00ed v r\u00e1mci Hospod\u00e1\u0159sk\u00e9ho f\u00f3ra v Karpaczi, bychom r\u00e1di upozornili na T\u0159\u00edkarpatskou problematiku, ekonomick\u00fd a politick\u00fd projekt, kolem kter\u00e9ho se rozv\u00edj\u00ed \u0159ada ekonomick\u00fdch, politick\u00fdch a tak\u00e9 kulturn\u00edch iniciativ. Pat\u0159\u00ed mezi n\u011b Trojm\u011bstsk\u00fd investi\u010dn\u00ed fond a Via Culturalia. Duchovn\u00ed pevnosti na\u0161\u00ed civilizace a r\u016fzn\u00e9 projekty na pos\u00edlen\u00ed spolupr\u00e1ce p\u0159ipom\u00ednaj\u00ed hrdiny stolet\u00ed - v\u00fdznamn\u00e9 osobnosti st\u0159edn\u00ed Evropy, kter\u00e9 m\u011bly velk\u00fd vliv na na\u0161e d\u011bjiny i sou\u010dasn\u00fd \u017eivot. Podporujeme spolupr\u00e1ci mezi mlad\u00fdmi lidmi, univerzitami a zejm\u00e9na ochranu \u017eivotn\u00edho prost\u0159ed\u00ed. Posilujeme z\u00e1jem st\u00e1t\u016f o pitnou vodu v Karpatech, kter\u00e1 se st\u00e1v\u00e1 strategick\u00fdm zdrojem pro na\u0161e zem\u011b.<\/p>\n\n\n\n<p>D\u016fle\u017eit\u00fdm t\u00e9matem ovliv\u0148uj\u00edc\u00edm mezin\u00e1rodn\u00ed spolupr\u00e1ci v karpatsk\u00e9 Evrop\u011b je rozvoj parlamentn\u00ed diplomacie, kter\u00e1 se v osm\u00e9m funk\u010dn\u00edm obdob\u00ed Sejmu a dev\u00e1t\u00e9m funk\u010dn\u00edm obdob\u00ed Sen\u00e1tu dostala na neb\u00fdvalou \u00farove\u0148.<\/p>\n\n\n\n<p>O budoucnosti Evropy hovo\u0159\u00edme na na\u0161ich konferenc\u00edch od sam\u00e9ho po\u010d\u00e1tku. V sou\u010dasn\u00e9 dob\u011b bychom r\u00e1di p\u0159ipomn\u011bli n\u00e1vrh Evropsk\u00e9 \u00fastavy a koncept Evropy solid\u00e1rn\u00edch st\u00e1t\u016f, kter\u00fd jsme formulovali b\u011bhem 8. volebn\u00edho obdob\u00ed. A jako v\u017edy hovo\u0159\u00edme o pos\u00edlen\u00ed spolupr\u00e1ce Visegr\u00e1dsk\u00e9 skupiny, kter\u00e1 brzy oslav\u00ed 30 let sv\u00e9 existence.<\/p>\n\n\n\n<p><br><\/p>\n\n\n\n<p class=\"has-text-align-right\"><strong>Marek Kuchci\u0144ski<br>P\u0159edseda Sejmu 8. volebn\u00edho obdob\u00ed<br>P\u0159edseda Karpatsk\u00e9 parlamentn\u00ed skupiny<\/strong><\/p>\n\n\n\n<p><\/p>\n\n\n\n<p><strong>Srde\u010dn\u011b v\u00e1s zveme ke spolupr\u00e1ci a k z\u00edsk\u00e1n\u00ed dal\u0161\u00edch informac\u00ed o publikaci a programu leto\u0161n\u00ed konference.<\/strong><\/p>\n\n\n\n<div class=\"wp-block-file\"><a href=\"https:\/\/marekkuchcinski.pl\/wp-content\/uploads\/2020\/09\/Europa-Karpat-2020.pdf\"><strong><span class=\"has-inline-color has-vivid-cyan-blue-color\">Nakladatelstv\u00ed Karpatsk\u00e1 Evropa 2020<\/span><\/strong><\/a><a href=\"https:\/\/marekkuchcinski.pl\/wp-content\/uploads\/2020\/09\/Europa-Karpat-2020.pdf\" class=\"wp-block-file__button\" download>St\u00e1hnout<\/a><\/div>\n\n\n\n<div class=\"wp-block-file\"><a href=\"https:\/\/marekkuchcinski.pl\/wp-content\/uploads\/2020\/09\/Program-konferencji-Europa-Karpat.pdf\"><strong><span class=\"has-inline-color has-vivid-cyan-blue-color\">Program konference Karpatsk\u00e1 Evropa<\/span><\/strong><\/a><a href=\"https:\/\/marekkuchcinski.pl\/wp-content\/uploads\/2020\/09\/Program-konferencji-Europa-Karpat.pdf\" class=\"wp-block-file__button\" download>St\u00e1hnout<\/a><\/div>\n\n\n\n<p><\/p>\n\n\n\n<p><\/p>\n\n\n\n<figure class=\"wp-block-image size-large\"><img decoding=\"async\" width=\"1024\" height=\"723\" src=\"https:\/\/marekkuchcinski.pl\/wp-content\/uploads\/2020\/09\/118792558_327068068731068_6542991645604213082_n-1024x723.jpg\" alt=\"\" class=\"wp-image-19662\" srcset=\"https:\/\/marekkuchcinski.pl\/wp-content\/uploads\/2020\/09\/118792558_327068068731068_6542991645604213082_n-1024x723.jpg 1024w, https:\/\/marekkuchcinski.pl\/wp-content\/uploads\/2020\/09\/118792558_327068068731068_6542991645604213082_n-300x212.jpg 300w, https:\/\/marekkuchcinski.pl\/wp-content\/uploads\/2020\/09\/118792558_327068068731068_6542991645604213082_n-768x542.jpg 768w, https:\/\/marekkuchcinski.pl\/wp-content\/uploads\/2020\/09\/118792558_327068068731068_6542991645604213082_n-1536x1085.jpg 1536w, https:\/\/marekkuchcinski.pl\/wp-content\/uploads\/2020\/09\/118792558_327068068731068_6542991645604213082_n.jpg 2048w\" sizes=\"(max-width: 1024px) 100vw, 1024px\" \/><\/figure>","protected":false},"excerpt":{"rendered":"<p>P\u0159\u00edm\u00fd p\u0159enos - Karpatsk\u00e1 Evropa - 2. den Zp\u011btn\u00fd p\u0159enos Karpatsk\u00e1 Evropa - 1. den (8. z\u00e1\u0159\u00ed 2020) D\u00e1my a p\u00e1nov\u00e9 Ji\u017e mnoho let po\u0159\u00e1d\u00e1me setk\u00e1n\u00ed k prohlouben\u00ed spolupr\u00e1ce ve st\u0159edn\u00ed a v\u00fdchodn\u00ed Evrop\u011b a v Karpatsk\u00e9 Evrop\u011b. V diskuz\u00edch hovo\u0159\u00edme o tom, co pro ka\u017ed\u00e9ho z n\u00e1s Karpatsk\u00e1 Evropa znamen\u00e1, \u010deho bylo dosa\u017eeno a \u010deho se je\u0161t\u011b [...]<\/p>","protected":false},"author":17,"featured_media":19662,"comment_status":"open","ping_status":"open","sticky":false,"template":"","format":"standard","meta":{"ngg_post_thumbnail":0,"footnotes":""},"categories":[78,49,196,3],"tags":[],"class_list":["post-19660","post","type-post","status-publish","format-standard","has-post-thumbnail","hentry","category-europa-karpat","category-podkarpacie","category-publikacje","category-wydarzenia"],"yoast_head":"<!-- This site is optimized with the Yoast SEO plugin v24.7 - https:\/\/yoast.com\/wordpress\/plugins\/seo\/ -->\n<title>XXVII Mi\u0119dzynarodowa Konferencja Europa Karpat Karpacz 2020, 8-9 wrze\u015bnia &#8211; Marek Kuchci\u0144ski<\/title>\n<meta name=\"robots\" content=\"index, follow, max-snippet:-1, max-image-preview:large, max-video-preview:-1\" \/>\n<link rel=\"canonical\" href=\"https:\/\/marekkuchcinski.pl\/cs\/wydarzenia\/xxvii-miedzynarodowa-konferencja-europa-karpat-karpacz-2020-8-9-wrzesnia\/\" \/>\n<meta property=\"og:locale\" content=\"cs_CZ\" \/>\n<meta property=\"og:type\" content=\"article\" \/>\n<meta property=\"og:title\" content=\"XXVII Mi\u0119dzynarodowa Konferencja Europa Karpat Karpacz 2020, 8-9 wrze\u015bnia &#8211; Marek Kuchci\u0144ski\" \/>\n<meta property=\"og:description\" content=\"Transmisja na \u017cywo &#8211; Europa Karpat &#8211; Dzie\u0144 2 Retransmisja Europa Karpat &#8211; Dzie\u0144 1 (8 wrze\u015bnia 2020) Szanowni Pa\u0144stwo Od wielu lat organizujemy spotkania pog\u0142\u0119biaj\u0105ce wsp\u00f3\u0142prac\u0119 w Europie \u015arodkowej i Wschodniej oraz w Europie Karpat. W dyskusjach rozmawiamy o tym, czym dla ka\u017cdego z nas jest Europa Karpat, co uda\u0142o si\u0119 osi\u0105gn\u0105\u0107 i przed [&hellip;]\" \/>\n<meta property=\"og:url\" content=\"https:\/\/marekkuchcinski.pl\/cs\/wydarzenia\/xxvii-miedzynarodowa-konferencja-europa-karpat-karpacz-2020-8-9-wrzesnia\/\" \/>\n<meta property=\"og:site_name\" content=\"Marek Kuchci\u0144ski\" \/>\n<meta property=\"article:published_time\" content=\"2020-09-07T15:34:14+00:00\" \/>\n<meta property=\"article:modified_time\" content=\"2022-09-02T13:20:56+00:00\" \/>\n<meta property=\"og:image\" content=\"https:\/\/marekkuchcinski.pl\/wp-content\/uploads\/2020\/09\/118792558_327068068731068_6542991645604213082_n.jpg\" \/>\n\t<meta property=\"og:image:width\" content=\"2048\" \/>\n\t<meta property=\"og:image:height\" content=\"1446\" \/>\n\t<meta property=\"og:image:type\" content=\"image\/jpeg\" \/>\n<meta name=\"author\" content=\"Tomasz \u0141acina\" \/>\n<meta name=\"twitter:card\" content=\"summary_large_image\" \/>\n<meta name=\"twitter:label1\" content=\"Napsal(a)\" \/>\n\t<meta name=\"twitter:data1\" content=\"Tomasz \u0141acina\" \/>\n\t<meta name=\"twitter:label2\" content=\"Odhadovan\u00e1 doba \u010dten\u00ed\" \/>\n\t<meta name=\"twitter:data2\" content=\"3 minuty\" \/>\n<script type=\"application\/ld+json\" class=\"yoast-schema-graph\">{\"@context\":\"https:\/\/schema.org\",\"@graph\":[{\"@type\":\"Article\",\"@id\":\"https:\/\/marekkuchcinski.pl\/wydarzenia\/xxvii-miedzynarodowa-konferencja-europa-karpat-karpacz-2020-8-9-wrzesnia\/#article\",\"isPartOf\":{\"@id\":\"https:\/\/marekkuchcinski.pl\/wydarzenia\/xxvii-miedzynarodowa-konferencja-europa-karpat-karpacz-2020-8-9-wrzesnia\/\"},\"author\":{\"name\":\"Tomasz \u0141acina\",\"@id\":\"https:\/\/marekkuchcinski.pl\/#\/schema\/person\/b8a29fe7813098f7be78801d029910a7\"},\"headline\":\"XXVII Mi\u0119dzynarodowa Konferencja Europa Karpat Karpacz 2020, 8-9 wrze\u015bnia\",\"datePublished\":\"2020-09-07T15:34:14+00:00\",\"dateModified\":\"2022-09-02T13:20:56+00:00\",\"mainEntityOfPage\":{\"@id\":\"https:\/\/marekkuchcinski.pl\/wydarzenia\/xxvii-miedzynarodowa-konferencja-europa-karpat-karpacz-2020-8-9-wrzesnia\/\"},\"wordCount\":463,\"commentCount\":0,\"publisher\":{\"@id\":\"https:\/\/marekkuchcinski.pl\/#organization\"},\"image\":{\"@id\":\"https:\/\/marekkuchcinski.pl\/wydarzenia\/xxvii-miedzynarodowa-konferencja-europa-karpat-karpacz-2020-8-9-wrzesnia\/#primaryimage\"},\"thumbnailUrl\":\"https:\/\/marekkuchcinski.pl\/wp-content\/uploads\/2020\/09\/118792558_327068068731068_6542991645604213082_n.jpg\",\"articleSection\":[\"Europa Karpat\",\"Podkarpacie\",\"Publikacje\",\"Wydarzenia\"],\"inLanguage\":\"cs\",\"potentialAction\":[{\"@type\":\"CommentAction\",\"name\":\"Comment\",\"target\":[\"https:\/\/marekkuchcinski.pl\/wydarzenia\/xxvii-miedzynarodowa-konferencja-europa-karpat-karpacz-2020-8-9-wrzesnia\/#respond\"]}]},{\"@type\":\"WebPage\",\"@id\":\"https:\/\/marekkuchcinski.pl\/wydarzenia\/xxvii-miedzynarodowa-konferencja-europa-karpat-karpacz-2020-8-9-wrzesnia\/\",\"url\":\"https:\/\/marekkuchcinski.pl\/wydarzenia\/xxvii-miedzynarodowa-konferencja-europa-karpat-karpacz-2020-8-9-wrzesnia\/\",\"name\":\"XXVII Mi\u0119dzynarodowa Konferencja Europa Karpat Karpacz 2020, 8-9 wrze\u015bnia &#8211; Marek Kuchci\u0144ski\",\"isPartOf\":{\"@id\":\"https:\/\/marekkuchcinski.pl\/#website\"},\"primaryImageOfPage\":{\"@id\":\"https:\/\/marekkuchcinski.pl\/wydarzenia\/xxvii-miedzynarodowa-konferencja-europa-karpat-karpacz-2020-8-9-wrzesnia\/#primaryimage\"},\"image\":{\"@id\":\"https:\/\/marekkuchcinski.pl\/wydarzenia\/xxvii-miedzynarodowa-konferencja-europa-karpat-karpacz-2020-8-9-wrzesnia\/#primaryimage\"},\"thumbnailUrl\":\"https:\/\/marekkuchcinski.pl\/wp-content\/uploads\/2020\/09\/118792558_327068068731068_6542991645604213082_n.jpg\",\"datePublished\":\"2020-09-07T15:34:14+00:00\",\"dateModified\":\"2022-09-02T13:20:56+00:00\",\"breadcrumb\":{\"@id\":\"https:\/\/marekkuchcinski.pl\/wydarzenia\/xxvii-miedzynarodowa-konferencja-europa-karpat-karpacz-2020-8-9-wrzesnia\/#breadcrumb\"},\"inLanguage\":\"cs\",\"potentialAction\":[{\"@type\":\"ReadAction\",\"target\":[\"https:\/\/marekkuchcinski.pl\/wydarzenia\/xxvii-miedzynarodowa-konferencja-europa-karpat-karpacz-2020-8-9-wrzesnia\/\"]}]},{\"@type\":\"ImageObject\",\"inLanguage\":\"cs\",\"@id\":\"https:\/\/marekkuchcinski.pl\/wydarzenia\/xxvii-miedzynarodowa-konferencja-europa-karpat-karpacz-2020-8-9-wrzesnia\/#primaryimage\",\"url\":\"https:\/\/marekkuchcinski.pl\/wp-content\/uploads\/2020\/09\/118792558_327068068731068_6542991645604213082_n.jpg\",\"contentUrl\":\"https:\/\/marekkuchcinski.pl\/wp-content\/uploads\/2020\/09\/118792558_327068068731068_6542991645604213082_n.jpg\",\"width\":2048,\"height\":1446},{\"@type\":\"BreadcrumbList\",\"@id\":\"https:\/\/marekkuchcinski.pl\/wydarzenia\/xxvii-miedzynarodowa-konferencja-europa-karpat-karpacz-2020-8-9-wrzesnia\/#breadcrumb\",\"itemListElement\":[{\"@type\":\"ListItem\",\"position\":1,\"name\":\"Strona g\u0142\u00f3wna\",\"item\":\"https:\/\/marekkuchcinski.pl\/\"},{\"@type\":\"ListItem\",\"position\":2,\"name\":\"XXVII Mi\u0119dzynarodowa Konferencja Europa Karpat Karpacz 2020, 8-9 wrze\u015bnia\"}]},{\"@type\":\"WebSite\",\"@id\":\"https:\/\/marekkuchcinski.pl\/#website\",\"url\":\"https:\/\/marekkuchcinski.pl\/\",\"name\":\"Marek Kuchci\u0144ski\",\"description\":\"Pose\u0142 na sejm RP &ndash; okr\u0119g nr 22\",\"publisher\":{\"@id\":\"https:\/\/marekkuchcinski.pl\/#organization\"},\"potentialAction\":[{\"@type\":\"SearchAction\",\"target\":{\"@type\":\"EntryPoint\",\"urlTemplate\":\"https:\/\/marekkuchcinski.pl\/?s={search_term_string}\"},\"query-input\":{\"@type\":\"PropertyValueSpecification\",\"valueRequired\":true,\"valueName\":\"search_term_string\"}}],\"inLanguage\":\"cs\"},{\"@type\":\"Organization\",\"@id\":\"https:\/\/marekkuchcinski.pl\/#organization\",\"name\":\"Marek Kuchci\u0144ski\",\"url\":\"https:\/\/marekkuchcinski.pl\/\",\"logo\":{\"@type\":\"ImageObject\",\"inLanguage\":\"cs\",\"@id\":\"https:\/\/marekkuchcinski.pl\/#\/schema\/logo\/image\/\",\"url\":\"https:\/\/marekkuchcinski.pl\/wp-content\/uploads\/2022\/09\/Marek.jpg\",\"contentUrl\":\"https:\/\/marekkuchcinski.pl\/wp-content\/uploads\/2022\/09\/Marek.jpg\",\"width\":1600,\"height\":971,\"caption\":\"Marek Kuchci\u0144ski\"},\"image\":{\"@id\":\"https:\/\/marekkuchcinski.pl\/#\/schema\/logo\/image\/\"}},{\"@type\":\"Person\",\"@id\":\"https:\/\/marekkuchcinski.pl\/#\/schema\/person\/b8a29fe7813098f7be78801d029910a7\",\"name\":\"Tomasz \u0141acina\",\"image\":{\"@type\":\"ImageObject\",\"inLanguage\":\"cs\",\"@id\":\"https:\/\/marekkuchcinski.pl\/#\/schema\/person\/image\/\",\"url\":\"https:\/\/secure.gravatar.com\/avatar\/22e75f6c51aff77a676ed77dd222f852?s=96&d=mm&r=g\",\"contentUrl\":\"https:\/\/secure.gravatar.com\/avatar\/22e75f6c51aff77a676ed77dd222f852?s=96&d=mm&r=g\",\"caption\":\"Tomasz \u0141acina\"},\"url\":\"https:\/\/marekkuchcinski.pl\/cs\/author\/tomek-lacina\/\"}]}<\/script>\n<!-- \/ Yoast SEO plugin. -->","yoast_head_json":{"title":"XXVII Mi\u0119dzynarodowa Konferencja Europa Karpat Karpacz 2020, 8-9 wrze\u015bnia &#8211; Marek Kuchci\u0144ski","robots":{"index":"index","follow":"follow","max-snippet":"max-snippet:-1","max-image-preview":"max-image-preview:large","max-video-preview":"max-video-preview:-1"},"canonical":"https:\/\/marekkuchcinski.pl\/cs\/wydarzenia\/xxvii-miedzynarodowa-konferencja-europa-karpat-karpacz-2020-8-9-wrzesnia\/","og_locale":"cs_CZ","og_type":"article","og_title":"XXVII Mi\u0119dzynarodowa Konferencja Europa Karpat Karpacz 2020, 8-9 wrze\u015bnia &#8211; Marek Kuchci\u0144ski","og_description":"Transmisja na \u017cywo &#8211; Europa Karpat &#8211; Dzie\u0144 2 Retransmisja Europa Karpat &#8211; Dzie\u0144 1 (8 wrze\u015bnia 2020) Szanowni Pa\u0144stwo Od wielu lat organizujemy spotkania pog\u0142\u0119biaj\u0105ce wsp\u00f3\u0142prac\u0119 w Europie \u015arodkowej i Wschodniej oraz w Europie Karpat. W dyskusjach rozmawiamy o tym, czym dla ka\u017cdego z nas jest Europa Karpat, co uda\u0142o si\u0119 osi\u0105gn\u0105\u0107 i przed [&hellip;]","og_url":"https:\/\/marekkuchcinski.pl\/cs\/wydarzenia\/xxvii-miedzynarodowa-konferencja-europa-karpat-karpacz-2020-8-9-wrzesnia\/","og_site_name":"Marek Kuchci\u0144ski","article_published_time":"2020-09-07T15:34:14+00:00","article_modified_time":"2022-09-02T13:20:56+00:00","og_image":[{"width":2048,"height":1446,"url":"https:\/\/marekkuchcinski.pl\/wp-content\/uploads\/2020\/09\/118792558_327068068731068_6542991645604213082_n.jpg","type":"image\/jpeg"}],"author":"Tomasz \u0141acina","twitter_card":"summary_large_image","twitter_misc":{"Napsal(a)":"Tomasz \u0141acina","Odhadovan\u00e1 doba \u010dten\u00ed":"3 minuty"},"schema":{"@context":"https:\/\/schema.org","@graph":[{"@type":"Article","@id":"https:\/\/marekkuchcinski.pl\/wydarzenia\/xxvii-miedzynarodowa-konferencja-europa-karpat-karpacz-2020-8-9-wrzesnia\/#article","isPartOf":{"@id":"https:\/\/marekkuchcinski.pl\/wydarzenia\/xxvii-miedzynarodowa-konferencja-europa-karpat-karpacz-2020-8-9-wrzesnia\/"},"author":{"name":"Tomasz \u0141acina","@id":"https:\/\/marekkuchcinski.pl\/#\/schema\/person\/b8a29fe7813098f7be78801d029910a7"},"headline":"XXVII Mi\u0119dzynarodowa Konferencja Europa Karpat Karpacz 2020, 8-9 wrze\u015bnia","datePublished":"2020-09-07T15:34:14+00:00","dateModified":"2022-09-02T13:20:56+00:00","mainEntityOfPage":{"@id":"https:\/\/marekkuchcinski.pl\/wydarzenia\/xxvii-miedzynarodowa-konferencja-europa-karpat-karpacz-2020-8-9-wrzesnia\/"},"wordCount":463,"commentCount":0,"publisher":{"@id":"https:\/\/marekkuchcinski.pl\/#organization"},"image":{"@id":"https:\/\/marekkuchcinski.pl\/wydarzenia\/xxvii-miedzynarodowa-konferencja-europa-karpat-karpacz-2020-8-9-wrzesnia\/#primaryimage"},"thumbnailUrl":"https:\/\/marekkuchcinski.pl\/wp-content\/uploads\/2020\/09\/118792558_327068068731068_6542991645604213082_n.jpg","articleSection":["Europa Karpat","Podkarpacie","Publikacje","Wydarzenia"],"inLanguage":"cs","potentialAction":[{"@type":"CommentAction","name":"Comment","target":["https:\/\/marekkuchcinski.pl\/wydarzenia\/xxvii-miedzynarodowa-konferencja-europa-karpat-karpacz-2020-8-9-wrzesnia\/#respond"]}]},{"@type":"WebPage","@id":"https:\/\/marekkuchcinski.pl\/wydarzenia\/xxvii-miedzynarodowa-konferencja-europa-karpat-karpacz-2020-8-9-wrzesnia\/","url":"https:\/\/marekkuchcinski.pl\/wydarzenia\/xxvii-miedzynarodowa-konferencja-europa-karpat-karpacz-2020-8-9-wrzesnia\/","name":"XXVII Mi\u0119dzynarodowa Konferencja Europa Karpat Karpacz 2020, 8-9 wrze\u015bnia &#8211; Marek Kuchci\u0144ski","isPartOf":{"@id":"https:\/\/marekkuchcinski.pl\/#website"},"primaryImageOfPage":{"@id":"https:\/\/marekkuchcinski.pl\/wydarzenia\/xxvii-miedzynarodowa-konferencja-europa-karpat-karpacz-2020-8-9-wrzesnia\/#primaryimage"},"image":{"@id":"https:\/\/marekkuchcinski.pl\/wydarzenia\/xxvii-miedzynarodowa-konferencja-europa-karpat-karpacz-2020-8-9-wrzesnia\/#primaryimage"},"thumbnailUrl":"https:\/\/marekkuchcinski.pl\/wp-content\/uploads\/2020\/09\/118792558_327068068731068_6542991645604213082_n.jpg","datePublished":"2020-09-07T15:34:14+00:00","dateModified":"2022-09-02T13:20:56+00:00","breadcrumb":{"@id":"https:\/\/marekkuchcinski.pl\/wydarzenia\/xxvii-miedzynarodowa-konferencja-europa-karpat-karpacz-2020-8-9-wrzesnia\/#breadcrumb"},"inLanguage":"cs","potentialAction":[{"@type":"ReadAction","target":["https:\/\/marekkuchcinski.pl\/wydarzenia\/xxvii-miedzynarodowa-konferencja-europa-karpat-karpacz-2020-8-9-wrzesnia\/"]}]},{"@type":"ImageObject","inLanguage":"cs","@id":"https:\/\/marekkuchcinski.pl\/wydarzenia\/xxvii-miedzynarodowa-konferencja-europa-karpat-karpacz-2020-8-9-wrzesnia\/#primaryimage","url":"https:\/\/marekkuchcinski.pl\/wp-content\/uploads\/2020\/09\/118792558_327068068731068_6542991645604213082_n.jpg","contentUrl":"https:\/\/marekkuchcinski.pl\/wp-content\/uploads\/2020\/09\/118792558_327068068731068_6542991645604213082_n.jpg","width":2048,"height":1446},{"@type":"BreadcrumbList","@id":"https:\/\/marekkuchcinski.pl\/wydarzenia\/xxvii-miedzynarodowa-konferencja-europa-karpat-karpacz-2020-8-9-wrzesnia\/#breadcrumb","itemListElement":[{"@type":"ListItem","position":1,"name":"Strona g\u0142\u00f3wna","item":"https:\/\/marekkuchcinski.pl\/"},{"@type":"ListItem","position":2,"name":"XXVII Mi\u0119dzynarodowa Konferencja Europa Karpat Karpacz 2020, 8-9 wrze\u015bnia"}]},{"@type":"WebSite","@id":"https:\/\/marekkuchcinski.pl\/#website","url":"https:\/\/marekkuchcinski.pl\/","name":"Marek Kuchci\u0144ski","description":"Pose\u0142 na sejm RP &ndash; okr\u0119g nr 22","publisher":{"@id":"https:\/\/marekkuchcinski.pl\/#organization"},"potentialAction":[{"@type":"SearchAction","target":{"@type":"EntryPoint","urlTemplate":"https:\/\/marekkuchcinski.pl\/?s={search_term_string}"},"query-input":{"@type":"PropertyValueSpecification","valueRequired":true,"valueName":"search_term_string"}}],"inLanguage":"cs"},{"@type":"Organization","@id":"https:\/\/marekkuchcinski.pl\/#organization","name":"Marek Kuchci\u0144ski","url":"https:\/\/marekkuchcinski.pl\/","logo":{"@type":"ImageObject","inLanguage":"cs","@id":"https:\/\/marekkuchcinski.pl\/#\/schema\/logo\/image\/","url":"https:\/\/marekkuchcinski.pl\/wp-content\/uploads\/2022\/09\/Marek.jpg","contentUrl":"https:\/\/marekkuchcinski.pl\/wp-content\/uploads\/2022\/09\/Marek.jpg","width":1600,"height":971,"caption":"Marek Kuchci\u0144ski"},"image":{"@id":"https:\/\/marekkuchcinski.pl\/#\/schema\/logo\/image\/"}},{"@type":"Person","@id":"https:\/\/marekkuchcinski.pl\/#\/schema\/person\/b8a29fe7813098f7be78801d029910a7","name":"Tomasz \u0141acina","image":{"@type":"ImageObject","inLanguage":"cs","@id":"https:\/\/marekkuchcinski.pl\/#\/schema\/person\/image\/","url":"https:\/\/secure.gravatar.com\/avatar\/22e75f6c51aff77a676ed77dd222f852?s=96&d=mm&r=g","contentUrl":"https:\/\/secure.gravatar.com\/avatar\/22e75f6c51aff77a676ed77dd222f852?s=96&d=mm&r=g","caption":"Tomasz \u0141acina"},"url":"https:\/\/marekkuchcinski.pl\/cs\/author\/tomek-lacina\/"}]}},"_links":{"self":[{"href":"https:\/\/marekkuchcinski.pl\/cs\/wp-json\/wp\/v2\/posts\/19660","targetHints":{"allow":["GET"]}}],"collection":[{"href":"https:\/\/marekkuchcinski.pl\/cs\/wp-json\/wp\/v2\/posts"}],"about":[{"href":"https:\/\/marekkuchcinski.pl\/cs\/wp-json\/wp\/v2\/types\/post"}],"author":[{"embeddable":true,"href":"https:\/\/marekkuchcinski.pl\/cs\/wp-json\/wp\/v2\/users\/17"}],"replies":[{"embeddable":true,"href":"https:\/\/marekkuchcinski.pl\/cs\/wp-json\/wp\/v2\/comments?post=19660"}],"version-history":[{"count":24,"href":"https:\/\/marekkuchcinski.pl\/cs\/wp-json\/wp\/v2\/posts\/19660\/revisions"}],"predecessor-version":[{"id":19712,"href":"https:\/\/marekkuchcinski.pl\/cs\/wp-json\/wp\/v2\/posts\/19660\/revisions\/19712"}],"wp:featuredmedia":[{"embeddable":true,"href":"https:\/\/marekkuchcinski.pl\/cs\/wp-json\/wp\/v2\/media\/19662"}],"wp:attachment":[{"href":"https:\/\/marekkuchcinski.pl\/cs\/wp-json\/wp\/v2\/media?parent=19660"}],"wp:term":[{"taxonomy":"category","embeddable":true,"href":"https:\/\/marekkuchcinski.pl\/cs\/wp-json\/wp\/v2\/categories?post=19660"},{"taxonomy":"post_tag","embeddable":true,"href":"https:\/\/marekkuchcinski.pl\/cs\/wp-json\/wp\/v2\/tags?post=19660"}],"curies":[{"name":"wp","href":"https:\/\/api.w.org\/{rel}","templated":true}]}}