{"id":19619,"date":"2020-08-27T16:33:58","date_gmt":"2020-08-27T14:33:58","guid":{"rendered":"https:\/\/marekkuchcinski.pl\/?p=19619"},"modified":"2020-08-28T11:56:19","modified_gmt":"2020-08-28T09:56:19","slug":"marek-kuchcinski-kultura-polityczna-w-polsce-i-na-wegrzech-jest-wyzsza-niz-w-wielu-panstwach-zachodnich","status":"publish","type":"post","link":"https:\/\/marekkuchcinski.pl\/cs\/wydarzenia\/marek-kuchcinski-kultura-polityczna-w-polsce-i-na-wegrzech-jest-wyzsza-niz-w-wielu-panstwach-zachodnich\/","title":{"rendered":"Marek Kuchci\u0144ski: Politick\u00e1 kultura v Polsku a Ma\u010farsku je vy\u0161\u0161\u00ed ne\u017e v mnoha z\u00e1padn\u00edch zem\u00edch"},"content":{"rendered":"<p>Od 24. do 28. srpna prob\u00edh\u00e1 t\u0159et\u00ed ro\u010dn\u00edk Letn\u00ed univerzity Institutu Wac\u0142awa Felczaka. Politici, odborn\u00edci, akademici a novin\u00e1\u0159i z Polska a Ma\u010farska v podkarpatsk\u00e9m Krasiczynu diskutuj\u00ed o historii a perspektiv\u00e1ch obou n\u00e1rod\u016f a cel\u00e9 oblasti st\u0159edn\u00ed a v\u00fdchodn\u00ed Evropy. Zvl\u00e1\u0161tn\u00ed d\u016fraz je letos kladen na t\u00e9mata souvisej\u00edc\u00ed s bezpe\u010dnost\u00ed v nej\u0161ir\u0161\u00edm slova smyslu - od zem\u011bd\u011blsk\u00fdch ot\u00e1zek p\u0159es t\u00e9mata t\u00fdkaj\u00edc\u00ed se pandemie koronaviru a\u017e po geopolitiku.<\/p>\n\n\n\n<p>Diskuse o \u00faloze parlamentu v modern\u00ed demokracii se z\u00fa\u010dastnili p\u0159edseda 8. Sejmu Marek Kuchci\u0144ski, ma\u010farsk\u00e1 n\u00e1m\u011bstkyn\u011b st\u00e1tn\u00edho tajemn\u00edka na ministerstvu lidsk\u00fdch zdroj\u016f Zs\u00f3fia R\u00e1cz a lektor Univerzity Jana Kochanowsk\u00e9ho profesor Arkadiusz Adamczyk. Panelu p\u0159edsedal redaktor Marcin B\u0105k.<\/p>\n\n\n\n<p>- V Polsku a Uhr\u00e1ch byl parlamentarismus zaveden velmi brzy. V dob\u011b, kdy ve v\u011bt\u0161in\u011b evropsk\u00fdch zem\u00ed vl\u00e1dl absolutismus, se u n\u00e1s rozv\u00edjela republik\u00e1nsk\u00e1 demokracie. Sna\u017e\u00edme se tyto tradice p\u0159ipomenout,\" \u0159ekl Marek Kuchci\u0144ski.<\/p>\n\n\n\n<p>Zd\u016fraznil, \u017ee je p\u0159irozen\u00e9, \u017ee politici jsou vystaveni kritice a nepopularit\u011b. - Politik mus\u00ed m\u00edt k\u016f\u017ei nosoro\u017ece,\" \u0159ekl. Z\u00e1rove\u0148 dodal, \u017ee podle pr\u016fzkum\u016f se v posledn\u00edch letech zv\u00fd\u0161ila popularita polsk\u00e9ho Sejmu u ve\u0159ejnosti a \u017ee politick\u00e1 kultura v Polsku i Ma\u010farsku je vy\u0161\u0161\u00ed ne\u017e v mnoha z\u00e1padn\u00edch zem\u00edch, kde poslanci \u010dasto nedok\u00e1\u017eou ovl\u00e1dat sv\u00e9 emoce.<\/p>\n\n\n\n<p>Politik poznamenal, \u017ee polsk\u00fd a ma\u010farsk\u00fd parlamentarismus maj\u00ed dlouhou a bohatou tradici. - V dob\u011b, kdy ve v\u011bt\u0161in\u011b evropsk\u00fdch zem\u00ed panovala absolutn\u00ed vl\u00e1da, se u n\u00e1s rozvinula republik\u00e1nsk\u00e1 demokracie. Sna\u017e\u00edme se tyto tradice p\u0159ipom\u00ednat. Spory jsou v demokracii p\u0159irozen\u00e9. P\u0159ipustil v\u0161ak, \u017ee od roku 2015 tento konflikt nabral na intenzit\u011b, proto\u017ee Ob\u010dansk\u00e1 platforma p\u0159ijala vzorec \"tot\u00e1ln\u00ed opozice\", tvrdil.<\/p>\n\n\n\n<p>- To se t\u00fdk\u00e1 v\u0161ech aspekt\u016f politick\u00e9ho \u017eivota, dokonce i t\u011bch, kter\u00e9 jsme dosud pova\u017eovali za raison d'\u00e9tat. To se t\u00fdk\u00e1 nap\u0159\u00edklad zahrani\u010dn\u00ed politiky, v\u010detn\u011b obrany st\u00e1t\u016f, jejich\u017e suverenita byla poru\u0161ena,\" upozornil Marek Kuchci\u0144ski.<\/p>\n\n\n\n<p><strong>\u010cestn\u00fd velvyslanec<\/strong><\/p>\n\n\n\n<p>Na z\u00e1v\u011br panelu byl Marku Kuchci\u0144sk\u00e9mu ud\u011blen titul \u010destn\u00e9ho velvyslance Institutu Wac\u0142awa Felczaka. Pochvala vyzdvihla politikovy z\u00e1sluhy o polsko-ma\u010farsk\u00e9 vztahy.<\/p>\n\n\n\n<p>- Je to pro m\u011b \u010dest,\" \u0159ekl Kuchci\u0144ski. Zd\u016fraznil, \u017ee Waclaw Felczak je jednou z osobnost\u00ed, kter\u00e9 by m\u011bly b\u00fdt vzorem pro sou\u010dasn\u00e9 Pol\u00e1ky a Ma\u010fary.<\/p>\n\n\n\n<figure class=\"wp-block-image size-large\"><img fetchpriority=\"high\" decoding=\"async\" width=\"768\" height=\"1024\" src=\"https:\/\/marekkuchcinski.pl\/wp-content\/uploads\/2020\/08\/118325307_786476915427108_8657431219025215026_n-768x1024.jpg\" alt=\"\" class=\"wp-image-19623\" srcset=\"https:\/\/marekkuchcinski.pl\/wp-content\/uploads\/2020\/08\/118325307_786476915427108_8657431219025215026_n-768x1024.jpg 768w, https:\/\/marekkuchcinski.pl\/wp-content\/uploads\/2020\/08\/118325307_786476915427108_8657431219025215026_n-225x300.jpg 225w, https:\/\/marekkuchcinski.pl\/wp-content\/uploads\/2020\/08\/118325307_786476915427108_8657431219025215026_n-1152x1536.jpg 1152w, https:\/\/marekkuchcinski.pl\/wp-content\/uploads\/2020\/08\/118325307_786476915427108_8657431219025215026_n.jpg 1251w\" sizes=\"(max-width: 768px) 100vw, 768px\" \/><\/figure>\n\n\n\n<p>Zs\u00f3fia R\u00e1cz upozornila na v\u00fdznam pr\u00e1ce poslance. Podle n\u00ed by my\u0161lenka politick\u00e9 reprezentace m\u011bla b\u00fdt ch\u00e1p\u00e1na jako u\u0161lechtil\u00e9 posl\u00e1n\u00ed.<\/p>\n\n\n\n<p>N\u00e1m\u011bstek ministra zd\u016fraznil v\u00fdznam demokracie pro z\u00e1padn\u00ed civilizaci. Podle n\u00ed je to syst\u00e9m, kter\u00fd n\u00e1rod\u016fm zaru\u010duje svobodu a m\u00edr, proto\u017ee nut\u00ed politiky hledat kompromis, kter\u00fd je p\u0159ijateln\u00fd pro v\u011bt\u0161inu obyvatel. <\/p>\n\n\n\n<p>- Vid\u011bli jsme, jak to vypad\u00e1, kdy\u017e m\u00e1 moc jedna osoba. Tehdy za\u010d\u00ednaj\u00ed nejv\u011bt\u0161\u00ed probl\u00e9my,\" \u0159ekla.<\/p>\n\n\n\n<p>R\u00e1cz zd\u016fraznil, \u017ee v Ma\u010farsku m\u00e1 parlament v praxi kontroln\u00ed funkci. N\u00e1m\u011bstek ministra dodal, \u017ee pr\u00e1v\u011b v parlamentu prob\u00edhaj\u00ed otev\u0159en\u00e9 diskuse a \u017ee ve\u0159ejn\u00fd p\u0159\u00edstup k t\u011bmto debat\u00e1m poskytuje ve\u0159ejnosti z\u00e1ruku transparentnosti.<\/p>\n\n\n\n<figure class=\"wp-block-image size-large\"><img decoding=\"async\" width=\"1024\" height=\"642\" src=\"https:\/\/marekkuchcinski.pl\/wp-content\/uploads\/2020\/08\/118584978_2692420497640829_1479338624167583884_o-1-1024x642.jpg\" alt=\"\" class=\"wp-image-19622\" srcset=\"https:\/\/marekkuchcinski.pl\/wp-content\/uploads\/2020\/08\/118584978_2692420497640829_1479338624167583884_o-1-1024x642.jpg 1024w, https:\/\/marekkuchcinski.pl\/wp-content\/uploads\/2020\/08\/118584978_2692420497640829_1479338624167583884_o-1-300x188.jpg 300w, https:\/\/marekkuchcinski.pl\/wp-content\/uploads\/2020\/08\/118584978_2692420497640829_1479338624167583884_o-1-768x482.jpg 768w, https:\/\/marekkuchcinski.pl\/wp-content\/uploads\/2020\/08\/118584978_2692420497640829_1479338624167583884_o-1.jpg 1440w\" sizes=\"(max-width: 1024px) 100vw, 1024px\" \/><\/figure>","protected":false},"excerpt":{"rendered":"<p>Od 24 do 28 sierpnia trwa III edycja Uniwersytetu Letniego Instytutu Wac\u0142awa Felczaka. Politycy, eksperci, naukowcy i\u00a0dziennikarze z\u00a0Polski i\u00a0W\u0119gier w\u00a0Krasiczynie na\u00a0Podkarpaciu rozmawiaj\u0105 o\u00a0historii i\u00a0perspektywach obu narod\u00f3w oraz\u00a0ca\u0142ego obszaru Europy \u015arodkowo-Wschodniej. Szczeg\u00f3lny nacisk w\u00a0tym roku jest po\u0142o\u017cony na\u00a0tematy zwi\u0105zane z\u00a0szeroko poj\u0119tym bezpiecze\u0144stwem \u2013\u00a0od\u00a0kwestii rolnictwa, przez tematy dotycz\u0105ce pandemii koronawirusa, a\u017c\u00a0po\u00a0geopolityk\u0119. W dyskusji po\u015bwi\u0119conej roli parlamentu w&nbsp;nowoczesnej [&hellip;]<\/p>","protected":false},"author":21,"featured_media":19621,"comment_status":"open","ping_status":"open","sticky":false,"template":"","format":"standard","meta":{"ngg_post_thumbnail":0,"footnotes":""},"categories":[50,3],"tags":[],"class_list":["post-19619","post","type-post","status-publish","format-standard","has-post-thumbnail","hentry","category-wspolpraca-miedzynarodowa","category-wydarzenia"],"yoast_head":"<!-- This site is optimized with the Yoast SEO plugin v24.7 - https:\/\/yoast.com\/wordpress\/plugins\/seo\/ -->\n<title>Marek Kuchci\u0144ski: Kultura polityczna w Polsce i na W\u0119grzech jest wy\u017csza ni\u017c w wielu pa\u0144stwach zachodnich &#8211; Marek Kuchci\u0144ski<\/title>\n<meta name=\"robots\" content=\"index, follow, max-snippet:-1, max-image-preview:large, max-video-preview:-1\" \/>\n<link rel=\"canonical\" href=\"https:\/\/marekkuchcinski.pl\/cs\/wydarzenia\/marek-kuchcinski-kultura-polityczna-w-polsce-i-na-wegrzech-jest-wyzsza-niz-w-wielu-panstwach-zachodnich\/\" \/>\n<meta property=\"og:locale\" content=\"cs_CZ\" \/>\n<meta property=\"og:type\" content=\"article\" \/>\n<meta property=\"og:title\" content=\"Marek Kuchci\u0144ski: Kultura polityczna w Polsce i na W\u0119grzech jest wy\u017csza ni\u017c w wielu pa\u0144stwach zachodnich &#8211; Marek Kuchci\u0144ski\" \/>\n<meta property=\"og:description\" content=\"Od 24 do 28 sierpnia trwa III edycja Uniwersytetu Letniego Instytutu Wac\u0142awa Felczaka. Politycy, eksperci, naukowcy i\u00a0dziennikarze z\u00a0Polski i\u00a0W\u0119gier w\u00a0Krasiczynie na\u00a0Podkarpaciu rozmawiaj\u0105 o\u00a0historii i\u00a0perspektywach obu narod\u00f3w oraz\u00a0ca\u0142ego obszaru Europy \u015arodkowo-Wschodniej. Szczeg\u00f3lny nacisk w\u00a0tym roku jest po\u0142o\u017cony na\u00a0tematy zwi\u0105zane z\u00a0szeroko poj\u0119tym bezpiecze\u0144stwem \u2013\u00a0od\u00a0kwestii rolnictwa, przez tematy dotycz\u0105ce pandemii koronawirusa, a\u017c\u00a0po\u00a0geopolityk\u0119. W dyskusji po\u015bwi\u0119conej roli parlamentu w&nbsp;nowoczesnej [&hellip;]\" \/>\n<meta property=\"og:url\" content=\"https:\/\/marekkuchcinski.pl\/cs\/wydarzenia\/marek-kuchcinski-kultura-polityczna-w-polsce-i-na-wegrzech-jest-wyzsza-niz-w-wielu-panstwach-zachodnich\/\" \/>\n<meta property=\"og:site_name\" content=\"Marek Kuchci\u0144ski\" \/>\n<meta property=\"article:published_time\" content=\"2020-08-27T14:33:58+00:00\" \/>\n<meta property=\"article:modified_time\" content=\"2020-08-28T09:56:19+00:00\" \/>\n<meta property=\"og:image\" content=\"https:\/\/marekkuchcinski.pl\/wp-content\/uploads\/2020\/08\/118584978_2692420497640829_1479338624167583884_o.jpg\" \/>\n\t<meta property=\"og:image:width\" content=\"1440\" \/>\n\t<meta property=\"og:image:height\" content=\"903\" \/>\n\t<meta property=\"og:image:type\" content=\"image\/jpeg\" \/>\n<meta name=\"author\" content=\"Marta Olejnik\" \/>\n<meta name=\"twitter:card\" content=\"summary_large_image\" \/>\n<meta name=\"twitter:label1\" content=\"Napsal(a)\" \/>\n\t<meta name=\"twitter:data1\" content=\"Marta Olejnik\" \/>\n\t<meta name=\"twitter:label2\" content=\"Odhadovan\u00e1 doba \u010dten\u00ed\" \/>\n\t<meta name=\"twitter:data2\" content=\"3 minuty\" \/>\n<script type=\"application\/ld+json\" class=\"yoast-schema-graph\">{\"@context\":\"https:\/\/schema.org\",\"@graph\":[{\"@type\":\"Article\",\"@id\":\"https:\/\/marekkuchcinski.pl\/cs\/wydarzenia\/marek-kuchcinski-kultura-polityczna-w-polsce-i-na-wegrzech-jest-wyzsza-niz-w-wielu-panstwach-zachodnich\/#article\",\"isPartOf\":{\"@id\":\"https:\/\/marekkuchcinski.pl\/cs\/wydarzenia\/marek-kuchcinski-kultura-polityczna-w-polsce-i-na-wegrzech-jest-wyzsza-niz-w-wielu-panstwach-zachodnich\/\"},\"author\":{\"name\":\"Marta Olejnik\",\"@id\":\"https:\/\/marekkuchcinski.pl\/#\/schema\/person\/51d5d4ee3b5317b8e4dd2b48af359229\"},\"headline\":\"Marek Kuchci\u0144ski: Kultura polityczna w Polsce i na W\u0119grzech jest wy\u017csza ni\u017c w wielu pa\u0144stwach zachodnich\",\"datePublished\":\"2020-08-27T14:33:58+00:00\",\"dateModified\":\"2020-08-28T09:56:19+00:00\",\"mainEntityOfPage\":{\"@id\":\"https:\/\/marekkuchcinski.pl\/cs\/wydarzenia\/marek-kuchcinski-kultura-polityczna-w-polsce-i-na-wegrzech-jest-wyzsza-niz-w-wielu-panstwach-zachodnich\/\"},\"wordCount\":618,\"commentCount\":0,\"publisher\":{\"@id\":\"https:\/\/marekkuchcinski.pl\/#organization\"},\"image\":{\"@id\":\"https:\/\/marekkuchcinski.pl\/cs\/wydarzenia\/marek-kuchcinski-kultura-polityczna-w-polsce-i-na-wegrzech-jest-wyzsza-niz-w-wielu-panstwach-zachodnich\/#primaryimage\"},\"thumbnailUrl\":\"https:\/\/marekkuchcinski.pl\/wp-content\/uploads\/2020\/08\/118584978_2692420497640829_1479338624167583884_o.jpg\",\"articleSection\":[\"Wsp\u00f3\u0142praca mi\u0119dzynarodowa\",\"Wydarzenia\"],\"inLanguage\":\"cs\",\"potentialAction\":[{\"@type\":\"CommentAction\",\"name\":\"Comment\",\"target\":[\"https:\/\/marekkuchcinski.pl\/cs\/wydarzenia\/marek-kuchcinski-kultura-polityczna-w-polsce-i-na-wegrzech-jest-wyzsza-niz-w-wielu-panstwach-zachodnich\/#respond\"]}]},{\"@type\":\"WebPage\",\"@id\":\"https:\/\/marekkuchcinski.pl\/cs\/wydarzenia\/marek-kuchcinski-kultura-polityczna-w-polsce-i-na-wegrzech-jest-wyzsza-niz-w-wielu-panstwach-zachodnich\/\",\"url\":\"https:\/\/marekkuchcinski.pl\/cs\/wydarzenia\/marek-kuchcinski-kultura-polityczna-w-polsce-i-na-wegrzech-jest-wyzsza-niz-w-wielu-panstwach-zachodnich\/\",\"name\":\"Marek Kuchci\u0144ski: Kultura polityczna w Polsce i na W\u0119grzech jest wy\u017csza ni\u017c w wielu pa\u0144stwach zachodnich &#8211; Marek Kuchci\u0144ski\",\"isPartOf\":{\"@id\":\"https:\/\/marekkuchcinski.pl\/#website\"},\"primaryImageOfPage\":{\"@id\":\"https:\/\/marekkuchcinski.pl\/cs\/wydarzenia\/marek-kuchcinski-kultura-polityczna-w-polsce-i-na-wegrzech-jest-wyzsza-niz-w-wielu-panstwach-zachodnich\/#primaryimage\"},\"image\":{\"@id\":\"https:\/\/marekkuchcinski.pl\/cs\/wydarzenia\/marek-kuchcinski-kultura-polityczna-w-polsce-i-na-wegrzech-jest-wyzsza-niz-w-wielu-panstwach-zachodnich\/#primaryimage\"},\"thumbnailUrl\":\"https:\/\/marekkuchcinski.pl\/wp-content\/uploads\/2020\/08\/118584978_2692420497640829_1479338624167583884_o.jpg\",\"datePublished\":\"2020-08-27T14:33:58+00:00\",\"dateModified\":\"2020-08-28T09:56:19+00:00\",\"breadcrumb\":{\"@id\":\"https:\/\/marekkuchcinski.pl\/cs\/wydarzenia\/marek-kuchcinski-kultura-polityczna-w-polsce-i-na-wegrzech-jest-wyzsza-niz-w-wielu-panstwach-zachodnich\/#breadcrumb\"},\"inLanguage\":\"cs\",\"potentialAction\":[{\"@type\":\"ReadAction\",\"target\":[\"https:\/\/marekkuchcinski.pl\/cs\/wydarzenia\/marek-kuchcinski-kultura-polityczna-w-polsce-i-na-wegrzech-jest-wyzsza-niz-w-wielu-panstwach-zachodnich\/\"]}]},{\"@type\":\"ImageObject\",\"inLanguage\":\"cs\",\"@id\":\"https:\/\/marekkuchcinski.pl\/cs\/wydarzenia\/marek-kuchcinski-kultura-polityczna-w-polsce-i-na-wegrzech-jest-wyzsza-niz-w-wielu-panstwach-zachodnich\/#primaryimage\",\"url\":\"https:\/\/marekkuchcinski.pl\/wp-content\/uploads\/2020\/08\/118584978_2692420497640829_1479338624167583884_o.jpg\",\"contentUrl\":\"https:\/\/marekkuchcinski.pl\/wp-content\/uploads\/2020\/08\/118584978_2692420497640829_1479338624167583884_o.jpg\",\"width\":1440,\"height\":903},{\"@type\":\"BreadcrumbList\",\"@id\":\"https:\/\/marekkuchcinski.pl\/cs\/wydarzenia\/marek-kuchcinski-kultura-polityczna-w-polsce-i-na-wegrzech-jest-wyzsza-niz-w-wielu-panstwach-zachodnich\/#breadcrumb\",\"itemListElement\":[{\"@type\":\"ListItem\",\"position\":1,\"name\":\"Strona g\u0142\u00f3wna\",\"item\":\"https:\/\/marekkuchcinski.pl\/\"},{\"@type\":\"ListItem\",\"position\":2,\"name\":\"Marek Kuchci\u0144ski: Kultura polityczna w Polsce i na W\u0119grzech jest wy\u017csza ni\u017c w wielu pa\u0144stwach zachodnich\"}]},{\"@type\":\"WebSite\",\"@id\":\"https:\/\/marekkuchcinski.pl\/#website\",\"url\":\"https:\/\/marekkuchcinski.pl\/\",\"name\":\"Marek Kuchci\u0144ski\",\"description\":\"Pose\u0142 na sejm RP &ndash; okr\u0119g nr 22\",\"publisher\":{\"@id\":\"https:\/\/marekkuchcinski.pl\/#organization\"},\"potentialAction\":[{\"@type\":\"SearchAction\",\"target\":{\"@type\":\"EntryPoint\",\"urlTemplate\":\"https:\/\/marekkuchcinski.pl\/?s={search_term_string}\"},\"query-input\":{\"@type\":\"PropertyValueSpecification\",\"valueRequired\":true,\"valueName\":\"search_term_string\"}}],\"inLanguage\":\"cs\"},{\"@type\":\"Organization\",\"@id\":\"https:\/\/marekkuchcinski.pl\/#organization\",\"name\":\"Marek Kuchci\u0144ski\",\"url\":\"https:\/\/marekkuchcinski.pl\/\",\"logo\":{\"@type\":\"ImageObject\",\"inLanguage\":\"cs\",\"@id\":\"https:\/\/marekkuchcinski.pl\/#\/schema\/logo\/image\/\",\"url\":\"https:\/\/marekkuchcinski.pl\/wp-content\/uploads\/2022\/09\/Marek.jpg\",\"contentUrl\":\"https:\/\/marekkuchcinski.pl\/wp-content\/uploads\/2022\/09\/Marek.jpg\",\"width\":1600,\"height\":971,\"caption\":\"Marek Kuchci\u0144ski\"},\"image\":{\"@id\":\"https:\/\/marekkuchcinski.pl\/#\/schema\/logo\/image\/\"}},{\"@type\":\"Person\",\"@id\":\"https:\/\/marekkuchcinski.pl\/#\/schema\/person\/51d5d4ee3b5317b8e4dd2b48af359229\",\"name\":\"Marta Olejnik\",\"image\":{\"@type\":\"ImageObject\",\"inLanguage\":\"cs\",\"@id\":\"https:\/\/marekkuchcinski.pl\/#\/schema\/person\/image\/\",\"url\":\"https:\/\/secure.gravatar.com\/avatar\/e39914b2aa6a48959e24d475b5dc9793?s=96&d=mm&r=g\",\"contentUrl\":\"https:\/\/secure.gravatar.com\/avatar\/e39914b2aa6a48959e24d475b5dc9793?s=96&d=mm&r=g\",\"caption\":\"Marta Olejnik\"},\"url\":\"https:\/\/marekkuchcinski.pl\/cs\/author\/marta\/\"}]}<\/script>\n<!-- \/ Yoast SEO plugin. -->","yoast_head_json":{"title":"Marek Kuchci\u0144ski: Kultura polityczna w Polsce i na W\u0119grzech jest wy\u017csza ni\u017c w wielu pa\u0144stwach zachodnich &#8211; Marek Kuchci\u0144ski","robots":{"index":"index","follow":"follow","max-snippet":"max-snippet:-1","max-image-preview":"max-image-preview:large","max-video-preview":"max-video-preview:-1"},"canonical":"https:\/\/marekkuchcinski.pl\/cs\/wydarzenia\/marek-kuchcinski-kultura-polityczna-w-polsce-i-na-wegrzech-jest-wyzsza-niz-w-wielu-panstwach-zachodnich\/","og_locale":"cs_CZ","og_type":"article","og_title":"Marek Kuchci\u0144ski: Kultura polityczna w Polsce i na W\u0119grzech jest wy\u017csza ni\u017c w wielu pa\u0144stwach zachodnich &#8211; Marek Kuchci\u0144ski","og_description":"Od 24 do 28 sierpnia trwa III edycja Uniwersytetu Letniego Instytutu Wac\u0142awa Felczaka. Politycy, eksperci, naukowcy i\u00a0dziennikarze z\u00a0Polski i\u00a0W\u0119gier w\u00a0Krasiczynie na\u00a0Podkarpaciu rozmawiaj\u0105 o\u00a0historii i\u00a0perspektywach obu narod\u00f3w oraz\u00a0ca\u0142ego obszaru Europy \u015arodkowo-Wschodniej. Szczeg\u00f3lny nacisk w\u00a0tym roku jest po\u0142o\u017cony na\u00a0tematy zwi\u0105zane z\u00a0szeroko poj\u0119tym bezpiecze\u0144stwem \u2013\u00a0od\u00a0kwestii rolnictwa, przez tematy dotycz\u0105ce pandemii koronawirusa, a\u017c\u00a0po\u00a0geopolityk\u0119. W dyskusji po\u015bwi\u0119conej roli parlamentu w&nbsp;nowoczesnej [&hellip;]","og_url":"https:\/\/marekkuchcinski.pl\/cs\/wydarzenia\/marek-kuchcinski-kultura-polityczna-w-polsce-i-na-wegrzech-jest-wyzsza-niz-w-wielu-panstwach-zachodnich\/","og_site_name":"Marek Kuchci\u0144ski","article_published_time":"2020-08-27T14:33:58+00:00","article_modified_time":"2020-08-28T09:56:19+00:00","og_image":[{"width":1440,"height":903,"url":"https:\/\/marekkuchcinski.pl\/wp-content\/uploads\/2020\/08\/118584978_2692420497640829_1479338624167583884_o.jpg","type":"image\/jpeg"}],"author":"Marta Olejnik","twitter_card":"summary_large_image","twitter_misc":{"Napsal(a)":"Marta Olejnik","Odhadovan\u00e1 doba \u010dten\u00ed":"3 minuty"},"schema":{"@context":"https:\/\/schema.org","@graph":[{"@type":"Article","@id":"https:\/\/marekkuchcinski.pl\/cs\/wydarzenia\/marek-kuchcinski-kultura-polityczna-w-polsce-i-na-wegrzech-jest-wyzsza-niz-w-wielu-panstwach-zachodnich\/#article","isPartOf":{"@id":"https:\/\/marekkuchcinski.pl\/cs\/wydarzenia\/marek-kuchcinski-kultura-polityczna-w-polsce-i-na-wegrzech-jest-wyzsza-niz-w-wielu-panstwach-zachodnich\/"},"author":{"name":"Marta Olejnik","@id":"https:\/\/marekkuchcinski.pl\/#\/schema\/person\/51d5d4ee3b5317b8e4dd2b48af359229"},"headline":"Marek Kuchci\u0144ski: Kultura polityczna w Polsce i na W\u0119grzech jest wy\u017csza ni\u017c w wielu pa\u0144stwach zachodnich","datePublished":"2020-08-27T14:33:58+00:00","dateModified":"2020-08-28T09:56:19+00:00","mainEntityOfPage":{"@id":"https:\/\/marekkuchcinski.pl\/cs\/wydarzenia\/marek-kuchcinski-kultura-polityczna-w-polsce-i-na-wegrzech-jest-wyzsza-niz-w-wielu-panstwach-zachodnich\/"},"wordCount":618,"commentCount":0,"publisher":{"@id":"https:\/\/marekkuchcinski.pl\/#organization"},"image":{"@id":"https:\/\/marekkuchcinski.pl\/cs\/wydarzenia\/marek-kuchcinski-kultura-polityczna-w-polsce-i-na-wegrzech-jest-wyzsza-niz-w-wielu-panstwach-zachodnich\/#primaryimage"},"thumbnailUrl":"https:\/\/marekkuchcinski.pl\/wp-content\/uploads\/2020\/08\/118584978_2692420497640829_1479338624167583884_o.jpg","articleSection":["Wsp\u00f3\u0142praca mi\u0119dzynarodowa","Wydarzenia"],"inLanguage":"cs","potentialAction":[{"@type":"CommentAction","name":"Comment","target":["https:\/\/marekkuchcinski.pl\/cs\/wydarzenia\/marek-kuchcinski-kultura-polityczna-w-polsce-i-na-wegrzech-jest-wyzsza-niz-w-wielu-panstwach-zachodnich\/#respond"]}]},{"@type":"WebPage","@id":"https:\/\/marekkuchcinski.pl\/cs\/wydarzenia\/marek-kuchcinski-kultura-polityczna-w-polsce-i-na-wegrzech-jest-wyzsza-niz-w-wielu-panstwach-zachodnich\/","url":"https:\/\/marekkuchcinski.pl\/cs\/wydarzenia\/marek-kuchcinski-kultura-polityczna-w-polsce-i-na-wegrzech-jest-wyzsza-niz-w-wielu-panstwach-zachodnich\/","name":"Marek Kuchci\u0144ski: Kultura polityczna w Polsce i na W\u0119grzech jest wy\u017csza ni\u017c w wielu pa\u0144stwach zachodnich &#8211; Marek Kuchci\u0144ski","isPartOf":{"@id":"https:\/\/marekkuchcinski.pl\/#website"},"primaryImageOfPage":{"@id":"https:\/\/marekkuchcinski.pl\/cs\/wydarzenia\/marek-kuchcinski-kultura-polityczna-w-polsce-i-na-wegrzech-jest-wyzsza-niz-w-wielu-panstwach-zachodnich\/#primaryimage"},"image":{"@id":"https:\/\/marekkuchcinski.pl\/cs\/wydarzenia\/marek-kuchcinski-kultura-polityczna-w-polsce-i-na-wegrzech-jest-wyzsza-niz-w-wielu-panstwach-zachodnich\/#primaryimage"},"thumbnailUrl":"https:\/\/marekkuchcinski.pl\/wp-content\/uploads\/2020\/08\/118584978_2692420497640829_1479338624167583884_o.jpg","datePublished":"2020-08-27T14:33:58+00:00","dateModified":"2020-08-28T09:56:19+00:00","breadcrumb":{"@id":"https:\/\/marekkuchcinski.pl\/cs\/wydarzenia\/marek-kuchcinski-kultura-polityczna-w-polsce-i-na-wegrzech-jest-wyzsza-niz-w-wielu-panstwach-zachodnich\/#breadcrumb"},"inLanguage":"cs","potentialAction":[{"@type":"ReadAction","target":["https:\/\/marekkuchcinski.pl\/cs\/wydarzenia\/marek-kuchcinski-kultura-polityczna-w-polsce-i-na-wegrzech-jest-wyzsza-niz-w-wielu-panstwach-zachodnich\/"]}]},{"@type":"ImageObject","inLanguage":"cs","@id":"https:\/\/marekkuchcinski.pl\/cs\/wydarzenia\/marek-kuchcinski-kultura-polityczna-w-polsce-i-na-wegrzech-jest-wyzsza-niz-w-wielu-panstwach-zachodnich\/#primaryimage","url":"https:\/\/marekkuchcinski.pl\/wp-content\/uploads\/2020\/08\/118584978_2692420497640829_1479338624167583884_o.jpg","contentUrl":"https:\/\/marekkuchcinski.pl\/wp-content\/uploads\/2020\/08\/118584978_2692420497640829_1479338624167583884_o.jpg","width":1440,"height":903},{"@type":"BreadcrumbList","@id":"https:\/\/marekkuchcinski.pl\/cs\/wydarzenia\/marek-kuchcinski-kultura-polityczna-w-polsce-i-na-wegrzech-jest-wyzsza-niz-w-wielu-panstwach-zachodnich\/#breadcrumb","itemListElement":[{"@type":"ListItem","position":1,"name":"Strona g\u0142\u00f3wna","item":"https:\/\/marekkuchcinski.pl\/"},{"@type":"ListItem","position":2,"name":"Marek Kuchci\u0144ski: Kultura polityczna w Polsce i na W\u0119grzech jest wy\u017csza ni\u017c w wielu pa\u0144stwach zachodnich"}]},{"@type":"WebSite","@id":"https:\/\/marekkuchcinski.pl\/#website","url":"https:\/\/marekkuchcinski.pl\/","name":"Marek Kuchci\u0144ski","description":"Pose\u0142 na sejm RP &ndash; okr\u0119g nr 22","publisher":{"@id":"https:\/\/marekkuchcinski.pl\/#organization"},"potentialAction":[{"@type":"SearchAction","target":{"@type":"EntryPoint","urlTemplate":"https:\/\/marekkuchcinski.pl\/?s={search_term_string}"},"query-input":{"@type":"PropertyValueSpecification","valueRequired":true,"valueName":"search_term_string"}}],"inLanguage":"cs"},{"@type":"Organization","@id":"https:\/\/marekkuchcinski.pl\/#organization","name":"Marek Kuchci\u0144ski","url":"https:\/\/marekkuchcinski.pl\/","logo":{"@type":"ImageObject","inLanguage":"cs","@id":"https:\/\/marekkuchcinski.pl\/#\/schema\/logo\/image\/","url":"https:\/\/marekkuchcinski.pl\/wp-content\/uploads\/2022\/09\/Marek.jpg","contentUrl":"https:\/\/marekkuchcinski.pl\/wp-content\/uploads\/2022\/09\/Marek.jpg","width":1600,"height":971,"caption":"Marek Kuchci\u0144ski"},"image":{"@id":"https:\/\/marekkuchcinski.pl\/#\/schema\/logo\/image\/"}},{"@type":"Person","@id":"https:\/\/marekkuchcinski.pl\/#\/schema\/person\/51d5d4ee3b5317b8e4dd2b48af359229","name":"Marta Olejnik","image":{"@type":"ImageObject","inLanguage":"cs","@id":"https:\/\/marekkuchcinski.pl\/#\/schema\/person\/image\/","url":"https:\/\/secure.gravatar.com\/avatar\/e39914b2aa6a48959e24d475b5dc9793?s=96&d=mm&r=g","contentUrl":"https:\/\/secure.gravatar.com\/avatar\/e39914b2aa6a48959e24d475b5dc9793?s=96&d=mm&r=g","caption":"Marta Olejnik"},"url":"https:\/\/marekkuchcinski.pl\/cs\/author\/marta\/"}]}},"_links":{"self":[{"href":"https:\/\/marekkuchcinski.pl\/cs\/wp-json\/wp\/v2\/posts\/19619","targetHints":{"allow":["GET"]}}],"collection":[{"href":"https:\/\/marekkuchcinski.pl\/cs\/wp-json\/wp\/v2\/posts"}],"about":[{"href":"https:\/\/marekkuchcinski.pl\/cs\/wp-json\/wp\/v2\/types\/post"}],"author":[{"embeddable":true,"href":"https:\/\/marekkuchcinski.pl\/cs\/wp-json\/wp\/v2\/users\/21"}],"replies":[{"embeddable":true,"href":"https:\/\/marekkuchcinski.pl\/cs\/wp-json\/wp\/v2\/comments?post=19619"}],"version-history":[{"count":8,"href":"https:\/\/marekkuchcinski.pl\/cs\/wp-json\/wp\/v2\/posts\/19619\/revisions"}],"predecessor-version":[{"id":19630,"href":"https:\/\/marekkuchcinski.pl\/cs\/wp-json\/wp\/v2\/posts\/19619\/revisions\/19630"}],"wp:featuredmedia":[{"embeddable":true,"href":"https:\/\/marekkuchcinski.pl\/cs\/wp-json\/wp\/v2\/media\/19621"}],"wp:attachment":[{"href":"https:\/\/marekkuchcinski.pl\/cs\/wp-json\/wp\/v2\/media?parent=19619"}],"wp:term":[{"taxonomy":"category","embeddable":true,"href":"https:\/\/marekkuchcinski.pl\/cs\/wp-json\/wp\/v2\/categories?post=19619"},{"taxonomy":"post_tag","embeddable":true,"href":"https:\/\/marekkuchcinski.pl\/cs\/wp-json\/wp\/v2\/tags?post=19619"}],"curies":[{"name":"wp","href":"https:\/\/api.w.org\/{rel}","templated":true}]}}