{"id":19531,"date":"2020-08-07T12:55:01","date_gmt":"2020-08-07T10:55:01","guid":{"rendered":"https:\/\/marekkuchcinski.pl\/?p=19531"},"modified":"2020-08-13T13:56:07","modified_gmt":"2020-08-13T11:56:07","slug":"zaprzysiezenie-andrzeja-dudy-na-prezydenta-rp","status":"publish","type":"post","link":"https:\/\/marekkuchcinski.pl\/cs\/wydarzenia\/zaprzysiezenie-andrzeja-dudy-na-prezydenta-rp\/","title":{"rendered":"P\u0159\u00edsaha Andrzeje Dudy jako polsk\u00e9ho prezidenta"},"content":{"rendered":"<p>B\u011bhem zased\u00e1n\u00ed N\u00e1rodn\u00edho shrom\u00e1\u017ed\u011bn\u00ed v polsk\u00e9m Sejmu slo\u017eil Andrzej Duda p\u0159\u00edsahu na druh\u00e9 funk\u010dn\u00ed obdob\u00ed.  Podle \u00fastavy se prezident Polsk\u00e9 republiky uj\u00edm\u00e1 \u00fa\u0159adu po slo\u017een\u00ed p\u0159\u00edsahy p\u0159ed ZN: \"<em>Slavnostn\u011b p\u0159\u00edsah\u00e1m, \u017ee p\u0159i p\u0159evzet\u00ed \u00fa\u0159adu prezidenta Polsk\u00e9 republiky z v\u016fle n\u00e1roda budu v\u011brn\u00fd \u00fastav\u011b, \u017ee budu neochv\u011bjn\u011b chr\u00e1nit d\u016fstojnost n\u00e1roda, nez\u00e1vislost a bezpe\u010dnost st\u00e1tu a \u017ee dobro vlasti a blaho jej\u00edch ob\u010dan\u016f bude v\u017edy mou nejvy\u0161\u0161\u00ed povinnost\u00ed.<\/em>\". P\u0159\u00edsahu lze zakon\u010dit slovy: \"<em>Tak mi pomoz, Bo\u017ee<\/em>\". <\/p>\n\n\n\n<p>W <em>expos\u00e9<\/em> Prezident zd\u016fraznil, \u017ee demokracie v Polsku je dnes siln\u011bj\u0161\u00ed ne\u017e kdykoli p\u0159edt\u00edm. Ob\u010dan\u00e9 v\u011bd\u00ed, \u017ee nejd\u016fle\u017eit\u011bj\u0161\u00ed z\u00e1le\u017eitosti st\u00e1tu z\u00e1vis\u00ed na jejich hlasech. Budoucnost Polska. Miliony Pol\u00e1k\u016f, kte\u0159\u00ed v to d\u0159\u00edve nev\u011b\u0159ili - a nevolili -, nyn\u00ed volili. Po cel\u00e9 zemi. Ve velk\u00fdch, st\u0159edn\u00edch a mal\u00fdch m\u011bstech i na venkov\u011b. A to je skv\u011bl\u00e1 v\u011bc! Pro n\u00e1s v\u0161echny je to velk\u00fd \u00fasp\u011bch. <\/p>\n\n\n\n<p>V politice veden\u00e9 Andrzejem Dudou jsou kl\u00ed\u010dov\u00fdmi t\u00e9maty rodina, bezpe\u010dnost, pr\u00e1ce, investice a d\u016fstojnost. - Pr\u00e1v\u011b t\u011bchto p\u011bt polsk\u00fdch t\u00e9mat symbolizuje Polsko, kter\u00e9 dok\u00e1\u017ee spojit tradici s modernost\u00ed! Tyto dv\u011b hodnoty se toti\u017e nevylu\u010duj\u00ed, ale dopl\u0148uj\u00ed. Toto je Polsko m\u00fdch sn\u016f - ambici\u00f3zn\u00ed, rychle se rozv\u00edjej\u00edc\u00ed, inovativn\u00ed, ale nezapom\u00ednaj\u00edc\u00ed na sv\u00e9 ko\u0159eny, historii, identitu a tradici - \u0159ekl prezident.<\/p>\n\n\n\n<figure class=\"wp-block-image size-large\"><img fetchpriority=\"high\" decoding=\"async\" width=\"1024\" height=\"683\" src=\"https:\/\/marekkuchcinski.pl\/wp-content\/uploads\/2020\/08\/117169435_3320652701325959_2472163107160750778_n-1024x683.jpg\" alt=\"\" class=\"wp-image-19532\" srcset=\"https:\/\/marekkuchcinski.pl\/wp-content\/uploads\/2020\/08\/117169435_3320652701325959_2472163107160750778_n-1024x683.jpg 1024w, https:\/\/marekkuchcinski.pl\/wp-content\/uploads\/2020\/08\/117169435_3320652701325959_2472163107160750778_n-300x200.jpg 300w, https:\/\/marekkuchcinski.pl\/wp-content\/uploads\/2020\/08\/117169435_3320652701325959_2472163107160750778_n-768x512.jpg 768w, https:\/\/marekkuchcinski.pl\/wp-content\/uploads\/2020\/08\/117169435_3320652701325959_2472163107160750778_n-1536x1024.jpg 1536w, https:\/\/marekkuchcinski.pl\/wp-content\/uploads\/2020\/08\/117169435_3320652701325959_2472163107160750778_n-scaled.jpg 2048w\" sizes=\"(max-width: 1024px) 100vw, 1024px\" \/><\/figure>\n\n\n\n<figure class=\"wp-block-image size-large\"><img decoding=\"async\" width=\"1024\" height=\"682\" src=\"https:\/\/marekkuchcinski.pl\/wp-content\/uploads\/2020\/08\/117333504_358265315174552_5578678664182731333_n-1024x682.jpg\" alt=\"\" class=\"wp-image-19533\" srcset=\"https:\/\/marekkuchcinski.pl\/wp-content\/uploads\/2020\/08\/117333504_358265315174552_5578678664182731333_n-1024x682.jpg 1024w, https:\/\/marekkuchcinski.pl\/wp-content\/uploads\/2020\/08\/117333504_358265315174552_5578678664182731333_n-300x200.jpg 300w, https:\/\/marekkuchcinski.pl\/wp-content\/uploads\/2020\/08\/117333504_358265315174552_5578678664182731333_n-768x512.jpg 768w, https:\/\/marekkuchcinski.pl\/wp-content\/uploads\/2020\/08\/117333504_358265315174552_5578678664182731333_n-1536x1023.jpg 1536w, https:\/\/marekkuchcinski.pl\/wp-content\/uploads\/2020\/08\/117333504_358265315174552_5578678664182731333_n.jpg 2048w\" sizes=\"(max-width: 1024px) 100vw, 1024px\" \/><\/figure>\n\n\n\n<figure class=\"wp-block-image size-large\"><img decoding=\"async\" width=\"1024\" height=\"682\" src=\"https:\/\/marekkuchcinski.pl\/wp-content\/uploads\/2020\/08\/117212800_3094101614041118_2791249511043475566_n-1024x682.jpg\" alt=\"\" class=\"wp-image-19534\" srcset=\"https:\/\/marekkuchcinski.pl\/wp-content\/uploads\/2020\/08\/117212800_3094101614041118_2791249511043475566_n-1024x682.jpg 1024w, https:\/\/marekkuchcinski.pl\/wp-content\/uploads\/2020\/08\/117212800_3094101614041118_2791249511043475566_n-300x200.jpg 300w, https:\/\/marekkuchcinski.pl\/wp-content\/uploads\/2020\/08\/117212800_3094101614041118_2791249511043475566_n-768x512.jpg 768w, https:\/\/marekkuchcinski.pl\/wp-content\/uploads\/2020\/08\/117212800_3094101614041118_2791249511043475566_n-1536x1023.jpg 1536w, https:\/\/marekkuchcinski.pl\/wp-content\/uploads\/2020\/08\/117212800_3094101614041118_2791249511043475566_n.jpg 2048w\" sizes=\"(max-width: 1024px) 100vw, 1024px\" \/><\/figure>\n\n\n\n<figure class=\"wp-block-image size-large\"><img loading=\"lazy\" decoding=\"async\" width=\"1024\" height=\"682\" src=\"https:\/\/marekkuchcinski.pl\/wp-content\/uploads\/2020\/08\/117272060_2400279876943175_1483743257063773536_n-1024x682.jpg\" alt=\"\" class=\"wp-image-19535\" srcset=\"https:\/\/marekkuchcinski.pl\/wp-content\/uploads\/2020\/08\/117272060_2400279876943175_1483743257063773536_n-1024x682.jpg 1024w, https:\/\/marekkuchcinski.pl\/wp-content\/uploads\/2020\/08\/117272060_2400279876943175_1483743257063773536_n-300x200.jpg 300w, https:\/\/marekkuchcinski.pl\/wp-content\/uploads\/2020\/08\/117272060_2400279876943175_1483743257063773536_n-768x512.jpg 768w, https:\/\/marekkuchcinski.pl\/wp-content\/uploads\/2020\/08\/117272060_2400279876943175_1483743257063773536_n-1536x1023.jpg 1536w, https:\/\/marekkuchcinski.pl\/wp-content\/uploads\/2020\/08\/117272060_2400279876943175_1483743257063773536_n.jpg 2048w\" sizes=\"(max-width: 1024px) 100vw, 1024px\" \/><\/figure>\n\n\n\n<figure class=\"wp-block-image size-large\"><img loading=\"lazy\" decoding=\"async\" width=\"1024\" height=\"682\" src=\"https:\/\/marekkuchcinski.pl\/wp-content\/uploads\/2020\/08\/117302187_596298441324970_7764070025749894965_n-1024x682.jpg\" alt=\"\" class=\"wp-image-19536\" srcset=\"https:\/\/marekkuchcinski.pl\/wp-content\/uploads\/2020\/08\/117302187_596298441324970_7764070025749894965_n-1024x682.jpg 1024w, https:\/\/marekkuchcinski.pl\/wp-content\/uploads\/2020\/08\/117302187_596298441324970_7764070025749894965_n-300x200.jpg 300w, https:\/\/marekkuchcinski.pl\/wp-content\/uploads\/2020\/08\/117302187_596298441324970_7764070025749894965_n-768x512.jpg 768w, https:\/\/marekkuchcinski.pl\/wp-content\/uploads\/2020\/08\/117302187_596298441324970_7764070025749894965_n-1536x1023.jpg 1536w, https:\/\/marekkuchcinski.pl\/wp-content\/uploads\/2020\/08\/117302187_596298441324970_7764070025749894965_n.jpg 2048w\" sizes=\"(max-width: 1024px) 100vw, 1024px\" \/><\/figure>\n\n\n\n<figure class=\"wp-block-image size-large\"><img loading=\"lazy\" decoding=\"async\" width=\"960\" height=\"619\" src=\"https:\/\/marekkuchcinski.pl\/wp-content\/uploads\/2020\/08\/117297731_2674188902797322_8155070377662229762_n.jpg\" alt=\"\" class=\"wp-image-19537\" srcset=\"https:\/\/marekkuchcinski.pl\/wp-content\/uploads\/2020\/08\/117297731_2674188902797322_8155070377662229762_n.jpg 960w, https:\/\/marekkuchcinski.pl\/wp-content\/uploads\/2020\/08\/117297731_2674188902797322_8155070377662229762_n-300x193.jpg 300w, https:\/\/marekkuchcinski.pl\/wp-content\/uploads\/2020\/08\/117297731_2674188902797322_8155070377662229762_n-768x495.jpg 768w\" sizes=\"(max-width: 960px) 100vw, 960px\" \/><\/figure>\n\n\n\n<figure class=\"wp-block-image size-large\"><img loading=\"lazy\" decoding=\"async\" width=\"960\" height=\"540\" src=\"https:\/\/marekkuchcinski.pl\/wp-content\/uploads\/2020\/08\/117317776_2674188959463983_100692585006812470_n.jpg\" alt=\"\" class=\"wp-image-19538\" srcset=\"https:\/\/marekkuchcinski.pl\/wp-content\/uploads\/2020\/08\/117317776_2674188959463983_100692585006812470_n.jpg 960w, https:\/\/marekkuchcinski.pl\/wp-content\/uploads\/2020\/08\/117317776_2674188959463983_100692585006812470_n-300x169.jpg 300w, https:\/\/marekkuchcinski.pl\/wp-content\/uploads\/2020\/08\/117317776_2674188959463983_100692585006812470_n-768x432.jpg 768w\" sizes=\"(max-width: 960px) 100vw, 960px\" \/><\/figure>\n\n\n\n<figure class=\"wp-block-image size-large\"><img loading=\"lazy\" decoding=\"async\" width=\"1024\" height=\"674\" src=\"https:\/\/marekkuchcinski.pl\/wp-content\/uploads\/2020\/08\/IMG_8177-1024x674.jpg\" alt=\"\" class=\"wp-image-19539\" srcset=\"https:\/\/marekkuchcinski.pl\/wp-content\/uploads\/2020\/08\/IMG_8177-1024x674.jpg 1024w, https:\/\/marekkuchcinski.pl\/wp-content\/uploads\/2020\/08\/IMG_8177-300x198.jpg 300w, https:\/\/marekkuchcinski.pl\/wp-content\/uploads\/2020\/08\/IMG_8177-768x506.jpg 768w, https:\/\/marekkuchcinski.pl\/wp-content\/uploads\/2020\/08\/IMG_8177-1536x1011.jpg 1536w, https:\/\/marekkuchcinski.pl\/wp-content\/uploads\/2020\/08\/IMG_8177-scaled.jpg 2048w\" sizes=\"(max-width: 1024px) 100vw, 1024px\" \/><\/figure>","protected":false},"excerpt":{"rendered":"<p>Podczas Zgromadzenia Narodowego w Sejmie RP Andrzej Duda zosta\u0142 zaprzysi\u0119\u017cony na drug\u0105 kadencj\u0119. Zgodnie z Konstytucj\u0105 Prezydent RP obejmuje urz\u0105d po z\u0142o\u017ceniu wobec ZN nast\u0119puj\u0105cej przysi\u0119gi: \u201eObejmuj\u0105c z woli Narodu urz\u0105d Prezydenta Rzeczypospolitej Polskiej, uroczy\u015bcie przysi\u0119gam, \u017ce dochowam wierno\u015bci postanowieniom Konstytucji, b\u0119d\u0119 strzeg\u0142 niez\u0142omnie godno\u015bci Narodu, niepodleg\u0142o\u015bci i bezpiecze\u0144stwa Pa\u0144stwa, a dobro Ojczyzny oraz pomy\u015blno\u015b\u0107 [&hellip;]<\/p>","protected":false},"author":21,"featured_media":19533,"comment_status":"open","ping_status":"open","sticky":false,"template":"","format":"standard","meta":{"ngg_post_thumbnail":0,"footnotes":""},"categories":[82,81,3],"tags":[],"class_list":["post-19531","post","type-post","status-publish","format-standard","has-post-thumbnail","hentry","category-prawo-i-sprawiedliwosc","category-wiesci-z-sejmu","category-wydarzenia"],"yoast_head":"<!-- This site is optimized with the Yoast SEO plugin v24.7 - https:\/\/yoast.com\/wordpress\/plugins\/seo\/ -->\n<title>Zaprzysi\u0119\u017cenie Andrzeja Dudy na Prezydenta RP &#8211; Marek Kuchci\u0144ski<\/title>\n<meta name=\"robots\" content=\"index, follow, max-snippet:-1, max-image-preview:large, max-video-preview:-1\" \/>\n<link rel=\"canonical\" href=\"https:\/\/marekkuchcinski.pl\/cs\/wydarzenia\/zaprzysiezenie-andrzeja-dudy-na-prezydenta-rp\/\" \/>\n<meta property=\"og:locale\" content=\"cs_CZ\" \/>\n<meta property=\"og:type\" content=\"article\" \/>\n<meta property=\"og:title\" content=\"Zaprzysi\u0119\u017cenie Andrzeja Dudy na Prezydenta RP &#8211; Marek Kuchci\u0144ski\" \/>\n<meta property=\"og:description\" content=\"Podczas Zgromadzenia Narodowego w Sejmie RP Andrzej Duda zosta\u0142 zaprzysi\u0119\u017cony na drug\u0105 kadencj\u0119. Zgodnie z Konstytucj\u0105 Prezydent RP obejmuje urz\u0105d po z\u0142o\u017ceniu wobec ZN nast\u0119puj\u0105cej przysi\u0119gi: \u201eObejmuj\u0105c z woli Narodu urz\u0105d Prezydenta Rzeczypospolitej Polskiej, uroczy\u015bcie przysi\u0119gam, \u017ce dochowam wierno\u015bci postanowieniom Konstytucji, b\u0119d\u0119 strzeg\u0142 niez\u0142omnie godno\u015bci Narodu, niepodleg\u0142o\u015bci i bezpiecze\u0144stwa Pa\u0144stwa, a dobro Ojczyzny oraz pomy\u015blno\u015b\u0107 [&hellip;]\" \/>\n<meta property=\"og:url\" content=\"https:\/\/marekkuchcinski.pl\/cs\/wydarzenia\/zaprzysiezenie-andrzeja-dudy-na-prezydenta-rp\/\" \/>\n<meta property=\"og:site_name\" content=\"Marek Kuchci\u0144ski\" \/>\n<meta property=\"article:published_time\" content=\"2020-08-07T10:55:01+00:00\" \/>\n<meta property=\"article:modified_time\" content=\"2020-08-13T11:56:07+00:00\" \/>\n<meta property=\"og:image\" content=\"https:\/\/marekkuchcinski.pl\/wp-content\/uploads\/2020\/08\/117333504_358265315174552_5578678664182731333_n.jpg\" \/>\n\t<meta property=\"og:image:width\" content=\"2048\" \/>\n\t<meta property=\"og:image:height\" content=\"1364\" \/>\n\t<meta property=\"og:image:type\" content=\"image\/jpeg\" \/>\n<meta name=\"author\" content=\"Marta Olejnik\" \/>\n<meta name=\"twitter:card\" content=\"summary_large_image\" \/>\n<meta name=\"twitter:label1\" content=\"Napsal(a)\" \/>\n\t<meta name=\"twitter:data1\" content=\"Marta Olejnik\" \/>\n\t<meta name=\"twitter:label2\" content=\"Odhadovan\u00e1 doba \u010dten\u00ed\" \/>\n\t<meta name=\"twitter:data2\" content=\"1 minuta\" \/>\n<script type=\"application\/ld+json\" class=\"yoast-schema-graph\">{\"@context\":\"https:\/\/schema.org\",\"@graph\":[{\"@type\":\"Article\",\"@id\":\"https:\/\/marekkuchcinski.pl\/uk\/wydarzenia\/zaprzysiezenie-andrzeja-dudy-na-prezydenta-rp\/#article\",\"isPartOf\":{\"@id\":\"https:\/\/marekkuchcinski.pl\/uk\/wydarzenia\/zaprzysiezenie-andrzeja-dudy-na-prezydenta-rp\/\"},\"author\":{\"name\":\"Marta Olejnik\",\"@id\":\"https:\/\/marekkuchcinski.pl\/#\/schema\/person\/51d5d4ee3b5317b8e4dd2b48af359229\"},\"headline\":\"Zaprzysi\u0119\u017cenie Andrzeja Dudy na Prezydenta RP\",\"datePublished\":\"2020-08-07T10:55:01+00:00\",\"dateModified\":\"2020-08-13T11:56:07+00:00\",\"mainEntityOfPage\":{\"@id\":\"https:\/\/marekkuchcinski.pl\/uk\/wydarzenia\/zaprzysiezenie-andrzeja-dudy-na-prezydenta-rp\/\"},\"wordCount\":264,\"commentCount\":0,\"publisher\":{\"@id\":\"https:\/\/marekkuchcinski.pl\/#organization\"},\"image\":{\"@id\":\"https:\/\/marekkuchcinski.pl\/uk\/wydarzenia\/zaprzysiezenie-andrzeja-dudy-na-prezydenta-rp\/#primaryimage\"},\"thumbnailUrl\":\"https:\/\/marekkuchcinski.pl\/wp-content\/uploads\/2020\/08\/117333504_358265315174552_5578678664182731333_n.jpg\",\"articleSection\":[\"Prawo i Sprawiedliwo\u015b\u0107\",\"Wie\u015bci z Sejmu\",\"Wydarzenia\"],\"inLanguage\":\"cs\",\"potentialAction\":[{\"@type\":\"CommentAction\",\"name\":\"Comment\",\"target\":[\"https:\/\/marekkuchcinski.pl\/uk\/wydarzenia\/zaprzysiezenie-andrzeja-dudy-na-prezydenta-rp\/#respond\"]}]},{\"@type\":\"WebPage\",\"@id\":\"https:\/\/marekkuchcinski.pl\/uk\/wydarzenia\/zaprzysiezenie-andrzeja-dudy-na-prezydenta-rp\/\",\"url\":\"https:\/\/marekkuchcinski.pl\/uk\/wydarzenia\/zaprzysiezenie-andrzeja-dudy-na-prezydenta-rp\/\",\"name\":\"Zaprzysi\u0119\u017cenie Andrzeja Dudy na Prezydenta RP &#8211; Marek Kuchci\u0144ski\",\"isPartOf\":{\"@id\":\"https:\/\/marekkuchcinski.pl\/#website\"},\"primaryImageOfPage\":{\"@id\":\"https:\/\/marekkuchcinski.pl\/uk\/wydarzenia\/zaprzysiezenie-andrzeja-dudy-na-prezydenta-rp\/#primaryimage\"},\"image\":{\"@id\":\"https:\/\/marekkuchcinski.pl\/uk\/wydarzenia\/zaprzysiezenie-andrzeja-dudy-na-prezydenta-rp\/#primaryimage\"},\"thumbnailUrl\":\"https:\/\/marekkuchcinski.pl\/wp-content\/uploads\/2020\/08\/117333504_358265315174552_5578678664182731333_n.jpg\",\"datePublished\":\"2020-08-07T10:55:01+00:00\",\"dateModified\":\"2020-08-13T11:56:07+00:00\",\"breadcrumb\":{\"@id\":\"https:\/\/marekkuchcinski.pl\/uk\/wydarzenia\/zaprzysiezenie-andrzeja-dudy-na-prezydenta-rp\/#breadcrumb\"},\"inLanguage\":\"cs\",\"potentialAction\":[{\"@type\":\"ReadAction\",\"target\":[\"https:\/\/marekkuchcinski.pl\/uk\/wydarzenia\/zaprzysiezenie-andrzeja-dudy-na-prezydenta-rp\/\"]}]},{\"@type\":\"ImageObject\",\"inLanguage\":\"cs\",\"@id\":\"https:\/\/marekkuchcinski.pl\/uk\/wydarzenia\/zaprzysiezenie-andrzeja-dudy-na-prezydenta-rp\/#primaryimage\",\"url\":\"https:\/\/marekkuchcinski.pl\/wp-content\/uploads\/2020\/08\/117333504_358265315174552_5578678664182731333_n.jpg\",\"contentUrl\":\"https:\/\/marekkuchcinski.pl\/wp-content\/uploads\/2020\/08\/117333504_358265315174552_5578678664182731333_n.jpg\",\"width\":2048,\"height\":1364},{\"@type\":\"BreadcrumbList\",\"@id\":\"https:\/\/marekkuchcinski.pl\/uk\/wydarzenia\/zaprzysiezenie-andrzeja-dudy-na-prezydenta-rp\/#breadcrumb\",\"itemListElement\":[{\"@type\":\"ListItem\",\"position\":1,\"name\":\"Strona g\u0142\u00f3wna\",\"item\":\"https:\/\/marekkuchcinski.pl\/\"},{\"@type\":\"ListItem\",\"position\":2,\"name\":\"Zaprzysi\u0119\u017cenie Andrzeja Dudy na Prezydenta RP\"}]},{\"@type\":\"WebSite\",\"@id\":\"https:\/\/marekkuchcinski.pl\/#website\",\"url\":\"https:\/\/marekkuchcinski.pl\/\",\"name\":\"Marek Kuchci\u0144ski\",\"description\":\"Pose\u0142 na sejm RP &ndash; okr\u0119g nr 22\",\"publisher\":{\"@id\":\"https:\/\/marekkuchcinski.pl\/#organization\"},\"potentialAction\":[{\"@type\":\"SearchAction\",\"target\":{\"@type\":\"EntryPoint\",\"urlTemplate\":\"https:\/\/marekkuchcinski.pl\/?s={search_term_string}\"},\"query-input\":{\"@type\":\"PropertyValueSpecification\",\"valueRequired\":true,\"valueName\":\"search_term_string\"}}],\"inLanguage\":\"cs\"},{\"@type\":\"Organization\",\"@id\":\"https:\/\/marekkuchcinski.pl\/#organization\",\"name\":\"Marek Kuchci\u0144ski\",\"url\":\"https:\/\/marekkuchcinski.pl\/\",\"logo\":{\"@type\":\"ImageObject\",\"inLanguage\":\"cs\",\"@id\":\"https:\/\/marekkuchcinski.pl\/#\/schema\/logo\/image\/\",\"url\":\"https:\/\/marekkuchcinski.pl\/wp-content\/uploads\/2022\/09\/Marek.jpg\",\"contentUrl\":\"https:\/\/marekkuchcinski.pl\/wp-content\/uploads\/2022\/09\/Marek.jpg\",\"width\":1600,\"height\":971,\"caption\":\"Marek Kuchci\u0144ski\"},\"image\":{\"@id\":\"https:\/\/marekkuchcinski.pl\/#\/schema\/logo\/image\/\"}},{\"@type\":\"Person\",\"@id\":\"https:\/\/marekkuchcinski.pl\/#\/schema\/person\/51d5d4ee3b5317b8e4dd2b48af359229\",\"name\":\"Marta Olejnik\",\"image\":{\"@type\":\"ImageObject\",\"inLanguage\":\"cs\",\"@id\":\"https:\/\/marekkuchcinski.pl\/#\/schema\/person\/image\/\",\"url\":\"https:\/\/secure.gravatar.com\/avatar\/e39914b2aa6a48959e24d475b5dc9793?s=96&d=mm&r=g\",\"contentUrl\":\"https:\/\/secure.gravatar.com\/avatar\/e39914b2aa6a48959e24d475b5dc9793?s=96&d=mm&r=g\",\"caption\":\"Marta Olejnik\"},\"url\":\"https:\/\/marekkuchcinski.pl\/cs\/author\/marta\/\"}]}<\/script>\n<!-- \/ Yoast SEO plugin. -->","yoast_head_json":{"title":"Zaprzysi\u0119\u017cenie Andrzeja Dudy na Prezydenta RP &#8211; Marek Kuchci\u0144ski","robots":{"index":"index","follow":"follow","max-snippet":"max-snippet:-1","max-image-preview":"max-image-preview:large","max-video-preview":"max-video-preview:-1"},"canonical":"https:\/\/marekkuchcinski.pl\/cs\/wydarzenia\/zaprzysiezenie-andrzeja-dudy-na-prezydenta-rp\/","og_locale":"cs_CZ","og_type":"article","og_title":"Zaprzysi\u0119\u017cenie Andrzeja Dudy na Prezydenta RP &#8211; Marek Kuchci\u0144ski","og_description":"Podczas Zgromadzenia Narodowego w Sejmie RP Andrzej Duda zosta\u0142 zaprzysi\u0119\u017cony na drug\u0105 kadencj\u0119. Zgodnie z Konstytucj\u0105 Prezydent RP obejmuje urz\u0105d po z\u0142o\u017ceniu wobec ZN nast\u0119puj\u0105cej przysi\u0119gi: \u201eObejmuj\u0105c z woli Narodu urz\u0105d Prezydenta Rzeczypospolitej Polskiej, uroczy\u015bcie przysi\u0119gam, \u017ce dochowam wierno\u015bci postanowieniom Konstytucji, b\u0119d\u0119 strzeg\u0142 niez\u0142omnie godno\u015bci Narodu, niepodleg\u0142o\u015bci i bezpiecze\u0144stwa Pa\u0144stwa, a dobro Ojczyzny oraz pomy\u015blno\u015b\u0107 [&hellip;]","og_url":"https:\/\/marekkuchcinski.pl\/cs\/wydarzenia\/zaprzysiezenie-andrzeja-dudy-na-prezydenta-rp\/","og_site_name":"Marek Kuchci\u0144ski","article_published_time":"2020-08-07T10:55:01+00:00","article_modified_time":"2020-08-13T11:56:07+00:00","og_image":[{"width":2048,"height":1364,"url":"https:\/\/marekkuchcinski.pl\/wp-content\/uploads\/2020\/08\/117333504_358265315174552_5578678664182731333_n.jpg","type":"image\/jpeg"}],"author":"Marta Olejnik","twitter_card":"summary_large_image","twitter_misc":{"Napsal(a)":"Marta Olejnik","Odhadovan\u00e1 doba \u010dten\u00ed":"1 minuta"},"schema":{"@context":"https:\/\/schema.org","@graph":[{"@type":"Article","@id":"https:\/\/marekkuchcinski.pl\/uk\/wydarzenia\/zaprzysiezenie-andrzeja-dudy-na-prezydenta-rp\/#article","isPartOf":{"@id":"https:\/\/marekkuchcinski.pl\/uk\/wydarzenia\/zaprzysiezenie-andrzeja-dudy-na-prezydenta-rp\/"},"author":{"name":"Marta Olejnik","@id":"https:\/\/marekkuchcinski.pl\/#\/schema\/person\/51d5d4ee3b5317b8e4dd2b48af359229"},"headline":"Zaprzysi\u0119\u017cenie Andrzeja Dudy na Prezydenta RP","datePublished":"2020-08-07T10:55:01+00:00","dateModified":"2020-08-13T11:56:07+00:00","mainEntityOfPage":{"@id":"https:\/\/marekkuchcinski.pl\/uk\/wydarzenia\/zaprzysiezenie-andrzeja-dudy-na-prezydenta-rp\/"},"wordCount":264,"commentCount":0,"publisher":{"@id":"https:\/\/marekkuchcinski.pl\/#organization"},"image":{"@id":"https:\/\/marekkuchcinski.pl\/uk\/wydarzenia\/zaprzysiezenie-andrzeja-dudy-na-prezydenta-rp\/#primaryimage"},"thumbnailUrl":"https:\/\/marekkuchcinski.pl\/wp-content\/uploads\/2020\/08\/117333504_358265315174552_5578678664182731333_n.jpg","articleSection":["Prawo i Sprawiedliwo\u015b\u0107","Wie\u015bci z Sejmu","Wydarzenia"],"inLanguage":"cs","potentialAction":[{"@type":"CommentAction","name":"Comment","target":["https:\/\/marekkuchcinski.pl\/uk\/wydarzenia\/zaprzysiezenie-andrzeja-dudy-na-prezydenta-rp\/#respond"]}]},{"@type":"WebPage","@id":"https:\/\/marekkuchcinski.pl\/uk\/wydarzenia\/zaprzysiezenie-andrzeja-dudy-na-prezydenta-rp\/","url":"https:\/\/marekkuchcinski.pl\/uk\/wydarzenia\/zaprzysiezenie-andrzeja-dudy-na-prezydenta-rp\/","name":"Zaprzysi\u0119\u017cenie Andrzeja Dudy na Prezydenta RP &#8211; Marek Kuchci\u0144ski","isPartOf":{"@id":"https:\/\/marekkuchcinski.pl\/#website"},"primaryImageOfPage":{"@id":"https:\/\/marekkuchcinski.pl\/uk\/wydarzenia\/zaprzysiezenie-andrzeja-dudy-na-prezydenta-rp\/#primaryimage"},"image":{"@id":"https:\/\/marekkuchcinski.pl\/uk\/wydarzenia\/zaprzysiezenie-andrzeja-dudy-na-prezydenta-rp\/#primaryimage"},"thumbnailUrl":"https:\/\/marekkuchcinski.pl\/wp-content\/uploads\/2020\/08\/117333504_358265315174552_5578678664182731333_n.jpg","datePublished":"2020-08-07T10:55:01+00:00","dateModified":"2020-08-13T11:56:07+00:00","breadcrumb":{"@id":"https:\/\/marekkuchcinski.pl\/uk\/wydarzenia\/zaprzysiezenie-andrzeja-dudy-na-prezydenta-rp\/#breadcrumb"},"inLanguage":"cs","potentialAction":[{"@type":"ReadAction","target":["https:\/\/marekkuchcinski.pl\/uk\/wydarzenia\/zaprzysiezenie-andrzeja-dudy-na-prezydenta-rp\/"]}]},{"@type":"ImageObject","inLanguage":"cs","@id":"https:\/\/marekkuchcinski.pl\/uk\/wydarzenia\/zaprzysiezenie-andrzeja-dudy-na-prezydenta-rp\/#primaryimage","url":"https:\/\/marekkuchcinski.pl\/wp-content\/uploads\/2020\/08\/117333504_358265315174552_5578678664182731333_n.jpg","contentUrl":"https:\/\/marekkuchcinski.pl\/wp-content\/uploads\/2020\/08\/117333504_358265315174552_5578678664182731333_n.jpg","width":2048,"height":1364},{"@type":"BreadcrumbList","@id":"https:\/\/marekkuchcinski.pl\/uk\/wydarzenia\/zaprzysiezenie-andrzeja-dudy-na-prezydenta-rp\/#breadcrumb","itemListElement":[{"@type":"ListItem","position":1,"name":"Strona g\u0142\u00f3wna","item":"https:\/\/marekkuchcinski.pl\/"},{"@type":"ListItem","position":2,"name":"Zaprzysi\u0119\u017cenie Andrzeja Dudy na Prezydenta RP"}]},{"@type":"WebSite","@id":"https:\/\/marekkuchcinski.pl\/#website","url":"https:\/\/marekkuchcinski.pl\/","name":"Marek Kuchci\u0144ski","description":"Pose\u0142 na sejm RP &ndash; okr\u0119g nr 22","publisher":{"@id":"https:\/\/marekkuchcinski.pl\/#organization"},"potentialAction":[{"@type":"SearchAction","target":{"@type":"EntryPoint","urlTemplate":"https:\/\/marekkuchcinski.pl\/?s={search_term_string}"},"query-input":{"@type":"PropertyValueSpecification","valueRequired":true,"valueName":"search_term_string"}}],"inLanguage":"cs"},{"@type":"Organization","@id":"https:\/\/marekkuchcinski.pl\/#organization","name":"Marek Kuchci\u0144ski","url":"https:\/\/marekkuchcinski.pl\/","logo":{"@type":"ImageObject","inLanguage":"cs","@id":"https:\/\/marekkuchcinski.pl\/#\/schema\/logo\/image\/","url":"https:\/\/marekkuchcinski.pl\/wp-content\/uploads\/2022\/09\/Marek.jpg","contentUrl":"https:\/\/marekkuchcinski.pl\/wp-content\/uploads\/2022\/09\/Marek.jpg","width":1600,"height":971,"caption":"Marek Kuchci\u0144ski"},"image":{"@id":"https:\/\/marekkuchcinski.pl\/#\/schema\/logo\/image\/"}},{"@type":"Person","@id":"https:\/\/marekkuchcinski.pl\/#\/schema\/person\/51d5d4ee3b5317b8e4dd2b48af359229","name":"Marta Olejnik","image":{"@type":"ImageObject","inLanguage":"cs","@id":"https:\/\/marekkuchcinski.pl\/#\/schema\/person\/image\/","url":"https:\/\/secure.gravatar.com\/avatar\/e39914b2aa6a48959e24d475b5dc9793?s=96&d=mm&r=g","contentUrl":"https:\/\/secure.gravatar.com\/avatar\/e39914b2aa6a48959e24d475b5dc9793?s=96&d=mm&r=g","caption":"Marta Olejnik"},"url":"https:\/\/marekkuchcinski.pl\/cs\/author\/marta\/"}]}},"_links":{"self":[{"href":"https:\/\/marekkuchcinski.pl\/cs\/wp-json\/wp\/v2\/posts\/19531","targetHints":{"allow":["GET"]}}],"collection":[{"href":"https:\/\/marekkuchcinski.pl\/cs\/wp-json\/wp\/v2\/posts"}],"about":[{"href":"https:\/\/marekkuchcinski.pl\/cs\/wp-json\/wp\/v2\/types\/post"}],"author":[{"embeddable":true,"href":"https:\/\/marekkuchcinski.pl\/cs\/wp-json\/wp\/v2\/users\/21"}],"replies":[{"embeddable":true,"href":"https:\/\/marekkuchcinski.pl\/cs\/wp-json\/wp\/v2\/comments?post=19531"}],"version-history":[{"count":7,"href":"https:\/\/marekkuchcinski.pl\/cs\/wp-json\/wp\/v2\/posts\/19531\/revisions"}],"predecessor-version":[{"id":19565,"href":"https:\/\/marekkuchcinski.pl\/cs\/wp-json\/wp\/v2\/posts\/19531\/revisions\/19565"}],"wp:featuredmedia":[{"embeddable":true,"href":"https:\/\/marekkuchcinski.pl\/cs\/wp-json\/wp\/v2\/media\/19533"}],"wp:attachment":[{"href":"https:\/\/marekkuchcinski.pl\/cs\/wp-json\/wp\/v2\/media?parent=19531"}],"wp:term":[{"taxonomy":"category","embeddable":true,"href":"https:\/\/marekkuchcinski.pl\/cs\/wp-json\/wp\/v2\/categories?post=19531"},{"taxonomy":"post_tag","embeddable":true,"href":"https:\/\/marekkuchcinski.pl\/cs\/wp-json\/wp\/v2\/tags?post=19531"}],"curies":[{"name":"wp","href":"https:\/\/api.w.org\/{rel}","templated":true}]}}