{"id":19325,"date":"2020-06-26T15:40:00","date_gmt":"2020-06-26T13:40:00","guid":{"rendered":"https:\/\/marek2.rkartist.pl\/?p=19325"},"modified":"2020-07-17T16:00:25","modified_gmt":"2020-07-17T14:00:25","slug":"morawiecki-na-podkarpaciu-andrzej-duda-stoi-po-stronie-zwyklych-ludzi","status":"publish","type":"post","link":"https:\/\/marekkuchcinski.pl\/cs\/wydarzenia\/morawiecki-na-podkarpaciu-andrzej-duda-stoi-po-stronie-zwyklych-ludzi\/","title":{"rendered":"Morawiecki na Podkarpatsk\u00e9 Rusi: Andrzej Duda je na stran\u011b oby\u010dejn\u00fdch lid\u00ed"},"content":{"rendered":"<p>- Spole\u010dn\u011b s v\u00e1mi, pane p\u0159edsedo, stoj\u00edme i nad\u00e1le na stran\u011b oby\u010dejn\u00fdch lid\u00ed. Bojujeme proti r\u016fzn\u00fdm z\u00e1jmov\u00fdm skupin\u00e1m, proti t\u011bm, kte\u0159\u00ed se spikli, aby Polsko b\u011b\u017eelo do kopce s kamenem u nohy. Bojuje proti nim i prezident,\" \u0159ekl Mateusz Morawiecki v Rzesz\u00f3w\u011b. Premi\u00e9r p\u0159ipomn\u011bl, \u017ee Podkarpatsk\u00e1 Rus z\u00edskala od vl\u00e1dy Pr\u00e1va a spravedlnosti sedmkr\u00e1t v\u011bt\u0161\u00ed finan\u010dn\u00ed podporu na infrastrukturu ne\u017e od vl\u00e1dy Donalda Tuska - na Podkarpatsku bylo dokon\u010deno 500 silni\u010dn\u00edch investic. \u00a0<\/p>\n\n\n\n<p><strong>Rychl\u00e1 reakce slu\u017eeb na povodn\u011b<\/strong><\/p>\n\n\n\n<p>Premi\u00e9r Mateusz Morawiecki zd\u016fraznil, \u017ee st\u00e1t rychle reagoval na povod\u0148ovou situaci v Podkarpatsk\u00e9m vojvodstv\u00ed a poskytl pomoc posti\u017een\u00fdm. \"Z vl\u00e1dn\u00ed \u00fa\u010delov\u00e9 rezervy byly p\u0159id\u011bleny d\u00e1vky pro 79 rodin. V sou\u010dasn\u00e9 dob\u011b se odhaduj\u00ed ztr\u00e1ty, aby bylo mo\u017en\u00e9 lidem co nejd\u0159\u00edve pomoci,\" poznamenal premi\u00e9r. \"Heslem na\u0161\u00ed vl\u00e1dy je nenechat nikoho bez pomoci,\" dodal.<\/p>\n\n\n\n<p><strong>Investice do prevence povodn\u00ed<\/strong><\/p>\n\n\n\n<p>Vl\u00e1da pl\u00e1nuje vybudovat investici, kter\u00e1 by pomohla ochr\u00e1nit obyvatele Rzeszowa a obce Krasne p\u0159ed povodn\u011bmi. Za t\u00edmto \u00fa\u010delem bude navr\u017een syst\u00e9m hospoda\u0159en\u00ed s vodou.<\/p>\n\n\n\n<p>Investice zahrnuje v\u00fdstavbu 2 protipovod\u0148ov\u00fdch n\u00e1dr\u017e\u00ed o celkov\u00e9 plo\u0161e 13,3 ha a kapacit\u011b 130 000 m3. Svahy budou tvarov\u00e1ny a b\u0159ehy budou po \u010d\u00e1stech zv\u00fd\u0161eny.<\/p>\n\n\n\n<p>Investice zajist\u00ed protipovod\u0148ovou ochranu pro p\u0159ibli\u017en\u011b 872 obyvatel a 273 obytn\u00fdch budov na celkov\u00e9 plo\u0161e 75 ha.<\/p>\n\n\n\n<p><strong>Podpora Podkarpatsk\u00e9ho vojvodstv\u00ed v r\u00e1mci vl\u00e1dn\u00edch protikrizov\u00fdch opat\u0159en\u00ed<\/strong><\/p>\n\n\n\n<p>V souvislosti se situac\u00ed zp\u016fsobenou COVID-19 vy\u010dlenila vl\u00e1da na pomoc pracovn\u00edk\u016fm a podnikatel\u016fm na Podkarpatsku v\u00edce ne\u017e 4,2 miliardy zlot\u00fdch.<\/p>\n\n\n\n<p>Protikrizov\u00fd \u0161t\u00edt: v\u00edce ne\u017e 1,3 miliardy PLN, v\u010detn\u011b dotac\u00ed na platy p\u0159ibli\u017en\u011b 120 tis\u00edc zam\u011bstnanc\u016f - v\u00edce ne\u017e 0,5 miliardy PLN.<br>Polsk\u00fd rozvojov\u00fd fond Finan\u010dn\u00ed \u0161t\u00edt: cca 2,5 miliardy PLN<br>Bank Gospodarstwa Krajowego \u0160t\u00edt pomoci: p\u0159ibli\u017en\u011b 0,5 miliardy PLN<\/p>\n\n\n\n<p><strong>Silni\u010dn\u00ed investice v Podkarpatsk\u00e9m vojvodstv\u00ed\u00a0\u00a0\u00a0\u00a0\u00a0\u00a0\u00a0\u00a0\u00a0\u00a0\u00a0\u00a0\u00a0\u00a0\u00a0\u00a0\u00a0\u00a0\u00a0\u00a0\u00a0\u00a0\u00a0\u00a0\u00a0\u00a0\u00a0\u00a0\u00a0\u00a0\u00a0\u00a0\u00a0\u00a0\u00a0\u00a0\u00a0\u00a0\u00a0\u00a0\u00a0\u00a0\u00a0\u00a0\u00a0\u00a0\u00a0\u00a0\u00a0\u00a0\u00a0\u00a0\u00a0\u00a0\u00a0\u00a0\u00a0\u00a0\u00a0\u00a0\u00a0\u00a0\u00a0\u00a0\u00a0\u00a0\u00a0\u00a0\u00a0\u00a0\u00a0\u00a0\u00a0\u00a0\u00a0\u00a0\u00a0\u00a0\u00a0\u00a0\u00a0\u00a0\u00a0\u00a0\u00a0\u00a0\u00a0\u00a0\u00a0\u00a0\u00a0<\/strong><\/p>\n\n\n\n<p>Na Podkarpatsku prob\u00edh\u00e1 dynamick\u00fd rozvoj nov\u00e9 silni\u010dn\u00ed s\u00edt\u011b, v\u010detn\u011b v\u00fdstavby trasy Via Carpatia - rychlostn\u00ed silnice S19.<\/p>\n\n\n\n<p>V\u00edce ne\u017e 54 km rychlostn\u00ed silnice S19 je ve v\u00fdstavb\u011b a dal\u0161\u00edch 85 km se p\u0159ipravuje. Pro dopravu ji\u017e bylo otev\u0159eno v\u00edce ne\u017e 30 km (od k\u0159i\u017eovatky Soko\u0142\u00f3w Ma\u0142opolski po k\u0159i\u017eovatku Rzesz\u00f3w Po\u0142udnie). D\u00e9lka S19 v Podkarpatsk\u00e9m vojvodstv\u00ed nakonec dos\u00e1hne p\u0159ibli\u017en\u011b 169 km.<\/p>\n\n\n\n<p><strong>S19 Lublin-Rzesz\u00f3w<\/strong><\/p>\n\n\n\n<p>Celkov\u00e1 d\u00e9lka \u00fasek\u016f s pl\u00e1novac\u00edm povolen\u00edm: 46 km.<br>Celkov\u00e1 hodnota investice: v\u00edce ne\u017e 1,3 miliardy PLN.<\/p>\n\n\n\n<p>V roce 2022. Rzesz\u00f3w bude spojen nejen s Lublinem rychlostn\u00ed silnic\u00ed S19, ale tak\u00e9 s Var\u0161avou silnic\u00ed S17. Vznikne tak nov\u00e9, pohodln\u00e9 a bezpe\u010dn\u00e9 silni\u010dn\u00ed spojen\u00ed s hlavn\u00edm m\u011bstem. Trasu dlouhou asi 300 km, kter\u00e1 spojuje p\u0159edm\u011bst\u00ed Rzeszowa a Var\u0161avy, lze autem projet za m\u00e9n\u011b ne\u017e 3 hodiny.<\/p>\n\n\n\n<p><strong>S19 Rzesz\u00f3w-Barwinek<\/strong><\/p>\n\n\n\n<p>P\u0159ipravuje se v\u00edce ne\u017e 85 km budouc\u00ed silnice S19 od k\u0159i\u017eovatky Rzesz\u00f3w Po\u0142udnie ke st\u00e1tn\u00ed hranici v Barwinku.<\/p>\n\n\n\n<p><strong>Program 100 obchvat\u016f<\/strong><\/p>\n\n\n\n<p>V Podkarpatsk\u00e9m vojvodstv\u00ed program zahrnuje mimo jin\u00e9 obchvaty:<\/p>\n\n\n\n<p>Sanok (DK28) - 7 km: otev\u0159ena v lednu 2020; t\u011b\u017ek\u00e1 tranzitn\u00ed doprava byla p\u0159esunuta mimo centrum m\u011bsta.<br>Stalowa Wola a Nisko (DK77) - 15 km: hodnota investice p\u0159esahuje 199 milion\u016f PLN; dokon\u010den\u00ed je pl\u00e1nov\u00e1no na prvn\u00ed \u010dtvrtlet\u00ed roku 2021.<br>Obchvat \u0141a\u0144cutu (DK94) - 5,8 km: investi\u010dn\u00ed hodnota p\u0159es 115 milion\u016f PLN; dokon\u010den\u00ed je pl\u00e1nov\u00e1no na z\u00e1\u0159\u00ed 2021.<\/p>\n\n\n\n<p>V Podkarpatsk\u00e9m vojvodstv\u00ed se st\u00e1le p\u0159ipravuje 8 obchvat\u016f.\u00a0<\/p>\n\n\n\n<p><strong>Vl\u00e1dn\u00ed podpora m\u00edstn\u00edch komunikac\u00ed<\/strong><\/p>\n\n\n\n<p>V letech 2016-2020 do\u0161lo k n\u00e1r\u016fstu vl\u00e1dn\u00ed podpory na zlep\u0161en\u00ed m\u00edstn\u00ed silni\u010dn\u00ed infrastruktury.<br>D\u00edky Fondu m\u00edstn\u00edch komunikac\u00ed se v roce 2019 prost\u0159edky pro Podkarpatsk\u00e9 vojvodstv\u00ed zv\u00fd\u0161ily oproti p\u0159edchoz\u00edm let\u016fm z 50 milion\u016f zlot\u00fdch na v\u00edce ne\u017e 300 milion\u016f zlot\u00fdch, tedy o 600 procent.<br>V letech 2016-2020 bylo na Podkarpatsk\u00e9 Rusi realizov\u00e1no 665 obecn\u00edch a okresn\u00edch \u00fakol\u016f za celkov\u00e9 spolufinancov\u00e1n\u00ed p\u0159es 656 milion\u016f PLN, z toho v roce 2019 p\u0159es 317 milion\u016f PLN z FDS.\u00a0<br>Celkem bylo vybudov\u00e1no, rekonstruov\u00e1no a opraveno 919 km m\u00edstn\u00edch komunikac\u00ed.<\/p>\n\n\n\n<p><strong>Program Mosty pro regiony<\/strong><\/p>\n\n\n\n<p>Program poskytuje finan\u010dn\u00ed prost\u0159edky na p\u0159\u00edpravu projektov\u00e9 dokumentace pro v\u00fdstavbu nov\u00fdch most\u016f strategick\u00e9ho v\u00fdznamu pro region.<br>Poskytli jsme finan\u010dn\u00ed prost\u0159edky ve v\u00fd\u0161i 5,8 milionu PLN na vypracov\u00e1n\u00ed projektov\u00e9 dokumentace pro v\u00fdstavbu 3 nov\u00fdch most\u016f v Podkarpatsk\u00e9m vojvodstv\u00ed: p\u0159es \u0159eku San v okresech Stalowa Wola, Jaros\u0142aw a Brzoz\u00f3w.<\/p>\n\n\n\n<p><em>zdroj: prime minister.gov<\/em><\/p>\n\n\n\n<figure class=\"wp-block-image size-large\"><img fetchpriority=\"high\" decoding=\"async\" width=\"960\" height=\"640\" src=\"https:\/\/marekkuchcinski.pl\/wp-content\/uploads\/2020\/07\/PMM-Rzesz\u00f3w.jpg\" alt=\"\" class=\"wp-image-19326\" srcset=\"https:\/\/marekkuchcinski.pl\/wp-content\/uploads\/2020\/07\/PMM-Rzesz\u00f3w.jpg 960w, https:\/\/marekkuchcinski.pl\/wp-content\/uploads\/2020\/07\/PMM-Rzesz\u00f3w-300x200.jpg 300w, https:\/\/marekkuchcinski.pl\/wp-content\/uploads\/2020\/07\/PMM-Rzesz\u00f3w-768x512.jpg 768w\" sizes=\"(max-width: 960px) 100vw, 960px\" \/><\/figure>\n\n\n\n<figure class=\"wp-block-image size-large\"><img decoding=\"async\" width=\"960\" height=\"720\" src=\"https:\/\/marekkuchcinski.pl\/wp-content\/uploads\/2020\/07\/M-rzesz\u00f3w.jpg\" alt=\"\" class=\"wp-image-19327\" srcset=\"https:\/\/marekkuchcinski.pl\/wp-content\/uploads\/2020\/07\/M-rzesz\u00f3w.jpg 960w, https:\/\/marekkuchcinski.pl\/wp-content\/uploads\/2020\/07\/M-rzesz\u00f3w-300x225.jpg 300w, https:\/\/marekkuchcinski.pl\/wp-content\/uploads\/2020\/07\/M-rzesz\u00f3w-768x576.jpg 768w\" sizes=\"(max-width: 960px) 100vw, 960px\" \/><\/figure>","protected":false},"excerpt":{"rendered":"<p>- Po celou dobu stoj\u00edme spole\u010dn\u011b s prezidentem na stran\u011b oby\u010dejn\u00fdch lid\u00ed. Bojujeme proti r\u016fzn\u00fdm z\u00e1jmov\u00fdm skupin\u00e1m, proti t\u011bm, kte\u0159\u00ed se spikli, aby Polsko b\u011b\u017eelo do kopce s kamenem u nohy. Bojuje proti nim i prezident,\" \u0159ekl Mateusz Morawiecki v Rzesz\u00f3w\u011b. Premi\u00e9r p\u0159ipomn\u011bl, \u017ee od vl\u00e1dy Pr\u00e1va a spravedlnosti dostalo Podkarpatsko sedmkr\u00e1t v\u011bt\u0161\u00ed finan\u010dn\u00ed podporu ne\u017e v minulosti, [...]<\/p>","protected":false},"author":17,"featured_media":19326,"comment_status":"open","ping_status":"open","sticky":false,"template":"","format":"standard","meta":{"ngg_post_thumbnail":0,"footnotes":""},"categories":[49,3],"tags":[],"class_list":["post-19325","post","type-post","status-publish","format-standard","has-post-thumbnail","hentry","category-podkarpacie","category-wydarzenia"],"yoast_head":"<!-- This site is optimized with the Yoast SEO plugin v24.7 - https:\/\/yoast.com\/wordpress\/plugins\/seo\/ -->\n<title>Morawiecki na Podkarpaciu: Andrzej Duda stoi po stronie zwyk\u0142ych ludzi &#8211; Marek Kuchci\u0144ski<\/title>\n<meta name=\"robots\" content=\"index, follow, max-snippet:-1, max-image-preview:large, max-video-preview:-1\" \/>\n<link rel=\"canonical\" href=\"https:\/\/marekkuchcinski.pl\/cs\/wydarzenia\/morawiecki-na-podkarpaciu-andrzej-duda-stoi-po-stronie-zwyklych-ludzi\/\" \/>\n<meta property=\"og:locale\" content=\"cs_CZ\" \/>\n<meta property=\"og:type\" content=\"article\" \/>\n<meta property=\"og:title\" content=\"Morawiecki na Podkarpaciu: Andrzej Duda stoi po stronie zwyk\u0142ych ludzi &#8211; Marek Kuchci\u0144ski\" \/>\n<meta property=\"og:description\" content=\"\u2013 Ca\u0142y czas stoimy razem z panem prezydentem po stronie zwyk\u0142ych ludzi. Walczymy z r\u00f3\u017cnymi grupami interes\u00f3w, z tymi, kt\u00f3rzy si\u0119 sprzysi\u0119gli, \u017ceby Polska bieg\u0142a pod g\u00f3rk\u0119 z kamieniem u nogi. Walczy z nimi te\u017c prezydent \u2013 m\u00f3wi\u0142 w Rzeszowie Mateusz Morawiecki.\u00a0Premier przypomnia\u0142, \u017ce od rz\u0105du Prawa i Sprawiedliwo\u015bci Podkarpacie otrzyma\u0142o siedmiokrotnie wi\u0119ksze wsparcie finansowe [&hellip;]\" \/>\n<meta property=\"og:url\" content=\"https:\/\/marekkuchcinski.pl\/cs\/wydarzenia\/morawiecki-na-podkarpaciu-andrzej-duda-stoi-po-stronie-zwyklych-ludzi\/\" \/>\n<meta property=\"og:site_name\" content=\"Marek Kuchci\u0144ski\" \/>\n<meta property=\"article:published_time\" content=\"2020-06-26T13:40:00+00:00\" \/>\n<meta property=\"article:modified_time\" content=\"2020-07-17T14:00:25+00:00\" \/>\n<meta property=\"og:image\" content=\"https:\/\/marekkuchcinski.pl\/wp-content\/uploads\/2020\/07\/PMM-Rzesz\u00f3w.jpg\" \/>\n\t<meta property=\"og:image:width\" content=\"960\" \/>\n\t<meta property=\"og:image:height\" content=\"640\" \/>\n\t<meta property=\"og:image:type\" content=\"image\/jpeg\" \/>\n<meta name=\"author\" content=\"Tomasz \u0141acina\" \/>\n<meta name=\"twitter:card\" content=\"summary_large_image\" \/>\n<meta name=\"twitter:label1\" content=\"Napsal(a)\" \/>\n\t<meta name=\"twitter:data1\" content=\"Tomasz \u0141acina\" \/>\n\t<meta name=\"twitter:label2\" content=\"Odhadovan\u00e1 doba \u010dten\u00ed\" \/>\n\t<meta name=\"twitter:data2\" content=\"3 minuty\" \/>\n<script type=\"application\/ld+json\" class=\"yoast-schema-graph\">{\"@context\":\"https:\/\/schema.org\",\"@graph\":[{\"@type\":\"Article\",\"@id\":\"https:\/\/marekkuchcinski.pl\/wydarzenia\/morawiecki-na-podkarpaciu-andrzej-duda-stoi-po-stronie-zwyklych-ludzi\/#article\",\"isPartOf\":{\"@id\":\"https:\/\/marekkuchcinski.pl\/wydarzenia\/morawiecki-na-podkarpaciu-andrzej-duda-stoi-po-stronie-zwyklych-ludzi\/\"},\"author\":{\"name\":\"Tomasz \u0141acina\",\"@id\":\"https:\/\/marekkuchcinski.pl\/#\/schema\/person\/b8a29fe7813098f7be78801d029910a7\"},\"headline\":\"Morawiecki na Podkarpaciu: Andrzej Duda stoi po stronie zwyk\u0142ych ludzi\",\"datePublished\":\"2020-06-26T13:40:00+00:00\",\"dateModified\":\"2020-07-17T14:00:25+00:00\",\"mainEntityOfPage\":{\"@id\":\"https:\/\/marekkuchcinski.pl\/wydarzenia\/morawiecki-na-podkarpaciu-andrzej-duda-stoi-po-stronie-zwyklych-ludzi\/\"},\"wordCount\":699,\"commentCount\":0,\"publisher\":{\"@id\":\"https:\/\/marekkuchcinski.pl\/#organization\"},\"image\":{\"@id\":\"https:\/\/marekkuchcinski.pl\/wydarzenia\/morawiecki-na-podkarpaciu-andrzej-duda-stoi-po-stronie-zwyklych-ludzi\/#primaryimage\"},\"thumbnailUrl\":\"https:\/\/marekkuchcinski.pl\/wp-content\/uploads\/2020\/07\/PMM-Rzesz\u00f3w.jpg\",\"articleSection\":[\"Podkarpacie\",\"Wydarzenia\"],\"inLanguage\":\"cs\",\"potentialAction\":[{\"@type\":\"CommentAction\",\"name\":\"Comment\",\"target\":[\"https:\/\/marekkuchcinski.pl\/wydarzenia\/morawiecki-na-podkarpaciu-andrzej-duda-stoi-po-stronie-zwyklych-ludzi\/#respond\"]}]},{\"@type\":\"WebPage\",\"@id\":\"https:\/\/marekkuchcinski.pl\/wydarzenia\/morawiecki-na-podkarpaciu-andrzej-duda-stoi-po-stronie-zwyklych-ludzi\/\",\"url\":\"https:\/\/marekkuchcinski.pl\/wydarzenia\/morawiecki-na-podkarpaciu-andrzej-duda-stoi-po-stronie-zwyklych-ludzi\/\",\"name\":\"Morawiecki na Podkarpaciu: Andrzej Duda stoi po stronie zwyk\u0142ych ludzi &#8211; Marek Kuchci\u0144ski\",\"isPartOf\":{\"@id\":\"https:\/\/marekkuchcinski.pl\/#website\"},\"primaryImageOfPage\":{\"@id\":\"https:\/\/marekkuchcinski.pl\/wydarzenia\/morawiecki-na-podkarpaciu-andrzej-duda-stoi-po-stronie-zwyklych-ludzi\/#primaryimage\"},\"image\":{\"@id\":\"https:\/\/marekkuchcinski.pl\/wydarzenia\/morawiecki-na-podkarpaciu-andrzej-duda-stoi-po-stronie-zwyklych-ludzi\/#primaryimage\"},\"thumbnailUrl\":\"https:\/\/marekkuchcinski.pl\/wp-content\/uploads\/2020\/07\/PMM-Rzesz\u00f3w.jpg\",\"datePublished\":\"2020-06-26T13:40:00+00:00\",\"dateModified\":\"2020-07-17T14:00:25+00:00\",\"breadcrumb\":{\"@id\":\"https:\/\/marekkuchcinski.pl\/wydarzenia\/morawiecki-na-podkarpaciu-andrzej-duda-stoi-po-stronie-zwyklych-ludzi\/#breadcrumb\"},\"inLanguage\":\"cs\",\"potentialAction\":[{\"@type\":\"ReadAction\",\"target\":[\"https:\/\/marekkuchcinski.pl\/wydarzenia\/morawiecki-na-podkarpaciu-andrzej-duda-stoi-po-stronie-zwyklych-ludzi\/\"]}]},{\"@type\":\"ImageObject\",\"inLanguage\":\"cs\",\"@id\":\"https:\/\/marekkuchcinski.pl\/wydarzenia\/morawiecki-na-podkarpaciu-andrzej-duda-stoi-po-stronie-zwyklych-ludzi\/#primaryimage\",\"url\":\"https:\/\/marekkuchcinski.pl\/wp-content\/uploads\/2020\/07\/PMM-Rzesz\u00f3w.jpg\",\"contentUrl\":\"https:\/\/marekkuchcinski.pl\/wp-content\/uploads\/2020\/07\/PMM-Rzesz\u00f3w.jpg\",\"width\":960,\"height\":640},{\"@type\":\"BreadcrumbList\",\"@id\":\"https:\/\/marekkuchcinski.pl\/wydarzenia\/morawiecki-na-podkarpaciu-andrzej-duda-stoi-po-stronie-zwyklych-ludzi\/#breadcrumb\",\"itemListElement\":[{\"@type\":\"ListItem\",\"position\":1,\"name\":\"Strona g\u0142\u00f3wna\",\"item\":\"https:\/\/marekkuchcinski.pl\/\"},{\"@type\":\"ListItem\",\"position\":2,\"name\":\"Morawiecki na Podkarpaciu: Andrzej Duda stoi po stronie zwyk\u0142ych ludzi\"}]},{\"@type\":\"WebSite\",\"@id\":\"https:\/\/marekkuchcinski.pl\/#website\",\"url\":\"https:\/\/marekkuchcinski.pl\/\",\"name\":\"Marek Kuchci\u0144ski\",\"description\":\"Pose\u0142 na sejm RP &ndash; okr\u0119g nr 22\",\"publisher\":{\"@id\":\"https:\/\/marekkuchcinski.pl\/#organization\"},\"potentialAction\":[{\"@type\":\"SearchAction\",\"target\":{\"@type\":\"EntryPoint\",\"urlTemplate\":\"https:\/\/marekkuchcinski.pl\/?s={search_term_string}\"},\"query-input\":{\"@type\":\"PropertyValueSpecification\",\"valueRequired\":true,\"valueName\":\"search_term_string\"}}],\"inLanguage\":\"cs\"},{\"@type\":\"Organization\",\"@id\":\"https:\/\/marekkuchcinski.pl\/#organization\",\"name\":\"Marek Kuchci\u0144ski\",\"url\":\"https:\/\/marekkuchcinski.pl\/\",\"logo\":{\"@type\":\"ImageObject\",\"inLanguage\":\"cs\",\"@id\":\"https:\/\/marekkuchcinski.pl\/#\/schema\/logo\/image\/\",\"url\":\"https:\/\/marekkuchcinski.pl\/wp-content\/uploads\/2022\/09\/Marek.jpg\",\"contentUrl\":\"https:\/\/marekkuchcinski.pl\/wp-content\/uploads\/2022\/09\/Marek.jpg\",\"width\":1600,\"height\":971,\"caption\":\"Marek Kuchci\u0144ski\"},\"image\":{\"@id\":\"https:\/\/marekkuchcinski.pl\/#\/schema\/logo\/image\/\"}},{\"@type\":\"Person\",\"@id\":\"https:\/\/marekkuchcinski.pl\/#\/schema\/person\/b8a29fe7813098f7be78801d029910a7\",\"name\":\"Tomasz \u0141acina\",\"image\":{\"@type\":\"ImageObject\",\"inLanguage\":\"cs\",\"@id\":\"https:\/\/marekkuchcinski.pl\/#\/schema\/person\/image\/\",\"url\":\"https:\/\/secure.gravatar.com\/avatar\/22e75f6c51aff77a676ed77dd222f852?s=96&d=mm&r=g\",\"contentUrl\":\"https:\/\/secure.gravatar.com\/avatar\/22e75f6c51aff77a676ed77dd222f852?s=96&d=mm&r=g\",\"caption\":\"Tomasz \u0141acina\"},\"url\":\"https:\/\/marekkuchcinski.pl\/cs\/author\/tomek-lacina\/\"}]}<\/script>\n<!-- \/ Yoast SEO plugin. -->","yoast_head_json":{"title":"Morawiecki na Podkarpaciu: Andrzej Duda stoi po stronie zwyk\u0142ych ludzi &#8211; Marek Kuchci\u0144ski","robots":{"index":"index","follow":"follow","max-snippet":"max-snippet:-1","max-image-preview":"max-image-preview:large","max-video-preview":"max-video-preview:-1"},"canonical":"https:\/\/marekkuchcinski.pl\/cs\/wydarzenia\/morawiecki-na-podkarpaciu-andrzej-duda-stoi-po-stronie-zwyklych-ludzi\/","og_locale":"cs_CZ","og_type":"article","og_title":"Morawiecki na Podkarpaciu: Andrzej Duda stoi po stronie zwyk\u0142ych ludzi &#8211; Marek Kuchci\u0144ski","og_description":"\u2013 Ca\u0142y czas stoimy razem z panem prezydentem po stronie zwyk\u0142ych ludzi. Walczymy z r\u00f3\u017cnymi grupami interes\u00f3w, z tymi, kt\u00f3rzy si\u0119 sprzysi\u0119gli, \u017ceby Polska bieg\u0142a pod g\u00f3rk\u0119 z kamieniem u nogi. Walczy z nimi te\u017c prezydent \u2013 m\u00f3wi\u0142 w Rzeszowie Mateusz Morawiecki.\u00a0Premier przypomnia\u0142, \u017ce od rz\u0105du Prawa i Sprawiedliwo\u015bci Podkarpacie otrzyma\u0142o siedmiokrotnie wi\u0119ksze wsparcie finansowe [&hellip;]","og_url":"https:\/\/marekkuchcinski.pl\/cs\/wydarzenia\/morawiecki-na-podkarpaciu-andrzej-duda-stoi-po-stronie-zwyklych-ludzi\/","og_site_name":"Marek Kuchci\u0144ski","article_published_time":"2020-06-26T13:40:00+00:00","article_modified_time":"2020-07-17T14:00:25+00:00","og_image":[{"width":960,"height":640,"url":"https:\/\/marekkuchcinski.pl\/wp-content\/uploads\/2020\/07\/PMM-Rzesz\u00f3w.jpg","type":"image\/jpeg"}],"author":"Tomasz \u0141acina","twitter_card":"summary_large_image","twitter_misc":{"Napsal(a)":"Tomasz \u0141acina","Odhadovan\u00e1 doba \u010dten\u00ed":"3 minuty"},"schema":{"@context":"https:\/\/schema.org","@graph":[{"@type":"Article","@id":"https:\/\/marekkuchcinski.pl\/wydarzenia\/morawiecki-na-podkarpaciu-andrzej-duda-stoi-po-stronie-zwyklych-ludzi\/#article","isPartOf":{"@id":"https:\/\/marekkuchcinski.pl\/wydarzenia\/morawiecki-na-podkarpaciu-andrzej-duda-stoi-po-stronie-zwyklych-ludzi\/"},"author":{"name":"Tomasz \u0141acina","@id":"https:\/\/marekkuchcinski.pl\/#\/schema\/person\/b8a29fe7813098f7be78801d029910a7"},"headline":"Morawiecki na Podkarpaciu: Andrzej Duda stoi po stronie zwyk\u0142ych ludzi","datePublished":"2020-06-26T13:40:00+00:00","dateModified":"2020-07-17T14:00:25+00:00","mainEntityOfPage":{"@id":"https:\/\/marekkuchcinski.pl\/wydarzenia\/morawiecki-na-podkarpaciu-andrzej-duda-stoi-po-stronie-zwyklych-ludzi\/"},"wordCount":699,"commentCount":0,"publisher":{"@id":"https:\/\/marekkuchcinski.pl\/#organization"},"image":{"@id":"https:\/\/marekkuchcinski.pl\/wydarzenia\/morawiecki-na-podkarpaciu-andrzej-duda-stoi-po-stronie-zwyklych-ludzi\/#primaryimage"},"thumbnailUrl":"https:\/\/marekkuchcinski.pl\/wp-content\/uploads\/2020\/07\/PMM-Rzesz\u00f3w.jpg","articleSection":["Podkarpacie","Wydarzenia"],"inLanguage":"cs","potentialAction":[{"@type":"CommentAction","name":"Comment","target":["https:\/\/marekkuchcinski.pl\/wydarzenia\/morawiecki-na-podkarpaciu-andrzej-duda-stoi-po-stronie-zwyklych-ludzi\/#respond"]}]},{"@type":"WebPage","@id":"https:\/\/marekkuchcinski.pl\/wydarzenia\/morawiecki-na-podkarpaciu-andrzej-duda-stoi-po-stronie-zwyklych-ludzi\/","url":"https:\/\/marekkuchcinski.pl\/wydarzenia\/morawiecki-na-podkarpaciu-andrzej-duda-stoi-po-stronie-zwyklych-ludzi\/","name":"Morawiecki na Podkarpaciu: Andrzej Duda stoi po stronie zwyk\u0142ych ludzi &#8211; Marek Kuchci\u0144ski","isPartOf":{"@id":"https:\/\/marekkuchcinski.pl\/#website"},"primaryImageOfPage":{"@id":"https:\/\/marekkuchcinski.pl\/wydarzenia\/morawiecki-na-podkarpaciu-andrzej-duda-stoi-po-stronie-zwyklych-ludzi\/#primaryimage"},"image":{"@id":"https:\/\/marekkuchcinski.pl\/wydarzenia\/morawiecki-na-podkarpaciu-andrzej-duda-stoi-po-stronie-zwyklych-ludzi\/#primaryimage"},"thumbnailUrl":"https:\/\/marekkuchcinski.pl\/wp-content\/uploads\/2020\/07\/PMM-Rzesz\u00f3w.jpg","datePublished":"2020-06-26T13:40:00+00:00","dateModified":"2020-07-17T14:00:25+00:00","breadcrumb":{"@id":"https:\/\/marekkuchcinski.pl\/wydarzenia\/morawiecki-na-podkarpaciu-andrzej-duda-stoi-po-stronie-zwyklych-ludzi\/#breadcrumb"},"inLanguage":"cs","potentialAction":[{"@type":"ReadAction","target":["https:\/\/marekkuchcinski.pl\/wydarzenia\/morawiecki-na-podkarpaciu-andrzej-duda-stoi-po-stronie-zwyklych-ludzi\/"]}]},{"@type":"ImageObject","inLanguage":"cs","@id":"https:\/\/marekkuchcinski.pl\/wydarzenia\/morawiecki-na-podkarpaciu-andrzej-duda-stoi-po-stronie-zwyklych-ludzi\/#primaryimage","url":"https:\/\/marekkuchcinski.pl\/wp-content\/uploads\/2020\/07\/PMM-Rzesz\u00f3w.jpg","contentUrl":"https:\/\/marekkuchcinski.pl\/wp-content\/uploads\/2020\/07\/PMM-Rzesz\u00f3w.jpg","width":960,"height":640},{"@type":"BreadcrumbList","@id":"https:\/\/marekkuchcinski.pl\/wydarzenia\/morawiecki-na-podkarpaciu-andrzej-duda-stoi-po-stronie-zwyklych-ludzi\/#breadcrumb","itemListElement":[{"@type":"ListItem","position":1,"name":"Strona g\u0142\u00f3wna","item":"https:\/\/marekkuchcinski.pl\/"},{"@type":"ListItem","position":2,"name":"Morawiecki na Podkarpaciu: Andrzej Duda stoi po stronie zwyk\u0142ych ludzi"}]},{"@type":"WebSite","@id":"https:\/\/marekkuchcinski.pl\/#website","url":"https:\/\/marekkuchcinski.pl\/","name":"Marek Kuchci\u0144ski","description":"Pose\u0142 na sejm RP &ndash; okr\u0119g nr 22","publisher":{"@id":"https:\/\/marekkuchcinski.pl\/#organization"},"potentialAction":[{"@type":"SearchAction","target":{"@type":"EntryPoint","urlTemplate":"https:\/\/marekkuchcinski.pl\/?s={search_term_string}"},"query-input":{"@type":"PropertyValueSpecification","valueRequired":true,"valueName":"search_term_string"}}],"inLanguage":"cs"},{"@type":"Organization","@id":"https:\/\/marekkuchcinski.pl\/#organization","name":"Marek Kuchci\u0144ski","url":"https:\/\/marekkuchcinski.pl\/","logo":{"@type":"ImageObject","inLanguage":"cs","@id":"https:\/\/marekkuchcinski.pl\/#\/schema\/logo\/image\/","url":"https:\/\/marekkuchcinski.pl\/wp-content\/uploads\/2022\/09\/Marek.jpg","contentUrl":"https:\/\/marekkuchcinski.pl\/wp-content\/uploads\/2022\/09\/Marek.jpg","width":1600,"height":971,"caption":"Marek Kuchci\u0144ski"},"image":{"@id":"https:\/\/marekkuchcinski.pl\/#\/schema\/logo\/image\/"}},{"@type":"Person","@id":"https:\/\/marekkuchcinski.pl\/#\/schema\/person\/b8a29fe7813098f7be78801d029910a7","name":"Tomasz \u0141acina","image":{"@type":"ImageObject","inLanguage":"cs","@id":"https:\/\/marekkuchcinski.pl\/#\/schema\/person\/image\/","url":"https:\/\/secure.gravatar.com\/avatar\/22e75f6c51aff77a676ed77dd222f852?s=96&d=mm&r=g","contentUrl":"https:\/\/secure.gravatar.com\/avatar\/22e75f6c51aff77a676ed77dd222f852?s=96&d=mm&r=g","caption":"Tomasz \u0141acina"},"url":"https:\/\/marekkuchcinski.pl\/cs\/author\/tomek-lacina\/"}]}},"_links":{"self":[{"href":"https:\/\/marekkuchcinski.pl\/cs\/wp-json\/wp\/v2\/posts\/19325","targetHints":{"allow":["GET"]}}],"collection":[{"href":"https:\/\/marekkuchcinski.pl\/cs\/wp-json\/wp\/v2\/posts"}],"about":[{"href":"https:\/\/marekkuchcinski.pl\/cs\/wp-json\/wp\/v2\/types\/post"}],"author":[{"embeddable":true,"href":"https:\/\/marekkuchcinski.pl\/cs\/wp-json\/wp\/v2\/users\/17"}],"replies":[{"embeddable":true,"href":"https:\/\/marekkuchcinski.pl\/cs\/wp-json\/wp\/v2\/comments?post=19325"}],"version-history":[{"count":1,"href":"https:\/\/marekkuchcinski.pl\/cs\/wp-json\/wp\/v2\/posts\/19325\/revisions"}],"predecessor-version":[{"id":19328,"href":"https:\/\/marekkuchcinski.pl\/cs\/wp-json\/wp\/v2\/posts\/19325\/revisions\/19328"}],"wp:featuredmedia":[{"embeddable":true,"href":"https:\/\/marekkuchcinski.pl\/cs\/wp-json\/wp\/v2\/media\/19326"}],"wp:attachment":[{"href":"https:\/\/marekkuchcinski.pl\/cs\/wp-json\/wp\/v2\/media?parent=19325"}],"wp:term":[{"taxonomy":"category","embeddable":true,"href":"https:\/\/marekkuchcinski.pl\/cs\/wp-json\/wp\/v2\/categories?post=19325"},{"taxonomy":"post_tag","embeddable":true,"href":"https:\/\/marekkuchcinski.pl\/cs\/wp-json\/wp\/v2\/tags?post=19325"}],"curies":[{"name":"wp","href":"https:\/\/api.w.org\/{rel}","templated":true}]}}