{"id":19133,"date":"2020-04-15T14:56:00","date_gmt":"2020-04-15T12:56:00","guid":{"rendered":"https:\/\/marek2.rkartist.pl\/?p=19133"},"modified":"2020-08-07T17:25:31","modified_gmt":"2020-08-07T15:25:31","slug":"na-kresach-unii-glos-w-dyskusji-wita-wojtowicza","status":"publish","type":"post","link":"https:\/\/marekkuchcinski.pl\/cs\/europa-karpat\/europa-karpat-dyskusja\/na-kresach-unii-glos-w-dyskusji-wita-wojtowicza\/","title":{"rendered":"\"NA HRANIC\u00cdCH UNIE\" - hlas v diskusi Wit Wojtowicz"},"content":{"rendered":"<figure class=\"wp-block-image size-large\"><img fetchpriority=\"high\" decoding=\"async\" width=\"1024\" height=\"545\" src=\"https:\/\/marekkuchcinski.pl\/wp-content\/uploads\/2020\/07\/AAB8294-1024x545.jpg\" alt=\"\" class=\"wp-image-19134\" srcset=\"https:\/\/marekkuchcinski.pl\/wp-content\/uploads\/2020\/07\/AAB8294-1024x545.jpg 1024w, https:\/\/marekkuchcinski.pl\/wp-content\/uploads\/2020\/07\/AAB8294-300x160.jpg 300w, https:\/\/marekkuchcinski.pl\/wp-content\/uploads\/2020\/07\/AAB8294-768x408.jpg 768w, https:\/\/marekkuchcinski.pl\/wp-content\/uploads\/2020\/07\/AAB8294.jpg 1181w\" sizes=\"(max-width: 1024px) 100vw, 1024px\" \/><figcaption>Muzeum - Z\u00e1mek v Lancutu<\/figcaption><\/figure>\n\n\n\n<p class=\"has-medium-font-size\">&nbsp;&nbsp;&nbsp;&nbsp;&nbsp;&nbsp;&nbsp;&nbsp;&nbsp; <em>P\u0159edpoklady n\u00ed\u017ee projedn\u00e1van\u00e9ho n\u00e1vrhu jsem p\u0159edstavil 25. z\u00e1\u0159\u00ed 2018 na zased\u00e1n\u00ed V\u0161eobecn\u00e9ho v\u00fdboru pro hospod\u00e1\u0159sk\u00e9 z\u00e1le\u017eitosti Parlamentn\u00edho shrom\u00e1\u017ed\u011bn\u00ed St\u0159edoevropsk\u00e9 iniciativy v Sejmu.&nbsp;<a href=\"https:\/\/youtu.be\/lRsqjmYg8LM\">https:\/\/youtu.be\/lRsqjmYg8LM<\/a>. Jedn\u00edm z t\u00e9mat jedn\u00e1n\u00ed byl projekt silnice Via Carpatia. Jedn\u00e1 se o novou dopravn\u00ed trasu vedouc\u00ed z jihu na sever p\u0159es zem\u011b se spole\u010dn\u00fdmi kulturn\u00edmi a historick\u00fdmi ko\u0159eny, kter\u00e9 dlouh\u00e1 l\u00e9ta z\u016fst\u00e1valy ve sf\u00e9\u0159e vlivu SSSR. Proch\u00e1z\u00ed pod\u00e9l v\u00fdchodn\u00ed hranice Evropsk\u00e9 unie a m\u011bla by pos\u00edlit a podpo\u0159it nejen hospod\u00e1\u0159stv\u00ed, ale tak\u00e9 region\u00e1ln\u00ed rozmanitost kulturn\u00edho d\u011bdictv\u00ed. Nav\u00e1\u017ee na t\u00e9ma setk\u00e1n\u00ed zem\u00ed V4 v \u0141a\u0144cutu 14. \u0159\u00edjna 2016, kdy se p\u0159edsedov\u00e9 shodli, \u017ee \"Evropa je p\u0159edev\u0161\u00edm o kultu\u0159e. Nejde jen o zachov\u00e1n\u00ed, ale p\u0159edev\u0161\u00edm o rozvoj n\u00e1rodn\u00edch kultur.<\/em><\/p>\n\n\n\n<p class=\"has-medium-font-size\">&nbsp;&nbsp;&nbsp;&nbsp;&nbsp;&nbsp;&nbsp;&nbsp;&nbsp;&nbsp;&nbsp; <em>Krom\u011b realizace v\u00fd\u0161e uveden\u00e9ho pl\u00e1nu by se m\u011bly po\u0159\u00e1dat \u010detn\u00e9 akce na podporu kultury a um\u011bn\u00ed zem\u00ed t\u00e9to \u010d\u00e1sti Evropy pod n\u00e1zvem \"ABC Trimarium\" (kde \"a\", \"b\" a \"c\" znamenaj\u00ed prvn\u00ed p\u00edsmena n\u00e1zv\u016f mo\u0159\u00ed v pol\u0161tin\u011b: Jadran, Balt a \u010cern\u00e9 mo\u0159e). Jednalo by se o cyklus setk\u00e1n\u00ed s kulturou a um\u011bn\u00edm t\u0159\u00ed moravsk\u00fdch zem\u00ed spojen\u00fd s prezentac\u00ed v\u00fdstav fotografi\u00ed, filmu, divadla, hudby a setk\u00e1n\u00ed s lidmi z oblasti kultury a v\u011bdy. To v\u0161e je - podle m\u00e9ho n\u00e1zoru - dobr\u00e1 a dostate\u010dn\u00e1 \"z\u00e1minka\" k p\u0159\u00edprav\u011b mezin\u00e1rodn\u00edho setk\u00e1n\u00ed ministr\u016f kultury (a mo\u017en\u00e1 i cestovn\u00edho ruchu?) v \u0141a\u0144cutu (sic!).<\/em><\/p>\n\n\n\n<p class=\"has-medium-font-size\">&nbsp;&nbsp;&nbsp;&nbsp;&nbsp;&nbsp;&nbsp;&nbsp;&nbsp;&nbsp;&nbsp; <em>Ned\u00e1vn\u00e9 setk\u00e1n\u00ed Via Carpatia v Lan\u017ehot\u011b 17. dubna 2019 jsme p\u0159iv\u00edtali s obrovskou radost\u00ed, \u017ee m\u00e1me mo\u017enost se t\u011bchto historick\u00fdch ud\u00e1lost\u00ed \u00fa\u010dastnit. C\u00edt\u00edme se zav\u00e1z\u00e1ni kr\u00e1sn\u00fdmi slovy zesnul\u00e9ho polsk\u00e9ho prezidenta Lecha Kaczy\u0144sk\u00e9ho, kter\u00e1 pronesl v roce 2006 v \u0141a\u0144cutu. Velmi si p\u0159ejeme tato p\u0159\u00e1n\u00ed splnit.<\/em><\/p>\n\n\n\n<figure class=\"wp-block-image size-large\"><img decoding=\"async\" width=\"658\" height=\"1024\" src=\"https:\/\/marekkuchcinski.pl\/wp-content\/uploads\/2020\/07\/Korytarz-Via-Carpatia-658x1024.jpg\" alt=\"\" class=\"wp-image-19135\" srcset=\"https:\/\/marekkuchcinski.pl\/wp-content\/uploads\/2020\/07\/Korytarz-Via-Carpatia-658x1024.jpg 658w, https:\/\/marekkuchcinski.pl\/wp-content\/uploads\/2020\/07\/Korytarz-Via-Carpatia-193x300.jpg 193w, https:\/\/marekkuchcinski.pl\/wp-content\/uploads\/2020\/07\/Korytarz-Via-Carpatia-768x1195.jpg 768w, https:\/\/marekkuchcinski.pl\/wp-content\/uploads\/2020\/07\/Korytarz-Via-Carpatia-987x1536.jpg 987w, https:\/\/marekkuchcinski.pl\/wp-content\/uploads\/2020\/07\/Korytarz-Via-Carpatia.jpg 1316w\" sizes=\"(max-width: 658px) 100vw, 658px\" \/><\/figure>\n\n\n\n<p class=\"has-medium-font-size\">&nbsp;&nbsp;&nbsp;&nbsp;&nbsp;&nbsp;&nbsp;&nbsp;&nbsp; <em>Domn\u00edv\u00e1m se, \u017ee spolupr\u00e1ce dal\u0161\u00edch instituc\u00ed na t\u00e9to Stezce d\u011bdictv\u00ed m\u016f\u017ee b\u00fdt d\u00e1le roz\u0161\u00ed\u0159ena o univerzity, filharmonie, divadla apod. Je to skv\u011bl\u00e9 pole pro mezin\u00e1rodn\u00ed spolupr\u00e1ci a z\u00e1rove\u0148 vytv\u00e1\u0159\u00ed p\u0159\u00edle\u017eitosti pro vz\u00e1jemn\u00e9 pozn\u00e1v\u00e1n\u00ed kulturn\u00edho d\u011bdictv\u00ed a sou\u010dasn\u00e9ho d\u011bn\u00ed v oblasti kultury, um\u011bn\u00ed a v\u011bdy.<\/em><\/p>\n\n\n\n<p>&nbsp;&nbsp;&nbsp;&nbsp;&nbsp;&nbsp;&nbsp;&nbsp;&nbsp;&nbsp;<\/p>\n\n\n\n<p class=\"has-medium-font-size\">&nbsp;&nbsp;&nbsp;&nbsp;&nbsp;&nbsp;&nbsp;&nbsp;&nbsp; <em>Velmi d\u016fle\u017eit\u00e9 mohou b\u00fdt cyklick\u00e9 semin\u00e1\u0159e v\u011bnovan\u00e9 vz\u00e1jemn\u00fdm vztah\u016fm a vazb\u00e1m mezi zem\u011bmi st\u0159edn\u00ed a jihov\u00fdchodn\u00ed Evropy v pr\u016fb\u011bhu d\u011bjin, v\u010detn\u011b prvk\u016f jejich historie, zvyk\u016f a historick\u00e9 geografie. Tyto aktivity dopln\u00ed jeden nebo n\u011bkolik dn\u00ed \"D\u011bdictv\u00ed pr\u00e1zdnin\" pro dosp\u011bl\u00e9, kte\u0159\u00ed se cht\u011bj\u00ed dozv\u011bd\u011bt v\u00edce o n\u00e1rodn\u00edch identit\u00e1ch zem\u00ed, kter\u00e9 v sou\u010dasnosti tvo\u0159\u00ed oblast Trojm\u011bst\u00ed. Tato setk\u00e1n\u00ed by se m\u011bla skl\u00e1dat z r\u016fzn\u00fdch obdob\u00ed v\u011bnovan\u00fdch dan\u00e9mu t\u00e9matu a rozd\u00edl\u016fm v jeho vn\u00edm\u00e1n\u00ed v jednotliv\u00fdch zem\u00edch nebo v dan\u00e9 um\u011bleck\u00e9 \u010di kulturn\u00ed oblasti. Bude tak\u00e9 mo\u017en\u00e9 uspo\u0159\u00e1dat monografick\u00e9 p\u0159edn\u00e1\u0161ky v\u011bnovan\u00e9 pam\u00e1tn\u00fdm m\u00edst\u016fm v jednotliv\u00fdch zem\u00edch Trojzem\u00ed, a to jak v topografick\u00e9m, tak v metaforick\u00e9m smyslu.<\/em><\/p>\n\n\n\n<p class=\"has-medium-font-size\">&nbsp;&nbsp;&nbsp;&nbsp;&nbsp;&nbsp;&nbsp;&nbsp;&nbsp;&nbsp;&nbsp;<em> Takto strukturovan\u00fd program bude nejen propagovat tyto zem\u011b, ale m\u016f\u017ee tak\u00e9 p\u0159isp\u011bt k budov\u00e1n\u00ed vztah\u016f mezi n\u00e1rody, kter\u00e9 v nich \u017eij\u00ed, k pos\u00edlen\u00ed pocitu soun\u00e1le\u017eitosti s danou oblast\u00ed a \u00facty k historii a kontinuit\u011b tradic (n\u00e1rodn\u00ed a st\u00e1tn\u00ed sv\u00e1tky, p\u00e9\u010de o pam\u00e1tku m\u00edst velk\u00fdch ud\u00e1lost\u00ed a hrdin\u016f s nimi spojen\u00fdch).<\/em><\/p>\n\n\n\n<p class=\"has-medium-font-size\">&nbsp;&nbsp;&nbsp;&nbsp;&nbsp;&nbsp;&nbsp;&nbsp;&nbsp;&nbsp;<em>&nbsp; T\u00e9m\u011b\u0159 v\u0161echny zem\u011b v t\u00e9to oblasti byly po l\u00e9ta dob\u00fdv\u00e1ny a zotro\u010dov\u00e1ny. Kdysi m\u011bli spole\u010dn\u00e9ho nep\u0159\u00edtele, kter\u00fd d\u011blal v\u0161e, co bylo v jeho sil\u00e1ch, aby je rozd\u011blil - a v mnoha p\u0159\u00edpadech (bohu\u017eel a\u017e p\u0159\u00edli\u0161 mnoha) se mu to poda\u0159ilo. Z\u00e1kladem kolektivn\u00ed identity t\u011bchto zem\u00ed je neust\u00e1l\u00e1 touha po svobod\u011b, suverenit\u011b a nez\u00e1vislosti. Je nejvy\u0161\u0161\u00ed \u010das promluvit o t\u00e9to t\u011b\u017ek\u00e9 minulosti v z\u00e1jmu budoucnosti. Tyto zem\u011b spojuje boj proti komunistick\u00e9 diktatu\u0159e. Je t\u0159eba pe\u010dovat o pam\u00e1tku t\u011bch, kte\u0159\u00ed si svobodu vybojovali, a prezentovat zm\u011bny ve svobod\u011b. V\u0161echna jedn\u00e1n\u00ed by m\u011bla b\u00fdt vedena s pln\u00fdm respektem k partner\u016fm. Jist\u011b, obt\u00ed\u017en\u00fdm t\u00e9mat\u016fm se nelze vyhnout, ale v\u016fle k jejich \u0159e\u0161en\u00ed by m\u011bla b\u00fdt patrn\u00e1 od sam\u00e9ho po\u010d\u00e1tku. C\u00edlem je p\u0159ekonat v\u0161echny existuj\u00edc\u00ed rozpory a vybudovat velk\u00e9 a siln\u00e9 spole\u010denstv\u00ed n\u00e1rod\u016f v regionu Trojmo\u0159\u00ed a prezentovat tuto jednotu zem\u00ed soused\u00edc\u00edch s Evropou navenek. Nejd\u016fle\u017eit\u011bj\u0161\u00ed je pro n\u011b spole\u010denstv\u00ed st\u00e1t\u016f, kter\u00e9 si zachov\u00e1v\u00e1 svou n\u00e1rodn\u00ed suverenitu, a sn\u00ed o vytvo\u0159en\u00ed Unie t\u0159\u00ed m\u011bst, kter\u00e1 by byla silnou a d\u016fle\u017eitou skupinou v Evropsk\u00e9 unii.<\/em><\/p>\n\n\n\n<p class=\"has-medium-font-size\">&nbsp;&nbsp;&nbsp;&nbsp;&nbsp;&nbsp;&nbsp;&nbsp;&nbsp;<em>&nbsp;Loveck\u00fd pal\u00e1c v Julinu, kter\u00fd se nach\u00e1z\u00ed v t\u011bsn\u00e9 bl\u00edzkosti d\u00e1lnice A4 a silnice Via Carpatia, by se v budoucnu mohl st\u00e1t ide\u00e1ln\u00edm centr\u00e1ln\u00edm m\u00edstem pro aktivity spojen\u00e9 s Trojm\u011bst\u00edm. M\u00e1 v\u0161echny p\u0159edpoklady st\u00e1t se v\u00fdjime\u010dn\u00fdm m\u00edstem, kde se p\u011bstuje \u00fazk\u00fd vztah mezi lidmi a zem\u00ed, kter\u00fd je kulturn\u00ed jednotou. M\u00edsto, kde se za aktivn\u00ed \u00fa\u010dasti zem\u00ed le\u017e\u00edc\u00edch pod\u00e9l Stezky t\u0159\u00ed marock\u00fdch d\u011bdictv\u00ed bude probouzet a rozv\u00edjet pocit soun\u00e1le\u017eitosti s regionem, kde se budou rovnocenn\u011b prezentovat n\u00e1rodn\u00ed kultury t\u011bchto zem\u00ed a kde se bude rozv\u00edjet spole\u010denstv\u00ed t\u00e9to \u010d\u00e1sti Evropy.<\/em><\/p>\n\n\n\n<figure class=\"wp-block-image size-large\"><img decoding=\"async\" width=\"1024\" height=\"682\" src=\"https:\/\/marekkuchcinski.pl\/wp-content\/uploads\/2020\/07\/AAB0454-1024x682.jpg\" alt=\"\" class=\"wp-image-19136\" srcset=\"https:\/\/marekkuchcinski.pl\/wp-content\/uploads\/2020\/07\/AAB0454-1024x682.jpg 1024w, https:\/\/marekkuchcinski.pl\/wp-content\/uploads\/2020\/07\/AAB0454-300x200.jpg 300w, https:\/\/marekkuchcinski.pl\/wp-content\/uploads\/2020\/07\/AAB0454-768x512.jpg 768w, https:\/\/marekkuchcinski.pl\/wp-content\/uploads\/2020\/07\/AAB0454.jpg 1181w\" sizes=\"(max-width: 1024px) 100vw, 1024px\" \/><figcaption>Loveck\u00fd z\u00e1me\u010dek Potocki v Julinu, postaven\u00fd v roce 1880.<\/figcaption><\/figure>\n\n\n\n<p class=\"has-medium-font-size\">&nbsp;&nbsp;&nbsp;&nbsp;&nbsp;&nbsp;&nbsp;&nbsp;&nbsp; <em>N\u00ed\u017ee v\u00e1m p\u0159edkl\u00e1d\u00e1m roz\u0161\u00ed\u0159en\u00fd n\u00e1vrh sv\u00e9ho projevu ze z\u00e1\u0159\u00ed 2018.<\/em><\/p>\n\n\n\n<p class=\"has-text-align-right\">&nbsp;&nbsp;&nbsp;&nbsp;&nbsp;&nbsp;&nbsp;&nbsp;&nbsp;&nbsp;&nbsp;&nbsp;&nbsp;&nbsp;&nbsp;&nbsp;&nbsp;&nbsp;&nbsp;&nbsp;&nbsp;&nbsp;&nbsp;&nbsp;&nbsp;&nbsp;&nbsp;&nbsp;&nbsp;&nbsp;&nbsp;&nbsp;&nbsp;&nbsp;&nbsp;&nbsp;&nbsp;&nbsp;&nbsp;&nbsp;&nbsp;&nbsp;&nbsp;&nbsp;&nbsp;&nbsp;&nbsp;&nbsp;&nbsp;&nbsp;&nbsp;&nbsp;&nbsp;&nbsp;&nbsp;&nbsp;&nbsp;&nbsp;&nbsp;&nbsp;&nbsp;&nbsp;&nbsp;&nbsp;&nbsp;&nbsp;&nbsp;&nbsp;&nbsp;&nbsp;&nbsp;&nbsp;&nbsp;&nbsp;&nbsp;&nbsp;&nbsp;&nbsp;&nbsp;&nbsp;&nbsp;&nbsp;&nbsp;&nbsp;&nbsp;&nbsp;&nbsp;&nbsp;&nbsp;&nbsp;&nbsp;&nbsp;&nbsp;&nbsp;&nbsp;&nbsp;&nbsp;&nbsp;&nbsp;&nbsp;&nbsp;&nbsp;&nbsp;&nbsp;&nbsp;&nbsp;&nbsp;&nbsp;&nbsp;&nbsp;&nbsp;&nbsp;&nbsp;&nbsp;&nbsp;&nbsp;&nbsp;&nbsp;&nbsp;&nbsp;&nbsp;&nbsp;&nbsp;&nbsp;&nbsp;&nbsp;&nbsp;&nbsp;&nbsp;&nbsp;&nbsp;&nbsp;&nbsp;&nbsp;&nbsp;&nbsp;&nbsp;&nbsp;&nbsp;&nbsp;&nbsp;&nbsp;&nbsp;&nbsp;&nbsp;&nbsp;&nbsp;&nbsp;&nbsp;&nbsp;&nbsp;&nbsp;&nbsp;&nbsp;&nbsp;&nbsp;&nbsp;&nbsp;&nbsp;&nbsp;&nbsp;&nbsp;&nbsp;&nbsp;&nbsp;&nbsp;&nbsp;&nbsp;&nbsp;&nbsp;&nbsp;&nbsp;&nbsp;&nbsp;&nbsp;&nbsp; &nbsp;&nbsp;&nbsp;&nbsp;&nbsp;&nbsp;&nbsp;&nbsp;&nbsp;&nbsp;&nbsp;&nbsp;&nbsp;&nbsp;&nbsp;&nbsp;&nbsp;&nbsp;&nbsp;&nbsp;&nbsp;&nbsp;&nbsp;&nbsp;&nbsp;&nbsp;&nbsp;&nbsp;&nbsp;&nbsp;&nbsp;&nbsp;&nbsp;&nbsp;&nbsp;&nbsp;&nbsp;&nbsp;&nbsp;&nbsp;&nbsp;&nbsp; Wit K. Wojtowicz<\/p>\n\n\n\n<p class=\"has-text-align-right\">\u0158editel z\u00e1meck\u00e9ho muzea v \u0141a\u0144cutu<br>&nbsp;&nbsp;&nbsp;&nbsp;&nbsp;&nbsp;&nbsp;&nbsp;&nbsp;&nbsp;&nbsp;&nbsp;&nbsp;&nbsp;&nbsp;&nbsp;&nbsp;&nbsp;&nbsp;&nbsp;&nbsp;&nbsp;&nbsp; &nbsp;&nbsp;&nbsp;&nbsp;&nbsp;&nbsp;&nbsp;&nbsp;&nbsp;&nbsp;&nbsp;&nbsp;&nbsp;&nbsp;&nbsp;&nbsp;&nbsp;&nbsp;&nbsp;&nbsp;&nbsp;&nbsp;&nbsp;&nbsp;&nbsp;&nbsp;&nbsp;&nbsp;&nbsp;&nbsp;&nbsp;&nbsp;&nbsp;&nbsp;&nbsp;&nbsp;&nbsp;&nbsp;&nbsp;&nbsp;&nbsp;&nbsp;&nbsp;&nbsp;&nbsp;&nbsp;&nbsp;&nbsp;&nbsp; \u0141a\u0144cut, 10. dubna 2020<\/p>\n\n\n\n<p><\/p>\n\n\n\n<p class=\"has-text-align-center has-medium-font-size\"><strong>Via Carpatia - cesta kulturn\u00edho d\u011bdictv\u00ed<\/strong><\/p>\n\n\n\n<p class=\"has-medium-font-size\">&nbsp;&nbsp;&nbsp;&nbsp;<\/p>\n\n\n\n<p class=\"has-medium-font-size\">&nbsp;&nbsp;&nbsp;&nbsp;&nbsp;&nbsp;&nbsp;&nbsp;&nbsp;<em>Dne 27. \u0159\u00edjna 2006 se na z\u00e1mku v Lan\u017ehot\u011b uskute\u010dnilo velmi d\u016fle\u017eit\u00e9 setk\u00e1n\u00ed, kter\u00e9 m\u011blo velk\u00fd v\u00fdznam pro \u0159adu st\u0159edoevropsk\u00fdch zem\u00ed.&nbsp;<br>Z iniciativy Polska byla v Lancutu uspo\u0159\u00e1d\u00e1na mezin\u00e1rodn\u00ed konference \"Jedna cesta - \u010dty\u0159i zem\u011b\".  Z\u00e1\u0161titu nad n\u00ed p\u0159evzal zesnul\u00fd polsk\u00fd prezident Prof. Lech Kaczy\u0144ski. Ve sv\u00e9m projevu k \u00fa\u010dastn\u00edk\u016fm konference mimo jin\u00e9 \u0159ekl. <strong>... je skv\u011bl\u00fd n\u00e1pad, \u017ee tato konference byla svol\u00e1na pr\u00e1v\u011b sem, do \u0141a\u0144cutu, do jednoho z nejkr\u00e1sn\u011bj\u0161\u00edch pal\u00e1c\u016f, kter\u00e9 se n\u00e1m poda\u0159ilo zachovat. Nech\u0165 je tento \u0141a\u0144cut, kter\u00fd je symbolem velikosti, tak\u00e9 symbolem porozum\u011bn\u00ed mezi zem\u011bmi, kter\u00e9 jsou dnes v\u0161echny v EU, v\u0161echny v NATO...\".&nbsp;<\/strong><\/em> <em>Za p\u0159\u00edtomnosti prezidenta podepsali Lancutskou deklaraci minist\u0159i dopravy Ma\u010farska, Litvy, Slovenska a Polska. C\u00edlem t\u00e9to polsk\u00e9 iniciativy mezin\u00e1rodn\u00edho rozsahu je realizace investice strategick\u00e9ho v\u00fdznamu pro st\u0159edn\u00ed a v\u00fdchodn\u00ed Evropu pod n\u00e1zvem <strong>VIA CARPATIA<\/strong>. M\u00e1 se st\u00e1t novou, velmi d\u016fle\u017eitou a v\u00fdznamnou spojnic\u00ed mezi severn\u00ed a ji\u017en\u00ed Evropou. P\u016fvodn\u011b m\u011bla v\u00e9st p\u0159es \u010dty\u0159i zem\u011b: Ma\u010farsko, Slovensko, Litvu a Polsko. Vstup nov\u00fdch \u010dlensk\u00fdch st\u00e1t\u016f do EU vytvo\u0159il p\u0159\u00edle\u017eitost k roz\u0161\u00ed\u0159en\u00ed tohoto projektu. Na n\u00e1sledn\u00e9m setk\u00e1n\u00ed v \u0141a\u0144cutu 22. \u0159\u00edjna 2010 se k tomuto mezin\u00e1rodn\u00edmu projektu p\u0159ipojily Rumunsko, Bulharsko a \u0158ecko. T\u00edm se naskytla p\u0159\u00edle\u017eitost propojit sedm zem\u00ed a t\u0159i mo\u0159e. Dal\u0161\u00ed d\u016fle\u017eit\u00e9 setk\u00e1n\u00ed k realizaci dopravn\u00ed trasy se uskute\u010dnilo 3. b\u0159ezna 2016 ve Var\u0161av\u011b, kde byla podeps\u00e1na \u0141a\u0144cutsk\u00e1 deklarace II.<\/em><\/p>\n\n\n\n<p><\/p>\n\n\n\n<figure class=\"wp-block-image size-large\"><img loading=\"lazy\" decoding=\"async\" width=\"640\" height=\"428\" src=\"https:\/\/marekkuchcinski.pl\/wp-content\/uploads\/2020\/07\/93189132_1581789841968307_4491767031124721664_n.jpg\" alt=\"\" class=\"wp-image-19137\" srcset=\"https:\/\/marekkuchcinski.pl\/wp-content\/uploads\/2020\/07\/93189132_1581789841968307_4491767031124721664_n.jpg 640w, https:\/\/marekkuchcinski.pl\/wp-content\/uploads\/2020\/07\/93189132_1581789841968307_4491767031124721664_n-300x201.jpg 300w\" sizes=\"(max-width: 640px) 100vw, 640px\" \/><figcaption>Mezin\u00e1rodn\u00ed konference \"Jedna cesta - \u010dty\u0159i zem\u011b\", prezident Lech Kaczy\u0144ski p\u0159ij\u00ed\u017ed\u00ed do \u0141a\u0144cutu, 27.X.2006.<\/figcaption><\/figure>\n\n\n\n<p class=\"has-medium-font-size\">&nbsp;&nbsp;&nbsp;&nbsp;&nbsp;&nbsp;&nbsp;&nbsp;&nbsp; <em>V roce 2015 byla z iniciativy prezident\u016f Polska a Chorvatska Andrzeje Dudy a Kolindy Grabarov\u00e9-Kitarovi\u010dov\u00e9 zalo\u017eena Trilater\u00e1ln\u00ed skupina. Prvn\u00ed summit t\u00e9to skupiny se konal v srpnu 2016 v Dubrovn\u00edku a druh\u00fd loni v \u010dervenci ve Var\u0161av\u011b. Jedn\u00edm z c\u00edl\u016f spolupr\u00e1ce t\u00e9to skupiny je tak\u00e9 rozvoj Via Carpatia.<\/em><\/p>\n\n\n\n<p class=\"has-medium-font-size\">&nbsp;&nbsp;&nbsp;&nbsp;&nbsp;&nbsp;&nbsp;&nbsp;&nbsp; <em>Dne 7. listopadu 2016 se na z\u00e1mku v Lancutu konala konference po\u0159\u00e1dan\u00e1 mar\u0161\u00e1lkem Podkarpatsk\u00e9 Rusi W\u0142adys\u0142awem Ortylem s n\u00e1zvem \"10 let Lancutsk\u00e9 deklarace - Via Carpatia dnes, v\u00fdzvy pro budoucnost\". Za p\u0159\u00edtomnosti premi\u00e9rky Beaty Szyd\u0142o byla podeps\u00e1na \"Dohoda o spolupr\u00e1ci p\u0159i v\u00fdstavb\u011b tranzitn\u00edho koridoru Via Carpatia\". Tato silni\u010dn\u00ed dopravn\u00ed trasa vede pod\u00e9l v\u00fdchodn\u00ed hranice Evropsk\u00e9 unie z Klaipedy v Litv\u011b p\u0159es Polsko, Slovensko, Ma\u010farsko, Rumunsko (kde se rozv\u011btvuje sm\u011brem na Konstanci a p\u0159es Bulharsko do Sofie a d\u00e1le do Solun\u011b v \u0158ecku). Zalo\u017een\u00edm Iniciativy Trojmo\u0159\u00ed se k sedmi zem\u00edm, kter\u00e9 v prvn\u00ed f\u00e1zi spoluvytv\u00e1\u0159ely projekt Via Carpatia, p\u0159ipojily tyto zem\u011b ze skupiny Trojmo\u0159\u00ed: Chorvatsko, Slovinsko, Rakousko, \u010cesk\u00e1 republika, Estonsko a Loty\u0161sko. D\u00edky pl\u00e1novan\u00fdm dal\u0161\u00edm rozv\u011btven\u00edm bude tato trasa v budoucnu spojovat nejen v\u0161echny zem\u011b Trojzem\u00ed, ale tak\u00e9 n\u011bkter\u00e9 zem\u011b jihov\u00fdchodn\u00ed a severn\u00ed Evropy.<\/em> <em>Bohu\u017eel je Via Carpathia dodnes pom\u011brn\u011b \u010dasto vn\u00edm\u00e1na pouze jako dopravn\u00ed cesta pro p\u0159epravu r\u016fzn\u00e9ho zbo\u017e\u00ed. Krom\u011b velmi siln\u011b artikulovan\u00e9 ekonomick\u00e9 nitky je tu je\u0161t\u011b jedna nesm\u00edrn\u011b d\u016fle\u017eit\u00e1, i kdy\u017e t\u00e9m\u011b\u0159 ve v\u0161ech \u00favah\u00e1ch o pozn\u00e1v\u00e1n\u00ed Via chyb\u00ed. Via Carpatia se tak stane kulturn\u00edm d\u011bdictv\u00edm zem\u00ed le\u017e\u00edc\u00edch mezi Jadersk\u00fdm, Baltsk\u00fdm a \u010cern\u00fdm mo\u0159em. To vytv\u00e1\u0159\u00ed z\u00e1klad pro to, aby se <strong>Stezka trojmo\u0159\u00ed aneb - VIA HAEREDITATIS TRIMARIUM<\/strong>.<\/em> <em>Tento program bude nejen propagovat tyto zem\u011b, ale pom\u016f\u017ee tak\u00e9 budovat vztahy mezi n\u00e1rody a sezn\u00e1mit lidi s jejich d\u011bdictv\u00edm, zvyky, histori\u00ed a kulturn\u00ed krajinou. Geografick\u00e1 bl\u00edzkost usnadn\u00ed spolupr\u00e1ci v oblasti kultury i v\u011bdy.<\/em> <em>Tuto jednotu je t\u0159eba nejen prezentovat navenek, ale p\u0159edev\u0161\u00edm ji budovat pr\u00e1v\u011b v tomto regionu. Budoucnost na\u0161ich zem\u00ed z\u00e1vis\u00ed na tom, zda budeme jednat spole\u010dn\u011b. Mus\u00edme d\u00e1le posilovat sou\u010dinnost, kter\u00e1 mezi n\u00e1mi ji\u017e existuje. Je z\u0159ejm\u00e9, \u017ee bez hospod\u00e1\u0159sk\u00e9ho rozvoje se kultura nerozv\u00edj\u00ed.<\/em><\/p>\n\n\n\n<p class=\"has-medium-font-size\">&nbsp;&nbsp;&nbsp;&nbsp;&nbsp;&nbsp;&nbsp;&nbsp;&nbsp; <em>Via Carpatia je mimo\u0159\u00e1dn\u011b d\u016fle\u017eit\u00fd projekt z ekonomick\u00e9ho hlediska, ale je nejvy\u0161\u0161\u00ed \u010das, abychom hovo\u0159ili tak\u00e9 o v\u0161ech kulturn\u00edch faktorech, kter\u00e9 ospravedl\u0148uj\u00ed v\u00fdstavbu tohoto projektu. Vytvo\u0159en\u00ed nov\u00e9 komunika\u010dn\u00ed s\u00edt\u011b usnadn\u00ed rozvoj cestovn\u00edho ruchu. S t\u00edm \u00fazce souvis\u00ed i vzd\u011bl\u00e1v\u00e1n\u00ed. M\u011bli bychom st\u00e1le v\u00edce mluvit o na\u0161\u00ed kulturn\u00ed identit\u011b, o n\u00e1rodn\u00edm d\u011bdictv\u00ed, o v\u0161ech t\u011bchto pam\u00e1tn\u00fdch m\u00edstech a kulturn\u00edch zna\u010dk\u00e1ch. M\u011bli bychom na\u0161im soused\u016fm uk\u00e1zat kr\u00e1sy na\u0161ich zem\u00ed, jejich kulturn\u00ed bohatstv\u00ed a krajinu.  Tato spolupr\u00e1ce mezi zem\u011bmi v t\u00e9to \u010d\u00e1sti Evropy p\u0159ece nen\u00ed konkurenc\u00ed pro Unii, ale bude jej\u00edm cenn\u00fdm dopl\u0148kem.<\/em><\/p>\n\n\n\n<p>&nbsp;&nbsp;&nbsp;&nbsp;<\/p>\n\n\n\n<p class=\"has-medium-font-size\">&nbsp;&nbsp;&nbsp;&nbsp;&nbsp;&nbsp;&nbsp;&nbsp;&nbsp;&nbsp; <em>Jak jsem se ji\u017e zm\u00ednil, na lan\u017ehotsk\u00e9m hrad\u011b byla podeps\u00e1na Lan\u017ehotsk\u00e1 deklarace, kter\u00e1 iniciovala Via Carpatia, na co\u017e je muzeum velmi hrd\u00e9 a v\u00e1\u017e\u00ed si toho. Za\u010dali jsme p\u0159em\u00fd\u0161let o tom, jak by se tato nov\u00e1 dopravn\u00ed trasa mohla v budoucnu vyu\u017e\u00edt v okol\u00ed Lancutu. P\u016fvodn\u00ed my\u0161lenka, kter\u00e1 se omezovala pouze na propagaci hradu v Lancutu, se brzy velmi rozrostla. Dal\u0161\u00edm projektem byl program kulturn\u00ed turistiky v oblastech pod\u00e9l Via Carpatia, jej\u00ed\u017e polsk\u00fd \u00fasek je \u0161irok\u00fd asi 100 km. Pot\u00e9 bylo napl\u00e1nov\u00e1no vytvo\u0159en\u00ed stezky pam\u011btn\u00edch m\u00edst, kter\u00e1 by ukazovala hmotn\u00e9 i nehmotn\u00e9 kulturn\u00ed d\u011bdictv\u00ed. Bylo by mo\u017en\u00e9 p\u0159edstavit z\u00e1meck\u00e9 komplexy, parkov\u00e9 a zahradn\u00ed \u00fapravy, kulturn\u00ed krajinu, pam\u00e1tky sakr\u00e1ln\u00ed architektury, lidov\u00e9 um\u011bn\u00ed atd.<\/em> <em>Postupem \u010dasu se objevila dal\u0161\u00ed my\u0161lenka, \u017ee by se pod\u00e9l Via Carpatia, po cel\u00e9 jej\u00ed d\u00e9lce od Klajpedy a\u017e po Solu\u0148, m\u011bly p\u0159ipravit dal\u0161\u00ed podobn\u00e9 turistick\u00e9 atrakce ve spolupr\u00e1ci s dal\u0161\u00edmi muzei, kter\u00e1 s\u00eddl\u00ed v bl\u00edzkosti t\u00e9to trasy.<\/em> <em>Jedn\u00edm z dopl\u0148kov\u00fdch projekt\u016f by mohlo b\u00fdt Virtu\u00e1ln\u00ed muzeum st\u00e1t\u016f st\u0159edn\u00ed a jihov\u00fdchodn\u00ed Evropy, kter\u00e9 by prezentovalo historii, kulturu a um\u011bn\u00ed, hmotn\u00e9 i nehmotn\u00e9 d\u011bdictv\u00ed v\u0161ech zem\u00ed Trojzem\u00ed. Nebude to jen kompaktn\u00ed turistick\u00e1 nab\u00eddka zem\u00ed Trojzem\u00ed a projev st\u0159edoevropsk\u00e9 jednoty, ale p\u0159edev\u0161\u00edm jej\u00ed fyzick\u00e1 v\u00fdstavba v na\u0161em regionu.<\/em><\/p>\n\n\n\n<p><\/p>\n\n\n\n<p class=\"has-medium-font-size\">&nbsp;&nbsp;&nbsp;&nbsp;&nbsp;&nbsp;&nbsp;&nbsp;&nbsp; <em>Co by to m\u011blo b\u00fdt? <strong>VIA HAEREDITATIS TRIMARIUM<\/strong>? P\u0159edev\u0161\u00edm pro zem\u011b st\u0159edn\u00ed a jihov\u00fdchodn\u00ed Evropy by m\u011blo b\u00fdt. <strong>obrana proti ciz\u00edmu pohrd\u00e1n\u00ed a vlastn\u00edm pochybnostem<\/strong>. Tato slova pronesl 16. ledna 1918 profesor W\u0142adys\u0142aw Konopczy\u0144ski, v\u00fdznamn\u00fd polsk\u00fd historik p\u0159elomu 19. a 20. stolet\u00ed. - Tato slova, kter\u00e1 pronesl 16. ledna 1918 profesor W\u0142adys\u0142aw Konopczy\u0144ski, v\u00fdznamn\u00fd polsk\u00fd historik p\u0159elomu 19. a 20. stolet\u00ed, b\u011bhem sv\u00e9 \u00favodn\u00ed p\u0159edn\u00e1\u0161ky na Jagellonsk\u00e9 univerzit\u011b p\u0159i n\u00e1stupu na katedru historie, dokonale vystihuj\u00ed smysl spole\u010dn\u00e9ho p\u016fsoben\u00ed st\u00e1t\u016f t\u00e9to \u010d\u00e1sti Evropy, n\u011bkdy ozna\u010dovan\u00e9 jako \"t\u0159et\u00ed\" nebo prost\u011b jako \"pohrani\u010dn\u00ed Evropa\".<\/em><\/p>\n\n\n\n<figure class=\"wp-block-image size-full is-resized\"><img loading=\"lazy\" decoding=\"async\" src=\"https:\/\/marekkuchcinski.pl\/wp-content\/uploads\/2020\/07\/Wit-Wojtowicz.png\" alt=\"\" class=\"wp-image-19138\" width=\"152\" height=\"197\" srcset=\"https:\/\/marekkuchcinski.pl\/wp-content\/uploads\/2020\/07\/Wit-Wojtowicz.png 439w, https:\/\/marekkuchcinski.pl\/wp-content\/uploads\/2020\/07\/Wit-Wojtowicz-232x300.png 232w\" sizes=\"(max-width: 152px) 100vw, 152px\" \/><figcaption>Wit Karol Wojtowicz<br>\u0158editel z\u00e1meck\u00e9ho muzea v \u0141a\u0144cutu<\/figcaption><\/figure>","protected":false},"excerpt":{"rendered":"<p>&nbsp;&nbsp;&nbsp;&nbsp;&nbsp;&nbsp;&nbsp;&nbsp;&nbsp; N\u00ed\u017ee uveden\u00e9 p\u0159edpoklady projektu jsem p\u0159edstavil 25. z\u00e1\u0159\u00ed 2018 na zased\u00e1n\u00ed V\u0161eobecn\u00e9ho v\u00fdboru pro hospod\u00e1\u0159sk\u00e9 z\u00e1le\u017eitosti Parlamentn\u00edho shrom\u00e1\u017ed\u011bn\u00ed St\u0159edoevropsk\u00e9 iniciativy v Sejmu https:\/\/youtu.be\/lRsqjmYg8LM. T\u00e9matem tohoto setk\u00e1n\u00ed byl mimo jin\u00e9 projekt silnice Via Carpatia. Jedn\u00e1 se o novou dopravn\u00ed trasu vedouc\u00ed z jihu na sever p\u0159es zem\u011b se spole\u010dn\u00fdmi kulturn\u00edmi a historick\u00fdmi ko\u0159eny, kter\u00e9 v pr\u016fb\u011bhu let z\u016fstaly v [...]<\/p>","protected":false},"author":17,"featured_media":19134,"comment_status":"open","ping_status":"open","sticky":false,"template":"","format":"standard","meta":{"ngg_post_thumbnail":0,"footnotes":""},"categories":[78,177,49,3],"tags":[],"class_list":["post-19133","post","type-post","status-publish","format-standard","has-post-thumbnail","hentry","category-europa-karpat","category-europa-karpat-dyskusja","category-podkarpacie","category-wydarzenia"],"yoast_head":"<!-- This site is optimized with the Yoast SEO plugin v24.7 - https:\/\/yoast.com\/wordpress\/plugins\/seo\/ -->\n<title>\u201eNA KRESACH UNII\u201d \u2013 g\u0142os w dyskusji Wita Wojtowicza &#8211; Marek Kuchci\u0144ski<\/title>\n<meta name=\"robots\" content=\"index, follow, max-snippet:-1, max-image-preview:large, max-video-preview:-1\" \/>\n<link rel=\"canonical\" href=\"https:\/\/marekkuchcinski.pl\/cs\/europa-karpat\/europa-karpat-dyskusja\/na-kresach-unii-glos-w-dyskusji-wita-wojtowicza\/\" \/>\n<meta property=\"og:locale\" content=\"cs_CZ\" \/>\n<meta property=\"og:type\" content=\"article\" \/>\n<meta property=\"og:title\" content=\"\u201eNA KRESACH UNII\u201d \u2013 g\u0142os w dyskusji Wita Wojtowicza &#8211; Marek Kuchci\u0144ski\" \/>\n<meta property=\"og:description\" content=\"&nbsp;&nbsp;&nbsp;&nbsp;&nbsp;&nbsp;&nbsp;&nbsp;&nbsp; Za\u0142o\u017cenia ni\u017cej om\u00f3wionego projektu &nbsp;przedstawi\u0142em w dniu 25 wrze\u015bnia 2018 r. na posiedzeniu Komisji Og\u00f3lnej ds. Gospodarczych Zgromadzenia Parlamentarnego Inicjatywy \u015arodkowoeuropejskiej w Sejmie&nbsp;https:\/\/youtu.be\/lRsqjmYg8LM. Tematem tego spotkania by\u0142 m.in. projekt drogowy Via Carpatia. To nowy szlak komunikacyjny wiod\u0105cy z po\u0142udnia na p\u00f3\u0142noc przez kraje o wsp\u00f3lnych korzeniach kulturowych i historycznych, kt\u00f3re przez lata pozostawa\u0142y w [&hellip;]\" \/>\n<meta property=\"og:url\" content=\"https:\/\/marekkuchcinski.pl\/cs\/europa-karpat\/europa-karpat-dyskusja\/na-kresach-unii-glos-w-dyskusji-wita-wojtowicza\/\" \/>\n<meta property=\"og:site_name\" content=\"Marek Kuchci\u0144ski\" \/>\n<meta property=\"article:published_time\" content=\"2020-04-15T12:56:00+00:00\" \/>\n<meta property=\"article:modified_time\" content=\"2020-08-07T15:25:31+00:00\" \/>\n<meta property=\"og:image\" content=\"https:\/\/marekkuchcinski.pl\/wp-content\/uploads\/2020\/07\/AAB8294.jpg\" \/>\n\t<meta property=\"og:image:width\" content=\"1181\" \/>\n\t<meta property=\"og:image:height\" content=\"628\" \/>\n\t<meta property=\"og:image:type\" content=\"image\/jpeg\" \/>\n<meta name=\"author\" content=\"Tomasz \u0141acina\" \/>\n<meta name=\"twitter:card\" content=\"summary_large_image\" \/>\n<meta name=\"twitter:label1\" content=\"Napsal(a)\" \/>\n\t<meta name=\"twitter:data1\" content=\"Tomasz \u0141acina\" \/>\n\t<meta name=\"twitter:label2\" content=\"Odhadovan\u00e1 doba \u010dten\u00ed\" \/>\n\t<meta name=\"twitter:data2\" content=\"13 minut\" \/>\n<script type=\"application\/ld+json\" class=\"yoast-schema-graph\">{\"@context\":\"https:\/\/schema.org\",\"@graph\":[{\"@type\":\"Article\",\"@id\":\"https:\/\/marekkuchcinski.pl\/cs\/europa-karpat\/europa-karpat-dyskusja\/na-kresach-unii-glos-w-dyskusji-wita-wojtowicza\/#article\",\"isPartOf\":{\"@id\":\"https:\/\/marekkuchcinski.pl\/cs\/europa-karpat\/europa-karpat-dyskusja\/na-kresach-unii-glos-w-dyskusji-wita-wojtowicza\/\"},\"author\":{\"name\":\"Tomasz \u0141acina\",\"@id\":\"https:\/\/marekkuchcinski.pl\/#\/schema\/person\/b8a29fe7813098f7be78801d029910a7\"},\"headline\":\"\u201eNA KRESACH UNII\u201d \u2013 g\u0142os w dyskusji Wita Wojtowicza\",\"datePublished\":\"2020-04-15T12:56:00+00:00\",\"dateModified\":\"2020-08-07T15:25:31+00:00\",\"mainEntityOfPage\":{\"@id\":\"https:\/\/marekkuchcinski.pl\/cs\/europa-karpat\/europa-karpat-dyskusja\/na-kresach-unii-glos-w-dyskusji-wita-wojtowicza\/\"},\"wordCount\":2644,\"commentCount\":0,\"publisher\":{\"@id\":\"https:\/\/marekkuchcinski.pl\/#organization\"},\"image\":{\"@id\":\"https:\/\/marekkuchcinski.pl\/cs\/europa-karpat\/europa-karpat-dyskusja\/na-kresach-unii-glos-w-dyskusji-wita-wojtowicza\/#primaryimage\"},\"thumbnailUrl\":\"https:\/\/marekkuchcinski.pl\/wp-content\/uploads\/2020\/07\/AAB8294.jpg\",\"articleSection\":[\"Europa Karpat\",\"Europa Karpat \u2013 dyskusja\",\"Podkarpacie\",\"Wydarzenia\"],\"inLanguage\":\"cs\",\"potentialAction\":[{\"@type\":\"CommentAction\",\"name\":\"Comment\",\"target\":[\"https:\/\/marekkuchcinski.pl\/cs\/europa-karpat\/europa-karpat-dyskusja\/na-kresach-unii-glos-w-dyskusji-wita-wojtowicza\/#respond\"]}]},{\"@type\":\"WebPage\",\"@id\":\"https:\/\/marekkuchcinski.pl\/cs\/europa-karpat\/europa-karpat-dyskusja\/na-kresach-unii-glos-w-dyskusji-wita-wojtowicza\/\",\"url\":\"https:\/\/marekkuchcinski.pl\/cs\/europa-karpat\/europa-karpat-dyskusja\/na-kresach-unii-glos-w-dyskusji-wita-wojtowicza\/\",\"name\":\"\u201eNA KRESACH UNII\u201d \u2013 g\u0142os w dyskusji Wita Wojtowicza &#8211; Marek Kuchci\u0144ski\",\"isPartOf\":{\"@id\":\"https:\/\/marekkuchcinski.pl\/#website\"},\"primaryImageOfPage\":{\"@id\":\"https:\/\/marekkuchcinski.pl\/cs\/europa-karpat\/europa-karpat-dyskusja\/na-kresach-unii-glos-w-dyskusji-wita-wojtowicza\/#primaryimage\"},\"image\":{\"@id\":\"https:\/\/marekkuchcinski.pl\/cs\/europa-karpat\/europa-karpat-dyskusja\/na-kresach-unii-glos-w-dyskusji-wita-wojtowicza\/#primaryimage\"},\"thumbnailUrl\":\"https:\/\/marekkuchcinski.pl\/wp-content\/uploads\/2020\/07\/AAB8294.jpg\",\"datePublished\":\"2020-04-15T12:56:00+00:00\",\"dateModified\":\"2020-08-07T15:25:31+00:00\",\"breadcrumb\":{\"@id\":\"https:\/\/marekkuchcinski.pl\/cs\/europa-karpat\/europa-karpat-dyskusja\/na-kresach-unii-glos-w-dyskusji-wita-wojtowicza\/#breadcrumb\"},\"inLanguage\":\"cs\",\"potentialAction\":[{\"@type\":\"ReadAction\",\"target\":[\"https:\/\/marekkuchcinski.pl\/cs\/europa-karpat\/europa-karpat-dyskusja\/na-kresach-unii-glos-w-dyskusji-wita-wojtowicza\/\"]}]},{\"@type\":\"ImageObject\",\"inLanguage\":\"cs\",\"@id\":\"https:\/\/marekkuchcinski.pl\/cs\/europa-karpat\/europa-karpat-dyskusja\/na-kresach-unii-glos-w-dyskusji-wita-wojtowicza\/#primaryimage\",\"url\":\"https:\/\/marekkuchcinski.pl\/wp-content\/uploads\/2020\/07\/AAB8294.jpg\",\"contentUrl\":\"https:\/\/marekkuchcinski.pl\/wp-content\/uploads\/2020\/07\/AAB8294.jpg\",\"width\":1181,\"height\":628},{\"@type\":\"BreadcrumbList\",\"@id\":\"https:\/\/marekkuchcinski.pl\/cs\/europa-karpat\/europa-karpat-dyskusja\/na-kresach-unii-glos-w-dyskusji-wita-wojtowicza\/#breadcrumb\",\"itemListElement\":[{\"@type\":\"ListItem\",\"position\":1,\"name\":\"Strona g\u0142\u00f3wna\",\"item\":\"https:\/\/marekkuchcinski.pl\/\"},{\"@type\":\"ListItem\",\"position\":2,\"name\":\"\u201eNA KRESACH UNII\u201d \u2013 g\u0142os w dyskusji Wita Wojtowicza\"}]},{\"@type\":\"WebSite\",\"@id\":\"https:\/\/marekkuchcinski.pl\/#website\",\"url\":\"https:\/\/marekkuchcinski.pl\/\",\"name\":\"Marek Kuchci\u0144ski\",\"description\":\"Pose\u0142 na sejm RP &ndash; okr\u0119g nr 22\",\"publisher\":{\"@id\":\"https:\/\/marekkuchcinski.pl\/#organization\"},\"potentialAction\":[{\"@type\":\"SearchAction\",\"target\":{\"@type\":\"EntryPoint\",\"urlTemplate\":\"https:\/\/marekkuchcinski.pl\/?s={search_term_string}\"},\"query-input\":{\"@type\":\"PropertyValueSpecification\",\"valueRequired\":true,\"valueName\":\"search_term_string\"}}],\"inLanguage\":\"cs\"},{\"@type\":\"Organization\",\"@id\":\"https:\/\/marekkuchcinski.pl\/#organization\",\"name\":\"Marek Kuchci\u0144ski\",\"url\":\"https:\/\/marekkuchcinski.pl\/\",\"logo\":{\"@type\":\"ImageObject\",\"inLanguage\":\"cs\",\"@id\":\"https:\/\/marekkuchcinski.pl\/#\/schema\/logo\/image\/\",\"url\":\"https:\/\/marekkuchcinski.pl\/wp-content\/uploads\/2022\/09\/Marek.jpg\",\"contentUrl\":\"https:\/\/marekkuchcinski.pl\/wp-content\/uploads\/2022\/09\/Marek.jpg\",\"width\":1600,\"height\":971,\"caption\":\"Marek Kuchci\u0144ski\"},\"image\":{\"@id\":\"https:\/\/marekkuchcinski.pl\/#\/schema\/logo\/image\/\"}},{\"@type\":\"Person\",\"@id\":\"https:\/\/marekkuchcinski.pl\/#\/schema\/person\/b8a29fe7813098f7be78801d029910a7\",\"name\":\"Tomasz \u0141acina\",\"image\":{\"@type\":\"ImageObject\",\"inLanguage\":\"cs\",\"@id\":\"https:\/\/marekkuchcinski.pl\/#\/schema\/person\/image\/\",\"url\":\"https:\/\/secure.gravatar.com\/avatar\/22e75f6c51aff77a676ed77dd222f852?s=96&d=mm&r=g\",\"contentUrl\":\"https:\/\/secure.gravatar.com\/avatar\/22e75f6c51aff77a676ed77dd222f852?s=96&d=mm&r=g\",\"caption\":\"Tomasz \u0141acina\"},\"url\":\"https:\/\/marekkuchcinski.pl\/cs\/author\/tomek-lacina\/\"}]}<\/script>\n<!-- \/ Yoast SEO plugin. -->","yoast_head_json":{"title":"\u201eNA KRESACH UNII\u201d \u2013 g\u0142os w dyskusji Wita Wojtowicza &#8211; Marek Kuchci\u0144ski","robots":{"index":"index","follow":"follow","max-snippet":"max-snippet:-1","max-image-preview":"max-image-preview:large","max-video-preview":"max-video-preview:-1"},"canonical":"https:\/\/marekkuchcinski.pl\/cs\/europa-karpat\/europa-karpat-dyskusja\/na-kresach-unii-glos-w-dyskusji-wita-wojtowicza\/","og_locale":"cs_CZ","og_type":"article","og_title":"\u201eNA KRESACH UNII\u201d \u2013 g\u0142os w dyskusji Wita Wojtowicza &#8211; Marek Kuchci\u0144ski","og_description":"&nbsp;&nbsp;&nbsp;&nbsp;&nbsp;&nbsp;&nbsp;&nbsp;&nbsp; Za\u0142o\u017cenia ni\u017cej om\u00f3wionego projektu &nbsp;przedstawi\u0142em w dniu 25 wrze\u015bnia 2018 r. na posiedzeniu Komisji Og\u00f3lnej ds. Gospodarczych Zgromadzenia Parlamentarnego Inicjatywy \u015arodkowoeuropejskiej w Sejmie&nbsp;https:\/\/youtu.be\/lRsqjmYg8LM. Tematem tego spotkania by\u0142 m.in. projekt drogowy Via Carpatia. To nowy szlak komunikacyjny wiod\u0105cy z po\u0142udnia na p\u00f3\u0142noc przez kraje o wsp\u00f3lnych korzeniach kulturowych i historycznych, kt\u00f3re przez lata pozostawa\u0142y w [&hellip;]","og_url":"https:\/\/marekkuchcinski.pl\/cs\/europa-karpat\/europa-karpat-dyskusja\/na-kresach-unii-glos-w-dyskusji-wita-wojtowicza\/","og_site_name":"Marek Kuchci\u0144ski","article_published_time":"2020-04-15T12:56:00+00:00","article_modified_time":"2020-08-07T15:25:31+00:00","og_image":[{"width":1181,"height":628,"url":"https:\/\/marekkuchcinski.pl\/wp-content\/uploads\/2020\/07\/AAB8294.jpg","type":"image\/jpeg"}],"author":"Tomasz \u0141acina","twitter_card":"summary_large_image","twitter_misc":{"Napsal(a)":"Tomasz \u0141acina","Odhadovan\u00e1 doba \u010dten\u00ed":"13 minut"},"schema":{"@context":"https:\/\/schema.org","@graph":[{"@type":"Article","@id":"https:\/\/marekkuchcinski.pl\/cs\/europa-karpat\/europa-karpat-dyskusja\/na-kresach-unii-glos-w-dyskusji-wita-wojtowicza\/#article","isPartOf":{"@id":"https:\/\/marekkuchcinski.pl\/cs\/europa-karpat\/europa-karpat-dyskusja\/na-kresach-unii-glos-w-dyskusji-wita-wojtowicza\/"},"author":{"name":"Tomasz \u0141acina","@id":"https:\/\/marekkuchcinski.pl\/#\/schema\/person\/b8a29fe7813098f7be78801d029910a7"},"headline":"\u201eNA KRESACH UNII\u201d \u2013 g\u0142os w dyskusji Wita Wojtowicza","datePublished":"2020-04-15T12:56:00+00:00","dateModified":"2020-08-07T15:25:31+00:00","mainEntityOfPage":{"@id":"https:\/\/marekkuchcinski.pl\/cs\/europa-karpat\/europa-karpat-dyskusja\/na-kresach-unii-glos-w-dyskusji-wita-wojtowicza\/"},"wordCount":2644,"commentCount":0,"publisher":{"@id":"https:\/\/marekkuchcinski.pl\/#organization"},"image":{"@id":"https:\/\/marekkuchcinski.pl\/cs\/europa-karpat\/europa-karpat-dyskusja\/na-kresach-unii-glos-w-dyskusji-wita-wojtowicza\/#primaryimage"},"thumbnailUrl":"https:\/\/marekkuchcinski.pl\/wp-content\/uploads\/2020\/07\/AAB8294.jpg","articleSection":["Europa Karpat","Europa Karpat \u2013 dyskusja","Podkarpacie","Wydarzenia"],"inLanguage":"cs","potentialAction":[{"@type":"CommentAction","name":"Comment","target":["https:\/\/marekkuchcinski.pl\/cs\/europa-karpat\/europa-karpat-dyskusja\/na-kresach-unii-glos-w-dyskusji-wita-wojtowicza\/#respond"]}]},{"@type":"WebPage","@id":"https:\/\/marekkuchcinski.pl\/cs\/europa-karpat\/europa-karpat-dyskusja\/na-kresach-unii-glos-w-dyskusji-wita-wojtowicza\/","url":"https:\/\/marekkuchcinski.pl\/cs\/europa-karpat\/europa-karpat-dyskusja\/na-kresach-unii-glos-w-dyskusji-wita-wojtowicza\/","name":"\u201eNA KRESACH UNII\u201d \u2013 g\u0142os w dyskusji Wita Wojtowicza &#8211; Marek Kuchci\u0144ski","isPartOf":{"@id":"https:\/\/marekkuchcinski.pl\/#website"},"primaryImageOfPage":{"@id":"https:\/\/marekkuchcinski.pl\/cs\/europa-karpat\/europa-karpat-dyskusja\/na-kresach-unii-glos-w-dyskusji-wita-wojtowicza\/#primaryimage"},"image":{"@id":"https:\/\/marekkuchcinski.pl\/cs\/europa-karpat\/europa-karpat-dyskusja\/na-kresach-unii-glos-w-dyskusji-wita-wojtowicza\/#primaryimage"},"thumbnailUrl":"https:\/\/marekkuchcinski.pl\/wp-content\/uploads\/2020\/07\/AAB8294.jpg","datePublished":"2020-04-15T12:56:00+00:00","dateModified":"2020-08-07T15:25:31+00:00","breadcrumb":{"@id":"https:\/\/marekkuchcinski.pl\/cs\/europa-karpat\/europa-karpat-dyskusja\/na-kresach-unii-glos-w-dyskusji-wita-wojtowicza\/#breadcrumb"},"inLanguage":"cs","potentialAction":[{"@type":"ReadAction","target":["https:\/\/marekkuchcinski.pl\/cs\/europa-karpat\/europa-karpat-dyskusja\/na-kresach-unii-glos-w-dyskusji-wita-wojtowicza\/"]}]},{"@type":"ImageObject","inLanguage":"cs","@id":"https:\/\/marekkuchcinski.pl\/cs\/europa-karpat\/europa-karpat-dyskusja\/na-kresach-unii-glos-w-dyskusji-wita-wojtowicza\/#primaryimage","url":"https:\/\/marekkuchcinski.pl\/wp-content\/uploads\/2020\/07\/AAB8294.jpg","contentUrl":"https:\/\/marekkuchcinski.pl\/wp-content\/uploads\/2020\/07\/AAB8294.jpg","width":1181,"height":628},{"@type":"BreadcrumbList","@id":"https:\/\/marekkuchcinski.pl\/cs\/europa-karpat\/europa-karpat-dyskusja\/na-kresach-unii-glos-w-dyskusji-wita-wojtowicza\/#breadcrumb","itemListElement":[{"@type":"ListItem","position":1,"name":"Strona g\u0142\u00f3wna","item":"https:\/\/marekkuchcinski.pl\/"},{"@type":"ListItem","position":2,"name":"\u201eNA KRESACH UNII\u201d \u2013 g\u0142os w dyskusji Wita Wojtowicza"}]},{"@type":"WebSite","@id":"https:\/\/marekkuchcinski.pl\/#website","url":"https:\/\/marekkuchcinski.pl\/","name":"Marek Kuchci\u0144ski","description":"Pose\u0142 na sejm RP &ndash; okr\u0119g nr 22","publisher":{"@id":"https:\/\/marekkuchcinski.pl\/#organization"},"potentialAction":[{"@type":"SearchAction","target":{"@type":"EntryPoint","urlTemplate":"https:\/\/marekkuchcinski.pl\/?s={search_term_string}"},"query-input":{"@type":"PropertyValueSpecification","valueRequired":true,"valueName":"search_term_string"}}],"inLanguage":"cs"},{"@type":"Organization","@id":"https:\/\/marekkuchcinski.pl\/#organization","name":"Marek Kuchci\u0144ski","url":"https:\/\/marekkuchcinski.pl\/","logo":{"@type":"ImageObject","inLanguage":"cs","@id":"https:\/\/marekkuchcinski.pl\/#\/schema\/logo\/image\/","url":"https:\/\/marekkuchcinski.pl\/wp-content\/uploads\/2022\/09\/Marek.jpg","contentUrl":"https:\/\/marekkuchcinski.pl\/wp-content\/uploads\/2022\/09\/Marek.jpg","width":1600,"height":971,"caption":"Marek Kuchci\u0144ski"},"image":{"@id":"https:\/\/marekkuchcinski.pl\/#\/schema\/logo\/image\/"}},{"@type":"Person","@id":"https:\/\/marekkuchcinski.pl\/#\/schema\/person\/b8a29fe7813098f7be78801d029910a7","name":"Tomasz \u0141acina","image":{"@type":"ImageObject","inLanguage":"cs","@id":"https:\/\/marekkuchcinski.pl\/#\/schema\/person\/image\/","url":"https:\/\/secure.gravatar.com\/avatar\/22e75f6c51aff77a676ed77dd222f852?s=96&d=mm&r=g","contentUrl":"https:\/\/secure.gravatar.com\/avatar\/22e75f6c51aff77a676ed77dd222f852?s=96&d=mm&r=g","caption":"Tomasz \u0141acina"},"url":"https:\/\/marekkuchcinski.pl\/cs\/author\/tomek-lacina\/"}]}},"_links":{"self":[{"href":"https:\/\/marekkuchcinski.pl\/cs\/wp-json\/wp\/v2\/posts\/19133","targetHints":{"allow":["GET"]}}],"collection":[{"href":"https:\/\/marekkuchcinski.pl\/cs\/wp-json\/wp\/v2\/posts"}],"about":[{"href":"https:\/\/marekkuchcinski.pl\/cs\/wp-json\/wp\/v2\/types\/post"}],"author":[{"embeddable":true,"href":"https:\/\/marekkuchcinski.pl\/cs\/wp-json\/wp\/v2\/users\/17"}],"replies":[{"embeddable":true,"href":"https:\/\/marekkuchcinski.pl\/cs\/wp-json\/wp\/v2\/comments?post=19133"}],"version-history":[{"count":7,"href":"https:\/\/marekkuchcinski.pl\/cs\/wp-json\/wp\/v2\/posts\/19133\/revisions"}],"predecessor-version":[{"id":19549,"href":"https:\/\/marekkuchcinski.pl\/cs\/wp-json\/wp\/v2\/posts\/19133\/revisions\/19549"}],"wp:featuredmedia":[{"embeddable":true,"href":"https:\/\/marekkuchcinski.pl\/cs\/wp-json\/wp\/v2\/media\/19134"}],"wp:attachment":[{"href":"https:\/\/marekkuchcinski.pl\/cs\/wp-json\/wp\/v2\/media?parent=19133"}],"wp:term":[{"taxonomy":"category","embeddable":true,"href":"https:\/\/marekkuchcinski.pl\/cs\/wp-json\/wp\/v2\/categories?post=19133"},{"taxonomy":"post_tag","embeddable":true,"href":"https:\/\/marekkuchcinski.pl\/cs\/wp-json\/wp\/v2\/tags?post=19133"}],"curies":[{"name":"wp","href":"https:\/\/api.w.org\/{rel}","templated":true}]}}