{"id":19090,"date":"2020-04-08T18:55:29","date_gmt":"2020-04-08T16:55:29","guid":{"rendered":"https:\/\/marek2.rkartist.pl\/?p=19090"},"modified":"2020-07-05T19:03:49","modified_gmt":"2020-07-05T17:03:49","slug":"czy-juz-rysuje-sie-program-na-konferencje-europa-karpat-2021","status":"publish","type":"post","link":"https:\/\/marekkuchcinski.pl\/cs\/europa-karpat\/europa-karpat-dyskusja\/czy-juz-rysuje-sie-program-na-konferencje-europa-karpat-2021\/","title":{"rendered":"Je program konference Karpatsk\u00e1 Evropa 2021 ji\u017e p\u0159ipraven?"},"content":{"rendered":"<p class=\"has-medium-font-size\"><strong><em>Andrzej Mazur - podlaha<\/em><\/strong>.<\/p>\n\n\n\n<p class=\"has-medium-font-size\"><em>Tato ot\u00e1zka je \u010dist\u011b \u0159e\u010dnick\u00e1, proto\u017ee s rozvojem mezin\u00e1rodn\u00ed trasy Via Carpathia Klaipeda - Solu\u0148 nebude o t\u00e9mata nouze ani v p\u0159\u00ed\u0161t\u00edch letech.<br>Co se v\u0161ak t\u00fd\u010de programu na rok 2021, bylo by dobr\u00e9 odk\u00e1zat na budouc\u00ed projekt spojen\u00fd s 1. mezin\u00e1rodn\u00edm f\u00f3rem pro spolupr\u00e1ci ml\u00e1de\u017ee Karpatsk\u00e9ho regionu a T\u0159\u00edkr\u00e1lov\u00e9 iniciativy, kter\u00e9 se uskute\u010dn\u00ed 21. \u00fanora 2020 v Przemy\u015blu.<br>F\u00f3rum bylo p\u0159ijato velmi vst\u0159\u00edcn\u011b a s plnou podporou i v koment\u00e1\u0159\u00edch na internetu. Mlad\u00ed lid\u00e9 jsou jako v\u017edy vynal\u00e9zav\u00ed a n\u00e1padit\u00ed.<br>Na f\u00f3ru byly p\u0159edstaveny n\u00e1vrhy spole\u010dn\u00fdch forem cestovn\u00edho ruchu na trase Via Carpathia: p\u0159\u00edrodn\u00ed turistika, cykloturistika, kanoistika, jachting, p\u011b\u0161\u00ed turistika nebo kulturn\u00ed turistika - zalo\u017een\u00e1 na kulturn\u00edm d\u011bdictv\u00ed.<br>Toto je pouze v\u00fdstup z jednoho dne konference.<br>Nicm\u00e9n\u011b, ani\u017e by to mlad\u00ed panelist\u00e9 a dosp\u011bl\u00ed \u00fa\u010dastn\u00edci konference v\u011bd\u011bli, organiz\u00e1to\u0159i m\u011bli v z\u00e1loze dva velk\u00e9 projekty.<\/em><\/p>\n\n\n\n<p class=\"has-medium-font-size\"><strong>Via Culturalia a Crimson Route<\/strong><\/p>\n\n\n\n<p class=\"has-medium-font-size\"><em>Prvn\u00edm z nich, kter\u00fd by m\u011bl b\u00fdt p\u0159edstaven na 2. f\u00f3ru ml\u00e1de\u017ee v roce 2021, je projekt nazvan\u00fd \"Via Culturalia\".<br>Podle jej\u00edho inici\u00e1tora, \u0159editele pal\u00e1ce \u0141a\u0144cut Wita Wojtowicze, by se jednalo o stezku pod\u00e9l Via Carpathia, kter\u00e1 by ukazovala kulturn\u00ed d\u011bdictv\u00ed r\u016fzn\u00fdch n\u00e1rod\u016f na t\u00e9to mezin\u00e1rodn\u00ed trase. Sou\u017eit\u00ed kultur od \u0158ecka po Litvu, jejich vz\u00e1jemn\u00e9 prol\u00edn\u00e1n\u00ed, vz\u00e1jemn\u00e9 inspirace, dokumenta\u010dn\u00ed \u00fasil\u00ed sou\u010dasn\u00fdch vl\u00e1dn\u00edch, v\u011bdeck\u00fdch a mezin\u00e1rodn\u00edch instituc\u00ed.<br>Douf\u00e1m, \u017ee organiz\u00e1to\u0159i konference pozvou Wita Wojtowicze, aby p\u0159edstavil bal\u00ed\u010dek po\u010d\u00e1te\u010dn\u00edch aktivit a n\u00e1stin pl\u00e1novan\u00fdch budouc\u00edch \u010dinnost\u00ed.<br>P\u0159ipome\u0148me, \u017ee projekt Via Culturalia byl p\u016fvodn\u011b projedn\u00e1v\u00e1n v Lancutu 20. \u0159\u00edjna 2019 na mnohahodinov\u00e9m setk\u00e1n\u00ed na pozv\u00e1n\u00ed V\u00edta Wojtowicze. Na sv\u00e9m Facebooku o tom okam\u017eit\u011b informoval poslanec Marek Kuchcinski.<\/em><\/p>\n\n\n\n<figure class=\"wp-block-image size-large\"><img fetchpriority=\"high\" decoding=\"async\" width=\"1024\" height=\"499\" src=\"https:\/\/marekkuchcinski.pl\/wp-content\/uploads\/2020\/07\/A.M-2-1024x499-1.jpg\" alt=\"Obrazek posiada pusty atrybut alt; plik o nazwie A.M-2-1024x499.jpg\" class=\"wp-image-19095\" srcset=\"https:\/\/marekkuchcinski.pl\/wp-content\/uploads\/2020\/07\/A.M-2-1024x499-1.jpg 1024w, https:\/\/marekkuchcinski.pl\/wp-content\/uploads\/2020\/07\/A.M-2-1024x499-1-300x146.jpg 300w, https:\/\/marekkuchcinski.pl\/wp-content\/uploads\/2020\/07\/A.M-2-1024x499-1-768x374.jpg 768w\" sizes=\"(max-width: 1024px) 100vw, 1024px\" \/><figcaption><em>Konec Karm\u00ednov\u00e9 cesty: socha Alexandra Makedonsk\u00e9ho, Solu\u0148, p\u0159ed horou Olymp. Pro: Wikimedia Commons: konstantionos kolimpa&nbsp;&nbsp;<\/em><\/figcaption><\/figure>\n\n\n\n<p class=\"has-medium-font-size\"><em>Druh\u00fd projekt - v r\u00e1mci Via Culturalii - vypracoval \u00fa\u010dastn\u00edk setk\u00e1n\u00ed v Lancutu Andrzej Mazur, autor megastrategie \"Ekopolitika Przemy\u0161lu do roku 2160-2170\", kter\u00fd pr\u00e1v\u011b v roce 2019 oslavil 45 let sv\u00e9ho putov\u00e1n\u00ed po tras\u00e1ch Przemysk\u00e9ho podhorsk\u00e9ho parku. P\u00ed\u0161i zde ve t\u0159et\u00ed osob\u011b, abych zd\u016fraznil, \u017ee jsem byl jen jedn\u00edm z mnoha \u00fa\u010dastn\u00edk\u016f setk\u00e1n\u00ed v \u0141a\u0144cutu a \u017ee jsem si podhorsk\u00e9 trasy tak\u00e9 nevymyslel, ale objevil je na map\u011b, kterou jsem si koupil v Przemy\u015blu v roce 1975.<br>Jedn\u00e1 se o n\u00e1vrh turistick\u00e9 trasy pod\u00e9l Via Carpathia z Kursk\u00e9 kosy - pam\u00e1tky UNESCO - do Solun\u011b - pam\u00e1tky UNESCO - p\u0159es kr\u00e1sn\u00e9 p\u0159\u00edrodn\u00ed lokality a renesan\u010dn\u00ed architektonick\u00e9 pam\u00e1tky pod n\u00e1zvem \"Karm\u00ednov\u00e1 cesta\".<br>Stezka je ur\u010dena pro b\u011b\u017en\u00e9 turisty, v\u010detn\u011b senior\u016f 60+, turist\u016f na motork\u00e1ch (jezdc\u016f) a v n\u011bkter\u00fdch \u00fasec\u00edch i pro matky s d\u011btmi.<br>P\u0159edb\u011b\u017en\u00e1 mapa Karm\u00ednov\u00e9 cesty se ji\u017e objevila na Facebooku a na internetu. Za sv\u016fj hlavn\u00ed kulturn\u00ed rys, za sv\u016fj pozn\u00e1vac\u00ed znak, za sv\u00e9 tvrd\u00e9 j\u00e1dro si vzala sled renesan\u010dn\u00edch staveb.&nbsp;<br>Trasa na polsk\u00e9m \u00faseku vede mimo jin\u00e9 p\u0159es historick\u00e9 pam\u00e1tky: Krasiczyn, pevnost Przemy\u015bl, Star\u00e9 m\u011bsto Przemy\u015bl, \u0141a\u0144cut, Koz\u0142\u00f3wka, a pam\u00e1tky UNESCO: Bia\u0142ostocki prales, Zamo\u015b\u0107.<br>Navrhuje nav\u0161t\u00edvit na trase Evropsk\u00e9 centrum divadeln\u00ed praxe W\u0142odzimierza Staniewsk\u00e9ho v Gardzienic\u00edch, kter\u00e9 je pokro\u010dil\u00e9 v \u010detb\u011b \u0159eck\u00e9ho chorea (drama a p\u00edse\u0148), nejlep\u0161\u00edho v\u00fdrobce bubn\u016f v Polsku Zenona Nadolsk\u00e9ho v Zawadce na Podkarpatsku, poznat v r\u00e1mci projektu v\u00fdjime\u010dn\u00e9 turistick\u00e9 trasy Turnick\u00e9ho n\u00e1rodn\u00edho parku, zdroje Bolestraszyck\u00e9 botanick\u00e9 zahrady ARBORETUM a kompaktn\u00ed komplex polsk\u00e9 renesance - star\u00e9 m\u011bsto v Lublinu. Projekt byl p\u0159edlo\u017een k materi\u00e1l\u016fm konference Evropa Karpat 2020 ve form\u011b komunik\u00e9 a se souhlasem organiz\u00e1tor\u016f zve\u0159ejn\u011bn na internetu.<\/em><\/p>\n\n\n\n<p class=\"has-medium-font-size\"><strong><em>Dialog, spolupr\u00e1ce a spole\u010dn\u00e9 pl\u00e1ny F\u00f3ra ml\u00e1de\u017ee, Via Culturalia a Crimson Route<\/em><\/strong><\/p>\n\n\n\n<p class=\"has-medium-font-size\"><em>Bylo by dobr\u00e9, kdyby v roce 2021 b\u011bhem 2. f\u00f3ra ml\u00e1de\u017ee p\u0159edstavili sv\u00e9 pl\u00e1ny auto\u0159i Via Cultureii, Karm\u00ednov\u00e9 stezky. A tak\u00e9 auto\u0159i projekt\u016f pro ml\u00e1de\u017e: vodn\u00ed trasy a stezky, horsk\u00e9 trasy, muzejn\u00ed trasy, trasy ve skanzenu, cyklotrasy. Z co nejv\u011bt\u0161\u00edho po\u010dtu zem\u00ed pod\u00e9l Via Carpathia. T\u00edm by se vytvo\u0159ila optim\u00e1ln\u00ed mapa projekt\u016f. Budou vytvo\u0159eny v\u00fdbory pro koordinaci dal\u0161\u00ed pr\u00e1ce (t\u00fdmy, redakto\u0159i). Mohly by b\u00fdt z\u0159\u00edzeny profily na Facebooku, tematick\u00e9 blogy nebo webov\u00e9 str\u00e1nky.&nbsp;<br>T\u00edmto zp\u016fsobem by bylo mo\u017en\u00e9, aby s dokon\u010den\u00edm Via Carpathia 2023-2024 byly v\u0161echny historick\u00e9 a turistick\u00e9 trasy projek\u010dn\u011b dokon\u010deny. A mohly by b\u00fdt prezentov\u00e1ny evropsk\u00e9 a sv\u011btov\u00e9 ve\u0159ejnosti prost\u0159ednictv\u00edm sv\u00fdch webov\u00fdch str\u00e1nek, slo\u017eek, bro\u017eur, let\u00e1k\u016f, zn\u00e1mek, pom\u016fcek. A tak\u00e9 na m\u00edstn\u00edch, n\u00e1rodn\u00edch a mezin\u00e1rodn\u00edch konferenc\u00edch.&nbsp;&nbsp;&nbsp;&nbsp;&nbsp;<br>Osobn\u011b nevid\u00edm \u017e\u00e1dnou p\u0159ek\u00e1\u017eku, aby na konferenc\u00edch 2022, 2023, 2024 auto\u0159i projekt\u016f pro ml\u00e1de\u017e a Via Culturalia a Crimson Route nep\u0159ednesli aktu\u00e1ln\u00ed informace o sou\u010dasn\u00e9m stavu prac\u00ed a neuk\u00e1zali v\u00fdvoj sv\u00fdch n\u00e1vrh\u016f.<\/em><\/p>\n\n\n\n<p class=\"has-medium-font-size\"><em>Via Culturalia, kter\u00e1 dokumentuje v\u00fdvoj kulturn\u00edch forem od \u0159eck\u00fdch z\u00e1klad\u016f p\u0159es jejich napodobov\u00e1n\u00ed a mutace v pozd\u011bj\u0161\u00edch stalet\u00edch v hel\u00e9nistick\u00e9m sv\u011bt\u011b, Pax Romana a karpatsk\u00fdch oblastech Evropy, by m\u011bla strategick\u00fd v\u00fdznam pro v\u0161echny n\u00e1rody Evropy a sv\u011btov\u00e9 m\u00edn\u011bn\u00ed.<br>Na z\u00e1v\u011br tohoto textu se pod\u00edv\u00e1m na dal\u0161\u00ed mapy - z Univerzity Johnse Hopkinse a Worldometers - ukazuj\u00edc\u00ed drama n\u00e1rod\u016f Evropy a sv\u011bta v boji se z\u00e1ke\u0159n\u00fdm a rychle se \u0161\u00ed\u0159\u00edc\u00edm virem Covid 19.<br>A mysl\u00edm, \u017ee to je dal\u0161\u00ed velmi siln\u00e1 motivace pro pokra\u010dov\u00e1n\u00ed konferenc\u00ed. Byly koncipov\u00e1ny jako f\u00f3rum pro pozn\u00e1v\u00e1n\u00ed, integraci a v\u00fdm\u011bnu zku\u0161enost\u00ed s c\u00edlem spole\u010dn\u011b pl\u00e1novat udr\u017eiteln\u00fd rozvoj a ekologick\u00fd \u0159\u00e1d prosp\u011b\u0161n\u00fd pro v\u0161echny. S akcentem, kter\u00fd mo\u017en\u00e1 nen\u00ed v\u00fdslovn\u011b zm\u00edn\u011bn, ale je z\u0159ejm\u00fd: solidarita, zd\u016frazn\u011bn\u00ed spole\u010dn\u00fdch osud\u016f, bl\u00edzk\u00e9 kulturn\u00ed ko\u0159eny vyj\u00e1d\u0159en\u00e9 v jejich p\u00edsn\u00edch, literatu\u0159e, poezii a stavitelstv\u00ed.<br>Domn\u00edv\u00e1m se tak\u00e9, \u017ee Via Culturalia a Karm\u00ednov\u00e1 cesta intuitivn\u00edm zp\u016fsobem jako apriorn\u00ed p\u0159edpoklad, ale z\u00e1rove\u0148 pevn\u011b se dr\u017e\u00edc\u00ed hmotn\u00fdch kulturn\u00edch objekt\u016f a sc\u00e9nick\u00fdch tras, ukazuj\u00ed ur\u010dit\u00fd zp\u016fsob (Via) my\u0161len\u00ed a ur\u010ditou cestu (Route) pozn\u00e1v\u00e1n\u00ed evropsk\u00e9 kultury a jej\u00edho dal\u0161\u00edho v\u00fdvoje. Karpatsk\u00fd kolorit zde m\u016f\u017ee vtisknout svou originalitu.<\/em><\/p>\n\n\n\n<p class=\"has-medium-font-size\"><em>N\u00e1vrh Karm\u00ednov\u00e9 cesty - sd\u011blen\u00ed pro konferenci Przemy\u015bl\/Krasiczyn 2020 s biografi\u00ed autora<br>Odkaz: <a rel=\"noreferrer noopener\" href=\"https:\/\/www.salon24.pl\/u\/prognozy2030\/1035432,crimson-route-komunikat-na-konferencje-europa-karpat-21-02-2020\" target=\"_blank\">https:\/\/www.salon24.pl\/u\/prognozy2030\/1035432,crimson-route-komunikat-na-konferencje-europa-karpat-21-02-2020<\/a><\/em><\/p>\n\n\n\n<div class=\"wp-block-image\"><figure class=\"alignleft size-large is-resized\"><img decoding=\"async\" src=\"https:\/\/marekkuchcinski.pl\/wp-content\/uploads\/2020\/07\/47112801_603023990115243_4700187496053473280_n.jpg\" alt=\"\" class=\"wp-image-19096\" width=\"282\" height=\"318\" srcset=\"https:\/\/marekkuchcinski.pl\/wp-content\/uploads\/2020\/07\/47112801_603023990115243_4700187496053473280_n.jpg 366w, https:\/\/marekkuchcinski.pl\/wp-content\/uploads\/2020\/07\/47112801_603023990115243_4700187496053473280_n-267x300.jpg 267w\" sizes=\"(max-width: 282px) 100vw, 282px\" \/><figcaption>Andrzej Mazur. Nez\u00e1visl\u00fd odborn\u00edk, blogger, turista. St\u00e1\u017eista v Hereck\u00e9m institutu<br>Divadlo Laborato\u0159 Jerzyho Grotowsk\u00e9ho ve Vratislavi v oblasti parate\u00e1tru,<br>\u0160\u00e9fredaktor internetov\u00e9ho \u010dasopisu Poetry&amp;Paratheatre 2010-<br>B. PNK UNESCO MaB Programme a PAN expert. V roce 2004 vydal<br>\"Metodologie ekologick\u00e9 v\u011bdy a strategie\". \u00da\u010dastn\u00edk festival\u016f v Przemyslu<br>Poezie 2010, 2012, 2014, 2015, 2018.<\/figcaption><\/figure><\/div>","protected":false},"excerpt":{"rendered":"<p>Andrzej Mazur - hlas v diskusi. Ot\u00e1zka je \u010dist\u011b \u0159e\u010dnick\u00e1, proto\u017ee v souvislosti s rozvojem mezin\u00e1rodn\u00ed trasy Via Carpathia Klaip\u00e9da - Solu\u0148 nebude o t\u00e9mata nouze ani v p\u0159\u00ed\u0161t\u00edch letech, nicm\u00e9n\u011b pokud jde o program na rok 2021, bylo by dobr\u00e9 odk\u00e1zat na perspektivn\u00ed projekt souvisej\u00edc\u00ed s 1. mezin\u00e1rodn\u00edm f\u00f3rem pro spolupr\u00e1ci karpatsk\u00e9 ml\u00e1de\u017ee a Trilater\u00e1ln\u00ed iniciativou [...]<\/p>","protected":false},"author":17,"featured_media":19095,"comment_status":"open","ping_status":"open","sticky":false,"template":"","format":"standard","meta":{"ngg_post_thumbnail":0,"footnotes":""},"categories":[78,177,49,3],"tags":[],"class_list":["post-19090","post","type-post","status-publish","format-standard","has-post-thumbnail","hentry","category-europa-karpat","category-europa-karpat-dyskusja","category-podkarpacie","category-wydarzenia"],"yoast_head":"<!-- This site is optimized with the Yoast SEO plugin v24.7 - https:\/\/yoast.com\/wordpress\/plugins\/seo\/ -->\n<title>Czy ju\u017c rysuje si\u0119 program na konferencj\u0119 \u201eEuropa Karpat 2021&quot;? &#8211; Marek Kuchci\u0144ski<\/title>\n<meta name=\"robots\" content=\"index, follow, max-snippet:-1, max-image-preview:large, max-video-preview:-1\" \/>\n<link rel=\"canonical\" href=\"https:\/\/marekkuchcinski.pl\/cs\/europa-karpat\/europa-karpat-dyskusja\/czy-juz-rysuje-sie-program-na-konferencje-europa-karpat-2021\/\" \/>\n<meta property=\"og:locale\" content=\"cs_CZ\" \/>\n<meta property=\"og:type\" content=\"article\" \/>\n<meta property=\"og:title\" content=\"Czy ju\u017c rysuje si\u0119 program na konferencj\u0119 \u201eEuropa Karpat 2021&quot;? &#8211; Marek Kuchci\u0144ski\" \/>\n<meta property=\"og:description\" content=\"Andrzej Mazur \u2013 g\u0142os w dyskusji. Pytanie jest czysto retoryczne, bo w zwi\u0105zku z rozwojem mi\u0119dzynarodowej trasy Via Carpathia K\u0142ajpeda &#8211; Saloniki temat\u00f3w nie b\u0119dzie brakowa\u0107 na lata.Niemniej je\u015bli idzie o program na rok 2021, dobrze by\u0142oby nawi\u0105za\u0107 do przysz\u0142o\u015bciowego projektu zwi\u0105zanego z I Mi\u0119dzynarodowym Forum Wsp\u00f3\u0142pracy M\u0142odych Obszaru Karpat i Inicjatywy Tr\u00f3jmorza, z dnia [&hellip;]\" \/>\n<meta property=\"og:url\" content=\"https:\/\/marekkuchcinski.pl\/cs\/europa-karpat\/europa-karpat-dyskusja\/czy-juz-rysuje-sie-program-na-konferencje-europa-karpat-2021\/\" \/>\n<meta property=\"og:site_name\" content=\"Marek Kuchci\u0144ski\" \/>\n<meta property=\"article:published_time\" content=\"2020-04-08T16:55:29+00:00\" \/>\n<meta property=\"article:modified_time\" content=\"2020-07-05T17:03:49+00:00\" \/>\n<meta property=\"og:image\" content=\"https:\/\/marekkuchcinski.pl\/wp-content\/uploads\/2020\/07\/A.M-2-1024x499-1.jpg\" \/>\n\t<meta property=\"og:image:width\" content=\"1024\" \/>\n\t<meta property=\"og:image:height\" content=\"499\" \/>\n\t<meta property=\"og:image:type\" content=\"image\/jpeg\" \/>\n<meta name=\"author\" content=\"Tomasz \u0141acina\" \/>\n<meta name=\"twitter:card\" content=\"summary_large_image\" \/>\n<meta name=\"twitter:label1\" content=\"Napsal(a)\" \/>\n\t<meta name=\"twitter:data1\" content=\"Tomasz \u0141acina\" \/>\n\t<meta name=\"twitter:label2\" content=\"Odhadovan\u00e1 doba \u010dten\u00ed\" \/>\n\t<meta name=\"twitter:data2\" content=\"6 minut\" \/>\n<script type=\"application\/ld+json\" class=\"yoast-schema-graph\">{\"@context\":\"https:\/\/schema.org\",\"@graph\":[{\"@type\":\"Article\",\"@id\":\"https:\/\/marekkuchcinski.pl\/europa-karpat\/europa-karpat-dyskusja\/czy-juz-rysuje-sie-program-na-konferencje-europa-karpat-2021\/#article\",\"isPartOf\":{\"@id\":\"https:\/\/marekkuchcinski.pl\/europa-karpat\/europa-karpat-dyskusja\/czy-juz-rysuje-sie-program-na-konferencje-europa-karpat-2021\/\"},\"author\":{\"name\":\"Tomasz \u0141acina\",\"@id\":\"https:\/\/marekkuchcinski.pl\/#\/schema\/person\/b8a29fe7813098f7be78801d029910a7\"},\"headline\":\"Czy ju\u017c rysuje si\u0119 program na konferencj\u0119 \u201eEuropa Karpat 2021&#8243;?\",\"datePublished\":\"2020-04-08T16:55:29+00:00\",\"dateModified\":\"2020-07-05T17:03:49+00:00\",\"mainEntityOfPage\":{\"@id\":\"https:\/\/marekkuchcinski.pl\/europa-karpat\/europa-karpat-dyskusja\/czy-juz-rysuje-sie-program-na-konferencje-europa-karpat-2021\/\"},\"wordCount\":1128,\"commentCount\":0,\"publisher\":{\"@id\":\"https:\/\/marekkuchcinski.pl\/#organization\"},\"image\":{\"@id\":\"https:\/\/marekkuchcinski.pl\/europa-karpat\/europa-karpat-dyskusja\/czy-juz-rysuje-sie-program-na-konferencje-europa-karpat-2021\/#primaryimage\"},\"thumbnailUrl\":\"https:\/\/marekkuchcinski.pl\/wp-content\/uploads\/2020\/07\/A.M-2-1024x499-1.jpg\",\"articleSection\":[\"Europa Karpat\",\"Europa Karpat \u2013 dyskusja\",\"Podkarpacie\",\"Wydarzenia\"],\"inLanguage\":\"cs\",\"potentialAction\":[{\"@type\":\"CommentAction\",\"name\":\"Comment\",\"target\":[\"https:\/\/marekkuchcinski.pl\/europa-karpat\/europa-karpat-dyskusja\/czy-juz-rysuje-sie-program-na-konferencje-europa-karpat-2021\/#respond\"]}]},{\"@type\":\"WebPage\",\"@id\":\"https:\/\/marekkuchcinski.pl\/europa-karpat\/europa-karpat-dyskusja\/czy-juz-rysuje-sie-program-na-konferencje-europa-karpat-2021\/\",\"url\":\"https:\/\/marekkuchcinski.pl\/europa-karpat\/europa-karpat-dyskusja\/czy-juz-rysuje-sie-program-na-konferencje-europa-karpat-2021\/\",\"name\":\"Czy ju\u017c rysuje si\u0119 program na konferencj\u0119 \u201eEuropa Karpat 2021\\\"? &#8211; Marek Kuchci\u0144ski\",\"isPartOf\":{\"@id\":\"https:\/\/marekkuchcinski.pl\/#website\"},\"primaryImageOfPage\":{\"@id\":\"https:\/\/marekkuchcinski.pl\/europa-karpat\/europa-karpat-dyskusja\/czy-juz-rysuje-sie-program-na-konferencje-europa-karpat-2021\/#primaryimage\"},\"image\":{\"@id\":\"https:\/\/marekkuchcinski.pl\/europa-karpat\/europa-karpat-dyskusja\/czy-juz-rysuje-sie-program-na-konferencje-europa-karpat-2021\/#primaryimage\"},\"thumbnailUrl\":\"https:\/\/marekkuchcinski.pl\/wp-content\/uploads\/2020\/07\/A.M-2-1024x499-1.jpg\",\"datePublished\":\"2020-04-08T16:55:29+00:00\",\"dateModified\":\"2020-07-05T17:03:49+00:00\",\"breadcrumb\":{\"@id\":\"https:\/\/marekkuchcinski.pl\/europa-karpat\/europa-karpat-dyskusja\/czy-juz-rysuje-sie-program-na-konferencje-europa-karpat-2021\/#breadcrumb\"},\"inLanguage\":\"cs\",\"potentialAction\":[{\"@type\":\"ReadAction\",\"target\":[\"https:\/\/marekkuchcinski.pl\/europa-karpat\/europa-karpat-dyskusja\/czy-juz-rysuje-sie-program-na-konferencje-europa-karpat-2021\/\"]}]},{\"@type\":\"ImageObject\",\"inLanguage\":\"cs\",\"@id\":\"https:\/\/marekkuchcinski.pl\/europa-karpat\/europa-karpat-dyskusja\/czy-juz-rysuje-sie-program-na-konferencje-europa-karpat-2021\/#primaryimage\",\"url\":\"https:\/\/marekkuchcinski.pl\/wp-content\/uploads\/2020\/07\/A.M-2-1024x499-1.jpg\",\"contentUrl\":\"https:\/\/marekkuchcinski.pl\/wp-content\/uploads\/2020\/07\/A.M-2-1024x499-1.jpg\",\"width\":1024,\"height\":499},{\"@type\":\"BreadcrumbList\",\"@id\":\"https:\/\/marekkuchcinski.pl\/europa-karpat\/europa-karpat-dyskusja\/czy-juz-rysuje-sie-program-na-konferencje-europa-karpat-2021\/#breadcrumb\",\"itemListElement\":[{\"@type\":\"ListItem\",\"position\":1,\"name\":\"Strona g\u0142\u00f3wna\",\"item\":\"https:\/\/marekkuchcinski.pl\/\"},{\"@type\":\"ListItem\",\"position\":2,\"name\":\"Czy ju\u017c rysuje si\u0119 program na konferencj\u0119 \u201eEuropa Karpat 2021&#8243;?\"}]},{\"@type\":\"WebSite\",\"@id\":\"https:\/\/marekkuchcinski.pl\/#website\",\"url\":\"https:\/\/marekkuchcinski.pl\/\",\"name\":\"Marek Kuchci\u0144ski\",\"description\":\"Pose\u0142 na sejm RP &ndash; okr\u0119g nr 22\",\"publisher\":{\"@id\":\"https:\/\/marekkuchcinski.pl\/#organization\"},\"potentialAction\":[{\"@type\":\"SearchAction\",\"target\":{\"@type\":\"EntryPoint\",\"urlTemplate\":\"https:\/\/marekkuchcinski.pl\/?s={search_term_string}\"},\"query-input\":{\"@type\":\"PropertyValueSpecification\",\"valueRequired\":true,\"valueName\":\"search_term_string\"}}],\"inLanguage\":\"cs\"},{\"@type\":\"Organization\",\"@id\":\"https:\/\/marekkuchcinski.pl\/#organization\",\"name\":\"Marek Kuchci\u0144ski\",\"url\":\"https:\/\/marekkuchcinski.pl\/\",\"logo\":{\"@type\":\"ImageObject\",\"inLanguage\":\"cs\",\"@id\":\"https:\/\/marekkuchcinski.pl\/#\/schema\/logo\/image\/\",\"url\":\"https:\/\/marekkuchcinski.pl\/wp-content\/uploads\/2022\/09\/Marek.jpg\",\"contentUrl\":\"https:\/\/marekkuchcinski.pl\/wp-content\/uploads\/2022\/09\/Marek.jpg\",\"width\":1600,\"height\":971,\"caption\":\"Marek Kuchci\u0144ski\"},\"image\":{\"@id\":\"https:\/\/marekkuchcinski.pl\/#\/schema\/logo\/image\/\"}},{\"@type\":\"Person\",\"@id\":\"https:\/\/marekkuchcinski.pl\/#\/schema\/person\/b8a29fe7813098f7be78801d029910a7\",\"name\":\"Tomasz \u0141acina\",\"image\":{\"@type\":\"ImageObject\",\"inLanguage\":\"cs\",\"@id\":\"https:\/\/marekkuchcinski.pl\/#\/schema\/person\/image\/\",\"url\":\"https:\/\/secure.gravatar.com\/avatar\/22e75f6c51aff77a676ed77dd222f852?s=96&d=mm&r=g\",\"contentUrl\":\"https:\/\/secure.gravatar.com\/avatar\/22e75f6c51aff77a676ed77dd222f852?s=96&d=mm&r=g\",\"caption\":\"Tomasz \u0141acina\"},\"url\":\"https:\/\/marekkuchcinski.pl\/cs\/author\/tomek-lacina\/\"}]}<\/script>\n<!-- \/ Yoast SEO plugin. -->","yoast_head_json":{"title":"Czy ju\u017c rysuje si\u0119 program na konferencj\u0119 \u201eEuropa Karpat 2021\"? &#8211; Marek Kuchci\u0144ski","robots":{"index":"index","follow":"follow","max-snippet":"max-snippet:-1","max-image-preview":"max-image-preview:large","max-video-preview":"max-video-preview:-1"},"canonical":"https:\/\/marekkuchcinski.pl\/cs\/europa-karpat\/europa-karpat-dyskusja\/czy-juz-rysuje-sie-program-na-konferencje-europa-karpat-2021\/","og_locale":"cs_CZ","og_type":"article","og_title":"Czy ju\u017c rysuje si\u0119 program na konferencj\u0119 \u201eEuropa Karpat 2021\"? &#8211; Marek Kuchci\u0144ski","og_description":"Andrzej Mazur \u2013 g\u0142os w dyskusji. Pytanie jest czysto retoryczne, bo w zwi\u0105zku z rozwojem mi\u0119dzynarodowej trasy Via Carpathia K\u0142ajpeda &#8211; Saloniki temat\u00f3w nie b\u0119dzie brakowa\u0107 na lata.Niemniej je\u015bli idzie o program na rok 2021, dobrze by\u0142oby nawi\u0105za\u0107 do przysz\u0142o\u015bciowego projektu zwi\u0105zanego z I Mi\u0119dzynarodowym Forum Wsp\u00f3\u0142pracy M\u0142odych Obszaru Karpat i Inicjatywy Tr\u00f3jmorza, z dnia [&hellip;]","og_url":"https:\/\/marekkuchcinski.pl\/cs\/europa-karpat\/europa-karpat-dyskusja\/czy-juz-rysuje-sie-program-na-konferencje-europa-karpat-2021\/","og_site_name":"Marek Kuchci\u0144ski","article_published_time":"2020-04-08T16:55:29+00:00","article_modified_time":"2020-07-05T17:03:49+00:00","og_image":[{"width":1024,"height":499,"url":"https:\/\/marekkuchcinski.pl\/wp-content\/uploads\/2020\/07\/A.M-2-1024x499-1.jpg","type":"image\/jpeg"}],"author":"Tomasz \u0141acina","twitter_card":"summary_large_image","twitter_misc":{"Napsal(a)":"Tomasz \u0141acina","Odhadovan\u00e1 doba \u010dten\u00ed":"6 minut"},"schema":{"@context":"https:\/\/schema.org","@graph":[{"@type":"Article","@id":"https:\/\/marekkuchcinski.pl\/europa-karpat\/europa-karpat-dyskusja\/czy-juz-rysuje-sie-program-na-konferencje-europa-karpat-2021\/#article","isPartOf":{"@id":"https:\/\/marekkuchcinski.pl\/europa-karpat\/europa-karpat-dyskusja\/czy-juz-rysuje-sie-program-na-konferencje-europa-karpat-2021\/"},"author":{"name":"Tomasz \u0141acina","@id":"https:\/\/marekkuchcinski.pl\/#\/schema\/person\/b8a29fe7813098f7be78801d029910a7"},"headline":"Czy ju\u017c rysuje si\u0119 program na konferencj\u0119 \u201eEuropa Karpat 2021&#8243;?","datePublished":"2020-04-08T16:55:29+00:00","dateModified":"2020-07-05T17:03:49+00:00","mainEntityOfPage":{"@id":"https:\/\/marekkuchcinski.pl\/europa-karpat\/europa-karpat-dyskusja\/czy-juz-rysuje-sie-program-na-konferencje-europa-karpat-2021\/"},"wordCount":1128,"commentCount":0,"publisher":{"@id":"https:\/\/marekkuchcinski.pl\/#organization"},"image":{"@id":"https:\/\/marekkuchcinski.pl\/europa-karpat\/europa-karpat-dyskusja\/czy-juz-rysuje-sie-program-na-konferencje-europa-karpat-2021\/#primaryimage"},"thumbnailUrl":"https:\/\/marekkuchcinski.pl\/wp-content\/uploads\/2020\/07\/A.M-2-1024x499-1.jpg","articleSection":["Europa Karpat","Europa Karpat \u2013 dyskusja","Podkarpacie","Wydarzenia"],"inLanguage":"cs","potentialAction":[{"@type":"CommentAction","name":"Comment","target":["https:\/\/marekkuchcinski.pl\/europa-karpat\/europa-karpat-dyskusja\/czy-juz-rysuje-sie-program-na-konferencje-europa-karpat-2021\/#respond"]}]},{"@type":"WebPage","@id":"https:\/\/marekkuchcinski.pl\/europa-karpat\/europa-karpat-dyskusja\/czy-juz-rysuje-sie-program-na-konferencje-europa-karpat-2021\/","url":"https:\/\/marekkuchcinski.pl\/europa-karpat\/europa-karpat-dyskusja\/czy-juz-rysuje-sie-program-na-konferencje-europa-karpat-2021\/","name":"Czy ju\u017c rysuje si\u0119 program na konferencj\u0119 \u201eEuropa Karpat 2021\"? &#8211; Marek Kuchci\u0144ski","isPartOf":{"@id":"https:\/\/marekkuchcinski.pl\/#website"},"primaryImageOfPage":{"@id":"https:\/\/marekkuchcinski.pl\/europa-karpat\/europa-karpat-dyskusja\/czy-juz-rysuje-sie-program-na-konferencje-europa-karpat-2021\/#primaryimage"},"image":{"@id":"https:\/\/marekkuchcinski.pl\/europa-karpat\/europa-karpat-dyskusja\/czy-juz-rysuje-sie-program-na-konferencje-europa-karpat-2021\/#primaryimage"},"thumbnailUrl":"https:\/\/marekkuchcinski.pl\/wp-content\/uploads\/2020\/07\/A.M-2-1024x499-1.jpg","datePublished":"2020-04-08T16:55:29+00:00","dateModified":"2020-07-05T17:03:49+00:00","breadcrumb":{"@id":"https:\/\/marekkuchcinski.pl\/europa-karpat\/europa-karpat-dyskusja\/czy-juz-rysuje-sie-program-na-konferencje-europa-karpat-2021\/#breadcrumb"},"inLanguage":"cs","potentialAction":[{"@type":"ReadAction","target":["https:\/\/marekkuchcinski.pl\/europa-karpat\/europa-karpat-dyskusja\/czy-juz-rysuje-sie-program-na-konferencje-europa-karpat-2021\/"]}]},{"@type":"ImageObject","inLanguage":"cs","@id":"https:\/\/marekkuchcinski.pl\/europa-karpat\/europa-karpat-dyskusja\/czy-juz-rysuje-sie-program-na-konferencje-europa-karpat-2021\/#primaryimage","url":"https:\/\/marekkuchcinski.pl\/wp-content\/uploads\/2020\/07\/A.M-2-1024x499-1.jpg","contentUrl":"https:\/\/marekkuchcinski.pl\/wp-content\/uploads\/2020\/07\/A.M-2-1024x499-1.jpg","width":1024,"height":499},{"@type":"BreadcrumbList","@id":"https:\/\/marekkuchcinski.pl\/europa-karpat\/europa-karpat-dyskusja\/czy-juz-rysuje-sie-program-na-konferencje-europa-karpat-2021\/#breadcrumb","itemListElement":[{"@type":"ListItem","position":1,"name":"Strona g\u0142\u00f3wna","item":"https:\/\/marekkuchcinski.pl\/"},{"@type":"ListItem","position":2,"name":"Czy ju\u017c rysuje si\u0119 program na konferencj\u0119 \u201eEuropa Karpat 2021&#8243;?"}]},{"@type":"WebSite","@id":"https:\/\/marekkuchcinski.pl\/#website","url":"https:\/\/marekkuchcinski.pl\/","name":"Marek Kuchci\u0144ski","description":"Pose\u0142 na sejm RP &ndash; okr\u0119g nr 22","publisher":{"@id":"https:\/\/marekkuchcinski.pl\/#organization"},"potentialAction":[{"@type":"SearchAction","target":{"@type":"EntryPoint","urlTemplate":"https:\/\/marekkuchcinski.pl\/?s={search_term_string}"},"query-input":{"@type":"PropertyValueSpecification","valueRequired":true,"valueName":"search_term_string"}}],"inLanguage":"cs"},{"@type":"Organization","@id":"https:\/\/marekkuchcinski.pl\/#organization","name":"Marek Kuchci\u0144ski","url":"https:\/\/marekkuchcinski.pl\/","logo":{"@type":"ImageObject","inLanguage":"cs","@id":"https:\/\/marekkuchcinski.pl\/#\/schema\/logo\/image\/","url":"https:\/\/marekkuchcinski.pl\/wp-content\/uploads\/2022\/09\/Marek.jpg","contentUrl":"https:\/\/marekkuchcinski.pl\/wp-content\/uploads\/2022\/09\/Marek.jpg","width":1600,"height":971,"caption":"Marek Kuchci\u0144ski"},"image":{"@id":"https:\/\/marekkuchcinski.pl\/#\/schema\/logo\/image\/"}},{"@type":"Person","@id":"https:\/\/marekkuchcinski.pl\/#\/schema\/person\/b8a29fe7813098f7be78801d029910a7","name":"Tomasz \u0141acina","image":{"@type":"ImageObject","inLanguage":"cs","@id":"https:\/\/marekkuchcinski.pl\/#\/schema\/person\/image\/","url":"https:\/\/secure.gravatar.com\/avatar\/22e75f6c51aff77a676ed77dd222f852?s=96&d=mm&r=g","contentUrl":"https:\/\/secure.gravatar.com\/avatar\/22e75f6c51aff77a676ed77dd222f852?s=96&d=mm&r=g","caption":"Tomasz \u0141acina"},"url":"https:\/\/marekkuchcinski.pl\/cs\/author\/tomek-lacina\/"}]}},"_links":{"self":[{"href":"https:\/\/marekkuchcinski.pl\/cs\/wp-json\/wp\/v2\/posts\/19090","targetHints":{"allow":["GET"]}}],"collection":[{"href":"https:\/\/marekkuchcinski.pl\/cs\/wp-json\/wp\/v2\/posts"}],"about":[{"href":"https:\/\/marekkuchcinski.pl\/cs\/wp-json\/wp\/v2\/types\/post"}],"author":[{"embeddable":true,"href":"https:\/\/marekkuchcinski.pl\/cs\/wp-json\/wp\/v2\/users\/17"}],"replies":[{"embeddable":true,"href":"https:\/\/marekkuchcinski.pl\/cs\/wp-json\/wp\/v2\/comments?post=19090"}],"version-history":[{"count":5,"href":"https:\/\/marekkuchcinski.pl\/cs\/wp-json\/wp\/v2\/posts\/19090\/revisions"}],"predecessor-version":[{"id":19097,"href":"https:\/\/marekkuchcinski.pl\/cs\/wp-json\/wp\/v2\/posts\/19090\/revisions\/19097"}],"wp:featuredmedia":[{"embeddable":true,"href":"https:\/\/marekkuchcinski.pl\/cs\/wp-json\/wp\/v2\/media\/19095"}],"wp:attachment":[{"href":"https:\/\/marekkuchcinski.pl\/cs\/wp-json\/wp\/v2\/media?parent=19090"}],"wp:term":[{"taxonomy":"category","embeddable":true,"href":"https:\/\/marekkuchcinski.pl\/cs\/wp-json\/wp\/v2\/categories?post=19090"},{"taxonomy":"post_tag","embeddable":true,"href":"https:\/\/marekkuchcinski.pl\/cs\/wp-json\/wp\/v2\/tags?post=19090"}],"curies":[{"name":"wp","href":"https:\/\/api.w.org\/{rel}","templated":true}]}}