{"id":19081,"date":"2020-04-06T18:49:04","date_gmt":"2020-04-06T16:49:04","guid":{"rendered":"https:\/\/marek2.rkartist.pl\/?p=19081"},"modified":"2020-07-05T13:10:50","modified_gmt":"2020-07-05T11:10:50","slug":"maciej-szymanowski-glos-w-dyskusji-o-przyszlosci-europy-karpat","status":"publish","type":"post","link":"https:\/\/marekkuchcinski.pl\/cs\/europa-karpat\/maciej-szymanowski-glos-w-dyskusji-o-przyszlosci-europy-karpat\/","title":{"rendered":"Maciej Szymanowski - hlas v diskusi o budoucnosti Karpatsk\u00e9 Evropy"},"content":{"rendered":"<p class=\"has-medium-font-size\"><strong>D\u00e1my a p\u00e1nov\u00e9, <\/strong><\/p>\n\n\n\n<p class=\"has-text-align-left has-medium-font-size\">  &nbsp;&nbsp;&nbsp;&nbsp;&nbsp;&nbsp;&nbsp;&nbsp;&nbsp;&nbsp;&nbsp; M\u00e1m to pot\u011b\u0161en\u00ed p\u0159edstavit prvn\u00ed hlas v diskusi o budoucnosti Karpatsk\u00e9 Evropy, kter\u00fd pat\u0159\u00ed Macieji Szymanowsk\u00e9mu, \u0159editeli Institutu polsko-ma\u010farsk\u00e9 spolupr\u00e1ce Wac\u0142awa Felczaka ve Var\u0161av\u011b, na kter\u00fd jsem v\u00e1s pozval p\u0159edmluvou na sv\u00fdch webov\u00fdch str\u00e1nk\u00e1ch 2. dubna 2020.<\/p>\n\n\n\n<p class=\"has-text-align-right has-normal-font-size\"><em>Marek Kuchci\u0144ski<\/em><\/p>\n\n\n\n<p class=\"has-text-align-center has-medium-font-size\"><strong><em>Evropa Karpat<\/em><\/strong><\/p>\n\n\n\n<p class=\"has-text-align-center has-medium-font-size\"><strong><em>Budoucnost. Karpatsk\u00e1 Evropa jako st\u0159edn\u00ed Evropa. Karpatsk\u00e1 Evropa jako \"ige\"<\/em><\/strong><\/p>\n\n\n\n<p class=\"has-medium-font-size\"> &nbsp;&nbsp;&nbsp;&nbsp;&nbsp;&nbsp;&nbsp;&nbsp;&nbsp;&nbsp;&nbsp;<em> P\u00ed\u0161eme r\u016fzn\u00fdmi zp\u016fsoby. Jako Pol\u00e1ci a Evropan\u00e9 p\u00ed\u0161eme zleva doprava. V mnoha jin\u00fdch kultur\u00e1ch, nap\u0159\u00edklad v arabsk\u00e9 nebo \u017eidovsk\u00e9, se v\u0161ak p\u00ed\u0161e p\u0159esn\u011b naopak: zprava doleva. V jin\u00fdch jazyc\u00edch, nap\u0159\u00edklad v \u010d\u00edn\u0161tin\u011b nebo japon\u0161tin\u011b, se tradi\u010dn\u011b p\u00ed\u0161e: nahoru-dol\u016f. V ka\u017ed\u00e9 z t\u011bchto kultur v\u0161ak existuje zn\u00e1m\u00e9 r\u010den\u00ed: od obecn\u00e9ho ke konkr\u00e9tn\u00edmu nebo od konkr\u00e9tn\u00edho k obecn\u00e9mu. N\u011bkolik my\u0161lenek, kter\u00e9 si dovol\u00edm n\u00ed\u017ee vy\u0161krtnout, bude n\u00e1sledovat v posledn\u00edm po\u0159ad\u00ed. Podle m\u00e9ho n\u00e1zoru dob\u0159e odr\u00e1\u017eej\u00ed to, co je dnes jednou z hlavn\u00edch hodnot konference Karpatsk\u00e1 Evropa a v \u010dem spo\u010d\u00edv\u00e1 jej\u00ed velk\u00fd potenci\u00e1l do budoucna. <\/em><\/p>\n\n\n\n<p class=\"has-medium-font-size\"><strong><em>IGE nebo slovo jako akce<\/em><\/strong><\/p>\n\n\n\n<p class=\"has-medium-font-size\"> &nbsp;&nbsp;&nbsp;&nbsp;&nbsp;&nbsp;&nbsp;&nbsp;&nbsp;&nbsp;&nbsp;<em> \"Na po\u010d\u00e1tku bylo Slovo\" se dozv\u00edd\u00e1me z evangelia svat\u00e9ho Jana. Ma\u010fa\u0159i v tomto cit\u00e1tu nepou\u017e\u00edvaj\u00ed v\u00fdraz, kter\u00fd by znamenal striktn\u011b \"slovo\" - \"sz\u00f3\", ale slovo \"ige\" - co\u017e znamen\u00e1 slovo, ale tak\u00e9: \"sloveso\", \"pohyb\". Karpatsk\u00e1 Evropa - tato s\u00e9rie konferenc\u00ed, kter\u00e1 se kon\u00e1 ji\u017e mnoho let, je m\u00edstem setk\u00e1n\u00ed nejen lid\u00ed z r\u016fzn\u00fdch zem\u00ed, ale p\u0159edev\u0161\u00edm lid\u00ed, kte\u0159\u00ed tvo\u0159\u00ed sv\u00e9 my\u0161lenky a pou\u017e\u00edvaj\u00ed slovo \"ige\". Slovo, za kter\u00fdm stoj\u00ed konkr\u00e9tn\u00ed my\u0161lenka, projekt nebo akce. Vznikla by strategie udr\u017eiteln\u00e9ho rozvoje, kter\u00e1 m\u00e1 v Polsku v sou\u010dasn\u00e9 dob\u011b tak velkou podporu ve\u0159ejnosti, neb\u00fdt Karpatsk\u00e9 Evropy? Je to mo\u017en\u00e9. Ot\u00e1zkou je kdy? Nebo sp\u00ed\u0161e: o kolik pozd\u011bji? Vznikla by nov\u00e1 st\u0159edoevropsk\u00e1 obchodn\u00ed cesta Via Carpathia bez Karpatsk\u00e9 Evropy? Pravd\u011bpodobn\u011b. Ale sp\u00ed\u0161e ne p\u0159ed na\u0161ima o\u010dima.<\/em><\/p>\n\n\n\n<p class=\"has-medium-font-size\"> &nbsp;&nbsp;&nbsp;&nbsp;&nbsp;&nbsp;&nbsp;&nbsp;&nbsp;&nbsp;&nbsp; <em>Duch a litera \"\u00damluvy o ochran\u011b a udr\u017eiteln\u00e9m rozvoji Karpat\" podepsan\u00e9 v Kyjev\u011b (2003) nebo my\u0161lenka vybudov\u00e1n\u00ed p\u0159eshrani\u010dn\u00ed dopravn\u00ed cesty Via Carpathia, kter\u00e1 se od roku 2013 objevuje t\u00e9m\u011b\u0159 ve v\u0161ech dokumentech podepsan\u00fdch se znakem Karpatsk\u00e9 Evropy, jsou konkr\u00e9tn\u00edmi p\u0159\u00edklady toho, jak vzorec p\u0159ijat\u00fd na zm\u00edn\u011bn\u00e9 konferenci funguje v praxi. O tom sv\u011bd\u010d\u00ed i diskuse, kter\u00e9 prob\u011bhly na konferenci Europa Karpatia a z nich\u017e vze\u0161la my\u0161lenka zalo\u017eit Collegium Carphaticum. V\u00fdm\u011bna profesor\u016f a v\u00fduky na st\u0159edoevropsk\u00e1 t\u00e9mata, od geologie po politologii, prob\u00edh\u00e1 systematicky d\u00edky dohod\u011b uzav\u0159en\u00e9 v roce 2017 na 19. ro\u010dn\u00edku konference mezi univerzitami ze 6 zem\u00ed: \u010cesk\u00e9 republiky, Polska, Rumunska, Slovenska, Ukrajiny a Ma\u010farska.<\/em><\/p>\n\n\n\n<p class=\"has-medium-font-size\"><strong><em>KARPATSK\u00c1 EVROPA JAKO ST\u0158EDN\u00cd EVROPA<\/em><\/strong><\/p>\n\n\n\n<p class=\"has-medium-font-size\"> &nbsp;&nbsp;&nbsp;&nbsp;&nbsp;&nbsp;&nbsp;&nbsp;&nbsp;&nbsp;&nbsp; <em>Jak v\u00edte, existuj\u00ed des\u00edtky definic st\u0159edn\u00ed Evropy. Vzhledem k tomu, \u017ee celkem tucet evropsk\u00fdch zem\u00ed si na sv\u00e9m \u00fazem\u00ed vyzna\u010dilo a p\u0159ipomn\u011blo geografick\u00fd st\u0159ed Evropy pam\u011btn\u00edm obeliskem (\u010ce\u0161i v Praze, Slov\u00e1ci v Kremnici, Pol\u00e1ci v Suchovoli, Ukrajinci v Dilove, Ma\u010fa\u0159i v T\u00e1llyi atd.), lze asi p\u0159edpokl\u00e1dat, \u017ee st\u0159edn\u00ed Evropa je tam, kde je spole\u010densk\u00e9 o\u010dek\u00e1v\u00e1n\u00ed, kde si to lid\u00e9 p\u0159ej\u00ed. <\/em><\/p>\n\n\n\n<p class=\"has-medium-font-size\"> &nbsp;&nbsp;&nbsp;&nbsp;&nbsp;&nbsp;&nbsp;&nbsp;&nbsp;&nbsp;&nbsp; <em>To je do jist\u00e9 m\u00edry i p\u0159\u00edpad Karpatsk\u00e9 Evropy. Neshroma\u017e\u010fuje ani tak z\u00e1stupce zem\u00ed, kter\u00fdmi toto poho\u0159\u00ed proch\u00e1z\u00ed, ale sp\u00ed\u0161e p\u0159itahuje ty, pro kter\u00e9 jsou hory symbolem toho, co je trval\u00e9, siln\u00e9 a v\u011b\u010dn\u00e9. Ti, kte\u0159\u00ed v\u011bd\u00ed, \u017ee hory n\u00e1s p\u0159irozen\u011b nut\u00ed d\u00edvat se... \"nahoru\". Nut\u00ed n\u00e1s - alespo\u0148 na chv\u00edli - opustit horizont\u00e1ln\u00ed vn\u00edm\u00e1n\u00ed sv\u011bta s jeho r\u016fzn\u00fdmi dogmaty, jako je slavn\u00e1 teorie centra a periferie. Vytv\u00e1\u0159ej\u00ed jedine\u010dn\u00fd prostor \u017eivota a svobody, k n\u011bmu\u017e ne n\u00e1hodou v\u011bdci, um\u011blci a duchovn\u00ed ji\u017e po stalet\u00ed tak dychtiv\u011b t\u00edhnou. V roce 2019 vy\u0161la pod redakc\u00ed Prof. Waldemara Parucha kniha \"Karpatsk\u00e1 Evropa. A Matter of Cooperation\" obsahuje \u00factyhodn\u00fd seznam 54 nositel\u016f Nobelovy ceny z t\u00e9to \u010d\u00e1sti Evropy, co\u017e je v\u0161ak jen zlomek civiliza\u010dn\u00edho a duchovn\u00edho p\u0159\u00ednosu t\u00e9to \u010d\u00e1sti sv\u011bta. Na seznamu nejsou takov\u00ed my\u0161lenkov\u00ed velik\u00e1ni jako svat\u00fd Jan Pavel II. Nebo nap\u0159\u00edklad ti, kte\u0159\u00ed se narodili p\u0159ed ud\u011blen\u00edm ceny, jako Ma\u010far Ign\u00e1c Semmelweis, kter\u00fd ukon\u010dil postmenopauz\u00e1ln\u00ed hore\u010dku, je\u017e si po stalet\u00ed vyb\u00edrala tragickou da\u0148 na \u017een\u00e1ch, t\u00edm, \u017ee na\u0159\u00eddil l\u00e9ka\u0159\u016fm m\u00fdt si ruce zp\u016fsobem, kter\u00fd dnes v\u0161ichni pou\u017e\u00edv\u00e1me v dob\u011b epidemi\u00ed koronavir\u016f. <\/em><\/p>\n\n\n\n<p class=\"has-medium-font-size\">BUDOUCNOST KARPATSK\u00c9 EVROPY<\/p>\n\n\n\n<p class=\"has-medium-font-size\"> &nbsp;&nbsp;&nbsp;&nbsp;&nbsp;&nbsp;&nbsp;&nbsp;&nbsp;&nbsp;&nbsp;<em> Vid\u00edme spole\u010dn\u00e9 z\u00e1jmy a spole\u010dn\u00e9 hrozby. Dokonce i v zem\u00edch regionu, kde neexistuje pocit spole\u010dn\u00e9ho osudu, je jist\u011b c\u00edtit vz\u00e1jemn\u00e1 z\u00e1vislost. P\u0159esv\u011bd\u010den\u00ed, \u017ee a\u010dkoli nezn\u00e1me budoucnost, m\u016f\u017eeme budouc\u00ed ud\u00e1losti spoluvytv\u00e1\u0159et. \u00da\u010dastn\u00edci a poslucha\u010di 26. ro\u010dn\u00edku konference se o tom p\u0159esv\u011bd\u010dili ji\u017e mnohokr\u00e1t. Stejn\u011b jako pot\u0159eba konstruktivn\u00ed spolupr\u00e1ce v oblasti infrastrukturn\u00edch projekt\u016f, bezpe\u010dnosti, v\u010detn\u011b energetick\u00e9 bezpe\u010dnosti, a inovac\u00ed. D\u00e1le je t\u0159eba budovat odolnost v\u016f\u010di vn\u011bj\u0161\u00edm poruch\u00e1m, kter\u00e9 neprosp\u00edvaj\u00ed dal\u0161\u00edmu rozvoji regionu. Tr\u017en\u00ed ekonomika nefunguje ve vakuu. Skute\u010dnost\u00ed se staly tak\u00e9 informa\u010dn\u00ed v\u00e1lky, v jejich\u017e d\u016fsledku se v posledn\u00ed dob\u011b v regionu v\u00edce hovo\u0159\u00ed o hrozb\u00e1ch neonacismu ne\u017e postkomunismu.<\/em><\/p>\n\n\n\n<p class=\"has-medium-font-size\"> &nbsp;&nbsp;&nbsp;&nbsp;&nbsp;&nbsp;&nbsp;&nbsp;&nbsp;&nbsp;&nbsp; <em>Aby bylo mo\u017en\u00e9 \u00fa\u010dinn\u011b jednat a dos\u00e1hnout alespo\u0148 n\u011bkter\u00fdch z t\u011bchto c\u00edl\u016f, je t\u0159eba, aby se my\u0161lenka spolupr\u00e1ce v Polsku a v zem\u00edch regionu spole\u010densky institucionalizovala. A pro lep\u0161\u00ed koordinaci nezbytn\u00fdch krok\u016f, kter\u00e9 k tomu vedou - z\u0159\u00edzen\u00ed subjektu, kter\u00fd za to bude zodpov\u011bdn\u00fd. Institut nebo nadace, kter\u00e1 by sdru\u017eovala lidi z \u0159ad politik\u016f, odborn\u00edk\u016f a novin\u00e1\u0159\u016f, jako\u017e i instituce ze zem\u00ed karpatsk\u00e9 Evropy i mimo ni, ochotn\u00e9 trvale spolupracovat. Form\u00e1ln\u00ed, pr\u00e1vn\u00ed a finan\u010dn\u00ed struktura t\u00e9to instituce mus\u00ed umo\u017enit ani ne tak organizovat jednotliv\u00e9 podniky, jako sp\u00ed\u0161e rozv\u00edjet a zav\u00e1d\u011bt mechanismy, jak reagovat na v\u00fdzvy, kter\u00fdm jako st\u00e1ty regionu \u010del\u00edme. Zn\u00e1sobit kapit\u00e1l d\u016fv\u011bry v regionu spu\u0161t\u011bn\u00edm nov\u00fdch informa\u010dn\u00edch kan\u00e1l\u016f (port\u00e1l!). Generov\u00e1n\u00ed nov\u00fdch n\u00e1pad\u016f a \u0159e\u0161en\u00ed.<\/em><\/p>\n\n\n\n<p class=\"has-medium-font-size\"> &nbsp;&nbsp;&nbsp;&nbsp;&nbsp;&nbsp;&nbsp;&nbsp;&nbsp;&nbsp;&nbsp;<em> Pragmatismus a zdrav\u00fd rozum nazna\u010duj\u00ed, \u017ee z\u00e1kladem spolupr\u00e1ce ve st\u0159edn\u00ed a v\u00fdchodn\u00ed Evrop\u011b je solidarita. \"Podzim n\u00e1rod\u016f\" v Evrop\u011b v letech 1989-1990 nebyl vyvol\u00e1n solidaritou s\u00edly, ale silou soci\u00e1ln\u00ed a n\u00e1rodn\u00ed solidarity. Konference Evropa Karpat a jej\u00ed obyvatel\u00e9 uk\u00e1zali, \u017ee jsou si t\u00e9to s\u00edly v\u011bdomi. Nyn\u00ed jde jen o to, uvolnit tento potenci\u00e1l, d\u00e1t mu sm\u011br a pustit se do prvn\u00edch \u00fakol\u016f, kter\u00e9 je t\u0159eba splnit. Stejn\u011b jako v p\u0159\u00edpad\u011b vzniku Karpatsk\u00e9 Evropy si mysl\u00edm, \u017ee iniciativa, nebo sp\u00ed\u0161e iniciativy, by m\u011bly vych\u00e1zet z polsk\u00e9 strany. <\/em><\/p>\n\n\n\n<figure class=\"wp-block-image size-large is-resized\"><img fetchpriority=\"high\" decoding=\"async\" src=\"https:\/\/marekkuchcinski.pl\/wp-content\/uploads\/2020\/04\/Maciej_Szymanowski_1-890x1024.jpg\" alt=\"\" class=\"wp-image-19146\" width=\"235\" height=\"270\"\/><figcaption>Maciej Szymanowski -   <br> \u0158editel Institutu Wac\u0142awa Felczaka pro polsko-ma\u010farskou spolupr\u00e1ci ve Var\u0161av\u011b a p\u0159edn\u00e1\u0161ej\u00edc\u00ed na Katolick\u00e9 univerzit\u011b v Budape\u0161ti.  <\/figcaption><\/figure>","protected":false},"excerpt":{"rendered":"<p>D\u00e1my a p\u00e1nov\u00e9, je mi pot\u011b\u0161en\u00edm p\u0159edstavit prvn\u00ed p\u0159\u00edsp\u011bvek do diskuse o budoucnosti Karpatsk\u00e9 Evropy, kter\u00fd pat\u0159\u00ed Macieji Szymanowsk\u00e9mu, \u0159editeli Institutu polsko-ma\u010farsk\u00e9 spolupr\u00e1ce Wac\u0142awa Felczaka ve Var\u0161av\u011b, k n\u011bmu\u017e jsem pozval \u00favodn\u00edm slovem 2. dubna 2020 na str\u00e1nk\u00e1ch m\u00e9ho webu. Marek Kuchcinski Evropa Karpat Budoucnost. Karpatsk\u00e1 Evropa jako st\u0159edn\u00ed Evropa. Karpatsk\u00e1 Evropa jako [...]<\/p>","protected":false},"author":17,"featured_media":19082,"comment_status":"open","ping_status":"open","sticky":false,"template":"","format":"standard","meta":{"ngg_post_thumbnail":0,"footnotes":""},"categories":[78,177,49,3],"tags":[],"class_list":["post-19081","post","type-post","status-publish","format-standard","has-post-thumbnail","hentry","category-europa-karpat","category-europa-karpat-dyskusja","category-podkarpacie","category-wydarzenia"],"yoast_head":"<!-- This site is optimized with the Yoast SEO plugin v24.7 - https:\/\/yoast.com\/wordpress\/plugins\/seo\/ -->\n<title>Maciej Szymanowski \u2013 g\u0142os w dyskusji o przysz\u0142o\u015bci Europy Karpat &#8211; Marek Kuchci\u0144ski<\/title>\n<meta name=\"robots\" content=\"index, follow, max-snippet:-1, max-image-preview:large, max-video-preview:-1\" \/>\n<link rel=\"canonical\" href=\"https:\/\/marekkuchcinski.pl\/cs\/europa-karpat\/maciej-szymanowski-glos-w-dyskusji-o-przyszlosci-europy-karpat\/\" \/>\n<meta property=\"og:locale\" content=\"cs_CZ\" \/>\n<meta property=\"og:type\" content=\"article\" \/>\n<meta property=\"og:title\" content=\"Maciej Szymanowski \u2013 g\u0142os w dyskusji o przysz\u0142o\u015bci Europy Karpat &#8211; Marek Kuchci\u0144ski\" \/>\n<meta property=\"og:description\" content=\"Szanowni Pa\u0144stwo, &nbsp;&nbsp;&nbsp;&nbsp;&nbsp;&nbsp;&nbsp;&nbsp;&nbsp;&nbsp;&nbsp; mam przyjemno\u015b\u0107 przedstawi\u0107 pierwszy g\u0142os zabrany w dyskusji nad przysz\u0142o\u015bci\u0105 Europy Karpat nale\u017c\u0105cy do Macieja Szymanowskiego, dyrektora Instytutu Wsp\u00f3\u0142pracy Polsko-W\u0119gierskiej im. Wac\u0142awa Felczaka w Warszawie, do kt\u00f3rej s\u0142owem wst\u0119pnym zaprosi\u0142em 2 kwietnia 2020 r. na \u0142amach mojej strony www. Marek Kuchci\u0144ski Europa Karpat Przysz\u0142o\u015b\u0107. Europa Karpat jako Europa \u015arodkowa. Europa Karpat jako [&hellip;]\" \/>\n<meta property=\"og:url\" content=\"https:\/\/marekkuchcinski.pl\/cs\/europa-karpat\/maciej-szymanowski-glos-w-dyskusji-o-przyszlosci-europy-karpat\/\" \/>\n<meta property=\"og:site_name\" content=\"Marek Kuchci\u0144ski\" \/>\n<meta property=\"article:published_time\" content=\"2020-04-06T16:49:04+00:00\" \/>\n<meta property=\"article:modified_time\" content=\"2020-07-05T11:10:50+00:00\" \/>\n<meta property=\"og:image\" content=\"https:\/\/marekkuchcinski.pl\/wp-content\/uploads\/2020\/06\/Szymanowski-1024x6822-1.jpg\" \/>\n\t<meta property=\"og:image:width\" content=\"619\" \/>\n\t<meta property=\"og:image:height\" content=\"417\" \/>\n\t<meta property=\"og:image:type\" content=\"image\/jpeg\" \/>\n<meta name=\"author\" content=\"Tomasz \u0141acina\" \/>\n<meta name=\"twitter:card\" content=\"summary_large_image\" \/>\n<meta name=\"twitter:label1\" content=\"Napsal(a)\" \/>\n\t<meta name=\"twitter:data1\" content=\"Tomasz \u0141acina\" \/>\n\t<meta name=\"twitter:label2\" content=\"Odhadovan\u00e1 doba \u010dten\u00ed\" \/>\n\t<meta name=\"twitter:data2\" content=\"6 minut\" \/>\n<script type=\"application\/ld+json\" class=\"yoast-schema-graph\">{\"@context\":\"https:\/\/schema.org\",\"@graph\":[{\"@type\":\"Article\",\"@id\":\"https:\/\/marekkuchcinski.pl\/cs\/europa-karpat\/maciej-szymanowski-glos-w-dyskusji-o-przyszlosci-europy-karpat\/#article\",\"isPartOf\":{\"@id\":\"https:\/\/marekkuchcinski.pl\/cs\/europa-karpat\/maciej-szymanowski-glos-w-dyskusji-o-przyszlosci-europy-karpat\/\"},\"author\":{\"name\":\"Tomasz \u0141acina\",\"@id\":\"https:\/\/marekkuchcinski.pl\/#\/schema\/person\/b8a29fe7813098f7be78801d029910a7\"},\"headline\":\"Maciej Szymanowski \u2013 g\u0142os w dyskusji o przysz\u0142o\u015bci Europy Karpat\",\"datePublished\":\"2020-04-06T16:49:04+00:00\",\"dateModified\":\"2020-07-05T11:10:50+00:00\",\"mainEntityOfPage\":{\"@id\":\"https:\/\/marekkuchcinski.pl\/cs\/europa-karpat\/maciej-szymanowski-glos-w-dyskusji-o-przyszlosci-europy-karpat\/\"},\"wordCount\":1305,\"commentCount\":0,\"publisher\":{\"@id\":\"https:\/\/marekkuchcinski.pl\/#organization\"},\"image\":{\"@id\":\"https:\/\/marekkuchcinski.pl\/cs\/europa-karpat\/maciej-szymanowski-glos-w-dyskusji-o-przyszlosci-europy-karpat\/#primaryimage\"},\"thumbnailUrl\":\"https:\/\/marekkuchcinski.pl\/wp-content\/uploads\/2020\/06\/Szymanowski-1024x6822-1.jpg\",\"articleSection\":[\"Europa Karpat\",\"Europa Karpat \u2013 dyskusja\",\"Podkarpacie\",\"Wydarzenia\"],\"inLanguage\":\"cs\",\"potentialAction\":[{\"@type\":\"CommentAction\",\"name\":\"Comment\",\"target\":[\"https:\/\/marekkuchcinski.pl\/cs\/europa-karpat\/maciej-szymanowski-glos-w-dyskusji-o-przyszlosci-europy-karpat\/#respond\"]}]},{\"@type\":\"WebPage\",\"@id\":\"https:\/\/marekkuchcinski.pl\/cs\/europa-karpat\/maciej-szymanowski-glos-w-dyskusji-o-przyszlosci-europy-karpat\/\",\"url\":\"https:\/\/marekkuchcinski.pl\/cs\/europa-karpat\/maciej-szymanowski-glos-w-dyskusji-o-przyszlosci-europy-karpat\/\",\"name\":\"Maciej Szymanowski \u2013 g\u0142os w dyskusji o przysz\u0142o\u015bci Europy Karpat &#8211; Marek Kuchci\u0144ski\",\"isPartOf\":{\"@id\":\"https:\/\/marekkuchcinski.pl\/#website\"},\"primaryImageOfPage\":{\"@id\":\"https:\/\/marekkuchcinski.pl\/cs\/europa-karpat\/maciej-szymanowski-glos-w-dyskusji-o-przyszlosci-europy-karpat\/#primaryimage\"},\"image\":{\"@id\":\"https:\/\/marekkuchcinski.pl\/cs\/europa-karpat\/maciej-szymanowski-glos-w-dyskusji-o-przyszlosci-europy-karpat\/#primaryimage\"},\"thumbnailUrl\":\"https:\/\/marekkuchcinski.pl\/wp-content\/uploads\/2020\/06\/Szymanowski-1024x6822-1.jpg\",\"datePublished\":\"2020-04-06T16:49:04+00:00\",\"dateModified\":\"2020-07-05T11:10:50+00:00\",\"breadcrumb\":{\"@id\":\"https:\/\/marekkuchcinski.pl\/cs\/europa-karpat\/maciej-szymanowski-glos-w-dyskusji-o-przyszlosci-europy-karpat\/#breadcrumb\"},\"inLanguage\":\"cs\",\"potentialAction\":[{\"@type\":\"ReadAction\",\"target\":[\"https:\/\/marekkuchcinski.pl\/cs\/europa-karpat\/maciej-szymanowski-glos-w-dyskusji-o-przyszlosci-europy-karpat\/\"]}]},{\"@type\":\"ImageObject\",\"inLanguage\":\"cs\",\"@id\":\"https:\/\/marekkuchcinski.pl\/cs\/europa-karpat\/maciej-szymanowski-glos-w-dyskusji-o-przyszlosci-europy-karpat\/#primaryimage\",\"url\":\"https:\/\/marekkuchcinski.pl\/wp-content\/uploads\/2020\/06\/Szymanowski-1024x6822-1.jpg\",\"contentUrl\":\"https:\/\/marekkuchcinski.pl\/wp-content\/uploads\/2020\/06\/Szymanowski-1024x6822-1.jpg\",\"width\":619,\"height\":417},{\"@type\":\"BreadcrumbList\",\"@id\":\"https:\/\/marekkuchcinski.pl\/cs\/europa-karpat\/maciej-szymanowski-glos-w-dyskusji-o-przyszlosci-europy-karpat\/#breadcrumb\",\"itemListElement\":[{\"@type\":\"ListItem\",\"position\":1,\"name\":\"Strona g\u0142\u00f3wna\",\"item\":\"https:\/\/marekkuchcinski.pl\/\"},{\"@type\":\"ListItem\",\"position\":2,\"name\":\"Maciej Szymanowski \u2013 g\u0142os w dyskusji o przysz\u0142o\u015bci Europy Karpat\"}]},{\"@type\":\"WebSite\",\"@id\":\"https:\/\/marekkuchcinski.pl\/#website\",\"url\":\"https:\/\/marekkuchcinski.pl\/\",\"name\":\"Marek Kuchci\u0144ski\",\"description\":\"Pose\u0142 na sejm RP &ndash; okr\u0119g nr 22\",\"publisher\":{\"@id\":\"https:\/\/marekkuchcinski.pl\/#organization\"},\"potentialAction\":[{\"@type\":\"SearchAction\",\"target\":{\"@type\":\"EntryPoint\",\"urlTemplate\":\"https:\/\/marekkuchcinski.pl\/?s={search_term_string}\"},\"query-input\":{\"@type\":\"PropertyValueSpecification\",\"valueRequired\":true,\"valueName\":\"search_term_string\"}}],\"inLanguage\":\"cs\"},{\"@type\":\"Organization\",\"@id\":\"https:\/\/marekkuchcinski.pl\/#organization\",\"name\":\"Marek Kuchci\u0144ski\",\"url\":\"https:\/\/marekkuchcinski.pl\/\",\"logo\":{\"@type\":\"ImageObject\",\"inLanguage\":\"cs\",\"@id\":\"https:\/\/marekkuchcinski.pl\/#\/schema\/logo\/image\/\",\"url\":\"https:\/\/marekkuchcinski.pl\/wp-content\/uploads\/2022\/09\/Marek.jpg\",\"contentUrl\":\"https:\/\/marekkuchcinski.pl\/wp-content\/uploads\/2022\/09\/Marek.jpg\",\"width\":1600,\"height\":971,\"caption\":\"Marek Kuchci\u0144ski\"},\"image\":{\"@id\":\"https:\/\/marekkuchcinski.pl\/#\/schema\/logo\/image\/\"}},{\"@type\":\"Person\",\"@id\":\"https:\/\/marekkuchcinski.pl\/#\/schema\/person\/b8a29fe7813098f7be78801d029910a7\",\"name\":\"Tomasz \u0141acina\",\"image\":{\"@type\":\"ImageObject\",\"inLanguage\":\"cs\",\"@id\":\"https:\/\/marekkuchcinski.pl\/#\/schema\/person\/image\/\",\"url\":\"https:\/\/secure.gravatar.com\/avatar\/22e75f6c51aff77a676ed77dd222f852?s=96&d=mm&r=g\",\"contentUrl\":\"https:\/\/secure.gravatar.com\/avatar\/22e75f6c51aff77a676ed77dd222f852?s=96&d=mm&r=g\",\"caption\":\"Tomasz \u0141acina\"},\"url\":\"https:\/\/marekkuchcinski.pl\/cs\/author\/tomek-lacina\/\"}]}<\/script>\n<!-- \/ Yoast SEO plugin. -->","yoast_head_json":{"title":"Maciej Szymanowski \u2013 g\u0142os w dyskusji o przysz\u0142o\u015bci Europy Karpat &#8211; Marek Kuchci\u0144ski","robots":{"index":"index","follow":"follow","max-snippet":"max-snippet:-1","max-image-preview":"max-image-preview:large","max-video-preview":"max-video-preview:-1"},"canonical":"https:\/\/marekkuchcinski.pl\/cs\/europa-karpat\/maciej-szymanowski-glos-w-dyskusji-o-przyszlosci-europy-karpat\/","og_locale":"cs_CZ","og_type":"article","og_title":"Maciej Szymanowski \u2013 g\u0142os w dyskusji o przysz\u0142o\u015bci Europy Karpat &#8211; Marek Kuchci\u0144ski","og_description":"Szanowni Pa\u0144stwo, &nbsp;&nbsp;&nbsp;&nbsp;&nbsp;&nbsp;&nbsp;&nbsp;&nbsp;&nbsp;&nbsp; mam przyjemno\u015b\u0107 przedstawi\u0107 pierwszy g\u0142os zabrany w dyskusji nad przysz\u0142o\u015bci\u0105 Europy Karpat nale\u017c\u0105cy do Macieja Szymanowskiego, dyrektora Instytutu Wsp\u00f3\u0142pracy Polsko-W\u0119gierskiej im. Wac\u0142awa Felczaka w Warszawie, do kt\u00f3rej s\u0142owem wst\u0119pnym zaprosi\u0142em 2 kwietnia 2020 r. na \u0142amach mojej strony www. Marek Kuchci\u0144ski Europa Karpat Przysz\u0142o\u015b\u0107. Europa Karpat jako Europa \u015arodkowa. Europa Karpat jako [&hellip;]","og_url":"https:\/\/marekkuchcinski.pl\/cs\/europa-karpat\/maciej-szymanowski-glos-w-dyskusji-o-przyszlosci-europy-karpat\/","og_site_name":"Marek Kuchci\u0144ski","article_published_time":"2020-04-06T16:49:04+00:00","article_modified_time":"2020-07-05T11:10:50+00:00","og_image":[{"width":619,"height":417,"url":"https:\/\/marekkuchcinski.pl\/wp-content\/uploads\/2020\/06\/Szymanowski-1024x6822-1.jpg","type":"image\/jpeg"}],"author":"Tomasz \u0141acina","twitter_card":"summary_large_image","twitter_misc":{"Napsal(a)":"Tomasz \u0141acina","Odhadovan\u00e1 doba \u010dten\u00ed":"6 minut"},"schema":{"@context":"https:\/\/schema.org","@graph":[{"@type":"Article","@id":"https:\/\/marekkuchcinski.pl\/cs\/europa-karpat\/maciej-szymanowski-glos-w-dyskusji-o-przyszlosci-europy-karpat\/#article","isPartOf":{"@id":"https:\/\/marekkuchcinski.pl\/cs\/europa-karpat\/maciej-szymanowski-glos-w-dyskusji-o-przyszlosci-europy-karpat\/"},"author":{"name":"Tomasz \u0141acina","@id":"https:\/\/marekkuchcinski.pl\/#\/schema\/person\/b8a29fe7813098f7be78801d029910a7"},"headline":"Maciej Szymanowski \u2013 g\u0142os w dyskusji o przysz\u0142o\u015bci Europy Karpat","datePublished":"2020-04-06T16:49:04+00:00","dateModified":"2020-07-05T11:10:50+00:00","mainEntityOfPage":{"@id":"https:\/\/marekkuchcinski.pl\/cs\/europa-karpat\/maciej-szymanowski-glos-w-dyskusji-o-przyszlosci-europy-karpat\/"},"wordCount":1305,"commentCount":0,"publisher":{"@id":"https:\/\/marekkuchcinski.pl\/#organization"},"image":{"@id":"https:\/\/marekkuchcinski.pl\/cs\/europa-karpat\/maciej-szymanowski-glos-w-dyskusji-o-przyszlosci-europy-karpat\/#primaryimage"},"thumbnailUrl":"https:\/\/marekkuchcinski.pl\/wp-content\/uploads\/2020\/06\/Szymanowski-1024x6822-1.jpg","articleSection":["Europa Karpat","Europa Karpat \u2013 dyskusja","Podkarpacie","Wydarzenia"],"inLanguage":"cs","potentialAction":[{"@type":"CommentAction","name":"Comment","target":["https:\/\/marekkuchcinski.pl\/cs\/europa-karpat\/maciej-szymanowski-glos-w-dyskusji-o-przyszlosci-europy-karpat\/#respond"]}]},{"@type":"WebPage","@id":"https:\/\/marekkuchcinski.pl\/cs\/europa-karpat\/maciej-szymanowski-glos-w-dyskusji-o-przyszlosci-europy-karpat\/","url":"https:\/\/marekkuchcinski.pl\/cs\/europa-karpat\/maciej-szymanowski-glos-w-dyskusji-o-przyszlosci-europy-karpat\/","name":"Maciej Szymanowski \u2013 g\u0142os w dyskusji o przysz\u0142o\u015bci Europy Karpat &#8211; Marek Kuchci\u0144ski","isPartOf":{"@id":"https:\/\/marekkuchcinski.pl\/#website"},"primaryImageOfPage":{"@id":"https:\/\/marekkuchcinski.pl\/cs\/europa-karpat\/maciej-szymanowski-glos-w-dyskusji-o-przyszlosci-europy-karpat\/#primaryimage"},"image":{"@id":"https:\/\/marekkuchcinski.pl\/cs\/europa-karpat\/maciej-szymanowski-glos-w-dyskusji-o-przyszlosci-europy-karpat\/#primaryimage"},"thumbnailUrl":"https:\/\/marekkuchcinski.pl\/wp-content\/uploads\/2020\/06\/Szymanowski-1024x6822-1.jpg","datePublished":"2020-04-06T16:49:04+00:00","dateModified":"2020-07-05T11:10:50+00:00","breadcrumb":{"@id":"https:\/\/marekkuchcinski.pl\/cs\/europa-karpat\/maciej-szymanowski-glos-w-dyskusji-o-przyszlosci-europy-karpat\/#breadcrumb"},"inLanguage":"cs","potentialAction":[{"@type":"ReadAction","target":["https:\/\/marekkuchcinski.pl\/cs\/europa-karpat\/maciej-szymanowski-glos-w-dyskusji-o-przyszlosci-europy-karpat\/"]}]},{"@type":"ImageObject","inLanguage":"cs","@id":"https:\/\/marekkuchcinski.pl\/cs\/europa-karpat\/maciej-szymanowski-glos-w-dyskusji-o-przyszlosci-europy-karpat\/#primaryimage","url":"https:\/\/marekkuchcinski.pl\/wp-content\/uploads\/2020\/06\/Szymanowski-1024x6822-1.jpg","contentUrl":"https:\/\/marekkuchcinski.pl\/wp-content\/uploads\/2020\/06\/Szymanowski-1024x6822-1.jpg","width":619,"height":417},{"@type":"BreadcrumbList","@id":"https:\/\/marekkuchcinski.pl\/cs\/europa-karpat\/maciej-szymanowski-glos-w-dyskusji-o-przyszlosci-europy-karpat\/#breadcrumb","itemListElement":[{"@type":"ListItem","position":1,"name":"Strona g\u0142\u00f3wna","item":"https:\/\/marekkuchcinski.pl\/"},{"@type":"ListItem","position":2,"name":"Maciej Szymanowski \u2013 g\u0142os w dyskusji o przysz\u0142o\u015bci Europy Karpat"}]},{"@type":"WebSite","@id":"https:\/\/marekkuchcinski.pl\/#website","url":"https:\/\/marekkuchcinski.pl\/","name":"Marek Kuchci\u0144ski","description":"Pose\u0142 na sejm RP &ndash; okr\u0119g nr 22","publisher":{"@id":"https:\/\/marekkuchcinski.pl\/#organization"},"potentialAction":[{"@type":"SearchAction","target":{"@type":"EntryPoint","urlTemplate":"https:\/\/marekkuchcinski.pl\/?s={search_term_string}"},"query-input":{"@type":"PropertyValueSpecification","valueRequired":true,"valueName":"search_term_string"}}],"inLanguage":"cs"},{"@type":"Organization","@id":"https:\/\/marekkuchcinski.pl\/#organization","name":"Marek Kuchci\u0144ski","url":"https:\/\/marekkuchcinski.pl\/","logo":{"@type":"ImageObject","inLanguage":"cs","@id":"https:\/\/marekkuchcinski.pl\/#\/schema\/logo\/image\/","url":"https:\/\/marekkuchcinski.pl\/wp-content\/uploads\/2022\/09\/Marek.jpg","contentUrl":"https:\/\/marekkuchcinski.pl\/wp-content\/uploads\/2022\/09\/Marek.jpg","width":1600,"height":971,"caption":"Marek Kuchci\u0144ski"},"image":{"@id":"https:\/\/marekkuchcinski.pl\/#\/schema\/logo\/image\/"}},{"@type":"Person","@id":"https:\/\/marekkuchcinski.pl\/#\/schema\/person\/b8a29fe7813098f7be78801d029910a7","name":"Tomasz \u0141acina","image":{"@type":"ImageObject","inLanguage":"cs","@id":"https:\/\/marekkuchcinski.pl\/#\/schema\/person\/image\/","url":"https:\/\/secure.gravatar.com\/avatar\/22e75f6c51aff77a676ed77dd222f852?s=96&d=mm&r=g","contentUrl":"https:\/\/secure.gravatar.com\/avatar\/22e75f6c51aff77a676ed77dd222f852?s=96&d=mm&r=g","caption":"Tomasz \u0141acina"},"url":"https:\/\/marekkuchcinski.pl\/cs\/author\/tomek-lacina\/"}]}},"_links":{"self":[{"href":"https:\/\/marekkuchcinski.pl\/cs\/wp-json\/wp\/v2\/posts\/19081","targetHints":{"allow":["GET"]}}],"collection":[{"href":"https:\/\/marekkuchcinski.pl\/cs\/wp-json\/wp\/v2\/posts"}],"about":[{"href":"https:\/\/marekkuchcinski.pl\/cs\/wp-json\/wp\/v2\/types\/post"}],"author":[{"embeddable":true,"href":"https:\/\/marekkuchcinski.pl\/cs\/wp-json\/wp\/v2\/users\/17"}],"replies":[{"embeddable":true,"href":"https:\/\/marekkuchcinski.pl\/cs\/wp-json\/wp\/v2\/comments?post=19081"}],"version-history":[{"count":1,"href":"https:\/\/marekkuchcinski.pl\/cs\/wp-json\/wp\/v2\/posts\/19081\/revisions"}],"predecessor-version":[{"id":19083,"href":"https:\/\/marekkuchcinski.pl\/cs\/wp-json\/wp\/v2\/posts\/19081\/revisions\/19083"}],"wp:featuredmedia":[{"embeddable":true,"href":"https:\/\/marekkuchcinski.pl\/cs\/wp-json\/wp\/v2\/media\/19082"}],"wp:attachment":[{"href":"https:\/\/marekkuchcinski.pl\/cs\/wp-json\/wp\/v2\/media?parent=19081"}],"wp:term":[{"taxonomy":"category","embeddable":true,"href":"https:\/\/marekkuchcinski.pl\/cs\/wp-json\/wp\/v2\/categories?post=19081"},{"taxonomy":"post_tag","embeddable":true,"href":"https:\/\/marekkuchcinski.pl\/cs\/wp-json\/wp\/v2\/tags?post=19081"}],"curies":[{"name":"wp","href":"https:\/\/api.w.org\/{rel}","templated":true}]}}