{"id":19069,"date":"2020-03-31T18:36:52","date_gmt":"2020-03-31T16:36:52","guid":{"rendered":"https:\/\/marek2.rkartist.pl\/?p=19069"},"modified":"2020-07-05T12:52:58","modified_gmt":"2020-07-05T10:52:58","slug":"rzad-wprowadza-kolejne-kroki-w-walce-z-koronawirusem","status":"publish","type":"post","link":"https:\/\/marekkuchcinski.pl\/cs\/wydarzenia\/rzad-wprowadza-kolejne-kroki-w-walce-z-koronawirusem\/","title":{"rendered":"Vl\u00e1da p\u0159edstavila dal\u0161\u00ed kroky v boji proti koronaviru"},"content":{"rendered":"<p><strong>Omezen\u00ed po\u010dtu z\u00e1kazn\u00edk\u016f v obchodech, na tr\u017ei\u0161t\u00edch, po\u0161t\u00e1ch (od\n1.04.2020 r.)<\/strong><\/p>\n\n\n\n<ul class=\"wp-block-list\"><li><strong>Obchody a slu\u017eby - 3 osoby\n     u pokladny nebo na p\u0159ep\u00e1\u017ece pro platby<\/strong><\/li><\/ul>\n\n\n\n<p>Pro ka\u017ed\u00fd obchod (jak\nKa\u017ed\u00e1 prodejna (mal\u00e1 i velk\u00e1), stejn\u011b jako ka\u017ed\u00e9 servisn\u00ed m\u00edsto.\nDo ka\u017ed\u00e9ho obchodu (mal\u00e9ho i velk\u00e9ho) a do ka\u017ed\u00e9 provozovny slu\u017eeb m\u016f\u017ee vstoupit maxim\u00e1ln\u011b tolik osob, kolik \u010din\u00ed sou\u010din v\u0161ech registra\u010dn\u00edch pokladen vyn\u00e1soben\u00fd \u010d\u00edslem\n3.<\/p>\n\n\n\n<ul class=\"wp-block-list\"><li><strong>Tr\u017ei\u0161t\u011b - 3 z\u00e1kazn\u00edci na 1 prodejn\u00ed m\u00edsto\n     obchod<\/strong><\/li><\/ul>\n\n\n\n<p>Podobn\u00e9 zp\u0159\u00edsn\u011bn\u00ed se dotkne i trh\u016f, st\u00e1nk\u016f a tr\u017enic. S t\u00edmto\nRozd\u00edl je v tom, \u017ee po\u010det osob p\u0159\u00edtomn\u00fdch na trhu nesm\u00ed b\u00fdt vy\u0161\u0161\u00ed ne\u017e\ntrojn\u00e1sobek po\u010dtu obchodn\u00edch bod\u016f.<\/p>\n\n\n\n<ul class=\"wp-block-list\"><li><strong>Po\u0161ty - 2 osoby za 1\n     okno po\u0161ty<\/strong><\/li><\/ul>\n\n\n\n<p>V prostoru po\u0161ty m\u016f\u017ee b\u00fdt v jednu chv\u00edli tolik lid\u00ed, kolik je na n\u00ed lid\u00ed.\npo\u010det po\u0161tovn\u00edch oken vyn\u00e1soben\u00fd 2.<\/p>\n\n\n\n<p><strong>Omezen\u00ed provozu obchod\u016f pro kutily a nov\u00e9 povinnosti pro v\u0161echny.\nobchody<\/strong><\/p>\n\n\n\n<p>O v\u00edkendech budou velk\u00e9 stavebn\u00ed obchody zav\u0159en\u00e9.<\/p>\n\n\n\n<p>Na druhou stranu se v\u0161echny obchody budou muset p\u0159izp\u016fsobit nov\u00e9mu,\np\u0159\u00edsn\u011bj\u0161\u00ed bezpe\u010dnostn\u00ed pravidla:<\/p>\n\n\n\n<ul class=\"wp-block-list\"><li>Od 2. dubna (\u010dtvrtek) v\u0161echny\n     nakupuj\u00edc\u00ed budou m\u00edt jednor\u00e1zov\u00e9 rukavice,<\/li><li>mezi 10:00 a 12:00 hodinou\n     obchody a servisn\u00ed st\u0159ediska mohou p\u0159ij\u00edmat a obsluhovat pouze osoby.\n     star\u0161\u00ed 65 let.  Ve zb\u00fdvaj\u00edc\u00edch hodin\u00e1ch jsou obchody a\n     jsou p\u0159\u00edstupn\u00e9 v\u0161em. To se t\u00fdk\u00e1 i osob star\u0161\u00edch 65 let.\n     V\u010detn\u011b osob star\u0161\u00edch 65 let.<\/li><\/ul>\n\n\n\n<p><strong>Uzav\u0159en\u00e9 hotely a dal\u0161\u00ed ubytovac\u00ed za\u0159\u00edzen\u00ed<\/strong><\/p>\n\n\n\n<p>Hotely a jin\u00e9 ubytovac\u00ed za\u0159\u00edzen\u00ed (provozovan\u00e9 na z\u00e1klad\u011b kr\u00e1tkodob\u00e9ho pron\u00e1jmu)\nkr\u00e1tkodob\u00e9 ubytov\u00e1n\u00ed) se uzav\u00edr\u00e1. Mohou pracovat pouze\np\u0159i karant\u00e9n\u011b nebo izolaci a zdravotnick\u00fdm person\u00e1lem.\nje p\u0159\u00edtomen zdravotnick\u00fd person\u00e1l.<\/p>\n\n\n\n<p>D\u016fle\u017eit\u00e9! Host\u00e9, kte\u0159\u00ed se v t\u011bchto objektech ubytuj\u00ed v dob\u011b, kdy je\nvstoup\u00ed v platnost nov\u00e1 na\u0159\u00edzen\u00ed, mus\u00ed se vyst\u011bhovat do \u010dtvrtka 2. dubna 2020.\ndo \u010dtvrtka 2. dubna 2020. <\/p>\n\n\n\n<p>To se v\u0161ak nevztahuje na osoby, kter\u00e9 jsou na slu\u017eebn\u00ed cest\u011b a vyu\u017e\u00edvaj\u00ed\nubytov\u00e1n\u00ed v r\u00e1mci sv\u00fdch pracovn\u00edch povinnost\u00ed. Pro tyto lidi jsou hotely\nz\u016fst\u00e1vaj\u00ed otev\u0159en\u00e9.<\/p>\n\n\n\n<p><strong>Automatick\u00e1 karant\u00e9na pro bl\u00edzk\u00e9 v karant\u00e9n\u011b (1.04.2020)<\/strong><\/p>\n\n\n\n<p>Roz\u0161i\u0159ujeme seznam osob, na kter\u00e9 se bude vztahovat povinn\u00e1 dom\u00e1c\u00ed karant\u00e9na.\ndom\u00e1c\u00ed karant\u00e9na. To se t\u00fdk\u00e1 v\u0161ech, kte\u0159\u00ed \u017eij\u00ed s osobou, kter\u00e1 byla odk\u00e1z\u00e1na na\nv karant\u00e9n\u011b. Pravidla se budou vztahovat na osoby, kter\u00e9 sd\u00edlej\u00ed\nbydlen\u00ed s lidmi, kte\u0159\u00ed budou od st\u0159edy 1. dubna 2020 um\u00edst\u011bni do karant\u00e9ny.<\/p>\n\n\n\n<p><strong>Pozastaven\u00ed rehabilitace a uzav\u0159en\u00ed kosmetick\u00fdch a kade\u0159nick\u00fdch salon\u016f\n<\/strong><\/p>\n\n\n\n<p>V\u0161echna kade\u0159nictv\u00ed, kosmetick\u00e9 salony, tetovac\u00ed salony a piercingov\u00e9 salony budou bez v\u00fdjimky uzav\u0159eny,\ntetovac\u00ed a piercingov\u00e9 salony. Tyto slu\u017eby nelze poskytovat mimo\nsalony - nap\u0159\u00edklad n\u00e1v\u0161t\u011bvy doma nep\u0159ipadaj\u00ed v \u00favahu.<\/p>\n\n\n\n<p>Pozastavujeme tak\u00e9 poskytov\u00e1n\u00ed rehabilita\u010dn\u00edch procedur a mas\u00e1\u017e\u00ed -\nve ve\u0159ejn\u00fdch i soukrom\u00fdch za\u0159\u00edzen\u00edch. V\u00fdjimkou jsou situace\nrehabilitace je nezbytn\u011b nutn\u00e1 vzhledem ke zdravotn\u00edmu stavu pacienta.<\/p>\n\n\n\n<p><strong>Z\u00e1kaz opu\u0161t\u011bn\u00ed domova osobami mlad\u0161\u00edmi 18 let bez doprovodu dosp\u011bl\u00e9 osoby.<\/strong><\/p>\n\n\n\n<p>D\u011btem a mlad\u00fdm lidem mlad\u0161\u00edm 18 let nebude povoleno opustit \u00fazem\u00ed.\nopustit domov bez doprovodu. Pouze v p\u0159\u00edtomnosti rodi\u010de, z\u00e1konn\u00e9ho z\u00e1stupce nebo\ndosp\u011bl\u00fdch ospravedl\u0148uje jejich p\u0159\u00edtomnost na ulici. <\/p>\n\n\n\n<p>Omezen\u00ed pohybu v\u0161ech\nosoby. St\u00e1le nesm\u00edte opustit sv\u016fj domov s v\u00fdjimkou:<\/p>\n\n\n\n<ul class=\"wp-block-list\"><li><strong>doj\u00ed\u017ed\u011bn\u00ed do pr\u00e1ce<\/strong>. Pokud jste zam\u011bstnanec, m\u00e1te vlastn\u00ed firmu nebo farmu, m\u00e1te pr\u00e1vo doj\u00ed\u017ed\u011bt do pr\u00e1ce. M\u00e1te tak\u00e9 pr\u00e1vo nakupovat zbo\u017e\u00ed a slu\u017eby souvisej\u00edc\u00ed s va\u0161\u00ed profesn\u00ed \u010dinnost\u00ed.<\/li><li><strong>dobrovolnictv\u00ed v boji proti COVID-19. <\/strong>Pokud pracujete v boji proti koronaviru a pom\u00e1h\u00e1te pot\u0159ebn\u00fdm v karant\u00e9n\u011b nebo t\u011bm, kte\u0159\u00ed by nem\u011bli opou\u0161t\u011bt sv\u00e9 domovy, m\u016f\u017eete se v r\u00e1mci t\u00e9to \u010dinnosti p\u0159est\u011bhovat.<\/li><li><strong>\u0159e\u0161it z\u00e1le\u017eitosti nezbytn\u00e9 pro ka\u017edodenn\u00ed \u017eivot. <\/strong>Budete se moci pohybovat, abyste si mohli nakoupit pot\u0159ebn\u00e9 v\u011bci, koupit l\u00e9ky, zaj\u00edt k l\u00e9ka\u0159i, postarat se o sv\u00e9 bl\u00edzk\u00e9, vyven\u010dit psa.<\/li><\/ul>\n\n\n\n<p><strong>Z\u00e1kaz pou\u017e\u00edv\u00e1n\u00ed park\u016f, pl\u00e1\u017e\u00ed, bulv\u00e1r\u016f, promen\u00e1d a m\u011bstsk\u00fdch kol<\/strong><\/p>\n\n\n\n<p>Do odvol\u00e1n\u00ed tak\u00e9 zav\u00e1d\u00edme z\u00e1kaz vstupu na pl\u00e1\u017ee a zelen\u00e9 plochy.\nkter\u00e9 maj\u00ed ve\u0159ejnou funkci. Z\u00e1kaz se tedy vztahuje na parky, zele\u0148,\npromen\u00e1dy, bulv\u00e1ry, botanick\u00e9 a zoologick\u00e9 zahrady, nebo\nzahrady. Ned\u00e1vn\u00e1 zku\u0161enost uk\u00e1zala, \u017ee se jedn\u00e1 o m\u00edsta, kde lid\u00e9\na zvy\u0161uj\u00ed tak pravd\u011bpodobnost infekce.<\/p>\n\n\n\n<p>Z tohoto d\u016fvodu omezujeme pou\u017e\u00edv\u00e1n\u00ed m\u011bstsk\u00fdch kol.<\/p>\n\n\n\n<p><strong>2 metry - minim\u00e1ln\u00ed vzd\u00e1lenost mezi chodci<\/strong><\/p>\n\n\n\n<p>Povinn\u011b dodr\u017eujeme vzd\u00e1lenost alespo\u0148 2 metry mezi jednotliv\u00fdmi objekty.\nchodci. To plat\u00ed i pro rodiny a p\u0159\u00edbuzn\u00e9.<\/p>\n\n\n\n<p>Z t\u00e9to povinnosti jsou vylou\u010deny: <\/p>\n\n\n\n<ul class=\"wp-block-list\"><li>rodi\u010de s nezaopat\u0159en\u00fdmi d\u011btmi\n     (do 13 let), <\/li><li>stejn\u011b jako osoby se zdravotn\u00edm posti\u017een\u00edm nebo\n     a jejich pe\u010dovatel\u016f.&nbsp; <\/li><\/ul>\n\n\n\n<p><strong>Kancel\u00e1\u0159e pro pr\u00e1ci na d\u00e1lku<\/strong><\/p>\n\n\n\n<p>Ve\u0159ejn\u00e9 instituce budou sv\u00e9 povinnosti vykon\u00e1vat na d\u00e1lku. Jedinou v\u00fdjimkou mohou b\u00fdt\npouze \u010dinnosti, u nich\u017e pr\u00e1ce na d\u00e1lku nezaru\u010duje mo\u017enost spln\u011bn\u00ed\njejich kl\u00ed\u010dov\u00e9 povinnosti.<\/p>\n\n\n\n<p><strong>Omezen\u00ed po\u010dtu cestuj\u00edc\u00edch i ve vozidlech 9+ (od 2.4.2020)<\/strong><\/p>\n\n\n\n<p>V hromadn\u00e9 doprav\u011b plat\u00ed pravidlo \"tolik cestuj\u00edc\u00edch,\ntolik cestuj\u00edc\u00edch, kolik je polovina m\u00edst ve vozidle\" ji\u017e plat\u00ed ve ve\u0159ejn\u00e9 doprav\u011b. Tento po\u017eadavek roz\u0161i\u0159ujeme tak\u00e9 na\nvozidla s v\u00edce ne\u017e 9 m\u00edsty k sezen\u00ed, v\u010detn\u011b dopravn\u00edch prost\u0159edk\u016f\nv\u010detn\u011b neve\u0159ejn\u00e9 dopravy, jako jsou organizovan\u00ed doj\u00ed\u017ed\u011bj\u00edc\u00ed a soukrom\u00ed dopravci.\nnosi\u010de.<\/p>\n\n\n\n<p><strong>Pracovi\u0161t\u011b - dal\u0161\u00ed z\u00e1ruky pro zam\u011bstnance (od 2.4.2020)<\/strong><\/p>\n\n\n\n<p>Zam\u011bstnavatel\u00e9 budou muset zajistit dal\u0161\u00ed bezpe\u010dnostn\u00ed opat\u0159en\u00ed pro sv\u00e9 zam\u011bstnance.\nzam\u011bstnanci. Tedy:<\/p>\n\n\n\n<ul class=\"wp-block-list\"><li>jednotliv\u00e9 pracovn\u00ed stanice\n     pracovn\u00ed stanice mus\u00ed b\u00fdt od sebe vzd\u00e1leny nejm\u00e9n\u011b 1,5 metru.<\/li><li>pracovn\u00edci jsou povinni pou\u017e\u00edvat\n     rukavice nebo m\u00edt p\u0159\u00edstup k dezinfek\u010dn\u00edm tekutin\u00e1m.<\/li><\/ul>\n\n\n\n<p>D\u016fle\u017eit\u00e9! Zam\u011bstnavatel\u00e9 mus\u00ed tato bezpe\u010dnostn\u00ed opat\u0159en\u00ed zajistit od \u010dtvrtka 2. dubna 2020. <\/p>\n\n\n\n<p>Zdroj: https:\/\/www.gov.pl\/web\/koronawirus <\/p>\n\n\n\n<p> Foto: https:\/\/www.gov.pl\/web\/koronawirus  <\/p>","protected":false},"excerpt":{"rendered":"<p>Ograniczenia w liczbie klient\u00f3w w sklepach, na targach, na poczcie (od 1.04.2020 r.) Sklepy i punkty us\u0142ugowe \u2013 3 osoby na kas\u0119 lub stanowisko do p\u0142acenia Do ka\u017cdego sklepu (zar\u00f3wno ma\u0142ego, jak i wielkopowierzchniowego), a tak\u017ce do ka\u017cdego lokalu us\u0142ugowego mo\u017ce wej\u015b\u0107 maksymalnie tyle os\u00f3b, ile wynosi iloczyn liczby wszystkich kas i liczby 3. Targowisko [&hellip;]<\/p>","protected":false},"author":17,"featured_media":19070,"comment_status":"open","ping_status":"open","sticky":false,"template":"","format":"standard","meta":{"ngg_post_thumbnail":0,"footnotes":""},"categories":[3],"tags":[],"class_list":["post-19069","post","type-post","status-publish","format-standard","has-post-thumbnail","hentry","category-wydarzenia"],"yoast_head":"<!-- This site is optimized with the Yoast SEO plugin v24.7 - https:\/\/yoast.com\/wordpress\/plugins\/seo\/ -->\n<title>Rz\u0105d wprowadza kolejne kroki w walce z koronawirusem &#8211; Marek Kuchci\u0144ski<\/title>\n<meta name=\"robots\" content=\"index, follow, max-snippet:-1, max-image-preview:large, max-video-preview:-1\" \/>\n<link rel=\"canonical\" href=\"https:\/\/marekkuchcinski.pl\/cs\/wydarzenia\/rzad-wprowadza-kolejne-kroki-w-walce-z-koronawirusem\/\" \/>\n<meta property=\"og:locale\" content=\"cs_CZ\" \/>\n<meta property=\"og:type\" content=\"article\" \/>\n<meta property=\"og:title\" content=\"Rz\u0105d wprowadza kolejne kroki w walce z koronawirusem &#8211; Marek Kuchci\u0144ski\" \/>\n<meta property=\"og:description\" content=\"Ograniczenia w liczbie klient\u00f3w w sklepach, na targach, na poczcie (od 1.04.2020 r.) Sklepy i punkty us\u0142ugowe \u2013 3 osoby na kas\u0119 lub stanowisko do p\u0142acenia Do ka\u017cdego sklepu (zar\u00f3wno ma\u0142ego, jak i wielkopowierzchniowego), a tak\u017ce do ka\u017cdego lokalu us\u0142ugowego mo\u017ce wej\u015b\u0107 maksymalnie tyle os\u00f3b, ile wynosi iloczyn liczby wszystkich kas i liczby 3. Targowisko [&hellip;]\" \/>\n<meta property=\"og:url\" content=\"https:\/\/marekkuchcinski.pl\/cs\/wydarzenia\/rzad-wprowadza-kolejne-kroki-w-walce-z-koronawirusem\/\" \/>\n<meta property=\"og:site_name\" content=\"Marek Kuchci\u0144ski\" \/>\n<meta property=\"article:published_time\" content=\"2020-03-31T16:36:52+00:00\" \/>\n<meta property=\"article:modified_time\" content=\"2020-07-05T10:52:58+00:00\" \/>\n<meta property=\"og:image\" content=\"https:\/\/marekkuchcinski.pl\/wp-content\/uploads\/2020\/06\/1-1.jpg\" \/>\n\t<meta property=\"og:image:width\" content=\"696\" \/>\n\t<meta property=\"og:image:height\" content=\"564\" \/>\n\t<meta property=\"og:image:type\" content=\"image\/jpeg\" \/>\n<meta name=\"author\" content=\"Tomasz \u0141acina\" \/>\n<meta name=\"twitter:card\" content=\"summary_large_image\" \/>\n<meta name=\"twitter:label1\" content=\"Napsal(a)\" \/>\n\t<meta name=\"twitter:data1\" content=\"Tomasz \u0141acina\" \/>\n\t<meta name=\"twitter:label2\" content=\"Odhadovan\u00e1 doba \u010dten\u00ed\" \/>\n\t<meta name=\"twitter:data2\" content=\"5 minut\" \/>\n<script type=\"application\/ld+json\" class=\"yoast-schema-graph\">{\"@context\":\"https:\/\/schema.org\",\"@graph\":[{\"@type\":\"Article\",\"@id\":\"https:\/\/marekkuchcinski.pl\/wydarzenia\/rzad-wprowadza-kolejne-kroki-w-walce-z-koronawirusem\/#article\",\"isPartOf\":{\"@id\":\"https:\/\/marekkuchcinski.pl\/wydarzenia\/rzad-wprowadza-kolejne-kroki-w-walce-z-koronawirusem\/\"},\"author\":{\"name\":\"Tomasz \u0141acina\",\"@id\":\"https:\/\/marekkuchcinski.pl\/#\/schema\/person\/b8a29fe7813098f7be78801d029910a7\"},\"headline\":\"Rz\u0105d wprowadza kolejne kroki w walce z koronawirusem\",\"datePublished\":\"2020-03-31T16:36:52+00:00\",\"dateModified\":\"2020-07-05T10:52:58+00:00\",\"mainEntityOfPage\":{\"@id\":\"https:\/\/marekkuchcinski.pl\/wydarzenia\/rzad-wprowadza-kolejne-kroki-w-walce-z-koronawirusem\/\"},\"wordCount\":1009,\"commentCount\":0,\"publisher\":{\"@id\":\"https:\/\/marekkuchcinski.pl\/#organization\"},\"image\":{\"@id\":\"https:\/\/marekkuchcinski.pl\/wydarzenia\/rzad-wprowadza-kolejne-kroki-w-walce-z-koronawirusem\/#primaryimage\"},\"thumbnailUrl\":\"https:\/\/marekkuchcinski.pl\/wp-content\/uploads\/2020\/06\/1-1.jpg\",\"articleSection\":[\"Wydarzenia\"],\"inLanguage\":\"cs\",\"potentialAction\":[{\"@type\":\"CommentAction\",\"name\":\"Comment\",\"target\":[\"https:\/\/marekkuchcinski.pl\/wydarzenia\/rzad-wprowadza-kolejne-kroki-w-walce-z-koronawirusem\/#respond\"]}]},{\"@type\":\"WebPage\",\"@id\":\"https:\/\/marekkuchcinski.pl\/wydarzenia\/rzad-wprowadza-kolejne-kroki-w-walce-z-koronawirusem\/\",\"url\":\"https:\/\/marekkuchcinski.pl\/wydarzenia\/rzad-wprowadza-kolejne-kroki-w-walce-z-koronawirusem\/\",\"name\":\"Rz\u0105d wprowadza kolejne kroki w walce z koronawirusem &#8211; Marek Kuchci\u0144ski\",\"isPartOf\":{\"@id\":\"https:\/\/marekkuchcinski.pl\/#website\"},\"primaryImageOfPage\":{\"@id\":\"https:\/\/marekkuchcinski.pl\/wydarzenia\/rzad-wprowadza-kolejne-kroki-w-walce-z-koronawirusem\/#primaryimage\"},\"image\":{\"@id\":\"https:\/\/marekkuchcinski.pl\/wydarzenia\/rzad-wprowadza-kolejne-kroki-w-walce-z-koronawirusem\/#primaryimage\"},\"thumbnailUrl\":\"https:\/\/marekkuchcinski.pl\/wp-content\/uploads\/2020\/06\/1-1.jpg\",\"datePublished\":\"2020-03-31T16:36:52+00:00\",\"dateModified\":\"2020-07-05T10:52:58+00:00\",\"breadcrumb\":{\"@id\":\"https:\/\/marekkuchcinski.pl\/wydarzenia\/rzad-wprowadza-kolejne-kroki-w-walce-z-koronawirusem\/#breadcrumb\"},\"inLanguage\":\"cs\",\"potentialAction\":[{\"@type\":\"ReadAction\",\"target\":[\"https:\/\/marekkuchcinski.pl\/wydarzenia\/rzad-wprowadza-kolejne-kroki-w-walce-z-koronawirusem\/\"]}]},{\"@type\":\"ImageObject\",\"inLanguage\":\"cs\",\"@id\":\"https:\/\/marekkuchcinski.pl\/wydarzenia\/rzad-wprowadza-kolejne-kroki-w-walce-z-koronawirusem\/#primaryimage\",\"url\":\"https:\/\/marekkuchcinski.pl\/wp-content\/uploads\/2020\/06\/1-1.jpg\",\"contentUrl\":\"https:\/\/marekkuchcinski.pl\/wp-content\/uploads\/2020\/06\/1-1.jpg\",\"width\":696,\"height\":564},{\"@type\":\"BreadcrumbList\",\"@id\":\"https:\/\/marekkuchcinski.pl\/wydarzenia\/rzad-wprowadza-kolejne-kroki-w-walce-z-koronawirusem\/#breadcrumb\",\"itemListElement\":[{\"@type\":\"ListItem\",\"position\":1,\"name\":\"Strona g\u0142\u00f3wna\",\"item\":\"https:\/\/marekkuchcinski.pl\/\"},{\"@type\":\"ListItem\",\"position\":2,\"name\":\"Rz\u0105d wprowadza kolejne kroki w walce z koronawirusem\"}]},{\"@type\":\"WebSite\",\"@id\":\"https:\/\/marekkuchcinski.pl\/#website\",\"url\":\"https:\/\/marekkuchcinski.pl\/\",\"name\":\"Marek Kuchci\u0144ski\",\"description\":\"Pose\u0142 na sejm RP &ndash; okr\u0119g nr 22\",\"publisher\":{\"@id\":\"https:\/\/marekkuchcinski.pl\/#organization\"},\"potentialAction\":[{\"@type\":\"SearchAction\",\"target\":{\"@type\":\"EntryPoint\",\"urlTemplate\":\"https:\/\/marekkuchcinski.pl\/?s={search_term_string}\"},\"query-input\":{\"@type\":\"PropertyValueSpecification\",\"valueRequired\":true,\"valueName\":\"search_term_string\"}}],\"inLanguage\":\"cs\"},{\"@type\":\"Organization\",\"@id\":\"https:\/\/marekkuchcinski.pl\/#organization\",\"name\":\"Marek Kuchci\u0144ski\",\"url\":\"https:\/\/marekkuchcinski.pl\/\",\"logo\":{\"@type\":\"ImageObject\",\"inLanguage\":\"cs\",\"@id\":\"https:\/\/marekkuchcinski.pl\/#\/schema\/logo\/image\/\",\"url\":\"https:\/\/marekkuchcinski.pl\/wp-content\/uploads\/2022\/09\/Marek.jpg\",\"contentUrl\":\"https:\/\/marekkuchcinski.pl\/wp-content\/uploads\/2022\/09\/Marek.jpg\",\"width\":1600,\"height\":971,\"caption\":\"Marek Kuchci\u0144ski\"},\"image\":{\"@id\":\"https:\/\/marekkuchcinski.pl\/#\/schema\/logo\/image\/\"}},{\"@type\":\"Person\",\"@id\":\"https:\/\/marekkuchcinski.pl\/#\/schema\/person\/b8a29fe7813098f7be78801d029910a7\",\"name\":\"Tomasz \u0141acina\",\"image\":{\"@type\":\"ImageObject\",\"inLanguage\":\"cs\",\"@id\":\"https:\/\/marekkuchcinski.pl\/#\/schema\/person\/image\/\",\"url\":\"https:\/\/secure.gravatar.com\/avatar\/22e75f6c51aff77a676ed77dd222f852?s=96&d=mm&r=g\",\"contentUrl\":\"https:\/\/secure.gravatar.com\/avatar\/22e75f6c51aff77a676ed77dd222f852?s=96&d=mm&r=g\",\"caption\":\"Tomasz \u0141acina\"},\"url\":\"https:\/\/marekkuchcinski.pl\/cs\/author\/tomek-lacina\/\"}]}<\/script>\n<!-- \/ Yoast SEO plugin. -->","yoast_head_json":{"title":"Rz\u0105d wprowadza kolejne kroki w walce z koronawirusem &#8211; Marek Kuchci\u0144ski","robots":{"index":"index","follow":"follow","max-snippet":"max-snippet:-1","max-image-preview":"max-image-preview:large","max-video-preview":"max-video-preview:-1"},"canonical":"https:\/\/marekkuchcinski.pl\/cs\/wydarzenia\/rzad-wprowadza-kolejne-kroki-w-walce-z-koronawirusem\/","og_locale":"cs_CZ","og_type":"article","og_title":"Rz\u0105d wprowadza kolejne kroki w walce z koronawirusem &#8211; Marek Kuchci\u0144ski","og_description":"Ograniczenia w liczbie klient\u00f3w w sklepach, na targach, na poczcie (od 1.04.2020 r.) Sklepy i punkty us\u0142ugowe \u2013 3 osoby na kas\u0119 lub stanowisko do p\u0142acenia Do ka\u017cdego sklepu (zar\u00f3wno ma\u0142ego, jak i wielkopowierzchniowego), a tak\u017ce do ka\u017cdego lokalu us\u0142ugowego mo\u017ce wej\u015b\u0107 maksymalnie tyle os\u00f3b, ile wynosi iloczyn liczby wszystkich kas i liczby 3. Targowisko [&hellip;]","og_url":"https:\/\/marekkuchcinski.pl\/cs\/wydarzenia\/rzad-wprowadza-kolejne-kroki-w-walce-z-koronawirusem\/","og_site_name":"Marek Kuchci\u0144ski","article_published_time":"2020-03-31T16:36:52+00:00","article_modified_time":"2020-07-05T10:52:58+00:00","og_image":[{"width":696,"height":564,"url":"https:\/\/marekkuchcinski.pl\/wp-content\/uploads\/2020\/06\/1-1.jpg","type":"image\/jpeg"}],"author":"Tomasz \u0141acina","twitter_card":"summary_large_image","twitter_misc":{"Napsal(a)":"Tomasz \u0141acina","Odhadovan\u00e1 doba \u010dten\u00ed":"5 minut"},"schema":{"@context":"https:\/\/schema.org","@graph":[{"@type":"Article","@id":"https:\/\/marekkuchcinski.pl\/wydarzenia\/rzad-wprowadza-kolejne-kroki-w-walce-z-koronawirusem\/#article","isPartOf":{"@id":"https:\/\/marekkuchcinski.pl\/wydarzenia\/rzad-wprowadza-kolejne-kroki-w-walce-z-koronawirusem\/"},"author":{"name":"Tomasz \u0141acina","@id":"https:\/\/marekkuchcinski.pl\/#\/schema\/person\/b8a29fe7813098f7be78801d029910a7"},"headline":"Rz\u0105d wprowadza kolejne kroki w walce z koronawirusem","datePublished":"2020-03-31T16:36:52+00:00","dateModified":"2020-07-05T10:52:58+00:00","mainEntityOfPage":{"@id":"https:\/\/marekkuchcinski.pl\/wydarzenia\/rzad-wprowadza-kolejne-kroki-w-walce-z-koronawirusem\/"},"wordCount":1009,"commentCount":0,"publisher":{"@id":"https:\/\/marekkuchcinski.pl\/#organization"},"image":{"@id":"https:\/\/marekkuchcinski.pl\/wydarzenia\/rzad-wprowadza-kolejne-kroki-w-walce-z-koronawirusem\/#primaryimage"},"thumbnailUrl":"https:\/\/marekkuchcinski.pl\/wp-content\/uploads\/2020\/06\/1-1.jpg","articleSection":["Wydarzenia"],"inLanguage":"cs","potentialAction":[{"@type":"CommentAction","name":"Comment","target":["https:\/\/marekkuchcinski.pl\/wydarzenia\/rzad-wprowadza-kolejne-kroki-w-walce-z-koronawirusem\/#respond"]}]},{"@type":"WebPage","@id":"https:\/\/marekkuchcinski.pl\/wydarzenia\/rzad-wprowadza-kolejne-kroki-w-walce-z-koronawirusem\/","url":"https:\/\/marekkuchcinski.pl\/wydarzenia\/rzad-wprowadza-kolejne-kroki-w-walce-z-koronawirusem\/","name":"Rz\u0105d wprowadza kolejne kroki w walce z koronawirusem &#8211; Marek Kuchci\u0144ski","isPartOf":{"@id":"https:\/\/marekkuchcinski.pl\/#website"},"primaryImageOfPage":{"@id":"https:\/\/marekkuchcinski.pl\/wydarzenia\/rzad-wprowadza-kolejne-kroki-w-walce-z-koronawirusem\/#primaryimage"},"image":{"@id":"https:\/\/marekkuchcinski.pl\/wydarzenia\/rzad-wprowadza-kolejne-kroki-w-walce-z-koronawirusem\/#primaryimage"},"thumbnailUrl":"https:\/\/marekkuchcinski.pl\/wp-content\/uploads\/2020\/06\/1-1.jpg","datePublished":"2020-03-31T16:36:52+00:00","dateModified":"2020-07-05T10:52:58+00:00","breadcrumb":{"@id":"https:\/\/marekkuchcinski.pl\/wydarzenia\/rzad-wprowadza-kolejne-kroki-w-walce-z-koronawirusem\/#breadcrumb"},"inLanguage":"cs","potentialAction":[{"@type":"ReadAction","target":["https:\/\/marekkuchcinski.pl\/wydarzenia\/rzad-wprowadza-kolejne-kroki-w-walce-z-koronawirusem\/"]}]},{"@type":"ImageObject","inLanguage":"cs","@id":"https:\/\/marekkuchcinski.pl\/wydarzenia\/rzad-wprowadza-kolejne-kroki-w-walce-z-koronawirusem\/#primaryimage","url":"https:\/\/marekkuchcinski.pl\/wp-content\/uploads\/2020\/06\/1-1.jpg","contentUrl":"https:\/\/marekkuchcinski.pl\/wp-content\/uploads\/2020\/06\/1-1.jpg","width":696,"height":564},{"@type":"BreadcrumbList","@id":"https:\/\/marekkuchcinski.pl\/wydarzenia\/rzad-wprowadza-kolejne-kroki-w-walce-z-koronawirusem\/#breadcrumb","itemListElement":[{"@type":"ListItem","position":1,"name":"Strona g\u0142\u00f3wna","item":"https:\/\/marekkuchcinski.pl\/"},{"@type":"ListItem","position":2,"name":"Rz\u0105d wprowadza kolejne kroki w walce z koronawirusem"}]},{"@type":"WebSite","@id":"https:\/\/marekkuchcinski.pl\/#website","url":"https:\/\/marekkuchcinski.pl\/","name":"Marek Kuchci\u0144ski","description":"Pose\u0142 na sejm RP &ndash; okr\u0119g nr 22","publisher":{"@id":"https:\/\/marekkuchcinski.pl\/#organization"},"potentialAction":[{"@type":"SearchAction","target":{"@type":"EntryPoint","urlTemplate":"https:\/\/marekkuchcinski.pl\/?s={search_term_string}"},"query-input":{"@type":"PropertyValueSpecification","valueRequired":true,"valueName":"search_term_string"}}],"inLanguage":"cs"},{"@type":"Organization","@id":"https:\/\/marekkuchcinski.pl\/#organization","name":"Marek Kuchci\u0144ski","url":"https:\/\/marekkuchcinski.pl\/","logo":{"@type":"ImageObject","inLanguage":"cs","@id":"https:\/\/marekkuchcinski.pl\/#\/schema\/logo\/image\/","url":"https:\/\/marekkuchcinski.pl\/wp-content\/uploads\/2022\/09\/Marek.jpg","contentUrl":"https:\/\/marekkuchcinski.pl\/wp-content\/uploads\/2022\/09\/Marek.jpg","width":1600,"height":971,"caption":"Marek Kuchci\u0144ski"},"image":{"@id":"https:\/\/marekkuchcinski.pl\/#\/schema\/logo\/image\/"}},{"@type":"Person","@id":"https:\/\/marekkuchcinski.pl\/#\/schema\/person\/b8a29fe7813098f7be78801d029910a7","name":"Tomasz \u0141acina","image":{"@type":"ImageObject","inLanguage":"cs","@id":"https:\/\/marekkuchcinski.pl\/#\/schema\/person\/image\/","url":"https:\/\/secure.gravatar.com\/avatar\/22e75f6c51aff77a676ed77dd222f852?s=96&d=mm&r=g","contentUrl":"https:\/\/secure.gravatar.com\/avatar\/22e75f6c51aff77a676ed77dd222f852?s=96&d=mm&r=g","caption":"Tomasz \u0141acina"},"url":"https:\/\/marekkuchcinski.pl\/cs\/author\/tomek-lacina\/"}]}},"_links":{"self":[{"href":"https:\/\/marekkuchcinski.pl\/cs\/wp-json\/wp\/v2\/posts\/19069","targetHints":{"allow":["GET"]}}],"collection":[{"href":"https:\/\/marekkuchcinski.pl\/cs\/wp-json\/wp\/v2\/posts"}],"about":[{"href":"https:\/\/marekkuchcinski.pl\/cs\/wp-json\/wp\/v2\/types\/post"}],"author":[{"embeddable":true,"href":"https:\/\/marekkuchcinski.pl\/cs\/wp-json\/wp\/v2\/users\/17"}],"replies":[{"embeddable":true,"href":"https:\/\/marekkuchcinski.pl\/cs\/wp-json\/wp\/v2\/comments?post=19069"}],"version-history":[{"count":1,"href":"https:\/\/marekkuchcinski.pl\/cs\/wp-json\/wp\/v2\/posts\/19069\/revisions"}],"predecessor-version":[{"id":19071,"href":"https:\/\/marekkuchcinski.pl\/cs\/wp-json\/wp\/v2\/posts\/19069\/revisions\/19071"}],"wp:featuredmedia":[{"embeddable":true,"href":"https:\/\/marekkuchcinski.pl\/cs\/wp-json\/wp\/v2\/media\/19070"}],"wp:attachment":[{"href":"https:\/\/marekkuchcinski.pl\/cs\/wp-json\/wp\/v2\/media?parent=19069"}],"wp:term":[{"taxonomy":"category","embeddable":true,"href":"https:\/\/marekkuchcinski.pl\/cs\/wp-json\/wp\/v2\/categories?post=19069"},{"taxonomy":"post_tag","embeddable":true,"href":"https:\/\/marekkuchcinski.pl\/cs\/wp-json\/wp\/v2\/tags?post=19069"}],"curies":[{"name":"wp","href":"https:\/\/api.w.org\/{rel}","templated":true}]}}