{"id":19,"date":"2011-07-11T10:30:01","date_gmt":"2011-07-11T08:30:01","guid":{"rendered":"https:\/\/marekkuchcinski.pl\/?p=19"},"modified":"2016-08-25T17:06:41","modified_gmt":"2016-08-25T15:06:41","slug":"przemysl-profesor-jan-szyszko-o-problemach-energetyki-w-polsce","status":"publish","type":"post","link":"https:\/\/marekkuchcinski.pl\/cs\/wydarzenia\/przemysl-profesor-jan-szyszko-o-problemach-energetyki-w-polsce\/","title":{"rendered":"Przemy\u015bl: Profesor Jan Szyszko o energetick\u00fdch probl\u00e9mech v Polsku"},"content":{"rendered":"<p><img decoding=\"async\" class=\"alignleft size-full wp-image-18\" style=\"float: left;\" alt=\"\" src=\"https:\/\/marekkuchcinski.pl\/wp-content\/uploads\/2011\/07\/jan_szyszko.jpg\" width=\"120\" height=\"80\" \/>Ve st\u0159edu 8. \u010dervna se v kancel\u00e1\u0159i poslance Marka Kuchci\u0144sk\u00e9ho v Przemy\u015blu konala tiskov\u00e1 konference, kterou uspo\u0159\u00e1dal b\u00fdval\u00fd ministr ochrany \u017eivotn\u00edho prost\u0159ed\u00ed, p\u0159\u00edrodn\u00edch zdroj\u016f a lesnictv\u00ed, mimo jin\u00e9 ve vl\u00e1d\u011b Jaros\u0142awa Kaczy\u0144sk\u00e9ho, Jan Szyszka, profesor Var\u0161avsk\u00e9 zem\u011bd\u011blsk\u00e9 univerzity.<\/p>\n<p>  <!--more-->  <\/p>\n<p>&nbsp;<\/p>\n<p><strong>Prof. Szyszko spolu s europoslancem Andrzejem \u0106wierzem z Jaroslawi p\u0159edstavili sou\u010dasn\u00e9 energetick\u00e9 hrozby pro polsk\u00e9 hospod\u00e1\u0159stv\u00ed. Profesor Szyszko na \u00favod informoval, \u017ee ned\u00e1vno v lesn\u00edm rev\u00edru Oleszyce za p\u0159\u00edtomnosti lvovsk\u00e9ho metropolity, arcibiskupa Mieczyslawa Mokrzyck\u00e9ho a biskupa zamoscko-lubaczowsk\u00e9ho lesn\u00edci symbolicky vysadili n\u011bkolik set dub\u016f na pam\u00e1tku lesn\u00edk\u016f zavra\u017ed\u011bn\u00fdch v Katyni a lesn\u00edk\u016f, kte\u0159\u00ed zahynuli p\u0159i smolensk\u00e9 katastrof\u011b.<\/strong>.&nbsp;<\/p>\n<p>Pol\u0161t\u00ed lesn\u00edci - vedle d\u016fstojn\u00edk\u016f polsk\u00e9 arm\u00e1dy - byli na \u00fazem\u00ed okupovan\u00e9m sov\u011btsk\u00fdm Ruskem masov\u011b vra\u017ed\u011bni NKVD. <strong>Jan Szyszko pod\u011bkoval obyvatel\u016fm Przemy\u015blu a Przemy\u0161lsk\u00e9ho regionu za jejich nejpo\u010detn\u011bj\u0161\u00ed \u00fa\u010dast na akci sb\u011bru podpis\u016f, kterou na obranu polsk\u00fdch les\u016f zorganizovalo Sdru\u017een\u00ed pro udr\u017eiteln\u00fd rozvoj Polska a poslanci strany Pr\u00e1vo a spravedlnost.<\/strong>&nbsp;<\/p>\n<p>Profesor p\u0159ipomn\u011bl, \u017ee koali\u010dn\u00ed vl\u00e1da Ob\u010dansk\u00e9 platformy a Polsk\u00e9 lidov\u00e9 strany podnikla kroky k za\u010dlen\u011bn\u00ed st\u00e1tn\u00edch les\u016f do sektoru ve\u0159ejn\u00fdch financ\u00ed. Jako by byl zah\u00e1jen proces destabilizace polsk\u00fdch st\u00e1tn\u00edch les\u016f p\u0159\u00edpravou na jejich privatizaci.&nbsp;<\/p>\n<p><strong>- D\u00edky podpo\u0159e ve\u0159ejnosti jsme v na\u0161\u00ed kampani nasb\u00edrali v\u00edce ne\u017e milion dv\u011b st\u011b tis\u00edc podpis\u016f a vl\u00e1da tyto kroky st\u00e1hla. Tak se n\u00e1m poda\u0159ilo ubr\u00e1nit polsk\u00e9 st\u00e1tn\u00ed lesy.<\/strong>. Na toto t\u00e9ma jsme uspo\u0159\u00e1dali semin\u00e1\u0159e a velkou konferenci v Sejmu, Sen\u00e1tu a v Komisi pro lesnictv\u00ed v Tucznu, kde jsme uk\u00e1zali, kolik oxidu uhli\u010dit\u00e9ho pohlcuje les, co\u017e lze vyu\u017e\u00edt p\u0159i stanoven\u00ed limit\u016f produkce oxidu uhli\u010dit\u00e9ho, kter\u00e9 Polsku stanovila Evropsk\u00e1 unie. Pro polskou ekonomiku je to tedy velk\u00e1 p\u0159\u00edle\u017eitost, jak se dostat z tohoto nebezpe\u010d\u00ed, kter\u00e9 zp\u016fsobila sou\u010dasn\u00e1 vl\u00e1da nekritick\u00fdm p\u0159ijet\u00edm klimaticko-energetick\u00e9ho bal\u00ed\u010dku EU,\" uvedl J. Szyszko.<\/p>\n<p><strong>- Vl\u00e1da rezignovala na \u00fasp\u011bchy Polska p\u0159i sni\u017eov\u00e1n\u00ed emis\u00ed oxidu uhli\u010dit\u00e9ho, p\u0159edala je jakoby do spole\u010dn\u00e9ho majetku Evropsk\u00e9 unie a z\u00e1rove\u0148 p\u0159ijala velmi p\u0159\u00edsn\u00e9 normy, kter\u00e9 Polsko nut\u00ed kupovat emisn\u00ed kv\u00f3ty na v\u00fdrobu elekt\u0159iny, tepla, skla, cementu, oceli a pap\u00edru.<\/strong>. V\u00fdsledkem je, \u017ee Polsko m\u00e1 nejdra\u017e\u0161\u00ed elekt\u0159inu v Evrop\u011b a v p\u0159\u00ed\u0161t\u00edm roce dojde k dal\u0161\u00edmu zv\u00fd\u0161en\u00ed cen o n\u011bkolik des\u00edtek procent. Z hlediska hospod\u00e1\u0159sk\u00fdch z\u00e1jm\u016f Polska je ostudn\u00e9 rozhodnut\u00ed, \u017ee blokujeme vlastn\u00ed energetick\u00e9 zdroje (nejv\u011bt\u0161\u00ed evropsk\u00e1 lo\u017eiska uhl\u00ed a hn\u011bd\u00e9ho uhl\u00ed), st\u00e1v\u00e1me se z\u00e1visl\u00fdmi na st\u00e1le dra\u017e\u0161\u00edm rusk\u00e9m plynu a z\u00e1rove\u0148 se vzd\u00e1v\u00e1me velk\u00fdch \u00fasp\u011bch\u016f polsk\u00e9 ekonomiky p\u0159i sni\u017eov\u00e1n\u00ed emis\u00ed sklen\u00edkov\u00fdch plyn\u016f mimo jin\u00e9 zvy\u0161ov\u00e1n\u00edm energetick\u00e9 \u00fa\u010dinnosti p\u0159i spalov\u00e1n\u00ed uhl\u00ed. Polsk\u00e1 vl\u00e1da se v r\u00e1mci klimaticko-energetick\u00e9ho bal\u00ed\u010dku zav\u00e1zala, \u017ee budeme zachycovat oxid uhli\u010dit\u00fd ze vzduchu, zkapal\u0148ovat ho a ukl\u00e1dat do geologick\u00fdch vrstev za cenu a\u017e 100 eur za tunu. <strong>Vl\u00e1da Pr\u00e1va a spravedlnosti p\u0159ipravila n\u00e1vrh z\u00e1kona na obnovu a zv\u011bt\u0161en\u00ed plochy les\u016f s c\u00edlem zlep\u0161it bilanci produkce oxidu uhli\u010dit\u00e9ho. Sou\u010dasn\u00e1 vl\u00e1da od t\u00e9to mo\u017enosti upustila, ale m\u00edsto toho umo\u017enila, aby cizinec, kter\u00fd si koup\u00ed polsk\u00fd les nebo si koup\u00ed pr\u00e1vo sekvestrovat uhl\u00edk v polsk\u00e9m lese, dostal za sekvestraci uhl\u00edku pen\u011b\u017en\u00ed ekvivalent.<\/strong> P\u0159itom jen v polsk\u00fdch les\u00edch m\u00e1me d\u0159evo v hodnot\u011b 350 miliard zlot\u00fdch. Jedn\u00e1 se o \u010dtvrtinu \u00fazem\u00ed zem\u011b - v\u00edce ne\u017e 7 milion\u016f hektar\u016f. Pod t\u011bmito hektary se nach\u00e1z\u00ed p\u00edsek a \u0161t\u011brk. A je\u0161t\u011b hloub\u011bji jsou p\u0159\u00edrodn\u00ed zdroje. A geologick\u00fd z\u00e1kon je koncipov\u00e1n tak, \u017ee vlastn\u00edk pozemku m\u016f\u017ee vlastnit strategick\u00e9 zdroje. Nen\u00ed divu, \u017ee ji liber\u00e1ln\u00ed kruhy cht\u011bj\u00ed privatizovat. A za to v\u0161echno by podle m\u00e9ho n\u00e1zoru m\u011bla sou\u010dasn\u00e1 vl\u00e1da stanout p\u0159ed st\u00e1tn\u00edm tribun\u00e1lem,\" dodal profesor Szyszko.&nbsp;<\/p>\n<p>P\u0159ipustil tak\u00e9, \u017ee z dlouhodob\u00e9ho hlediska m\u016f\u017ee t\u011b\u017eba tzv. b\u0159idlicov\u00e9ho plynu zlep\u0161it energetickou situaci Polska, nicm\u00e9n\u011b hrozbou je zde prodej nejen pr\u016fzkumn\u00fdch, ale i t\u011b\u017eebn\u00edch konces\u00ed. Nov\u00fd geologick\u00fd z\u00e1kon, kter\u00fd bude brzy schv\u00e1len, z\u00e1rove\u0148 stanov\u00ed mo\u017enost obchodov\u00e1n\u00ed s t\u011b\u017eebn\u00edmi koncesemi t\u011bmi, kdo je ji\u017e z\u00edskali jako dosud pr\u016fzkumn\u00e9 koncese.&nbsp;<\/p>\n<p><strong>Prof. Jan Szyszko apeloval, aby se t\u011bmto energetick\u00fdm ot\u00e1zk\u00e1m v\u011bnovala pozornost a aby se h\u00e1jily polsk\u00e9 z\u00e1jmy, polsk\u00e9 energetick\u00e9 zdroje a t\u00edm i energetick\u00e1 bezpe\u010dnost Polska.<\/strong> Ten lze budovat dv\u011bma zp\u016fsoby: bu\u010f na z\u00e1klad\u011b vlastn\u00edch zdroj\u016f, pokud je m\u00e1, nebo na z\u00e1klad\u011b diverzifikace nab\u00eddky konkuren\u010dn\u00edch subjekt\u016f. Sou\u010dasn\u00e1 vl\u00e1da bohu\u017eel zni\u010dila energetickou bezpe\u010dnost Polska zalo\u017eenou na vlastn\u00edch zdroj\u00edch a z\u00e1rove\u0148 bez zjevn\u00e9ho d\u016fvodu podepsala smlouvu o dlouhodob\u00fdch dod\u00e1vk\u00e1ch rusk\u00e9ho plynu, a\u010dkoli ji\u017e v\u00ed, \u017ee m\u00e1me vlastn\u00ed z\u00e1soby b\u0159idlicov\u00e9ho plynu.<\/p>","protected":false},"excerpt":{"rendered":"<p>Ve st\u0159edu 8. \u010dervna se v kancel\u00e1\u0159i poslance Marka Kuchci\u0144sk\u00e9ho v Przemy\u015blu konala tiskov\u00e1 konference, kterou uspo\u0159\u00e1dal b\u00fdval\u00fd ministr ochrany \u017eivotn\u00edho prost\u0159ed\u00ed, p\u0159\u00edrodn\u00edch zdroj\u016f a lesnictv\u00ed, mimo jin\u00e9 ve vl\u00e1d\u011b Jaros\u0142awa Kaczy\u0144sk\u00e9ho, Jan Szyszka, profesor Var\u0161avsk\u00e9 zem\u011bd\u011blsk\u00e9 univerzity.<\/p>","protected":false},"author":6,"featured_media":18,"comment_status":"open","ping_status":"open","sticky":false,"template":"","format":"standard","meta":{"ngg_post_thumbnail":0,"footnotes":""},"categories":[3],"tags":[],"class_list":["post-19","post","type-post","status-publish","format-standard","has-post-thumbnail","hentry","category-wydarzenia"],"yoast_head":"<!-- This site is optimized with the Yoast SEO plugin v24.7 - https:\/\/yoast.com\/wordpress\/plugins\/seo\/ -->\n<title>Przemy\u015bl: profesor Jan Szyszko o problemach energetyki w Polsce &#8211; Marek Kuchci\u0144ski<\/title>\n<meta name=\"robots\" content=\"index, follow, max-snippet:-1, max-image-preview:large, max-video-preview:-1\" \/>\n<link rel=\"canonical\" href=\"https:\/\/marekkuchcinski.pl\/cs\/wydarzenia\/przemysl-profesor-jan-szyszko-o-problemach-energetyki-w-polsce\/\" \/>\n<meta property=\"og:locale\" content=\"cs_CZ\" \/>\n<meta property=\"og:type\" content=\"article\" \/>\n<meta property=\"og:title\" content=\"Przemy\u015bl: profesor Jan Szyszko o problemach energetyki w Polsce &#8211; Marek Kuchci\u0144ski\" \/>\n<meta property=\"og:description\" content=\"W \u015brod\u0119 8 czerwca w Biurze Poselskim Marka Kuchci\u0144skiego w Przemy\u015blu odby\u0142a si\u0119 konferencja prasowa by\u0142ego ministra ochrony \u015brodowiska, zasob\u00f3w naturalnych i le\u015bnictwa m.in. w rz\u0105dzie Jaros\u0142awa Kaczy\u0144skiego, Jana Szyszki, profesora Szko\u0142y G\u0142\u00f3wnej Gospodarstwa Wiejskiego.\" \/>\n<meta property=\"og:url\" content=\"https:\/\/marekkuchcinski.pl\/cs\/wydarzenia\/przemysl-profesor-jan-szyszko-o-problemach-energetyki-w-polsce\/\" \/>\n<meta property=\"og:site_name\" content=\"Marek Kuchci\u0144ski\" \/>\n<meta property=\"article:published_time\" content=\"2011-07-11T08:30:01+00:00\" \/>\n<meta property=\"article:modified_time\" content=\"2016-08-25T15:06:41+00:00\" \/>\n<meta property=\"og:image\" content=\"https:\/\/marekkuchcinski.pl\/wp-content\/uploads\/2011\/07\/jan_szyszko.jpg\" \/>\n\t<meta property=\"og:image:width\" content=\"120\" \/>\n\t<meta property=\"og:image:height\" content=\"80\" \/>\n\t<meta property=\"og:image:type\" content=\"image\/jpeg\" \/>\n<meta name=\"author\" content=\"admin\" \/>\n<meta name=\"twitter:card\" content=\"summary_large_image\" \/>\n<meta name=\"twitter:label1\" content=\"Napsal(a)\" \/>\n\t<meta name=\"twitter:data1\" content=\"admin\" \/>\n\t<meta name=\"twitter:label2\" content=\"Odhadovan\u00e1 doba \u010dten\u00ed\" \/>\n\t<meta name=\"twitter:data2\" content=\"4 minuty\" \/>\n<script type=\"application\/ld+json\" class=\"yoast-schema-graph\">{\"@context\":\"https:\/\/schema.org\",\"@graph\":[{\"@type\":\"Article\",\"@id\":\"https:\/\/marekkuchcinski.pl\/wydarzenia\/przemysl-profesor-jan-szyszko-o-problemach-energetyki-w-polsce\/#article\",\"isPartOf\":{\"@id\":\"https:\/\/marekkuchcinski.pl\/wydarzenia\/przemysl-profesor-jan-szyszko-o-problemach-energetyki-w-polsce\/\"},\"author\":{\"name\":\"admin\",\"@id\":\"https:\/\/marekkuchcinski.pl\/#\/schema\/person\/6f62700996b4d950b6ea2d1183b6c6be\"},\"headline\":\"Przemy\u015bl: profesor Jan Szyszko o problemach energetyki w Polsce\",\"datePublished\":\"2011-07-11T08:30:01+00:00\",\"dateModified\":\"2016-08-25T15:06:41+00:00\",\"mainEntityOfPage\":{\"@id\":\"https:\/\/marekkuchcinski.pl\/wydarzenia\/przemysl-profesor-jan-szyszko-o-problemach-energetyki-w-polsce\/\"},\"wordCount\":861,\"commentCount\":0,\"publisher\":{\"@id\":\"https:\/\/marekkuchcinski.pl\/#organization\"},\"image\":{\"@id\":\"https:\/\/marekkuchcinski.pl\/wydarzenia\/przemysl-profesor-jan-szyszko-o-problemach-energetyki-w-polsce\/#primaryimage\"},\"thumbnailUrl\":\"https:\/\/marekkuchcinski.pl\/wp-content\/uploads\/2011\/07\/jan_szyszko.jpg\",\"articleSection\":[\"Wydarzenia\"],\"inLanguage\":\"cs\",\"potentialAction\":[{\"@type\":\"CommentAction\",\"name\":\"Comment\",\"target\":[\"https:\/\/marekkuchcinski.pl\/wydarzenia\/przemysl-profesor-jan-szyszko-o-problemach-energetyki-w-polsce\/#respond\"]}]},{\"@type\":\"WebPage\",\"@id\":\"https:\/\/marekkuchcinski.pl\/wydarzenia\/przemysl-profesor-jan-szyszko-o-problemach-energetyki-w-polsce\/\",\"url\":\"https:\/\/marekkuchcinski.pl\/wydarzenia\/przemysl-profesor-jan-szyszko-o-problemach-energetyki-w-polsce\/\",\"name\":\"Przemy\u015bl: profesor Jan Szyszko o problemach energetyki w Polsce &#8211; Marek Kuchci\u0144ski\",\"isPartOf\":{\"@id\":\"https:\/\/marekkuchcinski.pl\/#website\"},\"primaryImageOfPage\":{\"@id\":\"https:\/\/marekkuchcinski.pl\/wydarzenia\/przemysl-profesor-jan-szyszko-o-problemach-energetyki-w-polsce\/#primaryimage\"},\"image\":{\"@id\":\"https:\/\/marekkuchcinski.pl\/wydarzenia\/przemysl-profesor-jan-szyszko-o-problemach-energetyki-w-polsce\/#primaryimage\"},\"thumbnailUrl\":\"https:\/\/marekkuchcinski.pl\/wp-content\/uploads\/2011\/07\/jan_szyszko.jpg\",\"datePublished\":\"2011-07-11T08:30:01+00:00\",\"dateModified\":\"2016-08-25T15:06:41+00:00\",\"breadcrumb\":{\"@id\":\"https:\/\/marekkuchcinski.pl\/wydarzenia\/przemysl-profesor-jan-szyszko-o-problemach-energetyki-w-polsce\/#breadcrumb\"},\"inLanguage\":\"cs\",\"potentialAction\":[{\"@type\":\"ReadAction\",\"target\":[\"https:\/\/marekkuchcinski.pl\/wydarzenia\/przemysl-profesor-jan-szyszko-o-problemach-energetyki-w-polsce\/\"]}]},{\"@type\":\"ImageObject\",\"inLanguage\":\"cs\",\"@id\":\"https:\/\/marekkuchcinski.pl\/wydarzenia\/przemysl-profesor-jan-szyszko-o-problemach-energetyki-w-polsce\/#primaryimage\",\"url\":\"https:\/\/marekkuchcinski.pl\/wp-content\/uploads\/2011\/07\/jan_szyszko.jpg\",\"contentUrl\":\"https:\/\/marekkuchcinski.pl\/wp-content\/uploads\/2011\/07\/jan_szyszko.jpg\",\"width\":120,\"height\":80},{\"@type\":\"BreadcrumbList\",\"@id\":\"https:\/\/marekkuchcinski.pl\/wydarzenia\/przemysl-profesor-jan-szyszko-o-problemach-energetyki-w-polsce\/#breadcrumb\",\"itemListElement\":[{\"@type\":\"ListItem\",\"position\":1,\"name\":\"Strona g\u0142\u00f3wna\",\"item\":\"https:\/\/marekkuchcinski.pl\/\"},{\"@type\":\"ListItem\",\"position\":2,\"name\":\"Przemy\u015bl: profesor Jan Szyszko o problemach energetyki w Polsce\"}]},{\"@type\":\"WebSite\",\"@id\":\"https:\/\/marekkuchcinski.pl\/#website\",\"url\":\"https:\/\/marekkuchcinski.pl\/\",\"name\":\"Marek Kuchci\u0144ski\",\"description\":\"Pose\u0142 na sejm RP &ndash; okr\u0119g nr 22\",\"publisher\":{\"@id\":\"https:\/\/marekkuchcinski.pl\/#organization\"},\"potentialAction\":[{\"@type\":\"SearchAction\",\"target\":{\"@type\":\"EntryPoint\",\"urlTemplate\":\"https:\/\/marekkuchcinski.pl\/?s={search_term_string}\"},\"query-input\":{\"@type\":\"PropertyValueSpecification\",\"valueRequired\":true,\"valueName\":\"search_term_string\"}}],\"inLanguage\":\"cs\"},{\"@type\":\"Organization\",\"@id\":\"https:\/\/marekkuchcinski.pl\/#organization\",\"name\":\"Marek Kuchci\u0144ski\",\"url\":\"https:\/\/marekkuchcinski.pl\/\",\"logo\":{\"@type\":\"ImageObject\",\"inLanguage\":\"cs\",\"@id\":\"https:\/\/marekkuchcinski.pl\/#\/schema\/logo\/image\/\",\"url\":\"https:\/\/marekkuchcinski.pl\/wp-content\/uploads\/2022\/09\/Marek.jpg\",\"contentUrl\":\"https:\/\/marekkuchcinski.pl\/wp-content\/uploads\/2022\/09\/Marek.jpg\",\"width\":1600,\"height\":971,\"caption\":\"Marek Kuchci\u0144ski\"},\"image\":{\"@id\":\"https:\/\/marekkuchcinski.pl\/#\/schema\/logo\/image\/\"}},{\"@type\":\"Person\",\"@id\":\"https:\/\/marekkuchcinski.pl\/#\/schema\/person\/6f62700996b4d950b6ea2d1183b6c6be\",\"name\":\"admin\",\"image\":{\"@type\":\"ImageObject\",\"inLanguage\":\"cs\",\"@id\":\"https:\/\/marekkuchcinski.pl\/#\/schema\/person\/image\/\",\"url\":\"https:\/\/secure.gravatar.com\/avatar\/4bab693b9d55c3d6b52c0296a8765085?s=96&d=mm&r=g\",\"contentUrl\":\"https:\/\/secure.gravatar.com\/avatar\/4bab693b9d55c3d6b52c0296a8765085?s=96&d=mm&r=g\",\"caption\":\"admin\"},\"url\":\"https:\/\/marekkuchcinski.pl\/cs\/author\/marta-olejnik\/\"}]}<\/script>\n<!-- \/ Yoast SEO plugin. -->","yoast_head_json":{"title":"Przemy\u015bl: profesor Jan Szyszko o problemach energetyki w Polsce &#8211; Marek Kuchci\u0144ski","robots":{"index":"index","follow":"follow","max-snippet":"max-snippet:-1","max-image-preview":"max-image-preview:large","max-video-preview":"max-video-preview:-1"},"canonical":"https:\/\/marekkuchcinski.pl\/cs\/wydarzenia\/przemysl-profesor-jan-szyszko-o-problemach-energetyki-w-polsce\/","og_locale":"cs_CZ","og_type":"article","og_title":"Przemy\u015bl: profesor Jan Szyszko o problemach energetyki w Polsce &#8211; Marek Kuchci\u0144ski","og_description":"W \u015brod\u0119 8 czerwca w Biurze Poselskim Marka Kuchci\u0144skiego w Przemy\u015blu odby\u0142a si\u0119 konferencja prasowa by\u0142ego ministra ochrony \u015brodowiska, zasob\u00f3w naturalnych i le\u015bnictwa m.in. w rz\u0105dzie Jaros\u0142awa Kaczy\u0144skiego, Jana Szyszki, profesora Szko\u0142y G\u0142\u00f3wnej Gospodarstwa Wiejskiego.","og_url":"https:\/\/marekkuchcinski.pl\/cs\/wydarzenia\/przemysl-profesor-jan-szyszko-o-problemach-energetyki-w-polsce\/","og_site_name":"Marek Kuchci\u0144ski","article_published_time":"2011-07-11T08:30:01+00:00","article_modified_time":"2016-08-25T15:06:41+00:00","og_image":[{"width":120,"height":80,"url":"https:\/\/marekkuchcinski.pl\/wp-content\/uploads\/2011\/07\/jan_szyszko.jpg","type":"image\/jpeg"}],"author":"admin","twitter_card":"summary_large_image","twitter_misc":{"Napsal(a)":"admin","Odhadovan\u00e1 doba \u010dten\u00ed":"4 minuty"},"schema":{"@context":"https:\/\/schema.org","@graph":[{"@type":"Article","@id":"https:\/\/marekkuchcinski.pl\/wydarzenia\/przemysl-profesor-jan-szyszko-o-problemach-energetyki-w-polsce\/#article","isPartOf":{"@id":"https:\/\/marekkuchcinski.pl\/wydarzenia\/przemysl-profesor-jan-szyszko-o-problemach-energetyki-w-polsce\/"},"author":{"name":"admin","@id":"https:\/\/marekkuchcinski.pl\/#\/schema\/person\/6f62700996b4d950b6ea2d1183b6c6be"},"headline":"Przemy\u015bl: profesor Jan Szyszko o problemach energetyki w Polsce","datePublished":"2011-07-11T08:30:01+00:00","dateModified":"2016-08-25T15:06:41+00:00","mainEntityOfPage":{"@id":"https:\/\/marekkuchcinski.pl\/wydarzenia\/przemysl-profesor-jan-szyszko-o-problemach-energetyki-w-polsce\/"},"wordCount":861,"commentCount":0,"publisher":{"@id":"https:\/\/marekkuchcinski.pl\/#organization"},"image":{"@id":"https:\/\/marekkuchcinski.pl\/wydarzenia\/przemysl-profesor-jan-szyszko-o-problemach-energetyki-w-polsce\/#primaryimage"},"thumbnailUrl":"https:\/\/marekkuchcinski.pl\/wp-content\/uploads\/2011\/07\/jan_szyszko.jpg","articleSection":["Wydarzenia"],"inLanguage":"cs","potentialAction":[{"@type":"CommentAction","name":"Comment","target":["https:\/\/marekkuchcinski.pl\/wydarzenia\/przemysl-profesor-jan-szyszko-o-problemach-energetyki-w-polsce\/#respond"]}]},{"@type":"WebPage","@id":"https:\/\/marekkuchcinski.pl\/wydarzenia\/przemysl-profesor-jan-szyszko-o-problemach-energetyki-w-polsce\/","url":"https:\/\/marekkuchcinski.pl\/wydarzenia\/przemysl-profesor-jan-szyszko-o-problemach-energetyki-w-polsce\/","name":"Przemy\u015bl: profesor Jan Szyszko o problemach energetyki w Polsce &#8211; Marek Kuchci\u0144ski","isPartOf":{"@id":"https:\/\/marekkuchcinski.pl\/#website"},"primaryImageOfPage":{"@id":"https:\/\/marekkuchcinski.pl\/wydarzenia\/przemysl-profesor-jan-szyszko-o-problemach-energetyki-w-polsce\/#primaryimage"},"image":{"@id":"https:\/\/marekkuchcinski.pl\/wydarzenia\/przemysl-profesor-jan-szyszko-o-problemach-energetyki-w-polsce\/#primaryimage"},"thumbnailUrl":"https:\/\/marekkuchcinski.pl\/wp-content\/uploads\/2011\/07\/jan_szyszko.jpg","datePublished":"2011-07-11T08:30:01+00:00","dateModified":"2016-08-25T15:06:41+00:00","breadcrumb":{"@id":"https:\/\/marekkuchcinski.pl\/wydarzenia\/przemysl-profesor-jan-szyszko-o-problemach-energetyki-w-polsce\/#breadcrumb"},"inLanguage":"cs","potentialAction":[{"@type":"ReadAction","target":["https:\/\/marekkuchcinski.pl\/wydarzenia\/przemysl-profesor-jan-szyszko-o-problemach-energetyki-w-polsce\/"]}]},{"@type":"ImageObject","inLanguage":"cs","@id":"https:\/\/marekkuchcinski.pl\/wydarzenia\/przemysl-profesor-jan-szyszko-o-problemach-energetyki-w-polsce\/#primaryimage","url":"https:\/\/marekkuchcinski.pl\/wp-content\/uploads\/2011\/07\/jan_szyszko.jpg","contentUrl":"https:\/\/marekkuchcinski.pl\/wp-content\/uploads\/2011\/07\/jan_szyszko.jpg","width":120,"height":80},{"@type":"BreadcrumbList","@id":"https:\/\/marekkuchcinski.pl\/wydarzenia\/przemysl-profesor-jan-szyszko-o-problemach-energetyki-w-polsce\/#breadcrumb","itemListElement":[{"@type":"ListItem","position":1,"name":"Strona g\u0142\u00f3wna","item":"https:\/\/marekkuchcinski.pl\/"},{"@type":"ListItem","position":2,"name":"Przemy\u015bl: profesor Jan Szyszko o problemach energetyki w Polsce"}]},{"@type":"WebSite","@id":"https:\/\/marekkuchcinski.pl\/#website","url":"https:\/\/marekkuchcinski.pl\/","name":"Marek Kuchci\u0144ski","description":"Pose\u0142 na sejm RP &ndash; okr\u0119g nr 22","publisher":{"@id":"https:\/\/marekkuchcinski.pl\/#organization"},"potentialAction":[{"@type":"SearchAction","target":{"@type":"EntryPoint","urlTemplate":"https:\/\/marekkuchcinski.pl\/?s={search_term_string}"},"query-input":{"@type":"PropertyValueSpecification","valueRequired":true,"valueName":"search_term_string"}}],"inLanguage":"cs"},{"@type":"Organization","@id":"https:\/\/marekkuchcinski.pl\/#organization","name":"Marek Kuchci\u0144ski","url":"https:\/\/marekkuchcinski.pl\/","logo":{"@type":"ImageObject","inLanguage":"cs","@id":"https:\/\/marekkuchcinski.pl\/#\/schema\/logo\/image\/","url":"https:\/\/marekkuchcinski.pl\/wp-content\/uploads\/2022\/09\/Marek.jpg","contentUrl":"https:\/\/marekkuchcinski.pl\/wp-content\/uploads\/2022\/09\/Marek.jpg","width":1600,"height":971,"caption":"Marek Kuchci\u0144ski"},"image":{"@id":"https:\/\/marekkuchcinski.pl\/#\/schema\/logo\/image\/"}},{"@type":"Person","@id":"https:\/\/marekkuchcinski.pl\/#\/schema\/person\/6f62700996b4d950b6ea2d1183b6c6be","name":"admin","image":{"@type":"ImageObject","inLanguage":"cs","@id":"https:\/\/marekkuchcinski.pl\/#\/schema\/person\/image\/","url":"https:\/\/secure.gravatar.com\/avatar\/4bab693b9d55c3d6b52c0296a8765085?s=96&d=mm&r=g","contentUrl":"https:\/\/secure.gravatar.com\/avatar\/4bab693b9d55c3d6b52c0296a8765085?s=96&d=mm&r=g","caption":"admin"},"url":"https:\/\/marekkuchcinski.pl\/cs\/author\/marta-olejnik\/"}]}},"_links":{"self":[{"href":"https:\/\/marekkuchcinski.pl\/cs\/wp-json\/wp\/v2\/posts\/19","targetHints":{"allow":["GET"]}}],"collection":[{"href":"https:\/\/marekkuchcinski.pl\/cs\/wp-json\/wp\/v2\/posts"}],"about":[{"href":"https:\/\/marekkuchcinski.pl\/cs\/wp-json\/wp\/v2\/types\/post"}],"author":[{"embeddable":true,"href":"https:\/\/marekkuchcinski.pl\/cs\/wp-json\/wp\/v2\/users\/6"}],"replies":[{"embeddable":true,"href":"https:\/\/marekkuchcinski.pl\/cs\/wp-json\/wp\/v2\/comments?post=19"}],"version-history":[{"count":1,"href":"https:\/\/marekkuchcinski.pl\/cs\/wp-json\/wp\/v2\/posts\/19\/revisions"}],"predecessor-version":[{"id":1343,"href":"https:\/\/marekkuchcinski.pl\/cs\/wp-json\/wp\/v2\/posts\/19\/revisions\/1343"}],"wp:featuredmedia":[{"embeddable":true,"href":"https:\/\/marekkuchcinski.pl\/cs\/wp-json\/wp\/v2\/media\/18"}],"wp:attachment":[{"href":"https:\/\/marekkuchcinski.pl\/cs\/wp-json\/wp\/v2\/media?parent=19"}],"wp:term":[{"taxonomy":"category","embeddable":true,"href":"https:\/\/marekkuchcinski.pl\/cs\/wp-json\/wp\/v2\/categories?post=19"},{"taxonomy":"post_tag","embeddable":true,"href":"https:\/\/marekkuchcinski.pl\/cs\/wp-json\/wp\/v2\/tags?post=19"}],"curies":[{"name":"wp","href":"https:\/\/api.w.org\/{rel}","templated":true}]}}