{"id":18762,"date":"2020-03-18T15:07:03","date_gmt":"2020-03-18T14:07:03","guid":{"rendered":"https:\/\/marekkuchcinski.pl\/?p=18762"},"modified":"2020-03-18T22:58:37","modified_gmt":"2020-03-18T21:58:37","slug":"glow-zalozenie-tarczy-antykryzysowej","status":"publish","type":"post","link":"https:\/\/marekkuchcinski.pl\/cs\/wydarzenia\/glow-zalozenie-tarczy-antykryzysowej\/","title":{"rendered":"G\u0141\u00d3WNE ZA\u0141O\u017bENIA TARCZY ANTYKRYZYSOWEJ"},"content":{"rendered":"<p class=\"wp-block-paragraph\"><\/p>\n\n\n\n<table class=\"wp-block-table\"><tbody><tr><td><\/td><\/tr><\/tbody><\/table>\n\n\n\n<ul class=\"wp-block-list\"><li><strong>WPROWADZAMY\u00a0TARCZ\u0118 ANTYKRYZYSOW\u0104\u00a0\u2013\u00a0 KOMPLEKSOWY PAKIET DZIA\u0141A\u0143 O SZACOWANEJ WARTO\u015aCI\u00a0212 MLD Z\u0141.\u00a0TO PRAWIE\u00a010 PROC. PKB. <\/strong>Obejmuje ona \u00a05 filar\u00f3w:<\/li><li><strong>Bezpiecze\u0144stwo Pracownik\u00f3w,<\/strong><\/li><li><strong>Finansowanie Przedsi\u0119biorstw,<\/strong><\/li><li><strong>Ochrona Zdrowia,<\/strong><\/li><li><strong>Wzmocnienie Systemu Finansowego<\/strong><\/li><li><strong>Program Inwestycji Publicznych.<\/strong><\/li><\/ul>\n\n\n\n<p class=\"wp-block-paragraph\"><\/p>\n\n\n\n<ul class=\"wp-block-list\"><li>Celem pakietu jest niezw\u0142oczne wprowadzenie rozwi\u0105za\u0144, kt\u00f3re ogranicz\u0105 negatywne skutki pandemii i wywo\u0142anej przez ni\u0105 recesji dla polskich pracownik\u00f3w i przedsi\u0119biorstw.<\/li><li>Obejmuje te\u017c osoby zatrudnione na umowy zlecenie oraz prowadz\u0105ce jednoosobow\u0105 dzia\u0142alno\u015b\u0107 gospodarcz\u0105.<\/li><li>Zbudowali\u015bmy tarcz\u0119 do obrony spo\u0142ecze\u0144stwa przed skutkami kryzysu i epidemii oraz fal\u0105 bankructw.\u00a0.<\/li><\/ul>\n\n\n\n<p class=\"wp-block-paragraph\"><\/p>\n\n\n\n<table class=\"wp-block-table\"><tbody><tr><td>   <strong> STAN   POLSKIEJ GOSPODARKI<\/strong>   <\/td><\/tr><\/tbody><\/table>\n\n\n\n<ul class=\"wp-block-list\"><li>W ostatnich 4 latach nast\u0105pi\u0142 istotny spadek zad\u0142u\u017cenia sektora instytucji rz\u0105dowych i samorz\u0105dowych w stosunku do PKB: o 5 pkt. proc. z&nbsp;<strong>51,3<\/strong>&nbsp;proc. w 2015 r. do ok.&nbsp;<strong>46,4<\/strong>&nbsp;proc. w 2019 r, &nbsp;d\u0142ug publiczny wynosi&nbsp;<strong>ok. 43,9 proc. PKB<\/strong>,<\/li><li>Zmniejszy\u0142a si\u0119 nasza zale\u017cno\u015b\u0107 od zagranicznych inwestor\u00f3w.<\/li><li>Bud\u017cet pa\u0144stwa w ostatnich 3 latach notuje&nbsp;<strong>najni\u017cszy deficyt<\/strong>&nbsp;w historii dzi\u0119ki uszczelnieniu systemu podatkowego.<\/li><li><strong>Bud\u017cet 2020 r. jest zr\u00f3wnowa\u017cony.<\/strong><\/li><li>Wzrost gospodarczy jest blisko&nbsp;<strong>3-krotnie szybszy w Polsce<\/strong>&nbsp;ni\u017c w strefie euro w ostatnich 3 latach.<\/li><li>Kurs z\u0142otego jest stabilny, a&nbsp;<strong>warto\u015b\u0107 rezerw walutowych to 128,4 mld<\/strong>&nbsp;USD na koniec 2019 r.<\/li><li>Polska posiada&nbsp;<strong>wysoki rating kredytowy.<\/strong><\/li><li>Bezrobocie znajduje si\u0119 na&nbsp;<strong>historycznie najni\u017cszym poziomie.<\/strong><\/li><li>W ostatnich latach przeprowadzona zosta\u0142a&nbsp;<strong>reforma polskich instytucji rozwojowych<\/strong>&nbsp;skupionych w Grupie PFR. Ich &nbsp;instrumenty s\u0105 wa\u017cnym elementem dzia\u0142a\u0144 antykryzysowych np.: gwarancje de minimis BGK przy wykorzystaniu stworzonego Funduszu Gwarancji Kredytowych.<\/li><\/ul>\n\n\n\n<p class=\"wp-block-paragraph\"><\/p>\n\n\n\n<table class=\"wp-block-table\"><tbody><tr><td>   <a><strong> <\/strong><\/a><\/td><\/tr><\/tbody><\/table>\n\n\n\n<p class=\"wp-block-paragraph\"><\/p>\n\n\n\n<table class=\"wp-block-table\"><tbody><tr><td>   <strong> TOP 17   INFORMACJI<\/strong>   <\/td><\/tr><\/tbody><\/table>\n\n\n\n<p class=\"wp-block-paragraph\">1.&nbsp;&nbsp;&nbsp;&nbsp;&nbsp;&nbsp;&nbsp;&nbsp;W\nfirmach z problemami Pa\u0144stwo: &nbsp;<strong>przejmie finansowanie 40 proc. wynagrodzenia<\/strong>,&nbsp;pracodawca&nbsp;<strong>mo\u017ce\nobni\u017cy\u0107 koszty osobowe o 60 proc.,<\/strong>&nbsp;je\u017celi nie b\u0119dzie&nbsp; prowadzi\u0142\nzwolnie\u0144 pracownik\u00f3w.<\/p>\n\n\n\n<p class=\"wp-block-paragraph\">2.&nbsp;&nbsp;&nbsp;&nbsp;&nbsp;&nbsp;&nbsp;&nbsp;Pa\u0144stwo\npokryje firmie w k\u0142opotach&nbsp;<strong>blisko po\u0142ow\u0119 pensji pracownika na\npostojowym<\/strong>&nbsp;&#8211; jego wynagrodzenie nie mo\u017ce by\u0107 ni\u017csze ni\u017c p\u0142aca\nminimalna.<\/p>\n\n\n\n<p class=\"wp-block-paragraph\">3.&nbsp;&nbsp;&nbsp;&nbsp;&nbsp;&nbsp;&nbsp;&nbsp;Samozatrudnieni,\nosoby na umowach zleceniach i o dzie\u0142o w sytuacji spadku dochod\u00f3w\notrzymaj\u0105&nbsp;<strong>jednorazowe \u015bwiadczenie ok. 2 tys.&nbsp;z\u0142.<\/strong><\/p>\n\n\n\n<p class=\"wp-block-paragraph\">4.&nbsp;&nbsp;&nbsp;&nbsp;&nbsp;&nbsp;&nbsp;&nbsp;Pracownicy\nmog\u0105 skorzysta\u0107 w&nbsp;<strong>wakacji kredytowych w bankach.<\/strong><\/p>\n\n\n\n<p class=\"wp-block-paragraph\">5.&nbsp;&nbsp;&nbsp;&nbsp;&nbsp;&nbsp;&nbsp;&nbsp;Polacy\nskorzystaj\u0105 z przesuni\u0119cia terminu deklaracji&nbsp;<strong>PIT do ko\u0144ca czerwca.<\/strong><\/p>\n\n\n\n<p class=\"wp-block-paragraph\">6.&nbsp;&nbsp;&nbsp;&nbsp;&nbsp;&nbsp;&nbsp;&nbsp;UOKIK b\u0119dzie chroni\u0142&nbsp;<strong>przed nieuzasadnionym wzrostem cen<\/strong><br>&nbsp;i niedozwolonymi praktykami na rynku po\u017cyczek got\u00f3wkowych.<\/p>\n\n\n\n<p class=\"wp-block-paragraph\">7.&nbsp;&nbsp;&nbsp;&nbsp;&nbsp;&nbsp;&nbsp;&nbsp;Ma\u0142e\ni \u015brednie firmy b\u0119d\u0105 mog\u0142y uzyska\u0107&nbsp;przed\u0142u\u017cenie kredyt\u00f3w obrotowych oraz uzyska\u0107\nnowe&nbsp;<strong>finansowanie zabezpieczone w 80 proc. gwarancjami<\/strong>&nbsp;de\nminimis BGK.<\/p>\n\n\n\n<p class=\"wp-block-paragraph\">8.&nbsp;&nbsp;&nbsp;&nbsp;&nbsp;&nbsp;&nbsp;&nbsp;Firmy&nbsp;<strong>mog\u0105\nuzyska\u0107 kapita\u0142<\/strong>&nbsp;w PFR oraz ubezpieczenia obrotu w KUKE.<\/p>\n\n\n\n<p class=\"wp-block-paragraph\">9.&nbsp;&nbsp;&nbsp;&nbsp;&nbsp;&nbsp;&nbsp;&nbsp;Firmy\ntransportowe mog\u0105 skorzysta\u0107 z leasingu ARP z&nbsp;<strong>odroczonymi o 3 miesi\u0105ce\nratami.<\/strong><\/p>\n\n\n\n<p class=\"wp-block-paragraph\">10.&nbsp;&nbsp;&nbsp;&nbsp;Mikrofirmy\nzatrudniaj\u0105ce do 9 os\u00f3b mog\u0105 uzyska\u0107 niskooperocentowan\u0105 po\u017cyczk\u0119 z Funduszu\nPracy&nbsp;<strong>do 5 tys. z\u0142 na 12 miesi\u0119cy.<\/strong><\/p>\n\n\n\n<p class=\"wp-block-paragraph\">11.&nbsp;&nbsp;&nbsp;&nbsp;Przedsi\u0119biorcy\nb\u0119d\u0105 mogli&nbsp;<strong>uzyska\u0107 odroczenie lub roz\u0142o\u017cenie na raty<\/strong>&nbsp;p\u0142atno\u015bci\nsk\u0142adek na ubezpieczenie spo\u0142eczne w ZUS bez \u017cadnych op\u0142at.<\/p>\n\n\n\n<p class=\"wp-block-paragraph\">12.&nbsp;&nbsp;&nbsp;&nbsp;Przedsi\u0119biorcy\nb\u0119d\u0105 mogli&nbsp;<strong>otrzyma\u0107 zwrot CIT<\/strong>&nbsp;poprzez korekt\u0119 podatku z 2019\nr. o wysoko\u015b\u0107 strat w 2020 r.<\/p>\n\n\n\n<p class=\"wp-block-paragraph\">13.&nbsp;&nbsp;&nbsp;&nbsp;<strong>S\u0142u\u017cba\nzdrowia otrzyma 7,5 mld z\u0142<\/strong>&nbsp;dodatkowych \u015brodk\u00f3w na walk\u0119 z\nepidemi\u0105&nbsp;SARS-CoV-2, rozw\u00f3j infolinii dla Pacjenta oraz Lekarza, informatyzacj\u0119 oraz rozw\u00f3j\nprogramu Dom\u00f3w Opieki Medycznej dla os\u00f3b starszych.<\/p>\n\n\n\n<p class=\"wp-block-paragraph\">14.&nbsp;&nbsp;&nbsp;&nbsp;Firmy nie b\u0119d\u0105\nnara\u017cone na skutki op\u00f3\u017anie\u0144 i kar w zam\u00f3wieniach publicznych.<\/p>\n\n\n\n<p class=\"wp-block-paragraph\">15.&nbsp;&nbsp;&nbsp;&nbsp;Premier\npowo\u0142a&nbsp;<strong>Fundusz Inwestycji Publicznych o warto\u015bci 30 mld z\u0142:<\/strong> pobudzi to gospodark\u0119\npoprzez&nbsp;inwestycje&nbsp;publiczne w infrastruktur\u0119, drogi, szpitale,\nszko\u0142y, cyfryzacj\u0119, energetyk\u0119, biotechnologi\u0119.<\/p>\n\n\n\n<p class=\"wp-block-paragraph\">16.&nbsp;&nbsp;&nbsp;&nbsp;Nast\u0105pi\nprzesuni\u0119cie wielu obowi\u0105zk\u00f3w i termin\u00f3w administracyjnych lub s\u0105dowych.<\/p>\n\n\n\n<p class=\"wp-block-paragraph\">17.&nbsp;&nbsp;&nbsp;&nbsp;Pracownicy z Ukrainy&nbsp;<strong>otrzymaj\u0105 automatyczne wyd\u0142u\u017cenie<\/strong>&nbsp;wiz i pozwole\u0144 na prace.<\/p>\n\n\n\n<p class=\"wp-block-paragraph\"><\/p>\n\n\n\n<table class=\"wp-block-table\"><tbody><tr><td><a>PAKIET ANTYKRYZYSOWY \u2013 KOMPENDIUM   OBEJMUJ\u0104CE&nbsp; 5 FILAR\u00d3W<\/a>   <\/td><\/tr><\/tbody><\/table>\n\n\n\n<ul class=\"wp-block-list\"><li><strong>SZACOWANA CA\u0141KOWITA WARTO\u015a\u0106 PAKIETU TO&nbsp;212 MLD Z\u0141 (BLISKO 10 PROC. PKB).&nbsp;W JEGO SK\u0141AD WCHODZ\u0104:<\/strong><\/li><li><strong>Got\u00f3wkowy komponent rz\u0105dowy o warto\u015bci&nbsp;67 z\u0142 mld&nbsp;(2,9 proc. PKB<\/strong>): sk\u0142adaj\u0105 si\u0119 na niego wydatki bud\u017cetu pa\u0144stwa, ZUS i funduszy celowych<strong>.<\/strong><\/li><li><strong>P\u0142ynno\u015bciowy komponent rz\u0105dowy o warto\u015bci&nbsp;75,5 mld z\u0142&nbsp;(3,3 proc PKB)<\/strong> sk\u0142ada si\u0119 z wakacji kredytowych&nbsp; i odroczonych danin oraz finansowania p\u0142ynno\u015bciowe w postaci kredyt\u00f3w i kapita\u0142u g\u0142owie z wykorzystaniem instrument\u00f3w finansowych Grupy Polskiego Funduszu Rozwoju (PFR, BGK, KUKE, ARP).<\/li><li><strong>Pakiet p\u0142ynno\u015bciowy NBP o warto\u015bci&nbsp;70 mld z\u0142<\/strong>.&nbsp; Zapewni on niezb\u0119dn\u0105\u0328 p\u0142ynno\u015b\u0107\u0301 i warunki kredytowe.<\/li><\/ul>\n\n\n\n<p class=\"wp-block-paragraph\"><\/p>\n\n\n\n<table class=\"wp-block-table\"><tbody><tr><td>   <a><strong> BEZPIECZE\u0143STWO PRACOWNIK\u00d3W<\/strong><\/a>   <\/td><\/tr><\/tbody><\/table>\n\n\n\n<ul class=\"wp-block-list\"><li><strong>WARTO\u015a\u0106 TO 30 MLD Z\u0141, W TYM 23,8 MLD Z\u0141 TO WYDATKI I 6,2 MLD Z\u0141 TO \u015aRODKI P\u0141YNNO\u015aCIOWE. OBEJMUJE:<\/strong><\/li><li>dofinansowanie elastycznego zatrudnienia,<\/li><li>&nbsp;przesuni\u0119cie p\u0142atno\u015bci za media,<\/li><li>&nbsp;finansowanie postojowego dla um\u00f3w cywilnoprawnych i samozatrudnionych,<\/li><li>wyd\u0142u\u017cony dodatkowy zasi\u0142ek opieku\u0144czy,<\/li><li>wakacje kredytowe,<\/li><li>wakacje od obowi\u0105zk\u00f3w administracyjnych,<\/li><li>ochron\u0119 konsument\u00f3w i po\u017cyczkobiorc\u00f3w,<\/li><li>wyd\u0142u\u017cenie elastycznego czasu pracy,<\/li><li>dodatkowe wsparcie os\u00f3b niepe\u0142nosprawnych.<\/li><\/ul>\n\n\n\n<p class=\"wp-block-paragraph\"><\/p>\n\n\n\n<table class=\"wp-block-table\"><tbody><tr><td>   <a><strong> FINANSOWANIE PRZEDSI\u0118BIORSTW<\/strong><\/a>   <\/td><\/tr><\/tbody><\/table>\n\n\n\n<ul class=\"wp-block-list\"><li><strong>WARTO\u015a\u0106 TO 74,2 MLD Z\u0141, W TYM 4,9 MLD Z\u0141 TO WYDATKI I\n69,3 MLD Z\u0141 TO \u015aRODKI P\u0141YNNO\u015aCIOWE. OBEJMUJE:<\/strong><\/li><li>finansowanie\ninstytucji rozwoju Grupy PFR \u2013 gwarancje, kredyty, kapita\u0142, ubezpieczenia i\ndop\u0142aty,<\/li><li>finansowanie leasingu\ndla firm transportowych,<\/li><\/ul>\n\n\n\n<ul class=\"wp-block-gallery columns-0 is-cropped wp-block-gallery-1 is-layout-flex wp-block-gallery-is-layout-flex\"><\/ul>\n\n\n\n<ul class=\"wp-block-gallery columns-0 is-cropped wp-block-gallery-2 is-layout-flex wp-block-gallery-is-layout-flex\"><\/ul>\n\n\n\n<figure class=\"wp-block-image\"><img fetchpriority=\"high\" decoding=\"async\" width=\"961\" height=\"540\" src=\"https:\/\/marekkuchcinski.pl\/wp-content\/uploads\/2020\/03\/90594708_10158458926159653_3341398257510121472_o.jpg\" alt=\"\" class=\"wp-image-18771\" srcset=\"https:\/\/marekkuchcinski.pl\/wp-content\/uploads\/2020\/03\/90594708_10158458926159653_3341398257510121472_o.jpg 961w, https:\/\/marekkuchcinski.pl\/wp-content\/uploads\/2020\/03\/90594708_10158458926159653_3341398257510121472_o-300x169.jpg 300w, https:\/\/marekkuchcinski.pl\/wp-content\/uploads\/2020\/03\/90594708_10158458926159653_3341398257510121472_o-768x432.jpg 768w\" sizes=\"(max-width: 961px) 100vw, 961px\" \/><\/figure>\n\n\n\n<figure class=\"wp-block-image\"><img decoding=\"async\" width=\"961\" height=\"540\" src=\"https:\/\/marekkuchcinski.pl\/wp-content\/uploads\/2020\/03\/90533701_10158458902249653_1715669972522369024_o.jpg\" alt=\"\" class=\"wp-image-18772\" srcset=\"https:\/\/marekkuchcinski.pl\/wp-content\/uploads\/2020\/03\/90533701_10158458902249653_1715669972522369024_o.jpg 961w, https:\/\/marekkuchcinski.pl\/wp-content\/uploads\/2020\/03\/90533701_10158458902249653_1715669972522369024_o-300x169.jpg 300w, https:\/\/marekkuchcinski.pl\/wp-content\/uploads\/2020\/03\/90533701_10158458902249653_1715669972522369024_o-768x432.jpg 768w\" sizes=\"(max-width: 961px) 100vw, 961px\" \/><\/figure>\n\n\n\n<figure class=\"wp-block-image\"><img decoding=\"async\" width=\"961\" height=\"540\" src=\"https:\/\/marekkuchcinski.pl\/wp-content\/uploads\/2020\/03\/90494006_10158458906704653_6099060470369484800_o.jpg\" alt=\"\" class=\"wp-image-18773\" srcset=\"https:\/\/marekkuchcinski.pl\/wp-content\/uploads\/2020\/03\/90494006_10158458906704653_6099060470369484800_o.jpg 961w, https:\/\/marekkuchcinski.pl\/wp-content\/uploads\/2020\/03\/90494006_10158458906704653_6099060470369484800_o-300x169.jpg 300w, https:\/\/marekkuchcinski.pl\/wp-content\/uploads\/2020\/03\/90494006_10158458906704653_6099060470369484800_o-768x432.jpg 768w\" sizes=\"(max-width: 961px) 100vw, 961px\" \/><\/figure>\n\n\n\n<figure class=\"wp-block-image\"><img loading=\"lazy\" decoding=\"async\" width=\"961\" height=\"540\" src=\"https:\/\/marekkuchcinski.pl\/wp-content\/uploads\/2020\/03\/90348804_10158458912344653_2075466310690537472_o.jpg\" alt=\"\" class=\"wp-image-18774\" srcset=\"https:\/\/marekkuchcinski.pl\/wp-content\/uploads\/2020\/03\/90348804_10158458912344653_2075466310690537472_o.jpg 961w, https:\/\/marekkuchcinski.pl\/wp-content\/uploads\/2020\/03\/90348804_10158458912344653_2075466310690537472_o-300x169.jpg 300w, https:\/\/marekkuchcinski.pl\/wp-content\/uploads\/2020\/03\/90348804_10158458912344653_2075466310690537472_o-768x432.jpg 768w\" sizes=\"(max-width: 961px) 100vw, 961px\" \/><\/figure>\n\n\n\n<figure class=\"wp-block-image\"><img loading=\"lazy\" decoding=\"async\" width=\"961\" height=\"540\" src=\"https:\/\/marekkuchcinski.pl\/wp-content\/uploads\/2020\/03\/90152837_10158458899389653_5196319006868373504_o.jpg\" alt=\"\" class=\"wp-image-18775\" srcset=\"https:\/\/marekkuchcinski.pl\/wp-content\/uploads\/2020\/03\/90152837_10158458899389653_5196319006868373504_o.jpg 961w, https:\/\/marekkuchcinski.pl\/wp-content\/uploads\/2020\/03\/90152837_10158458899389653_5196319006868373504_o-300x169.jpg 300w, https:\/\/marekkuchcinski.pl\/wp-content\/uploads\/2020\/03\/90152837_10158458899389653_5196319006868373504_o-768x432.jpg 768w\" sizes=\"(max-width: 961px) 100vw, 961px\" \/><\/figure>","protected":false},"excerpt":{"rendered":"<p>WPROWADZAMY\u00a0TARCZ\u0118 ANTYKRYZYSOW\u0104\u00a0\u2013\u00a0 KOMPLEKSOWY PAKIET DZIA\u0141A\u0143 O SZACOWANEJ WARTO\u015aCI\u00a0212 MLD Z\u0141.\u00a0TO PRAWIE\u00a010 PROC. PKB. Obejmuje ona \u00a05 filar\u00f3w: Bezpiecze\u0144stwo Pracownik\u00f3w, Finansowanie Przedsi\u0119biorstw, Ochrona Zdrowia, Wzmocnienie Systemu Finansowego Program Inwestycji Publicznych. Celem pakietu jest niezw\u0142oczne wprowadzenie rozwi\u0105za\u0144, kt\u00f3re ogranicz\u0105 negatywne skutki pandemii i wywo\u0142anej przez ni\u0105 recesji dla polskich pracownik\u00f3w i przedsi\u0119biorstw. Obejmuje te\u017c osoby zatrudnione na [&hellip;]<\/p>\n","protected":false},"author":4,"featured_media":18780,"comment_status":"open","ping_status":"open","sticky":false,"template":"","format":"standard","meta":{"ngg_post_thumbnail":0,"footnotes":""},"categories":[82,3],"tags":[],"class_list":["post-18762","post","type-post","status-publish","format-standard","has-post-thumbnail","hentry","category-prawo-i-sprawiedliwosc","category-wydarzenia"],"yoast_head":"<!-- This site is optimized with the Yoast SEO plugin v28.4 - https:\/\/yoast.com\/product\/yoast-seo-wordpress\/ -->\n<title>G\u0141\u00d3WNE ZA\u0141O\u017bENIA TARCZY ANTYKRYZYSOWEJ &#8211; Marek Kuchci\u0144ski<\/title>\n<meta name=\"robots\" content=\"index, follow, max-snippet:-1, max-image-preview:large, max-video-preview:-1\" \/>\n<link rel=\"canonical\" href=\"https:\/\/marekkuchcinski.pl\/cs\/wydarzenia\/glow-zalozenie-tarczy-antykryzysowej\/\" \/>\n<meta property=\"og:locale\" content=\"cs_CZ\" \/>\n<meta property=\"og:type\" content=\"article\" \/>\n<meta property=\"og:title\" content=\"G\u0141\u00d3WNE ZA\u0141O\u017bENIA TARCZY ANTYKRYZYSOWEJ &#8211; Marek Kuchci\u0144ski\" \/>\n<meta property=\"og:description\" content=\"WPROWADZAMY\u00a0TARCZ\u0118 ANTYKRYZYSOW\u0104\u00a0\u2013\u00a0 KOMPLEKSOWY PAKIET DZIA\u0141A\u0143 O SZACOWANEJ WARTO\u015aCI\u00a0212 MLD Z\u0141.\u00a0TO PRAWIE\u00a010 PROC. PKB. Obejmuje ona \u00a05 filar\u00f3w: Bezpiecze\u0144stwo Pracownik\u00f3w, Finansowanie Przedsi\u0119biorstw, Ochrona Zdrowia, Wzmocnienie Systemu Finansowego Program Inwestycji Publicznych. Celem pakietu jest niezw\u0142oczne wprowadzenie rozwi\u0105za\u0144, kt\u00f3re ogranicz\u0105 negatywne skutki pandemii i wywo\u0142anej przez ni\u0105 recesji dla polskich pracownik\u00f3w i przedsi\u0119biorstw. Obejmuje te\u017c osoby zatrudnione na [&hellip;]\" \/>\n<meta property=\"og:url\" content=\"https:\/\/marekkuchcinski.pl\/cs\/wydarzenia\/glow-zalozenie-tarczy-antykryzysowej\/\" \/>\n<meta property=\"og:site_name\" content=\"Marek Kuchci\u0144ski\" \/>\n<meta property=\"article:published_time\" content=\"2020-03-18T14:07:03+00:00\" \/>\n<meta property=\"article:modified_time\" content=\"2020-03-18T21:58:37+00:00\" \/>\n<meta property=\"og:image\" content=\"https:\/\/marekkuchcinski.pl\/wp-content\/uploads\/2020\/03\/FB_IMG_1584555515142.jpg\" \/>\n\t<meta property=\"og:image:width\" content=\"750\" \/>\n\t<meta property=\"og:image:height\" content=\"539\" \/>\n\t<meta property=\"og:image:type\" content=\"image\/jpeg\" \/>\n<meta name=\"author\" content=\"Andrzej Paniw\" \/>\n<meta name=\"twitter:card\" content=\"summary_large_image\" \/>\n<meta name=\"twitter:label1\" content=\"Written by\" \/>\n\t<meta name=\"twitter:data1\" content=\"Andrzej Paniw\" \/>\n\t<meta name=\"twitter:label2\" content=\"Est. reading time\" \/>\n\t<meta name=\"twitter:data2\" content=\"5 minutes\" \/>\n<script type=\"application\/ld+json\" class=\"yoast-schema-graph\">{\"@context\":\"https:\\\/\\\/schema.org\",\"@graph\":[{\"@type\":\"Article\",\"@id\":\"https:\\\/\\\/marekkuchcinski.pl\\\/wydarzenia\\\/glow-zalozenie-tarczy-antykryzysowej\\\/#article\",\"isPartOf\":{\"@id\":\"https:\\\/\\\/marekkuchcinski.pl\\\/wydarzenia\\\/glow-zalozenie-tarczy-antykryzysowej\\\/\"},\"author\":{\"name\":\"Andrzej Paniw\",\"@id\":\"https:\\\/\\\/marekkuchcinski.pl\\\/#\\\/schema\\\/person\\\/dbde905a52374b82397f91a384b0590a\"},\"headline\":\"G\u0141\u00d3WNE ZA\u0141O\u017bENIA TARCZY ANTYKRYZYSOWEJ\",\"datePublished\":\"2020-03-18T14:07:03+00:00\",\"dateModified\":\"2020-03-18T21:58:37+00:00\",\"mainEntityOfPage\":{\"@id\":\"https:\\\/\\\/marekkuchcinski.pl\\\/wydarzenia\\\/glow-zalozenie-tarczy-antykryzysowej\\\/\"},\"wordCount\":987,\"commentCount\":0,\"publisher\":{\"@id\":\"https:\\\/\\\/marekkuchcinski.pl\\\/#organization\"},\"image\":{\"@id\":\"https:\\\/\\\/marekkuchcinski.pl\\\/wydarzenia\\\/glow-zalozenie-tarczy-antykryzysowej\\\/#primaryimage\"},\"thumbnailUrl\":\"https:\\\/\\\/marekkuchcinski.pl\\\/wp-content\\\/uploads\\\/2020\\\/03\\\/FB_IMG_1584555515142.jpg\",\"articleSection\":[\"Prawo i Sprawiedliwo\u015b\u0107\",\"Wydarzenia\"],\"inLanguage\":\"cs-CZ\",\"potentialAction\":[{\"@type\":\"CommentAction\",\"name\":\"Comment\",\"target\":[\"https:\\\/\\\/marekkuchcinski.pl\\\/wydarzenia\\\/glow-zalozenie-tarczy-antykryzysowej\\\/#respond\"]}]},{\"@type\":\"WebPage\",\"@id\":\"https:\\\/\\\/marekkuchcinski.pl\\\/wydarzenia\\\/glow-zalozenie-tarczy-antykryzysowej\\\/\",\"url\":\"https:\\\/\\\/marekkuchcinski.pl\\\/wydarzenia\\\/glow-zalozenie-tarczy-antykryzysowej\\\/\",\"name\":\"G\u0141\u00d3WNE ZA\u0141O\u017bENIA TARCZY ANTYKRYZYSOWEJ &#8211; Marek Kuchci\u0144ski\",\"isPartOf\":{\"@id\":\"https:\\\/\\\/marekkuchcinski.pl\\\/#website\"},\"primaryImageOfPage\":{\"@id\":\"https:\\\/\\\/marekkuchcinski.pl\\\/wydarzenia\\\/glow-zalozenie-tarczy-antykryzysowej\\\/#primaryimage\"},\"image\":{\"@id\":\"https:\\\/\\\/marekkuchcinski.pl\\\/wydarzenia\\\/glow-zalozenie-tarczy-antykryzysowej\\\/#primaryimage\"},\"thumbnailUrl\":\"https:\\\/\\\/marekkuchcinski.pl\\\/wp-content\\\/uploads\\\/2020\\\/03\\\/FB_IMG_1584555515142.jpg\",\"datePublished\":\"2020-03-18T14:07:03+00:00\",\"dateModified\":\"2020-03-18T21:58:37+00:00\",\"breadcrumb\":{\"@id\":\"https:\\\/\\\/marekkuchcinski.pl\\\/wydarzenia\\\/glow-zalozenie-tarczy-antykryzysowej\\\/#breadcrumb\"},\"inLanguage\":\"cs-CZ\",\"potentialAction\":[{\"@type\":\"ReadAction\",\"target\":[\"https:\\\/\\\/marekkuchcinski.pl\\\/wydarzenia\\\/glow-zalozenie-tarczy-antykryzysowej\\\/\"]}]},{\"@type\":\"ImageObject\",\"inLanguage\":\"cs-CZ\",\"@id\":\"https:\\\/\\\/marekkuchcinski.pl\\\/wydarzenia\\\/glow-zalozenie-tarczy-antykryzysowej\\\/#primaryimage\",\"url\":\"https:\\\/\\\/marekkuchcinski.pl\\\/wp-content\\\/uploads\\\/2020\\\/03\\\/FB_IMG_1584555515142.jpg\",\"contentUrl\":\"https:\\\/\\\/marekkuchcinski.pl\\\/wp-content\\\/uploads\\\/2020\\\/03\\\/FB_IMG_1584555515142.jpg\",\"width\":750,\"height\":539},{\"@type\":\"BreadcrumbList\",\"@id\":\"https:\\\/\\\/marekkuchcinski.pl\\\/wydarzenia\\\/glow-zalozenie-tarczy-antykryzysowej\\\/#breadcrumb\",\"itemListElement\":[{\"@type\":\"ListItem\",\"position\":1,\"name\":\"Strona g\u0142\u00f3wna\",\"item\":\"https:\\\/\\\/marekkuchcinski.pl\\\/\"},{\"@type\":\"ListItem\",\"position\":2,\"name\":\"G\u0141\u00d3WNE ZA\u0141O\u017bENIA TARCZY ANTYKRYZYSOWEJ\"}]},{\"@type\":\"WebSite\",\"@id\":\"https:\\\/\\\/marekkuchcinski.pl\\\/#website\",\"url\":\"https:\\\/\\\/marekkuchcinski.pl\\\/\",\"name\":\"Marek Kuchci\u0144ski\",\"description\":\"Marek Kuchci\u0144ski \",\"publisher\":{\"@id\":\"https:\\\/\\\/marekkuchcinski.pl\\\/#organization\"},\"potentialAction\":[{\"@type\":\"SearchAction\",\"target\":{\"@type\":\"EntryPoint\",\"urlTemplate\":\"https:\\\/\\\/marekkuchcinski.pl\\\/?s={search_term_string}\"},\"query-input\":{\"@type\":\"PropertyValueSpecification\",\"valueRequired\":true,\"valueName\":\"search_term_string\"}}],\"inLanguage\":\"cs-CZ\"},{\"@type\":\"Organization\",\"@id\":\"https:\\\/\\\/marekkuchcinski.pl\\\/#organization\",\"name\":\"Marek Kuchci\u0144ski\",\"url\":\"https:\\\/\\\/marekkuchcinski.pl\\\/\",\"logo\":{\"@type\":\"ImageObject\",\"inLanguage\":\"cs-CZ\",\"@id\":\"https:\\\/\\\/marekkuchcinski.pl\\\/#\\\/schema\\\/logo\\\/image\\\/\",\"url\":\"https:\\\/\\\/marekkuchcinski.pl\\\/wp-content\\\/uploads\\\/2022\\\/09\\\/Marek.jpg\",\"contentUrl\":\"https:\\\/\\\/marekkuchcinski.pl\\\/wp-content\\\/uploads\\\/2022\\\/09\\\/Marek.jpg\",\"width\":1600,\"height\":971,\"caption\":\"Marek Kuchci\u0144ski\"},\"image\":{\"@id\":\"https:\\\/\\\/marekkuchcinski.pl\\\/#\\\/schema\\\/logo\\\/image\\\/\"}},{\"@type\":\"Person\",\"@id\":\"https:\\\/\\\/marekkuchcinski.pl\\\/#\\\/schema\\\/person\\\/dbde905a52374b82397f91a384b0590a\",\"name\":\"Andrzej Paniw\",\"image\":{\"@type\":\"ImageObject\",\"inLanguage\":\"cs-CZ\",\"@id\":\"https:\\\/\\\/secure.gravatar.com\\\/avatar\\\/36b3cd3922fe56bdc6d8c0d1fea72c0256bbf2348a31236612584f336ac3ed6e?s=96&d=mm&r=g\",\"url\":\"https:\\\/\\\/secure.gravatar.com\\\/avatar\\\/36b3cd3922fe56bdc6d8c0d1fea72c0256bbf2348a31236612584f336ac3ed6e?s=96&d=mm&r=g\",\"contentUrl\":\"https:\\\/\\\/secure.gravatar.com\\\/avatar\\\/36b3cd3922fe56bdc6d8c0d1fea72c0256bbf2348a31236612584f336ac3ed6e?s=96&d=mm&r=g\",\"caption\":\"Andrzej Paniw\"},\"url\":\"https:\\\/\\\/marekkuchcinski.pl\\\/cs\\\/author\\\/andrzej-paniw\\\/\"}]}<\/script>\n<!-- \/ Yoast SEO plugin. -->","yoast_head_json":{"title":"G\u0141\u00d3WNE ZA\u0141O\u017bENIA TARCZY ANTYKRYZYSOWEJ &#8211; Marek Kuchci\u0144ski","robots":{"index":"index","follow":"follow","max-snippet":"max-snippet:-1","max-image-preview":"max-image-preview:large","max-video-preview":"max-video-preview:-1"},"canonical":"https:\/\/marekkuchcinski.pl\/cs\/wydarzenia\/glow-zalozenie-tarczy-antykryzysowej\/","og_locale":"cs_CZ","og_type":"article","og_title":"G\u0141\u00d3WNE ZA\u0141O\u017bENIA TARCZY ANTYKRYZYSOWEJ &#8211; Marek Kuchci\u0144ski","og_description":"WPROWADZAMY\u00a0TARCZ\u0118 ANTYKRYZYSOW\u0104\u00a0\u2013\u00a0 KOMPLEKSOWY PAKIET DZIA\u0141A\u0143 O SZACOWANEJ WARTO\u015aCI\u00a0212 MLD Z\u0141.\u00a0TO PRAWIE\u00a010 PROC. PKB. Obejmuje ona \u00a05 filar\u00f3w: Bezpiecze\u0144stwo Pracownik\u00f3w, Finansowanie Przedsi\u0119biorstw, Ochrona Zdrowia, Wzmocnienie Systemu Finansowego Program Inwestycji Publicznych. Celem pakietu jest niezw\u0142oczne wprowadzenie rozwi\u0105za\u0144, kt\u00f3re ogranicz\u0105 negatywne skutki pandemii i wywo\u0142anej przez ni\u0105 recesji dla polskich pracownik\u00f3w i przedsi\u0119biorstw. Obejmuje te\u017c osoby zatrudnione na [&hellip;]","og_url":"https:\/\/marekkuchcinski.pl\/cs\/wydarzenia\/glow-zalozenie-tarczy-antykryzysowej\/","og_site_name":"Marek Kuchci\u0144ski","article_published_time":"2020-03-18T14:07:03+00:00","article_modified_time":"2020-03-18T21:58:37+00:00","og_image":[{"width":750,"height":539,"url":"https:\/\/marekkuchcinski.pl\/wp-content\/uploads\/2020\/03\/FB_IMG_1584555515142.jpg","type":"image\/jpeg"}],"author":"Andrzej Paniw","twitter_card":"summary_large_image","twitter_misc":{"Written by":"Andrzej Paniw","Est. reading time":"5 minutes"},"schema":{"@context":"https:\/\/schema.org","@graph":[{"@type":"Article","@id":"https:\/\/marekkuchcinski.pl\/wydarzenia\/glow-zalozenie-tarczy-antykryzysowej\/#article","isPartOf":{"@id":"https:\/\/marekkuchcinski.pl\/wydarzenia\/glow-zalozenie-tarczy-antykryzysowej\/"},"author":{"name":"Andrzej Paniw","@id":"https:\/\/marekkuchcinski.pl\/#\/schema\/person\/dbde905a52374b82397f91a384b0590a"},"headline":"G\u0141\u00d3WNE ZA\u0141O\u017bENIA TARCZY ANTYKRYZYSOWEJ","datePublished":"2020-03-18T14:07:03+00:00","dateModified":"2020-03-18T21:58:37+00:00","mainEntityOfPage":{"@id":"https:\/\/marekkuchcinski.pl\/wydarzenia\/glow-zalozenie-tarczy-antykryzysowej\/"},"wordCount":987,"commentCount":0,"publisher":{"@id":"https:\/\/marekkuchcinski.pl\/#organization"},"image":{"@id":"https:\/\/marekkuchcinski.pl\/wydarzenia\/glow-zalozenie-tarczy-antykryzysowej\/#primaryimage"},"thumbnailUrl":"https:\/\/marekkuchcinski.pl\/wp-content\/uploads\/2020\/03\/FB_IMG_1584555515142.jpg","articleSection":["Prawo i Sprawiedliwo\u015b\u0107","Wydarzenia"],"inLanguage":"cs-CZ","potentialAction":[{"@type":"CommentAction","name":"Comment","target":["https:\/\/marekkuchcinski.pl\/wydarzenia\/glow-zalozenie-tarczy-antykryzysowej\/#respond"]}]},{"@type":"WebPage","@id":"https:\/\/marekkuchcinski.pl\/wydarzenia\/glow-zalozenie-tarczy-antykryzysowej\/","url":"https:\/\/marekkuchcinski.pl\/wydarzenia\/glow-zalozenie-tarczy-antykryzysowej\/","name":"G\u0141\u00d3WNE ZA\u0141O\u017bENIA TARCZY ANTYKRYZYSOWEJ &#8211; Marek Kuchci\u0144ski","isPartOf":{"@id":"https:\/\/marekkuchcinski.pl\/#website"},"primaryImageOfPage":{"@id":"https:\/\/marekkuchcinski.pl\/wydarzenia\/glow-zalozenie-tarczy-antykryzysowej\/#primaryimage"},"image":{"@id":"https:\/\/marekkuchcinski.pl\/wydarzenia\/glow-zalozenie-tarczy-antykryzysowej\/#primaryimage"},"thumbnailUrl":"https:\/\/marekkuchcinski.pl\/wp-content\/uploads\/2020\/03\/FB_IMG_1584555515142.jpg","datePublished":"2020-03-18T14:07:03+00:00","dateModified":"2020-03-18T21:58:37+00:00","breadcrumb":{"@id":"https:\/\/marekkuchcinski.pl\/wydarzenia\/glow-zalozenie-tarczy-antykryzysowej\/#breadcrumb"},"inLanguage":"cs-CZ","potentialAction":[{"@type":"ReadAction","target":["https:\/\/marekkuchcinski.pl\/wydarzenia\/glow-zalozenie-tarczy-antykryzysowej\/"]}]},{"@type":"ImageObject","inLanguage":"cs-CZ","@id":"https:\/\/marekkuchcinski.pl\/wydarzenia\/glow-zalozenie-tarczy-antykryzysowej\/#primaryimage","url":"https:\/\/marekkuchcinski.pl\/wp-content\/uploads\/2020\/03\/FB_IMG_1584555515142.jpg","contentUrl":"https:\/\/marekkuchcinski.pl\/wp-content\/uploads\/2020\/03\/FB_IMG_1584555515142.jpg","width":750,"height":539},{"@type":"BreadcrumbList","@id":"https:\/\/marekkuchcinski.pl\/wydarzenia\/glow-zalozenie-tarczy-antykryzysowej\/#breadcrumb","itemListElement":[{"@type":"ListItem","position":1,"name":"Strona g\u0142\u00f3wna","item":"https:\/\/marekkuchcinski.pl\/"},{"@type":"ListItem","position":2,"name":"G\u0141\u00d3WNE ZA\u0141O\u017bENIA TARCZY ANTYKRYZYSOWEJ"}]},{"@type":"WebSite","@id":"https:\/\/marekkuchcinski.pl\/#website","url":"https:\/\/marekkuchcinski.pl\/","name":"Marek Kuchci\u0144ski","description":"Marek Kuchci\u0144ski","publisher":{"@id":"https:\/\/marekkuchcinski.pl\/#organization"},"potentialAction":[{"@type":"SearchAction","target":{"@type":"EntryPoint","urlTemplate":"https:\/\/marekkuchcinski.pl\/?s={search_term_string}"},"query-input":{"@type":"PropertyValueSpecification","valueRequired":true,"valueName":"search_term_string"}}],"inLanguage":"cs-CZ"},{"@type":"Organization","@id":"https:\/\/marekkuchcinski.pl\/#organization","name":"Marek Kuchci\u0144ski","url":"https:\/\/marekkuchcinski.pl\/","logo":{"@type":"ImageObject","inLanguage":"cs-CZ","@id":"https:\/\/marekkuchcinski.pl\/#\/schema\/logo\/image\/","url":"https:\/\/marekkuchcinski.pl\/wp-content\/uploads\/2022\/09\/Marek.jpg","contentUrl":"https:\/\/marekkuchcinski.pl\/wp-content\/uploads\/2022\/09\/Marek.jpg","width":1600,"height":971,"caption":"Marek Kuchci\u0144ski"},"image":{"@id":"https:\/\/marekkuchcinski.pl\/#\/schema\/logo\/image\/"}},{"@type":"Person","@id":"https:\/\/marekkuchcinski.pl\/#\/schema\/person\/dbde905a52374b82397f91a384b0590a","name":"Andrzej Paniw","image":{"@type":"ImageObject","inLanguage":"cs-CZ","@id":"https:\/\/secure.gravatar.com\/avatar\/36b3cd3922fe56bdc6d8c0d1fea72c0256bbf2348a31236612584f336ac3ed6e?s=96&d=mm&r=g","url":"https:\/\/secure.gravatar.com\/avatar\/36b3cd3922fe56bdc6d8c0d1fea72c0256bbf2348a31236612584f336ac3ed6e?s=96&d=mm&r=g","contentUrl":"https:\/\/secure.gravatar.com\/avatar\/36b3cd3922fe56bdc6d8c0d1fea72c0256bbf2348a31236612584f336ac3ed6e?s=96&d=mm&r=g","caption":"Andrzej Paniw"},"url":"https:\/\/marekkuchcinski.pl\/cs\/author\/andrzej-paniw\/"}]}},"_links":{"self":[{"href":"https:\/\/marekkuchcinski.pl\/cs\/wp-json\/wp\/v2\/posts\/18762","targetHints":{"allow":["GET"]}}],"collection":[{"href":"https:\/\/marekkuchcinski.pl\/cs\/wp-json\/wp\/v2\/posts"}],"about":[{"href":"https:\/\/marekkuchcinski.pl\/cs\/wp-json\/wp\/v2\/types\/post"}],"author":[{"embeddable":true,"href":"https:\/\/marekkuchcinski.pl\/cs\/wp-json\/wp\/v2\/users\/4"}],"replies":[{"embeddable":true,"href":"https:\/\/marekkuchcinski.pl\/cs\/wp-json\/wp\/v2\/comments?post=18762"}],"version-history":[{"count":17,"href":"https:\/\/marekkuchcinski.pl\/cs\/wp-json\/wp\/v2\/posts\/18762\/revisions"}],"predecessor-version":[{"id":18806,"href":"https:\/\/marekkuchcinski.pl\/cs\/wp-json\/wp\/v2\/posts\/18762\/revisions\/18806"}],"wp:featuredmedia":[{"embeddable":true,"href":"https:\/\/marekkuchcinski.pl\/cs\/wp-json\/wp\/v2\/media\/18780"}],"wp:attachment":[{"href":"https:\/\/marekkuchcinski.pl\/cs\/wp-json\/wp\/v2\/media?parent=18762"}],"wp:term":[{"taxonomy":"category","embeddable":true,"href":"https:\/\/marekkuchcinski.pl\/cs\/wp-json\/wp\/v2\/categories?post=18762"},{"taxonomy":"post_tag","embeddable":true,"href":"https:\/\/marekkuchcinski.pl\/cs\/wp-json\/wp\/v2\/tags?post=18762"}],"curies":[{"name":"wp","href":"https:\/\/api.w.org\/{rel}","templated":true}]}}