{"id":18070,"date":"2019-12-08T16:49:22","date_gmt":"2019-12-08T15:49:22","guid":{"rendered":"https:\/\/marekkuchcinski.pl\/?p=18070"},"modified":"2019-12-08T17:15:22","modified_gmt":"2019-12-08T16:15:22","slug":"spotkanie-w-ustrzykach-dolnych-dotyczace-utworzenia-transgranicznego-obszaru-funkcjonalnego-kremenaros","status":"publish","type":"post","link":"https:\/\/marekkuchcinski.pl\/cs\/podkarpacie\/spotkanie-w-ustrzykach-dolnych-dotyczace-utworzenia-transgranicznego-obszaru-funkcjonalnego-kremenaros\/","title":{"rendered":"Setk\u00e1n\u00ed v Ustrzyk\u00e1ch Doln\u00fdch ohledn\u011b vytvo\u0159en\u00ed p\u0159eshrani\u010dn\u00ed funk\u010dn\u00ed oblasti Kremenaros"},"content":{"rendered":"<p>Dne 7. prosince 2019 se v Ustrzyk\u00e1ch Doln\u00fdch jednalo o vytvo\u0159en\u00ed druh\u00e9 p\u0159eshrani\u010dn\u00ed funk\u010dn\u00ed oblasti Kremenaros (TOF Kremenaros) po \"N\u00edzk\u00fdch Beskydech\", kter\u00e1 bude fungovat v r\u00e1mci Karpatsk\u00e9ho euroregionu. Bude zahrnovat sousedn\u00ed p\u0159\u00edhrani\u010dn\u00ed okresy a obce z Polska, Slovenska a Ukrajiny, kter\u00e9 se nach\u00e1zej\u00ed v bl\u00edzkosti styku t\u0159\u00ed hranic. Jedn\u00e1 se o oblasti mimo\u0159\u00e1dn\u00e9 p\u0159\u00edrodn\u00ed a kulturn\u00ed hodnoty, kter\u00e9 jsou d\u016fle\u017eit\u00e9 i pro vodn\u00ed zdroje Karpat. Z\u00e1rove\u0148 vy\u017eaduj\u00ed podporu st\u00e1tu a EU. \u017divotn\u00ed podm\u00ednky jsou zde obt\u00ed\u017en\u00e9 a navzdory atraktivit\u011b oblasti po\u010det obyvatel kles\u00e1 - st\u011bhuj\u00ed se do v\u011bt\u0161\u00edch center.<\/p>\n\n\n\n<p>Hlavn\u00ed c\u00edle - t\u00e9mata aktivit TOF - se t\u00fdkaj\u00ed spole\u010dn\u00e9ho rozvoje, v\u010detn\u011b: vzd\u011bl\u00e1v\u00e1n\u00ed, komunika\u010dn\u00ed dostupnosti, turistick\u00e9 infrastruktury, inovac\u00ed a ekologie. B\u011bhem diskuse byl zd\u016frazn\u011bn rostouc\u00ed v\u00fdznam spole\u010dn\u00e9 \"karpatsk\u00e9 zna\u010dky\", v\u010detn\u011b region\u00e1ln\u00edch produkt\u016f, kter\u00fdch je na Podkarpatsku nejv\u00edce v Polsku. Pozornost byla v\u011bnov\u00e1na tak\u00e9 jazykov\u00fdm bari\u00e9r\u00e1m. \u0158e\u0161en\u00edm by mohla b\u00fdt trojjazy\u010dnost, tj. znalost jazyk\u016f soused\u016f, jako je tomu v Alp\u00e1ch nebo v Beneluxu. V Ustrzyk\u00e1ch Doln\u00fdch byly ozn\u00e1meny struktury p\u0159eshrani\u010dn\u00ed funk\u010dn\u00ed oblasti na p\u0159\u00ed\u0161t\u00ed rok.<\/p>\n\n\n\n<p>Konference se z\u00fa\u010dastnili z\u00e1stupci p\u0159\u00edhrani\u010dn\u00edch samospr\u00e1v, kter\u00e9 budou tvo\u0159it p\u0159eshrani\u010dn\u00ed funk\u010dn\u00ed oblast. Na polsk\u00e9 stran\u011b jsou to okresy Sanocki, Bieszczadzki a Lesko, na Slovensku okresy Medzilaborce, Humenn\u00e9 a Snina a p\u011bt okres\u016f z Ukrajiny: Starosambirsk\u00fd a Turkivsk\u00fd a na Zakarpat\u00ed: Velkobere\u017e\u0148ansk\u00fd, Pere\u010d\u00ednsk\u00fd a U\u017ehorodsk\u00fd.<\/p>\n\n\n\n<p>Na sch\u016fzce bylo rovn\u011b\u017e ozn\u00e1meno vytvo\u0159en\u00ed t\u0159et\u00edho TOF s n\u00e1zvem \"Brama Przemyska\", kter\u00fd by zahrnoval okresy Przemysl, Jaroslaw, Przeworski a Lubaczow.<\/p>\n\n\n\n<p>Podle autora projektu, <strong>\u0158editel Euroregionu Karpaty Dawid Lasek<\/strong> \"rozvoj men\u0161\u00edch oblast\u00ed bude snaz\u0161\u00ed podpo\u0159it konkr\u00e9tn\u00edmi projekty financovan\u00fdmi nap\u0159\u00edklad Evropskou uni\u00ed\".<br><\/p>\n\n\n\n<p>To potvrdil i <strong>Bogdan Rzonca, poslanec Evropsk\u00e9ho parlamentu<\/strong>: \"Nebudou chyb\u011bt pen\u00edze na p\u0159eshrani\u010dn\u00ed spolupr\u00e1ci, na euroregiony, na projekty nap\u0159\u00edklad v Karpatech. Pokud se v Evropsk\u00e9 unii diskutuje o rozpo\u010dtov\u00fdch \u0161krtech, nikdo nepochybuje o smyslu financov\u00e1n\u00ed p\u0159eshrani\u010dn\u00edch oblast\u00ed.\"<br><\/p>\n\n\n\n<p><strong>Marek Kuchci\u0144ski, poslanec strany Pr\u00e1vo a spravedlnost a mar\u0161\u00e1lek Sejmu 8. volebn\u00edho obdob\u00ed<\/strong>Ve sv\u00e9m projevu na konferenci, v n\u011bm\u017e polsk\u00e1 vl\u00e1da v\u00fdrazn\u011b podpo\u0159ila rozvoj Bieszczad se speci\u00e1ln\u00edm programem, zd\u016fraznil ot\u00e1zku dostupnosti, komunikace jako z\u00e1sadn\u00ed v\u00fdzvy a nutnost rozvoje turistick\u00e9 infrastruktury. Hovo\u0159il o mezist\u00e1tn\u00edch jedn\u00e1n\u00edch s Ukrajinou o podpo\u0159e rozvoje \u017eeleznic, silnic a polsko-ukrajinsk\u00fdch hrani\u010dn\u00edch p\u0159echod\u016f.<br><\/p>\n\n\n\n<p><strong>Marek Andruch, starosta okresu Bieszczady<\/strong> a organiz\u00e1tor konference zd\u016fraznil, \u017ee cestovn\u00ed ruch by m\u011bl b\u00fdt \"motorem rozvoje, kter\u00fd bude v perspektiv\u011b utv\u00e1\u0159et n\u00e1\u0161 \u017eivot, a nep\u0159edstavuji si, \u017ee by se tento cestovn\u00ed ruch uzav\u0159el pouze v tomto \u00fazk\u00e9m regionu Vysok\u00fdch Bieszczad\".<br><\/p>\n\n\n\n<p>Pozornost byla v\u011bnov\u00e1na tak\u00e9 pot\u0159eb\u011b zm\u011bny platn\u00e9 legislativy, kter\u00e1 by nap\u0159. umo\u017enila rozvoj zpracov\u00e1n\u00ed d\u0159eva v Bieszczadech, nebo represivn\u00edmu z\u00e1konu o ochran\u011b p\u0159\u00edrody, kter\u00fd zt\u011b\u017euje samospr\u00e1v\u00e1m a obyvatel\u016fm prov\u00e1d\u011bt odpov\u00eddaj\u00edc\u00ed \u00fazemn\u00ed management t\u011bchto \u00fazem\u00ed. Podobn\u00e1 situace nast\u00e1v\u00e1 i v p\u0159\u00edpad\u011b \u0161kod zp\u016fsoben\u00fdch voln\u011b \u017eij\u00edc\u00edmi zv\u00ed\u0159aty.<br> <\/p>\n\n\n\n<p>V\u00fdhledov\u011b byly k projedn\u00e1n\u00ed t\u011bchto ot\u00e1zek vy\u017e\u00e1d\u00e1ny sch\u016fze parlamentn\u00edho a sen\u00e1tn\u00edho v\u00fdboru.<\/p>\n\n\n\n<p>V\u00fdznam p\u0159eshrani\u010dn\u00ed spolupr\u00e1ce pro polsk\u00e9 hospod\u00e1\u0159stv\u00ed dokl\u00e1daj\u00ed statistick\u00e9 \u00fadaje: Podkarpatskou Rus 50 kilometr\u016f od v\u00fdchodn\u00edch a ji\u017en\u00edch hranic nav\u0161t\u00edv\u00ed ro\u010dn\u011b n\u011bkolik milion\u016f Ukrajinc\u016f a Slov\u00e1k\u016f. Podle \u00dast\u0159edn\u00edho statistick\u00e9ho \u00fa\u0159adu tam Ukrajinci utrat\u00ed asi 5,7 miliardy zlot\u00fdch, Slov\u00e1ci 2,5 miliardy zlot\u00fdch, co\u017e znamen\u00e1 desetitis\u00edce pracovn\u00edch m\u00edst!<br><\/p>\n\n\n\n<p>Oblast \u0161iroce vymezen\u00fdch Bieszczad, v\u010detn\u011b p\u0159\u00edhrani\u010dn\u00edch okres\u016f a obc\u00ed, m\u00e1 \u0161anci pos\u00edlit svou atraktivitu tak\u00e9 d\u00edky pl\u00e1novan\u00fdm velk\u00fdm investic\u00edm, jako je lanovka p\u0159es p\u0159ehradu v Solin\u011b, Centr\u00e1ln\u00ed sportovn\u00ed centrum v Ustrzyk\u00e1ch Doln\u00fdch, hrani\u010dn\u00ed p\u0159echody, v\u010detn\u011b turistick\u00e9ho ve Wo\u0142osatech, nebo nov\u00e9 pl\u00e1novan\u00e9 ly\u017ea\u0159sk\u00e9 trasy ve Wa\u0144kow\u011b a Cisn\u011b.<br><\/p>\n\n\n\n<p>Nejbli\u017e\u0161\u00ed budoucnost p\u0159in\u00e1\u0161\u00ed nov\u00e9 v\u00fdzvy na region\u00e1ln\u00ed \u00farovni. Je t\u0159eba hledat nov\u00e9 sm\u011bry a formy spolupr\u00e1ce, aby se optimalizovalo vyu\u017eit\u00ed potenci\u00e1lu a odstranily se p\u0159eshrani\u010dn\u00ed p\u0159ek\u00e1\u017eky v regionech na\u0161\u00ed zem\u011b. \u0158e\u0161en\u00edm jsou p\u0159eshrani\u010dn\u00ed funk\u010dn\u00ed oblasti, kter\u00e9 stoj\u00ed za to podporovat.<\/p>\n\n\n\n<figure class=\"wp-block-image\"><img fetchpriority=\"high\" decoding=\"async\" width=\"1024\" height=\"683\" src=\"https:\/\/marekkuchcinski.pl\/wp-content\/uploads\/2019\/12\/msm-1-1-1024x683.jpg\" alt=\"\" class=\"wp-image-18072\" srcset=\"https:\/\/marekkuchcinski.pl\/wp-content\/uploads\/2019\/12\/msm-1-1-1024x683.jpg 1024w, https:\/\/marekkuchcinski.pl\/wp-content\/uploads\/2019\/12\/msm-1-1-300x200.jpg 300w, https:\/\/marekkuchcinski.pl\/wp-content\/uploads\/2019\/12\/msm-1-1-768x512.jpg 768w, https:\/\/marekkuchcinski.pl\/wp-content\/uploads\/2019\/12\/msm-1-1.jpg 2048w\" sizes=\"(max-width: 1024px) 100vw, 1024px\" \/><\/figure>\n\n\n\n<figure class=\"wp-block-image\"><img decoding=\"async\" width=\"1024\" height=\"683\" src=\"https:\/\/marekkuchcinski.pl\/wp-content\/uploads\/2019\/12\/msm-31-1024x683.jpg\" alt=\"\" class=\"wp-image-18073\" srcset=\"https:\/\/marekkuchcinski.pl\/wp-content\/uploads\/2019\/12\/msm-31-1024x683.jpg 1024w, https:\/\/marekkuchcinski.pl\/wp-content\/uploads\/2019\/12\/msm-31-300x200.jpg 300w, https:\/\/marekkuchcinski.pl\/wp-content\/uploads\/2019\/12\/msm-31-768x512.jpg 768w, https:\/\/marekkuchcinski.pl\/wp-content\/uploads\/2019\/12\/msm-31.jpg 2048w\" sizes=\"(max-width: 1024px) 100vw, 1024px\" \/><\/figure>\n\n\n\n<figure class=\"wp-block-image\"><img decoding=\"async\" width=\"1024\" height=\"768\" src=\"https:\/\/marekkuchcinski.pl\/wp-content\/uploads\/2019\/12\/20191208_165907-1024x768.jpg\" alt=\"\" class=\"wp-image-18075\" srcset=\"https:\/\/marekkuchcinski.pl\/wp-content\/uploads\/2019\/12\/20191208_165907-1024x768.jpg 1024w, https:\/\/marekkuchcinski.pl\/wp-content\/uploads\/2019\/12\/20191208_165907-300x225.jpg 300w, https:\/\/marekkuchcinski.pl\/wp-content\/uploads\/2019\/12\/20191208_165907-768x576.jpg 768w, https:\/\/marekkuchcinski.pl\/wp-content\/uploads\/2019\/12\/20191208_165907.jpg 2048w\" sizes=\"(max-width: 1024px) 100vw, 1024px\" \/><\/figure>\n\n\n\n<div class=\"wp-block-image\"><figure class=\"aligncenter\"><img loading=\"lazy\" decoding=\"async\" width=\"1024\" height=\"913\" src=\"https:\/\/marekkuchcinski.pl\/wp-content\/uploads\/2019\/12\/20191208_165825-1024x913.jpg\" alt=\"\" class=\"wp-image-18074\" srcset=\"https:\/\/marekkuchcinski.pl\/wp-content\/uploads\/2019\/12\/20191208_165825-1024x913.jpg 1024w, https:\/\/marekkuchcinski.pl\/wp-content\/uploads\/2019\/12\/20191208_165825-300x268.jpg 300w, https:\/\/marekkuchcinski.pl\/wp-content\/uploads\/2019\/12\/20191208_165825-768x685.jpg 768w, https:\/\/marekkuchcinski.pl\/wp-content\/uploads\/2019\/12\/20191208_165825.jpg 2048w\" sizes=\"(max-width: 1024px) 100vw, 1024px\" \/><\/figure><\/div>\n\n\n\n<pre class=\"wp-block-verse\"><em>Foto: M. Mazurkiewicz, A. Paniw<\/em><\/pre>\n\n\n\n<p><\/p>","protected":false},"excerpt":{"rendered":"<p>7 grudnia 2019 r. w Ustrzykach Dolnych rozmawiano o utworzeniu drugiego, po \u201eBeskidzie Niskim\u201d, Transgranicznego Obszaru Funkcjonalnego Kremenaros (TOF Krzemieniec), kt\u00f3ry ma dzia\u0142a\u0107 w ramach Euroregionu Karpackiego. Obejmie on s\u0105siaduj\u0105ce przygraniczne powiaty i gminy z Polski, S\u0142owacji oraz Ukrainy po\u0142o\u017cone w s\u0105siedztwie styku trzech granic. S\u0105 to obszary o szczeg\u00f3lnej warto\u015bci przyrodniczej i kulturowej, wa\u017cne [&hellip;]<\/p>","protected":false},"author":16,"featured_media":18072,"comment_status":"open","ping_status":"open","sticky":false,"template":"","format":"standard","meta":{"ngg_post_thumbnail":0,"footnotes":""},"categories":[49,3],"tags":[],"class_list":["post-18070","post","type-post","status-publish","format-standard","has-post-thumbnail","hentry","category-podkarpacie","category-wydarzenia"],"yoast_head":"<!-- This site is optimized with the Yoast SEO plugin v24.7 - https:\/\/yoast.com\/wordpress\/plugins\/seo\/ -->\n<title>Spotkanie w Ustrzykach Dolnych dotycz\u0105ce utworzenia Transgranicznego Obszaru Funkcjonalnego Kremenaros &#8211; Marek Kuchci\u0144ski<\/title>\n<meta name=\"robots\" content=\"index, follow, max-snippet:-1, max-image-preview:large, max-video-preview:-1\" \/>\n<link rel=\"canonical\" href=\"https:\/\/marekkuchcinski.pl\/cs\/podkarpacie\/spotkanie-w-ustrzykach-dolnych-dotyczace-utworzenia-transgranicznego-obszaru-funkcjonalnego-kremenaros\/\" \/>\n<meta property=\"og:locale\" content=\"cs_CZ\" \/>\n<meta property=\"og:type\" content=\"article\" \/>\n<meta property=\"og:title\" content=\"Spotkanie w Ustrzykach Dolnych dotycz\u0105ce utworzenia Transgranicznego Obszaru Funkcjonalnego Kremenaros &#8211; Marek Kuchci\u0144ski\" \/>\n<meta property=\"og:description\" content=\"7 grudnia 2019 r. w Ustrzykach Dolnych rozmawiano o utworzeniu drugiego, po \u201eBeskidzie Niskim\u201d, Transgranicznego Obszaru Funkcjonalnego Kremenaros (TOF Krzemieniec), kt\u00f3ry ma dzia\u0142a\u0107 w ramach Euroregionu Karpackiego. Obejmie on s\u0105siaduj\u0105ce przygraniczne powiaty i gminy z Polski, S\u0142owacji oraz Ukrainy po\u0142o\u017cone w s\u0105siedztwie styku trzech granic. S\u0105 to obszary o szczeg\u00f3lnej warto\u015bci przyrodniczej i kulturowej, wa\u017cne [&hellip;]\" \/>\n<meta property=\"og:url\" content=\"https:\/\/marekkuchcinski.pl\/cs\/podkarpacie\/spotkanie-w-ustrzykach-dolnych-dotyczace-utworzenia-transgranicznego-obszaru-funkcjonalnego-kremenaros\/\" \/>\n<meta property=\"og:site_name\" content=\"Marek Kuchci\u0144ski\" \/>\n<meta property=\"article:published_time\" content=\"2019-12-08T15:49:22+00:00\" \/>\n<meta property=\"article:modified_time\" content=\"2019-12-08T16:15:22+00:00\" \/>\n<meta property=\"og:image\" content=\"https:\/\/marekkuchcinski.pl\/wp-content\/uploads\/2019\/12\/msm-1-1.jpg\" \/>\n\t<meta property=\"og:image:width\" content=\"2048\" \/>\n\t<meta property=\"og:image:height\" content=\"1366\" \/>\n\t<meta property=\"og:image:type\" content=\"image\/jpeg\" \/>\n<meta name=\"author\" content=\"Katarzyna Rokitowska\" \/>\n<meta name=\"twitter:card\" content=\"summary_large_image\" \/>\n<meta name=\"twitter:label1\" content=\"Napsal(a)\" \/>\n\t<meta name=\"twitter:data1\" content=\"Katarzyna Rokitowska\" \/>\n\t<meta name=\"twitter:label2\" content=\"Odhadovan\u00e1 doba \u010dten\u00ed\" \/>\n\t<meta name=\"twitter:data2\" content=\"4 minuty\" \/>\n<script type=\"application\/ld+json\" class=\"yoast-schema-graph\">{\"@context\":\"https:\/\/schema.org\",\"@graph\":[{\"@type\":\"Article\",\"@id\":\"https:\/\/marekkuchcinski.pl\/cs\/podkarpacie\/spotkanie-w-ustrzykach-dolnych-dotyczace-utworzenia-transgranicznego-obszaru-funkcjonalnego-kremenaros\/#article\",\"isPartOf\":{\"@id\":\"https:\/\/marekkuchcinski.pl\/cs\/podkarpacie\/spotkanie-w-ustrzykach-dolnych-dotyczace-utworzenia-transgranicznego-obszaru-funkcjonalnego-kremenaros\/\"},\"author\":{\"name\":\"Katarzyna Rokitowska\",\"@id\":\"https:\/\/marekkuchcinski.pl\/#\/schema\/person\/4a5bca3043f3981ff25765c1a631cb30\"},\"headline\":\"Spotkanie w Ustrzykach Dolnych dotycz\u0105ce utworzenia Transgranicznego Obszaru Funkcjonalnego Kremenaros\",\"datePublished\":\"2019-12-08T15:49:22+00:00\",\"dateModified\":\"2019-12-08T16:15:22+00:00\",\"mainEntityOfPage\":{\"@id\":\"https:\/\/marekkuchcinski.pl\/cs\/podkarpacie\/spotkanie-w-ustrzykach-dolnych-dotyczace-utworzenia-transgranicznego-obszaru-funkcjonalnego-kremenaros\/\"},\"wordCount\":724,\"commentCount\":0,\"publisher\":{\"@id\":\"https:\/\/marekkuchcinski.pl\/#organization\"},\"image\":{\"@id\":\"https:\/\/marekkuchcinski.pl\/cs\/podkarpacie\/spotkanie-w-ustrzykach-dolnych-dotyczace-utworzenia-transgranicznego-obszaru-funkcjonalnego-kremenaros\/#primaryimage\"},\"thumbnailUrl\":\"https:\/\/marekkuchcinski.pl\/wp-content\/uploads\/2019\/12\/msm-1-1.jpg\",\"articleSection\":[\"Podkarpacie\",\"Wydarzenia\"],\"inLanguage\":\"cs\",\"potentialAction\":[{\"@type\":\"CommentAction\",\"name\":\"Comment\",\"target\":[\"https:\/\/marekkuchcinski.pl\/cs\/podkarpacie\/spotkanie-w-ustrzykach-dolnych-dotyczace-utworzenia-transgranicznego-obszaru-funkcjonalnego-kremenaros\/#respond\"]}]},{\"@type\":\"WebPage\",\"@id\":\"https:\/\/marekkuchcinski.pl\/cs\/podkarpacie\/spotkanie-w-ustrzykach-dolnych-dotyczace-utworzenia-transgranicznego-obszaru-funkcjonalnego-kremenaros\/\",\"url\":\"https:\/\/marekkuchcinski.pl\/cs\/podkarpacie\/spotkanie-w-ustrzykach-dolnych-dotyczace-utworzenia-transgranicznego-obszaru-funkcjonalnego-kremenaros\/\",\"name\":\"Spotkanie w Ustrzykach Dolnych dotycz\u0105ce utworzenia Transgranicznego Obszaru Funkcjonalnego Kremenaros &#8211; Marek Kuchci\u0144ski\",\"isPartOf\":{\"@id\":\"https:\/\/marekkuchcinski.pl\/#website\"},\"primaryImageOfPage\":{\"@id\":\"https:\/\/marekkuchcinski.pl\/cs\/podkarpacie\/spotkanie-w-ustrzykach-dolnych-dotyczace-utworzenia-transgranicznego-obszaru-funkcjonalnego-kremenaros\/#primaryimage\"},\"image\":{\"@id\":\"https:\/\/marekkuchcinski.pl\/cs\/podkarpacie\/spotkanie-w-ustrzykach-dolnych-dotyczace-utworzenia-transgranicznego-obszaru-funkcjonalnego-kremenaros\/#primaryimage\"},\"thumbnailUrl\":\"https:\/\/marekkuchcinski.pl\/wp-content\/uploads\/2019\/12\/msm-1-1.jpg\",\"datePublished\":\"2019-12-08T15:49:22+00:00\",\"dateModified\":\"2019-12-08T16:15:22+00:00\",\"breadcrumb\":{\"@id\":\"https:\/\/marekkuchcinski.pl\/cs\/podkarpacie\/spotkanie-w-ustrzykach-dolnych-dotyczace-utworzenia-transgranicznego-obszaru-funkcjonalnego-kremenaros\/#breadcrumb\"},\"inLanguage\":\"cs\",\"potentialAction\":[{\"@type\":\"ReadAction\",\"target\":[\"https:\/\/marekkuchcinski.pl\/cs\/podkarpacie\/spotkanie-w-ustrzykach-dolnych-dotyczace-utworzenia-transgranicznego-obszaru-funkcjonalnego-kremenaros\/\"]}]},{\"@type\":\"ImageObject\",\"inLanguage\":\"cs\",\"@id\":\"https:\/\/marekkuchcinski.pl\/cs\/podkarpacie\/spotkanie-w-ustrzykach-dolnych-dotyczace-utworzenia-transgranicznego-obszaru-funkcjonalnego-kremenaros\/#primaryimage\",\"url\":\"https:\/\/marekkuchcinski.pl\/wp-content\/uploads\/2019\/12\/msm-1-1.jpg\",\"contentUrl\":\"https:\/\/marekkuchcinski.pl\/wp-content\/uploads\/2019\/12\/msm-1-1.jpg\",\"width\":2048,\"height\":1366},{\"@type\":\"BreadcrumbList\",\"@id\":\"https:\/\/marekkuchcinski.pl\/cs\/podkarpacie\/spotkanie-w-ustrzykach-dolnych-dotyczace-utworzenia-transgranicznego-obszaru-funkcjonalnego-kremenaros\/#breadcrumb\",\"itemListElement\":[{\"@type\":\"ListItem\",\"position\":1,\"name\":\"Strona g\u0142\u00f3wna\",\"item\":\"https:\/\/marekkuchcinski.pl\/\"},{\"@type\":\"ListItem\",\"position\":2,\"name\":\"Spotkanie w Ustrzykach Dolnych dotycz\u0105ce utworzenia Transgranicznego Obszaru Funkcjonalnego Kremenaros\"}]},{\"@type\":\"WebSite\",\"@id\":\"https:\/\/marekkuchcinski.pl\/#website\",\"url\":\"https:\/\/marekkuchcinski.pl\/\",\"name\":\"Marek Kuchci\u0144ski\",\"description\":\"Pose\u0142 na sejm RP &ndash; okr\u0119g nr 22\",\"publisher\":{\"@id\":\"https:\/\/marekkuchcinski.pl\/#organization\"},\"potentialAction\":[{\"@type\":\"SearchAction\",\"target\":{\"@type\":\"EntryPoint\",\"urlTemplate\":\"https:\/\/marekkuchcinski.pl\/?s={search_term_string}\"},\"query-input\":{\"@type\":\"PropertyValueSpecification\",\"valueRequired\":true,\"valueName\":\"search_term_string\"}}],\"inLanguage\":\"cs\"},{\"@type\":\"Organization\",\"@id\":\"https:\/\/marekkuchcinski.pl\/#organization\",\"name\":\"Marek Kuchci\u0144ski\",\"url\":\"https:\/\/marekkuchcinski.pl\/\",\"logo\":{\"@type\":\"ImageObject\",\"inLanguage\":\"cs\",\"@id\":\"https:\/\/marekkuchcinski.pl\/#\/schema\/logo\/image\/\",\"url\":\"https:\/\/marekkuchcinski.pl\/wp-content\/uploads\/2022\/09\/Marek.jpg\",\"contentUrl\":\"https:\/\/marekkuchcinski.pl\/wp-content\/uploads\/2022\/09\/Marek.jpg\",\"width\":1600,\"height\":971,\"caption\":\"Marek Kuchci\u0144ski\"},\"image\":{\"@id\":\"https:\/\/marekkuchcinski.pl\/#\/schema\/logo\/image\/\"}},{\"@type\":\"Person\",\"@id\":\"https:\/\/marekkuchcinski.pl\/#\/schema\/person\/4a5bca3043f3981ff25765c1a631cb30\",\"name\":\"Katarzyna Rokitowska\",\"image\":{\"@type\":\"ImageObject\",\"inLanguage\":\"cs\",\"@id\":\"https:\/\/marekkuchcinski.pl\/#\/schema\/person\/image\/\",\"url\":\"https:\/\/secure.gravatar.com\/avatar\/d0d7a27353e5343220c84b87905639c4?s=96&d=mm&r=g\",\"contentUrl\":\"https:\/\/secure.gravatar.com\/avatar\/d0d7a27353e5343220c84b87905639c4?s=96&d=mm&r=g\",\"caption\":\"Katarzyna Rokitowska\"},\"url\":\"https:\/\/marekkuchcinski.pl\/cs\/author\/kasia-rokitowska\/\"}]}<\/script>\n<!-- \/ Yoast SEO plugin. -->","yoast_head_json":{"title":"Spotkanie w Ustrzykach Dolnych dotycz\u0105ce utworzenia Transgranicznego Obszaru Funkcjonalnego Kremenaros &#8211; Marek Kuchci\u0144ski","robots":{"index":"index","follow":"follow","max-snippet":"max-snippet:-1","max-image-preview":"max-image-preview:large","max-video-preview":"max-video-preview:-1"},"canonical":"https:\/\/marekkuchcinski.pl\/cs\/podkarpacie\/spotkanie-w-ustrzykach-dolnych-dotyczace-utworzenia-transgranicznego-obszaru-funkcjonalnego-kremenaros\/","og_locale":"cs_CZ","og_type":"article","og_title":"Spotkanie w Ustrzykach Dolnych dotycz\u0105ce utworzenia Transgranicznego Obszaru Funkcjonalnego Kremenaros &#8211; Marek Kuchci\u0144ski","og_description":"7 grudnia 2019 r. w Ustrzykach Dolnych rozmawiano o utworzeniu drugiego, po \u201eBeskidzie Niskim\u201d, Transgranicznego Obszaru Funkcjonalnego Kremenaros (TOF Krzemieniec), kt\u00f3ry ma dzia\u0142a\u0107 w ramach Euroregionu Karpackiego. Obejmie on s\u0105siaduj\u0105ce przygraniczne powiaty i gminy z Polski, S\u0142owacji oraz Ukrainy po\u0142o\u017cone w s\u0105siedztwie styku trzech granic. S\u0105 to obszary o szczeg\u00f3lnej warto\u015bci przyrodniczej i kulturowej, wa\u017cne [&hellip;]","og_url":"https:\/\/marekkuchcinski.pl\/cs\/podkarpacie\/spotkanie-w-ustrzykach-dolnych-dotyczace-utworzenia-transgranicznego-obszaru-funkcjonalnego-kremenaros\/","og_site_name":"Marek Kuchci\u0144ski","article_published_time":"2019-12-08T15:49:22+00:00","article_modified_time":"2019-12-08T16:15:22+00:00","og_image":[{"width":2048,"height":1366,"url":"https:\/\/marekkuchcinski.pl\/wp-content\/uploads\/2019\/12\/msm-1-1.jpg","type":"image\/jpeg"}],"author":"Katarzyna Rokitowska","twitter_card":"summary_large_image","twitter_misc":{"Napsal(a)":"Katarzyna Rokitowska","Odhadovan\u00e1 doba \u010dten\u00ed":"4 minuty"},"schema":{"@context":"https:\/\/schema.org","@graph":[{"@type":"Article","@id":"https:\/\/marekkuchcinski.pl\/cs\/podkarpacie\/spotkanie-w-ustrzykach-dolnych-dotyczace-utworzenia-transgranicznego-obszaru-funkcjonalnego-kremenaros\/#article","isPartOf":{"@id":"https:\/\/marekkuchcinski.pl\/cs\/podkarpacie\/spotkanie-w-ustrzykach-dolnych-dotyczace-utworzenia-transgranicznego-obszaru-funkcjonalnego-kremenaros\/"},"author":{"name":"Katarzyna Rokitowska","@id":"https:\/\/marekkuchcinski.pl\/#\/schema\/person\/4a5bca3043f3981ff25765c1a631cb30"},"headline":"Spotkanie w Ustrzykach Dolnych dotycz\u0105ce utworzenia Transgranicznego Obszaru Funkcjonalnego Kremenaros","datePublished":"2019-12-08T15:49:22+00:00","dateModified":"2019-12-08T16:15:22+00:00","mainEntityOfPage":{"@id":"https:\/\/marekkuchcinski.pl\/cs\/podkarpacie\/spotkanie-w-ustrzykach-dolnych-dotyczace-utworzenia-transgranicznego-obszaru-funkcjonalnego-kremenaros\/"},"wordCount":724,"commentCount":0,"publisher":{"@id":"https:\/\/marekkuchcinski.pl\/#organization"},"image":{"@id":"https:\/\/marekkuchcinski.pl\/cs\/podkarpacie\/spotkanie-w-ustrzykach-dolnych-dotyczace-utworzenia-transgranicznego-obszaru-funkcjonalnego-kremenaros\/#primaryimage"},"thumbnailUrl":"https:\/\/marekkuchcinski.pl\/wp-content\/uploads\/2019\/12\/msm-1-1.jpg","articleSection":["Podkarpacie","Wydarzenia"],"inLanguage":"cs","potentialAction":[{"@type":"CommentAction","name":"Comment","target":["https:\/\/marekkuchcinski.pl\/cs\/podkarpacie\/spotkanie-w-ustrzykach-dolnych-dotyczace-utworzenia-transgranicznego-obszaru-funkcjonalnego-kremenaros\/#respond"]}]},{"@type":"WebPage","@id":"https:\/\/marekkuchcinski.pl\/cs\/podkarpacie\/spotkanie-w-ustrzykach-dolnych-dotyczace-utworzenia-transgranicznego-obszaru-funkcjonalnego-kremenaros\/","url":"https:\/\/marekkuchcinski.pl\/cs\/podkarpacie\/spotkanie-w-ustrzykach-dolnych-dotyczace-utworzenia-transgranicznego-obszaru-funkcjonalnego-kremenaros\/","name":"Spotkanie w Ustrzykach Dolnych dotycz\u0105ce utworzenia Transgranicznego Obszaru Funkcjonalnego Kremenaros &#8211; Marek Kuchci\u0144ski","isPartOf":{"@id":"https:\/\/marekkuchcinski.pl\/#website"},"primaryImageOfPage":{"@id":"https:\/\/marekkuchcinski.pl\/cs\/podkarpacie\/spotkanie-w-ustrzykach-dolnych-dotyczace-utworzenia-transgranicznego-obszaru-funkcjonalnego-kremenaros\/#primaryimage"},"image":{"@id":"https:\/\/marekkuchcinski.pl\/cs\/podkarpacie\/spotkanie-w-ustrzykach-dolnych-dotyczace-utworzenia-transgranicznego-obszaru-funkcjonalnego-kremenaros\/#primaryimage"},"thumbnailUrl":"https:\/\/marekkuchcinski.pl\/wp-content\/uploads\/2019\/12\/msm-1-1.jpg","datePublished":"2019-12-08T15:49:22+00:00","dateModified":"2019-12-08T16:15:22+00:00","breadcrumb":{"@id":"https:\/\/marekkuchcinski.pl\/cs\/podkarpacie\/spotkanie-w-ustrzykach-dolnych-dotyczace-utworzenia-transgranicznego-obszaru-funkcjonalnego-kremenaros\/#breadcrumb"},"inLanguage":"cs","potentialAction":[{"@type":"ReadAction","target":["https:\/\/marekkuchcinski.pl\/cs\/podkarpacie\/spotkanie-w-ustrzykach-dolnych-dotyczace-utworzenia-transgranicznego-obszaru-funkcjonalnego-kremenaros\/"]}]},{"@type":"ImageObject","inLanguage":"cs","@id":"https:\/\/marekkuchcinski.pl\/cs\/podkarpacie\/spotkanie-w-ustrzykach-dolnych-dotyczace-utworzenia-transgranicznego-obszaru-funkcjonalnego-kremenaros\/#primaryimage","url":"https:\/\/marekkuchcinski.pl\/wp-content\/uploads\/2019\/12\/msm-1-1.jpg","contentUrl":"https:\/\/marekkuchcinski.pl\/wp-content\/uploads\/2019\/12\/msm-1-1.jpg","width":2048,"height":1366},{"@type":"BreadcrumbList","@id":"https:\/\/marekkuchcinski.pl\/cs\/podkarpacie\/spotkanie-w-ustrzykach-dolnych-dotyczace-utworzenia-transgranicznego-obszaru-funkcjonalnego-kremenaros\/#breadcrumb","itemListElement":[{"@type":"ListItem","position":1,"name":"Strona g\u0142\u00f3wna","item":"https:\/\/marekkuchcinski.pl\/"},{"@type":"ListItem","position":2,"name":"Spotkanie w Ustrzykach Dolnych dotycz\u0105ce utworzenia Transgranicznego Obszaru Funkcjonalnego Kremenaros"}]},{"@type":"WebSite","@id":"https:\/\/marekkuchcinski.pl\/#website","url":"https:\/\/marekkuchcinski.pl\/","name":"Marek Kuchci\u0144ski","description":"Pose\u0142 na sejm RP &ndash; okr\u0119g nr 22","publisher":{"@id":"https:\/\/marekkuchcinski.pl\/#organization"},"potentialAction":[{"@type":"SearchAction","target":{"@type":"EntryPoint","urlTemplate":"https:\/\/marekkuchcinski.pl\/?s={search_term_string}"},"query-input":{"@type":"PropertyValueSpecification","valueRequired":true,"valueName":"search_term_string"}}],"inLanguage":"cs"},{"@type":"Organization","@id":"https:\/\/marekkuchcinski.pl\/#organization","name":"Marek Kuchci\u0144ski","url":"https:\/\/marekkuchcinski.pl\/","logo":{"@type":"ImageObject","inLanguage":"cs","@id":"https:\/\/marekkuchcinski.pl\/#\/schema\/logo\/image\/","url":"https:\/\/marekkuchcinski.pl\/wp-content\/uploads\/2022\/09\/Marek.jpg","contentUrl":"https:\/\/marekkuchcinski.pl\/wp-content\/uploads\/2022\/09\/Marek.jpg","width":1600,"height":971,"caption":"Marek Kuchci\u0144ski"},"image":{"@id":"https:\/\/marekkuchcinski.pl\/#\/schema\/logo\/image\/"}},{"@type":"Person","@id":"https:\/\/marekkuchcinski.pl\/#\/schema\/person\/4a5bca3043f3981ff25765c1a631cb30","name":"Katarzyna Rokitowska","image":{"@type":"ImageObject","inLanguage":"cs","@id":"https:\/\/marekkuchcinski.pl\/#\/schema\/person\/image\/","url":"https:\/\/secure.gravatar.com\/avatar\/d0d7a27353e5343220c84b87905639c4?s=96&d=mm&r=g","contentUrl":"https:\/\/secure.gravatar.com\/avatar\/d0d7a27353e5343220c84b87905639c4?s=96&d=mm&r=g","caption":"Katarzyna Rokitowska"},"url":"https:\/\/marekkuchcinski.pl\/cs\/author\/kasia-rokitowska\/"}]}},"_links":{"self":[{"href":"https:\/\/marekkuchcinski.pl\/cs\/wp-json\/wp\/v2\/posts\/18070","targetHints":{"allow":["GET"]}}],"collection":[{"href":"https:\/\/marekkuchcinski.pl\/cs\/wp-json\/wp\/v2\/posts"}],"about":[{"href":"https:\/\/marekkuchcinski.pl\/cs\/wp-json\/wp\/v2\/types\/post"}],"author":[{"embeddable":true,"href":"https:\/\/marekkuchcinski.pl\/cs\/wp-json\/wp\/v2\/users\/16"}],"replies":[{"embeddable":true,"href":"https:\/\/marekkuchcinski.pl\/cs\/wp-json\/wp\/v2\/comments?post=18070"}],"version-history":[{"count":7,"href":"https:\/\/marekkuchcinski.pl\/cs\/wp-json\/wp\/v2\/posts\/18070\/revisions"}],"predecessor-version":[{"id":18082,"href":"https:\/\/marekkuchcinski.pl\/cs\/wp-json\/wp\/v2\/posts\/18070\/revisions\/18082"}],"wp:featuredmedia":[{"embeddable":true,"href":"https:\/\/marekkuchcinski.pl\/cs\/wp-json\/wp\/v2\/media\/18072"}],"wp:attachment":[{"href":"https:\/\/marekkuchcinski.pl\/cs\/wp-json\/wp\/v2\/media?parent=18070"}],"wp:term":[{"taxonomy":"category","embeddable":true,"href":"https:\/\/marekkuchcinski.pl\/cs\/wp-json\/wp\/v2\/categories?post=18070"},{"taxonomy":"post_tag","embeddable":true,"href":"https:\/\/marekkuchcinski.pl\/cs\/wp-json\/wp\/v2\/tags?post=18070"}],"curies":[{"name":"wp","href":"https:\/\/api.w.org\/{rel}","templated":true}]}}