{"id":18002,"date":"2019-12-02T15:29:55","date_gmt":"2019-12-02T14:29:55","guid":{"rendered":"https:\/\/marekkuchcinski.pl\/?p=18002"},"modified":"2019-12-02T23:43:06","modified_gmt":"2019-12-02T22:43:06","slug":"posel-marek-kuchcinski-z-wizyta-we-lwowie","status":"publish","type":"post","link":"https:\/\/marekkuchcinski.pl\/cs\/bez-kategorii\/posel-marek-kuchcinski-z-wizyta-we-lwowie\/","title":{"rendered":"Poslanec Marek Kuchcinski na n\u00e1v\u0161t\u011bv\u011b Lvova"},"content":{"rendered":"<p><em>Ve dnech 28.-29. listopadu se europoslanec Marek Kuchci\u0144ski, p\u0159edseda Karpatsk\u00e9 parlamentn\u00ed skupiny, z\u00fa\u010dastnil ve Lvov\u011b jedn\u00e1n\u00ed s ministrem infrastruktury Andrzejem Adamczykem a delegac\u00ed ministerstva o rozvoji infrastruktury a polsko-ukrajinsk\u00fdch hospod\u00e1\u0159sk\u00fdch vztaz\u00edch. T\u00e9mata n\u00e1v\u0161t\u011bvy se t\u00fdkala silni\u010dn\u00edho spojen\u00ed s Ukrajinou, vytvo\u0159en\u00ed \u017eelezni\u010dn\u00ed a autobusov\u00e9 linky mezi Przemy\u015blem a Lvovem, \u017eelezni\u010dn\u00edho p\u0159ejezdu Nizankowice-Malhovice a trati 102 z Malhovic do Chyrova a do Zag\u00f3rze.<\/em><\/p>\n\n\n\n<p><em>Toto t\u00e9ma bylo diktov\u00e1no st\u00e1le rostouc\u00edm z\u00e1jmem o rozvoj spolupr\u00e1ce. Dob\u0159e rozvinut\u00e1 dopravn\u00ed infrastruktura je pro Polsko a Ukrajinu velmi d\u016fle\u017eit\u00e1, v\u010detn\u011b p\u0159\u00edhrani\u010dn\u00edch oblast\u00ed. N\u011bkolik milion\u016f lid\u00ed, kte\u0159\u00ed ka\u017edoro\u010dn\u011b p\u0159ekra\u010duj\u00ed hranici p\u0159es pouh\u00fdch 11 \u017eelezni\u010dn\u00edch a silni\u010dn\u00edch p\u0159echod\u016f, poskytuje tis\u00edce pracovn\u00edch m\u00edst a p\u0159in\u00e1\u0161\u00ed miliardov\u00e9 zisky i m\u00edstn\u00edm podnikatel\u016fm. Z\u00e1jem o Polsko roste a nejlep\u0161\u00edm p\u0159\u00edkladem je skute\u010dnost, \u017ee mezin\u00e1rodn\u00ed vlak IC z Przemy\u0161lu do Kyjeva a Od\u011bsy, kter\u00fd byl spu\u0161t\u011bn v roce 2017, p\u0159epravil do \u010dervna 2019 v\u00edce ne\u017e milion cestuj\u00edc\u00edch, zat\u00edmco v p\u0159edchoz\u00edch letech vyu\u017eilo m\u00edstn\u00ed spoje PKP sotva n\u011bkolik tis\u00edc lid\u00ed. <\/em><\/p>\n\n\n\n<p><em>Europoslanec Marek Kuchcinski se spolu s poslancem Kazimierzem Go\u0142ojuchem z \u0141a\u0144cutu setkal ve Lvov\u011b tak\u00e9 s delegac\u00ed ukrajinsk\u00fdch poslanc\u016f: Michalem Knia\u017cyck\u00fdm a Orestem Solomochou. Oba jsou aktivn\u00ed v polsko-ukrajinsk\u00e9 bilater\u00e1ln\u00ed skupin\u011b a maj\u00ed z\u00e1jem na rozvoji spolupr\u00e1ce mezi karpatsk\u00fdmi zem\u011bmi. Tato spolupr\u00e1ce byla projedn\u00e1na.<\/em><\/p>\n\n\n\n<figure class=\"wp-block-image\"><img fetchpriority=\"high\" decoding=\"async\" width=\"1024\" height=\"577\" src=\"https:\/\/marekkuchcinski.pl\/wp-content\/uploads\/2019\/12\/rozmowy-z-deputowanymi-Lw\u00f3w-1024x577.jpg\" alt=\"\" class=\"wp-image-18011\" srcset=\"https:\/\/marekkuchcinski.pl\/wp-content\/uploads\/2019\/12\/rozmowy-z-deputowanymi-Lw\u00f3w-1024x577.jpg 1024w, https:\/\/marekkuchcinski.pl\/wp-content\/uploads\/2019\/12\/rozmowy-z-deputowanymi-Lw\u00f3w-300x169.jpg 300w, https:\/\/marekkuchcinski.pl\/wp-content\/uploads\/2019\/12\/rozmowy-z-deputowanymi-Lw\u00f3w-768x433.jpg 768w, https:\/\/marekkuchcinski.pl\/wp-content\/uploads\/2019\/12\/rozmowy-z-deputowanymi-Lw\u00f3w.jpg 2048w\" sizes=\"(max-width: 1024px) 100vw, 1024px\" \/><\/figure>\n\n\n\n<figure class=\"wp-block-image\"><img decoding=\"async\" width=\"1024\" height=\"577\" src=\"https:\/\/marekkuchcinski.pl\/wp-content\/uploads\/2019\/12\/spotkanie-z-deputowanymi-1024x577.jpg\" alt=\"\" class=\"wp-image-18010\" srcset=\"https:\/\/marekkuchcinski.pl\/wp-content\/uploads\/2019\/12\/spotkanie-z-deputowanymi-1024x577.jpg 1024w, https:\/\/marekkuchcinski.pl\/wp-content\/uploads\/2019\/12\/spotkanie-z-deputowanymi-300x169.jpg 300w, https:\/\/marekkuchcinski.pl\/wp-content\/uploads\/2019\/12\/spotkanie-z-deputowanymi-768x433.jpg 768w, https:\/\/marekkuchcinski.pl\/wp-content\/uploads\/2019\/12\/spotkanie-z-deputowanymi.jpg 2048w\" sizes=\"(max-width: 1024px) 100vw, 1024px\" \/><\/figure>\n\n\n\n<p><em>Kr\u00e1tk\u00e1 n\u00e1v\u0161t\u011bva polsk\u00e9 delegace ve Lvov\u011b byla tak\u00e9 p\u0159\u00edle\u017eitost\u00ed nav\u0161t\u00edvit m\u00edsta, kde \u017eije polsk\u00e1 historie. Hlavn\u00edm m\u00edstem je \u0159\u00edmskokatolick\u00e1 <\/em> <em>katedr\u00e1la<\/em> <em>Lvov .V roce 1656, 1. dubna, slo\u017eil kr\u00e1l Jan Kazim\u00edr ve lvovsk\u00e9 katedr\u00e1le sv\u00e9 sliby. O 350 let pozd\u011bji, v roce 2006, se polsk\u00fd prezident profesor Lech Kaczy\u0144ski spolu s delegac\u00ed polsk\u00fdch poslanc\u016f z\u00fa\u010dastnil m\u0161e, p\u0159i n\u00ed\u017e kardin\u00e1l Marian Jaworski obnovil sliby.<\/em><\/p>\n\n\n\n<p><em>B\u011bhem sv\u00e9 pam\u00e1tn\u00e9 n\u00e1v\u0161t\u011bvy daroval prezident Kaczy\u0144ski katedr\u00e1le kalich p\u0159ipom\u00ednaj\u00edc\u00ed ud\u00e1losti p\u0159ed 350 lety. V\u00fdznamn\u00e9 m\u00edsto pro Polsko, Lvovsk\u00e1 katedr\u00e1la, kter\u00e1 je \u0161iroce zn\u00e1m\u00e1, ji\u017e l\u00e9ta z\u00edsk\u00e1v\u00e1 podporu Ministerstva kultury a n\u00e1rodn\u00edho d\u011bdictv\u00ed. Pot\u0159eby jsou v\u0161ak st\u00e1le obrovsk\u00e9 a Pol\u00e1ci cht\u011bj\u00ed katedr\u00e1lu s bohatou histori\u00ed a vitr\u00e1\u017eemi Jozefa Mehoffera a Jana Matejky podpo\u0159it. <\/em><\/p>\n\n\n\n<figure class=\"wp-block-image\"><img decoding=\"async\" width=\"577\" height=\"1024\" src=\"https:\/\/marekkuchcinski.pl\/wp-content\/uploads\/2019\/12\/DSC02593-1-577x1024.jpg\" alt=\"\" class=\"wp-image-18044\" srcset=\"https:\/\/marekkuchcinski.pl\/wp-content\/uploads\/2019\/12\/DSC02593-1-577x1024.jpg 577w, https:\/\/marekkuchcinski.pl\/wp-content\/uploads\/2019\/12\/DSC02593-1-169x300.jpg 169w, https:\/\/marekkuchcinski.pl\/wp-content\/uploads\/2019\/12\/DSC02593-1-768x1363.jpg 768w, https:\/\/marekkuchcinski.pl\/wp-content\/uploads\/2019\/12\/DSC02593-1.jpg 1154w\" sizes=\"(max-width: 577px) 100vw, 577px\" \/><\/figure>\n\n\n\n<figure class=\"wp-block-image\"><img loading=\"lazy\" decoding=\"async\" width=\"577\" height=\"1024\" src=\"https:\/\/marekkuchcinski.pl\/wp-content\/uploads\/2019\/12\/DSC02623-1-577x1024.jpg\" alt=\"\" class=\"wp-image-18045\" srcset=\"https:\/\/marekkuchcinski.pl\/wp-content\/uploads\/2019\/12\/DSC02623-1-577x1024.jpg 577w, https:\/\/marekkuchcinski.pl\/wp-content\/uploads\/2019\/12\/DSC02623-1-169x300.jpg 169w, https:\/\/marekkuchcinski.pl\/wp-content\/uploads\/2019\/12\/DSC02623-1-768x1363.jpg 768w, https:\/\/marekkuchcinski.pl\/wp-content\/uploads\/2019\/12\/DSC02623-1.jpg 1154w\" sizes=\"(max-width: 577px) 100vw, 577px\" \/><\/figure>\n\n\n\n<p><em>P\u0159\u00edtomn\u00e1 delegace se tak\u00e9 z\u00fa\u010dastnila slavnostn\u00edho vysv\u011bcen\u00ed obnoven\u00fdch hrob\u016f listopadov\u00fdch povstalc\u016f na Lichakovsk\u00e9m h\u0159bitov\u011b v p\u0159edve\u010der 189. v\u00fdro\u010d\u00ed povst\u00e1n\u00ed. U obnoven\u00e9ho hrobu \"\u017delezn\u00e9 roty\" (pojmenovan\u00e9ho podle \u017eelezn\u00fdch k\u0159\u00ed\u017e\u016f, kter\u00e9 byly um\u00edst\u011bny na hrobech povstalc\u016f poh\u0159ben\u00fdch v hrob\u011b v roce 1880, tedy 50 let po vypuknut\u00ed povst\u00e1n\u00ed) byly polo\u017eeny kv\u011btiny. <\/em><\/p>\n\n\n\n<p><em>V\u011bnce byly polo\u017eeny tak\u00e9 na hroby\nObr\u00e1nci Lvova na samostatn\u00e9m h\u0159bitov\u011b Orl\u0105t Lwowskich.<\/em><\/p>\n\n\n\n<p><em>D\u016fle\u017eitou a dnes ji\u017e pon\u011bkud zapomenutou skute\u010dnost\u00ed je, \u017ee mnoho polsk\u00fdch poslanc\u016f z obdob\u00ed druh\u00e9 polsk\u00e9 republiky je poh\u0159beno mimo zemi, mimo jin\u00e9 ve Lvov\u011b. A je p\u0159irozenou povinnost\u00ed polsk\u00e9ho st\u00e1tu na n\u011b pamatovat. Poslanec Marek Kuchcinski v doprovodu polsk\u00e9ho velvyslance polo\u017eil kv\u011btiny na hrob poslance druh\u00e9 Polsk\u00e9 republiky Jana Pierack\u00e9ho, zn\u00e1m\u00e9ho n\u00e1rodn\u00edho aktivisty (o jeho poh\u0159bu na velkolep\u00e9, i kdy\u017e velmi zch\u00e1tral\u00e9 rodinn\u00e9 hrobce-kapli, kde poslanec odpo\u010d\u00edv\u00e1, zat\u00edm nejsou \u017e\u00e1dn\u00e9 informace). To proto, \u017ee zem\u0159el b\u011bhem okupace a byl poh\u0159ben v konspiraci, ale dnes je tento nedostatek jm\u00e9na neopr\u00e1vn\u011bn\u00fd!), stejn\u011b jako polsk\u00fd arcibiskup arm\u00e9nsk\u00e9ho ob\u0159adu J\u00f3zef Teodorowicz, poslanec z\u00e1konod\u00e1rn\u00e9ho Sejmu a sen\u00e1tor druh\u00e9 republiky, kter\u00fd 10. \u00fanora 1919 zah\u00e1jil jedn\u00e1n\u00ed z\u00e1konod\u00e1rn\u00e9ho Sejmu k\u00e1z\u00e1n\u00edm ve var\u0161avsk\u00e9 katedr\u00e1le svat\u00e9ho Jana. <\/em><\/p>\n\n\n\n<p><em>Poslanci druh\u00e9 republiky, kte\u0159\u00ed jsou poh\u0159beni v zahrani\u010d\u00ed, si zaslou\u017e\u00ed, aby se na n\u011b vzpom\u00ednalo, a aby se v\u011bnovala zvl\u00e1\u0161tn\u00ed p\u00e9\u010de m\u00edstu jejich poh\u0159ben\u00ed, aby je mohli nav\u0161t\u00edvit Pol\u00e1ci v r\u016fzn\u00fdch \u010d\u00e1stech sv\u011bta, kte\u0159\u00ed nav\u017edy z\u016fstali za hranicemi sv\u00e9 vlasti. Uct\u011bte jejich pam\u00e1tku!<\/em><\/p>\n\n\n\n<figure class=\"wp-block-image\"><img loading=\"lazy\" decoding=\"async\" width=\"1024\" height=\"577\" src=\"https:\/\/marekkuchcinski.pl\/wp-content\/uploads\/2019\/12\/Bitschan-1024x577.jpg\" alt=\"\" class=\"wp-image-18043\" srcset=\"https:\/\/marekkuchcinski.pl\/wp-content\/uploads\/2019\/12\/Bitschan-1024x577.jpg 1024w, https:\/\/marekkuchcinski.pl\/wp-content\/uploads\/2019\/12\/Bitschan-300x169.jpg 300w, https:\/\/marekkuchcinski.pl\/wp-content\/uploads\/2019\/12\/Bitschan-768x433.jpg 768w, https:\/\/marekkuchcinski.pl\/wp-content\/uploads\/2019\/12\/Bitschan.jpg 2048w\" sizes=\"(max-width: 1024px) 100vw, 1024px\" \/><figcaption>Hrob Jurka Bitschana<\/figcaption><\/figure>\n\n\n\n<figure class=\"wp-block-image\"><img loading=\"lazy\" decoding=\"async\" width=\"1024\" height=\"577\" src=\"https:\/\/marekkuchcinski.pl\/wp-content\/uploads\/2019\/12\/DSC02678-1024x577.jpg\" alt=\"\" class=\"wp-image-18007\" srcset=\"https:\/\/marekkuchcinski.pl\/wp-content\/uploads\/2019\/12\/DSC02678-1024x577.jpg 1024w, https:\/\/marekkuchcinski.pl\/wp-content\/uploads\/2019\/12\/DSC02678-300x169.jpg 300w, https:\/\/marekkuchcinski.pl\/wp-content\/uploads\/2019\/12\/DSC02678-768x433.jpg 768w, https:\/\/marekkuchcinski.pl\/wp-content\/uploads\/2019\/12\/DSC02678.jpg 2048w\" sizes=\"(max-width: 1024px) 100vw, 1024px\" \/><figcaption> \u010ctvrt\u011b \"\u017eelezn\u00e9 spole\u010dnosti\"<\/figcaption><\/figure>\n\n\n\n<figure class=\"wp-block-image\"><img loading=\"lazy\" decoding=\"async\" width=\"1024\" height=\"577\" src=\"https:\/\/marekkuchcinski.pl\/wp-content\/uploads\/2019\/12\/J\u00f3zef-Teodorowicz-1024x577.jpg\" alt=\"\" class=\"wp-image-18042\" srcset=\"https:\/\/marekkuchcinski.pl\/wp-content\/uploads\/2019\/12\/J\u00f3zef-Teodorowicz-1024x577.jpg 1024w, https:\/\/marekkuchcinski.pl\/wp-content\/uploads\/2019\/12\/J\u00f3zef-Teodorowicz-300x169.jpg 300w, https:\/\/marekkuchcinski.pl\/wp-content\/uploads\/2019\/12\/J\u00f3zef-Teodorowicz-768x433.jpg 768w, https:\/\/marekkuchcinski.pl\/wp-content\/uploads\/2019\/12\/J\u00f3zef-Teodorowicz.jpg 2048w\" sizes=\"(max-width: 1024px) 100vw, 1024px\" \/><figcaption>Hrobka J\u00f3zefa Teodorowicze, poslance parlamentu Druh\u00e9 polsk\u00e9 republiky<\/figcaption><\/figure>\n\n\n\n<figure class=\"wp-block-image\"><img loading=\"lazy\" decoding=\"async\" width=\"577\" height=\"1024\" src=\"https:\/\/marekkuchcinski.pl\/wp-content\/uploads\/2019\/12\/Jan-Pieracki-577x1024.jpg\" alt=\"\" class=\"wp-image-18041\" srcset=\"https:\/\/marekkuchcinski.pl\/wp-content\/uploads\/2019\/12\/Jan-Pieracki-577x1024.jpg 577w, https:\/\/marekkuchcinski.pl\/wp-content\/uploads\/2019\/12\/Jan-Pieracki-169x300.jpg 169w, https:\/\/marekkuchcinski.pl\/wp-content\/uploads\/2019\/12\/Jan-Pieracki-768x1363.jpg 768w, https:\/\/marekkuchcinski.pl\/wp-content\/uploads\/2019\/12\/Jan-Pieracki.jpg 1154w\" sizes=\"(max-width: 577px) 100vw, 577px\" \/><figcaption> Hrobka poslance druh\u00e9 republiky Jana Pierack\u00e9ho <\/figcaption><\/figure>","protected":false},"excerpt":{"rendered":"<p>W dniach 28-29 listopada br., pose\u0142 Marek Kuchci\u0144ski, przewodnicz\u0105cy Karpackiego Zespo\u0142u Parlamentarnego bra\u0142 udzia\u0142 we \u00a0Lwowie wraz z Ministrem Infrastruktury Andrzejem Adamczykiem i delegacj\u0105 resortu, w rozmowach dotycz\u0105cych rozwoju infrastruktury oraz polsko-ukrai\u0144skich relacji gospodarczych. Podczas wizyty poruszono m. in. tematy po\u0142\u0105cze\u0144 drogowych z Ukrain\u0105, utworzenia po\u0142\u0105czenia szynobusowego Przemy\u015bl \u2013 Lw\u00f3w, przej\u015bcia kolejowego Ni\u017cankowice \u2013 Malhowice [&hellip;]<\/p>","protected":false},"author":15,"featured_media":18011,"comment_status":"open","ping_status":"open","sticky":false,"template":"","format":"standard","meta":{"ngg_post_thumbnail":0,"footnotes":""},"categories":[1,3],"tags":[],"class_list":["post-18002","post","type-post","status-publish","format-standard","has-post-thumbnail","hentry","category-bez-kategorii","category-wydarzenia"],"yoast_head":"<!-- This site is optimized with the Yoast SEO plugin v24.7 - https:\/\/yoast.com\/wordpress\/plugins\/seo\/ -->\n<title>Pose\u0142 Marek Kuchci\u0144ski z wizyt\u0105 we Lwowie &#8211; Marek Kuchci\u0144ski<\/title>\n<meta name=\"robots\" content=\"index, follow, max-snippet:-1, max-image-preview:large, max-video-preview:-1\" \/>\n<link rel=\"canonical\" href=\"https:\/\/marekkuchcinski.pl\/cs\/bez-kategorii\/posel-marek-kuchcinski-z-wizyta-we-lwowie\/\" \/>\n<meta property=\"og:locale\" content=\"cs_CZ\" \/>\n<meta property=\"og:type\" content=\"article\" \/>\n<meta property=\"og:title\" content=\"Pose\u0142 Marek Kuchci\u0144ski z wizyt\u0105 we Lwowie &#8211; Marek Kuchci\u0144ski\" \/>\n<meta property=\"og:description\" content=\"W dniach 28-29 listopada br., pose\u0142 Marek Kuchci\u0144ski, przewodnicz\u0105cy Karpackiego Zespo\u0142u Parlamentarnego bra\u0142 udzia\u0142 we \u00a0Lwowie wraz z Ministrem Infrastruktury Andrzejem Adamczykiem i delegacj\u0105 resortu, w rozmowach dotycz\u0105cych rozwoju infrastruktury oraz polsko-ukrai\u0144skich relacji gospodarczych. Podczas wizyty poruszono m. in. tematy po\u0142\u0105cze\u0144 drogowych z Ukrain\u0105, utworzenia po\u0142\u0105czenia szynobusowego Przemy\u015bl \u2013 Lw\u00f3w, przej\u015bcia kolejowego Ni\u017cankowice \u2013 Malhowice [&hellip;]\" \/>\n<meta property=\"og:url\" content=\"https:\/\/marekkuchcinski.pl\/cs\/bez-kategorii\/posel-marek-kuchcinski-z-wizyta-we-lwowie\/\" \/>\n<meta property=\"og:site_name\" content=\"Marek Kuchci\u0144ski\" \/>\n<meta property=\"article:published_time\" content=\"2019-12-02T14:29:55+00:00\" \/>\n<meta property=\"article:modified_time\" content=\"2019-12-02T22:43:06+00:00\" \/>\n<meta property=\"og:image\" content=\"https:\/\/marekkuchcinski.pl\/wp-content\/uploads\/2019\/12\/rozmowy-z-deputowanymi-Lw\u00f3w.jpg\" \/>\n\t<meta property=\"og:image:width\" content=\"2048\" \/>\n\t<meta property=\"og:image:height\" content=\"1154\" \/>\n\t<meta property=\"og:image:type\" content=\"image\/jpeg\" \/>\n<meta name=\"author\" content=\"Andrzej Paniw\" \/>\n<meta name=\"twitter:card\" content=\"summary_large_image\" \/>\n<meta name=\"twitter:label1\" content=\"Napsal(a)\" \/>\n\t<meta name=\"twitter:data1\" content=\"Andrzej Paniw\" \/>\n\t<meta name=\"twitter:label2\" content=\"Odhadovan\u00e1 doba \u010dten\u00ed\" \/>\n\t<meta name=\"twitter:data2\" content=\"3 minuty\" \/>\n<script type=\"application\/ld+json\" class=\"yoast-schema-graph\">{\"@context\":\"https:\/\/schema.org\",\"@graph\":[{\"@type\":\"Article\",\"@id\":\"https:\/\/marekkuchcinski.pl\/bez-kategorii\/posel-marek-kuchcinski-z-wizyta-we-lwowie\/#article\",\"isPartOf\":{\"@id\":\"https:\/\/marekkuchcinski.pl\/bez-kategorii\/posel-marek-kuchcinski-z-wizyta-we-lwowie\/\"},\"author\":{\"name\":\"Andrzej Paniw\",\"@id\":\"https:\/\/marekkuchcinski.pl\/#\/schema\/person\/0346d7f21c9bed5cf4eed3231e9f59fa\"},\"headline\":\"Pose\u0142 Marek Kuchci\u0144ski z wizyt\u0105 we Lwowie\",\"datePublished\":\"2019-12-02T14:29:55+00:00\",\"dateModified\":\"2019-12-02T22:43:06+00:00\",\"mainEntityOfPage\":{\"@id\":\"https:\/\/marekkuchcinski.pl\/bez-kategorii\/posel-marek-kuchcinski-z-wizyta-we-lwowie\/\"},\"wordCount\":673,\"commentCount\":0,\"publisher\":{\"@id\":\"https:\/\/marekkuchcinski.pl\/#organization\"},\"image\":{\"@id\":\"https:\/\/marekkuchcinski.pl\/bez-kategorii\/posel-marek-kuchcinski-z-wizyta-we-lwowie\/#primaryimage\"},\"thumbnailUrl\":\"https:\/\/marekkuchcinski.pl\/wp-content\/uploads\/2019\/12\/rozmowy-z-deputowanymi-Lw\u00f3w.jpg\",\"articleSection\":[\"Bez kategorii\",\"Wydarzenia\"],\"inLanguage\":\"cs\",\"potentialAction\":[{\"@type\":\"CommentAction\",\"name\":\"Comment\",\"target\":[\"https:\/\/marekkuchcinski.pl\/bez-kategorii\/posel-marek-kuchcinski-z-wizyta-we-lwowie\/#respond\"]}]},{\"@type\":\"WebPage\",\"@id\":\"https:\/\/marekkuchcinski.pl\/bez-kategorii\/posel-marek-kuchcinski-z-wizyta-we-lwowie\/\",\"url\":\"https:\/\/marekkuchcinski.pl\/bez-kategorii\/posel-marek-kuchcinski-z-wizyta-we-lwowie\/\",\"name\":\"Pose\u0142 Marek Kuchci\u0144ski z wizyt\u0105 we Lwowie &#8211; Marek Kuchci\u0144ski\",\"isPartOf\":{\"@id\":\"https:\/\/marekkuchcinski.pl\/#website\"},\"primaryImageOfPage\":{\"@id\":\"https:\/\/marekkuchcinski.pl\/bez-kategorii\/posel-marek-kuchcinski-z-wizyta-we-lwowie\/#primaryimage\"},\"image\":{\"@id\":\"https:\/\/marekkuchcinski.pl\/bez-kategorii\/posel-marek-kuchcinski-z-wizyta-we-lwowie\/#primaryimage\"},\"thumbnailUrl\":\"https:\/\/marekkuchcinski.pl\/wp-content\/uploads\/2019\/12\/rozmowy-z-deputowanymi-Lw\u00f3w.jpg\",\"datePublished\":\"2019-12-02T14:29:55+00:00\",\"dateModified\":\"2019-12-02T22:43:06+00:00\",\"breadcrumb\":{\"@id\":\"https:\/\/marekkuchcinski.pl\/bez-kategorii\/posel-marek-kuchcinski-z-wizyta-we-lwowie\/#breadcrumb\"},\"inLanguage\":\"cs\",\"potentialAction\":[{\"@type\":\"ReadAction\",\"target\":[\"https:\/\/marekkuchcinski.pl\/bez-kategorii\/posel-marek-kuchcinski-z-wizyta-we-lwowie\/\"]}]},{\"@type\":\"ImageObject\",\"inLanguage\":\"cs\",\"@id\":\"https:\/\/marekkuchcinski.pl\/bez-kategorii\/posel-marek-kuchcinski-z-wizyta-we-lwowie\/#primaryimage\",\"url\":\"https:\/\/marekkuchcinski.pl\/wp-content\/uploads\/2019\/12\/rozmowy-z-deputowanymi-Lw\u00f3w.jpg\",\"contentUrl\":\"https:\/\/marekkuchcinski.pl\/wp-content\/uploads\/2019\/12\/rozmowy-z-deputowanymi-Lw\u00f3w.jpg\",\"width\":2048,\"height\":1154},{\"@type\":\"BreadcrumbList\",\"@id\":\"https:\/\/marekkuchcinski.pl\/bez-kategorii\/posel-marek-kuchcinski-z-wizyta-we-lwowie\/#breadcrumb\",\"itemListElement\":[{\"@type\":\"ListItem\",\"position\":1,\"name\":\"Strona g\u0142\u00f3wna\",\"item\":\"https:\/\/marekkuchcinski.pl\/\"},{\"@type\":\"ListItem\",\"position\":2,\"name\":\"Pose\u0142 Marek Kuchci\u0144ski z wizyt\u0105 we Lwowie\"}]},{\"@type\":\"WebSite\",\"@id\":\"https:\/\/marekkuchcinski.pl\/#website\",\"url\":\"https:\/\/marekkuchcinski.pl\/\",\"name\":\"Marek Kuchci\u0144ski\",\"description\":\"Pose\u0142 na sejm RP &ndash; okr\u0119g nr 22\",\"publisher\":{\"@id\":\"https:\/\/marekkuchcinski.pl\/#organization\"},\"potentialAction\":[{\"@type\":\"SearchAction\",\"target\":{\"@type\":\"EntryPoint\",\"urlTemplate\":\"https:\/\/marekkuchcinski.pl\/?s={search_term_string}\"},\"query-input\":{\"@type\":\"PropertyValueSpecification\",\"valueRequired\":true,\"valueName\":\"search_term_string\"}}],\"inLanguage\":\"cs\"},{\"@type\":\"Organization\",\"@id\":\"https:\/\/marekkuchcinski.pl\/#organization\",\"name\":\"Marek Kuchci\u0144ski\",\"url\":\"https:\/\/marekkuchcinski.pl\/\",\"logo\":{\"@type\":\"ImageObject\",\"inLanguage\":\"cs\",\"@id\":\"https:\/\/marekkuchcinski.pl\/#\/schema\/logo\/image\/\",\"url\":\"https:\/\/marekkuchcinski.pl\/wp-content\/uploads\/2022\/09\/Marek.jpg\",\"contentUrl\":\"https:\/\/marekkuchcinski.pl\/wp-content\/uploads\/2022\/09\/Marek.jpg\",\"width\":1600,\"height\":971,\"caption\":\"Marek Kuchci\u0144ski\"},\"image\":{\"@id\":\"https:\/\/marekkuchcinski.pl\/#\/schema\/logo\/image\/\"}},{\"@type\":\"Person\",\"@id\":\"https:\/\/marekkuchcinski.pl\/#\/schema\/person\/0346d7f21c9bed5cf4eed3231e9f59fa\",\"name\":\"Andrzej Paniw\",\"image\":{\"@type\":\"ImageObject\",\"inLanguage\":\"cs\",\"@id\":\"https:\/\/marekkuchcinski.pl\/#\/schema\/person\/image\/\",\"url\":\"https:\/\/secure.gravatar.com\/avatar\/b68f7f24be3be59e4e54b34ffa26bdeb?s=96&d=mm&r=g\",\"contentUrl\":\"https:\/\/secure.gravatar.com\/avatar\/b68f7f24be3be59e4e54b34ffa26bdeb?s=96&d=mm&r=g\",\"caption\":\"Andrzej Paniw\"},\"url\":\"https:\/\/marekkuchcinski.pl\/cs\/author\/andrzej-paniw\/\"}]}<\/script>\n<!-- \/ Yoast SEO plugin. -->","yoast_head_json":{"title":"Pose\u0142 Marek Kuchci\u0144ski z wizyt\u0105 we Lwowie &#8211; Marek Kuchci\u0144ski","robots":{"index":"index","follow":"follow","max-snippet":"max-snippet:-1","max-image-preview":"max-image-preview:large","max-video-preview":"max-video-preview:-1"},"canonical":"https:\/\/marekkuchcinski.pl\/cs\/bez-kategorii\/posel-marek-kuchcinski-z-wizyta-we-lwowie\/","og_locale":"cs_CZ","og_type":"article","og_title":"Pose\u0142 Marek Kuchci\u0144ski z wizyt\u0105 we Lwowie &#8211; Marek Kuchci\u0144ski","og_description":"W dniach 28-29 listopada br., pose\u0142 Marek Kuchci\u0144ski, przewodnicz\u0105cy Karpackiego Zespo\u0142u Parlamentarnego bra\u0142 udzia\u0142 we \u00a0Lwowie wraz z Ministrem Infrastruktury Andrzejem Adamczykiem i delegacj\u0105 resortu, w rozmowach dotycz\u0105cych rozwoju infrastruktury oraz polsko-ukrai\u0144skich relacji gospodarczych. Podczas wizyty poruszono m. in. tematy po\u0142\u0105cze\u0144 drogowych z Ukrain\u0105, utworzenia po\u0142\u0105czenia szynobusowego Przemy\u015bl \u2013 Lw\u00f3w, przej\u015bcia kolejowego Ni\u017cankowice \u2013 Malhowice [&hellip;]","og_url":"https:\/\/marekkuchcinski.pl\/cs\/bez-kategorii\/posel-marek-kuchcinski-z-wizyta-we-lwowie\/","og_site_name":"Marek Kuchci\u0144ski","article_published_time":"2019-12-02T14:29:55+00:00","article_modified_time":"2019-12-02T22:43:06+00:00","og_image":[{"width":2048,"height":1154,"url":"https:\/\/marekkuchcinski.pl\/wp-content\/uploads\/2019\/12\/rozmowy-z-deputowanymi-Lw\u00f3w.jpg","type":"image\/jpeg"}],"author":"Andrzej Paniw","twitter_card":"summary_large_image","twitter_misc":{"Napsal(a)":"Andrzej Paniw","Odhadovan\u00e1 doba \u010dten\u00ed":"3 minuty"},"schema":{"@context":"https:\/\/schema.org","@graph":[{"@type":"Article","@id":"https:\/\/marekkuchcinski.pl\/bez-kategorii\/posel-marek-kuchcinski-z-wizyta-we-lwowie\/#article","isPartOf":{"@id":"https:\/\/marekkuchcinski.pl\/bez-kategorii\/posel-marek-kuchcinski-z-wizyta-we-lwowie\/"},"author":{"name":"Andrzej Paniw","@id":"https:\/\/marekkuchcinski.pl\/#\/schema\/person\/0346d7f21c9bed5cf4eed3231e9f59fa"},"headline":"Pose\u0142 Marek Kuchci\u0144ski z wizyt\u0105 we Lwowie","datePublished":"2019-12-02T14:29:55+00:00","dateModified":"2019-12-02T22:43:06+00:00","mainEntityOfPage":{"@id":"https:\/\/marekkuchcinski.pl\/bez-kategorii\/posel-marek-kuchcinski-z-wizyta-we-lwowie\/"},"wordCount":673,"commentCount":0,"publisher":{"@id":"https:\/\/marekkuchcinski.pl\/#organization"},"image":{"@id":"https:\/\/marekkuchcinski.pl\/bez-kategorii\/posel-marek-kuchcinski-z-wizyta-we-lwowie\/#primaryimage"},"thumbnailUrl":"https:\/\/marekkuchcinski.pl\/wp-content\/uploads\/2019\/12\/rozmowy-z-deputowanymi-Lw\u00f3w.jpg","articleSection":["Bez kategorii","Wydarzenia"],"inLanguage":"cs","potentialAction":[{"@type":"CommentAction","name":"Comment","target":["https:\/\/marekkuchcinski.pl\/bez-kategorii\/posel-marek-kuchcinski-z-wizyta-we-lwowie\/#respond"]}]},{"@type":"WebPage","@id":"https:\/\/marekkuchcinski.pl\/bez-kategorii\/posel-marek-kuchcinski-z-wizyta-we-lwowie\/","url":"https:\/\/marekkuchcinski.pl\/bez-kategorii\/posel-marek-kuchcinski-z-wizyta-we-lwowie\/","name":"Pose\u0142 Marek Kuchci\u0144ski z wizyt\u0105 we Lwowie &#8211; Marek Kuchci\u0144ski","isPartOf":{"@id":"https:\/\/marekkuchcinski.pl\/#website"},"primaryImageOfPage":{"@id":"https:\/\/marekkuchcinski.pl\/bez-kategorii\/posel-marek-kuchcinski-z-wizyta-we-lwowie\/#primaryimage"},"image":{"@id":"https:\/\/marekkuchcinski.pl\/bez-kategorii\/posel-marek-kuchcinski-z-wizyta-we-lwowie\/#primaryimage"},"thumbnailUrl":"https:\/\/marekkuchcinski.pl\/wp-content\/uploads\/2019\/12\/rozmowy-z-deputowanymi-Lw\u00f3w.jpg","datePublished":"2019-12-02T14:29:55+00:00","dateModified":"2019-12-02T22:43:06+00:00","breadcrumb":{"@id":"https:\/\/marekkuchcinski.pl\/bez-kategorii\/posel-marek-kuchcinski-z-wizyta-we-lwowie\/#breadcrumb"},"inLanguage":"cs","potentialAction":[{"@type":"ReadAction","target":["https:\/\/marekkuchcinski.pl\/bez-kategorii\/posel-marek-kuchcinski-z-wizyta-we-lwowie\/"]}]},{"@type":"ImageObject","inLanguage":"cs","@id":"https:\/\/marekkuchcinski.pl\/bez-kategorii\/posel-marek-kuchcinski-z-wizyta-we-lwowie\/#primaryimage","url":"https:\/\/marekkuchcinski.pl\/wp-content\/uploads\/2019\/12\/rozmowy-z-deputowanymi-Lw\u00f3w.jpg","contentUrl":"https:\/\/marekkuchcinski.pl\/wp-content\/uploads\/2019\/12\/rozmowy-z-deputowanymi-Lw\u00f3w.jpg","width":2048,"height":1154},{"@type":"BreadcrumbList","@id":"https:\/\/marekkuchcinski.pl\/bez-kategorii\/posel-marek-kuchcinski-z-wizyta-we-lwowie\/#breadcrumb","itemListElement":[{"@type":"ListItem","position":1,"name":"Strona g\u0142\u00f3wna","item":"https:\/\/marekkuchcinski.pl\/"},{"@type":"ListItem","position":2,"name":"Pose\u0142 Marek Kuchci\u0144ski z wizyt\u0105 we Lwowie"}]},{"@type":"WebSite","@id":"https:\/\/marekkuchcinski.pl\/#website","url":"https:\/\/marekkuchcinski.pl\/","name":"Marek Kuchci\u0144ski","description":"Pose\u0142 na sejm RP &ndash; okr\u0119g nr 22","publisher":{"@id":"https:\/\/marekkuchcinski.pl\/#organization"},"potentialAction":[{"@type":"SearchAction","target":{"@type":"EntryPoint","urlTemplate":"https:\/\/marekkuchcinski.pl\/?s={search_term_string}"},"query-input":{"@type":"PropertyValueSpecification","valueRequired":true,"valueName":"search_term_string"}}],"inLanguage":"cs"},{"@type":"Organization","@id":"https:\/\/marekkuchcinski.pl\/#organization","name":"Marek Kuchci\u0144ski","url":"https:\/\/marekkuchcinski.pl\/","logo":{"@type":"ImageObject","inLanguage":"cs","@id":"https:\/\/marekkuchcinski.pl\/#\/schema\/logo\/image\/","url":"https:\/\/marekkuchcinski.pl\/wp-content\/uploads\/2022\/09\/Marek.jpg","contentUrl":"https:\/\/marekkuchcinski.pl\/wp-content\/uploads\/2022\/09\/Marek.jpg","width":1600,"height":971,"caption":"Marek Kuchci\u0144ski"},"image":{"@id":"https:\/\/marekkuchcinski.pl\/#\/schema\/logo\/image\/"}},{"@type":"Person","@id":"https:\/\/marekkuchcinski.pl\/#\/schema\/person\/0346d7f21c9bed5cf4eed3231e9f59fa","name":"Andrzej Paniw","image":{"@type":"ImageObject","inLanguage":"cs","@id":"https:\/\/marekkuchcinski.pl\/#\/schema\/person\/image\/","url":"https:\/\/secure.gravatar.com\/avatar\/b68f7f24be3be59e4e54b34ffa26bdeb?s=96&d=mm&r=g","contentUrl":"https:\/\/secure.gravatar.com\/avatar\/b68f7f24be3be59e4e54b34ffa26bdeb?s=96&d=mm&r=g","caption":"Andrzej Paniw"},"url":"https:\/\/marekkuchcinski.pl\/cs\/author\/andrzej-paniw\/"}]}},"_links":{"self":[{"href":"https:\/\/marekkuchcinski.pl\/cs\/wp-json\/wp\/v2\/posts\/18002","targetHints":{"allow":["GET"]}}],"collection":[{"href":"https:\/\/marekkuchcinski.pl\/cs\/wp-json\/wp\/v2\/posts"}],"about":[{"href":"https:\/\/marekkuchcinski.pl\/cs\/wp-json\/wp\/v2\/types\/post"}],"author":[{"embeddable":true,"href":"https:\/\/marekkuchcinski.pl\/cs\/wp-json\/wp\/v2\/users\/15"}],"replies":[{"embeddable":true,"href":"https:\/\/marekkuchcinski.pl\/cs\/wp-json\/wp\/v2\/comments?post=18002"}],"version-history":[{"count":30,"href":"https:\/\/marekkuchcinski.pl\/cs\/wp-json\/wp\/v2\/posts\/18002\/revisions"}],"predecessor-version":[{"id":18050,"href":"https:\/\/marekkuchcinski.pl\/cs\/wp-json\/wp\/v2\/posts\/18002\/revisions\/18050"}],"wp:featuredmedia":[{"embeddable":true,"href":"https:\/\/marekkuchcinski.pl\/cs\/wp-json\/wp\/v2\/media\/18011"}],"wp:attachment":[{"href":"https:\/\/marekkuchcinski.pl\/cs\/wp-json\/wp\/v2\/media?parent=18002"}],"wp:term":[{"taxonomy":"category","embeddable":true,"href":"https:\/\/marekkuchcinski.pl\/cs\/wp-json\/wp\/v2\/categories?post=18002"},{"taxonomy":"post_tag","embeddable":true,"href":"https:\/\/marekkuchcinski.pl\/cs\/wp-json\/wp\/v2\/tags?post=18002"}],"curies":[{"name":"wp","href":"https:\/\/api.w.org\/{rel}","templated":true}]}}